{"id":3332,"date":"2023-07-25T13:46:35","date_gmt":"2023-07-25T11:46:35","guid":{"rendered":"https:\/\/wia.net.pl\/?p=3332"},"modified":"2023-07-25T13:46:36","modified_gmt":"2023-07-25T11:46:36","slug":"francja-masoneria-atak-na-chrzescijanstwo-trwa","status":"publish","type":"post","link":"https:\/\/wia.net.pl\/index.php\/2023\/07\/25\/francja-masoneria-atak-na-chrzescijanstwo-trwa\/","title":{"rendered":"Francja &#8211; Masoneria &#8211; Atak na chrze\u015bcija\u0144stwo trwa"},"content":{"rendered":"\n<p><a href=\"https:\/\/leozagami.com\/2023\/07\/18\/the-attack-on-christianity-continues-in-muslim-dominated-france-because-of-liberal-freemasonry\/\">Atak na chrze\u015bcija\u0144stwo trwa w zdominowanej przez muzu\u0142man\u00f3w Francji z powodu liberalnej masonerii<\/a><\/p>\n\n\n\n<p>Autor, Leo Zagami, <a href=\"https:\/\/leozagami.com\/2023\/07\/18\/the-attack-on-christianity-continues-in-muslim-dominated-france-because-of-liberal-freemasonry\/\">18 lipca 2023 r<\/a><\/p>\n\n\n\n<p><\/p>\n\n\n\n<figure class=\"wp-block-image size-full\"><img loading=\"lazy\" decoding=\"async\" width=\"917\" height=\"516\" src=\"https:\/\/wia.net.pl\/wp-content\/uploads\/2023\/07\/All-that-remains-of-the-16th-century-Catholic-Church-Notre-Dame-Drosnay-after-it-was-burnt-to-the-ground-yesterday.-.jpeg\" alt=\"\" class=\"wp-image-3333\" srcset=\"https:\/\/wia.net.pl\/wp-content\/uploads\/2023\/07\/All-that-remains-of-the-16th-century-Catholic-Church-Notre-Dame-Drosnay-after-it-was-burnt-to-the-ground-yesterday.-.jpeg 917w, https:\/\/wia.net.pl\/wp-content\/uploads\/2023\/07\/All-that-remains-of-the-16th-century-Catholic-Church-Notre-Dame-Drosnay-after-it-was-burnt-to-the-ground-yesterday.--300x169.jpeg 300w, https:\/\/wia.net.pl\/wp-content\/uploads\/2023\/07\/All-that-remains-of-the-16th-century-Catholic-Church-Notre-Dame-Drosnay-after-it-was-burnt-to-the-ground-yesterday.--768x432.jpeg 768w, https:\/\/wia.net.pl\/wp-content\/uploads\/2023\/07\/All-that-remains-of-the-16th-century-Catholic-Church-Notre-Dame-Drosnay-after-it-was-burnt-to-the-ground-yesterday.--480x270.jpeg 480w\" sizes=\"(max-width: 917px) 100vw, 917px\" \/><\/figure>\n\n\n\n<p><\/p>\n\n\n\n<p><em>Artyku\u0142 autorstwa Leo Zagamiego<\/em><\/p>\n\n\n\n<p>W ci\u0105gu ostatnich kilku lat ataki na ko\u015bcio\u0142y sta\u0142y si\u0119 we Francji norm\u0105.&nbsp;Wyobra\u017a sobie, \u017ce co najmniej dwa ko\u015bcio\u0142y dziennie s\u0105 niszczone w kraju, kt\u00f3ry by\u0142 niegdy\u015b krajem katolickim.&nbsp;<\/p>\n\n\n\n<p>Ko\u015bcio\u0142y s\u0105 palone, burzone i porzucane, a ich wyznawcy s\u0105 sk\u0142adani w ofierze na o\u0142tarzu poprawno\u015bci politycznej przez kontrolowan\u0105 przez lewic\u0119 masoneri\u0119 i iluminat\u00f3w.&nbsp;Ksi\u0119\u017ca s\u0105 w ci\u0105g\u0142ym zagro\u017ceniu.&nbsp;W kt\u00f3rym momencie francuska post\u0119powa masoneria i politycy otwartych granic zostan\u0105 poci\u0105gni\u0119ci do odpowiedzialno\u015bci?<\/p>\n\n\n\n<p>Masoneria narodzi\u0142a si\u0119 w prawie czysto chrze\u015bcija\u0144skim spo\u0142ecze\u0144stwie, kt\u00f3rego ceremonie i rytua\u0142y by\u0142y pod silnym wp\u0142ywem kultury chrze\u015bcija\u0144skiej i zachodnich wierze\u0144 ezoterycznych, ale francuska masoneria jako pierwsza odrzuci\u0142a obowi\u0105zkow\u0105 wiar\u0119 w Boga w latach 70. XIX wieku, aw ostatnich latach paradoksalnie wzmocni\u0142a sw\u00f3j sojusz ze spo\u0142eczno\u015bci\u0105 muzu\u0142ma\u0144sk\u0105.&nbsp;<\/p>\n\n\n\n<p>Chocia\u017c w teorii islamskie przekonanie, \u017ce masoneria dzia\u0142a przeciwko ich religii, powinno zabrania\u0107 im przynale\u017cno\u015bci do bractwa, istnieje tajny sojusz mi\u0119dzy islamem a Wielkim Wschodem Francji, do kt\u00f3rego zalicza si\u0119 Emmanuel Macron.&nbsp;<\/p>\n\n\n\n<p>Dow\u00f3d tego tajnego sojuszu mi\u0119dzy islamem a masoneri\u0105 mo\u017cna znale\u017a\u0107 w chwalebnej kohorcie wybitnych postaci czczonych przez francusk\u0105 masoneri\u0119 w miejscu uwa\u017canym za najbardziej presti\u017cow\u0105 \u015bwi\u0105tyni\u0119 maso\u0144sk\u0105 we Francji.<\/p>\n\n\n\n<figure class=\"wp-block-image\"><img decoding=\"async\" src=\"http:\/\/leozagami.com\/wp-content\/uploads\/2023\/07\/Groussierrenove7abdelkader-copie-2-1.jpg\" alt=\"\" class=\"wp-image-9258\"\/><\/figure>\n\n\n\n<p>Tutaj mo\u017cna znale\u017a\u0107 portret emira Abdelkadera, algierskiego islamskiego uczonego, sufiego i masona, kt\u00f3ry nieoczekiwanie znalaz\u0142 si\u0119 na czele nieudanej kampanii wojskowej przeciwko francuskiej inwazji kolonialnej na Algier na pocz\u0105tku XIX wieku, zainspirowanej kr\u00f3tkotrwa\u0142ym panowaniem bardzo kwestionowanego kr\u00f3la Karola X, kt\u00f3ry chcia\u0142 o\u017cywi\u0107 monarchi\u0119 z boskiego prawa we Francji i przeciwstawi\u0142 si\u0119 monarchii konstytucyjnej narzuconej przez mason\u00f3w z Wielkiego Wschodu Francji i iluminat\u00f3w.&nbsp;Emir Abdelkader zosta\u0142 zes\u0142any do Damaszku w Syrii po swojej kl\u0119sce i stanie si\u0119 aktywnym masonem blisko francuskich kr\u0119g\u00f3w intelektualnych, kt\u00f3re by\u0142y coraz bardziej ateistyczne, ale Emire nie mia\u0142 nic przeciwko.<\/p>\n\n\n\n<p>Portret tego niegdy\u015b pobo\u017cnego muzu\u0142manina, kt\u00f3ry pod koniec \u017cycia sta\u0142 si\u0119 aktywnym masonem Wielkiego Wschodu Francji, stopniowo zdradzaj\u0105c swoj\u0105 muzu\u0142ma\u0144sk\u0105 wiar\u0119, wisi dzi\u015b w ca\u0142ym swoim majestacie na dziedzi\u0144cu ich g\u0142\u00f3wnej \u015awi\u0105tyni po\u015bwi\u0119conej Arthurowi Groussierowi, uwa\u017canej za naj\u015bwi\u0119tsz\u0105 \u015bwi\u0119tych Wielkiego Wschodu Francji (znanej r\u00f3wnie\u017c jako GODF), znajduj\u0105cej si\u0119 w 9. dzielnicy pod adresem 16, rue Cadet w Pary\u017cu.&nbsp;<\/p>\n\n\n\n<figure class=\"wp-block-image\"><img decoding=\"async\" src=\"http:\/\/leozagami.com\/wp-content\/uploads\/2023\/07\/2902522-4109706.jpg\" alt=\"\" class=\"wp-image-9259\"\/><\/figure>\n\n\n\n<p>Jakie zwi\u0105zki nawi\u0105za\u0142 emir z najbardziej wp\u0142ywowym francuskim obedience?&nbsp;C\u00f3\u017c, w 2019 roku francuski badacz Thierry Zarkone podj\u0105\u0142 pr\u00f3b\u0119 odpowiedzi na to pytanie i rozwiania tego, co nazywa \u201etajemnic\u0105 Abdelkadera\u201d, i napisa\u0142 ksi\u0105\u017ck\u0119 dost\u0119pn\u0105 tylko po francusku zatytu\u0142owan\u0105 Le myst\u00e8re Abd el-Kader, la franc-ma\u00e7onnerie, la France et l&#8217;islam (Editions du Cerf, 2019, 352 strony&nbsp;&nbsp;<em>)<\/em>&nbsp;.<\/p>\n\n\n\n<p>W omawianej ksi\u0105\u017cce znajdujemy obfite dowody maso\u0144skiej inicjacji Emira Abdelkadera 18 czerwca 1864 r. w Aleksandrii, w lo\u017cy \u201ePiramidy Egiptu\u201d, kt\u00f3ra znajdowa\u0142a si\u0119 pod bezpo\u015brednim patronatem Wielkiego Wschodu Francji.&nbsp;Archiwa tego maso\u0144skiego Obedience w ko\u0144cu dostarczy\u0142y czytelnikom Zarkone dowod\u00f3w potrzebnych do ostatecznego ustalenia pochodzenia tajnego sojuszu mi\u0119dzy spo\u0142eczno\u015bci\u0105 muzu\u0142ma\u0144sk\u0105 a francusk\u0105 masoneri\u0105, kt\u00f3ry niestety, je\u015bli nie zostanie powstrzymany, zniszczy chrze\u015bcija\u0144stwo we Francji i zdestabilizuje ca\u0142\u0105 Europ\u0119.<\/p>\n\n\n\n<p>&nbsp;Oczywi\u015bcie Zarkone wyja\u015bnia, \u017ce \u200b\u200bWielki Wsch\u00f3d Francji, najstarsza i najwi\u0119ksza z kilku maso\u0144skich organizacji z siedzib\u0105 we Francji, nadal dzia\u0142a\u0142a w wierze w Boga, kiedy Emir Abdelkader zosta\u0142 inicjowany, praktyk\u0119, kt\u00f3r\u0105 porzucili w latach 70. XIX wieku, wkr\u00f3tce po tym, jak zosta\u0142 inicjowany.&nbsp;W 1877 r., za namow\u0105 protestanckiego pastora Fr\u00e9d\u00e9rica Desmonsa, Wielki Wsch\u00f3d Francji pozwoli\u0142 na przyj\u0119cie tych, kt\u00f3rzy nie wierzyli w istot\u0119 najwy\u017csz\u0105, daj\u0105c pocz\u0105tek potworno\u015bciom liberalnej masonerii, kt\u00f3ra niestety dotkn\u0119\u0142a Rosj\u0119 i zainspirowa\u0142a jej rewolucj\u0119 przeciwko Miko\u0142ajowi II, znanemu obecnie w Rosyjskiej Cerkwi Prawos\u0142awnej jako \u015awi\u0119ty Miko\u0142aj Nios\u0105cy M\u0119k\u0119.<\/p>\n\n\n\n<p>Teraz Wielki Wsch\u00f3d Francji, kt\u00f3ry kiedy\u015b wspiera\u0142 W\u0142adimira Lenina, popiera wojn\u0119 przeciwko Rosji, jak r\u00f3wnie\u017c wojn\u0119 przeciwko chrze\u015bcija\u0144stwu, kt\u00f3ra toczy si\u0119 we Francji w tej chwili.&nbsp;W niedzielny poranek, 9 lipca 2023 r., w XII-wiecznym ko\u015bciele \u015bw. Jerzego w Descartes, mie\u015bcie w \u015brodkowej Francji, stan\u0105\u0142 ogie\u0144.&nbsp;Dach zosta\u0142 zniszczony, a dzwonnica zawali\u0142a si\u0119.&nbsp;Ko\u015bci\u00f3\u0142 by\u0142 ostatnim miejscem kultu katolickiego w mie\u015bcie.&nbsp;Francuskie media poda\u0142y, \u017ce dach&nbsp;&nbsp;<a href=\"https:\/\/france3-regions.francetvinfo.fr\/centre-val-de-loire\/indre-loire\/une-eglise-s-embrase-a-descartes-500m2-de-toiture-en-feu-2809961.html\" target=\"_blank\" rel=\"noreferrer noopener\">zapali\u0142<\/a>&nbsp;si\u0119 &nbsp;\u201eprawdopodobnie w wyniku burzy\u201d.<\/p>\n\n\n\n<p>Dwa dni wcze\u015bniej, 7 lipca, doszcz\u0119tnie sp\u0142on\u0105\u0142 zabytkowy ko\u015bci\u00f3\u0142 Matki Bo\u017cej Wniebowzi\u0119tej w miejscowo\u015bci Drosnay w p\u00f3\u0142nocno-wschodniej Francji.<\/p>\n\n\n\n<p>S\u0142ynny XVI-wieczny ko\u015bci\u00f3\u0142, pierwotnie zbudowany obok fosy zamkowej, wyr\u00f3\u017cnia\u0142 si\u0119&nbsp;&nbsp;<a href=\"https:\/\/www.lacduder.com\/en\/to-see-and-so\/what-to-do\/heritage-and-crafts\/local-heritage\/eglise-notre-dame-3909425\" target=\"_blank\" rel=\"noreferrer noopener\">du\u017cym<\/a>&nbsp;&nbsp;, dwuspadowym dachem, kt\u00f3ry pokrywa\u0142 ca\u0142\u0105 jego konstrukcj\u0119.&nbsp;Przyczyna po\u017caru jest&nbsp;&nbsp;<a href=\"https:\/\/twitter.com\/eclipsethis2003\/status\/1677691702549651456\" target=\"_blank\" rel=\"noreferrer noopener\">okre\u015blana<\/a>&nbsp;&nbsp;jako \u201enieznana\u201d.<\/p>\n\n\n\n<p>1 lipca w Marsylii uczestnicy zamieszek&nbsp;&nbsp;<a href=\"https:\/\/cne.news\/article\/3315-french-church-targeted-by-vandals\" target=\"_blank\" rel=\"noreferrer noopener\">zdewastowali<\/a>&nbsp;&nbsp;ko\u015bci\u00f3\u0142 ewangelicki, niszcz\u0105c sal\u0119 modlitewn\u0105 oraz pozostawiaj\u0105c po\u0142amane i roztrzaskane drzwi i okna.&nbsp;Wandale wymalowali na \u015bcianach napisy: \u201eOstatnim prorokiem jest Mahomet\u201d i \u201eJezus nie jest Bogiem\u201d.<\/p>\n\n\n\n<p>Ataki nie ograniczaj\u0105 si\u0119 do struktur fizycznych.&nbsp;W nocy 29 czerwca 2023 r. ks.&nbsp;79-letni Francis Pelle zosta\u0142 pobity,&nbsp; rozebrany&nbsp;<a href=\"https:\/\/www.toddstarnes.com\/crime\/muslims-vandalize-catholic-church-in-france-try-to-lynch-priest\/\" target=\"_blank\" rel=\"noreferrer noopener\">do<\/a>&nbsp;&nbsp;naga i pozostawiony nieprzytomny na ulicach Saint-\u00c9tienne we \u015brodkowo-wschodniej Francji.&nbsp;Napastnicy ukradli mu portfel i telefon kom\u00f3rkowy.&nbsp;Podobno Pelle by\u0142 na spacerze, aby sprawdzi\u0107 bezpiecze\u0144stwo zakonnic w pobliskim klasztorze.<\/p>\n\n\n\n<p>Prosz\u0119, m\u00f3dlcie si\u0119 za Francj\u0119 teraz, kiedy znacie prawd\u0119 kryj\u0105c\u0105 si\u0119 za realizacj\u0105 tego diabolicznego planu ustanowionego przez Wielki Wsch\u00f3d Francji.<\/p>\n\n\n\n<p>Jestem pewien, \u017ce emir Abdelkader, niegdy\u015b religijny cz\u0142owiek i pionier tego, co teraz nazywamy \u201eprawami cz\u0142owieka\u201d, zw\u0142aszcza w odniesieniu do jego chrze\u015bcija\u0144skich przeciwnik\u00f3w, nienawidzi\u0142by tej sytuacji, ale niestety jego spadkobiercy w islamie i jego \u201ebracia\u201d w masonerii teraz aktywnie dzia\u0142aj\u0105 na rzecz zniszczenia chrze\u015bcija\u0144stwa i jego ko\u015bcio\u0142\u00f3w we Francji, a my musimy ich powstrzyma\u0107, poniewa\u017c po upadku Europy Ameryka jest nast\u0119pna.&nbsp;<\/p>\n\n\n\n<p>Bo\u017ce chro\u0144 Ameryk\u0119, gdy Francja upada\u2026.<\/p>\n\n\n\n<p>Link \u017ar\u00f3d\u0142owy <a href=\"https:\/\/leozagami.com\/\">https:\/\/leozagami.com<\/a><\/p>\n","protected":false},"excerpt":{"rendered":"<p>Atak na chrze\u015bcija\u0144stwo trwa w zdominowanej przez muzu\u0142man\u00f3w Francji z powodu liberalnej masonerii Autor, Leo Zagami, 18 lipca 2023 r Artyku\u0142 autorstwa Leo Zagamiego W ci\u0105gu ostatnich kilku lat ataki na ko\u015bcio\u0142y sta\u0142y si\u0119 we Francji norm\u0105.&nbsp;Wyobra\u017a sobie, \u017ce co&#8230; <\/p>\n","protected":false},"author":2,"featured_media":3334,"comment_status":"open","ping_status":"open","sticky":false,"template":"","format":"standard","meta":{"_acf_changed":false,"_bbp_topic_count":0,"_bbp_reply_count":0,"_bbp_total_topic_count":0,"_bbp_total_reply_count":0,"_bbp_voice_count":0,"_bbp_anonymous_reply_count":0,"_bbp_topic_count_hidden":0,"_bbp_reply_count_hidden":0,"_bbp_forum_subforum_count":0,"om_disable_all_campaigns":false,"_monsterinsights_skip_tracking":false,"footnotes":""},"categories":[93],"tags":[],"class_list":["post-3332","post","type-post","status-publish","format-standard","has-post-thumbnail","hentry","category-artykuly"],"acf":[],"aioseo_notices":[],"aioseo_head":"\n\t\t<!-- All in One SEO 5.0.1.1 - aioseo.com -->\n\t<meta name=\"description\" content=\"Atak na chrze\u015bcija\u0144stwo trwa w zdominowanej przez muzu\u0142man\u00f3w Francji z powodu liberalnej masonerii Autor, Leo Zagami, 18 lipca 2023 r Artyku\u0142 autorstwa Leo Zagamiego W ci\u0105gu ostatnich kilku lat ataki na ko\u015bcio\u0142y sta\u0142y si\u0119 we Francji norm\u0105. Wyobra\u017a sobie, \u017ce co najmniej dwa ko\u015bcio\u0142y dziennie s\u0105 niszczone w kraju, kt\u00f3ry by\u0142 niegdy\u015b krajem katolickim. Ko\u015bcio\u0142y s\u0105\" \/>\n\t<meta name=\"robots\" content=\"max-image-preview:large\" \/>\n\t<meta name=\"author\" content=\"trinity\"\/>\n\t<link rel=\"canonical\" href=\"https:\/\/wia.net.pl\/index.php\/2023\/07\/25\/francja-masoneria-atak-na-chrzescijanstwo-trwa\/\" \/>\n\t<meta name=\"generator\" content=\"All in One SEO (AIOSEO) 5.0.1.1\" \/>\n\t\t<meta property=\"og:locale\" content=\"pl_PL\" \/>\n\t\t<meta property=\"og:site_name\" content=\"Wolno\u015b\u0107 i Anarchia - Ka\u017cdy wewn\u0119trznie jest anarchist\u0105.\" \/>\n\t\t<meta property=\"og:type\" content=\"article\" \/>\n\t\t<meta property=\"og:title\" content=\"Francja \u2013 Masoneria \u2013 Atak na chrze\u015bcija\u0144stwo trwa - Wolno\u015b\u0107 i Anarchia\" \/>\n\t\t<meta property=\"og:description\" content=\"Atak na chrze\u015bcija\u0144stwo trwa w zdominowanej przez muzu\u0142man\u00f3w Francji z powodu liberalnej masonerii Autor, Leo Zagami, 18 lipca 2023 r Artyku\u0142 autorstwa Leo Zagamiego W ci\u0105gu ostatnich kilku lat ataki na ko\u015bcio\u0142y sta\u0142y si\u0119 we Francji norm\u0105. Wyobra\u017a sobie, \u017ce co najmniej dwa ko\u015bcio\u0142y dziennie s\u0105 niszczone w kraju, kt\u00f3ry by\u0142 niegdy\u015b krajem katolickim. Ko\u015bcio\u0142y s\u0105\" \/>\n\t\t<meta property=\"og:url\" content=\"https:\/\/wia.net.pl\/index.php\/2023\/07\/25\/francja-masoneria-atak-na-chrzescijanstwo-trwa\/\" \/>\n\t\t<meta property=\"og:image\" content=\"https:\/\/wia.net.pl\/wp-content\/uploads\/2023\/11\/cropped-freedom-i73367.jpg\" \/>\n\t\t<meta property=\"og:image:secure_url\" content=\"https:\/\/wia.net.pl\/wp-content\/uploads\/2023\/11\/cropped-freedom-i73367.jpg\" \/>\n\t\t<meta property=\"article:published_time\" content=\"2023-07-25T11:46:35+00:00\" \/>\n\t\t<meta property=\"article:modified_time\" content=\"2023-07-25T11:46:36+00:00\" \/>\n\t\t<meta name=\"twitter:card\" content=\"summary_large_image\" \/>\n\t\t<meta name=\"twitter:title\" content=\"Francja \u2013 Masoneria \u2013 Atak na chrze\u015bcija\u0144stwo trwa - Wolno\u015b\u0107 i Anarchia\" \/>\n\t\t<meta name=\"twitter:description\" content=\"Atak na chrze\u015bcija\u0144stwo trwa w zdominowanej przez muzu\u0142man\u00f3w Francji z powodu liberalnej masonerii Autor, Leo Zagami, 18 lipca 2023 r Artyku\u0142 autorstwa Leo Zagamiego W ci\u0105gu ostatnich kilku lat ataki na ko\u015bcio\u0142y sta\u0142y si\u0119 we Francji norm\u0105. Wyobra\u017a sobie, \u017ce co najmniej dwa ko\u015bcio\u0142y dziennie s\u0105 niszczone w kraju, kt\u00f3ry by\u0142 niegdy\u015b krajem katolickim. Ko\u015bcio\u0142y s\u0105\" \/>\n\t\t<meta name=\"twitter:image\" content=\"https:\/\/wia.net.pl\/wp-content\/uploads\/2023\/11\/cropped-freedom-i73367.jpg\" \/>\n\t\t<script type=\"application\/ld+json\" class=\"aioseo-schema\">\n\t\t\t{\"@context\":\"https:\\\/\\\/schema.org\",\"@graph\":[{\"@type\":\"BlogPosting\",\"@id\":\"https:\\\/\\\/wia.net.pl\\\/index.php\\\/2023\\\/07\\\/25\\\/francja-masoneria-atak-na-chrzescijanstwo-trwa\\\/#blogposting\",\"name\":\"Francja \\u2013 Masoneria \\u2013 Atak na chrze\\u015bcija\\u0144stwo trwa - Wolno\\u015b\\u0107 i Anarchia\",\"headline\":\"Francja &#8211; Masoneria &#8211; Atak na chrze\\u015bcija\\u0144stwo trwa\",\"author\":{\"@id\":\"https:\\\/\\\/wia.net.pl\\\/index.php\\\/author\\\/trinity\\\/#author\"},\"publisher\":{\"@id\":\"https:\\\/\\\/wia.net.pl\\\/#person\"},\"image\":{\"@type\":\"ImageObject\",\"url\":\"https:\\\/\\\/wia.net.pl\\\/wp-content\\\/uploads\\\/2023\\\/07\\\/All-that-remains-of-the-16th-century-Catholic-Church-Notre-Dame-Drosnay-after-it-was-burnt-to-the-ground-yesterday.-1-1.jpeg\",\"width\":917,\"height\":516},\"datePublished\":\"2023-07-25T13:46:35+02:00\",\"dateModified\":\"2023-07-25T13:46:36+02:00\",\"inLanguage\":\"pl-PL\",\"mainEntityOfPage\":{\"@id\":\"https:\\\/\\\/wia.net.pl\\\/index.php\\\/2023\\\/07\\\/25\\\/francja-masoneria-atak-na-chrzescijanstwo-trwa\\\/#webpage\"},\"isPartOf\":{\"@id\":\"https:\\\/\\\/wia.net.pl\\\/index.php\\\/2023\\\/07\\\/25\\\/francja-masoneria-atak-na-chrzescijanstwo-trwa\\\/#webpage\"},\"articleSection\":\"Artyku\\u0142y\"},{\"@type\":\"BreadcrumbList\",\"@id\":\"https:\\\/\\\/wia.net.pl\\\/index.php\\\/2023\\\/07\\\/25\\\/francja-masoneria-atak-na-chrzescijanstwo-trwa\\\/#breadcrumblist\",\"itemListElement\":[{\"@type\":\"ListItem\",\"@id\":\"https:\\\/\\\/wia.net.pl#listItem\",\"position\":1,\"name\":\"Home\",\"item\":\"https:\\\/\\\/wia.net.pl\",\"nextItem\":{\"@type\":\"ListItem\",\"@id\":\"https:\\\/\\\/wia.net.pl\\\/index.php\\\/category\\\/artykuly\\\/#listItem\",\"name\":\"Artyku\\u0142y\"}},{\"@type\":\"ListItem\",\"@id\":\"https:\\\/\\\/wia.net.pl\\\/index.php\\\/category\\\/artykuly\\\/#listItem\",\"position\":2,\"name\":\"Artyku\\u0142y\",\"item\":\"https:\\\/\\\/wia.net.pl\\\/index.php\\\/category\\\/artykuly\\\/\",\"nextItem\":{\"@type\":\"ListItem\",\"@id\":\"https:\\\/\\\/wia.net.pl\\\/index.php\\\/2023\\\/07\\\/25\\\/francja-masoneria-atak-na-chrzescijanstwo-trwa\\\/#listItem\",\"name\":\"Francja &#8211; Masoneria &#8211; Atak na chrze\\u015bcija\\u0144stwo trwa\"},\"previousItem\":{\"@type\":\"ListItem\",\"@id\":\"https:\\\/\\\/wia.net.pl#listItem\",\"name\":\"Home\"}},{\"@type\":\"ListItem\",\"@id\":\"https:\\\/\\\/wia.net.pl\\\/index.php\\\/2023\\\/07\\\/25\\\/francja-masoneria-atak-na-chrzescijanstwo-trwa\\\/#listItem\",\"position\":3,\"name\":\"Francja &#8211; Masoneria &#8211; Atak na chrze\\u015bcija\\u0144stwo trwa\",\"previousItem\":{\"@type\":\"ListItem\",\"@id\":\"https:\\\/\\\/wia.net.pl\\\/index.php\\\/category\\\/artykuly\\\/#listItem\",\"name\":\"Artyku\\u0142y\"}}]},{\"@type\":\"Person\",\"@id\":\"https:\\\/\\\/wia.net.pl\\\/#person\",\"name\":\"Bart\\u0142omiej Talarczyk\",\"image\":{\"@type\":\"ImageObject\",\"@id\":\"https:\\\/\\\/wia.net.pl\\\/index.php\\\/2023\\\/07\\\/25\\\/francja-masoneria-atak-na-chrzescijanstwo-trwa\\\/#personImage\",\"url\":\"https:\\\/\\\/wia.net.pl\\\/wp-content\\\/uploads\\\/avatar-privacy\\\/cache\\\/user\\\/1\\\/7\\\/176a6b161c58363ff49b5c167264231f519f5c7fa183ca1f61e891769b6b56d5-96.jpg\",\"width\":96,\"height\":96,\"caption\":\"Bart\\u0142omiej Talarczyk\"}},{\"@type\":\"Person\",\"@id\":\"https:\\\/\\\/wia.net.pl\\\/index.php\\\/author\\\/trinity\\\/#author\",\"url\":\"https:\\\/\\\/wia.net.pl\\\/index.php\\\/author\\\/trinity\\\/\",\"name\":\"trinity\",\"image\":{\"@type\":\"ImageObject\",\"@id\":\"https:\\\/\\\/wia.net.pl\\\/index.php\\\/2023\\\/07\\\/25\\\/francja-masoneria-atak-na-chrzescijanstwo-trwa\\\/#authorImage\",\"url\":\"https:\\\/\\\/wia.net.pl\\\/wp-content\\\/uploads\\\/avatar-privacy\\\/cache\\\/user\\\/5\\\/f\\\/5f6547cf82495eaa10e100a6a45d5dbde2dfdc1be88557de2018fca705bdf6f1-96.jpg\",\"width\":96,\"height\":96,\"caption\":\"trinity\"}},{\"@type\":\"WebPage\",\"@id\":\"https:\\\/\\\/wia.net.pl\\\/index.php\\\/2023\\\/07\\\/25\\\/francja-masoneria-atak-na-chrzescijanstwo-trwa\\\/#webpage\",\"url\":\"https:\\\/\\\/wia.net.pl\\\/index.php\\\/2023\\\/07\\\/25\\\/francja-masoneria-atak-na-chrzescijanstwo-trwa\\\/\",\"name\":\"Francja \\u2013 Masoneria \\u2013 Atak na chrze\\u015bcija\\u0144stwo trwa - Wolno\\u015b\\u0107 i Anarchia\",\"description\":\"Atak na chrze\\u015bcija\\u0144stwo trwa w zdominowanej przez muzu\\u0142man\\u00f3w Francji z powodu liberalnej masonerii Autor, Leo Zagami, 18 lipca 2023 r Artyku\\u0142 autorstwa Leo Zagamiego W ci\\u0105gu ostatnich kilku lat ataki na ko\\u015bcio\\u0142y sta\\u0142y si\\u0119 we Francji norm\\u0105. Wyobra\\u017a sobie, \\u017ce co najmniej dwa ko\\u015bcio\\u0142y dziennie s\\u0105 niszczone w kraju, kt\\u00f3ry by\\u0142 niegdy\\u015b krajem katolickim. Ko\\u015bcio\\u0142y s\\u0105\",\"inLanguage\":\"pl-PL\",\"isPartOf\":{\"@id\":\"https:\\\/\\\/wia.net.pl\\\/#website\"},\"breadcrumb\":{\"@id\":\"https:\\\/\\\/wia.net.pl\\\/index.php\\\/2023\\\/07\\\/25\\\/francja-masoneria-atak-na-chrzescijanstwo-trwa\\\/#breadcrumblist\"},\"author\":{\"@id\":\"https:\\\/\\\/wia.net.pl\\\/index.php\\\/author\\\/trinity\\\/#author\"},\"creator\":{\"@id\":\"https:\\\/\\\/wia.net.pl\\\/index.php\\\/author\\\/trinity\\\/#author\"},\"image\":{\"@type\":\"ImageObject\",\"url\":\"https:\\\/\\\/wia.net.pl\\\/wp-content\\\/uploads\\\/2023\\\/07\\\/All-that-remains-of-the-16th-century-Catholic-Church-Notre-Dame-Drosnay-after-it-was-burnt-to-the-ground-yesterday.-1-1.jpeg\",\"@id\":\"https:\\\/\\\/wia.net.pl\\\/index.php\\\/2023\\\/07\\\/25\\\/francja-masoneria-atak-na-chrzescijanstwo-trwa\\\/#mainImage\",\"width\":917,\"height\":516},\"primaryImageOfPage\":{\"@id\":\"https:\\\/\\\/wia.net.pl\\\/index.php\\\/2023\\\/07\\\/25\\\/francja-masoneria-atak-na-chrzescijanstwo-trwa\\\/#mainImage\"},\"datePublished\":\"2023-07-25T13:46:35+02:00\",\"dateModified\":\"2023-07-25T13:46:36+02:00\"},{\"@type\":\"WebSite\",\"@id\":\"https:\\\/\\\/wia.net.pl\\\/#website\",\"url\":\"https:\\\/\\\/wia.net.pl\\\/\",\"name\":\"Wolno\\u015b\\u0107 i Anarchia\",\"description\":\"Ka\\u017cdy wewn\\u0119trznie jest anarchist\\u0105.\",\"inLanguage\":\"pl-PL\",\"publisher\":{\"@id\":\"https:\\\/\\\/wia.net.pl\\\/#person\"}}]}\n\t\t<\/script>\n\t\t<!-- All in One SEO -->\n\n","aioseo_head_json":{"title":"Francja \u2013 Masoneria \u2013 Atak na chrze\u015bcija\u0144stwo trwa - Wolno\u015b\u0107 i Anarchia","description":"Atak na chrze\u015bcija\u0144stwo trwa w zdominowanej przez muzu\u0142man\u00f3w Francji z powodu liberalnej masonerii Autor, Leo Zagami, 18 lipca 2023 r Artyku\u0142 autorstwa Leo Zagamiego W ci\u0105gu ostatnich kilku lat ataki na ko\u015bcio\u0142y sta\u0142y si\u0119 we Francji norm\u0105. Wyobra\u017a sobie, \u017ce co najmniej dwa ko\u015bcio\u0142y dziennie s\u0105 niszczone w kraju, kt\u00f3ry by\u0142 niegdy\u015b krajem katolickim. Ko\u015bcio\u0142y s\u0105","canonical_url":"https:\/\/wia.net.pl\/index.php\/2023\/07\/25\/francja-masoneria-atak-na-chrzescijanstwo-trwa\/","robots":"max-image-preview:large","keywords":"","webmasterTools":{"miscellaneous":""},"schema":{"@context":"https:\/\/schema.org","@graph":[{"@type":"BlogPosting","@id":"https:\/\/wia.net.pl\/index.php\/2023\/07\/25\/francja-masoneria-atak-na-chrzescijanstwo-trwa\/#blogposting","name":"Francja \u2013 Masoneria \u2013 Atak na chrze\u015bcija\u0144stwo trwa - Wolno\u015b\u0107 i Anarchia","headline":"Francja &#8211; Masoneria &#8211; Atak na chrze\u015bcija\u0144stwo trwa","author":{"@id":"https:\/\/wia.net.pl\/index.php\/author\/trinity\/#author"},"publisher":{"@id":"https:\/\/wia.net.pl\/#person"},"image":{"@type":"ImageObject","url":"https:\/\/wia.net.pl\/wp-content\/uploads\/2023\/07\/All-that-remains-of-the-16th-century-Catholic-Church-Notre-Dame-Drosnay-after-it-was-burnt-to-the-ground-yesterday.-1-1.jpeg","width":917,"height":516},"datePublished":"2023-07-25T13:46:35+02:00","dateModified":"2023-07-25T13:46:36+02:00","inLanguage":"pl-PL","mainEntityOfPage":{"@id":"https:\/\/wia.net.pl\/index.php\/2023\/07\/25\/francja-masoneria-atak-na-chrzescijanstwo-trwa\/#webpage"},"isPartOf":{"@id":"https:\/\/wia.net.pl\/index.php\/2023\/07\/25\/francja-masoneria-atak-na-chrzescijanstwo-trwa\/#webpage"},"articleSection":"Artyku\u0142y"},{"@type":"BreadcrumbList","@id":"https:\/\/wia.net.pl\/index.php\/2023\/07\/25\/francja-masoneria-atak-na-chrzescijanstwo-trwa\/#breadcrumblist","itemListElement":[{"@type":"ListItem","@id":"https:\/\/wia.net.pl#listItem","position":1,"name":"Home","item":"https:\/\/wia.net.pl","nextItem":{"@type":"ListItem","@id":"https:\/\/wia.net.pl\/index.php\/category\/artykuly\/#listItem","name":"Artyku\u0142y"}},{"@type":"ListItem","@id":"https:\/\/wia.net.pl\/index.php\/category\/artykuly\/#listItem","position":2,"name":"Artyku\u0142y","item":"https:\/\/wia.net.pl\/index.php\/category\/artykuly\/","nextItem":{"@type":"ListItem","@id":"https:\/\/wia.net.pl\/index.php\/2023\/07\/25\/francja-masoneria-atak-na-chrzescijanstwo-trwa\/#listItem","name":"Francja &#8211; Masoneria &#8211; Atak na chrze\u015bcija\u0144stwo trwa"},"previousItem":{"@type":"ListItem","@id":"https:\/\/wia.net.pl#listItem","name":"Home"}},{"@type":"ListItem","@id":"https:\/\/wia.net.pl\/index.php\/2023\/07\/25\/francja-masoneria-atak-na-chrzescijanstwo-trwa\/#listItem","position":3,"name":"Francja &#8211; Masoneria &#8211; Atak na chrze\u015bcija\u0144stwo trwa","previousItem":{"@type":"ListItem","@id":"https:\/\/wia.net.pl\/index.php\/category\/artykuly\/#listItem","name":"Artyku\u0142y"}}]},{"@type":"Person","@id":"https:\/\/wia.net.pl\/#person","name":"Bart\u0142omiej Talarczyk","image":{"@type":"ImageObject","@id":"https:\/\/wia.net.pl\/index.php\/2023\/07\/25\/francja-masoneria-atak-na-chrzescijanstwo-trwa\/#personImage","url":"https:\/\/wia.net.pl\/wp-content\/uploads\/avatar-privacy\/cache\/user\/1\/7\/176a6b161c58363ff49b5c167264231f519f5c7fa183ca1f61e891769b6b56d5-96.jpg","width":96,"height":96,"caption":"Bart\u0142omiej Talarczyk"}},{"@type":"Person","@id":"https:\/\/wia.net.pl\/index.php\/author\/trinity\/#author","url":"https:\/\/wia.net.pl\/index.php\/author\/trinity\/","name":"trinity","image":{"@type":"ImageObject","@id":"https:\/\/wia.net.pl\/index.php\/2023\/07\/25\/francja-masoneria-atak-na-chrzescijanstwo-trwa\/#authorImage","url":"https:\/\/wia.net.pl\/wp-content\/uploads\/avatar-privacy\/cache\/user\/5\/f\/5f6547cf82495eaa10e100a6a45d5dbde2dfdc1be88557de2018fca705bdf6f1-96.jpg","width":96,"height":96,"caption":"trinity"}},{"@type":"WebPage","@id":"https:\/\/wia.net.pl\/index.php\/2023\/07\/25\/francja-masoneria-atak-na-chrzescijanstwo-trwa\/#webpage","url":"https:\/\/wia.net.pl\/index.php\/2023\/07\/25\/francja-masoneria-atak-na-chrzescijanstwo-trwa\/","name":"Francja \u2013 Masoneria \u2013 Atak na chrze\u015bcija\u0144stwo trwa - Wolno\u015b\u0107 i Anarchia","description":"Atak na chrze\u015bcija\u0144stwo trwa w zdominowanej przez muzu\u0142man\u00f3w Francji z powodu liberalnej masonerii Autor, Leo Zagami, 18 lipca 2023 r Artyku\u0142 autorstwa Leo Zagamiego W ci\u0105gu ostatnich kilku lat ataki na ko\u015bcio\u0142y sta\u0142y si\u0119 we Francji norm\u0105. Wyobra\u017a sobie, \u017ce co najmniej dwa ko\u015bcio\u0142y dziennie s\u0105 niszczone w kraju, kt\u00f3ry by\u0142 niegdy\u015b krajem katolickim. Ko\u015bcio\u0142y s\u0105","inLanguage":"pl-PL","isPartOf":{"@id":"https:\/\/wia.net.pl\/#website"},"breadcrumb":{"@id":"https:\/\/wia.net.pl\/index.php\/2023\/07\/25\/francja-masoneria-atak-na-chrzescijanstwo-trwa\/#breadcrumblist"},"author":{"@id":"https:\/\/wia.net.pl\/index.php\/author\/trinity\/#author"},"creator":{"@id":"https:\/\/wia.net.pl\/index.php\/author\/trinity\/#author"},"image":{"@type":"ImageObject","url":"https:\/\/wia.net.pl\/wp-content\/uploads\/2023\/07\/All-that-remains-of-the-16th-century-Catholic-Church-Notre-Dame-Drosnay-after-it-was-burnt-to-the-ground-yesterday.-1-1.jpeg","@id":"https:\/\/wia.net.pl\/index.php\/2023\/07\/25\/francja-masoneria-atak-na-chrzescijanstwo-trwa\/#mainImage","width":917,"height":516},"primaryImageOfPage":{"@id":"https:\/\/wia.net.pl\/index.php\/2023\/07\/25\/francja-masoneria-atak-na-chrzescijanstwo-trwa\/#mainImage"},"datePublished":"2023-07-25T13:46:35+02:00","dateModified":"2023-07-25T13:46:36+02:00"},{"@type":"WebSite","@id":"https:\/\/wia.net.pl\/#website","url":"https:\/\/wia.net.pl\/","name":"Wolno\u015b\u0107 i Anarchia","description":"Ka\u017cdy wewn\u0119trznie jest anarchist\u0105.","inLanguage":"pl-PL","publisher":{"@id":"https:\/\/wia.net.pl\/#person"}}]},"og:locale":"pl_PL","og:site_name":"Wolno\u015b\u0107 i Anarchia - Ka\u017cdy wewn\u0119trznie jest anarchist\u0105.","og:type":"article","og:title":"Francja \u2013 Masoneria \u2013 Atak na chrze\u015bcija\u0144stwo trwa - Wolno\u015b\u0107 i Anarchia","og:description":"Atak na chrze\u015bcija\u0144stwo trwa w zdominowanej przez muzu\u0142man\u00f3w Francji z powodu liberalnej masonerii Autor, Leo Zagami, 18 lipca 2023 r Artyku\u0142 autorstwa Leo Zagamiego W ci\u0105gu ostatnich kilku lat ataki na ko\u015bcio\u0142y sta\u0142y si\u0119 we Francji norm\u0105. Wyobra\u017a sobie, \u017ce co najmniej dwa ko\u015bcio\u0142y dziennie s\u0105 niszczone w kraju, kt\u00f3ry by\u0142 niegdy\u015b krajem katolickim. Ko\u015bcio\u0142y s\u0105","og:url":"https:\/\/wia.net.pl\/index.php\/2023\/07\/25\/francja-masoneria-atak-na-chrzescijanstwo-trwa\/","og:image":"https:\/\/wia.net.pl\/wp-content\/uploads\/2023\/11\/cropped-freedom-i73367.jpg","og:image:secure_url":"https:\/\/wia.net.pl\/wp-content\/uploads\/2023\/11\/cropped-freedom-i73367.jpg","article:published_time":"2023-07-25T11:46:35+00:00","article:modified_time":"2023-07-25T11:46:36+00:00","twitter:card":"summary_large_image","twitter:title":"Francja \u2013 Masoneria \u2013 Atak na chrze\u015bcija\u0144stwo trwa - Wolno\u015b\u0107 i Anarchia","twitter:description":"Atak na chrze\u015bcija\u0144stwo trwa w zdominowanej przez muzu\u0142man\u00f3w Francji z powodu liberalnej masonerii Autor, Leo Zagami, 18 lipca 2023 r Artyku\u0142 autorstwa Leo Zagamiego W ci\u0105gu ostatnich kilku lat ataki na ko\u015bcio\u0142y sta\u0142y si\u0119 we Francji norm\u0105. Wyobra\u017a sobie, \u017ce co najmniej dwa ko\u015bcio\u0142y dziennie s\u0105 niszczone w kraju, kt\u00f3ry by\u0142 niegdy\u015b krajem katolickim. Ko\u015bcio\u0142y s\u0105","twitter:image":"https:\/\/wia.net.pl\/wp-content\/uploads\/2023\/11\/cropped-freedom-i73367.jpg"},"aioseo_meta_data":{"post_id":"3332","title":null,"description":null,"keywords":[],"keyphrases":{"focus":{"keyphrase":"","score":0,"analysis":{"keyphraseInTitle":{"score":0,"maxScore":9,"error":1}}},"additional":[]},"primary_term":null,"canonical_url":null,"og_title":null,"og_description":null,"og_object_type":"default","og_image_type":"default","og_image_url":null,"og_image_width":null,"og_image_height":null,"og_image_custom_url":null,"og_image_custom_fields":null,"og_video":"","og_custom_url":null,"og_article_section":null,"og_article_tags":[],"twitter_use_og":false,"twitter_card":"default","twitter_image_type":"default","twitter_image_url":null,"twitter_image_custom_url":null,"twitter_image_custom_fields":null,"twitter_title":null,"twitter_description":null,"schema":{"blockGraphs":[],"customGraphs":[],"default":{"data":{"Article":[],"Course":[],"Dataset":[],"FAQPage":[],"Movie":[],"Person":[],"Product":[],"ProductReview":[],"Car":[],"Recipe":[],"Service":[],"SoftwareApplication":[],"WebPage":[]},"graphName":"BlogPosting","isEnabled":true},"graphs":[]},"schema_type":"default","schema_type_options":null,"pillar_content":false,"robots_default":true,"robots_noindex":false,"robots_noarchive":false,"robots_nosnippet":false,"robots_nofollow":false,"robots_noimageindex":false,"robots_noodp":false,"robots_notranslate":false,"robots_max_snippet":"-1","robots_max_videopreview":"-1","robots_max_imagepreview":"large","priority":null,"frequency":"default","local_seo":null,"breadcrumb_settings":null,"limit_modified_date":false,"ai":null,"created":"2023-07-25 11:46:36","updated":"2025-06-04 08:44:11","seo_analyzer_scan_date":null,"focus_keyword":null,"additional_keywords":null,"truseo_locale":null},"aioseo_breadcrumb":"<div class=\"aioseo-breadcrumbs\"><span class=\"aioseo-breadcrumb\">\n\t\t\t<a href=\"https:\/\/wia.net.pl\" title=\"Home\">Home<\/a>\n\t\t<\/span><span class=\"aioseo-breadcrumb-separator\">&raquo;<\/span><span class=\"aioseo-breadcrumb\">\n\t\t\t<a href=\"https:\/\/wia.net.pl\/index.php\/category\/artykuly\/\" title=\"Artyku\u0142y\">Artyku\u0142y<\/a>\n\t\t<\/span><span class=\"aioseo-breadcrumb-separator\">&raquo;<\/span><span class=\"aioseo-breadcrumb\">\n\t\t\tFrancja \u2013 Masoneria \u2013 Atak na chrze\u015bcija\u0144stwo trwa\n\t\t<\/span><\/div>","aioseo_breadcrumb_json":[{"label":"Home","link":"https:\/\/wia.net.pl"},{"label":"Artyku\u0142y","link":"https:\/\/wia.net.pl\/index.php\/category\/artykuly\/"},{"label":"Francja &#8211; Masoneria &#8211; Atak na chrze\u015bcija\u0144stwo trwa","link":"https:\/\/wia.net.pl\/index.php\/2023\/07\/25\/francja-masoneria-atak-na-chrzescijanstwo-trwa\/"}],"_links":{"self":[{"href":"https:\/\/wia.net.pl\/index.php\/wp-json\/wp\/v2\/posts\/3332"}],"collection":[{"href":"https:\/\/wia.net.pl\/index.php\/wp-json\/wp\/v2\/posts"}],"about":[{"href":"https:\/\/wia.net.pl\/index.php\/wp-json\/wp\/v2\/types\/post"}],"author":[{"embeddable":true,"href":"https:\/\/wia.net.pl\/index.php\/wp-json\/wp\/v2\/users\/2"}],"replies":[{"embeddable":true,"href":"https:\/\/wia.net.pl\/index.php\/wp-json\/wp\/v2\/comments?post=3332"}],"version-history":[{"count":1,"href":"https:\/\/wia.net.pl\/index.php\/wp-json\/wp\/v2\/posts\/3332\/revisions"}],"predecessor-version":[{"id":3335,"href":"https:\/\/wia.net.pl\/index.php\/wp-json\/wp\/v2\/posts\/3332\/revisions\/3335"}],"wp:featuredmedia":[{"embeddable":true,"href":"https:\/\/wia.net.pl\/index.php\/wp-json\/wp\/v2\/media\/3334"}],"wp:attachment":[{"href":"https:\/\/wia.net.pl\/index.php\/wp-json\/wp\/v2\/media?parent=3332"}],"wp:term":[{"taxonomy":"category","embeddable":true,"href":"https:\/\/wia.net.pl\/index.php\/wp-json\/wp\/v2\/categories?post=3332"},{"taxonomy":"post_tag","embeddable":true,"href":"https:\/\/wia.net.pl\/index.php\/wp-json\/wp\/v2\/tags?post=3332"}],"curies":[{"name":"wp","href":"https:\/\/api.w.org\/{rel}","templated":true}]}}