{"id":3365,"date":"2023-07-26T14:41:56","date_gmt":"2023-07-26T12:41:56","guid":{"rendered":"https:\/\/wia.net.pl\/?p=3365"},"modified":"2023-07-26T14:41:56","modified_gmt":"2023-07-26T12:41:56","slug":"rfk-jr-i-zydzi-co-powiedzialby-zygmunt-freud","status":"publish","type":"post","link":"https:\/\/wia.net.pl\/index.php\/2023\/07\/26\/rfk-jr-i-zydzi-co-powiedzialby-zygmunt-freud\/","title":{"rendered":"RFK Jr. i \u017bydzi. Co powiedzia\u0142by Zygmunt Freud?"},"content":{"rendered":"\n<p>Autor, <a href=\"https:\/\/www.unz.com\/author\/kevin-barrett\/\">KEVIN BARRETT\u00a0<\/a>\u2022 23 LIPCA 2023 R<\/p>\n\n\n\n<p><\/p>\n\n\n\n<figure class=\"wp-block-image size-large\"><img loading=\"lazy\" decoding=\"async\" width=\"1024\" height=\"576\" src=\"https:\/\/wia.net.pl\/wp-content\/uploads\/2023\/07\/RFK-Jr.-i-Zydzi.-Co-powiedzialby-Zygmunt-Freud-1024x576.jpg\" alt=\"\" class=\"wp-image-3366\" srcset=\"https:\/\/wia.net.pl\/wp-content\/uploads\/2023\/07\/RFK-Jr.-i-Zydzi.-Co-powiedzialby-Zygmunt-Freud-1024x576.jpg 1024w, https:\/\/wia.net.pl\/wp-content\/uploads\/2023\/07\/RFK-Jr.-i-Zydzi.-Co-powiedzialby-Zygmunt-Freud-300x169.jpg 300w, https:\/\/wia.net.pl\/wp-content\/uploads\/2023\/07\/RFK-Jr.-i-Zydzi.-Co-powiedzialby-Zygmunt-Freud-768x432.jpg 768w, https:\/\/wia.net.pl\/wp-content\/uploads\/2023\/07\/RFK-Jr.-i-Zydzi.-Co-powiedzialby-Zygmunt-Freud-1536x864.jpg 1536w, https:\/\/wia.net.pl\/wp-content\/uploads\/2023\/07\/RFK-Jr.-i-Zydzi.-Co-powiedzialby-Zygmunt-Freud-480x270.jpg 480w, https:\/\/wia.net.pl\/wp-content\/uploads\/2023\/07\/RFK-Jr.-i-Zydzi.-Co-powiedzialby-Zygmunt-Freud.jpg 1920w\" sizes=\"(max-width: 1024px) 100vw, 1024px\" \/><\/figure>\n\n\n\n<p><\/p>\n\n\n\n<p id=\"p_1_1\"><a href=\"https:\/\/rumble.com\/embed\/v2z0wg2\/\" target=\"_blank\" rel=\"noreferrer noopener\">Link do filmu<\/a><\/p>\n\n\n\n<p id=\"p_1_2\">Powiedzie\u0107, \u017ce RFK Jr. robi wszystko, co w jego mocy, aby unikn\u0105\u0107 obra\u017cania \u017byd\u00f3w, by\u0142oby niedopowiedzeniem.&nbsp;Przedstawia si\u0119 jako najwi\u0119kszy na \u015bwiecie przyjaciel narodu \u017cydowskiego w og\u00f3le, a \u017cydowskiego (&nbsp;<a href=\"https:\/\/kevinbarrett.substack.com\/p\/a-tale-of-two-occupations\">supremacyjnego<\/a>&nbsp;) pa\u0144stwa Izrael w szczeg\u00f3lno\u015bci.<\/p>\n\n\n\n<p id=\"p_1_3\">Pierwszym mainstreamowym artyku\u0142em, kt\u00f3ry z pozytywnym akcentem relacjonowa\u0142 kampani\u0119 prezydenck\u0105 RFK, by\u0142&nbsp;<a href=\"https:\/\/www.tabletmag.com\/sections\/arts-letters\/articles\/robert-f-kennedy-jr-interview-david-samuels\">artyku\u0142 Davida Samuelsa w \u017cydowskim czasopi\u015bmie Tablet<\/a>&nbsp;.&nbsp;Ale od tego czasu nie by\u0142o gwa\u0142townego wzrostu poparcia dla Kennedy&#8217;ego w g\u0142\u00f3wnym nurcie spo\u0142eczno\u015bci \u017cydowskiej.&nbsp;Opr\u00f3cz wolnomy\u015blicieli, takich jak&nbsp;<a href=\"https:\/\/naomiwolf.substack.com\/p\/this-jewess-says-rfk-jr-is-right\">Naomi Wolf<\/a>&nbsp;i niekt\u00f3rzy z moich go\u015bci radiowych (&nbsp;<a href=\"https:\/\/www.unz.com\/audio\/kbarrett_josh-mitteldorf-on-time-paradoxes-and-election-integrity\/\">Josh Mitteldorf<\/a>&nbsp;,&nbsp;<a href=\"https:\/\/www.unz.com\/audio\/kbarrett_barry-kissin-on-blame-the-russians\/\">Barry Kissin<\/a>&nbsp;,&nbsp;<a href=\"https:\/\/kevinbarrett.substack.com\/publish\/post\/135360875\">Steve Brown<\/a>&nbsp;,&nbsp;<a href=\"https:\/\/www.unz.com\/audio\/kbarrett_ron-rattner-on-finding-9-11-truth-einstein-synchronicity-and\/\">Ron Rattner<\/a>&nbsp;), wydaje si\u0119, \u017ce wi\u0119kszo\u015b\u0107 ameryka\u0144skiego \u017cydostwa, a przynajmniej jego medialne skrzyd\u0142o, popiera kandydatur\u0119 RFK Jr. z niepokojem.<\/p>\n\n\n\n<p id=\"p_1_4\">Ten niepok\u00f3j przekszta\u0142ci\u0142 si\u0119 w histeryczne pot\u0119pienie w zesz\u0142ym tygodniu, kiedy nieoficjalne uwagi kandydata przy obiedzie na temat broni biologicznej specyficznej dla poszczeg\u00f3lnych grup etnicznych i COVID-19 wywo\u0142a\u0142y najwi\u0119kszy dwuminutowy festyn nienawi\u015bci w mediach antysemityzmu od czasu, gdy Kanye West zdekonspirowa\u0142&nbsp;<a href=\"https:\/\/www.unz.com\/article\/these-two-minute-anti-semitism-hates-rfk-jr-pedro-gonzales-nick-fuentes-pat-buchanan-are-designed-to-suppress-real-issues\/\">3.<\/a>&nbsp;The&nbsp;<em>New York Post<\/em>&nbsp;przerwa\u0142 t\u0119 histori\u0119 k\u0142amliwym nag\u0142\u00f3wkiem: \u201e&nbsp;<a href=\"https:\/\/nypost.com\/2023\/07\/15\/rfk-jr-says-covid-was-ethnically-targeted-to-spare-jews\/\">RFK Jr. m\u00f3wi, \u017ce COVID by\u0142 \u201eetnicznie ukierunkowany\u201d, aby oszcz\u0119dzi\u0107 \u017byd\u00f3w.&nbsp;<\/a>To, co Kennedy powiedzia\u0142 w nieformalnej rozmowie, brzmia\u0142o:<\/p>\n\n\n\n<blockquote class=\"wp-block-quote is-layout-flow wp-block-quote-is-layout-flow\">\n<p id=\"p_1_5\">COVID 19.&nbsp;Istnieje argument, \u017ce jest ukierunkowany etnicznie.&nbsp;COVID-19 atakuje niekt\u00f3re rasy w nieproporcjonalny spos\u00f3b.&nbsp;Celem COVID-19 jest atakowanie os\u00f3b rasy kaukaskiej i czarnosk\u00f3rych.&nbsp;Ludzie, kt\u00f3rzy s\u0105 najbardziej odporni, to \u017bydzi aszkenazyjscy i Chi\u0144czycy\u2026 Nie wiemy, czy by\u0142 to celowy atak, czy nie, ale istniej\u0105 dokumenty, kt\u00f3re pokazuj\u0105 rasowe lub etniczne zr\u00f3\u017cnicowanie i wp\u0142yw\u201d.<\/p>\n<\/blockquote>\n\n\n\n<p id=\"p_1_6\">Kandydata mo\u017cna s\u0142usznie oskar\u017cy\u0107 o hiperbol\u0119: badanie,&nbsp;<a href=\"https:\/\/pubmed.ncbi.nlm.nih.gov\/32664879\/\">kt\u00f3re<\/a>&nbsp;cytowa\u0142, nie wykaza\u0142o,&nbsp;<em>jak<\/em>&nbsp;nieproporcjonalnie COVID wp\u0142yn\u0105\u0142 na r\u00f3\u017cne grupy etniczne, a jedynie przeanalizowa\u0142 jeden czynnik genetyczny, kt\u00f3ry m\u00f3g\u0142, ale nie musia\u0142, mie\u0107 du\u017cego wp\u0142ywu na \u015bwiat rzeczywisty.&nbsp;Ale to badanie m\u00f3wi mniej wi\u0119cej to, co m\u00f3wi RFK.&nbsp;To, czego nie m\u00f3wi i czego nie powiedzia\u0142 RFK Jr., to to, \u017ce COVID by\u0142 \u017cydowsko-chi\u0144sk\u0105 broni\u0105 biologiczn\u0105 zaprojektowan\u0105 do zabijania bia\u0142ych i czarnych ludzi.<\/p>\n\n\n\n<p id=\"p_1_7\">Ale tego nie dowiecie si\u0119 z doniesie\u0144 medialnych.&nbsp;Nie dowiesz si\u0119 tego r\u00f3wnie\u017c z uwag przedstawicieli Kongresu, takich jak Debbie Wasserman Schulz, kt\u00f3ra pr\u00f3bowa\u0142a ocenzurowa\u0107 zeznanie Kennedy&#8217;ego przeciwko cenzurze, m\u00f3wi\u0105c: \u201eMr.&nbsp;Kennedy wielokrotnie wyg\u0142asza\u0142 nikczemne antysemickie i antyazjatyckie komentarze\u201d.<\/p>\n\n\n\n<p id=\"p_1_8\">Polowanie na czarownice oczywi\u015bcie nie by\u0142o zaskoczeniem.&nbsp;<em>Zaskakuj\u0105ce by\u0142o<\/em>&nbsp;to&nbsp;, \u017ce RFK Jr. powiedzia\u0142 co\u015b, co a\u017c prosi\u0142o si\u0119 o b\u0142\u0119dn\u0105 interpretacj\u0119 jako \u201eantysemickie\u201d.&nbsp;W ko\u0144cu to facet, kt\u00f3ry przedstawia si\u0119 jako najbardziej pro\u017cydowski, proizraelski kandydat w znanym wszech\u015bwiecie.&nbsp;Dlaczego mia\u0142by w og\u00f3le przywo\u0142ywa\u0107&nbsp;<a href=\"https:\/\/pubmed.ncbi.nlm.nih.gov\/32664879\/\">badanie \u201ecelowania etnicznego\u201d<\/a>&nbsp;, a tym bardziej wyolbrzymia\u0107 je w taki spos\u00f3b, aby praktycznie zmusi\u0107 ADL i jej przyjaci\u00f3\u0142 do oskar\u017cenia go o obwinianie \u017byd\u00f3w za COVID?<\/p>\n\n\n\n<p id=\"p_1_9\">Niekt\u00f3rzy zwolennicy RFK mog\u0105 si\u0119 zastanawia\u0107, czy ich bohater, tak jak wcze\u015bniej Trump, gra w szachy 3D.&nbsp;Mo\u017ce RFK dobrze wie,&nbsp;<a href=\"https:\/\/www.unz.com\/article\/did-israel-kill-the-kennedies\/\">kto naprawd\u0119 zabi\u0142 jego ojca i wujka<\/a>&nbsp;.&nbsp;W takim przypadku jego przesadny filosemicki proizraelski schtick by\u0142by podst\u0119pem.&nbsp;Podobnie jak jego ojciec przed nim, kt\u00f3ry publicznie milcza\u0142 na temat zab\u00f3jstwa swojego brata JFK w nadziei na zdobycie prezydentury i cofni\u0119cie puczu, RFK Jr. m\u00f3g\u0142 wypuszcza\u0107 (pro-syjonistyczny) dym, aby zakamuflowa\u0107 rzeczywisto\u015b\u0107 swojej misji.&nbsp;Czy m\u00f3g\u0142 celowo sprowokowa\u0107 histeryczne ataki, aby zdoby\u0107 darmowy rozg\u0142os i pozwoli\u0107 mediom i politycznemu establishmentowi na dalsz\u0105 dyskredytacj\u0119 \u2013 co\u015b, na czym Trump zrobi\u0142 karier\u0119 polityczn\u0105?<\/p>\n\n\n\n<p id=\"p_1_10\">Bior\u0105c wszystko pod uwag\u0119, scenariusz szach\u00f3w 3D jest ma\u0142o prawdopodobny.&nbsp;RFK jest znacznie m\u0105drzejszy od Trumpa, ale jest mniej manipuluj\u0105cy.&nbsp;W przeciwie\u0144stwie do Trumpa, RFK jest szczery.&nbsp;Jest kandydatem na to, co widzisz, jest tym, co dostajesz.&nbsp;Nie s\u0105dz\u0119, \u017ceby k\u0142ama\u0142 lub manipulowa\u0142, kiedy wyznaje dozgonn\u0105 mi\u0142o\u015b\u0107 do Izraela, nienawi\u015b\u0107 do nazistowskich Niemiec i trosk\u0119 o to, \u017ce COVID wp\u0142ywa na grupy etniczne inaczej w \u015bwietle tego, co wiemy o badaniach nad broni\u0105 biologiczn\u0105 specyficzn\u0105 dla danej grupy etnicznej.<\/p>\n\n\n\n<p id=\"p_1_11\">Pozostaje jednak pytanie: dlaczego Kennedy jest tak irracjonalnie ekstremistyczny w swoim poparciu dla Izraela?&nbsp;I dlaczego bez umiaru wyolbrzymia\u0142 badanie dotycz\u0105ce pochodzenia etnicznego COVID-19 w taki spos\u00f3b, \u017ce zach\u0119ca\u0142 do atak\u00f3w?&nbsp;Zar\u00f3wno jego w\u015bciek\u0142y likudnicki syjonizm, jak i jego nieprzemy\u015blane \u201eantysemickie\u201d spekulacje na temat broni biologicznej wydaj\u0105 si\u0119, \u017ce tak powiem, nieumiarkowane, je\u015bli nie troch\u0119 szalone.<\/p>\n\n\n\n<p id=\"p_1_12\">Po\u0142\u00f3\u017cmy wi\u0119c RFK Jr. na przys\u0142owiowej kanapie doktora Freuda.&nbsp;Freud uku\u0142 termin&nbsp;<a href=\"https:\/\/www.psychologytoday.com\/us\/basics\/reaction-formation#:~:text=Reaction%20formation%20is%20a%20defense,extol%20the%20virtues%20of%20abstinence.\">formowanie reakcji<\/a>&nbsp;: \u201e&nbsp;<strong>mechanizm obronny, w kt\u00f3rym ludzie wyra\u017caj\u0105 przeciwie\u0144stwo swoich prawdziwych uczu\u0107, czasem w przesadnym stopniu.&nbsp;Na przyk\u0142ad m\u0119\u017cczyzna, kt\u00f3ry czuje si\u0119 niepewnie co do swojej m\u0119sko\u015bci, mo\u017ce zachowywa\u0107 si\u0119 zbyt agresywnie.&nbsp;Lub kobieta z zaburzeniami zwi\u0105zanymi z u\u017cywaniem substancji mo\u017ce wychwala\u0107 zalety abstynencji.<\/strong>\u201eW wielu przypadkach badani nie s\u0105 nawet \u015bwiadomi swoich prawdziwych uczu\u0107.&nbsp;Pacyfista, kt\u00f3ry jest tak wojowniczy w swoim pacyfizmie, \u017ce zawsze wszczyna b\u00f3jki \u2013 znam kilku \u2013 na og\u00f3\u0142 nie zdaje sobie sprawy, \u017ce jego prawdziw\u0105 motywacj\u0105 nie jest oddanie sprawie pokoju, ale tl\u0105ca si\u0119 wewn\u0119trzna agresja.&nbsp;S\u0105 te\u017c chciwi, ambitni, rywalizuj\u0105cy, materialistyczni ludzie, kt\u00f3rzy przyjmuj\u0105 lewicow\u0105 polityk\u0119, aby ukry\u0107 swoje prawdziwe uczucia dotycz\u0105ce pieni\u0119dzy i statusu.&nbsp;Ja te\u017c zna\u0142em wi\u0119cej ni\u017c kilku z nich.&nbsp;I nie ka\u017c mi zaczyna\u0107 o tyradach fanatyk\u00f3w przeciwnych globalnemu ociepleniu, kt\u00f3rzy wydaj\u0105 si\u0119 s\u0105dzi\u0107, \u017ce ich wybryki ocal\u0105 \u015bwiat, podczas gdy tw\u00f3j sceptycyzm go zniszczy, nawet je\u015bli ich nadmiernie wygodny styl \u017cycia emituje o wiele wi\u0119cej dwutlenku w\u0119gla w ci\u0105gu tygodnia ni\u017c ty w ci\u0105gu tygodnia. miesi\u0105c.<\/p>\n\n\n\n<p id=\"p_1_13\">Tak wi\u0119c formacje reakcyjne s\u0105 do\u015b\u0107 powszechne i cz\u0119sto maj\u0105 du\u017cy wp\u0142yw na pogl\u0105dy polityczne ludzi.&nbsp;Ra\u017c\u0105co przesadzony, pozornie irracjonalny proizraelski ekstremizm RFK Jr. ma wszystkie znamiona klasycznej formacji reakcyjnej.&nbsp;Je\u015bli tak jest, Kennedy ukrywa\u0142by swoj\u0105 t\u0142umion\u0105 wrogo\u015b\u0107 do pa\u0144stwa \u017cydowskiego nie tylko przed innymi, ale tak\u017ce przed sob\u0105.<\/p>\n\n\n\n<p id=\"p_1_14\">Ale dlaczego Kennedy mia\u0142by nienawidzi\u0107 Izraela, a jednocze\u015bnie g\u0142\u0119boko zaprzecza\u0107 swoim prawdziwym uczuciom?&nbsp;Z tego samego powodu, dla kt\u00f3rego Hamlet nienawidzi\u0142 swojego ojczyma Klaudiusza, ale nie m\u00f3g\u0142 zmusi\u0107 si\u0119 do dzia\u0142ania.&nbsp;<a href=\"https:\/\/www.unz.com\/article\/did-israel-kill-the-kennedies\/\">Izrael zabi\u0142 ojca Kennedy&#8217;ego<\/a>&nbsp;, tak jak Klaudiusz zabi\u0142 Hamleta.&nbsp;Ale tak jak Hamlet dorasta\u0142 w domu Klaudiusza, podatny na despotyczn\u0105 w\u0142adz\u0119 Klaudiusza, RFK Jr. dorasta\u0142 w Ameryce po syjonistycznym zamachu stanu, bezradny i bezbronny.&nbsp;Bezbronne osoby w gospodarstwie domowym sprawcy, zw\u0142aszcza dzieci, maj\u0105 sk\u0142onno\u015b\u0107 do identyfikowania si\u0119&nbsp;<a href=\"https:\/\/dictionary.apa.org\/identification-with-the-aggressor\">z agresorem<\/a>: \u201enie\u015bwiadomy mechanizm, w kt\u00f3rym jednostka identyfikuje si\u0119 z kim\u015b, kto stanowi zagro\u017cenie lub z przeciwnikiem, kt\u00f3rego nie mo\u017cna opanowa\u0107\u201d.&nbsp;Z perspektywy RFK Jr. byliby to syjoni\u015bci.&nbsp;Ca\u0142kowicie si\u0119 z nimi identyfikuje, nawet z ich najbardziej obrzydliwie wulgarnymi miernotami, takimi jak&nbsp;<a href=\"https:\/\/www.thefloridastar.com\/articles\/rabbi-shmuley-boteach-stands-up-for-robert-f-kennedy-jr-against-accusations\/\">rabin Shmuley Boteach<\/a>&nbsp;, i hiperbolicznie uwa\u017ca si\u0119 za najwi\u0119kszego ze wszystkich syjonist\u00f3w.<\/p>\n\n\n\n<p id=\"p_1_15\"><strong>Ale co z Blurt-Outem?<\/strong><\/p>\n\n\n\n<p id=\"p_1_16\">Je\u015bli formacja reakcyjna wyja\u015bnia ultra-syjonizm RFK, to co wyja\u015bnia jego wybryki COVID-19 skierowane do oszcz\u0119dzenia \u017byd\u00f3w?&nbsp;Znowu wywo\u0142anie doktora Freuda!<\/p>\n\n\n\n<p id=\"p_1_17\">W\u0142a\u015bciwie, nie potrzebujesz powa\u017cnych psychoanalitycznych kotlet\u00f3w, aby to rozgry\u017a\u0107.&nbsp;St\u0142umiona, nie\u015bwiadoma wrogo\u015b\u0107 RFK do syjonist\u00f3w, utrzymywana w tajemnicy przez jego hipersyjonistyczn\u0105 formacj\u0119 reakcyjn\u0105, znalaz\u0142a spos\u00f3b na wyra\u017cenie siebie.&nbsp;Wi\u0119c chocia\u017c RFK nigdy nie by\u0142 \u015bwiadomy, \u017ce to, co m\u00f3wi\u0142, brzmia\u0142o jak \u201eCOVID mia\u0142 na celu oszcz\u0119dzi\u0107 \u017byd\u00f3w\u201d, jego nie\u015bwiadomy umys\u0142 by\u0142 a\u017c nazbyt \u015bwiadomy i rzeczywi\u015bcie w\u0142o\u017cy\u0142 te dwuznaczne s\u0142owa prosto w jego usta.<\/p>\n\n\n\n<p id=\"p_1_18\">Podobnie jak klasyczna freudowska pomy\u0142ka, ten rodzaj wygadanego scenariusza ilustruje, w jaki spos\u00f3b nie\u015bwiadomy umys\u0142 mo\u017ce czasami powodowa\u0107 zwarcie w \u015bwiadomym umy\u015ble i m\u00f3wi\u0107 niewypowiedziane prawdy.&nbsp;T\u0142umaczenie: \u201e&nbsp;<em>Skandaliczne antygojowskie spiski \u017cydowskie nie zawsze s\u0105 wyimaginowane.&nbsp;<\/em>Tak wi\u0119c paranoiczna reakcja ludzi takich jak Debby Wasserman Schulz nie jest tak szalona, \u200b\u200bjak mog\u0142oby si\u0119 wydawa\u0107: nie\u015bwiadomo\u015b\u0107 Debby zaczyna rozumie\u0107, co m\u00f3wi nie\u015bwiadomo\u015b\u0107 Bobby&#8217;ego, a jej si\u0119 to nie podoba.<\/p>\n\n\n\n<p id=\"p_1_19\"><strong>Trauma mi\u0119dzypokoleniowa<\/strong><\/p>\n\n\n\n<p id=\"p_1_20\">Objawy psychiatryczne po obu stronach wynikaj\u0105 z g\u0142\u0119boko zakorzenionej traumy mi\u0119dzypokoleniowej.&nbsp;RFK Jr., oczywi\u015bcie, dorasta\u0142 w traumie nikczemnego morderstwa swojego wuja-prezydenta w 1963 roku i r\u00f3wnie nikczemnego morderstwa jego ojca (prawdopodobnie dokonanego przez te same partie) w 1968 roku. ogromny nacisk spo\u0142eczny, aby powstrzyma\u0107 si\u0119 od kwestionowania morderc\u00f3w jego ojc\u00f3w i wujk\u00f3w.&nbsp;Mogliby\u015bmy r\u00f3wnie\u017c spekulowa\u0107 na temat korzeni rodziny Kennedych na holokaustowanej ziemi Irlandii \u2013 Irlandczycy doznali prawdziwego ludob\u00f3jstwa i prze\u015bladowa\u0144, kt\u00f3re nie tylko rywalizowa\u0142y z przewa\u017cnie mitycznymi cierpieniami \u017byd\u00f3w z r\u0105k rzekomych antysemit\u00f3w, kt\u00f3rzy rzekomo nienawidz\u0105 ich bez powodu cokolwiek \u2013 ale nie id\u017amy tam, aby niekt\u00f3rzy z moich mniej o\u015bwieconych czytelnik\u00f3w nie zacz\u0119li ulega\u0107&nbsp;<a href=\"https:\/\/www.unz.com\/audio\/kbarrett_christopher-fogarty-on-irish-holocaust-denial\/\">irlandzkiemu negowaniu Holokaustu<\/a>&nbsp;.<\/p>\n\n\n\n<p id=\"p_1_21\">Ze strony Wassermana-Schulza trauma mi\u0119dzypokoleniowa jest najwyra\u017aniej tak przera\u017caj\u0105ca, \u017ce \u200b\u200bmo\u017cna j\u0105 wyleczy\u0107 jedynie za pomoc\u0105 \u015brodk\u00f3w psychodelicznych.&nbsp;W \u201e&nbsp;<a href=\"https:\/\/forward.com\/opinion\/554342\/mdma-shows-promise-for-healing-ptsd-and-political-extremism\/\">Czy mo\u017cemy wyleczy\u0107 antysemityzm z Molly?&nbsp;<\/a>\u201d Starszy redaktor Jewish Daily Forward, Rob Eshman, otwiera pytaniem:<\/p>\n\n\n\n<blockquote class=\"wp-block-quote is-layout-flow wp-block-quote-is-layout-flow\">\n<p id=\"p_1_22\"><strong>\u201eGdyby\u015b dowiedzia\u0142 si\u0119, \u017ce jedna pigu\u0142ka sk\u0142oni\u0142a neonazist\u0119 do wyrzeczenia si\u0119 nienawistnych przekona\u0144, czy:<\/strong><\/p>\n<\/blockquote>\n\n\n\n<ul class=\"wp-block-list\">\n<li><strong>\u017b\u0105daj dalszych bada\u0144, aby dowiedzie\u0107 si\u0119, czy pigu\u0142ka naprawd\u0119 dzia\u0142a<\/strong><\/li>\n\n\n\n<li><strong>Zignorowa\u0107 istniej\u0105ce dowody i nadal zakaza\u0107 pigu\u0142ki?<\/strong><\/li>\n<\/ul>\n\n\n\n<p id=\"p_1_23\">Eshman zauwa\u017ca, \u017ce \u200b\u200bIzrael, \u015bwiatowa stolica MDMA, u\u017cywa \u201enarkotyki mi\u0142osnej\u201d w leczeniu zespo\u0142u stresu pourazowego.&nbsp;Mo\u017cemy sobie wyobrazi\u0107, \u017ce morduj\u0105cy dzieci snajperzy IDF, tacy jak tweeter \u201e&nbsp;<a href=\"https:\/\/twitter.com\/PressTV\/status\/495056754561265665\">Zastrzeli\u0142em dzi\u015b 13 dzieci<\/a>&nbsp;\u201d, stopniowo wracaj\u0105 do tego, co uchodzi za izraelsk\u0105 normalno\u015b\u0107, za pomoc\u0105 psychodelicznych sesji, kt\u00f3re przeprogramowuj\u0105 ich m\u00f3zgi na mi\u0142o\u015b\u0107 (przynajmniej innych syjonistycznych \u017byd\u00f3w) zamiast tego \u015blini\u0105cej&nbsp;<a href=\"https:\/\/www.dailysabah.com\/world\/mid-east\/israeli-lawmakers-kill-all-palestinians-remarks-resurface\">si\u0119 24\/7\/365 nienawi\u015bci do palesty\u0144skich dzieci (\u201ema\u0142ych w\u0119\u017cy\u201d) i matek, kt\u00f3re je nosz\u0105<\/a>&nbsp;.<\/p>\n\n\n\n<p id=\"p_1_24\">Ale czy MDMA mo\u017ce wyleczy\u0107 syjonistyczne \u017cydostwo z 3000-letniego zbiorowego przypadku zespo\u0142u stresu pourazowego?&nbsp;Aby odpowiedzie\u0107 na to pytanie, musieliby\u015bmy wiedzie\u0107, czy poszczeg\u00f3lni \u017bydzi naprawd\u0119 cierpi\u0105 b\u00f3l, kt\u00f3rego do\u015bwiadczaj\u0105 ich prze\u015bladowani przodkowie.&nbsp;<a href=\"https:\/\/www.theguardian.com\/science\/2015\/aug\/21\/study-of-holocaust-survivors-finds-trauma-passed-on-to-childrens-genes\">Naukowcy ci\u0119\u017cko pracuj\u0105, aby nas przekona\u0107, \u017ce tak<\/a>&nbsp;.<\/p>\n\n\n\n<figure class=\"wp-block-image\"><a href=\"https:\/\/substackcdn.com\/image\/fetch\/w_1456\/https%3A%2F%2Fsubstack-post-media.s3.amazonaws.com%2Fpublic%2Fimages%2F18f557d0-0ea4-4a9b-a888-f2c791f8211e_1082x1110.jpeg\"><img decoding=\"async\" src=\"https:\/\/substackcdn.com\/image\/fetch\/w_1456\/https%3A%2F%2Fsubstack-post-media.s3.amazonaws.com%2Fpublic%2Fimages%2F18f557d0-0ea4-4a9b-a888-f2c791f8211e_1082x1110.jpeg\" alt=\"\"\/><\/a><\/figure>\n\n\n\n<p id=\"p_1_25\">Alternatywne wyja\u015bnienie, dlaczego tak wielu ultra-uprzywilejowanych \u017byd\u00f3w do\u015bwiadcza tak wielu cierpie\u0144 z powodu zbiorowej pami\u0119ci historycznej, obwinia kultur\u0119, a nie genetyk\u0119.&nbsp;Film&nbsp;<em><a href=\"https:\/\/www.imdb.com\/title\/tt1377278\/\">Znies\u0142awienie<\/a><\/em>&nbsp;w pami\u0119tny spos\u00f3b pokazuje izraelskie dzieci prze\u017cywaj\u0105ce przera\u017caj\u0105c\u0105 traum\u0119 przez starszych, kt\u00f3rzy wbijaj\u0105 im do wra\u017cliwych ma\u0142ych g\u0142\u00f3w, \u017ce wszyscy goje chc\u0105 je eksterminowa\u0107.<\/p>\n\n\n\n<p id=\"p_1_26\">A m\u00f3wi\u0105c o \u017bydach traumatyzuj\u0105cych \u017byd\u00f3w, co z obrzezaniem niemowl\u0105t?&nbsp;Przywo\u0142awczy doktor Bowlby!<\/p>\n\n\n\n<p id=\"p_1_27\">Badania nad przywi\u0105zaniem wykaza\u0142y, \u017ce bardzo ma\u0142e dzieci \u2013 a w\u0142a\u015bciwie niemowl\u0119ta \u2013 s\u0105 niezwykle podatne na traum\u0119 psychiczn\u0105.&nbsp;Straszne do\u015bwiadczenie w wieku o\u015bmiu miesi\u0119cy lub nawet wcze\u015bniej mo\u017ce zrujnowa\u0107 twoje \u017cycie w spos\u00f3b, w jaki znacznie gorsze do\u015bwiadczenie w p\u00f3\u017aniejszym wieku mo\u017ce nie.&nbsp;W szczeg\u00f3lno\u015bci traumatyczne do\u015bwiadczenia zwi\u0105zane z uszkodzeniem wi\u0119zi matka-dziecko wydaj\u0105 si\u0119 by\u0107 odpowiedzialne za wi\u0119kszo\u015b\u0107, je\u015bli nie wi\u0119kszo\u015b\u0107, nieszcz\u0119\u015b\u0107 na \u015bwiecie.&nbsp;(Mora\u0142: aby stworzy\u0107 szcz\u0119\u015bliw\u0105 i spokojn\u0105 osob\u0119, utrzymuj dziecko w kontakcie \u201esk\u00f3ra do sk\u00f3ry\u201d z matk\u0105 i karm piersi\u0105 na \u017c\u0105danie przez pierwsze dwa lata \u017cycia, tak jak robi to wiele tradycyjnych kultur).<\/p>\n\n\n\n<p id=\"p_1_28\">To, czego NIE chcesz robi\u0107, to wyrywa\u0107 dziecko z ramion matki i zadawa\u0107 mu niewyobra\u017calne tortury, wycinaj\u0105c no\u017cem najbardziej wra\u017cliw\u0105 cz\u0119\u015b\u0107 jego anatomii.&nbsp;To zniszczy wi\u0119\u017a matka-dziecko z powodu postrzeganej przez matk\u0119 zdrady swojego dziecka (i stworzy nadmiern\u0105 rekompensat\u0119 w postaci syndromu \u017cydowskiej matki), jednocze\u015bnie tworz\u0105c nie\u015bwiadome wspomnienie przera\u017caj\u0105cego ataku przera\u017caj\u0105cego outsidera.&nbsp;W p\u00f3\u017aniejszym okresie \u017cycia dziecko b\u0119dzie kulturowo uwarunkowane, by przenie\u015b\u0107 sw\u00f3j strach i odraz\u0119 na wyimaginowan\u0105 posta\u0107 nowego przera\u017caj\u0105cego outsidera: z\u0142ego goja, kt\u00f3ry chce nas zabi\u0107.&nbsp;To idealna formu\u0142a do stworzenia g\u0142\u0119boko neurotycznej, silnie etnocentrycznej to\u017csamo\u015bci grupowej.<\/p>\n\n\n\n<p id=\"p_1_29\">Podsumowuj\u0105c: dysfunkcyjny zwi\u0105zek RFK Jr. z syjonizmem \u2013 kt\u00f3ry wywodzi si\u0119 z ch\u0119ci syjonist\u00f3w z traum\u0105, takich jak Ben Gurion, do pope\u0142niania oburzaj\u0105cych zbrodni w celu zachowania broni nuklearnej, kt\u00f3rej wed\u0142ug nich potrzebuj\u0105, by ocali\u0107 swoje \u017cycie przed z\u0142ym nienawidz\u0105cym \u017byd\u00f3w goys \u2014 to kompletny ba\u0142agan.\u00a0W\u0105tpi\u0119, aby nawet najlepszy terapeuta, uzbrojony w ca\u0142e MDMA w Izraelu, m\u00f3g\u0142 wyleczy\u0107.<\/p>\n\n\n\n<p>Link \u017ar\u00f3d\u0142owy <a href=\"https:\/\/www.unz.com\/kbarrett\/rfk-jr-and-the-jews\/\">https:\/\/www.unz.com\/kbarrett\/rfk-jr-and-the-jews\/<\/a><\/p>\n","protected":false},"excerpt":{"rendered":"<p>Autor, KEVIN BARRETT\u00a0\u2022 23 LIPCA 2023 R Link do filmu Powiedzie\u0107, \u017ce RFK Jr. robi wszystko, co w jego mocy, aby unikn\u0105\u0107 obra\u017cania \u017byd\u00f3w, by\u0142oby niedopowiedzeniem.&nbsp;Przedstawia si\u0119 jako najwi\u0119kszy na \u015bwiecie przyjaciel narodu \u017cydowskiego w og\u00f3le, a \u017cydowskiego (&nbsp;supremacyjnego&nbsp;) pa\u0144stwa&#8230; <\/p>\n","protected":false},"author":2,"featured_media":3366,"comment_status":"open","ping_status":"open","sticky":false,"template":"","format":"standard","meta":{"_acf_changed":false,"_bbp_topic_count":0,"_bbp_reply_count":0,"_bbp_total_topic_count":0,"_bbp_total_reply_count":0,"_bbp_voice_count":0,"_bbp_anonymous_reply_count":0,"_bbp_topic_count_hidden":0,"_bbp_reply_count_hidden":0,"_bbp_forum_subforum_count":0,"om_disable_all_campaigns":false,"_monsterinsights_skip_tracking":false,"footnotes":""},"categories":[93],"tags":[],"class_list":["post-3365","post","type-post","status-publish","format-standard","has-post-thumbnail","hentry","category-artykuly"],"acf":[],"aioseo_notices":[],"aioseo_head":"\n\t\t<!-- All in One SEO 5.0.1.1 - aioseo.com -->\n\t<meta name=\"description\" content=\"Autor, KEVIN BARRETT \u2022 23 LIPCA 2023 R Link do filmu Powiedzie\u0107, \u017ce RFK Jr. robi wszystko, co w jego mocy, aby unikn\u0105\u0107 obra\u017cania \u017byd\u00f3w, by\u0142oby niedopowiedzeniem. Przedstawia si\u0119 jako najwi\u0119kszy na \u015bwiecie przyjaciel narodu \u017cydowskiego w og\u00f3le, a \u017cydowskiego ( supremacyjnego ) pa\u0144stwa Izrael w szczeg\u00f3lno\u015bci. Pierwszym mainstreamowym artyku\u0142em, kt\u00f3ry z pozytywnym akcentem relacjonowa\u0142 kampani\u0119 prezydenck\u0105 RFK, by\u0142 artyku\u0142\" \/>\n\t<meta name=\"robots\" content=\"max-image-preview:large\" \/>\n\t<meta name=\"author\" content=\"trinity\"\/>\n\t<link rel=\"canonical\" href=\"https:\/\/wia.net.pl\/index.php\/2023\/07\/26\/rfk-jr-i-zydzi-co-powiedzialby-zygmunt-freud\/\" \/>\n\t<meta name=\"generator\" content=\"All in One SEO (AIOSEO) 5.0.1.1\" \/>\n\t\t<meta property=\"og:locale\" content=\"pl_PL\" \/>\n\t\t<meta property=\"og:site_name\" content=\"Wolno\u015b\u0107 i Anarchia - Ka\u017cdy wewn\u0119trznie jest anarchist\u0105.\" \/>\n\t\t<meta property=\"og:type\" content=\"article\" \/>\n\t\t<meta property=\"og:title\" content=\"RFK Jr. i \u017bydzi. Co powiedzia\u0142by Zygmunt Freud? - Wolno\u015b\u0107 i Anarchia\" \/>\n\t\t<meta property=\"og:description\" content=\"Autor, KEVIN BARRETT \u2022 23 LIPCA 2023 R Link do filmu Powiedzie\u0107, \u017ce RFK Jr. robi wszystko, co w jego mocy, aby unikn\u0105\u0107 obra\u017cania \u017byd\u00f3w, by\u0142oby niedopowiedzeniem. Przedstawia si\u0119 jako najwi\u0119kszy na \u015bwiecie przyjaciel narodu \u017cydowskiego w og\u00f3le, a \u017cydowskiego ( supremacyjnego ) pa\u0144stwa Izrael w szczeg\u00f3lno\u015bci. Pierwszym mainstreamowym artyku\u0142em, kt\u00f3ry z pozytywnym akcentem relacjonowa\u0142 kampani\u0119 prezydenck\u0105 RFK, by\u0142 artyku\u0142\" \/>\n\t\t<meta property=\"og:url\" content=\"https:\/\/wia.net.pl\/index.php\/2023\/07\/26\/rfk-jr-i-zydzi-co-powiedzialby-zygmunt-freud\/\" \/>\n\t\t<meta property=\"og:image\" content=\"https:\/\/wia.net.pl\/wp-content\/uploads\/2023\/11\/cropped-freedom-i73367.jpg\" \/>\n\t\t<meta property=\"og:image:secure_url\" content=\"https:\/\/wia.net.pl\/wp-content\/uploads\/2023\/11\/cropped-freedom-i73367.jpg\" \/>\n\t\t<meta property=\"article:published_time\" content=\"2023-07-26T12:41:56+00:00\" \/>\n\t\t<meta property=\"article:modified_time\" content=\"2023-07-26T12:41:56+00:00\" \/>\n\t\t<meta name=\"twitter:card\" content=\"summary_large_image\" \/>\n\t\t<meta name=\"twitter:title\" content=\"RFK Jr. i \u017bydzi. Co powiedzia\u0142by Zygmunt Freud? - Wolno\u015b\u0107 i Anarchia\" \/>\n\t\t<meta name=\"twitter:description\" content=\"Autor, KEVIN BARRETT \u2022 23 LIPCA 2023 R Link do filmu Powiedzie\u0107, \u017ce RFK Jr. robi wszystko, co w jego mocy, aby unikn\u0105\u0107 obra\u017cania \u017byd\u00f3w, by\u0142oby niedopowiedzeniem. Przedstawia si\u0119 jako najwi\u0119kszy na \u015bwiecie przyjaciel narodu \u017cydowskiego w og\u00f3le, a \u017cydowskiego ( supremacyjnego ) pa\u0144stwa Izrael w szczeg\u00f3lno\u015bci. Pierwszym mainstreamowym artyku\u0142em, kt\u00f3ry z pozytywnym akcentem relacjonowa\u0142 kampani\u0119 prezydenck\u0105 RFK, by\u0142 artyku\u0142\" \/>\n\t\t<meta name=\"twitter:image\" content=\"https:\/\/wia.net.pl\/wp-content\/uploads\/2023\/11\/cropped-freedom-i73367.jpg\" \/>\n\t\t<script type=\"application\/ld+json\" class=\"aioseo-schema\">\n\t\t\t{\"@context\":\"https:\\\/\\\/schema.org\",\"@graph\":[{\"@type\":\"BlogPosting\",\"@id\":\"https:\\\/\\\/wia.net.pl\\\/index.php\\\/2023\\\/07\\\/26\\\/rfk-jr-i-zydzi-co-powiedzialby-zygmunt-freud\\\/#blogposting\",\"name\":\"RFK Jr. i \\u017bydzi. Co powiedzia\\u0142by Zygmunt Freud? - Wolno\\u015b\\u0107 i Anarchia\",\"headline\":\"RFK Jr. i \\u017bydzi. Co powiedzia\\u0142by Zygmunt Freud?\",\"author\":{\"@id\":\"https:\\\/\\\/wia.net.pl\\\/index.php\\\/author\\\/trinity\\\/#author\"},\"publisher\":{\"@id\":\"https:\\\/\\\/wia.net.pl\\\/#person\"},\"image\":{\"@type\":\"ImageObject\",\"url\":\"https:\\\/\\\/wia.net.pl\\\/wp-content\\\/uploads\\\/2023\\\/07\\\/RFK-Jr.-i-Zydzi.-Co-powiedzialby-Zygmunt-Freud.jpg\",\"width\":1920,\"height\":1080},\"datePublished\":\"2023-07-26T14:41:56+02:00\",\"dateModified\":\"2023-07-26T14:41:56+02:00\",\"inLanguage\":\"pl-PL\",\"mainEntityOfPage\":{\"@id\":\"https:\\\/\\\/wia.net.pl\\\/index.php\\\/2023\\\/07\\\/26\\\/rfk-jr-i-zydzi-co-powiedzialby-zygmunt-freud\\\/#webpage\"},\"isPartOf\":{\"@id\":\"https:\\\/\\\/wia.net.pl\\\/index.php\\\/2023\\\/07\\\/26\\\/rfk-jr-i-zydzi-co-powiedzialby-zygmunt-freud\\\/#webpage\"},\"articleSection\":\"Artyku\\u0142y\"},{\"@type\":\"BreadcrumbList\",\"@id\":\"https:\\\/\\\/wia.net.pl\\\/index.php\\\/2023\\\/07\\\/26\\\/rfk-jr-i-zydzi-co-powiedzialby-zygmunt-freud\\\/#breadcrumblist\",\"itemListElement\":[{\"@type\":\"ListItem\",\"@id\":\"https:\\\/\\\/wia.net.pl#listItem\",\"position\":1,\"name\":\"Home\",\"item\":\"https:\\\/\\\/wia.net.pl\",\"nextItem\":{\"@type\":\"ListItem\",\"@id\":\"https:\\\/\\\/wia.net.pl\\\/index.php\\\/category\\\/artykuly\\\/#listItem\",\"name\":\"Artyku\\u0142y\"}},{\"@type\":\"ListItem\",\"@id\":\"https:\\\/\\\/wia.net.pl\\\/index.php\\\/category\\\/artykuly\\\/#listItem\",\"position\":2,\"name\":\"Artyku\\u0142y\",\"item\":\"https:\\\/\\\/wia.net.pl\\\/index.php\\\/category\\\/artykuly\\\/\",\"nextItem\":{\"@type\":\"ListItem\",\"@id\":\"https:\\\/\\\/wia.net.pl\\\/index.php\\\/2023\\\/07\\\/26\\\/rfk-jr-i-zydzi-co-powiedzialby-zygmunt-freud\\\/#listItem\",\"name\":\"RFK Jr. i \\u017bydzi. Co powiedzia\\u0142by Zygmunt Freud?\"},\"previousItem\":{\"@type\":\"ListItem\",\"@id\":\"https:\\\/\\\/wia.net.pl#listItem\",\"name\":\"Home\"}},{\"@type\":\"ListItem\",\"@id\":\"https:\\\/\\\/wia.net.pl\\\/index.php\\\/2023\\\/07\\\/26\\\/rfk-jr-i-zydzi-co-powiedzialby-zygmunt-freud\\\/#listItem\",\"position\":3,\"name\":\"RFK Jr. i \\u017bydzi. Co powiedzia\\u0142by Zygmunt Freud?\",\"previousItem\":{\"@type\":\"ListItem\",\"@id\":\"https:\\\/\\\/wia.net.pl\\\/index.php\\\/category\\\/artykuly\\\/#listItem\",\"name\":\"Artyku\\u0142y\"}}]},{\"@type\":\"Person\",\"@id\":\"https:\\\/\\\/wia.net.pl\\\/#person\",\"name\":\"Bart\\u0142omiej Talarczyk\",\"image\":{\"@type\":\"ImageObject\",\"@id\":\"https:\\\/\\\/wia.net.pl\\\/index.php\\\/2023\\\/07\\\/26\\\/rfk-jr-i-zydzi-co-powiedzialby-zygmunt-freud\\\/#personImage\",\"url\":\"https:\\\/\\\/wia.net.pl\\\/wp-content\\\/uploads\\\/avatar-privacy\\\/cache\\\/user\\\/1\\\/7\\\/176a6b161c58363ff49b5c167264231f519f5c7fa183ca1f61e891769b6b56d5-96.jpg\",\"width\":96,\"height\":96,\"caption\":\"Bart\\u0142omiej Talarczyk\"}},{\"@type\":\"Person\",\"@id\":\"https:\\\/\\\/wia.net.pl\\\/index.php\\\/author\\\/trinity\\\/#author\",\"url\":\"https:\\\/\\\/wia.net.pl\\\/index.php\\\/author\\\/trinity\\\/\",\"name\":\"trinity\",\"image\":{\"@type\":\"ImageObject\",\"@id\":\"https:\\\/\\\/wia.net.pl\\\/index.php\\\/2023\\\/07\\\/26\\\/rfk-jr-i-zydzi-co-powiedzialby-zygmunt-freud\\\/#authorImage\",\"url\":\"https:\\\/\\\/wia.net.pl\\\/wp-content\\\/uploads\\\/avatar-privacy\\\/cache\\\/user\\\/5\\\/f\\\/5f6547cf82495eaa10e100a6a45d5dbde2dfdc1be88557de2018fca705bdf6f1-96.jpg\",\"width\":96,\"height\":96,\"caption\":\"trinity\"}},{\"@type\":\"WebPage\",\"@id\":\"https:\\\/\\\/wia.net.pl\\\/index.php\\\/2023\\\/07\\\/26\\\/rfk-jr-i-zydzi-co-powiedzialby-zygmunt-freud\\\/#webpage\",\"url\":\"https:\\\/\\\/wia.net.pl\\\/index.php\\\/2023\\\/07\\\/26\\\/rfk-jr-i-zydzi-co-powiedzialby-zygmunt-freud\\\/\",\"name\":\"RFK Jr. i \\u017bydzi. Co powiedzia\\u0142by Zygmunt Freud? - Wolno\\u015b\\u0107 i Anarchia\",\"description\":\"Autor, KEVIN BARRETT \\u2022 23 LIPCA 2023 R Link do filmu Powiedzie\\u0107, \\u017ce RFK Jr. robi wszystko, co w jego mocy, aby unikn\\u0105\\u0107 obra\\u017cania \\u017byd\\u00f3w, by\\u0142oby niedopowiedzeniem. Przedstawia si\\u0119 jako najwi\\u0119kszy na \\u015bwiecie przyjaciel narodu \\u017cydowskiego w og\\u00f3le, a \\u017cydowskiego ( supremacyjnego ) pa\\u0144stwa Izrael w szczeg\\u00f3lno\\u015bci. Pierwszym mainstreamowym artyku\\u0142em, kt\\u00f3ry z pozytywnym akcentem relacjonowa\\u0142 kampani\\u0119 prezydenck\\u0105 RFK, by\\u0142 artyku\\u0142\",\"inLanguage\":\"pl-PL\",\"isPartOf\":{\"@id\":\"https:\\\/\\\/wia.net.pl\\\/#website\"},\"breadcrumb\":{\"@id\":\"https:\\\/\\\/wia.net.pl\\\/index.php\\\/2023\\\/07\\\/26\\\/rfk-jr-i-zydzi-co-powiedzialby-zygmunt-freud\\\/#breadcrumblist\"},\"author\":{\"@id\":\"https:\\\/\\\/wia.net.pl\\\/index.php\\\/author\\\/trinity\\\/#author\"},\"creator\":{\"@id\":\"https:\\\/\\\/wia.net.pl\\\/index.php\\\/author\\\/trinity\\\/#author\"},\"image\":{\"@type\":\"ImageObject\",\"url\":\"https:\\\/\\\/wia.net.pl\\\/wp-content\\\/uploads\\\/2023\\\/07\\\/RFK-Jr.-i-Zydzi.-Co-powiedzialby-Zygmunt-Freud.jpg\",\"@id\":\"https:\\\/\\\/wia.net.pl\\\/index.php\\\/2023\\\/07\\\/26\\\/rfk-jr-i-zydzi-co-powiedzialby-zygmunt-freud\\\/#mainImage\",\"width\":1920,\"height\":1080},\"primaryImageOfPage\":{\"@id\":\"https:\\\/\\\/wia.net.pl\\\/index.php\\\/2023\\\/07\\\/26\\\/rfk-jr-i-zydzi-co-powiedzialby-zygmunt-freud\\\/#mainImage\"},\"datePublished\":\"2023-07-26T14:41:56+02:00\",\"dateModified\":\"2023-07-26T14:41:56+02:00\"},{\"@type\":\"WebSite\",\"@id\":\"https:\\\/\\\/wia.net.pl\\\/#website\",\"url\":\"https:\\\/\\\/wia.net.pl\\\/\",\"name\":\"Wolno\\u015b\\u0107 i Anarchia\",\"description\":\"Ka\\u017cdy wewn\\u0119trznie jest anarchist\\u0105.\",\"inLanguage\":\"pl-PL\",\"publisher\":{\"@id\":\"https:\\\/\\\/wia.net.pl\\\/#person\"}}]}\n\t\t<\/script>\n\t\t<!-- All in One SEO -->\n\n","aioseo_head_json":{"title":"RFK Jr. i \u017bydzi. Co powiedzia\u0142by Zygmunt Freud? - Wolno\u015b\u0107 i Anarchia","description":"Autor, KEVIN BARRETT \u2022 23 LIPCA 2023 R Link do filmu Powiedzie\u0107, \u017ce RFK Jr. robi wszystko, co w jego mocy, aby unikn\u0105\u0107 obra\u017cania \u017byd\u00f3w, by\u0142oby niedopowiedzeniem. Przedstawia si\u0119 jako najwi\u0119kszy na \u015bwiecie przyjaciel narodu \u017cydowskiego w og\u00f3le, a \u017cydowskiego ( supremacyjnego ) pa\u0144stwa Izrael w szczeg\u00f3lno\u015bci. Pierwszym mainstreamowym artyku\u0142em, kt\u00f3ry z pozytywnym akcentem relacjonowa\u0142 kampani\u0119 prezydenck\u0105 RFK, by\u0142 artyku\u0142","canonical_url":"https:\/\/wia.net.pl\/index.php\/2023\/07\/26\/rfk-jr-i-zydzi-co-powiedzialby-zygmunt-freud\/","robots":"max-image-preview:large","keywords":"","webmasterTools":{"miscellaneous":""},"schema":{"@context":"https:\/\/schema.org","@graph":[{"@type":"BlogPosting","@id":"https:\/\/wia.net.pl\/index.php\/2023\/07\/26\/rfk-jr-i-zydzi-co-powiedzialby-zygmunt-freud\/#blogposting","name":"RFK Jr. i \u017bydzi. Co powiedzia\u0142by Zygmunt Freud? - Wolno\u015b\u0107 i Anarchia","headline":"RFK Jr. i \u017bydzi. Co powiedzia\u0142by Zygmunt Freud?","author":{"@id":"https:\/\/wia.net.pl\/index.php\/author\/trinity\/#author"},"publisher":{"@id":"https:\/\/wia.net.pl\/#person"},"image":{"@type":"ImageObject","url":"https:\/\/wia.net.pl\/wp-content\/uploads\/2023\/07\/RFK-Jr.-i-Zydzi.-Co-powiedzialby-Zygmunt-Freud.jpg","width":1920,"height":1080},"datePublished":"2023-07-26T14:41:56+02:00","dateModified":"2023-07-26T14:41:56+02:00","inLanguage":"pl-PL","mainEntityOfPage":{"@id":"https:\/\/wia.net.pl\/index.php\/2023\/07\/26\/rfk-jr-i-zydzi-co-powiedzialby-zygmunt-freud\/#webpage"},"isPartOf":{"@id":"https:\/\/wia.net.pl\/index.php\/2023\/07\/26\/rfk-jr-i-zydzi-co-powiedzialby-zygmunt-freud\/#webpage"},"articleSection":"Artyku\u0142y"},{"@type":"BreadcrumbList","@id":"https:\/\/wia.net.pl\/index.php\/2023\/07\/26\/rfk-jr-i-zydzi-co-powiedzialby-zygmunt-freud\/#breadcrumblist","itemListElement":[{"@type":"ListItem","@id":"https:\/\/wia.net.pl#listItem","position":1,"name":"Home","item":"https:\/\/wia.net.pl","nextItem":{"@type":"ListItem","@id":"https:\/\/wia.net.pl\/index.php\/category\/artykuly\/#listItem","name":"Artyku\u0142y"}},{"@type":"ListItem","@id":"https:\/\/wia.net.pl\/index.php\/category\/artykuly\/#listItem","position":2,"name":"Artyku\u0142y","item":"https:\/\/wia.net.pl\/index.php\/category\/artykuly\/","nextItem":{"@type":"ListItem","@id":"https:\/\/wia.net.pl\/index.php\/2023\/07\/26\/rfk-jr-i-zydzi-co-powiedzialby-zygmunt-freud\/#listItem","name":"RFK Jr. i \u017bydzi. Co powiedzia\u0142by Zygmunt Freud?"},"previousItem":{"@type":"ListItem","@id":"https:\/\/wia.net.pl#listItem","name":"Home"}},{"@type":"ListItem","@id":"https:\/\/wia.net.pl\/index.php\/2023\/07\/26\/rfk-jr-i-zydzi-co-powiedzialby-zygmunt-freud\/#listItem","position":3,"name":"RFK Jr. i \u017bydzi. Co powiedzia\u0142by Zygmunt Freud?","previousItem":{"@type":"ListItem","@id":"https:\/\/wia.net.pl\/index.php\/category\/artykuly\/#listItem","name":"Artyku\u0142y"}}]},{"@type":"Person","@id":"https:\/\/wia.net.pl\/#person","name":"Bart\u0142omiej Talarczyk","image":{"@type":"ImageObject","@id":"https:\/\/wia.net.pl\/index.php\/2023\/07\/26\/rfk-jr-i-zydzi-co-powiedzialby-zygmunt-freud\/#personImage","url":"https:\/\/wia.net.pl\/wp-content\/uploads\/avatar-privacy\/cache\/user\/1\/7\/176a6b161c58363ff49b5c167264231f519f5c7fa183ca1f61e891769b6b56d5-96.jpg","width":96,"height":96,"caption":"Bart\u0142omiej Talarczyk"}},{"@type":"Person","@id":"https:\/\/wia.net.pl\/index.php\/author\/trinity\/#author","url":"https:\/\/wia.net.pl\/index.php\/author\/trinity\/","name":"trinity","image":{"@type":"ImageObject","@id":"https:\/\/wia.net.pl\/index.php\/2023\/07\/26\/rfk-jr-i-zydzi-co-powiedzialby-zygmunt-freud\/#authorImage","url":"https:\/\/wia.net.pl\/wp-content\/uploads\/avatar-privacy\/cache\/user\/5\/f\/5f6547cf82495eaa10e100a6a45d5dbde2dfdc1be88557de2018fca705bdf6f1-96.jpg","width":96,"height":96,"caption":"trinity"}},{"@type":"WebPage","@id":"https:\/\/wia.net.pl\/index.php\/2023\/07\/26\/rfk-jr-i-zydzi-co-powiedzialby-zygmunt-freud\/#webpage","url":"https:\/\/wia.net.pl\/index.php\/2023\/07\/26\/rfk-jr-i-zydzi-co-powiedzialby-zygmunt-freud\/","name":"RFK Jr. i \u017bydzi. Co powiedzia\u0142by Zygmunt Freud? - Wolno\u015b\u0107 i Anarchia","description":"Autor, KEVIN BARRETT \u2022 23 LIPCA 2023 R Link do filmu Powiedzie\u0107, \u017ce RFK Jr. robi wszystko, co w jego mocy, aby unikn\u0105\u0107 obra\u017cania \u017byd\u00f3w, by\u0142oby niedopowiedzeniem. Przedstawia si\u0119 jako najwi\u0119kszy na \u015bwiecie przyjaciel narodu \u017cydowskiego w og\u00f3le, a \u017cydowskiego ( supremacyjnego ) pa\u0144stwa Izrael w szczeg\u00f3lno\u015bci. Pierwszym mainstreamowym artyku\u0142em, kt\u00f3ry z pozytywnym akcentem relacjonowa\u0142 kampani\u0119 prezydenck\u0105 RFK, by\u0142 artyku\u0142","inLanguage":"pl-PL","isPartOf":{"@id":"https:\/\/wia.net.pl\/#website"},"breadcrumb":{"@id":"https:\/\/wia.net.pl\/index.php\/2023\/07\/26\/rfk-jr-i-zydzi-co-powiedzialby-zygmunt-freud\/#breadcrumblist"},"author":{"@id":"https:\/\/wia.net.pl\/index.php\/author\/trinity\/#author"},"creator":{"@id":"https:\/\/wia.net.pl\/index.php\/author\/trinity\/#author"},"image":{"@type":"ImageObject","url":"https:\/\/wia.net.pl\/wp-content\/uploads\/2023\/07\/RFK-Jr.-i-Zydzi.-Co-powiedzialby-Zygmunt-Freud.jpg","@id":"https:\/\/wia.net.pl\/index.php\/2023\/07\/26\/rfk-jr-i-zydzi-co-powiedzialby-zygmunt-freud\/#mainImage","width":1920,"height":1080},"primaryImageOfPage":{"@id":"https:\/\/wia.net.pl\/index.php\/2023\/07\/26\/rfk-jr-i-zydzi-co-powiedzialby-zygmunt-freud\/#mainImage"},"datePublished":"2023-07-26T14:41:56+02:00","dateModified":"2023-07-26T14:41:56+02:00"},{"@type":"WebSite","@id":"https:\/\/wia.net.pl\/#website","url":"https:\/\/wia.net.pl\/","name":"Wolno\u015b\u0107 i Anarchia","description":"Ka\u017cdy wewn\u0119trznie jest anarchist\u0105.","inLanguage":"pl-PL","publisher":{"@id":"https:\/\/wia.net.pl\/#person"}}]},"og:locale":"pl_PL","og:site_name":"Wolno\u015b\u0107 i Anarchia - Ka\u017cdy wewn\u0119trznie jest anarchist\u0105.","og:type":"article","og:title":"RFK Jr. i \u017bydzi. Co powiedzia\u0142by Zygmunt Freud? - Wolno\u015b\u0107 i Anarchia","og:description":"Autor, KEVIN BARRETT \u2022 23 LIPCA 2023 R Link do filmu Powiedzie\u0107, \u017ce RFK Jr. robi wszystko, co w jego mocy, aby unikn\u0105\u0107 obra\u017cania \u017byd\u00f3w, by\u0142oby niedopowiedzeniem. Przedstawia si\u0119 jako najwi\u0119kszy na \u015bwiecie przyjaciel narodu \u017cydowskiego w og\u00f3le, a \u017cydowskiego ( supremacyjnego ) pa\u0144stwa Izrael w szczeg\u00f3lno\u015bci. Pierwszym mainstreamowym artyku\u0142em, kt\u00f3ry z pozytywnym akcentem relacjonowa\u0142 kampani\u0119 prezydenck\u0105 RFK, by\u0142 artyku\u0142","og:url":"https:\/\/wia.net.pl\/index.php\/2023\/07\/26\/rfk-jr-i-zydzi-co-powiedzialby-zygmunt-freud\/","og:image":"https:\/\/wia.net.pl\/wp-content\/uploads\/2023\/11\/cropped-freedom-i73367.jpg","og:image:secure_url":"https:\/\/wia.net.pl\/wp-content\/uploads\/2023\/11\/cropped-freedom-i73367.jpg","article:published_time":"2023-07-26T12:41:56+00:00","article:modified_time":"2023-07-26T12:41:56+00:00","twitter:card":"summary_large_image","twitter:title":"RFK Jr. i \u017bydzi. Co powiedzia\u0142by Zygmunt Freud? - Wolno\u015b\u0107 i Anarchia","twitter:description":"Autor, KEVIN BARRETT \u2022 23 LIPCA 2023 R Link do filmu Powiedzie\u0107, \u017ce RFK Jr. robi wszystko, co w jego mocy, aby unikn\u0105\u0107 obra\u017cania \u017byd\u00f3w, by\u0142oby niedopowiedzeniem. Przedstawia si\u0119 jako najwi\u0119kszy na \u015bwiecie przyjaciel narodu \u017cydowskiego w og\u00f3le, a \u017cydowskiego ( supremacyjnego ) pa\u0144stwa Izrael w szczeg\u00f3lno\u015bci. Pierwszym mainstreamowym artyku\u0142em, kt\u00f3ry z pozytywnym akcentem relacjonowa\u0142 kampani\u0119 prezydenck\u0105 RFK, by\u0142 artyku\u0142","twitter:image":"https:\/\/wia.net.pl\/wp-content\/uploads\/2023\/11\/cropped-freedom-i73367.jpg"},"aioseo_meta_data":{"post_id":"3365","title":null,"description":null,"keywords":[],"keyphrases":{"focus":{"keyphrase":"","score":0,"analysis":{"keyphraseInTitle":{"score":0,"maxScore":9,"error":1}}},"additional":[]},"primary_term":null,"canonical_url":null,"og_title":null,"og_description":null,"og_object_type":"default","og_image_type":"default","og_image_url":null,"og_image_width":null,"og_image_height":null,"og_image_custom_url":null,"og_image_custom_fields":null,"og_video":"","og_custom_url":null,"og_article_section":null,"og_article_tags":[],"twitter_use_og":false,"twitter_card":"default","twitter_image_type":"default","twitter_image_url":null,"twitter_image_custom_url":null,"twitter_image_custom_fields":null,"twitter_title":null,"twitter_description":null,"schema":{"blockGraphs":[],"customGraphs":[],"default":{"data":{"Article":[],"Course":[],"Dataset":[],"FAQPage":[],"Movie":[],"Person":[],"Product":[],"ProductReview":[],"Car":[],"Recipe":[],"Service":[],"SoftwareApplication":[],"WebPage":[]},"graphName":"BlogPosting","isEnabled":true},"graphs":[]},"schema_type":"default","schema_type_options":null,"pillar_content":false,"robots_default":true,"robots_noindex":false,"robots_noarchive":false,"robots_nosnippet":false,"robots_nofollow":false,"robots_noimageindex":false,"robots_noodp":false,"robots_notranslate":false,"robots_max_snippet":"-1","robots_max_videopreview":"-1","robots_max_imagepreview":"large","priority":null,"frequency":"default","local_seo":null,"breadcrumb_settings":null,"limit_modified_date":false,"ai":null,"created":"2023-07-26 12:40:27","updated":"2025-06-04 08:45:57","seo_analyzer_scan_date":null,"focus_keyword":null,"additional_keywords":null,"truseo_locale":null},"aioseo_breadcrumb":"<div class=\"aioseo-breadcrumbs\"><span class=\"aioseo-breadcrumb\">\n\t\t\t<a href=\"https:\/\/wia.net.pl\" title=\"Home\">Home<\/a>\n\t\t<\/span><span class=\"aioseo-breadcrumb-separator\">&raquo;<\/span><span class=\"aioseo-breadcrumb\">\n\t\t\t<a href=\"https:\/\/wia.net.pl\/index.php\/category\/artykuly\/\" title=\"Artyku\u0142y\">Artyku\u0142y<\/a>\n\t\t<\/span><span class=\"aioseo-breadcrumb-separator\">&raquo;<\/span><span class=\"aioseo-breadcrumb\">\n\t\t\tRFK Jr. i \u017bydzi. Co powiedzia\u0142by Zygmunt Freud?\n\t\t<\/span><\/div>","aioseo_breadcrumb_json":[{"label":"Home","link":"https:\/\/wia.net.pl"},{"label":"Artyku\u0142y","link":"https:\/\/wia.net.pl\/index.php\/category\/artykuly\/"},{"label":"RFK Jr. i \u017bydzi. Co powiedzia\u0142by Zygmunt Freud?","link":"https:\/\/wia.net.pl\/index.php\/2023\/07\/26\/rfk-jr-i-zydzi-co-powiedzialby-zygmunt-freud\/"}],"_links":{"self":[{"href":"https:\/\/wia.net.pl\/index.php\/wp-json\/wp\/v2\/posts\/3365"}],"collection":[{"href":"https:\/\/wia.net.pl\/index.php\/wp-json\/wp\/v2\/posts"}],"about":[{"href":"https:\/\/wia.net.pl\/index.php\/wp-json\/wp\/v2\/types\/post"}],"author":[{"embeddable":true,"href":"https:\/\/wia.net.pl\/index.php\/wp-json\/wp\/v2\/users\/2"}],"replies":[{"embeddable":true,"href":"https:\/\/wia.net.pl\/index.php\/wp-json\/wp\/v2\/comments?post=3365"}],"version-history":[{"count":1,"href":"https:\/\/wia.net.pl\/index.php\/wp-json\/wp\/v2\/posts\/3365\/revisions"}],"predecessor-version":[{"id":3367,"href":"https:\/\/wia.net.pl\/index.php\/wp-json\/wp\/v2\/posts\/3365\/revisions\/3367"}],"wp:featuredmedia":[{"embeddable":true,"href":"https:\/\/wia.net.pl\/index.php\/wp-json\/wp\/v2\/media\/3366"}],"wp:attachment":[{"href":"https:\/\/wia.net.pl\/index.php\/wp-json\/wp\/v2\/media?parent=3365"}],"wp:term":[{"taxonomy":"category","embeddable":true,"href":"https:\/\/wia.net.pl\/index.php\/wp-json\/wp\/v2\/categories?post=3365"},{"taxonomy":"post_tag","embeddable":true,"href":"https:\/\/wia.net.pl\/index.php\/wp-json\/wp\/v2\/tags?post=3365"}],"curies":[{"name":"wp","href":"https:\/\/api.w.org\/{rel}","templated":true}]}}