{"id":3384,"date":"2023-07-27T15:01:20","date_gmt":"2023-07-27T13:01:20","guid":{"rendered":"https:\/\/wia.net.pl\/?p=3384"},"modified":"2023-07-27T15:01:21","modified_gmt":"2023-07-27T13:01:21","slug":"usa-skany-twarzy-dzieci-ochrona-czy-handel","status":"publish","type":"post","link":"https:\/\/wia.net.pl\/index.php\/2023\/07\/27\/usa-skany-twarzy-dzieci-ochrona-czy-handel\/","title":{"rendered":"USA-Skany twarzy dzieci &#8211; Ochrona czy Handel?"},"content":{"rendered":"\n<p>Rz\u0105d USA chce skan\u00f3w twarzy wszystkich dzieci: aby \u201echroni\u0107\u201d dzieci czy handlowa\u0107 nimi?<\/p>\n\n\n\n<p>Autor,\u00a0<strong>Brian Shilhavy<\/strong><br><strong>Editor, Health Impact News<\/strong><\/p>\n\n\n\n<figure class=\"wp-block-image size-full\"><img loading=\"lazy\" decoding=\"async\" width=\"900\" height=\"493\" src=\"https:\/\/wia.net.pl\/wp-content\/uploads\/2023\/07\/Biometric-Verification-Boy-Face.jpg\" alt=\"\" class=\"wp-image-3385\" srcset=\"https:\/\/wia.net.pl\/wp-content\/uploads\/2023\/07\/Biometric-Verification-Boy-Face.jpg 900w, https:\/\/wia.net.pl\/wp-content\/uploads\/2023\/07\/Biometric-Verification-Boy-Face-300x164.jpg 300w, https:\/\/wia.net.pl\/wp-content\/uploads\/2023\/07\/Biometric-Verification-Boy-Face-768x421.jpg 768w\" sizes=\"(max-width: 900px) 100vw, 900px\" \/><\/figure>\n\n\n\n<p>FTC (Federalna Komisja Handlu) rz\u0105du federalnego Stan\u00f3w Zjednoczonych rozwa\u017ca umo\u017cliwienie firmom korzystania z biometrycznych skan\u00f3w twarzy dzieci poni\u017cej 13 roku \u017cycia jako \u201e&nbsp;<em>nowego mechanizmu uzyskiwania zgody rodzic\u00f3w<\/em>&nbsp;\u201d.<\/p>\n\n\n\n<blockquote class=\"wp-block-quote is-layout-flow wp-block-quote-is-layout-flow\">\n<p>Federalna Komisja Handlu prosi o komentarz w sprawie wniosku z\u0142o\u017conego przez Entertainment Software Rating Board (ESRB) i inne podmioty w sprawie nowego mechanizmu uzyskiwania zgody rodzic\u00f3w na mocy ustawy o ochronie prywatno\u015bci dzieci w Internecie.<\/p>\n\n\n\n<p>Do ESRB, kt\u00f3ra obecnie prowadzi program bezpiecznej przystani COPPA, do\u0142\u0105czy\u0142a Yoti, firma zajmuj\u0105ca si\u0119 to\u017csamo\u015bci\u0105 cyfrow\u0105, oraz SuperAwesome, kt\u00f3ra zapewnia technologi\u0119 pomagaj\u0105c\u0105 firmom spe\u0142ni\u0107 wymagania weryfikacji rodzicielskiej.&nbsp;Firmy wyst\u0105pi\u0142y o zgod\u0119 na wykorzystanie technologii \u201eOszacowania wieku twarzy chroni\u0105cej prywatno\u015b\u0107\u201d, kt\u00f3ra analizuje geometri\u0119 twarzy u\u017cytkownika w celu potwierdzenia, \u017ce \u200b\u200bjest on osob\u0105 doros\u0142\u0105.<\/p>\n\n\n\n<p>Zgodnie z Zasad\u0105 COPPA strony internetowe i us\u0142ugi skierowane do dzieci poni\u017cej 13 roku \u017cycia musz\u0105 uzyska\u0107 zgod\u0119 rodzic\u00f3w przed zebraniem lub wykorzystaniem danych osobowych od dziecka.&nbsp;Regu\u0142a okre\u015bla szereg dopuszczalnych metod uzyskiwania zgody rodzic\u00f3w, ale zawiera r\u00f3wnie\u017c przepis umo\u017cliwiaj\u0105cy zainteresowanym stronom przedk\u0142adanie Komisji do zatwierdzenia nowych, weryfikowalnych metod uzyskiwania zgody rodzic\u00f3w.<\/p>\n\n\n\n<p>W zawiadomieniu o Rejestrze Federalnym FTC prosi o komentarz w sprawie szeregu pyta\u0144 zwi\u0105zanych z wnioskiem, w tym o to, czy proponowana metoda weryfikacji wieku jest obj\u0119ta istniej\u0105cymi metodami;&nbsp;czy proponowana metoda spe\u0142nia wymogi wynikaj\u0105ce z zasady COPPA;&nbsp;oraz&nbsp;<strong>czy proponowana metoda stwarza zagro\u017cenie dla prywatno\u015bci danych osobowych konsument\u00f3w, w tym ich danych biometrycznych<\/strong>&nbsp;.<\/p>\n\n\n\n<p>Opinia publiczna b\u0119dzie mia\u0142a czas do 21 sierpnia 2023 r. na zg\u0142aszanie uwag.&nbsp;Po przes\u0142aniu komentarze zostan\u0105 opublikowane na stronie Regulations.gov.<\/p>\n\n\n\n<p>UWAGA: Publikacja tego zawiadomienia o Rejestrze Federalnym jest wymagana przez Regu\u0142\u0119 i nie oznacza zatwierdzenia lub zatwierdzenia programu przez Komisj\u0119.&nbsp;Komisja ma 120 dni na dokonanie przegl\u0105du proponowanych weryfikowalnych metod uzyskiwania zgody rodzic\u00f3w i musi przedstawi\u0107 swoje wnioski na pi\u015bmie.&nbsp;(Podkre\u015blenie moje.&nbsp;<a href=\"https:\/\/www.ftc.gov\/news-events\/news\/press-releases\/2023\/07\/ftc-seeks-comment-new-parental-consent-mechanism-under-coppa\" target=\"_blank\" rel=\"noreferrer noopener\">Pe\u0142ny komunikat prasowy<\/a>&nbsp;.)<\/p>\n<\/blockquote>\n\n\n\n<p>Jak zauwa\u017cy\u0142a FTC w tym komunikacie prasowym: \u201e&nbsp;<em>Zgodnie z zasad\u0105 COPPA strony internetowe i us\u0142ugi skierowane do dzieci poni\u017cej 13 roku \u017cycia musz\u0105 uzyska\u0107 zgod\u0119 rodzic\u00f3w przed zebraniem lub wykorzystaniem danych osobowych dziecka<\/em>&nbsp;\u201d.<\/p>\n\n\n\n<p>Czy zatem rodzice dzieci poni\u017cej 13 roku \u017cycia narzekaj\u0105 na strony internetowe gromadz\u0105ce dane o ich dzieciach i zwracaj\u0105 si\u0119 do FTC o ochron\u0119 ich dzieci?<\/p>\n\n\n\n<p>Nie, to firmy zwracaj\u0105 si\u0119 do FTC o zezwolenie na skanowanie twarzy dzieci poni\u017cej 13 roku \u017cycia, rzekomo jako system \u201eweryfikacji wieku\u201d.<\/p>\n\n\n\n<blockquote class=\"wp-block-quote is-layout-flow wp-block-quote-is-layout-flow\">\n<p><strong>Stany Zjednoczone chc\u0105 skomentowa\u0107 pomys\u0142 szacowania wieku w celu ochrony dzieci, Yoti prosi o zatwierdzenie<\/strong><\/p>\n\n\n\n<p>Firmy zwracaj\u0105 si\u0119 do ameryka\u0144skich organ\u00f3w regulacyjnych o zatwierdzenie szacowania wieku twarzy jako narz\u0119dzia do segregacji ludzi online wed\u0142ug wieku, a rz\u0105d z kolei prosi o komentarz na temat tego pomys\u0142u.<\/p>\n\n\n\n<p>Firmy to Yoti, firma produkuj\u0105ca oprogramowanie do identyfikacji cyfrowej, sp\u00f3\u0142ka zale\u017cna Epic Games SuperAwesome oraz Rada Oceny Oprogramowania Rozrywkowego.&nbsp;Chc\u0105, aby Federalna Komisja Handlu zezwoli\u0142a firmom zajmuj\u0105cym si\u0119 tre\u015bciami i us\u0142ugami online odrzucanie dzieci za pomoc\u0105 oprogramowania, kt\u00f3re analizuje dane biometryczne twarzy z pewnym stopniem prywatno\u015bci.<\/p>\n\n\n\n<p>W szczeg\u00f3lno\u015bci trzej sk\u0142adaj\u0105cy petycj\u0119 chc\u0105, aby firmy mog\u0142y legalnie dodawa\u0107 oprogramowanie do szacowania wieku do innych narz\u0119dzi, z kt\u00f3rych bran\u017ca mo\u017ce korzysta\u0107 na mocy federalnej ustawy o ochronie prywatno\u015bci dzieci w Internecie (COPPA).&nbsp;(&nbsp;<a href=\"https:\/\/www.biometricupdate.com\/202307\/us-seeks-comment-on-age-estimation-idea-to-protect-children-yoti-requests-approval\" target=\"_blank\" rel=\"noreferrer noopener\">Pe\u0142ny artyku\u0142<\/a>&nbsp;.)<\/p>\n<\/blockquote>\n\n\n\n<p>Kiedy korporacyjna Ameryka i rz\u0105d USA promuj\u0105 nowe rozwi\u0105zanie rzekomego problemu, musimy zawsze patrze\u0107 i widzie\u0107, czym jest ten rzekomy \u201eproblem\u201d, aby uzasadni\u0107 now\u0105 interwencj\u0119 rz\u0105du.<\/p>\n\n\n\n<p>Wi\u0119c jaki dok\u0142adnie jest \u201eproblem\u201d z dzie\u0107mi, \u017ce firmy Big Tech i rz\u0105d USA chc\u0105 teraz zacz\u0105\u0107 skanowa\u0107 twarze dzieci, aby \u201ezweryfikowa\u0107\u201d ich wiek?<\/p>\n\n\n\n<p>Oto artyku\u0142 opublikowany wcze\u015bniej w tym miesi\u0105cu (lipiec 2023 r.), kt\u00f3ry podaje przyk\u0142ad tego \u201eproblemu\u201d.<\/p>\n\n\n\n<blockquote class=\"wp-block-quote is-layout-flow wp-block-quote-is-layout-flow\">\n<p><strong>\u015amiertelna ofiara e-hulajnogi pokazuje luk\u0119 w procesie zdalnego sprawdzania to\u017csamo\u015bci pod k\u0105tem ogranicze\u0144 wiekowych<\/strong><\/p>\n\n\n\n<p>Niefortunna \u015bmier\u0107 12-letniego ch\u0142opca w Anglii uwydatni\u0142a trudno\u015bci z egzekwowaniem ogranicze\u0144 wiekowych za pomoc\u0105 proces\u00f3w zdalnych i zwi\u0119kszy\u0142a prawdopodobie\u0144stwo, \u017ce uwierzytelnianie biometryczne mo\u017ce by\u0107 bardziej potrzebne.<\/p>\n\n\n\n<p>Wypo\u017cyczona przez m\u0142odzie\u017c e-hulajnoga mia\u0142a by\u0107 zarezerwowana dla os\u00f3b powy\u017cej 18 roku \u017cycia, ale 14-letni znajomy ch\u0142opca przeni\u00f3s\u0142 mu konto w wypo\u017cyczalni e-hulajn\u00f3g Voi za pomoc\u0105 kodu weryfikacyjnego wys\u0142anego na telefon kom\u00f3rkowy urz\u0105dzenie, na kt\u00f3rym zosta\u0142 stworzony, donosi BBC.&nbsp;(&nbsp;<a href=\"https:\/\/www.biometricupdate.com\/202307\/e-scooter-fatality-shows-gap-in-remote-id-check-process-for-age-restrictions\" target=\"_blank\" rel=\"noreferrer noopener\">Pe\u0142ny artyku\u0142<\/a>&nbsp;.)<\/p>\n<\/blockquote>\n\n\n\n<p>\u015amier\u0107 12-letniego ch\u0142opca jest tragiczna, niezale\u017cnie od przyczyny, ale czy ten pojedynczy incydent oznacza rosn\u0105ce zagro\u017cenie dla dzieci poni\u017cej 13 roku \u017cycia?&nbsp;Czy mo\u017cna to por\u00f3wna\u0107 do liczby dzieci w tym wieku, kt\u00f3re gin\u0105 w wypadkach samochodowych, ton\u0105 w basenie lub umieraj\u0105 po otrzymaniu szczepionki lub innego produktu farmaceutycznego?<\/p>\n\n\n\n<p>My\u015bl\u0119, \u017ce obecnie dzieci maj\u0105 o wiele powa\u017cniejsze problemy, kt\u00f3rymi rodzice powinni si\u0119 martwi\u0107, a wielu z tych problem\u00f3w nie da si\u0119 rozwi\u0105za\u0107, skanuj\u0105c twarze ameryka\u0144skich dzieci w celu \u201ezweryfikowania\u201d ich wieku.<\/p>\n\n\n\n<p>Na przyk\u0142ad istnieje wiele sytuacji, kt\u00f3re nara\u017caj\u0105 dzieci na niebezpiecze\u0144stwo, kt\u00f3re s\u0105 \u201elegalne\u201d, a obecnie nie potrzebuj\u0105 zgody rodzic\u00f3w.<\/p>\n\n\n\n<p>Na przyk\u0142ad w stanie Kalifornia ma\u0142oletnie dziecko mo\u017ce zdecydowa\u0107 si\u0119 na pewne szczepionki,&nbsp;<a href=\"https:\/\/healthimpactnews.com\/2022\/bill-to-let-12-year-olds-get-vaccine-without-parental-consent-could-be-voted-on-in-california-assembly-this-week\/\" target=\"_blank\" rel=\"noreferrer noopener\">w tym szczepionk\u0119 HPV Gardasil i szczepionki przeciwko COVID<\/a>&nbsp;, bez zgody rodzic\u00f3w, a teraz mo\u017ce r\u00f3wnie\u017c&nbsp;<a href=\"https:\/\/healthimpactnews.com\/2022\/new-california-law-allows-children-from-all-50-states-to-seek-transgender-medical-services-without-parents-permission\/\" target=\"_blank\" rel=\"noreferrer noopener\">zdecydowa\u0107 si\u0119 na transp\u0142ciowe operacje i leki bez zgody rodzic\u00f3w<\/a>&nbsp;.<\/p>\n\n\n\n<p>W wielu stanach ma\u0142oletnie dziecko mo\u017ce zdecydowa\u0107 si\u0119 na stosowanie antykoncepcji lub nawet na aborcj\u0119 bez zgody rodzic\u00f3w.<\/p>\n\n\n\n<p>Oprogramowanie do \u201eweryfikacji\u201d wieku dziecka jako \u201e&nbsp;<em>nowy mechanizm uzyskiwania zgody rodzic\u00f3w\u201d<\/em>&nbsp;nie ochroni ich w tych niebezpiecznych sytuacjach, bo zgoda rodzica nawet nie jest potrzebna.<\/p>\n\n\n\n<p>Tak wi\u0119c pozwolenie firmom na skanowanie twarzy ameryka\u0144skich dzieci poni\u017cej 13 roku \u017cycia nie jest tak naprawd\u0119 dzia\u0142aniem, kt\u00f3re FTC rozwa\u017ca, aby pom\u00f3c rodzicom, ale aby pom\u00f3c firmom zidentyfikowa\u0107 ma\u0142e dzieci i zweryfikowa\u0107 ich wiek.<\/p>\n\n\n\n<p>Twierdz\u0105, \u017ce zebrane obrazy \u201echroni\u0105 prywatno\u015b\u0107\u201d, ale sam akt zezwolenia na zeskanowanie twarzy ma\u0142ego dziecka \u201ez podaniem jego rzeczywistego miesi\u0105ca i roku urodzenia\u201d (\u017ar\u00f3d\u0142o ) oznacza, \u017ce \u200b\u200bs\u0105 one przechowywane w bazie danych gdzie\u015b,&nbsp;<a href=\"https:\/\/www.biometricupdate.com\/202307\/us-seeks-comment-on-age-estimation-idea-to-protect-children-yoti-requests-approval\" target=\"_blank\" rel=\"noreferrer noopener\">gdzie<\/a>&nbsp;pedofile b\u0119dzie mia\u0142 teraz dost\u0119p do tych informacji.<\/p>\n\n\n\n<p>A ci pedofile to nie tylko cz\u0142onkowie kartelu \u017cyj\u0105cy w d\u017cungli w odleg\u0142ych miejscach, takich jak Kolumbia.<\/p>\n\n\n\n<p>Nie, oni pracuj\u0105 w naszym rz\u0105dzie, w naszym narodowym systemie opieki nad dzie\u0107mi w us\u0142ugach \u201eochrony\u201d dzieci, w naszych szko\u0142ach i naszych ko\u015bcio\u0142ach, co tak cz\u0119sto dokumentowali\u015bmy tutaj w Health Impact News na przestrzeni&nbsp;<em>lat<\/em>&nbsp;.<\/p>\n\n\n\n<h2 class=\"wp-block-heading\">Jak bardzo kochasz swoje dzieci?<\/h2>\n\n\n<div class=\"wp-block-image\">\n<figure class=\"aligncenter\"><img decoding=\"async\" src=\"https:\/\/healthimpactnews.com\/wp-content\/uploads\/sites\/2\/2023\/07\/playground-children-running-Natural-reality-zone.jpg\" alt=\"\" class=\"wp-image-84303\"\/><\/figure><\/div>\n\n\n<p>Stany Zjednoczone s\u0105 dzi\u015b prawdopodobnie najbardziej niebezpiecznym krajem na \u015bwiecie do wychowywania dziecka, a ka\u017cdy rodzic musi zrozumie\u0107, \u017ce jego dziecko jest w ci\u0105g\u0142ym niebezpiecze\u0144stwie porwania, zwykle przez nasz w\u0142asny rz\u0105d, i handlu lud\u017ami.<\/p>\n\n\n\n<p>Co mo\u017ce zrobi\u0107 rodzic, aby chroni\u0107 swoje dzieci?<\/p>\n\n\n\n<p>Po pierwsze, trzymaj si\u0119 jak najdalej od propaguj\u0105cych szczepionki pediatr\u00f3w i szpitali \u201edzieci\u0119cych\u201d, poniewa\u017c porwania medyczne to prawdziwa rzecz, kt\u00f3ra ka\u017cdego dnia zdarza si\u0119 tysi\u0105com rodzin w ca\u0142ym&nbsp;<em>kraju<\/em>&nbsp;.&nbsp;Widzie\u0107:<\/p>\n\n\n\n<h3 class=\"wp-block-heading\"><a href=\"https:\/\/healthimpactnews.com\/2023\/new-documentary-on-medically-kidnapped-girl-whose-mother-committed-suicide-is-the-most-powerful-film-ever-produced-exposing-medical-kidnapping\/\" target=\"_blank\" rel=\"noreferrer noopener\">Nowy dokument o dziewczynie porwanej medycznie, kt\u00f3rej matka pope\u0142ni\u0142a samob\u00f3jstwo, to najmocniejszy film, jaki kiedykolwiek wyprodukowano, ujawniaj\u0105cy porwanie medyczne<\/a><\/h3>\n\n\n\n<p>Nast\u0119pnie nie posy\u0142ajcie swoich dzieci do szk\u00f3\u0142 publicznych i nie pozw\u00f3lcie rz\u0105dowi kszta\u0142ci\u0107 waszych dzieci, i nie pozw\u00f3lcie dzieciom ucz\u0119szcza\u0107 do ko\u015bcio\u0142\u00f3w lub na uroczysto\u015bci religijne, gdzie dzieci s\u0105 umieszczane w grupach z innymi dzie\u0107mi.<\/p>\n\n\n\n<p>Ko\u015bcio\u0142y to obecnie jedno z najniebezpieczniejszych miejsc dla dzieci.&nbsp;Widzie\u0107:<\/p>\n\n\n\n<h3 class=\"wp-block-heading\"><a href=\"https:\/\/healthimpactnews.com\/2023\/exposing-how-christian-churches-participate-in-and-facilitate-human-sex-trafficking\/\" target=\"_blank\" rel=\"noreferrer noopener\">Ujawnianie, w jaki spos\u00f3b ko\u015bcio\u0142y chrze\u015bcija\u0144skie uczestnicz\u0105 i u\u0142atwiaj\u0105 handel lud\u017ami w celach seksualnych<\/a><\/h3>\n\n\n\n<p>Nawet je\u015bli ko\u015bci\u00f3\u0142 nie nara\u017ca dzieci na kontakt z pedofilami, je\u015bli zdecydujesz si\u0119 nie szczepi\u0107 swoich dzieci lub uczestniczy\u0107 w innych demonicznych dzia\u0142aniach, kt\u00f3re s\u0105 powszechne w dzisiejszych ko\u015bcio\u0142ach, ryzykujesz, \u017ce kto\u015b w tym ko\u015bciele zg\u0142osi ci\u0119 do systemu opieki nad dzie\u0107mi, je\u015bli tego nie zrobisz t pod\u0105\u017caj za t\u0142umem w jego demonicznych dzia\u0142aniach, takich jak szczepienie swoich dzieci.<\/p>\n\n\n\n<p>I na koniec, podczas gdy dzieci pozostaj\u0105 w domu, trzymaj je z dala od technologii, kt\u00f3ra umo\u017cliwia dost\u0119p do nich przez Internet.&nbsp;Oznacza to brak telefon\u00f3w kom\u00f3rkowych.<\/p>\n\n\n\n<p>Ale ilu rodzic\u00f3w faktycznie skorzysta z tej rady?<\/p>\n\n\n\n<p>A tych, kt\u00f3rzy tego nie zrobi\u0105, poniewa\u017c b\u0119d\u0105 wy\u015bmiewani i odrzucani, zw\u0142aszcza przez cz\u0142onk\u00f3w w\u0142asnej rodziny, za chronienie swoich dzieci w ten spos\u00f3b, musz\u0119 zapyta\u0107:&nbsp;<strong>jak bardzo kochacie swoje dzieci?<\/strong><\/p>\n\n\n\n<p>Ile jeste\u015b w stanie po\u015bwi\u0119ci\u0107, aby zapewni\u0107 bezpiecze\u0144stwo swoim dzieciom?<\/p>\n\n\n\n<p><strong>Powi\u0105zane<\/strong>&nbsp;:<\/p>\n\n\n\n<h2 class=\"wp-block-heading\"><a href=\"https:\/\/healthimpactnews.com\/2023\/hispanic-families-in-california-who-value-their-children-are-making-sacrifices-to-homeschool-them\/\" target=\"_blank\" rel=\"noreferrer noopener\">Latynoskie rodziny w Kalifornii, kt\u00f3re ceni\u0105 swoje dzieci, po\u015bwi\u0119caj\u0105 si\u0119, by uczy\u0107 je w domu<\/a><\/h2>\n\n\n<div class=\"wp-block-image\">\n<figure class=\"aligncenter\"><img decoding=\"async\" src=\"https:\/\/healthimpactnews.com\/wp-content\/uploads\/sites\/2\/2023\/05\/not-written-by-AI-but-by-humans.jpg\" alt=\"\" class=\"wp-image-83349\"\/><\/figure><\/div>\n\n\n<p>Link \u017ar\u00f3d\u0142owy <a href=\"https:\/\/healthimpactnews.com\/2023\/u-s-government-wants-facial-scans-of-all-children-to-protect-children-or-to-traffick-them\/\">https:\/\/healthimpactnews.com\/2023\/u-s-government-wants-facial-scans-of-all-children-to-protect-children-or-to-traffick-them\/<\/a><\/p>\n","protected":false},"excerpt":{"rendered":"<p>Rz\u0105d USA chce skan\u00f3w twarzy wszystkich dzieci: aby \u201echroni\u0107\u201d dzieci czy handlowa\u0107 nimi? Autor,\u00a0Brian ShilhavyEditor, Health Impact News FTC (Federalna Komisja Handlu) rz\u0105du federalnego Stan\u00f3w Zjednoczonych rozwa\u017ca umo\u017cliwienie firmom korzystania z biometrycznych skan\u00f3w twarzy dzieci poni\u017cej 13 roku \u017cycia jako&#8230; <\/p>\n","protected":false},"author":2,"featured_media":3385,"comment_status":"open","ping_status":"open","sticky":false,"template":"","format":"standard","meta":{"_acf_changed":false,"_bbp_topic_count":0,"_bbp_reply_count":0,"_bbp_total_topic_count":0,"_bbp_total_reply_count":0,"_bbp_voice_count":0,"_bbp_anonymous_reply_count":0,"_bbp_topic_count_hidden":0,"_bbp_reply_count_hidden":0,"_bbp_forum_subforum_count":0,"om_disable_all_campaigns":false,"_monsterinsights_skip_tracking":false,"footnotes":""},"categories":[93],"tags":[],"class_list":["post-3384","post","type-post","status-publish","format-standard","has-post-thumbnail","hentry","category-artykuly"],"acf":[],"aioseo_notices":[],"aioseo_head":"\n\t\t<!-- All in One SEO 5.0.1.1 - aioseo.com -->\n\t<meta name=\"description\" content=\"Rz\u0105d USA chce skan\u00f3w twarzy wszystkich dzieci: aby \u201echroni\u0107\u201d dzieci czy handlowa\u0107 nimi? Autor, Brian ShilhavyEditor, Health Impact News FTC (Federalna Komisja Handlu) rz\u0105du federalnego Stan\u00f3w Zjednoczonych rozwa\u017ca umo\u017cliwienie firmom korzystania z biometrycznych skan\u00f3w twarzy dzieci poni\u017cej 13 roku \u017cycia jako \u201e nowego mechanizmu uzyskiwania zgody rodzic\u00f3w \u201d. Federalna Komisja Handlu prosi o komentarz w sprawie wniosku z\u0142o\u017conego\" \/>\n\t<meta name=\"robots\" content=\"max-image-preview:large\" \/>\n\t<meta name=\"author\" content=\"trinity\"\/>\n\t<link rel=\"canonical\" href=\"https:\/\/wia.net.pl\/index.php\/2023\/07\/27\/usa-skany-twarzy-dzieci-ochrona-czy-handel\/\" \/>\n\t<meta name=\"generator\" content=\"All in One SEO (AIOSEO) 5.0.1.1\" \/>\n\t\t<meta property=\"og:locale\" content=\"pl_PL\" \/>\n\t\t<meta property=\"og:site_name\" content=\"Wolno\u015b\u0107 i Anarchia - Ka\u017cdy wewn\u0119trznie jest anarchist\u0105.\" \/>\n\t\t<meta property=\"og:type\" content=\"article\" \/>\n\t\t<meta property=\"og:title\" content=\"USA-Skany twarzy dzieci \u2013 Ochrona czy Handel? - Wolno\u015b\u0107 i Anarchia\" \/>\n\t\t<meta property=\"og:description\" content=\"Rz\u0105d USA chce skan\u00f3w twarzy wszystkich dzieci: aby \u201echroni\u0107\u201d dzieci czy handlowa\u0107 nimi? Autor, Brian ShilhavyEditor, Health Impact News FTC (Federalna Komisja Handlu) rz\u0105du federalnego Stan\u00f3w Zjednoczonych rozwa\u017ca umo\u017cliwienie firmom korzystania z biometrycznych skan\u00f3w twarzy dzieci poni\u017cej 13 roku \u017cycia jako \u201e nowego mechanizmu uzyskiwania zgody rodzic\u00f3w \u201d. Federalna Komisja Handlu prosi o komentarz w sprawie wniosku z\u0142o\u017conego\" \/>\n\t\t<meta property=\"og:url\" content=\"https:\/\/wia.net.pl\/index.php\/2023\/07\/27\/usa-skany-twarzy-dzieci-ochrona-czy-handel\/\" \/>\n\t\t<meta property=\"og:image\" content=\"https:\/\/wia.net.pl\/wp-content\/uploads\/2023\/11\/cropped-freedom-i73367.jpg\" \/>\n\t\t<meta property=\"og:image:secure_url\" content=\"https:\/\/wia.net.pl\/wp-content\/uploads\/2023\/11\/cropped-freedom-i73367.jpg\" \/>\n\t\t<meta property=\"article:published_time\" content=\"2023-07-27T13:01:20+00:00\" \/>\n\t\t<meta property=\"article:modified_time\" content=\"2023-07-27T13:01:21+00:00\" \/>\n\t\t<meta name=\"twitter:card\" content=\"summary_large_image\" \/>\n\t\t<meta name=\"twitter:title\" content=\"USA-Skany twarzy dzieci \u2013 Ochrona czy Handel? - Wolno\u015b\u0107 i Anarchia\" \/>\n\t\t<meta name=\"twitter:description\" content=\"Rz\u0105d USA chce skan\u00f3w twarzy wszystkich dzieci: aby \u201echroni\u0107\u201d dzieci czy handlowa\u0107 nimi? Autor, Brian ShilhavyEditor, Health Impact News FTC (Federalna Komisja Handlu) rz\u0105du federalnego Stan\u00f3w Zjednoczonych rozwa\u017ca umo\u017cliwienie firmom korzystania z biometrycznych skan\u00f3w twarzy dzieci poni\u017cej 13 roku \u017cycia jako \u201e nowego mechanizmu uzyskiwania zgody rodzic\u00f3w \u201d. Federalna Komisja Handlu prosi o komentarz w sprawie wniosku z\u0142o\u017conego\" \/>\n\t\t<meta name=\"twitter:image\" content=\"https:\/\/wia.net.pl\/wp-content\/uploads\/2023\/11\/cropped-freedom-i73367.jpg\" \/>\n\t\t<script type=\"application\/ld+json\" class=\"aioseo-schema\">\n\t\t\t{\"@context\":\"https:\\\/\\\/schema.org\",\"@graph\":[{\"@type\":\"BlogPosting\",\"@id\":\"https:\\\/\\\/wia.net.pl\\\/index.php\\\/2023\\\/07\\\/27\\\/usa-skany-twarzy-dzieci-ochrona-czy-handel\\\/#blogposting\",\"name\":\"USA-Skany twarzy dzieci \\u2013 Ochrona czy Handel? - Wolno\\u015b\\u0107 i Anarchia\",\"headline\":\"USA-Skany twarzy dzieci &#8211; Ochrona czy Handel?\",\"author\":{\"@id\":\"https:\\\/\\\/wia.net.pl\\\/index.php\\\/author\\\/trinity\\\/#author\"},\"publisher\":{\"@id\":\"https:\\\/\\\/wia.net.pl\\\/#person\"},\"image\":{\"@type\":\"ImageObject\",\"url\":\"https:\\\/\\\/wia.net.pl\\\/wp-content\\\/uploads\\\/2023\\\/07\\\/Biometric-Verification-Boy-Face.jpg\",\"width\":900,\"height\":493},\"datePublished\":\"2023-07-27T15:01:20+02:00\",\"dateModified\":\"2023-07-27T15:01:21+02:00\",\"inLanguage\":\"pl-PL\",\"mainEntityOfPage\":{\"@id\":\"https:\\\/\\\/wia.net.pl\\\/index.php\\\/2023\\\/07\\\/27\\\/usa-skany-twarzy-dzieci-ochrona-czy-handel\\\/#webpage\"},\"isPartOf\":{\"@id\":\"https:\\\/\\\/wia.net.pl\\\/index.php\\\/2023\\\/07\\\/27\\\/usa-skany-twarzy-dzieci-ochrona-czy-handel\\\/#webpage\"},\"articleSection\":\"Artyku\\u0142y\"},{\"@type\":\"BreadcrumbList\",\"@id\":\"https:\\\/\\\/wia.net.pl\\\/index.php\\\/2023\\\/07\\\/27\\\/usa-skany-twarzy-dzieci-ochrona-czy-handel\\\/#breadcrumblist\",\"itemListElement\":[{\"@type\":\"ListItem\",\"@id\":\"https:\\\/\\\/wia.net.pl#listItem\",\"position\":1,\"name\":\"Home\",\"item\":\"https:\\\/\\\/wia.net.pl\",\"nextItem\":{\"@type\":\"ListItem\",\"@id\":\"https:\\\/\\\/wia.net.pl\\\/index.php\\\/category\\\/artykuly\\\/#listItem\",\"name\":\"Artyku\\u0142y\"}},{\"@type\":\"ListItem\",\"@id\":\"https:\\\/\\\/wia.net.pl\\\/index.php\\\/category\\\/artykuly\\\/#listItem\",\"position\":2,\"name\":\"Artyku\\u0142y\",\"item\":\"https:\\\/\\\/wia.net.pl\\\/index.php\\\/category\\\/artykuly\\\/\",\"nextItem\":{\"@type\":\"ListItem\",\"@id\":\"https:\\\/\\\/wia.net.pl\\\/index.php\\\/2023\\\/07\\\/27\\\/usa-skany-twarzy-dzieci-ochrona-czy-handel\\\/#listItem\",\"name\":\"USA-Skany twarzy dzieci &#8211; Ochrona czy Handel?\"},\"previousItem\":{\"@type\":\"ListItem\",\"@id\":\"https:\\\/\\\/wia.net.pl#listItem\",\"name\":\"Home\"}},{\"@type\":\"ListItem\",\"@id\":\"https:\\\/\\\/wia.net.pl\\\/index.php\\\/2023\\\/07\\\/27\\\/usa-skany-twarzy-dzieci-ochrona-czy-handel\\\/#listItem\",\"position\":3,\"name\":\"USA-Skany twarzy dzieci &#8211; Ochrona czy Handel?\",\"previousItem\":{\"@type\":\"ListItem\",\"@id\":\"https:\\\/\\\/wia.net.pl\\\/index.php\\\/category\\\/artykuly\\\/#listItem\",\"name\":\"Artyku\\u0142y\"}}]},{\"@type\":\"Person\",\"@id\":\"https:\\\/\\\/wia.net.pl\\\/#person\",\"name\":\"Bart\\u0142omiej Talarczyk\",\"image\":{\"@type\":\"ImageObject\",\"@id\":\"https:\\\/\\\/wia.net.pl\\\/index.php\\\/2023\\\/07\\\/27\\\/usa-skany-twarzy-dzieci-ochrona-czy-handel\\\/#personImage\",\"url\":\"https:\\\/\\\/wia.net.pl\\\/wp-content\\\/uploads\\\/avatar-privacy\\\/cache\\\/user\\\/1\\\/7\\\/176a6b161c58363ff49b5c167264231f519f5c7fa183ca1f61e891769b6b56d5-96.jpg\",\"width\":96,\"height\":96,\"caption\":\"Bart\\u0142omiej Talarczyk\"}},{\"@type\":\"Person\",\"@id\":\"https:\\\/\\\/wia.net.pl\\\/index.php\\\/author\\\/trinity\\\/#author\",\"url\":\"https:\\\/\\\/wia.net.pl\\\/index.php\\\/author\\\/trinity\\\/\",\"name\":\"trinity\",\"image\":{\"@type\":\"ImageObject\",\"@id\":\"https:\\\/\\\/wia.net.pl\\\/index.php\\\/2023\\\/07\\\/27\\\/usa-skany-twarzy-dzieci-ochrona-czy-handel\\\/#authorImage\",\"url\":\"https:\\\/\\\/wia.net.pl\\\/wp-content\\\/uploads\\\/avatar-privacy\\\/cache\\\/user\\\/5\\\/f\\\/5f6547cf82495eaa10e100a6a45d5dbde2dfdc1be88557de2018fca705bdf6f1-96.jpg\",\"width\":96,\"height\":96,\"caption\":\"trinity\"}},{\"@type\":\"WebPage\",\"@id\":\"https:\\\/\\\/wia.net.pl\\\/index.php\\\/2023\\\/07\\\/27\\\/usa-skany-twarzy-dzieci-ochrona-czy-handel\\\/#webpage\",\"url\":\"https:\\\/\\\/wia.net.pl\\\/index.php\\\/2023\\\/07\\\/27\\\/usa-skany-twarzy-dzieci-ochrona-czy-handel\\\/\",\"name\":\"USA-Skany twarzy dzieci \\u2013 Ochrona czy Handel? - Wolno\\u015b\\u0107 i Anarchia\",\"description\":\"Rz\\u0105d USA chce skan\\u00f3w twarzy wszystkich dzieci: aby \\u201echroni\\u0107\\u201d dzieci czy handlowa\\u0107 nimi? Autor, Brian ShilhavyEditor, Health Impact News FTC (Federalna Komisja Handlu) rz\\u0105du federalnego Stan\\u00f3w Zjednoczonych rozwa\\u017ca umo\\u017cliwienie firmom korzystania z biometrycznych skan\\u00f3w twarzy dzieci poni\\u017cej 13 roku \\u017cycia jako \\u201e nowego mechanizmu uzyskiwania zgody rodzic\\u00f3w \\u201d. Federalna Komisja Handlu prosi o komentarz w sprawie wniosku z\\u0142o\\u017conego\",\"inLanguage\":\"pl-PL\",\"isPartOf\":{\"@id\":\"https:\\\/\\\/wia.net.pl\\\/#website\"},\"breadcrumb\":{\"@id\":\"https:\\\/\\\/wia.net.pl\\\/index.php\\\/2023\\\/07\\\/27\\\/usa-skany-twarzy-dzieci-ochrona-czy-handel\\\/#breadcrumblist\"},\"author\":{\"@id\":\"https:\\\/\\\/wia.net.pl\\\/index.php\\\/author\\\/trinity\\\/#author\"},\"creator\":{\"@id\":\"https:\\\/\\\/wia.net.pl\\\/index.php\\\/author\\\/trinity\\\/#author\"},\"image\":{\"@type\":\"ImageObject\",\"url\":\"https:\\\/\\\/wia.net.pl\\\/wp-content\\\/uploads\\\/2023\\\/07\\\/Biometric-Verification-Boy-Face.jpg\",\"@id\":\"https:\\\/\\\/wia.net.pl\\\/index.php\\\/2023\\\/07\\\/27\\\/usa-skany-twarzy-dzieci-ochrona-czy-handel\\\/#mainImage\",\"width\":900,\"height\":493},\"primaryImageOfPage\":{\"@id\":\"https:\\\/\\\/wia.net.pl\\\/index.php\\\/2023\\\/07\\\/27\\\/usa-skany-twarzy-dzieci-ochrona-czy-handel\\\/#mainImage\"},\"datePublished\":\"2023-07-27T15:01:20+02:00\",\"dateModified\":\"2023-07-27T15:01:21+02:00\"},{\"@type\":\"WebSite\",\"@id\":\"https:\\\/\\\/wia.net.pl\\\/#website\",\"url\":\"https:\\\/\\\/wia.net.pl\\\/\",\"name\":\"Wolno\\u015b\\u0107 i Anarchia\",\"description\":\"Ka\\u017cdy wewn\\u0119trznie jest anarchist\\u0105.\",\"inLanguage\":\"pl-PL\",\"publisher\":{\"@id\":\"https:\\\/\\\/wia.net.pl\\\/#person\"}}]}\n\t\t<\/script>\n\t\t<!-- All in One SEO -->\n\n","aioseo_head_json":{"title":"USA-Skany twarzy dzieci \u2013 Ochrona czy Handel? - Wolno\u015b\u0107 i Anarchia","description":"Rz\u0105d USA chce skan\u00f3w twarzy wszystkich dzieci: aby \u201echroni\u0107\u201d dzieci czy handlowa\u0107 nimi? Autor, Brian ShilhavyEditor, Health Impact News FTC (Federalna Komisja Handlu) rz\u0105du federalnego Stan\u00f3w Zjednoczonych rozwa\u017ca umo\u017cliwienie firmom korzystania z biometrycznych skan\u00f3w twarzy dzieci poni\u017cej 13 roku \u017cycia jako \u201e nowego mechanizmu uzyskiwania zgody rodzic\u00f3w \u201d. Federalna Komisja Handlu prosi o komentarz w sprawie wniosku z\u0142o\u017conego","canonical_url":"https:\/\/wia.net.pl\/index.php\/2023\/07\/27\/usa-skany-twarzy-dzieci-ochrona-czy-handel\/","robots":"max-image-preview:large","keywords":"","webmasterTools":{"miscellaneous":""},"schema":{"@context":"https:\/\/schema.org","@graph":[{"@type":"BlogPosting","@id":"https:\/\/wia.net.pl\/index.php\/2023\/07\/27\/usa-skany-twarzy-dzieci-ochrona-czy-handel\/#blogposting","name":"USA-Skany twarzy dzieci \u2013 Ochrona czy Handel? - Wolno\u015b\u0107 i Anarchia","headline":"USA-Skany twarzy dzieci &#8211; Ochrona czy Handel?","author":{"@id":"https:\/\/wia.net.pl\/index.php\/author\/trinity\/#author"},"publisher":{"@id":"https:\/\/wia.net.pl\/#person"},"image":{"@type":"ImageObject","url":"https:\/\/wia.net.pl\/wp-content\/uploads\/2023\/07\/Biometric-Verification-Boy-Face.jpg","width":900,"height":493},"datePublished":"2023-07-27T15:01:20+02:00","dateModified":"2023-07-27T15:01:21+02:00","inLanguage":"pl-PL","mainEntityOfPage":{"@id":"https:\/\/wia.net.pl\/index.php\/2023\/07\/27\/usa-skany-twarzy-dzieci-ochrona-czy-handel\/#webpage"},"isPartOf":{"@id":"https:\/\/wia.net.pl\/index.php\/2023\/07\/27\/usa-skany-twarzy-dzieci-ochrona-czy-handel\/#webpage"},"articleSection":"Artyku\u0142y"},{"@type":"BreadcrumbList","@id":"https:\/\/wia.net.pl\/index.php\/2023\/07\/27\/usa-skany-twarzy-dzieci-ochrona-czy-handel\/#breadcrumblist","itemListElement":[{"@type":"ListItem","@id":"https:\/\/wia.net.pl#listItem","position":1,"name":"Home","item":"https:\/\/wia.net.pl","nextItem":{"@type":"ListItem","@id":"https:\/\/wia.net.pl\/index.php\/category\/artykuly\/#listItem","name":"Artyku\u0142y"}},{"@type":"ListItem","@id":"https:\/\/wia.net.pl\/index.php\/category\/artykuly\/#listItem","position":2,"name":"Artyku\u0142y","item":"https:\/\/wia.net.pl\/index.php\/category\/artykuly\/","nextItem":{"@type":"ListItem","@id":"https:\/\/wia.net.pl\/index.php\/2023\/07\/27\/usa-skany-twarzy-dzieci-ochrona-czy-handel\/#listItem","name":"USA-Skany twarzy dzieci &#8211; Ochrona czy Handel?"},"previousItem":{"@type":"ListItem","@id":"https:\/\/wia.net.pl#listItem","name":"Home"}},{"@type":"ListItem","@id":"https:\/\/wia.net.pl\/index.php\/2023\/07\/27\/usa-skany-twarzy-dzieci-ochrona-czy-handel\/#listItem","position":3,"name":"USA-Skany twarzy dzieci &#8211; Ochrona czy Handel?","previousItem":{"@type":"ListItem","@id":"https:\/\/wia.net.pl\/index.php\/category\/artykuly\/#listItem","name":"Artyku\u0142y"}}]},{"@type":"Person","@id":"https:\/\/wia.net.pl\/#person","name":"Bart\u0142omiej Talarczyk","image":{"@type":"ImageObject","@id":"https:\/\/wia.net.pl\/index.php\/2023\/07\/27\/usa-skany-twarzy-dzieci-ochrona-czy-handel\/#personImage","url":"https:\/\/wia.net.pl\/wp-content\/uploads\/avatar-privacy\/cache\/user\/1\/7\/176a6b161c58363ff49b5c167264231f519f5c7fa183ca1f61e891769b6b56d5-96.jpg","width":96,"height":96,"caption":"Bart\u0142omiej Talarczyk"}},{"@type":"Person","@id":"https:\/\/wia.net.pl\/index.php\/author\/trinity\/#author","url":"https:\/\/wia.net.pl\/index.php\/author\/trinity\/","name":"trinity","image":{"@type":"ImageObject","@id":"https:\/\/wia.net.pl\/index.php\/2023\/07\/27\/usa-skany-twarzy-dzieci-ochrona-czy-handel\/#authorImage","url":"https:\/\/wia.net.pl\/wp-content\/uploads\/avatar-privacy\/cache\/user\/5\/f\/5f6547cf82495eaa10e100a6a45d5dbde2dfdc1be88557de2018fca705bdf6f1-96.jpg","width":96,"height":96,"caption":"trinity"}},{"@type":"WebPage","@id":"https:\/\/wia.net.pl\/index.php\/2023\/07\/27\/usa-skany-twarzy-dzieci-ochrona-czy-handel\/#webpage","url":"https:\/\/wia.net.pl\/index.php\/2023\/07\/27\/usa-skany-twarzy-dzieci-ochrona-czy-handel\/","name":"USA-Skany twarzy dzieci \u2013 Ochrona czy Handel? - Wolno\u015b\u0107 i Anarchia","description":"Rz\u0105d USA chce skan\u00f3w twarzy wszystkich dzieci: aby \u201echroni\u0107\u201d dzieci czy handlowa\u0107 nimi? Autor, Brian ShilhavyEditor, Health Impact News FTC (Federalna Komisja Handlu) rz\u0105du federalnego Stan\u00f3w Zjednoczonych rozwa\u017ca umo\u017cliwienie firmom korzystania z biometrycznych skan\u00f3w twarzy dzieci poni\u017cej 13 roku \u017cycia jako \u201e nowego mechanizmu uzyskiwania zgody rodzic\u00f3w \u201d. Federalna Komisja Handlu prosi o komentarz w sprawie wniosku z\u0142o\u017conego","inLanguage":"pl-PL","isPartOf":{"@id":"https:\/\/wia.net.pl\/#website"},"breadcrumb":{"@id":"https:\/\/wia.net.pl\/index.php\/2023\/07\/27\/usa-skany-twarzy-dzieci-ochrona-czy-handel\/#breadcrumblist"},"author":{"@id":"https:\/\/wia.net.pl\/index.php\/author\/trinity\/#author"},"creator":{"@id":"https:\/\/wia.net.pl\/index.php\/author\/trinity\/#author"},"image":{"@type":"ImageObject","url":"https:\/\/wia.net.pl\/wp-content\/uploads\/2023\/07\/Biometric-Verification-Boy-Face.jpg","@id":"https:\/\/wia.net.pl\/index.php\/2023\/07\/27\/usa-skany-twarzy-dzieci-ochrona-czy-handel\/#mainImage","width":900,"height":493},"primaryImageOfPage":{"@id":"https:\/\/wia.net.pl\/index.php\/2023\/07\/27\/usa-skany-twarzy-dzieci-ochrona-czy-handel\/#mainImage"},"datePublished":"2023-07-27T15:01:20+02:00","dateModified":"2023-07-27T15:01:21+02:00"},{"@type":"WebSite","@id":"https:\/\/wia.net.pl\/#website","url":"https:\/\/wia.net.pl\/","name":"Wolno\u015b\u0107 i Anarchia","description":"Ka\u017cdy wewn\u0119trznie jest anarchist\u0105.","inLanguage":"pl-PL","publisher":{"@id":"https:\/\/wia.net.pl\/#person"}}]},"og:locale":"pl_PL","og:site_name":"Wolno\u015b\u0107 i Anarchia - Ka\u017cdy wewn\u0119trznie jest anarchist\u0105.","og:type":"article","og:title":"USA-Skany twarzy dzieci \u2013 Ochrona czy Handel? - Wolno\u015b\u0107 i Anarchia","og:description":"Rz\u0105d USA chce skan\u00f3w twarzy wszystkich dzieci: aby \u201echroni\u0107\u201d dzieci czy handlowa\u0107 nimi? Autor, Brian ShilhavyEditor, Health Impact News FTC (Federalna Komisja Handlu) rz\u0105du federalnego Stan\u00f3w Zjednoczonych rozwa\u017ca umo\u017cliwienie firmom korzystania z biometrycznych skan\u00f3w twarzy dzieci poni\u017cej 13 roku \u017cycia jako \u201e nowego mechanizmu uzyskiwania zgody rodzic\u00f3w \u201d. Federalna Komisja Handlu prosi o komentarz w sprawie wniosku z\u0142o\u017conego","og:url":"https:\/\/wia.net.pl\/index.php\/2023\/07\/27\/usa-skany-twarzy-dzieci-ochrona-czy-handel\/","og:image":"https:\/\/wia.net.pl\/wp-content\/uploads\/2023\/11\/cropped-freedom-i73367.jpg","og:image:secure_url":"https:\/\/wia.net.pl\/wp-content\/uploads\/2023\/11\/cropped-freedom-i73367.jpg","article:published_time":"2023-07-27T13:01:20+00:00","article:modified_time":"2023-07-27T13:01:21+00:00","twitter:card":"summary_large_image","twitter:title":"USA-Skany twarzy dzieci \u2013 Ochrona czy Handel? - Wolno\u015b\u0107 i Anarchia","twitter:description":"Rz\u0105d USA chce skan\u00f3w twarzy wszystkich dzieci: aby \u201echroni\u0107\u201d dzieci czy handlowa\u0107 nimi? Autor, Brian ShilhavyEditor, Health Impact News FTC (Federalna Komisja Handlu) rz\u0105du federalnego Stan\u00f3w Zjednoczonych rozwa\u017ca umo\u017cliwienie firmom korzystania z biometrycznych skan\u00f3w twarzy dzieci poni\u017cej 13 roku \u017cycia jako \u201e nowego mechanizmu uzyskiwania zgody rodzic\u00f3w \u201d. Federalna Komisja Handlu prosi o komentarz w sprawie wniosku z\u0142o\u017conego","twitter:image":"https:\/\/wia.net.pl\/wp-content\/uploads\/2023\/11\/cropped-freedom-i73367.jpg"},"aioseo_meta_data":{"post_id":"3384","title":null,"description":null,"keywords":[],"keyphrases":{"focus":{"keyphrase":"","score":0,"analysis":{"keyphraseInTitle":{"score":0,"maxScore":9,"error":1}}},"additional":[]},"primary_term":null,"canonical_url":null,"og_title":null,"og_description":null,"og_object_type":"default","og_image_type":"default","og_image_url":null,"og_image_width":null,"og_image_height":null,"og_image_custom_url":null,"og_image_custom_fields":null,"og_video":"","og_custom_url":null,"og_article_section":null,"og_article_tags":[],"twitter_use_og":false,"twitter_card":"default","twitter_image_type":"default","twitter_image_url":null,"twitter_image_custom_url":null,"twitter_image_custom_fields":null,"twitter_title":null,"twitter_description":null,"schema":{"blockGraphs":[],"customGraphs":[],"default":{"data":{"Article":[],"Course":[],"Dataset":[],"FAQPage":[],"Movie":[],"Person":[],"Product":[],"ProductReview":[],"Car":[],"Recipe":[],"Service":[],"SoftwareApplication":[],"WebPage":[]},"graphName":"BlogPosting","isEnabled":true},"graphs":[]},"schema_type":"default","schema_type_options":null,"pillar_content":false,"robots_default":true,"robots_noindex":false,"robots_noarchive":false,"robots_nosnippet":false,"robots_nofollow":false,"robots_noimageindex":false,"robots_noodp":false,"robots_notranslate":false,"robots_max_snippet":"-1","robots_max_videopreview":"-1","robots_max_imagepreview":"large","priority":null,"frequency":"default","local_seo":null,"breadcrumb_settings":null,"limit_modified_date":false,"ai":null,"created":"2023-07-27 11:02:19","updated":"2025-06-04 08:45:57","seo_analyzer_scan_date":null,"focus_keyword":null,"additional_keywords":null,"truseo_locale":null},"aioseo_breadcrumb":"<div class=\"aioseo-breadcrumbs\"><span class=\"aioseo-breadcrumb\">\n\t\t\t<a href=\"https:\/\/wia.net.pl\" title=\"Home\">Home<\/a>\n\t\t<\/span><span class=\"aioseo-breadcrumb-separator\">&raquo;<\/span><span class=\"aioseo-breadcrumb\">\n\t\t\t<a href=\"https:\/\/wia.net.pl\/index.php\/category\/artykuly\/\" title=\"Artyku\u0142y\">Artyku\u0142y<\/a>\n\t\t<\/span><span class=\"aioseo-breadcrumb-separator\">&raquo;<\/span><span class=\"aioseo-breadcrumb\">\n\t\t\tUSA-Skany twarzy dzieci \u2013 Ochrona czy Handel?\n\t\t<\/span><\/div>","aioseo_breadcrumb_json":[{"label":"Home","link":"https:\/\/wia.net.pl"},{"label":"Artyku\u0142y","link":"https:\/\/wia.net.pl\/index.php\/category\/artykuly\/"},{"label":"USA-Skany twarzy dzieci &#8211; Ochrona czy Handel?","link":"https:\/\/wia.net.pl\/index.php\/2023\/07\/27\/usa-skany-twarzy-dzieci-ochrona-czy-handel\/"}],"_links":{"self":[{"href":"https:\/\/wia.net.pl\/index.php\/wp-json\/wp\/v2\/posts\/3384"}],"collection":[{"href":"https:\/\/wia.net.pl\/index.php\/wp-json\/wp\/v2\/posts"}],"about":[{"href":"https:\/\/wia.net.pl\/index.php\/wp-json\/wp\/v2\/types\/post"}],"author":[{"embeddable":true,"href":"https:\/\/wia.net.pl\/index.php\/wp-json\/wp\/v2\/users\/2"}],"replies":[{"embeddable":true,"href":"https:\/\/wia.net.pl\/index.php\/wp-json\/wp\/v2\/comments?post=3384"}],"version-history":[{"count":2,"href":"https:\/\/wia.net.pl\/index.php\/wp-json\/wp\/v2\/posts\/3384\/revisions"}],"predecessor-version":[{"id":3387,"href":"https:\/\/wia.net.pl\/index.php\/wp-json\/wp\/v2\/posts\/3384\/revisions\/3387"}],"wp:featuredmedia":[{"embeddable":true,"href":"https:\/\/wia.net.pl\/index.php\/wp-json\/wp\/v2\/media\/3385"}],"wp:attachment":[{"href":"https:\/\/wia.net.pl\/index.php\/wp-json\/wp\/v2\/media?parent=3384"}],"wp:term":[{"taxonomy":"category","embeddable":true,"href":"https:\/\/wia.net.pl\/index.php\/wp-json\/wp\/v2\/categories?post=3384"},{"taxonomy":"post_tag","embeddable":true,"href":"https:\/\/wia.net.pl\/index.php\/wp-json\/wp\/v2\/tags?post=3384"}],"curies":[{"name":"wp","href":"https:\/\/api.w.org\/{rel}","templated":true}]}}