{"id":3402,"date":"2023-07-28T13:55:16","date_gmt":"2023-07-28T11:55:16","guid":{"rendered":"https:\/\/wia.net.pl\/?p=3402"},"modified":"2023-07-28T13:55:17","modified_gmt":"2023-07-28T11:55:17","slug":"chicago-1893r-biale-miasto","status":"publish","type":"post","link":"https:\/\/wia.net.pl\/index.php\/2023\/07\/28\/chicago-1893r-biale-miasto\/","title":{"rendered":"Chicago 1893r &#8211; Bia\u0142e miasto"},"content":{"rendered":"\n<p>Siemanko. Dzisiaj przyjrzymy si\u0119 ca\u0142ej kolekcji fotografii Williama Henry&#8217;ego Jacksona &#8222;White City&#8221;; zdj\u0119\u0107 s\u0142ynnego fotografa wykonanych podczas \u015awiatowych Targ\u00f3w w Chicago w 1893 roku. Kolekcja Jacksona, uznawana za &#8222;Bia\u0142e Miasto&#8221; ze wzgl\u0119du na bia\u0142e, tymczasowe fasady budynk\u00f3w, obejmuje wi\u0119kszo\u015b\u0107 wystawy Columbia Exposition, a wiele fotografii nigdy wcze\u015bniej nie widzia\u0142em nigdzie indziej. <\/p>\n\n\n\n<p>Obrazy te mog\u0105 ujawni\u0107 nowe szczeg\u00f3\u0142y i doprowadzi\u0107 do nowych pomys\u0142\u00f3w i zrozumienia zawi\u0142o\u015bci Targ\u00f3w \u015awiatowych w 1893 roku. <\/p>\n\n\n\n<p>Om\u00f3wimy r\u00f3wnie\u017c pokr\u00f3tce \u017cycie i podr\u00f3\u017ce Williama Henry&#8217;ego Jacksona. Przegl\u0105daj\u0105c fotografie, pokr\u00f3tce om\u00f3wi\u0119 niekt\u00f3re z obecnie akceptowanych fakt\u00f3w dotycz\u0105cych Targ\u00f3w \u015awiatowych w Chicago w 1893 roku, w tym fakt, \u017ce prawie ka\u017cdy budynek zosta\u0142 zbudowany jako tymczasowy. <\/p>\n\n\n\n<p>Poznamy ca\u0142\u0105 t\u0119 histori\u0119, kilka bardzo szczeg\u00f3\u0142owych, nigdy wcze\u015bniej nie widzianych zdj\u0119\u0107 i wiele wi\u0119cej!<\/p>\n\n\n\n<p>\u0179r\u00f3d\u0142o: <a href=\"https:\/\/www.youtube.com\/watch?v=vYywa2b2ayM\">https:\/\/www.youtube.com\/watch?v=vYywa2b2ayM<\/a><\/p>\n\n\n\n<p><\/p>\n\n\n<div style=\"position: relative; padding-bottom: calc(var(--aspect-ratio, .5625) * 100%); height: 0; width: 100%; margin: 0 auto;\" class=\"rumble-video-container\"><video controls controlsList=\"nodownload\" style=\"position: absolute; top: 0; left: 0; width: 100%; height: 100%; background: #000;\" preload=\"metadata\" src=\"https:\/\/hugh.cdn.rumble.cloud\/video\/s8\/2\/w\/w\/H\/g\/wwHgl.caa.mp4\" poster=\"\"><\/video><\/div>\n","protected":false},"excerpt":{"rendered":"<p>Siemanko. Dzisiaj przyjrzymy si\u0119 ca\u0142ej kolekcji fotografii Williama Henry&#8217;ego Jacksona &#8222;White City&#8221;; zdj\u0119\u0107 s\u0142ynnego fotografa wykonanych podczas \u015awiatowych Targ\u00f3w w Chicago w 1893 roku. Kolekcja Jacksona, uznawana za &#8222;Bia\u0142e Miasto&#8221; ze wzgl\u0119du na bia\u0142e, tymczasowe fasady budynk\u00f3w, obejmuje wi\u0119kszo\u015b\u0107 wystawy&#8230; <\/p>\n","protected":false},"author":3,"featured_media":3403,"comment_status":"open","ping_status":"open","sticky":false,"template":"","format":"standard","meta":{"_acf_changed":false,"_bbp_topic_count":0,"_bbp_reply_count":0,"_bbp_total_topic_count":0,"_bbp_total_reply_count":0,"_bbp_voice_count":0,"_bbp_anonymous_reply_count":0,"_bbp_topic_count_hidden":0,"_bbp_reply_count_hidden":0,"_bbp_forum_subforum_count":0,"om_disable_all_campaigns":false,"_monsterinsights_skip_tracking":false,"footnotes":""},"categories":[11],"tags":[68,63,42,121,71,26,23,32,22,70,62],"class_list":["post-3402","post","type-post","status-publish","format-standard","has-post-thumbnail","hentry","category-antropologia","tag-cesarstwo-rzymskie","tag-historia-ziemi","tag-illuminati","tag-jarid-boosters","tag-kosciol-katolicki","tag-ludzkosc","tag-niewolnictwo","tag-rzad","tag-satanizm","tag-tajne-stowarzyszenia","tag-wszechswiat"],"acf":[],"aioseo_notices":[],"aioseo_head":"\n\t\t<!-- All in One SEO 5.0.1.1 - aioseo.com -->\n\t<meta name=\"description\" content=\"Siemanko. Dzisiaj przyjrzymy si\u0119 ca\u0142ej kolekcji fotografii Williama Henry&#039;ego Jacksona &quot;White City&quot;; zdj\u0119\u0107 s\u0142ynnego fotografa wykonanych podczas \u015awiatowych Targ\u00f3w w Chicago w 1893 roku. Kolekcja Jacksona, uznawana za &quot;Bia\u0142e Miasto&quot; ze wzgl\u0119du na bia\u0142e, tymczasowe fasady budynk\u00f3w, obejmuje wi\u0119kszo\u015b\u0107 wystawy Columbia Exposition, a wiele fotografii nigdy wcze\u015bniej nie widzia\u0142em nigdzie indziej. Obrazy te mog\u0105 ujawni\u0107\" \/>\n\t<meta name=\"robots\" content=\"max-image-preview:large\" \/>\n\t<meta name=\"author\" content=\"Bart\u0142omiej Talarczyk\"\/>\n\t<link rel=\"canonical\" href=\"https:\/\/wia.net.pl\/index.php\/2023\/07\/28\/chicago-1893r-biale-miasto\/\" \/>\n\t<meta name=\"generator\" content=\"All in One SEO (AIOSEO) 5.0.1.1\" \/>\n\t\t<meta property=\"og:locale\" content=\"pl_PL\" \/>\n\t\t<meta property=\"og:site_name\" content=\"Wolno\u015b\u0107 i Anarchia - Ka\u017cdy wewn\u0119trznie jest anarchist\u0105.\" \/>\n\t\t<meta property=\"og:type\" content=\"article\" \/>\n\t\t<meta property=\"og:title\" content=\"Chicago 1893r \u2013 Bia\u0142e miasto - Wolno\u015b\u0107 i Anarchia\" \/>\n\t\t<meta property=\"og:description\" content=\"Siemanko. Dzisiaj przyjrzymy si\u0119 ca\u0142ej kolekcji fotografii Williama Henry&#039;ego Jacksona &quot;White City&quot;; zdj\u0119\u0107 s\u0142ynnego fotografa wykonanych podczas \u015awiatowych Targ\u00f3w w Chicago w 1893 roku. Kolekcja Jacksona, uznawana za &quot;Bia\u0142e Miasto&quot; ze wzgl\u0119du na bia\u0142e, tymczasowe fasady budynk\u00f3w, obejmuje wi\u0119kszo\u015b\u0107 wystawy Columbia Exposition, a wiele fotografii nigdy wcze\u015bniej nie widzia\u0142em nigdzie indziej. Obrazy te mog\u0105 ujawni\u0107\" \/>\n\t\t<meta property=\"og:url\" content=\"https:\/\/wia.net.pl\/index.php\/2023\/07\/28\/chicago-1893r-biale-miasto\/\" \/>\n\t\t<meta property=\"og:image\" content=\"https:\/\/wia.net.pl\/wp-content\/uploads\/2023\/11\/cropped-freedom-i73367.jpg\" \/>\n\t\t<meta property=\"og:image:secure_url\" content=\"https:\/\/wia.net.pl\/wp-content\/uploads\/2023\/11\/cropped-freedom-i73367.jpg\" \/>\n\t\t<meta property=\"article:published_time\" content=\"2023-07-28T11:55:16+00:00\" \/>\n\t\t<meta property=\"article:modified_time\" content=\"2023-07-28T11:55:17+00:00\" \/>\n\t\t<meta name=\"twitter:card\" content=\"summary_large_image\" \/>\n\t\t<meta name=\"twitter:title\" content=\"Chicago 1893r \u2013 Bia\u0142e miasto - Wolno\u015b\u0107 i Anarchia\" \/>\n\t\t<meta name=\"twitter:description\" content=\"Siemanko. Dzisiaj przyjrzymy si\u0119 ca\u0142ej kolekcji fotografii Williama Henry&#039;ego Jacksona &quot;White City&quot;; zdj\u0119\u0107 s\u0142ynnego fotografa wykonanych podczas \u015awiatowych Targ\u00f3w w Chicago w 1893 roku. Kolekcja Jacksona, uznawana za &quot;Bia\u0142e Miasto&quot; ze wzgl\u0119du na bia\u0142e, tymczasowe fasady budynk\u00f3w, obejmuje wi\u0119kszo\u015b\u0107 wystawy Columbia Exposition, a wiele fotografii nigdy wcze\u015bniej nie widzia\u0142em nigdzie indziej. Obrazy te mog\u0105 ujawni\u0107\" \/>\n\t\t<meta name=\"twitter:image\" content=\"https:\/\/wia.net.pl\/wp-content\/uploads\/2023\/11\/cropped-freedom-i73367.jpg\" \/>\n\t\t<script type=\"application\/ld+json\" class=\"aioseo-schema\">\n\t\t\t{\"@context\":\"https:\\\/\\\/schema.org\",\"@graph\":[{\"@type\":\"BlogPosting\",\"@id\":\"https:\\\/\\\/wia.net.pl\\\/index.php\\\/2023\\\/07\\\/28\\\/chicago-1893r-biale-miasto\\\/#blogposting\",\"name\":\"Chicago 1893r \\u2013 Bia\\u0142e miasto - Wolno\\u015b\\u0107 i Anarchia\",\"headline\":\"Chicago 1893r &#8211; Bia\\u0142e miasto\",\"author\":{\"@id\":\"https:\\\/\\\/wia.net.pl\\\/index.php\\\/author\\\/talar\\\/#author\"},\"publisher\":{\"@id\":\"https:\\\/\\\/wia.net.pl\\\/#person\"},\"image\":{\"@type\":\"ImageObject\",\"url\":\"https:\\\/\\\/wia.net.pl\\\/wp-content\\\/uploads\\\/2023\\\/07\\\/chicago-1893-r-biale-miasto.jpg\",\"width\":1920,\"height\":1080},\"datePublished\":\"2023-07-28T13:55:16+02:00\",\"dateModified\":\"2023-07-28T13:55:17+02:00\",\"inLanguage\":\"pl-PL\",\"mainEntityOfPage\":{\"@id\":\"https:\\\/\\\/wia.net.pl\\\/index.php\\\/2023\\\/07\\\/28\\\/chicago-1893r-biale-miasto\\\/#webpage\"},\"isPartOf\":{\"@id\":\"https:\\\/\\\/wia.net.pl\\\/index.php\\\/2023\\\/07\\\/28\\\/chicago-1893r-biale-miasto\\\/#webpage\"},\"articleSection\":\"Antropologia, Cesarstwo Rzymskie, Historia ziemi, Illuminati, Jarid Boosters, Ko\\u015bci\\u00f3\\u0142 katolicki, Ludzko\\u015b\\u0107, Niewolnictwo, Rz\\u0105d, Satanizm, Tajne stowarzyszenia, Wszech\\u015bwiat\"},{\"@type\":\"BreadcrumbList\",\"@id\":\"https:\\\/\\\/wia.net.pl\\\/index.php\\\/2023\\\/07\\\/28\\\/chicago-1893r-biale-miasto\\\/#breadcrumblist\",\"itemListElement\":[{\"@type\":\"ListItem\",\"@id\":\"https:\\\/\\\/wia.net.pl#listItem\",\"position\":1,\"name\":\"Home\",\"item\":\"https:\\\/\\\/wia.net.pl\",\"nextItem\":{\"@type\":\"ListItem\",\"@id\":\"https:\\\/\\\/wia.net.pl\\\/index.php\\\/category\\\/antropologia\\\/#listItem\",\"name\":\"Antropologia\"}},{\"@type\":\"ListItem\",\"@id\":\"https:\\\/\\\/wia.net.pl\\\/index.php\\\/category\\\/antropologia\\\/#listItem\",\"position\":2,\"name\":\"Antropologia\",\"item\":\"https:\\\/\\\/wia.net.pl\\\/index.php\\\/category\\\/antropologia\\\/\",\"nextItem\":{\"@type\":\"ListItem\",\"@id\":\"https:\\\/\\\/wia.net.pl\\\/index.php\\\/2023\\\/07\\\/28\\\/chicago-1893r-biale-miasto\\\/#listItem\",\"name\":\"Chicago 1893r &#8211; Bia\\u0142e miasto\"},\"previousItem\":{\"@type\":\"ListItem\",\"@id\":\"https:\\\/\\\/wia.net.pl#listItem\",\"name\":\"Home\"}},{\"@type\":\"ListItem\",\"@id\":\"https:\\\/\\\/wia.net.pl\\\/index.php\\\/2023\\\/07\\\/28\\\/chicago-1893r-biale-miasto\\\/#listItem\",\"position\":3,\"name\":\"Chicago 1893r &#8211; Bia\\u0142e miasto\",\"previousItem\":{\"@type\":\"ListItem\",\"@id\":\"https:\\\/\\\/wia.net.pl\\\/index.php\\\/category\\\/antropologia\\\/#listItem\",\"name\":\"Antropologia\"}}]},{\"@type\":\"Person\",\"@id\":\"https:\\\/\\\/wia.net.pl\\\/#person\",\"name\":\"Bart\\u0142omiej Talarczyk\",\"image\":{\"@type\":\"ImageObject\",\"@id\":\"https:\\\/\\\/wia.net.pl\\\/index.php\\\/2023\\\/07\\\/28\\\/chicago-1893r-biale-miasto\\\/#personImage\",\"url\":\"https:\\\/\\\/wia.net.pl\\\/wp-content\\\/uploads\\\/avatar-privacy\\\/cache\\\/user\\\/1\\\/7\\\/176a6b161c58363ff49b5c167264231f519f5c7fa183ca1f61e891769b6b56d5-96.jpg\",\"width\":96,\"height\":96,\"caption\":\"Bart\\u0142omiej Talarczyk\"}},{\"@type\":\"Person\",\"@id\":\"https:\\\/\\\/wia.net.pl\\\/index.php\\\/author\\\/talar\\\/#author\",\"url\":\"https:\\\/\\\/wia.net.pl\\\/index.php\\\/author\\\/talar\\\/\",\"name\":\"Bart\\u0142omiej Talarczyk\",\"image\":{\"@type\":\"ImageObject\",\"@id\":\"https:\\\/\\\/wia.net.pl\\\/index.php\\\/2023\\\/07\\\/28\\\/chicago-1893r-biale-miasto\\\/#authorImage\",\"url\":\"https:\\\/\\\/wia.net.pl\\\/wp-content\\\/uploads\\\/avatar-privacy\\\/cache\\\/user\\\/1\\\/7\\\/176a6b161c58363ff49b5c167264231f519f5c7fa183ca1f61e891769b6b56d5-96.jpg\",\"width\":96,\"height\":96,\"caption\":\"Bart\\u0142omiej Talarczyk\"}},{\"@type\":\"WebPage\",\"@id\":\"https:\\\/\\\/wia.net.pl\\\/index.php\\\/2023\\\/07\\\/28\\\/chicago-1893r-biale-miasto\\\/#webpage\",\"url\":\"https:\\\/\\\/wia.net.pl\\\/index.php\\\/2023\\\/07\\\/28\\\/chicago-1893r-biale-miasto\\\/\",\"name\":\"Chicago 1893r \\u2013 Bia\\u0142e miasto - Wolno\\u015b\\u0107 i Anarchia\",\"description\":\"Siemanko. Dzisiaj przyjrzymy si\\u0119 ca\\u0142ej kolekcji fotografii Williama Henry'ego Jacksona \\\"White City\\\"; zdj\\u0119\\u0107 s\\u0142ynnego fotografa wykonanych podczas \\u015awiatowych Targ\\u00f3w w Chicago w 1893 roku. Kolekcja Jacksona, uznawana za \\\"Bia\\u0142e Miasto\\\" ze wzgl\\u0119du na bia\\u0142e, tymczasowe fasady budynk\\u00f3w, obejmuje wi\\u0119kszo\\u015b\\u0107 wystawy Columbia Exposition, a wiele fotografii nigdy wcze\\u015bniej nie widzia\\u0142em nigdzie indziej. Obrazy te mog\\u0105 ujawni\\u0107\",\"inLanguage\":\"pl-PL\",\"isPartOf\":{\"@id\":\"https:\\\/\\\/wia.net.pl\\\/#website\"},\"breadcrumb\":{\"@id\":\"https:\\\/\\\/wia.net.pl\\\/index.php\\\/2023\\\/07\\\/28\\\/chicago-1893r-biale-miasto\\\/#breadcrumblist\"},\"author\":{\"@id\":\"https:\\\/\\\/wia.net.pl\\\/index.php\\\/author\\\/talar\\\/#author\"},\"creator\":{\"@id\":\"https:\\\/\\\/wia.net.pl\\\/index.php\\\/author\\\/talar\\\/#author\"},\"image\":{\"@type\":\"ImageObject\",\"url\":\"https:\\\/\\\/wia.net.pl\\\/wp-content\\\/uploads\\\/2023\\\/07\\\/chicago-1893-r-biale-miasto.jpg\",\"@id\":\"https:\\\/\\\/wia.net.pl\\\/index.php\\\/2023\\\/07\\\/28\\\/chicago-1893r-biale-miasto\\\/#mainImage\",\"width\":1920,\"height\":1080},\"primaryImageOfPage\":{\"@id\":\"https:\\\/\\\/wia.net.pl\\\/index.php\\\/2023\\\/07\\\/28\\\/chicago-1893r-biale-miasto\\\/#mainImage\"},\"datePublished\":\"2023-07-28T13:55:16+02:00\",\"dateModified\":\"2023-07-28T13:55:17+02:00\"},{\"@type\":\"WebSite\",\"@id\":\"https:\\\/\\\/wia.net.pl\\\/#website\",\"url\":\"https:\\\/\\\/wia.net.pl\\\/\",\"name\":\"Wolno\\u015b\\u0107 i Anarchia\",\"description\":\"Ka\\u017cdy wewn\\u0119trznie jest anarchist\\u0105.\",\"inLanguage\":\"pl-PL\",\"publisher\":{\"@id\":\"https:\\\/\\\/wia.net.pl\\\/#person\"}}]}\n\t\t<\/script>\n\t\t<!-- All in One SEO -->\n\n","aioseo_head_json":{"title":"Chicago 1893r \u2013 Bia\u0142e miasto - Wolno\u015b\u0107 i Anarchia","description":"Siemanko. Dzisiaj przyjrzymy si\u0119 ca\u0142ej kolekcji fotografii Williama Henry'ego Jacksona \"White City\"; zdj\u0119\u0107 s\u0142ynnego fotografa wykonanych podczas \u015awiatowych Targ\u00f3w w Chicago w 1893 roku. Kolekcja Jacksona, uznawana za \"Bia\u0142e Miasto\" ze wzgl\u0119du na bia\u0142e, tymczasowe fasady budynk\u00f3w, obejmuje wi\u0119kszo\u015b\u0107 wystawy Columbia Exposition, a wiele fotografii nigdy wcze\u015bniej nie widzia\u0142em nigdzie indziej. Obrazy te mog\u0105 ujawni\u0107","canonical_url":"https:\/\/wia.net.pl\/index.php\/2023\/07\/28\/chicago-1893r-biale-miasto\/","robots":"max-image-preview:large","keywords":"","webmasterTools":{"miscellaneous":""},"schema":{"@context":"https:\/\/schema.org","@graph":[{"@type":"BlogPosting","@id":"https:\/\/wia.net.pl\/index.php\/2023\/07\/28\/chicago-1893r-biale-miasto\/#blogposting","name":"Chicago 1893r \u2013 Bia\u0142e miasto - Wolno\u015b\u0107 i Anarchia","headline":"Chicago 1893r &#8211; Bia\u0142e miasto","author":{"@id":"https:\/\/wia.net.pl\/index.php\/author\/talar\/#author"},"publisher":{"@id":"https:\/\/wia.net.pl\/#person"},"image":{"@type":"ImageObject","url":"https:\/\/wia.net.pl\/wp-content\/uploads\/2023\/07\/chicago-1893-r-biale-miasto.jpg","width":1920,"height":1080},"datePublished":"2023-07-28T13:55:16+02:00","dateModified":"2023-07-28T13:55:17+02:00","inLanguage":"pl-PL","mainEntityOfPage":{"@id":"https:\/\/wia.net.pl\/index.php\/2023\/07\/28\/chicago-1893r-biale-miasto\/#webpage"},"isPartOf":{"@id":"https:\/\/wia.net.pl\/index.php\/2023\/07\/28\/chicago-1893r-biale-miasto\/#webpage"},"articleSection":"Antropologia, Cesarstwo Rzymskie, Historia ziemi, Illuminati, Jarid Boosters, Ko\u015bci\u00f3\u0142 katolicki, Ludzko\u015b\u0107, Niewolnictwo, Rz\u0105d, Satanizm, Tajne stowarzyszenia, Wszech\u015bwiat"},{"@type":"BreadcrumbList","@id":"https:\/\/wia.net.pl\/index.php\/2023\/07\/28\/chicago-1893r-biale-miasto\/#breadcrumblist","itemListElement":[{"@type":"ListItem","@id":"https:\/\/wia.net.pl#listItem","position":1,"name":"Home","item":"https:\/\/wia.net.pl","nextItem":{"@type":"ListItem","@id":"https:\/\/wia.net.pl\/index.php\/category\/antropologia\/#listItem","name":"Antropologia"}},{"@type":"ListItem","@id":"https:\/\/wia.net.pl\/index.php\/category\/antropologia\/#listItem","position":2,"name":"Antropologia","item":"https:\/\/wia.net.pl\/index.php\/category\/antropologia\/","nextItem":{"@type":"ListItem","@id":"https:\/\/wia.net.pl\/index.php\/2023\/07\/28\/chicago-1893r-biale-miasto\/#listItem","name":"Chicago 1893r &#8211; Bia\u0142e miasto"},"previousItem":{"@type":"ListItem","@id":"https:\/\/wia.net.pl#listItem","name":"Home"}},{"@type":"ListItem","@id":"https:\/\/wia.net.pl\/index.php\/2023\/07\/28\/chicago-1893r-biale-miasto\/#listItem","position":3,"name":"Chicago 1893r &#8211; Bia\u0142e miasto","previousItem":{"@type":"ListItem","@id":"https:\/\/wia.net.pl\/index.php\/category\/antropologia\/#listItem","name":"Antropologia"}}]},{"@type":"Person","@id":"https:\/\/wia.net.pl\/#person","name":"Bart\u0142omiej Talarczyk","image":{"@type":"ImageObject","@id":"https:\/\/wia.net.pl\/index.php\/2023\/07\/28\/chicago-1893r-biale-miasto\/#personImage","url":"https:\/\/wia.net.pl\/wp-content\/uploads\/avatar-privacy\/cache\/user\/1\/7\/176a6b161c58363ff49b5c167264231f519f5c7fa183ca1f61e891769b6b56d5-96.jpg","width":96,"height":96,"caption":"Bart\u0142omiej Talarczyk"}},{"@type":"Person","@id":"https:\/\/wia.net.pl\/index.php\/author\/talar\/#author","url":"https:\/\/wia.net.pl\/index.php\/author\/talar\/","name":"Bart\u0142omiej Talarczyk","image":{"@type":"ImageObject","@id":"https:\/\/wia.net.pl\/index.php\/2023\/07\/28\/chicago-1893r-biale-miasto\/#authorImage","url":"https:\/\/wia.net.pl\/wp-content\/uploads\/avatar-privacy\/cache\/user\/1\/7\/176a6b161c58363ff49b5c167264231f519f5c7fa183ca1f61e891769b6b56d5-96.jpg","width":96,"height":96,"caption":"Bart\u0142omiej Talarczyk"}},{"@type":"WebPage","@id":"https:\/\/wia.net.pl\/index.php\/2023\/07\/28\/chicago-1893r-biale-miasto\/#webpage","url":"https:\/\/wia.net.pl\/index.php\/2023\/07\/28\/chicago-1893r-biale-miasto\/","name":"Chicago 1893r \u2013 Bia\u0142e miasto - Wolno\u015b\u0107 i Anarchia","description":"Siemanko. Dzisiaj przyjrzymy si\u0119 ca\u0142ej kolekcji fotografii Williama Henry'ego Jacksona \"White City\"; zdj\u0119\u0107 s\u0142ynnego fotografa wykonanych podczas \u015awiatowych Targ\u00f3w w Chicago w 1893 roku. Kolekcja Jacksona, uznawana za \"Bia\u0142e Miasto\" ze wzgl\u0119du na bia\u0142e, tymczasowe fasady budynk\u00f3w, obejmuje wi\u0119kszo\u015b\u0107 wystawy Columbia Exposition, a wiele fotografii nigdy wcze\u015bniej nie widzia\u0142em nigdzie indziej. Obrazy te mog\u0105 ujawni\u0107","inLanguage":"pl-PL","isPartOf":{"@id":"https:\/\/wia.net.pl\/#website"},"breadcrumb":{"@id":"https:\/\/wia.net.pl\/index.php\/2023\/07\/28\/chicago-1893r-biale-miasto\/#breadcrumblist"},"author":{"@id":"https:\/\/wia.net.pl\/index.php\/author\/talar\/#author"},"creator":{"@id":"https:\/\/wia.net.pl\/index.php\/author\/talar\/#author"},"image":{"@type":"ImageObject","url":"https:\/\/wia.net.pl\/wp-content\/uploads\/2023\/07\/chicago-1893-r-biale-miasto.jpg","@id":"https:\/\/wia.net.pl\/index.php\/2023\/07\/28\/chicago-1893r-biale-miasto\/#mainImage","width":1920,"height":1080},"primaryImageOfPage":{"@id":"https:\/\/wia.net.pl\/index.php\/2023\/07\/28\/chicago-1893r-biale-miasto\/#mainImage"},"datePublished":"2023-07-28T13:55:16+02:00","dateModified":"2023-07-28T13:55:17+02:00"},{"@type":"WebSite","@id":"https:\/\/wia.net.pl\/#website","url":"https:\/\/wia.net.pl\/","name":"Wolno\u015b\u0107 i Anarchia","description":"Ka\u017cdy wewn\u0119trznie jest anarchist\u0105.","inLanguage":"pl-PL","publisher":{"@id":"https:\/\/wia.net.pl\/#person"}}]},"og:locale":"pl_PL","og:site_name":"Wolno\u015b\u0107 i Anarchia - Ka\u017cdy wewn\u0119trznie jest anarchist\u0105.","og:type":"article","og:title":"Chicago 1893r \u2013 Bia\u0142e miasto - Wolno\u015b\u0107 i Anarchia","og:description":"Siemanko. Dzisiaj przyjrzymy si\u0119 ca\u0142ej kolekcji fotografii Williama Henry'ego Jacksona &quot;White City&quot;; zdj\u0119\u0107 s\u0142ynnego fotografa wykonanych podczas \u015awiatowych Targ\u00f3w w Chicago w 1893 roku. Kolekcja Jacksona, uznawana za &quot;Bia\u0142e Miasto&quot; ze wzgl\u0119du na bia\u0142e, tymczasowe fasady budynk\u00f3w, obejmuje wi\u0119kszo\u015b\u0107 wystawy Columbia Exposition, a wiele fotografii nigdy wcze\u015bniej nie widzia\u0142em nigdzie indziej. Obrazy te mog\u0105 ujawni\u0107","og:url":"https:\/\/wia.net.pl\/index.php\/2023\/07\/28\/chicago-1893r-biale-miasto\/","og:image":"https:\/\/wia.net.pl\/wp-content\/uploads\/2023\/11\/cropped-freedom-i73367.jpg","og:image:secure_url":"https:\/\/wia.net.pl\/wp-content\/uploads\/2023\/11\/cropped-freedom-i73367.jpg","article:published_time":"2023-07-28T11:55:16+00:00","article:modified_time":"2023-07-28T11:55:17+00:00","twitter:card":"summary_large_image","twitter:title":"Chicago 1893r \u2013 Bia\u0142e miasto - Wolno\u015b\u0107 i Anarchia","twitter:description":"Siemanko. Dzisiaj przyjrzymy si\u0119 ca\u0142ej kolekcji fotografii Williama Henry'ego Jacksona &quot;White City&quot;; zdj\u0119\u0107 s\u0142ynnego fotografa wykonanych podczas \u015awiatowych Targ\u00f3w w Chicago w 1893 roku. Kolekcja Jacksona, uznawana za &quot;Bia\u0142e Miasto&quot; ze wzgl\u0119du na bia\u0142e, tymczasowe fasady budynk\u00f3w, obejmuje wi\u0119kszo\u015b\u0107 wystawy Columbia Exposition, a wiele fotografii nigdy wcze\u015bniej nie widzia\u0142em nigdzie indziej. Obrazy te mog\u0105 ujawni\u0107","twitter:image":"https:\/\/wia.net.pl\/wp-content\/uploads\/2023\/11\/cropped-freedom-i73367.jpg"},"aioseo_meta_data":{"post_id":"3402","title":null,"description":null,"keywords":[],"keyphrases":{"focus":{"keyphrase":"","score":0,"analysis":{"keyphraseInTitle":{"score":0,"maxScore":9,"error":1}}},"additional":[]},"primary_term":null,"canonical_url":null,"og_title":null,"og_description":null,"og_object_type":"default","og_image_type":"default","og_image_url":null,"og_image_width":null,"og_image_height":null,"og_image_custom_url":null,"og_image_custom_fields":null,"og_video":"","og_custom_url":null,"og_article_section":null,"og_article_tags":[],"twitter_use_og":false,"twitter_card":"default","twitter_image_type":"default","twitter_image_url":null,"twitter_image_custom_url":null,"twitter_image_custom_fields":null,"twitter_title":null,"twitter_description":null,"schema":{"blockGraphs":[],"customGraphs":[],"default":{"data":{"Article":[],"Course":[],"Dataset":[],"FAQPage":[],"Movie":[],"Person":[],"Product":[],"ProductReview":[],"Car":[],"Recipe":[],"Service":[],"SoftwareApplication":[],"WebPage":[]},"graphName":"BlogPosting","isEnabled":true},"graphs":[]},"schema_type":"default","schema_type_options":null,"pillar_content":false,"robots_default":true,"robots_noindex":false,"robots_noarchive":false,"robots_nosnippet":false,"robots_nofollow":false,"robots_noimageindex":false,"robots_noodp":false,"robots_notranslate":false,"robots_max_snippet":"-1","robots_max_videopreview":"-1","robots_max_imagepreview":"large","priority":null,"frequency":"default","local_seo":null,"breadcrumb_settings":null,"limit_modified_date":false,"ai":null,"created":"2023-07-28 11:55:17","updated":"2025-06-04 08:46:44","seo_analyzer_scan_date":null,"focus_keyword":null,"additional_keywords":null,"truseo_locale":null},"aioseo_breadcrumb":"<div class=\"aioseo-breadcrumbs\"><span class=\"aioseo-breadcrumb\">\n\t\t\t<a href=\"https:\/\/wia.net.pl\" title=\"Home\">Home<\/a>\n\t\t<\/span><span class=\"aioseo-breadcrumb-separator\">&raquo;<\/span><span class=\"aioseo-breadcrumb\">\n\t\t\t<a href=\"https:\/\/wia.net.pl\/index.php\/category\/antropologia\/\" title=\"Antropologia\">Antropologia<\/a>\n\t\t<\/span><span class=\"aioseo-breadcrumb-separator\">&raquo;<\/span><span class=\"aioseo-breadcrumb\">\n\t\t\tChicago 1893r \u2013 Bia\u0142e miasto\n\t\t<\/span><\/div>","aioseo_breadcrumb_json":[{"label":"Home","link":"https:\/\/wia.net.pl"},{"label":"Antropologia","link":"https:\/\/wia.net.pl\/index.php\/category\/antropologia\/"},{"label":"Chicago 1893r &#8211; Bia\u0142e miasto","link":"https:\/\/wia.net.pl\/index.php\/2023\/07\/28\/chicago-1893r-biale-miasto\/"}],"_links":{"self":[{"href":"https:\/\/wia.net.pl\/index.php\/wp-json\/wp\/v2\/posts\/3402"}],"collection":[{"href":"https:\/\/wia.net.pl\/index.php\/wp-json\/wp\/v2\/posts"}],"about":[{"href":"https:\/\/wia.net.pl\/index.php\/wp-json\/wp\/v2\/types\/post"}],"author":[{"embeddable":true,"href":"https:\/\/wia.net.pl\/index.php\/wp-json\/wp\/v2\/users\/3"}],"replies":[{"embeddable":true,"href":"https:\/\/wia.net.pl\/index.php\/wp-json\/wp\/v2\/comments?post=3402"}],"version-history":[{"count":1,"href":"https:\/\/wia.net.pl\/index.php\/wp-json\/wp\/v2\/posts\/3402\/revisions"}],"predecessor-version":[{"id":3404,"href":"https:\/\/wia.net.pl\/index.php\/wp-json\/wp\/v2\/posts\/3402\/revisions\/3404"}],"wp:featuredmedia":[{"embeddable":true,"href":"https:\/\/wia.net.pl\/index.php\/wp-json\/wp\/v2\/media\/3403"}],"wp:attachment":[{"href":"https:\/\/wia.net.pl\/index.php\/wp-json\/wp\/v2\/media?parent=3402"}],"wp:term":[{"taxonomy":"category","embeddable":true,"href":"https:\/\/wia.net.pl\/index.php\/wp-json\/wp\/v2\/categories?post=3402"},{"taxonomy":"post_tag","embeddable":true,"href":"https:\/\/wia.net.pl\/index.php\/wp-json\/wp\/v2\/tags?post=3402"}],"curies":[{"name":"wp","href":"https:\/\/api.w.org\/{rel}","templated":true}]}}