{"id":3402,"date":"2023-07-28T13:55:16","date_gmt":"2023-07-28T11:55:16","guid":{"rendered":"https:\/\/wia.net.pl\/?p=3402"},"modified":"2023-07-28T13:55:17","modified_gmt":"2023-07-28T11:55:17","slug":"chicago-1893r-biale-miasto","status":"publish","type":"post","link":"https:\/\/wia.net.pl\/index.php\/2023\/07\/28\/chicago-1893r-biale-miasto\/","title":{"rendered":"Chicago 1893r &#8211; Bia\u0142e miasto"},"content":{"rendered":"\n<p>Siemanko. Dzisiaj przyjrzymy si\u0119 ca\u0142ej kolekcji fotografii Williama Henry&#8217;ego Jacksona &#8222;White City&#8221;; zdj\u0119\u0107 s\u0142ynnego fotografa wykonanych podczas \u015awiatowych Targ\u00f3w w Chicago w 1893 roku. Kolekcja Jacksona, uznawana za &#8222;Bia\u0142e Miasto&#8221; ze wzgl\u0119du na bia\u0142e, tymczasowe fasady budynk\u00f3w, obejmuje wi\u0119kszo\u015b\u0107 wystawy Columbia Exposition, a wiele fotografii nigdy wcze\u015bniej nie widzia\u0142em nigdzie indziej. <\/p>\n\n\n\n<p>Obrazy te mog\u0105 ujawni\u0107 nowe szczeg\u00f3\u0142y i doprowadzi\u0107 do nowych pomys\u0142\u00f3w i zrozumienia zawi\u0142o\u015bci Targ\u00f3w \u015awiatowych w 1893 roku. <\/p>\n\n\n\n<p>Om\u00f3wimy r\u00f3wnie\u017c pokr\u00f3tce \u017cycie i podr\u00f3\u017ce Williama Henry&#8217;ego Jacksona. Przegl\u0105daj\u0105c fotografie, pokr\u00f3tce om\u00f3wi\u0119 niekt\u00f3re z obecnie akceptowanych fakt\u00f3w dotycz\u0105cych Targ\u00f3w \u015awiatowych w Chicago w 1893 roku, w tym fakt, \u017ce prawie ka\u017cdy budynek zosta\u0142 zbudowany jako tymczasowy. <\/p>\n\n\n\n<p>Poznamy ca\u0142\u0105 t\u0119 histori\u0119, kilka bardzo szczeg\u00f3\u0142owych, nigdy wcze\u015bniej nie widzianych zdj\u0119\u0107 i wiele wi\u0119cej!<\/p>\n\n\n\n<p>\u0179r\u00f3d\u0142o: <a href=\"https:\/\/www.youtube.com\/watch?v=vYywa2b2ayM\">https:\/\/www.youtube.com\/watch?v=vYywa2b2ayM<\/a><\/p>\n\n\n\n<p><\/p>\n\n\n<div style=\"position: relative; padding-bottom: calc(var(--aspect-ratio, .5625) * 100%); height: 0; width: 100%; margin: 0 auto;\" class=\"rumble-video-container\"><video controls controlsList=\"nodownload\" style=\"position: absolute; top: 0; left: 0; width: 100%; height: 100%; background: #000;\" preload=\"metadata\" src=\"https:\/\/1a-1791.com\/video\/s8\/2\/w\/w\/H\/g\/wwHgl.caa.mp4\" poster=\"\"><\/video><\/div>\n<div class=\"remoji_bar\"><div class=\"remoji_add_container\" data-remoji-id=\"3402\" data-remoji-type=\"post\"><div class=\"remoji_add_icon\"><\/div><\/div><div class=\"remoji_error_bar\" data-remoji-id=\"3402\" data-remoji-type=\"post\" style=\"display: none;\">Error happened.<\/div><\/div>","protected":false},"excerpt":{"rendered":"<p>Siemanko. Dzisiaj przyjrzymy si\u0119 ca\u0142ej kolekcji fotografii Williama Henry&#8217;ego Jacksona &#8222;White City&#8221;; zdj\u0119\u0107 s\u0142ynnego fotografa wykonanych podczas \u015awiatowych Targ\u00f3w w Chicago w 1893 roku. Kolekcja Jacksona, uznawana za &#8222;Bia\u0142e Miasto&#8221; ze wzgl\u0119du na bia\u0142e, tymczasowe fasady budynk\u00f3w, obejmuje wi\u0119kszo\u015b\u0107 wystawy&#8230; <\/p>\n","protected":false},"author":3,"featured_media":3403,"comment_status":"open","ping_status":"open","sticky":false,"template":"","format":"standard","meta":{"_acf_changed":false,"_bbp_topic_count":0,"_bbp_reply_count":0,"_bbp_total_topic_count":0,"_bbp_total_reply_count":0,"_bbp_voice_count":0,"_bbp_anonymous_reply_count":0,"_bbp_topic_count_hidden":0,"_bbp_reply_count_hidden":0,"_bbp_forum_subforum_count":0,"om_disable_all_campaigns":false,"_monsterinsights_skip_tracking":false,"_monsterinsights_sitenote_active":false,"_monsterinsights_sitenote_note":"","_monsterinsights_sitenote_category":0,"footnotes":""},"categories":[11],"tags":[68,63,42,121,71,26,23,32,22,70,62],"class_list":["post-3402","post","type-post","status-publish","format-standard","has-post-thumbnail","hentry","category-antropologia","tag-cesarstwo-rzymskie","tag-historia-ziemi","tag-illuminati","tag-jarid-boosters","tag-kosciol-katolicki","tag-ludzkosc","tag-niewolnictwo","tag-rzad","tag-satanizm","tag-tajne-stowarzyszenia","tag-wszechswiat"],"acf":[],"aioseo_notices":[],"_links":{"self":[{"href":"https:\/\/wia.net.pl\/index.php\/wp-json\/wp\/v2\/posts\/3402"}],"collection":[{"href":"https:\/\/wia.net.pl\/index.php\/wp-json\/wp\/v2\/posts"}],"about":[{"href":"https:\/\/wia.net.pl\/index.php\/wp-json\/wp\/v2\/types\/post"}],"author":[{"embeddable":true,"href":"https:\/\/wia.net.pl\/index.php\/wp-json\/wp\/v2\/users\/3"}],"replies":[{"embeddable":true,"href":"https:\/\/wia.net.pl\/index.php\/wp-json\/wp\/v2\/comments?post=3402"}],"version-history":[{"count":1,"href":"https:\/\/wia.net.pl\/index.php\/wp-json\/wp\/v2\/posts\/3402\/revisions"}],"predecessor-version":[{"id":3404,"href":"https:\/\/wia.net.pl\/index.php\/wp-json\/wp\/v2\/posts\/3402\/revisions\/3404"}],"wp:featuredmedia":[{"embeddable":true,"href":"https:\/\/wia.net.pl\/index.php\/wp-json\/wp\/v2\/media\/3403"}],"wp:attachment":[{"href":"https:\/\/wia.net.pl\/index.php\/wp-json\/wp\/v2\/media?parent=3402"}],"wp:term":[{"taxonomy":"category","embeddable":true,"href":"https:\/\/wia.net.pl\/index.php\/wp-json\/wp\/v2\/categories?post=3402"},{"taxonomy":"post_tag","embeddable":true,"href":"https:\/\/wia.net.pl\/index.php\/wp-json\/wp\/v2\/tags?post=3402"}],"curies":[{"name":"wp","href":"https:\/\/api.w.org\/{rel}","templated":true}]}}