{"id":3439,"date":"2023-07-30T10:25:28","date_gmt":"2023-07-30T08:25:28","guid":{"rendered":"https:\/\/wia.net.pl\/?p=3439"},"modified":"2023-07-30T10:25:28","modified_gmt":"2023-07-30T08:25:28","slug":"klimatyczne-szalenstwo-na-tronie","status":"publish","type":"post","link":"https:\/\/wia.net.pl\/index.php\/2023\/07\/30\/klimatyczne-szalenstwo-na-tronie\/","title":{"rendered":"Klimatyczne szale\u0144stwo na tronie"},"content":{"rendered":"\n<p>Autor, <a href=\"https:\/\/www.unz.com\/author\/hans-vogel\/\">HANS VOGEL\u00a0<\/a>\u2022 29 LIPCA 2023 R<\/p>\n\n\n\n<p>The Unz Review<\/p>\n\n\n\n<figure class=\"wp-block-image size-full is-resized\"><img loading=\"lazy\" decoding=\"async\" src=\"https:\/\/wia.net.pl\/wp-content\/uploads\/2023\/07\/shutterstock_1300655272-600x400-1.jpg\" alt=\"\" class=\"wp-image-3440\" width=\"844\" height=\"563\" srcset=\"https:\/\/wia.net.pl\/wp-content\/uploads\/2023\/07\/shutterstock_1300655272-600x400-1.jpg 600w, https:\/\/wia.net.pl\/wp-content\/uploads\/2023\/07\/shutterstock_1300655272-600x400-1-300x200.jpg 300w\" sizes=\"(max-width: 844px) 100vw, 844px\" \/><\/figure>\n\n\n\n<p id=\"p_1_1\">Wszystkie media pa\u0144stwowe i korporacyjne w UE krzycz\u0105 i krzycz\u0105 o upa\u0142ach w Europie.&nbsp;M\u00f3wi\u0105, \u017ce to piek\u0142o.&nbsp;Nigdy nie by\u0142o tak gor\u0105co, chc\u0105, \u017ceby\u015bmy uwierzyli.&nbsp;Sekretarz generalny ONZ Guterres m\u00f3wi \u015bwiatu, \u017ce \u201enadszed\u0142 wiek globalnego wrzenia\u201d.&nbsp;Tak poucza cz\u0142owieka, kt\u00f3ry od dawna zwi\u0105zany jest z notorycznymi&nbsp;<a href=\"https:\/\/swprs.org\/geopolitics-and-pedocriminality\/\">pedofilami<\/a>&nbsp;i pod kt\u00f3rego auspicjami jako premier Portugalii (1995-2002) dochodzi\u0142o&nbsp;do wykorzystywania seksualnego nieletnich w tzw. domach&nbsp;<a href=\"https:\/\/en.wikipedia.org\/wiki\/Casa_Pia_child_sexual_abuse_scandal\">Casa Pia .<\/a><\/p>\n\n\n\n<p id=\"p_1_2\">Na pokazywanych w mediach mapach pogodowych obszary z temperatur\u0105 powy\u017cej 35 stopni Celsjusza s\u0105 zaznaczone kolorem krwistoczerwonym.&nbsp;Jeszcze kilka lat temu te same temperatury by\u0142y wskazywane przez odcienie zieleni lub co najwy\u017cej \u017c\u00f3\u0142tego.&nbsp;Nie ma wzmianki o opadach \u015bniegu w Alpach na wysoko\u015bci powy\u017cej 1800 metr\u00f3w (rzadko\u015b\u0107 latem).&nbsp;Nie by\u0142o te\u017c \u017cadnej wzmianki w mediach o opadach \u015bniegu w&nbsp;<a href=\"https:\/\/www.africanews.com\/2023\/07\/10\/south-africa-johannesburg-experiences-rare-snowfall\/\">Johannesburgu<\/a>&nbsp;zaledwie kilka tygodni temu.&nbsp;Najwyra\u017aniej jest to rzadkie zjawisko nawet podczas zimy na p\u00f3\u0142kuli po\u0142udniowej.&nbsp;Tymczasem ostatnie&nbsp;<a href=\"https:\/\/tc.copernicus.org\/articles\/17\/2059\/2023\/\">badania<\/a>&nbsp;Antarktydy wykaza\u0142y, \u017ce w ci\u0105gu dekady 2009-2019 jej pokrywa lodowa odnotowa\u0142a wzrost netto o ponad pi\u0119\u0107 tysi\u0119cy kilometr\u00f3w kwadratowych.<\/p>\n\n\n\n<p id=\"p_1_3\">Innymi s\u0142owy, prognozy pogody, niegdy\u015b jedyne informacje w mediach, kt\u00f3rym mo\u017cna by\u0142o zaufa\u0107, s\u0105 tak samo myl\u0105ce i k\u0142amliwe jak wszystko inne w wiadomo\u015bciach.&nbsp;M\u00f3wi si\u0119 nam, \u017ce klimat si\u0119 zmienia i to wszystko nasza wina.&nbsp;Dlatego musimy ufa\u0107 w\u0142adzom i robi\u0107 dok\u0142adnie to, co nam ka\u017c\u0105.&nbsp;Inaczej zginiemy straszn\u0105 \u015bmierci\u0105!&nbsp;Dlatego od teraz koniec z grillowaniem.&nbsp;Zim\u0105 musimy nosi\u0107 w domu dodatkowy sweter, poniewa\u017c normalna temperatura pokojowa wymaga\u0142aby nadmiernego ogrzewania, co tylko dodatkowo przyczynia si\u0119 do globalnego ocieplenia!<\/p>\n\n\n\n<p id=\"p_1_4\">Co wi\u0119cej, b\u0119dziemy musieli przesta\u0107 je\u015b\u0107 mi\u0119so i zamiast tego zacz\u0105\u0107 je\u015b\u0107 owady.&nbsp;\u201eNiech jedz\u0105 owady\u201d \u2014 najwyra\u017aniej postanowili nasi szlachetni przyw\u00f3dcy w swoich luksusowych pa\u0142acach.&nbsp;Tylko wtedy, gdy zaczniemy je\u015b\u0107 \u015bwierszcze i robaki m\u0105czne, mo\u017cemy powstrzyma\u0107 nasz\u0105 planet\u0119 przed jeszcze wi\u0119kszym wzrostem temperatury.&nbsp;Nasi w\u0142adcy zapewniaj\u0105 nas, \u017ce \u201ewi\u0119kszo\u015b\u0107 naukowc\u00f3w\u201d zgadza si\u0119, \u017ce dzia\u0142alno\u015b\u0107 cz\u0142owieka powoduje, \u017ce planeta staje si\u0119 coraz gor\u0119tsza.&nbsp;W pewnym sensie jest to uspokajaj\u0105ca my\u015bl, poniewa\u017c najwyra\u017aniej nauka jest zatem demokratyczna.&nbsp;Kiedy \u201ewi\u0119kszo\u015b\u0107 naukowc\u00f3w\u201d w co\u015b wierzy, musi to by\u0107 prawda, bo przecie\u017c s\u0105 naukowcami!&nbsp;Ale poniewa\u017c s\u0105 lud\u017ami, te\u017c mog\u0105 si\u0119 myli\u0107.&nbsp;By\u0107 mo\u017ce zatem antropogeniczna zmiana klimatu nie jest problemem!<\/p>\n\n\n\n<p id=\"p_1_5\">Nie tak dawno temu nasze rz\u0105dy zapewni\u0142y nas, \u017ce istnieje zab\u00f3jcza choroba i jedyne, co mo\u017cemy zrobi\u0107, aby by\u0107 bezpiecznym, to zaszczepi\u0107 si\u0119 przeciwko covidowi.&nbsp;Teraz coraz powszechniej wiadomo, \u017ce niekt\u00f3re z tych d\u017agni\u0119\u0107 wyrz\u0105dzi\u0142y wi\u0119cej szkody ni\u017c po\u017cytku.&nbsp;\u201eSzczepionka\u201d Moderny powoduje problemy z sercem u jednego na trzydziestu pi\u0119ciu odbiorc\u00f3w.&nbsp;Szczepionka firmy Pfizer, kt\u00f3ra nigdy nie zosta\u0142a odpowiednio przetestowana, ma ponad 1200 skutk\u00f3w ubocznych, od powa\u017cnych do bardzo powa\u017cnych (w tym \u015bmier\u0107!).&nbsp;Uwierzono nam, \u017ce po zaszczepieniu nie b\u0119dziemy mogli rozprzestrzenia\u0107 tej przera\u017caj\u0105cej choroby (ale mogli\u015bmy), a kiedy zachorowali\u015bmy na covid, powiedziano nam, \u017ce skutki s\u0105 \u201emniej powa\u017cne\u201d.&nbsp;Sprawy z pewno\u015bci\u0105 by\u0142yby \u201eznacznie gorsze\u201d, gdyby tak wielu z nas nie zrobi\u0142o tych zdj\u0119\u0107.<\/p>\n\n\n\n<p id=\"p_1_6\">W narracji o globalnym ociepleniu rz\u0105dy u\u017cywaj\u0105 teraz tych samych argument\u00f3w i sztuczek, kt\u00f3rych u\u017cywa\u0142y, aby zastraszy\u0107 obywateli do poddania si\u0119 podczas \u201epandemii\u201d.&nbsp;Jednak, podobnie jak w przypadku no\u017ca kuchennego, nale\u017cy go naostrzy\u0107, aby m\u00f3c dalej z niego korzysta\u0107.&nbsp;Raczej w\u0105tpliwe, czy sztuczki zadzia\u0142aj\u0105 tak skutecznie, jak podczas Wielkiego Covid Show.&nbsp;Nawet magik musi od czasu do czasu dostosowywa\u0107 swoje sztuczki.&nbsp;Z drugiej strony wydaje si\u0119, \u017ce rz\u0105dy sta\u0142y si\u0119 tak pewne siebie i pewne siebie, \u017ce my\u015bl\u0105, \u017ce mog\u0105 zrobi\u0107 wszystko.&nbsp;To dobrze, \u017ce zapominaj\u0105 o zasadzie numer jeden w ka\u017cdej rywalizacji i pojedynku, kt\u00f3r\u0105 jest nigdy nie lekcewa\u017cy\u0107 przeciwnika.<\/p>\n\n\n\n<p id=\"p_1_7\">Tymczasem w Europie upadanie pa\u0144stw zgodnie z \u017cyczeniem USA i ich instrument\u00f3w, takich jak WEF, wydaje si\u0119 przebiega\u0107 zgodnie z planem.&nbsp;Francja wci\u0105\u017c jest oszo\u0142omiona skutkami fali przemocy, kt\u00f3ra nawiedzi\u0142a j\u0105 wczesnym latem.&nbsp;W miastach i wsiach ca\u0142ych Niemiec w\u015bciekli i przestraszeni obywatele organizuj\u0105 demonstracje, o kt\u00f3rych media nie informuj\u0105;&nbsp;nadjeziorne kurorty i baseny, niegdy\u015b spokojne i przyjemne, zamieni\u0142y si\u0119 w wyl\u0119garnie konflikt\u00f3w mi\u0119dzyrasowych z powodu niedopuszczalnego zachowania gang\u00f3w cudzoziemc\u00f3w, kt\u00f3rzy nigdy nie powinni byli zosta\u0107 wpuszczeni do kraju.&nbsp;Podr\u00f3\u017cowanie poci\u0105gami w wielu krajach europejskich sta\u0142o si\u0119 niebezpieczne dla prawdziwych, rodowitych Europejczyk\u00f3w, zw\u0142aszcza kobiet.&nbsp;Wiele dworc\u00f3w kolejowych, szczeg\u00f3lnie w wi\u0119kszych miastach, to strefy zagro\u017cenia.<\/p>\n\n\n\n<p id=\"p_1_8\">7 lipca premier Holandii Mark Rutte, \u0142agodz\u0105c zaplanowane wotum nieufno\u015bci w parlamencie, zapowiedzia\u0142 ca\u0142kowite wycofanie si\u0119 z polityki.&nbsp;Jeden z jego koalicjant\u00f3w zasygnalizowa\u0142 gotowo\u015b\u0107 do wyj\u015bcia z gabinetu.&nbsp;Od tego momentu jest demisjonist\u0105 i paradoksalnie na pozycji, kt\u00f3ra pozwala mu rz\u0105dzi\u0107 jako dyktator.&nbsp;W ko\u0144cu kto\u015b musi zajmowa\u0107 si\u0119 codziennymi sprawami i rz\u0105dzi\u0107 krajem, a Rutte nie mo\u017ce ju\u017c zosta\u0107 usuni\u0119ty z urz\u0119du.&nbsp;Jedn\u0105 z rzeczy, kt\u00f3r\u0105 podejmie bez zgody parlamentu, b\u0119dzie dekret&nbsp;<a href=\"https:\/\/www.ninefornews.nl\/sprakeloos-geschokt-woest-nederland-gaat-euthanasieregels-uitbreiden\/#\">zezwalaj\u0105cy<\/a>&nbsp;dzieciom w wieku od roku do dwunastu lat na eutanazj\u0119.<\/p>\n\n\n\n<p id=\"p_1_9\">Nowe wybory zaplanowano na listopad, a bior\u0105c pod uwag\u0119, \u017ce zbudowanie nowego rz\u0105du koalicyjnego zwykle zajmuje oko\u0142o roku, Rutte zapewni\u0142 sobie przed\u0142u\u017cenie kariery o ponad rok.&nbsp;Co zaskakuj\u0105ce, w bezprecedensowym posuni\u0119ciu dwudziestu ze 150 pos\u0142\u00f3w do parlamentu r\u00f3wnie\u017c og\u0142osi\u0142o wycofanie si\u0119 z polityki.&nbsp;W\u015br\u00f3d nich jest kilku g\u0142\u00f3wnych przyw\u00f3dc\u00f3w partyjnych, a tak\u017ce kilku bardzo widocznych i g\u0142o\u015bnych polityk\u00f3w.&nbsp;Sk\u0105d ten nag\u0142y i masowy odwr\u00f3t?&nbsp;Co oni wiedz\u0105, czego nie wie g\u0142osuj\u0105ca publiczno\u015b\u0107?<\/p>\n\n\n\n<p id=\"p_1_10\">Podobnie jak w wielu innych \u201edemokratycznych\u201d pa\u0144stwach Zachodu, debata parlamentarna sta\u0142a si\u0119 raczej bezsensowna.&nbsp;Gdy dyscyplina partyjna jest \u015bci\u015ble egzekwowana, gdy rz\u0105d jest u w\u0142adzy, nic nie jest w stanie go obali\u0107, a ju\u017c najmniej debata w parlamencie.&nbsp;Ministrowie, kt\u00f3rzy odmawiaj\u0105 odpowiedzi na pytania w parlamencie, \u0142ami\u0105c prawo i przepisy, mog\u0105 to po prostu zrobi\u0107 i nigdy nie musz\u0105 ponosi\u0107 konsekwencji.&nbsp;Sta\u0142o si\u0119 to powszechn\u0105 praktyk\u0105 w ca\u0142ej UE.&nbsp;Innymi s\u0142owy, kr\u00f3luje bezprawie.<\/p>\n\n\n\n<p id=\"p_1_11\">Dlaczego wi\u0119c politycy mieliby dobrowolnie rezygnowa\u0107 z dost\u0119pu do garnk\u00f3w i beczek z wieprzowin\u0105?&nbsp;Wydawa\u0142oby si\u0119, \u017ce szykuj\u0105 si\u0119 g\u0142\u0119bokie zmiany systemowe.&nbsp;Czy powinni\u015bmy spojrze\u0107 na Bruksel\u0119?&nbsp;Niewybrani aparatczycy EuSSR w tym przekl\u0119tym mie\u015bcie rz\u0105dz\u0105 scentralizowan\u0105 dyktatur\u0105.&nbsp;Wi\u0119kszo\u015b\u0107 Europejczyk\u00f3w jeszcze nie poj\u0119\u0142a, \u017ce \u200b\u200bsuwerenno\u015b\u0107 narodowa we wszystkich pa\u0144stwach cz\u0142onkowskich UE ju\u017c dawno przesta\u0142a istnie\u0107 i \u017ce wszystkie ich parlamenty s\u0105 fa\u0142szywe.&nbsp;UE jest niczym wi\u0119cej ni\u017c polityczn\u0105 ga\u0142\u0119zi\u0105 NATO, a NATO jest dla USA tym, czym Liga Attycka by\u0142a dla Aten: imperialnym mechanizmem kontroli przebranym za dobrowolny sojusz.<\/p>\n\n\n\n<p id=\"p_1_12\">Scena polityczna w Holandii jest teraz przygotowywana na gwiazdorski wyst\u0119p pana Fransa Timmermansa, korpulentnego urodzonego w Holandii \u201ekomisarza UE ds. dzia\u0142a\u0144 na rzecz klimatu\u201d, g\u0142\u00f3wnego lunatyka klimatycznego.&nbsp;Ten cz\u0142owiek b\u0119dzie ubiega\u0142 si\u0119 o miejsce w holenderskim parlamencie jako lider nowej Partii Socjaldemokratyczno-Zielonych.&nbsp;Nie trzeba dodawa\u0107, \u017ce pan Timmermans nawet nie rozwa\u017ca\u0142by tego posuni\u0119cia, gdyby nie by\u0142 pewien, czy wygra i zostanie nowym premierem.&nbsp;Wkr\u00f3tce inne pa\u0144stwa cz\u0142onkowskie UE r\u00f3wnie\u017c otrzymaj\u0105 rz\u0105dy kierowane przez by\u0142ych komisarzy UE.<\/p>\n\n\n\n<p id=\"p_1_13\">Je\u015bli wszystko p\u00f3jdzie zgodnie z planem, b\u0119dzie to oznacza\u0107, \u017ce przekszta\u0142cenie UE w kopi\u0119 starego ZSRR zosta\u0142o zako\u0144czone.&nbsp;Jednak podczas gdy kierownictwo ZSRR mia\u0142o mniej wi\u0119cej na uwadze interesy swoich obywateli (edukacja i opieka zdrowotna by\u0142y bezp\u0142atne i dobrej jako\u015bci), EuSSR jest dystopijnym piekielnym otworem, prowadzonym przez psychopat\u00f3w, kt\u00f3rzy uwa\u017caj\u0105 si\u0119 za bog\u00f3w.&nbsp;Celowo zniszczyli edukacj\u0119 i zdrowie publiczne.<\/p>\n\n\n\n<p id=\"p_1_14\">Tak jak ZSRR upad\u0142 pod w\u0142asnym ci\u0119\u017carem, tak samo upadnie EuSRR.\u00a0Miejmy nadziej\u0119, \u017ce stanie si\u0119 to raczej wcze\u015bniej ni\u017c p\u00f3\u017aniej.<\/p>\n\n\n\n<p>Link \u017ar\u00f3d\u0142owy <a href=\"https:\/\/www.unz.com\/article\/climate-lunacy-enthroned\/\">https:\/\/www.unz.com\/article\/climate-lunacy-enthroned\/<\/a><\/p>\n","protected":false},"excerpt":{"rendered":"<p>Autor, HANS VOGEL\u00a0\u2022 29 LIPCA 2023 R The Unz Review Wszystkie media pa\u0144stwowe i korporacyjne w UE krzycz\u0105 i krzycz\u0105 o upa\u0142ach w Europie.&nbsp;M\u00f3wi\u0105, \u017ce to piek\u0142o.&nbsp;Nigdy nie by\u0142o tak gor\u0105co, chc\u0105, \u017ceby\u015bmy uwierzyli.&nbsp;Sekretarz generalny ONZ Guterres m\u00f3wi \u015bwiatu, \u017ce&#8230; <\/p>\n","protected":false},"author":2,"featured_media":3440,"comment_status":"open","ping_status":"open","sticky":false,"template":"","format":"standard","meta":{"_acf_changed":false,"_bbp_topic_count":0,"_bbp_reply_count":0,"_bbp_total_topic_count":0,"_bbp_total_reply_count":0,"_bbp_voice_count":0,"_bbp_anonymous_reply_count":0,"_bbp_topic_count_hidden":0,"_bbp_reply_count_hidden":0,"_bbp_forum_subforum_count":0,"om_disable_all_campaigns":false,"_monsterinsights_skip_tracking":false,"footnotes":""},"categories":[93],"tags":[],"class_list":["post-3439","post","type-post","status-publish","format-standard","has-post-thumbnail","hentry","category-artykuly"],"acf":[],"aioseo_notices":[],"aioseo_head":"\n\t\t<!-- All in One SEO 5.0.1.1 - aioseo.com -->\n\t<meta name=\"description\" content=\"Autor, HANS VOGEL \u2022 29 LIPCA 2023 R The Unz Review Wszystkie media pa\u0144stwowe i korporacyjne w UE krzycz\u0105 i krzycz\u0105 o upa\u0142ach w Europie. M\u00f3wi\u0105, \u017ce to piek\u0142o. Nigdy nie by\u0142o tak gor\u0105co, chc\u0105, \u017ceby\u015bmy uwierzyli. Sekretarz generalny ONZ Guterres m\u00f3wi \u015bwiatu, \u017ce \u201enadszed\u0142 wiek globalnego wrzenia\u201d. Tak poucza cz\u0142owieka, kt\u00f3ry od dawna zwi\u0105zany jest z notorycznymi pedofilami i pod kt\u00f3rego\" \/>\n\t<meta name=\"robots\" content=\"max-image-preview:large\" \/>\n\t<meta name=\"author\" content=\"trinity\"\/>\n\t<link rel=\"canonical\" href=\"https:\/\/wia.net.pl\/index.php\/2023\/07\/30\/klimatyczne-szalenstwo-na-tronie\/\" \/>\n\t<meta name=\"generator\" content=\"All in One SEO (AIOSEO) 5.0.1.1\" \/>\n\t\t<meta property=\"og:locale\" content=\"pl_PL\" \/>\n\t\t<meta property=\"og:site_name\" content=\"Wolno\u015b\u0107 i Anarchia - Ka\u017cdy wewn\u0119trznie jest anarchist\u0105.\" \/>\n\t\t<meta property=\"og:type\" content=\"article\" \/>\n\t\t<meta property=\"og:title\" content=\"Klimatyczne szale\u0144stwo na tronie - Wolno\u015b\u0107 i Anarchia\" \/>\n\t\t<meta property=\"og:description\" content=\"Autor, HANS VOGEL \u2022 29 LIPCA 2023 R The Unz Review Wszystkie media pa\u0144stwowe i korporacyjne w UE krzycz\u0105 i krzycz\u0105 o upa\u0142ach w Europie. M\u00f3wi\u0105, \u017ce to piek\u0142o. Nigdy nie by\u0142o tak gor\u0105co, chc\u0105, \u017ceby\u015bmy uwierzyli. Sekretarz generalny ONZ Guterres m\u00f3wi \u015bwiatu, \u017ce \u201enadszed\u0142 wiek globalnego wrzenia\u201d. Tak poucza cz\u0142owieka, kt\u00f3ry od dawna zwi\u0105zany jest z notorycznymi pedofilami i pod kt\u00f3rego\" \/>\n\t\t<meta property=\"og:url\" content=\"https:\/\/wia.net.pl\/index.php\/2023\/07\/30\/klimatyczne-szalenstwo-na-tronie\/\" \/>\n\t\t<meta property=\"og:image\" content=\"https:\/\/wia.net.pl\/wp-content\/uploads\/2023\/11\/cropped-freedom-i73367.jpg\" \/>\n\t\t<meta property=\"og:image:secure_url\" content=\"https:\/\/wia.net.pl\/wp-content\/uploads\/2023\/11\/cropped-freedom-i73367.jpg\" \/>\n\t\t<meta property=\"article:published_time\" content=\"2023-07-30T08:25:28+00:00\" \/>\n\t\t<meta property=\"article:modified_time\" content=\"2023-07-30T08:25:28+00:00\" \/>\n\t\t<meta name=\"twitter:card\" content=\"summary_large_image\" \/>\n\t\t<meta name=\"twitter:title\" content=\"Klimatyczne szale\u0144stwo na tronie - Wolno\u015b\u0107 i Anarchia\" \/>\n\t\t<meta name=\"twitter:description\" content=\"Autor, HANS VOGEL \u2022 29 LIPCA 2023 R The Unz Review Wszystkie media pa\u0144stwowe i korporacyjne w UE krzycz\u0105 i krzycz\u0105 o upa\u0142ach w Europie. M\u00f3wi\u0105, \u017ce to piek\u0142o. Nigdy nie by\u0142o tak gor\u0105co, chc\u0105, \u017ceby\u015bmy uwierzyli. Sekretarz generalny ONZ Guterres m\u00f3wi \u015bwiatu, \u017ce \u201enadszed\u0142 wiek globalnego wrzenia\u201d. Tak poucza cz\u0142owieka, kt\u00f3ry od dawna zwi\u0105zany jest z notorycznymi pedofilami i pod kt\u00f3rego\" \/>\n\t\t<meta name=\"twitter:image\" content=\"https:\/\/wia.net.pl\/wp-content\/uploads\/2023\/11\/cropped-freedom-i73367.jpg\" \/>\n\t\t<script type=\"application\/ld+json\" class=\"aioseo-schema\">\n\t\t\t{\"@context\":\"https:\\\/\\\/schema.org\",\"@graph\":[{\"@type\":\"BlogPosting\",\"@id\":\"https:\\\/\\\/wia.net.pl\\\/index.php\\\/2023\\\/07\\\/30\\\/klimatyczne-szalenstwo-na-tronie\\\/#blogposting\",\"name\":\"Klimatyczne szale\\u0144stwo na tronie - Wolno\\u015b\\u0107 i Anarchia\",\"headline\":\"Klimatyczne szale\\u0144stwo na tronie\",\"author\":{\"@id\":\"https:\\\/\\\/wia.net.pl\\\/index.php\\\/author\\\/trinity\\\/#author\"},\"publisher\":{\"@id\":\"https:\\\/\\\/wia.net.pl\\\/#person\"},\"image\":{\"@type\":\"ImageObject\",\"url\":\"https:\\\/\\\/wia.net.pl\\\/wp-content\\\/uploads\\\/2023\\\/07\\\/shutterstock_1300655272-600x400-1.jpg\",\"width\":600,\"height\":400},\"datePublished\":\"2023-07-30T10:25:28+02:00\",\"dateModified\":\"2023-07-30T10:25:28+02:00\",\"inLanguage\":\"pl-PL\",\"mainEntityOfPage\":{\"@id\":\"https:\\\/\\\/wia.net.pl\\\/index.php\\\/2023\\\/07\\\/30\\\/klimatyczne-szalenstwo-na-tronie\\\/#webpage\"},\"isPartOf\":{\"@id\":\"https:\\\/\\\/wia.net.pl\\\/index.php\\\/2023\\\/07\\\/30\\\/klimatyczne-szalenstwo-na-tronie\\\/#webpage\"},\"articleSection\":\"Artyku\\u0142y\"},{\"@type\":\"BreadcrumbList\",\"@id\":\"https:\\\/\\\/wia.net.pl\\\/index.php\\\/2023\\\/07\\\/30\\\/klimatyczne-szalenstwo-na-tronie\\\/#breadcrumblist\",\"itemListElement\":[{\"@type\":\"ListItem\",\"@id\":\"https:\\\/\\\/wia.net.pl#listItem\",\"position\":1,\"name\":\"Home\",\"item\":\"https:\\\/\\\/wia.net.pl\",\"nextItem\":{\"@type\":\"ListItem\",\"@id\":\"https:\\\/\\\/wia.net.pl\\\/index.php\\\/category\\\/artykuly\\\/#listItem\",\"name\":\"Artyku\\u0142y\"}},{\"@type\":\"ListItem\",\"@id\":\"https:\\\/\\\/wia.net.pl\\\/index.php\\\/category\\\/artykuly\\\/#listItem\",\"position\":2,\"name\":\"Artyku\\u0142y\",\"item\":\"https:\\\/\\\/wia.net.pl\\\/index.php\\\/category\\\/artykuly\\\/\",\"nextItem\":{\"@type\":\"ListItem\",\"@id\":\"https:\\\/\\\/wia.net.pl\\\/index.php\\\/2023\\\/07\\\/30\\\/klimatyczne-szalenstwo-na-tronie\\\/#listItem\",\"name\":\"Klimatyczne szale\\u0144stwo na tronie\"},\"previousItem\":{\"@type\":\"ListItem\",\"@id\":\"https:\\\/\\\/wia.net.pl#listItem\",\"name\":\"Home\"}},{\"@type\":\"ListItem\",\"@id\":\"https:\\\/\\\/wia.net.pl\\\/index.php\\\/2023\\\/07\\\/30\\\/klimatyczne-szalenstwo-na-tronie\\\/#listItem\",\"position\":3,\"name\":\"Klimatyczne szale\\u0144stwo na tronie\",\"previousItem\":{\"@type\":\"ListItem\",\"@id\":\"https:\\\/\\\/wia.net.pl\\\/index.php\\\/category\\\/artykuly\\\/#listItem\",\"name\":\"Artyku\\u0142y\"}}]},{\"@type\":\"Person\",\"@id\":\"https:\\\/\\\/wia.net.pl\\\/#person\",\"name\":\"Bart\\u0142omiej Talarczyk\",\"image\":{\"@type\":\"ImageObject\",\"@id\":\"https:\\\/\\\/wia.net.pl\\\/index.php\\\/2023\\\/07\\\/30\\\/klimatyczne-szalenstwo-na-tronie\\\/#personImage\",\"url\":\"https:\\\/\\\/wia.net.pl\\\/wp-content\\\/uploads\\\/avatar-privacy\\\/cache\\\/user\\\/1\\\/7\\\/176a6b161c58363ff49b5c167264231f519f5c7fa183ca1f61e891769b6b56d5-96.jpg\",\"width\":96,\"height\":96,\"caption\":\"Bart\\u0142omiej Talarczyk\"}},{\"@type\":\"Person\",\"@id\":\"https:\\\/\\\/wia.net.pl\\\/index.php\\\/author\\\/trinity\\\/#author\",\"url\":\"https:\\\/\\\/wia.net.pl\\\/index.php\\\/author\\\/trinity\\\/\",\"name\":\"trinity\",\"image\":{\"@type\":\"ImageObject\",\"@id\":\"https:\\\/\\\/wia.net.pl\\\/index.php\\\/2023\\\/07\\\/30\\\/klimatyczne-szalenstwo-na-tronie\\\/#authorImage\",\"url\":\"https:\\\/\\\/wia.net.pl\\\/wp-content\\\/uploads\\\/avatar-privacy\\\/cache\\\/user\\\/5\\\/f\\\/5f6547cf82495eaa10e100a6a45d5dbde2dfdc1be88557de2018fca705bdf6f1-96.jpg\",\"width\":96,\"height\":96,\"caption\":\"trinity\"}},{\"@type\":\"WebPage\",\"@id\":\"https:\\\/\\\/wia.net.pl\\\/index.php\\\/2023\\\/07\\\/30\\\/klimatyczne-szalenstwo-na-tronie\\\/#webpage\",\"url\":\"https:\\\/\\\/wia.net.pl\\\/index.php\\\/2023\\\/07\\\/30\\\/klimatyczne-szalenstwo-na-tronie\\\/\",\"name\":\"Klimatyczne szale\\u0144stwo na tronie - Wolno\\u015b\\u0107 i Anarchia\",\"description\":\"Autor, HANS VOGEL \\u2022 29 LIPCA 2023 R The Unz Review Wszystkie media pa\\u0144stwowe i korporacyjne w UE krzycz\\u0105 i krzycz\\u0105 o upa\\u0142ach w Europie. M\\u00f3wi\\u0105, \\u017ce to piek\\u0142o. Nigdy nie by\\u0142o tak gor\\u0105co, chc\\u0105, \\u017ceby\\u015bmy uwierzyli. Sekretarz generalny ONZ Guterres m\\u00f3wi \\u015bwiatu, \\u017ce \\u201enadszed\\u0142 wiek globalnego wrzenia\\u201d. Tak poucza cz\\u0142owieka, kt\\u00f3ry od dawna zwi\\u0105zany jest z notorycznymi pedofilami i pod kt\\u00f3rego\",\"inLanguage\":\"pl-PL\",\"isPartOf\":{\"@id\":\"https:\\\/\\\/wia.net.pl\\\/#website\"},\"breadcrumb\":{\"@id\":\"https:\\\/\\\/wia.net.pl\\\/index.php\\\/2023\\\/07\\\/30\\\/klimatyczne-szalenstwo-na-tronie\\\/#breadcrumblist\"},\"author\":{\"@id\":\"https:\\\/\\\/wia.net.pl\\\/index.php\\\/author\\\/trinity\\\/#author\"},\"creator\":{\"@id\":\"https:\\\/\\\/wia.net.pl\\\/index.php\\\/author\\\/trinity\\\/#author\"},\"image\":{\"@type\":\"ImageObject\",\"url\":\"https:\\\/\\\/wia.net.pl\\\/wp-content\\\/uploads\\\/2023\\\/07\\\/shutterstock_1300655272-600x400-1.jpg\",\"@id\":\"https:\\\/\\\/wia.net.pl\\\/index.php\\\/2023\\\/07\\\/30\\\/klimatyczne-szalenstwo-na-tronie\\\/#mainImage\",\"width\":600,\"height\":400},\"primaryImageOfPage\":{\"@id\":\"https:\\\/\\\/wia.net.pl\\\/index.php\\\/2023\\\/07\\\/30\\\/klimatyczne-szalenstwo-na-tronie\\\/#mainImage\"},\"datePublished\":\"2023-07-30T10:25:28+02:00\",\"dateModified\":\"2023-07-30T10:25:28+02:00\"},{\"@type\":\"WebSite\",\"@id\":\"https:\\\/\\\/wia.net.pl\\\/#website\",\"url\":\"https:\\\/\\\/wia.net.pl\\\/\",\"name\":\"Wolno\\u015b\\u0107 i Anarchia\",\"description\":\"Ka\\u017cdy wewn\\u0119trznie jest anarchist\\u0105.\",\"inLanguage\":\"pl-PL\",\"publisher\":{\"@id\":\"https:\\\/\\\/wia.net.pl\\\/#person\"}}]}\n\t\t<\/script>\n\t\t<!-- All in One SEO -->\n\n","aioseo_head_json":{"title":"Klimatyczne szale\u0144stwo na tronie - Wolno\u015b\u0107 i Anarchia","description":"Autor, HANS VOGEL \u2022 29 LIPCA 2023 R The Unz Review Wszystkie media pa\u0144stwowe i korporacyjne w UE krzycz\u0105 i krzycz\u0105 o upa\u0142ach w Europie. M\u00f3wi\u0105, \u017ce to piek\u0142o. Nigdy nie by\u0142o tak gor\u0105co, chc\u0105, \u017ceby\u015bmy uwierzyli. Sekretarz generalny ONZ Guterres m\u00f3wi \u015bwiatu, \u017ce \u201enadszed\u0142 wiek globalnego wrzenia\u201d. Tak poucza cz\u0142owieka, kt\u00f3ry od dawna zwi\u0105zany jest z notorycznymi pedofilami i pod kt\u00f3rego","canonical_url":"https:\/\/wia.net.pl\/index.php\/2023\/07\/30\/klimatyczne-szalenstwo-na-tronie\/","robots":"max-image-preview:large","keywords":"","webmasterTools":{"miscellaneous":""},"schema":{"@context":"https:\/\/schema.org","@graph":[{"@type":"BlogPosting","@id":"https:\/\/wia.net.pl\/index.php\/2023\/07\/30\/klimatyczne-szalenstwo-na-tronie\/#blogposting","name":"Klimatyczne szale\u0144stwo na tronie - Wolno\u015b\u0107 i Anarchia","headline":"Klimatyczne szale\u0144stwo na tronie","author":{"@id":"https:\/\/wia.net.pl\/index.php\/author\/trinity\/#author"},"publisher":{"@id":"https:\/\/wia.net.pl\/#person"},"image":{"@type":"ImageObject","url":"https:\/\/wia.net.pl\/wp-content\/uploads\/2023\/07\/shutterstock_1300655272-600x400-1.jpg","width":600,"height":400},"datePublished":"2023-07-30T10:25:28+02:00","dateModified":"2023-07-30T10:25:28+02:00","inLanguage":"pl-PL","mainEntityOfPage":{"@id":"https:\/\/wia.net.pl\/index.php\/2023\/07\/30\/klimatyczne-szalenstwo-na-tronie\/#webpage"},"isPartOf":{"@id":"https:\/\/wia.net.pl\/index.php\/2023\/07\/30\/klimatyczne-szalenstwo-na-tronie\/#webpage"},"articleSection":"Artyku\u0142y"},{"@type":"BreadcrumbList","@id":"https:\/\/wia.net.pl\/index.php\/2023\/07\/30\/klimatyczne-szalenstwo-na-tronie\/#breadcrumblist","itemListElement":[{"@type":"ListItem","@id":"https:\/\/wia.net.pl#listItem","position":1,"name":"Home","item":"https:\/\/wia.net.pl","nextItem":{"@type":"ListItem","@id":"https:\/\/wia.net.pl\/index.php\/category\/artykuly\/#listItem","name":"Artyku\u0142y"}},{"@type":"ListItem","@id":"https:\/\/wia.net.pl\/index.php\/category\/artykuly\/#listItem","position":2,"name":"Artyku\u0142y","item":"https:\/\/wia.net.pl\/index.php\/category\/artykuly\/","nextItem":{"@type":"ListItem","@id":"https:\/\/wia.net.pl\/index.php\/2023\/07\/30\/klimatyczne-szalenstwo-na-tronie\/#listItem","name":"Klimatyczne szale\u0144stwo na tronie"},"previousItem":{"@type":"ListItem","@id":"https:\/\/wia.net.pl#listItem","name":"Home"}},{"@type":"ListItem","@id":"https:\/\/wia.net.pl\/index.php\/2023\/07\/30\/klimatyczne-szalenstwo-na-tronie\/#listItem","position":3,"name":"Klimatyczne szale\u0144stwo na tronie","previousItem":{"@type":"ListItem","@id":"https:\/\/wia.net.pl\/index.php\/category\/artykuly\/#listItem","name":"Artyku\u0142y"}}]},{"@type":"Person","@id":"https:\/\/wia.net.pl\/#person","name":"Bart\u0142omiej Talarczyk","image":{"@type":"ImageObject","@id":"https:\/\/wia.net.pl\/index.php\/2023\/07\/30\/klimatyczne-szalenstwo-na-tronie\/#personImage","url":"https:\/\/wia.net.pl\/wp-content\/uploads\/avatar-privacy\/cache\/user\/1\/7\/176a6b161c58363ff49b5c167264231f519f5c7fa183ca1f61e891769b6b56d5-96.jpg","width":96,"height":96,"caption":"Bart\u0142omiej Talarczyk"}},{"@type":"Person","@id":"https:\/\/wia.net.pl\/index.php\/author\/trinity\/#author","url":"https:\/\/wia.net.pl\/index.php\/author\/trinity\/","name":"trinity","image":{"@type":"ImageObject","@id":"https:\/\/wia.net.pl\/index.php\/2023\/07\/30\/klimatyczne-szalenstwo-na-tronie\/#authorImage","url":"https:\/\/wia.net.pl\/wp-content\/uploads\/avatar-privacy\/cache\/user\/5\/f\/5f6547cf82495eaa10e100a6a45d5dbde2dfdc1be88557de2018fca705bdf6f1-96.jpg","width":96,"height":96,"caption":"trinity"}},{"@type":"WebPage","@id":"https:\/\/wia.net.pl\/index.php\/2023\/07\/30\/klimatyczne-szalenstwo-na-tronie\/#webpage","url":"https:\/\/wia.net.pl\/index.php\/2023\/07\/30\/klimatyczne-szalenstwo-na-tronie\/","name":"Klimatyczne szale\u0144stwo na tronie - Wolno\u015b\u0107 i Anarchia","description":"Autor, HANS VOGEL \u2022 29 LIPCA 2023 R The Unz Review Wszystkie media pa\u0144stwowe i korporacyjne w UE krzycz\u0105 i krzycz\u0105 o upa\u0142ach w Europie. M\u00f3wi\u0105, \u017ce to piek\u0142o. Nigdy nie by\u0142o tak gor\u0105co, chc\u0105, \u017ceby\u015bmy uwierzyli. Sekretarz generalny ONZ Guterres m\u00f3wi \u015bwiatu, \u017ce \u201enadszed\u0142 wiek globalnego wrzenia\u201d. Tak poucza cz\u0142owieka, kt\u00f3ry od dawna zwi\u0105zany jest z notorycznymi pedofilami i pod kt\u00f3rego","inLanguage":"pl-PL","isPartOf":{"@id":"https:\/\/wia.net.pl\/#website"},"breadcrumb":{"@id":"https:\/\/wia.net.pl\/index.php\/2023\/07\/30\/klimatyczne-szalenstwo-na-tronie\/#breadcrumblist"},"author":{"@id":"https:\/\/wia.net.pl\/index.php\/author\/trinity\/#author"},"creator":{"@id":"https:\/\/wia.net.pl\/index.php\/author\/trinity\/#author"},"image":{"@type":"ImageObject","url":"https:\/\/wia.net.pl\/wp-content\/uploads\/2023\/07\/shutterstock_1300655272-600x400-1.jpg","@id":"https:\/\/wia.net.pl\/index.php\/2023\/07\/30\/klimatyczne-szalenstwo-na-tronie\/#mainImage","width":600,"height":400},"primaryImageOfPage":{"@id":"https:\/\/wia.net.pl\/index.php\/2023\/07\/30\/klimatyczne-szalenstwo-na-tronie\/#mainImage"},"datePublished":"2023-07-30T10:25:28+02:00","dateModified":"2023-07-30T10:25:28+02:00"},{"@type":"WebSite","@id":"https:\/\/wia.net.pl\/#website","url":"https:\/\/wia.net.pl\/","name":"Wolno\u015b\u0107 i Anarchia","description":"Ka\u017cdy wewn\u0119trznie jest anarchist\u0105.","inLanguage":"pl-PL","publisher":{"@id":"https:\/\/wia.net.pl\/#person"}}]},"og:locale":"pl_PL","og:site_name":"Wolno\u015b\u0107 i Anarchia - Ka\u017cdy wewn\u0119trznie jest anarchist\u0105.","og:type":"article","og:title":"Klimatyczne szale\u0144stwo na tronie - Wolno\u015b\u0107 i Anarchia","og:description":"Autor, HANS VOGEL \u2022 29 LIPCA 2023 R The Unz Review Wszystkie media pa\u0144stwowe i korporacyjne w UE krzycz\u0105 i krzycz\u0105 o upa\u0142ach w Europie. M\u00f3wi\u0105, \u017ce to piek\u0142o. Nigdy nie by\u0142o tak gor\u0105co, chc\u0105, \u017ceby\u015bmy uwierzyli. Sekretarz generalny ONZ Guterres m\u00f3wi \u015bwiatu, \u017ce \u201enadszed\u0142 wiek globalnego wrzenia\u201d. Tak poucza cz\u0142owieka, kt\u00f3ry od dawna zwi\u0105zany jest z notorycznymi pedofilami i pod kt\u00f3rego","og:url":"https:\/\/wia.net.pl\/index.php\/2023\/07\/30\/klimatyczne-szalenstwo-na-tronie\/","og:image":"https:\/\/wia.net.pl\/wp-content\/uploads\/2023\/11\/cropped-freedom-i73367.jpg","og:image:secure_url":"https:\/\/wia.net.pl\/wp-content\/uploads\/2023\/11\/cropped-freedom-i73367.jpg","article:published_time":"2023-07-30T08:25:28+00:00","article:modified_time":"2023-07-30T08:25:28+00:00","twitter:card":"summary_large_image","twitter:title":"Klimatyczne szale\u0144stwo na tronie - Wolno\u015b\u0107 i Anarchia","twitter:description":"Autor, HANS VOGEL \u2022 29 LIPCA 2023 R The Unz Review Wszystkie media pa\u0144stwowe i korporacyjne w UE krzycz\u0105 i krzycz\u0105 o upa\u0142ach w Europie. M\u00f3wi\u0105, \u017ce to piek\u0142o. Nigdy nie by\u0142o tak gor\u0105co, chc\u0105, \u017ceby\u015bmy uwierzyli. Sekretarz generalny ONZ Guterres m\u00f3wi \u015bwiatu, \u017ce \u201enadszed\u0142 wiek globalnego wrzenia\u201d. Tak poucza cz\u0142owieka, kt\u00f3ry od dawna zwi\u0105zany jest z notorycznymi pedofilami i pod kt\u00f3rego","twitter:image":"https:\/\/wia.net.pl\/wp-content\/uploads\/2023\/11\/cropped-freedom-i73367.jpg"},"aioseo_meta_data":{"post_id":"3439","title":null,"description":null,"keywords":[],"keyphrases":{"focus":{"keyphrase":"","score":0,"analysis":{"keyphraseInTitle":{"score":0,"maxScore":9,"error":1}}},"additional":[]},"primary_term":null,"canonical_url":null,"og_title":null,"og_description":null,"og_object_type":"default","og_image_type":"default","og_image_url":null,"og_image_width":null,"og_image_height":null,"og_image_custom_url":null,"og_image_custom_fields":null,"og_video":"","og_custom_url":null,"og_article_section":null,"og_article_tags":[],"twitter_use_og":false,"twitter_card":"default","twitter_image_type":"default","twitter_image_url":null,"twitter_image_custom_url":null,"twitter_image_custom_fields":null,"twitter_title":null,"twitter_description":null,"schema":{"blockGraphs":[],"customGraphs":[],"default":{"data":{"Article":[],"Course":[],"Dataset":[],"FAQPage":[],"Movie":[],"Person":[],"Product":[],"ProductReview":[],"Car":[],"Recipe":[],"Service":[],"SoftwareApplication":[],"WebPage":[]},"graphName":"BlogPosting","isEnabled":true},"graphs":[]},"schema_type":"default","schema_type_options":null,"pillar_content":false,"robots_default":true,"robots_noindex":false,"robots_noarchive":false,"robots_nosnippet":false,"robots_nofollow":false,"robots_noimageindex":false,"robots_noodp":false,"robots_notranslate":false,"robots_max_snippet":"-1","robots_max_videopreview":"-1","robots_max_imagepreview":"large","priority":null,"frequency":"default","local_seo":null,"breadcrumb_settings":null,"limit_modified_date":false,"ai":null,"created":"2023-07-30 08:25:28","updated":"2025-06-04 08:47:19","seo_analyzer_scan_date":null,"focus_keyword":null,"additional_keywords":null,"truseo_locale":null},"aioseo_breadcrumb":"<div class=\"aioseo-breadcrumbs\"><span class=\"aioseo-breadcrumb\">\n\t\t\t<a href=\"https:\/\/wia.net.pl\" title=\"Home\">Home<\/a>\n\t\t<\/span><span class=\"aioseo-breadcrumb-separator\">&raquo;<\/span><span class=\"aioseo-breadcrumb\">\n\t\t\t<a href=\"https:\/\/wia.net.pl\/index.php\/category\/artykuly\/\" title=\"Artyku\u0142y\">Artyku\u0142y<\/a>\n\t\t<\/span><span class=\"aioseo-breadcrumb-separator\">&raquo;<\/span><span class=\"aioseo-breadcrumb\">\n\t\t\tKlimatyczne szale\u0144stwo na tronie\n\t\t<\/span><\/div>","aioseo_breadcrumb_json":[{"label":"Home","link":"https:\/\/wia.net.pl"},{"label":"Artyku\u0142y","link":"https:\/\/wia.net.pl\/index.php\/category\/artykuly\/"},{"label":"Klimatyczne szale\u0144stwo na tronie","link":"https:\/\/wia.net.pl\/index.php\/2023\/07\/30\/klimatyczne-szalenstwo-na-tronie\/"}],"_links":{"self":[{"href":"https:\/\/wia.net.pl\/index.php\/wp-json\/wp\/v2\/posts\/3439"}],"collection":[{"href":"https:\/\/wia.net.pl\/index.php\/wp-json\/wp\/v2\/posts"}],"about":[{"href":"https:\/\/wia.net.pl\/index.php\/wp-json\/wp\/v2\/types\/post"}],"author":[{"embeddable":true,"href":"https:\/\/wia.net.pl\/index.php\/wp-json\/wp\/v2\/users\/2"}],"replies":[{"embeddable":true,"href":"https:\/\/wia.net.pl\/index.php\/wp-json\/wp\/v2\/comments?post=3439"}],"version-history":[{"count":1,"href":"https:\/\/wia.net.pl\/index.php\/wp-json\/wp\/v2\/posts\/3439\/revisions"}],"predecessor-version":[{"id":3441,"href":"https:\/\/wia.net.pl\/index.php\/wp-json\/wp\/v2\/posts\/3439\/revisions\/3441"}],"wp:featuredmedia":[{"embeddable":true,"href":"https:\/\/wia.net.pl\/index.php\/wp-json\/wp\/v2\/media\/3440"}],"wp:attachment":[{"href":"https:\/\/wia.net.pl\/index.php\/wp-json\/wp\/v2\/media?parent=3439"}],"wp:term":[{"taxonomy":"category","embeddable":true,"href":"https:\/\/wia.net.pl\/index.php\/wp-json\/wp\/v2\/categories?post=3439"},{"taxonomy":"post_tag","embeddable":true,"href":"https:\/\/wia.net.pl\/index.php\/wp-json\/wp\/v2\/tags?post=3439"}],"curies":[{"name":"wp","href":"https:\/\/api.w.org\/{rel}","templated":true}]}}