{"id":3466,"date":"2023-07-31T12:14:49","date_gmt":"2023-07-31T10:14:49","guid":{"rendered":"https:\/\/wia.net.pl\/?p=3466"},"modified":"2023-07-31T12:14:49","modified_gmt":"2023-07-31T10:14:49","slug":"nasze-salami-juz-czas","status":"publish","type":"post","link":"https:\/\/wia.net.pl\/index.php\/2023\/07\/31\/nasze-salami-juz-czas\/","title":{"rendered":"Nasze salami: Ju\u017c czas"},"content":{"rendered":"\n<p>Biuletyn dr Emanuela Garcii<br><a href=\"https:\/\/www.globalresearch.ca\/\">NewZealandDoc<\/a><\/p>\n\n\n\n<p>31 lipca 2023 r<\/p>\n\n\n\n<figure class=\"wp-block-image size-large\"><img loading=\"lazy\" decoding=\"async\" width=\"1024\" height=\"791\" src=\"https:\/\/wia.net.pl\/wp-content\/uploads\/2023\/07\/identity-gac21788b5_1280-1024x791.jpg\" alt=\"\" class=\"wp-image-3467\" srcset=\"https:\/\/wia.net.pl\/wp-content\/uploads\/2023\/07\/identity-gac21788b5_1280-1024x791.jpg 1024w, https:\/\/wia.net.pl\/wp-content\/uploads\/2023\/07\/identity-gac21788b5_1280-300x232.jpg 300w, https:\/\/wia.net.pl\/wp-content\/uploads\/2023\/07\/identity-gac21788b5_1280-768x593.jpg 768w, https:\/\/wia.net.pl\/wp-content\/uploads\/2023\/07\/identity-gac21788b5_1280.jpg 1280w\" sizes=\"(max-width: 1024px) 100vw, 1024px\" \/><\/figure>\n\n\n\n<p>Ka\u017cdy dzie\u0144 niesie ze sob\u0105 swoj\u0105 miar\u0119 rado\u015bci lub b\u00f3lu.&nbsp;Zgie\u0142k \u017cycia szumi, a praktyczno\u015b\u0107 poch\u0142ania uwag\u0119 wi\u0119kszo\u015bci z nas na tyle, \u017ce g\u0142\u0119bia zmian wprowadzonych przez operacj\u0119 Covid mo\u017ce nie by\u0107 do ko\u0144ca doceniona.&nbsp;Doprawdy, sam nie mog\u0119 poj\u0105\u0107 g\u0142\u0119bi i rozleg\u0142o\u015bci nieprawo\u015bci, kt\u00f3ra nas spotka\u0142a, chocia\u017c dostrzegam stygmaty.<\/p>\n\n\n\n<p>Nudzi mnie powtarzanie litanii nadu\u017cy\u0107, kt\u00f3rym byli\u015bmy poddawani \u2013 blokad, masek, nakaz\u00f3w szczepie\u0144 i apartheidu, pozosta\u0142o\u015bci podzia\u0142\u00f3w mi\u0119dzy przyjaci\u00f3\u0142mi i rodzin\u0105, weso\u0142ego \u201eochronnego\u201d pa\u0144stwa, kt\u00f3re deklaruje, \u017ce jest nie do pokonania i ma racj\u0119, i teraz nieustannie hektoruje \u2013 ale warto to powt\u00f3rzy\u0107 cho\u0107by po to, by przypomnie\u0107 nam o niezr\u00f3wnanym zasi\u0119gu tej operacji.&nbsp;Warto te\u017c zwr\u00f3ci\u0107 uwag\u0119 na wprowadzenie nowatorskich pr\u00f3b kontroli, si\u0119gaj\u0105cych do kont bankowych, niegdy\u015b uwa\u017canych za nie do zdobycia lub przynajmniej nie do zdobycia przed jawn\u0105 kradzie\u017c\u0105.<\/p>\n\n\n\n<p>Wygl\u0105da na to, \u017ce w dzisiejszych czasach nic nie jest chronione \u2013 mowa, my\u015bl, integralno\u015b\u0107 cielesna i wyb\u00f3r medyczny, w\u0142asno\u015b\u0107 prywatna, p\u0142e\u0107, rodzina, religia \u2013 i zdumiewaj\u0105co zaakceptowali\u015bmy ingerencj\u0119 w jakiekolwiek pozory ludzkiej autonomii jako\u2026 Bez zaskoczenia.<\/p>\n\n\n\n<p>Atak na to\u017csamo\u015b\u0107 i wolno\u015b\u0107 by\u0142 tak masowy, tak powszechny i \u200b\u200btak kompletny, \u017ce naprawd\u0119 nie spos\u00f3b poj\u0105\u0107.&nbsp;Podczas gdy \u015bmierciono\u015bne d\u017agni\u0119cie nadal przynosi szkody i \u015bmier\u0107 milionom, budowana jest infrastruktura, aby zapewni\u0107, \u017ce opinie o\u015bmielaj\u0105ce si\u0119 nie zgadza\u0107 z w\u0142adzami mog\u0105 by\u0107 nie tylko cenzurowane, ale i karane.&nbsp;A najbardziej z\u0142owieszcza by\u0142a nikczemna uleg\u0142o\u015b\u0107 tych, kt\u00f3rym powierzyli\u015bmy nasz\u0105 opiek\u0119 i dobro \u2013 i mam tutaj na my\u015bli lekarzy, kt\u00f3rzy zrzekli si\u0119 swoich \u015bwi\u0119tych obowi\u0105zk\u00f3w, przysi\u0119gaj\u0105c, \u017ce dobro swoich pacjent\u00f3w b\u0119dzie priorytetem.&nbsp;Bezmy\u015blne masy, kt\u00f3re przez dziesi\u0119ciolecia by\u0142y karmione i piel\u0119gnowane przez propagand\u0119 g\u0142\u00f3wnego nurtu, niesamowicie i bezdyskusyjnie w zgodzie ze swoimi mediami, s\u0105 troch\u0119 mniej moralnie winne.<\/p>\n\n\n\n<p>Nasz wr\u00f3g \u2013 wr\u00f3g, kt\u00f3ry pod\u017cega do paszport\u00f3w \u201enaukowych\u201d i cyfrowych to\u017csamo\u015bci, i kt\u00f3ry oddaje si\u0119 orgii cenzury za ka\u017cdym razem, gdy napotka g\u0142os krytyczny \u2013 jest bezprawny.&nbsp;Ich s\u0105dy s\u0105 skorumpowane i rz\u0105dz\u0105 si\u0142\u0105, licz\u0105c na bezmy\u015blnych i rekrutuj\u0105c naiwnych jako sojusznik\u00f3w i kolaborant\u00f3w.&nbsp;Dop\u00f3ki i dop\u00f3ki nie uznamy, \u017ce apele do sumienia i sprawiedliwo\u015bci nie maj\u0105 znaczenia w przypadku globalnego kartelu mafijnego, zmniejszamy nasz\u0105 zdolno\u015b\u0107 do oporu.<\/p>\n\n\n\n<p>Ile razy s\u0142ysza\u0142em, \u017ce kolejne orzeczenie Trybuna\u0142u b\u0119dzie \u201eprze\u0142omem\u201d, \u017ce nast\u0119pna sprawa s\u0105dowa \u201eprze\u0142omem gry\u201d, \u017ce nast\u0119pna apelacja \u201ezaszokuje \u015bwiat\u201d, \u017ce kolejne rewelacje medyczne przest\u0119pczo\u015b\u0107 \u201eodwr\u00f3ci sytuacj\u0119\u201d?&nbsp;Zdecydowanie zbyt wiele.<\/p>\n\n\n\n<p>Tu, w Nowej Zelandii, lekarze, kt\u00f3rzy mieli ra\u017c\u0105c\u0105 czelno\u015b\u0107 pr\u00f3bowa\u0107 pom\u00f3c swoim pacjentom, przepisuj\u0105c na przyk\u0142ad iwermektyn\u0119, lub kt\u00f3rzy odwa\u017cyli si\u0119 nalega\u0107 na \u015bwiadom\u0105 zgod\u0119 w odniesieniu do szczepienia covid, lub kt\u00f3rzy mieli czelno\u015b\u0107 kwestionowa\u0107 apokaliptyczna polityka rz\u0105du dotycz\u0105ca COVID-19 pozostaje atakowana, a ich licencje na wykonywanie zawodu s\u0105 zagro\u017cone przez Rad\u0119 Lekarsk\u0105 Nowej Zelandii, pe\u0142nomocnika Federacji Stanowych Izb Lekarskich, jeszcze jednego marionetkowego ramienia nadrz\u0119dnego kartelu.<\/p>\n\n\n\n<p>Niedawno kolega i przyjaciel zosta\u0142 postawiony przed trybuna\u0142em dyscyplinarnym pracownik\u00f3w s\u0142u\u017cby zdrowia, podczas kt\u00f3rego przyst\u0105pi\u0142 do wypatroszenia sprawy przeciwko niemu, przedstawiaj\u0105c wzorcow\u0105 i opart\u0105 na faktach ripost\u0119 na ich ataki na niego.&nbsp;Zasadniczo Trybuna\u0142 wydaje decyzj\u0119 w ci\u0105gu kilku dni;&nbsp;w jego przypadku min\u0119\u0142o ju\u017c trzyna\u015bcie tygodni i wci\u0105\u017c trwa.&nbsp;Czy powinni\u015bmy spodziewa\u0107 si\u0119 czego\u015b innego, czy powinni\u015bmy oczekiwa\u0107 sprawiedliwej decyzji od systemu, kt\u00f3ry jest ca\u0142kowicie skompromitowany i nastawiony na program, czy powinni\u015bmy oczekiwa\u0107 dobra tam, gdzie by\u0142o skupisko z\u0142a?<\/p>\n\n\n\n<p>Chwytanie si\u0119 kruchych nitek nadziei w rozk\u0142adaj\u0105cych si\u0119 i sfa\u0142szowanych ramach s\u0142u\u017cy jedynie utrudnianiu naszych wysi\u0142k\u00f3w na rzecz domagania si\u0119 prawdziwej sprawiedliwo\u015bci, prawdziwej nauki i prawdziwej odpowiedzialno\u015bci oraz gorliwej ochrony naszych ju\u017c ograniczonych wolno\u015bci.<\/p>\n\n\n\n<p>Chocia\u017c co prawda jeste\u015bmy w trakcie nieregularnej wojny, dla kt\u00f3rej nie mo\u017cna ustali\u0107 pewnych regu\u0142, zawsze trwaj\u0105ca wiara w zdolno\u015b\u0107 Systemu do samonaprawy, manifestowana przez tych, kt\u00f3rzy nadal wbrew wszelkim dotychczasowym dowodom graj\u0105 w swoj\u0105 gr\u0119, milcz\u0105c lub czepiaj\u0105c si\u0119 z\u0142udzenie zwyci\u0119stwa w sfa\u0142szowanych s\u0105dach, tylko przed\u0142u\u017cy nasz\u0105 n\u0119dz\u0119.<\/p>\n\n\n\n<figure class=\"wp-block-image\"><img decoding=\"async\" src=\"https:\/\/lrc-cdn.s3.amazonaws.com\/assets\/2023\/07\/9b4c44f8-1683-4737-88ec-c14cd5ef93f1_600x450.webp\" alt=\"\" class=\"wp-image-867531\"\/><\/figure>\n\n\n\n<p>W 480 rpne ca\u0142a Grecja by\u0142a atakowana przez Kserksesa i jego pot\u0119\u017cn\u0105 armi\u0119 Pers\u00f3w.&nbsp;Greckie miasta-pa\u0144stwa, cho\u0107 sk\u0142\u00f3cone i rywalizuj\u0105ce ze sob\u0105, zjednoczy\u0142y si\u0119, pr\u00f3buj\u0105c powstrzyma\u0107 inwazj\u0119.&nbsp;Ich liczebno\u015b\u0107 na l\u0105dzie i morzu by\u0142a znacznie wi\u0119ksza i nie by\u0142o innego wyj\u015bcia, jak si\u0119 podda\u0107.&nbsp;Pod dow\u00f3dztwem ate\u0144skiego genera\u0142a Temistoklesa postanowili postawi\u0107 wszystko na bitw\u0119 na wodach w pobli\u017cu Aten, pod Salamin\u0105, w Zatoce Saro\u0144skiej.&nbsp;Oznacza\u0142o to, \u017ce samo wielkie miasto Ateny zostanie wydane si\u0142om perskim, kt\u00f3re najecha\u0142y i zniszczy\u0142y jego \u015bwi\u0105tynie;&nbsp;oznacza\u0142o to, \u017ce ka\u017cdy obywatel stawia\u0142 wszystko na bitw\u0119, kt\u00f3ra mia\u0142a zadecydowa\u0107 o wolno\u015bci lub niewolnictwie.<\/p>\n\n\n\n<p>W ten pami\u0119tny wrze\u015bniowy dzie\u0144 pod Salamin\u0105, wiele wiek\u00f3w temu, Grekom uda\u0142o si\u0119 zmia\u017cd\u017cy\u0107 znacznie wi\u0119ksz\u0105 flot\u0119 persk\u0105, odeprze\u0107 Kserksesa i odzyska\u0107 ich terytoria, wyznaczaj\u0105c epokowe wydarzenie w historii tego, co nazywamy Zachodem.<\/p>\n\n\n\n<p>Wr\u00f3g, przed kt\u00f3rym stoimy dzisiaj, jest wi\u0119kszy, bardziej wszechogarniaj\u0105cy i zdeterminowany nie tylko do zabijania cia\u0142, ale tak\u017ce do niszczenia samych podstaw ludzkiej to\u017csamo\u015bci.&nbsp;Dysponuj\u0105 pozornie nieograniczon\u0105 w\u0142adz\u0105, siln\u0105 kontrol\u0105 nad komunikacj\u0105 i polegaj\u0105 na bezmy\u015blnych s\u0142ugach, kt\u00f3rzy realizuj\u0105 swoje ideologicznie i fizycznie mordercze cele.<\/p>\n\n\n\n<p>Nigdy nie zostan\u0105 pokonani przez kompromis lub zgod\u0119, poniewa\u017c ta bitwa jest kulminacyjna.&nbsp;Ta bitwa b\u0119dzie wymaga\u0107 od nas, od upartej mniejszo\u015bci, odwagi po\u015bwi\u0119cenia naszych dom\u00f3w, \u015brodk\u00f3w do \u017cycia i d\u00f3br materialnych.&nbsp;Tak, to jest tak du\u017ce, tak przyt\u0142aczaj\u0105ce, \u017ce ostateczne, nawet je\u015bli mo\u017ce to wykracza\u0107 poza nasze wszechstronne mo\u017cliwo\u015bci.<\/p>\n\n\n\n<p>B\u0119dzie to wymaga\u0142o zaprzestania gry w pi\u0142k\u0119 z Diab\u0142em.<\/p>\n\n\n\n<p>To jest nasza Salamina.&nbsp;Ju\u017c czas.<\/p>\n\n\n\n<p><em>Pierwotnie pojawi\u0142 si\u0119 on w\u00a0<a href=\"https:\/\/newzealanddoc.substack.com\/p\/our-salamis-its-time\">biuletynie NewZealandDoc<\/a>\u00a0.<\/em><\/p>\n\n\n\n<p>Link \u017ar\u00f3d\u0142owy <a href=\"https:\/\/www.lewrockwell.com\/2023\/07\/no_author\/our-salamis-its-time\/\">https:\/\/www.lewrockwell.com\/2023\/07\/no_author\/our-salamis-its-time\/<\/a><\/p>\n","protected":false},"excerpt":{"rendered":"<p>Biuletyn dr Emanuela GarciiNewZealandDoc 31 lipca 2023 r Ka\u017cdy dzie\u0144 niesie ze sob\u0105 swoj\u0105 miar\u0119 rado\u015bci lub b\u00f3lu.&nbsp;Zgie\u0142k \u017cycia szumi, a praktyczno\u015b\u0107 poch\u0142ania uwag\u0119 wi\u0119kszo\u015bci z nas na tyle, \u017ce g\u0142\u0119bia zmian wprowadzonych przez operacj\u0119 Covid mo\u017ce nie by\u0107 do&#8230; <\/p>\n","protected":false},"author":2,"featured_media":3467,"comment_status":"open","ping_status":"open","sticky":false,"template":"","format":"standard","meta":{"_acf_changed":false,"_bbp_topic_count":0,"_bbp_reply_count":0,"_bbp_total_topic_count":0,"_bbp_total_reply_count":0,"_bbp_voice_count":0,"_bbp_anonymous_reply_count":0,"_bbp_topic_count_hidden":0,"_bbp_reply_count_hidden":0,"_bbp_forum_subforum_count":0,"om_disable_all_campaigns":false,"_monsterinsights_skip_tracking":false,"footnotes":""},"categories":[93],"tags":[],"class_list":["post-3466","post","type-post","status-publish","format-standard","has-post-thumbnail","hentry","category-artykuly"],"acf":[],"aioseo_notices":[],"aioseo_head":"\n\t\t<!-- All in One SEO 5.0.1.1 - aioseo.com -->\n\t<meta name=\"description\" content=\"Biuletyn dr Emanuela GarciiNewZealandDoc 31 lipca 2023 r Ka\u017cdy dzie\u0144 niesie ze sob\u0105 swoj\u0105 miar\u0119 rado\u015bci lub b\u00f3lu. Zgie\u0142k \u017cycia szumi, a praktyczno\u015b\u0107 poch\u0142ania uwag\u0119 wi\u0119kszo\u015bci z nas na tyle, \u017ce g\u0142\u0119bia zmian wprowadzonych przez operacj\u0119 Covid mo\u017ce nie by\u0107 do ko\u0144ca doceniona. Doprawdy, sam nie mog\u0119 poj\u0105\u0107 g\u0142\u0119bi i rozleg\u0142o\u015bci nieprawo\u015bci, kt\u00f3ra nas spotka\u0142a, chocia\u017c dostrzegam\" \/>\n\t<meta name=\"robots\" content=\"max-image-preview:large\" \/>\n\t<meta name=\"author\" content=\"trinity\"\/>\n\t<link rel=\"canonical\" href=\"https:\/\/wia.net.pl\/index.php\/2023\/07\/31\/nasze-salami-juz-czas\/\" \/>\n\t<meta name=\"generator\" content=\"All in One SEO (AIOSEO) 5.0.1.1\" \/>\n\t\t<meta property=\"og:locale\" content=\"pl_PL\" \/>\n\t\t<meta property=\"og:site_name\" content=\"Wolno\u015b\u0107 i Anarchia - Ka\u017cdy wewn\u0119trznie jest anarchist\u0105.\" \/>\n\t\t<meta property=\"og:type\" content=\"article\" \/>\n\t\t<meta property=\"og:title\" content=\"Nasze salami: Ju\u017c czas - Wolno\u015b\u0107 i Anarchia\" \/>\n\t\t<meta property=\"og:description\" content=\"Biuletyn dr Emanuela GarciiNewZealandDoc 31 lipca 2023 r Ka\u017cdy dzie\u0144 niesie ze sob\u0105 swoj\u0105 miar\u0119 rado\u015bci lub b\u00f3lu. Zgie\u0142k \u017cycia szumi, a praktyczno\u015b\u0107 poch\u0142ania uwag\u0119 wi\u0119kszo\u015bci z nas na tyle, \u017ce g\u0142\u0119bia zmian wprowadzonych przez operacj\u0119 Covid mo\u017ce nie by\u0107 do ko\u0144ca doceniona. Doprawdy, sam nie mog\u0119 poj\u0105\u0107 g\u0142\u0119bi i rozleg\u0142o\u015bci nieprawo\u015bci, kt\u00f3ra nas spotka\u0142a, chocia\u017c dostrzegam\" \/>\n\t\t<meta property=\"og:url\" content=\"https:\/\/wia.net.pl\/index.php\/2023\/07\/31\/nasze-salami-juz-czas\/\" \/>\n\t\t<meta property=\"og:image\" content=\"https:\/\/wia.net.pl\/wp-content\/uploads\/2023\/11\/cropped-freedom-i73367.jpg\" \/>\n\t\t<meta property=\"og:image:secure_url\" content=\"https:\/\/wia.net.pl\/wp-content\/uploads\/2023\/11\/cropped-freedom-i73367.jpg\" \/>\n\t\t<meta property=\"article:published_time\" content=\"2023-07-31T10:14:49+00:00\" \/>\n\t\t<meta property=\"article:modified_time\" content=\"2023-07-31T10:14:49+00:00\" \/>\n\t\t<meta name=\"twitter:card\" content=\"summary_large_image\" \/>\n\t\t<meta name=\"twitter:title\" content=\"Nasze salami: Ju\u017c czas - Wolno\u015b\u0107 i Anarchia\" \/>\n\t\t<meta name=\"twitter:description\" content=\"Biuletyn dr Emanuela GarciiNewZealandDoc 31 lipca 2023 r Ka\u017cdy dzie\u0144 niesie ze sob\u0105 swoj\u0105 miar\u0119 rado\u015bci lub b\u00f3lu. Zgie\u0142k \u017cycia szumi, a praktyczno\u015b\u0107 poch\u0142ania uwag\u0119 wi\u0119kszo\u015bci z nas na tyle, \u017ce g\u0142\u0119bia zmian wprowadzonych przez operacj\u0119 Covid mo\u017ce nie by\u0107 do ko\u0144ca doceniona. Doprawdy, sam nie mog\u0119 poj\u0105\u0107 g\u0142\u0119bi i rozleg\u0142o\u015bci nieprawo\u015bci, kt\u00f3ra nas spotka\u0142a, chocia\u017c dostrzegam\" \/>\n\t\t<meta name=\"twitter:image\" content=\"https:\/\/wia.net.pl\/wp-content\/uploads\/2023\/11\/cropped-freedom-i73367.jpg\" \/>\n\t\t<script type=\"application\/ld+json\" class=\"aioseo-schema\">\n\t\t\t{\"@context\":\"https:\\\/\\\/schema.org\",\"@graph\":[{\"@type\":\"BlogPosting\",\"@id\":\"https:\\\/\\\/wia.net.pl\\\/index.php\\\/2023\\\/07\\\/31\\\/nasze-salami-juz-czas\\\/#blogposting\",\"name\":\"Nasze salami: Ju\\u017c czas - Wolno\\u015b\\u0107 i Anarchia\",\"headline\":\"Nasze salami: Ju\\u017c czas\",\"author\":{\"@id\":\"https:\\\/\\\/wia.net.pl\\\/index.php\\\/author\\\/trinity\\\/#author\"},\"publisher\":{\"@id\":\"https:\\\/\\\/wia.net.pl\\\/#person\"},\"image\":{\"@type\":\"ImageObject\",\"url\":\"https:\\\/\\\/wia.net.pl\\\/wp-content\\\/uploads\\\/2023\\\/07\\\/identity-gac21788b5_1280.jpg\",\"width\":1280,\"height\":989},\"datePublished\":\"2023-07-31T12:14:49+02:00\",\"dateModified\":\"2023-07-31T12:14:49+02:00\",\"inLanguage\":\"pl-PL\",\"mainEntityOfPage\":{\"@id\":\"https:\\\/\\\/wia.net.pl\\\/index.php\\\/2023\\\/07\\\/31\\\/nasze-salami-juz-czas\\\/#webpage\"},\"isPartOf\":{\"@id\":\"https:\\\/\\\/wia.net.pl\\\/index.php\\\/2023\\\/07\\\/31\\\/nasze-salami-juz-czas\\\/#webpage\"},\"articleSection\":\"Artyku\\u0142y\"},{\"@type\":\"BreadcrumbList\",\"@id\":\"https:\\\/\\\/wia.net.pl\\\/index.php\\\/2023\\\/07\\\/31\\\/nasze-salami-juz-czas\\\/#breadcrumblist\",\"itemListElement\":[{\"@type\":\"ListItem\",\"@id\":\"https:\\\/\\\/wia.net.pl#listItem\",\"position\":1,\"name\":\"Home\",\"item\":\"https:\\\/\\\/wia.net.pl\",\"nextItem\":{\"@type\":\"ListItem\",\"@id\":\"https:\\\/\\\/wia.net.pl\\\/index.php\\\/category\\\/artykuly\\\/#listItem\",\"name\":\"Artyku\\u0142y\"}},{\"@type\":\"ListItem\",\"@id\":\"https:\\\/\\\/wia.net.pl\\\/index.php\\\/category\\\/artykuly\\\/#listItem\",\"position\":2,\"name\":\"Artyku\\u0142y\",\"item\":\"https:\\\/\\\/wia.net.pl\\\/index.php\\\/category\\\/artykuly\\\/\",\"nextItem\":{\"@type\":\"ListItem\",\"@id\":\"https:\\\/\\\/wia.net.pl\\\/index.php\\\/2023\\\/07\\\/31\\\/nasze-salami-juz-czas\\\/#listItem\",\"name\":\"Nasze salami: Ju\\u017c czas\"},\"previousItem\":{\"@type\":\"ListItem\",\"@id\":\"https:\\\/\\\/wia.net.pl#listItem\",\"name\":\"Home\"}},{\"@type\":\"ListItem\",\"@id\":\"https:\\\/\\\/wia.net.pl\\\/index.php\\\/2023\\\/07\\\/31\\\/nasze-salami-juz-czas\\\/#listItem\",\"position\":3,\"name\":\"Nasze salami: Ju\\u017c czas\",\"previousItem\":{\"@type\":\"ListItem\",\"@id\":\"https:\\\/\\\/wia.net.pl\\\/index.php\\\/category\\\/artykuly\\\/#listItem\",\"name\":\"Artyku\\u0142y\"}}]},{\"@type\":\"Person\",\"@id\":\"https:\\\/\\\/wia.net.pl\\\/#person\",\"name\":\"Bart\\u0142omiej Talarczyk\",\"image\":{\"@type\":\"ImageObject\",\"@id\":\"https:\\\/\\\/wia.net.pl\\\/index.php\\\/2023\\\/07\\\/31\\\/nasze-salami-juz-czas\\\/#personImage\",\"url\":\"https:\\\/\\\/wia.net.pl\\\/wp-content\\\/uploads\\\/avatar-privacy\\\/cache\\\/user\\\/1\\\/7\\\/176a6b161c58363ff49b5c167264231f519f5c7fa183ca1f61e891769b6b56d5-96.jpg\",\"width\":96,\"height\":96,\"caption\":\"Bart\\u0142omiej Talarczyk\"}},{\"@type\":\"Person\",\"@id\":\"https:\\\/\\\/wia.net.pl\\\/index.php\\\/author\\\/trinity\\\/#author\",\"url\":\"https:\\\/\\\/wia.net.pl\\\/index.php\\\/author\\\/trinity\\\/\",\"name\":\"trinity\",\"image\":{\"@type\":\"ImageObject\",\"@id\":\"https:\\\/\\\/wia.net.pl\\\/index.php\\\/2023\\\/07\\\/31\\\/nasze-salami-juz-czas\\\/#authorImage\",\"url\":\"https:\\\/\\\/wia.net.pl\\\/wp-content\\\/uploads\\\/avatar-privacy\\\/cache\\\/user\\\/5\\\/f\\\/5f6547cf82495eaa10e100a6a45d5dbde2dfdc1be88557de2018fca705bdf6f1-96.jpg\",\"width\":96,\"height\":96,\"caption\":\"trinity\"}},{\"@type\":\"WebPage\",\"@id\":\"https:\\\/\\\/wia.net.pl\\\/index.php\\\/2023\\\/07\\\/31\\\/nasze-salami-juz-czas\\\/#webpage\",\"url\":\"https:\\\/\\\/wia.net.pl\\\/index.php\\\/2023\\\/07\\\/31\\\/nasze-salami-juz-czas\\\/\",\"name\":\"Nasze salami: Ju\\u017c czas - Wolno\\u015b\\u0107 i Anarchia\",\"description\":\"Biuletyn dr Emanuela GarciiNewZealandDoc 31 lipca 2023 r Ka\\u017cdy dzie\\u0144 niesie ze sob\\u0105 swoj\\u0105 miar\\u0119 rado\\u015bci lub b\\u00f3lu. Zgie\\u0142k \\u017cycia szumi, a praktyczno\\u015b\\u0107 poch\\u0142ania uwag\\u0119 wi\\u0119kszo\\u015bci z nas na tyle, \\u017ce g\\u0142\\u0119bia zmian wprowadzonych przez operacj\\u0119 Covid mo\\u017ce nie by\\u0107 do ko\\u0144ca doceniona. Doprawdy, sam nie mog\\u0119 poj\\u0105\\u0107 g\\u0142\\u0119bi i rozleg\\u0142o\\u015bci nieprawo\\u015bci, kt\\u00f3ra nas spotka\\u0142a, chocia\\u017c dostrzegam\",\"inLanguage\":\"pl-PL\",\"isPartOf\":{\"@id\":\"https:\\\/\\\/wia.net.pl\\\/#website\"},\"breadcrumb\":{\"@id\":\"https:\\\/\\\/wia.net.pl\\\/index.php\\\/2023\\\/07\\\/31\\\/nasze-salami-juz-czas\\\/#breadcrumblist\"},\"author\":{\"@id\":\"https:\\\/\\\/wia.net.pl\\\/index.php\\\/author\\\/trinity\\\/#author\"},\"creator\":{\"@id\":\"https:\\\/\\\/wia.net.pl\\\/index.php\\\/author\\\/trinity\\\/#author\"},\"image\":{\"@type\":\"ImageObject\",\"url\":\"https:\\\/\\\/wia.net.pl\\\/wp-content\\\/uploads\\\/2023\\\/07\\\/identity-gac21788b5_1280.jpg\",\"@id\":\"https:\\\/\\\/wia.net.pl\\\/index.php\\\/2023\\\/07\\\/31\\\/nasze-salami-juz-czas\\\/#mainImage\",\"width\":1280,\"height\":989},\"primaryImageOfPage\":{\"@id\":\"https:\\\/\\\/wia.net.pl\\\/index.php\\\/2023\\\/07\\\/31\\\/nasze-salami-juz-czas\\\/#mainImage\"},\"datePublished\":\"2023-07-31T12:14:49+02:00\",\"dateModified\":\"2023-07-31T12:14:49+02:00\"},{\"@type\":\"WebSite\",\"@id\":\"https:\\\/\\\/wia.net.pl\\\/#website\",\"url\":\"https:\\\/\\\/wia.net.pl\\\/\",\"name\":\"Wolno\\u015b\\u0107 i Anarchia\",\"description\":\"Ka\\u017cdy wewn\\u0119trznie jest anarchist\\u0105.\",\"inLanguage\":\"pl-PL\",\"publisher\":{\"@id\":\"https:\\\/\\\/wia.net.pl\\\/#person\"}}]}\n\t\t<\/script>\n\t\t<!-- All in One SEO -->\n\n","aioseo_head_json":{"title":"Nasze salami: Ju\u017c czas - Wolno\u015b\u0107 i Anarchia","description":"Biuletyn dr Emanuela GarciiNewZealandDoc 31 lipca 2023 r Ka\u017cdy dzie\u0144 niesie ze sob\u0105 swoj\u0105 miar\u0119 rado\u015bci lub b\u00f3lu. Zgie\u0142k \u017cycia szumi, a praktyczno\u015b\u0107 poch\u0142ania uwag\u0119 wi\u0119kszo\u015bci z nas na tyle, \u017ce g\u0142\u0119bia zmian wprowadzonych przez operacj\u0119 Covid mo\u017ce nie by\u0107 do ko\u0144ca doceniona. Doprawdy, sam nie mog\u0119 poj\u0105\u0107 g\u0142\u0119bi i rozleg\u0142o\u015bci nieprawo\u015bci, kt\u00f3ra nas spotka\u0142a, chocia\u017c dostrzegam","canonical_url":"https:\/\/wia.net.pl\/index.php\/2023\/07\/31\/nasze-salami-juz-czas\/","robots":"max-image-preview:large","keywords":"","webmasterTools":{"miscellaneous":""},"schema":{"@context":"https:\/\/schema.org","@graph":[{"@type":"BlogPosting","@id":"https:\/\/wia.net.pl\/index.php\/2023\/07\/31\/nasze-salami-juz-czas\/#blogposting","name":"Nasze salami: Ju\u017c czas - Wolno\u015b\u0107 i Anarchia","headline":"Nasze salami: Ju\u017c czas","author":{"@id":"https:\/\/wia.net.pl\/index.php\/author\/trinity\/#author"},"publisher":{"@id":"https:\/\/wia.net.pl\/#person"},"image":{"@type":"ImageObject","url":"https:\/\/wia.net.pl\/wp-content\/uploads\/2023\/07\/identity-gac21788b5_1280.jpg","width":1280,"height":989},"datePublished":"2023-07-31T12:14:49+02:00","dateModified":"2023-07-31T12:14:49+02:00","inLanguage":"pl-PL","mainEntityOfPage":{"@id":"https:\/\/wia.net.pl\/index.php\/2023\/07\/31\/nasze-salami-juz-czas\/#webpage"},"isPartOf":{"@id":"https:\/\/wia.net.pl\/index.php\/2023\/07\/31\/nasze-salami-juz-czas\/#webpage"},"articleSection":"Artyku\u0142y"},{"@type":"BreadcrumbList","@id":"https:\/\/wia.net.pl\/index.php\/2023\/07\/31\/nasze-salami-juz-czas\/#breadcrumblist","itemListElement":[{"@type":"ListItem","@id":"https:\/\/wia.net.pl#listItem","position":1,"name":"Home","item":"https:\/\/wia.net.pl","nextItem":{"@type":"ListItem","@id":"https:\/\/wia.net.pl\/index.php\/category\/artykuly\/#listItem","name":"Artyku\u0142y"}},{"@type":"ListItem","@id":"https:\/\/wia.net.pl\/index.php\/category\/artykuly\/#listItem","position":2,"name":"Artyku\u0142y","item":"https:\/\/wia.net.pl\/index.php\/category\/artykuly\/","nextItem":{"@type":"ListItem","@id":"https:\/\/wia.net.pl\/index.php\/2023\/07\/31\/nasze-salami-juz-czas\/#listItem","name":"Nasze salami: Ju\u017c czas"},"previousItem":{"@type":"ListItem","@id":"https:\/\/wia.net.pl#listItem","name":"Home"}},{"@type":"ListItem","@id":"https:\/\/wia.net.pl\/index.php\/2023\/07\/31\/nasze-salami-juz-czas\/#listItem","position":3,"name":"Nasze salami: Ju\u017c czas","previousItem":{"@type":"ListItem","@id":"https:\/\/wia.net.pl\/index.php\/category\/artykuly\/#listItem","name":"Artyku\u0142y"}}]},{"@type":"Person","@id":"https:\/\/wia.net.pl\/#person","name":"Bart\u0142omiej Talarczyk","image":{"@type":"ImageObject","@id":"https:\/\/wia.net.pl\/index.php\/2023\/07\/31\/nasze-salami-juz-czas\/#personImage","url":"https:\/\/wia.net.pl\/wp-content\/uploads\/avatar-privacy\/cache\/user\/1\/7\/176a6b161c58363ff49b5c167264231f519f5c7fa183ca1f61e891769b6b56d5-96.jpg","width":96,"height":96,"caption":"Bart\u0142omiej Talarczyk"}},{"@type":"Person","@id":"https:\/\/wia.net.pl\/index.php\/author\/trinity\/#author","url":"https:\/\/wia.net.pl\/index.php\/author\/trinity\/","name":"trinity","image":{"@type":"ImageObject","@id":"https:\/\/wia.net.pl\/index.php\/2023\/07\/31\/nasze-salami-juz-czas\/#authorImage","url":"https:\/\/wia.net.pl\/wp-content\/uploads\/avatar-privacy\/cache\/user\/5\/f\/5f6547cf82495eaa10e100a6a45d5dbde2dfdc1be88557de2018fca705bdf6f1-96.jpg","width":96,"height":96,"caption":"trinity"}},{"@type":"WebPage","@id":"https:\/\/wia.net.pl\/index.php\/2023\/07\/31\/nasze-salami-juz-czas\/#webpage","url":"https:\/\/wia.net.pl\/index.php\/2023\/07\/31\/nasze-salami-juz-czas\/","name":"Nasze salami: Ju\u017c czas - Wolno\u015b\u0107 i Anarchia","description":"Biuletyn dr Emanuela GarciiNewZealandDoc 31 lipca 2023 r Ka\u017cdy dzie\u0144 niesie ze sob\u0105 swoj\u0105 miar\u0119 rado\u015bci lub b\u00f3lu. Zgie\u0142k \u017cycia szumi, a praktyczno\u015b\u0107 poch\u0142ania uwag\u0119 wi\u0119kszo\u015bci z nas na tyle, \u017ce g\u0142\u0119bia zmian wprowadzonych przez operacj\u0119 Covid mo\u017ce nie by\u0107 do ko\u0144ca doceniona. Doprawdy, sam nie mog\u0119 poj\u0105\u0107 g\u0142\u0119bi i rozleg\u0142o\u015bci nieprawo\u015bci, kt\u00f3ra nas spotka\u0142a, chocia\u017c dostrzegam","inLanguage":"pl-PL","isPartOf":{"@id":"https:\/\/wia.net.pl\/#website"},"breadcrumb":{"@id":"https:\/\/wia.net.pl\/index.php\/2023\/07\/31\/nasze-salami-juz-czas\/#breadcrumblist"},"author":{"@id":"https:\/\/wia.net.pl\/index.php\/author\/trinity\/#author"},"creator":{"@id":"https:\/\/wia.net.pl\/index.php\/author\/trinity\/#author"},"image":{"@type":"ImageObject","url":"https:\/\/wia.net.pl\/wp-content\/uploads\/2023\/07\/identity-gac21788b5_1280.jpg","@id":"https:\/\/wia.net.pl\/index.php\/2023\/07\/31\/nasze-salami-juz-czas\/#mainImage","width":1280,"height":989},"primaryImageOfPage":{"@id":"https:\/\/wia.net.pl\/index.php\/2023\/07\/31\/nasze-salami-juz-czas\/#mainImage"},"datePublished":"2023-07-31T12:14:49+02:00","dateModified":"2023-07-31T12:14:49+02:00"},{"@type":"WebSite","@id":"https:\/\/wia.net.pl\/#website","url":"https:\/\/wia.net.pl\/","name":"Wolno\u015b\u0107 i Anarchia","description":"Ka\u017cdy wewn\u0119trznie jest anarchist\u0105.","inLanguage":"pl-PL","publisher":{"@id":"https:\/\/wia.net.pl\/#person"}}]},"og:locale":"pl_PL","og:site_name":"Wolno\u015b\u0107 i Anarchia - Ka\u017cdy wewn\u0119trznie jest anarchist\u0105.","og:type":"article","og:title":"Nasze salami: Ju\u017c czas - Wolno\u015b\u0107 i Anarchia","og:description":"Biuletyn dr Emanuela GarciiNewZealandDoc 31 lipca 2023 r Ka\u017cdy dzie\u0144 niesie ze sob\u0105 swoj\u0105 miar\u0119 rado\u015bci lub b\u00f3lu. Zgie\u0142k \u017cycia szumi, a praktyczno\u015b\u0107 poch\u0142ania uwag\u0119 wi\u0119kszo\u015bci z nas na tyle, \u017ce g\u0142\u0119bia zmian wprowadzonych przez operacj\u0119 Covid mo\u017ce nie by\u0107 do ko\u0144ca doceniona. Doprawdy, sam nie mog\u0119 poj\u0105\u0107 g\u0142\u0119bi i rozleg\u0142o\u015bci nieprawo\u015bci, kt\u00f3ra nas spotka\u0142a, chocia\u017c dostrzegam","og:url":"https:\/\/wia.net.pl\/index.php\/2023\/07\/31\/nasze-salami-juz-czas\/","og:image":"https:\/\/wia.net.pl\/wp-content\/uploads\/2023\/11\/cropped-freedom-i73367.jpg","og:image:secure_url":"https:\/\/wia.net.pl\/wp-content\/uploads\/2023\/11\/cropped-freedom-i73367.jpg","article:published_time":"2023-07-31T10:14:49+00:00","article:modified_time":"2023-07-31T10:14:49+00:00","twitter:card":"summary_large_image","twitter:title":"Nasze salami: Ju\u017c czas - Wolno\u015b\u0107 i Anarchia","twitter:description":"Biuletyn dr Emanuela GarciiNewZealandDoc 31 lipca 2023 r Ka\u017cdy dzie\u0144 niesie ze sob\u0105 swoj\u0105 miar\u0119 rado\u015bci lub b\u00f3lu. Zgie\u0142k \u017cycia szumi, a praktyczno\u015b\u0107 poch\u0142ania uwag\u0119 wi\u0119kszo\u015bci z nas na tyle, \u017ce g\u0142\u0119bia zmian wprowadzonych przez operacj\u0119 Covid mo\u017ce nie by\u0107 do ko\u0144ca doceniona. Doprawdy, sam nie mog\u0119 poj\u0105\u0107 g\u0142\u0119bi i rozleg\u0142o\u015bci nieprawo\u015bci, kt\u00f3ra nas spotka\u0142a, chocia\u017c dostrzegam","twitter:image":"https:\/\/wia.net.pl\/wp-content\/uploads\/2023\/11\/cropped-freedom-i73367.jpg"},"aioseo_meta_data":{"post_id":"3466","title":null,"description":null,"keywords":[],"keyphrases":{"focus":{"keyphrase":"","score":0,"analysis":{"keyphraseInTitle":{"score":0,"maxScore":9,"error":1}}},"additional":[]},"primary_term":null,"canonical_url":null,"og_title":null,"og_description":null,"og_object_type":"default","og_image_type":"default","og_image_url":null,"og_image_width":null,"og_image_height":null,"og_image_custom_url":null,"og_image_custom_fields":null,"og_video":"","og_custom_url":null,"og_article_section":null,"og_article_tags":[],"twitter_use_og":false,"twitter_card":"default","twitter_image_type":"default","twitter_image_url":null,"twitter_image_custom_url":null,"twitter_image_custom_fields":null,"twitter_title":null,"twitter_description":null,"schema":{"blockGraphs":[],"customGraphs":[],"default":{"data":{"Article":[],"Course":[],"Dataset":[],"FAQPage":[],"Movie":[],"Person":[],"Product":[],"ProductReview":[],"Car":[],"Recipe":[],"Service":[],"SoftwareApplication":[],"WebPage":[]},"graphName":"BlogPosting","isEnabled":true},"graphs":[]},"schema_type":"default","schema_type_options":null,"pillar_content":false,"robots_default":true,"robots_noindex":false,"robots_noarchive":false,"robots_nosnippet":false,"robots_nofollow":false,"robots_noimageindex":false,"robots_noodp":false,"robots_notranslate":false,"robots_max_snippet":"-1","robots_max_videopreview":"-1","robots_max_imagepreview":"large","priority":null,"frequency":"default","local_seo":null,"breadcrumb_settings":null,"limit_modified_date":false,"ai":null,"created":"2023-07-31 10:14:50","updated":"2025-06-04 08:49:01","seo_analyzer_scan_date":null,"focus_keyword":null,"additional_keywords":null,"truseo_locale":null},"aioseo_breadcrumb":"<div class=\"aioseo-breadcrumbs\"><span class=\"aioseo-breadcrumb\">\n\t\t\t<a href=\"https:\/\/wia.net.pl\" title=\"Home\">Home<\/a>\n\t\t<\/span><span class=\"aioseo-breadcrumb-separator\">&raquo;<\/span><span class=\"aioseo-breadcrumb\">\n\t\t\t<a href=\"https:\/\/wia.net.pl\/index.php\/category\/artykuly\/\" title=\"Artyku\u0142y\">Artyku\u0142y<\/a>\n\t\t<\/span><span class=\"aioseo-breadcrumb-separator\">&raquo;<\/span><span class=\"aioseo-breadcrumb\">\n\t\t\tNasze salami: Ju\u017c czas\n\t\t<\/span><\/div>","aioseo_breadcrumb_json":[{"label":"Home","link":"https:\/\/wia.net.pl"},{"label":"Artyku\u0142y","link":"https:\/\/wia.net.pl\/index.php\/category\/artykuly\/"},{"label":"Nasze salami: Ju\u017c czas","link":"https:\/\/wia.net.pl\/index.php\/2023\/07\/31\/nasze-salami-juz-czas\/"}],"_links":{"self":[{"href":"https:\/\/wia.net.pl\/index.php\/wp-json\/wp\/v2\/posts\/3466"}],"collection":[{"href":"https:\/\/wia.net.pl\/index.php\/wp-json\/wp\/v2\/posts"}],"about":[{"href":"https:\/\/wia.net.pl\/index.php\/wp-json\/wp\/v2\/types\/post"}],"author":[{"embeddable":true,"href":"https:\/\/wia.net.pl\/index.php\/wp-json\/wp\/v2\/users\/2"}],"replies":[{"embeddable":true,"href":"https:\/\/wia.net.pl\/index.php\/wp-json\/wp\/v2\/comments?post=3466"}],"version-history":[{"count":1,"href":"https:\/\/wia.net.pl\/index.php\/wp-json\/wp\/v2\/posts\/3466\/revisions"}],"predecessor-version":[{"id":3468,"href":"https:\/\/wia.net.pl\/index.php\/wp-json\/wp\/v2\/posts\/3466\/revisions\/3468"}],"wp:featuredmedia":[{"embeddable":true,"href":"https:\/\/wia.net.pl\/index.php\/wp-json\/wp\/v2\/media\/3467"}],"wp:attachment":[{"href":"https:\/\/wia.net.pl\/index.php\/wp-json\/wp\/v2\/media?parent=3466"}],"wp:term":[{"taxonomy":"category","embeddable":true,"href":"https:\/\/wia.net.pl\/index.php\/wp-json\/wp\/v2\/categories?post=3466"},{"taxonomy":"post_tag","embeddable":true,"href":"https:\/\/wia.net.pl\/index.php\/wp-json\/wp\/v2\/tags?post=3466"}],"curies":[{"name":"wp","href":"https:\/\/api.w.org\/{rel}","templated":true}]}}