{"id":3472,"date":"2023-07-31T15:02:36","date_gmt":"2023-07-31T13:02:36","guid":{"rendered":"https:\/\/wia.net.pl\/?p=3472"},"modified":"2023-07-31T15:02:37","modified_gmt":"2023-07-31T13:02:37","slug":"pozary-w-syrii-uzywane-jako-bron-wojenna","status":"publish","type":"post","link":"https:\/\/wia.net.pl\/index.php\/2023\/07\/31\/pozary-w-syrii-uzywane-jako-bron-wojenna\/","title":{"rendered":"Po\u017cary w Syrii u\u017cywane jako bro\u0144 wojenna"},"content":{"rendered":"\n<p>Autorstwa\u00a0<a href=\"https:\/\/www.globalresearch.ca\/author\/steven-sahiounie\">Stevena Sahiouniego<\/a>, Global Research, 31 lipca 2023 r<\/p>\n\n\n\n<p><em>Po\u017cary wybuch\u0142y 25 lipca w prowincji Latakia w p\u00f3\u0142nocno-zachodniej Syrii i nadal p\u0142on\u0105 w\u015br\u00f3d nowych po\u017car\u00f3w.&nbsp;Po\u017cary szybko si\u0119 rozprzestrzeni\u0142y dzi\u0119ki nag\u0142emu, niezwyk\u0142emu wiatrowi, kt\u00f3ry zerwa\u0142 si\u0119.&nbsp;Ca\u0142y kraj i s\u0105siaduj\u0105cy z nim region Morza \u015ar\u00f3dziemnego jest obj\u0119ty fal\u0105 upa\u0142\u00f3w, kt\u00f3ra przygotowuje scen\u0119 dla tak niszczycielskiego po\u017caru, kt\u00f3ry strawi uprawy, lasy i domy.&nbsp;Jednak nie by\u0142 to przypadkowy po\u017car, ale akt terroryzmu.<\/em><\/p>\n\n\n\n<p><strong>Genera\u0142 Jalal Dawoud<\/strong>&nbsp;, szef stra\u017cy po\u017carnej w Latakii, m\u00f3wi, \u017ce po\u017car by\u0142 spowodowany przez cz\u0142owieka.&nbsp;Zosta\u0142o to ustalone, poniewa\u017c \u017ar\u00f3d\u0142o po\u017caru nie znajdowa\u0142o si\u0119 w jednym miejscu, ale rozpocz\u0119\u0142o si\u0119 w rozproszonych obszarach w tym samym czasie w ci\u0105gu dnia.<\/p>\n\n\n<div class=\"wp-block-image\">\n<figure class=\"aligncenter\"><a href=\"https:\/\/www.globalresearch.ca\/wildfires-syria-used-weapon-war\/5827316\/5d0d8db5-5c2f-4877-92d0-065ef0bcb4f3\"><img decoding=\"async\" src=\"https:\/\/www.globalresearch.ca\/wp-content\/uploads\/2023\/07\/5D0D8DB5-5C2F-4877-92D0-065EF0BCB4F3-1024x658.jpeg\" alt=\"\" class=\"wp-image-5827323\"\/><\/a><\/figure><\/div>\n\n\n<p>Po rozpocz\u0119ciu \u015bledztwa przez si\u0142y bezpiecze\u0144stwa ustalono, \u017ce po\u017cary zosta\u0142y wzniecone przez drony pochodz\u0105ce z Idlib, pod okupacj\u0105 Hayat Tahrir al-Sham, dawniej Jibhat al-Nusra, filii Al-Kaidy w Syrii.<\/p>\n\n\n\n<p>Turcja nielegalnie okupuje Idlib, chroni\u0105c terroryst\u00f3w pod dow\u00f3dztwem&nbsp;<strong>Mohammeda Jolaniego<\/strong>&nbsp;, wcze\u015bniej sprzymierzonego z&nbsp;<strong>Abu Bakerem Al Baghdadim<\/strong>&nbsp;, szefem ISIS, kt\u00f3ry zosta\u0142 zabity w Idlibie przez prezydenta Trumpa.<\/p>\n\n\n\n<p>Terrory\u015bci atakuj\u0105 stra\u017cak\u00f3w i pojazdy.&nbsp;Bassem Bakar, kierowca cysterny z wod\u0105, zgin\u0105\u0142, gdy terrory\u015bci wycelowali w jego pojazd w pobli\u017cu Deir Hanna i Rabiah.&nbsp;Wraz z nim dw\u00f3ch innych m\u0119\u017cczyzn zosta\u0142o rannych.<\/p>\n\n\n\n<p>Turcja jest dobrze znana z produkcji dron\u00f3w i ostatnio sprzedaje drony na Ukrain\u0119.<\/p>\n\n\n\n<p>25 lipca samoch\u00f3d stra\u017cy po\u017carnej przejecha\u0142 przez wcze\u015bniej pod\u0142o\u017con\u0105 min\u0119 na g\u00f3rze Zgharo, w pobli\u017cu miasta Maskita, ale bez obra\u017ce\u0144.&nbsp;Obszar ten by\u0142 okupowany przez terroryst\u00f3w z Idlib w okresie 2015 r., zanim zostali oni przep\u0119dzeni na wsch\u00f3d do Idlib.<\/p>\n\n\n\n<p><a href=\"https:\/\/www.globalresearch.ca\/feeding-a-stalemate-in-syria\/5786478\">Karmienie impasu w Syrii<\/a><\/p>\n\n\n\n<p>Burmistrz Latakii,&nbsp;<strong>Amer Hallal<\/strong>&nbsp;, powiedzia\u0142, \u017ce s\u0142u\u017cby przeciwpo\u017carowe z wielu obszar\u00f3w przyby\u0142y, aby ugasi\u0107 po\u017cary, a rosyjski samolot-cysterna przyby\u0142 do walki z po\u017carami.&nbsp;Cywile ewakuowano z dom\u00f3w i gospodarstw i przewieziono w bezpieczne miejsce, gdzie udzielono im pomocy humanitarnej.<\/p>\n\n\n<div class=\"wp-block-image\">\n<figure class=\"aligncenter\"><a href=\"https:\/\/www.globalresearch.ca\/wildfires-syria-used-weapon-war\/5827316\/7cfb330d-adf7-4c28-a80c-e9a2b1a63139\"><img decoding=\"async\" src=\"https:\/\/www.globalresearch.ca\/wp-content\/uploads\/2023\/07\/7CFB330D-ADF7-4C28-A80C-E9A2B1A63139-1024x658.jpeg\" alt=\"\" class=\"wp-image-5827322\"\/><\/a><\/figure><\/div>\n\n\n<p>Ogie\u0144 szala\u0142 w miejscowo\u015bci Rabiah, po\u0142o\u017conej przy drodze \u0142\u0105cz\u0105cej si\u0119 bezpo\u015brednio z Idlib.&nbsp;Inne p\u0142on\u0105ce obszary to Ghamam, Sarsekiah, Ein Zarkha, Deir Hanna, Jib Alahmar, Sed Bradoon i Jebal al Zahra.<\/p>\n\n\n\n<p>M\u0142ody \u017co\u0142nierz, kt\u00f3ry zg\u0142osi\u0142 si\u0119 na ochotnika do walki z po\u017carami, Mounif Sebry Hassoun, zgin\u0105\u0142 podczas gaszenia po\u017caru z powodu uduszenia w Meshkita.&nbsp;Pochodzi z wioski Wadi Khelah na przedmie\u015bciach Jeblah<\/p>\n\n\n\n<p>Rz\u0105d syryjski, Syryjski Czerwony P\u00f3\u0142ksi\u0119\u017cyc koordynuj\u0105 wysi\u0142ki maj\u0105ce na celu ugaszenie po\u017car\u00f3w i pomoc w zaspokojeniu potrzeb humanitarnych poszkodowanej ludno\u015bci cywilnej.&nbsp;Lokalne restauracje przekazuj\u0105 posi\u0142ki stra\u017cakom.&nbsp;Syryjska Armia Arabska (SAA) i Syryjski Czerwony P\u00f3\u0142ksi\u0119\u017cyc gasz\u0105 po\u017cary w Rabiah, kt\u00f3ra jest pierwsz\u0105 lini\u0105 frontu przeciwko terrorystom w Idlibie.<\/p>\n\n\n\n<p>Polityka zagraniczna USA i UE utrzyma\u0142a status quo w Idlibie.&nbsp;Hayat Tahrir al-Sham trzyma tam 3 miliony cywil\u00f3w jako ludzkie tarcze.&nbsp;Turcja uniemo\u017cliwia SAA i rosyjskiemu wojsku uwolnienie cywil\u00f3w przetrzymywanych jako zak\u0142adnik\u00f3w podczas mi\u0119dzynarodowej partii szach\u00f3w rozgrywanej przez Ameryk\u0119.<\/p>\n\n\n\n<p>Mi\u0119dzynarodowe organizacje pomocowe, takie jak ONZ, Lekarze bez Granic, Save the Children i inne, dostarczaj\u0105 wszelk\u0105 pomoc humanitarn\u0105 ludno\u015bci cywilnej, podczas gdy Jolani i jego terrory\u015bci otrzymuj\u0105 ca\u0142\u0105 pomoc i rozprowadzaj\u0105 j\u0105 najpierw w\u015br\u00f3d swoich kumpli, a nast\u0119pnie sprzedaj\u0105 wszystko, co zgromadz\u0105 w ogromne centrum handlowe zbudowane przez Jolani i partner\u00f3w.<\/p>\n\n\n\n<p>Idlib to rolnicza prowincja, w kt\u00f3rej rolnicy i terrory\u015bci sprzedaj\u0105 oliwki i oliw\u0119 tureckim firmom.<\/p>\n\n\n<div class=\"wp-block-image\">\n<figure class=\"aligncenter\"><a href=\"https:\/\/www.globalresearch.ca\/wildfires-syria-used-weapon-war\/5827316\/b5fbfce5-f8d4-4ce4-b924-773d98a0bd60\"><img decoding=\"async\" src=\"https:\/\/www.globalresearch.ca\/wp-content\/uploads\/2023\/07\/B5FBFCE5-F8D4-4CE4-B924-773D98A0BD60-1024x460.jpeg\" alt=\"\" class=\"wp-image-5827321\"\/><\/a><\/figure><\/div>\n\n\n<p>USA, UE i ONZ wspieraj\u0105 Jolaniego i terroryst\u00f3w pod jego dow\u00f3dztwem.&nbsp;Niedawno Jolani powiesi\u0142 ludzi w Idlibie, kt\u00f3rych uwa\u017ca\u0142 za wrog\u00f3w.&nbsp;On i jego m\u0119\u017cczy\u017ani uciskaj\u0105 kobiety, nie dopuszczaj\u0105c do program\u00f3w spo\u0142ecznych skierowanych na sprawy kobiet.&nbsp;Terrory\u015bci rz\u0105dz\u0105 zgodnie z prawem islamskim iw przypadku gwa\u0142tu kobieta musi przedstawi\u0107 s\u0105dowi trzech m\u0119\u017cczyzn b\u0119d\u0105cych \u015bwiadkami gwa\u0142tu, aby uzyska\u0107 wyrok skazuj\u0105cy.&nbsp;W tej sytuacji gwa\u0142ty nie s\u0105 zg\u0142aszane, poniewa\u017c nie ma szans na sprawiedliwo\u015b\u0107.<\/p>\n\n\n\n<p>Drony mog\u0105 by\u0107 wykorzystywane do cel\u00f3w humanitarnych, np. dostarczania lek\u00f3w do odleg\u0142ej wioski.&nbsp;Jednak drony mog\u0105 r\u00f3wnie\u017c dostarczy\u0107 \u015bmierciono\u015bny \u0142adunek podczas wojny lub ataku, a teraz w Syrii s\u0105 u\u017cywane do wzniecania po\u017car\u00f3w w upalne lato w\u015br\u00f3d suchych wiatr\u00f3w, kt\u00f3re rozprzestrzeniaj\u0105 \u015bmiertelne po\u017cary.<\/p>\n\n\n\n<p>\u015awiat zareagowa\u0142 na pot\u0119\u017cne trz\u0119sienie ziemi o sile 7,8, kt\u00f3re mia\u0142o miejsce 6 lutego w Syrii i Turcji.&nbsp;Pomoc humanitarna nap\u0142ywa\u0142a g\u0142\u00f3wnie z kraj\u00f3w arabskich, a Stany Zjednoczone bojkotowa\u0142y wszelk\u0105 pomoc dla Syrii, z wyj\u0105tkiem Idlibu i okupuj\u0105cych tam terroryst\u00f3w.<\/p>\n\n\n\n<p>Pomoc w przypadku trz\u0119sienia ziemi ju\u017c dawno usta\u0142a i chocia\u017c wielu przyjaci\u00f3\u0142 Syrii zwr\u00f3ci\u0142o si\u0119 do USA i UE o zniesienie sankcji, kt\u00f3re uniemo\u017cliwiaj\u0105 odbudow\u0119 i odbudow\u0119 Syrii po latach wojny i trz\u0119sienia ziemi, nadal nie ma \u017cadnego ruchu w celu zniesienia jakichkolwiek sankcji .<\/p>\n\n\n<div class=\"wp-block-image\">\n<figure class=\"aligncenter\"><a href=\"https:\/\/www.globalresearch.ca\/wildfires-syria-used-weapon-war\/5827316\/e86b61a6-a46d-43fc-a7f7-dab45d7b2da5\"><img decoding=\"async\" src=\"https:\/\/www.globalresearch.ca\/wp-content\/uploads\/2023\/07\/E86B61A6-A46D-43FC-A7F7-DAB45D7B2DA5-1024x658.jpeg\" alt=\"\" class=\"wp-image-5827320\"\/><\/a><\/figure><\/div>\n\n\n<p>Niedawno opublikowano list\u0119 najbiedniejszych kraj\u00f3w \u015bwiata, w kt\u00f3rej Syria znalaz\u0142a si\u0119 na gorszym miejscu wraz z Jemenem i Afganistanem.&nbsp;12 lat konfliktu zbrojnego, pandemia COVID-19, trz\u0119sienie ziemi o magnitudzie 7,8 w skali stulecia, a teraz po\u017cary las\u00f3w rozsiewane przez terroryst\u00f3w wspieranych przez USA i NATO.&nbsp;&nbsp;<\/p>\n\n\n\n<p>Jolani i jego wspierani przez USA terrory\u015bci nie maj\u0105 czerwonych linii, kt\u00f3rych nie mog\u0105 przekroczy\u0107.&nbsp;S\u0105 bezdusznymi przest\u0119pcami, kt\u00f3rzy trzymaj\u0105 p\u00f3\u0142nocno-zachodni\u0105 Syri\u0119 w obawie przed ich kolejnym ruchem.<\/p>\n\n\n\n<p>*<\/p>\n\n\n\n<p>Uwaga dla czytelnik\u00f3w: kliknij przycisk udost\u0119pniania powy\u017cej.&nbsp;\u015aled\u017a nas na Instagramie i Twitterze oraz subskrybuj nasz kana\u0142 Telegram.&nbsp;Zach\u0119camy do ponownego publikowania i szerokiego udost\u0119pniania artyku\u0142\u00f3w Global Research.<\/p>\n\n\n\n<p><em>Ten artyku\u0142 zosta\u0142 pierwotnie opublikowany w&nbsp;<a href=\"https:\/\/www.mideastdiscourse.com\/2023\/07\/30\/wildfires-in-syria-used-as-a-weapon-of-war\/\">Mideast Discourse<\/a>&nbsp;.<\/em><\/p>\n\n\n\n<p><em><strong>Steven Sahiounie<\/strong>&nbsp;jest dwukrotnie nagradzanym dziennikarzem.&nbsp;Jest sta\u0142ym wsp\u00f3\u0142pracownikiem Global Research.<\/em><\/p>\n\n\n\n<p><em>Wszystkie obrazy w tym artykule pochodz\u0105 od MD<\/em>Oryginalnym \u017ar\u00f3d\u0142em tego artyku\u0142u jest Global Research<\/p>\n\n\n\n<p>Link \u017ar\u00f3d\u0142owy <a href=\"https:\/\/www.globalresearch.ca\/wildfires-syria-used-weapon-war\/5827316\">https:\/\/www.globalresearch.ca\/wildfires-syria-used-weapon-war\/5827316<\/a><\/p>\n","protected":false},"excerpt":{"rendered":"<p>Autorstwa\u00a0Stevena Sahiouniego, Global Research, 31 lipca 2023 r Po\u017cary wybuch\u0142y 25 lipca w prowincji Latakia w p\u00f3\u0142nocno-zachodniej Syrii i nadal p\u0142on\u0105 w\u015br\u00f3d nowych po\u017car\u00f3w.&nbsp;Po\u017cary szybko si\u0119 rozprzestrzeni\u0142y dzi\u0119ki nag\u0142emu, niezwyk\u0142emu wiatrowi, kt\u00f3ry zerwa\u0142 si\u0119.&nbsp;Ca\u0142y kraj i s\u0105siaduj\u0105cy z nim region&#8230; <\/p>\n","protected":false},"author":2,"featured_media":3473,"comment_status":"open","ping_status":"open","sticky":false,"template":"","format":"standard","meta":{"_acf_changed":false,"_bbp_topic_count":0,"_bbp_reply_count":0,"_bbp_total_topic_count":0,"_bbp_total_reply_count":0,"_bbp_voice_count":0,"_bbp_anonymous_reply_count":0,"_bbp_topic_count_hidden":0,"_bbp_reply_count_hidden":0,"_bbp_forum_subforum_count":0,"om_disable_all_campaigns":false,"_monsterinsights_skip_tracking":false,"footnotes":""},"categories":[93],"tags":[],"class_list":["post-3472","post","type-post","status-publish","format-standard","has-post-thumbnail","hentry","category-artykuly"],"acf":[],"aioseo_notices":[],"aioseo_head":"\n\t\t<!-- All in One SEO 5.0.1.1 - aioseo.com -->\n\t<meta name=\"description\" content=\"Autorstwa Stevena Sahiouniego, Global Research, 31 lipca 2023 r Po\u017cary wybuch\u0142y 25 lipca w prowincji Latakia w p\u00f3\u0142nocno-zachodniej Syrii i nadal p\u0142on\u0105 w\u015br\u00f3d nowych po\u017car\u00f3w. Po\u017cary szybko si\u0119 rozprzestrzeni\u0142y dzi\u0119ki nag\u0142emu, niezwyk\u0142emu wiatrowi, kt\u00f3ry zerwa\u0142 si\u0119. Ca\u0142y kraj i s\u0105siaduj\u0105cy z nim region Morza \u015ar\u00f3dziemnego jest obj\u0119ty fal\u0105 upa\u0142\u00f3w, kt\u00f3ra przygotowuje scen\u0119 dla tak niszczycielskiego po\u017caru, kt\u00f3ry strawi\" \/>\n\t<meta name=\"robots\" content=\"max-image-preview:large\" \/>\n\t<meta name=\"author\" content=\"trinity\"\/>\n\t<link rel=\"canonical\" href=\"https:\/\/wia.net.pl\/index.php\/2023\/07\/31\/pozary-w-syrii-uzywane-jako-bron-wojenna\/\" \/>\n\t<meta name=\"generator\" content=\"All in One SEO (AIOSEO) 5.0.1.1\" \/>\n\t\t<meta property=\"og:locale\" content=\"pl_PL\" \/>\n\t\t<meta property=\"og:site_name\" content=\"Wolno\u015b\u0107 i Anarchia - Ka\u017cdy wewn\u0119trznie jest anarchist\u0105.\" \/>\n\t\t<meta property=\"og:type\" content=\"article\" \/>\n\t\t<meta property=\"og:title\" content=\"Po\u017cary w Syrii u\u017cywane jako bro\u0144 wojenna - Wolno\u015b\u0107 i Anarchia\" \/>\n\t\t<meta property=\"og:description\" content=\"Autorstwa Stevena Sahiouniego, Global Research, 31 lipca 2023 r Po\u017cary wybuch\u0142y 25 lipca w prowincji Latakia w p\u00f3\u0142nocno-zachodniej Syrii i nadal p\u0142on\u0105 w\u015br\u00f3d nowych po\u017car\u00f3w. Po\u017cary szybko si\u0119 rozprzestrzeni\u0142y dzi\u0119ki nag\u0142emu, niezwyk\u0142emu wiatrowi, kt\u00f3ry zerwa\u0142 si\u0119. Ca\u0142y kraj i s\u0105siaduj\u0105cy z nim region Morza \u015ar\u00f3dziemnego jest obj\u0119ty fal\u0105 upa\u0142\u00f3w, kt\u00f3ra przygotowuje scen\u0119 dla tak niszczycielskiego po\u017caru, kt\u00f3ry strawi\" \/>\n\t\t<meta property=\"og:url\" content=\"https:\/\/wia.net.pl\/index.php\/2023\/07\/31\/pozary-w-syrii-uzywane-jako-bron-wojenna\/\" \/>\n\t\t<meta property=\"og:image\" content=\"https:\/\/wia.net.pl\/wp-content\/uploads\/2023\/11\/cropped-freedom-i73367.jpg\" \/>\n\t\t<meta property=\"og:image:secure_url\" content=\"https:\/\/wia.net.pl\/wp-content\/uploads\/2023\/11\/cropped-freedom-i73367.jpg\" \/>\n\t\t<meta property=\"article:published_time\" content=\"2023-07-31T13:02:36+00:00\" \/>\n\t\t<meta property=\"article:modified_time\" content=\"2023-07-31T13:02:37+00:00\" \/>\n\t\t<meta name=\"twitter:card\" content=\"summary_large_image\" \/>\n\t\t<meta name=\"twitter:title\" content=\"Po\u017cary w Syrii u\u017cywane jako bro\u0144 wojenna - Wolno\u015b\u0107 i Anarchia\" \/>\n\t\t<meta name=\"twitter:description\" content=\"Autorstwa Stevena Sahiouniego, Global Research, 31 lipca 2023 r Po\u017cary wybuch\u0142y 25 lipca w prowincji Latakia w p\u00f3\u0142nocno-zachodniej Syrii i nadal p\u0142on\u0105 w\u015br\u00f3d nowych po\u017car\u00f3w. Po\u017cary szybko si\u0119 rozprzestrzeni\u0142y dzi\u0119ki nag\u0142emu, niezwyk\u0142emu wiatrowi, kt\u00f3ry zerwa\u0142 si\u0119. Ca\u0142y kraj i s\u0105siaduj\u0105cy z nim region Morza \u015ar\u00f3dziemnego jest obj\u0119ty fal\u0105 upa\u0142\u00f3w, kt\u00f3ra przygotowuje scen\u0119 dla tak niszczycielskiego po\u017caru, kt\u00f3ry strawi\" \/>\n\t\t<meta name=\"twitter:image\" content=\"https:\/\/wia.net.pl\/wp-content\/uploads\/2023\/11\/cropped-freedom-i73367.jpg\" \/>\n\t\t<script type=\"application\/ld+json\" class=\"aioseo-schema\">\n\t\t\t{\"@context\":\"https:\\\/\\\/schema.org\",\"@graph\":[{\"@type\":\"BlogPosting\",\"@id\":\"https:\\\/\\\/wia.net.pl\\\/index.php\\\/2023\\\/07\\\/31\\\/pozary-w-syrii-uzywane-jako-bron-wojenna\\\/#blogposting\",\"name\":\"Po\\u017cary w Syrii u\\u017cywane jako bro\\u0144 wojenna - Wolno\\u015b\\u0107 i Anarchia\",\"headline\":\"Po\\u017cary w Syrii u\\u017cywane jako bro\\u0144 wojenna\",\"author\":{\"@id\":\"https:\\\/\\\/wia.net.pl\\\/index.php\\\/author\\\/trinity\\\/#author\"},\"publisher\":{\"@id\":\"https:\\\/\\\/wia.net.pl\\\/#person\"},\"image\":{\"@type\":\"ImageObject\",\"url\":\"https:\\\/\\\/wia.net.pl\\\/wp-content\\\/uploads\\\/2023\\\/07\\\/Pozary-w-Syrii.jpg\",\"width\":1920,\"height\":1080},\"datePublished\":\"2023-07-31T15:02:36+02:00\",\"dateModified\":\"2023-07-31T15:02:37+02:00\",\"inLanguage\":\"pl-PL\",\"mainEntityOfPage\":{\"@id\":\"https:\\\/\\\/wia.net.pl\\\/index.php\\\/2023\\\/07\\\/31\\\/pozary-w-syrii-uzywane-jako-bron-wojenna\\\/#webpage\"},\"isPartOf\":{\"@id\":\"https:\\\/\\\/wia.net.pl\\\/index.php\\\/2023\\\/07\\\/31\\\/pozary-w-syrii-uzywane-jako-bron-wojenna\\\/#webpage\"},\"articleSection\":\"Artyku\\u0142y\"},{\"@type\":\"BreadcrumbList\",\"@id\":\"https:\\\/\\\/wia.net.pl\\\/index.php\\\/2023\\\/07\\\/31\\\/pozary-w-syrii-uzywane-jako-bron-wojenna\\\/#breadcrumblist\",\"itemListElement\":[{\"@type\":\"ListItem\",\"@id\":\"https:\\\/\\\/wia.net.pl#listItem\",\"position\":1,\"name\":\"Home\",\"item\":\"https:\\\/\\\/wia.net.pl\",\"nextItem\":{\"@type\":\"ListItem\",\"@id\":\"https:\\\/\\\/wia.net.pl\\\/index.php\\\/category\\\/artykuly\\\/#listItem\",\"name\":\"Artyku\\u0142y\"}},{\"@type\":\"ListItem\",\"@id\":\"https:\\\/\\\/wia.net.pl\\\/index.php\\\/category\\\/artykuly\\\/#listItem\",\"position\":2,\"name\":\"Artyku\\u0142y\",\"item\":\"https:\\\/\\\/wia.net.pl\\\/index.php\\\/category\\\/artykuly\\\/\",\"nextItem\":{\"@type\":\"ListItem\",\"@id\":\"https:\\\/\\\/wia.net.pl\\\/index.php\\\/2023\\\/07\\\/31\\\/pozary-w-syrii-uzywane-jako-bron-wojenna\\\/#listItem\",\"name\":\"Po\\u017cary w Syrii u\\u017cywane jako bro\\u0144 wojenna\"},\"previousItem\":{\"@type\":\"ListItem\",\"@id\":\"https:\\\/\\\/wia.net.pl#listItem\",\"name\":\"Home\"}},{\"@type\":\"ListItem\",\"@id\":\"https:\\\/\\\/wia.net.pl\\\/index.php\\\/2023\\\/07\\\/31\\\/pozary-w-syrii-uzywane-jako-bron-wojenna\\\/#listItem\",\"position\":3,\"name\":\"Po\\u017cary w Syrii u\\u017cywane jako bro\\u0144 wojenna\",\"previousItem\":{\"@type\":\"ListItem\",\"@id\":\"https:\\\/\\\/wia.net.pl\\\/index.php\\\/category\\\/artykuly\\\/#listItem\",\"name\":\"Artyku\\u0142y\"}}]},{\"@type\":\"Person\",\"@id\":\"https:\\\/\\\/wia.net.pl\\\/#person\",\"name\":\"Bart\\u0142omiej Talarczyk\",\"image\":{\"@type\":\"ImageObject\",\"@id\":\"https:\\\/\\\/wia.net.pl\\\/index.php\\\/2023\\\/07\\\/31\\\/pozary-w-syrii-uzywane-jako-bron-wojenna\\\/#personImage\",\"url\":\"https:\\\/\\\/wia.net.pl\\\/wp-content\\\/uploads\\\/avatar-privacy\\\/cache\\\/user\\\/1\\\/7\\\/176a6b161c58363ff49b5c167264231f519f5c7fa183ca1f61e891769b6b56d5-96.jpg\",\"width\":96,\"height\":96,\"caption\":\"Bart\\u0142omiej Talarczyk\"}},{\"@type\":\"Person\",\"@id\":\"https:\\\/\\\/wia.net.pl\\\/index.php\\\/author\\\/trinity\\\/#author\",\"url\":\"https:\\\/\\\/wia.net.pl\\\/index.php\\\/author\\\/trinity\\\/\",\"name\":\"trinity\",\"image\":{\"@type\":\"ImageObject\",\"@id\":\"https:\\\/\\\/wia.net.pl\\\/index.php\\\/2023\\\/07\\\/31\\\/pozary-w-syrii-uzywane-jako-bron-wojenna\\\/#authorImage\",\"url\":\"https:\\\/\\\/wia.net.pl\\\/wp-content\\\/uploads\\\/avatar-privacy\\\/cache\\\/user\\\/5\\\/f\\\/5f6547cf82495eaa10e100a6a45d5dbde2dfdc1be88557de2018fca705bdf6f1-96.jpg\",\"width\":96,\"height\":96,\"caption\":\"trinity\"}},{\"@type\":\"WebPage\",\"@id\":\"https:\\\/\\\/wia.net.pl\\\/index.php\\\/2023\\\/07\\\/31\\\/pozary-w-syrii-uzywane-jako-bron-wojenna\\\/#webpage\",\"url\":\"https:\\\/\\\/wia.net.pl\\\/index.php\\\/2023\\\/07\\\/31\\\/pozary-w-syrii-uzywane-jako-bron-wojenna\\\/\",\"name\":\"Po\\u017cary w Syrii u\\u017cywane jako bro\\u0144 wojenna - Wolno\\u015b\\u0107 i Anarchia\",\"description\":\"Autorstwa Stevena Sahiouniego, Global Research, 31 lipca 2023 r Po\\u017cary wybuch\\u0142y 25 lipca w prowincji Latakia w p\\u00f3\\u0142nocno-zachodniej Syrii i nadal p\\u0142on\\u0105 w\\u015br\\u00f3d nowych po\\u017car\\u00f3w. Po\\u017cary szybko si\\u0119 rozprzestrzeni\\u0142y dzi\\u0119ki nag\\u0142emu, niezwyk\\u0142emu wiatrowi, kt\\u00f3ry zerwa\\u0142 si\\u0119. Ca\\u0142y kraj i s\\u0105siaduj\\u0105cy z nim region Morza \\u015ar\\u00f3dziemnego jest obj\\u0119ty fal\\u0105 upa\\u0142\\u00f3w, kt\\u00f3ra przygotowuje scen\\u0119 dla tak niszczycielskiego po\\u017caru, kt\\u00f3ry strawi\",\"inLanguage\":\"pl-PL\",\"isPartOf\":{\"@id\":\"https:\\\/\\\/wia.net.pl\\\/#website\"},\"breadcrumb\":{\"@id\":\"https:\\\/\\\/wia.net.pl\\\/index.php\\\/2023\\\/07\\\/31\\\/pozary-w-syrii-uzywane-jako-bron-wojenna\\\/#breadcrumblist\"},\"author\":{\"@id\":\"https:\\\/\\\/wia.net.pl\\\/index.php\\\/author\\\/trinity\\\/#author\"},\"creator\":{\"@id\":\"https:\\\/\\\/wia.net.pl\\\/index.php\\\/author\\\/trinity\\\/#author\"},\"image\":{\"@type\":\"ImageObject\",\"url\":\"https:\\\/\\\/wia.net.pl\\\/wp-content\\\/uploads\\\/2023\\\/07\\\/Pozary-w-Syrii.jpg\",\"@id\":\"https:\\\/\\\/wia.net.pl\\\/index.php\\\/2023\\\/07\\\/31\\\/pozary-w-syrii-uzywane-jako-bron-wojenna\\\/#mainImage\",\"width\":1920,\"height\":1080},\"primaryImageOfPage\":{\"@id\":\"https:\\\/\\\/wia.net.pl\\\/index.php\\\/2023\\\/07\\\/31\\\/pozary-w-syrii-uzywane-jako-bron-wojenna\\\/#mainImage\"},\"datePublished\":\"2023-07-31T15:02:36+02:00\",\"dateModified\":\"2023-07-31T15:02:37+02:00\"},{\"@type\":\"WebSite\",\"@id\":\"https:\\\/\\\/wia.net.pl\\\/#website\",\"url\":\"https:\\\/\\\/wia.net.pl\\\/\",\"name\":\"Wolno\\u015b\\u0107 i Anarchia\",\"description\":\"Ka\\u017cdy wewn\\u0119trznie jest anarchist\\u0105.\",\"inLanguage\":\"pl-PL\",\"publisher\":{\"@id\":\"https:\\\/\\\/wia.net.pl\\\/#person\"}}]}\n\t\t<\/script>\n\t\t<!-- All in One SEO -->\n\n","aioseo_head_json":{"title":"Po\u017cary w Syrii u\u017cywane jako bro\u0144 wojenna - Wolno\u015b\u0107 i Anarchia","description":"Autorstwa Stevena Sahiouniego, Global Research, 31 lipca 2023 r Po\u017cary wybuch\u0142y 25 lipca w prowincji Latakia w p\u00f3\u0142nocno-zachodniej Syrii i nadal p\u0142on\u0105 w\u015br\u00f3d nowych po\u017car\u00f3w. Po\u017cary szybko si\u0119 rozprzestrzeni\u0142y dzi\u0119ki nag\u0142emu, niezwyk\u0142emu wiatrowi, kt\u00f3ry zerwa\u0142 si\u0119. Ca\u0142y kraj i s\u0105siaduj\u0105cy z nim region Morza \u015ar\u00f3dziemnego jest obj\u0119ty fal\u0105 upa\u0142\u00f3w, kt\u00f3ra przygotowuje scen\u0119 dla tak niszczycielskiego po\u017caru, kt\u00f3ry strawi","canonical_url":"https:\/\/wia.net.pl\/index.php\/2023\/07\/31\/pozary-w-syrii-uzywane-jako-bron-wojenna\/","robots":"max-image-preview:large","keywords":"","webmasterTools":{"miscellaneous":""},"schema":{"@context":"https:\/\/schema.org","@graph":[{"@type":"BlogPosting","@id":"https:\/\/wia.net.pl\/index.php\/2023\/07\/31\/pozary-w-syrii-uzywane-jako-bron-wojenna\/#blogposting","name":"Po\u017cary w Syrii u\u017cywane jako bro\u0144 wojenna - Wolno\u015b\u0107 i Anarchia","headline":"Po\u017cary w Syrii u\u017cywane jako bro\u0144 wojenna","author":{"@id":"https:\/\/wia.net.pl\/index.php\/author\/trinity\/#author"},"publisher":{"@id":"https:\/\/wia.net.pl\/#person"},"image":{"@type":"ImageObject","url":"https:\/\/wia.net.pl\/wp-content\/uploads\/2023\/07\/Pozary-w-Syrii.jpg","width":1920,"height":1080},"datePublished":"2023-07-31T15:02:36+02:00","dateModified":"2023-07-31T15:02:37+02:00","inLanguage":"pl-PL","mainEntityOfPage":{"@id":"https:\/\/wia.net.pl\/index.php\/2023\/07\/31\/pozary-w-syrii-uzywane-jako-bron-wojenna\/#webpage"},"isPartOf":{"@id":"https:\/\/wia.net.pl\/index.php\/2023\/07\/31\/pozary-w-syrii-uzywane-jako-bron-wojenna\/#webpage"},"articleSection":"Artyku\u0142y"},{"@type":"BreadcrumbList","@id":"https:\/\/wia.net.pl\/index.php\/2023\/07\/31\/pozary-w-syrii-uzywane-jako-bron-wojenna\/#breadcrumblist","itemListElement":[{"@type":"ListItem","@id":"https:\/\/wia.net.pl#listItem","position":1,"name":"Home","item":"https:\/\/wia.net.pl","nextItem":{"@type":"ListItem","@id":"https:\/\/wia.net.pl\/index.php\/category\/artykuly\/#listItem","name":"Artyku\u0142y"}},{"@type":"ListItem","@id":"https:\/\/wia.net.pl\/index.php\/category\/artykuly\/#listItem","position":2,"name":"Artyku\u0142y","item":"https:\/\/wia.net.pl\/index.php\/category\/artykuly\/","nextItem":{"@type":"ListItem","@id":"https:\/\/wia.net.pl\/index.php\/2023\/07\/31\/pozary-w-syrii-uzywane-jako-bron-wojenna\/#listItem","name":"Po\u017cary w Syrii u\u017cywane jako bro\u0144 wojenna"},"previousItem":{"@type":"ListItem","@id":"https:\/\/wia.net.pl#listItem","name":"Home"}},{"@type":"ListItem","@id":"https:\/\/wia.net.pl\/index.php\/2023\/07\/31\/pozary-w-syrii-uzywane-jako-bron-wojenna\/#listItem","position":3,"name":"Po\u017cary w Syrii u\u017cywane jako bro\u0144 wojenna","previousItem":{"@type":"ListItem","@id":"https:\/\/wia.net.pl\/index.php\/category\/artykuly\/#listItem","name":"Artyku\u0142y"}}]},{"@type":"Person","@id":"https:\/\/wia.net.pl\/#person","name":"Bart\u0142omiej Talarczyk","image":{"@type":"ImageObject","@id":"https:\/\/wia.net.pl\/index.php\/2023\/07\/31\/pozary-w-syrii-uzywane-jako-bron-wojenna\/#personImage","url":"https:\/\/wia.net.pl\/wp-content\/uploads\/avatar-privacy\/cache\/user\/1\/7\/176a6b161c58363ff49b5c167264231f519f5c7fa183ca1f61e891769b6b56d5-96.jpg","width":96,"height":96,"caption":"Bart\u0142omiej Talarczyk"}},{"@type":"Person","@id":"https:\/\/wia.net.pl\/index.php\/author\/trinity\/#author","url":"https:\/\/wia.net.pl\/index.php\/author\/trinity\/","name":"trinity","image":{"@type":"ImageObject","@id":"https:\/\/wia.net.pl\/index.php\/2023\/07\/31\/pozary-w-syrii-uzywane-jako-bron-wojenna\/#authorImage","url":"https:\/\/wia.net.pl\/wp-content\/uploads\/avatar-privacy\/cache\/user\/5\/f\/5f6547cf82495eaa10e100a6a45d5dbde2dfdc1be88557de2018fca705bdf6f1-96.jpg","width":96,"height":96,"caption":"trinity"}},{"@type":"WebPage","@id":"https:\/\/wia.net.pl\/index.php\/2023\/07\/31\/pozary-w-syrii-uzywane-jako-bron-wojenna\/#webpage","url":"https:\/\/wia.net.pl\/index.php\/2023\/07\/31\/pozary-w-syrii-uzywane-jako-bron-wojenna\/","name":"Po\u017cary w Syrii u\u017cywane jako bro\u0144 wojenna - Wolno\u015b\u0107 i Anarchia","description":"Autorstwa Stevena Sahiouniego, Global Research, 31 lipca 2023 r Po\u017cary wybuch\u0142y 25 lipca w prowincji Latakia w p\u00f3\u0142nocno-zachodniej Syrii i nadal p\u0142on\u0105 w\u015br\u00f3d nowych po\u017car\u00f3w. Po\u017cary szybko si\u0119 rozprzestrzeni\u0142y dzi\u0119ki nag\u0142emu, niezwyk\u0142emu wiatrowi, kt\u00f3ry zerwa\u0142 si\u0119. Ca\u0142y kraj i s\u0105siaduj\u0105cy z nim region Morza \u015ar\u00f3dziemnego jest obj\u0119ty fal\u0105 upa\u0142\u00f3w, kt\u00f3ra przygotowuje scen\u0119 dla tak niszczycielskiego po\u017caru, kt\u00f3ry strawi","inLanguage":"pl-PL","isPartOf":{"@id":"https:\/\/wia.net.pl\/#website"},"breadcrumb":{"@id":"https:\/\/wia.net.pl\/index.php\/2023\/07\/31\/pozary-w-syrii-uzywane-jako-bron-wojenna\/#breadcrumblist"},"author":{"@id":"https:\/\/wia.net.pl\/index.php\/author\/trinity\/#author"},"creator":{"@id":"https:\/\/wia.net.pl\/index.php\/author\/trinity\/#author"},"image":{"@type":"ImageObject","url":"https:\/\/wia.net.pl\/wp-content\/uploads\/2023\/07\/Pozary-w-Syrii.jpg","@id":"https:\/\/wia.net.pl\/index.php\/2023\/07\/31\/pozary-w-syrii-uzywane-jako-bron-wojenna\/#mainImage","width":1920,"height":1080},"primaryImageOfPage":{"@id":"https:\/\/wia.net.pl\/index.php\/2023\/07\/31\/pozary-w-syrii-uzywane-jako-bron-wojenna\/#mainImage"},"datePublished":"2023-07-31T15:02:36+02:00","dateModified":"2023-07-31T15:02:37+02:00"},{"@type":"WebSite","@id":"https:\/\/wia.net.pl\/#website","url":"https:\/\/wia.net.pl\/","name":"Wolno\u015b\u0107 i Anarchia","description":"Ka\u017cdy wewn\u0119trznie jest anarchist\u0105.","inLanguage":"pl-PL","publisher":{"@id":"https:\/\/wia.net.pl\/#person"}}]},"og:locale":"pl_PL","og:site_name":"Wolno\u015b\u0107 i Anarchia - Ka\u017cdy wewn\u0119trznie jest anarchist\u0105.","og:type":"article","og:title":"Po\u017cary w Syrii u\u017cywane jako bro\u0144 wojenna - Wolno\u015b\u0107 i Anarchia","og:description":"Autorstwa Stevena Sahiouniego, Global Research, 31 lipca 2023 r Po\u017cary wybuch\u0142y 25 lipca w prowincji Latakia w p\u00f3\u0142nocno-zachodniej Syrii i nadal p\u0142on\u0105 w\u015br\u00f3d nowych po\u017car\u00f3w. Po\u017cary szybko si\u0119 rozprzestrzeni\u0142y dzi\u0119ki nag\u0142emu, niezwyk\u0142emu wiatrowi, kt\u00f3ry zerwa\u0142 si\u0119. Ca\u0142y kraj i s\u0105siaduj\u0105cy z nim region Morza \u015ar\u00f3dziemnego jest obj\u0119ty fal\u0105 upa\u0142\u00f3w, kt\u00f3ra przygotowuje scen\u0119 dla tak niszczycielskiego po\u017caru, kt\u00f3ry strawi","og:url":"https:\/\/wia.net.pl\/index.php\/2023\/07\/31\/pozary-w-syrii-uzywane-jako-bron-wojenna\/","og:image":"https:\/\/wia.net.pl\/wp-content\/uploads\/2023\/11\/cropped-freedom-i73367.jpg","og:image:secure_url":"https:\/\/wia.net.pl\/wp-content\/uploads\/2023\/11\/cropped-freedom-i73367.jpg","article:published_time":"2023-07-31T13:02:36+00:00","article:modified_time":"2023-07-31T13:02:37+00:00","twitter:card":"summary_large_image","twitter:title":"Po\u017cary w Syrii u\u017cywane jako bro\u0144 wojenna - Wolno\u015b\u0107 i Anarchia","twitter:description":"Autorstwa Stevena Sahiouniego, Global Research, 31 lipca 2023 r Po\u017cary wybuch\u0142y 25 lipca w prowincji Latakia w p\u00f3\u0142nocno-zachodniej Syrii i nadal p\u0142on\u0105 w\u015br\u00f3d nowych po\u017car\u00f3w. Po\u017cary szybko si\u0119 rozprzestrzeni\u0142y dzi\u0119ki nag\u0142emu, niezwyk\u0142emu wiatrowi, kt\u00f3ry zerwa\u0142 si\u0119. Ca\u0142y kraj i s\u0105siaduj\u0105cy z nim region Morza \u015ar\u00f3dziemnego jest obj\u0119ty fal\u0105 upa\u0142\u00f3w, kt\u00f3ra przygotowuje scen\u0119 dla tak niszczycielskiego po\u017caru, kt\u00f3ry strawi","twitter:image":"https:\/\/wia.net.pl\/wp-content\/uploads\/2023\/11\/cropped-freedom-i73367.jpg"},"aioseo_meta_data":{"post_id":"3472","title":null,"description":null,"keywords":[],"keyphrases":{"focus":{"keyphrase":"","score":0,"analysis":{"keyphraseInTitle":{"score":0,"maxScore":9,"error":1}}},"additional":[]},"primary_term":null,"canonical_url":null,"og_title":null,"og_description":null,"og_object_type":"default","og_image_type":"default","og_image_url":null,"og_image_width":null,"og_image_height":null,"og_image_custom_url":null,"og_image_custom_fields":null,"og_video":"","og_custom_url":null,"og_article_section":null,"og_article_tags":[],"twitter_use_og":false,"twitter_card":"default","twitter_image_type":"default","twitter_image_url":null,"twitter_image_custom_url":null,"twitter_image_custom_fields":null,"twitter_title":null,"twitter_description":null,"schema":{"blockGraphs":[],"customGraphs":[],"default":{"data":{"Article":[],"Course":[],"Dataset":[],"FAQPage":[],"Movie":[],"Person":[],"Product":[],"ProductReview":[],"Car":[],"Recipe":[],"Service":[],"SoftwareApplication":[],"WebPage":[]},"graphName":"BlogPosting","isEnabled":true},"graphs":[]},"schema_type":"default","schema_type_options":null,"pillar_content":false,"robots_default":true,"robots_noindex":false,"robots_noarchive":false,"robots_nosnippet":false,"robots_nofollow":false,"robots_noimageindex":false,"robots_noodp":false,"robots_notranslate":false,"robots_max_snippet":"-1","robots_max_videopreview":"-1","robots_max_imagepreview":"large","priority":null,"frequency":"default","local_seo":null,"breadcrumb_settings":null,"limit_modified_date":false,"ai":null,"created":"2023-07-31 13:02:37","updated":"2025-06-04 08:49:01","seo_analyzer_scan_date":null,"focus_keyword":null,"additional_keywords":null,"truseo_locale":null},"aioseo_breadcrumb":"<div class=\"aioseo-breadcrumbs\"><span class=\"aioseo-breadcrumb\">\n\t\t\t<a href=\"https:\/\/wia.net.pl\" title=\"Home\">Home<\/a>\n\t\t<\/span><span class=\"aioseo-breadcrumb-separator\">&raquo;<\/span><span class=\"aioseo-breadcrumb\">\n\t\t\t<a href=\"https:\/\/wia.net.pl\/index.php\/category\/artykuly\/\" title=\"Artyku\u0142y\">Artyku\u0142y<\/a>\n\t\t<\/span><span class=\"aioseo-breadcrumb-separator\">&raquo;<\/span><span class=\"aioseo-breadcrumb\">\n\t\t\tPo\u017cary w Syrii u\u017cywane jako bro\u0144 wojenna\n\t\t<\/span><\/div>","aioseo_breadcrumb_json":[{"label":"Home","link":"https:\/\/wia.net.pl"},{"label":"Artyku\u0142y","link":"https:\/\/wia.net.pl\/index.php\/category\/artykuly\/"},{"label":"Po\u017cary w Syrii u\u017cywane jako bro\u0144 wojenna","link":"https:\/\/wia.net.pl\/index.php\/2023\/07\/31\/pozary-w-syrii-uzywane-jako-bron-wojenna\/"}],"_links":{"self":[{"href":"https:\/\/wia.net.pl\/index.php\/wp-json\/wp\/v2\/posts\/3472"}],"collection":[{"href":"https:\/\/wia.net.pl\/index.php\/wp-json\/wp\/v2\/posts"}],"about":[{"href":"https:\/\/wia.net.pl\/index.php\/wp-json\/wp\/v2\/types\/post"}],"author":[{"embeddable":true,"href":"https:\/\/wia.net.pl\/index.php\/wp-json\/wp\/v2\/users\/2"}],"replies":[{"embeddable":true,"href":"https:\/\/wia.net.pl\/index.php\/wp-json\/wp\/v2\/comments?post=3472"}],"version-history":[{"count":1,"href":"https:\/\/wia.net.pl\/index.php\/wp-json\/wp\/v2\/posts\/3472\/revisions"}],"predecessor-version":[{"id":3474,"href":"https:\/\/wia.net.pl\/index.php\/wp-json\/wp\/v2\/posts\/3472\/revisions\/3474"}],"wp:featuredmedia":[{"embeddable":true,"href":"https:\/\/wia.net.pl\/index.php\/wp-json\/wp\/v2\/media\/3473"}],"wp:attachment":[{"href":"https:\/\/wia.net.pl\/index.php\/wp-json\/wp\/v2\/media?parent=3472"}],"wp:term":[{"taxonomy":"category","embeddable":true,"href":"https:\/\/wia.net.pl\/index.php\/wp-json\/wp\/v2\/categories?post=3472"},{"taxonomy":"post_tag","embeddable":true,"href":"https:\/\/wia.net.pl\/index.php\/wp-json\/wp\/v2\/tags?post=3472"}],"curies":[{"name":"wp","href":"https:\/\/api.w.org\/{rel}","templated":true}]}}