{"id":3517,"date":"2023-08-01T21:06:50","date_gmt":"2023-08-01T19:06:50","guid":{"rendered":"https:\/\/wia.net.pl\/?p=3517"},"modified":"2023-08-01T21:06:50","modified_gmt":"2023-08-01T19:06:50","slug":"przepowiednia-hermesa","status":"publish","type":"post","link":"https:\/\/wia.net.pl\/index.php\/2023\/08\/01\/przepowiednia-hermesa\/","title":{"rendered":"Przepowiednia Hermesa"},"content":{"rendered":"\n<p>\u0179r\u00f3d\u0142o:\u00a0<a href=\"https:\/\/www.youtube.com\/@The5thKind\">https:\/\/www.youtube.com\/@The5thKind<\/a><\/p>\n\n\n\n<p>W Ksi\u0119dze Jozuego dowiadujemy si\u0119, \u017ce Jozue, nast\u0119pca Moj\u017cesza, wzywa nar\u00f3d hebrajski, aby nigdy wi\u0119cej nie s\u0142u\u017cy\u0142 pot\u0119\u017cnym kulturom przodk\u00f3w Abrahama i Sary &#8211; kulturze Sumer\u00f3w. &#8222;Nie s\u0142u\u017ccie pot\u0119\u017cnym z waszego sumeryjskiego dziedzictwa ani pot\u0119\u017cnym z Egiptu!&#8221;.<\/p>\n\n\n\n<p><br>Nakazane jest zapomnienie o tych innych bytach. <\/p>\n\n\n\n<p>Pami\u0119\u0107 o wy\u017cszych istotach &#8211; to, co Sumerowie okre\u015blali jako ludzi nieba &#8211; musi zosta\u0107 zapomniana. <\/p>\n\n\n\n<p>Podobnie egipska pami\u0119\u0107 o wy\u017cszych istotach musi zosta\u0107 zapomniana. <\/p>\n\n\n\n<p>Dlatego Teodozjusz, widz\u0105c siebie jako chrze\u015bcija\u0144skiego cesarza, w duchu Moj\u017cesza lub Jozuego, zdelegalizowa\u0142 te wspomnienia i zakaza\u0142 narracji, kt\u00f3re utrzymywa\u0142y je przy \u017cyciu.<br><\/p>\n\n\n\n<p>Kiedy Platon odnosi\u0142 si\u0119 do wiedzy wy\u017cszych istot &#8211; w tym tych innych, kt\u00f3rzy \u017cyj\u0105 na wyspach na niebie z ich zaawansowan\u0105 wiedz\u0105 o przestrzeni &#8211; interesuj\u0105ce jest to, \u017ce z jednej strony odwo\u0142uje si\u0119 do informacji zebranych poprzez zmienione stany \u015bwiadomo\u015bci, a z drugiej do zaginionego kanonu staro\u017cytnej egipskiej pami\u0119ci. <\/p>\n\n\n\n<p>Powo\u0142uj\u0105c si\u0119 na t\u0119 wiedz\u0119, jasne jest, \u017ce historia bardziej zaludnionego wszech\u015bwiata jest t\u0105, kt\u00f3r\u0105 Platon chcia\u0142 potwierdzi\u0107. <\/p>\n\n\n\n<p>Nie chcia\u0142, aby ta wiedza pozosta\u0142a pogrzebana i zapomniana\u2026<\/p>\n\n\n<div style=\"position: relative; padding-bottom: calc(var(--aspect-ratio, .5625) * 100%); height: 0; width: 100%; margin: 0 auto;\" class=\"rumble-video-container\"><video controls controlsList=\"nodownload\" style=\"position: absolute; top: 0; left: 0; width: 100%; height: 100%; background: #000;\" preload=\"metadata\" src=\"https:\/\/1a-1791.com\/video\/s8\/2\/x\/X\/a\/n\/xXanl.caa.mp4\" poster=\"\"><\/video><\/div>\n<div class=\"remoji_bar\"><div class=\"remoji_add_container\" data-remoji-id=\"3517\" data-remoji-type=\"post\"><div class=\"remoji_add_icon\"><\/div><\/div><div class=\"remoji_error_bar\" data-remoji-id=\"3517\" data-remoji-type=\"post\" style=\"display: none;\">Error happened.<\/div><\/div>","protected":false},"excerpt":{"rendered":"<p>\u0179r\u00f3d\u0142o:\u00a0https:\/\/www.youtube.com\/@The5thKind W Ksi\u0119dze Jozuego dowiadujemy si\u0119, \u017ce Jozue, nast\u0119pca Moj\u017cesza, wzywa nar\u00f3d hebrajski, aby nigdy wi\u0119cej nie s\u0142u\u017cy\u0142 pot\u0119\u017cnym kulturom przodk\u00f3w Abrahama i Sary &#8211; kulturze Sumer\u00f3w. &#8222;Nie s\u0142u\u017ccie pot\u0119\u017cnym z waszego sumeryjskiego dziedzictwa ani pot\u0119\u017cnym z Egiptu!&#8221;. Nakazane jest&#8230; <\/p>\n","protected":false},"author":3,"featured_media":3518,"comment_status":"open","ping_status":"open","sticky":false,"template":"","format":"standard","meta":{"_acf_changed":false,"_bbp_topic_count":0,"_bbp_reply_count":0,"_bbp_total_topic_count":0,"_bbp_total_reply_count":0,"_bbp_voice_count":0,"_bbp_anonymous_reply_count":0,"_bbp_topic_count_hidden":0,"_bbp_reply_count_hidden":0,"_bbp_forum_subforum_count":0,"om_disable_all_campaigns":false,"_monsterinsights_skip_tracking":false,"_monsterinsights_sitenote_active":false,"_monsterinsights_sitenote_note":"","_monsterinsights_sitenote_category":0,"footnotes":""},"categories":[11],"tags":[68,63,42,71,26,23,32,22,70,62],"class_list":["post-3517","post","type-post","status-publish","format-standard","has-post-thumbnail","hentry","category-antropologia","tag-cesarstwo-rzymskie","tag-historia-ziemi","tag-illuminati","tag-kosciol-katolicki","tag-ludzkosc","tag-niewolnictwo","tag-rzad","tag-satanizm","tag-tajne-stowarzyszenia","tag-wszechswiat"],"acf":[],"aioseo_notices":[],"_links":{"self":[{"href":"https:\/\/wia.net.pl\/index.php\/wp-json\/wp\/v2\/posts\/3517"}],"collection":[{"href":"https:\/\/wia.net.pl\/index.php\/wp-json\/wp\/v2\/posts"}],"about":[{"href":"https:\/\/wia.net.pl\/index.php\/wp-json\/wp\/v2\/types\/post"}],"author":[{"embeddable":true,"href":"https:\/\/wia.net.pl\/index.php\/wp-json\/wp\/v2\/users\/3"}],"replies":[{"embeddable":true,"href":"https:\/\/wia.net.pl\/index.php\/wp-json\/wp\/v2\/comments?post=3517"}],"version-history":[{"count":1,"href":"https:\/\/wia.net.pl\/index.php\/wp-json\/wp\/v2\/posts\/3517\/revisions"}],"predecessor-version":[{"id":3519,"href":"https:\/\/wia.net.pl\/index.php\/wp-json\/wp\/v2\/posts\/3517\/revisions\/3519"}],"wp:featuredmedia":[{"embeddable":true,"href":"https:\/\/wia.net.pl\/index.php\/wp-json\/wp\/v2\/media\/3518"}],"wp:attachment":[{"href":"https:\/\/wia.net.pl\/index.php\/wp-json\/wp\/v2\/media?parent=3517"}],"wp:term":[{"taxonomy":"category","embeddable":true,"href":"https:\/\/wia.net.pl\/index.php\/wp-json\/wp\/v2\/categories?post=3517"},{"taxonomy":"post_tag","embeddable":true,"href":"https:\/\/wia.net.pl\/index.php\/wp-json\/wp\/v2\/tags?post=3517"}],"curies":[{"name":"wp","href":"https:\/\/api.w.org\/{rel}","templated":true}]}}