{"id":3596,"date":"2023-08-04T12:19:19","date_gmt":"2023-08-04T10:19:19","guid":{"rendered":"https:\/\/wia.net.pl\/?p=3596"},"modified":"2023-08-04T12:19:20","modified_gmt":"2023-08-04T10:19:20","slug":"prawda-o-ukrainie","status":"publish","type":"post","link":"https:\/\/wia.net.pl\/index.php\/2023\/08\/04\/prawda-o-ukrainie\/","title":{"rendered":"Prawda o Ukrainie"},"content":{"rendered":"\n<p>Przez&nbsp;<a href=\"https:\/\/www.lewrockwell.com\/author\/chuck-baldwin\/?ptype=article\">Chucka Baldwina<\/a><\/p>\n\n\n\n<p><a href=\"https:\/\/chuckbaldwinlive.com\/\">Chuck Baldwin na \u017cywo<\/a><\/p>\n\n\n\n<p>4 sierpnia 2023 r<\/p>\n\n\n\n<figure class=\"wp-block-image size-large\"><img loading=\"lazy\" decoding=\"async\" width=\"1024\" height=\"768\" src=\"https:\/\/wia.net.pl\/wp-content\/uploads\/2023\/08\/flag-g852dc704d_1280-1024x768.jpg\" alt=\"\" class=\"wp-image-3597\" srcset=\"https:\/\/wia.net.pl\/wp-content\/uploads\/2023\/08\/flag-g852dc704d_1280-1024x768.jpg 1024w, https:\/\/wia.net.pl\/wp-content\/uploads\/2023\/08\/flag-g852dc704d_1280-300x225.jpg 300w, https:\/\/wia.net.pl\/wp-content\/uploads\/2023\/08\/flag-g852dc704d_1280-768x576.jpg 768w, https:\/\/wia.net.pl\/wp-content\/uploads\/2023\/08\/flag-g852dc704d_1280.jpg 1280w\" sizes=\"(max-width: 1024px) 100vw, 1024px\" \/><\/figure>\n\n\n\n<p>Oto rzeczywisto\u015b\u0107 na Ukrainie: wojna na Ukrainie jest kompletn\u0105 katastrof\u0105, a ameryka\u0144scy neokonserwaty\u015bci, kt\u00f3rzy rozpocz\u0119li i przed\u0142u\u017cyli t\u0119 wojn\u0119 dla w\u0142asnych egoistycznych cel\u00f3w (tak jak rozpoczynaj\u0105 ka\u017cd\u0105 wojn\u0119 w USA dla w\u0142asnych egoistycznych cel\u00f3w) spustoszyli jeszcze jedn\u0105 kraju i okazali si\u0119 (ka\u017cdemu, kto zwraca na to uwag\u0119) przepe\u0142nieni \u017c\u0105dz\u0105 krwi, tyra\u0144skimi ambicjami i bezdusznymi sercami.<\/p>\n\n\n\n<p>Pozwol\u0119&nbsp;<a href=\"https:\/\/www.theburningplatform.com\/2023\/07\/25\/ukraine-complete-disaster-neocons-lose-again\/\" target=\"_blank\" rel=\"noreferrer noopener\">Martinowi Armstrongowi<\/a>&nbsp;przedstawi\u0107 realistyczny przegl\u0105d:<\/p>\n\n\n\n<p>Ukraina to kompletna pora\u017cka.&nbsp;Ostrzega\u0142em, \u017ce nasze \u017ar\u00f3d\u0142a z UKRAINY, a nie z Rosji, ostrzegaj\u0105, \u017ce kraj jest na kraw\u0119dzi upadku.&nbsp;Ameryka\u0144scy neokonserwaty\u015bci s\u0105 konfrontowani z faktem, \u017ce NIGDY nie by\u0142o \u017cadnej szansy na to, by Ukraina pokona\u0142a Rosj\u0119, a postawienie tej tancerki na wysokich obcasach o w\u0105tpliwej p\u0142ci w szpilkach na czele wojny by\u0142o samo w sobie zbrodni\u0105 wojenn\u0105.&nbsp;Nie ma absolutnie \u017cadnej mo\u017cliwo\u015bci, \u017ceby Ukraina cokolwiek wygra\u0142a.&nbsp;To dlatego Ze\u0142enski by\u0142 tak zdesperowany, by wci\u0105gn\u0105\u0107 NATO, poniewa\u017c wie, \u017ce nie mog\u0105 odbi\u0107 Donbasu i pokona\u0107 Rosji.&nbsp;Ameryka\u0144scy neokonserwaty\u015bci mieli nadziej\u0119 os\u0142abi\u0107 Rosj\u0119, aby mogli wymy\u015bli\u0107 jaki\u015b plan usprawiedliwiaj\u0105cy zab\u00f3jstwo.<\/p>\n\n\n\n<p>Za kurtyn\u0105 rozlegaj\u0105 si\u0119 pomruki, \u017ce trzeba zawrze\u0107 uk\u0142ad pokojowy albo Ukraina upadnie, je\u015bli ich w\u0142asne wojska nie powstan\u0105 i nie zamorduj\u0105 Ze\u0142enskiego za jego spekulacje i rze\u017a w\u0142asnego narodu.<\/p>\n\n\n\n<p>Fakt, \u017ce&nbsp;&nbsp;<a href=\"https:\/\/www.wsj.com\/articles\/ukraines-lack-of-weaponry-and-training-risks-stalemate-in-fight-with-russia-f51ecf9\" target=\"_blank\" rel=\"noreferrer noopener\"><strong>Wall Street Journal<\/strong><\/a>&nbsp;napisa\u0142 23 lipca:<\/p>\n\n\n\n<p><em>\u201eZachodni wojskowi wiedzieli, \u017ce Kij\u00f3w nie mia\u0142 ca\u0142ego wyszkolenia ani broni \u2013 od pocisk\u00f3w po samoloty bojowe \u2013 potrzebnych do wyparcia si\u0142 rosyjskich.&nbsp;Ale mieli nadziej\u0119, \u017ce ukrai\u0144ska odwaga i zaradno\u015b\u0107 przetrwaj\u0105 dzie\u0144\u201d.<\/em><\/p>\n\n\n\n<p>Ju\u017c sam fakt, \u017ce pojawi\u0142o si\u0119 to w prasie, \u015bwiadczy o tym, \u017ce za kurtyn\u0105 panuje niezadowolenie.&nbsp;Wszystko, co s\u0142yszeli\u015bmy do tej pory, to k\u0142amstwa o tym, \u017ce Rosja jest s\u0142aba i przegrywa.&nbsp;To jest dok\u0142adne przeciwie\u0144stwo prawdy i to jest informacja z Ukrainy \u2013 NIE z Rosji.&nbsp;Ze\u0142enski podtrzymuje fa\u0142szywy obraz zwyci\u0119stwa tylko po to, by pieni\u0105dze p\u0142yn\u0119\u0142y na Ukrain\u0119.&nbsp;Populacja Ukrainy przed wojn\u0105 wynosi\u0142a oko\u0142o 36 milion\u00f3w.&nbsp;Nie \u017cyje ju\u017c co najmniej 500 000 os\u00f3b, a rzeczywista liczba Ukrai\u0144c\u00f3w, kt\u00f3rzy opu\u015bcili swoje domy, mo\u017ce przekroczy\u0107 10 milion\u00f3w.&nbsp;Ze\u0142enski zniszczy\u0142 ca\u0142y sw\u00f3j kraj dla Donbasu, kt\u00f3ry nigdy nie by\u0142 terytorium Ukrainy ani nie by\u0142 okupowany przez Ukrai\u0144c\u00f3w.&nbsp;To by\u0142a wojna zast\u0119pcza przeciwko Rosji, a Ze\u0142enski ZDRADZI\u0141 SWOICH LUDZI za gar\u015b\u0107 srebra.<\/p>\n\n\n\n<p>Marzenie Ze\u0142enskiego o sprzeda\u017cy Ukrainy Blackrock jest naprawd\u0119 obrzydliwe.&nbsp;Nie mia\u0142 problemu z pozwoleniem, by jego kraj sp\u0142on\u0105\u0142, poniewa\u017c im bardziej p\u0142onie, tym wi\u0119kszy jest projekt odbudowy.&nbsp;Przechwala\u0142 si\u0119, \u017ce b\u0119dzie to najwi\u0119ksza okazja inwestycyjna dla Europy, nie wspominaj\u0105c o tym, ilu Ukrai\u0144c\u00f3w musi zgin\u0105\u0107 za jego marzenie.&nbsp;Wielu por\u00f3wnuje go do Nerona, kt\u00f3ry pozwoli\u0142 spali\u0107 Rzym, aby m\u00f3g\u0142 zbudowa\u0107 sw\u00f3j wielki z\u0142oty pa\u0142ac.<\/p>\n\n\n\n<p>W tym meczu Polska prawdopodobnie wyprzedzi zachodni\u0105 Ukrain\u0119.&nbsp;To by\u0142o ich terytorium w latach 1918-1945, a Ukrai\u0144cy wymordowali ponad 100 000 Polak\u00f3w po prostu za czystki etniczne.&nbsp;Nie po\u015bwi\u0119ca si\u0119 wiele uwagi temu, \u017ce na Ukrainie s\u0105 etniczni Polacy i&nbsp;<a href=\"https:\/\/www.nytimes.com\/2022\/06\/16\/world\/europe\/ethnic-hungarians-ukraine-war.html\" target=\"_blank\" rel=\"noreferrer noopener\"><strong>W\u0119grzy<\/strong><\/a>&nbsp;, kt\u00f3rzy r\u00f3wnie\u017c byli wykorzystywani przez Ukrai\u0144c\u00f3w.&nbsp;Ukrai\u0144cy zrobili znacznie gorsze rzeczy ni\u017c tylko zabicie Polak\u00f3w, za co nigdy nie przeprosili.<a href=\"https:\/\/www.nytimes.com\/2022\/06\/16\/world\/europe\/ethnic-hungarians-ukraine-war.html\" target=\"_blank\" rel=\"noreferrer noopener\"><strong><\/strong><\/a><\/p>\n\n\n\n<p>Polskie Towarzystwo Pami\u0119ci Ofiar Zbrodni Ukrai\u0144skich Nacjonalist\u00f3w&nbsp;<a href=\"https:\/\/www.euractiv.com\/section\/enlargement\/news\/poland-votes-that-wwii-massacre-by-ukraine-was-genocide\/\" target=\"_blank\" rel=\"noreferrer noopener\"><strong>udokumentowa\u0142o 135 metod<\/strong><\/a>&nbsp;tortur i mord\u00f3w stosowanych przez ukrai\u0144skich nazist\u00f3w.&nbsp;Polska oficjalnie nazwa\u0142a dzia\u0142ania ukrai\u0144skie ludob\u00f3jstwem.&nbsp;Ukrai\u0144cy byli chronieni przez CIA od dziesi\u0119cioleci&nbsp;<strong>TYLKO<\/strong>&nbsp;dlatego, \u017ce nienawidzili Rosjan.&nbsp;Nadal chroni\u0105 ukrai\u0144skich nazist\u00f3w tylko dlatego, \u017ce prowadz\u0105 wojn\u0119 z Rosj\u0105.<\/p>\n\n\n\n<p>Ukrai\u0144cy byli bezprecedensowi w swoich zbrodniach wojennych podczas II wojny \u015bwiatowej, a czyste okrucie\u0144stwo, jakiego mo\u017cna by si\u0119 spodziewa\u0107, istnieje tylko w niekt\u00f3rych horrorach z ocen\u0105 B.&nbsp;Obejmuje to:<\/p>\n\n\n\n<ul class=\"wp-block-list\">\n<li>Przeje\u017cd\u017canie dzieci ko\u0142kami<\/li>\n\n\n\n<li>Podci\u0119cie gard\u0142a osoby i wyci\u0105gni\u0119cie j\u0119zyka przez dziur\u0119<\/li>\n\n\n\n<li>Pi\u0142owanie tu\u0142owia osoby na p\u00f3\u0142 pi\u0142\u0105 stolarsk\u0105<\/li>\n\n\n\n<li>Rozci\u0119cie brzucha kobiety w zaawansowanej ci\u0105\u017cy, usuni\u0119cie p\u0142odu i zast\u0105pienie go \u017cywym kotem przed zszyciem brzucha.<\/li>\n\n\n\n<li>Rozcinanie brzucha ci\u0119\u017carnej kobiety i wlewanie do niej pot\u0142uczonego szk\u0142a<\/li>\n\n\n\n<li>Przybijanie ma\u0142ego dziecka do drzwi.<\/li>\n<\/ul>\n\n\n\n<p>Ukraina to bardzo niespokojny kraj.&nbsp;Jego ludno\u015b\u0107 cierpi z powodu propagandy, a filozofia Bandery by\u0142a czyst\u0105 nienawi\u015bci\u0105 i czystkami etnicznymi.&nbsp;W rozmowach z bardzo naiwnymi Ukrai\u0144cami powiedziano im, \u017ce musz\u0105 walczy\u0107 za Rosj\u0119 i nie poprzestan\u0105 na Donbasie.&nbsp;Teraz du\u017co strac\u0105, a Zach\u00f3d raczej zostanie przej\u0119ty przez Polsk\u0119.&nbsp;Jedynym porozumieniem pokojowym b\u0119dzie poddanie Donbasu Rosji.&nbsp;Odessa by\u0142aby w najlepszym przypadku neutralnym, zdemilitaryzowanym miastem, kt\u00f3re umo\u017cliwi\u0142oby dost\u0119p do portu w celu eksportu.&nbsp;Ze\u0142enski wci\u0105\u017c desperacko stara si\u0119 sk\u0142oni\u0107 NATO do interwencji i eskortowania ich eksportu zbo\u017ca.&nbsp;Nigdy nie b\u0119dzie usatysfakcjonowany, dop\u00f3ki nie stworzy III wojny \u015bwiatowej.&nbsp;<\/p>\n\n\n\n<p>Pr\u00f3ba Ze\u0142enskiego sk\u0142onienia NATO do rozpocz\u0119cia kolejnej europejskiej wojny o Ukrain\u0119 by\u0142a zawsze czyst\u0105 fantazj\u0105.&nbsp;Prawda jest taka: NATO to pusta skorupa.&nbsp;Jedynym powodem, dla kt\u00f3rego wci\u0105\u017c istnieje, jest zapewnienie Stanom Zjednoczonym platformy do prowadzenia wojen zast\u0119pczych w Europie.&nbsp;Bez pomocy dolar\u00f3w ameryka\u0144skich podatnik\u00f3w oraz ameryka\u0144skiego sprz\u0119tu wojskowego i amunicji NATO znikn\u0119\u0142oby \u2013 i w\u0142a\u015bnie to powinno zrobi\u0107.<\/p>\n\n\n\n<p>Niewielka garstka konserwatywnych republikan\u00f3w w Kongresie podejmuje m\u0119\u017cn\u0105 walk\u0119 o wycofanie wsparcia USA dla wojny na Ukrainie.&nbsp;Tocz\u0105 jednak przegran\u0105 bitw\u0119 (przynajmniej teraz), poniewa\u017c zdecydowana wi\u0119kszo\u015b\u0107 republikan\u00f3w jest kontrolowana przez spragnionych wojny syjonistycznych neokonserwatyst\u00f3w \u2013 lub powinienem powiedzie\u0107, g\u0142odnych pieni\u0119dzy, poniewa\u017c nic nie zapewnia bogactw pod\u017cegaczom wojennym bardziej ni\u017c, no c\u00f3\u017c, wojna.<\/p>\n\n\n\n<p>A ci w Ameryce, kt\u00f3rzy my\u015bl\u0105, \u017ce wojna na Ukrainie szkodzi Moskwie, oni te\u017c \u017cyj\u0105 w \u015bwiecie fantazji.&nbsp;Rosyjska gospodarka rozkwit\u0142a, odk\u0105d Stany Zjednoczone w\u0142\u0105czy\u0142y si\u0119 w ten konflikt.&nbsp;W 2022 r. rubel osi\u0105gn\u0105\u0142 najwy\u017cszy poziom od siedmiu lat, a partnerzy handlowi Rosji pomno\u017cyli si\u0119 wyk\u0142adniczo, podobnie jak jej sojusze polityczne.<\/p>\n\n\n\n<p>Wiem, \u017ce propagandowe zachodnie media wam tego nie powiedz\u0105, ale faktem jest, \u017ce wi\u0119kszo\u015b\u0107 narod\u00f3w \u015bwiata popiera Rosj\u0119 w konflikcie ukrai\u0144skim.&nbsp;Zaanga\u017cowanie Ameryki w wojn\u0119 na Ukrainie wepchn\u0119\u0142o miliony ludzi i dziesi\u0105tki kraj\u00f3w w orbit\u0119 wp\u0142yw\u00f3w Rosji.<\/p>\n\n\n\n<p>Zamiast os\u0142abia\u0107 Rosj\u0119, ameryka\u0144ska wojna zast\u0119pcza na Ukrainie w rzeczywisto\u015bci wzmocni\u0142a Rosj\u0119 i os\u0142abi\u0142a Ameryk\u0119.&nbsp;Ale mo\u017ce to w\u0142a\u015bnie od pocz\u0105tku my\u015bleli globalistyczni neokonserwaty\u015bci z CFR, Bilderberg itp.<\/p>\n\n\n\n<p>Ukraina jest kolejnym tragicznym przyk\u0142adem tego, co dzieje si\u0119 z krajami, kt\u00f3re niem\u0105drze pozwalaj\u0105 poch\u0142oni\u0119tym sob\u0105, op\u0119tanym w\u0142adz\u0105 egomaniakom przej\u0105\u0107 kontrol\u0119 nad narodem.&nbsp;Z czasem wszyscy tacy przyw\u00f3dcy, je\u015bli pozwol\u0105 im pozosta\u0107 u w\u0142adzy, doprowadz\u0105 w\u0142asne kraje do kompletnej katastrofy \u2013 kosztem niezliczonej liczby zgon\u00f3w w\u0142asnych obywateli.<\/p>\n\n\n\n<p>Dok\u0142adnie w takim miejscu znajduje si\u0119 dzi\u015b Ukraina.<\/p>\n\n\n\n<p>Pami\u0119taj te\u017c, \u017ce wszystko to by\u0142o u\u0142atwione (i zaplanowane) przez neokon\u00f3w \/ neolib\u00f3w pod\u017cegaczy wojennych w Waszyngtonie<\/p>\n\n\n\n<p>Nie wspominaj\u0105c o tym, \u017ce Joe Biden ma obsesj\u0119 na punkcie upewnienia si\u0119, \u017ce wojna na Ukrainie si\u0119 nie sko\u0144czy, poniewa\u017c prawdopodobnie wie, \u017ce Ze\u0142enski ma sto szaf zawieraj\u0105cych szkielety Bidena, kt\u00f3rych Creepy Joe nie mo\u017ce sobie pozwoli\u0107 na wydostanie si\u0119.<\/p>\n\n\n\n<p>\u201eKompletna katastrofa\u201d dotyczy nie tylko Ukrainy, ale tak\u017ce prezydentury Joe Bidena.<\/p>\n\n\n\n<p>PS Dzi\u015b og\u0142aszam, \u017ce w\u0142a\u015bnie wydali\u015bmy moje najnowsze DVD z wiadomo\u015bciami zatytu\u0142owane&nbsp;<a href=\"https:\/\/chuckbaldwinlive.com\/Store.aspx#!\/The-Truth-About-Transgenderism-DVD-By-Pastor-Chuck-Baldwin-NEW-PRODUCT\/p\/575821799\/category=15986016\" target=\"_blank\" rel=\"noreferrer noopener\"><strong><em>The Truth About Transgenderism<\/em><\/strong><\/a>&nbsp;.<\/p>\n\n\n\n<p>To jest przes\u0142anie, do kt\u00f3rego zdecydowana wi\u0119kszo\u015b\u0107 ewangelicznych pastor\u00f3w boi si\u0119 skierowa\u0107.&nbsp;Ale to przes\u0142anie jest absolutnie niezb\u0119dne ze wzgl\u0119du na rosn\u0105c\u0105 narodow\u0105 akceptacj\u0119 programu \u201eprzebudzenia\u201d.<\/p>\n\n\n\n<p>To nie jest pobie\u017cny przekaz ze zu\u017cytymi\u00a0kliszami\u00a0i uprzedzeniami.\u00a0Jest to dog\u0142\u0119bne studium biblijne tego niezwykle wa\u017cnego tematu.\u00a0<\/p>\n\n\n\n<p>Chuck Baldwin jest prezenterem radiowym, publicyst\u0105 konsorcjalnym i pastorem oddanym zachowaniu historycznych zasad, na kt\u00f3rych powsta\u0142a Ameryka.\u00a0Zobacz jego\u00a0<a href=\"http:\/\/chuckbaldwinlive.com\/\">stron\u0119 internetow\u0105<\/a>\u00a0.<\/p>\n\n\n\n<p><em>Przedruk za zgod\u0105\u00a0\u00a0<a href=\"http:\/\/chuckbaldwinlive.com\/\">Chucka Baldwina na \u017cywo<\/a>\u00a0.<\/em><\/p>\n\n\n\n<p>Prawa autorskie \u00a9\u00a0<a href=\"https:\/\/chuckbaldwinlive.com\/\">Chuck Baldwin na \u017cywo<\/a><\/p>\n\n\n\n<p>Link \u017ar\u00f3d\u0142owy <a href=\"https:\/\/www.lewrockwell.com\/2023\/08\/chuck-baldwin\/the-truth-about-ukraine\/\">https:\/\/www.lewrockwell.com\/2023\/08\/chuck-baldwin\/the-truth-about-ukraine\/<\/a><\/p>\n","protected":false},"excerpt":{"rendered":"<p>Przez&nbsp;Chucka Baldwina Chuck Baldwin na \u017cywo 4 sierpnia 2023 r Oto rzeczywisto\u015b\u0107 na Ukrainie: wojna na Ukrainie jest kompletn\u0105 katastrof\u0105, a ameryka\u0144scy neokonserwaty\u015bci, kt\u00f3rzy rozpocz\u0119li i przed\u0142u\u017cyli t\u0119 wojn\u0119 dla w\u0142asnych egoistycznych cel\u00f3w (tak jak rozpoczynaj\u0105 ka\u017cd\u0105 wojn\u0119 w USA&#8230; <\/p>\n","protected":false},"author":2,"featured_media":3597,"comment_status":"open","ping_status":"open","sticky":false,"template":"","format":"standard","meta":{"_acf_changed":false,"_bbp_topic_count":0,"_bbp_reply_count":0,"_bbp_total_topic_count":0,"_bbp_total_reply_count":0,"_bbp_voice_count":0,"_bbp_anonymous_reply_count":0,"_bbp_topic_count_hidden":0,"_bbp_reply_count_hidden":0,"_bbp_forum_subforum_count":0,"om_disable_all_campaigns":false,"_monsterinsights_skip_tracking":false,"footnotes":""},"categories":[93],"tags":[],"class_list":["post-3596","post","type-post","status-publish","format-standard","has-post-thumbnail","hentry","category-artykuly"],"acf":[],"aioseo_notices":[],"aioseo_head":"\n\t\t<!-- All in One SEO 5.0.1.1 - aioseo.com -->\n\t<meta name=\"description\" content=\"Przez Chucka Baldwina Chuck Baldwin na \u017cywo 4 sierpnia 2023 r Oto rzeczywisto\u015b\u0107 na Ukrainie: wojna na Ukrainie jest kompletn\u0105 katastrof\u0105, a ameryka\u0144scy neokonserwaty\u015bci, kt\u00f3rzy rozpocz\u0119li i przed\u0142u\u017cyli t\u0119 wojn\u0119 dla w\u0142asnych egoistycznych cel\u00f3w (tak jak rozpoczynaj\u0105 ka\u017cd\u0105 wojn\u0119 w USA dla w\u0142asnych egoistycznych cel\u00f3w) spustoszyli jeszcze jedn\u0105 kraju i okazali si\u0119 (ka\u017cdemu, kto zwraca na\" \/>\n\t<meta name=\"robots\" content=\"max-image-preview:large\" \/>\n\t<meta name=\"author\" content=\"trinity\"\/>\n\t<link rel=\"canonical\" href=\"https:\/\/wia.net.pl\/index.php\/2023\/08\/04\/prawda-o-ukrainie\/\" \/>\n\t<meta name=\"generator\" content=\"All in One SEO (AIOSEO) 5.0.1.1\" \/>\n\t\t<meta property=\"og:locale\" content=\"pl_PL\" \/>\n\t\t<meta property=\"og:site_name\" content=\"Wolno\u015b\u0107 i Anarchia - Ka\u017cdy wewn\u0119trznie jest anarchist\u0105.\" \/>\n\t\t<meta property=\"og:type\" content=\"article\" \/>\n\t\t<meta property=\"og:title\" content=\"Prawda o Ukrainie - Wolno\u015b\u0107 i Anarchia\" \/>\n\t\t<meta property=\"og:description\" content=\"Przez Chucka Baldwina Chuck Baldwin na \u017cywo 4 sierpnia 2023 r Oto rzeczywisto\u015b\u0107 na Ukrainie: wojna na Ukrainie jest kompletn\u0105 katastrof\u0105, a ameryka\u0144scy neokonserwaty\u015bci, kt\u00f3rzy rozpocz\u0119li i przed\u0142u\u017cyli t\u0119 wojn\u0119 dla w\u0142asnych egoistycznych cel\u00f3w (tak jak rozpoczynaj\u0105 ka\u017cd\u0105 wojn\u0119 w USA dla w\u0142asnych egoistycznych cel\u00f3w) spustoszyli jeszcze jedn\u0105 kraju i okazali si\u0119 (ka\u017cdemu, kto zwraca na\" \/>\n\t\t<meta property=\"og:url\" content=\"https:\/\/wia.net.pl\/index.php\/2023\/08\/04\/prawda-o-ukrainie\/\" \/>\n\t\t<meta property=\"og:image\" content=\"https:\/\/wia.net.pl\/wp-content\/uploads\/2023\/11\/cropped-freedom-i73367.jpg\" \/>\n\t\t<meta property=\"og:image:secure_url\" content=\"https:\/\/wia.net.pl\/wp-content\/uploads\/2023\/11\/cropped-freedom-i73367.jpg\" \/>\n\t\t<meta property=\"article:published_time\" content=\"2023-08-04T10:19:19+00:00\" \/>\n\t\t<meta property=\"article:modified_time\" content=\"2023-08-04T10:19:20+00:00\" \/>\n\t\t<meta name=\"twitter:card\" content=\"summary_large_image\" \/>\n\t\t<meta name=\"twitter:title\" content=\"Prawda o Ukrainie - Wolno\u015b\u0107 i Anarchia\" \/>\n\t\t<meta name=\"twitter:description\" content=\"Przez Chucka Baldwina Chuck Baldwin na \u017cywo 4 sierpnia 2023 r Oto rzeczywisto\u015b\u0107 na Ukrainie: wojna na Ukrainie jest kompletn\u0105 katastrof\u0105, a ameryka\u0144scy neokonserwaty\u015bci, kt\u00f3rzy rozpocz\u0119li i przed\u0142u\u017cyli t\u0119 wojn\u0119 dla w\u0142asnych egoistycznych cel\u00f3w (tak jak rozpoczynaj\u0105 ka\u017cd\u0105 wojn\u0119 w USA dla w\u0142asnych egoistycznych cel\u00f3w) spustoszyli jeszcze jedn\u0105 kraju i okazali si\u0119 (ka\u017cdemu, kto zwraca na\" \/>\n\t\t<meta name=\"twitter:image\" content=\"https:\/\/wia.net.pl\/wp-content\/uploads\/2023\/11\/cropped-freedom-i73367.jpg\" \/>\n\t\t<script type=\"application\/ld+json\" class=\"aioseo-schema\">\n\t\t\t{\"@context\":\"https:\\\/\\\/schema.org\",\"@graph\":[{\"@type\":\"BlogPosting\",\"@id\":\"https:\\\/\\\/wia.net.pl\\\/index.php\\\/2023\\\/08\\\/04\\\/prawda-o-ukrainie\\\/#blogposting\",\"name\":\"Prawda o Ukrainie - Wolno\\u015b\\u0107 i Anarchia\",\"headline\":\"Prawda o Ukrainie\",\"author\":{\"@id\":\"https:\\\/\\\/wia.net.pl\\\/index.php\\\/author\\\/trinity\\\/#author\"},\"publisher\":{\"@id\":\"https:\\\/\\\/wia.net.pl\\\/#person\"},\"image\":{\"@type\":\"ImageObject\",\"url\":\"https:\\\/\\\/wia.net.pl\\\/wp-content\\\/uploads\\\/2023\\\/08\\\/flag-g852dc704d_1280.jpg\",\"width\":1280,\"height\":960},\"datePublished\":\"2023-08-04T12:19:19+02:00\",\"dateModified\":\"2023-08-04T12:19:20+02:00\",\"inLanguage\":\"pl-PL\",\"mainEntityOfPage\":{\"@id\":\"https:\\\/\\\/wia.net.pl\\\/index.php\\\/2023\\\/08\\\/04\\\/prawda-o-ukrainie\\\/#webpage\"},\"isPartOf\":{\"@id\":\"https:\\\/\\\/wia.net.pl\\\/index.php\\\/2023\\\/08\\\/04\\\/prawda-o-ukrainie\\\/#webpage\"},\"articleSection\":\"Artyku\\u0142y\"},{\"@type\":\"BreadcrumbList\",\"@id\":\"https:\\\/\\\/wia.net.pl\\\/index.php\\\/2023\\\/08\\\/04\\\/prawda-o-ukrainie\\\/#breadcrumblist\",\"itemListElement\":[{\"@type\":\"ListItem\",\"@id\":\"https:\\\/\\\/wia.net.pl#listItem\",\"position\":1,\"name\":\"Home\",\"item\":\"https:\\\/\\\/wia.net.pl\",\"nextItem\":{\"@type\":\"ListItem\",\"@id\":\"https:\\\/\\\/wia.net.pl\\\/index.php\\\/category\\\/artykuly\\\/#listItem\",\"name\":\"Artyku\\u0142y\"}},{\"@type\":\"ListItem\",\"@id\":\"https:\\\/\\\/wia.net.pl\\\/index.php\\\/category\\\/artykuly\\\/#listItem\",\"position\":2,\"name\":\"Artyku\\u0142y\",\"item\":\"https:\\\/\\\/wia.net.pl\\\/index.php\\\/category\\\/artykuly\\\/\",\"nextItem\":{\"@type\":\"ListItem\",\"@id\":\"https:\\\/\\\/wia.net.pl\\\/index.php\\\/2023\\\/08\\\/04\\\/prawda-o-ukrainie\\\/#listItem\",\"name\":\"Prawda o Ukrainie\"},\"previousItem\":{\"@type\":\"ListItem\",\"@id\":\"https:\\\/\\\/wia.net.pl#listItem\",\"name\":\"Home\"}},{\"@type\":\"ListItem\",\"@id\":\"https:\\\/\\\/wia.net.pl\\\/index.php\\\/2023\\\/08\\\/04\\\/prawda-o-ukrainie\\\/#listItem\",\"position\":3,\"name\":\"Prawda o Ukrainie\",\"previousItem\":{\"@type\":\"ListItem\",\"@id\":\"https:\\\/\\\/wia.net.pl\\\/index.php\\\/category\\\/artykuly\\\/#listItem\",\"name\":\"Artyku\\u0142y\"}}]},{\"@type\":\"Person\",\"@id\":\"https:\\\/\\\/wia.net.pl\\\/#person\",\"name\":\"Bart\\u0142omiej Talarczyk\",\"image\":{\"@type\":\"ImageObject\",\"@id\":\"https:\\\/\\\/wia.net.pl\\\/index.php\\\/2023\\\/08\\\/04\\\/prawda-o-ukrainie\\\/#personImage\",\"url\":\"https:\\\/\\\/wia.net.pl\\\/wp-content\\\/uploads\\\/avatar-privacy\\\/cache\\\/user\\\/1\\\/7\\\/176a6b161c58363ff49b5c167264231f519f5c7fa183ca1f61e891769b6b56d5-96.jpg\",\"width\":96,\"height\":96,\"caption\":\"Bart\\u0142omiej Talarczyk\"}},{\"@type\":\"Person\",\"@id\":\"https:\\\/\\\/wia.net.pl\\\/index.php\\\/author\\\/trinity\\\/#author\",\"url\":\"https:\\\/\\\/wia.net.pl\\\/index.php\\\/author\\\/trinity\\\/\",\"name\":\"trinity\",\"image\":{\"@type\":\"ImageObject\",\"@id\":\"https:\\\/\\\/wia.net.pl\\\/index.php\\\/2023\\\/08\\\/04\\\/prawda-o-ukrainie\\\/#authorImage\",\"url\":\"https:\\\/\\\/wia.net.pl\\\/wp-content\\\/uploads\\\/avatar-privacy\\\/cache\\\/user\\\/5\\\/f\\\/5f6547cf82495eaa10e100a6a45d5dbde2dfdc1be88557de2018fca705bdf6f1-96.jpg\",\"width\":96,\"height\":96,\"caption\":\"trinity\"}},{\"@type\":\"WebPage\",\"@id\":\"https:\\\/\\\/wia.net.pl\\\/index.php\\\/2023\\\/08\\\/04\\\/prawda-o-ukrainie\\\/#webpage\",\"url\":\"https:\\\/\\\/wia.net.pl\\\/index.php\\\/2023\\\/08\\\/04\\\/prawda-o-ukrainie\\\/\",\"name\":\"Prawda o Ukrainie - Wolno\\u015b\\u0107 i Anarchia\",\"description\":\"Przez Chucka Baldwina Chuck Baldwin na \\u017cywo 4 sierpnia 2023 r Oto rzeczywisto\\u015b\\u0107 na Ukrainie: wojna na Ukrainie jest kompletn\\u0105 katastrof\\u0105, a ameryka\\u0144scy neokonserwaty\\u015bci, kt\\u00f3rzy rozpocz\\u0119li i przed\\u0142u\\u017cyli t\\u0119 wojn\\u0119 dla w\\u0142asnych egoistycznych cel\\u00f3w (tak jak rozpoczynaj\\u0105 ka\\u017cd\\u0105 wojn\\u0119 w USA dla w\\u0142asnych egoistycznych cel\\u00f3w) spustoszyli jeszcze jedn\\u0105 kraju i okazali si\\u0119 (ka\\u017cdemu, kto zwraca na\",\"inLanguage\":\"pl-PL\",\"isPartOf\":{\"@id\":\"https:\\\/\\\/wia.net.pl\\\/#website\"},\"breadcrumb\":{\"@id\":\"https:\\\/\\\/wia.net.pl\\\/index.php\\\/2023\\\/08\\\/04\\\/prawda-o-ukrainie\\\/#breadcrumblist\"},\"author\":{\"@id\":\"https:\\\/\\\/wia.net.pl\\\/index.php\\\/author\\\/trinity\\\/#author\"},\"creator\":{\"@id\":\"https:\\\/\\\/wia.net.pl\\\/index.php\\\/author\\\/trinity\\\/#author\"},\"image\":{\"@type\":\"ImageObject\",\"url\":\"https:\\\/\\\/wia.net.pl\\\/wp-content\\\/uploads\\\/2023\\\/08\\\/flag-g852dc704d_1280.jpg\",\"@id\":\"https:\\\/\\\/wia.net.pl\\\/index.php\\\/2023\\\/08\\\/04\\\/prawda-o-ukrainie\\\/#mainImage\",\"width\":1280,\"height\":960},\"primaryImageOfPage\":{\"@id\":\"https:\\\/\\\/wia.net.pl\\\/index.php\\\/2023\\\/08\\\/04\\\/prawda-o-ukrainie\\\/#mainImage\"},\"datePublished\":\"2023-08-04T12:19:19+02:00\",\"dateModified\":\"2023-08-04T12:19:20+02:00\"},{\"@type\":\"WebSite\",\"@id\":\"https:\\\/\\\/wia.net.pl\\\/#website\",\"url\":\"https:\\\/\\\/wia.net.pl\\\/\",\"name\":\"Wolno\\u015b\\u0107 i Anarchia\",\"description\":\"Ka\\u017cdy wewn\\u0119trznie jest anarchist\\u0105.\",\"inLanguage\":\"pl-PL\",\"publisher\":{\"@id\":\"https:\\\/\\\/wia.net.pl\\\/#person\"}}]}\n\t\t<\/script>\n\t\t<!-- All in One SEO -->\n\n","aioseo_head_json":{"title":"Prawda o Ukrainie - Wolno\u015b\u0107 i Anarchia","description":"Przez Chucka Baldwina Chuck Baldwin na \u017cywo 4 sierpnia 2023 r Oto rzeczywisto\u015b\u0107 na Ukrainie: wojna na Ukrainie jest kompletn\u0105 katastrof\u0105, a ameryka\u0144scy neokonserwaty\u015bci, kt\u00f3rzy rozpocz\u0119li i przed\u0142u\u017cyli t\u0119 wojn\u0119 dla w\u0142asnych egoistycznych cel\u00f3w (tak jak rozpoczynaj\u0105 ka\u017cd\u0105 wojn\u0119 w USA dla w\u0142asnych egoistycznych cel\u00f3w) spustoszyli jeszcze jedn\u0105 kraju i okazali si\u0119 (ka\u017cdemu, kto zwraca na","canonical_url":"https:\/\/wia.net.pl\/index.php\/2023\/08\/04\/prawda-o-ukrainie\/","robots":"max-image-preview:large","keywords":"","webmasterTools":{"miscellaneous":""},"schema":{"@context":"https:\/\/schema.org","@graph":[{"@type":"BlogPosting","@id":"https:\/\/wia.net.pl\/index.php\/2023\/08\/04\/prawda-o-ukrainie\/#blogposting","name":"Prawda o Ukrainie - Wolno\u015b\u0107 i Anarchia","headline":"Prawda o Ukrainie","author":{"@id":"https:\/\/wia.net.pl\/index.php\/author\/trinity\/#author"},"publisher":{"@id":"https:\/\/wia.net.pl\/#person"},"image":{"@type":"ImageObject","url":"https:\/\/wia.net.pl\/wp-content\/uploads\/2023\/08\/flag-g852dc704d_1280.jpg","width":1280,"height":960},"datePublished":"2023-08-04T12:19:19+02:00","dateModified":"2023-08-04T12:19:20+02:00","inLanguage":"pl-PL","mainEntityOfPage":{"@id":"https:\/\/wia.net.pl\/index.php\/2023\/08\/04\/prawda-o-ukrainie\/#webpage"},"isPartOf":{"@id":"https:\/\/wia.net.pl\/index.php\/2023\/08\/04\/prawda-o-ukrainie\/#webpage"},"articleSection":"Artyku\u0142y"},{"@type":"BreadcrumbList","@id":"https:\/\/wia.net.pl\/index.php\/2023\/08\/04\/prawda-o-ukrainie\/#breadcrumblist","itemListElement":[{"@type":"ListItem","@id":"https:\/\/wia.net.pl#listItem","position":1,"name":"Home","item":"https:\/\/wia.net.pl","nextItem":{"@type":"ListItem","@id":"https:\/\/wia.net.pl\/index.php\/category\/artykuly\/#listItem","name":"Artyku\u0142y"}},{"@type":"ListItem","@id":"https:\/\/wia.net.pl\/index.php\/category\/artykuly\/#listItem","position":2,"name":"Artyku\u0142y","item":"https:\/\/wia.net.pl\/index.php\/category\/artykuly\/","nextItem":{"@type":"ListItem","@id":"https:\/\/wia.net.pl\/index.php\/2023\/08\/04\/prawda-o-ukrainie\/#listItem","name":"Prawda o Ukrainie"},"previousItem":{"@type":"ListItem","@id":"https:\/\/wia.net.pl#listItem","name":"Home"}},{"@type":"ListItem","@id":"https:\/\/wia.net.pl\/index.php\/2023\/08\/04\/prawda-o-ukrainie\/#listItem","position":3,"name":"Prawda o Ukrainie","previousItem":{"@type":"ListItem","@id":"https:\/\/wia.net.pl\/index.php\/category\/artykuly\/#listItem","name":"Artyku\u0142y"}}]},{"@type":"Person","@id":"https:\/\/wia.net.pl\/#person","name":"Bart\u0142omiej Talarczyk","image":{"@type":"ImageObject","@id":"https:\/\/wia.net.pl\/index.php\/2023\/08\/04\/prawda-o-ukrainie\/#personImage","url":"https:\/\/wia.net.pl\/wp-content\/uploads\/avatar-privacy\/cache\/user\/1\/7\/176a6b161c58363ff49b5c167264231f519f5c7fa183ca1f61e891769b6b56d5-96.jpg","width":96,"height":96,"caption":"Bart\u0142omiej Talarczyk"}},{"@type":"Person","@id":"https:\/\/wia.net.pl\/index.php\/author\/trinity\/#author","url":"https:\/\/wia.net.pl\/index.php\/author\/trinity\/","name":"trinity","image":{"@type":"ImageObject","@id":"https:\/\/wia.net.pl\/index.php\/2023\/08\/04\/prawda-o-ukrainie\/#authorImage","url":"https:\/\/wia.net.pl\/wp-content\/uploads\/avatar-privacy\/cache\/user\/5\/f\/5f6547cf82495eaa10e100a6a45d5dbde2dfdc1be88557de2018fca705bdf6f1-96.jpg","width":96,"height":96,"caption":"trinity"}},{"@type":"WebPage","@id":"https:\/\/wia.net.pl\/index.php\/2023\/08\/04\/prawda-o-ukrainie\/#webpage","url":"https:\/\/wia.net.pl\/index.php\/2023\/08\/04\/prawda-o-ukrainie\/","name":"Prawda o Ukrainie - Wolno\u015b\u0107 i Anarchia","description":"Przez Chucka Baldwina Chuck Baldwin na \u017cywo 4 sierpnia 2023 r Oto rzeczywisto\u015b\u0107 na Ukrainie: wojna na Ukrainie jest kompletn\u0105 katastrof\u0105, a ameryka\u0144scy neokonserwaty\u015bci, kt\u00f3rzy rozpocz\u0119li i przed\u0142u\u017cyli t\u0119 wojn\u0119 dla w\u0142asnych egoistycznych cel\u00f3w (tak jak rozpoczynaj\u0105 ka\u017cd\u0105 wojn\u0119 w USA dla w\u0142asnych egoistycznych cel\u00f3w) spustoszyli jeszcze jedn\u0105 kraju i okazali si\u0119 (ka\u017cdemu, kto zwraca na","inLanguage":"pl-PL","isPartOf":{"@id":"https:\/\/wia.net.pl\/#website"},"breadcrumb":{"@id":"https:\/\/wia.net.pl\/index.php\/2023\/08\/04\/prawda-o-ukrainie\/#breadcrumblist"},"author":{"@id":"https:\/\/wia.net.pl\/index.php\/author\/trinity\/#author"},"creator":{"@id":"https:\/\/wia.net.pl\/index.php\/author\/trinity\/#author"},"image":{"@type":"ImageObject","url":"https:\/\/wia.net.pl\/wp-content\/uploads\/2023\/08\/flag-g852dc704d_1280.jpg","@id":"https:\/\/wia.net.pl\/index.php\/2023\/08\/04\/prawda-o-ukrainie\/#mainImage","width":1280,"height":960},"primaryImageOfPage":{"@id":"https:\/\/wia.net.pl\/index.php\/2023\/08\/04\/prawda-o-ukrainie\/#mainImage"},"datePublished":"2023-08-04T12:19:19+02:00","dateModified":"2023-08-04T12:19:20+02:00"},{"@type":"WebSite","@id":"https:\/\/wia.net.pl\/#website","url":"https:\/\/wia.net.pl\/","name":"Wolno\u015b\u0107 i Anarchia","description":"Ka\u017cdy wewn\u0119trznie jest anarchist\u0105.","inLanguage":"pl-PL","publisher":{"@id":"https:\/\/wia.net.pl\/#person"}}]},"og:locale":"pl_PL","og:site_name":"Wolno\u015b\u0107 i Anarchia - Ka\u017cdy wewn\u0119trznie jest anarchist\u0105.","og:type":"article","og:title":"Prawda o Ukrainie - Wolno\u015b\u0107 i Anarchia","og:description":"Przez Chucka Baldwina Chuck Baldwin na \u017cywo 4 sierpnia 2023 r Oto rzeczywisto\u015b\u0107 na Ukrainie: wojna na Ukrainie jest kompletn\u0105 katastrof\u0105, a ameryka\u0144scy neokonserwaty\u015bci, kt\u00f3rzy rozpocz\u0119li i przed\u0142u\u017cyli t\u0119 wojn\u0119 dla w\u0142asnych egoistycznych cel\u00f3w (tak jak rozpoczynaj\u0105 ka\u017cd\u0105 wojn\u0119 w USA dla w\u0142asnych egoistycznych cel\u00f3w) spustoszyli jeszcze jedn\u0105 kraju i okazali si\u0119 (ka\u017cdemu, kto zwraca na","og:url":"https:\/\/wia.net.pl\/index.php\/2023\/08\/04\/prawda-o-ukrainie\/","og:image":"https:\/\/wia.net.pl\/wp-content\/uploads\/2023\/11\/cropped-freedom-i73367.jpg","og:image:secure_url":"https:\/\/wia.net.pl\/wp-content\/uploads\/2023\/11\/cropped-freedom-i73367.jpg","article:published_time":"2023-08-04T10:19:19+00:00","article:modified_time":"2023-08-04T10:19:20+00:00","twitter:card":"summary_large_image","twitter:title":"Prawda o Ukrainie - Wolno\u015b\u0107 i Anarchia","twitter:description":"Przez Chucka Baldwina Chuck Baldwin na \u017cywo 4 sierpnia 2023 r Oto rzeczywisto\u015b\u0107 na Ukrainie: wojna na Ukrainie jest kompletn\u0105 katastrof\u0105, a ameryka\u0144scy neokonserwaty\u015bci, kt\u00f3rzy rozpocz\u0119li i przed\u0142u\u017cyli t\u0119 wojn\u0119 dla w\u0142asnych egoistycznych cel\u00f3w (tak jak rozpoczynaj\u0105 ka\u017cd\u0105 wojn\u0119 w USA dla w\u0142asnych egoistycznych cel\u00f3w) spustoszyli jeszcze jedn\u0105 kraju i okazali si\u0119 (ka\u017cdemu, kto zwraca na","twitter:image":"https:\/\/wia.net.pl\/wp-content\/uploads\/2023\/11\/cropped-freedom-i73367.jpg"},"aioseo_meta_data":{"post_id":"3596","title":null,"description":null,"keywords":[],"keyphrases":{"focus":{"keyphrase":"","score":0,"analysis":{"keyphraseInTitle":{"score":0,"maxScore":9,"error":1}}},"additional":[]},"primary_term":null,"canonical_url":null,"og_title":null,"og_description":null,"og_object_type":"default","og_image_type":"default","og_image_url":null,"og_image_width":null,"og_image_height":null,"og_image_custom_url":null,"og_image_custom_fields":null,"og_video":"","og_custom_url":null,"og_article_section":null,"og_article_tags":[],"twitter_use_og":false,"twitter_card":"default","twitter_image_type":"default","twitter_image_url":null,"twitter_image_custom_url":null,"twitter_image_custom_fields":null,"twitter_title":null,"twitter_description":null,"schema":{"blockGraphs":[],"customGraphs":[],"default":{"data":{"Article":[],"Course":[],"Dataset":[],"FAQPage":[],"Movie":[],"Person":[],"Product":[],"ProductReview":[],"Car":[],"Recipe":[],"Service":[],"SoftwareApplication":[],"WebPage":[]},"graphName":"BlogPosting","isEnabled":true},"graphs":[]},"schema_type":"default","schema_type_options":null,"pillar_content":false,"robots_default":true,"robots_noindex":false,"robots_noarchive":false,"robots_nosnippet":false,"robots_nofollow":false,"robots_noimageindex":false,"robots_noodp":false,"robots_notranslate":false,"robots_max_snippet":"-1","robots_max_videopreview":"-1","robots_max_imagepreview":"large","priority":null,"frequency":"default","local_seo":null,"breadcrumb_settings":null,"limit_modified_date":false,"ai":null,"created":"2023-08-04 10:19:20","updated":"2025-06-04 08:52:15","seo_analyzer_scan_date":null,"focus_keyword":null,"additional_keywords":null,"truseo_locale":null},"aioseo_breadcrumb":"<div class=\"aioseo-breadcrumbs\"><span class=\"aioseo-breadcrumb\">\n\t\t\t<a href=\"https:\/\/wia.net.pl\" title=\"Home\">Home<\/a>\n\t\t<\/span><span class=\"aioseo-breadcrumb-separator\">&raquo;<\/span><span class=\"aioseo-breadcrumb\">\n\t\t\t<a href=\"https:\/\/wia.net.pl\/index.php\/category\/artykuly\/\" title=\"Artyku\u0142y\">Artyku\u0142y<\/a>\n\t\t<\/span><span class=\"aioseo-breadcrumb-separator\">&raquo;<\/span><span class=\"aioseo-breadcrumb\">\n\t\t\tPrawda o Ukrainie\n\t\t<\/span><\/div>","aioseo_breadcrumb_json":[{"label":"Home","link":"https:\/\/wia.net.pl"},{"label":"Artyku\u0142y","link":"https:\/\/wia.net.pl\/index.php\/category\/artykuly\/"},{"label":"Prawda o Ukrainie","link":"https:\/\/wia.net.pl\/index.php\/2023\/08\/04\/prawda-o-ukrainie\/"}],"_links":{"self":[{"href":"https:\/\/wia.net.pl\/index.php\/wp-json\/wp\/v2\/posts\/3596"}],"collection":[{"href":"https:\/\/wia.net.pl\/index.php\/wp-json\/wp\/v2\/posts"}],"about":[{"href":"https:\/\/wia.net.pl\/index.php\/wp-json\/wp\/v2\/types\/post"}],"author":[{"embeddable":true,"href":"https:\/\/wia.net.pl\/index.php\/wp-json\/wp\/v2\/users\/2"}],"replies":[{"embeddable":true,"href":"https:\/\/wia.net.pl\/index.php\/wp-json\/wp\/v2\/comments?post=3596"}],"version-history":[{"count":1,"href":"https:\/\/wia.net.pl\/index.php\/wp-json\/wp\/v2\/posts\/3596\/revisions"}],"predecessor-version":[{"id":3598,"href":"https:\/\/wia.net.pl\/index.php\/wp-json\/wp\/v2\/posts\/3596\/revisions\/3598"}],"wp:featuredmedia":[{"embeddable":true,"href":"https:\/\/wia.net.pl\/index.php\/wp-json\/wp\/v2\/media\/3597"}],"wp:attachment":[{"href":"https:\/\/wia.net.pl\/index.php\/wp-json\/wp\/v2\/media?parent=3596"}],"wp:term":[{"taxonomy":"category","embeddable":true,"href":"https:\/\/wia.net.pl\/index.php\/wp-json\/wp\/v2\/categories?post=3596"},{"taxonomy":"post_tag","embeddable":true,"href":"https:\/\/wia.net.pl\/index.php\/wp-json\/wp\/v2\/tags?post=3596"}],"curies":[{"name":"wp","href":"https:\/\/api.w.org\/{rel}","templated":true}]}}