{"id":3604,"date":"2023-08-05T08:40:54","date_gmt":"2023-08-05T06:40:54","guid":{"rendered":"https:\/\/wia.net.pl\/?p=3604"},"modified":"2023-08-05T08:40:55","modified_gmt":"2023-08-05T06:40:55","slug":"rezim-kijowski-zaangazowany-w-handel-dziecmi","status":"publish","type":"post","link":"https:\/\/wia.net.pl\/index.php\/2023\/08\/05\/rezim-kijowski-zaangazowany-w-handel-dziecmi\/","title":{"rendered":"Re\u017cim kijowski zaanga\u017cowany w handel dzie\u0107mi"},"content":{"rendered":"\n<p>Lucas\u00a0<a href=\"https:\/\/www.globalresearch.ca\/author\/lucas-leiroz-de-almeida\">Leiroz de Almeida<\/a><\/p>\n\n\n\n<p>Global Research, 4 sierpnia 2023 r<\/p>\n\n\n\n<p><a href=\"http:\/\/infobrics.org\/post\/39026\" target=\"_blank\" rel=\"noreferrer noopener\">InfoBrics<\/a><\/p>\n\n\n\n<figure class=\"wp-block-image size-full\"><img loading=\"lazy\" decoding=\"async\" width=\"768\" height=\"576\" src=\"https:\/\/wia.net.pl\/wp-content\/uploads\/2023\/08\/A-child-traffic-768x576-1.webp\" alt=\"\" class=\"wp-image-3605\" srcset=\"https:\/\/wia.net.pl\/wp-content\/uploads\/2023\/08\/A-child-traffic-768x576-1.webp 768w, https:\/\/wia.net.pl\/wp-content\/uploads\/2023\/08\/A-child-traffic-768x576-1-300x225.webp 300w\" sizes=\"(max-width: 768px) 100vw, 768px\" \/><\/figure>\n\n\n\n<p><em>Zbrodnie i antyhumanitarne praktyki re\u017cimu kijowskiego wydaj\u0105 si\u0119 nie mie\u0107 granic.&nbsp;Poza torturami, pozas\u0105dowymi egzekucjami i \u0142amaniem praw cz\u0142owieka, Ukraina jest r\u00f3wnie\u017c oskar\u017cana przez wtajemniczonych o udzia\u0142 w mi\u0119dzynarodowym programie handlu dzie\u0107mi.&nbsp;Na terytorium Ukrainy dzia\u0142a kilka siatek przest\u0119pczych, kt\u00f3re czerpi\u0105 korzy\u015bci z konfliktu, eksportuj\u0105c dzieci na czarny rynek.&nbsp;<\/em><\/p>\n\n\n\n<p>Ostatnio w mediach spo\u0142eczno\u015bciowych m\u00f3wi si\u0119 o kilku przypadkach przest\u0119pstw przeciwko dzieciom na Ukrainie.&nbsp;W&nbsp;<a href=\"https:\/\/t.me\/nexta_live\/58175\">jednym<\/a>&nbsp;z nich ujawniono plan sprzeda\u017cy niemowl\u0105t.&nbsp;Dzia\u0142ania przest\u0119pcze mia\u0142y miejsce w prywatnych klinikach w obwodzie kijowskim i charkowskim.&nbsp;Ukrainki zosta\u0142y zatrudnione do pracy jako matki zast\u0119pcze za wynagrodzeniem w wysoko\u015bci 12 000 tysi\u0119cy euro.&nbsp;Po urodzeniu dzieci by\u0142y sprzedawane cudzoziemcom za kwoty od 50 do 70 tysi\u0119cy euro.&nbsp;Wiadomo, \u017ce co najmniej dziewi\u0119cioro dzieci zosta\u0142o sprzedanych przez przest\u0119pc\u00f3w.<\/p>\n\n\n\n<p>W tym samym sensie istniej\u0105&nbsp;<a href=\"https:\/\/t.me\/ukr_leaks\/7691\">dane<\/a>&nbsp;wskazuj\u0105ce na istnienie na Ukrainie tajnej organizacji dzia\u0142aj\u0105cej w ramach instytucji pa\u0144stwowych na r\u00f3\u017cnych poziomach infiltracji.&nbsp;Praktyka tej grupy polega na wyszukiwaniu kilku dzieci, selekcjonowaniu tych, kt\u00f3re pasuj\u0105 do okre\u015blonych cech wymaganych przez mi\u0119dzynarodowe siatki przemytnicze i przygotowywaniu dokument\u00f3w podr\u00f3\u017cy w celu zalegalizowania ich podr\u00f3\u017cy do kraj\u00f3w europejskich \u2013 z kt\u00f3rych nigdy nie wracaj\u0105.<\/p>\n\n\n\n<p>Jak wida\u0107, w te schematy zaanga\u017cowani s\u0105 sami ukrai\u0144scy urz\u0119dnicy pa\u0144stwowi.&nbsp;Niekt\u00f3rzy dziennikarze \u015bledczy&nbsp;<a href=\"https:\/\/telegra.ph\/Ukrainskie-deti--zhertvy-sovremennyh-rabotorgovcev-%20iz-Britanii-i-SSHA-07-24\">oskar\u017caj\u0105<\/a>&nbsp;funkcjonariusza SBU o nazwisku \u201e&nbsp;<strong>Siergiej Borysow<\/strong>&nbsp;\u201d o bycie szefem sieci przest\u0119pczej na ukrai\u0144skiej ziemi.&nbsp;Ma on dzia\u0142a\u0107 we wsp\u00f3\u0142pracy z innymi agentami SBU, poza brytyjsk\u0105 agencj\u0105 wywiadowcz\u0105 M16 \u2013 co wskazuje na wsp\u00f3\u0142udzia\u0142 w zbrodniach zachodnich urz\u0119dnik\u00f3w&nbsp;<a href=\"https:\/\/telegra.ph\/Ukrainskie-deti--zhertvy-sovremennyh-rabotorgovcev-iz-Britanii-i-SSHA-07-24\">,<\/a>&nbsp;co jeszcze bardziej pogarsza sytuacj\u0119.<\/p>\n\n\n\n<p><a href=\"https:\/\/www.globalresearch.ca\/western-journalists-censored-by-kiev-regime\/5821786\">Zachodni dziennikarze MSM ocenzurowani przez re\u017cim kijowski<\/a><\/p>\n\n\n\n<p>Najbardziej szokuj\u0105ce&nbsp;<a href=\"https:\/\/t.me\/donbassr\/43784\">w<\/a>&nbsp;tym wszystkim jest to, \u017ce wielu znawc\u00f3w tematu uwa\u017ca, \u017ce \u200b\u200bte dzieci s\u0105 przekazywane mi\u0119dzynarodowym sieciom pedofilii i wykorzystywania seksualnego dzieci.&nbsp;Na przyk\u0142ad politolog Dmitrij Kulikow m\u00f3wi, \u017ce mo\u017cna \u201ez du\u017c\u0105 odpowiedzialno\u015bci\u0105 za\u0142o\u017cy\u0107, \u017ce wielu z nich jest albo w niewoli seksualnej, albo si\u0119 do tego przygotowuje\u201d.<\/p>\n\n\n\n<p>R\u00f3wnie\u017c inny informator,&nbsp;<strong>Wasilij Prozorow,<\/strong>&nbsp;by\u0142y pracownik S\u0142u\u017cby Bezpiecze\u0144stwa Ukrainy, skomentowa\u0142 niedawno na konferencji wsp\u00f3\u0142prac\u0119 ukrai\u0144skich i brytyjskich siatek pedofilskich.&nbsp;Wed\u0142ug niego w zbrodnie zaanga\u017cowani s\u0105 wysocy rang\u0105 urz\u0119dnicy ukrai\u0144scy i brytyjscy.&nbsp;W Wielkiej Brytanii dzieci s\u0105 \u201eadoptowane\u201d przez pedofil\u00f3w, kt\u00f3rzy s\u0105 \u201ewysokimi przedstawicielami\u201d rz\u0105du.<\/p>\n\n\n\n<p>\u201eNa Ukrainie dzia\u0142a grupa przest\u0119pcza zajmuj\u0105ca si\u0119 wywozem dzieci i ich transportem do Wielkiej Brytanii, gdzie wpadaj\u0105 one w r\u0119ce pedofil\u00f3w \u2013 [kt\u00f3rzy s\u0105 r\u00f3wnie\u017c] wysokimi przedstawicielami brytyjskiego establishmentu\u201d \u2013 powiedzia\u0142&nbsp;<a href=\"https:\/\/360tv.ru\/news\/mir\/popadajut-k-pedofilam-byvshij-sotrudnik-sbu-soobschil-o-prinuditelnom-\">.<\/a>&nbsp;.&nbsp;Nale\u017cy zauwa\u017cy\u0107, \u017ce opr\u00f3cz tego, \u017ce by\u0142 by\u0142ym agentem wywiadu kijowskiego, Prozorow jest obecnie zaanga\u017cowany w projekt \u015bledczy o nazwie \u201eUkrleaks\u201d, kt\u00f3rego celem jest ujawnienie antyhumanitarnych praktyk re\u017cimu.&nbsp;Jest wi\u0119c wiarygodnym \u017ar\u00f3d\u0142em, kt\u00f3re zna sytuacj\u0119 na Ukrainie od \u015brodka.<\/p>\n\n\n\n<p>Jednak niezale\u017cnie od tego, jak szokuj\u0105ce s\u0105 te przypadki, tak naprawd\u0119 nie s\u0105 nowe.&nbsp;Wiadomo, \u017ce&nbsp;<a href=\"https:\/\/t.me\/ukr_leaks\/7790\">od 2014 roku<\/a>&nbsp;Ukraina sta\u0142a si\u0119 prawdziwym rajem dla pedofil\u00f3w i wszelkiego rodzaju drapie\u017cnik\u00f3w seksualnych.&nbsp;Wysoki poziom chaosu instytucjonalnego i korupcji sprzyja przenikaniu siatek przest\u0119pczych, kt\u00f3re dzia\u0142aj\u0105 bezkarnie.&nbsp;Zwykle przest\u0119pcy szukaj\u0105 dzieci z rodzin o niskich dochodach, w sytuacjach spo\u0142ecznych.&nbsp;Dzieci s\u0105 si\u0142\u0105 odbierane rodzinom i wysy\u0142ane za granic\u0119 z fa\u0142szywymi dokumentami, co praktycznie uniemo\u017cliwia ich krewnym ich odzyskanie.<\/p>\n\n\n\n<p>Informacj\u0119 t\u0119 nale\u017cy r\u00f3wnie\u017c czyta\u0107 w \u015bwietle niedawnego&nbsp;<a href=\"http:\/\/infobrics.org\/post\/38591\/\">doniesienia<\/a>&nbsp;dziennikarek \u015bledczych Evy Bartlett i Christelle N\u00e9ant o naruszeniach praw cz\u0142owieka pope\u0142nianych przez Ukrai\u0144c\u00f3w w regionie Artomowk\/Bachmut.&nbsp;W\u015br\u00f3d zbrodni opisano ukrai\u0144sk\u0105 akcj\u0119 porwania etnicznych rosyjskich dzieci w mie\u015bcie przez agent\u00f3w zwanych \u201ebia\u0142ymi anio\u0142ami\u201d.&nbsp;Pod pretekstem \u201eratowania\u201d dzieci z konfliktu Ukrai\u0144cy si\u0142\u0105 odbierali je rodzicom i nigdy ich nie zwracali.&nbsp;Bior\u0105c pod uwag\u0119 ostatnie doniesienia, mo\u017cliwe, \u017ce te przechwycone dzieci zosta\u0142y przekazane brytyjskim pedofilom.<\/p>\n\n\n\n<p>Ponadto nale\u017cy pami\u0119ta\u0107, \u017ce ochrona dzieci nigdy nie by\u0142a priorytetem re\u017cimu neonazistowskiego.&nbsp;Opr\u00f3cz porywania miejscowych dzieci i sprzedawania ich mi\u0119dzynarodowym sieciom wykorzystywania seksualnego, ukrai\u0144ski rz\u0105d znany jest r\u00f3wnie\u017c z otwartego prze\u015bladowania dzieci uwa\u017canych za \u201ewrog\u00f3w\u201d \u2013 pochodzenia rosyjskiego i mieszka\u0144c\u00f3w Donbasu.&nbsp;Jak wcze\u015bniej informowali\u015bmy, setki rosyjskich dzieci znajduj\u0105 si\u0119 na ukrai\u0144skiej li\u015bcie zab\u00f3jstw \u201e&nbsp;<a href=\"http:\/\/infobrics.org\/post\/36610\/\">Myrotvorets<\/a>&nbsp;\u201d, co wystarczy, aby pokaza\u0107, jak re\u017cim traktuje nieletnich.<\/p>\n\n\n\n<p>Moskwa robi wszystko, co w jej mocy, aby chroni\u0107 dzieci w \u015brodku tego konfliktu.&nbsp;Opr\u00f3cz militarnej konfrontacji z si\u0142ami neonazistowskimi, kt\u00f3re wykorzystuj\u0105 nieletnich, Rosja jest zaanga\u017cowana w kilka pr\u00f3b znalezienia dyplomatycznego i prawnego rozwi\u0105zania tej sytuacji.&nbsp;Na przyk\u0142ad rosyjska organizacja pozarz\u0105dowa \u201e&nbsp;<a href=\"https:\/\/fondfbr.ru\/en\/articles\/mid-nko-lavrov-en\/\">Fundacja Walki z Niesprawiedliwo\u015bci\u0105<\/a>&nbsp;\u201d intensywnie pot\u0119pia\u0142a te zbrodnie.&nbsp;Na niedawnej konferencji organizacja pozarz\u0105dowa i rosyjskie Ministerstwo Spraw Zagranicznych wsp\u00f3lnie pot\u0119pi\u0142y istnienie \u201ebarbarzy\u0144skich schemat\u00f3w przest\u0119pczych na Ukrainie zwi\u0105zanych z transportem i sprzeda\u017c\u0105 dzieci do innych kraj\u00f3w, a tak\u017ce umieszczaniem ich na listach ukrai\u0144skiego portalu nacjonalistycznego\u201d. \u201eMirotworiec\u201d.<\/p>\n\n\n\n<p>Niestety, organizacje mi\u0119dzynarodowe wydaj\u0105 si\u0119 niech\u0119tnie s\u0142ucha\u0107 rosyjskich raport\u00f3w.&nbsp;Wydaje si\u0119, \u017ce od pocz\u0105tku specjalnej operacji wojskowej Kij\u00f3w otrzyma\u0142 od Zachodu i instytucji mi\u0119dzynarodowych \u201ecarte blanche\u201d na pope\u0142nianie wszelkiego rodzaju przest\u0119pstw, w tym akt\u00f3w barbarzy\u0144stwa wobec dzieci.&nbsp;<\/p>\n\n\n\n<p>*<\/p>\n\n\n\n<p>Uwaga dla czytelnik\u00f3w: kliknij przycisk udost\u0119pniania powy\u017cej.&nbsp;\u015aled\u017a nas na Instagramie i Twitterze oraz subskrybuj nasz kana\u0142 Telegram.&nbsp;Zach\u0119camy do ponownego publikowania i szerokiego udost\u0119pniania artyku\u0142\u00f3w Global Research.<\/p>\n\n\n\n<p><em><strong>Lucas Leiroz<\/strong>&nbsp;jest dziennikarzem, pracownikiem naukowym Centrum Studi\u00f3w Geostrategicznych, konsultantem ds. geopolitycznych.&nbsp;Mo\u017cesz \u015bledzi\u0107 Lucasa na&nbsp;<a href=\"https:\/\/twitter.com\/leiroz_lucas\">Twitterze<\/a>&nbsp;i&nbsp;<a href=\"https:\/\/t.co\/0FdHwxeEZ3\">Telegramie<\/a>&nbsp;.<\/em><\/p>\n\n\n\n<p><em>Wyr\u00f3\u017cniony obraz pochodzi z InfoBrics<\/em><\/p>\n\n\n\n<p>Oryginalnym \u017ar\u00f3d\u0142em tego artyku\u0142u jest\u00a0<a href=\"http:\/\/infobrics.org\/post\/39026\" target=\"_blank\" rel=\"noreferrer noopener\">InfoBrics<\/a><\/p>\n\n\n\n<p>Link \u017ar\u00f3d\u0142owy <a href=\"https:\/\/www.globalresearch.ca\/kiev-regime-involved-child-trafficking\/5827857\">https:\/\/www.globalresearch.ca\/kiev-regime-involved-child-trafficking\/5827857<\/a><\/p>\n","protected":false},"excerpt":{"rendered":"<p>Lucas\u00a0Leiroz de Almeida Global Research, 4 sierpnia 2023 r InfoBrics Zbrodnie i antyhumanitarne praktyki re\u017cimu kijowskiego wydaj\u0105 si\u0119 nie mie\u0107 granic.&nbsp;Poza torturami, pozas\u0105dowymi egzekucjami i \u0142amaniem praw cz\u0142owieka, Ukraina jest r\u00f3wnie\u017c oskar\u017cana przez wtajemniczonych o udzia\u0142 w mi\u0119dzynarodowym programie handlu&#8230; <\/p>\n","protected":false},"author":2,"featured_media":3606,"comment_status":"open","ping_status":"open","sticky":false,"template":"","format":"standard","meta":{"_acf_changed":false,"_bbp_topic_count":0,"_bbp_reply_count":0,"_bbp_total_topic_count":0,"_bbp_total_reply_count":0,"_bbp_voice_count":0,"_bbp_anonymous_reply_count":0,"_bbp_topic_count_hidden":0,"_bbp_reply_count_hidden":0,"_bbp_forum_subforum_count":0,"om_disable_all_campaigns":false,"_monsterinsights_skip_tracking":false,"footnotes":""},"categories":[93],"tags":[],"class_list":["post-3604","post","type-post","status-publish","format-standard","has-post-thumbnail","hentry","category-artykuly"],"acf":[],"aioseo_notices":[],"aioseo_head":"\n\t\t<!-- All in One SEO 5.0.1.1 - aioseo.com -->\n\t<meta name=\"description\" content=\"Lucas Leiroz de Almeida Global Research, 4 sierpnia 2023 r InfoBrics Zbrodnie i antyhumanitarne praktyki re\u017cimu kijowskiego wydaj\u0105 si\u0119 nie mie\u0107 granic. Poza torturami, pozas\u0105dowymi egzekucjami i \u0142amaniem praw cz\u0142owieka, Ukraina jest r\u00f3wnie\u017c oskar\u017cana przez wtajemniczonych o udzia\u0142 w mi\u0119dzynarodowym programie handlu dzie\u0107mi. Na terytorium Ukrainy dzia\u0142a kilka siatek przest\u0119pczych, kt\u00f3re czerpi\u0105 korzy\u015bci z konfliktu, eksportuj\u0105c dzieci na\" \/>\n\t<meta name=\"robots\" content=\"max-image-preview:large\" \/>\n\t<meta name=\"author\" content=\"trinity\"\/>\n\t<link rel=\"canonical\" href=\"https:\/\/wia.net.pl\/index.php\/2023\/08\/05\/rezim-kijowski-zaangazowany-w-handel-dziecmi\/\" \/>\n\t<meta name=\"generator\" content=\"All in One SEO (AIOSEO) 5.0.1.1\" \/>\n\t\t<meta property=\"og:locale\" content=\"pl_PL\" \/>\n\t\t<meta property=\"og:site_name\" content=\"Wolno\u015b\u0107 i Anarchia - Ka\u017cdy wewn\u0119trznie jest anarchist\u0105.\" \/>\n\t\t<meta property=\"og:type\" content=\"article\" \/>\n\t\t<meta property=\"og:title\" content=\"Re\u017cim kijowski zaanga\u017cowany w handel dzie\u0107mi - Wolno\u015b\u0107 i Anarchia\" \/>\n\t\t<meta property=\"og:description\" content=\"Lucas Leiroz de Almeida Global Research, 4 sierpnia 2023 r InfoBrics Zbrodnie i antyhumanitarne praktyki re\u017cimu kijowskiego wydaj\u0105 si\u0119 nie mie\u0107 granic. Poza torturami, pozas\u0105dowymi egzekucjami i \u0142amaniem praw cz\u0142owieka, Ukraina jest r\u00f3wnie\u017c oskar\u017cana przez wtajemniczonych o udzia\u0142 w mi\u0119dzynarodowym programie handlu dzie\u0107mi. Na terytorium Ukrainy dzia\u0142a kilka siatek przest\u0119pczych, kt\u00f3re czerpi\u0105 korzy\u015bci z konfliktu, eksportuj\u0105c dzieci na\" \/>\n\t\t<meta property=\"og:url\" content=\"https:\/\/wia.net.pl\/index.php\/2023\/08\/05\/rezim-kijowski-zaangazowany-w-handel-dziecmi\/\" \/>\n\t\t<meta property=\"og:image\" content=\"https:\/\/wia.net.pl\/wp-content\/uploads\/2023\/11\/cropped-freedom-i73367.jpg\" \/>\n\t\t<meta property=\"og:image:secure_url\" content=\"https:\/\/wia.net.pl\/wp-content\/uploads\/2023\/11\/cropped-freedom-i73367.jpg\" \/>\n\t\t<meta property=\"article:published_time\" content=\"2023-08-05T06:40:54+00:00\" \/>\n\t\t<meta property=\"article:modified_time\" content=\"2023-08-05T06:40:55+00:00\" \/>\n\t\t<meta name=\"twitter:card\" content=\"summary_large_image\" \/>\n\t\t<meta name=\"twitter:title\" content=\"Re\u017cim kijowski zaanga\u017cowany w handel dzie\u0107mi - Wolno\u015b\u0107 i Anarchia\" \/>\n\t\t<meta name=\"twitter:description\" content=\"Lucas Leiroz de Almeida Global Research, 4 sierpnia 2023 r InfoBrics Zbrodnie i antyhumanitarne praktyki re\u017cimu kijowskiego wydaj\u0105 si\u0119 nie mie\u0107 granic. Poza torturami, pozas\u0105dowymi egzekucjami i \u0142amaniem praw cz\u0142owieka, Ukraina jest r\u00f3wnie\u017c oskar\u017cana przez wtajemniczonych o udzia\u0142 w mi\u0119dzynarodowym programie handlu dzie\u0107mi. Na terytorium Ukrainy dzia\u0142a kilka siatek przest\u0119pczych, kt\u00f3re czerpi\u0105 korzy\u015bci z konfliktu, eksportuj\u0105c dzieci na\" \/>\n\t\t<meta name=\"twitter:image\" content=\"https:\/\/wia.net.pl\/wp-content\/uploads\/2023\/11\/cropped-freedom-i73367.jpg\" \/>\n\t\t<script type=\"application\/ld+json\" class=\"aioseo-schema\">\n\t\t\t{\"@context\":\"https:\\\/\\\/schema.org\",\"@graph\":[{\"@type\":\"BlogPosting\",\"@id\":\"https:\\\/\\\/wia.net.pl\\\/index.php\\\/2023\\\/08\\\/05\\\/rezim-kijowski-zaangazowany-w-handel-dziecmi\\\/#blogposting\",\"name\":\"Re\\u017cim kijowski zaanga\\u017cowany w handel dzie\\u0107mi - Wolno\\u015b\\u0107 i Anarchia\",\"headline\":\"Re\\u017cim kijowski zaanga\\u017cowany w handel dzie\\u0107mi\",\"author\":{\"@id\":\"https:\\\/\\\/wia.net.pl\\\/index.php\\\/author\\\/trinity\\\/#author\"},\"publisher\":{\"@id\":\"https:\\\/\\\/wia.net.pl\\\/#person\"},\"image\":{\"@type\":\"ImageObject\",\"url\":\"https:\\\/\\\/wia.net.pl\\\/wp-content\\\/uploads\\\/2023\\\/08\\\/mannequins-g0a008f102_1280.jpg\",\"width\":1280,\"height\":548},\"datePublished\":\"2023-08-05T08:40:54+02:00\",\"dateModified\":\"2023-08-05T08:40:55+02:00\",\"inLanguage\":\"pl-PL\",\"mainEntityOfPage\":{\"@id\":\"https:\\\/\\\/wia.net.pl\\\/index.php\\\/2023\\\/08\\\/05\\\/rezim-kijowski-zaangazowany-w-handel-dziecmi\\\/#webpage\"},\"isPartOf\":{\"@id\":\"https:\\\/\\\/wia.net.pl\\\/index.php\\\/2023\\\/08\\\/05\\\/rezim-kijowski-zaangazowany-w-handel-dziecmi\\\/#webpage\"},\"articleSection\":\"Artyku\\u0142y\"},{\"@type\":\"BreadcrumbList\",\"@id\":\"https:\\\/\\\/wia.net.pl\\\/index.php\\\/2023\\\/08\\\/05\\\/rezim-kijowski-zaangazowany-w-handel-dziecmi\\\/#breadcrumblist\",\"itemListElement\":[{\"@type\":\"ListItem\",\"@id\":\"https:\\\/\\\/wia.net.pl#listItem\",\"position\":1,\"name\":\"Home\",\"item\":\"https:\\\/\\\/wia.net.pl\",\"nextItem\":{\"@type\":\"ListItem\",\"@id\":\"https:\\\/\\\/wia.net.pl\\\/index.php\\\/category\\\/artykuly\\\/#listItem\",\"name\":\"Artyku\\u0142y\"}},{\"@type\":\"ListItem\",\"@id\":\"https:\\\/\\\/wia.net.pl\\\/index.php\\\/category\\\/artykuly\\\/#listItem\",\"position\":2,\"name\":\"Artyku\\u0142y\",\"item\":\"https:\\\/\\\/wia.net.pl\\\/index.php\\\/category\\\/artykuly\\\/\",\"nextItem\":{\"@type\":\"ListItem\",\"@id\":\"https:\\\/\\\/wia.net.pl\\\/index.php\\\/2023\\\/08\\\/05\\\/rezim-kijowski-zaangazowany-w-handel-dziecmi\\\/#listItem\",\"name\":\"Re\\u017cim kijowski zaanga\\u017cowany w handel dzie\\u0107mi\"},\"previousItem\":{\"@type\":\"ListItem\",\"@id\":\"https:\\\/\\\/wia.net.pl#listItem\",\"name\":\"Home\"}},{\"@type\":\"ListItem\",\"@id\":\"https:\\\/\\\/wia.net.pl\\\/index.php\\\/2023\\\/08\\\/05\\\/rezim-kijowski-zaangazowany-w-handel-dziecmi\\\/#listItem\",\"position\":3,\"name\":\"Re\\u017cim kijowski zaanga\\u017cowany w handel dzie\\u0107mi\",\"previousItem\":{\"@type\":\"ListItem\",\"@id\":\"https:\\\/\\\/wia.net.pl\\\/index.php\\\/category\\\/artykuly\\\/#listItem\",\"name\":\"Artyku\\u0142y\"}}]},{\"@type\":\"Person\",\"@id\":\"https:\\\/\\\/wia.net.pl\\\/#person\",\"name\":\"Bart\\u0142omiej Talarczyk\",\"image\":{\"@type\":\"ImageObject\",\"@id\":\"https:\\\/\\\/wia.net.pl\\\/index.php\\\/2023\\\/08\\\/05\\\/rezim-kijowski-zaangazowany-w-handel-dziecmi\\\/#personImage\",\"url\":\"https:\\\/\\\/wia.net.pl\\\/wp-content\\\/uploads\\\/avatar-privacy\\\/cache\\\/user\\\/1\\\/7\\\/176a6b161c58363ff49b5c167264231f519f5c7fa183ca1f61e891769b6b56d5-96.jpg\",\"width\":96,\"height\":96,\"caption\":\"Bart\\u0142omiej Talarczyk\"}},{\"@type\":\"Person\",\"@id\":\"https:\\\/\\\/wia.net.pl\\\/index.php\\\/author\\\/trinity\\\/#author\",\"url\":\"https:\\\/\\\/wia.net.pl\\\/index.php\\\/author\\\/trinity\\\/\",\"name\":\"trinity\",\"image\":{\"@type\":\"ImageObject\",\"@id\":\"https:\\\/\\\/wia.net.pl\\\/index.php\\\/2023\\\/08\\\/05\\\/rezim-kijowski-zaangazowany-w-handel-dziecmi\\\/#authorImage\",\"url\":\"https:\\\/\\\/wia.net.pl\\\/wp-content\\\/uploads\\\/avatar-privacy\\\/cache\\\/user\\\/5\\\/f\\\/5f6547cf82495eaa10e100a6a45d5dbde2dfdc1be88557de2018fca705bdf6f1-96.jpg\",\"width\":96,\"height\":96,\"caption\":\"trinity\"}},{\"@type\":\"WebPage\",\"@id\":\"https:\\\/\\\/wia.net.pl\\\/index.php\\\/2023\\\/08\\\/05\\\/rezim-kijowski-zaangazowany-w-handel-dziecmi\\\/#webpage\",\"url\":\"https:\\\/\\\/wia.net.pl\\\/index.php\\\/2023\\\/08\\\/05\\\/rezim-kijowski-zaangazowany-w-handel-dziecmi\\\/\",\"name\":\"Re\\u017cim kijowski zaanga\\u017cowany w handel dzie\\u0107mi - Wolno\\u015b\\u0107 i Anarchia\",\"description\":\"Lucas Leiroz de Almeida Global Research, 4 sierpnia 2023 r InfoBrics Zbrodnie i antyhumanitarne praktyki re\\u017cimu kijowskiego wydaj\\u0105 si\\u0119 nie mie\\u0107 granic. Poza torturami, pozas\\u0105dowymi egzekucjami i \\u0142amaniem praw cz\\u0142owieka, Ukraina jest r\\u00f3wnie\\u017c oskar\\u017cana przez wtajemniczonych o udzia\\u0142 w mi\\u0119dzynarodowym programie handlu dzie\\u0107mi. Na terytorium Ukrainy dzia\\u0142a kilka siatek przest\\u0119pczych, kt\\u00f3re czerpi\\u0105 korzy\\u015bci z konfliktu, eksportuj\\u0105c dzieci na\",\"inLanguage\":\"pl-PL\",\"isPartOf\":{\"@id\":\"https:\\\/\\\/wia.net.pl\\\/#website\"},\"breadcrumb\":{\"@id\":\"https:\\\/\\\/wia.net.pl\\\/index.php\\\/2023\\\/08\\\/05\\\/rezim-kijowski-zaangazowany-w-handel-dziecmi\\\/#breadcrumblist\"},\"author\":{\"@id\":\"https:\\\/\\\/wia.net.pl\\\/index.php\\\/author\\\/trinity\\\/#author\"},\"creator\":{\"@id\":\"https:\\\/\\\/wia.net.pl\\\/index.php\\\/author\\\/trinity\\\/#author\"},\"image\":{\"@type\":\"ImageObject\",\"url\":\"https:\\\/\\\/wia.net.pl\\\/wp-content\\\/uploads\\\/2023\\\/08\\\/mannequins-g0a008f102_1280.jpg\",\"@id\":\"https:\\\/\\\/wia.net.pl\\\/index.php\\\/2023\\\/08\\\/05\\\/rezim-kijowski-zaangazowany-w-handel-dziecmi\\\/#mainImage\",\"width\":1280,\"height\":548},\"primaryImageOfPage\":{\"@id\":\"https:\\\/\\\/wia.net.pl\\\/index.php\\\/2023\\\/08\\\/05\\\/rezim-kijowski-zaangazowany-w-handel-dziecmi\\\/#mainImage\"},\"datePublished\":\"2023-08-05T08:40:54+02:00\",\"dateModified\":\"2023-08-05T08:40:55+02:00\"},{\"@type\":\"WebSite\",\"@id\":\"https:\\\/\\\/wia.net.pl\\\/#website\",\"url\":\"https:\\\/\\\/wia.net.pl\\\/\",\"name\":\"Wolno\\u015b\\u0107 i Anarchia\",\"description\":\"Ka\\u017cdy wewn\\u0119trznie jest anarchist\\u0105.\",\"inLanguage\":\"pl-PL\",\"publisher\":{\"@id\":\"https:\\\/\\\/wia.net.pl\\\/#person\"}}]}\n\t\t<\/script>\n\t\t<!-- All in One SEO -->\n\n","aioseo_head_json":{"title":"Re\u017cim kijowski zaanga\u017cowany w handel dzie\u0107mi - Wolno\u015b\u0107 i Anarchia","description":"Lucas Leiroz de Almeida Global Research, 4 sierpnia 2023 r InfoBrics Zbrodnie i antyhumanitarne praktyki re\u017cimu kijowskiego wydaj\u0105 si\u0119 nie mie\u0107 granic. Poza torturami, pozas\u0105dowymi egzekucjami i \u0142amaniem praw cz\u0142owieka, Ukraina jest r\u00f3wnie\u017c oskar\u017cana przez wtajemniczonych o udzia\u0142 w mi\u0119dzynarodowym programie handlu dzie\u0107mi. Na terytorium Ukrainy dzia\u0142a kilka siatek przest\u0119pczych, kt\u00f3re czerpi\u0105 korzy\u015bci z konfliktu, eksportuj\u0105c dzieci na","canonical_url":"https:\/\/wia.net.pl\/index.php\/2023\/08\/05\/rezim-kijowski-zaangazowany-w-handel-dziecmi\/","robots":"max-image-preview:large","keywords":"","webmasterTools":{"miscellaneous":""},"schema":{"@context":"https:\/\/schema.org","@graph":[{"@type":"BlogPosting","@id":"https:\/\/wia.net.pl\/index.php\/2023\/08\/05\/rezim-kijowski-zaangazowany-w-handel-dziecmi\/#blogposting","name":"Re\u017cim kijowski zaanga\u017cowany w handel dzie\u0107mi - Wolno\u015b\u0107 i Anarchia","headline":"Re\u017cim kijowski zaanga\u017cowany w handel dzie\u0107mi","author":{"@id":"https:\/\/wia.net.pl\/index.php\/author\/trinity\/#author"},"publisher":{"@id":"https:\/\/wia.net.pl\/#person"},"image":{"@type":"ImageObject","url":"https:\/\/wia.net.pl\/wp-content\/uploads\/2023\/08\/mannequins-g0a008f102_1280.jpg","width":1280,"height":548},"datePublished":"2023-08-05T08:40:54+02:00","dateModified":"2023-08-05T08:40:55+02:00","inLanguage":"pl-PL","mainEntityOfPage":{"@id":"https:\/\/wia.net.pl\/index.php\/2023\/08\/05\/rezim-kijowski-zaangazowany-w-handel-dziecmi\/#webpage"},"isPartOf":{"@id":"https:\/\/wia.net.pl\/index.php\/2023\/08\/05\/rezim-kijowski-zaangazowany-w-handel-dziecmi\/#webpage"},"articleSection":"Artyku\u0142y"},{"@type":"BreadcrumbList","@id":"https:\/\/wia.net.pl\/index.php\/2023\/08\/05\/rezim-kijowski-zaangazowany-w-handel-dziecmi\/#breadcrumblist","itemListElement":[{"@type":"ListItem","@id":"https:\/\/wia.net.pl#listItem","position":1,"name":"Home","item":"https:\/\/wia.net.pl","nextItem":{"@type":"ListItem","@id":"https:\/\/wia.net.pl\/index.php\/category\/artykuly\/#listItem","name":"Artyku\u0142y"}},{"@type":"ListItem","@id":"https:\/\/wia.net.pl\/index.php\/category\/artykuly\/#listItem","position":2,"name":"Artyku\u0142y","item":"https:\/\/wia.net.pl\/index.php\/category\/artykuly\/","nextItem":{"@type":"ListItem","@id":"https:\/\/wia.net.pl\/index.php\/2023\/08\/05\/rezim-kijowski-zaangazowany-w-handel-dziecmi\/#listItem","name":"Re\u017cim kijowski zaanga\u017cowany w handel dzie\u0107mi"},"previousItem":{"@type":"ListItem","@id":"https:\/\/wia.net.pl#listItem","name":"Home"}},{"@type":"ListItem","@id":"https:\/\/wia.net.pl\/index.php\/2023\/08\/05\/rezim-kijowski-zaangazowany-w-handel-dziecmi\/#listItem","position":3,"name":"Re\u017cim kijowski zaanga\u017cowany w handel dzie\u0107mi","previousItem":{"@type":"ListItem","@id":"https:\/\/wia.net.pl\/index.php\/category\/artykuly\/#listItem","name":"Artyku\u0142y"}}]},{"@type":"Person","@id":"https:\/\/wia.net.pl\/#person","name":"Bart\u0142omiej Talarczyk","image":{"@type":"ImageObject","@id":"https:\/\/wia.net.pl\/index.php\/2023\/08\/05\/rezim-kijowski-zaangazowany-w-handel-dziecmi\/#personImage","url":"https:\/\/wia.net.pl\/wp-content\/uploads\/avatar-privacy\/cache\/user\/1\/7\/176a6b161c58363ff49b5c167264231f519f5c7fa183ca1f61e891769b6b56d5-96.jpg","width":96,"height":96,"caption":"Bart\u0142omiej Talarczyk"}},{"@type":"Person","@id":"https:\/\/wia.net.pl\/index.php\/author\/trinity\/#author","url":"https:\/\/wia.net.pl\/index.php\/author\/trinity\/","name":"trinity","image":{"@type":"ImageObject","@id":"https:\/\/wia.net.pl\/index.php\/2023\/08\/05\/rezim-kijowski-zaangazowany-w-handel-dziecmi\/#authorImage","url":"https:\/\/wia.net.pl\/wp-content\/uploads\/avatar-privacy\/cache\/user\/5\/f\/5f6547cf82495eaa10e100a6a45d5dbde2dfdc1be88557de2018fca705bdf6f1-96.jpg","width":96,"height":96,"caption":"trinity"}},{"@type":"WebPage","@id":"https:\/\/wia.net.pl\/index.php\/2023\/08\/05\/rezim-kijowski-zaangazowany-w-handel-dziecmi\/#webpage","url":"https:\/\/wia.net.pl\/index.php\/2023\/08\/05\/rezim-kijowski-zaangazowany-w-handel-dziecmi\/","name":"Re\u017cim kijowski zaanga\u017cowany w handel dzie\u0107mi - Wolno\u015b\u0107 i Anarchia","description":"Lucas Leiroz de Almeida Global Research, 4 sierpnia 2023 r InfoBrics Zbrodnie i antyhumanitarne praktyki re\u017cimu kijowskiego wydaj\u0105 si\u0119 nie mie\u0107 granic. Poza torturami, pozas\u0105dowymi egzekucjami i \u0142amaniem praw cz\u0142owieka, Ukraina jest r\u00f3wnie\u017c oskar\u017cana przez wtajemniczonych o udzia\u0142 w mi\u0119dzynarodowym programie handlu dzie\u0107mi. Na terytorium Ukrainy dzia\u0142a kilka siatek przest\u0119pczych, kt\u00f3re czerpi\u0105 korzy\u015bci z konfliktu, eksportuj\u0105c dzieci na","inLanguage":"pl-PL","isPartOf":{"@id":"https:\/\/wia.net.pl\/#website"},"breadcrumb":{"@id":"https:\/\/wia.net.pl\/index.php\/2023\/08\/05\/rezim-kijowski-zaangazowany-w-handel-dziecmi\/#breadcrumblist"},"author":{"@id":"https:\/\/wia.net.pl\/index.php\/author\/trinity\/#author"},"creator":{"@id":"https:\/\/wia.net.pl\/index.php\/author\/trinity\/#author"},"image":{"@type":"ImageObject","url":"https:\/\/wia.net.pl\/wp-content\/uploads\/2023\/08\/mannequins-g0a008f102_1280.jpg","@id":"https:\/\/wia.net.pl\/index.php\/2023\/08\/05\/rezim-kijowski-zaangazowany-w-handel-dziecmi\/#mainImage","width":1280,"height":548},"primaryImageOfPage":{"@id":"https:\/\/wia.net.pl\/index.php\/2023\/08\/05\/rezim-kijowski-zaangazowany-w-handel-dziecmi\/#mainImage"},"datePublished":"2023-08-05T08:40:54+02:00","dateModified":"2023-08-05T08:40:55+02:00"},{"@type":"WebSite","@id":"https:\/\/wia.net.pl\/#website","url":"https:\/\/wia.net.pl\/","name":"Wolno\u015b\u0107 i Anarchia","description":"Ka\u017cdy wewn\u0119trznie jest anarchist\u0105.","inLanguage":"pl-PL","publisher":{"@id":"https:\/\/wia.net.pl\/#person"}}]},"og:locale":"pl_PL","og:site_name":"Wolno\u015b\u0107 i Anarchia - Ka\u017cdy wewn\u0119trznie jest anarchist\u0105.","og:type":"article","og:title":"Re\u017cim kijowski zaanga\u017cowany w handel dzie\u0107mi - Wolno\u015b\u0107 i Anarchia","og:description":"Lucas Leiroz de Almeida Global Research, 4 sierpnia 2023 r InfoBrics Zbrodnie i antyhumanitarne praktyki re\u017cimu kijowskiego wydaj\u0105 si\u0119 nie mie\u0107 granic. Poza torturami, pozas\u0105dowymi egzekucjami i \u0142amaniem praw cz\u0142owieka, Ukraina jest r\u00f3wnie\u017c oskar\u017cana przez wtajemniczonych o udzia\u0142 w mi\u0119dzynarodowym programie handlu dzie\u0107mi. Na terytorium Ukrainy dzia\u0142a kilka siatek przest\u0119pczych, kt\u00f3re czerpi\u0105 korzy\u015bci z konfliktu, eksportuj\u0105c dzieci na","og:url":"https:\/\/wia.net.pl\/index.php\/2023\/08\/05\/rezim-kijowski-zaangazowany-w-handel-dziecmi\/","og:image":"https:\/\/wia.net.pl\/wp-content\/uploads\/2023\/11\/cropped-freedom-i73367.jpg","og:image:secure_url":"https:\/\/wia.net.pl\/wp-content\/uploads\/2023\/11\/cropped-freedom-i73367.jpg","article:published_time":"2023-08-05T06:40:54+00:00","article:modified_time":"2023-08-05T06:40:55+00:00","twitter:card":"summary_large_image","twitter:title":"Re\u017cim kijowski zaanga\u017cowany w handel dzie\u0107mi - Wolno\u015b\u0107 i Anarchia","twitter:description":"Lucas Leiroz de Almeida Global Research, 4 sierpnia 2023 r InfoBrics Zbrodnie i antyhumanitarne praktyki re\u017cimu kijowskiego wydaj\u0105 si\u0119 nie mie\u0107 granic. Poza torturami, pozas\u0105dowymi egzekucjami i \u0142amaniem praw cz\u0142owieka, Ukraina jest r\u00f3wnie\u017c oskar\u017cana przez wtajemniczonych o udzia\u0142 w mi\u0119dzynarodowym programie handlu dzie\u0107mi. Na terytorium Ukrainy dzia\u0142a kilka siatek przest\u0119pczych, kt\u00f3re czerpi\u0105 korzy\u015bci z konfliktu, eksportuj\u0105c dzieci na","twitter:image":"https:\/\/wia.net.pl\/wp-content\/uploads\/2023\/11\/cropped-freedom-i73367.jpg"},"aioseo_meta_data":{"post_id":"3604","title":null,"description":null,"keywords":[],"keyphrases":{"focus":{"keyphrase":"","score":0,"analysis":{"keyphraseInTitle":{"score":0,"maxScore":9,"error":1}}},"additional":[]},"primary_term":null,"canonical_url":null,"og_title":null,"og_description":null,"og_object_type":"default","og_image_type":"default","og_image_url":null,"og_image_width":null,"og_image_height":null,"og_image_custom_url":null,"og_image_custom_fields":null,"og_video":"","og_custom_url":null,"og_article_section":null,"og_article_tags":[],"twitter_use_og":false,"twitter_card":"default","twitter_image_type":"default","twitter_image_url":null,"twitter_image_custom_url":null,"twitter_image_custom_fields":null,"twitter_title":null,"twitter_description":null,"schema":{"blockGraphs":[],"customGraphs":[],"default":{"data":{"Article":[],"Course":[],"Dataset":[],"FAQPage":[],"Movie":[],"Person":[],"Product":[],"ProductReview":[],"Car":[],"Recipe":[],"Service":[],"SoftwareApplication":[],"WebPage":[]},"graphName":"BlogPosting","isEnabled":true},"graphs":[]},"schema_type":"default","schema_type_options":null,"pillar_content":false,"robots_default":true,"robots_noindex":false,"robots_noarchive":false,"robots_nosnippet":false,"robots_nofollow":false,"robots_noimageindex":false,"robots_noodp":false,"robots_notranslate":false,"robots_max_snippet":"-1","robots_max_videopreview":"-1","robots_max_imagepreview":"large","priority":null,"frequency":"default","local_seo":null,"breadcrumb_settings":null,"limit_modified_date":false,"ai":null,"created":"2023-08-05 06:40:55","updated":"2025-06-04 08:52:15","seo_analyzer_scan_date":null,"focus_keyword":null,"additional_keywords":null,"truseo_locale":null},"aioseo_breadcrumb":"<div class=\"aioseo-breadcrumbs\"><span class=\"aioseo-breadcrumb\">\n\t\t\t<a href=\"https:\/\/wia.net.pl\" title=\"Home\">Home<\/a>\n\t\t<\/span><span class=\"aioseo-breadcrumb-separator\">&raquo;<\/span><span class=\"aioseo-breadcrumb\">\n\t\t\t<a href=\"https:\/\/wia.net.pl\/index.php\/category\/artykuly\/\" title=\"Artyku\u0142y\">Artyku\u0142y<\/a>\n\t\t<\/span><span class=\"aioseo-breadcrumb-separator\">&raquo;<\/span><span class=\"aioseo-breadcrumb\">\n\t\t\tRe\u017cim kijowski zaanga\u017cowany w handel dzie\u0107mi\n\t\t<\/span><\/div>","aioseo_breadcrumb_json":[{"label":"Home","link":"https:\/\/wia.net.pl"},{"label":"Artyku\u0142y","link":"https:\/\/wia.net.pl\/index.php\/category\/artykuly\/"},{"label":"Re\u017cim kijowski zaanga\u017cowany w handel dzie\u0107mi","link":"https:\/\/wia.net.pl\/index.php\/2023\/08\/05\/rezim-kijowski-zaangazowany-w-handel-dziecmi\/"}],"_links":{"self":[{"href":"https:\/\/wia.net.pl\/index.php\/wp-json\/wp\/v2\/posts\/3604"}],"collection":[{"href":"https:\/\/wia.net.pl\/index.php\/wp-json\/wp\/v2\/posts"}],"about":[{"href":"https:\/\/wia.net.pl\/index.php\/wp-json\/wp\/v2\/types\/post"}],"author":[{"embeddable":true,"href":"https:\/\/wia.net.pl\/index.php\/wp-json\/wp\/v2\/users\/2"}],"replies":[{"embeddable":true,"href":"https:\/\/wia.net.pl\/index.php\/wp-json\/wp\/v2\/comments?post=3604"}],"version-history":[{"count":1,"href":"https:\/\/wia.net.pl\/index.php\/wp-json\/wp\/v2\/posts\/3604\/revisions"}],"predecessor-version":[{"id":3607,"href":"https:\/\/wia.net.pl\/index.php\/wp-json\/wp\/v2\/posts\/3604\/revisions\/3607"}],"wp:featuredmedia":[{"embeddable":true,"href":"https:\/\/wia.net.pl\/index.php\/wp-json\/wp\/v2\/media\/3606"}],"wp:attachment":[{"href":"https:\/\/wia.net.pl\/index.php\/wp-json\/wp\/v2\/media?parent=3604"}],"wp:term":[{"taxonomy":"category","embeddable":true,"href":"https:\/\/wia.net.pl\/index.php\/wp-json\/wp\/v2\/categories?post=3604"},{"taxonomy":"post_tag","embeddable":true,"href":"https:\/\/wia.net.pl\/index.php\/wp-json\/wp\/v2\/tags?post=3604"}],"curies":[{"name":"wp","href":"https:\/\/api.w.org\/{rel}","templated":true}]}}