{"id":3649,"date":"2023-08-06T14:43:04","date_gmt":"2023-08-06T12:43:04","guid":{"rendered":"https:\/\/wia.net.pl\/?p=3649"},"modified":"2023-08-06T14:43:04","modified_gmt":"2023-08-06T12:43:04","slug":"przygotowania-do-wojny-nuklearnej","status":"publish","type":"post","link":"https:\/\/wia.net.pl\/index.php\/2023\/08\/06\/przygotowania-do-wojny-nuklearnej\/","title":{"rendered":"Przygotowania do wojny nuklearnej?\u00a0"},"content":{"rendered":"\n<p>Przygotowania do wojny nuklearnej?\u00a0Atak nuklearny my\u015bliwc\u00f3w F-16 na Ukrain\u0119<\/p>\n\n\n\n<p>Wojna nuklearna jest na desce kre\u015blarskiej Pentagonu.\u00a0Rozmieszczanie \u201ekonwencjonalnych my\u015bliwc\u00f3w o podw\u00f3jnych zdolno\u015bciach i nuklearnych\u201d<\/p>\n\n\n\n<p>Autor,\u00a0<a href=\"https:\/\/www.globalresearch.ca\/author\/manlio-dinucci\">Manlio Dinucci<\/a><\/p>\n\n\n\n<p>Global Research, August 05, 2023<\/p>\n\n\n\n<figure class=\"wp-block-image size-full is-resized\"><img loading=\"lazy\" decoding=\"async\" src=\"https:\/\/wia.net.pl\/wp-content\/uploads\/2023\/08\/Nuclear-Test.jpg\" alt=\"\" class=\"wp-image-3650\" width=\"843\" height=\"405\" srcset=\"https:\/\/wia.net.pl\/wp-content\/uploads\/2023\/08\/Nuclear-Test.jpg 700w, https:\/\/wia.net.pl\/wp-content\/uploads\/2023\/08\/Nuclear-Test-300x144.jpg 300w\" sizes=\"(max-width: 843px) 100vw, 843px\" \/><\/figure>\n\n\n\n<p><em>Stany Zjednoczone rozpocz\u0119\u0142y program szkolenia Si\u0142 Powietrznych Ukrainy na my\u015bliwcach F-16.&nbsp;W programie tym uczestniczy kilka europejskich kraj\u00f3w NATO: Dania, Holandia, Polska, Norwegia, Belgia i Portugalia.&nbsp;Inne kraje zaoferowa\u0142y pomoc w szkoleniu.&nbsp;Te same kraje dostarcz\u0105 Ukrainie my\u015bliwce F-16.&nbsp;<strong>S\u0105 to konwencjonalne my\u015bliwce o podw\u00f3jnych zdolno\u015bciach i nuklearne.<\/strong><\/em><\/p>\n\n\n\n<p>Samolot F-16 zosta\u0142 u\u017cyty w pr\u00f3bnym wystrzeleniu bomby atomowej B61-12, kt\u00f3r\u0105 Stany Zjednoczone ju\u017c rozmieszczaj\u0105 we W\u0142oszech, Niemczech, Belgii i Holandii.&nbsp;Prawdopodobnie bomby B61-12 s\u0105 r\u00f3wnie\u017c dostarczane przez USA do Polski:&nbsp;<strong>polskie my\u015bliwce F-16 od 2014 roku bior\u0105 udzia\u0142 w \u0107wiczeniach ataku nuklearnego NATO.<\/strong><\/p>\n\n\n\n<p>Vladimir Kozin \u2013 g\u0142\u00f3wny ekspert Moskiewskiego Centrum Studi\u00f3w Polityczno-Wojskowych \u2013 deklaruje w wywiadzie dla telewizji Grandangolo, \u017ce istnieje g\u0142\u0119bokie podejrzenie oparte na konkretnych faktach, \u017ce ameryka\u0144ska bro\u0144 nuklearna zosta\u0142a rozmieszczona tak\u017ce na \u0141otwie, Litwie iw Estonii&nbsp;<strong>, lub mog\u0142y zosta\u0107 szybko wys\u0142ane na ich terytoria, a tak\u017ce na terytorium Polski.<\/strong><\/p>\n\n\n\n<p><a href=\"https:\/\/www.globalresearch.ca\/the-70-years-of-nato-from-war-to-war-nato-is-born-from-the-bomb\/5675493\">70 lat NATO: od wojny do wojny: NATO narodzi\u0142o si\u0119 z bomby<\/a><\/p>\n\n\n\n<p>Kraje te uczestnicz\u0105 w \u201e&nbsp;<em>Ba\u0142tyckim patrolu powietrznym<\/em>&nbsp;\u201d, blisko terytorium Rosji, z&nbsp;<strong>samolotami o podw\u00f3jnym potencjale konwencjonalnym i nuklearnym.&nbsp;<\/strong>Ponadto ameryka\u0144skie bombowce strategiczne, certyfikowane do przenoszenia broni j\u0105drowej, bior\u0105 udzia\u0142 w \u201e\u0107wiczeniach\u201d nad Morzem Ba\u0142tyckim i innymi obszarami przylegaj\u0105cymi do terytorium Rosji,<\/p>\n\n\n\n<p>Po bezskutecznych pr\u00f3bach negocjacji z USA i NATO w celu zmniejszenia ryzyka konfliktu nuklearnego w Europie,&nbsp;<strong>Moskwa w porozumieniu z Mi\u0144skiem rozmieszcza taktyczn\u0105 bro\u0144 nuklearn\u0105 na Bia\u0142orusi w pobli\u017cu<\/strong>&nbsp;baz nuklearnych USA-NATO w Europie.<\/p>\n\n\n\n<p>Na pytanie Grandangolo:<\/p>\n\n\n\n<p>\u201e&nbsp;<em>Czy taktyczna bro\u0144 j\u0105drowa rozmieszczona przez Rosj\u0119 na Bia\u0142orusi ma zasi\u0119g poza granicami Polski i tym samym stanowi \u015brodek odstraszaj\u0105cy dla ameryka\u0144skiej broni j\u0105drowej rozmieszczonej we W\u0142oszech i innych krajach europejskich<\/em>&nbsp;?\u201d,<\/p>\n\n\n\n<p>W\u0142adimir Kozin odpowiada:<\/p>\n\n\n\n<p>\u201e&nbsp;<em>Tak, rosyjska taktyczna bro\u0144 nuklearna, kt\u00f3ra zostanie rozmieszczona na Bia\u0142orusi i by\u0107 mo\u017ce w obwodzie kaliningradzkim i na P\u00f3\u0142wyspie Krymskim, mo\u017ce osi\u0105gn\u0105\u0107 r\u00f3\u017cne cele wojskowe w Polsce, W\u0142oszech i wielu innych europejskich krajach cz\u0142onkowskich NATO.&nbsp;<\/em>\u201d<\/p>\n\n\n\n<p><strong>Eskalacja USA-NATO przeciwko Rosji przybli\u017ca Europ\u0119 do progu wojny nuklearnej.&nbsp;<\/strong>Kompleks polityczno-medialny zakrywa to wszystko zas\u0142on\u0105 milczenia, aby nie zaniepokoi\u0107 europejskiej opinii publicznej i uniemo\u017cliwi\u0107 jej reakcj\u0119.<\/p>\n\n\n\n<p>kliknij ekran \/ \u0142\u0105cze, aby wy\u015bwietli\u0107 w\u0142oski<\/p>\n\n\n<div class=\"wp-block-image\">\n<figure class=\"aligncenter\"><a href=\"https:\/\/www.byoblu.com\/2023\/06\/02\/allucraina-gli-f-16-da-attacco-nucleare-grandangolo-pangea\/\"><img decoding=\"async\" src=\"https:\/\/www.globalresearch.ca\/wp-content\/uploads\/2023\/06\/Screen-Shot-2023-06-03-at-9.02.32-AM.png\" alt=\"\" class=\"wp-image-5821191\"\/><\/a><\/figure><\/div>\n\n\n<p><a href=\"https:\/\/www.byoblu.com\/2023\/06\/02\/allucraina-gli-f-16-da-attacco-nucleare-grandangolo-pangea\/\" target=\"_blank\" rel=\"noreferrer noopener\">https:\/\/www.byoblu.com\/2023\/06\/02\/allucraina-gli-f-16-da-attacco-nucleare-grandangolo-pangea\/<\/a>Oryginalnym \u017ar\u00f3d\u0142em tego artyku\u0142u jest Global Research<\/p>\n\n\n\n<p>Link \u017ar\u00f3d\u0142owy <a href=\"https:\/\/www.globalresearch.ca\/preparing-to-wage-a-nuclear-war-nuclear-attack-f-16-fighters-to-ukraine\/5821190\">https:\/\/www.globalresearch.ca\/preparing-to-wage-a-nuclear-war-nuclear-attack-f-16-fighters-to-ukraine\/5821190<\/a><\/p>\n","protected":false},"excerpt":{"rendered":"<p>Przygotowania do wojny nuklearnej?\u00a0Atak nuklearny my\u015bliwc\u00f3w F-16 na Ukrain\u0119 Wojna nuklearna jest na desce kre\u015blarskiej Pentagonu.\u00a0Rozmieszczanie \u201ekonwencjonalnych my\u015bliwc\u00f3w o podw\u00f3jnych zdolno\u015bciach i nuklearnych\u201d Autor,\u00a0Manlio Dinucci Global Research, August 05, 2023 Stany Zjednoczone rozpocz\u0119\u0142y program szkolenia Si\u0142 Powietrznych Ukrainy na my\u015bliwcach&#8230; <\/p>\n","protected":false},"author":2,"featured_media":3650,"comment_status":"open","ping_status":"open","sticky":false,"template":"","format":"standard","meta":{"_acf_changed":false,"_bbp_topic_count":0,"_bbp_reply_count":0,"_bbp_total_topic_count":0,"_bbp_total_reply_count":0,"_bbp_voice_count":0,"_bbp_anonymous_reply_count":0,"_bbp_topic_count_hidden":0,"_bbp_reply_count_hidden":0,"_bbp_forum_subforum_count":0,"om_disable_all_campaigns":false,"_monsterinsights_skip_tracking":false,"footnotes":""},"categories":[93],"tags":[],"class_list":["post-3649","post","type-post","status-publish","format-standard","has-post-thumbnail","hentry","category-artykuly"],"acf":[],"aioseo_notices":[],"aioseo_head":"\n\t\t<!-- All in One SEO 5.0.1.1 - aioseo.com -->\n\t<meta name=\"description\" content=\"Przygotowania do wojny nuklearnej? Atak nuklearny my\u015bliwc\u00f3w F-16 na Ukrain\u0119 Wojna nuklearna jest na desce kre\u015blarskiej Pentagonu. Rozmieszczanie \u201ekonwencjonalnych my\u015bliwc\u00f3w o podw\u00f3jnych zdolno\u015bciach i nuklearnych\u201d Autor, Manlio Dinucci Global Research, August 05, 2023 Stany Zjednoczone rozpocz\u0119\u0142y program szkolenia Si\u0142 Powietrznych Ukrainy na my\u015bliwcach F-16. W programie tym uczestniczy kilka europejskich kraj\u00f3w NATO: Dania, Holandia, Polska, Norwegia, Belgia i Portugalia. Inne\" \/>\n\t<meta name=\"robots\" content=\"max-image-preview:large\" \/>\n\t<meta name=\"author\" content=\"trinity\"\/>\n\t<link rel=\"canonical\" href=\"https:\/\/wia.net.pl\/index.php\/2023\/08\/06\/przygotowania-do-wojny-nuklearnej\/\" \/>\n\t<meta name=\"generator\" content=\"All in One SEO (AIOSEO) 5.0.1.1\" \/>\n\t\t<meta property=\"og:locale\" content=\"pl_PL\" \/>\n\t\t<meta property=\"og:site_name\" content=\"Wolno\u015b\u0107 i Anarchia - Ka\u017cdy wewn\u0119trznie jest anarchist\u0105.\" \/>\n\t\t<meta property=\"og:type\" content=\"article\" \/>\n\t\t<meta property=\"og:title\" content=\"Przygotowania do wojny nuklearnej? - Wolno\u015b\u0107 i Anarchia\" \/>\n\t\t<meta property=\"og:description\" content=\"Przygotowania do wojny nuklearnej? Atak nuklearny my\u015bliwc\u00f3w F-16 na Ukrain\u0119 Wojna nuklearna jest na desce kre\u015blarskiej Pentagonu. Rozmieszczanie \u201ekonwencjonalnych my\u015bliwc\u00f3w o podw\u00f3jnych zdolno\u015bciach i nuklearnych\u201d Autor, Manlio Dinucci Global Research, August 05, 2023 Stany Zjednoczone rozpocz\u0119\u0142y program szkolenia Si\u0142 Powietrznych Ukrainy na my\u015bliwcach F-16. W programie tym uczestniczy kilka europejskich kraj\u00f3w NATO: Dania, Holandia, Polska, Norwegia, Belgia i Portugalia. Inne\" \/>\n\t\t<meta property=\"og:url\" content=\"https:\/\/wia.net.pl\/index.php\/2023\/08\/06\/przygotowania-do-wojny-nuklearnej\/\" \/>\n\t\t<meta property=\"og:image\" content=\"https:\/\/wia.net.pl\/wp-content\/uploads\/2023\/11\/cropped-freedom-i73367.jpg\" \/>\n\t\t<meta property=\"og:image:secure_url\" content=\"https:\/\/wia.net.pl\/wp-content\/uploads\/2023\/11\/cropped-freedom-i73367.jpg\" \/>\n\t\t<meta property=\"article:published_time\" content=\"2023-08-06T12:43:04+00:00\" \/>\n\t\t<meta property=\"article:modified_time\" content=\"2023-08-06T12:43:04+00:00\" \/>\n\t\t<meta name=\"twitter:card\" content=\"summary_large_image\" \/>\n\t\t<meta name=\"twitter:title\" content=\"Przygotowania do wojny nuklearnej? - Wolno\u015b\u0107 i Anarchia\" \/>\n\t\t<meta name=\"twitter:description\" content=\"Przygotowania do wojny nuklearnej? Atak nuklearny my\u015bliwc\u00f3w F-16 na Ukrain\u0119 Wojna nuklearna jest na desce kre\u015blarskiej Pentagonu. Rozmieszczanie \u201ekonwencjonalnych my\u015bliwc\u00f3w o podw\u00f3jnych zdolno\u015bciach i nuklearnych\u201d Autor, Manlio Dinucci Global Research, August 05, 2023 Stany Zjednoczone rozpocz\u0119\u0142y program szkolenia Si\u0142 Powietrznych Ukrainy na my\u015bliwcach F-16. W programie tym uczestniczy kilka europejskich kraj\u00f3w NATO: Dania, Holandia, Polska, Norwegia, Belgia i Portugalia. Inne\" \/>\n\t\t<meta name=\"twitter:image\" content=\"https:\/\/wia.net.pl\/wp-content\/uploads\/2023\/11\/cropped-freedom-i73367.jpg\" \/>\n\t\t<script type=\"application\/ld+json\" class=\"aioseo-schema\">\n\t\t\t{\"@context\":\"https:\\\/\\\/schema.org\",\"@graph\":[{\"@type\":\"BlogPosting\",\"@id\":\"https:\\\/\\\/wia.net.pl\\\/index.php\\\/2023\\\/08\\\/06\\\/przygotowania-do-wojny-nuklearnej\\\/#blogposting\",\"name\":\"Przygotowania do wojny nuklearnej? - Wolno\\u015b\\u0107 i Anarchia\",\"headline\":\"Przygotowania do wojny nuklearnej?\\u00a0\",\"author\":{\"@id\":\"https:\\\/\\\/wia.net.pl\\\/index.php\\\/author\\\/trinity\\\/#author\"},\"publisher\":{\"@id\":\"https:\\\/\\\/wia.net.pl\\\/#person\"},\"image\":{\"@type\":\"ImageObject\",\"url\":\"https:\\\/\\\/wia.net.pl\\\/wp-content\\\/uploads\\\/2023\\\/08\\\/Nuclear-Test.jpg\",\"width\":700,\"height\":336},\"datePublished\":\"2023-08-06T14:43:04+02:00\",\"dateModified\":\"2023-08-06T14:43:04+02:00\",\"inLanguage\":\"pl-PL\",\"mainEntityOfPage\":{\"@id\":\"https:\\\/\\\/wia.net.pl\\\/index.php\\\/2023\\\/08\\\/06\\\/przygotowania-do-wojny-nuklearnej\\\/#webpage\"},\"isPartOf\":{\"@id\":\"https:\\\/\\\/wia.net.pl\\\/index.php\\\/2023\\\/08\\\/06\\\/przygotowania-do-wojny-nuklearnej\\\/#webpage\"},\"articleSection\":\"Artyku\\u0142y\"},{\"@type\":\"BreadcrumbList\",\"@id\":\"https:\\\/\\\/wia.net.pl\\\/index.php\\\/2023\\\/08\\\/06\\\/przygotowania-do-wojny-nuklearnej\\\/#breadcrumblist\",\"itemListElement\":[{\"@type\":\"ListItem\",\"@id\":\"https:\\\/\\\/wia.net.pl#listItem\",\"position\":1,\"name\":\"Home\",\"item\":\"https:\\\/\\\/wia.net.pl\",\"nextItem\":{\"@type\":\"ListItem\",\"@id\":\"https:\\\/\\\/wia.net.pl\\\/index.php\\\/category\\\/artykuly\\\/#listItem\",\"name\":\"Artyku\\u0142y\"}},{\"@type\":\"ListItem\",\"@id\":\"https:\\\/\\\/wia.net.pl\\\/index.php\\\/category\\\/artykuly\\\/#listItem\",\"position\":2,\"name\":\"Artyku\\u0142y\",\"item\":\"https:\\\/\\\/wia.net.pl\\\/index.php\\\/category\\\/artykuly\\\/\",\"nextItem\":{\"@type\":\"ListItem\",\"@id\":\"https:\\\/\\\/wia.net.pl\\\/index.php\\\/2023\\\/08\\\/06\\\/przygotowania-do-wojny-nuklearnej\\\/#listItem\",\"name\":\"Przygotowania do wojny nuklearnej?\\u00a0\"},\"previousItem\":{\"@type\":\"ListItem\",\"@id\":\"https:\\\/\\\/wia.net.pl#listItem\",\"name\":\"Home\"}},{\"@type\":\"ListItem\",\"@id\":\"https:\\\/\\\/wia.net.pl\\\/index.php\\\/2023\\\/08\\\/06\\\/przygotowania-do-wojny-nuklearnej\\\/#listItem\",\"position\":3,\"name\":\"Przygotowania do wojny nuklearnej?\\u00a0\",\"previousItem\":{\"@type\":\"ListItem\",\"@id\":\"https:\\\/\\\/wia.net.pl\\\/index.php\\\/category\\\/artykuly\\\/#listItem\",\"name\":\"Artyku\\u0142y\"}}]},{\"@type\":\"Person\",\"@id\":\"https:\\\/\\\/wia.net.pl\\\/#person\",\"name\":\"Bart\\u0142omiej Talarczyk\",\"image\":{\"@type\":\"ImageObject\",\"@id\":\"https:\\\/\\\/wia.net.pl\\\/index.php\\\/2023\\\/08\\\/06\\\/przygotowania-do-wojny-nuklearnej\\\/#personImage\",\"url\":\"https:\\\/\\\/wia.net.pl\\\/wp-content\\\/uploads\\\/avatar-privacy\\\/cache\\\/user\\\/1\\\/7\\\/176a6b161c58363ff49b5c167264231f519f5c7fa183ca1f61e891769b6b56d5-96.jpg\",\"width\":96,\"height\":96,\"caption\":\"Bart\\u0142omiej Talarczyk\"}},{\"@type\":\"Person\",\"@id\":\"https:\\\/\\\/wia.net.pl\\\/index.php\\\/author\\\/trinity\\\/#author\",\"url\":\"https:\\\/\\\/wia.net.pl\\\/index.php\\\/author\\\/trinity\\\/\",\"name\":\"trinity\",\"image\":{\"@type\":\"ImageObject\",\"@id\":\"https:\\\/\\\/wia.net.pl\\\/index.php\\\/2023\\\/08\\\/06\\\/przygotowania-do-wojny-nuklearnej\\\/#authorImage\",\"url\":\"https:\\\/\\\/wia.net.pl\\\/wp-content\\\/uploads\\\/avatar-privacy\\\/cache\\\/user\\\/5\\\/f\\\/5f6547cf82495eaa10e100a6a45d5dbde2dfdc1be88557de2018fca705bdf6f1-96.jpg\",\"width\":96,\"height\":96,\"caption\":\"trinity\"}},{\"@type\":\"WebPage\",\"@id\":\"https:\\\/\\\/wia.net.pl\\\/index.php\\\/2023\\\/08\\\/06\\\/przygotowania-do-wojny-nuklearnej\\\/#webpage\",\"url\":\"https:\\\/\\\/wia.net.pl\\\/index.php\\\/2023\\\/08\\\/06\\\/przygotowania-do-wojny-nuklearnej\\\/\",\"name\":\"Przygotowania do wojny nuklearnej? - Wolno\\u015b\\u0107 i Anarchia\",\"description\":\"Przygotowania do wojny nuklearnej? Atak nuklearny my\\u015bliwc\\u00f3w F-16 na Ukrain\\u0119 Wojna nuklearna jest na desce kre\\u015blarskiej Pentagonu. Rozmieszczanie \\u201ekonwencjonalnych my\\u015bliwc\\u00f3w o podw\\u00f3jnych zdolno\\u015bciach i nuklearnych\\u201d Autor, Manlio Dinucci Global Research, August 05, 2023 Stany Zjednoczone rozpocz\\u0119\\u0142y program szkolenia Si\\u0142 Powietrznych Ukrainy na my\\u015bliwcach F-16. W programie tym uczestniczy kilka europejskich kraj\\u00f3w NATO: Dania, Holandia, Polska, Norwegia, Belgia i Portugalia. Inne\",\"inLanguage\":\"pl-PL\",\"isPartOf\":{\"@id\":\"https:\\\/\\\/wia.net.pl\\\/#website\"},\"breadcrumb\":{\"@id\":\"https:\\\/\\\/wia.net.pl\\\/index.php\\\/2023\\\/08\\\/06\\\/przygotowania-do-wojny-nuklearnej\\\/#breadcrumblist\"},\"author\":{\"@id\":\"https:\\\/\\\/wia.net.pl\\\/index.php\\\/author\\\/trinity\\\/#author\"},\"creator\":{\"@id\":\"https:\\\/\\\/wia.net.pl\\\/index.php\\\/author\\\/trinity\\\/#author\"},\"image\":{\"@type\":\"ImageObject\",\"url\":\"https:\\\/\\\/wia.net.pl\\\/wp-content\\\/uploads\\\/2023\\\/08\\\/Nuclear-Test.jpg\",\"@id\":\"https:\\\/\\\/wia.net.pl\\\/index.php\\\/2023\\\/08\\\/06\\\/przygotowania-do-wojny-nuklearnej\\\/#mainImage\",\"width\":700,\"height\":336},\"primaryImageOfPage\":{\"@id\":\"https:\\\/\\\/wia.net.pl\\\/index.php\\\/2023\\\/08\\\/06\\\/przygotowania-do-wojny-nuklearnej\\\/#mainImage\"},\"datePublished\":\"2023-08-06T14:43:04+02:00\",\"dateModified\":\"2023-08-06T14:43:04+02:00\"},{\"@type\":\"WebSite\",\"@id\":\"https:\\\/\\\/wia.net.pl\\\/#website\",\"url\":\"https:\\\/\\\/wia.net.pl\\\/\",\"name\":\"Wolno\\u015b\\u0107 i Anarchia\",\"description\":\"Ka\\u017cdy wewn\\u0119trznie jest anarchist\\u0105.\",\"inLanguage\":\"pl-PL\",\"publisher\":{\"@id\":\"https:\\\/\\\/wia.net.pl\\\/#person\"}}]}\n\t\t<\/script>\n\t\t<!-- All in One SEO -->\n\n","aioseo_head_json":{"title":"Przygotowania do wojny nuklearnej? - Wolno\u015b\u0107 i Anarchia","description":"Przygotowania do wojny nuklearnej? Atak nuklearny my\u015bliwc\u00f3w F-16 na Ukrain\u0119 Wojna nuklearna jest na desce kre\u015blarskiej Pentagonu. Rozmieszczanie \u201ekonwencjonalnych my\u015bliwc\u00f3w o podw\u00f3jnych zdolno\u015bciach i nuklearnych\u201d Autor, Manlio Dinucci Global Research, August 05, 2023 Stany Zjednoczone rozpocz\u0119\u0142y program szkolenia Si\u0142 Powietrznych Ukrainy na my\u015bliwcach F-16. W programie tym uczestniczy kilka europejskich kraj\u00f3w NATO: Dania, Holandia, Polska, Norwegia, Belgia i Portugalia. Inne","canonical_url":"https:\/\/wia.net.pl\/index.php\/2023\/08\/06\/przygotowania-do-wojny-nuklearnej\/","robots":"max-image-preview:large","keywords":"","webmasterTools":{"miscellaneous":""},"schema":{"@context":"https:\/\/schema.org","@graph":[{"@type":"BlogPosting","@id":"https:\/\/wia.net.pl\/index.php\/2023\/08\/06\/przygotowania-do-wojny-nuklearnej\/#blogposting","name":"Przygotowania do wojny nuklearnej? - Wolno\u015b\u0107 i Anarchia","headline":"Przygotowania do wojny nuklearnej?\u00a0","author":{"@id":"https:\/\/wia.net.pl\/index.php\/author\/trinity\/#author"},"publisher":{"@id":"https:\/\/wia.net.pl\/#person"},"image":{"@type":"ImageObject","url":"https:\/\/wia.net.pl\/wp-content\/uploads\/2023\/08\/Nuclear-Test.jpg","width":700,"height":336},"datePublished":"2023-08-06T14:43:04+02:00","dateModified":"2023-08-06T14:43:04+02:00","inLanguage":"pl-PL","mainEntityOfPage":{"@id":"https:\/\/wia.net.pl\/index.php\/2023\/08\/06\/przygotowania-do-wojny-nuklearnej\/#webpage"},"isPartOf":{"@id":"https:\/\/wia.net.pl\/index.php\/2023\/08\/06\/przygotowania-do-wojny-nuklearnej\/#webpage"},"articleSection":"Artyku\u0142y"},{"@type":"BreadcrumbList","@id":"https:\/\/wia.net.pl\/index.php\/2023\/08\/06\/przygotowania-do-wojny-nuklearnej\/#breadcrumblist","itemListElement":[{"@type":"ListItem","@id":"https:\/\/wia.net.pl#listItem","position":1,"name":"Home","item":"https:\/\/wia.net.pl","nextItem":{"@type":"ListItem","@id":"https:\/\/wia.net.pl\/index.php\/category\/artykuly\/#listItem","name":"Artyku\u0142y"}},{"@type":"ListItem","@id":"https:\/\/wia.net.pl\/index.php\/category\/artykuly\/#listItem","position":2,"name":"Artyku\u0142y","item":"https:\/\/wia.net.pl\/index.php\/category\/artykuly\/","nextItem":{"@type":"ListItem","@id":"https:\/\/wia.net.pl\/index.php\/2023\/08\/06\/przygotowania-do-wojny-nuklearnej\/#listItem","name":"Przygotowania do wojny nuklearnej?\u00a0"},"previousItem":{"@type":"ListItem","@id":"https:\/\/wia.net.pl#listItem","name":"Home"}},{"@type":"ListItem","@id":"https:\/\/wia.net.pl\/index.php\/2023\/08\/06\/przygotowania-do-wojny-nuklearnej\/#listItem","position":3,"name":"Przygotowania do wojny nuklearnej?\u00a0","previousItem":{"@type":"ListItem","@id":"https:\/\/wia.net.pl\/index.php\/category\/artykuly\/#listItem","name":"Artyku\u0142y"}}]},{"@type":"Person","@id":"https:\/\/wia.net.pl\/#person","name":"Bart\u0142omiej Talarczyk","image":{"@type":"ImageObject","@id":"https:\/\/wia.net.pl\/index.php\/2023\/08\/06\/przygotowania-do-wojny-nuklearnej\/#personImage","url":"https:\/\/wia.net.pl\/wp-content\/uploads\/avatar-privacy\/cache\/user\/1\/7\/176a6b161c58363ff49b5c167264231f519f5c7fa183ca1f61e891769b6b56d5-96.jpg","width":96,"height":96,"caption":"Bart\u0142omiej Talarczyk"}},{"@type":"Person","@id":"https:\/\/wia.net.pl\/index.php\/author\/trinity\/#author","url":"https:\/\/wia.net.pl\/index.php\/author\/trinity\/","name":"trinity","image":{"@type":"ImageObject","@id":"https:\/\/wia.net.pl\/index.php\/2023\/08\/06\/przygotowania-do-wojny-nuklearnej\/#authorImage","url":"https:\/\/wia.net.pl\/wp-content\/uploads\/avatar-privacy\/cache\/user\/5\/f\/5f6547cf82495eaa10e100a6a45d5dbde2dfdc1be88557de2018fca705bdf6f1-96.jpg","width":96,"height":96,"caption":"trinity"}},{"@type":"WebPage","@id":"https:\/\/wia.net.pl\/index.php\/2023\/08\/06\/przygotowania-do-wojny-nuklearnej\/#webpage","url":"https:\/\/wia.net.pl\/index.php\/2023\/08\/06\/przygotowania-do-wojny-nuklearnej\/","name":"Przygotowania do wojny nuklearnej? - Wolno\u015b\u0107 i Anarchia","description":"Przygotowania do wojny nuklearnej? Atak nuklearny my\u015bliwc\u00f3w F-16 na Ukrain\u0119 Wojna nuklearna jest na desce kre\u015blarskiej Pentagonu. Rozmieszczanie \u201ekonwencjonalnych my\u015bliwc\u00f3w o podw\u00f3jnych zdolno\u015bciach i nuklearnych\u201d Autor, Manlio Dinucci Global Research, August 05, 2023 Stany Zjednoczone rozpocz\u0119\u0142y program szkolenia Si\u0142 Powietrznych Ukrainy na my\u015bliwcach F-16. W programie tym uczestniczy kilka europejskich kraj\u00f3w NATO: Dania, Holandia, Polska, Norwegia, Belgia i Portugalia. Inne","inLanguage":"pl-PL","isPartOf":{"@id":"https:\/\/wia.net.pl\/#website"},"breadcrumb":{"@id":"https:\/\/wia.net.pl\/index.php\/2023\/08\/06\/przygotowania-do-wojny-nuklearnej\/#breadcrumblist"},"author":{"@id":"https:\/\/wia.net.pl\/index.php\/author\/trinity\/#author"},"creator":{"@id":"https:\/\/wia.net.pl\/index.php\/author\/trinity\/#author"},"image":{"@type":"ImageObject","url":"https:\/\/wia.net.pl\/wp-content\/uploads\/2023\/08\/Nuclear-Test.jpg","@id":"https:\/\/wia.net.pl\/index.php\/2023\/08\/06\/przygotowania-do-wojny-nuklearnej\/#mainImage","width":700,"height":336},"primaryImageOfPage":{"@id":"https:\/\/wia.net.pl\/index.php\/2023\/08\/06\/przygotowania-do-wojny-nuklearnej\/#mainImage"},"datePublished":"2023-08-06T14:43:04+02:00","dateModified":"2023-08-06T14:43:04+02:00"},{"@type":"WebSite","@id":"https:\/\/wia.net.pl\/#website","url":"https:\/\/wia.net.pl\/","name":"Wolno\u015b\u0107 i Anarchia","description":"Ka\u017cdy wewn\u0119trznie jest anarchist\u0105.","inLanguage":"pl-PL","publisher":{"@id":"https:\/\/wia.net.pl\/#person"}}]},"og:locale":"pl_PL","og:site_name":"Wolno\u015b\u0107 i Anarchia - Ka\u017cdy wewn\u0119trznie jest anarchist\u0105.","og:type":"article","og:title":"Przygotowania do wojny nuklearnej? - Wolno\u015b\u0107 i Anarchia","og:description":"Przygotowania do wojny nuklearnej? Atak nuklearny my\u015bliwc\u00f3w F-16 na Ukrain\u0119 Wojna nuklearna jest na desce kre\u015blarskiej Pentagonu. Rozmieszczanie \u201ekonwencjonalnych my\u015bliwc\u00f3w o podw\u00f3jnych zdolno\u015bciach i nuklearnych\u201d Autor, Manlio Dinucci Global Research, August 05, 2023 Stany Zjednoczone rozpocz\u0119\u0142y program szkolenia Si\u0142 Powietrznych Ukrainy na my\u015bliwcach F-16. W programie tym uczestniczy kilka europejskich kraj\u00f3w NATO: Dania, Holandia, Polska, Norwegia, Belgia i Portugalia. Inne","og:url":"https:\/\/wia.net.pl\/index.php\/2023\/08\/06\/przygotowania-do-wojny-nuklearnej\/","og:image":"https:\/\/wia.net.pl\/wp-content\/uploads\/2023\/11\/cropped-freedom-i73367.jpg","og:image:secure_url":"https:\/\/wia.net.pl\/wp-content\/uploads\/2023\/11\/cropped-freedom-i73367.jpg","article:published_time":"2023-08-06T12:43:04+00:00","article:modified_time":"2023-08-06T12:43:04+00:00","twitter:card":"summary_large_image","twitter:title":"Przygotowania do wojny nuklearnej? - Wolno\u015b\u0107 i Anarchia","twitter:description":"Przygotowania do wojny nuklearnej? Atak nuklearny my\u015bliwc\u00f3w F-16 na Ukrain\u0119 Wojna nuklearna jest na desce kre\u015blarskiej Pentagonu. Rozmieszczanie \u201ekonwencjonalnych my\u015bliwc\u00f3w o podw\u00f3jnych zdolno\u015bciach i nuklearnych\u201d Autor, Manlio Dinucci Global Research, August 05, 2023 Stany Zjednoczone rozpocz\u0119\u0142y program szkolenia Si\u0142 Powietrznych Ukrainy na my\u015bliwcach F-16. W programie tym uczestniczy kilka europejskich kraj\u00f3w NATO: Dania, Holandia, Polska, Norwegia, Belgia i Portugalia. Inne","twitter:image":"https:\/\/wia.net.pl\/wp-content\/uploads\/2023\/11\/cropped-freedom-i73367.jpg"},"aioseo_meta_data":{"post_id":"3649","title":null,"description":null,"keywords":[],"keyphrases":{"focus":{"keyphrase":"","score":0,"analysis":{"keyphraseInTitle":{"score":0,"maxScore":9,"error":1}}},"additional":[]},"primary_term":null,"canonical_url":null,"og_title":null,"og_description":null,"og_object_type":"default","og_image_type":"default","og_image_url":null,"og_image_width":null,"og_image_height":null,"og_image_custom_url":null,"og_image_custom_fields":null,"og_video":"","og_custom_url":null,"og_article_section":null,"og_article_tags":[],"twitter_use_og":false,"twitter_card":"default","twitter_image_type":"default","twitter_image_url":null,"twitter_image_custom_url":null,"twitter_image_custom_fields":null,"twitter_title":null,"twitter_description":null,"schema":{"blockGraphs":[],"customGraphs":[],"default":{"data":{"Article":[],"Course":[],"Dataset":[],"FAQPage":[],"Movie":[],"Person":[],"Product":[],"ProductReview":[],"Car":[],"Recipe":[],"Service":[],"SoftwareApplication":[],"WebPage":[]},"graphName":"BlogPosting","isEnabled":true},"graphs":[]},"schema_type":"default","schema_type_options":null,"pillar_content":false,"robots_default":true,"robots_noindex":false,"robots_noarchive":false,"robots_nosnippet":false,"robots_nofollow":false,"robots_noimageindex":false,"robots_noodp":false,"robots_notranslate":false,"robots_max_snippet":"-1","robots_max_videopreview":"-1","robots_max_imagepreview":"large","priority":null,"frequency":"default","local_seo":null,"breadcrumb_settings":null,"limit_modified_date":false,"ai":null,"created":"2023-08-06 12:43:04","updated":"2025-06-04 08:53:35","seo_analyzer_scan_date":null,"focus_keyword":null,"additional_keywords":null,"truseo_locale":null},"aioseo_breadcrumb":"<div class=\"aioseo-breadcrumbs\"><span class=\"aioseo-breadcrumb\">\n\t\t\t<a href=\"https:\/\/wia.net.pl\" title=\"Home\">Home<\/a>\n\t\t<\/span><span class=\"aioseo-breadcrumb-separator\">&raquo;<\/span><span class=\"aioseo-breadcrumb\">\n\t\t\t<a href=\"https:\/\/wia.net.pl\/index.php\/category\/artykuly\/\" title=\"Artyku\u0142y\">Artyku\u0142y<\/a>\n\t\t<\/span><span class=\"aioseo-breadcrumb-separator\">&raquo;<\/span><span class=\"aioseo-breadcrumb\">\n\t\t\tPrzygotowania do wojny nuklearnej? \n\t\t<\/span><\/div>","aioseo_breadcrumb_json":[{"label":"Home","link":"https:\/\/wia.net.pl"},{"label":"Artyku\u0142y","link":"https:\/\/wia.net.pl\/index.php\/category\/artykuly\/"},{"label":"Przygotowania do wojny nuklearnej?\u00a0","link":"https:\/\/wia.net.pl\/index.php\/2023\/08\/06\/przygotowania-do-wojny-nuklearnej\/"}],"_links":{"self":[{"href":"https:\/\/wia.net.pl\/index.php\/wp-json\/wp\/v2\/posts\/3649"}],"collection":[{"href":"https:\/\/wia.net.pl\/index.php\/wp-json\/wp\/v2\/posts"}],"about":[{"href":"https:\/\/wia.net.pl\/index.php\/wp-json\/wp\/v2\/types\/post"}],"author":[{"embeddable":true,"href":"https:\/\/wia.net.pl\/index.php\/wp-json\/wp\/v2\/users\/2"}],"replies":[{"embeddable":true,"href":"https:\/\/wia.net.pl\/index.php\/wp-json\/wp\/v2\/comments?post=3649"}],"version-history":[{"count":1,"href":"https:\/\/wia.net.pl\/index.php\/wp-json\/wp\/v2\/posts\/3649\/revisions"}],"predecessor-version":[{"id":3651,"href":"https:\/\/wia.net.pl\/index.php\/wp-json\/wp\/v2\/posts\/3649\/revisions\/3651"}],"wp:featuredmedia":[{"embeddable":true,"href":"https:\/\/wia.net.pl\/index.php\/wp-json\/wp\/v2\/media\/3650"}],"wp:attachment":[{"href":"https:\/\/wia.net.pl\/index.php\/wp-json\/wp\/v2\/media?parent=3649"}],"wp:term":[{"taxonomy":"category","embeddable":true,"href":"https:\/\/wia.net.pl\/index.php\/wp-json\/wp\/v2\/categories?post=3649"},{"taxonomy":"post_tag","embeddable":true,"href":"https:\/\/wia.net.pl\/index.php\/wp-json\/wp\/v2\/tags?post=3649"}],"curies":[{"name":"wp","href":"https:\/\/api.w.org\/{rel}","templated":true}]}}