{"id":3660,"date":"2023-08-07T10:33:17","date_gmt":"2023-08-07T08:33:17","guid":{"rendered":"https:\/\/wia.net.pl\/?p=3660"},"modified":"2023-08-07T10:33:17","modified_gmt":"2023-08-07T08:33:17","slug":"list-alberta-einsteina-z-1948-r-do-new-york-times","status":"publish","type":"post","link":"https:\/\/wia.net.pl\/index.php\/2023\/08\/07\/list-alberta-einsteina-z-1948-r-do-new-york-times\/","title":{"rendered":"List Alberta Einsteina z 1948 r. do New York Times"},"content":{"rendered":"\n<p><strong>List Alberta Einsteina z 1948 r. do New York Times por\u00f3wnuj\u0105cy izraelskich polityk\u00f3w do nazist\u00f3w<\/strong><\/p>\n\n\n\n<p>Dr\u00a0<a href=\"https:\/\/www.globalresearch.ca\/author\/albert-einstein\">Albert Einstein<\/a>\u00a0i\u00a0<a href=\"https:\/\/www.globalresearch.ca\/author\/burch\">Michael R. Burch<\/a><\/p>\n\n\n\n<p>Global Research, 10 wrze\u015bnia 2018 r<\/p>\n\n\n\n<p><a href=\"http:\/\/www.thehypertexts.com\/Albert%20Einstein%201948%20Letter%20New%20York%20Times%20Nakba.htm\" target=\"_blank\" rel=\"noreferrer noopener\">New York Times i hypertexts.com<\/a><\/p>\n\n\n\n<figure class=\"wp-block-image size-full is-resized\"><img loading=\"lazy\" decoding=\"async\" src=\"https:\/\/wia.net.pl\/wp-content\/uploads\/2023\/08\/Einstein.webp\" alt=\"\" class=\"wp-image-3661\" width=\"841\" height=\"531\" srcset=\"https:\/\/wia.net.pl\/wp-content\/uploads\/2023\/08\/Einstein.webp 749w, https:\/\/wia.net.pl\/wp-content\/uploads\/2023\/08\/Einstein-300x189.webp 300w\" sizes=\"(max-width: 841px) 100vw, 841px\" \/><\/figure>\n\n\n\n<p><strong>List Alberta Einsteina z 1948 roku do&nbsp;<\/strong><em><strong>New York Timesa<\/strong><\/em><\/p>\n\n\n\n<p><em>Je\u015bli chcemy zrozumie\u0107 prawdziw\u0105 histori\u0119 konfliktu izraelsko-palesty\u0144skiego, mo\u017cemy zwr\u00f3ci\u0107 si\u0119 do godnego zaufania \u017cydowskiego \u017ar\u00f3d\u0142a: Alberta Einsteina.&nbsp;Einstein by\u0142 dzia\u0142aczem humanitarnym i pokojowym, a tak\u017ce jednym z najwi\u0119kszych naukowc\u00f3w wszechczas\u00f3w.&nbsp;Co ten&nbsp;niezwykle&nbsp;inteligentny, cudownie m\u0105dry i serdeczny ludzki \u017byd mia\u0142 do powiedzenia na temat traktowania Palesty\u0144czyk\u00f3w przez Izrael?&nbsp;W prze\u0142omowym li\u015bcie otwartym do New York Timesa w 1948 roku Einstein jasno i szczerze wyja\u015bni\u0142, dlaczego izraelskim przyw\u00f3dcom wojuj\u0105cych syjonist\u00f3w nie mo\u017cna ufa\u0107 i nie zas\u0142uguj\u0105 na pieni\u0105dze ani wsparcie ze strony Amerykan\u00f3w.&nbsp;(Zeskanowane obrazy listu Einsteina mo\u017cna znale\u017a\u0107 w Internecie, a poniewa\u017c pojawi\u0142 si\u0119 on w du\u017cej ameryka\u0144skiej gazecie, jego autentyczno\u015b\u0107 nie budzi w\u0105tpliwo\u015bci).<\/em><\/p>\n\n\n\n<p><em>List zosta\u0142 r\u00f3wnie\u017c podpisany przez Hannah Arendt, Sidneya Hooka i ponad 20 innych \u017cydowskich intelektualist\u00f3w, kt\u00f3rzy chcieli ostrzec Amerykan\u00f3w i ca\u0142y \u015bwiat przed&nbsp;niebezpiecze\u0144stwem&nbsp;wy\u0142aniaj\u0105cego si\u0119 rasizmu, faszyzmu, terroryzmu i fanatyzmu religijnego w nowo powsta\u0142ym pa\u0144stwie Izrael.&nbsp;Oni r\u00f3wnie\u017c&nbsp;przewidzieli i&nbsp;przewidzieli katastrofalne skutki, jakie widzimy dzisiaj w Izraelu\/Palestynie.<\/em><\/p>\n\n\n\n<p><em>List opatrzy\u0142em adnotacj\u0105 [w nawiasach], aby pom\u00f3c czytelnikom lepiej zrozumie\u0107, w jaki spos\u00f3b \u201eList Einsteina\u201d odnosi si\u0119 do obecnej sytuacji.&nbsp;Inni wybitni,&nbsp;szanowani na ca\u0142ym \u015bwiecie&nbsp;\u017bydzi zdecydowanie sprzeciwiali si\u0119 polityce i metodom wojuj\u0105cych syjonist\u00f3w, w tym&nbsp;<a href=\"http:\/\/www.thehypertexts.com\/Nakba%20Holocaust%20Palestinians%20Sigmund%20Freud%20on%20Zionism.htm\">Zygmunta Freuda<\/a>&nbsp;, Franza Kafki, Izaaka Asimowa, Ericha Fromma i Noama Chomsky&#8217;ego.&nbsp;Do\u0142\u0105czy\u0142y do \u200b\u200bnich ikony pokoju, takie jak&nbsp;<a href=\"http:\/\/www.thehypertexts.com\/Nakba%20Holocaust%20Palestinians%20Mohandas%20Gandhi%20on%20Palestine%20Israel%20Jews%20Arabs.htm\">Mohandas Gandhi<\/a>&nbsp;, Nelson Mandela, Desmond Tutu i&nbsp;<a href=\"http:\/\/www.thehypertexts.com\/Jimmy%20Carter%20Israeli%20policy%20is%20to%20confiscate%20Palestinian%20territory%20Nakba.htm\">Jimmy Carter<\/a>&nbsp;.<\/em><\/p>\n\n\n\n<p><em><strong>Michael R. Burch<\/strong>&nbsp;, redaktor i wydawca poezji Holokaustu i Nakby<br><\/em><br>Chrze\u015bcijanie mog\u0105 chcie\u0107 rozwa\u017cy\u0107 kwestie etyczne<a href=\"http:\/\/www.thehypertexts.com\/Nakba%20Holocaust%20Palestinians%20Bible.htm\">&nbsp;Co m\u00f3wi Biblia?&nbsp;Co zrobi\u0142by Jezus?<\/a><\/p>\n\n\n\n<p>Prosz\u0119 zauwa\u017cy\u0107, \u017ce Menachem Begin, o kt\u00f3rym mowa w li\u015bcie, by\u0142 przysz\u0142ym premierem Izraela.&nbsp;Wed\u0142ug listu by\u0142 rasist\u0105, faszyst\u0105 i czo\u0142owym terroryst\u0105 na Bliskim Wschodzie, morduj\u0105cym Arab\u00f3w, \u017byd\u00f3w i Anglik\u00f3w.&nbsp;Jaki nar\u00f3d wybiera faszystowskiego terroryst\u0119 na sw\u00f3j najwy\u017cszy urz\u0105d?<\/p>\n\n\n\n<p><strong>z List\u00f3w do&nbsp;<em>New York Timesa<\/em><\/strong><br><strong>z 4 grudnia 1948 r<\/strong><\/p>\n\n\n\n<p><strong><\/strong><strong>Wizyta Menachema Begina w&nbsp;<\/strong><strong>Partii Nowej Palestyny \u200b\u200bi om\u00f3wienie cel\u00f3w ruchu politycznego<\/strong><br><strong><\/strong><\/p>\n\n\n\n<p><strong>DO REDAKCJI NEW YORK TIMES: (podkre\u015blenie dodane przez Michaela R. Burcha)<\/strong><\/p>\n\n\n\n<p>Jednym z\u00a0<strong>najbardziej niepokoj\u0105cych zjawisk politycznych naszych czas\u00f3w<\/strong>\u00a0jest pojawienie si\u0119 w nowo utworzonym pa\u0144stwie Izrael \u201ePartii Wolno\u015bci\u201d (Tnuat Haherut), partii politycznej bardzo zbli\u017conej pod wzgl\u0119dem organizacji, metod, filozofii politycznej i spo\u0142ecznego oddzia\u0142ywania do nazistowskich\u00a0<strong>i partii faszystowskich<\/strong>\u00a0.\u00a0Zosta\u0142 utworzony z cz\u0142onk\u00f3w i zwolennik\u00f3w by\u0142ego Irgun Zvai Leumi,\u00a0<strong>terrorystycznej, prawicowej, szowinistycznej organizacji<\/strong>\u00a0w Palestynie.<br><strong><br><\/strong>Obecna wizyta lidera tej partii Menachema Begina w Stanach Zjednoczonych jest oczywi\u015bcie obliczona na wywo\u0142anie wra\u017cenia ameryka\u0144skiego poparcia dla jego partii w nadchodz\u0105cych wyborach w Izraelu oraz na scementowanie wi\u0119zi politycznych z konserwatywnymi elementami syjonistycznymi w Stanach Zjednoczonych.\u00a0Kilku Amerykan\u00f3w o narodowej reputacji u\u017cyczy\u0142o swoich nazwisk, aby powita\u0107 jego wizyt\u0119.\u00a0<strong>Nie do pomy\u015blenia jest, aby ci, kt\u00f3rzy sprzeciwiaj\u0105 si\u0119 faszyzmowi na ca\u0142ym \u015bwiecie, je\u015bli s\u0105 w\u0142a\u015bciwie poinformowani o politycznej historii i pogl\u0105dach pana Begina, mogliby doda\u0107 swoje nazwiska i poparcie dla ruchu, kt\u00f3ry on reprezentuje.\u00a0<\/strong>[Patrz uwaga A]<strong><br><\/strong><br><strong>Zanim zostan\u0105 wyrz\u0105dzone nieodwracalne szkody w postaci wk\u0142ad\u00f3w finansowych, publicznych manifestacji w imieniu Begina i stworzenia w Palestynie wra\u017cenia, \u017ce \u200b\u200bdu\u017ca cz\u0119\u015b\u0107 Ameryki popiera elementy faszystowskie w Izraelu, ameryka\u0144ska opinia publiczna musi zosta\u0107 poinformowana o przebiegu i celach Pan Begin i jego ruch.\u00a0<\/strong>[Patrz przypis B]\u00a0<strong>Publiczne wyznania partii Begina nie s\u0105 \u017cadn\u0105 wskaz\u00f3wk\u0105 co do jej faktycznego charakteru.\u00a0<\/strong><strong>Dzi\u015b m\u00f3wi\u0105 o wolno\u015bci, demokracji i antyimperializmie, podczas gdy do niedawna otwarcie g\u0142osili doktryn\u0119 pa\u0144stwa faszystowskiego.\u00a0<\/strong><strong>W swoich dzia\u0142aniach partia terrorystyczna zdradza sw\u00f3j prawdziwy charakter;\u00a0<\/strong><strong>na podstawie jego przesz\u0142ych dzia\u0142a\u0144 mo\u017cemy oceni\u0107, czego mo\u017cna si\u0119 spodziewa\u0107 w przysz\u0142o\u015bci.\u00a0<\/strong>[Patrz uwaga C]\u00a0Atak na arabsk\u0105 wiosk\u0119<\/p>\n\n\n\n<p><strong>Szokuj\u0105cym przyk\u0142adem by\u0142o ich zachowanie w arabskiej wiosce Deir Yassin.<\/strong>Ta wioska, po\u0142o\u017cona z dala od g\u0142\u00f3wnych dr\u00f3g i otoczona ziemiami \u017cydowskimi, nie bra\u0142a udzia\u0142u w wojnie, a nawet walczy\u0142a z bandami arabskimi, kt\u00f3re chcia\u0142y wykorzysta\u0107 j\u0105 jako baz\u0119 wypadow\u0105.&nbsp;9 kwietnia (THE NEW YORK TIMES) bandy terrorystyczne zaatakowa\u0142y t\u0119 spokojn\u0105 wiosk\u0119, kt\u00f3ra nie by\u0142a celem wojskowym w walkach, zabi\u0142y wi\u0119kszo\u015b\u0107 jej mieszka\u0144c\u00f3w \u201e240 m\u0119\u017cczyzn, kobiet i dzieci\u201d, a kilkoro z nich utrzyma\u0142o przy \u017cyciu, aby mogli paradowa\u0107 jako je\u0144c\u00f3w ulicami Jerozolimy.&nbsp;Wi\u0119kszo\u015b\u0107 spo\u0142eczno\u015bci \u017cydowskiej by\u0142a przera\u017cona tym czynem, a Agencja \u017bydowska wys\u0142a\u0142a telegram z przeprosinami do kr\u00f3la Abdullaha z Trans-Jordanii.&nbsp;Ale terrory\u015bci nie wstydzili si\u0119 swojego czynu, ale byli dumni z tej masakry, szeroko j\u0105 nag\u0142o\u015bnili i zaprosili wszystkich zagranicznych korespondent\u00f3w obecnych w kraju, aby obejrzeli stosy trup\u00f3w i og\u00f3lne spustoszenie w Deir Yassin.<br><strong><br>Incydent w Deir Yassin jest przyk\u0142adem charakteru i dzia\u0142a\u0144 Partii Wolno\u015bci.<\/strong><\/p>\n\n\n\n<p>W spo\u0142eczno\u015bci \u017cydowskiej g\u0142osili domieszk\u0119 ultranacjonalizmu, mistycyzmu religijnego i wy\u017cszo\u015bci rasowej.&nbsp;Podobnie jak inne partie faszystowskie by\u0142y wykorzystywane do \u0142amania strajk\u00f3w i same naciska\u0142y na zniszczenie wolnych zwi\u0105zk\u00f3w zawodowych.&nbsp;W ich miejsce zaproponowali korporacyjne zwi\u0105zki zawodowe na wz\u00f3r w\u0142oskiego faszyzmu.<\/p>\n\n\n\n<p><strong>W ostatnich latach sporadycznej przemocy anty-brytyjskiej grupy IZL i Stern zainaugurowa\u0142y rz\u0105dy terroru w palesty\u0144skiej spo\u0142eczno\u015bci \u017cydowskiej.&nbsp;<\/strong>Nauczycieli bito za wypowiadanie si\u0119 przeciwko nim, doros\u0142ych rozstrzeliwano za to, \u017ce nie pozwalali dzieciom do nich do\u0142\u0105czy\u0107.&nbsp;Metodami gangsterskimi, pobiciami, wybijaniem okien i masowymi rabunkami terrory\u015bci zastraszyli ludno\u015b\u0107 i za\u017c\u0105dali wysokiego daniny.<br>Ludzie z Partii Wolno\u015bci nie mieli udzia\u0142u w konstruktywnych osi\u0105gni\u0119ciach w Palestynie.&nbsp;Nie odzyskali \u017cadnej ziemi, nie zbudowali \u017cadnych osiedli, a jedynie umniejszyli \u017cydowsk\u0105 dzia\u0142alno\u015b\u0107 obronn\u0105.&nbsp;Ich szeroko nag\u0142o\u015bnione starania imigracyjne by\u0142y znikome i dotyczy\u0142y g\u0142\u00f3wnie sprowadzenia faszystowskich rodak\u00f3w.<\/p>\n\n\n\n<p>Widoczne rozbie\u017cno\u015bci Rozbie\u017cno\u015bci<br><strong><br>mi\u0119dzy \u015bmia\u0142ymi twierdzeniami wysuwanymi obecnie przez Begina i jego parti\u0119, a wynikami ich wcze\u015bniejszych dzia\u0142a\u0144 w Palestynie nie nosz\u0105 znamion \u017cadnej zwyk\u0142ej partii politycznej.&nbsp;Jest to niew\u0105tpliwy znak rozpoznawczy partii faszystowskiej, dla kt\u00f3rej terroryzm (przeciwko \u017bydom, Arabom i Brytyjczykom) i wprowadzanie w b\u0142\u0105d s\u0105 \u015brodkami, a celem jest \u201epa\u0144stwo przyw\u00f3dcze\u201d.<\/strong><\/p>\n\n\n\n<p>W \u015bwietle powy\u017cszych rozwa\u017ca\u0144 konieczne jest ujawnienie w tym kraju prawdy o panu Beginie i jego ruchu.&nbsp;Tym bardziej tragiczne jest to, \u017ce najwy\u017csze kierownictwo ameryka\u0144skiego syjonizmu odm\u00f3wi\u0142o prowadzenia kampanii przeciwko wysi\u0142kom Begina, a nawet ujawnienia swoim w\u0142asnym wyborcom niebezpiecze\u0144stw dla Izraela wynikaj\u0105cych z poparcia dla Begina.<\/p>\n\n\n\n<p>Dlatego ni\u017cej podpisani wykorzystuj\u0105 ten spos\u00f3b publicznego przedstawienia kilku istotnych fakt\u00f3w dotycz\u0105cych Begina i jego partii;&nbsp;oraz wezwania wszystkich zainteresowanych, aby nie popierali tej ostatniej manifestacji faszyzmu.<\/p>\n\n\n\n<p>(podpisano)<\/p>\n\n\n\n<p>ISIDORE ABRAMOWITZ, HANNAH ARENDT, ABRAHAM BRICK, RABIN JESSURUN CARDOZO, ALBERT EINSTEIN, HERMAN EISEN, MD, HAYIM FINEMAN, M. GALLEN, MD, HH HARRIS, ZELIG S. HARRIS, SIDNEY HOOK, FRED KARUSH, BRURIA KAUFMAN, IRMA L. LINDHEIM, NACHMAN MAISEL, SYMOUR MELMAN, MYER D. MENDELSON, MD, HARRY M. ORLINSKY, SAMUEL PITLICK, FRITZ ROHRLICH, LOUIS P. ROCKER, RUTH SAGER, ITZHAK SANKOWSKY, IJ SCHOENBERG, SAMUEL SHUMAN, M. ZNGER, IRMA WOLPE, STEFAN WOLPE<br><strong><br>Nowy Jork, 2 grudnia 1948 r<\/strong><\/p>\n\n\n<div class=\"wp-block-image\">\n<figure class=\"aligncenter\"><img decoding=\"async\" src=\"https:\/\/www.globalresearch.ca\/wp-content\/uploads\/2018\/09\/cropped.jpg\" alt=\"\" class=\"wp-image-5653564\"\/><\/figure><\/div>\n\n\n<hr class=\"wp-block-separator has-alpha-channel-opacity\"\/>\n\n\n\n<p>[UWAGA A: Einstein stwierdzi\u0142&nbsp;,&nbsp;\u017ce wspieranie \u017cydowskich faszyst\u00f3w, takich jak Menachem Begin, by\u0142o jak wspieranie nazist\u00f3w.&nbsp;Niestety, wielu wybitnych Amerykan\u00f3w popar\u0142o ruch faszystowski kierowany przez Begina i jego uczni\u00f3w, kt\u00f3rzy teraz mocno kontroluj\u0105 Izrael.&nbsp;Begin za\u0142o\u017cy\u0142 Herut w&nbsp;1948&nbsp;roku. By\u0142 politycznym bli\u017aniakiem Irgunu, brutalnej grupy terrorystycznej kierowanej przez Begina.&nbsp;B&nbsp;inni byliultra-prawicowe organizacje, kt\u00f3re sprzeciwia\u0142y si\u0119 jakimkolwiek rozejmom lub negocjacjom z Arabami, preferuj\u0105c rozszerzenie terytorium Izraela wbrew prawu mi\u0119dzynarodowemu i mandatowi ONZ, kt\u00f3ry podzieli\u0142 Palestyn\u0119, okre\u015blaj\u0105c granice Izraela.&nbsp;Przed wej\u015bciem do polityki Begin by\u0142 czo\u0142owym terroryst\u0105 na Bliskim Wschodzie, bezmy\u015blnie morduj\u0105c brytyjskich, \u017cydowskich i arabskich cywil\u00f3w.&nbsp;Jego najbardziej znanym aktem by\u0142o wysadzenie w powietrze hotelu King David w 1946 roku. W tej eksplozji zgin\u0119\u0142o 91 os\u00f3b, a 46 zosta\u0142o rannych, w wi\u0119kszo\u015bci personel hotelu i inni cywile.&nbsp;(Do dzisiaj pozostaje to najbardziej \u015bmierciono\u015bnym aktem terroryzmu w Izraelu\/Palestynie).<\/p>\n\n\n\n<p>Nie tylko&nbsp;mi\u0142uj\u0105cy pok\u00f3j&nbsp;&nbsp;intelektuali\u015bci por\u00f3wnywali Begina do europejskich faszyst\u00f3w, takich jak Hitler, poniewa\u017c Dawid Ben-Gurion, izraelski Jerzy Waszyngton i pierwszy premier, kt\u00f3ry nie by\u0142 cofaj\u0105cym si\u0119 fioletem, m\u00f3wi\u0142 podobne rzeczy.&nbsp;Ale w po\u0142owie lat 60. wyborcy w Izraelu mocno sk\u0142aniali si\u0119 ku skrajnej prawicy.&nbsp;Rezolucja rz\u0105du z 1964 r. wzywaj\u0105ca do ponownego internowania szcz\u0105tk\u00f3w Zeewa \u017baboty\u0144skiego w Izraelu zasygnalizowa\u0142a dominacj\u0119 Heruta i Begina.&nbsp;(\u017baboty\u0144ski by\u0142 tw\u00f3rc\u0105 faszystowskiej doktryny \u201e\u017belaznego Muru\u201d, kt\u00f3ra utrzymuje, \u017ce \u017bydzi musz\u0105 zmia\u017cd\u017cy\u0107 ducha i wol\u0119 Palesty\u0144czyk\u00f3w przewa\u017caj\u0105c\u0105 si\u0142\u0105 ognia i czyst\u0105 brutalno\u015bci\u0105, zamiast szuka\u0107 pokoju przez dyplomacj\u0119 i kompromis).<\/p>\n\n\n\n<p>W 1977 r. by\u0142y&nbsp;\u00fcberterrorysta&nbsp;Begin zosta\u0142&nbsp;wybrany&nbsp;na premiera mia\u017cd\u017c\u0105c\u0105 pora\u017ck\u0105.&nbsp;W swojej ksi\u0105\u017cce&nbsp;<em>Palestine: Peace, not apartheid<\/em>&nbsp;,&nbsp;by\u0142yPrezydent USA i laureat Pokojowej Nagrody Nobla Jimmy Carter wspomnia\u0142 o ogromnej zmianie, jaka zasz\u0142a w polityce Izraela po doj\u015bciu Begina do w\u0142adzy.&nbsp;Administracja Begina promowa\u0142a budow\u0119 nielegalnych osiedli \u017cydowskich na Zachodnim Brzegu i w Gazie, w efekcie rozszerzaj\u0105c granice Izraela, pozwalaj\u0105c baronom rabusiom kra\u015b\u0107 ziemi\u0119 od bezbronnych palesty\u0144skich rolnik\u00f3w i ich rodzin.&nbsp;Begin zezwoli\u0142 tak\u017ce na inwazj\u0119 na Liban w 1982 r., kt\u00f3ry sta\u0142 si\u0119 izraelskim Wietnamem.&nbsp;W miar\u0119 jak izraelskie zaanga\u017cowanie wojskowe w Libanie pog\u0142\u0119bia\u0142o si\u0119, a masakra w Sabrze i Szatili wstrz\u0105sn\u0119\u0142a \u015bwiatem, Begin stawa\u0142 si\u0119 coraz bardziej odizolowany.&nbsp;Zrezygnowa\u0142 z polityki w 1983 r., ale jego rasistowski, faszystowski duch \u017cyje w uczniach jego i \u017baboty\u0144skiego, takich jak obecny premier Izraela, Beniamin \u201eBibi\u201d Netanjahu.]<\/p>\n\n\n\n<p>[UWAGA B: Niestety, ameryka\u0144ska opinia publiczna, poprzez sw\u00f3j rz\u0105d, dostarczy\u0142a Izraelowi setki miliard\u00f3w dolar\u00f3w pomocy finansowej i zaawansowanej broni.&nbsp;Ta&nbsp;\u201epomoc\u201d&nbsp;zosta\u0142a wykorzystana przez Izrael do przeprowadzania czystek etnicznych na du\u017c\u0105 skal\u0119 na okupowanych terytoriach palesty\u0144skich.&nbsp;Ta czystka etniczna zaczyna si\u0119 od wyburze\u0144 dom\u00f3w (ponad 24 000 wed\u0142ug izraelskiego Komitetu Przeciwko Wyburzeniom Dom\u00f3w), po kt\u00f3rych nast\u0119puje eufemistyczna \u201eekspansja osiedli\u201d Izraela.<\/p>\n\n\n\n<p>Finansowanie tego szalenie niesprawiedliwego systemu, kt\u00f3ry por\u00f3wnywano do nowego Holokaustu, stworzy\u0142o wra\u017cenie w Palestynie i ca\u0142ym \u015bwiecie muzu\u0142ma\u0144skim, \u017ce Amerykanie s\u0105 szalonymi hipokrytami, kiedy m\u00f3wi\u0105 o \u201er\u00f3wnych prawach\u201d, \u201esprawiedliwo\u015bci\u201d i \u201edemokracji\u201d.&nbsp;Muzu\u0142manie s\u0142usznie doszli do wniosku, \u017ce Stany Zjednoczone zawsze b\u0119d\u0105 wspiera\u0107 Izrael, bez wzgl\u0119du na to, jak okrutnie, brutalnie i ofensywnie traktuje Palesty\u0144czyk\u00f3w, Beduin\u00f3w i innych nie-\u017byd\u00f3w w d\u0105\u017ceniu do wolnej ziemi i stale rozszerzaj\u0105cych si\u0119 granic.&nbsp;Wyniki obejmowa\u0142y 9-11, dwie przera\u017caj\u0105ce wojny, rzesze ofiar \u015bmiertelnych po obu stronach i biliony dolar\u00f3w niesp\u0142aconego d\u0142ugu wojennego, kt\u00f3ry zagra\u017ca nie tylko wyp\u0142acalno\u015bci Stan\u00f3w Zjednoczonych, ale tak\u017ce wolnego \u015bwiata.&nbsp;Je\u015bli dolar gwa\u0142townie straci na warto\u015bci lub je\u015bli Stany Zjednoczone nie b\u0119d\u0105 ju\u017c mog\u0142y po\u017cycza\u0107 pieni\u0119dzy, co stanie si\u0119 z gospodarkami Niemiec, Japonii,<\/p>\n\n\n\n<p>[UWAGA C: Je\u015bli we\u017amiemy pod uwag\u0119 m\u0105dro\u015b\u0107 Einsteina i os\u0105dzimy Izrael na podstawie jego dzia\u0142a\u0144&nbsp;\u2013 apartheidu, czystek etnicznych, ostrzeliwania ofiar w Gazie \u2013rasistowsko-faszystowska natura rz\u0105du szybko staje si\u0119 oczywista, a nie przez oceany samolubnej propagandy.&nbsp;Albo mo\u017cemy po prostu przeczyta\u0107, co powiedzieli sami premierzy Izraela i inni wybitni syjoni\u015bci.&nbsp;Prosz\u0119 pami\u0119ta\u0107, \u017ce kiedy u\u017cywa si\u0119 termin\u00f3w \u201eprzeniesienie\u201d, \u201eeksmisja\u201d i \u201ewydalenie\u201d, syjoni\u015bci m\u00f3wi\u0105 o czystce etnicznej: zbrodni przeciwko ludzko\u015bci.&nbsp;Kiedy Palesty\u0144czykom odmawia si\u0119 prawa powrotu, oznacza to, \u017ce ofiary czystek etnicznych s\u0105 zbiorowo skazane na pozostanie bezpa\u0144stwowymi, bezprawnymi uchod\u017acami na zawsze.&nbsp;Kiedy u\u017cywany jest termin \u201ewyw\u0142aszczenie\u201d, oznacza to kradzie\u017c ziemi palesty\u0144skiej przy u\u017cyciu przewa\u017caj\u0105cej si\u0142y ognia, co jest rozbojem z broni\u0105 w r\u0119ku.&nbsp;Oto czo\u0142owi syjoni\u015bci w ich w\u0142asnych s\u0142owach;&nbsp;sami oce\u0144cie, czy Einstein mia\u0142 racj\u0119, czy nie\u2026<\/p>\n\n\n\n<p>[ODPOWIEDNIE CYTATY]<\/p>\n\n\n\n<p>\u201eDuch [oczyszczenia etnicznego] bez grosza przy duszy ludno\u015bci [Arab\u00f3w] po drugiej stronie granicy, odmawiaj\u0105c im pracy\u201d \u2014 Theodore Herzl, za\u0142o\u017cyciel syjonizmu \u201e<br>To&nbsp;<strong>USUNI\u0118CIE<\/strong>&nbsp;[czystki etniczne] biednych [Arab\u00f3w] musi by\u0107 przeprowadzone&nbsp;<em><strong>dyskretnie<\/strong><\/em>&nbsp;i&nbsp;<em><strong>ostro\u017cnie<\/strong><\/em>&nbsp;. \u201d \u2014 Herzl (kt\u00f3ry oczywi\u015bcie wiedzia\u0142, \u017ce to by\u0142o z\u0142e) \u201eNaszym&nbsp;<strong><em>prawem<\/em><\/strong><br>jest&nbsp;PRZENIESIENIE&nbsp;[czystki etnicznej] Palesty\u0144czyk\u00f3w!\u201d \u2014 Dyrektor Komitetu ds. Transferu, Yossef Weitz, kt\u00f3ry nadzorowa\u0142 izraelskie pogromy&nbsp;<strong>\u201e<\/strong><strong><em><\/em><\/strong><strong><\/strong><br>My [syjoni\u015bci] wszyscy oklaskujemy dzie\u0144 i noc,&nbsp;<strong>\u017bELAZNA \u015aCIANA<\/strong>&nbsp;\u201d \u2014 Ze&#8217;ev \u017baboty\u0144ski, duchowy ojciec Likudu i uczniowie tacy jak Menachem Begin<br>\u201eTen&nbsp;<strong>\u017bELAZNY \u015aCIAN<\/strong>taka jest nasza polityka wobec Arab\u00f3w.&nbsp;Sformu\u0142owanie tego w jakikolwiek inny spos\u00f3b by\u0142oby hipokryzj\u0105\u201d \u2014 \u017baboty\u0144ski<br>\u201eKolonizacja syjonistyczna\u2026 musi zosta\u0107 zako\u0144czona lub przeprowadzona wbrew woli rdzennej ludno\u015bci\u201d. \u2014 \u017baboty\u0144ski \u201e<br>Syjonizm jest&nbsp;<em><strong>przygod\u0105 kolonizacyjn\u0105<\/strong><\/em>&nbsp;i dlatego trwa lub spada na kwesti\u0119 si\u0142 zbrojnych.\u201d \u2014 \u017baboty\u0144ski<br>\u201eArab jest kulturowo zacofany\u2026 jego instynktownego patriotyzmu\u2026 nie mo\u017cna kupi\u0107, mo\u017cna go ograniczy\u0107 tylko si\u0142\u0105&nbsp;<em><strong>wi\u0119ksz\u0105<\/strong><\/em>&nbsp;\u201d. \u2014 \u017baboty\u0144ski<br>\u201eNie ma sprawiedliwo\u015bci, prawa, Boga w niebie;&nbsp;tylko jedno prawo, kt\u00f3re decyduje i zast\u0119puje wszystkie: osadnictwo [\u017cydowskie]\u201d \u2014 \u017baboty\u0144ski<br>\u201ePo\u015bwi\u0119cam swoje \u017cycie odrodzeniu pa\u0144stwa \u017cydowskiego, z wi\u0119kszo\u015bci\u0105 \u017cydowsk\u0105,&nbsp;<em><strong>po obu stronach Jordanu<\/strong><\/em>\u201d \u2014 \u017baboty\u0144ski<br>\u201eIslamska dusza musi zosta\u0107&nbsp;<em><strong>wymieciona<\/strong><\/em>&nbsp;[zmieciona, oczyszczona etnicznie] z Eretz-Yisrael\u201d.&nbsp;<em>\u2014<\/em>&nbsp;\u017baboty\u0144ski<em><strong><br><\/strong><\/em>\u201eHitler \u2014 jakkolwiek odra\u017caj\u0105cy dla nas \u2014 nada\u0142 tej idei [czystce etnicznej] dobre imi\u0119 na \u015bwiecie\u201d. \u2014 \u017baboty\u0144ski \u201e&nbsp;Syjonizm<br>to&nbsp;<strong>PRZENIESIENIE<\/strong>&nbsp;\u017byd\u00f3w\u201d. \u2014 Dawid Ben Gurion,&nbsp;pierwszy&nbsp;Premier, definiuj\u0105c syjonizm&nbsp;<em>jako<\/em>&nbsp;czystk\u0119\/wymian\u0119 etniczn\u0105<br>\u201ePrzymusowy&nbsp;<strong>TRANSFER<\/strong>&nbsp;Arab\u00f3w\u2026 mo\u017ce da\u0107 nam co\u015b, czego nigdy nie mieli\u015bmy [nawet w czasach biblijnych]\u201d. \u2013 Ben-Gurion \u201e<br>Pot\u0119ga \u017cydowska, kt\u00f3ra stale ro\u015bnie, zwi\u0119kszy r\u00f3wnie\u017c nasze mo\u017cliwo\u015bci przeprowadzi\u0107&nbsp;<strong>PRZENIESIENIE<\/strong>&nbsp;na wielk\u0105 skal\u0119\u201d (Ben-Gurion).<br>\u201eDzi\u0119ki przymusowemu&nbsp;<strong>PRZENIESIENIU<\/strong>&nbsp;mo\u017cemy mie\u0107 ogromny obszar\u2026&nbsp;<em><strong>Nie widz\u0119 w tym nic niemoralnego<\/strong><\/em>&nbsp;\u201d \u2014Ben-Gurion<br>\u201eNie mo\u017cna sobie wyobrazi\u0107 powszechnej&nbsp;<strong>EWAKUACJI<\/strong>&nbsp;bez przymusu, i to&nbsp;<em><strong>przymusu brutalnego.&nbsp;\u201e<\/strong>&nbsp;\u2014<\/em>&nbsp;Ben-Gurion<br>\u201eS\u0105 tu dwie kwestie: suwerenno\u015b\u0107 i&nbsp;<strong>USUNI\u0118CIE<\/strong>&nbsp;pewnej liczby Arab\u00f3w;&nbsp;<em><strong>musimy nalega\u0107 na jedno i drugie<\/strong><\/em>&nbsp;.&nbsp;\u201e&nbsp;<em>\u2014<\/em>&nbsp;Ben-Gurion<br>\u201ePrzed [pa\u0144stwowo\u015bci\u0105] naszym g\u0142\u00f3wnym interesem by\u0142a samoobrona\u2026 Ale teraz problemem jest&nbsp;<strong>PODB\u00d3J<\/strong>&nbsp;, a nie samoobrona\u201d.&nbsp;<em>\u2014<\/em>&nbsp;Ben-Gurion<br>\u201ePowinni\u015bmy przygotowa\u0107 si\u0119 do przej\u015bcia do ofensywy.&nbsp;Naszym celem jest<em><strong>zniszczy\u0107<\/strong><\/em>&nbsp;Liban, Trans-Jordani\u0119 i Syri\u0119\u201d.&nbsp;<em>\u2014<\/em>&nbsp;Ben-Gurion<br>\u201eMusimy zrobi\u0107 wszystko, aby oni [uchod\u017acy palesty\u0144scy oczyszczeni etnicznie]<em><strong><\/strong><\/em><strong>&nbsp;nigdy&nbsp;<\/strong><em><strong>nie wr\u00f3cili<\/strong><\/em>&nbsp;\u201d \u2014 Ben-Gurion<br>\u201eInteresy bezpiecze\u0144stwa wymagaj\u0105, aby\u015bmy<em><strong><\/strong><\/em><br>ich<strong><\/strong><em><strong><\/strong><\/em><em><strong>&nbsp;pozbyli<\/strong><\/em>&nbsp;\u201d \u2014 drugi premier Izraela, Moshe Sharett[czystka etniczna] mo\u017ce by\u0107<em><strong>&nbsp;ukoronowaniem<\/strong><\/em>&nbsp;, ostatnim etapem rozwoju polityki [syjonistycznej]\u2026\u201d \u2014 Sharett<br>\u201eJeste\u015bmy r\u00f3wnie zdeterminowani, aby zbada\u0107 wszystkie mo\u017cliwo\u015bci<em><strong>&nbsp;pozbycia si\u0119<\/strong><\/em>&nbsp;raz na zawsze ogromnej mniejszo\u015bci arabskiej\u201d. \u2014Sharetta<br>\u201eNie ma czego\u015b takiego jak Palesty\u0144czyk\u201d \u2013 izraelska premier Golda Meir (p\u00f3\u017aniej na\u015bladowana przez Newta Gingricha i Ricka Santoruma)<em><strong><br><\/strong><\/em>\u201eOni [Palesty\u0144czycy] s\u0105 jak koniki polne w naszych oczach\u201d \u2013 premier Yitzhak Shamir<br>\u201ePalesty\u0144czycy s\u0105 jak krokodyle\u2026\u201d \u2013 premier Ehud Barak<br>\u201eZredukujemy Palesty\u0144czyk\u00f3w do spo\u0142eczno\u015bci drwali i kelner\u00f3w\u201d \u2013 premier Icchak Rabin \u201e<br>[Palesty\u0144czycy] to bestie chodz\u0105ce na dw\u00f3ch nogach\u201d \u2013 premier Menachem Begin \u201e<br>Jest \u017cadnego syjonizmu, kolonizacji ani pa\u0144stwa \u017cydowskiego bez&nbsp;<strong>WYKONANIA<\/strong>&nbsp;Arab\u00f3w i&nbsp;<em><strong>wyw\u0142aszczenia<\/strong><\/em>&nbsp;[kradzie\u017cy] ich ziem\u201d \u2013 premier Ariel Szaron<br>\u201eWierzy\u0142em i do dzi\u015b wierz\u0119 w wieczne i historyczne prawo naszego ludu do&nbsp;<em><strong>ca\u0142ej<\/strong><\/em>&nbsp;tej ziemi\u201d \u2013 premier Ehud Olmert<br>\u201eZabijanie [Palesty\u0144czyk\u00f3w] jest dobrym uczynkiem i \u017bydzi nie powinni mie\u0107 o to skrupu\u0142\u00f3w\u201d. \u2014Rabin Icchak Ginsburg<br>\u201e[Ziemia jest zdobywana] si\u0142\u0105 \u2013 to znaczy przez&nbsp;<strong>PODB\u00d3J<\/strong>&nbsp;w czasie wojny, czyli innymi s\u0142owy, OKRADANIE&nbsp;<strong>ziemi<\/strong>&nbsp;od jej w\u0142a\u015bciciela.\u201d \u2014 Menachem Ussishkin<br>\u201eTo jest problem z ziemi\u0105\u2026 chc\u0105 nas&nbsp;<em><strong>, bo my chcemy by\u0107 w\u0142adcami<\/strong><\/em>&nbsp;\u201d \u2014 Ussiszkin (kto mo\u017ce ich wini\u0107?)<br>\u201eW ko\u0144cu b\u0119dziemy musieli&nbsp;<em><strong>zmniejszy\u0107<\/strong><\/em>&nbsp;liczb\u0119 Palesty\u0144czyk\u00f3w mieszkaj\u0105cych na tych terytoriach\u201d \u2014 genera\u0142 Eitan Ben Elyahu<br>\u201eTutaj nie ma dw\u00f3ch narod\u00f3w.&nbsp;Jest&nbsp;<em>nar\u00f3d \u017cydowski i&nbsp;<\/em><em>ludno\u015b\u0107<\/em>&nbsp;arabska&nbsp;\u201d.&nbsp;<em>\u2014<\/em>&nbsp;Benzion Netanjahu<br>\u201ePowinni\u015bmy&nbsp;<strong>PODBI\u0106<\/strong>&nbsp;ka\u017cde sporne terytorium w Ziemi Izraela.&nbsp;<strong>ZDOBY\u0106<\/strong>&nbsp;i utrzyma\u0107, nawet je\u015bli przyniesie nam to lata wojny.&nbsp;\u201e&nbsp;<em>\u2014<\/em>&nbsp;Netanjahu<br>\u201e[syjonizm] b\u0119dzie obejmowa\u0142 wstrzymywanie \u017cywno\u015bci z arabskich miast, uniemo\u017cliwianie edukacji, odcinanie elektryczno\u015bci i wi\u0119cej\u201d.&nbsp;<em>\u2014<\/em>&nbsp;Netanjahu, przepowiadaj\u0105cy los Gazy<\/p>\n\n\n\n<p>Czy potrzebujemy wi\u0119cej dowod\u00f3w ni\u017c to, co powiedzieli sami pierwsi inicjatorzy syjonizmu i straszne rzeczy, kt\u00f3re zrobili, co potwierdza ich samooskar\u017caj\u0105ce s\u0142owa?]<\/p>\n\n\n\n<p><strong>Dalsza lektura:<br><\/strong><br><a href=\"http:\/\/www.thehypertexts.com\/Nakba%20Holocaust%20Palestinians%20Einstein%20on%20Israel.htm\">Einstein o Palestynie<\/a>&nbsp;pyta, dlaczego Einstein odrzuci\u0142 prezydentur\u0119 Izraela i bada, co wielki \u017cydowski intelektualista, dzia\u0142acz pokojowy, pacyfista i humanista mia\u0142 do powiedzenia na temat konfliktu mi\u0119dzy \u017bydami a Palesty\u0144czykami.<br><br><a href=\"http:\/\/www.thehypertexts.com\/Mattityahu%20Matti%20Peled.htm\">Mattityahu \u201eMatti\u201d Peled<\/a>&nbsp;by\u0142 nazywany Abu Salaamem, \u201eOjcem Pokoju\u201d przez Palesty\u0144czyk\u00f3w, kt\u00f3rzy go znali.&nbsp;Peled by\u0142 izraelskim bohaterem wojennym i<em>&nbsp;Alufem<\/em>&nbsp;(genera\u0142em dywizji), kt\u00f3ry sta\u0142 si\u0119 zdecydowanym or\u0119downikiem pa\u0144stwa palesty\u0144skiego i surowym krytykiem brutalnej okupacji terytori\u00f3w palesty\u0144skich przez Izrael, kt\u00f3r\u0105 nazwa\u0142 \u201ekorupcj\u0105\u201d i pogwa\u0142ceniem konwencji genewskich.&nbsp;Nazwa\u0142 tak\u017ce ameryka\u0144sk\u0105 pomoc dla Izraela \u201eplag\u0105\u201d, kt\u00f3ra by\u0142a \u201eszkodliwa\u201d dla Izraela i znacznie przekracza\u0142a rzeczywiste potrzeby obronne Izraela.<\/p>\n\n\n\n<p><strong><a href=\"http:\/\/www.thehypertexts.com\/The%20Shministim.htm\">Shministim<\/a>&nbsp;<\/strong>to idealistyczni, pryncypialni m\u0142odzi izraelscy \u017bydzi, kt\u00f3rzy po uko\u0144czeniu szko\u0142y \u015bredniej odmawiaj\u0105 s\u0142u\u017cby w brutalnej armii okupacyjnej.<\/p>\n\n\n\n<p>Mo\u017cesz tak\u017ce przeczyta\u0107 i rozwa\u017cy\u0107&nbsp;<a href=\"http:\/\/www.thehypertexts.com\/Israeli%20Prime%20Ministers%20Terrorists%20Nakba.htm\">izraelskich premier\u00f3w, kt\u00f3rzy byli terrorystami<\/a>&nbsp;oraz&nbsp;<a href=\"http:\/\/www.thehypertexts.com\/Khaled%20Mashal%20Ahmed%20Jabari%20Assassination%20Israel%20Mossad%20Hamas%20Nakba.htm\">Czy Izrael naprawd\u0119 chce pokoju?<\/a><\/p>\n\n\n\n<p>Chrze\u015bcijanie mog\u0105 chcie\u0107 rozwa\u017cy\u0107 kwestie etyczne&nbsp;<a href=\"http:\/\/www.thehypertexts.com\/Nakba%20Holocaust%20Palestinians%20Bible.htm\">Co m\u00f3wi Biblia?&nbsp;Co zrobi\u0142by Jezus?<\/a><\/p>\n\n\n\n<p>Powi\u0105zane strony:&nbsp;<a href=\"http:\/\/www.thehypertexts.com\/Israel%20Apartheid%20Ethnic%20Cleansing%20Nakba.htm\">Dlaczego Izrael si\u0119 myli: dowody i argumenty przeciwko izraelskiemu rasizmowi, apartheidowi i czystce etnicznej<\/a><\/p>\n\n\n\n<p><a href=\"http:\/\/www.thehypertexts.com\/\">Hiperteksty<\/a><\/p>\n\n\n\n<p><a href=\"https:\/\/www.globalresearch.ca\/albert-einsteins-letter-warning-of-zionist-facism-in-israel\/5438170\">List Alberta Einsteina z 1948 r. do ostrze\u017cenia NYT przed syjonistycznym faszyzmem w Izraelu<\/a><\/p>\n\n\n\n<p>Oryginalnym \u017ar\u00f3d\u0142em tego artyku\u0142u jest\u00a0<a href=\"http:\/\/www.thehypertexts.com\/Albert%20Einstein%201948%20Letter%20New%20York%20Times%20Nakba.htm\" target=\"_blank\" rel=\"noreferrer noopener\">New York Times i hypertexts.com<\/a><\/p>\n\n\n\n<p>Link \u017ar\u00f3d\u0142owy <a href=\"https:\/\/www.globalresearch.ca\/albert-einsteins-1948-letter-to-the-new-york-times-comparing-israeli-politicians-to-nazis\/5653561?utm_campaign=magnet&amp;utm_source=article_page&amp;utm_medium=related_articles\">https:\/\/www.globalresearch.ca\/albert-einsteins-1948-letter-to-the-new-york-times-comparing-israeli-politicians-to-nazis\/5653561?utm_campaign=magnet&amp;utm_source=article_page&amp;utm_medium=related_articles<\/a><\/p>\n","protected":false},"excerpt":{"rendered":"<p>List Alberta Einsteina z 1948 r. do New York Times por\u00f3wnuj\u0105cy izraelskich polityk\u00f3w do nazist\u00f3w Dr\u00a0Albert Einstein\u00a0i\u00a0Michael R. Burch Global Research, 10 wrze\u015bnia 2018 r New York Times i hypertexts.com List Alberta Einsteina z 1948 roku do&nbsp;New York Timesa Je\u015bli&#8230; <\/p>\n","protected":false},"author":2,"featured_media":3662,"comment_status":"open","ping_status":"open","sticky":false,"template":"","format":"standard","meta":{"_acf_changed":false,"_bbp_topic_count":0,"_bbp_reply_count":0,"_bbp_total_topic_count":0,"_bbp_total_reply_count":0,"_bbp_voice_count":0,"_bbp_anonymous_reply_count":0,"_bbp_topic_count_hidden":0,"_bbp_reply_count_hidden":0,"_bbp_forum_subforum_count":0,"om_disable_all_campaigns":false,"_monsterinsights_skip_tracking":false,"footnotes":""},"categories":[93],"tags":[],"class_list":["post-3660","post","type-post","status-publish","format-standard","has-post-thumbnail","hentry","category-artykuly"],"acf":[],"aioseo_notices":[],"aioseo_head":"\n\t\t<!-- All in One SEO 5.0.1.1 - aioseo.com -->\n\t<meta name=\"description\" content=\"List Alberta Einsteina z 1948 r. do New York Times por\u00f3wnuj\u0105cy izraelskich polityk\u00f3w do nazist\u00f3w Dr Albert Einstein i Michael R. Burch Global Research, 10 wrze\u015bnia 2018 r New York Times i hypertexts.com List Alberta Einsteina z 1948 roku do New York Timesa Je\u015bli chcemy zrozumie\u0107 prawdziw\u0105 histori\u0119 konfliktu izraelsko-palesty\u0144skiego, mo\u017cemy zwr\u00f3ci\u0107 si\u0119 do godnego zaufania \u017cydowskiego \u017ar\u00f3d\u0142a: Alberta\" \/>\n\t<meta name=\"robots\" content=\"max-image-preview:large\" \/>\n\t<meta name=\"author\" content=\"trinity\"\/>\n\t<link rel=\"canonical\" href=\"https:\/\/wia.net.pl\/index.php\/2023\/08\/07\/list-alberta-einsteina-z-1948-r-do-new-york-times\/\" \/>\n\t<meta name=\"generator\" content=\"All in One SEO (AIOSEO) 5.0.1.1\" \/>\n\t\t<meta property=\"og:locale\" content=\"pl_PL\" \/>\n\t\t<meta property=\"og:site_name\" content=\"Wolno\u015b\u0107 i Anarchia - Ka\u017cdy wewn\u0119trznie jest anarchist\u0105.\" \/>\n\t\t<meta property=\"og:type\" content=\"article\" \/>\n\t\t<meta property=\"og:title\" content=\"List Alberta Einsteina z 1948 r. do New York Times - Wolno\u015b\u0107 i Anarchia\" \/>\n\t\t<meta property=\"og:description\" content=\"List Alberta Einsteina z 1948 r. do New York Times por\u00f3wnuj\u0105cy izraelskich polityk\u00f3w do nazist\u00f3w Dr Albert Einstein i Michael R. Burch Global Research, 10 wrze\u015bnia 2018 r New York Times i hypertexts.com List Alberta Einsteina z 1948 roku do New York Timesa Je\u015bli chcemy zrozumie\u0107 prawdziw\u0105 histori\u0119 konfliktu izraelsko-palesty\u0144skiego, mo\u017cemy zwr\u00f3ci\u0107 si\u0119 do godnego zaufania \u017cydowskiego \u017ar\u00f3d\u0142a: Alberta\" \/>\n\t\t<meta property=\"og:url\" content=\"https:\/\/wia.net.pl\/index.php\/2023\/08\/07\/list-alberta-einsteina-z-1948-r-do-new-york-times\/\" \/>\n\t\t<meta property=\"og:image\" content=\"https:\/\/wia.net.pl\/wp-content\/uploads\/2023\/11\/cropped-freedom-i73367.jpg\" \/>\n\t\t<meta property=\"og:image:secure_url\" content=\"https:\/\/wia.net.pl\/wp-content\/uploads\/2023\/11\/cropped-freedom-i73367.jpg\" \/>\n\t\t<meta property=\"article:published_time\" content=\"2023-08-07T08:33:17+00:00\" \/>\n\t\t<meta property=\"article:modified_time\" content=\"2023-08-07T08:33:17+00:00\" \/>\n\t\t<meta name=\"twitter:card\" content=\"summary_large_image\" \/>\n\t\t<meta name=\"twitter:title\" content=\"List Alberta Einsteina z 1948 r. do New York Times - Wolno\u015b\u0107 i Anarchia\" \/>\n\t\t<meta name=\"twitter:description\" content=\"List Alberta Einsteina z 1948 r. do New York Times por\u00f3wnuj\u0105cy izraelskich polityk\u00f3w do nazist\u00f3w Dr Albert Einstein i Michael R. Burch Global Research, 10 wrze\u015bnia 2018 r New York Times i hypertexts.com List Alberta Einsteina z 1948 roku do New York Timesa Je\u015bli chcemy zrozumie\u0107 prawdziw\u0105 histori\u0119 konfliktu izraelsko-palesty\u0144skiego, mo\u017cemy zwr\u00f3ci\u0107 si\u0119 do godnego zaufania \u017cydowskiego \u017ar\u00f3d\u0142a: Alberta\" \/>\n\t\t<meta name=\"twitter:image\" content=\"https:\/\/wia.net.pl\/wp-content\/uploads\/2023\/11\/cropped-freedom-i73367.jpg\" \/>\n\t\t<script type=\"application\/ld+json\" class=\"aioseo-schema\">\n\t\t\t{\"@context\":\"https:\\\/\\\/schema.org\",\"@graph\":[{\"@type\":\"BlogPosting\",\"@id\":\"https:\\\/\\\/wia.net.pl\\\/index.php\\\/2023\\\/08\\\/07\\\/list-alberta-einsteina-z-1948-r-do-new-york-times\\\/#blogposting\",\"name\":\"List Alberta Einsteina z 1948 r. do New York Times - Wolno\\u015b\\u0107 i Anarchia\",\"headline\":\"List Alberta Einsteina z 1948 r. do New York Times\",\"author\":{\"@id\":\"https:\\\/\\\/wia.net.pl\\\/index.php\\\/author\\\/trinity\\\/#author\"},\"publisher\":{\"@id\":\"https:\\\/\\\/wia.net.pl\\\/#person\"},\"image\":{\"@type\":\"ImageObject\",\"url\":\"https:\\\/\\\/wia.net.pl\\\/wp-content\\\/uploads\\\/2023\\\/08\\\/albert-einstein-01.jpg\",\"width\":1920,\"height\":1080},\"datePublished\":\"2023-08-07T10:33:17+02:00\",\"dateModified\":\"2023-08-07T10:33:17+02:00\",\"inLanguage\":\"pl-PL\",\"mainEntityOfPage\":{\"@id\":\"https:\\\/\\\/wia.net.pl\\\/index.php\\\/2023\\\/08\\\/07\\\/list-alberta-einsteina-z-1948-r-do-new-york-times\\\/#webpage\"},\"isPartOf\":{\"@id\":\"https:\\\/\\\/wia.net.pl\\\/index.php\\\/2023\\\/08\\\/07\\\/list-alberta-einsteina-z-1948-r-do-new-york-times\\\/#webpage\"},\"articleSection\":\"Artyku\\u0142y\"},{\"@type\":\"BreadcrumbList\",\"@id\":\"https:\\\/\\\/wia.net.pl\\\/index.php\\\/2023\\\/08\\\/07\\\/list-alberta-einsteina-z-1948-r-do-new-york-times\\\/#breadcrumblist\",\"itemListElement\":[{\"@type\":\"ListItem\",\"@id\":\"https:\\\/\\\/wia.net.pl#listItem\",\"position\":1,\"name\":\"Home\",\"item\":\"https:\\\/\\\/wia.net.pl\",\"nextItem\":{\"@type\":\"ListItem\",\"@id\":\"https:\\\/\\\/wia.net.pl\\\/index.php\\\/category\\\/artykuly\\\/#listItem\",\"name\":\"Artyku\\u0142y\"}},{\"@type\":\"ListItem\",\"@id\":\"https:\\\/\\\/wia.net.pl\\\/index.php\\\/category\\\/artykuly\\\/#listItem\",\"position\":2,\"name\":\"Artyku\\u0142y\",\"item\":\"https:\\\/\\\/wia.net.pl\\\/index.php\\\/category\\\/artykuly\\\/\",\"nextItem\":{\"@type\":\"ListItem\",\"@id\":\"https:\\\/\\\/wia.net.pl\\\/index.php\\\/2023\\\/08\\\/07\\\/list-alberta-einsteina-z-1948-r-do-new-york-times\\\/#listItem\",\"name\":\"List Alberta Einsteina z 1948 r. do New York Times\"},\"previousItem\":{\"@type\":\"ListItem\",\"@id\":\"https:\\\/\\\/wia.net.pl#listItem\",\"name\":\"Home\"}},{\"@type\":\"ListItem\",\"@id\":\"https:\\\/\\\/wia.net.pl\\\/index.php\\\/2023\\\/08\\\/07\\\/list-alberta-einsteina-z-1948-r-do-new-york-times\\\/#listItem\",\"position\":3,\"name\":\"List Alberta Einsteina z 1948 r. do New York Times\",\"previousItem\":{\"@type\":\"ListItem\",\"@id\":\"https:\\\/\\\/wia.net.pl\\\/index.php\\\/category\\\/artykuly\\\/#listItem\",\"name\":\"Artyku\\u0142y\"}}]},{\"@type\":\"Person\",\"@id\":\"https:\\\/\\\/wia.net.pl\\\/#person\",\"name\":\"Bart\\u0142omiej Talarczyk\",\"image\":{\"@type\":\"ImageObject\",\"@id\":\"https:\\\/\\\/wia.net.pl\\\/index.php\\\/2023\\\/08\\\/07\\\/list-alberta-einsteina-z-1948-r-do-new-york-times\\\/#personImage\",\"url\":\"https:\\\/\\\/wia.net.pl\\\/wp-content\\\/uploads\\\/avatar-privacy\\\/cache\\\/user\\\/1\\\/7\\\/176a6b161c58363ff49b5c167264231f519f5c7fa183ca1f61e891769b6b56d5-96.jpg\",\"width\":96,\"height\":96,\"caption\":\"Bart\\u0142omiej Talarczyk\"}},{\"@type\":\"Person\",\"@id\":\"https:\\\/\\\/wia.net.pl\\\/index.php\\\/author\\\/trinity\\\/#author\",\"url\":\"https:\\\/\\\/wia.net.pl\\\/index.php\\\/author\\\/trinity\\\/\",\"name\":\"trinity\",\"image\":{\"@type\":\"ImageObject\",\"@id\":\"https:\\\/\\\/wia.net.pl\\\/index.php\\\/2023\\\/08\\\/07\\\/list-alberta-einsteina-z-1948-r-do-new-york-times\\\/#authorImage\",\"url\":\"https:\\\/\\\/wia.net.pl\\\/wp-content\\\/uploads\\\/avatar-privacy\\\/cache\\\/user\\\/5\\\/f\\\/5f6547cf82495eaa10e100a6a45d5dbde2dfdc1be88557de2018fca705bdf6f1-96.jpg\",\"width\":96,\"height\":96,\"caption\":\"trinity\"}},{\"@type\":\"WebPage\",\"@id\":\"https:\\\/\\\/wia.net.pl\\\/index.php\\\/2023\\\/08\\\/07\\\/list-alberta-einsteina-z-1948-r-do-new-york-times\\\/#webpage\",\"url\":\"https:\\\/\\\/wia.net.pl\\\/index.php\\\/2023\\\/08\\\/07\\\/list-alberta-einsteina-z-1948-r-do-new-york-times\\\/\",\"name\":\"List Alberta Einsteina z 1948 r. do New York Times - Wolno\\u015b\\u0107 i Anarchia\",\"description\":\"List Alberta Einsteina z 1948 r. do New York Times por\\u00f3wnuj\\u0105cy izraelskich polityk\\u00f3w do nazist\\u00f3w Dr Albert Einstein i Michael R. Burch Global Research, 10 wrze\\u015bnia 2018 r New York Times i hypertexts.com List Alberta Einsteina z 1948 roku do New York Timesa Je\\u015bli chcemy zrozumie\\u0107 prawdziw\\u0105 histori\\u0119 konfliktu izraelsko-palesty\\u0144skiego, mo\\u017cemy zwr\\u00f3ci\\u0107 si\\u0119 do godnego zaufania \\u017cydowskiego \\u017ar\\u00f3d\\u0142a: Alberta\",\"inLanguage\":\"pl-PL\",\"isPartOf\":{\"@id\":\"https:\\\/\\\/wia.net.pl\\\/#website\"},\"breadcrumb\":{\"@id\":\"https:\\\/\\\/wia.net.pl\\\/index.php\\\/2023\\\/08\\\/07\\\/list-alberta-einsteina-z-1948-r-do-new-york-times\\\/#breadcrumblist\"},\"author\":{\"@id\":\"https:\\\/\\\/wia.net.pl\\\/index.php\\\/author\\\/trinity\\\/#author\"},\"creator\":{\"@id\":\"https:\\\/\\\/wia.net.pl\\\/index.php\\\/author\\\/trinity\\\/#author\"},\"image\":{\"@type\":\"ImageObject\",\"url\":\"https:\\\/\\\/wia.net.pl\\\/wp-content\\\/uploads\\\/2023\\\/08\\\/albert-einstein-01.jpg\",\"@id\":\"https:\\\/\\\/wia.net.pl\\\/index.php\\\/2023\\\/08\\\/07\\\/list-alberta-einsteina-z-1948-r-do-new-york-times\\\/#mainImage\",\"width\":1920,\"height\":1080},\"primaryImageOfPage\":{\"@id\":\"https:\\\/\\\/wia.net.pl\\\/index.php\\\/2023\\\/08\\\/07\\\/list-alberta-einsteina-z-1948-r-do-new-york-times\\\/#mainImage\"},\"datePublished\":\"2023-08-07T10:33:17+02:00\",\"dateModified\":\"2023-08-07T10:33:17+02:00\"},{\"@type\":\"WebSite\",\"@id\":\"https:\\\/\\\/wia.net.pl\\\/#website\",\"url\":\"https:\\\/\\\/wia.net.pl\\\/\",\"name\":\"Wolno\\u015b\\u0107 i Anarchia\",\"description\":\"Ka\\u017cdy wewn\\u0119trznie jest anarchist\\u0105.\",\"inLanguage\":\"pl-PL\",\"publisher\":{\"@id\":\"https:\\\/\\\/wia.net.pl\\\/#person\"}}]}\n\t\t<\/script>\n\t\t<!-- All in One SEO -->\n\n","aioseo_head_json":{"title":"List Alberta Einsteina z 1948 r. do New York Times - Wolno\u015b\u0107 i Anarchia","description":"List Alberta Einsteina z 1948 r. do New York Times por\u00f3wnuj\u0105cy izraelskich polityk\u00f3w do nazist\u00f3w Dr Albert Einstein i Michael R. Burch Global Research, 10 wrze\u015bnia 2018 r New York Times i hypertexts.com List Alberta Einsteina z 1948 roku do New York Timesa Je\u015bli chcemy zrozumie\u0107 prawdziw\u0105 histori\u0119 konfliktu izraelsko-palesty\u0144skiego, mo\u017cemy zwr\u00f3ci\u0107 si\u0119 do godnego zaufania \u017cydowskiego \u017ar\u00f3d\u0142a: Alberta","canonical_url":"https:\/\/wia.net.pl\/index.php\/2023\/08\/07\/list-alberta-einsteina-z-1948-r-do-new-york-times\/","robots":"max-image-preview:large","keywords":"","webmasterTools":{"miscellaneous":""},"schema":{"@context":"https:\/\/schema.org","@graph":[{"@type":"BlogPosting","@id":"https:\/\/wia.net.pl\/index.php\/2023\/08\/07\/list-alberta-einsteina-z-1948-r-do-new-york-times\/#blogposting","name":"List Alberta Einsteina z 1948 r. do New York Times - Wolno\u015b\u0107 i Anarchia","headline":"List Alberta Einsteina z 1948 r. do New York Times","author":{"@id":"https:\/\/wia.net.pl\/index.php\/author\/trinity\/#author"},"publisher":{"@id":"https:\/\/wia.net.pl\/#person"},"image":{"@type":"ImageObject","url":"https:\/\/wia.net.pl\/wp-content\/uploads\/2023\/08\/albert-einstein-01.jpg","width":1920,"height":1080},"datePublished":"2023-08-07T10:33:17+02:00","dateModified":"2023-08-07T10:33:17+02:00","inLanguage":"pl-PL","mainEntityOfPage":{"@id":"https:\/\/wia.net.pl\/index.php\/2023\/08\/07\/list-alberta-einsteina-z-1948-r-do-new-york-times\/#webpage"},"isPartOf":{"@id":"https:\/\/wia.net.pl\/index.php\/2023\/08\/07\/list-alberta-einsteina-z-1948-r-do-new-york-times\/#webpage"},"articleSection":"Artyku\u0142y"},{"@type":"BreadcrumbList","@id":"https:\/\/wia.net.pl\/index.php\/2023\/08\/07\/list-alberta-einsteina-z-1948-r-do-new-york-times\/#breadcrumblist","itemListElement":[{"@type":"ListItem","@id":"https:\/\/wia.net.pl#listItem","position":1,"name":"Home","item":"https:\/\/wia.net.pl","nextItem":{"@type":"ListItem","@id":"https:\/\/wia.net.pl\/index.php\/category\/artykuly\/#listItem","name":"Artyku\u0142y"}},{"@type":"ListItem","@id":"https:\/\/wia.net.pl\/index.php\/category\/artykuly\/#listItem","position":2,"name":"Artyku\u0142y","item":"https:\/\/wia.net.pl\/index.php\/category\/artykuly\/","nextItem":{"@type":"ListItem","@id":"https:\/\/wia.net.pl\/index.php\/2023\/08\/07\/list-alberta-einsteina-z-1948-r-do-new-york-times\/#listItem","name":"List Alberta Einsteina z 1948 r. do New York Times"},"previousItem":{"@type":"ListItem","@id":"https:\/\/wia.net.pl#listItem","name":"Home"}},{"@type":"ListItem","@id":"https:\/\/wia.net.pl\/index.php\/2023\/08\/07\/list-alberta-einsteina-z-1948-r-do-new-york-times\/#listItem","position":3,"name":"List Alberta Einsteina z 1948 r. do New York Times","previousItem":{"@type":"ListItem","@id":"https:\/\/wia.net.pl\/index.php\/category\/artykuly\/#listItem","name":"Artyku\u0142y"}}]},{"@type":"Person","@id":"https:\/\/wia.net.pl\/#person","name":"Bart\u0142omiej Talarczyk","image":{"@type":"ImageObject","@id":"https:\/\/wia.net.pl\/index.php\/2023\/08\/07\/list-alberta-einsteina-z-1948-r-do-new-york-times\/#personImage","url":"https:\/\/wia.net.pl\/wp-content\/uploads\/avatar-privacy\/cache\/user\/1\/7\/176a6b161c58363ff49b5c167264231f519f5c7fa183ca1f61e891769b6b56d5-96.jpg","width":96,"height":96,"caption":"Bart\u0142omiej Talarczyk"}},{"@type":"Person","@id":"https:\/\/wia.net.pl\/index.php\/author\/trinity\/#author","url":"https:\/\/wia.net.pl\/index.php\/author\/trinity\/","name":"trinity","image":{"@type":"ImageObject","@id":"https:\/\/wia.net.pl\/index.php\/2023\/08\/07\/list-alberta-einsteina-z-1948-r-do-new-york-times\/#authorImage","url":"https:\/\/wia.net.pl\/wp-content\/uploads\/avatar-privacy\/cache\/user\/5\/f\/5f6547cf82495eaa10e100a6a45d5dbde2dfdc1be88557de2018fca705bdf6f1-96.jpg","width":96,"height":96,"caption":"trinity"}},{"@type":"WebPage","@id":"https:\/\/wia.net.pl\/index.php\/2023\/08\/07\/list-alberta-einsteina-z-1948-r-do-new-york-times\/#webpage","url":"https:\/\/wia.net.pl\/index.php\/2023\/08\/07\/list-alberta-einsteina-z-1948-r-do-new-york-times\/","name":"List Alberta Einsteina z 1948 r. do New York Times - Wolno\u015b\u0107 i Anarchia","description":"List Alberta Einsteina z 1948 r. do New York Times por\u00f3wnuj\u0105cy izraelskich polityk\u00f3w do nazist\u00f3w Dr Albert Einstein i Michael R. Burch Global Research, 10 wrze\u015bnia 2018 r New York Times i hypertexts.com List Alberta Einsteina z 1948 roku do New York Timesa Je\u015bli chcemy zrozumie\u0107 prawdziw\u0105 histori\u0119 konfliktu izraelsko-palesty\u0144skiego, mo\u017cemy zwr\u00f3ci\u0107 si\u0119 do godnego zaufania \u017cydowskiego \u017ar\u00f3d\u0142a: Alberta","inLanguage":"pl-PL","isPartOf":{"@id":"https:\/\/wia.net.pl\/#website"},"breadcrumb":{"@id":"https:\/\/wia.net.pl\/index.php\/2023\/08\/07\/list-alberta-einsteina-z-1948-r-do-new-york-times\/#breadcrumblist"},"author":{"@id":"https:\/\/wia.net.pl\/index.php\/author\/trinity\/#author"},"creator":{"@id":"https:\/\/wia.net.pl\/index.php\/author\/trinity\/#author"},"image":{"@type":"ImageObject","url":"https:\/\/wia.net.pl\/wp-content\/uploads\/2023\/08\/albert-einstein-01.jpg","@id":"https:\/\/wia.net.pl\/index.php\/2023\/08\/07\/list-alberta-einsteina-z-1948-r-do-new-york-times\/#mainImage","width":1920,"height":1080},"primaryImageOfPage":{"@id":"https:\/\/wia.net.pl\/index.php\/2023\/08\/07\/list-alberta-einsteina-z-1948-r-do-new-york-times\/#mainImage"},"datePublished":"2023-08-07T10:33:17+02:00","dateModified":"2023-08-07T10:33:17+02:00"},{"@type":"WebSite","@id":"https:\/\/wia.net.pl\/#website","url":"https:\/\/wia.net.pl\/","name":"Wolno\u015b\u0107 i Anarchia","description":"Ka\u017cdy wewn\u0119trznie jest anarchist\u0105.","inLanguage":"pl-PL","publisher":{"@id":"https:\/\/wia.net.pl\/#person"}}]},"og:locale":"pl_PL","og:site_name":"Wolno\u015b\u0107 i Anarchia - Ka\u017cdy wewn\u0119trznie jest anarchist\u0105.","og:type":"article","og:title":"List Alberta Einsteina z 1948 r. do New York Times - Wolno\u015b\u0107 i Anarchia","og:description":"List Alberta Einsteina z 1948 r. do New York Times por\u00f3wnuj\u0105cy izraelskich polityk\u00f3w do nazist\u00f3w Dr Albert Einstein i Michael R. Burch Global Research, 10 wrze\u015bnia 2018 r New York Times i hypertexts.com List Alberta Einsteina z 1948 roku do New York Timesa Je\u015bli chcemy zrozumie\u0107 prawdziw\u0105 histori\u0119 konfliktu izraelsko-palesty\u0144skiego, mo\u017cemy zwr\u00f3ci\u0107 si\u0119 do godnego zaufania \u017cydowskiego \u017ar\u00f3d\u0142a: Alberta","og:url":"https:\/\/wia.net.pl\/index.php\/2023\/08\/07\/list-alberta-einsteina-z-1948-r-do-new-york-times\/","og:image":"https:\/\/wia.net.pl\/wp-content\/uploads\/2023\/11\/cropped-freedom-i73367.jpg","og:image:secure_url":"https:\/\/wia.net.pl\/wp-content\/uploads\/2023\/11\/cropped-freedom-i73367.jpg","article:published_time":"2023-08-07T08:33:17+00:00","article:modified_time":"2023-08-07T08:33:17+00:00","twitter:card":"summary_large_image","twitter:title":"List Alberta Einsteina z 1948 r. do New York Times - Wolno\u015b\u0107 i Anarchia","twitter:description":"List Alberta Einsteina z 1948 r. do New York Times por\u00f3wnuj\u0105cy izraelskich polityk\u00f3w do nazist\u00f3w Dr Albert Einstein i Michael R. Burch Global Research, 10 wrze\u015bnia 2018 r New York Times i hypertexts.com List Alberta Einsteina z 1948 roku do New York Timesa Je\u015bli chcemy zrozumie\u0107 prawdziw\u0105 histori\u0119 konfliktu izraelsko-palesty\u0144skiego, mo\u017cemy zwr\u00f3ci\u0107 si\u0119 do godnego zaufania \u017cydowskiego \u017ar\u00f3d\u0142a: Alberta","twitter:image":"https:\/\/wia.net.pl\/wp-content\/uploads\/2023\/11\/cropped-freedom-i73367.jpg"},"aioseo_meta_data":{"post_id":"3660","title":null,"description":null,"keywords":[],"keyphrases":{"focus":{"keyphrase":"","score":0,"analysis":{"keyphraseInTitle":{"score":0,"maxScore":9,"error":1}}},"additional":[]},"primary_term":null,"canonical_url":null,"og_title":null,"og_description":null,"og_object_type":"default","og_image_type":"default","og_image_url":null,"og_image_width":null,"og_image_height":null,"og_image_custom_url":null,"og_image_custom_fields":null,"og_video":"","og_custom_url":null,"og_article_section":null,"og_article_tags":[],"twitter_use_og":false,"twitter_card":"default","twitter_image_type":"default","twitter_image_url":null,"twitter_image_custom_url":null,"twitter_image_custom_fields":null,"twitter_title":null,"twitter_description":null,"schema":{"blockGraphs":[],"customGraphs":[],"default":{"data":{"Article":[],"Course":[],"Dataset":[],"FAQPage":[],"Movie":[],"Person":[],"Product":[],"ProductReview":[],"Car":[],"Recipe":[],"Service":[],"SoftwareApplication":[],"WebPage":[]},"graphName":"BlogPosting","isEnabled":true},"graphs":[]},"schema_type":"default","schema_type_options":null,"pillar_content":false,"robots_default":true,"robots_noindex":false,"robots_noarchive":false,"robots_nosnippet":false,"robots_nofollow":false,"robots_noimageindex":false,"robots_noodp":false,"robots_notranslate":false,"robots_max_snippet":"-1","robots_max_videopreview":"-1","robots_max_imagepreview":"large","priority":null,"frequency":"default","local_seo":null,"breadcrumb_settings":null,"limit_modified_date":false,"ai":null,"created":"2023-08-07 08:33:18","updated":"2025-06-04 08:53:35","seo_analyzer_scan_date":null,"focus_keyword":null,"additional_keywords":null,"truseo_locale":null},"aioseo_breadcrumb":"<div class=\"aioseo-breadcrumbs\"><span class=\"aioseo-breadcrumb\">\n\t\t\t<a href=\"https:\/\/wia.net.pl\" title=\"Home\">Home<\/a>\n\t\t<\/span><span class=\"aioseo-breadcrumb-separator\">&raquo;<\/span><span class=\"aioseo-breadcrumb\">\n\t\t\t<a href=\"https:\/\/wia.net.pl\/index.php\/category\/artykuly\/\" title=\"Artyku\u0142y\">Artyku\u0142y<\/a>\n\t\t<\/span><span class=\"aioseo-breadcrumb-separator\">&raquo;<\/span><span class=\"aioseo-breadcrumb\">\n\t\t\tList Alberta Einsteina z 1948 r. do New York Times\n\t\t<\/span><\/div>","aioseo_breadcrumb_json":[{"label":"Home","link":"https:\/\/wia.net.pl"},{"label":"Artyku\u0142y","link":"https:\/\/wia.net.pl\/index.php\/category\/artykuly\/"},{"label":"List Alberta Einsteina z 1948 r. do New York Times","link":"https:\/\/wia.net.pl\/index.php\/2023\/08\/07\/list-alberta-einsteina-z-1948-r-do-new-york-times\/"}],"_links":{"self":[{"href":"https:\/\/wia.net.pl\/index.php\/wp-json\/wp\/v2\/posts\/3660"}],"collection":[{"href":"https:\/\/wia.net.pl\/index.php\/wp-json\/wp\/v2\/posts"}],"about":[{"href":"https:\/\/wia.net.pl\/index.php\/wp-json\/wp\/v2\/types\/post"}],"author":[{"embeddable":true,"href":"https:\/\/wia.net.pl\/index.php\/wp-json\/wp\/v2\/users\/2"}],"replies":[{"embeddable":true,"href":"https:\/\/wia.net.pl\/index.php\/wp-json\/wp\/v2\/comments?post=3660"}],"version-history":[{"count":1,"href":"https:\/\/wia.net.pl\/index.php\/wp-json\/wp\/v2\/posts\/3660\/revisions"}],"predecessor-version":[{"id":3663,"href":"https:\/\/wia.net.pl\/index.php\/wp-json\/wp\/v2\/posts\/3660\/revisions\/3663"}],"wp:featuredmedia":[{"embeddable":true,"href":"https:\/\/wia.net.pl\/index.php\/wp-json\/wp\/v2\/media\/3662"}],"wp:attachment":[{"href":"https:\/\/wia.net.pl\/index.php\/wp-json\/wp\/v2\/media?parent=3660"}],"wp:term":[{"taxonomy":"category","embeddable":true,"href":"https:\/\/wia.net.pl\/index.php\/wp-json\/wp\/v2\/categories?post=3660"},{"taxonomy":"post_tag","embeddable":true,"href":"https:\/\/wia.net.pl\/index.php\/wp-json\/wp\/v2\/tags?post=3660"}],"curies":[{"name":"wp","href":"https:\/\/api.w.org\/{rel}","templated":true}]}}