{"id":3736,"date":"2023-08-10T11:31:56","date_gmt":"2023-08-10T09:31:56","guid":{"rendered":"https:\/\/wia.net.pl\/?p=3736"},"modified":"2023-08-10T11:31:57","modified_gmt":"2023-08-10T09:31:57","slug":"edukacja-indoktrynacja-zastraszanie-nietolerancja","status":"publish","type":"post","link":"https:\/\/wia.net.pl\/index.php\/2023\/08\/10\/edukacja-indoktrynacja-zastraszanie-nietolerancja\/","title":{"rendered":"Edukacja = Indoktrynacja\/Zastraszanie\/Nietolerancja"},"content":{"rendered":"\n<p><strong>Indoktrynacja, zastraszanie i nietolerancja: co uchodzi dzi\u015b za edukacj\u0119<\/strong><\/p>\n\n\n\n<p>Autorzy, John\u00a0<a href=\"https:\/\/www.globalresearch.ca\/author\/john-w-whitehead\">W. Whitehead<\/a>\u00a0i\u00a0<a href=\"https:\/\/www.globalresearch.ca\/author\/nisha-whitehead\">Nisha Whitehead<\/a><\/p>\n\n\n\n<p>Global Research, 9 sierpnia 2023 r<\/p>\n\n\n\n<figure class=\"wp-block-image size-full is-resized\"><img loading=\"lazy\" decoding=\"async\" src=\"https:\/\/wia.net.pl\/wp-content\/uploads\/2023\/08\/school-w.jpg\" alt=\"\" class=\"wp-image-3737\" width=\"840\" height=\"578\" srcset=\"https:\/\/wia.net.pl\/wp-content\/uploads\/2023\/08\/school-w.jpg 480w, https:\/\/wia.net.pl\/wp-content\/uploads\/2023\/08\/school-w-300x206.jpg 300w\" sizes=\"(max-width: 840px) 100vw, 840px\" \/><\/figure>\n\n\n\n<p>                                                                                    <em>Obraz pochodzi z\u00a0<a href=\"https:\/\/mises.org\/wire\/how-woke-left-destroying-education\">Mises Wire<\/a><\/em><\/p>\n\n\n\n<p><\/p>\n\n\n\n<p><em>\u201eKa\u017cdego dnia w spo\u0142eczno\u015bciach w ca\u0142ych Stanach Zjednoczonych dzieci i m\u0142odzie\u017c sp\u0119dzaj\u0105 wi\u0119kszo\u015b\u0107 czasu w szko\u0142ach, kt\u00f3re coraz bardziej przypominaj\u0105\u00a0<a href=\"http:\/\/www.amazon.com\/dp\/184467407X\">miejsca przetrzymywania,<\/a>\u00a0a nie miejsca nauki\u201d.\u00a0<\/em>\u2014Dziennikarz \u015bledczy Annette Fuentes<\/p>\n\n\n\n<p>Oto, co oznacza dzi\u015b powr\u00f3t do szko\u0142y w Ameryce.<\/p>\n\n\n\n<p>Zamiast uczy\u0107 si\u0119 trzech zasad edukacji (czytanie, pisanie i arytmetyka), m\u0142odzi ludzie s\u0105 \u0107wiczeni w zakresie trzech zasad \u017cycia w ameryka\u0144skim pa\u0144stwie policyjnym: indoktrynacji, zastraszania i nietolerancji.<\/p>\n\n\n\n<p>Rzeczywi\u015bcie, podczas gdy dzisiejsza m\u0142odzie\u017c uczy si\u0119 z pierwszej r\u0119ki, co to znaczy znale\u017a\u0107 si\u0119 w epicentrum&nbsp;<a href=\"https:\/\/www.nea.org\/advocating-for-change\/new-from-nea\/culture-wars-impact-public-schools\">politycznie na\u0142adowanych wojen kulturowych<\/a>&nbsp;, wyniki test\u00f3w wskazuj\u0105, \u017ce&nbsp;<a href=\"https:\/\/thehill.com\/homenews\/education\/3988915-what-falling-test-scores-mean-for-us-students\/\">uczniowie&nbsp;<em>nie<\/em>&nbsp;ucz\u0105 si\u0119, jak odnie\u015b\u0107 sukces w naukach spo\u0142ecznych, matematyce i czytaniu<\/a>&nbsp;.<\/p>\n\n\n\n<p>Zamiast wychowywa\u0107 pokolenie obywatelsko nastawionych obywateli z umiej\u0119tno\u015bci\u0105 krytycznego my\u015blenia, urz\u0119dnicy rz\u0105dowi produkuj\u0105 uleg\u0142e drony, kt\u00f3re niewiele lub nic nie wiedz\u0105 o swojej historii lub swoich wolno\u015bciach.<\/p>\n\n\n\n<p>Pod kierunkiem urz\u0119dnik\u00f3w pa\u0144stwowych skupionych na uczynieniu szk\u00f3\u0142 bardziej autorytarnymi (sprzedanymi rodzicom jako pr\u00f3ba uczynienia szk\u00f3\u0142 bezpieczniejszymi), m\u0142odzi ludzie w Ameryce s\u0105 teraz pierwsi w kolejce do przeszukiwania, inwigilacji, szpiegowania, zastraszania, wi\u0105zania, zamkni\u0119ci, traktowani jak przest\u0119pcy za zachowanie niezwi\u0105zane z przest\u0119pczo\u015bci\u0105, paralizatorami, aw niekt\u00f3rych przypadkach zastrzeleni.<\/p>\n\n\n\n<p>Od momentu, gdy dziecko rozpocznie nauk\u0119&nbsp;<a href=\"https:\/\/nces.ed.gov\/fastfacts\/display.asp?id=84\">w jednej z 98 000 szk\u00f3\u0142 publicznych w kraju,<\/a>&nbsp;do momentu uko\u0144czenia szko\u0142y, b\u0119dzie nara\u017cone na sta\u0142\u0105 diet\u0119 sk\u0142adaj\u0105c\u0105 si\u0119 z:<\/p>\n\n\n\n<ul class=\"wp-block-list\">\n<li>drako\u0144ska polityka zerowej tolerancji, kt\u00f3ra kryminalizuje dziecinne zachowanie,<\/li>\n\n\n\n<li>przesadne przepisy dotycz\u0105ce przeciwdzia\u0142ania zastraszaniu, kt\u00f3re kryminalizuj\u0105 mow\u0119,<\/li>\n\n\n\n<li>funkcjonariusze ds. zasob\u00f3w szkolnych (policja), kt\u00f3rych zadaniem jest dyscyplinowanie i\/lub aresztowanie tzw. \u201enieporz\u0105dnych\u201d uczni\u00f3w,<\/li>\n\n\n\n<li>ustandaryzowane testy, kt\u00f3re k\u0142ad\u0105 nacisk na wyuczone odpowiedzi zamiast krytycznego my\u015blenia,<\/li>\n\n\n\n<li>politycznie poprawny spos\u00f3b my\u015blenia, kt\u00f3ry uczy m\u0142odych ludzi cenzurowania siebie i otaczaj\u0105cych ich os\u00f3b,<\/li>\n\n\n\n<li>oraz rozleg\u0142e systemy biometryczne i systemy nadzoru, kt\u00f3re w po\u0142\u0105czeniu z reszt\u0105 aklimatyzuj\u0105 m\u0142odych ludzi w \u015bwiecie, w kt\u00f3rym nie maj\u0105 swobody my\u015bli, s\u0142owa ani poruszania si\u0119.<\/li>\n<\/ul>\n\n\n\n<p>W ten spos\u00f3b przygotowuje si\u0119 m\u0142odych ludzi do marszu w parze z pa\u0144stwem policyjnym.<\/p>\n\n\n\n<p>Jak pisze Deborah Cadbury dla&nbsp;<em>The Washington Post<\/em>&nbsp;: \u201e&nbsp;<a href=\"https:\/\/www.washingtonpost.com\/made-by-history\/2022\/07\/07\/schools-can-serve-authoritarian-aims-or-thwart-them\/https:\/www.washingtonpost.com\/made-by-history\/2022\/07\/07\/schools-can-serve-authoritarian-aims-or-thwart-them\/\">Autorytarni w\u0142adcy od dawna pr\u00f3bowali przej\u0105\u0107 kontrol\u0119 nad klas\u0105 w ramach swoich totalitarnych rz\u0105d\u00f3w<\/a>&nbsp;\u201d.<\/p>\n\n\n\n<p>W nazistowskich Niemczech szko\u0142y sta\u0142y si\u0119 o\u015brodkami indoktrynacji, wyl\u0119garni\u0105 nietolerancji i uleg\u0142o\u015bci.<\/p>\n\n\n\n<p>W ameryka\u0144skim pa\u0144stwie policyjnym szko\u0142y staj\u0105 si\u0119 coraz bardziej wrogie wobec tych, kt\u00f3rzy o\u015bmielaj\u0105 si\u0119 kwestionowa\u0107 lub kwestionowa\u0107 status quo.<\/p>\n\n\n\n<p>M\u0142odzi Amerykanie stali si\u0119 ofiarami sposobu my\u015blenia po 11 wrze\u015bnia, kt\u00f3ry przekszta\u0142ci\u0142 kraj w zamkni\u0119t\u0105, zmilitaryzowan\u0105, nap\u0119dzan\u0105 kryzysem kpin\u0119 z reprezentatywnego rz\u0105du.<\/p>\n\n\n\n<p>Ameryka\u0144skie szko\u0142y, wci\u0105gni\u0119te w nakierowan\u0105 na zysk kampani\u0119 rz\u0105du maj\u0105c\u0105 na celu ochron\u0119 narodu przed narkotykami, chorobami i broni\u0105, zamieni\u0142y si\u0119 w quasi-wi\u0119zienia, wyposa\u017cone w kamery monitoruj\u0105ce, wykrywacze metali, patrole policyjne, polityk\u0119 zerowej tolerancji, blokady , psy tropi\u0105ce narkotyki, rewizje z rozbieraniem i \u0107wiczenia z aktywnymi strzelankami.<\/p>\n\n\n\n<p>Uczniowie nie tylko s\u0105 karani za drobne wykroczenia, takie jak zabawa w policjant\u00f3w i z\u0142odziei na placu zabaw, przynoszenie klock\u00f3w LEGO do szko\u0142y czy walka na jedzenie, ale kary sta\u0142y si\u0119 znacznie surowsze, przechodz\u0105c od szlaban\u00f3w i wizyt w gabinecie dyrektora do mandat\u00f3w za wykroczenia , s\u0105d dla nieletnich, kajdanki, paralizatory, a nawet kary wi\u0119zienia.<\/p>\n\n\n\n<p><a href=\"https:\/\/www.globalresearch.ca\/the-three-is-of-a-police-state-education-indoctrination-intimidation-intolerance\/5788690\">Trzy \u201eja\u201d \u201epolicyjnej edukacji pa\u0144stwowej\u201d: indoktrynacja, zastraszanie i nietolerancja<\/a><\/p>\n\n\n\n<p>Uczniowie zostali zawieszeni w ramach szkolnej polityki zerowej tolerancji za przynoszenie do szko\u0142y \u201epodobnych substancji\u201d, takich jak&nbsp;<a href=\"http:\/\/www.abc2news.com\/homepage-showcase\/middle-school-students-busted-for-bringing-fake-drugs-to-school\">oregano<\/a>&nbsp;,&nbsp;<a href=\"https:\/\/reason.com\/archives\/1998\/01\/01\/brickbats\">mi\u0119t\u00f3wki ,&nbsp;<\/a><a href=\"http:\/\/www.washingtonpost.com\/wp-dyn\/content\/article\/2009\/04\/04\/AR2009040402591.html\">pigu\u0142ki<\/a>&nbsp;antykoncepcyjne&nbsp;i&nbsp;<a href=\"http:\/\/www.freerepublic.com\/focus\/news\/1576762\/posts\">cukier puder<\/a>&nbsp;.<\/p>\n\n\n\n<p>Bro\u0144 przypominaj\u0105ca bro\u0144 (zabawkowe pistolety \u2014 nawet te wielko\u015bci klock\u00f3w Lego, r\u0119cznie rysowane obrazki broni,&nbsp;&nbsp;<a href=\"https:\/\/reason.com\/blog\/2014\/12\/29\/the-top-10-zero-tolerance-follies-of-201#.vgodno:K7nn\">o\u0142\u00f3wki obracane<\/a>&nbsp;&nbsp;w \u201egro\u017any\u201d spos\u00f3b, wyimaginowane \u0142uki i strza\u0142y, palce u\u0142o\u017cone jak pistolety) mo\u017ce r\u00f3wnie\u017c spowodowa\u0107, \u017ce ucze\u0144 wpadnie do gor\u0105cej wody, w niekt\u00f3re przypadki skutkuj\u0105ce wydaleniem ze szko\u0142y lub oskar\u017ceniem o przest\u0119pstwo.<\/p>\n\n\n\n<p>Nawet dobre uczynki nie uchodz\u0105 bez kary.<\/p>\n\n\n\n<p>Jeden 13-latek zosta\u0142 zatrzymany za nara\u017cenie szko\u0142y na \u201eodpowiedzialno\u015b\u0107\u201d, dziel\u0105c&nbsp;<a href=\"https:\/\/reason.com\/blog\/2014\/12\/29\/the-top-10-zero-tolerance-follies-of-201#.vgodno:K7nn\">si\u0119 lunchem<\/a>&nbsp;z g\u0142odnym przyjacielem.&nbsp;Trzecioklasistka zosta\u0142a&nbsp;<a href=\"http:\/\/www.cbsnews.com\/news\/colorado-girl-shaves-head-for-pal-with-cancer-temporarily-suspended\/\">zawieszona za ogolenie g\u0142owy<\/a>&nbsp;w ge\u015bcie wsp\u00f3\u0142czucia dla przyjaci\u00f3\u0142ki, kt\u00f3ra straci\u0142a w\u0142osy w wyniku chemioterapii.&nbsp;A potem by\u0142 licealista, kt\u00f3ry zosta\u0142&nbsp;<a href=\"http:\/\/www.foxnews.com\/opinion\/2014\/08\/20\/student-punished-for-saying-bless.html\">zawieszony za powiedzenie \u201ena zdrowie\u201d<\/a>&nbsp;po tym, jak kolega z klasy kichn\u0105\u0142.<\/p>\n\n\n\n<p>Obecno\u015b\u0107 policji w szko\u0142ach tylko zwi\u0119ksza niebezpiecze\u0144stwo.<\/p>\n\n\n\n<p>Dzi\u0119ki po\u0142\u0105czeniu szumu medialnego, uleg\u0142o\u015bci politycznej i zach\u0119t finansowych, u\u017cycie uzbrojonych funkcjonariuszy policji (znanych r\u00f3wnie\u017c jako funkcjonariusze ds. zasob\u00f3w szkolnych) do patrolowania korytarzy szkolnych dramatycznie wzros\u0142o w latach po strzelaninie w szkole w Columbine.<\/p>\n\n\n\n<p>Rzeczywi\u015bcie,&nbsp;<a href=\"http:\/\/time.com\/4093517\/south-carolina-school-police-ben-fields\/\">rosn\u0105ca obecno\u015b\u0107 policji w szko\u0142ach w kraju<\/a>&nbsp;skutkuje&nbsp;<a href=\"http:\/\/www.motherjones.com\/politics\/2013\/03\/police-kids-schools\">wi\u0119kszym \u201ezaanga\u017cowaniem policji w rutynowe sprawy dyscyplinarne<\/a>&nbsp;, kt\u00f3rymi dyrektorzy i rodzice zajmowali si\u0119 bez udzia\u0142u funkcjonariuszy organ\u00f3w \u015bcigania\u201d.<\/p>\n\n\n\n<p>Finansowani przez Departament Sprawiedliwo\u015bci Stan\u00f3w Zjednoczonych ci funkcjonariusze ds. zasob\u00f3w szkolnych stali si\u0119 de facto stra\u017cnikami w szko\u0142ach podstawowych, gimnazjach i liceach, wymierzaj\u0105c w\u0142asn\u0105 mark\u0119 sprawiedliwo\u015bci tak zwanym \u201eprzest\u0119pcom\u201d w\u015br\u00f3d nich za pomoc\u0105 taser\u00f3w,&nbsp;<a href=\"http:\/\/www.motherjones.com\/politics\/2015\/05\/police-school-resource-officers-k-12-misconduct-violence\">pieprzu spray, pa\u0142ki i brutalna si\u0142a<\/a>&nbsp;.<\/p>\n\n\n\n<p>Wobec braku wytycznych odpowiednich dla szk\u00f3\u0142,&nbsp;<a href=\"http:\/\/www.motherjones.com\/politics\/2015\/02\/birmingham-school-police-trial-splc\">policja coraz cz\u0119\u015bciej \u201ewkracza, by zaj\u0105\u0107 si\u0119 drobnymi \u0142amaniami zasad<\/a>&nbsp;: obwis\u0142ymi spodniami, lekcewa\u017c\u0105cymi komentarzami, kr\u00f3tkimi fizycznymi potyczkami.&nbsp;To, co wcze\u015bniej mog\u0142o zako\u0144czy\u0107 si\u0119 zatrzymaniem lub wizyt\u0105 w gabinecie dyrektora, zosta\u0142o zast\u0105pione rozdzieraj\u0105cym b\u00f3lem i chwilow\u0105 \u015blepot\u0105, po kt\u00f3rej cz\u0119sto nast\u0119powa\u0142a wycieczka do s\u0105du\u201d.<\/p>\n\n\n\n<p>Nawet m\u0142odszym dzieciom w wieku szkolnym nie oszcz\u0119dzono tych \u201ehartuj\u0105cych\u201d taktyk.<\/p>\n\n\n\n<p>Ka\u017cdego dnia, kiedy w szkole odbywaj\u0105 si\u0119 zaj\u0119cia,&nbsp;<a href=\"http:\/\/www.propublica.org\/article\/schools-restraints-seclusions\">dzieci, kt\u00f3re \u201edzia\u0142aj\u0105\u201d w klasie, s\u0105 przyszpilane twarz\u0105 do pod\u0142ogi, zamykane w ciemnych szafach, zwi\u0105zane paskami, linkami bungee i ta\u015bm\u0105 klej\u0105c\u0105, zakute w kajdanki, zakute w kajdany na nogach, parali\u017cowane lub w inny spos\u00f3b skr\u0119powane , unieruchomione lub umieszczone w izolatce<\/a>&nbsp;w celu poddania ich \u201ekontroli\u201d.<\/p>\n\n\n\n<p>W prawie ka\u017cdym przypadku te niezaprzeczalnie surowe metody s\u0105 stosowane do karania dzieci \u2013 niekt\u00f3re w wieku 4 i 5 lat \u2013 za zwyk\u0142e nieprzestrzeganie wskaz\u00f3wek lub wpadanie w z\u0142o\u015b\u0107.<\/p>\n\n\n\n<p>Bardzo rzadko dzieci stanowi\u0105 jakiekolwiek wiarygodne zagro\u017cenie dla siebie lub innych.<\/p>\n\n\n\n<p>Niewiarygodne,&nbsp;<a href=\"http:\/\/www.propublica.org\/article\/schools-restraints-seclusions\">wszystkie te taktyki s\u0105 legalne<\/a>&nbsp;, przynajmniej wtedy, gdy s\u0105 stosowane przez urz\u0119dnik\u00f3w szkolnych lub funkcjonariuszy ds. zasob\u00f3w szkolnych w krajowych szko\u0142ach publicznych.<\/p>\n\n\n\n<p>Tak si\u0119 dzieje, gdy wprowadza si\u0119 policj\u0119 i taktyk\u0119 policyjn\u0105 do szk\u00f3\u0142.<\/p>\n\n\n\n<p>Paradoksalnie, zanim dodamy blokady i aktywne \u0107wiczenia strzeleckie, zamiast uczyni\u0107 szko\u0142y bezpieczniejszymi, w\u0142adzom szkolnym uda\u0142o si\u0119 stworzy\u0107 \u015brodowisko, w kt\u00f3rym dzieci s\u0105 tak traumatyczne, \u017ce cierpi\u0105 na zesp\u00f3\u0142 stresu pourazowego, koszmary senne,&nbsp;<a href=\"file:\/\/\/dc01\/ttp\/::www.help.senate.gov:imo:media:doc:Seclusion%20and%20Restraints%20Final%20Report.pdf\">niepok\u00f3j<\/a>&nbsp;, nieufno\u015b\u0107 doros\u0142ych wobec autorytet\u00f3w, a tak\u017ce uczucia z\u0142o\u015bci, depresji, upokorzenia, rozpaczy i z\u0142udze\u0144.<\/p>\n\n\n\n<p>Na przyk\u0142ad gimnazjum w stanie Waszyngton zosta\u0142o&nbsp;<a href=\"http:\/\/www.nytimes.com\/2014\/01\/17\/us\/in-age-of-school-shootings-lockdown-drills-are-the-new-duck-and-cover.html\">zamkni\u0119te po tym, jak ucze\u0144 przyni\u00f3s\u0142 do klasy zabawkowy pistolet<\/a>&nbsp;.&nbsp;Szko\u0142a \u015brednia w Bostonie zosta\u0142a&nbsp;<a href=\"http:\/\/www.nytimes.com\/2014\/01\/17\/us\/in-age-of-school-shootings-lockdown-drills-are-the-new-duck-and-cover.html\">zamkni\u0119ta na cztery godziny po tym, jak w klasie odkryto kul\u0119<\/a>&nbsp;.&nbsp;Szko\u0142a podstawowa w P\u00f3\u0142nocnej Karolinie zosta\u0142a zamkni\u0119ta i wezwana na policj\u0119 po tym, jak ucze\u0144&nbsp;<a href=\"http:\/\/www.nytimes.com\/2014\/01\/17\/us\/in-age-of-school-shootings-lockdown-drills-are-the-new-duck-and-cover.html\">pi\u0105tej klasy zg\u0142osi\u0142, \u017ce widzia\u0142 w szkole nieznanego m\u0119\u017cczyzn\u0119<\/a>&nbsp;(okaza\u0142o si\u0119, \u017ce by\u0142 to rodzic).<\/p>\n\n\n\n<p>Funkcjonariusze policji w szkole \u015bredniej na Florydzie przeprowadzili aktywne \u0107wiczenia strzeleckie, staraj\u0105c si\u0119 edukowa\u0107 uczni\u00f3w, jak reagowa\u0107 w przypadku rzeczywistego kryzysu strzeleckiego.&nbsp;Dw\u00f3ch uzbrojonych&nbsp;<a href=\"http:\/\/www.washingtonpost.com\/news\/national\/wp\/2014\/11\/14\/i-thought-he-was-going-to-shoot-me-unsuspecting-middle-school-students-terrified-by-active-shooter-drill\/\">funkcjonariuszy z za\u0142adowan\u0105 i wyci\u0105gni\u0119t\u0105 broni\u0105 wtargn\u0119\u0142o do klas, terroryzuj\u0105c uczni\u00f3w<\/a>&nbsp;i wprowadzaj\u0105c w szkole tryb zamkni\u0119cia.<\/p>\n\n\n\n<p>Ta taktyka pa\u0144stwa policyjnego nie sprawi\u0142a, \u017ce \u200b\u200bszko\u0142y sta\u0142y si\u0119 bezpieczniejsze.<\/p>\n\n\n\n<p>Skutki by\u0142y takie, jakich mo\u017cna si\u0119 spodziewa\u0107, a m\u0142odzi ludzie w kraju traktowani jak zatwardziali przest\u0119pcy: zakuwani w kajdanki, aresztowani, paralizatorami, powaleni i nauczeni bolesnej lekcji, \u017ce Konstytucja (zw\u0142aszcza Czwarta Poprawka) nie znaczy wiele dla ameryka\u0144skiej policji pa\u0144stwo.<\/p>\n\n\n\n<p>Wi\u0119c jaka jest odpowied\u017a, nie tylko dla tu i teraz \u2013 dzieci dorastaj\u0105cych w tych quasi-wi\u0119zieniach \u2013 ale dla przysz\u0142o\u015bci tego kraju?<\/p>\n\n\n\n<p>Jak przekona\u0107 dziecko, kt\u00f3re by\u0142o rutynowo skute kajdankami, zakute w kajdanki, zwi\u0105zane, zamkni\u0119te i unieruchomione przez urz\u0119dnik\u00f3w pa\u0144stwowych \u2014 wszystko przed osi\u0105gni\u0119ciem doros\u0142o\u015bci \u2014 \u017ce ma w og\u00f3le jakiekolwiek prawa, nie m\u00f3wi\u0105c ju\u017c o prawie do zakwestionowania wykroczenia , oprze\u0107 si\u0119 uciskowi i broni\u0107 si\u0119 przed niesprawiedliwo\u015bci\u0105?<\/p>\n\n\n\n<p>A przede wszystkim, jak przekona\u0107 Amerykanina, \u017ce \u200b\u200brz\u0105d pracuje dla niego, skoro przez wi\u0119kszo\u015b\u0107 swojego m\u0142odego \u017cycia by\u0142 osadzony w instytucji, kt\u00f3ra uczy m\u0142odych ludzi, jak by\u0107 pos\u0142usznymi i uleg\u0142ymi obywatelami, kt\u00f3rzy nie odpowiadaj\u0105, nie kwestionowa\u0107 i nie kwestionowa\u0107 autorytet\u00f3w?<\/p>\n\n\n\n<p>Jak widzieli\u015bmy w przypadku innych kwestii, wszelkie znacz\u0105ce reformy b\u0119d\u0105 musia\u0142y rozpocz\u0105\u0107 si\u0119 lokalnie i stopniowo p\u0142yn\u0105\u0107 w g\u00f3r\u0119.<\/p>\n\n\n\n<p>Jak wyja\u015bniam w mojej ksi\u0105\u017cce&nbsp;<a href=\"https:\/\/www.amazon.com\/Battlefield-America-War-American-People\/dp\/1590795229\/\"><em>Battlefield America: The War on the American People<\/em><\/a>&nbsp;oraz w jej fikcyjnym odpowiedniku&nbsp;<a href=\"https:\/\/www.amazon.com\/Erik-Blair-Diaries-Battlefield-Dead\/dp\/1954968027\/\"><em>The Erik Blair Diaries<\/em><\/a>&nbsp;, je\u015bli chcemy wychowa\u0107 pokolenie bojownik\u00f3w o wolno\u015b\u0107, kt\u00f3rzy faktycznie b\u0119d\u0105 dzia\u0142a\u0107 zgodnie ze sprawiedliwo\u015bci\u0105, uczciwo\u015bci\u0105, odpowiedzialno\u015bci\u0105 i r\u00f3wno\u015bci\u0105 wobec sobie nawzajem i ich rz\u0105dowi, musimy zacz\u0105\u0107 od prowadzenia szk\u00f3\u0142 jak for\u00f3w wolno\u015bci.<\/p>\n\n\n\n<p>*<\/p>\n\n\n\n<p>Uwaga dla czytelnik\u00f3w: kliknij przycisk udost\u0119pniania powy\u017cej.&nbsp;\u015aled\u017a nas na Instagramie i Twitterze oraz subskrybuj nasz kana\u0142 Telegram.&nbsp;Zach\u0119camy do ponownego publikowania i szerokiego udost\u0119pniania artyku\u0142\u00f3w Global Research.<\/p>\n\n\n\n<p><em>Ten artyku\u0142 zosta\u0142 pierwotnie opublikowany w&nbsp;<a href=\"https:\/\/www.rutherford.org\/publications_resources\/john_whiteheads_commentary\/indoctrination_intimidation_intolerance_what_passes_for_education_today\">The Rutherford Institute<\/a>&nbsp;.<\/em><\/p>\n\n\n\n<p><em>Prokurator konstytucyjny i autor&nbsp;<strong>John W. Whitehead<\/strong>&nbsp;jest za\u0142o\u017cycielem i prezesem&nbsp;<a href=\"https:\/\/www.rutherford.org\/\">The Rutherford Institute<\/a>&nbsp;.&nbsp;Jego najnowsze ksi\u0105\u017cki to bestsellerowe&nbsp;<a href=\"https:\/\/www.amazon.com\/Battlefield-America-War-American-People\/dp\/1590795229\" target=\"_blank\" rel=\"noreferrer noopener\">Battlefield America: The War on the American People<\/a>&nbsp;, wielokrotnie nagradzana&nbsp;<a href=\"https:\/\/www.amazon.com\/Government-Wolves-Emerging-American-Police\/dp\/1590794664\" target=\"_blank\" rel=\"noreferrer noopener\">A Government of Wolves: The Emerging American Police State<\/a>&nbsp;oraz debiutancka dystopijna powie\u015b\u0107 fabularna&nbsp;<a href=\"https:\/\/www.amazon.com\/Erik-Blair-Diaries-Battlefield-Dead\/dp\/1954968027\" target=\"_blank\" rel=\"noreferrer noopener\">The Erik Blair Diaries<\/a>&nbsp;.&nbsp;Z Whiteheadem mo\u017cna si\u0119 skontaktowa\u0107 pod&nbsp;<a href=\"mailto:staff@rutherford.org\">adresem staff@rutherford.org<\/a>&nbsp;.<\/em><\/p>\n\n\n\n<p><em><strong>Nisha Whitehead<\/strong>&nbsp;jest dyrektorem wykonawczym Instytutu Rutherforda.&nbsp;Informacje o Instytucie Rutherforda s\u0105 dost\u0119pne na stronie&nbsp;<a href=\"https:\/\/www.rutherford.org\/\">www.rutherford.org<\/a>&nbsp;.<\/em><\/p>\n\n\n\n<p><em>S\u0105 sta\u0142ymi wsp\u00f3\u0142pracownikami Global Research.<\/em><\/p>\n\n\n\n<p><em>Wyr\u00f3\u017cniony obraz pochodzi z\u00a0<a href=\"https:\/\/mises.org\/wire\/how-woke-left-destroying-education\">Mises Wire<\/a><\/em><\/p>\n\n\n\n<p>Oryginalnym \u017ar\u00f3d\u0142em tego artyku\u0142u jest Global ResearchPrawa autorskie \u00a9\u00a0<\/p>\n\n\n\n<p><a href=\"https:\/\/www.globalresearch.ca\/author\/john-w-whitehead\">John W. Whitehead<\/a>\u00a0i\u00a0<a href=\"https:\/\/www.globalresearch.ca\/author\/nisha-whitehead\">Nisha Whitehead<\/a>\u00a0, Global Research, 2023<\/p>\n\n\n\n<p>Wszystkie artyku\u0142y Global Research mo\u017cna czyta\u0107 w 51 j\u0119zykach, aktywuj\u0105c przycisk Przet\u0142umacz witryn\u0119 pod nazwiskiem autora.<\/p>\n\n\n\n<p>Aby otrzymywa\u0107 codzienny biuletyn Global Research (wybrane artyku\u0142y),\u00a0\u00a0<a href=\"https:\/\/lp.constantcontactpages.com\/su\/IJiNQuW?EMAIL=&amp;go.x=0&amp;go.y=0&amp;go=GO\">kliknij tutaj<\/a>\u00a0.<\/p>\n\n\n\n<p>Kliknij przycisk udost\u0119pniania powy\u017cej, aby wys\u0142a\u0107 e-mailem\/przes\u0142a\u0107 ten artyku\u0142 znajomym i wsp\u00f3\u0142pracownikom.\u00a0\u015aled\u017a nas na\u00a0<a href=\"https:\/\/www.instagram.com\/globalresearch_crg\/\">Instagramie<\/a>\u00a0\u00a0i\u00a0\u00a0<a href=\"https:\/\/twitter.com\/CrGlobalization\">Twitterze<\/a>\u00a0i subskrybuj nasz\u00a0<a href=\"https:\/\/t.me\/gr_crg\">kana\u0142 Telegram<\/a>\u00a0.\u00a0Zach\u0119camy do ponownego publikowania i szerokiego udost\u0119pniania artyku\u0142\u00f3w Global Research.<\/p>\n\n\n\n<p>Link \u017ar\u00f3d\u0142owy <a href=\"https:\/\/www.globalresearch.ca\/america-indoctrination-intimidation-intolerance\/5828234\">https:\/\/www.globalresearch.ca\/america-indoctrination-intimidation-intolerance\/5828234<\/a><\/p>\n\n\n\n<p>***<\/p>\n","protected":false},"excerpt":{"rendered":"<p>Indoktrynacja, zastraszanie i nietolerancja: co uchodzi dzi\u015b za edukacj\u0119 Autorzy, John\u00a0W. Whitehead\u00a0i\u00a0Nisha Whitehead Global Research, 9 sierpnia 2023 r Obraz pochodzi z\u00a0Mises Wire \u201eKa\u017cdego dnia w spo\u0142eczno\u015bciach w ca\u0142ych Stanach Zjednoczonych dzieci i m\u0142odzie\u017c sp\u0119dzaj\u0105 wi\u0119kszo\u015b\u0107 czasu w szko\u0142ach, kt\u00f3re&#8230; <\/p>\n","protected":false},"author":2,"featured_media":3738,"comment_status":"open","ping_status":"open","sticky":false,"template":"","format":"standard","meta":{"_acf_changed":false,"_bbp_topic_count":0,"_bbp_reply_count":0,"_bbp_total_topic_count":0,"_bbp_total_reply_count":0,"_bbp_voice_count":0,"_bbp_anonymous_reply_count":0,"_bbp_topic_count_hidden":0,"_bbp_reply_count_hidden":0,"_bbp_forum_subforum_count":0,"om_disable_all_campaigns":false,"_monsterinsights_skip_tracking":false,"footnotes":""},"categories":[93],"tags":[],"class_list":["post-3736","post","type-post","status-publish","format-standard","has-post-thumbnail","hentry","category-artykuly"],"acf":[],"aioseo_notices":[],"aioseo_head":"\n\t\t<!-- All in One SEO 5.0.1.1 - aioseo.com -->\n\t<meta name=\"description\" content=\"Indoktrynacja, zastraszanie i nietolerancja: co uchodzi dzi\u015b za edukacj\u0119 Autorzy, John W. Whitehead i Nisha Whitehead Global Research, 9 sierpnia 2023 r Obraz pochodzi z Mises Wire \u201eKa\u017cdego dnia w spo\u0142eczno\u015bciach w ca\u0142ych Stanach Zjednoczonych dzieci i m\u0142odzie\u017c sp\u0119dzaj\u0105 wi\u0119kszo\u015b\u0107 czasu w szko\u0142ach, kt\u00f3re coraz bardziej przypominaj\u0105 miejsca przetrzymywania, a nie miejsca nauki\u201d. \u2014Dziennikarz \u015bledczy Annette Fuentes Oto, co oznacza dzi\u015b powr\u00f3t\" \/>\n\t<meta name=\"robots\" content=\"max-image-preview:large\" \/>\n\t<meta name=\"author\" content=\"trinity\"\/>\n\t<link rel=\"canonical\" href=\"https:\/\/wia.net.pl\/index.php\/2023\/08\/10\/edukacja-indoktrynacja-zastraszanie-nietolerancja\/\" \/>\n\t<meta name=\"generator\" content=\"All in One SEO (AIOSEO) 5.0.1.1\" \/>\n\t\t<meta property=\"og:locale\" content=\"pl_PL\" \/>\n\t\t<meta property=\"og:site_name\" content=\"Wolno\u015b\u0107 i Anarchia - Ka\u017cdy wewn\u0119trznie jest anarchist\u0105.\" \/>\n\t\t<meta property=\"og:type\" content=\"article\" \/>\n\t\t<meta property=\"og:title\" content=\"Edukacja = Indoktrynacja\/Zastraszanie\/Nietolerancja - Wolno\u015b\u0107 i Anarchia\" \/>\n\t\t<meta property=\"og:description\" content=\"Indoktrynacja, zastraszanie i nietolerancja: co uchodzi dzi\u015b za edukacj\u0119 Autorzy, John W. Whitehead i Nisha Whitehead Global Research, 9 sierpnia 2023 r Obraz pochodzi z Mises Wire \u201eKa\u017cdego dnia w spo\u0142eczno\u015bciach w ca\u0142ych Stanach Zjednoczonych dzieci i m\u0142odzie\u017c sp\u0119dzaj\u0105 wi\u0119kszo\u015b\u0107 czasu w szko\u0142ach, kt\u00f3re coraz bardziej przypominaj\u0105 miejsca przetrzymywania, a nie miejsca nauki\u201d. \u2014Dziennikarz \u015bledczy Annette Fuentes Oto, co oznacza dzi\u015b powr\u00f3t\" \/>\n\t\t<meta property=\"og:url\" content=\"https:\/\/wia.net.pl\/index.php\/2023\/08\/10\/edukacja-indoktrynacja-zastraszanie-nietolerancja\/\" \/>\n\t\t<meta property=\"og:image\" content=\"https:\/\/wia.net.pl\/wp-content\/uploads\/2023\/11\/cropped-freedom-i73367.jpg\" \/>\n\t\t<meta property=\"og:image:secure_url\" content=\"https:\/\/wia.net.pl\/wp-content\/uploads\/2023\/11\/cropped-freedom-i73367.jpg\" \/>\n\t\t<meta property=\"article:published_time\" content=\"2023-08-10T09:31:56+00:00\" \/>\n\t\t<meta property=\"article:modified_time\" content=\"2023-08-10T09:31:57+00:00\" \/>\n\t\t<meta name=\"twitter:card\" content=\"summary_large_image\" \/>\n\t\t<meta name=\"twitter:title\" content=\"Edukacja = Indoktrynacja\/Zastraszanie\/Nietolerancja - Wolno\u015b\u0107 i Anarchia\" \/>\n\t\t<meta name=\"twitter:description\" content=\"Indoktrynacja, zastraszanie i nietolerancja: co uchodzi dzi\u015b za edukacj\u0119 Autorzy, John W. Whitehead i Nisha Whitehead Global Research, 9 sierpnia 2023 r Obraz pochodzi z Mises Wire \u201eKa\u017cdego dnia w spo\u0142eczno\u015bciach w ca\u0142ych Stanach Zjednoczonych dzieci i m\u0142odzie\u017c sp\u0119dzaj\u0105 wi\u0119kszo\u015b\u0107 czasu w szko\u0142ach, kt\u00f3re coraz bardziej przypominaj\u0105 miejsca przetrzymywania, a nie miejsca nauki\u201d. \u2014Dziennikarz \u015bledczy Annette Fuentes Oto, co oznacza dzi\u015b powr\u00f3t\" \/>\n\t\t<meta name=\"twitter:image\" content=\"https:\/\/wia.net.pl\/wp-content\/uploads\/2023\/11\/cropped-freedom-i73367.jpg\" \/>\n\t\t<script type=\"application\/ld+json\" class=\"aioseo-schema\">\n\t\t\t{\"@context\":\"https:\\\/\\\/schema.org\",\"@graph\":[{\"@type\":\"BlogPosting\",\"@id\":\"https:\\\/\\\/wia.net.pl\\\/index.php\\\/2023\\\/08\\\/10\\\/edukacja-indoktrynacja-zastraszanie-nietolerancja\\\/#blogposting\",\"name\":\"Edukacja = Indoktrynacja\\\/Zastraszanie\\\/Nietolerancja - Wolno\\u015b\\u0107 i Anarchia\",\"headline\":\"Edukacja = Indoktrynacja\\\/Zastraszanie\\\/Nietolerancja\",\"author\":{\"@id\":\"https:\\\/\\\/wia.net.pl\\\/index.php\\\/author\\\/trinity\\\/#author\"},\"publisher\":{\"@id\":\"https:\\\/\\\/wia.net.pl\\\/#person\"},\"image\":{\"@type\":\"ImageObject\",\"url\":\"https:\\\/\\\/wia.net.pl\\\/wp-content\\\/uploads\\\/2023\\\/08\\\/1775020.jpg\",\"width\":1024,\"height\":768},\"datePublished\":\"2023-08-10T11:31:56+02:00\",\"dateModified\":\"2023-08-10T11:31:57+02:00\",\"inLanguage\":\"pl-PL\",\"mainEntityOfPage\":{\"@id\":\"https:\\\/\\\/wia.net.pl\\\/index.php\\\/2023\\\/08\\\/10\\\/edukacja-indoktrynacja-zastraszanie-nietolerancja\\\/#webpage\"},\"isPartOf\":{\"@id\":\"https:\\\/\\\/wia.net.pl\\\/index.php\\\/2023\\\/08\\\/10\\\/edukacja-indoktrynacja-zastraszanie-nietolerancja\\\/#webpage\"},\"articleSection\":\"Artyku\\u0142y\"},{\"@type\":\"BreadcrumbList\",\"@id\":\"https:\\\/\\\/wia.net.pl\\\/index.php\\\/2023\\\/08\\\/10\\\/edukacja-indoktrynacja-zastraszanie-nietolerancja\\\/#breadcrumblist\",\"itemListElement\":[{\"@type\":\"ListItem\",\"@id\":\"https:\\\/\\\/wia.net.pl#listItem\",\"position\":1,\"name\":\"Home\",\"item\":\"https:\\\/\\\/wia.net.pl\",\"nextItem\":{\"@type\":\"ListItem\",\"@id\":\"https:\\\/\\\/wia.net.pl\\\/index.php\\\/category\\\/artykuly\\\/#listItem\",\"name\":\"Artyku\\u0142y\"}},{\"@type\":\"ListItem\",\"@id\":\"https:\\\/\\\/wia.net.pl\\\/index.php\\\/category\\\/artykuly\\\/#listItem\",\"position\":2,\"name\":\"Artyku\\u0142y\",\"item\":\"https:\\\/\\\/wia.net.pl\\\/index.php\\\/category\\\/artykuly\\\/\",\"nextItem\":{\"@type\":\"ListItem\",\"@id\":\"https:\\\/\\\/wia.net.pl\\\/index.php\\\/2023\\\/08\\\/10\\\/edukacja-indoktrynacja-zastraszanie-nietolerancja\\\/#listItem\",\"name\":\"Edukacja = Indoktrynacja\\\/Zastraszanie\\\/Nietolerancja\"},\"previousItem\":{\"@type\":\"ListItem\",\"@id\":\"https:\\\/\\\/wia.net.pl#listItem\",\"name\":\"Home\"}},{\"@type\":\"ListItem\",\"@id\":\"https:\\\/\\\/wia.net.pl\\\/index.php\\\/2023\\\/08\\\/10\\\/edukacja-indoktrynacja-zastraszanie-nietolerancja\\\/#listItem\",\"position\":3,\"name\":\"Edukacja = Indoktrynacja\\\/Zastraszanie\\\/Nietolerancja\",\"previousItem\":{\"@type\":\"ListItem\",\"@id\":\"https:\\\/\\\/wia.net.pl\\\/index.php\\\/category\\\/artykuly\\\/#listItem\",\"name\":\"Artyku\\u0142y\"}}]},{\"@type\":\"Person\",\"@id\":\"https:\\\/\\\/wia.net.pl\\\/#person\",\"name\":\"Bart\\u0142omiej Talarczyk\",\"image\":{\"@type\":\"ImageObject\",\"@id\":\"https:\\\/\\\/wia.net.pl\\\/index.php\\\/2023\\\/08\\\/10\\\/edukacja-indoktrynacja-zastraszanie-nietolerancja\\\/#personImage\",\"url\":\"https:\\\/\\\/wia.net.pl\\\/wp-content\\\/uploads\\\/avatar-privacy\\\/cache\\\/user\\\/1\\\/7\\\/176a6b161c58363ff49b5c167264231f519f5c7fa183ca1f61e891769b6b56d5-96.jpg\",\"width\":96,\"height\":96,\"caption\":\"Bart\\u0142omiej Talarczyk\"}},{\"@type\":\"Person\",\"@id\":\"https:\\\/\\\/wia.net.pl\\\/index.php\\\/author\\\/trinity\\\/#author\",\"url\":\"https:\\\/\\\/wia.net.pl\\\/index.php\\\/author\\\/trinity\\\/\",\"name\":\"trinity\",\"image\":{\"@type\":\"ImageObject\",\"@id\":\"https:\\\/\\\/wia.net.pl\\\/index.php\\\/2023\\\/08\\\/10\\\/edukacja-indoktrynacja-zastraszanie-nietolerancja\\\/#authorImage\",\"url\":\"https:\\\/\\\/wia.net.pl\\\/wp-content\\\/uploads\\\/avatar-privacy\\\/cache\\\/user\\\/5\\\/f\\\/5f6547cf82495eaa10e100a6a45d5dbde2dfdc1be88557de2018fca705bdf6f1-96.jpg\",\"width\":96,\"height\":96,\"caption\":\"trinity\"}},{\"@type\":\"WebPage\",\"@id\":\"https:\\\/\\\/wia.net.pl\\\/index.php\\\/2023\\\/08\\\/10\\\/edukacja-indoktrynacja-zastraszanie-nietolerancja\\\/#webpage\",\"url\":\"https:\\\/\\\/wia.net.pl\\\/index.php\\\/2023\\\/08\\\/10\\\/edukacja-indoktrynacja-zastraszanie-nietolerancja\\\/\",\"name\":\"Edukacja = Indoktrynacja\\\/Zastraszanie\\\/Nietolerancja - Wolno\\u015b\\u0107 i Anarchia\",\"description\":\"Indoktrynacja, zastraszanie i nietolerancja: co uchodzi dzi\\u015b za edukacj\\u0119 Autorzy, John W. Whitehead i Nisha Whitehead Global Research, 9 sierpnia 2023 r Obraz pochodzi z Mises Wire \\u201eKa\\u017cdego dnia w spo\\u0142eczno\\u015bciach w ca\\u0142ych Stanach Zjednoczonych dzieci i m\\u0142odzie\\u017c sp\\u0119dzaj\\u0105 wi\\u0119kszo\\u015b\\u0107 czasu w szko\\u0142ach, kt\\u00f3re coraz bardziej przypominaj\\u0105 miejsca przetrzymywania, a nie miejsca nauki\\u201d. \\u2014Dziennikarz \\u015bledczy Annette Fuentes Oto, co oznacza dzi\\u015b powr\\u00f3t\",\"inLanguage\":\"pl-PL\",\"isPartOf\":{\"@id\":\"https:\\\/\\\/wia.net.pl\\\/#website\"},\"breadcrumb\":{\"@id\":\"https:\\\/\\\/wia.net.pl\\\/index.php\\\/2023\\\/08\\\/10\\\/edukacja-indoktrynacja-zastraszanie-nietolerancja\\\/#breadcrumblist\"},\"author\":{\"@id\":\"https:\\\/\\\/wia.net.pl\\\/index.php\\\/author\\\/trinity\\\/#author\"},\"creator\":{\"@id\":\"https:\\\/\\\/wia.net.pl\\\/index.php\\\/author\\\/trinity\\\/#author\"},\"image\":{\"@type\":\"ImageObject\",\"url\":\"https:\\\/\\\/wia.net.pl\\\/wp-content\\\/uploads\\\/2023\\\/08\\\/1775020.jpg\",\"@id\":\"https:\\\/\\\/wia.net.pl\\\/index.php\\\/2023\\\/08\\\/10\\\/edukacja-indoktrynacja-zastraszanie-nietolerancja\\\/#mainImage\",\"width\":1024,\"height\":768},\"primaryImageOfPage\":{\"@id\":\"https:\\\/\\\/wia.net.pl\\\/index.php\\\/2023\\\/08\\\/10\\\/edukacja-indoktrynacja-zastraszanie-nietolerancja\\\/#mainImage\"},\"datePublished\":\"2023-08-10T11:31:56+02:00\",\"dateModified\":\"2023-08-10T11:31:57+02:00\"},{\"@type\":\"WebSite\",\"@id\":\"https:\\\/\\\/wia.net.pl\\\/#website\",\"url\":\"https:\\\/\\\/wia.net.pl\\\/\",\"name\":\"Wolno\\u015b\\u0107 i Anarchia\",\"description\":\"Ka\\u017cdy wewn\\u0119trznie jest anarchist\\u0105.\",\"inLanguage\":\"pl-PL\",\"publisher\":{\"@id\":\"https:\\\/\\\/wia.net.pl\\\/#person\"}}]}\n\t\t<\/script>\n\t\t<!-- All in One SEO -->\n\n","aioseo_head_json":{"title":"Edukacja = Indoktrynacja\/Zastraszanie\/Nietolerancja - Wolno\u015b\u0107 i Anarchia","description":"Indoktrynacja, zastraszanie i nietolerancja: co uchodzi dzi\u015b za edukacj\u0119 Autorzy, John W. Whitehead i Nisha Whitehead Global Research, 9 sierpnia 2023 r Obraz pochodzi z Mises Wire \u201eKa\u017cdego dnia w spo\u0142eczno\u015bciach w ca\u0142ych Stanach Zjednoczonych dzieci i m\u0142odzie\u017c sp\u0119dzaj\u0105 wi\u0119kszo\u015b\u0107 czasu w szko\u0142ach, kt\u00f3re coraz bardziej przypominaj\u0105 miejsca przetrzymywania, a nie miejsca nauki\u201d. \u2014Dziennikarz \u015bledczy Annette Fuentes Oto, co oznacza dzi\u015b powr\u00f3t","canonical_url":"https:\/\/wia.net.pl\/index.php\/2023\/08\/10\/edukacja-indoktrynacja-zastraszanie-nietolerancja\/","robots":"max-image-preview:large","keywords":"","webmasterTools":{"miscellaneous":""},"schema":{"@context":"https:\/\/schema.org","@graph":[{"@type":"BlogPosting","@id":"https:\/\/wia.net.pl\/index.php\/2023\/08\/10\/edukacja-indoktrynacja-zastraszanie-nietolerancja\/#blogposting","name":"Edukacja = Indoktrynacja\/Zastraszanie\/Nietolerancja - Wolno\u015b\u0107 i Anarchia","headline":"Edukacja = Indoktrynacja\/Zastraszanie\/Nietolerancja","author":{"@id":"https:\/\/wia.net.pl\/index.php\/author\/trinity\/#author"},"publisher":{"@id":"https:\/\/wia.net.pl\/#person"},"image":{"@type":"ImageObject","url":"https:\/\/wia.net.pl\/wp-content\/uploads\/2023\/08\/1775020.jpg","width":1024,"height":768},"datePublished":"2023-08-10T11:31:56+02:00","dateModified":"2023-08-10T11:31:57+02:00","inLanguage":"pl-PL","mainEntityOfPage":{"@id":"https:\/\/wia.net.pl\/index.php\/2023\/08\/10\/edukacja-indoktrynacja-zastraszanie-nietolerancja\/#webpage"},"isPartOf":{"@id":"https:\/\/wia.net.pl\/index.php\/2023\/08\/10\/edukacja-indoktrynacja-zastraszanie-nietolerancja\/#webpage"},"articleSection":"Artyku\u0142y"},{"@type":"BreadcrumbList","@id":"https:\/\/wia.net.pl\/index.php\/2023\/08\/10\/edukacja-indoktrynacja-zastraszanie-nietolerancja\/#breadcrumblist","itemListElement":[{"@type":"ListItem","@id":"https:\/\/wia.net.pl#listItem","position":1,"name":"Home","item":"https:\/\/wia.net.pl","nextItem":{"@type":"ListItem","@id":"https:\/\/wia.net.pl\/index.php\/category\/artykuly\/#listItem","name":"Artyku\u0142y"}},{"@type":"ListItem","@id":"https:\/\/wia.net.pl\/index.php\/category\/artykuly\/#listItem","position":2,"name":"Artyku\u0142y","item":"https:\/\/wia.net.pl\/index.php\/category\/artykuly\/","nextItem":{"@type":"ListItem","@id":"https:\/\/wia.net.pl\/index.php\/2023\/08\/10\/edukacja-indoktrynacja-zastraszanie-nietolerancja\/#listItem","name":"Edukacja = Indoktrynacja\/Zastraszanie\/Nietolerancja"},"previousItem":{"@type":"ListItem","@id":"https:\/\/wia.net.pl#listItem","name":"Home"}},{"@type":"ListItem","@id":"https:\/\/wia.net.pl\/index.php\/2023\/08\/10\/edukacja-indoktrynacja-zastraszanie-nietolerancja\/#listItem","position":3,"name":"Edukacja = Indoktrynacja\/Zastraszanie\/Nietolerancja","previousItem":{"@type":"ListItem","@id":"https:\/\/wia.net.pl\/index.php\/category\/artykuly\/#listItem","name":"Artyku\u0142y"}}]},{"@type":"Person","@id":"https:\/\/wia.net.pl\/#person","name":"Bart\u0142omiej Talarczyk","image":{"@type":"ImageObject","@id":"https:\/\/wia.net.pl\/index.php\/2023\/08\/10\/edukacja-indoktrynacja-zastraszanie-nietolerancja\/#personImage","url":"https:\/\/wia.net.pl\/wp-content\/uploads\/avatar-privacy\/cache\/user\/1\/7\/176a6b161c58363ff49b5c167264231f519f5c7fa183ca1f61e891769b6b56d5-96.jpg","width":96,"height":96,"caption":"Bart\u0142omiej Talarczyk"}},{"@type":"Person","@id":"https:\/\/wia.net.pl\/index.php\/author\/trinity\/#author","url":"https:\/\/wia.net.pl\/index.php\/author\/trinity\/","name":"trinity","image":{"@type":"ImageObject","@id":"https:\/\/wia.net.pl\/index.php\/2023\/08\/10\/edukacja-indoktrynacja-zastraszanie-nietolerancja\/#authorImage","url":"https:\/\/wia.net.pl\/wp-content\/uploads\/avatar-privacy\/cache\/user\/5\/f\/5f6547cf82495eaa10e100a6a45d5dbde2dfdc1be88557de2018fca705bdf6f1-96.jpg","width":96,"height":96,"caption":"trinity"}},{"@type":"WebPage","@id":"https:\/\/wia.net.pl\/index.php\/2023\/08\/10\/edukacja-indoktrynacja-zastraszanie-nietolerancja\/#webpage","url":"https:\/\/wia.net.pl\/index.php\/2023\/08\/10\/edukacja-indoktrynacja-zastraszanie-nietolerancja\/","name":"Edukacja = Indoktrynacja\/Zastraszanie\/Nietolerancja - Wolno\u015b\u0107 i Anarchia","description":"Indoktrynacja, zastraszanie i nietolerancja: co uchodzi dzi\u015b za edukacj\u0119 Autorzy, John W. Whitehead i Nisha Whitehead Global Research, 9 sierpnia 2023 r Obraz pochodzi z Mises Wire \u201eKa\u017cdego dnia w spo\u0142eczno\u015bciach w ca\u0142ych Stanach Zjednoczonych dzieci i m\u0142odzie\u017c sp\u0119dzaj\u0105 wi\u0119kszo\u015b\u0107 czasu w szko\u0142ach, kt\u00f3re coraz bardziej przypominaj\u0105 miejsca przetrzymywania, a nie miejsca nauki\u201d. \u2014Dziennikarz \u015bledczy Annette Fuentes Oto, co oznacza dzi\u015b powr\u00f3t","inLanguage":"pl-PL","isPartOf":{"@id":"https:\/\/wia.net.pl\/#website"},"breadcrumb":{"@id":"https:\/\/wia.net.pl\/index.php\/2023\/08\/10\/edukacja-indoktrynacja-zastraszanie-nietolerancja\/#breadcrumblist"},"author":{"@id":"https:\/\/wia.net.pl\/index.php\/author\/trinity\/#author"},"creator":{"@id":"https:\/\/wia.net.pl\/index.php\/author\/trinity\/#author"},"image":{"@type":"ImageObject","url":"https:\/\/wia.net.pl\/wp-content\/uploads\/2023\/08\/1775020.jpg","@id":"https:\/\/wia.net.pl\/index.php\/2023\/08\/10\/edukacja-indoktrynacja-zastraszanie-nietolerancja\/#mainImage","width":1024,"height":768},"primaryImageOfPage":{"@id":"https:\/\/wia.net.pl\/index.php\/2023\/08\/10\/edukacja-indoktrynacja-zastraszanie-nietolerancja\/#mainImage"},"datePublished":"2023-08-10T11:31:56+02:00","dateModified":"2023-08-10T11:31:57+02:00"},{"@type":"WebSite","@id":"https:\/\/wia.net.pl\/#website","url":"https:\/\/wia.net.pl\/","name":"Wolno\u015b\u0107 i Anarchia","description":"Ka\u017cdy wewn\u0119trznie jest anarchist\u0105.","inLanguage":"pl-PL","publisher":{"@id":"https:\/\/wia.net.pl\/#person"}}]},"og:locale":"pl_PL","og:site_name":"Wolno\u015b\u0107 i Anarchia - Ka\u017cdy wewn\u0119trznie jest anarchist\u0105.","og:type":"article","og:title":"Edukacja = Indoktrynacja\/Zastraszanie\/Nietolerancja - Wolno\u015b\u0107 i Anarchia","og:description":"Indoktrynacja, zastraszanie i nietolerancja: co uchodzi dzi\u015b za edukacj\u0119 Autorzy, John W. Whitehead i Nisha Whitehead Global Research, 9 sierpnia 2023 r Obraz pochodzi z Mises Wire \u201eKa\u017cdego dnia w spo\u0142eczno\u015bciach w ca\u0142ych Stanach Zjednoczonych dzieci i m\u0142odzie\u017c sp\u0119dzaj\u0105 wi\u0119kszo\u015b\u0107 czasu w szko\u0142ach, kt\u00f3re coraz bardziej przypominaj\u0105 miejsca przetrzymywania, a nie miejsca nauki\u201d. \u2014Dziennikarz \u015bledczy Annette Fuentes Oto, co oznacza dzi\u015b powr\u00f3t","og:url":"https:\/\/wia.net.pl\/index.php\/2023\/08\/10\/edukacja-indoktrynacja-zastraszanie-nietolerancja\/","og:image":"https:\/\/wia.net.pl\/wp-content\/uploads\/2023\/11\/cropped-freedom-i73367.jpg","og:image:secure_url":"https:\/\/wia.net.pl\/wp-content\/uploads\/2023\/11\/cropped-freedom-i73367.jpg","article:published_time":"2023-08-10T09:31:56+00:00","article:modified_time":"2023-08-10T09:31:57+00:00","twitter:card":"summary_large_image","twitter:title":"Edukacja = Indoktrynacja\/Zastraszanie\/Nietolerancja - Wolno\u015b\u0107 i Anarchia","twitter:description":"Indoktrynacja, zastraszanie i nietolerancja: co uchodzi dzi\u015b za edukacj\u0119 Autorzy, John W. Whitehead i Nisha Whitehead Global Research, 9 sierpnia 2023 r Obraz pochodzi z Mises Wire \u201eKa\u017cdego dnia w spo\u0142eczno\u015bciach w ca\u0142ych Stanach Zjednoczonych dzieci i m\u0142odzie\u017c sp\u0119dzaj\u0105 wi\u0119kszo\u015b\u0107 czasu w szko\u0142ach, kt\u00f3re coraz bardziej przypominaj\u0105 miejsca przetrzymywania, a nie miejsca nauki\u201d. \u2014Dziennikarz \u015bledczy Annette Fuentes Oto, co oznacza dzi\u015b powr\u00f3t","twitter:image":"https:\/\/wia.net.pl\/wp-content\/uploads\/2023\/11\/cropped-freedom-i73367.jpg"},"aioseo_meta_data":{"post_id":"3736","title":null,"description":null,"keywords":[],"keyphrases":{"focus":{"keyphrase":"","score":0,"analysis":{"keyphraseInTitle":{"score":0,"maxScore":9,"error":1}}},"additional":[]},"primary_term":null,"canonical_url":null,"og_title":null,"og_description":null,"og_object_type":"default","og_image_type":"default","og_image_url":null,"og_image_width":null,"og_image_height":null,"og_image_custom_url":null,"og_image_custom_fields":null,"og_video":"","og_custom_url":null,"og_article_section":null,"og_article_tags":[],"twitter_use_og":false,"twitter_card":"default","twitter_image_type":"default","twitter_image_url":null,"twitter_image_custom_url":null,"twitter_image_custom_fields":null,"twitter_title":null,"twitter_description":null,"schema":{"blockGraphs":[],"customGraphs":[],"default":{"data":{"Article":[],"Course":[],"Dataset":[],"FAQPage":[],"Movie":[],"Person":[],"Product":[],"ProductReview":[],"Car":[],"Recipe":[],"Service":[],"SoftwareApplication":[],"WebPage":[]},"graphName":"BlogPosting","isEnabled":true},"graphs":[]},"schema_type":"default","schema_type_options":null,"pillar_content":false,"robots_default":true,"robots_noindex":false,"robots_noarchive":false,"robots_nosnippet":false,"robots_nofollow":false,"robots_noimageindex":false,"robots_noodp":false,"robots_notranslate":false,"robots_max_snippet":"-1","robots_max_videopreview":"-1","robots_max_imagepreview":"large","priority":null,"frequency":"default","local_seo":null,"breadcrumb_settings":null,"limit_modified_date":false,"ai":null,"created":"2023-08-10 09:31:57","updated":"2025-06-04 08:55:49","seo_analyzer_scan_date":null,"focus_keyword":null,"additional_keywords":null,"truseo_locale":null},"aioseo_breadcrumb":"<div class=\"aioseo-breadcrumbs\"><span class=\"aioseo-breadcrumb\">\n\t\t\t<a href=\"https:\/\/wia.net.pl\" title=\"Home\">Home<\/a>\n\t\t<\/span><span class=\"aioseo-breadcrumb-separator\">&raquo;<\/span><span class=\"aioseo-breadcrumb\">\n\t\t\t<a href=\"https:\/\/wia.net.pl\/index.php\/category\/artykuly\/\" title=\"Artyku\u0142y\">Artyku\u0142y<\/a>\n\t\t<\/span><span class=\"aioseo-breadcrumb-separator\">&raquo;<\/span><span class=\"aioseo-breadcrumb\">\n\t\t\tEdukacja = Indoktrynacja\/Zastraszanie\/Nietolerancja\n\t\t<\/span><\/div>","aioseo_breadcrumb_json":[{"label":"Home","link":"https:\/\/wia.net.pl"},{"label":"Artyku\u0142y","link":"https:\/\/wia.net.pl\/index.php\/category\/artykuly\/"},{"label":"Edukacja = Indoktrynacja\/Zastraszanie\/Nietolerancja","link":"https:\/\/wia.net.pl\/index.php\/2023\/08\/10\/edukacja-indoktrynacja-zastraszanie-nietolerancja\/"}],"_links":{"self":[{"href":"https:\/\/wia.net.pl\/index.php\/wp-json\/wp\/v2\/posts\/3736"}],"collection":[{"href":"https:\/\/wia.net.pl\/index.php\/wp-json\/wp\/v2\/posts"}],"about":[{"href":"https:\/\/wia.net.pl\/index.php\/wp-json\/wp\/v2\/types\/post"}],"author":[{"embeddable":true,"href":"https:\/\/wia.net.pl\/index.php\/wp-json\/wp\/v2\/users\/2"}],"replies":[{"embeddable":true,"href":"https:\/\/wia.net.pl\/index.php\/wp-json\/wp\/v2\/comments?post=3736"}],"version-history":[{"count":1,"href":"https:\/\/wia.net.pl\/index.php\/wp-json\/wp\/v2\/posts\/3736\/revisions"}],"predecessor-version":[{"id":3739,"href":"https:\/\/wia.net.pl\/index.php\/wp-json\/wp\/v2\/posts\/3736\/revisions\/3739"}],"wp:featuredmedia":[{"embeddable":true,"href":"https:\/\/wia.net.pl\/index.php\/wp-json\/wp\/v2\/media\/3738"}],"wp:attachment":[{"href":"https:\/\/wia.net.pl\/index.php\/wp-json\/wp\/v2\/media?parent=3736"}],"wp:term":[{"taxonomy":"category","embeddable":true,"href":"https:\/\/wia.net.pl\/index.php\/wp-json\/wp\/v2\/categories?post=3736"},{"taxonomy":"post_tag","embeddable":true,"href":"https:\/\/wia.net.pl\/index.php\/wp-json\/wp\/v2\/tags?post=3736"}],"curies":[{"name":"wp","href":"https:\/\/api.w.org\/{rel}","templated":true}]}}