{"id":3748,"date":"2023-08-10T18:16:25","date_gmt":"2023-08-10T16:16:25","guid":{"rendered":"https:\/\/wia.net.pl\/?p=3748"},"modified":"2023-08-10T18:16:25","modified_gmt":"2023-08-10T16:16:25","slug":"kim-oni-byli-ludzmi-czy-obcymi","status":"publish","type":"post","link":"https:\/\/wia.net.pl\/index.php\/2023\/08\/10\/kim-oni-byli-ludzmi-czy-obcymi\/","title":{"rendered":"Kim &#8222;Oni&#8221; byli &#8211; lud\u017ami czy obcymi?"},"content":{"rendered":"\n<p>\u0179r\u00f3d\u0142o:\u00a0<a href=\"https:\/\/www.youtube.com\/@The5thKind\">https:\/\/www.youtube.com\/@The5thKind<\/a><\/p>\n\n\n\n<p>Jak daleko wstecz si\u0119ga pami\u0119\u0107 Homo sapiens?<\/p>\n\n\n\n<p> Czy mamy kulturow\u0105 pami\u0119\u0107 o wydarzeniach sprzed ostatniego kataklizmu planetarnego? <\/p>\n\n\n\n<p>Czy pami\u0119tamy, jak wygl\u0105da\u0142o \u017cycie przed ostatni\u0105 epok\u0105 lodowcow\u0105? <\/p>\n\n\n\n<p>I czy mamy jakiekolwiek wspomnienie Wielkiego Skoku Naprz\u00f3d, kt\u00f3ry przeni\u00f3s\u0142 ludzko\u015b\u0107 z \u017cycia na powierzchni planety do rolnictwa i budowy miast? <\/p>\n\n\n\n<p>Czy to wspomnienie wi\u0105\u017ce si\u0119 z kontaktem z obc\u0105 ras\u0105?<\/p>\n\n\n<p><iframe loading=\"lazy\" id=\"odysee-iframe\" width=\"560\" height=\"315\" src=\"https:\/\/odysee.com\/$\/embed\/@wolnoscanarchia:d\/Kim-oni-byli---lud\u017ami-czy-obcymi:a?r=DPjp8iKEfKgRaZuz8haiJoWzSogvDZqy\" allowfullscreen><\/iframe><\/p>\n","protected":false},"excerpt":{"rendered":"<p>\u0179r\u00f3d\u0142o:\u00a0https:\/\/www.youtube.com\/@The5thKind Jak daleko wstecz si\u0119ga pami\u0119\u0107 Homo sapiens? Czy mamy kulturow\u0105 pami\u0119\u0107 o wydarzeniach sprzed ostatniego kataklizmu planetarnego? Czy pami\u0119tamy, jak wygl\u0105da\u0142o \u017cycie przed ostatni\u0105 epok\u0105 lodowcow\u0105? I czy mamy jakiekolwiek wspomnienie Wielkiego Skoku Naprz\u00f3d, kt\u00f3ry przeni\u00f3s\u0142 ludzko\u015b\u0107 z \u017cycia&#8230; <\/p>\n","protected":false},"author":3,"featured_media":3749,"comment_status":"open","ping_status":"open","sticky":false,"template":"","format":"standard","meta":{"_acf_changed":false,"_bbp_topic_count":0,"_bbp_reply_count":0,"_bbp_total_topic_count":0,"_bbp_total_reply_count":0,"_bbp_voice_count":0,"_bbp_anonymous_reply_count":0,"_bbp_topic_count_hidden":0,"_bbp_reply_count_hidden":0,"_bbp_forum_subforum_count":0,"om_disable_all_campaigns":false,"_monsterinsights_skip_tracking":false,"footnotes":""},"categories":[11,96],"tags":[68,63,42,71,26,23,32,22,70,62],"class_list":["post-3748","post","type-post","status-publish","format-standard","has-post-thumbnail","hentry","category-antropologia","category-religie","tag-cesarstwo-rzymskie","tag-historia-ziemi","tag-illuminati","tag-kosciol-katolicki","tag-ludzkosc","tag-niewolnictwo","tag-rzad","tag-satanizm","tag-tajne-stowarzyszenia","tag-wszechswiat"],"acf":[],"aioseo_notices":[],"aioseo_head":"\n\t\t<!-- All in One SEO 5.0.1.1 - aioseo.com -->\n\t<meta name=\"description\" content=\"\u0179r\u00f3d\u0142o: https:\/\/www.youtube.com\/@The5thKind Jak daleko wstecz si\u0119ga pami\u0119\u0107 Homo sapiens? Czy mamy kulturow\u0105 pami\u0119\u0107 o wydarzeniach sprzed ostatniego kataklizmu planetarnego? Czy pami\u0119tamy, jak wygl\u0105da\u0142o \u017cycie przed ostatni\u0105 epok\u0105 lodowcow\u0105? I czy mamy jakiekolwiek wspomnienie Wielkiego Skoku Naprz\u00f3d, kt\u00f3ry przeni\u00f3s\u0142 ludzko\u015b\u0107 z \u017cycia na powierzchni planety do rolnictwa i budowy miast? Czy to wspomnienie wi\u0105\u017ce si\u0119 z kontaktem\" \/>\n\t<meta name=\"robots\" content=\"max-image-preview:large\" \/>\n\t<meta name=\"author\" content=\"Bart\u0142omiej Talarczyk\"\/>\n\t<link rel=\"canonical\" href=\"https:\/\/wia.net.pl\/index.php\/2023\/08\/10\/kim-oni-byli-ludzmi-czy-obcymi\/\" \/>\n\t<meta name=\"generator\" content=\"All in One SEO (AIOSEO) 5.0.1.1\" \/>\n\t\t<meta property=\"og:locale\" content=\"pl_PL\" \/>\n\t\t<meta property=\"og:site_name\" content=\"Wolno\u015b\u0107 i Anarchia - Ka\u017cdy wewn\u0119trznie jest anarchist\u0105.\" \/>\n\t\t<meta property=\"og:type\" content=\"article\" \/>\n\t\t<meta property=\"og:title\" content=\"Kim \u201eOni\u201d byli \u2013 lud\u017ami czy obcymi? - Wolno\u015b\u0107 i Anarchia\" \/>\n\t\t<meta property=\"og:description\" content=\"\u0179r\u00f3d\u0142o: https:\/\/www.youtube.com\/@The5thKind Jak daleko wstecz si\u0119ga pami\u0119\u0107 Homo sapiens? Czy mamy kulturow\u0105 pami\u0119\u0107 o wydarzeniach sprzed ostatniego kataklizmu planetarnego? Czy pami\u0119tamy, jak wygl\u0105da\u0142o \u017cycie przed ostatni\u0105 epok\u0105 lodowcow\u0105? I czy mamy jakiekolwiek wspomnienie Wielkiego Skoku Naprz\u00f3d, kt\u00f3ry przeni\u00f3s\u0142 ludzko\u015b\u0107 z \u017cycia na powierzchni planety do rolnictwa i budowy miast? Czy to wspomnienie wi\u0105\u017ce si\u0119 z kontaktem\" \/>\n\t\t<meta property=\"og:url\" content=\"https:\/\/wia.net.pl\/index.php\/2023\/08\/10\/kim-oni-byli-ludzmi-czy-obcymi\/\" \/>\n\t\t<meta property=\"og:image\" content=\"https:\/\/wia.net.pl\/wp-content\/uploads\/2023\/11\/cropped-freedom-i73367.jpg\" \/>\n\t\t<meta property=\"og:image:secure_url\" content=\"https:\/\/wia.net.pl\/wp-content\/uploads\/2023\/11\/cropped-freedom-i73367.jpg\" \/>\n\t\t<meta property=\"article:published_time\" content=\"2023-08-10T16:16:25+00:00\" \/>\n\t\t<meta property=\"article:modified_time\" content=\"2023-08-10T16:16:25+00:00\" \/>\n\t\t<meta name=\"twitter:card\" content=\"summary_large_image\" \/>\n\t\t<meta name=\"twitter:title\" content=\"Kim \u201eOni\u201d byli \u2013 lud\u017ami czy obcymi? - Wolno\u015b\u0107 i Anarchia\" \/>\n\t\t<meta name=\"twitter:description\" content=\"\u0179r\u00f3d\u0142o: https:\/\/www.youtube.com\/@The5thKind Jak daleko wstecz si\u0119ga pami\u0119\u0107 Homo sapiens? Czy mamy kulturow\u0105 pami\u0119\u0107 o wydarzeniach sprzed ostatniego kataklizmu planetarnego? Czy pami\u0119tamy, jak wygl\u0105da\u0142o \u017cycie przed ostatni\u0105 epok\u0105 lodowcow\u0105? I czy mamy jakiekolwiek wspomnienie Wielkiego Skoku Naprz\u00f3d, kt\u00f3ry przeni\u00f3s\u0142 ludzko\u015b\u0107 z \u017cycia na powierzchni planety do rolnictwa i budowy miast? Czy to wspomnienie wi\u0105\u017ce si\u0119 z kontaktem\" \/>\n\t\t<meta name=\"twitter:image\" content=\"https:\/\/wia.net.pl\/wp-content\/uploads\/2023\/11\/cropped-freedom-i73367.jpg\" \/>\n\t\t<script type=\"application\/ld+json\" class=\"aioseo-schema\">\n\t\t\t{\"@context\":\"https:\\\/\\\/schema.org\",\"@graph\":[{\"@type\":\"BlogPosting\",\"@id\":\"https:\\\/\\\/wia.net.pl\\\/index.php\\\/2023\\\/08\\\/10\\\/kim-oni-byli-ludzmi-czy-obcymi\\\/#blogposting\",\"name\":\"Kim \\u201eOni\\u201d byli \\u2013 lud\\u017ami czy obcymi? - Wolno\\u015b\\u0107 i Anarchia\",\"headline\":\"Kim &#8222;Oni&#8221; byli &#8211; lud\\u017ami czy obcymi?\",\"author\":{\"@id\":\"https:\\\/\\\/wia.net.pl\\\/index.php\\\/author\\\/talar\\\/#author\"},\"publisher\":{\"@id\":\"https:\\\/\\\/wia.net.pl\\\/#person\"},\"image\":{\"@type\":\"ImageObject\",\"url\":\"https:\\\/\\\/wia.net.pl\\\/wp-content\\\/uploads\\\/2023\\\/08\\\/kim-oni-byli-ludZmi-czy-obcymi.jpg\",\"width\":1920,\"height\":1080},\"datePublished\":\"2023-08-10T18:16:25+02:00\",\"dateModified\":\"2023-08-10T18:16:25+02:00\",\"inLanguage\":\"pl-PL\",\"mainEntityOfPage\":{\"@id\":\"https:\\\/\\\/wia.net.pl\\\/index.php\\\/2023\\\/08\\\/10\\\/kim-oni-byli-ludzmi-czy-obcymi\\\/#webpage\"},\"isPartOf\":{\"@id\":\"https:\\\/\\\/wia.net.pl\\\/index.php\\\/2023\\\/08\\\/10\\\/kim-oni-byli-ludzmi-czy-obcymi\\\/#webpage\"},\"articleSection\":\"Antropologia, Religie, Cesarstwo Rzymskie, Historia ziemi, Illuminati, Ko\\u015bci\\u00f3\\u0142 katolicki, Ludzko\\u015b\\u0107, Niewolnictwo, Rz\\u0105d, Satanizm, Tajne stowarzyszenia, Wszech\\u015bwiat\"},{\"@type\":\"BreadcrumbList\",\"@id\":\"https:\\\/\\\/wia.net.pl\\\/index.php\\\/2023\\\/08\\\/10\\\/kim-oni-byli-ludzmi-czy-obcymi\\\/#breadcrumblist\",\"itemListElement\":[{\"@type\":\"ListItem\",\"@id\":\"https:\\\/\\\/wia.net.pl#listItem\",\"position\":1,\"name\":\"Home\",\"item\":\"https:\\\/\\\/wia.net.pl\",\"nextItem\":{\"@type\":\"ListItem\",\"@id\":\"https:\\\/\\\/wia.net.pl\\\/index.php\\\/category\\\/antropologia\\\/#listItem\",\"name\":\"Antropologia\"}},{\"@type\":\"ListItem\",\"@id\":\"https:\\\/\\\/wia.net.pl\\\/index.php\\\/category\\\/antropologia\\\/#listItem\",\"position\":2,\"name\":\"Antropologia\",\"item\":\"https:\\\/\\\/wia.net.pl\\\/index.php\\\/category\\\/antropologia\\\/\",\"nextItem\":{\"@type\":\"ListItem\",\"@id\":\"https:\\\/\\\/wia.net.pl\\\/index.php\\\/2023\\\/08\\\/10\\\/kim-oni-byli-ludzmi-czy-obcymi\\\/#listItem\",\"name\":\"Kim &#8222;Oni&#8221; byli &#8211; lud\\u017ami czy obcymi?\"},\"previousItem\":{\"@type\":\"ListItem\",\"@id\":\"https:\\\/\\\/wia.net.pl#listItem\",\"name\":\"Home\"}},{\"@type\":\"ListItem\",\"@id\":\"https:\\\/\\\/wia.net.pl\\\/index.php\\\/2023\\\/08\\\/10\\\/kim-oni-byli-ludzmi-czy-obcymi\\\/#listItem\",\"position\":3,\"name\":\"Kim &#8222;Oni&#8221; byli &#8211; lud\\u017ami czy obcymi?\",\"previousItem\":{\"@type\":\"ListItem\",\"@id\":\"https:\\\/\\\/wia.net.pl\\\/index.php\\\/category\\\/antropologia\\\/#listItem\",\"name\":\"Antropologia\"}}]},{\"@type\":\"Person\",\"@id\":\"https:\\\/\\\/wia.net.pl\\\/#person\",\"name\":\"Bart\\u0142omiej Talarczyk\",\"image\":{\"@type\":\"ImageObject\",\"@id\":\"https:\\\/\\\/wia.net.pl\\\/index.php\\\/2023\\\/08\\\/10\\\/kim-oni-byli-ludzmi-czy-obcymi\\\/#personImage\",\"url\":\"https:\\\/\\\/wia.net.pl\\\/wp-content\\\/uploads\\\/avatar-privacy\\\/cache\\\/user\\\/1\\\/7\\\/176a6b161c58363ff49b5c167264231f519f5c7fa183ca1f61e891769b6b56d5-96.jpg\",\"width\":96,\"height\":96,\"caption\":\"Bart\\u0142omiej Talarczyk\"}},{\"@type\":\"Person\",\"@id\":\"https:\\\/\\\/wia.net.pl\\\/index.php\\\/author\\\/talar\\\/#author\",\"url\":\"https:\\\/\\\/wia.net.pl\\\/index.php\\\/author\\\/talar\\\/\",\"name\":\"Bart\\u0142omiej Talarczyk\",\"image\":{\"@type\":\"ImageObject\",\"@id\":\"https:\\\/\\\/wia.net.pl\\\/index.php\\\/2023\\\/08\\\/10\\\/kim-oni-byli-ludzmi-czy-obcymi\\\/#authorImage\",\"url\":\"https:\\\/\\\/wia.net.pl\\\/wp-content\\\/uploads\\\/avatar-privacy\\\/cache\\\/user\\\/1\\\/7\\\/176a6b161c58363ff49b5c167264231f519f5c7fa183ca1f61e891769b6b56d5-96.jpg\",\"width\":96,\"height\":96,\"caption\":\"Bart\\u0142omiej Talarczyk\"}},{\"@type\":\"WebPage\",\"@id\":\"https:\\\/\\\/wia.net.pl\\\/index.php\\\/2023\\\/08\\\/10\\\/kim-oni-byli-ludzmi-czy-obcymi\\\/#webpage\",\"url\":\"https:\\\/\\\/wia.net.pl\\\/index.php\\\/2023\\\/08\\\/10\\\/kim-oni-byli-ludzmi-czy-obcymi\\\/\",\"name\":\"Kim \\u201eOni\\u201d byli \\u2013 lud\\u017ami czy obcymi? - Wolno\\u015b\\u0107 i Anarchia\",\"description\":\"\\u0179r\\u00f3d\\u0142o: https:\\\/\\\/www.youtube.com\\\/@The5thKind Jak daleko wstecz si\\u0119ga pami\\u0119\\u0107 Homo sapiens? Czy mamy kulturow\\u0105 pami\\u0119\\u0107 o wydarzeniach sprzed ostatniego kataklizmu planetarnego? Czy pami\\u0119tamy, jak wygl\\u0105da\\u0142o \\u017cycie przed ostatni\\u0105 epok\\u0105 lodowcow\\u0105? I czy mamy jakiekolwiek wspomnienie Wielkiego Skoku Naprz\\u00f3d, kt\\u00f3ry przeni\\u00f3s\\u0142 ludzko\\u015b\\u0107 z \\u017cycia na powierzchni planety do rolnictwa i budowy miast? Czy to wspomnienie wi\\u0105\\u017ce si\\u0119 z kontaktem\",\"inLanguage\":\"pl-PL\",\"isPartOf\":{\"@id\":\"https:\\\/\\\/wia.net.pl\\\/#website\"},\"breadcrumb\":{\"@id\":\"https:\\\/\\\/wia.net.pl\\\/index.php\\\/2023\\\/08\\\/10\\\/kim-oni-byli-ludzmi-czy-obcymi\\\/#breadcrumblist\"},\"author\":{\"@id\":\"https:\\\/\\\/wia.net.pl\\\/index.php\\\/author\\\/talar\\\/#author\"},\"creator\":{\"@id\":\"https:\\\/\\\/wia.net.pl\\\/index.php\\\/author\\\/talar\\\/#author\"},\"image\":{\"@type\":\"ImageObject\",\"url\":\"https:\\\/\\\/wia.net.pl\\\/wp-content\\\/uploads\\\/2023\\\/08\\\/kim-oni-byli-ludZmi-czy-obcymi.jpg\",\"@id\":\"https:\\\/\\\/wia.net.pl\\\/index.php\\\/2023\\\/08\\\/10\\\/kim-oni-byli-ludzmi-czy-obcymi\\\/#mainImage\",\"width\":1920,\"height\":1080},\"primaryImageOfPage\":{\"@id\":\"https:\\\/\\\/wia.net.pl\\\/index.php\\\/2023\\\/08\\\/10\\\/kim-oni-byli-ludzmi-czy-obcymi\\\/#mainImage\"},\"datePublished\":\"2023-08-10T18:16:25+02:00\",\"dateModified\":\"2023-08-10T18:16:25+02:00\"},{\"@type\":\"WebSite\",\"@id\":\"https:\\\/\\\/wia.net.pl\\\/#website\",\"url\":\"https:\\\/\\\/wia.net.pl\\\/\",\"name\":\"Wolno\\u015b\\u0107 i Anarchia\",\"description\":\"Ka\\u017cdy wewn\\u0119trznie jest anarchist\\u0105.\",\"inLanguage\":\"pl-PL\",\"publisher\":{\"@id\":\"https:\\\/\\\/wia.net.pl\\\/#person\"}}]}\n\t\t<\/script>\n\t\t<!-- All in One SEO -->\n\n","aioseo_head_json":{"title":"Kim \u201eOni\u201d byli \u2013 lud\u017ami czy obcymi? - Wolno\u015b\u0107 i Anarchia","description":"\u0179r\u00f3d\u0142o: https:\/\/www.youtube.com\/@The5thKind Jak daleko wstecz si\u0119ga pami\u0119\u0107 Homo sapiens? Czy mamy kulturow\u0105 pami\u0119\u0107 o wydarzeniach sprzed ostatniego kataklizmu planetarnego? Czy pami\u0119tamy, jak wygl\u0105da\u0142o \u017cycie przed ostatni\u0105 epok\u0105 lodowcow\u0105? I czy mamy jakiekolwiek wspomnienie Wielkiego Skoku Naprz\u00f3d, kt\u00f3ry przeni\u00f3s\u0142 ludzko\u015b\u0107 z \u017cycia na powierzchni planety do rolnictwa i budowy miast? Czy to wspomnienie wi\u0105\u017ce si\u0119 z kontaktem","canonical_url":"https:\/\/wia.net.pl\/index.php\/2023\/08\/10\/kim-oni-byli-ludzmi-czy-obcymi\/","robots":"max-image-preview:large","keywords":"","webmasterTools":{"miscellaneous":""},"schema":{"@context":"https:\/\/schema.org","@graph":[{"@type":"BlogPosting","@id":"https:\/\/wia.net.pl\/index.php\/2023\/08\/10\/kim-oni-byli-ludzmi-czy-obcymi\/#blogposting","name":"Kim \u201eOni\u201d byli \u2013 lud\u017ami czy obcymi? - Wolno\u015b\u0107 i Anarchia","headline":"Kim &#8222;Oni&#8221; byli &#8211; lud\u017ami czy obcymi?","author":{"@id":"https:\/\/wia.net.pl\/index.php\/author\/talar\/#author"},"publisher":{"@id":"https:\/\/wia.net.pl\/#person"},"image":{"@type":"ImageObject","url":"https:\/\/wia.net.pl\/wp-content\/uploads\/2023\/08\/kim-oni-byli-ludZmi-czy-obcymi.jpg","width":1920,"height":1080},"datePublished":"2023-08-10T18:16:25+02:00","dateModified":"2023-08-10T18:16:25+02:00","inLanguage":"pl-PL","mainEntityOfPage":{"@id":"https:\/\/wia.net.pl\/index.php\/2023\/08\/10\/kim-oni-byli-ludzmi-czy-obcymi\/#webpage"},"isPartOf":{"@id":"https:\/\/wia.net.pl\/index.php\/2023\/08\/10\/kim-oni-byli-ludzmi-czy-obcymi\/#webpage"},"articleSection":"Antropologia, Religie, Cesarstwo Rzymskie, Historia ziemi, Illuminati, Ko\u015bci\u00f3\u0142 katolicki, Ludzko\u015b\u0107, Niewolnictwo, Rz\u0105d, Satanizm, Tajne stowarzyszenia, Wszech\u015bwiat"},{"@type":"BreadcrumbList","@id":"https:\/\/wia.net.pl\/index.php\/2023\/08\/10\/kim-oni-byli-ludzmi-czy-obcymi\/#breadcrumblist","itemListElement":[{"@type":"ListItem","@id":"https:\/\/wia.net.pl#listItem","position":1,"name":"Home","item":"https:\/\/wia.net.pl","nextItem":{"@type":"ListItem","@id":"https:\/\/wia.net.pl\/index.php\/category\/antropologia\/#listItem","name":"Antropologia"}},{"@type":"ListItem","@id":"https:\/\/wia.net.pl\/index.php\/category\/antropologia\/#listItem","position":2,"name":"Antropologia","item":"https:\/\/wia.net.pl\/index.php\/category\/antropologia\/","nextItem":{"@type":"ListItem","@id":"https:\/\/wia.net.pl\/index.php\/2023\/08\/10\/kim-oni-byli-ludzmi-czy-obcymi\/#listItem","name":"Kim &#8222;Oni&#8221; byli &#8211; lud\u017ami czy obcymi?"},"previousItem":{"@type":"ListItem","@id":"https:\/\/wia.net.pl#listItem","name":"Home"}},{"@type":"ListItem","@id":"https:\/\/wia.net.pl\/index.php\/2023\/08\/10\/kim-oni-byli-ludzmi-czy-obcymi\/#listItem","position":3,"name":"Kim &#8222;Oni&#8221; byli &#8211; lud\u017ami czy obcymi?","previousItem":{"@type":"ListItem","@id":"https:\/\/wia.net.pl\/index.php\/category\/antropologia\/#listItem","name":"Antropologia"}}]},{"@type":"Person","@id":"https:\/\/wia.net.pl\/#person","name":"Bart\u0142omiej Talarczyk","image":{"@type":"ImageObject","@id":"https:\/\/wia.net.pl\/index.php\/2023\/08\/10\/kim-oni-byli-ludzmi-czy-obcymi\/#personImage","url":"https:\/\/wia.net.pl\/wp-content\/uploads\/avatar-privacy\/cache\/user\/1\/7\/176a6b161c58363ff49b5c167264231f519f5c7fa183ca1f61e891769b6b56d5-96.jpg","width":96,"height":96,"caption":"Bart\u0142omiej Talarczyk"}},{"@type":"Person","@id":"https:\/\/wia.net.pl\/index.php\/author\/talar\/#author","url":"https:\/\/wia.net.pl\/index.php\/author\/talar\/","name":"Bart\u0142omiej Talarczyk","image":{"@type":"ImageObject","@id":"https:\/\/wia.net.pl\/index.php\/2023\/08\/10\/kim-oni-byli-ludzmi-czy-obcymi\/#authorImage","url":"https:\/\/wia.net.pl\/wp-content\/uploads\/avatar-privacy\/cache\/user\/1\/7\/176a6b161c58363ff49b5c167264231f519f5c7fa183ca1f61e891769b6b56d5-96.jpg","width":96,"height":96,"caption":"Bart\u0142omiej Talarczyk"}},{"@type":"WebPage","@id":"https:\/\/wia.net.pl\/index.php\/2023\/08\/10\/kim-oni-byli-ludzmi-czy-obcymi\/#webpage","url":"https:\/\/wia.net.pl\/index.php\/2023\/08\/10\/kim-oni-byli-ludzmi-czy-obcymi\/","name":"Kim \u201eOni\u201d byli \u2013 lud\u017ami czy obcymi? - Wolno\u015b\u0107 i Anarchia","description":"\u0179r\u00f3d\u0142o: https:\/\/www.youtube.com\/@The5thKind Jak daleko wstecz si\u0119ga pami\u0119\u0107 Homo sapiens? Czy mamy kulturow\u0105 pami\u0119\u0107 o wydarzeniach sprzed ostatniego kataklizmu planetarnego? Czy pami\u0119tamy, jak wygl\u0105da\u0142o \u017cycie przed ostatni\u0105 epok\u0105 lodowcow\u0105? I czy mamy jakiekolwiek wspomnienie Wielkiego Skoku Naprz\u00f3d, kt\u00f3ry przeni\u00f3s\u0142 ludzko\u015b\u0107 z \u017cycia na powierzchni planety do rolnictwa i budowy miast? Czy to wspomnienie wi\u0105\u017ce si\u0119 z kontaktem","inLanguage":"pl-PL","isPartOf":{"@id":"https:\/\/wia.net.pl\/#website"},"breadcrumb":{"@id":"https:\/\/wia.net.pl\/index.php\/2023\/08\/10\/kim-oni-byli-ludzmi-czy-obcymi\/#breadcrumblist"},"author":{"@id":"https:\/\/wia.net.pl\/index.php\/author\/talar\/#author"},"creator":{"@id":"https:\/\/wia.net.pl\/index.php\/author\/talar\/#author"},"image":{"@type":"ImageObject","url":"https:\/\/wia.net.pl\/wp-content\/uploads\/2023\/08\/kim-oni-byli-ludZmi-czy-obcymi.jpg","@id":"https:\/\/wia.net.pl\/index.php\/2023\/08\/10\/kim-oni-byli-ludzmi-czy-obcymi\/#mainImage","width":1920,"height":1080},"primaryImageOfPage":{"@id":"https:\/\/wia.net.pl\/index.php\/2023\/08\/10\/kim-oni-byli-ludzmi-czy-obcymi\/#mainImage"},"datePublished":"2023-08-10T18:16:25+02:00","dateModified":"2023-08-10T18:16:25+02:00"},{"@type":"WebSite","@id":"https:\/\/wia.net.pl\/#website","url":"https:\/\/wia.net.pl\/","name":"Wolno\u015b\u0107 i Anarchia","description":"Ka\u017cdy wewn\u0119trznie jest anarchist\u0105.","inLanguage":"pl-PL","publisher":{"@id":"https:\/\/wia.net.pl\/#person"}}]},"og:locale":"pl_PL","og:site_name":"Wolno\u015b\u0107 i Anarchia - Ka\u017cdy wewn\u0119trznie jest anarchist\u0105.","og:type":"article","og:title":"Kim \u201eOni\u201d byli \u2013 lud\u017ami czy obcymi? - Wolno\u015b\u0107 i Anarchia","og:description":"\u0179r\u00f3d\u0142o: https:\/\/www.youtube.com\/@The5thKind Jak daleko wstecz si\u0119ga pami\u0119\u0107 Homo sapiens? Czy mamy kulturow\u0105 pami\u0119\u0107 o wydarzeniach sprzed ostatniego kataklizmu planetarnego? Czy pami\u0119tamy, jak wygl\u0105da\u0142o \u017cycie przed ostatni\u0105 epok\u0105 lodowcow\u0105? I czy mamy jakiekolwiek wspomnienie Wielkiego Skoku Naprz\u00f3d, kt\u00f3ry przeni\u00f3s\u0142 ludzko\u015b\u0107 z \u017cycia na powierzchni planety do rolnictwa i budowy miast? Czy to wspomnienie wi\u0105\u017ce si\u0119 z kontaktem","og:url":"https:\/\/wia.net.pl\/index.php\/2023\/08\/10\/kim-oni-byli-ludzmi-czy-obcymi\/","og:image":"https:\/\/wia.net.pl\/wp-content\/uploads\/2023\/11\/cropped-freedom-i73367.jpg","og:image:secure_url":"https:\/\/wia.net.pl\/wp-content\/uploads\/2023\/11\/cropped-freedom-i73367.jpg","article:published_time":"2023-08-10T16:16:25+00:00","article:modified_time":"2023-08-10T16:16:25+00:00","twitter:card":"summary_large_image","twitter:title":"Kim \u201eOni\u201d byli \u2013 lud\u017ami czy obcymi? - Wolno\u015b\u0107 i Anarchia","twitter:description":"\u0179r\u00f3d\u0142o: https:\/\/www.youtube.com\/@The5thKind Jak daleko wstecz si\u0119ga pami\u0119\u0107 Homo sapiens? Czy mamy kulturow\u0105 pami\u0119\u0107 o wydarzeniach sprzed ostatniego kataklizmu planetarnego? Czy pami\u0119tamy, jak wygl\u0105da\u0142o \u017cycie przed ostatni\u0105 epok\u0105 lodowcow\u0105? I czy mamy jakiekolwiek wspomnienie Wielkiego Skoku Naprz\u00f3d, kt\u00f3ry przeni\u00f3s\u0142 ludzko\u015b\u0107 z \u017cycia na powierzchni planety do rolnictwa i budowy miast? Czy to wspomnienie wi\u0105\u017ce si\u0119 z kontaktem","twitter:image":"https:\/\/wia.net.pl\/wp-content\/uploads\/2023\/11\/cropped-freedom-i73367.jpg"},"aioseo_meta_data":{"post_id":"3748","title":null,"description":null,"keywords":[],"keyphrases":{"focus":{"keyphrase":"","score":0,"analysis":{"keyphraseInTitle":{"score":0,"maxScore":9,"error":1}}},"additional":[]},"primary_term":null,"canonical_url":null,"og_title":null,"og_description":null,"og_object_type":"default","og_image_type":"default","og_image_url":null,"og_image_width":null,"og_image_height":null,"og_image_custom_url":null,"og_image_custom_fields":null,"og_video":"","og_custom_url":null,"og_article_section":null,"og_article_tags":[],"twitter_use_og":false,"twitter_card":"default","twitter_image_type":"default","twitter_image_url":null,"twitter_image_custom_url":null,"twitter_image_custom_fields":null,"twitter_title":null,"twitter_description":null,"schema":{"blockGraphs":[],"customGraphs":[],"default":{"data":{"Article":[],"Course":[],"Dataset":[],"FAQPage":[],"Movie":[],"Person":[],"Product":[],"ProductReview":[],"Car":[],"Recipe":[],"Service":[],"SoftwareApplication":[],"WebPage":[]},"graphName":"BlogPosting","isEnabled":true},"graphs":[]},"schema_type":"default","schema_type_options":null,"pillar_content":false,"robots_default":true,"robots_noindex":false,"robots_noarchive":false,"robots_nosnippet":false,"robots_nofollow":false,"robots_noimageindex":false,"robots_noodp":false,"robots_notranslate":false,"robots_max_snippet":"-1","robots_max_videopreview":"-1","robots_max_imagepreview":"large","priority":null,"frequency":"default","local_seo":null,"breadcrumb_settings":null,"limit_modified_date":false,"ai":null,"created":"2023-08-10 16:16:25","updated":"2025-06-04 08:55:49","seo_analyzer_scan_date":null,"focus_keyword":null,"additional_keywords":null,"truseo_locale":null},"aioseo_breadcrumb":"<div class=\"aioseo-breadcrumbs\"><span class=\"aioseo-breadcrumb\">\n\t\t\t<a href=\"https:\/\/wia.net.pl\" title=\"Home\">Home<\/a>\n\t\t<\/span><span class=\"aioseo-breadcrumb-separator\">&raquo;<\/span><span class=\"aioseo-breadcrumb\">\n\t\t\t<a href=\"https:\/\/wia.net.pl\/index.php\/category\/antropologia\/\" title=\"Antropologia\">Antropologia<\/a>\n\t\t<\/span><span class=\"aioseo-breadcrumb-separator\">&raquo;<\/span><span class=\"aioseo-breadcrumb\">\n\t\t\tKim \u201eOni\u201d byli \u2013 lud\u017ami czy obcymi?\n\t\t<\/span><\/div>","aioseo_breadcrumb_json":[{"label":"Home","link":"https:\/\/wia.net.pl"},{"label":"Antropologia","link":"https:\/\/wia.net.pl\/index.php\/category\/antropologia\/"},{"label":"Kim &#8222;Oni&#8221; byli &#8211; lud\u017ami czy obcymi?","link":"https:\/\/wia.net.pl\/index.php\/2023\/08\/10\/kim-oni-byli-ludzmi-czy-obcymi\/"}],"_links":{"self":[{"href":"https:\/\/wia.net.pl\/index.php\/wp-json\/wp\/v2\/posts\/3748"}],"collection":[{"href":"https:\/\/wia.net.pl\/index.php\/wp-json\/wp\/v2\/posts"}],"about":[{"href":"https:\/\/wia.net.pl\/index.php\/wp-json\/wp\/v2\/types\/post"}],"author":[{"embeddable":true,"href":"https:\/\/wia.net.pl\/index.php\/wp-json\/wp\/v2\/users\/3"}],"replies":[{"embeddable":true,"href":"https:\/\/wia.net.pl\/index.php\/wp-json\/wp\/v2\/comments?post=3748"}],"version-history":[{"count":1,"href":"https:\/\/wia.net.pl\/index.php\/wp-json\/wp\/v2\/posts\/3748\/revisions"}],"predecessor-version":[{"id":3750,"href":"https:\/\/wia.net.pl\/index.php\/wp-json\/wp\/v2\/posts\/3748\/revisions\/3750"}],"wp:featuredmedia":[{"embeddable":true,"href":"https:\/\/wia.net.pl\/index.php\/wp-json\/wp\/v2\/media\/3749"}],"wp:attachment":[{"href":"https:\/\/wia.net.pl\/index.php\/wp-json\/wp\/v2\/media?parent=3748"}],"wp:term":[{"taxonomy":"category","embeddable":true,"href":"https:\/\/wia.net.pl\/index.php\/wp-json\/wp\/v2\/categories?post=3748"},{"taxonomy":"post_tag","embeddable":true,"href":"https:\/\/wia.net.pl\/index.php\/wp-json\/wp\/v2\/tags?post=3748"}],"curies":[{"name":"wp","href":"https:\/\/api.w.org\/{rel}","templated":true}]}}