{"id":3748,"date":"2023-08-10T18:16:25","date_gmt":"2023-08-10T16:16:25","guid":{"rendered":"https:\/\/wia.net.pl\/?p=3748"},"modified":"2023-08-10T18:16:25","modified_gmt":"2023-08-10T16:16:25","slug":"kim-oni-byli-ludzmi-czy-obcymi","status":"publish","type":"post","link":"https:\/\/wia.net.pl\/index.php\/2023\/08\/10\/kim-oni-byli-ludzmi-czy-obcymi\/","title":{"rendered":"Kim &#8222;Oni&#8221; byli &#8211; lud\u017ami czy obcymi?"},"content":{"rendered":"\n<p>\u0179r\u00f3d\u0142o:\u00a0<a href=\"https:\/\/www.youtube.com\/@The5thKind\">https:\/\/www.youtube.com\/@The5thKind<\/a><\/p>\n\n\n\n<p>Jak daleko wstecz si\u0119ga pami\u0119\u0107 Homo sapiens?<\/p>\n\n\n\n<p> Czy mamy kulturow\u0105 pami\u0119\u0107 o wydarzeniach sprzed ostatniego kataklizmu planetarnego? <\/p>\n\n\n\n<p>Czy pami\u0119tamy, jak wygl\u0105da\u0142o \u017cycie przed ostatni\u0105 epok\u0105 lodowcow\u0105? <\/p>\n\n\n\n<p>I czy mamy jakiekolwiek wspomnienie Wielkiego Skoku Naprz\u00f3d, kt\u00f3ry przeni\u00f3s\u0142 ludzko\u015b\u0107 z \u017cycia na powierzchni planety do rolnictwa i budowy miast? <\/p>\n\n\n\n<p>Czy to wspomnienie wi\u0105\u017ce si\u0119 z kontaktem z obc\u0105 ras\u0105?<\/p>\n\n\n<p><iframe loading=\"lazy\" id=\"odysee-iframe\" width=\"560\" height=\"315\" src=\"https:\/\/odysee.com\/$\/embed\/@wolnoscanarchia:d\/Kim-oni-byli---lud\u017ami-czy-obcymi:a?r=DPjp8iKEfKgRaZuz8haiJoWzSogvDZqy\" allowfullscreen><\/iframe><\/p>\n<div class=\"remoji_bar\"><div class=\"remoji_add_container\" data-remoji-id=\"3748\" data-remoji-type=\"post\"><div class=\"remoji_add_icon\"><\/div><\/div><div class=\"remoji_error_bar\" data-remoji-id=\"3748\" data-remoji-type=\"post\" style=\"display: none;\">Error happened.<\/div><\/div>","protected":false},"excerpt":{"rendered":"<p>\u0179r\u00f3d\u0142o:\u00a0https:\/\/www.youtube.com\/@The5thKind Jak daleko wstecz si\u0119ga pami\u0119\u0107 Homo sapiens? Czy mamy kulturow\u0105 pami\u0119\u0107 o wydarzeniach sprzed ostatniego kataklizmu planetarnego? Czy pami\u0119tamy, jak wygl\u0105da\u0142o \u017cycie przed ostatni\u0105 epok\u0105 lodowcow\u0105? I czy mamy jakiekolwiek wspomnienie Wielkiego Skoku Naprz\u00f3d, kt\u00f3ry przeni\u00f3s\u0142 ludzko\u015b\u0107 z \u017cycia&#8230; <\/p>\n","protected":false},"author":3,"featured_media":3749,"comment_status":"open","ping_status":"open","sticky":false,"template":"","format":"standard","meta":{"_acf_changed":false,"_bbp_topic_count":0,"_bbp_reply_count":0,"_bbp_total_topic_count":0,"_bbp_total_reply_count":0,"_bbp_voice_count":0,"_bbp_anonymous_reply_count":0,"_bbp_topic_count_hidden":0,"_bbp_reply_count_hidden":0,"_bbp_forum_subforum_count":0,"om_disable_all_campaigns":false,"_monsterinsights_skip_tracking":false,"_monsterinsights_sitenote_active":false,"_monsterinsights_sitenote_note":"","_monsterinsights_sitenote_category":0,"footnotes":""},"categories":[11,96],"tags":[68,63,42,71,26,23,32,22,70,62],"class_list":["post-3748","post","type-post","status-publish","format-standard","has-post-thumbnail","hentry","category-antropologia","category-religie","tag-cesarstwo-rzymskie","tag-historia-ziemi","tag-illuminati","tag-kosciol-katolicki","tag-ludzkosc","tag-niewolnictwo","tag-rzad","tag-satanizm","tag-tajne-stowarzyszenia","tag-wszechswiat"],"acf":[],"aioseo_notices":[],"_links":{"self":[{"href":"https:\/\/wia.net.pl\/index.php\/wp-json\/wp\/v2\/posts\/3748"}],"collection":[{"href":"https:\/\/wia.net.pl\/index.php\/wp-json\/wp\/v2\/posts"}],"about":[{"href":"https:\/\/wia.net.pl\/index.php\/wp-json\/wp\/v2\/types\/post"}],"author":[{"embeddable":true,"href":"https:\/\/wia.net.pl\/index.php\/wp-json\/wp\/v2\/users\/3"}],"replies":[{"embeddable":true,"href":"https:\/\/wia.net.pl\/index.php\/wp-json\/wp\/v2\/comments?post=3748"}],"version-history":[{"count":1,"href":"https:\/\/wia.net.pl\/index.php\/wp-json\/wp\/v2\/posts\/3748\/revisions"}],"predecessor-version":[{"id":3750,"href":"https:\/\/wia.net.pl\/index.php\/wp-json\/wp\/v2\/posts\/3748\/revisions\/3750"}],"wp:featuredmedia":[{"embeddable":true,"href":"https:\/\/wia.net.pl\/index.php\/wp-json\/wp\/v2\/media\/3749"}],"wp:attachment":[{"href":"https:\/\/wia.net.pl\/index.php\/wp-json\/wp\/v2\/media?parent=3748"}],"wp:term":[{"taxonomy":"category","embeddable":true,"href":"https:\/\/wia.net.pl\/index.php\/wp-json\/wp\/v2\/categories?post=3748"},{"taxonomy":"post_tag","embeddable":true,"href":"https:\/\/wia.net.pl\/index.php\/wp-json\/wp\/v2\/tags?post=3748"}],"curies":[{"name":"wp","href":"https:\/\/api.w.org\/{rel}","templated":true}]}}