{"id":3832,"date":"2023-08-12T15:05:15","date_gmt":"2023-08-12T13:05:15","guid":{"rendered":"https:\/\/wia.net.pl\/?p=3832"},"modified":"2023-08-12T15:05:16","modified_gmt":"2023-08-12T13:05:16","slug":"watykan-nowy-porzadek-swiata-wojsko-watykanu","status":"publish","type":"post","link":"https:\/\/wia.net.pl\/index.php\/2023\/08\/12\/watykan-nowy-porzadek-swiata-wojsko-watykanu\/","title":{"rendered":"Watykan \u2013 Nowy Porz\u0105dek \u015awiata \u2013 Wojsko Watykanu"},"content":{"rendered":"\n<p>Autor, <a href=\"https:\/\/helenaglass.net\/\">HELENA<\/a><\/p>\n\n\n\n<h3 class=\"wp-block-heading\">The Nationalist Voice<\/h3>\n\n\n\n<figure class=\"wp-block-image size-full\"><img loading=\"lazy\" decoding=\"async\" width=\"800\" height=\"800\" src=\"https:\/\/wia.net.pl\/wp-content\/uploads\/2023\/08\/HD-wallpaper-illuminati-eyes-triangle.jpg\" alt=\"\" class=\"wp-image-3833\" srcset=\"https:\/\/wia.net.pl\/wp-content\/uploads\/2023\/08\/HD-wallpaper-illuminati-eyes-triangle.jpg 800w, https:\/\/wia.net.pl\/wp-content\/uploads\/2023\/08\/HD-wallpaper-illuminati-eyes-triangle-300x300.jpg 300w, https:\/\/wia.net.pl\/wp-content\/uploads\/2023\/08\/HD-wallpaper-illuminati-eyes-triangle-150x150.jpg 150w, https:\/\/wia.net.pl\/wp-content\/uploads\/2023\/08\/HD-wallpaper-illuminati-eyes-triangle-768x768.jpg 768w\" sizes=\"(max-width: 800px) 100vw, 800px\" \/><\/figure>\n\n\n\n<p><em><strong>W ramach przygotowa\u0144 do wybor\u00f3w 2024 na ca\u0142ym \u015bwiecie podejmowane s\u0105 ruchy.<\/strong><\/em><\/p>\n\n\n\n<p><strong>Podczas gdy my jeste\u015bmy zaabsorbowani mediami, protestami i szale\u0144stwem w mediach spo\u0142eczno\u015bciowych na temat S\u0105du Najwy\u017cszego \u2013 papie\u017c Franciszek jest zaj\u0119ty uk\u0142adaniem stos\u00f3w w Watykanie!&nbsp;A jego ostatni go\u015bcie, w tym Billy dzieciak Clinton, prawdopodobnie pomogli w og\u0142oszeniu przez Franciszka 21 NOWYCH i ulepszonych kardyna\u0142\u00f3w.&nbsp;Franciszek wprowadzi\u0142 ju\u017c 2\/3 ze 130 kardyna\u0142\u00f3w uprawnionych do wyboru nast\u0119pnego papie\u017ca.&nbsp;Jego skupienie?&nbsp;Duchowni, kt\u00f3rzy zgadzaj\u0105 si\u0119 z jego warto\u015bciami.&nbsp;&nbsp;<\/strong><\/p>\n\n\n\n<p><strong>Na przyk\u0142ad:<\/strong><\/p>\n\n\n\n<ul class=\"wp-block-list\">\n<li>Biskup Stephen Sau-yan Chow: W\u0142a\u015bnie zosta\u0142 mianowany biskupem Hongkongu w 2021 roku, a teraz jest kardyna\u0142em.&nbsp;On, podobnie jak Franciszek, jest jezuit\u0105.<\/li>\n\n\n\n<li>Pra\u0142at Pierbattista Pizzaballa z Jerozolimy: Jego nominacja na biskupa jest r\u00f3wnie\u017c nowa \u2013 2020. Jest cz\u0142onkiem Zakonu Malta\u0144skiego.&nbsp;Zakon ro\u015bci sobie pretensje do kontynuacji z&nbsp;&nbsp;<a href=\"https:\/\/en.wikipedia.org\/wiki\/Knights_Hospitaller\">Rycerzami Szpitalnik\u00f3w<\/a>&nbsp;prowadzonymi przez Wielkiego Mistrza.&nbsp;Rycerze s\u0105 cz\u0119\u015bci\u0105 suwerennego zakonu wojskowego.&nbsp;To Knights Hostelier unicestwi\u0142 templariuszy.<\/li>\n<\/ul>\n\n\n\n<p><strong>Zakon Malta\u0144ski<\/strong>&nbsp;jest cz\u0119\u015bciowo finansowany przez&nbsp;<em><strong>Malteser International<\/strong><\/em>&nbsp;, kt\u00f3rego pomocnicy obejmuj\u0105: Korpus Wojskowy, Si\u0142y Powietrzne i Marynark\u0119 Wojenn\u0105.&nbsp;Z siedzib\u0105 w Niemczech, byli cz\u0119\u015bci\u0105 bitew wojskowych wypraw krzy\u017cowych przez 9 wiek\u00f3w.&nbsp;Ich bud\u017cet na 2021 rok wyni\u00f3s\u0142 91,9 mln euro.&nbsp;Dodatkowe fundusze dla&nbsp;<strong>Zakonu<\/strong>&nbsp;pochodz\u0105 z partnerstw, kt\u00f3re obejmuj\u0105 ONZ, Billa Gatesa, USAID, Niemieckie Towarzystwo na rzecz Mi\u0119dzynarodowego Zr\u00f3wnowa\u017conego Rozwoju, WHO, WEF, rz\u0105dy \u2013 i inne.<\/p>\n\n\n\n<p><em>Pomimo tego, \u017ce mie\u015bci si\u0119 w Watykanie, pomimo tego, \u017ce Zakon jest desygnowany przez Papie\u017ca, pomimo ogromnych zasob\u00f3w Watykanu \u2013 NIE finansuje rocznego bud\u017cetu Zakonu w wysoko\u015bci 2,3 miliarda dolar\u00f3w.&nbsp;&nbsp;<\/em><\/p>\n\n\n\n<p>Znani cz\u0142onkowie Zakonu Malta\u0144skiego to: Prescott Bush, George Bush Jr., Erik Prince, za\u0142o\u017cyciel Blackwater, Rockefeller, dwaj cz\u0142onkowie rodziny Kennedy \u2013 Joseph i Ted, kr\u00f3lowa El\u017cbieta II, Karol, ksi\u0105\u017c\u0119 Castro, Mussolini i dziwna osoba odstaj\u0105ca \u2013 Jimmy Savile, skazany za pedofili\u0119.<\/p>\n\n\n\n<p><strong>George Bush Jr. Zakon Malta\u0144ski:<\/strong><\/p>\n\n\n\n<p>Ich celem jest eliminacja islamu.&nbsp;ISIS.&nbsp;Al-Kaida.&nbsp;9-11.<\/p>\n\n\n\n<p><strong>Eryk Ksi\u0105\u017c\u0119 Zakon Malta\u0144ski:<\/strong><\/p>\n\n\n\n<p>Wojskowy pomocnik Malty zosta\u0142 opisany jako Najemnicy.<\/p>\n\n\n\n<p>W 2013 roku sp\u00f3\u0142ka zale\u017cna Academi International Development Solutions otrzyma\u0142a kontrakt o warto\u015bci 92 milion\u00f3w dolar\u00f3w na ochroniarzy Departamentu Stanu.&nbsp;To by\u0142aby Hillary Clinton.&nbsp;W lutym 2022 r. Erik Prince odwiedzi\u0142 Ze\u0142enskiego w Kijowie.&nbsp;Prince jest wspierany i finansowany przez Lloyda Austina i Avril Haines z Departamentu Obrony.<\/p>\n\n\n\n<p><em>\u0141\u0105cznikiem mi\u0119dzy Watykanem \u2013 najemnikami Blackwater \u2013 Ukrain\u0105 \u2013 a Pentagonem jest Zakon Malta\u0144ski.<\/em><\/p>\n\n\n\n<p><strong>Papie\u017c Franciszek Watykan Zakon Malta\u0144ski:<\/strong><\/p>\n\n\n\n<p>W 2022 roku Francis zwolni\u0142 ca\u0142y zarz\u0105d Zakonu w zwi\u0105zku z trwaj\u0105cymi roszczeniami o napa\u015b\u0107 na tle seksualnym i wewn\u0119trznymi podzia\u0142ami, kt\u00f3re podzieli\u0142y cz\u0142onk\u00f3w.&nbsp;Franciszek i Marco Luzzago, porucznik Zakonu Wojskowego, przepisali nast\u0119pnie Konstytucj\u0119 Zakonu, zgodnie z kt\u00f3r\u0105 ostateczna w\u0142adza nad wszystkim, co robi\u0105, nale\u017cy teraz wy\u0142\u0105cznie do papie\u017ca, a nie do \u015bwieckich cz\u0142onk\u00f3w.&nbsp;Nowo powo\u0142any zarz\u0105d sk\u0142ada si\u0119 z prawnik\u00f3w, pediatr\u00f3w i bankier\u00f3w.&nbsp;Luzzago zmar\u0142 w 2022 roku z powodu nag\u0142ego wylewu krwi do m\u00f3zgu.<\/p>\n\n\n\n<p>Wed\u0142ug ich strony internetowej, Zakon przyznaje dotacje swoim 21 \u201esp\u00f3\u0142kom zale\u017cnym\u201d, kt\u00f3re nast\u0119pnie wydaj\u0105 je na administracj\u0119, podczas gdy wolontariusze wykonuj\u0105 prac\u0119.&nbsp;Nie ma \u017cadnych zezna\u0144 podatkowych, poniewa\u017c podlega to parasolowi Watykanu.<\/p>\n\n\n\n<p>Watykan i jego liczne dodatki s\u0105 finansowane przez \u015bwiatowe rz\u0105dy za po\u015brednictwem podatnik\u00f3w.&nbsp;Watykan zakorzenia swoje ustanowienie jako kamie\u0144 w\u0119gielny Globalnego Porz\u0105dku za pomoc\u0105 \u015brodk\u00f3w wojskowych i monetarnych, mieszcz\u0105cych si\u0119 w ideologii Jezuit\u00f3w i Protektoratu Watykanu.<\/p>\n\n\n\n<p><em>To w\u0142a\u015bnie pod t\u0105 staro\u017cytn\u0105 kuratel\u0105 katolicyzmu i ostatecznie chrze\u015bcija\u0144stwa dokonano ponownego przet\u0142umaczenia kluczowego biblijnego s\u0142owa:&nbsp;<\/em><strong>Magisterium.&nbsp;<\/strong>&nbsp; W Biblii Magisterium oznacza \u201enauczyciela\u201d.&nbsp;Ale gdzie\u015b w XII wieku, aby potwierdzi\u0107 w\u0142adz\u0119 nad monarchiami, papie\u017c na nowo zdefiniowa\u0142 magisterium jako&nbsp;<em>\u201ew\u0142adz\u0119 religijn\u0105\u201d!&nbsp;<\/em>&nbsp; &nbsp; W tym momencie monarchie by\u0142y zobowi\u0105zane do papie\u017ca i jego administrator\u00f3w.&nbsp;Moment, w kt\u00f3rym wszystko si\u0119 posypa\u0142o.<\/p>\n\n\n\n<p><em>Wygl\u0105d<\/em>&nbsp;\u2013 jest to, \u017ce Nowy Porz\u0105dek \u015awiata b\u0119dzie post\u0119powa\u0142 bez swoich by\u0142ych sojusznik\u00f3w, w tym BRICS i wszystkich przysz\u0142ych cz\u0142onk\u00f3w BRICS w oczekiwaniu.&nbsp;Biznes jak zwykle.<\/p>\n\n\n\n<p>JAK?&nbsp;Jak Zach\u00f3d mo\u017ce stworzy\u0107 Nowy Porz\u0105dek \u015awiata i RESET, skoro posiada tylko 40% globalnych rz\u0105d\u00f3w?<\/p>\n\n\n\n<p>Kr\u00f3tka odpowied\u017a \u2013 nie mog\u0105.&nbsp;Ale mog\u0105 tworzy\u0107 iluzj\u0119 \u2013 za po\u015brednictwem sztucznej inteligencji.<\/p>\n\n\n\n<p><strong>WEF Zakon Malta\u0144ski:<\/strong><\/p>\n\n\n\n<p>Sztuczna inteligencja jest na \u015brednim etapie doskonalenia projekcji dowolnych jednostek, kt\u00f3re m\u00f3wi\u0105 i wygl\u0105daj\u0105 jak ich \u201eposta\u0107\u201d, ale s\u0105 przywo\u0142ywane za po\u015brednictwem Sztucznej Rzeczywisto\u015bci.&nbsp;Sztuczna Rzeczywisto\u015b\u0107 jest zaprogramowana z analiz\u0105 i danymi ograniczonymi do \u201eProgramist\u00f3w\u201d.&nbsp;Dlatego mogliby\u015bmy zasadniczo mie\u0107 5-1000 r\u00f3\u017cnych programist\u00f3w AI tej samej osoby, wywo\u0142uj\u0105cych zupe\u0142nie r\u00f3\u017cne programy osobowo\u015bci.<\/p>\n\n\n\n<p>W tej chwili istniej\u0105 subtelne sposoby identyfikacji osoby AI w por\u00f3wnaniu z rzeczywisto\u015bci\u0105 \u2013 ruchy ga\u0142ek ocznych, emocje, deformacje ust i analiza krytycznego my\u015blenia.&nbsp;Krytyczne my\u015blenie jest kluczem do przetrwania Ameryki.&nbsp;Bez tej konkretnej drogi nast\u0119pne pokolenie b\u0119dzie stracone \u2013 niezdolne do odr\u00f3\u017cnienia rzeczywisto\u015bci od sztucznej inteligencji.<\/p>\n\n\n\n<p>G\u0142\u00f3wne cele WEF pokrywaj\u0105 si\u0119 z celami watyka\u0144skiego Zakonu Malta\u0144skiego \u2013 Afryka i Chiny.&nbsp;Narz\u0119dzie propagandy jest inne.&nbsp;Dla nich jest to \u201echoroba\u201d;&nbsp;Ebola, denga, malaria, Zika, wszystko i wszystko, co mo\u017cna zrzuci\u0107 na komary.<\/p>\n\n\n\n<p>Ale co, je\u015bli ta teoria, podobnie jak teoria nietoperza \u2013 jest NIEPRAWID\u0141OWA?<\/p>\n\n\n\n<p><strong>ONZ \u2013 Zakon Malty o sta\u0142ym statusie:<\/strong><\/p>\n\n\n\n<p>Zintegrowany we wszystkim, co globalne, Zakon Malta\u0144ski sta\u0142 si\u0119 sta\u0142ym cz\u0142onkiem ONZ i organizuje imprezy i debaty z udzia\u0142em 40 organizacji mi\u0119dzynarodowych i 750 organizacji pozarz\u0105dowych.&nbsp;W latach 1997-2004 Fundacja Spo\u0142ecze\u0144stwa Otwartego nawi\u0105za\u0142a wsp\u00f3\u0142prac\u0119 z W\u0119giersk\u0105 S\u0142u\u017cb\u0105 Charytatywn\u0105 Zakonu Malta\u0144skiego.<\/p>\n\n\n\n<p>W 2005 roku Bill Gates zosta\u0142 pasowany na rycerza przez kr\u00f3low\u0105 El\u017cbiet\u0119 pod nadzorem papie\u017ca.&nbsp;Rycerstwo gwarantuje ochron\u0119 pod Stolic\u0105 Apostolsk\u0105.<\/p>\n\n\n\n<p><strong>Rockefeller Zakon Malta\u0144ski:<\/strong><\/p>\n\n\n\n<p>Pierwsze teorie dotycz\u0105ce komar\u00f3w zosta\u0142y og\u0142oszone na pocz\u0105tku XX wieku, kiedy Instytut Rockefellera tworzy\u0142 swoj\u0105 pierwsz\u0105 szczepionk\u0119.&nbsp;Ta sama szczepionka, kt\u00f3ra ostatecznie spowodowa\u0142a bakteryjne zapalenie p\u0142uc i zabi\u0142a setki tysi\u0119cy.&nbsp;Przed Rockefellerami na ca\u0142ym \u015bwiecie akceptowano, \u017ce choroby s\u0105 powodowane przez zanieczyszczon\u0105 wod\u0119 zanieczyszczon\u0105 odpadami i oparami rozk\u0142adaj\u0105cej si\u0119 i gnij\u0105cej ro\u015blinno\u015bci.&nbsp;S\u0142owo \u201emalaria\u201d t\u0142umaczy si\u0119 jako \u201ez\u0142e powietrze\u201d.&nbsp;S\u0142owo okre\u015blaj\u0105ce choroby tego rodzaju brzmia\u0142o \u201eMiazma\u201d.<\/p>\n\n\n\n<p>Prawie wszystkie choroby by\u0142y przenoszone przez cuchn\u0105ce powietrze i wod\u0119.&nbsp;Medycznym rozwi\u0105zaniem lub lekarstwem na wyziewy by\u0142a czysto\u015b\u0107 i wyeliminowanie potencjalnych \u017ar\u00f3de\u0142 gnicia opar\u00f3w lub \u201egaz\u00f3w kanalizacyjnych\u201d.<\/p>\n\n\n\n<p><strong>Papie\u017c Franciszek jest dobrze znany ze swojego zami\u0142owania do Hollywood \u2013 nawet je\u015bli go\u015b\u0107 jest \u015bwiecki lub ateist\u0105.\u00a0Hollywood ziemia grzechu.\u00a0Czerwiec 2021, papie\u017c Franciszek spotka\u0142 si\u0119 z Anthonym Blinkenem.\u00a0Pelosi z\u0142o\u017cy\u0142 wizyt\u0119 w czerwcu 2022 r. W maju 2023 r. papie\u017c Franciszek spotka\u0142 si\u0119 z Ze\u0142enskim.\u00a0W zesz\u0142ym tygodniu, 5 lipca, papie\u017c Franciszek spotka\u0142 si\u0119 z Billem Clintonem, Markiem Mezvinskim i Alexem Sorosem.\u00a0Clinton podzi\u0119kowa\u0142 papie\u017cowi za ca\u0142\u0105 jego s\u0142u\u017cb\u0119 i wr\u0119czy\u0142 mu notatk\u0119.<\/strong><\/p>\n\n\n\n<p>Link \u017ar\u00f3d\u0142owy <a href=\"https:\/\/helenaglass.net\/2023\/07\/10\/the-vatican-and-the-open-society\/\">https:\/\/helenaglass.net\/2023\/07\/10\/the-vatican-and-the-open-society\/<\/a><\/p>\n","protected":false},"excerpt":{"rendered":"<p>Autor, HELENA The Nationalist Voice W ramach przygotowa\u0144 do wybor\u00f3w 2024 na ca\u0142ym \u015bwiecie podejmowane s\u0105 ruchy. Podczas gdy my jeste\u015bmy zaabsorbowani mediami, protestami i szale\u0144stwem w mediach spo\u0142eczno\u015bciowych na temat S\u0105du Najwy\u017cszego \u2013 papie\u017c Franciszek jest zaj\u0119ty uk\u0142adaniem stos\u00f3w&#8230; <\/p>\n","protected":false},"author":2,"featured_media":3833,"comment_status":"open","ping_status":"open","sticky":false,"template":"","format":"standard","meta":{"_acf_changed":false,"_bbp_topic_count":0,"_bbp_reply_count":0,"_bbp_total_topic_count":0,"_bbp_total_reply_count":0,"_bbp_voice_count":0,"_bbp_anonymous_reply_count":0,"_bbp_topic_count_hidden":0,"_bbp_reply_count_hidden":0,"_bbp_forum_subforum_count":0,"om_disable_all_campaigns":false,"_monsterinsights_skip_tracking":false,"footnotes":""},"categories":[93],"tags":[],"class_list":["post-3832","post","type-post","status-publish","format-standard","has-post-thumbnail","hentry","category-artykuly"],"acf":[],"aioseo_notices":[],"aioseo_head":"\n\t\t<!-- All in One SEO 5.0.1.1 - aioseo.com -->\n\t<meta name=\"description\" content=\"Autor, HELENA The Nationalist Voice W ramach przygotowa\u0144 do wybor\u00f3w 2024 na ca\u0142ym \u015bwiecie podejmowane s\u0105 ruchy. Podczas gdy my jeste\u015bmy zaabsorbowani mediami, protestami i szale\u0144stwem w mediach spo\u0142eczno\u015bciowych na temat S\u0105du Najwy\u017cszego \u2013 papie\u017c Franciszek jest zaj\u0119ty uk\u0142adaniem stos\u00f3w w Watykanie! A jego ostatni go\u015bcie, w tym Billy dzieciak Clinton, prawdopodobnie pomogli w og\u0142oszeniu przez\" \/>\n\t<meta name=\"robots\" content=\"max-image-preview:large\" \/>\n\t<meta name=\"author\" content=\"trinity\"\/>\n\t<link rel=\"canonical\" href=\"https:\/\/wia.net.pl\/index.php\/2023\/08\/12\/watykan-nowy-porzadek-swiata-wojsko-watykanu\/\" \/>\n\t<meta name=\"generator\" content=\"All in One SEO (AIOSEO) 5.0.1.1\" \/>\n\t\t<meta property=\"og:locale\" content=\"pl_PL\" \/>\n\t\t<meta property=\"og:site_name\" content=\"Wolno\u015b\u0107 i Anarchia - Ka\u017cdy wewn\u0119trznie jest anarchist\u0105.\" \/>\n\t\t<meta property=\"og:type\" content=\"article\" \/>\n\t\t<meta property=\"og:title\" content=\"Watykan \u2013 Nowy Porz\u0105dek \u015awiata \u2013 Wojsko Watykanu - Wolno\u015b\u0107 i Anarchia\" \/>\n\t\t<meta property=\"og:description\" content=\"Autor, HELENA The Nationalist Voice W ramach przygotowa\u0144 do wybor\u00f3w 2024 na ca\u0142ym \u015bwiecie podejmowane s\u0105 ruchy. Podczas gdy my jeste\u015bmy zaabsorbowani mediami, protestami i szale\u0144stwem w mediach spo\u0142eczno\u015bciowych na temat S\u0105du Najwy\u017cszego \u2013 papie\u017c Franciszek jest zaj\u0119ty uk\u0142adaniem stos\u00f3w w Watykanie! A jego ostatni go\u015bcie, w tym Billy dzieciak Clinton, prawdopodobnie pomogli w og\u0142oszeniu przez\" \/>\n\t\t<meta property=\"og:url\" content=\"https:\/\/wia.net.pl\/index.php\/2023\/08\/12\/watykan-nowy-porzadek-swiata-wojsko-watykanu\/\" \/>\n\t\t<meta property=\"og:image\" content=\"https:\/\/wia.net.pl\/wp-content\/uploads\/2023\/11\/cropped-freedom-i73367.jpg\" \/>\n\t\t<meta property=\"og:image:secure_url\" content=\"https:\/\/wia.net.pl\/wp-content\/uploads\/2023\/11\/cropped-freedom-i73367.jpg\" \/>\n\t\t<meta property=\"article:published_time\" content=\"2023-08-12T13:05:15+00:00\" \/>\n\t\t<meta property=\"article:modified_time\" content=\"2023-08-12T13:05:16+00:00\" \/>\n\t\t<meta name=\"twitter:card\" content=\"summary_large_image\" \/>\n\t\t<meta name=\"twitter:title\" content=\"Watykan \u2013 Nowy Porz\u0105dek \u015awiata \u2013 Wojsko Watykanu - Wolno\u015b\u0107 i Anarchia\" \/>\n\t\t<meta name=\"twitter:description\" content=\"Autor, HELENA The Nationalist Voice W ramach przygotowa\u0144 do wybor\u00f3w 2024 na ca\u0142ym \u015bwiecie podejmowane s\u0105 ruchy. Podczas gdy my jeste\u015bmy zaabsorbowani mediami, protestami i szale\u0144stwem w mediach spo\u0142eczno\u015bciowych na temat S\u0105du Najwy\u017cszego \u2013 papie\u017c Franciszek jest zaj\u0119ty uk\u0142adaniem stos\u00f3w w Watykanie! A jego ostatni go\u015bcie, w tym Billy dzieciak Clinton, prawdopodobnie pomogli w og\u0142oszeniu przez\" \/>\n\t\t<meta name=\"twitter:image\" content=\"https:\/\/wia.net.pl\/wp-content\/uploads\/2023\/11\/cropped-freedom-i73367.jpg\" \/>\n\t\t<script type=\"application\/ld+json\" class=\"aioseo-schema\">\n\t\t\t{\"@context\":\"https:\\\/\\\/schema.org\",\"@graph\":[{\"@type\":\"BlogPosting\",\"@id\":\"https:\\\/\\\/wia.net.pl\\\/index.php\\\/2023\\\/08\\\/12\\\/watykan-nowy-porzadek-swiata-wojsko-watykanu\\\/#blogposting\",\"name\":\"Watykan \\u2013 Nowy Porz\\u0105dek \\u015awiata \\u2013 Wojsko Watykanu - Wolno\\u015b\\u0107 i Anarchia\",\"headline\":\"Watykan \\u2013 Nowy Porz\\u0105dek \\u015awiata \\u2013 Wojsko Watykanu\",\"author\":{\"@id\":\"https:\\\/\\\/wia.net.pl\\\/index.php\\\/author\\\/trinity\\\/#author\"},\"publisher\":{\"@id\":\"https:\\\/\\\/wia.net.pl\\\/#person\"},\"image\":{\"@type\":\"ImageObject\",\"url\":\"https:\\\/\\\/wia.net.pl\\\/wp-content\\\/uploads\\\/2023\\\/08\\\/HD-wallpaper-illuminati-eyes-triangle.jpg\",\"width\":800,\"height\":800},\"datePublished\":\"2023-08-12T15:05:15+02:00\",\"dateModified\":\"2023-08-12T15:05:16+02:00\",\"inLanguage\":\"pl-PL\",\"mainEntityOfPage\":{\"@id\":\"https:\\\/\\\/wia.net.pl\\\/index.php\\\/2023\\\/08\\\/12\\\/watykan-nowy-porzadek-swiata-wojsko-watykanu\\\/#webpage\"},\"isPartOf\":{\"@id\":\"https:\\\/\\\/wia.net.pl\\\/index.php\\\/2023\\\/08\\\/12\\\/watykan-nowy-porzadek-swiata-wojsko-watykanu\\\/#webpage\"},\"articleSection\":\"Artyku\\u0142y\"},{\"@type\":\"BreadcrumbList\",\"@id\":\"https:\\\/\\\/wia.net.pl\\\/index.php\\\/2023\\\/08\\\/12\\\/watykan-nowy-porzadek-swiata-wojsko-watykanu\\\/#breadcrumblist\",\"itemListElement\":[{\"@type\":\"ListItem\",\"@id\":\"https:\\\/\\\/wia.net.pl#listItem\",\"position\":1,\"name\":\"Home\",\"item\":\"https:\\\/\\\/wia.net.pl\",\"nextItem\":{\"@type\":\"ListItem\",\"@id\":\"https:\\\/\\\/wia.net.pl\\\/index.php\\\/category\\\/artykuly\\\/#listItem\",\"name\":\"Artyku\\u0142y\"}},{\"@type\":\"ListItem\",\"@id\":\"https:\\\/\\\/wia.net.pl\\\/index.php\\\/category\\\/artykuly\\\/#listItem\",\"position\":2,\"name\":\"Artyku\\u0142y\",\"item\":\"https:\\\/\\\/wia.net.pl\\\/index.php\\\/category\\\/artykuly\\\/\",\"nextItem\":{\"@type\":\"ListItem\",\"@id\":\"https:\\\/\\\/wia.net.pl\\\/index.php\\\/2023\\\/08\\\/12\\\/watykan-nowy-porzadek-swiata-wojsko-watykanu\\\/#listItem\",\"name\":\"Watykan \\u2013 Nowy Porz\\u0105dek \\u015awiata \\u2013 Wojsko Watykanu\"},\"previousItem\":{\"@type\":\"ListItem\",\"@id\":\"https:\\\/\\\/wia.net.pl#listItem\",\"name\":\"Home\"}},{\"@type\":\"ListItem\",\"@id\":\"https:\\\/\\\/wia.net.pl\\\/index.php\\\/2023\\\/08\\\/12\\\/watykan-nowy-porzadek-swiata-wojsko-watykanu\\\/#listItem\",\"position\":3,\"name\":\"Watykan \\u2013 Nowy Porz\\u0105dek \\u015awiata \\u2013 Wojsko Watykanu\",\"previousItem\":{\"@type\":\"ListItem\",\"@id\":\"https:\\\/\\\/wia.net.pl\\\/index.php\\\/category\\\/artykuly\\\/#listItem\",\"name\":\"Artyku\\u0142y\"}}]},{\"@type\":\"Person\",\"@id\":\"https:\\\/\\\/wia.net.pl\\\/#person\",\"name\":\"Bart\\u0142omiej Talarczyk\",\"image\":{\"@type\":\"ImageObject\",\"@id\":\"https:\\\/\\\/wia.net.pl\\\/index.php\\\/2023\\\/08\\\/12\\\/watykan-nowy-porzadek-swiata-wojsko-watykanu\\\/#personImage\",\"url\":\"https:\\\/\\\/wia.net.pl\\\/wp-content\\\/uploads\\\/avatar-privacy\\\/cache\\\/user\\\/1\\\/7\\\/176a6b161c58363ff49b5c167264231f519f5c7fa183ca1f61e891769b6b56d5-96.jpg\",\"width\":96,\"height\":96,\"caption\":\"Bart\\u0142omiej Talarczyk\"}},{\"@type\":\"Person\",\"@id\":\"https:\\\/\\\/wia.net.pl\\\/index.php\\\/author\\\/trinity\\\/#author\",\"url\":\"https:\\\/\\\/wia.net.pl\\\/index.php\\\/author\\\/trinity\\\/\",\"name\":\"trinity\",\"image\":{\"@type\":\"ImageObject\",\"@id\":\"https:\\\/\\\/wia.net.pl\\\/index.php\\\/2023\\\/08\\\/12\\\/watykan-nowy-porzadek-swiata-wojsko-watykanu\\\/#authorImage\",\"url\":\"https:\\\/\\\/wia.net.pl\\\/wp-content\\\/uploads\\\/avatar-privacy\\\/cache\\\/user\\\/5\\\/f\\\/5f6547cf82495eaa10e100a6a45d5dbde2dfdc1be88557de2018fca705bdf6f1-96.jpg\",\"width\":96,\"height\":96,\"caption\":\"trinity\"}},{\"@type\":\"WebPage\",\"@id\":\"https:\\\/\\\/wia.net.pl\\\/index.php\\\/2023\\\/08\\\/12\\\/watykan-nowy-porzadek-swiata-wojsko-watykanu\\\/#webpage\",\"url\":\"https:\\\/\\\/wia.net.pl\\\/index.php\\\/2023\\\/08\\\/12\\\/watykan-nowy-porzadek-swiata-wojsko-watykanu\\\/\",\"name\":\"Watykan \\u2013 Nowy Porz\\u0105dek \\u015awiata \\u2013 Wojsko Watykanu - Wolno\\u015b\\u0107 i Anarchia\",\"description\":\"Autor, HELENA The Nationalist Voice W ramach przygotowa\\u0144 do wybor\\u00f3w 2024 na ca\\u0142ym \\u015bwiecie podejmowane s\\u0105 ruchy. Podczas gdy my jeste\\u015bmy zaabsorbowani mediami, protestami i szale\\u0144stwem w mediach spo\\u0142eczno\\u015bciowych na temat S\\u0105du Najwy\\u017cszego \\u2013 papie\\u017c Franciszek jest zaj\\u0119ty uk\\u0142adaniem stos\\u00f3w w Watykanie! A jego ostatni go\\u015bcie, w tym Billy dzieciak Clinton, prawdopodobnie pomogli w og\\u0142oszeniu przez\",\"inLanguage\":\"pl-PL\",\"isPartOf\":{\"@id\":\"https:\\\/\\\/wia.net.pl\\\/#website\"},\"breadcrumb\":{\"@id\":\"https:\\\/\\\/wia.net.pl\\\/index.php\\\/2023\\\/08\\\/12\\\/watykan-nowy-porzadek-swiata-wojsko-watykanu\\\/#breadcrumblist\"},\"author\":{\"@id\":\"https:\\\/\\\/wia.net.pl\\\/index.php\\\/author\\\/trinity\\\/#author\"},\"creator\":{\"@id\":\"https:\\\/\\\/wia.net.pl\\\/index.php\\\/author\\\/trinity\\\/#author\"},\"image\":{\"@type\":\"ImageObject\",\"url\":\"https:\\\/\\\/wia.net.pl\\\/wp-content\\\/uploads\\\/2023\\\/08\\\/HD-wallpaper-illuminati-eyes-triangle.jpg\",\"@id\":\"https:\\\/\\\/wia.net.pl\\\/index.php\\\/2023\\\/08\\\/12\\\/watykan-nowy-porzadek-swiata-wojsko-watykanu\\\/#mainImage\",\"width\":800,\"height\":800},\"primaryImageOfPage\":{\"@id\":\"https:\\\/\\\/wia.net.pl\\\/index.php\\\/2023\\\/08\\\/12\\\/watykan-nowy-porzadek-swiata-wojsko-watykanu\\\/#mainImage\"},\"datePublished\":\"2023-08-12T15:05:15+02:00\",\"dateModified\":\"2023-08-12T15:05:16+02:00\"},{\"@type\":\"WebSite\",\"@id\":\"https:\\\/\\\/wia.net.pl\\\/#website\",\"url\":\"https:\\\/\\\/wia.net.pl\\\/\",\"name\":\"Wolno\\u015b\\u0107 i Anarchia\",\"description\":\"Ka\\u017cdy wewn\\u0119trznie jest anarchist\\u0105.\",\"inLanguage\":\"pl-PL\",\"publisher\":{\"@id\":\"https:\\\/\\\/wia.net.pl\\\/#person\"}}]}\n\t\t<\/script>\n\t\t<!-- All in One SEO -->\n\n","aioseo_head_json":{"title":"Watykan \u2013 Nowy Porz\u0105dek \u015awiata \u2013 Wojsko Watykanu - Wolno\u015b\u0107 i Anarchia","description":"Autor, HELENA The Nationalist Voice W ramach przygotowa\u0144 do wybor\u00f3w 2024 na ca\u0142ym \u015bwiecie podejmowane s\u0105 ruchy. Podczas gdy my jeste\u015bmy zaabsorbowani mediami, protestami i szale\u0144stwem w mediach spo\u0142eczno\u015bciowych na temat S\u0105du Najwy\u017cszego \u2013 papie\u017c Franciszek jest zaj\u0119ty uk\u0142adaniem stos\u00f3w w Watykanie! A jego ostatni go\u015bcie, w tym Billy dzieciak Clinton, prawdopodobnie pomogli w og\u0142oszeniu przez","canonical_url":"https:\/\/wia.net.pl\/index.php\/2023\/08\/12\/watykan-nowy-porzadek-swiata-wojsko-watykanu\/","robots":"max-image-preview:large","keywords":"","webmasterTools":{"miscellaneous":""},"schema":{"@context":"https:\/\/schema.org","@graph":[{"@type":"BlogPosting","@id":"https:\/\/wia.net.pl\/index.php\/2023\/08\/12\/watykan-nowy-porzadek-swiata-wojsko-watykanu\/#blogposting","name":"Watykan \u2013 Nowy Porz\u0105dek \u015awiata \u2013 Wojsko Watykanu - Wolno\u015b\u0107 i Anarchia","headline":"Watykan \u2013 Nowy Porz\u0105dek \u015awiata \u2013 Wojsko Watykanu","author":{"@id":"https:\/\/wia.net.pl\/index.php\/author\/trinity\/#author"},"publisher":{"@id":"https:\/\/wia.net.pl\/#person"},"image":{"@type":"ImageObject","url":"https:\/\/wia.net.pl\/wp-content\/uploads\/2023\/08\/HD-wallpaper-illuminati-eyes-triangle.jpg","width":800,"height":800},"datePublished":"2023-08-12T15:05:15+02:00","dateModified":"2023-08-12T15:05:16+02:00","inLanguage":"pl-PL","mainEntityOfPage":{"@id":"https:\/\/wia.net.pl\/index.php\/2023\/08\/12\/watykan-nowy-porzadek-swiata-wojsko-watykanu\/#webpage"},"isPartOf":{"@id":"https:\/\/wia.net.pl\/index.php\/2023\/08\/12\/watykan-nowy-porzadek-swiata-wojsko-watykanu\/#webpage"},"articleSection":"Artyku\u0142y"},{"@type":"BreadcrumbList","@id":"https:\/\/wia.net.pl\/index.php\/2023\/08\/12\/watykan-nowy-porzadek-swiata-wojsko-watykanu\/#breadcrumblist","itemListElement":[{"@type":"ListItem","@id":"https:\/\/wia.net.pl#listItem","position":1,"name":"Home","item":"https:\/\/wia.net.pl","nextItem":{"@type":"ListItem","@id":"https:\/\/wia.net.pl\/index.php\/category\/artykuly\/#listItem","name":"Artyku\u0142y"}},{"@type":"ListItem","@id":"https:\/\/wia.net.pl\/index.php\/category\/artykuly\/#listItem","position":2,"name":"Artyku\u0142y","item":"https:\/\/wia.net.pl\/index.php\/category\/artykuly\/","nextItem":{"@type":"ListItem","@id":"https:\/\/wia.net.pl\/index.php\/2023\/08\/12\/watykan-nowy-porzadek-swiata-wojsko-watykanu\/#listItem","name":"Watykan \u2013 Nowy Porz\u0105dek \u015awiata \u2013 Wojsko Watykanu"},"previousItem":{"@type":"ListItem","@id":"https:\/\/wia.net.pl#listItem","name":"Home"}},{"@type":"ListItem","@id":"https:\/\/wia.net.pl\/index.php\/2023\/08\/12\/watykan-nowy-porzadek-swiata-wojsko-watykanu\/#listItem","position":3,"name":"Watykan \u2013 Nowy Porz\u0105dek \u015awiata \u2013 Wojsko Watykanu","previousItem":{"@type":"ListItem","@id":"https:\/\/wia.net.pl\/index.php\/category\/artykuly\/#listItem","name":"Artyku\u0142y"}}]},{"@type":"Person","@id":"https:\/\/wia.net.pl\/#person","name":"Bart\u0142omiej Talarczyk","image":{"@type":"ImageObject","@id":"https:\/\/wia.net.pl\/index.php\/2023\/08\/12\/watykan-nowy-porzadek-swiata-wojsko-watykanu\/#personImage","url":"https:\/\/wia.net.pl\/wp-content\/uploads\/avatar-privacy\/cache\/user\/1\/7\/176a6b161c58363ff49b5c167264231f519f5c7fa183ca1f61e891769b6b56d5-96.jpg","width":96,"height":96,"caption":"Bart\u0142omiej Talarczyk"}},{"@type":"Person","@id":"https:\/\/wia.net.pl\/index.php\/author\/trinity\/#author","url":"https:\/\/wia.net.pl\/index.php\/author\/trinity\/","name":"trinity","image":{"@type":"ImageObject","@id":"https:\/\/wia.net.pl\/index.php\/2023\/08\/12\/watykan-nowy-porzadek-swiata-wojsko-watykanu\/#authorImage","url":"https:\/\/wia.net.pl\/wp-content\/uploads\/avatar-privacy\/cache\/user\/5\/f\/5f6547cf82495eaa10e100a6a45d5dbde2dfdc1be88557de2018fca705bdf6f1-96.jpg","width":96,"height":96,"caption":"trinity"}},{"@type":"WebPage","@id":"https:\/\/wia.net.pl\/index.php\/2023\/08\/12\/watykan-nowy-porzadek-swiata-wojsko-watykanu\/#webpage","url":"https:\/\/wia.net.pl\/index.php\/2023\/08\/12\/watykan-nowy-porzadek-swiata-wojsko-watykanu\/","name":"Watykan \u2013 Nowy Porz\u0105dek \u015awiata \u2013 Wojsko Watykanu - Wolno\u015b\u0107 i Anarchia","description":"Autor, HELENA The Nationalist Voice W ramach przygotowa\u0144 do wybor\u00f3w 2024 na ca\u0142ym \u015bwiecie podejmowane s\u0105 ruchy. Podczas gdy my jeste\u015bmy zaabsorbowani mediami, protestami i szale\u0144stwem w mediach spo\u0142eczno\u015bciowych na temat S\u0105du Najwy\u017cszego \u2013 papie\u017c Franciszek jest zaj\u0119ty uk\u0142adaniem stos\u00f3w w Watykanie! A jego ostatni go\u015bcie, w tym Billy dzieciak Clinton, prawdopodobnie pomogli w og\u0142oszeniu przez","inLanguage":"pl-PL","isPartOf":{"@id":"https:\/\/wia.net.pl\/#website"},"breadcrumb":{"@id":"https:\/\/wia.net.pl\/index.php\/2023\/08\/12\/watykan-nowy-porzadek-swiata-wojsko-watykanu\/#breadcrumblist"},"author":{"@id":"https:\/\/wia.net.pl\/index.php\/author\/trinity\/#author"},"creator":{"@id":"https:\/\/wia.net.pl\/index.php\/author\/trinity\/#author"},"image":{"@type":"ImageObject","url":"https:\/\/wia.net.pl\/wp-content\/uploads\/2023\/08\/HD-wallpaper-illuminati-eyes-triangle.jpg","@id":"https:\/\/wia.net.pl\/index.php\/2023\/08\/12\/watykan-nowy-porzadek-swiata-wojsko-watykanu\/#mainImage","width":800,"height":800},"primaryImageOfPage":{"@id":"https:\/\/wia.net.pl\/index.php\/2023\/08\/12\/watykan-nowy-porzadek-swiata-wojsko-watykanu\/#mainImage"},"datePublished":"2023-08-12T15:05:15+02:00","dateModified":"2023-08-12T15:05:16+02:00"},{"@type":"WebSite","@id":"https:\/\/wia.net.pl\/#website","url":"https:\/\/wia.net.pl\/","name":"Wolno\u015b\u0107 i Anarchia","description":"Ka\u017cdy wewn\u0119trznie jest anarchist\u0105.","inLanguage":"pl-PL","publisher":{"@id":"https:\/\/wia.net.pl\/#person"}}]},"og:locale":"pl_PL","og:site_name":"Wolno\u015b\u0107 i Anarchia - Ka\u017cdy wewn\u0119trznie jest anarchist\u0105.","og:type":"article","og:title":"Watykan \u2013 Nowy Porz\u0105dek \u015awiata \u2013 Wojsko Watykanu - Wolno\u015b\u0107 i Anarchia","og:description":"Autor, HELENA The Nationalist Voice W ramach przygotowa\u0144 do wybor\u00f3w 2024 na ca\u0142ym \u015bwiecie podejmowane s\u0105 ruchy. Podczas gdy my jeste\u015bmy zaabsorbowani mediami, protestami i szale\u0144stwem w mediach spo\u0142eczno\u015bciowych na temat S\u0105du Najwy\u017cszego \u2013 papie\u017c Franciszek jest zaj\u0119ty uk\u0142adaniem stos\u00f3w w Watykanie! A jego ostatni go\u015bcie, w tym Billy dzieciak Clinton, prawdopodobnie pomogli w og\u0142oszeniu przez","og:url":"https:\/\/wia.net.pl\/index.php\/2023\/08\/12\/watykan-nowy-porzadek-swiata-wojsko-watykanu\/","og:image":"https:\/\/wia.net.pl\/wp-content\/uploads\/2023\/11\/cropped-freedom-i73367.jpg","og:image:secure_url":"https:\/\/wia.net.pl\/wp-content\/uploads\/2023\/11\/cropped-freedom-i73367.jpg","article:published_time":"2023-08-12T13:05:15+00:00","article:modified_time":"2023-08-12T13:05:16+00:00","twitter:card":"summary_large_image","twitter:title":"Watykan \u2013 Nowy Porz\u0105dek \u015awiata \u2013 Wojsko Watykanu - Wolno\u015b\u0107 i Anarchia","twitter:description":"Autor, HELENA The Nationalist Voice W ramach przygotowa\u0144 do wybor\u00f3w 2024 na ca\u0142ym \u015bwiecie podejmowane s\u0105 ruchy. Podczas gdy my jeste\u015bmy zaabsorbowani mediami, protestami i szale\u0144stwem w mediach spo\u0142eczno\u015bciowych na temat S\u0105du Najwy\u017cszego \u2013 papie\u017c Franciszek jest zaj\u0119ty uk\u0142adaniem stos\u00f3w w Watykanie! A jego ostatni go\u015bcie, w tym Billy dzieciak Clinton, prawdopodobnie pomogli w og\u0142oszeniu przez","twitter:image":"https:\/\/wia.net.pl\/wp-content\/uploads\/2023\/11\/cropped-freedom-i73367.jpg"},"aioseo_meta_data":{"post_id":"3832","title":null,"description":null,"keywords":[],"keyphrases":{"focus":{"keyphrase":"","score":0,"analysis":{"keyphraseInTitle":{"score":0,"maxScore":9,"error":1}}},"additional":[]},"primary_term":null,"canonical_url":null,"og_title":null,"og_description":null,"og_object_type":"default","og_image_type":"default","og_image_url":null,"og_image_width":null,"og_image_height":null,"og_image_custom_url":null,"og_image_custom_fields":null,"og_video":"","og_custom_url":null,"og_article_section":null,"og_article_tags":[],"twitter_use_og":false,"twitter_card":"default","twitter_image_type":"default","twitter_image_url":null,"twitter_image_custom_url":null,"twitter_image_custom_fields":null,"twitter_title":null,"twitter_description":null,"schema":{"blockGraphs":[],"customGraphs":[],"default":{"data":{"Article":[],"Course":[],"Dataset":[],"FAQPage":[],"Movie":[],"Person":[],"Product":[],"ProductReview":[],"Car":[],"Recipe":[],"Service":[],"SoftwareApplication":[],"WebPage":[]},"graphName":"BlogPosting","isEnabled":true},"graphs":[]},"schema_type":"default","schema_type_options":null,"pillar_content":false,"robots_default":true,"robots_noindex":false,"robots_noarchive":false,"robots_nosnippet":false,"robots_nofollow":false,"robots_noimageindex":false,"robots_noodp":false,"robots_notranslate":false,"robots_max_snippet":"-1","robots_max_videopreview":"-1","robots_max_imagepreview":"large","priority":null,"frequency":"default","local_seo":null,"breadcrumb_settings":null,"limit_modified_date":false,"ai":null,"created":"2023-08-12 13:05:16","updated":"2025-06-04 08:58:35","seo_analyzer_scan_date":null,"focus_keyword":null,"additional_keywords":null,"truseo_locale":null},"aioseo_breadcrumb":"<div class=\"aioseo-breadcrumbs\"><span class=\"aioseo-breadcrumb\">\n\t\t\t<a href=\"https:\/\/wia.net.pl\" title=\"Home\">Home<\/a>\n\t\t<\/span><span class=\"aioseo-breadcrumb-separator\">&raquo;<\/span><span class=\"aioseo-breadcrumb\">\n\t\t\t<a href=\"https:\/\/wia.net.pl\/index.php\/category\/artykuly\/\" title=\"Artyku\u0142y\">Artyku\u0142y<\/a>\n\t\t<\/span><span class=\"aioseo-breadcrumb-separator\">&raquo;<\/span><span class=\"aioseo-breadcrumb\">\n\t\t\tWatykan \u2013 Nowy Porz\u0105dek \u015awiata \u2013 Wojsko Watykanu\n\t\t<\/span><\/div>","aioseo_breadcrumb_json":[{"label":"Home","link":"https:\/\/wia.net.pl"},{"label":"Artyku\u0142y","link":"https:\/\/wia.net.pl\/index.php\/category\/artykuly\/"},{"label":"Watykan \u2013 Nowy Porz\u0105dek \u015awiata \u2013 Wojsko Watykanu","link":"https:\/\/wia.net.pl\/index.php\/2023\/08\/12\/watykan-nowy-porzadek-swiata-wojsko-watykanu\/"}],"_links":{"self":[{"href":"https:\/\/wia.net.pl\/index.php\/wp-json\/wp\/v2\/posts\/3832"}],"collection":[{"href":"https:\/\/wia.net.pl\/index.php\/wp-json\/wp\/v2\/posts"}],"about":[{"href":"https:\/\/wia.net.pl\/index.php\/wp-json\/wp\/v2\/types\/post"}],"author":[{"embeddable":true,"href":"https:\/\/wia.net.pl\/index.php\/wp-json\/wp\/v2\/users\/2"}],"replies":[{"embeddable":true,"href":"https:\/\/wia.net.pl\/index.php\/wp-json\/wp\/v2\/comments?post=3832"}],"version-history":[{"count":1,"href":"https:\/\/wia.net.pl\/index.php\/wp-json\/wp\/v2\/posts\/3832\/revisions"}],"predecessor-version":[{"id":3834,"href":"https:\/\/wia.net.pl\/index.php\/wp-json\/wp\/v2\/posts\/3832\/revisions\/3834"}],"wp:featuredmedia":[{"embeddable":true,"href":"https:\/\/wia.net.pl\/index.php\/wp-json\/wp\/v2\/media\/3833"}],"wp:attachment":[{"href":"https:\/\/wia.net.pl\/index.php\/wp-json\/wp\/v2\/media?parent=3832"}],"wp:term":[{"taxonomy":"category","embeddable":true,"href":"https:\/\/wia.net.pl\/index.php\/wp-json\/wp\/v2\/categories?post=3832"},{"taxonomy":"post_tag","embeddable":true,"href":"https:\/\/wia.net.pl\/index.php\/wp-json\/wp\/v2\/tags?post=3832"}],"curies":[{"name":"wp","href":"https:\/\/api.w.org\/{rel}","templated":true}]}}