{"id":3842,"date":"2023-08-13T10:33:55","date_gmt":"2023-08-13T08:33:55","guid":{"rendered":"https:\/\/wia.net.pl\/?p=3842"},"modified":"2023-08-13T10:33:55","modified_gmt":"2023-08-13T08:33:55","slug":"maui-hawaje-atak-terrorystyczny-globalistow","status":"publish","type":"post","link":"https:\/\/wia.net.pl\/index.php\/2023\/08\/13\/maui-hawaje-atak-terrorystyczny-globalistow\/","title":{"rendered":"Maui &#8211; Hawaje &#8211; atak terrorystyczny globalist\u00f3w"},"content":{"rendered":"\n<p><strong>Globali\u015bci przeprowadzaj\u0105 klimatyczny atak terrorystyczny na obywateli Maui, niszcz\u0105c \u017cycie i mienie<\/strong><\/p>\n\n\n\n<p>W jaki spos\u00f3b \u201enaturalny po\u017car\u201d mo\u017ce spali\u0107 budynki i samochody oraz pozostawi\u0107 drzewa stoj\u0105ce?<\/p>\n\n\n\n<p>Autor, <strong>Brian Shilhavy<\/strong><br><strong>Health Impact News<\/strong><\/p>\n\n\n\n<figure class=\"wp-block-image size-large\"><img loading=\"lazy\" decoding=\"async\" width=\"1024\" height=\"644\" src=\"https:\/\/wia.net.pl\/wp-content\/uploads\/2023\/08\/Maui-Fire-burns-car-and-buildings-but-not-trees-3-1024x644.jpg\" alt=\"\" class=\"wp-image-3844\" srcset=\"https:\/\/wia.net.pl\/wp-content\/uploads\/2023\/08\/Maui-Fire-burns-car-and-buildings-but-not-trees-3-1024x644.jpg 1024w, https:\/\/wia.net.pl\/wp-content\/uploads\/2023\/08\/Maui-Fire-burns-car-and-buildings-but-not-trees-3-300x189.jpg 300w, https:\/\/wia.net.pl\/wp-content\/uploads\/2023\/08\/Maui-Fire-burns-car-and-buildings-but-not-trees-3-768x483.jpg 768w, https:\/\/wia.net.pl\/wp-content\/uploads\/2023\/08\/Maui-Fire-burns-car-and-buildings-but-not-trees-3.jpg 1287w\" sizes=\"(max-width: 1024px) 100vw, 1024px\" \/><\/figure>\n\n\n\n<p>W jaki spos\u00f3b \u201enaturalny po\u017car\u201d mo\u017ce spali\u0107 budynki i samochody oraz pozostawi\u0107 drzewa stoj\u0105ce?\u00a0<strong>\u0179r\u00f3d\u0142o obrazu<\/strong>\u00a0:\u00a0<a href=\"https:\/\/rumble.com\/v36m2g5-maui-fires-where-can-we-buy-some-of-those-fireproof-trees.html\" target=\"_blank\" rel=\"noreferrer noopener\">Gdzie mo\u017cemy kupi\u0107 niekt\u00f3re z tych ognioodpornych drzew, kt\u00f3re maj\u0105 na Maui?<\/a><\/p>\n\n\n\n<p>Istnieje obawa, \u017ce \u200b\u200bsetki ludzi zgin\u0119\u0142o, a ca\u0142e miasta sp\u0142on\u0119\u0142y doszcz\u0119tnie na Maui na Hawajach, co jest wyra\u017anie klimatycznym atakiem terrorystycznym miliarder\u00f3w globalist\u00f3w przeciwko obywatelom Hawaj\u00f3w, g\u0142\u00f3wnie na wyspie Maui.<\/p>\n\n\n\n<p>Podobnie do tego, co wcze\u015bniej informowali\u015bmy o po\u017carach w Kalifornii i Kanadzie, gdzie dowody s\u0105 przyt\u0142aczaj\u0105ce, \u017ce te po\u017cary wcale nie s\u0105 naturalne, zdj\u0119cia i nagrania wideo pochodz\u0105ce z Maui teraz wyra\u017anie pokazuj\u0105, \u017ce NIE jest to naturalny \u201epo\u017car\u201d w ich tropikalny klimat, poniewa\u017c budynki i samochody p\u0142on\u0105 na popi\u00f3\u0142, podczas gdy drzewa i inne konstrukcje drewniane wci\u0105\u017c stoj\u0105.<\/p>\n\n\n\n<p>Zobacz niekt\u00f3re z naszych poprzednich relacji na temat tych nienaturalnych po\u017car\u00f3w:<\/p>\n\n\n\n<h3 class=\"wp-block-heading\"><a href=\"https:\/\/healthimpactnews.com\/2023\/wildfires-that-are-not-natural-product-of-the-geoengineering-agenda\/\" target=\"_blank\" rel=\"noreferrer noopener\">Po\u017cary, kt\u00f3re nie s\u0105 naturalne &#8211; produkt agendy geoin\u017cynierii<\/a><\/h3>\n\n\n\n<p>Oryginalny nag\u0142\u00f3wek, kt\u00f3rego zamierza\u0142em u\u017cy\u0107 w tym artykule, brzmia\u0142: \u201eRz\u0105d Stan\u00f3w Zjednoczonych przeprowadza klimatyczny atak terrorystyczny na obywateli Maui, niszcz\u0105c \u017cycie i mienie\u201d, ale potem zda\u0142em sobie spraw\u0119, \u017ce kiedy wi\u0119kszo\u015b\u0107 ludzi my\u015bli o \u201erz\u0105dzie\u201d, my\u015bli o tych, kt\u00f3rzy s\u0105 ( s) wybrany na urz\u0105d publiczny.<\/p>\n\n\n\n<p>Ale rzeczywisto\u015b\u0107 jest taka, \u017ce \u200b\u200b\u015bwiatowi miliarderzy i bankierzy s\u0105 tymi, kt\u00f3rzy kontroluj\u0105 dzia\u0142ania \u201erz\u0105du\u201d, i nigdzie nie jest to bardziej widoczne ni\u017c na Hawajach, placu zabaw i kryj\u00f3wce bogatych i s\u0142awnych.<\/p>\n\n\n\n<p>Ponad 10 lat temu jad\u0142em kolacj\u0119 w Los Angeles z by\u0142ym senatorem z Hawaj\u00f3w, aby porozmawia\u0107 o \u201estrefie wojny\u201d na Hawajach mi\u0119dzy du\u017cymi firmami biotechnologicznymi, kt\u00f3re przejmowa\u0142y rolnictwo na Hawajach, a tymi, kt\u00f3re promowa\u0142y ekologiczne produkty na ma\u0142\u0105 skal\u0119 i tradycyjne technik rolniczych, kt\u00f3re nie obejmowa\u0142y truj\u0105cych chemikali\u00f3w.<\/p>\n\n\n\n<blockquote class=\"wp-block-quote is-layout-flow wp-block-quote-is-layout-flow\">\n<p>Tak jak Hawaje by\u0142y centralnym punktem wci\u0105gni\u0119cia USA w konflikt podczas II wojny \u015bwiatowej, tak dzisiaj wydaje si\u0119, \u017ce s\u0105 centralnym punktem wojny rolnej XXI wieku.&nbsp;Hawaje s\u0105 dzi\u015b centralnym punktem dw\u00f3ch bardzo kontrastuj\u0105cych metod produkcji \u017cywno\u015bci: rozwoju genetycznie zmodyfikowanych nasion i rozwoju korea\u0144skiego rolnictwa naturalnego.<\/p>\n\n\n\n<p>Biotechnologia, kt\u00f3rej centralnym elementem s\u0105 genetycznie modyfikowane nasiona, przej\u0119\u0142a dostawy \u017cywno\u015bci w Stanach Zjednoczonych.<\/p>\n\n\n\n<p>Hawaje, ze swoimi odizolowanymi i dziewiczymi ekosystemami, s\u0105 idealnym poligonem do\u015bwiadczalnym do testowania i rozwoju in\u017cynierii genetycznej przez biotechnologi\u0119.<\/p>\n<\/blockquote>\n\n\n\n<p>Pe\u0142ny artyku\u0142:<\/p>\n\n\n\n<h3 class=\"wp-block-heading\"><a href=\"https:\/\/healthimpactnews.com\/2013\/hawaii-war-zone-gmo-biotech-versus-korean-natural-farming\/\" target=\"_blank\" rel=\"noreferrer noopener\">Strefa wojny na Hawajach: biotechnologia GMO kontra korea\u0144skie rolnictwo naturalne<\/a><\/h3>\n\n\n\n<figure class=\"wp-block-embed is-type-rich is-provider-obsluga-osadzania wp-block-embed-obsluga-osadzania\"><div class=\"wp-block-embed__wrapper\">\nhttps:\/\/youtube.com\/watch?v=uZgrOFjhzdg%3Ffeature%3Doembed%26enablejsapi%3D1\n<\/div><\/figure>\n\n\n\n<p>Teraz, 10 lat p\u00f3\u017aniej, jest oczywiste, \u017ce ci globali\u015bci na Hawajach wprowadzaj\u0105 kolejny punkt swojego programu: nowe 15-minutowe \u201einteligentne miasta\u201d.<\/p>\n\n\n\n<p>Ale aby zbudowa\u0107 te nowe miasta, istniej\u0105ce, kt\u00f3re s\u0105 prowadzone g\u0142\u00f3wnie przez w\u0142a\u015bcicieli ma\u0142ych firm obs\u0142uguj\u0105cych przemys\u0142 turystyczny wyspy, musz\u0105 zosta\u0107 spalone.<\/p>\n\n\n\n<p>Te przysz\u0142e obozy jenieckie s\u0105 reklamowane opinii publicznej jako \u201eraje\u201d \u2013 jak\u017ce pasuj\u0105ce do Hawaj\u00f3w.<\/p>\n\n\n\n<p>\u017bycie Hawajczyk\u00f3w nic nie znaczy dla tych globalist\u00f3w, podobnie jak wielu ludzi zosta\u0142o zamordowanych na Hawajach podczas ataku na Pearl Harbor, kt\u00f3ry odby\u0142 si\u0119 za pe\u0142n\u0105 zgod\u0105 rz\u0105du USA w celu uzyskania zgody spo\u0142ecze\u0144stwa na przyst\u0105pienie do II wojny \u015bwiatowej i wzbogacenie kont bankowych bankierzy i ci, kt\u00f3rzy produkuj\u0105 bro\u0144 masowego ra\u017cenia w USA Zobacz:<\/p>\n\n\n\n<h3 class=\"wp-block-heading\"><a href=\"https:\/\/jamesperloff.net\/pearl-harbor-roosevelts-911\/\" target=\"_blank\" rel=\"noreferrer noopener\">Pearl Harbor: 11 wrze\u015bnia Roosevelta<\/a><\/h3>\n\n\n\n<p>I mo\u017cemy wymienia\u0107 nazwiska, je\u015bli chodzi o globalist\u00f3w, kt\u00f3rzy dzi\u015b rz\u0105dz\u0105 Hawajami.<\/p>\n\n\n\n<p><img loading=\"lazy\" decoding=\"async\" src=\"https:\/\/healthimpactnews.com\/wp-content\/uploads\/sites\/2\/2023\/08\/Billionaires-in-Hawaii-scaled.jpg\" alt=\"\" width=\"602\" height=\"751\" srcset=\"\/wp-content\/uploads\/sites\/2\/2023\/08\/Billionaires-in-Hawaii-scaled.jpg 2165w, \/wp-content\/uploads\/sites\/2\/2023\/08\/Billionaires-in-Hawaii-scaled.jpg 241w, \/wp-content\/uploads\/sites\/2\/2023\/08\/Billionaires-in-Hawaii-scaled.jpg 821w, \/wp-content\/uploads\/sites\/2\/2023\/08\/Billionaires-in-Hawaii-scaled.jpg 768w, \/wp-content\/uploads\/sites\/2\/2023\/08\/Billionaires-in-Hawaii-scaled.jpg 1232w, \/wp-content\/uploads\/sites\/2\/2023\/08\/Billionaires-in-Hawaii-scaled.jpg 1642w, https:\/\/i0.wp.com\/healthimpactnews.com\/wp-content\/uploads\/sites\/2\/2023\/08\/Billionaires-in-Hawaii-scaled.jpg?w=2000 2000w\"><\/p>\n\n\n\n<p id=\"caption-attachment-84576\"><a href=\"https:\/\/www.townandcountrymag.com\/society\/money-and-power\/a39566681\/billionaires-in-hawaii-history\/\" target=\"_blank\" rel=\"noreferrer noopener\">\u0179r\u00f3d\u0142o obrazu<\/a>&nbsp;.<\/p>\n\n\n\n<p><strong>Larry Ellison<\/strong>&nbsp;:&nbsp;<a href=\"https:\/\/nypost.com\/2022\/06\/09\/life-on-larry-ellisons-hawaiian-island-is-only-for-the-super-rich\/\" target=\"_blank\" rel=\"noreferrer noopener\">\u017bycie na hawajskiej wyspie Larry&#8217;ego Ellisona jest tak drogie, \u017ce sta\u0107 na nie tylko najbogatszych<\/a><\/p>\n\n\n\n<p><strong>Michael Dell<\/strong>&nbsp;:&nbsp;<a href=\"https:\/\/nypost.com\/2017\/06\/15\/tech-billionaires-battle-it-out-for-the-best-hawaii-resort\/\" target=\"_blank\" rel=\"noreferrer noopener\">Miliarderzy technologii walcz\u0105 o najlepszy kurort na Hawajach<\/a><\/p>\n\n\n\n<p><strong>Paul Simon<\/strong>&nbsp;:&nbsp;<a href=\"https:\/\/mauinow.com\/2019\/10\/31\/paul-simon-donates-net-proceeds-of-1-1-m-to-environmental-groups-in-sf-and-maui\/\" target=\"_blank\" rel=\"noreferrer noopener\">Paul Simon przekazuje wp\u0142ywy netto w wysoko\u015bci 1,1 mln USD na rzecz grup \u015brodowiskowych w SF i Maui<\/a><\/p>\n\n\n\n<p><strong>Jimmy Buffett i dyrektor generalny Nvidii, Jensen Huang<\/strong>&nbsp;:&nbsp;<a href=\"https:\/\/www.forbes.com\/sites\/phoebeliu\/2023\/08\/11\/billionaire-jeff-bezos-sanchez-100-million-donation-for-maui-wildfire-relief\/\" target=\"_blank\" rel=\"noreferrer noopener\">Jak miliarderzy z domami na Maui reaguj\u0105 na po\u017cary na wyspie<\/a><\/p>\n\n\n\n<p><strong>Za\u0142o\u017cyciel eBay Pierre Omidyar, szef Salesforce Marc Benioff, Oprah, Jeff Bezos, Peter Thiel i Mark Zuckerberg<\/strong>&nbsp;(mi\u0119dzy innymi):&nbsp;<a href=\"https:\/\/www.townandcountrymag.com\/society\/money-and-power\/a39566681\/billionaires-in-hawaii-history\/\" target=\"_blank\" rel=\"noreferrer noopener\">Dlaczego wszyscy miliarderzy przeprowadzaj\u0105 si\u0119 na Hawaje<\/a><\/p>\n\n\n\n<p>Politykiem, kt\u00f3rego wybrali do realizacji swoich \u201ezielonych\u201d plan\u00f3w klimatycznych dla Hawaj\u00f3w, jest gubernator Josh \u201eGreen\u201d, kt\u00f3ry zaledwie kilka tygodni temu wyg\u0142osi\u0142 przem\u00f3wienie w ONZ, wyja\u015bniaj\u0105c, w jaki spos\u00f3b Hawaje b\u0119d\u0105 pierwszym stanem w Stany Zjednoczone i pierwsze miejsce na \u015bwiecie, kt\u00f3re przesz\u0142o na \u201e100% energi\u0119 odnawialn\u0105\u201d i wdro\u017cy\u0142o zr\u00f3wnowa\u017cone plany gospodarcze WEF.<\/p>\n\n\n\n<p>Peggy Hall z&nbsp;<em>The Healthy American<\/em>&nbsp;jest moj\u0105 ulubion\u0105 osob\u0105, kt\u00f3ra g\u0142\u0119boko zanurza si\u0119 w te \u201edzikie po\u017cary\u201d, kt\u00f3re wydaj\u0105 si\u0119 by\u0107 czym\u015b innym ni\u017c naturalne i maj\u0105 wszystkie oznaczenia wyniku broni energetycznej.<\/p>\n\n\n\n<p>Jej prace prezentowali\u015bmy&nbsp;<a href=\"https:\/\/healthimpactnews.com\/2023\/wildfires-that-are-not-natural-product-of-the-geoengineering-agenda\/\" target=\"_blank\" rel=\"noreferrer noopener\">ju\u017c wcze\u015bniej<\/a>&nbsp;, w tym prace Roberta Brame&#8217;a, arborysty s\u0105dowego, kt\u00f3ry przeanalizowa\u0142 38 po\u017car\u00f3w w Kalifornii i przedstawi\u0142 setki fotograficznych dowod\u00f3w NIEMO\u017bLIWEGO normalnego zachowania si\u0119 ognia.<\/p>\n\n\n\n<p>Jej prace mo\u017cna znale\u017a\u0107 na kilku platformach wideo, w tym na&nbsp;<a href=\"https:\/\/www.youtube.com\/@TheHealthyAmericanPeggyHall\/featured\" target=\"_blank\" rel=\"noreferrer noopener\">YouTube<\/a>&nbsp;,&nbsp;<a href=\"https:\/\/www.bitchute.com\/channel\/bWZSESyGIP2E\/\" target=\"_blank\" rel=\"noreferrer noopener\">Bitchute<\/a>&nbsp;i&nbsp;<a href=\"https:\/\/rumble.com\/c\/c-2323622\" target=\"_blank\" rel=\"noreferrer noopener\">Rumble<\/a>&nbsp;.<\/p>\n\n\n\n<p>W czasie, gdy to pisz\u0119, zrobi\u0142a ju\u017c kilka g\u0142\u0119bokich nurkowa\u0144 w tych nienaturalnych po\u017carach na Hawajach, jak dot\u0105d przez ponad 3 godziny.<\/p>\n\n\n\n<p>Obserwowa\u0142em ich WSZYSTKICH podczas przygotowywania tego raportu i je\u015bli chcesz zrozumie\u0107, co naprawd\u0119 dzieje si\u0119 teraz na Hawajach, te raporty s\u0105 warte twojego czasu.<\/p>\n\n\n\n<p>Skr\u00f3ci\u0142em je do raportu, kt\u00f3ry trwa mniej ni\u017c godzin\u0119 i koncentruje si\u0119 na dowodach, \u017ce te po\u017cary nie s\u0105 naturalne i s\u0105 aktami terroryzmu.<\/p>\n\n\n\n<p>Je\u015bli Peggy nie jest jeszcze cz\u0119\u015bci\u0105 Twojego strumienia wiadomo\u015bci, powinna by\u0107!&nbsp;Ma d\u0142ug\u0105 histori\u0119 ujawniania z\u0142a i jest niesamowitym \u015bledczym.<\/p>\n\n\n\n<p>To jest na naszym\u00a0<a href=\"https:\/\/www.bitchute.com\/video\/nIATkrikQ5XH\/\" target=\"_blank\" rel=\"noreferrer noopener\">kanale Bitchute<\/a>\u00a0.<\/p>\n\n\n\n<p>Link \u017ar\u00f3d\u0142owy <a href=\"https:\/\/healthimpactnews.com\/2023\/globalists-launch-climate-terrorist-attack-against-citizens-in-maui-destroying-lives-and-property\/\">https:\/\/healthimpactnews.com\/2023\/globalists-launch-climate-terrorist-attack-against-citizens-in-maui-destroying-lives-and-property\/<\/a><\/p>\n","protected":false},"excerpt":{"rendered":"<p>Globali\u015bci przeprowadzaj\u0105 klimatyczny atak terrorystyczny na obywateli Maui, niszcz\u0105c \u017cycie i mienie W jaki spos\u00f3b \u201enaturalny po\u017car\u201d mo\u017ce spali\u0107 budynki i samochody oraz pozostawi\u0107 drzewa stoj\u0105ce? Autor, Brian ShilhavyHealth Impact News W jaki spos\u00f3b \u201enaturalny po\u017car\u201d mo\u017ce spali\u0107 budynki i&#8230; <\/p>\n","protected":false},"author":2,"featured_media":3845,"comment_status":"open","ping_status":"open","sticky":false,"template":"","format":"standard","meta":{"_acf_changed":false,"_bbp_topic_count":0,"_bbp_reply_count":0,"_bbp_total_topic_count":0,"_bbp_total_reply_count":0,"_bbp_voice_count":0,"_bbp_anonymous_reply_count":0,"_bbp_topic_count_hidden":0,"_bbp_reply_count_hidden":0,"_bbp_forum_subforum_count":0,"om_disable_all_campaigns":false,"_monsterinsights_skip_tracking":false,"footnotes":""},"categories":[93],"tags":[],"class_list":["post-3842","post","type-post","status-publish","format-standard","has-post-thumbnail","hentry","category-artykuly"],"acf":[],"aioseo_notices":[],"aioseo_head":"\n\t\t<!-- All in One SEO 5.0.1.1 - aioseo.com -->\n\t<meta name=\"description\" content=\"Globali\u015bci przeprowadzaj\u0105 klimatyczny atak terrorystyczny na obywateli Maui, niszcz\u0105c \u017cycie i mienie W jaki spos\u00f3b \u201enaturalny po\u017car\u201d mo\u017ce spali\u0107 budynki i samochody oraz pozostawi\u0107 drzewa stoj\u0105ce? Autor, Brian ShilhavyHealth Impact News W jaki spos\u00f3b \u201enaturalny po\u017car\u201d mo\u017ce spali\u0107 budynki i samochody oraz pozostawi\u0107 drzewa stoj\u0105ce? \u0179r\u00f3d\u0142o obrazu : Gdzie mo\u017cemy kupi\u0107 niekt\u00f3re z tych ognioodpornych drzew, kt\u00f3re maj\u0105\" \/>\n\t<meta name=\"robots\" content=\"max-image-preview:large\" \/>\n\t<meta name=\"author\" content=\"trinity\"\/>\n\t<link rel=\"canonical\" href=\"https:\/\/wia.net.pl\/index.php\/2023\/08\/13\/maui-hawaje-atak-terrorystyczny-globalistow\/\" \/>\n\t<meta name=\"generator\" content=\"All in One SEO (AIOSEO) 5.0.1.1\" \/>\n\t\t<meta property=\"og:locale\" content=\"pl_PL\" \/>\n\t\t<meta property=\"og:site_name\" content=\"Wolno\u015b\u0107 i Anarchia - Ka\u017cdy wewn\u0119trznie jest anarchist\u0105.\" \/>\n\t\t<meta property=\"og:type\" content=\"article\" \/>\n\t\t<meta property=\"og:title\" content=\"Maui \u2013 Hawaje \u2013 atak terrorystyczny globalist\u00f3w - Wolno\u015b\u0107 i Anarchia\" \/>\n\t\t<meta property=\"og:description\" content=\"Globali\u015bci przeprowadzaj\u0105 klimatyczny atak terrorystyczny na obywateli Maui, niszcz\u0105c \u017cycie i mienie W jaki spos\u00f3b \u201enaturalny po\u017car\u201d mo\u017ce spali\u0107 budynki i samochody oraz pozostawi\u0107 drzewa stoj\u0105ce? Autor, Brian ShilhavyHealth Impact News W jaki spos\u00f3b \u201enaturalny po\u017car\u201d mo\u017ce spali\u0107 budynki i samochody oraz pozostawi\u0107 drzewa stoj\u0105ce? \u0179r\u00f3d\u0142o obrazu : Gdzie mo\u017cemy kupi\u0107 niekt\u00f3re z tych ognioodpornych drzew, kt\u00f3re maj\u0105\" \/>\n\t\t<meta property=\"og:url\" content=\"https:\/\/wia.net.pl\/index.php\/2023\/08\/13\/maui-hawaje-atak-terrorystyczny-globalistow\/\" \/>\n\t\t<meta property=\"og:image\" content=\"https:\/\/wia.net.pl\/wp-content\/uploads\/2023\/11\/cropped-freedom-i73367.jpg\" \/>\n\t\t<meta property=\"og:image:secure_url\" content=\"https:\/\/wia.net.pl\/wp-content\/uploads\/2023\/11\/cropped-freedom-i73367.jpg\" \/>\n\t\t<meta property=\"article:published_time\" content=\"2023-08-13T08:33:55+00:00\" \/>\n\t\t<meta property=\"article:modified_time\" content=\"2023-08-13T08:33:55+00:00\" \/>\n\t\t<meta name=\"twitter:card\" content=\"summary_large_image\" \/>\n\t\t<meta name=\"twitter:title\" content=\"Maui \u2013 Hawaje \u2013 atak terrorystyczny globalist\u00f3w - Wolno\u015b\u0107 i Anarchia\" \/>\n\t\t<meta name=\"twitter:description\" content=\"Globali\u015bci przeprowadzaj\u0105 klimatyczny atak terrorystyczny na obywateli Maui, niszcz\u0105c \u017cycie i mienie W jaki spos\u00f3b \u201enaturalny po\u017car\u201d mo\u017ce spali\u0107 budynki i samochody oraz pozostawi\u0107 drzewa stoj\u0105ce? Autor, Brian ShilhavyHealth Impact News W jaki spos\u00f3b \u201enaturalny po\u017car\u201d mo\u017ce spali\u0107 budynki i samochody oraz pozostawi\u0107 drzewa stoj\u0105ce? \u0179r\u00f3d\u0142o obrazu : Gdzie mo\u017cemy kupi\u0107 niekt\u00f3re z tych ognioodpornych drzew, kt\u00f3re maj\u0105\" \/>\n\t\t<meta name=\"twitter:image\" content=\"https:\/\/wia.net.pl\/wp-content\/uploads\/2023\/11\/cropped-freedom-i73367.jpg\" \/>\n\t\t<script type=\"application\/ld+json\" class=\"aioseo-schema\">\n\t\t\t{\"@context\":\"https:\\\/\\\/schema.org\",\"@graph\":[{\"@type\":\"BlogPosting\",\"@id\":\"https:\\\/\\\/wia.net.pl\\\/index.php\\\/2023\\\/08\\\/13\\\/maui-hawaje-atak-terrorystyczny-globalistow\\\/#blogposting\",\"name\":\"Maui \\u2013 Hawaje \\u2013 atak terrorystyczny globalist\\u00f3w - Wolno\\u015b\\u0107 i Anarchia\",\"headline\":\"Maui &#8211; Hawaje &#8211; atak terrorystyczny globalist\\u00f3w\",\"author\":{\"@id\":\"https:\\\/\\\/wia.net.pl\\\/index.php\\\/author\\\/trinity\\\/#author\"},\"publisher\":{\"@id\":\"https:\\\/\\\/wia.net.pl\\\/#person\"},\"image\":{\"@type\":\"ImageObject\",\"url\":\"https:\\\/\\\/wia.net.pl\\\/wp-content\\\/uploads\\\/2023\\\/08\\\/maui1.jpg\",\"width\":1920,\"height\":1080},\"datePublished\":\"2023-08-13T10:33:55+02:00\",\"dateModified\":\"2023-08-13T10:33:55+02:00\",\"inLanguage\":\"pl-PL\",\"mainEntityOfPage\":{\"@id\":\"https:\\\/\\\/wia.net.pl\\\/index.php\\\/2023\\\/08\\\/13\\\/maui-hawaje-atak-terrorystyczny-globalistow\\\/#webpage\"},\"isPartOf\":{\"@id\":\"https:\\\/\\\/wia.net.pl\\\/index.php\\\/2023\\\/08\\\/13\\\/maui-hawaje-atak-terrorystyczny-globalistow\\\/#webpage\"},\"articleSection\":\"Artyku\\u0142y\"},{\"@type\":\"BreadcrumbList\",\"@id\":\"https:\\\/\\\/wia.net.pl\\\/index.php\\\/2023\\\/08\\\/13\\\/maui-hawaje-atak-terrorystyczny-globalistow\\\/#breadcrumblist\",\"itemListElement\":[{\"@type\":\"ListItem\",\"@id\":\"https:\\\/\\\/wia.net.pl#listItem\",\"position\":1,\"name\":\"Home\",\"item\":\"https:\\\/\\\/wia.net.pl\",\"nextItem\":{\"@type\":\"ListItem\",\"@id\":\"https:\\\/\\\/wia.net.pl\\\/index.php\\\/category\\\/artykuly\\\/#listItem\",\"name\":\"Artyku\\u0142y\"}},{\"@type\":\"ListItem\",\"@id\":\"https:\\\/\\\/wia.net.pl\\\/index.php\\\/category\\\/artykuly\\\/#listItem\",\"position\":2,\"name\":\"Artyku\\u0142y\",\"item\":\"https:\\\/\\\/wia.net.pl\\\/index.php\\\/category\\\/artykuly\\\/\",\"nextItem\":{\"@type\":\"ListItem\",\"@id\":\"https:\\\/\\\/wia.net.pl\\\/index.php\\\/2023\\\/08\\\/13\\\/maui-hawaje-atak-terrorystyczny-globalistow\\\/#listItem\",\"name\":\"Maui &#8211; Hawaje &#8211; atak terrorystyczny globalist\\u00f3w\"},\"previousItem\":{\"@type\":\"ListItem\",\"@id\":\"https:\\\/\\\/wia.net.pl#listItem\",\"name\":\"Home\"}},{\"@type\":\"ListItem\",\"@id\":\"https:\\\/\\\/wia.net.pl\\\/index.php\\\/2023\\\/08\\\/13\\\/maui-hawaje-atak-terrorystyczny-globalistow\\\/#listItem\",\"position\":3,\"name\":\"Maui &#8211; Hawaje &#8211; atak terrorystyczny globalist\\u00f3w\",\"previousItem\":{\"@type\":\"ListItem\",\"@id\":\"https:\\\/\\\/wia.net.pl\\\/index.php\\\/category\\\/artykuly\\\/#listItem\",\"name\":\"Artyku\\u0142y\"}}]},{\"@type\":\"Person\",\"@id\":\"https:\\\/\\\/wia.net.pl\\\/#person\",\"name\":\"Bart\\u0142omiej Talarczyk\",\"image\":{\"@type\":\"ImageObject\",\"@id\":\"https:\\\/\\\/wia.net.pl\\\/index.php\\\/2023\\\/08\\\/13\\\/maui-hawaje-atak-terrorystyczny-globalistow\\\/#personImage\",\"url\":\"https:\\\/\\\/wia.net.pl\\\/wp-content\\\/uploads\\\/avatar-privacy\\\/cache\\\/user\\\/1\\\/7\\\/176a6b161c58363ff49b5c167264231f519f5c7fa183ca1f61e891769b6b56d5-96.jpg\",\"width\":96,\"height\":96,\"caption\":\"Bart\\u0142omiej Talarczyk\"}},{\"@type\":\"Person\",\"@id\":\"https:\\\/\\\/wia.net.pl\\\/index.php\\\/author\\\/trinity\\\/#author\",\"url\":\"https:\\\/\\\/wia.net.pl\\\/index.php\\\/author\\\/trinity\\\/\",\"name\":\"trinity\",\"image\":{\"@type\":\"ImageObject\",\"@id\":\"https:\\\/\\\/wia.net.pl\\\/index.php\\\/2023\\\/08\\\/13\\\/maui-hawaje-atak-terrorystyczny-globalistow\\\/#authorImage\",\"url\":\"https:\\\/\\\/wia.net.pl\\\/wp-content\\\/uploads\\\/avatar-privacy\\\/cache\\\/user\\\/5\\\/f\\\/5f6547cf82495eaa10e100a6a45d5dbde2dfdc1be88557de2018fca705bdf6f1-96.jpg\",\"width\":96,\"height\":96,\"caption\":\"trinity\"}},{\"@type\":\"WebPage\",\"@id\":\"https:\\\/\\\/wia.net.pl\\\/index.php\\\/2023\\\/08\\\/13\\\/maui-hawaje-atak-terrorystyczny-globalistow\\\/#webpage\",\"url\":\"https:\\\/\\\/wia.net.pl\\\/index.php\\\/2023\\\/08\\\/13\\\/maui-hawaje-atak-terrorystyczny-globalistow\\\/\",\"name\":\"Maui \\u2013 Hawaje \\u2013 atak terrorystyczny globalist\\u00f3w - Wolno\\u015b\\u0107 i Anarchia\",\"description\":\"Globali\\u015bci przeprowadzaj\\u0105 klimatyczny atak terrorystyczny na obywateli Maui, niszcz\\u0105c \\u017cycie i mienie W jaki spos\\u00f3b \\u201enaturalny po\\u017car\\u201d mo\\u017ce spali\\u0107 budynki i samochody oraz pozostawi\\u0107 drzewa stoj\\u0105ce? Autor, Brian ShilhavyHealth Impact News W jaki spos\\u00f3b \\u201enaturalny po\\u017car\\u201d mo\\u017ce spali\\u0107 budynki i samochody oraz pozostawi\\u0107 drzewa stoj\\u0105ce? \\u0179r\\u00f3d\\u0142o obrazu : Gdzie mo\\u017cemy kupi\\u0107 niekt\\u00f3re z tych ognioodpornych drzew, kt\\u00f3re maj\\u0105\",\"inLanguage\":\"pl-PL\",\"isPartOf\":{\"@id\":\"https:\\\/\\\/wia.net.pl\\\/#website\"},\"breadcrumb\":{\"@id\":\"https:\\\/\\\/wia.net.pl\\\/index.php\\\/2023\\\/08\\\/13\\\/maui-hawaje-atak-terrorystyczny-globalistow\\\/#breadcrumblist\"},\"author\":{\"@id\":\"https:\\\/\\\/wia.net.pl\\\/index.php\\\/author\\\/trinity\\\/#author\"},\"creator\":{\"@id\":\"https:\\\/\\\/wia.net.pl\\\/index.php\\\/author\\\/trinity\\\/#author\"},\"image\":{\"@type\":\"ImageObject\",\"url\":\"https:\\\/\\\/wia.net.pl\\\/wp-content\\\/uploads\\\/2023\\\/08\\\/maui1.jpg\",\"@id\":\"https:\\\/\\\/wia.net.pl\\\/index.php\\\/2023\\\/08\\\/13\\\/maui-hawaje-atak-terrorystyczny-globalistow\\\/#mainImage\",\"width\":1920,\"height\":1080},\"primaryImageOfPage\":{\"@id\":\"https:\\\/\\\/wia.net.pl\\\/index.php\\\/2023\\\/08\\\/13\\\/maui-hawaje-atak-terrorystyczny-globalistow\\\/#mainImage\"},\"datePublished\":\"2023-08-13T10:33:55+02:00\",\"dateModified\":\"2023-08-13T10:33:55+02:00\"},{\"@type\":\"WebSite\",\"@id\":\"https:\\\/\\\/wia.net.pl\\\/#website\",\"url\":\"https:\\\/\\\/wia.net.pl\\\/\",\"name\":\"Wolno\\u015b\\u0107 i Anarchia\",\"description\":\"Ka\\u017cdy wewn\\u0119trznie jest anarchist\\u0105.\",\"inLanguage\":\"pl-PL\",\"publisher\":{\"@id\":\"https:\\\/\\\/wia.net.pl\\\/#person\"}}]}\n\t\t<\/script>\n\t\t<!-- All in One SEO -->\n\n","aioseo_head_json":{"title":"Maui \u2013 Hawaje \u2013 atak terrorystyczny globalist\u00f3w - Wolno\u015b\u0107 i Anarchia","description":"Globali\u015bci przeprowadzaj\u0105 klimatyczny atak terrorystyczny na obywateli Maui, niszcz\u0105c \u017cycie i mienie W jaki spos\u00f3b \u201enaturalny po\u017car\u201d mo\u017ce spali\u0107 budynki i samochody oraz pozostawi\u0107 drzewa stoj\u0105ce? Autor, Brian ShilhavyHealth Impact News W jaki spos\u00f3b \u201enaturalny po\u017car\u201d mo\u017ce spali\u0107 budynki i samochody oraz pozostawi\u0107 drzewa stoj\u0105ce? \u0179r\u00f3d\u0142o obrazu : Gdzie mo\u017cemy kupi\u0107 niekt\u00f3re z tych ognioodpornych drzew, kt\u00f3re maj\u0105","canonical_url":"https:\/\/wia.net.pl\/index.php\/2023\/08\/13\/maui-hawaje-atak-terrorystyczny-globalistow\/","robots":"max-image-preview:large","keywords":"","webmasterTools":{"miscellaneous":""},"schema":{"@context":"https:\/\/schema.org","@graph":[{"@type":"BlogPosting","@id":"https:\/\/wia.net.pl\/index.php\/2023\/08\/13\/maui-hawaje-atak-terrorystyczny-globalistow\/#blogposting","name":"Maui \u2013 Hawaje \u2013 atak terrorystyczny globalist\u00f3w - Wolno\u015b\u0107 i Anarchia","headline":"Maui &#8211; Hawaje &#8211; atak terrorystyczny globalist\u00f3w","author":{"@id":"https:\/\/wia.net.pl\/index.php\/author\/trinity\/#author"},"publisher":{"@id":"https:\/\/wia.net.pl\/#person"},"image":{"@type":"ImageObject","url":"https:\/\/wia.net.pl\/wp-content\/uploads\/2023\/08\/maui1.jpg","width":1920,"height":1080},"datePublished":"2023-08-13T10:33:55+02:00","dateModified":"2023-08-13T10:33:55+02:00","inLanguage":"pl-PL","mainEntityOfPage":{"@id":"https:\/\/wia.net.pl\/index.php\/2023\/08\/13\/maui-hawaje-atak-terrorystyczny-globalistow\/#webpage"},"isPartOf":{"@id":"https:\/\/wia.net.pl\/index.php\/2023\/08\/13\/maui-hawaje-atak-terrorystyczny-globalistow\/#webpage"},"articleSection":"Artyku\u0142y"},{"@type":"BreadcrumbList","@id":"https:\/\/wia.net.pl\/index.php\/2023\/08\/13\/maui-hawaje-atak-terrorystyczny-globalistow\/#breadcrumblist","itemListElement":[{"@type":"ListItem","@id":"https:\/\/wia.net.pl#listItem","position":1,"name":"Home","item":"https:\/\/wia.net.pl","nextItem":{"@type":"ListItem","@id":"https:\/\/wia.net.pl\/index.php\/category\/artykuly\/#listItem","name":"Artyku\u0142y"}},{"@type":"ListItem","@id":"https:\/\/wia.net.pl\/index.php\/category\/artykuly\/#listItem","position":2,"name":"Artyku\u0142y","item":"https:\/\/wia.net.pl\/index.php\/category\/artykuly\/","nextItem":{"@type":"ListItem","@id":"https:\/\/wia.net.pl\/index.php\/2023\/08\/13\/maui-hawaje-atak-terrorystyczny-globalistow\/#listItem","name":"Maui &#8211; Hawaje &#8211; atak terrorystyczny globalist\u00f3w"},"previousItem":{"@type":"ListItem","@id":"https:\/\/wia.net.pl#listItem","name":"Home"}},{"@type":"ListItem","@id":"https:\/\/wia.net.pl\/index.php\/2023\/08\/13\/maui-hawaje-atak-terrorystyczny-globalistow\/#listItem","position":3,"name":"Maui &#8211; Hawaje &#8211; atak terrorystyczny globalist\u00f3w","previousItem":{"@type":"ListItem","@id":"https:\/\/wia.net.pl\/index.php\/category\/artykuly\/#listItem","name":"Artyku\u0142y"}}]},{"@type":"Person","@id":"https:\/\/wia.net.pl\/#person","name":"Bart\u0142omiej Talarczyk","image":{"@type":"ImageObject","@id":"https:\/\/wia.net.pl\/index.php\/2023\/08\/13\/maui-hawaje-atak-terrorystyczny-globalistow\/#personImage","url":"https:\/\/wia.net.pl\/wp-content\/uploads\/avatar-privacy\/cache\/user\/1\/7\/176a6b161c58363ff49b5c167264231f519f5c7fa183ca1f61e891769b6b56d5-96.jpg","width":96,"height":96,"caption":"Bart\u0142omiej Talarczyk"}},{"@type":"Person","@id":"https:\/\/wia.net.pl\/index.php\/author\/trinity\/#author","url":"https:\/\/wia.net.pl\/index.php\/author\/trinity\/","name":"trinity","image":{"@type":"ImageObject","@id":"https:\/\/wia.net.pl\/index.php\/2023\/08\/13\/maui-hawaje-atak-terrorystyczny-globalistow\/#authorImage","url":"https:\/\/wia.net.pl\/wp-content\/uploads\/avatar-privacy\/cache\/user\/5\/f\/5f6547cf82495eaa10e100a6a45d5dbde2dfdc1be88557de2018fca705bdf6f1-96.jpg","width":96,"height":96,"caption":"trinity"}},{"@type":"WebPage","@id":"https:\/\/wia.net.pl\/index.php\/2023\/08\/13\/maui-hawaje-atak-terrorystyczny-globalistow\/#webpage","url":"https:\/\/wia.net.pl\/index.php\/2023\/08\/13\/maui-hawaje-atak-terrorystyczny-globalistow\/","name":"Maui \u2013 Hawaje \u2013 atak terrorystyczny globalist\u00f3w - Wolno\u015b\u0107 i Anarchia","description":"Globali\u015bci przeprowadzaj\u0105 klimatyczny atak terrorystyczny na obywateli Maui, niszcz\u0105c \u017cycie i mienie W jaki spos\u00f3b \u201enaturalny po\u017car\u201d mo\u017ce spali\u0107 budynki i samochody oraz pozostawi\u0107 drzewa stoj\u0105ce? Autor, Brian ShilhavyHealth Impact News W jaki spos\u00f3b \u201enaturalny po\u017car\u201d mo\u017ce spali\u0107 budynki i samochody oraz pozostawi\u0107 drzewa stoj\u0105ce? \u0179r\u00f3d\u0142o obrazu : Gdzie mo\u017cemy kupi\u0107 niekt\u00f3re z tych ognioodpornych drzew, kt\u00f3re maj\u0105","inLanguage":"pl-PL","isPartOf":{"@id":"https:\/\/wia.net.pl\/#website"},"breadcrumb":{"@id":"https:\/\/wia.net.pl\/index.php\/2023\/08\/13\/maui-hawaje-atak-terrorystyczny-globalistow\/#breadcrumblist"},"author":{"@id":"https:\/\/wia.net.pl\/index.php\/author\/trinity\/#author"},"creator":{"@id":"https:\/\/wia.net.pl\/index.php\/author\/trinity\/#author"},"image":{"@type":"ImageObject","url":"https:\/\/wia.net.pl\/wp-content\/uploads\/2023\/08\/maui1.jpg","@id":"https:\/\/wia.net.pl\/index.php\/2023\/08\/13\/maui-hawaje-atak-terrorystyczny-globalistow\/#mainImage","width":1920,"height":1080},"primaryImageOfPage":{"@id":"https:\/\/wia.net.pl\/index.php\/2023\/08\/13\/maui-hawaje-atak-terrorystyczny-globalistow\/#mainImage"},"datePublished":"2023-08-13T10:33:55+02:00","dateModified":"2023-08-13T10:33:55+02:00"},{"@type":"WebSite","@id":"https:\/\/wia.net.pl\/#website","url":"https:\/\/wia.net.pl\/","name":"Wolno\u015b\u0107 i Anarchia","description":"Ka\u017cdy wewn\u0119trznie jest anarchist\u0105.","inLanguage":"pl-PL","publisher":{"@id":"https:\/\/wia.net.pl\/#person"}}]},"og:locale":"pl_PL","og:site_name":"Wolno\u015b\u0107 i Anarchia - Ka\u017cdy wewn\u0119trznie jest anarchist\u0105.","og:type":"article","og:title":"Maui \u2013 Hawaje \u2013 atak terrorystyczny globalist\u00f3w - Wolno\u015b\u0107 i Anarchia","og:description":"Globali\u015bci przeprowadzaj\u0105 klimatyczny atak terrorystyczny na obywateli Maui, niszcz\u0105c \u017cycie i mienie W jaki spos\u00f3b \u201enaturalny po\u017car\u201d mo\u017ce spali\u0107 budynki i samochody oraz pozostawi\u0107 drzewa stoj\u0105ce? Autor, Brian ShilhavyHealth Impact News W jaki spos\u00f3b \u201enaturalny po\u017car\u201d mo\u017ce spali\u0107 budynki i samochody oraz pozostawi\u0107 drzewa stoj\u0105ce? \u0179r\u00f3d\u0142o obrazu : Gdzie mo\u017cemy kupi\u0107 niekt\u00f3re z tych ognioodpornych drzew, kt\u00f3re maj\u0105","og:url":"https:\/\/wia.net.pl\/index.php\/2023\/08\/13\/maui-hawaje-atak-terrorystyczny-globalistow\/","og:image":"https:\/\/wia.net.pl\/wp-content\/uploads\/2023\/11\/cropped-freedom-i73367.jpg","og:image:secure_url":"https:\/\/wia.net.pl\/wp-content\/uploads\/2023\/11\/cropped-freedom-i73367.jpg","article:published_time":"2023-08-13T08:33:55+00:00","article:modified_time":"2023-08-13T08:33:55+00:00","twitter:card":"summary_large_image","twitter:title":"Maui \u2013 Hawaje \u2013 atak terrorystyczny globalist\u00f3w - Wolno\u015b\u0107 i Anarchia","twitter:description":"Globali\u015bci przeprowadzaj\u0105 klimatyczny atak terrorystyczny na obywateli Maui, niszcz\u0105c \u017cycie i mienie W jaki spos\u00f3b \u201enaturalny po\u017car\u201d mo\u017ce spali\u0107 budynki i samochody oraz pozostawi\u0107 drzewa stoj\u0105ce? Autor, Brian ShilhavyHealth Impact News W jaki spos\u00f3b \u201enaturalny po\u017car\u201d mo\u017ce spali\u0107 budynki i samochody oraz pozostawi\u0107 drzewa stoj\u0105ce? \u0179r\u00f3d\u0142o obrazu : Gdzie mo\u017cemy kupi\u0107 niekt\u00f3re z tych ognioodpornych drzew, kt\u00f3re maj\u0105","twitter:image":"https:\/\/wia.net.pl\/wp-content\/uploads\/2023\/11\/cropped-freedom-i73367.jpg"},"aioseo_meta_data":{"post_id":"3842","title":null,"description":null,"keywords":[],"keyphrases":{"focus":{"keyphrase":"","score":0,"analysis":{"keyphraseInTitle":{"score":0,"maxScore":9,"error":1}}},"additional":[]},"primary_term":null,"canonical_url":null,"og_title":null,"og_description":null,"og_object_type":"default","og_image_type":"default","og_image_url":null,"og_image_width":null,"og_image_height":null,"og_image_custom_url":null,"og_image_custom_fields":null,"og_video":"","og_custom_url":null,"og_article_section":null,"og_article_tags":[],"twitter_use_og":false,"twitter_card":"default","twitter_image_type":"default","twitter_image_url":null,"twitter_image_custom_url":null,"twitter_image_custom_fields":null,"twitter_title":null,"twitter_description":null,"schema":{"blockGraphs":[],"customGraphs":[],"default":{"data":{"Article":[],"Course":[],"Dataset":[],"FAQPage":[],"Movie":[],"Person":[],"Product":[],"ProductReview":[],"Car":[],"Recipe":[],"Service":[],"SoftwareApplication":[],"WebPage":[]},"graphName":"BlogPosting","isEnabled":true},"graphs":[]},"schema_type":"default","schema_type_options":null,"pillar_content":false,"robots_default":true,"robots_noindex":false,"robots_noarchive":false,"robots_nosnippet":false,"robots_nofollow":false,"robots_noimageindex":false,"robots_noodp":false,"robots_notranslate":false,"robots_max_snippet":"-1","robots_max_videopreview":"-1","robots_max_imagepreview":"large","priority":null,"frequency":"default","local_seo":null,"breadcrumb_settings":null,"limit_modified_date":false,"ai":null,"created":"2023-08-13 08:33:55","updated":"2025-06-04 08:59:48","seo_analyzer_scan_date":null,"focus_keyword":null,"additional_keywords":null,"truseo_locale":null},"aioseo_breadcrumb":"<div class=\"aioseo-breadcrumbs\"><span class=\"aioseo-breadcrumb\">\n\t\t\t<a href=\"https:\/\/wia.net.pl\" title=\"Home\">Home<\/a>\n\t\t<\/span><span class=\"aioseo-breadcrumb-separator\">&raquo;<\/span><span class=\"aioseo-breadcrumb\">\n\t\t\t<a href=\"https:\/\/wia.net.pl\/index.php\/category\/artykuly\/\" title=\"Artyku\u0142y\">Artyku\u0142y<\/a>\n\t\t<\/span><span class=\"aioseo-breadcrumb-separator\">&raquo;<\/span><span class=\"aioseo-breadcrumb\">\n\t\t\tMaui \u2013 Hawaje \u2013 atak terrorystyczny globalist\u00f3w\n\t\t<\/span><\/div>","aioseo_breadcrumb_json":[{"label":"Home","link":"https:\/\/wia.net.pl"},{"label":"Artyku\u0142y","link":"https:\/\/wia.net.pl\/index.php\/category\/artykuly\/"},{"label":"Maui &#8211; Hawaje &#8211; atak terrorystyczny globalist\u00f3w","link":"https:\/\/wia.net.pl\/index.php\/2023\/08\/13\/maui-hawaje-atak-terrorystyczny-globalistow\/"}],"_links":{"self":[{"href":"https:\/\/wia.net.pl\/index.php\/wp-json\/wp\/v2\/posts\/3842"}],"collection":[{"href":"https:\/\/wia.net.pl\/index.php\/wp-json\/wp\/v2\/posts"}],"about":[{"href":"https:\/\/wia.net.pl\/index.php\/wp-json\/wp\/v2\/types\/post"}],"author":[{"embeddable":true,"href":"https:\/\/wia.net.pl\/index.php\/wp-json\/wp\/v2\/users\/2"}],"replies":[{"embeddable":true,"href":"https:\/\/wia.net.pl\/index.php\/wp-json\/wp\/v2\/comments?post=3842"}],"version-history":[{"count":1,"href":"https:\/\/wia.net.pl\/index.php\/wp-json\/wp\/v2\/posts\/3842\/revisions"}],"predecessor-version":[{"id":3846,"href":"https:\/\/wia.net.pl\/index.php\/wp-json\/wp\/v2\/posts\/3842\/revisions\/3846"}],"wp:featuredmedia":[{"embeddable":true,"href":"https:\/\/wia.net.pl\/index.php\/wp-json\/wp\/v2\/media\/3845"}],"wp:attachment":[{"href":"https:\/\/wia.net.pl\/index.php\/wp-json\/wp\/v2\/media?parent=3842"}],"wp:term":[{"taxonomy":"category","embeddable":true,"href":"https:\/\/wia.net.pl\/index.php\/wp-json\/wp\/v2\/categories?post=3842"},{"taxonomy":"post_tag","embeddable":true,"href":"https:\/\/wia.net.pl\/index.php\/wp-json\/wp\/v2\/tags?post=3842"}],"curies":[{"name":"wp","href":"https:\/\/api.w.org\/{rel}","templated":true}]}}