{"id":3853,"date":"2023-08-14T09:39:37","date_gmt":"2023-08-14T07:39:37","guid":{"rendered":"https:\/\/wia.net.pl\/?p=3853"},"modified":"2023-08-14T09:39:37","modified_gmt":"2023-08-14T07:39:37","slug":"wef-ai-i-nowa-wizja-rzadu","status":"publish","type":"post","link":"https:\/\/wia.net.pl\/index.php\/2023\/08\/14\/wef-ai-i-nowa-wizja-rzadu\/","title":{"rendered":"WEF &#8211; AI i nowa wizja rz\u0105du"},"content":{"rendered":"\n<p><a href=\"https:\/\/www.lewrockwell.com\/2023\/08\/no_author\/world-economic-forum-reimagining-government-via-ai-stakeholders\/\">\u015awiatowe Forum Ekonomiczne: Nowa wizja rz\u0105du za po\u015brednictwem sztucznej inteligencji i interesariuszy<\/a><\/p>\n\n\n\n<p>Helena Glass<br><a href=\"https:\/\/helenaglass.net\/\">Helena-The Nationalist Voice<\/a>, 14 sierpnia 2023 r<\/p>\n\n\n\n<figure class=\"wp-block-image size-large\"><img loading=\"lazy\" decoding=\"async\" width=\"1024\" height=\"576\" src=\"https:\/\/wia.net.pl\/wp-content\/uploads\/2023\/08\/210510-hay-anti-white-watch-tease_smjnjf-1024x576.jpeg\" alt=\"\" class=\"wp-image-3855\" srcset=\"https:\/\/wia.net.pl\/wp-content\/uploads\/2023\/08\/210510-hay-anti-white-watch-tease_smjnjf-1024x576.jpeg 1024w, https:\/\/wia.net.pl\/wp-content\/uploads\/2023\/08\/210510-hay-anti-white-watch-tease_smjnjf-300x169.jpeg 300w, https:\/\/wia.net.pl\/wp-content\/uploads\/2023\/08\/210510-hay-anti-white-watch-tease_smjnjf-768x432.jpeg 768w, https:\/\/wia.net.pl\/wp-content\/uploads\/2023\/08\/210510-hay-anti-white-watch-tease_smjnjf-480x270.jpeg 480w, https:\/\/wia.net.pl\/wp-content\/uploads\/2023\/08\/210510-hay-anti-white-watch-tease_smjnjf.jpeg 1480w\" sizes=\"(max-width: 1024px) 100vw, 1024px\" \/><\/figure>\n\n\n\n<p><strong>Grupa o nazwie Anti-White Watch zacz\u0119\u0142a publikowa\u0107 posty na temat przemocy pope\u0142nianej na wszystkich etnicznych Europejczykach przez czarnych na ca\u0142ym \u015bwiecie.&nbsp;Ludob\u00f3jstwo dokonane na bia\u0142ych ludziach przez czarnych jest \u201etolerowane\u201d, poniewa\u017c nasze nowo utworzone rz\u0105dy tak naprawd\u0119 nie dbaj\u0105 o to, dop\u00f3ki p\u0142ac\u0105 im za nic nie robienie.&nbsp;Dlaczego powinni?&nbsp;B\u0119d\u0105 wykonywa\u0107 rozkazy swoich opiekun\u00f3w, poniewa\u017c wiedz\u0105, \u017ce ujawnione oszustwo wyborcze dotyczy nie tylko Trumpa \u2013<\/strong><\/p>\n\n\n\n<p><strong>Ca\u0142y Kongres zosta\u0142 przeg\u0142osowany nielegalnie.<\/strong><\/p>\n\n\n\n<p>Ka\u017cde dzia\u0142anie inicjowane przez Kongres jest dyktowane za kulisami.&nbsp;Denerwowanie si\u0119, \u017ce nie dotrzymali s\u0142owa, jest bezu\u017cyteczne, poniewa\u017c s\u0142owa nie nale\u017c\u0105 do nich.&nbsp;Oni po prostu wykonuj\u0105 rozkazy.&nbsp;Biden nie zostanie postawiony w stan oskar\u017cenia, dop\u00f3ki Kartel rz\u0105dz\u0105cy wszystkimi krajami zachodnimi \u2013 tak postanowi.&nbsp;Kamala Giggles b\u0119dzie nadal m\u00f3wi\u0107 jak zagubione dziecko i wy\u015bmiewana \u2013 dop\u00f3ki Kartel nie b\u0119dzie ju\u017c zabawiany.<\/p>\n\n\n\n<p>W Etiopii panuje obecnie chaos.&nbsp;Kandydat na prezydenta Ekwadoru zosta\u0142 zamordowany.&nbsp;G\u00f3ry dowod\u00f3w ujawniaj\u0105cych zdrad\u0119 wybor\u00f3w w USA w 2020 r. zostan\u0105 zignorowane.&nbsp;74-letni m\u0119\u017cczyzna zamordowany przez FBI za tweetowanie z\u0142o\u015bliwych tweet\u00f3w zostanie zignorowany.&nbsp;A obywatele stan\u0105 si\u0119 bardziej \u017ali \u2013 zgodnie z planem.<\/p>\n\n\n\n<p>Nie ma administracji Bidena.&nbsp;Nie ma Bidena.&nbsp;DeSantis u\u017cywa teraz g\u0142\u0119boko fa\u0142szywych obraz\u00f3w AI, aby znies\u0142awi\u0107 Trumpa w reklamach kampanii politycznych.&nbsp;DeSantis to \u2013 g\u0142\u0119bokie oszustwo.&nbsp;Christy wyzywa Trumpa na s\u0142owny pojedynek?&nbsp;Pence nie mo\u017ce wymy\u015bli\u0107, jak pompowa\u0107 benzyn\u0119?&nbsp;AOC jest barmanem.&nbsp;Obama by\u0142 handlarzem kokainy.&nbsp;I ka\u017cdy MAGA jest celem zamachu.<\/p>\n\n\n\n<p>Wczoraj opublikowano \u201etajn\u0105 depesz\u0119\u201d, w kt\u00f3rej wyszczeg\u00f3lniono, \u017ce opiekunowie kartelu Biden nakazali zatrzymanie i aresztowanie pakista\u0144skiego Imrana Khana.&nbsp;Zgodnie z o\u015bwiadczeniem Nuland w sprawie zastraszania przez ni\u0105 junty wojskowej Nigru \u2013 zgodnie z prawem ameryka\u0144skim zamachy stanu s\u0105 przest\u0119pstwem federalnym\u2026 wi\u0119c kto zarz\u0105dzi\u0142 zamach stanu w Pakistanie?<\/p>\n\n\n\n<p>Nielegalny Komitet 6 stycznia&nbsp;<sup>dzia\u0142a\u0142<\/sup>&nbsp;&nbsp;w zmowie z FBI i teraz stwierdzono, \u017ce zniszczy\u0142 dowody \u2013 przest\u0119pstwo.&nbsp;Przest\u0119pstwo, kt\u00f3re mo\u017ce sprawi\u0107, \u017ce WSZYSCY uwi\u0119zieni w gu\u0142agach DC otrzymaj\u0105 BEZP\u0141ATN\u0104 kart\u0119 wyj\u015bcia z wi\u0119zienia i zniweczy\u0107 ca\u0142\u0105 spraw\u0119 Jacka Smitha przeciwko Trumpowi\u2026 Sprawa pe\u0142na nijakich oskar\u017ce\u0144.<\/p>\n\n\n\n<p>Dlaczego zniszczyli dowody?&nbsp;Poniewa\u017c uniewinni\u0142oby to Trumpa i wszystkich oskar\u017conych.&nbsp;Oznacza to, \u017ce pozew zbiorowy powinien by\u0107 teraz sposobem na zlikwidowanie zaanga\u017cowanych os\u00f3b, w tym Nancy Pelosi i ka\u017cdego funkcjonariusza FBI, kt\u00f3ry pod\u017cega\u0142 do \u015bmierci dw\u00f3ch kobiet w stolicy;&nbsp;Ashli \u200b\u200bBabbitt i Rosanne Boyland.<\/p>\n\n\n\n<p><em>Ale kto ich oskar\u017cy?<\/em><\/p>\n\n\n\n<p>Jednym z ostatnich za\u0142o\u017ce\u0144 Agendy \u015awiatowego Forum Ekonomicznego jest rozwi\u0105zanie rz\u0105d\u00f3w.&nbsp;Jak?&nbsp;Implodowa\u0107 od \u015brodka.&nbsp;Oznacza to, \u017ce rz\u0105dy wykonuj\u0105ce rozkazy kartelu niszcz\u0105 same siebie bez u\u017cycia si\u0142y\u2026<\/p>\n\n\n\n<p>Ludzie s\u0105 karmieni ci\u0105g\u0142\u0105 litani\u0105 korupcji, oszustw, pedofilii, a nawet zdrady w naszych szeregach urz\u0119dnik\u00f3w pa\u0144stwowych.&nbsp;Lud za\u017c\u0105da usuni\u0119cia ca\u0142ego systemu rz\u0105d\u00f3w \u2013 i zaoferuje nam&nbsp;&nbsp;<em>\u201ealternatyw\u0119\u201d.<\/em><\/p>\n\n\n\n<p>W 2017 r. WEF opublikowa\u0142 bia\u0142\u0105 ksi\u0119g\u0119 na temat \u201enowego modelu rz\u0105dzenia\u201d, kt\u00f3ry nazywa&nbsp;<em>&nbsp;\u201ez ludem\u201d zamiast \u201edla ludu\u201d.&nbsp;<\/em>&nbsp; Kiedy rz\u0105dem jest teraz Lud \u2013 kto tak naprawd\u0119 rz\u0105dzi?&nbsp;Dane.&nbsp;AI b\u0119dzie rz\u0105dzi\u0107 spo\u0142ecze\u0144stwem.&nbsp;Rz\u0105dy zejd\u0105 ze swojej sceny i zmieszaj\u0105 si\u0119 jako zwykli ludzie, przekazuj\u0105c AI wiadomo\u015bci od Ludu.&nbsp;Wszystko zgodnie z Bia\u0142\u0105 Ksi\u0119g\u0105 napisan\u0105 przez The Global Agenda Council, przemianowan\u0105 na The Global Future Councils w 2016 r., kt\u00f3rej zadaniem jest odtworzenie Ziemi \u2013 na ich obraz.<\/p>\n\n\n\n<p>Celem jest albo obserwowanie, albo wytwarzanie zepsucia \u2013 w tym zepsutego, nieudolnego rz\u0105du i jego filii;&nbsp;takich jak FBI i CIA.<\/p>\n\n\n\n<p><em>\u201eSie\u0107 zrzesza oko\u0142o 600 najbardziej odpowiednich i kompetentnych lider\u00f3w my\u015bli ze \u015brodowiska akademickiego, rz\u0105du, organizacji mi\u0119dzynarodowych, biznesu i spo\u0142ecze\u0144stwa obywatelskiego, zgrupowanych w radach tematycznych opartych na wiedzy specjalistycznej.&nbsp;Jest to spo\u0142eczno\u015b\u0107 tylko na zaproszenia, a cz\u0142onkowie s\u0105 nominowani na dwuletni\u0105 kadencj\u0119\u201d.<\/em><\/p>\n\n\n\n<p>Globalna Rada ds. Przysz\u0142o\u015bci podzieli\u0142a si\u0119 na szereg podzbior\u00f3w, takich jak: Przysz\u0142o\u015b\u0107 sztucznej inteligencji, Przysz\u0142o\u015b\u0107 autonomicznej mobilno\u015bci, Przysz\u0142o\u015b\u0107 gospodarek, Przysz\u0142o\u015b\u0107 miast itp. Do ka\u017cdego podzbioru przypisano rad\u0119 zarz\u0105dzaj\u0105c\u0105 przyj\u0119ciem ich konkretny porz\u0105dek obrad.<\/p>\n\n\n\n<p><strong><em>Przysz\u0142y model operacyjny rz\u0105du to model sieci publiczno-prywatnej.&nbsp;A rz\u0105d musi by\u0107 \u201ezarz\u0105dzany\u201d z zewn\u0105trz.<\/em><\/strong><\/p>\n\n\n\n<p>Celem zadeklarowania podzbior\u00f3w jest zadeklarowanie, kt\u00f3re aspekty naszego spo\u0142ecze\u0144stwa s\u0105 ju\u017c zepsute, a kt\u00f3re nadal wymagaj\u0105 sztucznego zepsucia.&nbsp;RESET polega na wszczepieniu nowego systemu w zepsuty, stworzony przez zarz\u0105d podzbioru Rady Przysz\u0142o\u015bci, kt\u00f3rego zadaniem jest ponowne wyobra\u017cenie sobie.<\/p>\n\n\n\n<p><strong>Na przyk\u0142ad:<\/strong>&nbsp;&nbsp;&nbsp; rz\u0105d jest zepsuty \u2013 dlatego nale\u017cy go wyeliminowa\u0107, aby wprowadzi\u0107 rozkaz RESET rz\u0105du zasilanego przez sztuczn\u0105 inteligencj\u0119 i zarz\u0105dzany przez interesariuszy.&nbsp;Bezpiecze\u0144stwo \u017cywno\u015bciowe i wodne jest \u201e\u0142amane\u201d, aby ZRESETOWA\u0106 nowe \u017ar\u00f3d\u0142o \u017cywno\u015bci.&nbsp;(Kurczaki s\u0105 niszczone, poniewa\u017c kaczka nie pojawi\u0142a si\u0119 w sanktuarium na czas \u2013 dlatego epidemia ptasiej grypy jest wykorzystywana do uboju milion\u00f3w kurczak\u00f3w wed\u0142ug FDA.) W ten spos\u00f3b zapewniona jest niezr\u00f3wnowa\u017cona sytuacja kurczak\u00f3w.<\/p>\n\n\n\n<p>Sk\u0105d pochodz\u0105 te krzes\u0142a i przyw\u00f3dcy?&nbsp;Bain &amp; Co, Harvard, Microsoft, Centrum Globalnego Rozwoju, Bank \u015awiatowy, Gates Foundation, Rz\u0105d Norwegii, Uniwersytet Oksfordzki, Milanovic, JP Morgan, Deloitte, MacArthur Foundation, NYU, McKinsey &amp; Co, Hillary itd.<\/p>\n\n\n\n<p>Ponowne wyobra\u017cenie sobie Ziemi wymaga zniszczenia ka\u017cdego spo\u0142ecze\u0144stwa, ka\u017cdego miasta, ka\u017cdego rz\u0105du w celu odbudowania globu AI\/Interesariuszy.&nbsp;Wszystkie kraje musz\u0105 trwa\u0107 albo zostan\u0105 zniszczone.<\/p>\n\n\n\n<p>W tym duchu Ukraina sta\u0142a si\u0119 krajem do\u015bwiadczalnym zniszczenia.&nbsp;To obywatele ewakuowani lub zabici.&nbsp;To struktura spo\u0142eczna \u2013 zniszczona.&nbsp;Ko\u015bcio\u0142y i religia \u2013 zniszczone.&nbsp;To infrastruktura, rz\u0105d i fundacje \u2013 zniszczone.&nbsp;Poniewa\u017c wed\u0142ug Centrum Studi\u00f3w Strategicznych i Mi\u0119dzynarodowych (CSIS) odbudowa i ponowne wyobra\u017cenie sobie Ukrainy rozpocznie si\u0119 we wrze\u015bniu po tym, jak Rady spotkaj\u0105 si\u0119, aby uzgodni\u0107 \u201ejak\u201d, a interesariusze zbiorowo og\u0142osz\u0105 koniec wojny.<\/p>\n\n\n\n<p><strong>Wi\u0119c.&nbsp;Gdy stajemy si\u0119 coraz bardziej rozdra\u017cnieni i rozczarowani niekompetentnym, skorumpowanym, oszuka\u0144czym rz\u0105dem \u2013 skorumpowanym wymiarem sprawiedliwo\u015bci \u2013 skorumpowanym systemem \u017cywno\u015bciowym \u2013 pami\u0119tajcie \u2013 w\u0142a\u015bnie tak chc\u0105, aby\u015bmy zareagowali!<\/strong><\/p>\n\n\n\n<p><em>Przedruk za zgod\u0105 autora.<\/em><\/p>\n\n\n\n<p>\u0179r\u00f3d\u0142o <a href=\"https:\/\/helenaglass.net\/2023\/08\/10\/world-economic-forum-rebuilding-our-future\/\">https:\/\/helenaglass.net\/2023\/08\/10\/world-economic-forum-rebuilding-our-future\/<\/a><\/p>\n","protected":false},"excerpt":{"rendered":"<p>\u015awiatowe Forum Ekonomiczne: Nowa wizja rz\u0105du za po\u015brednictwem sztucznej inteligencji i interesariuszy Helena GlassHelena-The Nationalist Voice, 14 sierpnia 2023 r Grupa o nazwie Anti-White Watch zacz\u0119\u0142a publikowa\u0107 posty na temat przemocy pope\u0142nianej na wszystkich etnicznych Europejczykach przez czarnych na ca\u0142ym&#8230; <\/p>\n","protected":false},"author":2,"featured_media":3855,"comment_status":"open","ping_status":"open","sticky":false,"template":"","format":"standard","meta":{"_acf_changed":false,"_bbp_topic_count":0,"_bbp_reply_count":0,"_bbp_total_topic_count":0,"_bbp_total_reply_count":0,"_bbp_voice_count":0,"_bbp_anonymous_reply_count":0,"_bbp_topic_count_hidden":0,"_bbp_reply_count_hidden":0,"_bbp_forum_subforum_count":0,"om_disable_all_campaigns":false,"_monsterinsights_skip_tracking":false,"footnotes":""},"categories":[93],"tags":[],"class_list":["post-3853","post","type-post","status-publish","format-standard","has-post-thumbnail","hentry","category-artykuly"],"acf":[],"aioseo_notices":[],"aioseo_head":"\n\t\t<!-- All in One SEO 5.0.1.1 - aioseo.com -->\n\t<meta name=\"description\" content=\"\u015awiatowe Forum Ekonomiczne: Nowa wizja rz\u0105du za po\u015brednictwem sztucznej inteligencji i interesariuszy Helena GlassHelena-The Nationalist Voice, 14 sierpnia 2023 r Grupa o nazwie Anti-White Watch zacz\u0119\u0142a publikowa\u0107 posty na temat przemocy pope\u0142nianej na wszystkich etnicznych Europejczykach przez czarnych na ca\u0142ym \u015bwiecie. Ludob\u00f3jstwo dokonane na bia\u0142ych ludziach przez czarnych jest \u201etolerowane\u201d, poniewa\u017c nasze nowo utworzone rz\u0105dy tak\" \/>\n\t<meta name=\"robots\" content=\"max-image-preview:large\" \/>\n\t<meta name=\"author\" content=\"trinity\"\/>\n\t<link rel=\"canonical\" href=\"https:\/\/wia.net.pl\/index.php\/2023\/08\/14\/wef-ai-i-nowa-wizja-rzadu\/\" \/>\n\t<meta name=\"generator\" content=\"All in One SEO (AIOSEO) 5.0.1.1\" \/>\n\t\t<meta property=\"og:locale\" content=\"pl_PL\" \/>\n\t\t<meta property=\"og:site_name\" content=\"Wolno\u015b\u0107 i Anarchia - Ka\u017cdy wewn\u0119trznie jest anarchist\u0105.\" \/>\n\t\t<meta property=\"og:type\" content=\"article\" \/>\n\t\t<meta property=\"og:title\" content=\"WEF \u2013 AI i nowa wizja rz\u0105du - Wolno\u015b\u0107 i Anarchia\" \/>\n\t\t<meta property=\"og:description\" content=\"\u015awiatowe Forum Ekonomiczne: Nowa wizja rz\u0105du za po\u015brednictwem sztucznej inteligencji i interesariuszy Helena GlassHelena-The Nationalist Voice, 14 sierpnia 2023 r Grupa o nazwie Anti-White Watch zacz\u0119\u0142a publikowa\u0107 posty na temat przemocy pope\u0142nianej na wszystkich etnicznych Europejczykach przez czarnych na ca\u0142ym \u015bwiecie. Ludob\u00f3jstwo dokonane na bia\u0142ych ludziach przez czarnych jest \u201etolerowane\u201d, poniewa\u017c nasze nowo utworzone rz\u0105dy tak\" \/>\n\t\t<meta property=\"og:url\" content=\"https:\/\/wia.net.pl\/index.php\/2023\/08\/14\/wef-ai-i-nowa-wizja-rzadu\/\" \/>\n\t\t<meta property=\"og:image\" content=\"https:\/\/wia.net.pl\/wp-content\/uploads\/2023\/11\/cropped-freedom-i73367.jpg\" \/>\n\t\t<meta property=\"og:image:secure_url\" content=\"https:\/\/wia.net.pl\/wp-content\/uploads\/2023\/11\/cropped-freedom-i73367.jpg\" \/>\n\t\t<meta property=\"article:published_time\" content=\"2023-08-14T07:39:37+00:00\" \/>\n\t\t<meta property=\"article:modified_time\" content=\"2023-08-14T07:39:37+00:00\" \/>\n\t\t<meta name=\"twitter:card\" content=\"summary_large_image\" \/>\n\t\t<meta name=\"twitter:title\" content=\"WEF \u2013 AI i nowa wizja rz\u0105du - Wolno\u015b\u0107 i Anarchia\" \/>\n\t\t<meta name=\"twitter:description\" content=\"\u015awiatowe Forum Ekonomiczne: Nowa wizja rz\u0105du za po\u015brednictwem sztucznej inteligencji i interesariuszy Helena GlassHelena-The Nationalist Voice, 14 sierpnia 2023 r Grupa o nazwie Anti-White Watch zacz\u0119\u0142a publikowa\u0107 posty na temat przemocy pope\u0142nianej na wszystkich etnicznych Europejczykach przez czarnych na ca\u0142ym \u015bwiecie. Ludob\u00f3jstwo dokonane na bia\u0142ych ludziach przez czarnych jest \u201etolerowane\u201d, poniewa\u017c nasze nowo utworzone rz\u0105dy tak\" \/>\n\t\t<meta name=\"twitter:image\" content=\"https:\/\/wia.net.pl\/wp-content\/uploads\/2023\/11\/cropped-freedom-i73367.jpg\" \/>\n\t\t<script type=\"application\/ld+json\" class=\"aioseo-schema\">\n\t\t\t{\"@context\":\"https:\\\/\\\/schema.org\",\"@graph\":[{\"@type\":\"BlogPosting\",\"@id\":\"https:\\\/\\\/wia.net.pl\\\/index.php\\\/2023\\\/08\\\/14\\\/wef-ai-i-nowa-wizja-rzadu\\\/#blogposting\",\"name\":\"WEF \\u2013 AI i nowa wizja rz\\u0105du - Wolno\\u015b\\u0107 i Anarchia\",\"headline\":\"WEF &#8211; AI i nowa wizja rz\\u0105du\",\"author\":{\"@id\":\"https:\\\/\\\/wia.net.pl\\\/index.php\\\/author\\\/trinity\\\/#author\"},\"publisher\":{\"@id\":\"https:\\\/\\\/wia.net.pl\\\/#person\"},\"image\":{\"@type\":\"ImageObject\",\"url\":\"https:\\\/\\\/wia.net.pl\\\/wp-content\\\/uploads\\\/2023\\\/08\\\/210510-hay-anti-white-watch-tease_smjnjf.jpeg\",\"width\":1480,\"height\":833},\"datePublished\":\"2023-08-14T09:39:37+02:00\",\"dateModified\":\"2023-08-14T09:39:37+02:00\",\"inLanguage\":\"pl-PL\",\"mainEntityOfPage\":{\"@id\":\"https:\\\/\\\/wia.net.pl\\\/index.php\\\/2023\\\/08\\\/14\\\/wef-ai-i-nowa-wizja-rzadu\\\/#webpage\"},\"isPartOf\":{\"@id\":\"https:\\\/\\\/wia.net.pl\\\/index.php\\\/2023\\\/08\\\/14\\\/wef-ai-i-nowa-wizja-rzadu\\\/#webpage\"},\"articleSection\":\"Artyku\\u0142y\"},{\"@type\":\"BreadcrumbList\",\"@id\":\"https:\\\/\\\/wia.net.pl\\\/index.php\\\/2023\\\/08\\\/14\\\/wef-ai-i-nowa-wizja-rzadu\\\/#breadcrumblist\",\"itemListElement\":[{\"@type\":\"ListItem\",\"@id\":\"https:\\\/\\\/wia.net.pl#listItem\",\"position\":1,\"name\":\"Home\",\"item\":\"https:\\\/\\\/wia.net.pl\",\"nextItem\":{\"@type\":\"ListItem\",\"@id\":\"https:\\\/\\\/wia.net.pl\\\/index.php\\\/category\\\/artykuly\\\/#listItem\",\"name\":\"Artyku\\u0142y\"}},{\"@type\":\"ListItem\",\"@id\":\"https:\\\/\\\/wia.net.pl\\\/index.php\\\/category\\\/artykuly\\\/#listItem\",\"position\":2,\"name\":\"Artyku\\u0142y\",\"item\":\"https:\\\/\\\/wia.net.pl\\\/index.php\\\/category\\\/artykuly\\\/\",\"nextItem\":{\"@type\":\"ListItem\",\"@id\":\"https:\\\/\\\/wia.net.pl\\\/index.php\\\/2023\\\/08\\\/14\\\/wef-ai-i-nowa-wizja-rzadu\\\/#listItem\",\"name\":\"WEF &#8211; AI i nowa wizja rz\\u0105du\"},\"previousItem\":{\"@type\":\"ListItem\",\"@id\":\"https:\\\/\\\/wia.net.pl#listItem\",\"name\":\"Home\"}},{\"@type\":\"ListItem\",\"@id\":\"https:\\\/\\\/wia.net.pl\\\/index.php\\\/2023\\\/08\\\/14\\\/wef-ai-i-nowa-wizja-rzadu\\\/#listItem\",\"position\":3,\"name\":\"WEF &#8211; AI i nowa wizja rz\\u0105du\",\"previousItem\":{\"@type\":\"ListItem\",\"@id\":\"https:\\\/\\\/wia.net.pl\\\/index.php\\\/category\\\/artykuly\\\/#listItem\",\"name\":\"Artyku\\u0142y\"}}]},{\"@type\":\"Person\",\"@id\":\"https:\\\/\\\/wia.net.pl\\\/#person\",\"name\":\"Bart\\u0142omiej Talarczyk\",\"image\":{\"@type\":\"ImageObject\",\"@id\":\"https:\\\/\\\/wia.net.pl\\\/index.php\\\/2023\\\/08\\\/14\\\/wef-ai-i-nowa-wizja-rzadu\\\/#personImage\",\"url\":\"https:\\\/\\\/wia.net.pl\\\/wp-content\\\/uploads\\\/avatar-privacy\\\/cache\\\/user\\\/1\\\/7\\\/176a6b161c58363ff49b5c167264231f519f5c7fa183ca1f61e891769b6b56d5-96.jpg\",\"width\":96,\"height\":96,\"caption\":\"Bart\\u0142omiej Talarczyk\"}},{\"@type\":\"Person\",\"@id\":\"https:\\\/\\\/wia.net.pl\\\/index.php\\\/author\\\/trinity\\\/#author\",\"url\":\"https:\\\/\\\/wia.net.pl\\\/index.php\\\/author\\\/trinity\\\/\",\"name\":\"trinity\",\"image\":{\"@type\":\"ImageObject\",\"@id\":\"https:\\\/\\\/wia.net.pl\\\/index.php\\\/2023\\\/08\\\/14\\\/wef-ai-i-nowa-wizja-rzadu\\\/#authorImage\",\"url\":\"https:\\\/\\\/wia.net.pl\\\/wp-content\\\/uploads\\\/avatar-privacy\\\/cache\\\/user\\\/5\\\/f\\\/5f6547cf82495eaa10e100a6a45d5dbde2dfdc1be88557de2018fca705bdf6f1-96.jpg\",\"width\":96,\"height\":96,\"caption\":\"trinity\"}},{\"@type\":\"WebPage\",\"@id\":\"https:\\\/\\\/wia.net.pl\\\/index.php\\\/2023\\\/08\\\/14\\\/wef-ai-i-nowa-wizja-rzadu\\\/#webpage\",\"url\":\"https:\\\/\\\/wia.net.pl\\\/index.php\\\/2023\\\/08\\\/14\\\/wef-ai-i-nowa-wizja-rzadu\\\/\",\"name\":\"WEF \\u2013 AI i nowa wizja rz\\u0105du - Wolno\\u015b\\u0107 i Anarchia\",\"description\":\"\\u015awiatowe Forum Ekonomiczne: Nowa wizja rz\\u0105du za po\\u015brednictwem sztucznej inteligencji i interesariuszy Helena GlassHelena-The Nationalist Voice, 14 sierpnia 2023 r Grupa o nazwie Anti-White Watch zacz\\u0119\\u0142a publikowa\\u0107 posty na temat przemocy pope\\u0142nianej na wszystkich etnicznych Europejczykach przez czarnych na ca\\u0142ym \\u015bwiecie. Ludob\\u00f3jstwo dokonane na bia\\u0142ych ludziach przez czarnych jest \\u201etolerowane\\u201d, poniewa\\u017c nasze nowo utworzone rz\\u0105dy tak\",\"inLanguage\":\"pl-PL\",\"isPartOf\":{\"@id\":\"https:\\\/\\\/wia.net.pl\\\/#website\"},\"breadcrumb\":{\"@id\":\"https:\\\/\\\/wia.net.pl\\\/index.php\\\/2023\\\/08\\\/14\\\/wef-ai-i-nowa-wizja-rzadu\\\/#breadcrumblist\"},\"author\":{\"@id\":\"https:\\\/\\\/wia.net.pl\\\/index.php\\\/author\\\/trinity\\\/#author\"},\"creator\":{\"@id\":\"https:\\\/\\\/wia.net.pl\\\/index.php\\\/author\\\/trinity\\\/#author\"},\"image\":{\"@type\":\"ImageObject\",\"url\":\"https:\\\/\\\/wia.net.pl\\\/wp-content\\\/uploads\\\/2023\\\/08\\\/210510-hay-anti-white-watch-tease_smjnjf.jpeg\",\"@id\":\"https:\\\/\\\/wia.net.pl\\\/index.php\\\/2023\\\/08\\\/14\\\/wef-ai-i-nowa-wizja-rzadu\\\/#mainImage\",\"width\":1480,\"height\":833},\"primaryImageOfPage\":{\"@id\":\"https:\\\/\\\/wia.net.pl\\\/index.php\\\/2023\\\/08\\\/14\\\/wef-ai-i-nowa-wizja-rzadu\\\/#mainImage\"},\"datePublished\":\"2023-08-14T09:39:37+02:00\",\"dateModified\":\"2023-08-14T09:39:37+02:00\"},{\"@type\":\"WebSite\",\"@id\":\"https:\\\/\\\/wia.net.pl\\\/#website\",\"url\":\"https:\\\/\\\/wia.net.pl\\\/\",\"name\":\"Wolno\\u015b\\u0107 i Anarchia\",\"description\":\"Ka\\u017cdy wewn\\u0119trznie jest anarchist\\u0105.\",\"inLanguage\":\"pl-PL\",\"publisher\":{\"@id\":\"https:\\\/\\\/wia.net.pl\\\/#person\"}}]}\n\t\t<\/script>\n\t\t<!-- All in One SEO -->\n\n","aioseo_head_json":{"title":"WEF \u2013 AI i nowa wizja rz\u0105du - Wolno\u015b\u0107 i Anarchia","description":"\u015awiatowe Forum Ekonomiczne: Nowa wizja rz\u0105du za po\u015brednictwem sztucznej inteligencji i interesariuszy Helena GlassHelena-The Nationalist Voice, 14 sierpnia 2023 r Grupa o nazwie Anti-White Watch zacz\u0119\u0142a publikowa\u0107 posty na temat przemocy pope\u0142nianej na wszystkich etnicznych Europejczykach przez czarnych na ca\u0142ym \u015bwiecie. Ludob\u00f3jstwo dokonane na bia\u0142ych ludziach przez czarnych jest \u201etolerowane\u201d, poniewa\u017c nasze nowo utworzone rz\u0105dy tak","canonical_url":"https:\/\/wia.net.pl\/index.php\/2023\/08\/14\/wef-ai-i-nowa-wizja-rzadu\/","robots":"max-image-preview:large","keywords":"","webmasterTools":{"miscellaneous":""},"schema":{"@context":"https:\/\/schema.org","@graph":[{"@type":"BlogPosting","@id":"https:\/\/wia.net.pl\/index.php\/2023\/08\/14\/wef-ai-i-nowa-wizja-rzadu\/#blogposting","name":"WEF \u2013 AI i nowa wizja rz\u0105du - Wolno\u015b\u0107 i Anarchia","headline":"WEF &#8211; AI i nowa wizja rz\u0105du","author":{"@id":"https:\/\/wia.net.pl\/index.php\/author\/trinity\/#author"},"publisher":{"@id":"https:\/\/wia.net.pl\/#person"},"image":{"@type":"ImageObject","url":"https:\/\/wia.net.pl\/wp-content\/uploads\/2023\/08\/210510-hay-anti-white-watch-tease_smjnjf.jpeg","width":1480,"height":833},"datePublished":"2023-08-14T09:39:37+02:00","dateModified":"2023-08-14T09:39:37+02:00","inLanguage":"pl-PL","mainEntityOfPage":{"@id":"https:\/\/wia.net.pl\/index.php\/2023\/08\/14\/wef-ai-i-nowa-wizja-rzadu\/#webpage"},"isPartOf":{"@id":"https:\/\/wia.net.pl\/index.php\/2023\/08\/14\/wef-ai-i-nowa-wizja-rzadu\/#webpage"},"articleSection":"Artyku\u0142y"},{"@type":"BreadcrumbList","@id":"https:\/\/wia.net.pl\/index.php\/2023\/08\/14\/wef-ai-i-nowa-wizja-rzadu\/#breadcrumblist","itemListElement":[{"@type":"ListItem","@id":"https:\/\/wia.net.pl#listItem","position":1,"name":"Home","item":"https:\/\/wia.net.pl","nextItem":{"@type":"ListItem","@id":"https:\/\/wia.net.pl\/index.php\/category\/artykuly\/#listItem","name":"Artyku\u0142y"}},{"@type":"ListItem","@id":"https:\/\/wia.net.pl\/index.php\/category\/artykuly\/#listItem","position":2,"name":"Artyku\u0142y","item":"https:\/\/wia.net.pl\/index.php\/category\/artykuly\/","nextItem":{"@type":"ListItem","@id":"https:\/\/wia.net.pl\/index.php\/2023\/08\/14\/wef-ai-i-nowa-wizja-rzadu\/#listItem","name":"WEF &#8211; AI i nowa wizja rz\u0105du"},"previousItem":{"@type":"ListItem","@id":"https:\/\/wia.net.pl#listItem","name":"Home"}},{"@type":"ListItem","@id":"https:\/\/wia.net.pl\/index.php\/2023\/08\/14\/wef-ai-i-nowa-wizja-rzadu\/#listItem","position":3,"name":"WEF &#8211; AI i nowa wizja rz\u0105du","previousItem":{"@type":"ListItem","@id":"https:\/\/wia.net.pl\/index.php\/category\/artykuly\/#listItem","name":"Artyku\u0142y"}}]},{"@type":"Person","@id":"https:\/\/wia.net.pl\/#person","name":"Bart\u0142omiej Talarczyk","image":{"@type":"ImageObject","@id":"https:\/\/wia.net.pl\/index.php\/2023\/08\/14\/wef-ai-i-nowa-wizja-rzadu\/#personImage","url":"https:\/\/wia.net.pl\/wp-content\/uploads\/avatar-privacy\/cache\/user\/1\/7\/176a6b161c58363ff49b5c167264231f519f5c7fa183ca1f61e891769b6b56d5-96.jpg","width":96,"height":96,"caption":"Bart\u0142omiej Talarczyk"}},{"@type":"Person","@id":"https:\/\/wia.net.pl\/index.php\/author\/trinity\/#author","url":"https:\/\/wia.net.pl\/index.php\/author\/trinity\/","name":"trinity","image":{"@type":"ImageObject","@id":"https:\/\/wia.net.pl\/index.php\/2023\/08\/14\/wef-ai-i-nowa-wizja-rzadu\/#authorImage","url":"https:\/\/wia.net.pl\/wp-content\/uploads\/avatar-privacy\/cache\/user\/5\/f\/5f6547cf82495eaa10e100a6a45d5dbde2dfdc1be88557de2018fca705bdf6f1-96.jpg","width":96,"height":96,"caption":"trinity"}},{"@type":"WebPage","@id":"https:\/\/wia.net.pl\/index.php\/2023\/08\/14\/wef-ai-i-nowa-wizja-rzadu\/#webpage","url":"https:\/\/wia.net.pl\/index.php\/2023\/08\/14\/wef-ai-i-nowa-wizja-rzadu\/","name":"WEF \u2013 AI i nowa wizja rz\u0105du - Wolno\u015b\u0107 i Anarchia","description":"\u015awiatowe Forum Ekonomiczne: Nowa wizja rz\u0105du za po\u015brednictwem sztucznej inteligencji i interesariuszy Helena GlassHelena-The Nationalist Voice, 14 sierpnia 2023 r Grupa o nazwie Anti-White Watch zacz\u0119\u0142a publikowa\u0107 posty na temat przemocy pope\u0142nianej na wszystkich etnicznych Europejczykach przez czarnych na ca\u0142ym \u015bwiecie. Ludob\u00f3jstwo dokonane na bia\u0142ych ludziach przez czarnych jest \u201etolerowane\u201d, poniewa\u017c nasze nowo utworzone rz\u0105dy tak","inLanguage":"pl-PL","isPartOf":{"@id":"https:\/\/wia.net.pl\/#website"},"breadcrumb":{"@id":"https:\/\/wia.net.pl\/index.php\/2023\/08\/14\/wef-ai-i-nowa-wizja-rzadu\/#breadcrumblist"},"author":{"@id":"https:\/\/wia.net.pl\/index.php\/author\/trinity\/#author"},"creator":{"@id":"https:\/\/wia.net.pl\/index.php\/author\/trinity\/#author"},"image":{"@type":"ImageObject","url":"https:\/\/wia.net.pl\/wp-content\/uploads\/2023\/08\/210510-hay-anti-white-watch-tease_smjnjf.jpeg","@id":"https:\/\/wia.net.pl\/index.php\/2023\/08\/14\/wef-ai-i-nowa-wizja-rzadu\/#mainImage","width":1480,"height":833},"primaryImageOfPage":{"@id":"https:\/\/wia.net.pl\/index.php\/2023\/08\/14\/wef-ai-i-nowa-wizja-rzadu\/#mainImage"},"datePublished":"2023-08-14T09:39:37+02:00","dateModified":"2023-08-14T09:39:37+02:00"},{"@type":"WebSite","@id":"https:\/\/wia.net.pl\/#website","url":"https:\/\/wia.net.pl\/","name":"Wolno\u015b\u0107 i Anarchia","description":"Ka\u017cdy wewn\u0119trznie jest anarchist\u0105.","inLanguage":"pl-PL","publisher":{"@id":"https:\/\/wia.net.pl\/#person"}}]},"og:locale":"pl_PL","og:site_name":"Wolno\u015b\u0107 i Anarchia - Ka\u017cdy wewn\u0119trznie jest anarchist\u0105.","og:type":"article","og:title":"WEF \u2013 AI i nowa wizja rz\u0105du - Wolno\u015b\u0107 i Anarchia","og:description":"\u015awiatowe Forum Ekonomiczne: Nowa wizja rz\u0105du za po\u015brednictwem sztucznej inteligencji i interesariuszy Helena GlassHelena-The Nationalist Voice, 14 sierpnia 2023 r Grupa o nazwie Anti-White Watch zacz\u0119\u0142a publikowa\u0107 posty na temat przemocy pope\u0142nianej na wszystkich etnicznych Europejczykach przez czarnych na ca\u0142ym \u015bwiecie. Ludob\u00f3jstwo dokonane na bia\u0142ych ludziach przez czarnych jest \u201etolerowane\u201d, poniewa\u017c nasze nowo utworzone rz\u0105dy tak","og:url":"https:\/\/wia.net.pl\/index.php\/2023\/08\/14\/wef-ai-i-nowa-wizja-rzadu\/","og:image":"https:\/\/wia.net.pl\/wp-content\/uploads\/2023\/11\/cropped-freedom-i73367.jpg","og:image:secure_url":"https:\/\/wia.net.pl\/wp-content\/uploads\/2023\/11\/cropped-freedom-i73367.jpg","article:published_time":"2023-08-14T07:39:37+00:00","article:modified_time":"2023-08-14T07:39:37+00:00","twitter:card":"summary_large_image","twitter:title":"WEF \u2013 AI i nowa wizja rz\u0105du - Wolno\u015b\u0107 i Anarchia","twitter:description":"\u015awiatowe Forum Ekonomiczne: Nowa wizja rz\u0105du za po\u015brednictwem sztucznej inteligencji i interesariuszy Helena GlassHelena-The Nationalist Voice, 14 sierpnia 2023 r Grupa o nazwie Anti-White Watch zacz\u0119\u0142a publikowa\u0107 posty na temat przemocy pope\u0142nianej na wszystkich etnicznych Europejczykach przez czarnych na ca\u0142ym \u015bwiecie. Ludob\u00f3jstwo dokonane na bia\u0142ych ludziach przez czarnych jest \u201etolerowane\u201d, poniewa\u017c nasze nowo utworzone rz\u0105dy tak","twitter:image":"https:\/\/wia.net.pl\/wp-content\/uploads\/2023\/11\/cropped-freedom-i73367.jpg"},"aioseo_meta_data":{"post_id":"3853","title":null,"description":null,"keywords":[],"keyphrases":{"focus":{"keyphrase":"","score":0,"analysis":{"keyphraseInTitle":{"score":0,"maxScore":9,"error":1}}},"additional":[]},"primary_term":null,"canonical_url":null,"og_title":null,"og_description":null,"og_object_type":"default","og_image_type":"default","og_image_url":null,"og_image_width":null,"og_image_height":null,"og_image_custom_url":null,"og_image_custom_fields":null,"og_video":"","og_custom_url":null,"og_article_section":null,"og_article_tags":[],"twitter_use_og":false,"twitter_card":"default","twitter_image_type":"default","twitter_image_url":null,"twitter_image_custom_url":null,"twitter_image_custom_fields":null,"twitter_title":null,"twitter_description":null,"schema":{"blockGraphs":[],"customGraphs":[],"default":{"data":{"Article":[],"Course":[],"Dataset":[],"FAQPage":[],"Movie":[],"Person":[],"Product":[],"ProductReview":[],"Car":[],"Recipe":[],"Service":[],"SoftwareApplication":[],"WebPage":[]},"graphName":"BlogPosting","isEnabled":true},"graphs":[]},"schema_type":"default","schema_type_options":null,"pillar_content":false,"robots_default":true,"robots_noindex":false,"robots_noarchive":false,"robots_nosnippet":false,"robots_nofollow":false,"robots_noimageindex":false,"robots_noodp":false,"robots_notranslate":false,"robots_max_snippet":"-1","robots_max_videopreview":"-1","robots_max_imagepreview":"large","priority":null,"frequency":"default","local_seo":null,"breadcrumb_settings":null,"limit_modified_date":false,"ai":null,"created":"2023-08-14 07:39:37","updated":"2025-06-04 08:59:48","seo_analyzer_scan_date":null,"focus_keyword":null,"additional_keywords":null,"truseo_locale":null},"aioseo_breadcrumb":"<div class=\"aioseo-breadcrumbs\"><span class=\"aioseo-breadcrumb\">\n\t\t\t<a href=\"https:\/\/wia.net.pl\" title=\"Home\">Home<\/a>\n\t\t<\/span><span class=\"aioseo-breadcrumb-separator\">&raquo;<\/span><span class=\"aioseo-breadcrumb\">\n\t\t\t<a href=\"https:\/\/wia.net.pl\/index.php\/category\/artykuly\/\" title=\"Artyku\u0142y\">Artyku\u0142y<\/a>\n\t\t<\/span><span class=\"aioseo-breadcrumb-separator\">&raquo;<\/span><span class=\"aioseo-breadcrumb\">\n\t\t\tWEF \u2013 AI i nowa wizja rz\u0105du\n\t\t<\/span><\/div>","aioseo_breadcrumb_json":[{"label":"Home","link":"https:\/\/wia.net.pl"},{"label":"Artyku\u0142y","link":"https:\/\/wia.net.pl\/index.php\/category\/artykuly\/"},{"label":"WEF &#8211; AI i nowa wizja rz\u0105du","link":"https:\/\/wia.net.pl\/index.php\/2023\/08\/14\/wef-ai-i-nowa-wizja-rzadu\/"}],"_links":{"self":[{"href":"https:\/\/wia.net.pl\/index.php\/wp-json\/wp\/v2\/posts\/3853"}],"collection":[{"href":"https:\/\/wia.net.pl\/index.php\/wp-json\/wp\/v2\/posts"}],"about":[{"href":"https:\/\/wia.net.pl\/index.php\/wp-json\/wp\/v2\/types\/post"}],"author":[{"embeddable":true,"href":"https:\/\/wia.net.pl\/index.php\/wp-json\/wp\/v2\/users\/2"}],"replies":[{"embeddable":true,"href":"https:\/\/wia.net.pl\/index.php\/wp-json\/wp\/v2\/comments?post=3853"}],"version-history":[{"count":1,"href":"https:\/\/wia.net.pl\/index.php\/wp-json\/wp\/v2\/posts\/3853\/revisions"}],"predecessor-version":[{"id":3856,"href":"https:\/\/wia.net.pl\/index.php\/wp-json\/wp\/v2\/posts\/3853\/revisions\/3856"}],"wp:featuredmedia":[{"embeddable":true,"href":"https:\/\/wia.net.pl\/index.php\/wp-json\/wp\/v2\/media\/3855"}],"wp:attachment":[{"href":"https:\/\/wia.net.pl\/index.php\/wp-json\/wp\/v2\/media?parent=3853"}],"wp:term":[{"taxonomy":"category","embeddable":true,"href":"https:\/\/wia.net.pl\/index.php\/wp-json\/wp\/v2\/categories?post=3853"},{"taxonomy":"post_tag","embeddable":true,"href":"https:\/\/wia.net.pl\/index.php\/wp-json\/wp\/v2\/tags?post=3853"}],"curies":[{"name":"wp","href":"https:\/\/api.w.org\/{rel}","templated":true}]}}