{"id":3896,"date":"2023-08-17T20:01:53","date_gmt":"2023-08-17T18:01:53","guid":{"rendered":"https:\/\/wia.net.pl\/?p=3896"},"modified":"2023-08-17T20:01:53","modified_gmt":"2023-08-17T18:01:53","slug":"zelenski-w-sadzie-ze-znanym-ukrainskim-neonazista","status":"publish","type":"post","link":"https:\/\/wia.net.pl\/index.php\/2023\/08\/17\/zelenski-w-sadzie-ze-znanym-ukrainskim-neonazista\/","title":{"rendered":"\u017be\u0142enski w s\u0105dzie ze znanym ukrai\u0144skim neonazist\u0105"},"content":{"rendered":"\n<p><strong>Ze\u0142enski jest w s\u0105dzie z najbardziej znanym ukrai\u0144skim neonazist\u0105<\/strong><\/p>\n\n\n\n<p>Autor, <strong><a href=\"https:\/\/thegrayzone.com\/author\/alexander-rubinstein\/\">ALEXANDER RUBINSTEIN<\/a>, 16 sierpnia 2023<\/strong><\/p>\n\n\n\n<figure class=\"wp-block-image size-large is-resized\"><img loading=\"lazy\" decoding=\"async\" src=\"https:\/\/wia.net.pl\/wp-content\/uploads\/2023\/08\/F3qjPbKXsAA7Jaq-1024x683.webp\" alt=\"\" class=\"wp-image-3897\" width=\"837\" height=\"558\" srcset=\"https:\/\/wia.net.pl\/wp-content\/uploads\/2023\/08\/F3qjPbKXsAA7Jaq-1024x683.webp 1024w, https:\/\/wia.net.pl\/wp-content\/uploads\/2023\/08\/F3qjPbKXsAA7Jaq-300x200.webp 300w, https:\/\/wia.net.pl\/wp-content\/uploads\/2023\/08\/F3qjPbKXsAA7Jaq-768x512.webp 768w, https:\/\/wia.net.pl\/wp-content\/uploads\/2023\/08\/F3qjPbKXsAA7Jaq.webp 1200w\" sizes=\"(max-width: 837px) 100vw, 837px\" \/><\/figure>\n\n\n\n<p><\/p>\n\n\n\n<h3 class=\"wp-block-heading\"><strong>Zachodnie media odrzuci\u0142y dowody wp\u0142yw\u00f3w neonazist\u00f3w na Ukrainie, powo\u0142uj\u0105c si\u0119 na \u017cydowskie dziedzictwo prezydenta Ze\u0142enskiego.&nbsp;Ale nowy materia\u0142 opublikowany przez Ze\u0142enskiego pokazuje, \u017ce przyw\u00f3dca otwarcie wsp\u00f3\u0142pracuje z faszystowskim ideologiem, kt\u00f3ry kiedy\u015b zobowi\u0105za\u0142 si\u0119 \u201epoprowadzi\u0107 bia\u0142e rasy \u015bwiata w ostatecznej krucjacie\u2026 przeciwko kierowanym przez Semit\u00f3w Untermenschen\u201d.<\/strong><\/h3>\n\n\n\n<p>Prezydent Ukrainy W\u0142odymyr Ze\u0142enski zamie\u015bci\u0142 na swoim kanale Telegram wideo, na kt\u00f3rym pokazuje, jak walczy z jednym z najbardziej znanych neonazist\u00f3w we wsp\u00f3\u0142czesnej historii Ukrainy: za\u0142o\u017cycielem batalionu Azow Andrijem Biletskim.<\/p>\n\n\n\n<p>14 sierpnia, nieco ponad godzin\u0119 po tym, jak sekretarz stanu Anthony Blinken og\u0142osi\u0142 kolejne 200 milion\u00f3w dolar\u00f3w pomocy wojskowej dla Kijowa, prezydent Ukrainy W\u0142odomir Ze\u0142enski opublikowa\u0142 wideo przedstawiaj\u0105ce to, co nazwa\u0142 \u201eotwart\u0105 rozmow\u0105\u201d z 3. Oddzieln\u0105 Brygad\u0105 Szturmow\u0105 Ukrainy.<\/p>\n\n\n\n<p>\u201eJestem wdzi\u0119czny wszystkim, kt\u00f3rzy broni\u0105 naszego kraju i narodu, kt\u00f3rzy przybli\u017caj\u0105 nasze zwyci\u0119stwo\u201d \u2013 napisa\u0142 Ze\u0142enski po spotkaniu z jednostk\u0105 na obrze\u017cach Bachmutu.<\/p>\n\n\n\n<p>Cho\u0107 przypadkowi zachodni obserwatorzy mogli nie zdawa\u0107 sobie z tego sprawy, brygada, do kt\u00f3rej przemawia\u0142 Ze\u0142enski, jest w rzeczywisto\u015bci najnowsz\u0105 iteracj\u0105 ukrai\u0144skiego neonazistowskiego batalionu Azow.&nbsp;<\/p>\n\n\n\n<p>\u201eTrzecia oddzielna brygada szturmowa, znakomici bojownicy\u201d \u2013 napisa\u0142 Ze\u0142enski kilka dni po konsultacjach w po\u015bcie na Twitterze, kt\u00f3ry nawi\u0105zywa\u0142 r\u00f3wnie\u017c do osobnego spotkania z batalionem Aidar, innym neofaszystowskim oddzia\u0142em, kt\u00f3ry zosta\u0142 oskar\u017cony przez Amnesty International o zbrodnie&nbsp;<a href=\"https:\/\/www.amnesty.org\/en\/documents\/eur50\/040\/2014\/en\/\">wojenne<\/a>&nbsp;.&nbsp;\u201ePowstrzymali nieprzyjacielowi posuwanie si\u0119 w kierunku Kostiantyn\u00f3wki i zepchn\u0119li okupant\u00f3w na odleg\u0142o\u015b\u0107 8 kilometr\u00f3w\u201d.<\/p>\n\n\n\n<p>Ale pochodzenie grupy nie jest tajemnic\u0105.&nbsp;Opisuj\u0105c swoj\u0105 ostatni\u0105 zmian\u0119 marki w filmie na YouTube opublikowanym w styczniu, jednostka&nbsp;<a href=\"https:\/\/youtu.be\/GlzGNb8OWZ4\">wyja\u015bni\u0142a<\/a>&nbsp;: \u201eDzisiaj oficjalnie og\u0142aszamy, \u017ce SSO AZOV rozszerza si\u0119 do brygady.&nbsp;Od teraz jeste\u015bmy 3. samodzieln\u0105 brygad\u0105 szturmow\u0105 Wojsk L\u0105dowych Si\u0142 Zbrojnych Ukrainy\u201d.<\/p>\n\n\n\n<figure class=\"wp-block-image\" id=\"attachment_91876\"><img decoding=\"async\" src=\"https:\/\/i0.wp.com\/thegrayzone.com\/wp-content\/uploads\/2023\/08\/azov.png?resize=1170%2C489&amp;ssl=1\" alt=\"\" class=\"wp-image-91876\"\/><figcaption class=\"wp-element-caption\">Ukrai\u0144scy bojownicy 3. Oddzielnej Brygady Szturmowej wykonuj\u0105 faszystowski salut przy ognisku w filmie zapowiadaj\u0105cym ich ponowne formowanie.<\/figcaption><\/figure>\n\n\n\n<p>Podobnie jak jej poprzednik, jednostk\u0105 dowodzi Andrij Biletsky, kt\u00f3ry za\u0142o\u017cy\u0142 batalion Azow i od dawna s\u0142u\u017cy jako figurant w zwartym ruchu politycznym Korpusu Narodowego.<\/p>\n\n\n\n<p>Ale pomimo bogatego nazistowskiego rodowodu Biletsky&#8217;ego, wideo&nbsp;<a href=\"https:\/\/t.me\/V_Zelenskiy_official\/7371\">opublikowane<\/a>&nbsp;przez Ze\u0142enskiego pokazuje go dziel\u0105cego chwil\u0119 dobroduszno\u015bci z bia\u0142ym nacjonalistycznym bojownikiem, kt\u00f3ry opisa\u0142 \u017byd\u00f3w jako \u201enaszych wrog\u00f3w\u201d lub jako \u201eprawdziwych pan\u00f3w\u201d oligarch\u00f3w i tch\u00f3rzliwych polityk\u00f3w, kt\u00f3rzy skorumpowana Ukraina.<\/p>\n\n\n\n<p>\u201eJak mog\u0142em by\u0107 nazist\u0105?\u201d&nbsp;\u2013 zapyta\u0142 Ze\u0142enski w przededniu inwazji Rosji, wskazuj\u0105c na swoje \u017cydowskie pochodzenie.&nbsp;\u201eJak ludzie, kt\u00f3rzy stracili osiem milion\u00f3w istnie\u0144 ludzkich walcz\u0105c z nazistami, mogli wspiera\u0107 nazizm?\u201d&nbsp;<\/p>\n\n\n\n<p>By\u0107 mo\u017ce trzeba ponownie zada\u0107 pytanie ukrai\u0144skiemu prezydentowi po ho\u0142dzie, jaki z\u0142o\u017cy\u0142 czo\u0142owemu neonazistowskiemu ideologowi swojego kraju.<\/p>\n\n\n<blockquote class=\"twitter-tweet\" data-width=\"550\" data-dnt=\"true\">\n<p lang=\"en\" dir=\"ltr\">Zelensky publishes a video of his visit to Biletsky, the leader of Azov neo-Nazis who said that the Ukrainian nation&#39;s mission is to &quot;lead the white races of the world in a final crusade&#8230;against Semite-led Untermenschen&quot; and thanks them for defending \ud83c\uddfa\ud83c\udde6<a href=\"https:\/\/t.co\/xQXqqKcxsg\">https:\/\/t.co\/xQXqqKcxsg<\/a> <a href=\"https:\/\/t.co\/E53ETomQab\">pic.twitter.com\/E53ETomQab<\/a><\/p>\n<p>&mdash; Voxkomm (@Voxkomm) <a href=\"https:\/\/twitter.com\/Voxkomm\/status\/1691162978786181121?ref_src=twsrc%5Etfw\">August 14, 2023<\/a><\/p><\/blockquote>\n<p><script async src=\"https:\/\/platform.twitter.com\/widgets.js\" charset=\"utf-8\"><\/script><\/p>\n\n\n\n<h3 class=\"wp-block-heading\"><strong>\u017bydowski przyw\u00f3dca Ukrainy spotyka si\u0119 z \u201ebia\u0142ym przyw\u00f3dc\u0105\u201d<\/strong><\/h3>\n\n\n\n<p>Od rozpocz\u0119cia rosyjskich operacji wojskowych na Ukrainie w 2022 roku Biletsky stara\u0142 si\u0119 zdystansowa\u0107 od swojej faszystowskiej przesz\u0142o\u015bci.&nbsp;Teraz twierdzi, \u017ce nies\u0142awna obietnica, kt\u00f3r\u0105 z\u0142o\u017cy\u0142, by uwolni\u0107 \u015bwiat od \u201epodwodnych semit\u00f3w\u201d, zosta\u0142a w rzeczywisto\u015bci sfabrykowana przez rosyjskiego ministra spraw zagranicznych Siergieja \u0141awrowa.&nbsp;<\/p>\n\n\n\n<p>Ale najs\u0142ynniejszy wyst\u0119pek Biletsky&#8217;ego przeciwko \u017bydom nie by\u0142 odosobnionym wybuchem.&nbsp;Rzeczywi\u015bcie, jego zapis tyrad inspirowanych nazizmem jest obszerny i od dziesi\u0119cioleci jest przedmiotem publicznych rejestr\u00f3w.<\/p>\n\n\n\n<p><a href=\"https:\/\/www.bloomberg.com\/view\/articles\/2015-06-12\/ukraine-s-neo-nazis-won-t-get-u-s-money?in_source=embedded-checkout-banner\">Praca<\/a>&nbsp;Biletsky&#8217;ego na studiach&nbsp;by\u0142a obron\u0105 Ukrai\u0144skiej Powsta\u0144czej Armii , grupy paramilitarnych nazistowskich kolaborant\u00f3w za\u0142o\u017conej przez Organizacj\u0119 Ukrai\u0144skich Nacjonalist\u00f3w Stepana Bandery, kt\u00f3ra przeprowadzi\u0142a czystki etniczne na ponad 100 000 \u017byd\u00f3w i Polak\u00f3w.&nbsp;Po uko\u0144czeniu uniwersytetu Biletsky szybko zwi\u0105za\u0142 si\u0119 z wieloma ugrupowaniami faszystowskimi, w tym z Og\u00f3lnoukrai\u0144sk\u0105 Organizacj\u0105 Stepana Bandery \u201eTryzub\u201d i Parti\u0105 Socjalno-Narodow\u0105 \u2014 nie myli\u0107 z Parti\u0105 Narodowo-Socjalistyczn\u0105 Niemiec lat 40. XX wieku.<\/p>\n\n\n\n<p>Biletsky opu\u015bci\u0142 Parti\u0119 Spo\u0142eczno-Narodow\u0105 w prote\u015bcie w 2004 roku, gdy grupa zacz\u0119\u0142a zmienia\u0107 nazw\u0119 i odchodzi\u0107 od jawnej neonazistowskiej symboliki.&nbsp;Dwa lata p\u00f3\u017aniej kierowa\u0142 organizacj\u0105 Patrioci Ukrainy, kt\u00f3ra by\u0142a&nbsp;<a href=\"https:\/\/www.reuters.com\/article\/ukraine-crisis-azov\/ultra-nationalist-ukrainian-battalion-gears-up-for-more-fighting-idINKBN0ML0XN20150325\">powi\u0105zana<\/a>&nbsp;z licznymi atakami mafii.&nbsp;Jeden z cz\u0142onk\u00f3w Patrioty Ukrainy twierdzi\u0142, \u017ce&nbsp;<a href=\"https:\/\/web.archive.org\/web\/20140406200353\/http:\/\/reporter.vesti.ua\/45908-kto-shagaet-s-pravoj\">grupa<\/a>&nbsp;sta\u0142a za zaj\u0119ciem i podpaleniem siedziby partii politycznej podczas wspieranego przez USA zamachu stanu na Majdanie w 2014 roku.<\/p>\n\n\n\n<figure class=\"wp-block-image\" id=\"attachment_91880\"><img decoding=\"async\" src=\"https:\/\/i0.wp.com\/thegrayzone.com\/wp-content\/uploads\/2023\/08\/F3kTpwVWEAAcEj0.jpg?resize=700%2C466&amp;ssl=1\" alt=\"\" class=\"wp-image-91880\"\/><figcaption class=\"wp-element-caption\">W \u015brodku: za\u0142o\u017cyciel Azowa Andrij Biletsky.<\/figcaption><\/figure>\n\n\n\n<p>Wed\u0142ug ukrai\u0144skiej&nbsp;<a href=\"https:\/\/khpg.org\/en\/1517275970\">Charkowskiej Grupy Ochrony Praw Cz\u0142owieka<\/a>&nbsp;, Patrioci Ukrainy \u201eopowiadali si\u0119 za ksenofobicznymi i neonazistowskimi ideami i byli zaanga\u017cowani w brutalne ataki na migrant\u00f3w, zagranicznych student\u00f3w w Charkowie i tych, kt\u00f3rzy sprzeciwiali si\u0119 jej pogl\u0105dom\u201d.&nbsp;Co wi\u0119cej, \u201eBiletsky i kilku innych cz\u0142onk\u00f3w by\u0142o podejrzanych o brutalne napady na kioski z gazetami i podobne dzia\u0142ania przest\u0119pcze\u201d.<\/p>\n\n\n\n<p><a href=\"https:\/\/khpg.org\/\/en\/1220644493\">\u201ePrzez trzy lata z rz\u0119du organizacja zyska\u0142a rozg\u0142os dzi\u0119ki procesjom z pochodniami wok\u00f3\u0142 kampus\u00f3w studenckich w Charkowie, Kijowie i Czerniowcach, kt\u00f3re nape\u0142niaj\u0105 terrorem zagranicznych student\u00f3w studiuj\u0105cych na Ukrainie\u201d \u2013 odnotowa\u0142a<\/a>&nbsp;w 2008 roku grupa praw cz\u0142owieka&nbsp;.<\/p>\n\n\n\n<p>Podczas walnego zgromadzenia Patriot\u00f3w Ukrainy w 2009 roku Biletsky zachwyca\u0142 si\u0119: \u201eJak mo\u017cemy opisa\u0107 naszego wroga?&nbsp;W\u0142adza i oligarchowie.&nbsp;Czy maj\u0105 ze sob\u0105 co\u015b wsp\u00f3lnego?&nbsp;Tak, maj\u0105 jedn\u0105 wsp\u00f3ln\u0105 cech\u0119: s\u0105 \u017bydami, a za nimi stoj\u0105 ich prawdziwi panowie \u2014 \u017bydzi\u201d.<\/p>\n\n\n\n<p>W 2011 roku Biletsky zosta\u0142 aresztowany za rzekome nakazanie cz\u0142onkom Patrioty Ukrainy zabicia innego ultranacjonalisty w biurze grupy w nast\u0119pstwie sporu i sp\u0119dzi\u0142 kolejne lata w areszcie \u015bledczym.&nbsp;Dzi\u0119ki rezolucji ukrai\u0144skiego parlamentu podj\u0119tej po wspieranym przez Zach\u00f3d obaleniu prezydenta Wiktora Janukowycza, ostatecznie zosta\u0142by zwolniony w 2014 roku. Ale w ci\u0105gu trzech lat w areszcie Biletsky zdo\u0142a\u0142 opublikowa\u0107 kilka swoich faszystowskich jastrz\u0119bi w zbiorze zatytu\u0142owany \u201eS\u0142owo Bia\u0142ego Przyw\u00f3dcy\u201d.<\/p>\n\n\n\n<figure class=\"wp-block-image\" id=\"attachment_91877\"><img decoding=\"async\" src=\"https:\/\/i0.wp.com\/thegrayzone.com\/wp-content\/uploads\/2023\/08\/white-leader.png?resize=1121%2C663&amp;ssl=1\" alt=\"\" class=\"wp-image-91877\"\/><figcaption class=\"wp-element-caption\">Ok\u0142adka eseju wprowadzaj\u0105cego \u201ebrygadzisty organizacyjnego\u201d na temat przyw\u00f3dztwa Biletsky&#8217;ego w \u201eThe Word of the White Leader\u201d<\/figcaption><\/figure>\n\n\n\n<p>Jeden esej w zbiorze, datowany na 2007 r., szydzi przeciwko \u017bydom i czarnosk\u00f3rym migrantom, przypadkowo porzucaj\u0105c przy tym s\u0142owo na \u201en\u201d.&nbsp;\u201eUkraina jest \u015bwiat\u0142em Europy!&nbsp;Nasz Nar\u00f3d ma jeszcze do\u015b\u0107 si\u0142, aby przeciwstawi\u0107 si\u0119 temu nap\u0142ywowi cudzoziemc\u00f3w, oczy\u015bci\u0107 nasz\u0105 ziemi\u0119 i rozpali\u0107 ogie\u0144 oczyszczenia w ca\u0142ej Europie!\u201d&nbsp;esej si\u0119 ko\u0144czy.<\/p>\n\n\n\n<p>W innym eseju nakre\u015blaj\u0105cym ideologi\u0119 \u201esocjalizmu nacjonalizmu\u201d Biletsky wychwala\u0142 narodowy socjalizm jako \u201e\u015bwietn\u0105 ide\u0119\u201d, ale krytykowa\u0142 nazist\u00f3w za niedostateczn\u0105 eugenik\u0119 w ich programach pomocy rodzinie.&nbsp;Narzeka\u0142, \u017ce wspierali rodzic\u00f3w wielodzietnych \u201ebez uwzgl\u0119dnienia biologicznej jako\u015bci ka\u017cdej rodziny\u201d.<\/p>\n\n\n\n<p>\u201eRezultatem\u201d \u2013 kontynuowa\u0142 \u2013 \u201eznacz\u0105cy wzrost wska\u017anika urodze\u0144, [ale] znaczny spadek odsetka typu nordyckiego w populacji\u201d.&nbsp;Poniewa\u017c \u201ete \u015bwiadczenia socjalne s\u0105 skierowane do mas, w pierwszej kolejno\u015bci zach\u0119ca\u0142y najgorszy materia\u0142 ludzki do urodzenia dziecka\u201d \u2013 ubolewa\u0142 samozwa\u0144czy \u201ebia\u0142y przyw\u00f3dca\u201d.<\/p>\n\n\n\n<p>Kolejny manifest Biletsky&#8217;ego zatytu\u0142owany \u201eJ\u0119zyk i rasa \u2013 podstawowe zagadnienia\u201d rozszerzy\u0142 koncepcj\u0119 \u201esocjal-nacjonalizmu\u201d: \u201eUkrai\u0144ski socjal-nacjonalizm uwa\u017ca nar\u00f3d ukrai\u0144ski za wsp\u00f3lnot\u0119 rasow\u0105\u2026 Rasa jest wszystkim dla budowania narodu \u2013 Rasa jest podstawa, na kt\u00f3rej wyrasta nadbudowa w postaci kultury narodowej, kt\u00f3ra ponownie pochodzi z rasowej natury ludzi, a nie z j\u0119zyka, religii, ekonomii itp.\u201d<\/p>\n\n\n\n<p>Je\u015bli chodzi o rosyjskoj\u0119zyczn\u0105 ludno\u015b\u0107 wschodniej Ukrainy, Biletsky napisa\u0142: \u201eKwestia ca\u0142kowitej ukrainizacji w przysz\u0142ym socjalnacjonalistycznym pa\u0144stwie zostanie rozwi\u0105zana w ci\u0105gu 3-6 miesi\u0119cy przy pomocy twardej i zr\u00f3wnowa\u017conej polityki pa\u0144stwa\u201d.<\/p>\n\n\n\n<figure class=\"wp-block-image\" id=\"attachment_91878\"><img decoding=\"async\" src=\"https:\/\/i0.wp.com\/thegrayzone.com\/wp-content\/uploads\/2023\/08\/zelensky-biletsky.png?resize=1170%2C658&amp;ssl=1\" alt=\"\" class=\"wp-image-91878\"\/><figcaption class=\"wp-element-caption\">Ze\u0142enski spotyka si\u0119 z Biletskim na wideo opublikowanym przez prezydenta 14 sierpnia 2023 r<\/figcaption><\/figure>\n\n\n\n<p>Po wyj\u015bciu z wi\u0119zienia Biletsky dosta\u0142 szans\u0119 przeprowadzenia kampanii przemocy wobec etnicznych Rosjan ze wschodniej Ukrainy.&nbsp;Gdy w kraju wybuch\u0142a wojna, a rosyjska wi\u0119kszo\u015b\u0107 na wschodzie d\u0105\u017cy\u0142a do samostanowienia w obliczu nacjonalistycznego rz\u0105du po zamachu stanu postrzeganego jako zachodnie marionetki, Biletsky rozwi\u0105za\u0142 Patriot\u0119 Ukrainy i utworzy\u0142 Batalion Azowski do prowadzenia wojny przeciwko separaty\u015bci.&nbsp;Mniej wi\u0119cej w tym czasie zosta\u0142 r\u00f3wnie\u017c wybrany do ukrai\u0144skiego parlamentu, pe\u0142ni\u0105c urz\u0105d do 2019 roku.<\/p>\n\n\n\n<p>Nowa grupa paramilitarna za\u0142o\u017cy\u0142a sklep w Mariupolu, wykorzystuj\u0105c miasto portowe jako miejsce wypadowe do atak\u00f3w na Donbas i&nbsp;<a href=\"https:\/\/www.opendemocracy.net\/en\/odr\/entrepreneurs-of-political-violence-ukraine-far-right\/\">brutalnie mia\u017cd\u017c\u0105c<\/a>&nbsp;formy feministycznego i liberalnego wyrazu politycznego na ulicach miasta.<\/p>\n\n\n\n<p>Tymczasem National Corps, partia polityczna za\u0142o\u017cona przez Biletsky&#8217;ego w 2016 roku, zosta\u0142a&nbsp;<a href=\"https:\/\/www.state.gov\/reports\/2018-country-reports-on-human-rights-practices\/ukraine\/\">opisana<\/a>&nbsp;jako \u201enacjonalistyczna grupa nienawi\u015bci\u201d nawet przez Departament Stanu USA.&nbsp;Partia wielokrotnie pod\u017cega\u0142a do przemocy wobec marszu r\u00f3wno\u015bci w Kijowie, w 2018 roku&nbsp;<a href=\"https:\/\/web.archive.org\/web\/20180619014052\/https:\/\/nationalcorps.org\/blog\/naconalnij-korpus-za-zdorovu-shhaslivu-ukransku-nacju\">wzywaj\u0105c<\/a>&nbsp;\u201ewszystkich zainteresowanych obywateli Ukrainy\u201d do niedopuszczenia do zorganizowania marszu.&nbsp;W 2019 roku jeden z przyw\u00f3dc\u00f3w Korpusu Narodowego mia\u0142 bardziej bezpo\u015brednie&nbsp;<a href=\"https:\/\/www.bellingcat.com\/news\/uk-and-europe\/2019\/06\/21\/calls-to-fight-lgbt-people-by-ukrainian-cleric-emblematic-of-churchs-proximity-to-far-right\/\">przes\u0142anie<\/a>&nbsp;: \u201eZosta\u0144 w domu i nie pokazuj si\u0119 publicznie.&nbsp;Kiedykolwiek.&nbsp;To u\u0142atwi nam \u017cycie i zapewni bezpiecze\u0144stwo ;).\u201d<\/p>\n\n\n\n<p>W 2019 roku wydawa\u0142o si\u0119, \u017ce wp\u0142yw Biletsky&#8217;ego s\u0142abnie.\u00a0Koalicja wyborcza, kt\u00f3r\u0105 utworzy\u0142 z kilkoma innymi wybitnymi neonazistami na Ukrainie, nie zdoby\u0142a wystarczaj\u0105cej liczby g\u0142os\u00f3w, aby przekroczy\u0107 pr\u00f3g, aby zdoby\u0107 jakiekolwiek miejsca w parlamencie.\u00a0Tymczasem W\u0142odzimierz \u017be\u0142enski wygra\u0142 wybory prezydenckie na platformie zawarcia pokoju z Rosj\u0105.<\/p>\n\n\n\n<figure class=\"wp-block-image size-full\"><img loading=\"lazy\" decoding=\"async\" width=\"856\" height=\"797\" src=\"https:\/\/wia.net.pl\/wp-content\/uploads\/2023\/08\/Zrzut-ekranu-2023-08-17-194715.png\" alt=\"\" class=\"wp-image-3901\" srcset=\"https:\/\/wia.net.pl\/wp-content\/uploads\/2023\/08\/Zrzut-ekranu-2023-08-17-194715.png 856w, https:\/\/wia.net.pl\/wp-content\/uploads\/2023\/08\/Zrzut-ekranu-2023-08-17-194715-300x279.png 300w, https:\/\/wia.net.pl\/wp-content\/uploads\/2023\/08\/Zrzut-ekranu-2023-08-17-194715-768x715.png 768w\" sizes=\"(max-width: 856px) 100vw, 856px\" \/><\/figure>\n\n\n\n<p><\/p>\n\n\n\n<p>Ale Biletsky nadal trzyma\u0142 si\u0119 atutu jako uznanego w kraju si\u0142acza.\u00a0Kiedy ukrai\u0144ski kana\u0142 informacyjny og\u0142osi\u0142 dwugodzinny \u201epomost telewizyjny\u201d na \u017cywo w studiu mi\u0119dzy ukrai\u0144skimi i rosyjskimi cywilami, maj\u0105cy na celu wspieranie silniejszego wzajemnego zrozumienia, Biletsky wykorzysta\u0142 ten moment, by wystosowa\u0107 s\u0142abo zawoalowan\u0105 gro\u017ab\u0119 pod adresem Ze\u0142enskiego, je\u015bli nie doprowadzi do\u00a0<a href=\"https:\/\/blogs.pravda.com.ua\/authors\/bileckyj\/5d22734708818\/\">odwo\u0142ania<\/a>\u00a0wydarzenia za jeden dzie\u0144.\u00a0Gdyby Ze\u0142enski nie interweniowa\u0142, \u201eodpowied\u017a na kremlowskie \u201ema\u0142e zielone ludziki\u201d zaczn\u0105 dawa\u0107 \u201ema\u0142e czarne ludziki\u201d\u201d \u2013 powiedzia\u0142 Biletsky, odnosz\u0105c si\u0119 do czarnego stroju element\u00f3w faszystowskich, takich jak Azow.<\/p>\n\n\n\n<p>Biletsky wezwa\u0142 Ze\u0142enskiego, by by\u0142 \u201eprzyw\u00f3dc\u0105 pa\u0144stwa w stanie wojny\u201d i \u201enie klaunem, nie artyst\u0105 z oligarchicznych korporacji, ale prezydentem\u201d.<\/p>\n\n\n\n<p>Ze\u0142enski&nbsp;<a href=\"https:\/\/www.youtube.com\/watch?v=Cf1L9H3vLng\">odpowiedzia\u0142<\/a>&nbsp;w ramach czasowych ultimatum, pot\u0119piaj\u0105c dialog i pozornie zadaj\u0105c cios Biletsky&#8217;emu, argumentuj\u0105c, \u017ce Ukrai\u0144cami \u201emanipuluj\u0105 politycy, kt\u00f3rzy naprawd\u0119 chc\u0105 dosta\u0107 si\u0119 do parlamentu\u201d.<\/p>\n\n\n\n<p>Kilka miesi\u0119cy p\u00f3\u017aniej para ponownie zderzy\u0142a si\u0119 g\u0142owami po tym, jak Ze\u0142enski&nbsp;<a href=\"https:\/\/thegrayzone.com\/2022\/03\/04\/nazis-ukrainian-war-russia\/\">nakaza\u0142<\/a>&nbsp;ukrai\u0144skim \u017co\u0142nierzom, w tym bojownikom Azowa, wycofanie si\u0119 z frontowego miasta w Donbasie, najwyra\u017aniej staraj\u0105c si\u0119 dotrzyma\u0107 warunk\u00f3w porozumie\u0144 mi\u0144skich.&nbsp;Biletsky odpowiedzia\u0142 gro\u017ab\u0105 wys\u0142ania tysi\u0119cy dodatkowych \u017co\u0142nierzy w otwartymbrew rozkazom prezydenta.&nbsp;<\/p>\n\n\n\n<p>Pojedynek Ze\u0142enskiego z bojownikami odrzucaj\u0105cymi jego rozkazy zako\u0144czy\u0142 si\u0119, gdy g\u0142owa pa\u0144stwa prawie za\u0142ama\u0142a si\u0119 przed kamer\u0105 i b\u0142aga\u0142a bojownik\u00f3w: \u201eJestem prezydentem tego kraju.\u00a0mam 41 lat.\u00a0nie jestem przegrany.\u00a0Przyszed\u0142em do ciebie i powiedzia\u0142em: zdejmij bro\u0144\u201d.\u00a0<\/p>\n\n\n\n\n\n<p>Zaledwie kilka lat p\u00f3\u017aniej, w \u015brodku gor\u0105cej wojny z Rosj\u0105, wydaje si\u0119, \u017ce \u017cydowski prezydent Ukrainy i najs\u0142ynniejszy \u017cyj\u0105cy ukrai\u0144ski antysemita od\u0142o\u017cyli na bok dziel\u0105ce ich r\u00f3\u017cnice.\u00a0Jak uj\u0105\u0142 to Szekspir, \u201enieszcz\u0119\u015bcie zaznajamia cz\u0142owieka z dziwnymi wsp\u00f3\u0142towarzyszami\u201d.<\/p>\n\n\n\n<p>Przedruk za zgod\u0105 The Grayzone<\/p>\n\n\n\n<p>Link \u017ar\u00f3d\u0142owy <a href=\"https:\/\/thegrayzone.com\/2023\/08\/16\/zelensky-ukraines-notorious-neo-nazi\/\">https:\/\/thegrayzone.com\/2023\/08\/16\/zelensky-ukraines-notorious-neo-nazi\/<\/a><\/p>\n","protected":false},"excerpt":{"rendered":"<p>Ze\u0142enski jest w s\u0105dzie z najbardziej znanym ukrai\u0144skim neonazist\u0105 Autor, ALEXANDER RUBINSTEIN, 16 sierpnia 2023 Zachodnie media odrzuci\u0142y dowody wp\u0142yw\u00f3w neonazist\u00f3w na Ukrainie, powo\u0142uj\u0105c si\u0119 na \u017cydowskie dziedzictwo prezydenta Ze\u0142enskiego.&nbsp;Ale nowy materia\u0142 opublikowany przez Ze\u0142enskiego pokazuje, \u017ce przyw\u00f3dca otwarcie wsp\u00f3\u0142pracuje&#8230; <\/p>\n","protected":false},"author":2,"featured_media":3897,"comment_status":"open","ping_status":"open","sticky":false,"template":"","format":"standard","meta":{"_acf_changed":false,"_bbp_topic_count":0,"_bbp_reply_count":0,"_bbp_total_topic_count":0,"_bbp_total_reply_count":0,"_bbp_voice_count":0,"_bbp_anonymous_reply_count":0,"_bbp_topic_count_hidden":0,"_bbp_reply_count_hidden":0,"_bbp_forum_subforum_count":0,"om_disable_all_campaigns":false,"_monsterinsights_skip_tracking":false,"footnotes":""},"categories":[93],"tags":[],"class_list":["post-3896","post","type-post","status-publish","format-standard","has-post-thumbnail","hentry","category-artykuly"],"acf":[],"aioseo_notices":[],"aioseo_head":"\n\t\t<!-- All in One SEO 5.0.1.1 - aioseo.com -->\n\t<meta name=\"description\" content=\"Ze\u0142enski jest w s\u0105dzie z najbardziej znanym ukrai\u0144skim neonazist\u0105 Autor, ALEXANDER RUBINSTEIN, 16 sierpnia 2023 Zachodnie media odrzuci\u0142y dowody wp\u0142yw\u00f3w neonazist\u00f3w na Ukrainie, powo\u0142uj\u0105c si\u0119 na \u017cydowskie dziedzictwo prezydenta Ze\u0142enskiego. Ale nowy materia\u0142 opublikowany przez Ze\u0142enskiego pokazuje, \u017ce przyw\u00f3dca otwarcie wsp\u00f3\u0142pracuje z faszystowskim ideologiem, kt\u00f3ry kiedy\u015b zobowi\u0105za\u0142 si\u0119 \u201epoprowadzi\u0107 bia\u0142e rasy \u015bwiata w ostatecznej krucjacie\u2026 przeciwko\" \/>\n\t<meta name=\"robots\" content=\"max-image-preview:large\" \/>\n\t<meta name=\"author\" content=\"trinity\"\/>\n\t<link rel=\"canonical\" href=\"https:\/\/wia.net.pl\/index.php\/2023\/08\/17\/zelenski-w-sadzie-ze-znanym-ukrainskim-neonazista\/\" \/>\n\t<meta name=\"generator\" content=\"All in One SEO (AIOSEO) 5.0.1.1\" \/>\n\t\t<meta property=\"og:locale\" content=\"pl_PL\" \/>\n\t\t<meta property=\"og:site_name\" content=\"Wolno\u015b\u0107 i Anarchia - Ka\u017cdy wewn\u0119trznie jest anarchist\u0105.\" \/>\n\t\t<meta property=\"og:type\" content=\"article\" \/>\n\t\t<meta property=\"og:title\" content=\"\u017be\u0142enski w s\u0105dzie ze znanym ukrai\u0144skim neonazist\u0105 - Wolno\u015b\u0107 i Anarchia\" \/>\n\t\t<meta property=\"og:description\" content=\"Ze\u0142enski jest w s\u0105dzie z najbardziej znanym ukrai\u0144skim neonazist\u0105 Autor, ALEXANDER RUBINSTEIN, 16 sierpnia 2023 Zachodnie media odrzuci\u0142y dowody wp\u0142yw\u00f3w neonazist\u00f3w na Ukrainie, powo\u0142uj\u0105c si\u0119 na \u017cydowskie dziedzictwo prezydenta Ze\u0142enskiego. Ale nowy materia\u0142 opublikowany przez Ze\u0142enskiego pokazuje, \u017ce przyw\u00f3dca otwarcie wsp\u00f3\u0142pracuje z faszystowskim ideologiem, kt\u00f3ry kiedy\u015b zobowi\u0105za\u0142 si\u0119 \u201epoprowadzi\u0107 bia\u0142e rasy \u015bwiata w ostatecznej krucjacie\u2026 przeciwko\" \/>\n\t\t<meta property=\"og:url\" content=\"https:\/\/wia.net.pl\/index.php\/2023\/08\/17\/zelenski-w-sadzie-ze-znanym-ukrainskim-neonazista\/\" \/>\n\t\t<meta property=\"og:image\" content=\"https:\/\/wia.net.pl\/wp-content\/uploads\/2023\/11\/cropped-freedom-i73367.jpg\" \/>\n\t\t<meta property=\"og:image:secure_url\" content=\"https:\/\/wia.net.pl\/wp-content\/uploads\/2023\/11\/cropped-freedom-i73367.jpg\" \/>\n\t\t<meta property=\"article:published_time\" content=\"2023-08-17T18:01:53+00:00\" \/>\n\t\t<meta property=\"article:modified_time\" content=\"2023-08-17T18:01:53+00:00\" \/>\n\t\t<meta name=\"twitter:card\" content=\"summary_large_image\" \/>\n\t\t<meta name=\"twitter:title\" content=\"\u017be\u0142enski w s\u0105dzie ze znanym ukrai\u0144skim neonazist\u0105 - Wolno\u015b\u0107 i Anarchia\" \/>\n\t\t<meta name=\"twitter:description\" content=\"Ze\u0142enski jest w s\u0105dzie z najbardziej znanym ukrai\u0144skim neonazist\u0105 Autor, ALEXANDER RUBINSTEIN, 16 sierpnia 2023 Zachodnie media odrzuci\u0142y dowody wp\u0142yw\u00f3w neonazist\u00f3w na Ukrainie, powo\u0142uj\u0105c si\u0119 na \u017cydowskie dziedzictwo prezydenta Ze\u0142enskiego. Ale nowy materia\u0142 opublikowany przez Ze\u0142enskiego pokazuje, \u017ce przyw\u00f3dca otwarcie wsp\u00f3\u0142pracuje z faszystowskim ideologiem, kt\u00f3ry kiedy\u015b zobowi\u0105za\u0142 si\u0119 \u201epoprowadzi\u0107 bia\u0142e rasy \u015bwiata w ostatecznej krucjacie\u2026 przeciwko\" \/>\n\t\t<meta name=\"twitter:image\" content=\"https:\/\/wia.net.pl\/wp-content\/uploads\/2023\/11\/cropped-freedom-i73367.jpg\" \/>\n\t\t<script type=\"application\/ld+json\" class=\"aioseo-schema\">\n\t\t\t{\"@context\":\"https:\\\/\\\/schema.org\",\"@graph\":[{\"@type\":\"BlogPosting\",\"@id\":\"https:\\\/\\\/wia.net.pl\\\/index.php\\\/2023\\\/08\\\/17\\\/zelenski-w-sadzie-ze-znanym-ukrainskim-neonazista\\\/#blogposting\",\"name\":\"\\u017be\\u0142enski w s\\u0105dzie ze znanym ukrai\\u0144skim neonazist\\u0105 - Wolno\\u015b\\u0107 i Anarchia\",\"headline\":\"\\u017be\\u0142enski w s\\u0105dzie ze znanym ukrai\\u0144skim neonazist\\u0105\",\"author\":{\"@id\":\"https:\\\/\\\/wia.net.pl\\\/index.php\\\/author\\\/trinity\\\/#author\"},\"publisher\":{\"@id\":\"https:\\\/\\\/wia.net.pl\\\/#person\"},\"image\":{\"@type\":\"ImageObject\",\"url\":\"https:\\\/\\\/wia.net.pl\\\/wp-content\\\/uploads\\\/2023\\\/08\\\/F3qjPbKXsAA7Jaq.webp\",\"width\":1200,\"height\":800},\"datePublished\":\"2023-08-17T20:01:53+02:00\",\"dateModified\":\"2023-08-17T20:01:53+02:00\",\"inLanguage\":\"pl-PL\",\"mainEntityOfPage\":{\"@id\":\"https:\\\/\\\/wia.net.pl\\\/index.php\\\/2023\\\/08\\\/17\\\/zelenski-w-sadzie-ze-znanym-ukrainskim-neonazista\\\/#webpage\"},\"isPartOf\":{\"@id\":\"https:\\\/\\\/wia.net.pl\\\/index.php\\\/2023\\\/08\\\/17\\\/zelenski-w-sadzie-ze-znanym-ukrainskim-neonazista\\\/#webpage\"},\"articleSection\":\"Artyku\\u0142y\"},{\"@type\":\"BreadcrumbList\",\"@id\":\"https:\\\/\\\/wia.net.pl\\\/index.php\\\/2023\\\/08\\\/17\\\/zelenski-w-sadzie-ze-znanym-ukrainskim-neonazista\\\/#breadcrumblist\",\"itemListElement\":[{\"@type\":\"ListItem\",\"@id\":\"https:\\\/\\\/wia.net.pl#listItem\",\"position\":1,\"name\":\"Home\",\"item\":\"https:\\\/\\\/wia.net.pl\",\"nextItem\":{\"@type\":\"ListItem\",\"@id\":\"https:\\\/\\\/wia.net.pl\\\/index.php\\\/category\\\/artykuly\\\/#listItem\",\"name\":\"Artyku\\u0142y\"}},{\"@type\":\"ListItem\",\"@id\":\"https:\\\/\\\/wia.net.pl\\\/index.php\\\/category\\\/artykuly\\\/#listItem\",\"position\":2,\"name\":\"Artyku\\u0142y\",\"item\":\"https:\\\/\\\/wia.net.pl\\\/index.php\\\/category\\\/artykuly\\\/\",\"nextItem\":{\"@type\":\"ListItem\",\"@id\":\"https:\\\/\\\/wia.net.pl\\\/index.php\\\/2023\\\/08\\\/17\\\/zelenski-w-sadzie-ze-znanym-ukrainskim-neonazista\\\/#listItem\",\"name\":\"\\u017be\\u0142enski w s\\u0105dzie ze znanym ukrai\\u0144skim neonazist\\u0105\"},\"previousItem\":{\"@type\":\"ListItem\",\"@id\":\"https:\\\/\\\/wia.net.pl#listItem\",\"name\":\"Home\"}},{\"@type\":\"ListItem\",\"@id\":\"https:\\\/\\\/wia.net.pl\\\/index.php\\\/2023\\\/08\\\/17\\\/zelenski-w-sadzie-ze-znanym-ukrainskim-neonazista\\\/#listItem\",\"position\":3,\"name\":\"\\u017be\\u0142enski w s\\u0105dzie ze znanym ukrai\\u0144skim neonazist\\u0105\",\"previousItem\":{\"@type\":\"ListItem\",\"@id\":\"https:\\\/\\\/wia.net.pl\\\/index.php\\\/category\\\/artykuly\\\/#listItem\",\"name\":\"Artyku\\u0142y\"}}]},{\"@type\":\"Person\",\"@id\":\"https:\\\/\\\/wia.net.pl\\\/#person\",\"name\":\"Bart\\u0142omiej Talarczyk\",\"image\":{\"@type\":\"ImageObject\",\"@id\":\"https:\\\/\\\/wia.net.pl\\\/index.php\\\/2023\\\/08\\\/17\\\/zelenski-w-sadzie-ze-znanym-ukrainskim-neonazista\\\/#personImage\",\"url\":\"https:\\\/\\\/wia.net.pl\\\/wp-content\\\/uploads\\\/avatar-privacy\\\/cache\\\/user\\\/1\\\/7\\\/176a6b161c58363ff49b5c167264231f519f5c7fa183ca1f61e891769b6b56d5-96.jpg\",\"width\":96,\"height\":96,\"caption\":\"Bart\\u0142omiej Talarczyk\"}},{\"@type\":\"Person\",\"@id\":\"https:\\\/\\\/wia.net.pl\\\/index.php\\\/author\\\/trinity\\\/#author\",\"url\":\"https:\\\/\\\/wia.net.pl\\\/index.php\\\/author\\\/trinity\\\/\",\"name\":\"trinity\",\"image\":{\"@type\":\"ImageObject\",\"@id\":\"https:\\\/\\\/wia.net.pl\\\/index.php\\\/2023\\\/08\\\/17\\\/zelenski-w-sadzie-ze-znanym-ukrainskim-neonazista\\\/#authorImage\",\"url\":\"https:\\\/\\\/wia.net.pl\\\/wp-content\\\/uploads\\\/avatar-privacy\\\/cache\\\/user\\\/5\\\/f\\\/5f6547cf82495eaa10e100a6a45d5dbde2dfdc1be88557de2018fca705bdf6f1-96.jpg\",\"width\":96,\"height\":96,\"caption\":\"trinity\"}},{\"@type\":\"WebPage\",\"@id\":\"https:\\\/\\\/wia.net.pl\\\/index.php\\\/2023\\\/08\\\/17\\\/zelenski-w-sadzie-ze-znanym-ukrainskim-neonazista\\\/#webpage\",\"url\":\"https:\\\/\\\/wia.net.pl\\\/index.php\\\/2023\\\/08\\\/17\\\/zelenski-w-sadzie-ze-znanym-ukrainskim-neonazista\\\/\",\"name\":\"\\u017be\\u0142enski w s\\u0105dzie ze znanym ukrai\\u0144skim neonazist\\u0105 - Wolno\\u015b\\u0107 i Anarchia\",\"description\":\"Ze\\u0142enski jest w s\\u0105dzie z najbardziej znanym ukrai\\u0144skim neonazist\\u0105 Autor, ALEXANDER RUBINSTEIN, 16 sierpnia 2023 Zachodnie media odrzuci\\u0142y dowody wp\\u0142yw\\u00f3w neonazist\\u00f3w na Ukrainie, powo\\u0142uj\\u0105c si\\u0119 na \\u017cydowskie dziedzictwo prezydenta Ze\\u0142enskiego. Ale nowy materia\\u0142 opublikowany przez Ze\\u0142enskiego pokazuje, \\u017ce przyw\\u00f3dca otwarcie wsp\\u00f3\\u0142pracuje z faszystowskim ideologiem, kt\\u00f3ry kiedy\\u015b zobowi\\u0105za\\u0142 si\\u0119 \\u201epoprowadzi\\u0107 bia\\u0142e rasy \\u015bwiata w ostatecznej krucjacie\\u2026 przeciwko\",\"inLanguage\":\"pl-PL\",\"isPartOf\":{\"@id\":\"https:\\\/\\\/wia.net.pl\\\/#website\"},\"breadcrumb\":{\"@id\":\"https:\\\/\\\/wia.net.pl\\\/index.php\\\/2023\\\/08\\\/17\\\/zelenski-w-sadzie-ze-znanym-ukrainskim-neonazista\\\/#breadcrumblist\"},\"author\":{\"@id\":\"https:\\\/\\\/wia.net.pl\\\/index.php\\\/author\\\/trinity\\\/#author\"},\"creator\":{\"@id\":\"https:\\\/\\\/wia.net.pl\\\/index.php\\\/author\\\/trinity\\\/#author\"},\"image\":{\"@type\":\"ImageObject\",\"url\":\"https:\\\/\\\/wia.net.pl\\\/wp-content\\\/uploads\\\/2023\\\/08\\\/F3qjPbKXsAA7Jaq.webp\",\"@id\":\"https:\\\/\\\/wia.net.pl\\\/index.php\\\/2023\\\/08\\\/17\\\/zelenski-w-sadzie-ze-znanym-ukrainskim-neonazista\\\/#mainImage\",\"width\":1200,\"height\":800},\"primaryImageOfPage\":{\"@id\":\"https:\\\/\\\/wia.net.pl\\\/index.php\\\/2023\\\/08\\\/17\\\/zelenski-w-sadzie-ze-znanym-ukrainskim-neonazista\\\/#mainImage\"},\"datePublished\":\"2023-08-17T20:01:53+02:00\",\"dateModified\":\"2023-08-17T20:01:53+02:00\"},{\"@type\":\"WebSite\",\"@id\":\"https:\\\/\\\/wia.net.pl\\\/#website\",\"url\":\"https:\\\/\\\/wia.net.pl\\\/\",\"name\":\"Wolno\\u015b\\u0107 i Anarchia\",\"description\":\"Ka\\u017cdy wewn\\u0119trznie jest anarchist\\u0105.\",\"inLanguage\":\"pl-PL\",\"publisher\":{\"@id\":\"https:\\\/\\\/wia.net.pl\\\/#person\"}}]}\n\t\t<\/script>\n\t\t<!-- All in One SEO -->\n\n","aioseo_head_json":{"title":"\u017be\u0142enski w s\u0105dzie ze znanym ukrai\u0144skim neonazist\u0105 - Wolno\u015b\u0107 i Anarchia","description":"Ze\u0142enski jest w s\u0105dzie z najbardziej znanym ukrai\u0144skim neonazist\u0105 Autor, ALEXANDER RUBINSTEIN, 16 sierpnia 2023 Zachodnie media odrzuci\u0142y dowody wp\u0142yw\u00f3w neonazist\u00f3w na Ukrainie, powo\u0142uj\u0105c si\u0119 na \u017cydowskie dziedzictwo prezydenta Ze\u0142enskiego. Ale nowy materia\u0142 opublikowany przez Ze\u0142enskiego pokazuje, \u017ce przyw\u00f3dca otwarcie wsp\u00f3\u0142pracuje z faszystowskim ideologiem, kt\u00f3ry kiedy\u015b zobowi\u0105za\u0142 si\u0119 \u201epoprowadzi\u0107 bia\u0142e rasy \u015bwiata w ostatecznej krucjacie\u2026 przeciwko","canonical_url":"https:\/\/wia.net.pl\/index.php\/2023\/08\/17\/zelenski-w-sadzie-ze-znanym-ukrainskim-neonazista\/","robots":"max-image-preview:large","keywords":"","webmasterTools":{"miscellaneous":""},"schema":{"@context":"https:\/\/schema.org","@graph":[{"@type":"BlogPosting","@id":"https:\/\/wia.net.pl\/index.php\/2023\/08\/17\/zelenski-w-sadzie-ze-znanym-ukrainskim-neonazista\/#blogposting","name":"\u017be\u0142enski w s\u0105dzie ze znanym ukrai\u0144skim neonazist\u0105 - Wolno\u015b\u0107 i Anarchia","headline":"\u017be\u0142enski w s\u0105dzie ze znanym ukrai\u0144skim neonazist\u0105","author":{"@id":"https:\/\/wia.net.pl\/index.php\/author\/trinity\/#author"},"publisher":{"@id":"https:\/\/wia.net.pl\/#person"},"image":{"@type":"ImageObject","url":"https:\/\/wia.net.pl\/wp-content\/uploads\/2023\/08\/F3qjPbKXsAA7Jaq.webp","width":1200,"height":800},"datePublished":"2023-08-17T20:01:53+02:00","dateModified":"2023-08-17T20:01:53+02:00","inLanguage":"pl-PL","mainEntityOfPage":{"@id":"https:\/\/wia.net.pl\/index.php\/2023\/08\/17\/zelenski-w-sadzie-ze-znanym-ukrainskim-neonazista\/#webpage"},"isPartOf":{"@id":"https:\/\/wia.net.pl\/index.php\/2023\/08\/17\/zelenski-w-sadzie-ze-znanym-ukrainskim-neonazista\/#webpage"},"articleSection":"Artyku\u0142y"},{"@type":"BreadcrumbList","@id":"https:\/\/wia.net.pl\/index.php\/2023\/08\/17\/zelenski-w-sadzie-ze-znanym-ukrainskim-neonazista\/#breadcrumblist","itemListElement":[{"@type":"ListItem","@id":"https:\/\/wia.net.pl#listItem","position":1,"name":"Home","item":"https:\/\/wia.net.pl","nextItem":{"@type":"ListItem","@id":"https:\/\/wia.net.pl\/index.php\/category\/artykuly\/#listItem","name":"Artyku\u0142y"}},{"@type":"ListItem","@id":"https:\/\/wia.net.pl\/index.php\/category\/artykuly\/#listItem","position":2,"name":"Artyku\u0142y","item":"https:\/\/wia.net.pl\/index.php\/category\/artykuly\/","nextItem":{"@type":"ListItem","@id":"https:\/\/wia.net.pl\/index.php\/2023\/08\/17\/zelenski-w-sadzie-ze-znanym-ukrainskim-neonazista\/#listItem","name":"\u017be\u0142enski w s\u0105dzie ze znanym ukrai\u0144skim neonazist\u0105"},"previousItem":{"@type":"ListItem","@id":"https:\/\/wia.net.pl#listItem","name":"Home"}},{"@type":"ListItem","@id":"https:\/\/wia.net.pl\/index.php\/2023\/08\/17\/zelenski-w-sadzie-ze-znanym-ukrainskim-neonazista\/#listItem","position":3,"name":"\u017be\u0142enski w s\u0105dzie ze znanym ukrai\u0144skim neonazist\u0105","previousItem":{"@type":"ListItem","@id":"https:\/\/wia.net.pl\/index.php\/category\/artykuly\/#listItem","name":"Artyku\u0142y"}}]},{"@type":"Person","@id":"https:\/\/wia.net.pl\/#person","name":"Bart\u0142omiej Talarczyk","image":{"@type":"ImageObject","@id":"https:\/\/wia.net.pl\/index.php\/2023\/08\/17\/zelenski-w-sadzie-ze-znanym-ukrainskim-neonazista\/#personImage","url":"https:\/\/wia.net.pl\/wp-content\/uploads\/avatar-privacy\/cache\/user\/1\/7\/176a6b161c58363ff49b5c167264231f519f5c7fa183ca1f61e891769b6b56d5-96.jpg","width":96,"height":96,"caption":"Bart\u0142omiej Talarczyk"}},{"@type":"Person","@id":"https:\/\/wia.net.pl\/index.php\/author\/trinity\/#author","url":"https:\/\/wia.net.pl\/index.php\/author\/trinity\/","name":"trinity","image":{"@type":"ImageObject","@id":"https:\/\/wia.net.pl\/index.php\/2023\/08\/17\/zelenski-w-sadzie-ze-znanym-ukrainskim-neonazista\/#authorImage","url":"https:\/\/wia.net.pl\/wp-content\/uploads\/avatar-privacy\/cache\/user\/5\/f\/5f6547cf82495eaa10e100a6a45d5dbde2dfdc1be88557de2018fca705bdf6f1-96.jpg","width":96,"height":96,"caption":"trinity"}},{"@type":"WebPage","@id":"https:\/\/wia.net.pl\/index.php\/2023\/08\/17\/zelenski-w-sadzie-ze-znanym-ukrainskim-neonazista\/#webpage","url":"https:\/\/wia.net.pl\/index.php\/2023\/08\/17\/zelenski-w-sadzie-ze-znanym-ukrainskim-neonazista\/","name":"\u017be\u0142enski w s\u0105dzie ze znanym ukrai\u0144skim neonazist\u0105 - Wolno\u015b\u0107 i Anarchia","description":"Ze\u0142enski jest w s\u0105dzie z najbardziej znanym ukrai\u0144skim neonazist\u0105 Autor, ALEXANDER RUBINSTEIN, 16 sierpnia 2023 Zachodnie media odrzuci\u0142y dowody wp\u0142yw\u00f3w neonazist\u00f3w na Ukrainie, powo\u0142uj\u0105c si\u0119 na \u017cydowskie dziedzictwo prezydenta Ze\u0142enskiego. Ale nowy materia\u0142 opublikowany przez Ze\u0142enskiego pokazuje, \u017ce przyw\u00f3dca otwarcie wsp\u00f3\u0142pracuje z faszystowskim ideologiem, kt\u00f3ry kiedy\u015b zobowi\u0105za\u0142 si\u0119 \u201epoprowadzi\u0107 bia\u0142e rasy \u015bwiata w ostatecznej krucjacie\u2026 przeciwko","inLanguage":"pl-PL","isPartOf":{"@id":"https:\/\/wia.net.pl\/#website"},"breadcrumb":{"@id":"https:\/\/wia.net.pl\/index.php\/2023\/08\/17\/zelenski-w-sadzie-ze-znanym-ukrainskim-neonazista\/#breadcrumblist"},"author":{"@id":"https:\/\/wia.net.pl\/index.php\/author\/trinity\/#author"},"creator":{"@id":"https:\/\/wia.net.pl\/index.php\/author\/trinity\/#author"},"image":{"@type":"ImageObject","url":"https:\/\/wia.net.pl\/wp-content\/uploads\/2023\/08\/F3qjPbKXsAA7Jaq.webp","@id":"https:\/\/wia.net.pl\/index.php\/2023\/08\/17\/zelenski-w-sadzie-ze-znanym-ukrainskim-neonazista\/#mainImage","width":1200,"height":800},"primaryImageOfPage":{"@id":"https:\/\/wia.net.pl\/index.php\/2023\/08\/17\/zelenski-w-sadzie-ze-znanym-ukrainskim-neonazista\/#mainImage"},"datePublished":"2023-08-17T20:01:53+02:00","dateModified":"2023-08-17T20:01:53+02:00"},{"@type":"WebSite","@id":"https:\/\/wia.net.pl\/#website","url":"https:\/\/wia.net.pl\/","name":"Wolno\u015b\u0107 i Anarchia","description":"Ka\u017cdy wewn\u0119trznie jest anarchist\u0105.","inLanguage":"pl-PL","publisher":{"@id":"https:\/\/wia.net.pl\/#person"}}]},"og:locale":"pl_PL","og:site_name":"Wolno\u015b\u0107 i Anarchia - Ka\u017cdy wewn\u0119trznie jest anarchist\u0105.","og:type":"article","og:title":"\u017be\u0142enski w s\u0105dzie ze znanym ukrai\u0144skim neonazist\u0105 - Wolno\u015b\u0107 i Anarchia","og:description":"Ze\u0142enski jest w s\u0105dzie z najbardziej znanym ukrai\u0144skim neonazist\u0105 Autor, ALEXANDER RUBINSTEIN, 16 sierpnia 2023 Zachodnie media odrzuci\u0142y dowody wp\u0142yw\u00f3w neonazist\u00f3w na Ukrainie, powo\u0142uj\u0105c si\u0119 na \u017cydowskie dziedzictwo prezydenta Ze\u0142enskiego. Ale nowy materia\u0142 opublikowany przez Ze\u0142enskiego pokazuje, \u017ce przyw\u00f3dca otwarcie wsp\u00f3\u0142pracuje z faszystowskim ideologiem, kt\u00f3ry kiedy\u015b zobowi\u0105za\u0142 si\u0119 \u201epoprowadzi\u0107 bia\u0142e rasy \u015bwiata w ostatecznej krucjacie\u2026 przeciwko","og:url":"https:\/\/wia.net.pl\/index.php\/2023\/08\/17\/zelenski-w-sadzie-ze-znanym-ukrainskim-neonazista\/","og:image":"https:\/\/wia.net.pl\/wp-content\/uploads\/2023\/11\/cropped-freedom-i73367.jpg","og:image:secure_url":"https:\/\/wia.net.pl\/wp-content\/uploads\/2023\/11\/cropped-freedom-i73367.jpg","article:published_time":"2023-08-17T18:01:53+00:00","article:modified_time":"2023-08-17T18:01:53+00:00","twitter:card":"summary_large_image","twitter:title":"\u017be\u0142enski w s\u0105dzie ze znanym ukrai\u0144skim neonazist\u0105 - Wolno\u015b\u0107 i Anarchia","twitter:description":"Ze\u0142enski jest w s\u0105dzie z najbardziej znanym ukrai\u0144skim neonazist\u0105 Autor, ALEXANDER RUBINSTEIN, 16 sierpnia 2023 Zachodnie media odrzuci\u0142y dowody wp\u0142yw\u00f3w neonazist\u00f3w na Ukrainie, powo\u0142uj\u0105c si\u0119 na \u017cydowskie dziedzictwo prezydenta Ze\u0142enskiego. Ale nowy materia\u0142 opublikowany przez Ze\u0142enskiego pokazuje, \u017ce przyw\u00f3dca otwarcie wsp\u00f3\u0142pracuje z faszystowskim ideologiem, kt\u00f3ry kiedy\u015b zobowi\u0105za\u0142 si\u0119 \u201epoprowadzi\u0107 bia\u0142e rasy \u015bwiata w ostatecznej krucjacie\u2026 przeciwko","twitter:image":"https:\/\/wia.net.pl\/wp-content\/uploads\/2023\/11\/cropped-freedom-i73367.jpg"},"aioseo_meta_data":{"post_id":"3896","title":null,"description":null,"keywords":[],"keyphrases":{"focus":{"keyphrase":"","score":0,"analysis":{"keyphraseInTitle":{"score":0,"maxScore":9,"error":1}}},"additional":[]},"primary_term":null,"canonical_url":null,"og_title":null,"og_description":null,"og_object_type":"default","og_image_type":"default","og_image_url":null,"og_image_width":null,"og_image_height":null,"og_image_custom_url":null,"og_image_custom_fields":null,"og_video":"","og_custom_url":null,"og_article_section":null,"og_article_tags":[],"twitter_use_og":false,"twitter_card":"default","twitter_image_type":"default","twitter_image_url":null,"twitter_image_custom_url":null,"twitter_image_custom_fields":null,"twitter_title":null,"twitter_description":null,"schema":{"blockGraphs":[],"customGraphs":[],"default":{"data":{"Article":[],"Course":[],"Dataset":[],"FAQPage":[],"Movie":[],"Person":[],"Product":[],"ProductReview":[],"Car":[],"Recipe":[],"Service":[],"SoftwareApplication":[],"WebPage":[]},"graphName":"BlogPosting","isEnabled":true},"graphs":[]},"schema_type":"default","schema_type_options":null,"pillar_content":false,"robots_default":true,"robots_noindex":false,"robots_noarchive":false,"robots_nosnippet":false,"robots_nofollow":false,"robots_noimageindex":false,"robots_noodp":false,"robots_notranslate":false,"robots_max_snippet":"-1","robots_max_videopreview":"-1","robots_max_imagepreview":"large","priority":null,"frequency":"default","local_seo":null,"breadcrumb_settings":null,"limit_modified_date":false,"ai":null,"created":"2023-08-17 17:43:49","updated":"2025-06-04 09:01:22","seo_analyzer_scan_date":null,"focus_keyword":null,"additional_keywords":null,"truseo_locale":null},"aioseo_breadcrumb":"<div class=\"aioseo-breadcrumbs\"><span class=\"aioseo-breadcrumb\">\n\t\t\t<a href=\"https:\/\/wia.net.pl\" title=\"Home\">Home<\/a>\n\t\t<\/span><span class=\"aioseo-breadcrumb-separator\">&raquo;<\/span><span class=\"aioseo-breadcrumb\">\n\t\t\t<a href=\"https:\/\/wia.net.pl\/index.php\/category\/artykuly\/\" title=\"Artyku\u0142y\">Artyku\u0142y<\/a>\n\t\t<\/span><span class=\"aioseo-breadcrumb-separator\">&raquo;<\/span><span class=\"aioseo-breadcrumb\">\n\t\t\t\u017be\u0142enski w s\u0105dzie ze znanym ukrai\u0144skim neonazist\u0105\n\t\t<\/span><\/div>","aioseo_breadcrumb_json":[{"label":"Home","link":"https:\/\/wia.net.pl"},{"label":"Artyku\u0142y","link":"https:\/\/wia.net.pl\/index.php\/category\/artykuly\/"},{"label":"\u017be\u0142enski w s\u0105dzie ze znanym ukrai\u0144skim neonazist\u0105","link":"https:\/\/wia.net.pl\/index.php\/2023\/08\/17\/zelenski-w-sadzie-ze-znanym-ukrainskim-neonazista\/"}],"_links":{"self":[{"href":"https:\/\/wia.net.pl\/index.php\/wp-json\/wp\/v2\/posts\/3896"}],"collection":[{"href":"https:\/\/wia.net.pl\/index.php\/wp-json\/wp\/v2\/posts"}],"about":[{"href":"https:\/\/wia.net.pl\/index.php\/wp-json\/wp\/v2\/types\/post"}],"author":[{"embeddable":true,"href":"https:\/\/wia.net.pl\/index.php\/wp-json\/wp\/v2\/users\/2"}],"replies":[{"embeddable":true,"href":"https:\/\/wia.net.pl\/index.php\/wp-json\/wp\/v2\/comments?post=3896"}],"version-history":[{"count":3,"href":"https:\/\/wia.net.pl\/index.php\/wp-json\/wp\/v2\/posts\/3896\/revisions"}],"predecessor-version":[{"id":3903,"href":"https:\/\/wia.net.pl\/index.php\/wp-json\/wp\/v2\/posts\/3896\/revisions\/3903"}],"wp:featuredmedia":[{"embeddable":true,"href":"https:\/\/wia.net.pl\/index.php\/wp-json\/wp\/v2\/media\/3897"}],"wp:attachment":[{"href":"https:\/\/wia.net.pl\/index.php\/wp-json\/wp\/v2\/media?parent=3896"}],"wp:term":[{"taxonomy":"category","embeddable":true,"href":"https:\/\/wia.net.pl\/index.php\/wp-json\/wp\/v2\/categories?post=3896"},{"taxonomy":"post_tag","embeddable":true,"href":"https:\/\/wia.net.pl\/index.php\/wp-json\/wp\/v2\/tags?post=3896"}],"curies":[{"name":"wp","href":"https:\/\/api.w.org\/{rel}","templated":true}]}}