{"id":3950,"date":"2023-08-19T17:34:40","date_gmt":"2023-08-19T15:34:40","guid":{"rendered":"https:\/\/wia.net.pl\/?p=3950"},"modified":"2023-09-05T14:56:14","modified_gmt":"2023-09-05T12:56:14","slug":"dokument-o-podrozach-w-czasie-2011","status":"publish","type":"post","link":"https:\/\/wia.net.pl\/index.php\/2023\/08\/19\/dokument-o-podrozach-w-czasie-2011\/","title":{"rendered":"Dokument o podr\u00f3\u017cach w czasie &#8211; 2011"},"content":{"rendered":"\n<p>Z punktu widzenia nauki podr\u00f3\u017ce w czasie s\u0105 niemo\u017cliwe. M\u0142ody m\u0119\u017cczyzna, kt\u00f3ry wygl\u0105da na oko\u0142o 30 lat, twierdzi, \u017ce dosta\u0142 si\u0119 do naszych czas\u00f3w z przesz\u0142o\u015bci. Wydawa\u0107 si\u0119 to mo\u017ce nieprawdopodobne, jednak, istnieje na to ca\u0142y szereg dowod\u00f3w. Film wygl\u0105da do\u015b\u0107 przekonywuj\u0105co. W 39 minucie wida\u0107 fotografi\u0119 Kijowa z przysz\u0142o\u015bci\u2026<br>Niestety autor kana\u0142u, z kt\u00f3rego korzysta\u0142am nie zamie\u015bci\u0142 linku do orginalnego materia\u0142u, tak\u017ce nie mog\u0119 poda\u0107. Szuka\u0142am wsz\u0119dzie ale nie uda\u0142o si\u0119. Warto jednak obejrze\u0107 ten materia\u0142.<br><\/p>\n\n\n\n<p>Link z napisami PL NCI- Najg\u0142\u0119bsza Cz\u0119\u015b\u0107 Internetu <a href=\"https:\/\/www.youtube.com\/watch?v=QDiMn5Smit8\">https:\/\/www.youtube.com\/watch?v=QDiMn5Smit8<\/a><\/p>\n\n\n<p><iframe loading=\"lazy\" id=\"odysee-iframe\" width=\"560\" height=\"315\" src=\"https:\/\/odysee.com\/$\/embed\/@wolnoscanarchia:d\/przybysze-FINAL:2?r=DPjp8iKEfKgRaZuz8haiJoWzSogvDZqy\" allowfullscreen=\"\"><\/iframe><\/p>\n","protected":false},"excerpt":{"rendered":"<p>Z punktu widzenia nauki podr\u00f3\u017ce w czasie s\u0105 niemo\u017cliwe. M\u0142ody m\u0119\u017cczyzna, kt\u00f3ry wygl\u0105da na oko\u0142o 30 lat, twierdzi, \u017ce dosta\u0142 si\u0119 do naszych czas\u00f3w z przesz\u0142o\u015bci. Wydawa\u0107 si\u0119 to mo\u017ce nieprawdopodobne, jednak, istnieje na to ca\u0142y szereg dowod\u00f3w. Film wygl\u0105da&#8230; <\/p>\n","protected":false},"author":2,"featured_media":3952,"comment_status":"open","ping_status":"open","sticky":false,"template":"","format":"standard","meta":{"_acf_changed":false,"_bbp_topic_count":0,"_bbp_reply_count":0,"_bbp_total_topic_count":0,"_bbp_total_reply_count":0,"_bbp_voice_count":0,"_bbp_anonymous_reply_count":0,"_bbp_topic_count_hidden":0,"_bbp_reply_count_hidden":0,"_bbp_forum_subforum_count":0,"om_disable_all_campaigns":false,"_monsterinsights_skip_tracking":false,"footnotes":""},"categories":[94],"tags":[],"class_list":["post-3950","post","type-post","status-publish","format-standard","has-post-thumbnail","hentry","category-filmy-2"],"acf":[],"aioseo_notices":[],"aioseo_head":"\n\t\t<!-- All in One SEO 5.0.1.1 - aioseo.com -->\n\t<meta name=\"description\" content=\"Z punktu widzenia nauki podr\u00f3\u017ce w czasie s\u0105 niemo\u017cliwe. M\u0142ody m\u0119\u017cczyzna, kt\u00f3ry wygl\u0105da na oko\u0142o 30 lat, twierdzi, \u017ce dosta\u0142 si\u0119 do naszych czas\u00f3w z przesz\u0142o\u015bci. Wydawa\u0107 si\u0119 to mo\u017ce nieprawdopodobne, jednak, istnieje na to ca\u0142y szereg dowod\u00f3w. Film wygl\u0105da do\u015b\u0107 przekonywuj\u0105co. W 39 minucie wida\u0107 fotografi\u0119 Kijowa z przysz\u0142o\u015bci\u2026Niestety autor kana\u0142u, z kt\u00f3rego korzysta\u0142am\" \/>\n\t<meta name=\"robots\" content=\"max-image-preview:large\" \/>\n\t<meta name=\"author\" content=\"trinity\"\/>\n\t<link rel=\"canonical\" href=\"https:\/\/wia.net.pl\/index.php\/2023\/08\/19\/dokument-o-podrozach-w-czasie-2011\/\" \/>\n\t<meta name=\"generator\" content=\"All in One SEO (AIOSEO) 5.0.1.1\" \/>\n\t\t<meta property=\"og:locale\" content=\"pl_PL\" \/>\n\t\t<meta property=\"og:site_name\" content=\"Wolno\u015b\u0107 i Anarchia - Ka\u017cdy wewn\u0119trznie jest anarchist\u0105.\" \/>\n\t\t<meta property=\"og:type\" content=\"article\" \/>\n\t\t<meta property=\"og:title\" content=\"Dokument o podr\u00f3\u017cach w czasie \u2013 2011 - Wolno\u015b\u0107 i Anarchia\" \/>\n\t\t<meta property=\"og:description\" content=\"Z punktu widzenia nauki podr\u00f3\u017ce w czasie s\u0105 niemo\u017cliwe. M\u0142ody m\u0119\u017cczyzna, kt\u00f3ry wygl\u0105da na oko\u0142o 30 lat, twierdzi, \u017ce dosta\u0142 si\u0119 do naszych czas\u00f3w z przesz\u0142o\u015bci. Wydawa\u0107 si\u0119 to mo\u017ce nieprawdopodobne, jednak, istnieje na to ca\u0142y szereg dowod\u00f3w. Film wygl\u0105da do\u015b\u0107 przekonywuj\u0105co. W 39 minucie wida\u0107 fotografi\u0119 Kijowa z przysz\u0142o\u015bci\u2026Niestety autor kana\u0142u, z kt\u00f3rego korzysta\u0142am\" \/>\n\t\t<meta property=\"og:url\" content=\"https:\/\/wia.net.pl\/index.php\/2023\/08\/19\/dokument-o-podrozach-w-czasie-2011\/\" \/>\n\t\t<meta property=\"og:image\" content=\"https:\/\/wia.net.pl\/wp-content\/uploads\/2023\/11\/cropped-freedom-i73367.jpg\" \/>\n\t\t<meta property=\"og:image:secure_url\" content=\"https:\/\/wia.net.pl\/wp-content\/uploads\/2023\/11\/cropped-freedom-i73367.jpg\" \/>\n\t\t<meta property=\"article:published_time\" content=\"2023-08-19T15:34:40+00:00\" \/>\n\t\t<meta property=\"article:modified_time\" content=\"2023-09-05T12:56:14+00:00\" \/>\n\t\t<meta name=\"twitter:card\" content=\"summary_large_image\" \/>\n\t\t<meta name=\"twitter:title\" content=\"Dokument o podr\u00f3\u017cach w czasie \u2013 2011 - Wolno\u015b\u0107 i Anarchia\" \/>\n\t\t<meta name=\"twitter:description\" content=\"Z punktu widzenia nauki podr\u00f3\u017ce w czasie s\u0105 niemo\u017cliwe. M\u0142ody m\u0119\u017cczyzna, kt\u00f3ry wygl\u0105da na oko\u0142o 30 lat, twierdzi, \u017ce dosta\u0142 si\u0119 do naszych czas\u00f3w z przesz\u0142o\u015bci. Wydawa\u0107 si\u0119 to mo\u017ce nieprawdopodobne, jednak, istnieje na to ca\u0142y szereg dowod\u00f3w. Film wygl\u0105da do\u015b\u0107 przekonywuj\u0105co. W 39 minucie wida\u0107 fotografi\u0119 Kijowa z przysz\u0142o\u015bci\u2026Niestety autor kana\u0142u, z kt\u00f3rego korzysta\u0142am\" \/>\n\t\t<meta name=\"twitter:image\" content=\"https:\/\/wia.net.pl\/wp-content\/uploads\/2023\/11\/cropped-freedom-i73367.jpg\" \/>\n\t\t<script type=\"application\/ld+json\" class=\"aioseo-schema\">\n\t\t\t{\"@context\":\"https:\\\/\\\/schema.org\",\"@graph\":[{\"@type\":\"BlogPosting\",\"@id\":\"https:\\\/\\\/wia.net.pl\\\/index.php\\\/2023\\\/08\\\/19\\\/dokument-o-podrozach-w-czasie-2011\\\/#blogposting\",\"name\":\"Dokument o podr\\u00f3\\u017cach w czasie \\u2013 2011 - Wolno\\u015b\\u0107 i Anarchia\",\"headline\":\"Dokument o podr\\u00f3\\u017cach w czasie &#8211; 2011\",\"author\":{\"@id\":\"https:\\\/\\\/wia.net.pl\\\/index.php\\\/author\\\/trinity\\\/#author\"},\"publisher\":{\"@id\":\"https:\\\/\\\/wia.net.pl\\\/#person\"},\"image\":{\"@type\":\"ImageObject\",\"url\":\"https:\\\/\\\/wia.net.pl\\\/wp-content\\\/uploads\\\/2023\\\/08\\\/photo_5983203934174559444_y.jpg\",\"width\":1280,\"height\":720},\"datePublished\":\"2023-08-19T17:34:40+02:00\",\"dateModified\":\"2023-09-05T14:56:14+02:00\",\"inLanguage\":\"pl-PL\",\"commentCount\":1,\"mainEntityOfPage\":{\"@id\":\"https:\\\/\\\/wia.net.pl\\\/index.php\\\/2023\\\/08\\\/19\\\/dokument-o-podrozach-w-czasie-2011\\\/#webpage\"},\"isPartOf\":{\"@id\":\"https:\\\/\\\/wia.net.pl\\\/index.php\\\/2023\\\/08\\\/19\\\/dokument-o-podrozach-w-czasie-2011\\\/#webpage\"},\"articleSection\":\"Filmy\"},{\"@type\":\"BreadcrumbList\",\"@id\":\"https:\\\/\\\/wia.net.pl\\\/index.php\\\/2023\\\/08\\\/19\\\/dokument-o-podrozach-w-czasie-2011\\\/#breadcrumblist\",\"itemListElement\":[{\"@type\":\"ListItem\",\"@id\":\"https:\\\/\\\/wia.net.pl#listItem\",\"position\":1,\"name\":\"Home\",\"item\":\"https:\\\/\\\/wia.net.pl\",\"nextItem\":{\"@type\":\"ListItem\",\"@id\":\"https:\\\/\\\/wia.net.pl\\\/index.php\\\/category\\\/filmy-2\\\/#listItem\",\"name\":\"Filmy\"}},{\"@type\":\"ListItem\",\"@id\":\"https:\\\/\\\/wia.net.pl\\\/index.php\\\/category\\\/filmy-2\\\/#listItem\",\"position\":2,\"name\":\"Filmy\",\"item\":\"https:\\\/\\\/wia.net.pl\\\/index.php\\\/category\\\/filmy-2\\\/\",\"nextItem\":{\"@type\":\"ListItem\",\"@id\":\"https:\\\/\\\/wia.net.pl\\\/index.php\\\/2023\\\/08\\\/19\\\/dokument-o-podrozach-w-czasie-2011\\\/#listItem\",\"name\":\"Dokument o podr\\u00f3\\u017cach w czasie &#8211; 2011\"},\"previousItem\":{\"@type\":\"ListItem\",\"@id\":\"https:\\\/\\\/wia.net.pl#listItem\",\"name\":\"Home\"}},{\"@type\":\"ListItem\",\"@id\":\"https:\\\/\\\/wia.net.pl\\\/index.php\\\/2023\\\/08\\\/19\\\/dokument-o-podrozach-w-czasie-2011\\\/#listItem\",\"position\":3,\"name\":\"Dokument o podr\\u00f3\\u017cach w czasie &#8211; 2011\",\"previousItem\":{\"@type\":\"ListItem\",\"@id\":\"https:\\\/\\\/wia.net.pl\\\/index.php\\\/category\\\/filmy-2\\\/#listItem\",\"name\":\"Filmy\"}}]},{\"@type\":\"Person\",\"@id\":\"https:\\\/\\\/wia.net.pl\\\/#person\",\"name\":\"Bart\\u0142omiej Talarczyk\",\"image\":{\"@type\":\"ImageObject\",\"@id\":\"https:\\\/\\\/wia.net.pl\\\/index.php\\\/2023\\\/08\\\/19\\\/dokument-o-podrozach-w-czasie-2011\\\/#personImage\",\"url\":\"https:\\\/\\\/wia.net.pl\\\/wp-content\\\/uploads\\\/avatar-privacy\\\/cache\\\/user\\\/1\\\/7\\\/176a6b161c58363ff49b5c167264231f519f5c7fa183ca1f61e891769b6b56d5-96.jpg\",\"width\":96,\"height\":96,\"caption\":\"Bart\\u0142omiej Talarczyk\"}},{\"@type\":\"Person\",\"@id\":\"https:\\\/\\\/wia.net.pl\\\/index.php\\\/author\\\/trinity\\\/#author\",\"url\":\"https:\\\/\\\/wia.net.pl\\\/index.php\\\/author\\\/trinity\\\/\",\"name\":\"trinity\",\"image\":{\"@type\":\"ImageObject\",\"@id\":\"https:\\\/\\\/wia.net.pl\\\/index.php\\\/2023\\\/08\\\/19\\\/dokument-o-podrozach-w-czasie-2011\\\/#authorImage\",\"url\":\"https:\\\/\\\/wia.net.pl\\\/wp-content\\\/uploads\\\/avatar-privacy\\\/cache\\\/user\\\/5\\\/f\\\/5f6547cf82495eaa10e100a6a45d5dbde2dfdc1be88557de2018fca705bdf6f1-96.jpg\",\"width\":96,\"height\":96,\"caption\":\"trinity\"}},{\"@type\":\"WebPage\",\"@id\":\"https:\\\/\\\/wia.net.pl\\\/index.php\\\/2023\\\/08\\\/19\\\/dokument-o-podrozach-w-czasie-2011\\\/#webpage\",\"url\":\"https:\\\/\\\/wia.net.pl\\\/index.php\\\/2023\\\/08\\\/19\\\/dokument-o-podrozach-w-czasie-2011\\\/\",\"name\":\"Dokument o podr\\u00f3\\u017cach w czasie \\u2013 2011 - Wolno\\u015b\\u0107 i Anarchia\",\"description\":\"Z punktu widzenia nauki podr\\u00f3\\u017ce w czasie s\\u0105 niemo\\u017cliwe. M\\u0142ody m\\u0119\\u017cczyzna, kt\\u00f3ry wygl\\u0105da na oko\\u0142o 30 lat, twierdzi, \\u017ce dosta\\u0142 si\\u0119 do naszych czas\\u00f3w z przesz\\u0142o\\u015bci. Wydawa\\u0107 si\\u0119 to mo\\u017ce nieprawdopodobne, jednak, istnieje na to ca\\u0142y szereg dowod\\u00f3w. Film wygl\\u0105da do\\u015b\\u0107 przekonywuj\\u0105co. W 39 minucie wida\\u0107 fotografi\\u0119 Kijowa z przysz\\u0142o\\u015bci\\u2026Niestety autor kana\\u0142u, z kt\\u00f3rego korzysta\\u0142am\",\"inLanguage\":\"pl-PL\",\"isPartOf\":{\"@id\":\"https:\\\/\\\/wia.net.pl\\\/#website\"},\"breadcrumb\":{\"@id\":\"https:\\\/\\\/wia.net.pl\\\/index.php\\\/2023\\\/08\\\/19\\\/dokument-o-podrozach-w-czasie-2011\\\/#breadcrumblist\"},\"author\":{\"@id\":\"https:\\\/\\\/wia.net.pl\\\/index.php\\\/author\\\/trinity\\\/#author\"},\"creator\":{\"@id\":\"https:\\\/\\\/wia.net.pl\\\/index.php\\\/author\\\/trinity\\\/#author\"},\"image\":{\"@type\":\"ImageObject\",\"url\":\"https:\\\/\\\/wia.net.pl\\\/wp-content\\\/uploads\\\/2023\\\/08\\\/photo_5983203934174559444_y.jpg\",\"@id\":\"https:\\\/\\\/wia.net.pl\\\/index.php\\\/2023\\\/08\\\/19\\\/dokument-o-podrozach-w-czasie-2011\\\/#mainImage\",\"width\":1280,\"height\":720},\"primaryImageOfPage\":{\"@id\":\"https:\\\/\\\/wia.net.pl\\\/index.php\\\/2023\\\/08\\\/19\\\/dokument-o-podrozach-w-czasie-2011\\\/#mainImage\"},\"datePublished\":\"2023-08-19T17:34:40+02:00\",\"dateModified\":\"2023-09-05T14:56:14+02:00\"},{\"@type\":\"WebSite\",\"@id\":\"https:\\\/\\\/wia.net.pl\\\/#website\",\"url\":\"https:\\\/\\\/wia.net.pl\\\/\",\"name\":\"Wolno\\u015b\\u0107 i Anarchia\",\"description\":\"Ka\\u017cdy wewn\\u0119trznie jest anarchist\\u0105.\",\"inLanguage\":\"pl-PL\",\"publisher\":{\"@id\":\"https:\\\/\\\/wia.net.pl\\\/#person\"}}]}\n\t\t<\/script>\n\t\t<!-- All in One SEO -->\n\n","aioseo_head_json":{"title":"Dokument o podr\u00f3\u017cach w czasie \u2013 2011 - Wolno\u015b\u0107 i Anarchia","description":"Z punktu widzenia nauki podr\u00f3\u017ce w czasie s\u0105 niemo\u017cliwe. M\u0142ody m\u0119\u017cczyzna, kt\u00f3ry wygl\u0105da na oko\u0142o 30 lat, twierdzi, \u017ce dosta\u0142 si\u0119 do naszych czas\u00f3w z przesz\u0142o\u015bci. Wydawa\u0107 si\u0119 to mo\u017ce nieprawdopodobne, jednak, istnieje na to ca\u0142y szereg dowod\u00f3w. Film wygl\u0105da do\u015b\u0107 przekonywuj\u0105co. W 39 minucie wida\u0107 fotografi\u0119 Kijowa z przysz\u0142o\u015bci\u2026Niestety autor kana\u0142u, z kt\u00f3rego korzysta\u0142am","canonical_url":"https:\/\/wia.net.pl\/index.php\/2023\/08\/19\/dokument-o-podrozach-w-czasie-2011\/","robots":"max-image-preview:large","keywords":"","webmasterTools":{"miscellaneous":""},"schema":{"@context":"https:\/\/schema.org","@graph":[{"@type":"BlogPosting","@id":"https:\/\/wia.net.pl\/index.php\/2023\/08\/19\/dokument-o-podrozach-w-czasie-2011\/#blogposting","name":"Dokument o podr\u00f3\u017cach w czasie \u2013 2011 - Wolno\u015b\u0107 i Anarchia","headline":"Dokument o podr\u00f3\u017cach w czasie &#8211; 2011","author":{"@id":"https:\/\/wia.net.pl\/index.php\/author\/trinity\/#author"},"publisher":{"@id":"https:\/\/wia.net.pl\/#person"},"image":{"@type":"ImageObject","url":"https:\/\/wia.net.pl\/wp-content\/uploads\/2023\/08\/photo_5983203934174559444_y.jpg","width":1280,"height":720},"datePublished":"2023-08-19T17:34:40+02:00","dateModified":"2023-09-05T14:56:14+02:00","inLanguage":"pl-PL","commentCount":1,"mainEntityOfPage":{"@id":"https:\/\/wia.net.pl\/index.php\/2023\/08\/19\/dokument-o-podrozach-w-czasie-2011\/#webpage"},"isPartOf":{"@id":"https:\/\/wia.net.pl\/index.php\/2023\/08\/19\/dokument-o-podrozach-w-czasie-2011\/#webpage"},"articleSection":"Filmy"},{"@type":"BreadcrumbList","@id":"https:\/\/wia.net.pl\/index.php\/2023\/08\/19\/dokument-o-podrozach-w-czasie-2011\/#breadcrumblist","itemListElement":[{"@type":"ListItem","@id":"https:\/\/wia.net.pl#listItem","position":1,"name":"Home","item":"https:\/\/wia.net.pl","nextItem":{"@type":"ListItem","@id":"https:\/\/wia.net.pl\/index.php\/category\/filmy-2\/#listItem","name":"Filmy"}},{"@type":"ListItem","@id":"https:\/\/wia.net.pl\/index.php\/category\/filmy-2\/#listItem","position":2,"name":"Filmy","item":"https:\/\/wia.net.pl\/index.php\/category\/filmy-2\/","nextItem":{"@type":"ListItem","@id":"https:\/\/wia.net.pl\/index.php\/2023\/08\/19\/dokument-o-podrozach-w-czasie-2011\/#listItem","name":"Dokument o podr\u00f3\u017cach w czasie &#8211; 2011"},"previousItem":{"@type":"ListItem","@id":"https:\/\/wia.net.pl#listItem","name":"Home"}},{"@type":"ListItem","@id":"https:\/\/wia.net.pl\/index.php\/2023\/08\/19\/dokument-o-podrozach-w-czasie-2011\/#listItem","position":3,"name":"Dokument o podr\u00f3\u017cach w czasie &#8211; 2011","previousItem":{"@type":"ListItem","@id":"https:\/\/wia.net.pl\/index.php\/category\/filmy-2\/#listItem","name":"Filmy"}}]},{"@type":"Person","@id":"https:\/\/wia.net.pl\/#person","name":"Bart\u0142omiej Talarczyk","image":{"@type":"ImageObject","@id":"https:\/\/wia.net.pl\/index.php\/2023\/08\/19\/dokument-o-podrozach-w-czasie-2011\/#personImage","url":"https:\/\/wia.net.pl\/wp-content\/uploads\/avatar-privacy\/cache\/user\/1\/7\/176a6b161c58363ff49b5c167264231f519f5c7fa183ca1f61e891769b6b56d5-96.jpg","width":96,"height":96,"caption":"Bart\u0142omiej Talarczyk"}},{"@type":"Person","@id":"https:\/\/wia.net.pl\/index.php\/author\/trinity\/#author","url":"https:\/\/wia.net.pl\/index.php\/author\/trinity\/","name":"trinity","image":{"@type":"ImageObject","@id":"https:\/\/wia.net.pl\/index.php\/2023\/08\/19\/dokument-o-podrozach-w-czasie-2011\/#authorImage","url":"https:\/\/wia.net.pl\/wp-content\/uploads\/avatar-privacy\/cache\/user\/5\/f\/5f6547cf82495eaa10e100a6a45d5dbde2dfdc1be88557de2018fca705bdf6f1-96.jpg","width":96,"height":96,"caption":"trinity"}},{"@type":"WebPage","@id":"https:\/\/wia.net.pl\/index.php\/2023\/08\/19\/dokument-o-podrozach-w-czasie-2011\/#webpage","url":"https:\/\/wia.net.pl\/index.php\/2023\/08\/19\/dokument-o-podrozach-w-czasie-2011\/","name":"Dokument o podr\u00f3\u017cach w czasie \u2013 2011 - Wolno\u015b\u0107 i Anarchia","description":"Z punktu widzenia nauki podr\u00f3\u017ce w czasie s\u0105 niemo\u017cliwe. M\u0142ody m\u0119\u017cczyzna, kt\u00f3ry wygl\u0105da na oko\u0142o 30 lat, twierdzi, \u017ce dosta\u0142 si\u0119 do naszych czas\u00f3w z przesz\u0142o\u015bci. Wydawa\u0107 si\u0119 to mo\u017ce nieprawdopodobne, jednak, istnieje na to ca\u0142y szereg dowod\u00f3w. Film wygl\u0105da do\u015b\u0107 przekonywuj\u0105co. W 39 minucie wida\u0107 fotografi\u0119 Kijowa z przysz\u0142o\u015bci\u2026Niestety autor kana\u0142u, z kt\u00f3rego korzysta\u0142am","inLanguage":"pl-PL","isPartOf":{"@id":"https:\/\/wia.net.pl\/#website"},"breadcrumb":{"@id":"https:\/\/wia.net.pl\/index.php\/2023\/08\/19\/dokument-o-podrozach-w-czasie-2011\/#breadcrumblist"},"author":{"@id":"https:\/\/wia.net.pl\/index.php\/author\/trinity\/#author"},"creator":{"@id":"https:\/\/wia.net.pl\/index.php\/author\/trinity\/#author"},"image":{"@type":"ImageObject","url":"https:\/\/wia.net.pl\/wp-content\/uploads\/2023\/08\/photo_5983203934174559444_y.jpg","@id":"https:\/\/wia.net.pl\/index.php\/2023\/08\/19\/dokument-o-podrozach-w-czasie-2011\/#mainImage","width":1280,"height":720},"primaryImageOfPage":{"@id":"https:\/\/wia.net.pl\/index.php\/2023\/08\/19\/dokument-o-podrozach-w-czasie-2011\/#mainImage"},"datePublished":"2023-08-19T17:34:40+02:00","dateModified":"2023-09-05T14:56:14+02:00"},{"@type":"WebSite","@id":"https:\/\/wia.net.pl\/#website","url":"https:\/\/wia.net.pl\/","name":"Wolno\u015b\u0107 i Anarchia","description":"Ka\u017cdy wewn\u0119trznie jest anarchist\u0105.","inLanguage":"pl-PL","publisher":{"@id":"https:\/\/wia.net.pl\/#person"}}]},"og:locale":"pl_PL","og:site_name":"Wolno\u015b\u0107 i Anarchia - Ka\u017cdy wewn\u0119trznie jest anarchist\u0105.","og:type":"article","og:title":"Dokument o podr\u00f3\u017cach w czasie \u2013 2011 - Wolno\u015b\u0107 i Anarchia","og:description":"Z punktu widzenia nauki podr\u00f3\u017ce w czasie s\u0105 niemo\u017cliwe. M\u0142ody m\u0119\u017cczyzna, kt\u00f3ry wygl\u0105da na oko\u0142o 30 lat, twierdzi, \u017ce dosta\u0142 si\u0119 do naszych czas\u00f3w z przesz\u0142o\u015bci. Wydawa\u0107 si\u0119 to mo\u017ce nieprawdopodobne, jednak, istnieje na to ca\u0142y szereg dowod\u00f3w. Film wygl\u0105da do\u015b\u0107 przekonywuj\u0105co. W 39 minucie wida\u0107 fotografi\u0119 Kijowa z przysz\u0142o\u015bci\u2026Niestety autor kana\u0142u, z kt\u00f3rego korzysta\u0142am","og:url":"https:\/\/wia.net.pl\/index.php\/2023\/08\/19\/dokument-o-podrozach-w-czasie-2011\/","og:image":"https:\/\/wia.net.pl\/wp-content\/uploads\/2023\/11\/cropped-freedom-i73367.jpg","og:image:secure_url":"https:\/\/wia.net.pl\/wp-content\/uploads\/2023\/11\/cropped-freedom-i73367.jpg","article:published_time":"2023-08-19T15:34:40+00:00","article:modified_time":"2023-09-05T12:56:14+00:00","twitter:card":"summary_large_image","twitter:title":"Dokument o podr\u00f3\u017cach w czasie \u2013 2011 - Wolno\u015b\u0107 i Anarchia","twitter:description":"Z punktu widzenia nauki podr\u00f3\u017ce w czasie s\u0105 niemo\u017cliwe. M\u0142ody m\u0119\u017cczyzna, kt\u00f3ry wygl\u0105da na oko\u0142o 30 lat, twierdzi, \u017ce dosta\u0142 si\u0119 do naszych czas\u00f3w z przesz\u0142o\u015bci. Wydawa\u0107 si\u0119 to mo\u017ce nieprawdopodobne, jednak, istnieje na to ca\u0142y szereg dowod\u00f3w. Film wygl\u0105da do\u015b\u0107 przekonywuj\u0105co. W 39 minucie wida\u0107 fotografi\u0119 Kijowa z przysz\u0142o\u015bci\u2026Niestety autor kana\u0142u, z kt\u00f3rego korzysta\u0142am","twitter:image":"https:\/\/wia.net.pl\/wp-content\/uploads\/2023\/11\/cropped-freedom-i73367.jpg"},"aioseo_meta_data":{"post_id":"3950","title":null,"description":null,"keywords":[],"keyphrases":{"focus":{"keyphrase":"","score":0,"analysis":{"keyphraseInTitle":{"score":0,"maxScore":9,"error":1}}},"additional":[]},"primary_term":null,"canonical_url":null,"og_title":null,"og_description":null,"og_object_type":"default","og_image_type":"default","og_image_url":null,"og_image_width":null,"og_image_height":null,"og_image_custom_url":null,"og_image_custom_fields":null,"og_video":"","og_custom_url":null,"og_article_section":null,"og_article_tags":[],"twitter_use_og":false,"twitter_card":"default","twitter_image_type":"default","twitter_image_url":null,"twitter_image_custom_url":null,"twitter_image_custom_fields":null,"twitter_title":null,"twitter_description":null,"schema":{"blockGraphs":[],"customGraphs":[],"default":{"data":{"Article":[],"Course":[],"Dataset":[],"FAQPage":[],"Movie":[],"Person":[],"Product":[],"ProductReview":[],"Car":[],"Recipe":[],"Service":[],"SoftwareApplication":[],"WebPage":[]},"graphName":"BlogPosting","isEnabled":true},"graphs":[]},"schema_type":"default","schema_type_options":null,"pillar_content":false,"robots_default":true,"robots_noindex":false,"robots_noarchive":false,"robots_nosnippet":false,"robots_nofollow":false,"robots_noimageindex":false,"robots_noodp":false,"robots_notranslate":false,"robots_max_snippet":"-1","robots_max_videopreview":"-1","robots_max_imagepreview":"large","priority":null,"frequency":"default","local_seo":null,"breadcrumb_settings":null,"limit_modified_date":false,"ai":null,"created":"2023-08-19 15:34:11","updated":"2025-06-04 09:02:56","seo_analyzer_scan_date":null,"focus_keyword":null,"additional_keywords":null,"truseo_locale":null},"aioseo_breadcrumb":"<div class=\"aioseo-breadcrumbs\"><span class=\"aioseo-breadcrumb\">\n\t\t\t<a href=\"https:\/\/wia.net.pl\" title=\"Home\">Home<\/a>\n\t\t<\/span><span class=\"aioseo-breadcrumb-separator\">&raquo;<\/span><span class=\"aioseo-breadcrumb\">\n\t\t\t<a href=\"https:\/\/wia.net.pl\/index.php\/category\/filmy-2\/\" title=\"Filmy\">Filmy<\/a>\n\t\t<\/span><span class=\"aioseo-breadcrumb-separator\">&raquo;<\/span><span class=\"aioseo-breadcrumb\">\n\t\t\tDokument o podr\u00f3\u017cach w czasie \u2013 2011\n\t\t<\/span><\/div>","aioseo_breadcrumb_json":[{"label":"Home","link":"https:\/\/wia.net.pl"},{"label":"Filmy","link":"https:\/\/wia.net.pl\/index.php\/category\/filmy-2\/"},{"label":"Dokument o podr\u00f3\u017cach w czasie &#8211; 2011","link":"https:\/\/wia.net.pl\/index.php\/2023\/08\/19\/dokument-o-podrozach-w-czasie-2011\/"}],"_links":{"self":[{"href":"https:\/\/wia.net.pl\/index.php\/wp-json\/wp\/v2\/posts\/3950"}],"collection":[{"href":"https:\/\/wia.net.pl\/index.php\/wp-json\/wp\/v2\/posts"}],"about":[{"href":"https:\/\/wia.net.pl\/index.php\/wp-json\/wp\/v2\/types\/post"}],"author":[{"embeddable":true,"href":"https:\/\/wia.net.pl\/index.php\/wp-json\/wp\/v2\/users\/2"}],"replies":[{"embeddable":true,"href":"https:\/\/wia.net.pl\/index.php\/wp-json\/wp\/v2\/comments?post=3950"}],"version-history":[{"count":2,"href":"https:\/\/wia.net.pl\/index.php\/wp-json\/wp\/v2\/posts\/3950\/revisions"}],"predecessor-version":[{"id":4011,"href":"https:\/\/wia.net.pl\/index.php\/wp-json\/wp\/v2\/posts\/3950\/revisions\/4011"}],"wp:featuredmedia":[{"embeddable":true,"href":"https:\/\/wia.net.pl\/index.php\/wp-json\/wp\/v2\/media\/3952"}],"wp:attachment":[{"href":"https:\/\/wia.net.pl\/index.php\/wp-json\/wp\/v2\/media?parent=3950"}],"wp:term":[{"taxonomy":"category","embeddable":true,"href":"https:\/\/wia.net.pl\/index.php\/wp-json\/wp\/v2\/categories?post=3950"},{"taxonomy":"post_tag","embeddable":true,"href":"https:\/\/wia.net.pl\/index.php\/wp-json\/wp\/v2\/tags?post=3950"}],"curies":[{"name":"wp","href":"https:\/\/api.w.org\/{rel}","templated":true}]}}