{"id":4012,"date":"2023-08-20T19:23:46","date_gmt":"2023-08-20T17:23:46","guid":{"rendered":"https:\/\/wia.net.pl\/?p=4012"},"modified":"2025-01-24T22:52:56","modified_gmt":"2025-01-24T21:52:56","slug":"vita-intense","status":"publish","type":"post","link":"https:\/\/wia.net.pl\/index.php\/2023\/08\/20\/vita-intense\/","title":{"rendered":"VITA INTENSE"},"content":{"rendered":"\n<h1 class=\"wp-block-heading\">VITA INTENSE<\/h1>\n\n\n\n<p>VITA INTENSE to smaczny koncentrat substancji witalnych, kt\u00f3ry dostarcza organizmowi niezb\u0119dnych sk\u0142adnik\u00f3w od\u017cywczych i mikroelement\u00f3w.<\/p>\n\n\n\n<ul class=\"wp-block-list\">\n<li>codzienny zastrzyk witamin dla ca\u0142ej rodziny<\/li>\n\n\n\n<li>p\u0142ynny koncentrat dla lepszej biodost\u0119pno\u015bci<\/li>\n\n\n\n<li>sok z aronii<\/li>\n\n\n\n<li>wyci\u0105g z aloesu<\/li>\n\n\n\n<li>wyci\u0105g z zielonej herbaty<\/li>\n\n\n\n<li>z dodatkiem kwasu foliowego dla matki i dziecka<\/li>\n<\/ul>\n\n\n\n<p>Aby o\u017cywi\u0107 organizm i zwi\u0119kszy\u0107 wydajno\u015b\u0107 w \u017cyciu codziennym.<\/p>\n\n\n\n<h1 class=\"wp-block-heading\">Witalizuj\u0105cy eliksir od\u017cywczy<\/h1>\n\n\n\n<p>Witaminy i mikroelementy bior\u0105 udzia\u0142 we wszystkich procesach organizmu i musz\u0105 by\u0107 dostarczane wraz z po\u017cywieniem. Badania dowodz\u0105, \u017ce pomimo zdrowej diety nadal trudno jest zapewni\u0107 wystarczaj\u0105ce zaopatrzenie w wszystkie niezb\u0119dne substancje witalne. VITA INTENSE zawiera kompleks sk\u0142adnik\u00f3w od\u017cywczych o doskona\u0142ej jako\u015bci i wspiera optymalne zaopatrzenie organizmu.<\/p>\n\n\n\n<h1 class=\"wp-block-heading\">Wysokiej jako\u015bci kompleksowe zaopatrzenie organizmu<\/h1>\n\n\n\n<p>VITA INTENSE to eliksir substancji witalnych, wytwarzany z mo\u017cliwie jak najbardziej naturalnych sk\u0142adnik\u00f3w pochodzenia. Produkcja odbywa si\u0119 poprzez konserwacj\u0119 w przyjaznej dla produktu temperaturze. Sok z jag\u00f3d aronii zapewnia g\u0119sto\u015b\u0107 przeciwutleniaj\u0105cych polifenoli, ekstrakt z zielonej herbaty zawiera specjalne katechiny, a aloes &#8211; przetestowane polisacharydy i ponad 200 innych sk\u0142adnik\u00f3w. VITA INTENSE zaopatruje organizm w zar\u00f3wno makroelement magnez, jak i r\u00f3wnie\u017c mikroelement selen. Zawiera r\u00f3wnie\u017c wszystkie witaminy rozpuszczalne w wodzie i t\u0142uszczach, kt\u00f3rych organizm potrzebuje na co dzie\u0144.<\/p>\n\n\n\n<h1 class=\"wp-block-heading\">Dodatek kwasu foliowego dla matki i dziecka<\/h1>\n\n\n\n<p>VITA INTENSE jest idealnym wsparciem podczas ci\u0105\u017cy i laktacji. Ten owocowy sok jest uwielbiany przez dzieci, a w swoim dzia\u0142aniu zaopatruje organizm w substancje witalne. W szczeg\u00f3lno\u015bci zawarto\u015b\u0107 kwasu foliowego zosta\u0142a specjalnie dostosowana do wymaga\u0144 kobiet ci\u0119\u017carnych. W okresie wzrostu i rozwoju istnieje zwi\u0119kszone zapotrzebowanie na substancje witalne dla matki i dziecka, a dobre i zr\u00f3wnowa\u017cone od\u017cywianie ma szczeg\u00f3lne znaczenie.<\/p>\n\n\n\n<figure class=\"wp-block-image size-full\"><img loading=\"lazy\" decoding=\"async\" width=\"760\" height=\"530\" src=\"https:\/\/wia.net.pl\/wp-content\/uploads\/2023\/08\/vita-intensesachets-main-de.jpg\" alt=\"\" class=\"wp-image-4013\" srcset=\"https:\/\/wia.net.pl\/wp-content\/uploads\/2023\/08\/vita-intensesachets-main-de.jpg 760w, https:\/\/wia.net.pl\/wp-content\/uploads\/2023\/08\/vita-intensesachets-main-de-300x209.jpg 300w\" sizes=\"(max-width: 760px) 100vw, 760px\" \/><\/figure>\n\n\n\n<h1 class=\"wp-block-heading\">Uszlachetnianie<\/h1>\n\n\n\n<p>Pomimo starannej i delikatnej produkcji, nawet w przypadku produkt\u00f3w naturalnych nast\u0119puje nieunikniona zmiana pierwotnych wibracji! LavaVitae aktywuje wszystkie produkty specjalnym procesem naturalnego rezonansu i przywraca ich pierwotn\u0105 si\u0142\u0119 wibracji!<\/p>\n\n\n\n<p>Dzi\u0119ki temu sk\u0142adniki s\u0105 bardziej biodost\u0119pne, co znacznie poprawia w\u0142a\u015bciwo\u015bci aktywne na poziomie kom\u00f3rkowym. Zosta\u0142o to w imponuj\u0105cy spos\u00f3b udowodnione w badaniach naukowych nad kom\u00f3rkami.<\/p>\n\n\n\n<h1 class=\"wp-block-heading\">Z jakich surowc\u00f3w pochodz\u0105 sk\u0142adniki VITA INTENSE?<\/h1>\n\n\n\n<p>&#8222;Doskona\u0142y produkt zas\u0142uguje na doskona\u0142e sk\u0142adniki. Sk\u0142adniki VITA INTENSE pochodz\u0105 z naturalnych surowc\u00f3w. W tym koncentracie z wt\u00f3rnych substancji ro\u015blinnych starannie zbilansowano szereg wysokiej jako\u015bci ekstrakt\u00f3w. Wysok\u0105 zawarto\u015b\u0107 witamin gwarantuje dodatek koncentrat\u00f3w witaminowych.<\/p>\n\n\n\n<p>&#8222;Sok z aronii zawiera mn\u00f3stwo sk\u0142adnik\u00f3w prozdrowotnych. Jagoda ta jest uwa\u017cana za jeden z najsilniejszych przeciwutleniaczy wolnych rodnik\u00f3w. Aloes u\u017cywany jest przez ludzi od ponad 5000 lat i zawiera ponad 200 sprawdzonych sk\u0142adnik\u00f3w. Zielona herbata jest jednym z najcz\u0119\u015bciej badanych produkt\u00f3w spo\u017cywczych ostatnich lat i jest znana z wielu pozytywnych w\u0142a\u015bciwo\u015bci.<\/p>\n\n\n\n<h1 class=\"wp-block-heading\">Jak smakuje VITA INTENSE?<\/h1>\n\n\n\n<p>VITA INTENSE ma owocowy i lekko s\u0142odki smak wynikaj\u0105cy z naturalnych aromat\u00f3w jag\u00f3d. Syrop z agawy s\u0142u\u017cy jako s\u0142odzik, a kwas jab\u0142kowy i sok z limonki jako \u015brodki zakwaszaj\u0105ce. Wzmacniaj\u0105 one dzia\u0142anie przeciwutleniaczy i podkre\u015blaj\u0105 aromat, kt\u00f3ry szczeg\u00f3lnie uwielbiaj\u0105 dzieci.<\/p>\n\n\n\n<h1 class=\"wp-block-heading\">Jakie dzia\u0142anie maj\u0105 sk\u0142adniki w VITA INTENSE<\/h1>\n\n\n\n<p><strong>Witamina A<\/strong><br>przyczynia si\u0119 do zachowania normalnej sk\u00f3ry, b\u0142on \u015bluzowych i wzroku<br>przyczynia si\u0119 do normalnego funkcjonowania uk\u0142adu immunologicznego<br>przyczynia si\u0119 do normalnego metabolizmu \u017celaza<br>ma dzia\u0142anie przy specjalizacji kom\u00f3rek<\/p>\n\n\n\n<p><strong>Witamina B1<\/strong><br>przyczynia si\u0119 do normalnej przemiany materii<br>przyczynia si\u0119 do normalnego funkcjonowania uk\u0142adu nerwowego i psychiki<br>przyczynia si\u0119 do normalnego funkcjonowania serca<\/p>\n\n\n\n<p><strong>Witamina B2<\/strong><br>przyczynia si\u0119 do normalnej przemiany materii<br>przyczynia si\u0119 do zmniejszenia zm\u0119czenia i znu\u017cenia<br>przyczynia si\u0119 do normalnego funkcjonowania uk\u0142adu nerwowego<br>przyczynia si\u0119 do utrzymania normalnej sk\u00f3ry, b\u0142on \u015bluzowych i wzroku<br>przyczynia si\u0119 do normalnego tworzenia czerwonych krwinek<br>przyczynia si\u0119 do normalnego metabolizmu \u017celaza<br>przyczynia si\u0119 do ochrony kom\u00f3rek przed stresem oksydacyjnym<\/p>\n\n\n\n<p><strong>Niacyna<\/strong><br>przyczynia si\u0119 do normalnego metabolizmu energii<br>przyczynia si\u0119 do zmniejszenia zm\u0119czenia i znu\u017cenia<br>przyczynia si\u0119 do utrzymania normalnej sk\u00f3ry i b\u0142on \u015bluzowych<br>przyczynia si\u0119 do normalnego funkcjonowania uk\u0142adu nerwowego i psychiki<\/p>\n\n\n\n<p><strong>Kwas pantotenowy<\/strong><br>przyczynia si\u0119 do normalnego metabolizmu energii<br>przyczynia si\u0119 do zmniejszenia zm\u0119czenia i znu\u017cenia<br>przyczynia si\u0119 do normalnej wydajno\u015bci umys\u0142owej<br>przyczynia si\u0119 do normalnej syntezy i metabolizmu hormon\u00f3w steroidowych, witaminy D i niekt\u00f3rych neuroprzeka\u017anik\u00f3w<\/p>\n\n\n\n<p><strong>Witamina B6<\/strong><br>przyczynia si\u0119 do normalnego metabolizmu energii<br>przyczynia si\u0119 do normalnego funkcjonowania uk\u0142adu immunologicznego<br>przyczynia si\u0119 do zmniejszenia zm\u0119czenia i znu\u017cenia<br>metabolizmu bia\u0142ka i glikogenu<br>przyczynia si\u0119 do normalnego funkcjonowania uk\u0142adu nerwowego i psychiki<br>przyczynia si\u0119 do normalnej syntezy cysteiny<br>przyczynia si\u0119 do normalnego metabolizmu homocysteiny<br>przyczynia si\u0119 do normalnego tworzenia czerwonych krwinek<br>przyczynia si\u0119 do regulacji czynno\u015bci hormon\u00f3w<\/p>\n\n\n\n<p><strong>Biotyna<\/strong><br>przyczynia si\u0119 do normalnego metabolizmu energii<br>przyczynia si\u0119 do normalnego funkcjonowania uk\u0142adu nerwowego i psychiki<br>przyczynia si\u0119 do utrzymania normalnej sk\u00f3ry, w\u0142os\u00f3w i b\u0142on \u015bluzowych<br>przyczynia si\u0119 do normalnego metabolizmu makrosk\u0142adnik\u00f3w<\/p>\n\n\n\n<p><strong>Kwas foliowy<\/strong><br>przyczynia si\u0119 do normalnego funkcjonowania uk\u0142adu immunologicznego<br>przyczynia si\u0119 do zmniejszenia zm\u0119czenia i znu\u017cenia<br>przyczynia si\u0119 do normalnej funkcji psychiki<br>przyczynia si\u0119 do normalnej syntezy aminokwas\u00f3w<br>przyczynia si\u0119 do normalnego metabolizmu homocysteiny<br>przyczynia si\u0119 do normalnego postawania krwi<br>ma dzia\u0142anie przy podziale kom\u00f3rek<br>przyczynia si\u0119 do wzrostu tkanki matczynej podczas ci\u0105\u017cy<\/p>\n\n\n\n<p><strong>Witamina B12<\/strong><br>przyczynia si\u0119 do normalnego metabolizmu energii<br>przyczynia si\u0119 do normalnego funkcjonowania uk\u0142adu immunologicznego<br>przyczynia si\u0119 do zmniejszenia zm\u0119czenia i znu\u017cenia<br>przyczynia si\u0119 do normalnego funkcjonowania uk\u0142adu nerwowego i psychiki<br>przyczynia si\u0119 do normalnego metabolizmu homocysteiny<br>przyczynia si\u0119 do normalnego tworzenia czerwonych krwinek i ma dzia\u0142anie podczas podzia\u0142u kom\u00f3rek<\/p>\n\n\n\n<p><strong>Witamina C<\/strong><br>przyczynie si\u0119 do normalnego metabolizmu energii<br>przyczynia si\u0119 do normalnego funkcjonowania uk\u0142adu immunologicznego<br>przyczynia si\u0119 do zmniejszenia zm\u0119czenia i znu\u017cenia<br>przyczynia si\u0119 do normalnego funkcjonowania uk\u0142adu immunologicznego podczas i po intensywnym wysi\u0142ku fizycznym<br>przyczynia si\u0119 do normalnego funkcjonowania uk\u0142adu nerwowego i psychiki<br>przyczynia si\u0119 do normalnego powstawania kolagenu, zapewniaj\u0105cego normaln\u0105 funkcj\u0119 sk\u00f3ry, ko\u015bci, chrz\u0105stek, z\u0119b\u00f3w i naczy\u0144 krwiono\u015bnych<br>przyczynia si\u0119 do ochrony kom\u00f3rek przed stresem oksydacyjnym<br>przyczynia si\u0119 do regeneracji zredukowanej formy witaminy E<br>poprawia przyswajanie bia\u0142ka<\/p>\n\n\n\n<p><strong>Witamina D3<\/strong><br>przyczynia si\u0119 do normalnego funkcjonowania uk\u0142adu immunologicznego<br>przyczynia si\u0119 do normalnej funkcji mi\u0119\u015bni oraz utrzymania normalnych ko\u015bci i z\u0119b\u00f3w<br>przyczynia si\u0119 do normalnego przyswajania\/przetwarzania wapnia i fosforu oraz do normalnego poziomu wapnia we krwi<\/p>\n\n\n\n<p><strong>Witamina E<\/strong><br>przyczynia si\u0119 do ochrony kom\u00f3rek przed stresem oksydacyjnym<\/p>\n\n\n\n<p><strong>Magnez<\/strong><br>przyczynia si\u0119 do normalnego metabolizmu energii<br>przyczynia si\u0119 do zmniejszenia zm\u0119czenia i znu\u017cenia<br>przyczynia si\u0119 do normalnego funkcjonowania uk\u0142adu nerwowego i psychiki<br>przyczynia si\u0119 do normalnej funkcji mi\u0119\u015bni oraz do utrzymania normalnych ko\u015bci i z\u0119b\u00f3w<br>przyczynia si\u0119 do normalnej syntezy bia\u0142ka<br>przyczynia si\u0119 do normalnej r\u00f3wnowagi elektrolit\u00f3w<br>ma dzia\u0142anie przy podziale kom\u00f3rek<\/p>\n\n\n\n<p><strong>Selen<\/strong><br>przyczynia si\u0119 do normalnego funkcjonowania uk\u0142adu immunologicznego<br>przyczynia si\u0119 do ochrony kom\u00f3rek przed stresem oksydacyjnym<br>przyczynia si\u0119 do utrzymania normalnych w\u0142os\u00f3w i paznokci<br>przyczynia si\u0119 do normalnej funkcji tarczycy<br>przyczynia si\u0119 do normalnego powstawania spermy<\/p>\n\n\n\n<h1 class=\"wp-block-heading\">W jaki spos\u00f3b konserwuje si\u0119 VITA INTENSE?<\/h1>\n\n\n\n<p>VITA INTENSE jest wytwarzany poprzez szczeg\u00f3lnie przyjazn\u0105 konserwacj\u0119 w odpowiedniej temperaturze i poprzez mo\u017cliwie najmniejsze u\u017cycie konserwantu sorbinianu potasu. Pozwala to zachowa\u0107 cenne sk\u0142adniki w najlepszy mo\u017cliwy spos\u00f3b, unikaj\u0105c w jak najwi\u0119kszym stopniu sztucznych dodatk\u00f3w.<\/p>\n\n\n\n<h1 class=\"wp-block-heading\">&#8222;Dlaczego VITA INTENSE jest w szklanej butelce? &#8222;<\/h1>\n\n\n\n<p>VITA INTENSE to dwie szklane butelki zawieraj\u0105ce po 500 ml eliksiru substancji witalnych oraz miark\u0119 zamkni\u0119te w wysokiej jako\u015bci, odpornym na uszkodzenia pude\u0142ku. Ciemne szk\u0142o i higieniczna zakr\u0119tka chroni\u0105 zawarto\u015b\u0107 przed utlenianiem spowodowanym \u015bwiat\u0142em i powietrzem, dzi\u0119ki czemu cenne sk\u0142adniki zachowuj\u0105 swoj\u0105 reaktywno\u015b\u0107. Dodatkowo podzielono miesi\u0119czn\u0105 dawk\u0119 na dwie szklane butelki, przez co ka\u017cda z nich jest otwierana na czas spo\u017cycia. Pomaga to chroni\u0107 sk\u0142adniki przed niepo\u017c\u0105danym utlenianiem, a tak\u017ce u\u0142atwia zabranie VITA INTENSE ze sob\u0105 w podr\u00f3\u017c i na wyjazdy.<\/p>\n\n\n\n<h1 class=\"wp-block-heading\">Dlaczego oferujemy VITA INTENSE r\u00f3wnie\u017c w formie saszetek?<\/h1>\n\n\n\n<p>Saszetka jest \u0142atwa w transporcie i spo\u017cyciu. Idealnie nadaje si\u0119 do zabrania ze sob\u0105, by by\u0107 dla Ciebie pod r\u0119k\u0105 w ka\u017cdej chwili.<\/p>\n\n\n\n<figure class=\"wp-block-image size-full\"><img loading=\"lazy\" decoding=\"async\" width=\"800\" height=\"800\" src=\"https:\/\/wia.net.pl\/wp-content\/uploads\/2023\/08\/203-vita-intense.jpg\" alt=\"\" class=\"wp-image-4014\" srcset=\"https:\/\/wia.net.pl\/wp-content\/uploads\/2023\/08\/203-vita-intense.jpg 800w, https:\/\/wia.net.pl\/wp-content\/uploads\/2023\/08\/203-vita-intense-300x300.jpg 300w, https:\/\/wia.net.pl\/wp-content\/uploads\/2023\/08\/203-vita-intense-150x150.jpg 150w, https:\/\/wia.net.pl\/wp-content\/uploads\/2023\/08\/203-vita-intense-768x768.jpg 768w\" sizes=\"(max-width: 800px) 100vw, 800px\" \/><\/figure>\n\n\n\n<h1 class=\"wp-block-heading\"><br>Stosowanie<\/h1>\n\n\n\n<p>VITA INTENSE nale\u017cy przyjmowa\u0107 za pomoc\u0105 do\u0142\u0105czonej miarki (porcja dzienna 33 ml), najlepiej spo\u017cy\u0107 bezpo\u015brednio przed posi\u0142kiem lub do posi\u0142ku. Po otwarciu przechowuj VITA INTENSE w lod\u00f3wce.<\/p>\n\n\n\n<p>VITA INTENSE w formie saszetki mo\u017cna wygodnie nosi\u0107 w torebce, kieszeni kurtki lub spodni. Wystarczy rozerwa\u0107 i cieszy\u0107 si\u0119 pysznym eliksirem witaminowym.<\/p>\n\n\n\n<figure class=\"wp-block-image size-full\"><img loading=\"lazy\" decoding=\"async\" width=\"724\" height=\"799\" src=\"https:\/\/wia.net.pl\/wp-content\/uploads\/2023\/08\/vitaintense1.jpg\" alt=\"\" class=\"wp-image-4015\" srcset=\"https:\/\/wia.net.pl\/wp-content\/uploads\/2023\/08\/vitaintense1.jpg 724w, https:\/\/wia.net.pl\/wp-content\/uploads\/2023\/08\/vitaintense1-272x300.jpg 272w\" sizes=\"(max-width: 724px) 100vw, 724px\" \/><\/figure>\n\n\n\n<h1 class=\"wp-block-heading\">Sk\u0142adniki<\/h1>\n\n\n\n<p>woda, syrop z agawy, sok z aronii&nbsp;(6%) z koncentratu, kwas L-askorbinowy, sok z limonki&nbsp;z koncentratu, regulator kwasowo\u015bci: ocet jab\u0142kowy, naturalne aromaty, sole magnezowe kwasu cytrynowego, zag\u0119szczacz: guma ksantanowa, \u015brodek konserwuj\u0105cy: sorbinian potasu, nikotynamid, D-pantotenian wapnia, octan DL-alfa-tokoferylu, ekstrakt z aloesu&nbsp;(0,05%), chlorowodorek pirydoksyny, ekstrakt z zielonej herbaty&nbsp;(0,02%), chlorowodorek tiaminy, rybofl awina, octan retinylu, kwas pteroilomonoglutaminowy (foliowy), D-biotyna, selenin sodu, cyjanokobalamina, cholekalcyferol.<\/p>\n\n\n\n<figure class=\"wp-block-image size-full\"><img loading=\"lazy\" decoding=\"async\" width=\"800\" height=\"800\" src=\"https:\/\/wia.net.pl\/wp-content\/uploads\/2023\/08\/243-vita-intense.jpg\" alt=\"\" class=\"wp-image-4016\" srcset=\"https:\/\/wia.net.pl\/wp-content\/uploads\/2023\/08\/243-vita-intense.jpg 800w, https:\/\/wia.net.pl\/wp-content\/uploads\/2023\/08\/243-vita-intense-300x300.jpg 300w, https:\/\/wia.net.pl\/wp-content\/uploads\/2023\/08\/243-vita-intense-150x150.jpg 150w, https:\/\/wia.net.pl\/wp-content\/uploads\/2023\/08\/243-vita-intense-768x768.jpg 768w\" sizes=\"(max-width: 800px) 100vw, 800px\" \/><\/figure>\n\n\n\n<div data-wp-interactive=\"core\/file\" class=\"wp-block-file\"><object data-wp-bind--hidden=\"!state.hasPdfPreview\"  class=\"wp-block-file__embed\" data=\"https:\/\/wia.net.pl\/wp-content\/uploads\/2023\/08\/info-vita-intense.pdf\" type=\"application\/pdf\" style=\"width:100%;height:600px\" aria-label=\"Osadzone z info-vita-intense.\"><\/object><a id=\"wp-block-file--media-f62f9437-d568-47e7-b4ff-6a0554703abd\" href=\"https:\/\/wia.net.pl\/wp-content\/uploads\/2023\/08\/info-vita-intense.pdf\">info-vita-intense<\/a><a href=\"https:\/\/wia.net.pl\/wp-content\/uploads\/2023\/08\/info-vita-intense.pdf\" class=\"wp-block-file__button wp-element-button\" download aria-describedby=\"wp-block-file--media-f62f9437-d568-47e7-b4ff-6a0554703abd\">Pobierz<\/a><\/div>\n\n\n\n<figure class=\"wp-block-video\"><video controls poster=\"https:\/\/wia.net.pl\/wp-content\/uploads\/2023\/08\/Vita-Intense.jpg\" src=\"https:\/\/wia.net.pl\/wp-content\/uploads\/2023\/08\/VITA-INTENSE-witalnosc-i-wydajnosc-organizmu.mp4\"><\/video><\/figure>\n\n\n\n<p>Tu zakupisz oryginalny produkt Vita Pure i inne:&nbsp;<a href=\"https:\/\/6763620.lvpartner.com\/shop\" target=\"_blank\" rel=\"noreferrer noopener\">https:\/\/6763620.lvpartner.com\/shop<\/a><\/p>\n\n\n\n<p>FB:&nbsp;<a href=\"https:\/\/www.facebook.com\/profile.php?id=100089385684214\" target=\"_blank\" rel=\"noreferrer noopener\">https:\/\/www.facebook.com\/profile.php?id=100089385684214<\/a><\/p>\n\n\n\n<p>Numer identyfikacyjny partnera: ID: 6763620<\/p>\n\n\n\n<p>Anna<\/p>\n\n\n\n<p>GSM: 695 949 707<\/p>\n\n\n\n<p>Mail: umyslcialoduch@gmail.com<\/p>\n\n\n\n<p>Link do zakupu pakiet\u00f3w dla tych kt\u00f3rzy przetestowali produkt i s\u0105 zdecydowani na wsp\u00f3\u0142prace biznesow\u0105:&nbsp;<a href=\"https:\/\/www.lavavitae.com\/index.php?ctrl=UHUwRmY5YmlSUEFja21mNVJhY0grZz09&amp;P\" target=\"_blank\" rel=\"noreferrer noopener\">https:\/\/www.lavavitae.com\/index.php?ctrl=UHUwRmY5YmlSUEFja21mNVJhY0grZz09&amp;P<\/a><\/p>\n\n\n\n<p class=\"has-medium-font-size\"><strong>Bezpo\u015bredni link do VITA INTENSE (butelki) <a href=\"https:\/\/6763620.lvpartner.com\/intense_flasche\" target=\"_blank\" rel=\"noopener\" title=\"\">https:\/\/6763620.lvpartner.com\/intense_flasche<\/a><\/strong><\/p>\n\n\n\n<p class=\"has-medium-font-size\"><strong>Bezpo\u015bredni link do VITA INTENSE (saszetki) <a href=\"https:\/\/6763620.lvpartner.com\/intense_sachets\" target=\"_blank\" rel=\"noopener\" title=\"\">https:\/\/6763620.lvpartner.com\/intense_sachets<\/a><\/strong><\/p>\n<div class=\"remoji_bar\"><div class=\"remoji_add_container\" data-remoji-id=\"4012\" data-remoji-type=\"post\"><div class=\"remoji_add_icon\"><\/div><\/div><div class=\"remoji_error_bar\" data-remoji-id=\"4012\" data-remoji-type=\"post\" style=\"display: none;\">Error happened.<\/div><\/div>","protected":false},"excerpt":{"rendered":"<p>VITA INTENSE VITA INTENSE to smaczny koncentrat substancji witalnych, kt\u00f3ry dostarcza organizmowi niezb\u0119dnych sk\u0142adnik\u00f3w od\u017cywczych i mikroelement\u00f3w. Aby o\u017cywi\u0107 organizm i zwi\u0119kszy\u0107 wydajno\u015b\u0107 w \u017cyciu codziennym. Witalizuj\u0105cy eliksir od\u017cywczy Witaminy i mikroelementy bior\u0105 udzia\u0142 we wszystkich procesach organizmu i musz\u0105&#8230; <\/p>\n","protected":false},"author":3,"featured_media":9509,"comment_status":"open","ping_status":"open","sticky":false,"template":"","format":"standard","meta":{"_acf_changed":false,"_bbp_topic_count":0,"_bbp_reply_count":0,"_bbp_total_topic_count":0,"_bbp_total_reply_count":0,"_bbp_voice_count":0,"_bbp_anonymous_reply_count":0,"_bbp_topic_count_hidden":0,"_bbp_reply_count_hidden":0,"_bbp_forum_subforum_count":0,"om_disable_all_campaigns":false,"_monsterinsights_skip_tracking":false,"_monsterinsights_sitenote_active":false,"_monsterinsights_sitenote_note":"","_monsterinsights_sitenote_category":0,"footnotes":""},"categories":[124],"tags":[],"class_list":["post-4012","post","type-post","status-publish","format-standard","has-post-thumbnail","hentry","category-oferta-i-informacje"],"acf":[],"aioseo_notices":[],"_links":{"self":[{"href":"https:\/\/wia.net.pl\/index.php\/wp-json\/wp\/v2\/posts\/4012"}],"collection":[{"href":"https:\/\/wia.net.pl\/index.php\/wp-json\/wp\/v2\/posts"}],"about":[{"href":"https:\/\/wia.net.pl\/index.php\/wp-json\/wp\/v2\/types\/post"}],"author":[{"embeddable":true,"href":"https:\/\/wia.net.pl\/index.php\/wp-json\/wp\/v2\/users\/3"}],"replies":[{"embeddable":true,"href":"https:\/\/wia.net.pl\/index.php\/wp-json\/wp\/v2\/comments?post=4012"}],"version-history":[{"count":3,"href":"https:\/\/wia.net.pl\/index.php\/wp-json\/wp\/v2\/posts\/4012\/revisions"}],"predecessor-version":[{"id":9510,"href":"https:\/\/wia.net.pl\/index.php\/wp-json\/wp\/v2\/posts\/4012\/revisions\/9510"}],"wp:featuredmedia":[{"embeddable":true,"href":"https:\/\/wia.net.pl\/index.php\/wp-json\/wp\/v2\/media\/9509"}],"wp:attachment":[{"href":"https:\/\/wia.net.pl\/index.php\/wp-json\/wp\/v2\/media?parent=4012"}],"wp:term":[{"taxonomy":"category","embeddable":true,"href":"https:\/\/wia.net.pl\/index.php\/wp-json\/wp\/v2\/categories?post=4012"},{"taxonomy":"post_tag","embeddable":true,"href":"https:\/\/wia.net.pl\/index.php\/wp-json\/wp\/v2\/tags?post=4012"}],"curies":[{"name":"wp","href":"https:\/\/api.w.org\/{rel}","templated":true}]}}