{"id":4062,"date":"2023-08-20T20:00:11","date_gmt":"2023-08-20T18:00:11","guid":{"rendered":"https:\/\/wia.net.pl\/?p=4062"},"modified":"2025-01-24T23:06:10","modified_gmt":"2025-01-24T22:06:10","slug":"vita-relax","status":"publish","type":"post","link":"https:\/\/wia.net.pl\/index.php\/2023\/08\/20\/vita-relax\/","title":{"rendered":"VITA RELAX \/ VITA FOCUS"},"content":{"rendered":"\n<h1 class=\"wp-block-heading\">VITA RELAX \/ VITA FOCUS<\/h1>\n\n\n\n<p>To paczuszka skoncentrowanej natury, zawieraj\u0105ca wiele prozdrowotnych sk\u0142adnik\u00f3w. Wyselekcjonowane, wysokiej jako\u015bci przyprawy i zio\u0142a w VITA RELAX zatroszcz\u0105 si\u0119 o przyjemne i dobre samopoczucie.<\/p>\n\n\n\n<ul class=\"wp-block-list\">\n<li>przyjemny smak mango<\/li>\n\n\n\n<li>naturalna witamina C z dzikiej r\u00f3\u017cy<\/li>\n\n\n\n<li>naturalne gorzkie sk\u0142adniki z galgantu i goryszu<\/li>\n\n\n\n<li>pobudzaj\u0105ca ga\u0142ka muszkato\u0142owa, cynamon i go\u017adziki<\/li>\n<\/ul>\n\n\n\n<h1 class=\"wp-block-heading\">VITA RELAX \u2013 si\u0142a tkwi w spokoju!<\/h1>\n\n\n\n<p>Uspok\u00f3j umys\u0142 i na\u0142aduj baterie &#8211; wiemy od dawna, jak to dzia\u0142a. Wielka Hildegarda z Bingen pozostawi\u0142a nam cenn\u0105 wiedz\u0119 na ten temat. Pod\u0105\u017caj\u0105c \u015bladami tych niezwyk\u0142ych \u015bredniowiecznych \u015bwi\u0119tych, LavaVitae opracowa\u0142a VITA RELAX \u0142\u0105cz\u0105c najpot\u0119\u017cniejsze substancje w harmonijne wsparcie w regeneracji. Czy to rano, w po\u0142udnie, wieczorem czy po prostu w wolnej chwili &#8211; kr\u00f3tka przerwa na relaks i z\u0142apanie oddechu.<\/p>\n\n\n\n<h1 class=\"wp-block-heading\">Zastrzyk energii w kieszeni<\/h1>\n\n\n\n<p>Dawna wiedza zosta\u0142a zinterpretowana na nowo. VITA RELAX \u0142\u0105czy tradycyjne zio\u0142a, takie jak galgant, gorysz, ga\u0142ka muszkato\u0142owa, cynamon i go\u017adziki z sk\u0142adnikami b\u0119d\u0105cymi na czasie, takimi jak szafran, konopie, mi\u0119ta pieprzowa i naturalna witamina C z dzikiej r\u00f3\u017cy. Ta naturalna mieszanka regeneracyjna jest uzupe\u0142niona zastrzykiem naturalnej kofeiny. W ten spos\u00f3b VITA RELAX zapewnia delikatne pobudzenie energetyczne po\u0142\u0105czone z koj\u0105cymi aromatami dla cia\u0142a, umys\u0142u i duszy, poniewa\u017c \u201esi\u0142a tkwi w spokoju\u201d.<\/p>\n\n\n\n<figure class=\"wp-block-image size-full\"><img loading=\"lazy\" decoding=\"async\" width=\"760\" height=\"530\" src=\"https:\/\/wia.net.pl\/wp-content\/uploads\/2023\/08\/vita-relax-info-pl.jpg\" alt=\"\" class=\"wp-image-4063\" srcset=\"https:\/\/wia.net.pl\/wp-content\/uploads\/2023\/08\/vita-relax-info-pl.jpg 760w, https:\/\/wia.net.pl\/wp-content\/uploads\/2023\/08\/vita-relax-info-pl-300x209.jpg 300w\" sizes=\"(max-width: 760px) 100vw, 760px\" \/><\/figure>\n\n\n\n<h1 class=\"wp-block-heading\">\u200bDlaczego VITA RELAX jest w saszetce?<\/h1>\n\n\n\n<p>VITA RELAX to delikatny zastrzyk energii i pomoc w regeneracji. Saszetka jest \u0142atwa w transporcie i spo\u017cyciu. Jest idealna do zabrania ze sob\u0105 do kieszeni, dzi\u0119ki czemu zawsze mo\u017cna mie\u0107 j\u0105 pod r\u0119k\u0105. Poniewa\u017c proszek wsypujemy bezpo\u015brednio na j\u0119zyk, to znajduj\u0105ce si\u0119 w nim cenne zio\u0142a, w przeciwie\u0144stwie do kapsu\u0142ek, mog\u0105 by\u0107 wch\u0142aniane bezpo\u015brednio przez b\u0142on\u0119 \u015bluzow\u0105 jamy ustnej.<\/p>\n\n\n\n<hr class=\"wp-block-separator has-alpha-channel-opacity\"\/>\n\n\n\n<h1 class=\"wp-block-heading\">Dlaczego VITA RELAX smakuje jak mango?<\/h1>\n\n\n\n<p>Dobroczynne zio\u0142a, w tym te od Hildegardy z Bingen, maj\u0105 smak od gorzkiego a\u017c po ostry. \u0141\u0105cz\u0105c go z owocow\u0105 s\u0142odycz\u0105 mango, po wielu testach uda\u0142o si\u0119 stworzy\u0107 kompozycj\u0119 o najlepszych i najprzyjemniejszych doznaniach smakowych. Ten harmonijny smak cierpkich zi\u00f3\u0142 zosta\u0142 uzupe\u0142niony odrobin\u0105 glukozy i naturaln\u0105 s\u0142odycz\u0105 ekstraktu z herbaty je\u017cynowej.<\/p>\n\n\n\n<hr class=\"wp-block-separator has-alpha-channel-opacity\"\/>\n\n\n\n<h1 class=\"wp-block-heading\">Ile kofeiny zawiera VITA RELAX?<\/h1>\n\n\n\n<p>Relaks wymaga energii, dlatego w LavaVitae zawarli\u015bmy w VITA RELAX to, z czego s\u0142yn\u0105 Arabowie i kr\u00f3lowa Amazonek. 40 mg kofeiny z coffea arabica i guarany pozwalaj\u0105 odetchn\u0105\u0107 pe\u0142n\u0105 piersi\u0105. Taka ilo\u015b\u0107 kofeiny odpowiada mniej wi\u0119cej fili\u017cance espresso.<\/p>\n\n\n\n<figure class=\"wp-block-image size-full\"><img loading=\"lazy\" decoding=\"async\" width=\"760\" height=\"530\" src=\"https:\/\/wia.net.pl\/wp-content\/uploads\/2023\/08\/vita-relax-main-de.jpg\" alt=\"\" class=\"wp-image-4064\" srcset=\"https:\/\/wia.net.pl\/wp-content\/uploads\/2023\/08\/vita-relax-main-de.jpg 760w, https:\/\/wia.net.pl\/wp-content\/uploads\/2023\/08\/vita-relax-main-de-300x209.jpg 300w\" sizes=\"(max-width: 760px) 100vw, 760px\" \/><\/figure>\n\n\n\n<h1 class=\"wp-block-heading\"><br>Stosowanie<\/h1>\n\n\n\n<p>VITA RELAX znajduje si\u0119 w pojedynczych saszetkach, dzi\u0119ki czemu mo\u017cna j\u0105 spakowa\u0107 do torebki, kurtki lub kieszeni. Wystarczy rozerwa\u0107 saszetk\u0119, wsypa\u0107 zawarto\u015b\u0107 na j\u0119zyk i mo\u017cemy cieszy\u0107 si\u0119 owocowym proszkiem z przyprawami.<\/p>\n\n\n\n<figure class=\"wp-block-image size-full\"><img loading=\"lazy\" decoding=\"async\" width=\"739\" height=\"547\" src=\"https:\/\/wia.net.pl\/wp-content\/uploads\/2023\/08\/vitarelax1.jpg\" alt=\"\" class=\"wp-image-4065\" srcset=\"https:\/\/wia.net.pl\/wp-content\/uploads\/2023\/08\/vitarelax1.jpg 739w, https:\/\/wia.net.pl\/wp-content\/uploads\/2023\/08\/vitarelax1-300x222.jpg 300w\" sizes=\"(max-width: 739px) 100vw, 739px\" \/><\/figure>\n\n\n\n<figure class=\"wp-block-image size-full\"><img loading=\"lazy\" decoding=\"async\" width=\"800\" height=\"800\" src=\"https:\/\/wia.net.pl\/wp-content\/uploads\/2023\/08\/212-vita-relax.jpg\" alt=\"\" class=\"wp-image-4066\" srcset=\"https:\/\/wia.net.pl\/wp-content\/uploads\/2023\/08\/212-vita-relax.jpg 800w, https:\/\/wia.net.pl\/wp-content\/uploads\/2023\/08\/212-vita-relax-300x300.jpg 300w, https:\/\/wia.net.pl\/wp-content\/uploads\/2023\/08\/212-vita-relax-150x150.jpg 150w, https:\/\/wia.net.pl\/wp-content\/uploads\/2023\/08\/212-vita-relax-768x768.jpg 768w\" sizes=\"(max-width: 800px) 100vw, 800px\" \/><\/figure>\n\n\n\n<div data-wp-interactive=\"core\/file\" class=\"wp-block-file\"><object data-wp-bind--hidden=\"!state.hasPdfPreview\"  class=\"wp-block-file__embed\" data=\"https:\/\/wia.net.pl\/wp-content\/uploads\/2023\/08\/info-vita-relax.pdf\" type=\"application\/pdf\" style=\"width:100%;height:600px\" aria-label=\"Osadzone z info-vita-relax.\"><\/object><a id=\"wp-block-file--media-6ea091f9-f17a-4fab-8c98-cc8f1fedbe54\" href=\"https:\/\/wia.net.pl\/wp-content\/uploads\/2023\/08\/info-vita-relax.pdf\">info-vita-relax<\/a><a href=\"https:\/\/wia.net.pl\/wp-content\/uploads\/2023\/08\/info-vita-relax.pdf\" class=\"wp-block-file__button wp-element-button\" download aria-describedby=\"wp-block-file--media-6ea091f9-f17a-4fab-8c98-cc8f1fedbe54\">Pobierz<\/a><\/div>\n\n\n\n<figure class=\"wp-block-video\"><video controls poster=\"https:\/\/wia.net.pl\/wp-content\/uploads\/2023\/08\/Vita-Focus.jpg\" src=\"https:\/\/wia.net.pl\/wp-content\/uploads\/2023\/08\/VITA-RELAX-koncentracja-i-wspomaganie-regeneracji-ziola-alpejskie.mp4\"><\/video><\/figure>\n\n\n\n<p>Tu zakupisz oryginalny produkt Vita Pure i inne:&nbsp;<a href=\"https:\/\/6763620.lvpartner.com\/shop\" target=\"_blank\" rel=\"noreferrer noopener\">https:\/\/6763620.lvpartner.com\/shop<\/a><\/p>\n\n\n\n<p>FB:&nbsp;<a href=\"https:\/\/www.facebook.com\/profile.php?id=100089385684214\" target=\"_blank\" rel=\"noreferrer noopener\">https:\/\/www.facebook.com\/profile.php?id=100089385684214<\/a><\/p>\n\n\n\n<p>Numer identyfikacyjny partnera: ID: 6763620<\/p>\n\n\n\n<p>Anna<\/p>\n\n\n\n<p>GSM: 695 949 707<\/p>\n\n\n\n<p>Mail: umyslcialoduch@gmail.com<\/p>\n\n\n\n<p>Link do zakupu pakiet\u00f3w dla tych kt\u00f3rzy przetestowali produkt i s\u0105 zdecydowani na wsp\u00f3\u0142prace biznesow\u0105:&nbsp;<a href=\"https:\/\/www.lavavitae.com\/index.php?ctrl=UHUwRmY5YmlSUEFja21mNVJhY0grZz09&amp;P\" target=\"_blank\" rel=\"noreferrer noopener\">https:\/\/www.lavavitae.com\/index.php?ctrl=UHUwRmY5YmlSUEFja21mNVJhY0grZz09&amp;P<\/a><\/p>\n\n\n\n<p class=\"has-medium-font-size\"><strong>Bezpo\u015bredni link do VITA RELAX <a href=\"https:\/\/6763620.lvpartner.com\/vitarelax\" target=\"_blank\" rel=\"noopener\" title=\"\">https:\/\/6763620.lvpartner.com\/vitarelax<\/a><\/strong><\/p>\n<div class=\"remoji_bar\"><div class=\"remoji_add_container\" data-remoji-id=\"4062\" data-remoji-type=\"post\"><div class=\"remoji_add_icon\"><\/div><\/div><div class=\"remoji_error_bar\" data-remoji-id=\"4062\" data-remoji-type=\"post\" style=\"display: none;\">Error happened.<\/div><\/div>","protected":false},"excerpt":{"rendered":"<p>VITA RELAX \/ VITA FOCUS To paczuszka skoncentrowanej natury, zawieraj\u0105ca wiele prozdrowotnych sk\u0142adnik\u00f3w. Wyselekcjonowane, wysokiej jako\u015bci przyprawy i zio\u0142a w VITA RELAX zatroszcz\u0105 si\u0119 o przyjemne i dobre samopoczucie. VITA RELAX \u2013 si\u0142a tkwi w spokoju! Uspok\u00f3j umys\u0142 i na\u0142aduj&#8230; <\/p>\n","protected":false},"author":3,"featured_media":9521,"comment_status":"open","ping_status":"open","sticky":false,"template":"","format":"standard","meta":{"_acf_changed":false,"_bbp_topic_count":0,"_bbp_reply_count":0,"_bbp_total_topic_count":0,"_bbp_total_reply_count":0,"_bbp_voice_count":0,"_bbp_anonymous_reply_count":0,"_bbp_topic_count_hidden":0,"_bbp_reply_count_hidden":0,"_bbp_forum_subforum_count":0,"om_disable_all_campaigns":false,"_monsterinsights_skip_tracking":false,"_monsterinsights_sitenote_active":false,"_monsterinsights_sitenote_note":"","_monsterinsights_sitenote_category":0,"footnotes":""},"categories":[124],"tags":[],"class_list":["post-4062","post","type-post","status-publish","format-standard","has-post-thumbnail","hentry","category-oferta-i-informacje"],"acf":[],"aioseo_notices":[],"_links":{"self":[{"href":"https:\/\/wia.net.pl\/index.php\/wp-json\/wp\/v2\/posts\/4062"}],"collection":[{"href":"https:\/\/wia.net.pl\/index.php\/wp-json\/wp\/v2\/posts"}],"about":[{"href":"https:\/\/wia.net.pl\/index.php\/wp-json\/wp\/v2\/types\/post"}],"author":[{"embeddable":true,"href":"https:\/\/wia.net.pl\/index.php\/wp-json\/wp\/v2\/users\/3"}],"replies":[{"embeddable":true,"href":"https:\/\/wia.net.pl\/index.php\/wp-json\/wp\/v2\/comments?post=4062"}],"version-history":[{"count":3,"href":"https:\/\/wia.net.pl\/index.php\/wp-json\/wp\/v2\/posts\/4062\/revisions"}],"predecessor-version":[{"id":9522,"href":"https:\/\/wia.net.pl\/index.php\/wp-json\/wp\/v2\/posts\/4062\/revisions\/9522"}],"wp:featuredmedia":[{"embeddable":true,"href":"https:\/\/wia.net.pl\/index.php\/wp-json\/wp\/v2\/media\/9521"}],"wp:attachment":[{"href":"https:\/\/wia.net.pl\/index.php\/wp-json\/wp\/v2\/media?parent=4062"}],"wp:term":[{"taxonomy":"category","embeddable":true,"href":"https:\/\/wia.net.pl\/index.php\/wp-json\/wp\/v2\/categories?post=4062"},{"taxonomy":"post_tag","embeddable":true,"href":"https:\/\/wia.net.pl\/index.php\/wp-json\/wp\/v2\/tags?post=4062"}],"curies":[{"name":"wp","href":"https:\/\/api.w.org\/{rel}","templated":true}]}}