{"id":4092,"date":"2023-08-20T20:30:26","date_gmt":"2023-08-20T18:30:26","guid":{"rendered":"https:\/\/wia.net.pl\/?p=4092"},"modified":"2024-01-28T03:22:24","modified_gmt":"2024-01-28T02:22:24","slug":"vita-min-d3","status":"publish","type":"post","link":"https:\/\/wia.net.pl\/index.php\/2023\/08\/20\/vita-min-d3\/","title":{"rendered":"VITA MIN D3"},"content":{"rendered":"\n<h1 class=\"wp-block-heading\">VITA MIN D3<\/h1>\n\n\n\n<p>Wystarczaj\u0105ca ilo\u015b\u0107 witaminy D jest podstawowym sk\u0142adnikiem zapewniaj\u0105cym zdrowe \u017cycie.<\/p>\n\n\n\n<ul class=\"wp-block-list\">\n<li>wzmacnia uk\u0142ad odporno\u015bciowy<\/li>\n\n\n\n<li>przyczynia si\u0119 do wch\u0142aniania wapnia i fosforu<\/li>\n\n\n\n<li>przyczynia si\u0119 do ochrony ko\u015bci i z\u0119b\u00f3w<\/li>\n\n\n\n<li>przyczynia si\u0119 do prawid\u0142owego poziomu wapnia we krwi<\/li>\n<\/ul>\n\n\n\n<h1 class=\"wp-block-heading\">\u201eWitamina s\u0142o\u0144ca\u201d<\/h1>\n\n\n\n<p>Witamina s\u0142o\u0144ca D3 mo\u017ce by\u0107 w zasadzie produkowana niezale\u017cnie przez organizm ludzki przy pomocy promieni s\u0142onecznych. Jednak w wi\u0119kszo\u015bci kraj\u00f3w europejskich ludzie nie otrzymuj\u0105 wystarczaj\u0105cej ilo\u015bci \u015bwiat\u0142a s\u0142onecznego, aby by\u0107 odpowiednio zaopatrzeni w t\u0119 witamin\u0119. W rezultacie prawie wszyscy ludzie w naszych szeroko\u015bciach geograficznych maj\u0105 niedob\u00f3r witaminy D o daleko id\u0105cych konsekwencjach. Suplementacja witamin\u0105 D jest zatem zalecana jako rozs\u0105dna i konieczna.<\/p>\n\n\n\n<h1 class=\"wp-block-heading\">Wi\u0119cej ni\u017c tylko mocne ko\u015bci!<\/h1>\n\n\n\n<p>Witamina D jest szczeg\u00f3lnie znana z dzia\u0142ania wzmacniaj\u0105cego ko\u015bci. Wspomaga ona wch\u0142anianie wapnia do ko\u015bci i jednocze\u015bnie hamuje pojawiaj\u0105ce si\u0119 w nich ubytki. Ale jej znaczenie dla ludzi si\u0119ga znacznie dalej, poniewa\u017c ta witamina s\u0142o\u0144ca bierze udzia\u0142 w tysi\u0105cach proces\u00f3w regulacyjnych i jest niezb\u0119dna dla kompleksowego zdrowia.<\/p>\n\n\n\n<figure class=\"wp-block-image size-full\"><img loading=\"lazy\" decoding=\"async\" width=\"760\" height=\"530\" src=\"https:\/\/wia.net.pl\/wp-content\/uploads\/2023\/08\/vitamin-d3-info-pl.jpg\" alt=\"\" class=\"wp-image-4093\" srcset=\"https:\/\/wia.net.pl\/wp-content\/uploads\/2023\/08\/vitamin-d3-info-pl.jpg 760w, https:\/\/wia.net.pl\/wp-content\/uploads\/2023\/08\/vitamin-d3-info-pl-300x209.jpg 300w\" sizes=\"(max-width: 760px) 100vw, 760px\" \/><\/figure>\n\n\n\n<h1 class=\"wp-block-heading\"><br>Uszlachetnianie<\/h1>\n\n\n\n<p>Pomimo starannej i delikatnej produkcji, nawet w przypadku produkt\u00f3w naturalnych nast\u0119puje nieunikniona zmiana pierwotnych wibracji! LavaVitae aktywuje wszystkie produkty specjalnym procesem naturalnego rezonansu i przywraca ich pierwotn\u0105 si\u0142\u0119 wibracji!<\/p>\n\n\n\n<p>Dzi\u0119ki temu sk\u0142adniki s\u0105 bardziej biodost\u0119pne, co znacznie poprawia w\u0142a\u015bciwo\u015bci aktywne na poziomie kom\u00f3rkowym. Zosta\u0142o to w imponuj\u0105cy spos\u00f3b udowodnione w badaniach naukowych nad kom\u00f3rkami.<\/p>\n\n\n\n<h1 class=\"wp-block-heading\">Czy nie produkujemy wystarczaj\u0105co du\u017co witaminy D przebywaj\u0105c na s\u0142o\u0144cu?<\/h1>\n\n\n\n<p>W zasadzie jest to mo\u017cliwe, ale wi\u0119kszo\u015b\u0107 populacji cierpi na znaczny niedob\u00f3r witaminy D. Wynika to g\u0142\u00f3wnie z faktu, \u017ce tylko w miesi\u0105cach letnich, od maja do pa\u017adziernika, \u015bwiat\u0142o s\u0142oneczne zawiera wystarczaj\u0105c\u0105 ilo\u015b\u0107 promieniowania UVB, kt\u00f3re jest niezb\u0119dne do produkcji witaminy D w sk\u00f3rze.<\/p>\n\n\n\n<p>Ponadto, aby produkcja by\u0142a wystarczaj\u0105ca, konieczne jest opalanie si\u0119 w godzinach po\u0142udniowych, mo\u017cliwie bez ubra\u0144. Sama ekspozycja r\u0105k i twarzy na s\u0142o\u0144cu to za ma\u0142o. Dodatkowo stosowanie filtr\u00f3w przeciws\u0142onecznych zapobiega skutecznej produkcji tej witaminy.<\/p>\n\n\n\n<p>Z tych wszystkich przyczyn poziom witaminy D u wi\u0119kszo\u015bci ludzi jest obni\u017cony nawet w okresie letnim, dlatego z powodzeniem mo\u017cna poleca\u0107 jej stosowanie przez ca\u0142y rok.<br>&nbsp;<\/p>\n\n\n\n<hr class=\"wp-block-separator has-alpha-channel-opacity\"\/>\n\n\n\n<h1 class=\"wp-block-heading\">Dla kogo wa\u017cna jest witamina D?<\/h1>\n\n\n\n<p>Badania na du\u017c\u0105 skal\u0119, takie jak National Consumption Study w Niemczech pokazuj\u0105, \u017ce oko\u0142o 85% populacji nie osi\u0105ga nawet bardzo niskich warto\u015bci granicznych witaminy D, kt\u00f3re wed\u0142ug bada\u0144 s\u0105 wystarczaj\u0105ce tylko do zapobiegania masowemu ubytkowi ko\u015bci.<\/p>\n\n\n\n<p>Aby uzyska\u0107 wiele innych pozytywnych efekt\u00f3w, wymaga\u0142oby to ponad dwukrotnie wi\u0119kszej ilo\u015bci witaminy D we krwi. Liczby te mog\u0105 oznacza\u0107 tylko jeden rozs\u0105dny wniosek: ka\u017cdy powinien suplementowa\u0107 witamin\u0119 D jako niezb\u0119dny element zr\u00f3\u017cnicowanej diety &#8211; od ma\u0142ych dzieci po senior\u00f3w.<\/p>\n\n\n\n<p>W szczeg\u00f3lno\u015bci zwi\u0119kszone zapotrzebowanie maj\u0105 osoby z chorobami przewlek\u0142ymi, wysokim poziomem stresu, dzieci i m\u0142odzie\u017c, kobiety w ci\u0105\u017cy, a tak\u017ce te osoby, kt\u00f3re regularnie przyjmuj\u0105 leki. Skutki niedobor\u00f3w staj\u0105 si\u0119 widoczne rok po roku w sezonie grypowym.<\/p>\n\n\n\n<figure class=\"wp-block-image size-full\"><img loading=\"lazy\" decoding=\"async\" width=\"760\" height=\"530\" src=\"https:\/\/wia.net.pl\/wp-content\/uploads\/2023\/08\/vitamin-d3-lifestyle-pl.jpg\" alt=\"\" class=\"wp-image-4094\" srcset=\"https:\/\/wia.net.pl\/wp-content\/uploads\/2023\/08\/vitamin-d3-lifestyle-pl.jpg 760w, https:\/\/wia.net.pl\/wp-content\/uploads\/2023\/08\/vitamin-d3-lifestyle-pl-300x209.jpg 300w\" sizes=\"(max-width: 760px) 100vw, 760px\" \/><\/figure>\n\n\n\n<h1 class=\"wp-block-heading\"><br>Zastosowanie<\/h1>\n\n\n\n<p>Jako producent preparat\u00f3w witaminowych, LavaVitae nie mo\u017ce zaleca\u0107 dawek, kt\u00f3re nie s\u0105 wspierane przez przepisy UE. W zwi\u0105zku z tym na naszych produktach s\u0105 podane przepisowe dawki. Poniewa\u017c jednak zalecenia r\u00f3\u017cnych organizacji znacznie si\u0119 od siebie r\u00f3\u017cni\u0105, przedstawili\u015bmy ma\u0142y przegl\u0105d r\u00f3\u017cnych zalece\u0144 dotycz\u0105cych przyjmowania r\u00f3\u017cnych organizacji jedynie w celach informacyjnych:<\/p>\n\n\n\n<figure class=\"wp-block-image size-large\"><img loading=\"lazy\" decoding=\"async\" width=\"1024\" height=\"741\" src=\"https:\/\/wia.net.pl\/wp-content\/uploads\/2023\/08\/vitad3-1024x741.jpg\" alt=\"\" class=\"wp-image-4095\" srcset=\"https:\/\/wia.net.pl\/wp-content\/uploads\/2023\/08\/vitad3-1024x741.jpg 1024w, https:\/\/wia.net.pl\/wp-content\/uploads\/2023\/08\/vitad3-300x217.jpg 300w, https:\/\/wia.net.pl\/wp-content\/uploads\/2023\/08\/vitad3-768x556.jpg 768w, https:\/\/wia.net.pl\/wp-content\/uploads\/2023\/08\/vitad3.jpg 1151w\" sizes=\"(max-width: 1024px) 100vw, 1024px\" \/><\/figure>\n\n\n\n<figure class=\"wp-block-video\"><video controls src=\"https:\/\/wia.net.pl\/wp-content\/uploads\/2023\/08\/025-vitamin-d.mp4\"><\/video><\/figure>\n\n\n\n<p>Tu zakupisz oryginalny produkt Vita Pure i inne:&nbsp;<a href=\"https:\/\/6763620.lvpartner.com\/shop\" target=\"_blank\" rel=\"noreferrer noopener\">https:\/\/6763620.lvpartner.com\/shop<\/a><\/p>\n\n\n\n<p>FB:&nbsp;<a href=\"https:\/\/www.facebook.com\/profile.php?id=100089385684214\" target=\"_blank\" rel=\"noreferrer noopener\">https:\/\/www.facebook.com\/profile.php?id=100089385684214<\/a><\/p>\n\n\n\n<p>Numer identyfikacyjny partnera: ID: 6763620<\/p>\n\n\n\n<p>Anna<\/p>\n\n\n\n<p>GSM: 695 949 707<\/p>\n\n\n\n<p>Mail: umyslcialoduch@gmail.com<\/p>\n\n\n\n<p>Link do zakupu pakiet\u00f3w dla tych kt\u00f3rzy przetestowali produkt i s\u0105 zdecydowani na wsp\u00f3\u0142prace biznesow\u0105:&nbsp;<a href=\"https:\/\/www.lavavitae.com\/index.php?ctrl=UHUwRmY5YmlSUEFja21mNVJhY0grZz09&amp;P\" target=\"_blank\" rel=\"noreferrer noopener\">https:\/\/www.lavavitae.com\/index.php?ctrl=UHUwRmY5YmlSUEFja21mNVJhY0grZz09&amp;P<\/a><\/p>\n\n\n\n<p class=\"has-medium-font-size\"><strong>Bezpo\u015bredni link do VITA MIN D3 <a href=\"https:\/\/6763620.lvpartner.com\/vitamin-d3\" target=\"_blank\" rel=\"noopener\" title=\"\">https:\/\/6763620.lvpartner.com\/vitamin-d3<\/a><\/strong><\/p>\n<div class=\"remoji_bar\"><div class=\"remoji_add_container\" data-remoji-id=\"4092\" data-remoji-type=\"post\"><div class=\"remoji_add_icon\"><\/div><\/div><div class=\"remoji_error_bar\" data-remoji-id=\"4092\" data-remoji-type=\"post\" style=\"display: none;\">Error happened.<\/div><\/div>","protected":false},"excerpt":{"rendered":"<p>VITA MIN D3 Wystarczaj\u0105ca ilo\u015b\u0107 witaminy D jest podstawowym sk\u0142adnikiem zapewniaj\u0105cym zdrowe \u017cycie. \u201eWitamina s\u0142o\u0144ca\u201d Witamina s\u0142o\u0144ca D3 mo\u017ce by\u0107 w zasadzie produkowana niezale\u017cnie przez organizm ludzki przy pomocy promieni s\u0142onecznych. Jednak w wi\u0119kszo\u015bci kraj\u00f3w europejskich ludzie nie otrzymuj\u0105 wystarczaj\u0105cej&#8230; <\/p>\n","protected":false},"author":3,"featured_media":4098,"comment_status":"open","ping_status":"open","sticky":false,"template":"","format":"standard","meta":{"_acf_changed":false,"_bbp_topic_count":0,"_bbp_reply_count":0,"_bbp_total_topic_count":0,"_bbp_total_reply_count":0,"_bbp_voice_count":0,"_bbp_anonymous_reply_count":0,"_bbp_topic_count_hidden":0,"_bbp_reply_count_hidden":0,"_bbp_forum_subforum_count":0,"om_disable_all_campaigns":false,"_monsterinsights_skip_tracking":false,"_monsterinsights_sitenote_active":false,"_monsterinsights_sitenote_note":"","_monsterinsights_sitenote_category":0,"footnotes":""},"categories":[124],"tags":[],"class_list":["post-4092","post","type-post","status-publish","format-standard","has-post-thumbnail","hentry","category-oferta-i-informacje"],"acf":[],"aioseo_notices":[],"_links":{"self":[{"href":"https:\/\/wia.net.pl\/index.php\/wp-json\/wp\/v2\/posts\/4092"}],"collection":[{"href":"https:\/\/wia.net.pl\/index.php\/wp-json\/wp\/v2\/posts"}],"about":[{"href":"https:\/\/wia.net.pl\/index.php\/wp-json\/wp\/v2\/types\/post"}],"author":[{"embeddable":true,"href":"https:\/\/wia.net.pl\/index.php\/wp-json\/wp\/v2\/users\/3"}],"replies":[{"embeddable":true,"href":"https:\/\/wia.net.pl\/index.php\/wp-json\/wp\/v2\/comments?post=4092"}],"version-history":[{"count":2,"href":"https:\/\/wia.net.pl\/index.php\/wp-json\/wp\/v2\/posts\/4092\/revisions"}],"predecessor-version":[{"id":6779,"href":"https:\/\/wia.net.pl\/index.php\/wp-json\/wp\/v2\/posts\/4092\/revisions\/6779"}],"wp:featuredmedia":[{"embeddable":true,"href":"https:\/\/wia.net.pl\/index.php\/wp-json\/wp\/v2\/media\/4098"}],"wp:attachment":[{"href":"https:\/\/wia.net.pl\/index.php\/wp-json\/wp\/v2\/media?parent=4092"}],"wp:term":[{"taxonomy":"category","embeddable":true,"href":"https:\/\/wia.net.pl\/index.php\/wp-json\/wp\/v2\/categories?post=4092"},{"taxonomy":"post_tag","embeddable":true,"href":"https:\/\/wia.net.pl\/index.php\/wp-json\/wp\/v2\/tags?post=4092"}],"curies":[{"name":"wp","href":"https:\/\/api.w.org\/{rel}","templated":true}]}}