{"id":4153,"date":"2023-08-22T12:07:41","date_gmt":"2023-08-22T10:07:41","guid":{"rendered":"https:\/\/wia.net.pl\/?p=4153"},"modified":"2023-08-22T12:07:42","modified_gmt":"2023-08-22T10:07:42","slug":"rakieta-planowania-pandemii","status":"publish","type":"post","link":"https:\/\/wia.net.pl\/index.php\/2023\/08\/22\/rakieta-planowania-pandemii\/","title":{"rendered":"Rakieta planowania pandemii"},"content":{"rendered":"\n<p>Autor, Dr\u00a0<a href=\"https:\/\/www.lewrockwell.com\/author\/joseph-mercola\/?ptype=article\">Joseph Mercola<\/a><\/p>\n\n\n\n<p><a href=\"https:\/\/www.mercola.com\/\">Mercola.com<\/a><\/p>\n\n\n\n<p>22 sierpnia 2023 r<\/p>\n\n\n\n<figure class=\"wp-block-image size-large\"><img loading=\"lazy\" decoding=\"async\" width=\"1024\" height=\"576\" src=\"https:\/\/wia.net.pl\/wp-content\/uploads\/2023\/08\/szcz-1-1024x576.jpg\" alt=\"\" class=\"wp-image-4157\" srcset=\"https:\/\/wia.net.pl\/wp-content\/uploads\/2023\/08\/szcz-1-1024x576.jpg 1024w, https:\/\/wia.net.pl\/wp-content\/uploads\/2023\/08\/szcz-1-300x169.jpg 300w, https:\/\/wia.net.pl\/wp-content\/uploads\/2023\/08\/szcz-1-768x432.jpg 768w, https:\/\/wia.net.pl\/wp-content\/uploads\/2023\/08\/szcz-1-1536x864.jpg 1536w, https:\/\/wia.net.pl\/wp-content\/uploads\/2023\/08\/szcz-1-480x270.jpg 480w, https:\/\/wia.net.pl\/wp-content\/uploads\/2023\/08\/szcz-1.jpg 1920w\" sizes=\"(max-width: 1024px) 100vw, 1024px\" \/><\/figure>\n\n\n\n<p>Jesieni\u0105 2022 r. media g\u0142\u00f3wnego nurtu zacz\u0119\u0142y ostrzega\u0107 przed potencjaln\u0105 \u201epotr\u00f3jn\u0105 epidemi\u0105\u201d, w kt\u00f3rej COVID, grypa sezonowa&nbsp;<sup>1<\/sup>&nbsp;&nbsp;i syncytialny wirus oddechowy (RSV)&nbsp;<sup>2<\/sup>&nbsp;&nbsp;kr\u0105\u017c\u0105 w tym samym czasie.&nbsp;M\u00f3wi\u0105, \u017ce strach si\u0119 sprzedaje i z pewno\u015bci\u0105 jest to powiedzenie u\u017cywane przez Big Pharma, je\u015bli chodzi o szczepionki.<\/p>\n\n\n\n<p>Nag\u0142e skupienie si\u0119 w szczeg\u00f3lno\u015bci na RSV, kt\u00f3re istnia\u0142o od dziesi\u0119cioleci, tak si\u0119 z\u0142o\u017cy\u0142o, \u017ce zbieg\u0142o si\u0119 z og\u0142oszeniami, \u017ce szczepionki przeciwko RSV s\u0105 opracowywane w trybie przyspieszonym \u2014 ryzykowne przedsi\u0119wzi\u0119cie, je\u015bli w og\u00f3le takie istnia\u0142o, bior\u0105c pod uwag\u0119, \u017ce producenci szczepionek pr\u00f3buj\u0105 wprowadzi\u0107 wirusa RSV wprowadza\u0107 szczepionk\u0119 na rynek przez oko\u0142o 60 lat i nie mog\u0142a tego zrobi\u0107 ze wzgl\u0119d\u00f3w bezpiecze\u0144stwa.<\/p>\n\n\n\n<p>Nic dziwnego, \u017ce Pfizer i Moderna pracuj\u0105 r\u00f3wnie\u017c nad kombinacj\u0105 szczepie\u0144 mRNA dla COVID, RSV i grypy,&nbsp;<sup>3<\/sup>&nbsp;&nbsp;obecnie oczekuje si\u0119, \u017ce trafi\u0105 na rynek w 2024 i\/lub 2025 r.&nbsp;<sup>4<\/sup>&nbsp;&nbsp;Ameryka\u0144ska Agencja ds. \u017bywno\u015bci i Lek\u00f3w zatwierdzi\u0142a pierwsz\u0105 w historii szczepionk\u0119 przeciwko RSV w lato 2023 dla senior\u00f3w w wieku 60 lat i starszych \u2014 jeden od Pfizer (Abrysvo)&nbsp;<sup>5<\/sup>&nbsp;&nbsp;i jeden od GlaxoSmithKline (Arexvy).&nbsp;<sup>6<\/sup><\/p>\n\n\n\n<p>Obie szczepionki s\u0105 rekombinowanymi szczepionkami podjednostkowymi, co oznacza, \u017ce \u200b\u200bpewne bia\u0142ka wirusowe s\u0105 wykorzystywane do wywo\u0142ania odpowiedzi immunologicznej,&nbsp;<sup>7<\/sup>&nbsp;&nbsp;i obaj producenci zg\u0142aszali zesp\u00f3\u0142 Guillain-Barr\u00e9 jako efekt uboczny ich zastrzyk\u00f3w.&nbsp;<sup>8<\/sup><\/p>\n\n\n\n<p>Szczepionka RSV firmy Pfizer b\u0119dzie prawdopodobnie kosztowa\u0107 od 180 do 270 USD, podczas gdy GSK zamierza pobiera\u0107 op\u0142aty od 200 do 295 USD.&nbsp;<sup>9<\/sup>&nbsp;&nbsp;Firma GSK pocz\u0105tkowo og\u0142osi\u0142a cen\u0119 148 USD za dawk\u0119, ale zdecydowa\u0142a si\u0119 podwoi\u0107 cen\u0119 ze wzgl\u0119du na nowsze dane sugeruj\u0105ce, \u017ce skuteczno\u015b\u0107 mo\u017ce zosta\u0107 utrzymana w drugim sezonie.<\/p>\n\n\n\n<p><strong>Tripledemiczna propaganda trwa<\/strong><\/p>\n\n\n\n<p>Gdy zbli\u017camy si\u0119 do jesieni 2023 r., \u201epotr\u00f3jna epidemia\u201d COVID, RSV i grypy ponownie trafia na pierwsze strony gazet.&nbsp;Wyszukiwanie w Google s\u0142\u00f3w kluczowych \u201epotr\u00f3jna pandemia 2023\u201d&nbsp;<sup>10<\/sup>&nbsp;&nbsp;przynios\u0142o osza\u0142amiaj\u0105c\u0105 liczb\u0119 41,2 miliona artyku\u0142\u00f3w wed\u0142ug stanu na po\u0142ow\u0119 sierpnia 2023 r.<\/p>\n\n\n\n<p>Pami\u0119taj, \u017ce powy\u017cszy przyk\u0142ad s\u0142u\u017cy wy\u0142\u0105cznie celom ilustracyjnym i zdecydowanie odradzam korzystanie z Google.&nbsp;Ale oto PRAWDZIWA lekcja.&nbsp;Wszystko, czego mo\u017cesz u\u017cy\u0107 w wyszukiwaniu, to powszechno\u015b\u0107 danego terminu.&nbsp;Google ju\u017c dawno przesta\u0142 wy\u015bwietla\u0107 te wszystkie 40 milion\u00f3w wynik\u00f3w.&nbsp;Zgadnij, ile mo\u017cesz zobaczy\u0107?&nbsp;Tylko zaledwie 100.<\/p>\n\n\n\n<p>Jest to nieistotny punkt w przypadku s\u0142\u00f3w kluczowych, takich jak potr\u00f3jna pandemia 2023 r., ale staje si\u0119 niezwykle wa\u017cny dla Ciebie i Twojej rodziny, gdy chcesz przeprowadzi\u0107 powa\u017cne badania w Internecie.&nbsp;Obecnie jest praktycznie niemo\u017cliwe, aby Google nie tylko cenzurowa\u0142 istotne informacje na temat naturalnego zdrowia, ale tak\u017ce odmawia\u0142 wy\u015bwietlania czegokolwiek poza pierwszymi 100 wynikami.<\/p>\n\n\n\n<p>A jak widzieli\u015bmy przez ca\u0142\u0105 pandemi\u0119 COVID, agencje prasowe u\u017cywaj\u0105 dok\u0142adnie tych samych nag\u0142\u00f3wk\u00f3w i temat\u00f3w do rozm\u00f3w \u2013 jednoznaczny dow\u00f3d na to, \u017ce narracja potr\u00f3jnej demii jest koordynowana przez centralne \u017ar\u00f3d\u0142o.<\/p>\n\n\n\n<figure class=\"wp-block-image\"><img decoding=\"async\" src=\"https:\/\/lrc-cdn.s3.amazonaws.com\/assets\/2023\/08\/tripledemic-headlines-narrative-620x172.jpg\" alt=\"\" class=\"wp-image-868668\"\/><\/figure>\n\n\n\n<p>Jak donosi CNN, 10 sierpnia 2023:&nbsp;<sup>11<\/sup><\/p>\n\n\n\n<p><em>\u201eStanowi i lokalni urz\u0119dnicy s\u0142u\u017cby zdrowia w ca\u0142ych Stanach Zjednoczonych przygotowuj\u0105 si\u0119 na wzrost zachorowa\u0144 na choroby uk\u0142adu oddechowego tej jesieni i planuj\u0105 wezwa\u0107 wszystkich, kt\u00f3rzy kwalifikuj\u0105 si\u0119 do zaszczepienia si\u0119 przeciwko Covid-19, grypie i syncytialnemu wirusowi oddechowemu, gdy te szczepionki stan\u0105 si\u0119 dost\u0119pne\u201d \u2026<\/em><\/p>\n\n\n\n<p><em>W skali kraju ameryka\u0144skie Centra Kontroli i Prewencji Chor\u00f3b r\u00f3wnie\u017c przygotowuj\u0105 si\u0119 na zagro\u017cenie chorobami uk\u0142adu oddechowego tej jesieni.&nbsp;\u201eOchrona przed chorobami uk\u0142adu oddechowego tej jesieni jest g\u0142\u00f3wnym celem CDC.<\/em><\/p>\n\n\n\n<p><em>Wysi\u0142ki b\u0119d\u0105 obejmowa\u0107 przygotowanie Amerykan\u00f3w na to, czego mog\u0105 si\u0119 spodziewa\u0107, pomoc w zrozumieniu ryzyka zachorowania w ich spo\u0142eczno\u015bciach oraz dostarczenie informacji, jak mog\u0105 si\u0119 chroni\u0107\u201d \u2013 napisa\u0142a w e-mailu rzeczniczka Kathleen Conley.<\/em><\/p>\n\n\n\n<p><em>\u201eCDC wykorzysta ka\u017cd\u0105 dost\u0119pn\u0105 d\u017awigni\u0119, aby pom\u00f3c ludziom zrozumie\u0107, w jaki spos\u00f3b mog\u0105 chroni\u0107 siebie i swoje rodziny przed powa\u017cn\u0105 chorob\u0105, w tym by\u0107 na bie\u017c\u0105co ze swoimi szczepieniami\u201d.<\/em><\/p>\n\n\n\n<p><strong>Trzy uj\u0119cia polecane na t\u0119 jesie\u0144<\/strong><\/p>\n\n\n\n<p>Na t\u0119 jesie\u0144 ameryka\u0144scy urz\u0119dnicy ds. zdrowia zalecaj\u0105:<\/p>\n\n\n\n<p>1.&nbsp;Szczepionka przeciw grypie dla wszystkich w wieku 6 miesi\u0119cy i starszych<\/p>\n\n\n\n<p>2.&nbsp;Zaktualizowany wzmacniacz mRNA COVID-19 ukierunkowany na szczep Omicron XBB.1.5, mimo \u017ce ten szczep ju\u017c spada.&nbsp;Wi\u0119kszo\u015b\u0107 przypadk\u00f3w COVID-19 w USA i Kanadzie jest obecnie powodowana przez szczepy Eris (EG.5)&nbsp;<sup>12<\/sup>&nbsp;&nbsp;i BA.5.&nbsp;<sup>13<\/sup><\/p>\n\n\n\n<p>W Stanach Zjednoczonych szczeg\u00f3\u0142y dotycz\u0105ce tego, kto powinien otrzyma\u0107 zastrzyk i kiedy, s\u0105 nadal nieokre\u015blone, poniewa\u017c FDA jeszcze oficjalnie nie zatwierdzi\u0142a zaktualizowanego wzmacniacza.&nbsp;W Kanadzie jesienna dawka przypominaj\u0105ca COVID jest zalecana dla ka\u017cdego w wieku 5 lat i starszego, kt\u00f3ry otrzyma\u0142 ostatni\u0105 szczepionk\u0119 lub mia\u0142 infekcj\u0119 COVID co najmniej sze\u015b\u0107 miesi\u0119cy temu&nbsp;<sup>14<\/sup><\/p>\n\n\n\n<p>3.&nbsp;Szczepionka RSV dla senior\u00f3w w wieku 60 lat i starszych<\/p>\n\n\n\n<p>Nic dziwnego, \u017ce wielu zach\u0119ca ludzi do po\u0142\u0105czenia wszystkich trzech zastrzyk\u00f3w podczas jednej wizyty, mimo \u017ce nie ma \u017cadnych danych na poparcie twierdzenia, \u017ce \u200b\u200bjest to bezpieczne.&nbsp;Jednak niekt\u00f3rzy lekarze \u2014 na przyk\u0142ad dr William Schaffner z powy\u017cszego raportu CBS News \u2014 zalecaj\u0105 osobne podanie szczepionki przeciwko RSV.<\/p>\n\n\n\n<p><strong>Nie trzeba podnosi\u0107 dzwonk\u00f3w alarmowych<\/strong><\/p>\n\n\n\n<p>Wed\u0142ug danych ameryka\u0144skich Centr\u00f3w Kontroli i Zapobiegania Chor\u00f3b, hospitalizacje z powodu COVID-19 wzros\u0142y \u015brednio o 12,5% w tygodniu od 23 do 29 lipca 2023 r. W osiemnastu stanach USA wska\u017aniki hospitalizacji zwi\u0105zane z COVID-19 wzros\u0142y o 20% lub wi\u0119cej .&nbsp;<sup>15<\/sup><\/p>\n\n\n\n<p>Oko\u0142o 54% nowych przypadk\u00f3w w USA przypisuje si\u0119 nowemu podwariantowi Omicron o nazwie BA.5, podczas gdy Eris (EG.5) odpowiada za oko\u0142o 17,3%, co oznacza wzrost o 9,8% od pocz\u0105tku lipca.&nbsp;<sup>16<\/sup>&nbsp;&nbsp;XBB.1.5, na kt\u00f3ry b\u0119dzie skierowany nowy booster COVID, stanowi zaledwie 10,3% przypadk\u00f3w.&nbsp;<sup>17<\/sup>&nbsp;&nbsp;Advisory.com pisze:&nbsp;<sup>18<\/sup><\/p>\n\n\n\n<p><em>\u201eWed\u0142ug Stuarta Turville&#8217;a, profesora nadzwyczajnego na Uniwersytecie Nowej Po\u0142udniowej Walii w Sydney, grupa podwariant\u00f3w EG.5 jest \u201enieco bardziej \u015bliska\u201d i \u201ekonkurencyjna\u201d w por\u00f3wnaniu z innymi obecnymi wariantami i jest w stanie \u201elepiej nawigowa\u0107\u201d obecno\u015b\u0107 przeciwcia\u0142 ze szczepionek\u201d.<\/em><\/p>\n\n\n\n<p>Wszystko to powiedziawszy, wska\u017aniki hospitalizacji nie zbli\u017caj\u0105 si\u0119 do szczyt\u00f3w obserwowanych w poprzednich latach.&nbsp;W tygodniu ko\u0144cz\u0105cym si\u0119 29 lipca 2023 r. w ca\u0142ym kraju odnotowano 9 056 nowych hospitalizacji zwi\u0105zanych z COVID, co jest dalekie od szczytowego poziomu 150 000 ze stycznia 2022 r.Kryzys bezpiecze\u0144stwa biologicznego musi trwa\u0107 w niesko\u0144czono\u015b\u0107, poniewa\u017c jest to g\u0142\u00f3wne uzasadnienie Wielkiego Resetu.<\/p>\n\n\n\n<p>\u201eTroch\u0119 tyka, ale nie jest to co\u015b, nad czym musimy podnosi\u0107 dzwonki alarmowe\u201d \u2013 powiedzia\u0142 Advisory.com David Dowdy, epidemiolog chor\u00f3b zaka\u017anych w Johns Hopkins Bloomberg School of Public Health.&nbsp;<sup>19<\/sup><\/p>\n\n\n\n<p><strong>Sianie strachu jest narz\u0119dziem sprzyjaj\u0105cym pos\u0142usze\u0144stwu<\/strong><\/p>\n\n\n\n<p>https:\/\/youtube.com\/watch?v=wuOxG-rnj30%3Fembeds_referring_euri%3Dhttps<\/p>\n\n\n\n<p>Wa\u017cne jest, aby zda\u0107 sobie spraw\u0119, \u017ce \u201ezagro\u017cenia\u201d stwarzane przez COVID, gryp\u0119 i RSV s\u0105 nie bez powodu wyolbrzymiane.&nbsp;Kryzys bezpiecze\u0144stwa biologicznego musi trwa\u0107 w niesko\u0144czono\u015b\u0107, poniewa\u017c jest to g\u0142\u00f3wne uzasadnienie Wielkiego Resetu.&nbsp;W regularnych odst\u0119pach czasu musi pojawia\u0107 si\u0119 kolejne ostrze\u017cenie Kurczaka Ma\u0142ego, \u017ce niebo wci\u0105\u017c spada i \u017ce nie wolno nam traci\u0107 czujno\u015bci.<\/p>\n\n\n\n<p>Na pewnym etapie musisz zda\u0107 sobie spraw\u0119, \u017ce im bardziej si\u0119 poddajesz i jeste\u015b pos\u0142uszny, tym bardziej musisz si\u0119 podda\u0107 i by\u0107 pos\u0142uszny.&nbsp;Naprawd\u0119 nie ma ko\u0144ca tego, co mog\u0105 ci zabra\u0107 i co ci zabior\u0105, a trzymanie si\u0119 przekonania, \u017ce \u200b\u200btw\u00f3j rz\u0105d nigdy [wype\u0142ni puste miejsce], staje si\u0119 z dnia na dzie\u0144 coraz bardziej niebezpieczne.<\/p>\n\n\n\n<p>Wa\u017cne jest r\u00f3wnie\u017c, aby zda\u0107 sobie spraw\u0119, \u017ce tw\u00f3j rz\u0105d nie jest najwy\u017csz\u0105 w\u0142adz\u0105.&nbsp;Nasi urz\u0119dnicy pa\u0144stwowi r\u00f3wnie\u017c przyjmuj\u0105 rozkazy od tego, co cz\u0119sto okre\u015bla si\u0119 mianem g\u0142\u0119bokiego pa\u0144stwa.&nbsp;To wcale nie jest rz\u0105d, ale globalna, ukryta struktura w\u0142adzy, kt\u00f3ra przed nikim nie odpowiada, jednocze\u015bnie wp\u0142ywaj\u0105c i manipuluj\u0105c wszystkimi, aby wprowadzi\u0107 nowy porz\u0105dek \u015bwiata.<\/p>\n\n\n\n<p>W minionych latach ta mroczna kaba\u0142a makler\u00f3w w\u0142adzy by\u0142a okre\u015blana mianem Nowego Porz\u0105dku \u015awiata.&nbsp;W 2020 roku na scenie publicznej pojawi\u0142o si\u0119 \u015awiatowe Forum Ekonomiczne, kt\u00f3re og\u0142osi\u0142o Wielki Reset, czyli nic innego jak rebranding NWO.<\/p>\n\n\n\n<p>W powy\u017cszym filmie dziennikarz \u015bledczy Harry Vox m\u00f3wi o wybuchach epidemii, kwarantannach i godzinach policyjnych jako podstawowych narz\u0119dziach w zestawie narz\u0119dzi klasy rz\u0105dz\u0105cej oraz o tym, jak narz\u0119dzia te mia\u0142y zosta\u0107 wykorzystane do zapocz\u0105tkowania kolejnej fazy kontroli.<\/p>\n\n\n\n<p>Wywiad, kt\u00f3ry odby\u0142 si\u0119 w 2014 roku, brzmi dzisiaj bardziej ni\u017c troch\u0119 proroczo, poniewa\u017c te trzy niezb\u0119dne narz\u0119dzia totalitarnej kontroli s\u0105 cz\u0119\u015bci\u0105 naszej rzeczywisto\u015bci od 2020 roku. Vox odnosi si\u0119 w nim tak\u017ce do \u201eScenariuszy przysz\u0142o\u015bci technologii i Development\u201d,&nbsp;<sup>20<\/sup>&nbsp;&nbsp;dokument Fundacji Rockefellera, w kt\u00f3rym przedstawili scenariusz \u201eLockstep\u201d, kt\u00f3ry szczeg\u00f3\u0142owo opisuje globaln\u0105 reakcj\u0119 na fikcyjn\u0105 pandemi\u0119.<\/p>\n\n\n\n<p><strong>Ju\u017c ci powiedzieli, jaka jest gra ko\u0144cowa<\/strong><\/p>\n\n\n\n<p>Chocia\u017c nazwa i pochodzenie wirusa s\u0105 r\u00f3\u017cne, scenariusz przedstawiony w \u201eScenariuszach przysz\u0142o\u015bci technologii i rozwoju mi\u0119dzynarodowego\u201d&nbsp;<sup>21<\/sup>&nbsp;&nbsp;\u015bci\u015ble odpowiada temu, przez co przeszli\u015bmy w erze COVID, a zw\u0142aszcza jego \u015bmierciono\u015bnemu wp\u0142ywowi na gospodarki.<\/p>\n\n\n\n<p>Scenariusz przewidywa\u0142 gwa\u0142towne zatrzymanie mobilno\u015bci mi\u0119dzynarodowej, os\u0142abienie przemys\u0142u, turystyki i globalnych \u0142a\u0144cuch\u00f3w dostaw.&nbsp;\u201eNawet lokalnie, normalnie t\u0119tni\u0105ce \u017cyciem sklepy i biurowce sta\u0142y puste przez miesi\u0105ce, pozbawione zar\u00f3wno pracownik\u00f3w, jak i klient\u00f3w\u201d \u2013 czytamy w dokumencie.<\/p>\n\n\n\n<p>W narracji Rockefellera Chiny s\u0105 chwalone za szybkie wprowadzenie powszechnych kwarantann dla wszystkich obywateli, kt\u00f3re okaza\u0142y si\u0119 skuteczne w ograniczaniu rozprzestrzeniania si\u0119 wirusa.&nbsp;Nale\u017cy zauwa\u017cy\u0107, \u017ce powszechna kwarantanna \u2013 blokowanie zdrowych ludzi \u2013 nigdy wcze\u015bniej nie by\u0142a stosowana w kontroli chor\u00f3b zaka\u017anych i jest ku temu pow\u00f3d.&nbsp;Ju\u017c wiedzieli\u015bmy, \u017ce to si\u0119 nie uda.<\/p>\n\n\n\n<p>Wiele innych kraj\u00f3w, w kt\u00f3rych przyw\u00f3dcy \u201enaginali swoj\u0105 w\u0142adz\u0119\u201d i nak\u0142adali surowe ograniczenia na swoich obywateli \u2013 \u201eod obowi\u0105zkowego noszenia masek na twarz po kontrol\u0119 temperatury cia\u0142a przy wej\u015bciach do miejsc wsp\u00f3lnych, takich jak dworce kolejowe i supermarkety\u201d \u2013 r\u00f3wnie\u017c wypad\u0142o dobrze w tym Scenariusz Rockefellera.<\/p>\n\n\n\n<p>Pos\u0142uchajcie niedowierzania w g\u0142osie ankietera, gdy pyta, czy Vox rzeczywi\u015bcie wierzy, \u017ce co\u015b takiego mo\u017ce si\u0119 wydarzy\u0107, \u017ce przed wej\u015bciem do budynku b\u0119dziemy musieli sta\u0107 w kolejce do pomiaru temperatury.<\/p>\n\n\n\n<p>C\u00f3\u017c, ka\u017cdy z nas musia\u0142 to zrobi\u0107, wi\u0119c wiemy, \u017ce jest to mo\u017cliwe.&nbsp;A je\u015bli to mo\u017cliwe, dlaczego nie reszta planu Lockstep, kt\u00f3ry m\u00f3wi nam, \u017ce: \u201eNawet po wyga\u015bni\u0119ciu pandemii ta bardziej autorytarna kontrola i nadz\u00f3r nad obywatelami i ich dzia\u0142aniami utkn\u0119\u0142a, a nawet si\u0119 nasili\u0142a\u201d.<\/p>\n\n\n\n<p><strong>Nie daj si\u0119 oszuka\u0107 dwa razy<\/strong><\/p>\n\n\n\n<p>Nie mo\u017cemy d\u0142u\u017cej pozwoli\u0107 sobie na niedowierzanie, jak daleko ta globalistyczna kaba\u0142a mo\u017ce si\u0119 posun\u0105\u0107, aby przej\u0105\u0107 ca\u0142kowit\u0105 kontrol\u0119.&nbsp;Powiedzieli nam ju\u017c, jaki jest ostateczny plan \u2014 wykorzystanie bioterroryzmu do przej\u0119cia kontroli nad \u015bwiatowymi zasobami, bogactwem i lud\u017ami.<\/p>\n\n\n\n<p>Wszystko, co musimy zrobi\u0107, to w to uwierzy\u0107 i zda\u0107 sobie spraw\u0119, \u017ce jedyn\u0105 rzecz\u0105, kt\u00f3ra daje im si\u0142\u0119 do narzucenia swojej woli, jest nasz strach.&nbsp;Tak d\u0142ugo, jak wybieramy strach i \u017c\u0105damy, aby nasz rz\u0105d zapewnia\u0142 nam bezpiecze\u0144stwo, maj\u0105 wszelkie szanse na zwyci\u0119stwo.<\/p>\n\n\n\n<p>Miejmy nadziej\u0119, \u017ce wyra\u017ana wi\u0119kszo\u015b\u0107 ludzi nauczy si\u0119 ju\u017c tej lekcji i nie da si\u0119 ponownie nabra\u0107 na te same sztuczki, mimo \u017ce podnie\u015bli stawk\u0119 potr\u00f3jnym zagro\u017ceniem, a nie tylko jednym.&nbsp;<a href=\"https:\/\/takecontrol.substack.com\/p\/fear-contagious\" target=\"_blank\" rel=\"noreferrer noopener\">Strach jest narz\u0119dziem u\u017cywanym do kontrolowania ciebie<\/a>&nbsp;, ale dzia\u0142a tylko wtedy, gdy go kupisz, a teraz powinno by\u0107 jasne, \u017ce narracja o potrzebie szczepionek jest w najlepszym razie myl\u0105ca.<\/p>\n\n\n\n<p>Porzu\u0107 strach i po prostu przejmij kontrol\u0119 nad swoim zdrowiem<\/p>\n\n\n\n<p>Podczas gdy grypa, RSV i COVID mog\u0105 by\u0107 problematyczne i niebezpieczne dla niekt\u00f3rych os\u00f3b z grupy wysokiego ryzyka, og\u00f3lne ryzyko z nimi zwi\u0105zane jest dla wi\u0119kszo\u015bci znikome.&nbsp;Pomy\u015bl tylko o swoim \u017cyciu \u2014 ile razy mia\u0142e\u015b przezi\u0119bienie lub gryp\u0119?&nbsp;nadal tu jeste\u015b?&nbsp;Ile znasz os\u00f3b, kt\u00f3re zmar\u0142y na przezi\u0119bienie lub gryp\u0119?<\/p>\n\n\n\n<p>W tym momencie wi\u0119kszo\u015b\u0107 ludzi r\u00f3wnie\u017c mia\u0142a COVID i s\u0105 tutaj, aby potwierdzi\u0107 jego brak \u015bmiertelno\u015bci.&nbsp;Niestety ci, kt\u00f3rzy otrzymali kilka szczepionek przeciwko COVID, znajduj\u0105 si\u0119 teraz w grupie wysokiego ryzyka i mog\u0105 w rzeczywisto\u015bci do\u015bwiadczy\u0107 ci\u0119\u017cszej infekcji.<\/p>\n\n\n\n<p>Utrzymanie silnego uk\u0142adu odporno\u015bciowego to najlepszy spos\u00f3b na ochron\u0119 przed&nbsp;wszystkimi infekcjami, a istnieje wiele skutecznych sposob\u00f3w, takich jak optymalizacja&nbsp;&nbsp;<a href=\"https:\/\/takecontrol.substack.com\/p\/vitamin-d-prevents-covid-19\" target=\"_blank\" rel=\"noreferrer noopener\">poziomu witaminy D.<\/a><\/p>\n\n\n\n<p>Wykazano, \u017ce wy\u017cszy poziom witaminy D zmniejsza ryzyko rozwoju ci\u0119\u017ckiego przypadku i \u015bmierci z powodu COVID-19.&nbsp;Wykazano r\u00f3wnie\u017c, \u017ce suplementacja witaminy D zmniejsza ryzyko przezi\u0119bienia&nbsp;<sup>22<\/sup>&nbsp;&nbsp;i grypy&nbsp;<sup>23&nbsp;,&nbsp;<\/sup><sup>24<\/sup>&nbsp;&nbsp;, poniewa\u017c zwi\u0119ksza wrodzon\u0105 odporno\u015b\u0107.<\/p>\n\n\n\n<p><a href=\"https:\/\/takecontrol.substack.com\/p\/florida-surgeon-general-vitamin-d-for-covid\" target=\"_blank\" rel=\"noreferrer noopener\">Nutraceutyki wzmacniaj\u0105ce odporno\u015b\u0107, takie jak witamina C, kwercetyna z cynkiem<\/a>&nbsp;&nbsp;i&nbsp;&nbsp;<a href=\"https:\/\/takecontrol.substack.com\/p\/coronavirus-n-acetylcysteine\" target=\"_blank\" rel=\"noreferrer noopener\">N-acetylocysteina (NAC)<\/a>&nbsp;&nbsp;r\u00f3wnie\u017c nale\u017c\u0105 do Twojej apteczki, wi\u0119c mo\u017cesz zacz\u0105\u0107 je przyjmowa\u0107 ju\u017c przy pierwszych oznakach objaw\u00f3w.&nbsp;Cynk jest silnym \u015brodkiem przeciwwirusowym o szerokim spektrum dzia\u0142ania, a kwercetyna pomaga transportowa\u0107 go do kom\u00f3rki, gdzie jest potrzebny.&nbsp;<a href=\"https:\/\/takecontrol.substack.com\/p\/rhonda-patrick-vitamin-c\" target=\"_blank\" rel=\"noreferrer noopener\">Witamina C jest r\u00f3wnie\u017c pierwszorz\u0119dnym lekiem na wiele infekcji<\/a>&nbsp;&nbsp;i pomaga wzmocni\u0107 og\u00f3ln\u0105 funkcj\u0119 odporno\u015bciow\u0105.<\/p>\n\n\n\n<p>Tymczasem NAC jest prekursorem zredukowanego glutationu, kt\u00f3ry wydaje si\u0119 odgrywa\u0107 kluczow\u0105 rol\u0119 szczeg\u00f3lnie w COVID-19.&nbsp;Korzy\u015bci p\u0142yn\u0105ce z NAC obejmuj\u0105 hamowanie ekspresji cytokin prozapalnych, popraw\u0119 odpowiedzi limfocyt\u00f3w T i hamowanie nadkrzepliwo\u015bci, kt\u00f3ra mo\u017ce skutkowa\u0107 udarem i\/lub zakrzepami krwi, kt\u00f3re upo\u015bledzaj\u0105 zdolno\u015b\u0107 wymiany tlenu w p\u0142ucach.<\/p>\n\n\n\n<p><strong>\u0179r\u00f3d\u0142a i odniesienia<\/strong><\/p>\n\n\n\n<ul class=\"wp-block-list\" id=\"footnote-references2\">\n<li><sup>1<\/sup>&nbsp;<a href=\"https:\/\/finance.yahoo.com\/news\/covid-hospitalizations-climbing-us-braces-100000547.html\" target=\"_blank\" rel=\"noreferrer noopener\">&nbsp;Wiadomo\u015bci Yahoo 29 pa\u017adziernika 2022 r<\/a><\/li>\n\n\n\n<li><sup>2<\/sup>&nbsp;<a href=\"https:\/\/www.npr.org\/2022\/10\/24\/1130764314\/childrens-hospitals-rsv-surge\" target=\"_blank\" rel=\"noreferrer noopener\">&nbsp;NPR 24 pa\u017adziernika 2022 r<\/a><\/li>\n\n\n\n<li><sup>3<\/sup>&nbsp;<a href=\"https:\/\/www.weforum.org\/events\/the-davos-agenda-2022\/sessions\/covid-19-what-s-next\" target=\"_blank\" rel=\"noreferrer noopener\">&nbsp;\u015awiatowe Forum Ekonomiczne, COVID-19: Co dalej?&nbsp;17 stycznia 2022, 6:25<\/a><\/li>\n\n\n\n<li><sup>4<\/sup>&nbsp;<a href=\"https:\/\/www.fiercepharma.com\/pharma\/jpm23-post-pandemic-covid-market-looms-vaccine-makers-look-combine-covid-and-flu-markets\" target=\"_blank\" rel=\"noreferrer noopener\">&nbsp;Fierce Pharma 23 stycznia 2023 r<\/a><\/li>\n\n\n\n<li><sup>5<\/sup>&nbsp;<a href=\"https:\/\/www.empr.com\/home\/news\/rsv-vaccine-abrysvo-approved-for-individuals-60-years-and-older\/\" target=\"_blank\" rel=\"noreferrer noopener\">&nbsp;EMPR.com 1 czerwca 2023 r<\/a><\/li>\n\n\n\n<li><sup>6<\/sup>&nbsp;<a href=\"https:\/\/www.cnn.com\/2023\/05\/03\/health\/first-rsv-vaccine-approved\/index.html\" target=\"_blank\" rel=\"noreferrer noopener\">&nbsp;CNN 3 maja 2023 r<\/a><\/li>\n\n\n\n<li><sup>7<\/sup>&nbsp;<a href=\"https:\/\/www.goodrx.com\/health-topic\/vaccines\/how-vaccines-work#types-of-vaccines\" target=\"_blank\" rel=\"noreferrer noopener\">&nbsp;GoodRX R\u00f3\u017cne rodzaje szczepionek<\/a><\/li>\n\n\n\n<li><sup>8,&nbsp;<\/sup>&nbsp;<sup>9<\/sup>&nbsp;<a href=\"https:\/\/www.nytimes.com\/2023\/07\/05\/health\/vaccines-rsv-covid-flu.html\" target=\"_blank\" rel=\"noreferrer noopener\">&nbsp;New York Times 5 lipca 2023 r<\/a><\/li>\n\n\n\n<li><sup>10<\/sup>&nbsp;<a href=\"https:\/\/www.google.com\/search?q=Triple+pandemic+2023&amp;sa=X&amp;ved=2ahUKEwjy_8KJz9KAAxWJpokEHTPQCVYQ1QJ6BAhPEAE&amp;biw=1691&amp;bih=1315&amp;dpr=1\" target=\"_blank\" rel=\"noreferrer noopener\">&nbsp;Wyszukiwarka Google \u201ePotr\u00f3jna pandemia 2023\u201d<\/a><\/li>\n\n\n\n<li><sup>11<\/sup>&nbsp;<a href=\"https:\/\/www.cnn.com\/2023\/08\/10\/health\/fall-viruses-covid-rsv-flu\/index.html\" target=\"_blank\" rel=\"noreferrer noopener\">&nbsp;CNN 10 sierpnia 2023 r<\/a><\/li>\n\n\n\n<li><sup>12,&nbsp;<\/sup>&nbsp;<sup>14<\/sup>&nbsp;<a href=\"https:\/\/globalnews.ca\/news\/9885431\/covid-fall-vaccine-guidance-children\/\" target=\"_blank\" rel=\"noreferrer noopener\">&nbsp;Global News Kanada 10 sierpnia 2023 r<\/a><\/li>\n\n\n\n<li><sup>13,&nbsp;<\/sup>&nbsp;<sup>16,&nbsp;<\/sup>&nbsp;<sup>17<\/sup>&nbsp;<a href=\"https:\/\/www.benzinga.com\/general\/biotech\/23\/08\/33755215\/meet-eris-the-covid-variant-behind-a-summer-resurgence-in-cases-3-drugmakers-prep-fall-booster-sh\" target=\"_blank\" rel=\"noreferrer noopener\">&nbsp;Benzinga 11 sierpnia 2023 r<\/a><\/li>\n\n\n\n<li><sup>15,&nbsp;<\/sup>&nbsp;<sup>18,&nbsp;<\/sup>&nbsp;<sup>19<\/sup>&nbsp;<a href=\"https:\/\/www.advisory.com\/daily-briefing\/2023\/08\/10\/covid-hospitalizations\" target=\"_blank\" rel=\"noreferrer noopener\">&nbsp;Advisory.com 10 sierpnia 2023 r. Zaktualizowano 11 sierpnia 2023 r.<\/a><\/li>\n\n\n\n<li><sup>20,&nbsp;<\/sup>&nbsp;<sup>21<\/sup>&nbsp;<a href=\"https:\/\/www.nommeraadio.ee\/meedia\/pdf\/RRS\/Rockefeller%20Foundation.pdf\" target=\"_blank\" rel=\"noreferrer noopener\">&nbsp;Scenariusze przysz\u0142o\u015bci technologii i rozwoju mi\u0119dzynarodowego<\/a><\/li>\n\n\n\n<li><sup>22<\/sup>&nbsp;<a href=\"https:\/\/www.nih.gov\/news-events\/nih-research-matters\/low-vitamin-d-levels-associated-colds-flu\" target=\"_blank\" rel=\"noreferrer noopener\">&nbsp;Sprawy badawcze NIH 9 marca 2009 r<\/a><\/li>\n\n\n\n<li><sup>23<\/sup>&nbsp;<a href=\"https:\/\/www.ncbi.nlm.nih.gov\/pmc\/articles\/PMC7231123\/\" target=\"_blank\" rel=\"noreferrer noopener\">&nbsp;Sk\u0142adniki od\u017cywcze kwiecie\u0144 2020;&nbsp;12(4): 988<\/a><\/li>\n\n\n\n<li><sup>24<\/sup>&nbsp;<a href=\"https:\/\/www.ncbi.nlm.nih.gov\/pmc\/articles\/PMC4463890\/\" target=\"_blank\" rel=\"noreferrer noopener\">&nbsp;kanadyjski lekarz rodzinny, czerwiec 2015 r.;&nbsp;61(6): 507<\/a><\/li>\n<\/ul>\n\n\n\n<p><a href=\"https:\/\/www.lewrockwell.com\/author\/joseph-mercola\/\">Najlepsze z dr Josepha Mercoli<\/a><\/p>\n\n\n\n<p>Prawa autorskie \u00a9 dr Joseph Mercola<\/p>\n\n\n\n<p>Link \u017ar\u00f3d\u0142owy <a href=\"https:\/\/www.lewrockwell.com\/2023\/08\/joseph-mercola\/the-pandemic-planning-racket\/\">https:\/\/www.lewrockwell.com\/2023\/08\/joseph-mercola\/the-pandemic-planning-racket\/<\/a><\/p>\n","protected":false},"excerpt":{"rendered":"<p>Autor, Dr\u00a0Joseph Mercola Mercola.com 22 sierpnia 2023 r Jesieni\u0105 2022 r. media g\u0142\u00f3wnego nurtu zacz\u0119\u0142y ostrzega\u0107 przed potencjaln\u0105 \u201epotr\u00f3jn\u0105 epidemi\u0105\u201d, w kt\u00f3rej COVID, grypa sezonowa&nbsp;1&nbsp;&nbsp;i syncytialny wirus oddechowy (RSV)&nbsp;2&nbsp;&nbsp;kr\u0105\u017c\u0105 w tym samym czasie.&nbsp;M\u00f3wi\u0105, \u017ce strach si\u0119 sprzedaje i z pewno\u015bci\u0105&#8230; <\/p>\n","protected":false},"author":2,"featured_media":4156,"comment_status":"open","ping_status":"open","sticky":false,"template":"","format":"standard","meta":{"_acf_changed":false,"_bbp_topic_count":0,"_bbp_reply_count":0,"_bbp_total_topic_count":0,"_bbp_total_reply_count":0,"_bbp_voice_count":0,"_bbp_anonymous_reply_count":0,"_bbp_topic_count_hidden":0,"_bbp_reply_count_hidden":0,"_bbp_forum_subforum_count":0,"om_disable_all_campaigns":false,"_monsterinsights_skip_tracking":false,"footnotes":""},"categories":[93],"tags":[],"class_list":["post-4153","post","type-post","status-publish","format-standard","has-post-thumbnail","hentry","category-artykuly"],"acf":[],"aioseo_notices":[],"aioseo_head":"\n\t\t<!-- All in One SEO 5.0.1.1 - aioseo.com -->\n\t<meta name=\"description\" content=\"Autor, Dr Joseph Mercola Mercola.com 22 sierpnia 2023 r Jesieni\u0105 2022 r. media g\u0142\u00f3wnego nurtu zacz\u0119\u0142y ostrzega\u0107 przed potencjaln\u0105 \u201epotr\u00f3jn\u0105 epidemi\u0105\u201d, w kt\u00f3rej COVID, grypa sezonowa 1 i syncytialny wirus oddechowy (RSV) 2 kr\u0105\u017c\u0105 w tym samym czasie. M\u00f3wi\u0105, \u017ce strach si\u0119 sprzedaje i z pewno\u015bci\u0105 jest to powiedzenie u\u017cywane przez Big Pharma, je\u015bli chodzi o szczepionki. Nag\u0142e skupienie si\u0119 w\" \/>\n\t<meta name=\"robots\" content=\"max-image-preview:large\" \/>\n\t<meta name=\"author\" content=\"trinity\"\/>\n\t<link rel=\"canonical\" href=\"https:\/\/wia.net.pl\/index.php\/2023\/08\/22\/rakieta-planowania-pandemii\/\" \/>\n\t<meta name=\"generator\" content=\"All in One SEO (AIOSEO) 5.0.1.1\" \/>\n\t\t<meta property=\"og:locale\" content=\"pl_PL\" \/>\n\t\t<meta property=\"og:site_name\" content=\"Wolno\u015b\u0107 i Anarchia - Ka\u017cdy wewn\u0119trznie jest anarchist\u0105.\" \/>\n\t\t<meta property=\"og:type\" content=\"article\" \/>\n\t\t<meta property=\"og:title\" content=\"Rakieta planowania pandemii - Wolno\u015b\u0107 i Anarchia\" \/>\n\t\t<meta property=\"og:description\" content=\"Autor, Dr Joseph Mercola Mercola.com 22 sierpnia 2023 r Jesieni\u0105 2022 r. media g\u0142\u00f3wnego nurtu zacz\u0119\u0142y ostrzega\u0107 przed potencjaln\u0105 \u201epotr\u00f3jn\u0105 epidemi\u0105\u201d, w kt\u00f3rej COVID, grypa sezonowa 1 i syncytialny wirus oddechowy (RSV) 2 kr\u0105\u017c\u0105 w tym samym czasie. M\u00f3wi\u0105, \u017ce strach si\u0119 sprzedaje i z pewno\u015bci\u0105 jest to powiedzenie u\u017cywane przez Big Pharma, je\u015bli chodzi o szczepionki. Nag\u0142e skupienie si\u0119 w\" \/>\n\t\t<meta property=\"og:url\" content=\"https:\/\/wia.net.pl\/index.php\/2023\/08\/22\/rakieta-planowania-pandemii\/\" \/>\n\t\t<meta property=\"og:image\" content=\"https:\/\/wia.net.pl\/wp-content\/uploads\/2023\/11\/cropped-freedom-i73367.jpg\" \/>\n\t\t<meta property=\"og:image:secure_url\" content=\"https:\/\/wia.net.pl\/wp-content\/uploads\/2023\/11\/cropped-freedom-i73367.jpg\" \/>\n\t\t<meta property=\"article:published_time\" content=\"2023-08-22T10:07:41+00:00\" \/>\n\t\t<meta property=\"article:modified_time\" content=\"2023-08-22T10:07:42+00:00\" \/>\n\t\t<meta name=\"twitter:card\" content=\"summary_large_image\" \/>\n\t\t<meta name=\"twitter:title\" content=\"Rakieta planowania pandemii - Wolno\u015b\u0107 i Anarchia\" \/>\n\t\t<meta name=\"twitter:description\" content=\"Autor, Dr Joseph Mercola Mercola.com 22 sierpnia 2023 r Jesieni\u0105 2022 r. media g\u0142\u00f3wnego nurtu zacz\u0119\u0142y ostrzega\u0107 przed potencjaln\u0105 \u201epotr\u00f3jn\u0105 epidemi\u0105\u201d, w kt\u00f3rej COVID, grypa sezonowa 1 i syncytialny wirus oddechowy (RSV) 2 kr\u0105\u017c\u0105 w tym samym czasie. M\u00f3wi\u0105, \u017ce strach si\u0119 sprzedaje i z pewno\u015bci\u0105 jest to powiedzenie u\u017cywane przez Big Pharma, je\u015bli chodzi o szczepionki. Nag\u0142e skupienie si\u0119 w\" \/>\n\t\t<meta name=\"twitter:image\" content=\"https:\/\/wia.net.pl\/wp-content\/uploads\/2023\/11\/cropped-freedom-i73367.jpg\" \/>\n\t\t<script type=\"application\/ld+json\" class=\"aioseo-schema\">\n\t\t\t{\"@context\":\"https:\\\/\\\/schema.org\",\"@graph\":[{\"@type\":\"BlogPosting\",\"@id\":\"https:\\\/\\\/wia.net.pl\\\/index.php\\\/2023\\\/08\\\/22\\\/rakieta-planowania-pandemii\\\/#blogposting\",\"name\":\"Rakieta planowania pandemii - Wolno\\u015b\\u0107 i Anarchia\",\"headline\":\"Rakieta planowania pandemii\",\"author\":{\"@id\":\"https:\\\/\\\/wia.net.pl\\\/index.php\\\/author\\\/trinity\\\/#author\"},\"publisher\":{\"@id\":\"https:\\\/\\\/wia.net.pl\\\/#person\"},\"image\":{\"@type\":\"ImageObject\",\"url\":\"https:\\\/\\\/wia.net.pl\\\/wp-content\\\/uploads\\\/2023\\\/08\\\/szcz.jpg\",\"width\":1920,\"height\":1080},\"datePublished\":\"2023-08-22T12:07:41+02:00\",\"dateModified\":\"2023-08-22T12:07:42+02:00\",\"inLanguage\":\"pl-PL\",\"mainEntityOfPage\":{\"@id\":\"https:\\\/\\\/wia.net.pl\\\/index.php\\\/2023\\\/08\\\/22\\\/rakieta-planowania-pandemii\\\/#webpage\"},\"isPartOf\":{\"@id\":\"https:\\\/\\\/wia.net.pl\\\/index.php\\\/2023\\\/08\\\/22\\\/rakieta-planowania-pandemii\\\/#webpage\"},\"articleSection\":\"Artyku\\u0142y\"},{\"@type\":\"BreadcrumbList\",\"@id\":\"https:\\\/\\\/wia.net.pl\\\/index.php\\\/2023\\\/08\\\/22\\\/rakieta-planowania-pandemii\\\/#breadcrumblist\",\"itemListElement\":[{\"@type\":\"ListItem\",\"@id\":\"https:\\\/\\\/wia.net.pl#listItem\",\"position\":1,\"name\":\"Home\",\"item\":\"https:\\\/\\\/wia.net.pl\",\"nextItem\":{\"@type\":\"ListItem\",\"@id\":\"https:\\\/\\\/wia.net.pl\\\/index.php\\\/category\\\/artykuly\\\/#listItem\",\"name\":\"Artyku\\u0142y\"}},{\"@type\":\"ListItem\",\"@id\":\"https:\\\/\\\/wia.net.pl\\\/index.php\\\/category\\\/artykuly\\\/#listItem\",\"position\":2,\"name\":\"Artyku\\u0142y\",\"item\":\"https:\\\/\\\/wia.net.pl\\\/index.php\\\/category\\\/artykuly\\\/\",\"nextItem\":{\"@type\":\"ListItem\",\"@id\":\"https:\\\/\\\/wia.net.pl\\\/index.php\\\/2023\\\/08\\\/22\\\/rakieta-planowania-pandemii\\\/#listItem\",\"name\":\"Rakieta planowania pandemii\"},\"previousItem\":{\"@type\":\"ListItem\",\"@id\":\"https:\\\/\\\/wia.net.pl#listItem\",\"name\":\"Home\"}},{\"@type\":\"ListItem\",\"@id\":\"https:\\\/\\\/wia.net.pl\\\/index.php\\\/2023\\\/08\\\/22\\\/rakieta-planowania-pandemii\\\/#listItem\",\"position\":3,\"name\":\"Rakieta planowania pandemii\",\"previousItem\":{\"@type\":\"ListItem\",\"@id\":\"https:\\\/\\\/wia.net.pl\\\/index.php\\\/category\\\/artykuly\\\/#listItem\",\"name\":\"Artyku\\u0142y\"}}]},{\"@type\":\"Person\",\"@id\":\"https:\\\/\\\/wia.net.pl\\\/#person\",\"name\":\"Bart\\u0142omiej Talarczyk\",\"image\":{\"@type\":\"ImageObject\",\"@id\":\"https:\\\/\\\/wia.net.pl\\\/index.php\\\/2023\\\/08\\\/22\\\/rakieta-planowania-pandemii\\\/#personImage\",\"url\":\"https:\\\/\\\/wia.net.pl\\\/wp-content\\\/uploads\\\/avatar-privacy\\\/cache\\\/user\\\/1\\\/7\\\/176a6b161c58363ff49b5c167264231f519f5c7fa183ca1f61e891769b6b56d5-96.jpg\",\"width\":96,\"height\":96,\"caption\":\"Bart\\u0142omiej Talarczyk\"}},{\"@type\":\"Person\",\"@id\":\"https:\\\/\\\/wia.net.pl\\\/index.php\\\/author\\\/trinity\\\/#author\",\"url\":\"https:\\\/\\\/wia.net.pl\\\/index.php\\\/author\\\/trinity\\\/\",\"name\":\"trinity\",\"image\":{\"@type\":\"ImageObject\",\"@id\":\"https:\\\/\\\/wia.net.pl\\\/index.php\\\/2023\\\/08\\\/22\\\/rakieta-planowania-pandemii\\\/#authorImage\",\"url\":\"https:\\\/\\\/wia.net.pl\\\/wp-content\\\/uploads\\\/avatar-privacy\\\/cache\\\/user\\\/5\\\/f\\\/5f6547cf82495eaa10e100a6a45d5dbde2dfdc1be88557de2018fca705bdf6f1-96.jpg\",\"width\":96,\"height\":96,\"caption\":\"trinity\"}},{\"@type\":\"WebPage\",\"@id\":\"https:\\\/\\\/wia.net.pl\\\/index.php\\\/2023\\\/08\\\/22\\\/rakieta-planowania-pandemii\\\/#webpage\",\"url\":\"https:\\\/\\\/wia.net.pl\\\/index.php\\\/2023\\\/08\\\/22\\\/rakieta-planowania-pandemii\\\/\",\"name\":\"Rakieta planowania pandemii - Wolno\\u015b\\u0107 i Anarchia\",\"description\":\"Autor, Dr Joseph Mercola Mercola.com 22 sierpnia 2023 r Jesieni\\u0105 2022 r. media g\\u0142\\u00f3wnego nurtu zacz\\u0119\\u0142y ostrzega\\u0107 przed potencjaln\\u0105 \\u201epotr\\u00f3jn\\u0105 epidemi\\u0105\\u201d, w kt\\u00f3rej COVID, grypa sezonowa 1 i syncytialny wirus oddechowy (RSV) 2 kr\\u0105\\u017c\\u0105 w tym samym czasie. M\\u00f3wi\\u0105, \\u017ce strach si\\u0119 sprzedaje i z pewno\\u015bci\\u0105 jest to powiedzenie u\\u017cywane przez Big Pharma, je\\u015bli chodzi o szczepionki. Nag\\u0142e skupienie si\\u0119 w\",\"inLanguage\":\"pl-PL\",\"isPartOf\":{\"@id\":\"https:\\\/\\\/wia.net.pl\\\/#website\"},\"breadcrumb\":{\"@id\":\"https:\\\/\\\/wia.net.pl\\\/index.php\\\/2023\\\/08\\\/22\\\/rakieta-planowania-pandemii\\\/#breadcrumblist\"},\"author\":{\"@id\":\"https:\\\/\\\/wia.net.pl\\\/index.php\\\/author\\\/trinity\\\/#author\"},\"creator\":{\"@id\":\"https:\\\/\\\/wia.net.pl\\\/index.php\\\/author\\\/trinity\\\/#author\"},\"image\":{\"@type\":\"ImageObject\",\"url\":\"https:\\\/\\\/wia.net.pl\\\/wp-content\\\/uploads\\\/2023\\\/08\\\/szcz.jpg\",\"@id\":\"https:\\\/\\\/wia.net.pl\\\/index.php\\\/2023\\\/08\\\/22\\\/rakieta-planowania-pandemii\\\/#mainImage\",\"width\":1920,\"height\":1080},\"primaryImageOfPage\":{\"@id\":\"https:\\\/\\\/wia.net.pl\\\/index.php\\\/2023\\\/08\\\/22\\\/rakieta-planowania-pandemii\\\/#mainImage\"},\"datePublished\":\"2023-08-22T12:07:41+02:00\",\"dateModified\":\"2023-08-22T12:07:42+02:00\"},{\"@type\":\"WebSite\",\"@id\":\"https:\\\/\\\/wia.net.pl\\\/#website\",\"url\":\"https:\\\/\\\/wia.net.pl\\\/\",\"name\":\"Wolno\\u015b\\u0107 i Anarchia\",\"description\":\"Ka\\u017cdy wewn\\u0119trznie jest anarchist\\u0105.\",\"inLanguage\":\"pl-PL\",\"publisher\":{\"@id\":\"https:\\\/\\\/wia.net.pl\\\/#person\"}}]}\n\t\t<\/script>\n\t\t<!-- All in One SEO -->\n\n","aioseo_head_json":{"title":"Rakieta planowania pandemii - Wolno\u015b\u0107 i Anarchia","description":"Autor, Dr Joseph Mercola Mercola.com 22 sierpnia 2023 r Jesieni\u0105 2022 r. media g\u0142\u00f3wnego nurtu zacz\u0119\u0142y ostrzega\u0107 przed potencjaln\u0105 \u201epotr\u00f3jn\u0105 epidemi\u0105\u201d, w kt\u00f3rej COVID, grypa sezonowa 1 i syncytialny wirus oddechowy (RSV) 2 kr\u0105\u017c\u0105 w tym samym czasie. M\u00f3wi\u0105, \u017ce strach si\u0119 sprzedaje i z pewno\u015bci\u0105 jest to powiedzenie u\u017cywane przez Big Pharma, je\u015bli chodzi o szczepionki. Nag\u0142e skupienie si\u0119 w","canonical_url":"https:\/\/wia.net.pl\/index.php\/2023\/08\/22\/rakieta-planowania-pandemii\/","robots":"max-image-preview:large","keywords":"","webmasterTools":{"miscellaneous":""},"schema":{"@context":"https:\/\/schema.org","@graph":[{"@type":"BlogPosting","@id":"https:\/\/wia.net.pl\/index.php\/2023\/08\/22\/rakieta-planowania-pandemii\/#blogposting","name":"Rakieta planowania pandemii - Wolno\u015b\u0107 i Anarchia","headline":"Rakieta planowania pandemii","author":{"@id":"https:\/\/wia.net.pl\/index.php\/author\/trinity\/#author"},"publisher":{"@id":"https:\/\/wia.net.pl\/#person"},"image":{"@type":"ImageObject","url":"https:\/\/wia.net.pl\/wp-content\/uploads\/2023\/08\/szcz.jpg","width":1920,"height":1080},"datePublished":"2023-08-22T12:07:41+02:00","dateModified":"2023-08-22T12:07:42+02:00","inLanguage":"pl-PL","mainEntityOfPage":{"@id":"https:\/\/wia.net.pl\/index.php\/2023\/08\/22\/rakieta-planowania-pandemii\/#webpage"},"isPartOf":{"@id":"https:\/\/wia.net.pl\/index.php\/2023\/08\/22\/rakieta-planowania-pandemii\/#webpage"},"articleSection":"Artyku\u0142y"},{"@type":"BreadcrumbList","@id":"https:\/\/wia.net.pl\/index.php\/2023\/08\/22\/rakieta-planowania-pandemii\/#breadcrumblist","itemListElement":[{"@type":"ListItem","@id":"https:\/\/wia.net.pl#listItem","position":1,"name":"Home","item":"https:\/\/wia.net.pl","nextItem":{"@type":"ListItem","@id":"https:\/\/wia.net.pl\/index.php\/category\/artykuly\/#listItem","name":"Artyku\u0142y"}},{"@type":"ListItem","@id":"https:\/\/wia.net.pl\/index.php\/category\/artykuly\/#listItem","position":2,"name":"Artyku\u0142y","item":"https:\/\/wia.net.pl\/index.php\/category\/artykuly\/","nextItem":{"@type":"ListItem","@id":"https:\/\/wia.net.pl\/index.php\/2023\/08\/22\/rakieta-planowania-pandemii\/#listItem","name":"Rakieta planowania pandemii"},"previousItem":{"@type":"ListItem","@id":"https:\/\/wia.net.pl#listItem","name":"Home"}},{"@type":"ListItem","@id":"https:\/\/wia.net.pl\/index.php\/2023\/08\/22\/rakieta-planowania-pandemii\/#listItem","position":3,"name":"Rakieta planowania pandemii","previousItem":{"@type":"ListItem","@id":"https:\/\/wia.net.pl\/index.php\/category\/artykuly\/#listItem","name":"Artyku\u0142y"}}]},{"@type":"Person","@id":"https:\/\/wia.net.pl\/#person","name":"Bart\u0142omiej Talarczyk","image":{"@type":"ImageObject","@id":"https:\/\/wia.net.pl\/index.php\/2023\/08\/22\/rakieta-planowania-pandemii\/#personImage","url":"https:\/\/wia.net.pl\/wp-content\/uploads\/avatar-privacy\/cache\/user\/1\/7\/176a6b161c58363ff49b5c167264231f519f5c7fa183ca1f61e891769b6b56d5-96.jpg","width":96,"height":96,"caption":"Bart\u0142omiej Talarczyk"}},{"@type":"Person","@id":"https:\/\/wia.net.pl\/index.php\/author\/trinity\/#author","url":"https:\/\/wia.net.pl\/index.php\/author\/trinity\/","name":"trinity","image":{"@type":"ImageObject","@id":"https:\/\/wia.net.pl\/index.php\/2023\/08\/22\/rakieta-planowania-pandemii\/#authorImage","url":"https:\/\/wia.net.pl\/wp-content\/uploads\/avatar-privacy\/cache\/user\/5\/f\/5f6547cf82495eaa10e100a6a45d5dbde2dfdc1be88557de2018fca705bdf6f1-96.jpg","width":96,"height":96,"caption":"trinity"}},{"@type":"WebPage","@id":"https:\/\/wia.net.pl\/index.php\/2023\/08\/22\/rakieta-planowania-pandemii\/#webpage","url":"https:\/\/wia.net.pl\/index.php\/2023\/08\/22\/rakieta-planowania-pandemii\/","name":"Rakieta planowania pandemii - Wolno\u015b\u0107 i Anarchia","description":"Autor, Dr Joseph Mercola Mercola.com 22 sierpnia 2023 r Jesieni\u0105 2022 r. media g\u0142\u00f3wnego nurtu zacz\u0119\u0142y ostrzega\u0107 przed potencjaln\u0105 \u201epotr\u00f3jn\u0105 epidemi\u0105\u201d, w kt\u00f3rej COVID, grypa sezonowa 1 i syncytialny wirus oddechowy (RSV) 2 kr\u0105\u017c\u0105 w tym samym czasie. M\u00f3wi\u0105, \u017ce strach si\u0119 sprzedaje i z pewno\u015bci\u0105 jest to powiedzenie u\u017cywane przez Big Pharma, je\u015bli chodzi o szczepionki. Nag\u0142e skupienie si\u0119 w","inLanguage":"pl-PL","isPartOf":{"@id":"https:\/\/wia.net.pl\/#website"},"breadcrumb":{"@id":"https:\/\/wia.net.pl\/index.php\/2023\/08\/22\/rakieta-planowania-pandemii\/#breadcrumblist"},"author":{"@id":"https:\/\/wia.net.pl\/index.php\/author\/trinity\/#author"},"creator":{"@id":"https:\/\/wia.net.pl\/index.php\/author\/trinity\/#author"},"image":{"@type":"ImageObject","url":"https:\/\/wia.net.pl\/wp-content\/uploads\/2023\/08\/szcz.jpg","@id":"https:\/\/wia.net.pl\/index.php\/2023\/08\/22\/rakieta-planowania-pandemii\/#mainImage","width":1920,"height":1080},"primaryImageOfPage":{"@id":"https:\/\/wia.net.pl\/index.php\/2023\/08\/22\/rakieta-planowania-pandemii\/#mainImage"},"datePublished":"2023-08-22T12:07:41+02:00","dateModified":"2023-08-22T12:07:42+02:00"},{"@type":"WebSite","@id":"https:\/\/wia.net.pl\/#website","url":"https:\/\/wia.net.pl\/","name":"Wolno\u015b\u0107 i Anarchia","description":"Ka\u017cdy wewn\u0119trznie jest anarchist\u0105.","inLanguage":"pl-PL","publisher":{"@id":"https:\/\/wia.net.pl\/#person"}}]},"og:locale":"pl_PL","og:site_name":"Wolno\u015b\u0107 i Anarchia - Ka\u017cdy wewn\u0119trznie jest anarchist\u0105.","og:type":"article","og:title":"Rakieta planowania pandemii - Wolno\u015b\u0107 i Anarchia","og:description":"Autor, Dr Joseph Mercola Mercola.com 22 sierpnia 2023 r Jesieni\u0105 2022 r. media g\u0142\u00f3wnego nurtu zacz\u0119\u0142y ostrzega\u0107 przed potencjaln\u0105 \u201epotr\u00f3jn\u0105 epidemi\u0105\u201d, w kt\u00f3rej COVID, grypa sezonowa 1 i syncytialny wirus oddechowy (RSV) 2 kr\u0105\u017c\u0105 w tym samym czasie. M\u00f3wi\u0105, \u017ce strach si\u0119 sprzedaje i z pewno\u015bci\u0105 jest to powiedzenie u\u017cywane przez Big Pharma, je\u015bli chodzi o szczepionki. Nag\u0142e skupienie si\u0119 w","og:url":"https:\/\/wia.net.pl\/index.php\/2023\/08\/22\/rakieta-planowania-pandemii\/","og:image":"https:\/\/wia.net.pl\/wp-content\/uploads\/2023\/11\/cropped-freedom-i73367.jpg","og:image:secure_url":"https:\/\/wia.net.pl\/wp-content\/uploads\/2023\/11\/cropped-freedom-i73367.jpg","article:published_time":"2023-08-22T10:07:41+00:00","article:modified_time":"2023-08-22T10:07:42+00:00","twitter:card":"summary_large_image","twitter:title":"Rakieta planowania pandemii - Wolno\u015b\u0107 i Anarchia","twitter:description":"Autor, Dr Joseph Mercola Mercola.com 22 sierpnia 2023 r Jesieni\u0105 2022 r. media g\u0142\u00f3wnego nurtu zacz\u0119\u0142y ostrzega\u0107 przed potencjaln\u0105 \u201epotr\u00f3jn\u0105 epidemi\u0105\u201d, w kt\u00f3rej COVID, grypa sezonowa 1 i syncytialny wirus oddechowy (RSV) 2 kr\u0105\u017c\u0105 w tym samym czasie. M\u00f3wi\u0105, \u017ce strach si\u0119 sprzedaje i z pewno\u015bci\u0105 jest to powiedzenie u\u017cywane przez Big Pharma, je\u015bli chodzi o szczepionki. Nag\u0142e skupienie si\u0119 w","twitter:image":"https:\/\/wia.net.pl\/wp-content\/uploads\/2023\/11\/cropped-freedom-i73367.jpg"},"aioseo_meta_data":{"post_id":"4153","title":null,"description":null,"keywords":[],"keyphrases":{"focus":{"keyphrase":"","score":0,"analysis":{"keyphraseInTitle":{"score":0,"maxScore":9,"error":1}}},"additional":[]},"primary_term":null,"canonical_url":null,"og_title":null,"og_description":null,"og_object_type":"default","og_image_type":"default","og_image_url":null,"og_image_width":null,"og_image_height":null,"og_image_custom_url":null,"og_image_custom_fields":null,"og_video":"","og_custom_url":null,"og_article_section":null,"og_article_tags":[],"twitter_use_og":false,"twitter_card":"default","twitter_image_type":"default","twitter_image_url":null,"twitter_image_custom_url":null,"twitter_image_custom_fields":null,"twitter_title":null,"twitter_description":null,"schema":{"blockGraphs":[],"customGraphs":[],"default":{"data":{"Article":[],"Course":[],"Dataset":[],"FAQPage":[],"Movie":[],"Person":[],"Product":[],"ProductReview":[],"Car":[],"Recipe":[],"Service":[],"SoftwareApplication":[],"WebPage":[]},"graphName":"BlogPosting","isEnabled":true},"graphs":[]},"schema_type":"default","schema_type_options":null,"pillar_content":false,"robots_default":true,"robots_noindex":false,"robots_noarchive":false,"robots_nosnippet":false,"robots_nofollow":false,"robots_noimageindex":false,"robots_noodp":false,"robots_notranslate":false,"robots_max_snippet":"-1","robots_max_videopreview":"-1","robots_max_imagepreview":"large","priority":null,"frequency":"default","local_seo":null,"breadcrumb_settings":null,"limit_modified_date":false,"ai":null,"created":"2023-08-22 09:55:37","updated":"2025-06-04 09:08:00","seo_analyzer_scan_date":null,"focus_keyword":null,"additional_keywords":null,"truseo_locale":null},"aioseo_breadcrumb":"<div class=\"aioseo-breadcrumbs\"><span class=\"aioseo-breadcrumb\">\n\t\t\t<a href=\"https:\/\/wia.net.pl\" title=\"Home\">Home<\/a>\n\t\t<\/span><span class=\"aioseo-breadcrumb-separator\">&raquo;<\/span><span class=\"aioseo-breadcrumb\">\n\t\t\t<a href=\"https:\/\/wia.net.pl\/index.php\/category\/artykuly\/\" title=\"Artyku\u0142y\">Artyku\u0142y<\/a>\n\t\t<\/span><span class=\"aioseo-breadcrumb-separator\">&raquo;<\/span><span class=\"aioseo-breadcrumb\">\n\t\t\tRakieta planowania pandemii\n\t\t<\/span><\/div>","aioseo_breadcrumb_json":[{"label":"Home","link":"https:\/\/wia.net.pl"},{"label":"Artyku\u0142y","link":"https:\/\/wia.net.pl\/index.php\/category\/artykuly\/"},{"label":"Rakieta planowania pandemii","link":"https:\/\/wia.net.pl\/index.php\/2023\/08\/22\/rakieta-planowania-pandemii\/"}],"_links":{"self":[{"href":"https:\/\/wia.net.pl\/index.php\/wp-json\/wp\/v2\/posts\/4153"}],"collection":[{"href":"https:\/\/wia.net.pl\/index.php\/wp-json\/wp\/v2\/posts"}],"about":[{"href":"https:\/\/wia.net.pl\/index.php\/wp-json\/wp\/v2\/types\/post"}],"author":[{"embeddable":true,"href":"https:\/\/wia.net.pl\/index.php\/wp-json\/wp\/v2\/users\/2"}],"replies":[{"embeddable":true,"href":"https:\/\/wia.net.pl\/index.php\/wp-json\/wp\/v2\/comments?post=4153"}],"version-history":[{"count":3,"href":"https:\/\/wia.net.pl\/index.php\/wp-json\/wp\/v2\/posts\/4153\/revisions"}],"predecessor-version":[{"id":4158,"href":"https:\/\/wia.net.pl\/index.php\/wp-json\/wp\/v2\/posts\/4153\/revisions\/4158"}],"wp:featuredmedia":[{"embeddable":true,"href":"https:\/\/wia.net.pl\/index.php\/wp-json\/wp\/v2\/media\/4156"}],"wp:attachment":[{"href":"https:\/\/wia.net.pl\/index.php\/wp-json\/wp\/v2\/media?parent=4153"}],"wp:term":[{"taxonomy":"category","embeddable":true,"href":"https:\/\/wia.net.pl\/index.php\/wp-json\/wp\/v2\/categories?post=4153"},{"taxonomy":"post_tag","embeddable":true,"href":"https:\/\/wia.net.pl\/index.php\/wp-json\/wp\/v2\/tags?post=4153"}],"curies":[{"name":"wp","href":"https:\/\/api.w.org\/{rel}","templated":true}]}}