{"id":4178,"date":"2023-08-23T10:39:44","date_gmt":"2023-08-23T08:39:44","guid":{"rendered":"https:\/\/wia.net.pl\/?p=4178"},"modified":"2023-08-23T10:39:50","modified_gmt":"2023-08-23T08:39:50","slug":"jezuici-papiez-spotkanie-z-generalem-usa","status":"publish","type":"post","link":"https:\/\/wia.net.pl\/index.php\/2023\/08\/23\/jezuici-papiez-spotkanie-z-generalem-usa\/","title":{"rendered":"Jezuici, Papie\u017c &#8211; Spotkanie z genera\u0142em USA"},"content":{"rendered":"\n<p><a href=\"https:\/\/leozagami.com\/2023\/08\/22\/top-u-s-general-meets-pope-francis-to-decide-the-future-of-the-war-and-submit-to-the-jesuits\/\">Czo\u0142owy ameryka\u0144ski genera\u0142 spotyka si\u0119 z papie\u017cem Franciszkiem, aby zdecydowa\u0107 o przysz\u0142o\u015bci wojny i podporz\u0105dkowa\u0107 si\u0119 jezuitom!<\/a><\/p>\n\n\n\n<figure class=\"wp-block-image size-full\"><img loading=\"lazy\" decoding=\"async\" width=\"1024\" height=\"682\" src=\"https:\/\/wia.net.pl\/wp-content\/uploads\/2023\/08\/F4EYf9RXwAIDUSY.jpeg\" alt=\"\" class=\"wp-image-4179\" srcset=\"https:\/\/wia.net.pl\/wp-content\/uploads\/2023\/08\/F4EYf9RXwAIDUSY.jpeg 1024w, https:\/\/wia.net.pl\/wp-content\/uploads\/2023\/08\/F4EYf9RXwAIDUSY-300x200.jpeg 300w, https:\/\/wia.net.pl\/wp-content\/uploads\/2023\/08\/F4EYf9RXwAIDUSY-768x512.jpeg 768w\" sizes=\"(max-width: 1024px) 100vw, 1024px\" \/><\/figure>\n\n\n\n<p><em>Artyku\u0142 autorstwa Leo Zagamiego<\/em><\/p>\n\n\n\n<p>W mojej najnowszej ksi\u0105\u017cce&nbsp;<em>Wyznania iluminat\u00f3w, tom 9: Siedem krok\u00f3w do tajemnic nowego zaburzenia \u015bwiata od transhumanizmu i nie\u015bmiertelno\u015bci do gnostycznego Jezusa, UFO i czar\u00f3w owad\u00f3w<\/em>&nbsp;&nbsp;pisz\u0119:<\/p>\n\n\n\n<p>\u201eW tej walce o w\u0142adz\u0119 i propagand\u0119 los og\u00f3\u0142u ludno\u015bci ukrai\u0144skiej lub rosyjskiej ma bardzo ma\u0142e znaczenie lub w og\u00f3le nie interesuje elity Iluminat\u00f3w, poniewa\u017c ta wojna jest cz\u0119\u015bci\u0105 ich globalnego programu Wielkiego Resetu.&nbsp;W tym kontek\u015bcie zachodnie \u015brodki masowego przekazu podejmuj\u0105 ekstremalne wysi\u0142ki maj\u0105ce na celu promowanie zdeformowanego obrazu konfliktu na Ukrainie, Rosji, Rosjan i ich prezydenta W\u0142adimira Putina.&nbsp;Wydaje si\u0119, \u017ce desperacko pr\u00f3buj\u0105 nas przekona\u0107, \u017ce ewolucja naszych czas\u00f3w wymaga od Ukrainy wej\u015bcia w ramy dostosowane przez USA i NATO\u201d.<\/p>\n\n\n\n<p><a href=\"https:\/\/press.vatican.va\/content\/salastampa\/en\/bollettino\/pubblico\/2023\/08\/21\/230821b.html\"><strong>Wed\u0142ug Watykanu<\/strong><\/a>&nbsp;genera\u0142 Milley odby\u0142 wczoraj audiencj\u0119 u papie\u017ca&nbsp;&nbsp;.&nbsp;Genera\u0142 Mark Milley, najwy\u017cszy rang\u0105 oficer wojskowy w kraju i g\u0142\u00f3wny doradca wojskowy prezydenta Bidena, kt\u00f3ry stoi tak\u017ce za katastrofaln\u0105 kapitulacj\u0105 talibom w Afganistanie, spotka\u0142 si\u0119 wczoraj z papie\u017cem Franciszkiem, aby om\u00f3wi\u0107 przysz\u0142o\u015b\u0107 wojny na Ukrainie .&nbsp;<\/p>\n\n\n\n<p>Natychmiastowym pytaniem, kt\u00f3re wi\u0119kszo\u015b\u0107 z Was sobie zadaje, jest to, dlaczego najwy\u017cszej rangi ameryka\u0144ski genera\u0142 musi spotyka\u0107 si\u0119 z papie\u017cem.&nbsp;C\u00f3\u017c, to spotkanie po raz kolejny pokazuje, \u017ce iluminaci musz\u0105 zawsze odwiedza\u0107 swoich jezuickich w\u0142adc\u00f3w przed podj\u0119ciem jakiejkolwiek znacz\u0105cej decyzji, a genera\u0142 Milley chce kontynuowa\u0107 wojn\u0119 na Ukrainie pomimo masowej \u015bmierci i cierpie\u0144 re\u017cimu.&nbsp;Dopiero w zesz\u0142ym miesi\u0105cu genera\u0142 Milley i Joe Biden podj\u0119li decyzj\u0119 o dostarczeniu Ukrainie bomb kasetowych, nawet je\u015bli s\u0105 one zakazane przez ponad 100 kraj\u00f3w spo\u0142eczno\u015bci mi\u0119dzynarodowej.<\/p>\n\n\n\n<p>U\u017cycie bomb kasetowych nie narusza prawa mi\u0119dzynarodowego, ale u\u017cycie ich przeciwko ludno\u015bci cywilnej mo\u017ce stanowi\u0107 naruszenie.&nbsp;Jak w przypadku ka\u017cdego strajku, okre\u015blenie zbrodni wojennej wymaga sprawdzenia, czy cel by\u0142 zgodny z prawem i czy podj\u0119to \u015brodki ostro\u017cno\u015bci, aby unikn\u0105\u0107 ofiar w\u015br\u00f3d ludno\u015bci cywilnej.&nbsp;<a href=\"applewebdata:\/\/F23C9A8B-3734-4512-BE3B-D384EEC8C105#_ftn1\"><sup>[1]<\/sup><\/a><\/p>\n\n\n\n<p>Papie\u017c jest \u201ebez w\u0105tpienia bardzo zaniepokojony setkami tysi\u0119cy ludzi, kt\u00f3rzy zgin\u0119li i zostali ranni, oraz ofiarami \u017cycia niewinnych cywil\u00f3w\u201d \u2013 Milley powiedzia\u0142 dziennikarzom na pok\u0142adzie ameryka\u0144skiego samolotu wojskowego po audiencji u papie\u017ca.&nbsp;\u201eJest bardzo zainteresowany moimi opiniami na temat stanu wojny i stanu wojny oraz ludzkiej tragedii, kt\u00f3ra rozgrywa si\u0119 na Ukrainie\u201d \u2013 powiedzia\u0142 genera\u0142.&nbsp;Milley \u2013 przewodnicz\u0105cy Po\u0142\u0105czonego Kolegium Szef\u00f3w Sztab\u00f3w USA \u2013 odegra\u0142 kluczow\u0105 rol\u0119 w wysi\u0142kach maj\u0105cych na celu zapewnienie Ukrainie pomocy, w tym sprz\u0119tu wojskowego i szkole\u0144, do walki z wojskami rosyjskimi, kt\u00f3re najecha\u0142y w lutym 2022 r.<\/p>\n\n\n\n<p>Zaledwie pi\u0119\u0107 dni temu&nbsp;&nbsp;<em>\u201eThe Washington Post\u201d<\/em>&nbsp;&nbsp;napisa\u0142, \u017ce \u201ewywiad ameryka\u0144ski twierdzi, \u017ce Ukrainie nie uda si\u0119 osi\u0105gn\u0105\u0107 kluczowego celu ofensywy\u201d, a genera\u0142 wie, \u017ce jego misja i kariera dobiegn\u0105 ko\u0144ca, gdy Republikanie powr\u00f3c\u0105 do Bia\u0142ego Domu w 2024 r. .<\/p>\n\n\n\n<p>\u201eWsp\u00f3lnota wywiadowcza Stan\u00f3w Zjednoczonych ocenia, \u017ce \u200b\u200bukrai\u0144ska kontrofensywa nie dotrze do kluczowego po\u0142udniowo-wschodniego miasta Melitopol, powiedzia\u0142y The Washington Post osoby zaznajomione z tajn\u0105 prognoz\u0105, a stwierdzenie to, je\u015bli zostanie udowodnione, \u017ce jest prawid\u0142owe, oznacza\u0142oby, \u017ce Kij\u00f3w nie wype\u0142ni swojego g\u0142\u00f3wnego celu przeci\u0119cia mostu l\u0105dowego Rosji na Krym w ramach tegorocznego ataku\u201d.&nbsp;<a href=\"applewebdata:\/\/F23C9A8B-3734-4512-BE3B-D384EEC8C105#_ftn2\"><sup>[2]<\/sup><\/a><\/p>\n\n\n\n<p>W mi\u0119dzyczasie papie\u017c Franciszek w dalszym ci\u0105gu odgrywa dwuznaczn\u0105 rol\u0119 za kulisami, co mo\u017cna w pe\u0142ni zrozumie\u0107 czytaj\u0105c tom 9 moich Wyzna\u0144, w kt\u00f3rym po raz pierwszy&nbsp;&nbsp;<em>znajdziecie<\/em>&nbsp;&nbsp;tajn\u0105 histori\u0119 tajnych stowarzysze\u0144 zaanga\u017cowanych w utworzenie Ukrainy i ich z\u0142e dziedzictwo powi\u0105zane z Iluminatami.<\/p>\n\n\n\n<hr class=\"wp-block-separator has-alpha-channel-opacity\"\/>\n\n\n\n<p><a href=\"applewebdata:\/\/F23C9A8B-3734-4512-BE3B-D384EEC8C105#_ftnref1\"><sup>[1]<\/sup><\/a>&nbsp;<a href=\"https:\/\/www.aljazeera.com\/news\/2023\/7\/7\/what-are-cluster-munitions\">&nbsp;https:\/\/www.aljazeera.com\/news\/2023\/7\/7\/what-are-cluster-munitions<\/a><\/p>\n\n\n\n<p><a href=\"applewebdata:\/\/F23C9A8B-3734-4512-BE3B-D384EEC8C105#_ftnref2\"><sup>[2]<\/sup><\/a>&nbsp;<a href=\"https:\/\/www.washingtonpost.com\/national-security\/2023\/08\/17\/ukraine-counteroffensive-melitopol\/\">&nbsp;https:\/\/www.washingtonpost.com\/national-security\/2023\/08\/17\/ukraine-counteroffensive-melitopol\/<\/a><\/p>\n\n\n\n<p>UWAGA Najwa\u017cniejsza ksi\u0105\u017cka Leo Zagamiego jest ju\u017c dost\u0119pna!&nbsp;<em><strong>Wyznania iluminat\u00f3w, tom 9: Siedem krok\u00f3w do tajemnic chaosu Nowego \u015awiata, od transhumanizmu i nie\u015bmiertelno\u015bci do gnostyckiego Jezusa, UFO i czar\u00f3w owad\u00f3w<\/strong><\/em><\/p>\n\n\n\n<figure class=\"wp-block-embed is-type-rich is-provider-amazon wp-block-embed-amazon\"><div class=\"wp-block-embed__wrapper\">\n<iframe loading=\"lazy\" title=\"Confessions of an Illuminati Volume 9: Seven Steps to The Secrets of the New World Disorder from Transhumanism and Immortality to Gnostic Jesus, UFOs, and Insect Witchcraft\" type=\"text\/html\" width=\"858\" height=\"550\" frameborder=\"0\" allowfullscreen style=\"max-width:100%\" src=\"https:\/\/read.amazon.com\/kp\/card?preview=inline&#038;linkCode=kpd&#038;ref_=k4w_oembed_9iO1VpAN1tc9Gu&#038;asin=B0CCT3LMJ2&#038;tag=kpembed-20\"><\/iframe>\n<\/div><\/figure>\n\n\n\n<p>Przedruk za zgod\u0105 autora <a href=\"https:\/\/leozagami.com\/\">https:\/\/leozagami.com\/<\/a><\/p>\n\n\n\n<p>Link \u017ar\u00f3d\u0142owy <a href=\"https:\/\/leozagami.com\/\">https:\/\/leozagami.com\/<\/a><\/p>\n","protected":false},"excerpt":{"rendered":"<p>Czo\u0142owy ameryka\u0144ski genera\u0142 spotyka si\u0119 z papie\u017cem Franciszkiem, aby zdecydowa\u0107 o przysz\u0142o\u015bci wojny i podporz\u0105dkowa\u0107 si\u0119 jezuitom! Artyku\u0142 autorstwa Leo Zagamiego W mojej najnowszej ksi\u0105\u017cce&nbsp;Wyznania iluminat\u00f3w, tom 9: Siedem krok\u00f3w do tajemnic nowego zaburzenia \u015bwiata od transhumanizmu i nie\u015bmiertelno\u015bci do&#8230; <\/p>\n","protected":false},"author":2,"featured_media":4179,"comment_status":"open","ping_status":"open","sticky":false,"template":"","format":"standard","meta":{"_acf_changed":false,"_bbp_topic_count":0,"_bbp_reply_count":0,"_bbp_total_topic_count":0,"_bbp_total_reply_count":0,"_bbp_voice_count":0,"_bbp_anonymous_reply_count":0,"_bbp_topic_count_hidden":0,"_bbp_reply_count_hidden":0,"_bbp_forum_subforum_count":0,"om_disable_all_campaigns":false,"_monsterinsights_skip_tracking":false,"footnotes":""},"categories":[93],"tags":[],"class_list":["post-4178","post","type-post","status-publish","format-standard","has-post-thumbnail","hentry","category-artykuly"],"acf":[],"aioseo_notices":[],"aioseo_head":"\n\t\t<!-- All in One SEO 5.0.1.1 - aioseo.com -->\n\t<meta name=\"description\" content=\"Czo\u0142owy ameryka\u0144ski genera\u0142 spotyka si\u0119 z papie\u017cem Franciszkiem, aby zdecydowa\u0107 o przysz\u0142o\u015bci wojny i podporz\u0105dkowa\u0107 si\u0119 jezuitom! Artyku\u0142 autorstwa Leo Zagamiego W mojej najnowszej ksi\u0105\u017cce Wyznania iluminat\u00f3w, tom 9: Siedem krok\u00f3w do tajemnic nowego zaburzenia \u015bwiata od transhumanizmu i nie\u015bmiertelno\u015bci do gnostycznego Jezusa, UFO i czar\u00f3w owad\u00f3w pisz\u0119: \u201eW tej walce o w\u0142adz\u0119 i propagand\u0119 los og\u00f3\u0142u\" \/>\n\t<meta name=\"robots\" content=\"max-image-preview:large\" \/>\n\t<meta name=\"author\" content=\"trinity\"\/>\n\t<link rel=\"canonical\" href=\"https:\/\/wia.net.pl\/index.php\/2023\/08\/23\/jezuici-papiez-spotkanie-z-generalem-usa\/\" \/>\n\t<meta name=\"generator\" content=\"All in One SEO (AIOSEO) 5.0.1.1\" \/>\n\t\t<meta property=\"og:locale\" content=\"pl_PL\" \/>\n\t\t<meta property=\"og:site_name\" content=\"Wolno\u015b\u0107 i Anarchia - Ka\u017cdy wewn\u0119trznie jest anarchist\u0105.\" \/>\n\t\t<meta property=\"og:type\" content=\"article\" \/>\n\t\t<meta property=\"og:title\" content=\"Jezuici, Papie\u017c \u2013 Spotkanie z genera\u0142em USA - Wolno\u015b\u0107 i Anarchia\" \/>\n\t\t<meta property=\"og:description\" content=\"Czo\u0142owy ameryka\u0144ski genera\u0142 spotyka si\u0119 z papie\u017cem Franciszkiem, aby zdecydowa\u0107 o przysz\u0142o\u015bci wojny i podporz\u0105dkowa\u0107 si\u0119 jezuitom! Artyku\u0142 autorstwa Leo Zagamiego W mojej najnowszej ksi\u0105\u017cce Wyznania iluminat\u00f3w, tom 9: Siedem krok\u00f3w do tajemnic nowego zaburzenia \u015bwiata od transhumanizmu i nie\u015bmiertelno\u015bci do gnostycznego Jezusa, UFO i czar\u00f3w owad\u00f3w pisz\u0119: \u201eW tej walce o w\u0142adz\u0119 i propagand\u0119 los og\u00f3\u0142u\" \/>\n\t\t<meta property=\"og:url\" content=\"https:\/\/wia.net.pl\/index.php\/2023\/08\/23\/jezuici-papiez-spotkanie-z-generalem-usa\/\" \/>\n\t\t<meta property=\"og:image\" content=\"https:\/\/wia.net.pl\/wp-content\/uploads\/2023\/11\/cropped-freedom-i73367.jpg\" \/>\n\t\t<meta property=\"og:image:secure_url\" content=\"https:\/\/wia.net.pl\/wp-content\/uploads\/2023\/11\/cropped-freedom-i73367.jpg\" \/>\n\t\t<meta property=\"article:published_time\" content=\"2023-08-23T08:39:44+00:00\" \/>\n\t\t<meta property=\"article:modified_time\" content=\"2023-08-23T08:39:50+00:00\" \/>\n\t\t<meta name=\"twitter:card\" content=\"summary_large_image\" \/>\n\t\t<meta name=\"twitter:title\" content=\"Jezuici, Papie\u017c \u2013 Spotkanie z genera\u0142em USA - Wolno\u015b\u0107 i Anarchia\" \/>\n\t\t<meta name=\"twitter:description\" content=\"Czo\u0142owy ameryka\u0144ski genera\u0142 spotyka si\u0119 z papie\u017cem Franciszkiem, aby zdecydowa\u0107 o przysz\u0142o\u015bci wojny i podporz\u0105dkowa\u0107 si\u0119 jezuitom! Artyku\u0142 autorstwa Leo Zagamiego W mojej najnowszej ksi\u0105\u017cce Wyznania iluminat\u00f3w, tom 9: Siedem krok\u00f3w do tajemnic nowego zaburzenia \u015bwiata od transhumanizmu i nie\u015bmiertelno\u015bci do gnostycznego Jezusa, UFO i czar\u00f3w owad\u00f3w pisz\u0119: \u201eW tej walce o w\u0142adz\u0119 i propagand\u0119 los og\u00f3\u0142u\" \/>\n\t\t<meta name=\"twitter:image\" content=\"https:\/\/wia.net.pl\/wp-content\/uploads\/2023\/11\/cropped-freedom-i73367.jpg\" \/>\n\t\t<script type=\"application\/ld+json\" class=\"aioseo-schema\">\n\t\t\t{\"@context\":\"https:\\\/\\\/schema.org\",\"@graph\":[{\"@type\":\"BlogPosting\",\"@id\":\"https:\\\/\\\/wia.net.pl\\\/index.php\\\/2023\\\/08\\\/23\\\/jezuici-papiez-spotkanie-z-generalem-usa\\\/#blogposting\",\"name\":\"Jezuici, Papie\\u017c \\u2013 Spotkanie z genera\\u0142em USA - Wolno\\u015b\\u0107 i Anarchia\",\"headline\":\"Jezuici, Papie\\u017c &#8211; Spotkanie z genera\\u0142em USA\",\"author\":{\"@id\":\"https:\\\/\\\/wia.net.pl\\\/index.php\\\/author\\\/trinity\\\/#author\"},\"publisher\":{\"@id\":\"https:\\\/\\\/wia.net.pl\\\/#person\"},\"image\":{\"@type\":\"ImageObject\",\"url\":\"https:\\\/\\\/wia.net.pl\\\/wp-content\\\/uploads\\\/2023\\\/08\\\/F4EYf9RXwAIDUSY.jpeg\",\"width\":1024,\"height\":682},\"datePublished\":\"2023-08-23T10:39:44+02:00\",\"dateModified\":\"2023-08-23T10:39:50+02:00\",\"inLanguage\":\"pl-PL\",\"mainEntityOfPage\":{\"@id\":\"https:\\\/\\\/wia.net.pl\\\/index.php\\\/2023\\\/08\\\/23\\\/jezuici-papiez-spotkanie-z-generalem-usa\\\/#webpage\"},\"isPartOf\":{\"@id\":\"https:\\\/\\\/wia.net.pl\\\/index.php\\\/2023\\\/08\\\/23\\\/jezuici-papiez-spotkanie-z-generalem-usa\\\/#webpage\"},\"articleSection\":\"Artyku\\u0142y\"},{\"@type\":\"BreadcrumbList\",\"@id\":\"https:\\\/\\\/wia.net.pl\\\/index.php\\\/2023\\\/08\\\/23\\\/jezuici-papiez-spotkanie-z-generalem-usa\\\/#breadcrumblist\",\"itemListElement\":[{\"@type\":\"ListItem\",\"@id\":\"https:\\\/\\\/wia.net.pl#listItem\",\"position\":1,\"name\":\"Home\",\"item\":\"https:\\\/\\\/wia.net.pl\",\"nextItem\":{\"@type\":\"ListItem\",\"@id\":\"https:\\\/\\\/wia.net.pl\\\/index.php\\\/category\\\/artykuly\\\/#listItem\",\"name\":\"Artyku\\u0142y\"}},{\"@type\":\"ListItem\",\"@id\":\"https:\\\/\\\/wia.net.pl\\\/index.php\\\/category\\\/artykuly\\\/#listItem\",\"position\":2,\"name\":\"Artyku\\u0142y\",\"item\":\"https:\\\/\\\/wia.net.pl\\\/index.php\\\/category\\\/artykuly\\\/\",\"nextItem\":{\"@type\":\"ListItem\",\"@id\":\"https:\\\/\\\/wia.net.pl\\\/index.php\\\/2023\\\/08\\\/23\\\/jezuici-papiez-spotkanie-z-generalem-usa\\\/#listItem\",\"name\":\"Jezuici, Papie\\u017c &#8211; Spotkanie z genera\\u0142em USA\"},\"previousItem\":{\"@type\":\"ListItem\",\"@id\":\"https:\\\/\\\/wia.net.pl#listItem\",\"name\":\"Home\"}},{\"@type\":\"ListItem\",\"@id\":\"https:\\\/\\\/wia.net.pl\\\/index.php\\\/2023\\\/08\\\/23\\\/jezuici-papiez-spotkanie-z-generalem-usa\\\/#listItem\",\"position\":3,\"name\":\"Jezuici, Papie\\u017c &#8211; Spotkanie z genera\\u0142em USA\",\"previousItem\":{\"@type\":\"ListItem\",\"@id\":\"https:\\\/\\\/wia.net.pl\\\/index.php\\\/category\\\/artykuly\\\/#listItem\",\"name\":\"Artyku\\u0142y\"}}]},{\"@type\":\"Person\",\"@id\":\"https:\\\/\\\/wia.net.pl\\\/#person\",\"name\":\"Bart\\u0142omiej Talarczyk\",\"image\":{\"@type\":\"ImageObject\",\"@id\":\"https:\\\/\\\/wia.net.pl\\\/index.php\\\/2023\\\/08\\\/23\\\/jezuici-papiez-spotkanie-z-generalem-usa\\\/#personImage\",\"url\":\"https:\\\/\\\/wia.net.pl\\\/wp-content\\\/uploads\\\/avatar-privacy\\\/cache\\\/user\\\/1\\\/7\\\/176a6b161c58363ff49b5c167264231f519f5c7fa183ca1f61e891769b6b56d5-96.jpg\",\"width\":96,\"height\":96,\"caption\":\"Bart\\u0142omiej Talarczyk\"}},{\"@type\":\"Person\",\"@id\":\"https:\\\/\\\/wia.net.pl\\\/index.php\\\/author\\\/trinity\\\/#author\",\"url\":\"https:\\\/\\\/wia.net.pl\\\/index.php\\\/author\\\/trinity\\\/\",\"name\":\"trinity\",\"image\":{\"@type\":\"ImageObject\",\"@id\":\"https:\\\/\\\/wia.net.pl\\\/index.php\\\/2023\\\/08\\\/23\\\/jezuici-papiez-spotkanie-z-generalem-usa\\\/#authorImage\",\"url\":\"https:\\\/\\\/wia.net.pl\\\/wp-content\\\/uploads\\\/avatar-privacy\\\/cache\\\/user\\\/5\\\/f\\\/5f6547cf82495eaa10e100a6a45d5dbde2dfdc1be88557de2018fca705bdf6f1-96.jpg\",\"width\":96,\"height\":96,\"caption\":\"trinity\"}},{\"@type\":\"WebPage\",\"@id\":\"https:\\\/\\\/wia.net.pl\\\/index.php\\\/2023\\\/08\\\/23\\\/jezuici-papiez-spotkanie-z-generalem-usa\\\/#webpage\",\"url\":\"https:\\\/\\\/wia.net.pl\\\/index.php\\\/2023\\\/08\\\/23\\\/jezuici-papiez-spotkanie-z-generalem-usa\\\/\",\"name\":\"Jezuici, Papie\\u017c \\u2013 Spotkanie z genera\\u0142em USA - Wolno\\u015b\\u0107 i Anarchia\",\"description\":\"Czo\\u0142owy ameryka\\u0144ski genera\\u0142 spotyka si\\u0119 z papie\\u017cem Franciszkiem, aby zdecydowa\\u0107 o przysz\\u0142o\\u015bci wojny i podporz\\u0105dkowa\\u0107 si\\u0119 jezuitom! Artyku\\u0142 autorstwa Leo Zagamiego W mojej najnowszej ksi\\u0105\\u017cce Wyznania iluminat\\u00f3w, tom 9: Siedem krok\\u00f3w do tajemnic nowego zaburzenia \\u015bwiata od transhumanizmu i nie\\u015bmiertelno\\u015bci do gnostycznego Jezusa, UFO i czar\\u00f3w owad\\u00f3w pisz\\u0119: \\u201eW tej walce o w\\u0142adz\\u0119 i propagand\\u0119 los og\\u00f3\\u0142u\",\"inLanguage\":\"pl-PL\",\"isPartOf\":{\"@id\":\"https:\\\/\\\/wia.net.pl\\\/#website\"},\"breadcrumb\":{\"@id\":\"https:\\\/\\\/wia.net.pl\\\/index.php\\\/2023\\\/08\\\/23\\\/jezuici-papiez-spotkanie-z-generalem-usa\\\/#breadcrumblist\"},\"author\":{\"@id\":\"https:\\\/\\\/wia.net.pl\\\/index.php\\\/author\\\/trinity\\\/#author\"},\"creator\":{\"@id\":\"https:\\\/\\\/wia.net.pl\\\/index.php\\\/author\\\/trinity\\\/#author\"},\"image\":{\"@type\":\"ImageObject\",\"url\":\"https:\\\/\\\/wia.net.pl\\\/wp-content\\\/uploads\\\/2023\\\/08\\\/F4EYf9RXwAIDUSY.jpeg\",\"@id\":\"https:\\\/\\\/wia.net.pl\\\/index.php\\\/2023\\\/08\\\/23\\\/jezuici-papiez-spotkanie-z-generalem-usa\\\/#mainImage\",\"width\":1024,\"height\":682},\"primaryImageOfPage\":{\"@id\":\"https:\\\/\\\/wia.net.pl\\\/index.php\\\/2023\\\/08\\\/23\\\/jezuici-papiez-spotkanie-z-generalem-usa\\\/#mainImage\"},\"datePublished\":\"2023-08-23T10:39:44+02:00\",\"dateModified\":\"2023-08-23T10:39:50+02:00\"},{\"@type\":\"WebSite\",\"@id\":\"https:\\\/\\\/wia.net.pl\\\/#website\",\"url\":\"https:\\\/\\\/wia.net.pl\\\/\",\"name\":\"Wolno\\u015b\\u0107 i Anarchia\",\"description\":\"Ka\\u017cdy wewn\\u0119trznie jest anarchist\\u0105.\",\"inLanguage\":\"pl-PL\",\"publisher\":{\"@id\":\"https:\\\/\\\/wia.net.pl\\\/#person\"}}]}\n\t\t<\/script>\n\t\t<!-- All in One SEO -->\n\n","aioseo_head_json":{"title":"Jezuici, Papie\u017c \u2013 Spotkanie z genera\u0142em USA - Wolno\u015b\u0107 i Anarchia","description":"Czo\u0142owy ameryka\u0144ski genera\u0142 spotyka si\u0119 z papie\u017cem Franciszkiem, aby zdecydowa\u0107 o przysz\u0142o\u015bci wojny i podporz\u0105dkowa\u0107 si\u0119 jezuitom! Artyku\u0142 autorstwa Leo Zagamiego W mojej najnowszej ksi\u0105\u017cce Wyznania iluminat\u00f3w, tom 9: Siedem krok\u00f3w do tajemnic nowego zaburzenia \u015bwiata od transhumanizmu i nie\u015bmiertelno\u015bci do gnostycznego Jezusa, UFO i czar\u00f3w owad\u00f3w pisz\u0119: \u201eW tej walce o w\u0142adz\u0119 i propagand\u0119 los og\u00f3\u0142u","canonical_url":"https:\/\/wia.net.pl\/index.php\/2023\/08\/23\/jezuici-papiez-spotkanie-z-generalem-usa\/","robots":"max-image-preview:large","keywords":"","webmasterTools":{"miscellaneous":""},"schema":{"@context":"https:\/\/schema.org","@graph":[{"@type":"BlogPosting","@id":"https:\/\/wia.net.pl\/index.php\/2023\/08\/23\/jezuici-papiez-spotkanie-z-generalem-usa\/#blogposting","name":"Jezuici, Papie\u017c \u2013 Spotkanie z genera\u0142em USA - Wolno\u015b\u0107 i Anarchia","headline":"Jezuici, Papie\u017c &#8211; Spotkanie z genera\u0142em USA","author":{"@id":"https:\/\/wia.net.pl\/index.php\/author\/trinity\/#author"},"publisher":{"@id":"https:\/\/wia.net.pl\/#person"},"image":{"@type":"ImageObject","url":"https:\/\/wia.net.pl\/wp-content\/uploads\/2023\/08\/F4EYf9RXwAIDUSY.jpeg","width":1024,"height":682},"datePublished":"2023-08-23T10:39:44+02:00","dateModified":"2023-08-23T10:39:50+02:00","inLanguage":"pl-PL","mainEntityOfPage":{"@id":"https:\/\/wia.net.pl\/index.php\/2023\/08\/23\/jezuici-papiez-spotkanie-z-generalem-usa\/#webpage"},"isPartOf":{"@id":"https:\/\/wia.net.pl\/index.php\/2023\/08\/23\/jezuici-papiez-spotkanie-z-generalem-usa\/#webpage"},"articleSection":"Artyku\u0142y"},{"@type":"BreadcrumbList","@id":"https:\/\/wia.net.pl\/index.php\/2023\/08\/23\/jezuici-papiez-spotkanie-z-generalem-usa\/#breadcrumblist","itemListElement":[{"@type":"ListItem","@id":"https:\/\/wia.net.pl#listItem","position":1,"name":"Home","item":"https:\/\/wia.net.pl","nextItem":{"@type":"ListItem","@id":"https:\/\/wia.net.pl\/index.php\/category\/artykuly\/#listItem","name":"Artyku\u0142y"}},{"@type":"ListItem","@id":"https:\/\/wia.net.pl\/index.php\/category\/artykuly\/#listItem","position":2,"name":"Artyku\u0142y","item":"https:\/\/wia.net.pl\/index.php\/category\/artykuly\/","nextItem":{"@type":"ListItem","@id":"https:\/\/wia.net.pl\/index.php\/2023\/08\/23\/jezuici-papiez-spotkanie-z-generalem-usa\/#listItem","name":"Jezuici, Papie\u017c &#8211; Spotkanie z genera\u0142em USA"},"previousItem":{"@type":"ListItem","@id":"https:\/\/wia.net.pl#listItem","name":"Home"}},{"@type":"ListItem","@id":"https:\/\/wia.net.pl\/index.php\/2023\/08\/23\/jezuici-papiez-spotkanie-z-generalem-usa\/#listItem","position":3,"name":"Jezuici, Papie\u017c &#8211; Spotkanie z genera\u0142em USA","previousItem":{"@type":"ListItem","@id":"https:\/\/wia.net.pl\/index.php\/category\/artykuly\/#listItem","name":"Artyku\u0142y"}}]},{"@type":"Person","@id":"https:\/\/wia.net.pl\/#person","name":"Bart\u0142omiej Talarczyk","image":{"@type":"ImageObject","@id":"https:\/\/wia.net.pl\/index.php\/2023\/08\/23\/jezuici-papiez-spotkanie-z-generalem-usa\/#personImage","url":"https:\/\/wia.net.pl\/wp-content\/uploads\/avatar-privacy\/cache\/user\/1\/7\/176a6b161c58363ff49b5c167264231f519f5c7fa183ca1f61e891769b6b56d5-96.jpg","width":96,"height":96,"caption":"Bart\u0142omiej Talarczyk"}},{"@type":"Person","@id":"https:\/\/wia.net.pl\/index.php\/author\/trinity\/#author","url":"https:\/\/wia.net.pl\/index.php\/author\/trinity\/","name":"trinity","image":{"@type":"ImageObject","@id":"https:\/\/wia.net.pl\/index.php\/2023\/08\/23\/jezuici-papiez-spotkanie-z-generalem-usa\/#authorImage","url":"https:\/\/wia.net.pl\/wp-content\/uploads\/avatar-privacy\/cache\/user\/5\/f\/5f6547cf82495eaa10e100a6a45d5dbde2dfdc1be88557de2018fca705bdf6f1-96.jpg","width":96,"height":96,"caption":"trinity"}},{"@type":"WebPage","@id":"https:\/\/wia.net.pl\/index.php\/2023\/08\/23\/jezuici-papiez-spotkanie-z-generalem-usa\/#webpage","url":"https:\/\/wia.net.pl\/index.php\/2023\/08\/23\/jezuici-papiez-spotkanie-z-generalem-usa\/","name":"Jezuici, Papie\u017c \u2013 Spotkanie z genera\u0142em USA - Wolno\u015b\u0107 i Anarchia","description":"Czo\u0142owy ameryka\u0144ski genera\u0142 spotyka si\u0119 z papie\u017cem Franciszkiem, aby zdecydowa\u0107 o przysz\u0142o\u015bci wojny i podporz\u0105dkowa\u0107 si\u0119 jezuitom! Artyku\u0142 autorstwa Leo Zagamiego W mojej najnowszej ksi\u0105\u017cce Wyznania iluminat\u00f3w, tom 9: Siedem krok\u00f3w do tajemnic nowego zaburzenia \u015bwiata od transhumanizmu i nie\u015bmiertelno\u015bci do gnostycznego Jezusa, UFO i czar\u00f3w owad\u00f3w pisz\u0119: \u201eW tej walce o w\u0142adz\u0119 i propagand\u0119 los og\u00f3\u0142u","inLanguage":"pl-PL","isPartOf":{"@id":"https:\/\/wia.net.pl\/#website"},"breadcrumb":{"@id":"https:\/\/wia.net.pl\/index.php\/2023\/08\/23\/jezuici-papiez-spotkanie-z-generalem-usa\/#breadcrumblist"},"author":{"@id":"https:\/\/wia.net.pl\/index.php\/author\/trinity\/#author"},"creator":{"@id":"https:\/\/wia.net.pl\/index.php\/author\/trinity\/#author"},"image":{"@type":"ImageObject","url":"https:\/\/wia.net.pl\/wp-content\/uploads\/2023\/08\/F4EYf9RXwAIDUSY.jpeg","@id":"https:\/\/wia.net.pl\/index.php\/2023\/08\/23\/jezuici-papiez-spotkanie-z-generalem-usa\/#mainImage","width":1024,"height":682},"primaryImageOfPage":{"@id":"https:\/\/wia.net.pl\/index.php\/2023\/08\/23\/jezuici-papiez-spotkanie-z-generalem-usa\/#mainImage"},"datePublished":"2023-08-23T10:39:44+02:00","dateModified":"2023-08-23T10:39:50+02:00"},{"@type":"WebSite","@id":"https:\/\/wia.net.pl\/#website","url":"https:\/\/wia.net.pl\/","name":"Wolno\u015b\u0107 i Anarchia","description":"Ka\u017cdy wewn\u0119trznie jest anarchist\u0105.","inLanguage":"pl-PL","publisher":{"@id":"https:\/\/wia.net.pl\/#person"}}]},"og:locale":"pl_PL","og:site_name":"Wolno\u015b\u0107 i Anarchia - Ka\u017cdy wewn\u0119trznie jest anarchist\u0105.","og:type":"article","og:title":"Jezuici, Papie\u017c \u2013 Spotkanie z genera\u0142em USA - Wolno\u015b\u0107 i Anarchia","og:description":"Czo\u0142owy ameryka\u0144ski genera\u0142 spotyka si\u0119 z papie\u017cem Franciszkiem, aby zdecydowa\u0107 o przysz\u0142o\u015bci wojny i podporz\u0105dkowa\u0107 si\u0119 jezuitom! Artyku\u0142 autorstwa Leo Zagamiego W mojej najnowszej ksi\u0105\u017cce Wyznania iluminat\u00f3w, tom 9: Siedem krok\u00f3w do tajemnic nowego zaburzenia \u015bwiata od transhumanizmu i nie\u015bmiertelno\u015bci do gnostycznego Jezusa, UFO i czar\u00f3w owad\u00f3w pisz\u0119: \u201eW tej walce o w\u0142adz\u0119 i propagand\u0119 los og\u00f3\u0142u","og:url":"https:\/\/wia.net.pl\/index.php\/2023\/08\/23\/jezuici-papiez-spotkanie-z-generalem-usa\/","og:image":"https:\/\/wia.net.pl\/wp-content\/uploads\/2023\/11\/cropped-freedom-i73367.jpg","og:image:secure_url":"https:\/\/wia.net.pl\/wp-content\/uploads\/2023\/11\/cropped-freedom-i73367.jpg","article:published_time":"2023-08-23T08:39:44+00:00","article:modified_time":"2023-08-23T08:39:50+00:00","twitter:card":"summary_large_image","twitter:title":"Jezuici, Papie\u017c \u2013 Spotkanie z genera\u0142em USA - Wolno\u015b\u0107 i Anarchia","twitter:description":"Czo\u0142owy ameryka\u0144ski genera\u0142 spotyka si\u0119 z papie\u017cem Franciszkiem, aby zdecydowa\u0107 o przysz\u0142o\u015bci wojny i podporz\u0105dkowa\u0107 si\u0119 jezuitom! Artyku\u0142 autorstwa Leo Zagamiego W mojej najnowszej ksi\u0105\u017cce Wyznania iluminat\u00f3w, tom 9: Siedem krok\u00f3w do tajemnic nowego zaburzenia \u015bwiata od transhumanizmu i nie\u015bmiertelno\u015bci do gnostycznego Jezusa, UFO i czar\u00f3w owad\u00f3w pisz\u0119: \u201eW tej walce o w\u0142adz\u0119 i propagand\u0119 los og\u00f3\u0142u","twitter:image":"https:\/\/wia.net.pl\/wp-content\/uploads\/2023\/11\/cropped-freedom-i73367.jpg"},"aioseo_meta_data":{"post_id":"4178","title":null,"description":null,"keywords":[],"keyphrases":{"focus":{"keyphrase":"","score":0,"analysis":{"keyphraseInTitle":{"score":0,"maxScore":9,"error":1}}},"additional":[]},"primary_term":null,"canonical_url":null,"og_title":null,"og_description":null,"og_object_type":"default","og_image_type":"default","og_image_url":null,"og_image_width":null,"og_image_height":null,"og_image_custom_url":null,"og_image_custom_fields":null,"og_video":"","og_custom_url":null,"og_article_section":null,"og_article_tags":[],"twitter_use_og":false,"twitter_card":"default","twitter_image_type":"default","twitter_image_url":null,"twitter_image_custom_url":null,"twitter_image_custom_fields":null,"twitter_title":null,"twitter_description":null,"schema":{"blockGraphs":[],"customGraphs":[],"default":{"data":{"Article":[],"Course":[],"Dataset":[],"FAQPage":[],"Movie":[],"Person":[],"Product":[],"ProductReview":[],"Car":[],"Recipe":[],"Service":[],"SoftwareApplication":[],"WebPage":[]},"graphName":"BlogPosting","isEnabled":true},"graphs":[]},"schema_type":"default","schema_type_options":null,"pillar_content":false,"robots_default":true,"robots_noindex":false,"robots_noarchive":false,"robots_nosnippet":false,"robots_nofollow":false,"robots_noimageindex":false,"robots_noodp":false,"robots_notranslate":false,"robots_max_snippet":"-1","robots_max_videopreview":"-1","robots_max_imagepreview":"large","priority":null,"frequency":"default","local_seo":null,"breadcrumb_settings":null,"limit_modified_date":false,"ai":null,"created":"2023-08-23 08:39:44","updated":"2025-06-04 09:08:00","seo_analyzer_scan_date":null,"focus_keyword":null,"additional_keywords":null,"truseo_locale":null},"aioseo_breadcrumb":"<div class=\"aioseo-breadcrumbs\"><span class=\"aioseo-breadcrumb\">\n\t\t\t<a href=\"https:\/\/wia.net.pl\" title=\"Home\">Home<\/a>\n\t\t<\/span><span class=\"aioseo-breadcrumb-separator\">&raquo;<\/span><span class=\"aioseo-breadcrumb\">\n\t\t\t<a href=\"https:\/\/wia.net.pl\/index.php\/category\/artykuly\/\" title=\"Artyku\u0142y\">Artyku\u0142y<\/a>\n\t\t<\/span><span class=\"aioseo-breadcrumb-separator\">&raquo;<\/span><span class=\"aioseo-breadcrumb\">\n\t\t\tJezuici, Papie\u017c \u2013 Spotkanie z genera\u0142em USA\n\t\t<\/span><\/div>","aioseo_breadcrumb_json":[{"label":"Home","link":"https:\/\/wia.net.pl"},{"label":"Artyku\u0142y","link":"https:\/\/wia.net.pl\/index.php\/category\/artykuly\/"},{"label":"Jezuici, Papie\u017c &#8211; Spotkanie z genera\u0142em USA","link":"https:\/\/wia.net.pl\/index.php\/2023\/08\/23\/jezuici-papiez-spotkanie-z-generalem-usa\/"}],"_links":{"self":[{"href":"https:\/\/wia.net.pl\/index.php\/wp-json\/wp\/v2\/posts\/4178"}],"collection":[{"href":"https:\/\/wia.net.pl\/index.php\/wp-json\/wp\/v2\/posts"}],"about":[{"href":"https:\/\/wia.net.pl\/index.php\/wp-json\/wp\/v2\/types\/post"}],"author":[{"embeddable":true,"href":"https:\/\/wia.net.pl\/index.php\/wp-json\/wp\/v2\/users\/2"}],"replies":[{"embeddable":true,"href":"https:\/\/wia.net.pl\/index.php\/wp-json\/wp\/v2\/comments?post=4178"}],"version-history":[{"count":1,"href":"https:\/\/wia.net.pl\/index.php\/wp-json\/wp\/v2\/posts\/4178\/revisions"}],"predecessor-version":[{"id":4180,"href":"https:\/\/wia.net.pl\/index.php\/wp-json\/wp\/v2\/posts\/4178\/revisions\/4180"}],"wp:featuredmedia":[{"embeddable":true,"href":"https:\/\/wia.net.pl\/index.php\/wp-json\/wp\/v2\/media\/4179"}],"wp:attachment":[{"href":"https:\/\/wia.net.pl\/index.php\/wp-json\/wp\/v2\/media?parent=4178"}],"wp:term":[{"taxonomy":"category","embeddable":true,"href":"https:\/\/wia.net.pl\/index.php\/wp-json\/wp\/v2\/categories?post=4178"},{"taxonomy":"post_tag","embeddable":true,"href":"https:\/\/wia.net.pl\/index.php\/wp-json\/wp\/v2\/tags?post=4178"}],"curies":[{"name":"wp","href":"https:\/\/api.w.org\/{rel}","templated":true}]}}