{"id":4196,"date":"2023-08-24T20:36:54","date_gmt":"2023-08-24T18:36:54","guid":{"rendered":"https:\/\/wia.net.pl\/?p=4196"},"modified":"2023-09-16T23:38:28","modified_gmt":"2023-09-16T21:38:28","slug":"max-lowen-i-mark-passio-niewolnictwo-umyslowe","status":"publish","type":"post","link":"https:\/\/wia.net.pl\/index.php\/2023\/08\/24\/max-lowen-i-mark-passio-niewolnictwo-umyslowe\/","title":{"rendered":"Max Lowen i Mark Passio &#8211; Niewolnictwo umys\u0142owe"},"content":{"rendered":"\n<p>Max przeprowadza wywiad z badaczem, m\u00f3wc\u0105 prawdy i by\u0142ym satanist\u0105 Markiem Passio, kt\u00f3ry dzieli si\u0119 swoj\u0105 ogromn\u0105 wiedz\u0105 na temat ludzkiej \u015bwiadomo\u015bci, kontroli umys\u0142u, okultyzmu i oddolnych rozwi\u0105za\u0144 naszej obecnej globalnej sytuacji. Mark opisuje satanistyczn\u0105 agend\u0119 i techniki utrzymywania ludzko\u015bci w zdewoluowanym stanie \u015bwiadomo\u015bci, aby skuteczniej manipulowa\u0107 i kontrolowa\u0107 masy do stanu niewolnictwa, w kt\u00f3rym obecnie znajdujemy si\u0119 na ca\u0142ym \u015bwiecie. Opisuje szata\u0144ski spos\u00f3b my\u015blenia o ego, egoizmie i kulturze &#8222;ja&#8221; oraz o tym, jak ludzko\u015b\u0107 znajduje si\u0119 w stanie psychologicznego dzieci\u0144stwa. Mark wskazuje, \u017ce to zwolennicy wykonywania rozkaz\u00f3w tworz\u0105 problemy i ponosz\u0105 karm\u0119 za niemoralne zachowanie, a piramida jest podtrzymywana przez doln\u0105 warstw\u0119 i jak u\u0142atwiaj\u0105 oni wprowadzenie nowego, mrocznego porz\u0105dku \u015bwiata. Mark wyja\u015bnia Prawo Naturalne i jak stworzy\u0107 wolno\u015b\u0107 wewn\u0105trz i na zewn\u0105trz. Max i Mark omawiaj\u0105 znaczenie pracy w cieniu i tego, jak pod\u0105\u017ca\u0107 w kierunku suwerenno\u015bci, prawdziwej wiedzy, osobistej odpowiedzialno\u015bci i znaczenia podejmowania dzia\u0142a\u0144 w celu wsp\u00f3\u0142tworzenia wolnego i moralnego spo\u0142ecze\u0144stwa.<\/p>\n\n\n\n<p>\u0179r\u00f3d\u0142o: <a href=\"https:\/\/www.bitchute.com\/video\/tXzUGJI0sC2i\/\">https:\/\/www.bitchute.com\/video\/tXzUGJI0sC2i\/<\/a><\/p>\n\n\n<p><iframe loading=\"lazy\" id=\"odysee-iframe\" width=\"560\" height=\"315\" src=\"https:\/\/odysee.com\/$\/embed\/@wolnoscanarchia:d\/passio-FINAL:d?r=DPjp8iKEfKgRaZuz8haiJoWzSogvDZqy\" allowfullscreen=\"\"><\/iframe><\/p>\n","protected":false},"excerpt":{"rendered":"<p>Max przeprowadza wywiad z badaczem, m\u00f3wc\u0105 prawdy i by\u0142ym satanist\u0105 Markiem Passio, kt\u00f3ry dzieli si\u0119 swoj\u0105 ogromn\u0105 wiedz\u0105 na temat ludzkiej \u015bwiadomo\u015bci, kontroli umys\u0142u, okultyzmu i oddolnych rozwi\u0105za\u0144 naszej obecnej globalnej sytuacji. Mark opisuje satanistyczn\u0105 agend\u0119 i techniki utrzymywania ludzko\u015bci&#8230; <\/p>\n","protected":false},"author":3,"featured_media":4197,"comment_status":"open","ping_status":"open","sticky":false,"template":"","format":"standard","meta":{"_acf_changed":false,"_bbp_topic_count":0,"_bbp_reply_count":0,"_bbp_total_topic_count":0,"_bbp_total_reply_count":0,"_bbp_voice_count":0,"_bbp_anonymous_reply_count":0,"_bbp_topic_count_hidden":0,"_bbp_reply_count_hidden":0,"_bbp_forum_subforum_count":0,"om_disable_all_campaigns":false,"_monsterinsights_skip_tracking":false,"footnotes":""},"categories":[16],"tags":[68,63,42,71,26,23,32,22,70,62],"class_list":["post-4196","post","type-post","status-publish","format-standard","has-post-thumbnail","hentry","category-prawonaturalne","tag-cesarstwo-rzymskie","tag-historia-ziemi","tag-illuminati","tag-kosciol-katolicki","tag-ludzkosc","tag-niewolnictwo","tag-rzad","tag-satanizm","tag-tajne-stowarzyszenia","tag-wszechswiat"],"acf":[],"aioseo_notices":[],"aioseo_head":"\n\t\t<!-- All in One SEO 5.0.1.1 - aioseo.com -->\n\t<meta name=\"description\" content=\"Max przeprowadza wywiad z badaczem, m\u00f3wc\u0105 prawdy i by\u0142ym satanist\u0105 Markiem Passio, kt\u00f3ry dzieli si\u0119 swoj\u0105 ogromn\u0105 wiedz\u0105 na temat ludzkiej \u015bwiadomo\u015bci, kontroli umys\u0142u, okultyzmu i oddolnych rozwi\u0105za\u0144 naszej obecnej globalnej sytuacji. Mark opisuje satanistyczn\u0105 agend\u0119 i techniki utrzymywania ludzko\u015bci w zdewoluowanym stanie \u015bwiadomo\u015bci, aby skuteczniej manipulowa\u0107 i kontrolowa\u0107 masy do stanu niewolnictwa, w kt\u00f3rym\" \/>\n\t<meta name=\"robots\" content=\"max-image-preview:large\" \/>\n\t<meta name=\"author\" content=\"Bart\u0142omiej Talarczyk\"\/>\n\t<link rel=\"canonical\" href=\"https:\/\/wia.net.pl\/index.php\/2023\/08\/24\/max-lowen-i-mark-passio-niewolnictwo-umyslowe\/\" \/>\n\t<meta name=\"generator\" content=\"All in One SEO (AIOSEO) 5.0.1.1\" \/>\n\t\t<meta property=\"og:locale\" content=\"pl_PL\" \/>\n\t\t<meta property=\"og:site_name\" content=\"Wolno\u015b\u0107 i Anarchia - Ka\u017cdy wewn\u0119trznie jest anarchist\u0105.\" \/>\n\t\t<meta property=\"og:type\" content=\"article\" \/>\n\t\t<meta property=\"og:title\" content=\"Max Lowen i Mark Passio \u2013 Niewolnictwo umys\u0142owe - Wolno\u015b\u0107 i Anarchia\" \/>\n\t\t<meta property=\"og:description\" content=\"Max przeprowadza wywiad z badaczem, m\u00f3wc\u0105 prawdy i by\u0142ym satanist\u0105 Markiem Passio, kt\u00f3ry dzieli si\u0119 swoj\u0105 ogromn\u0105 wiedz\u0105 na temat ludzkiej \u015bwiadomo\u015bci, kontroli umys\u0142u, okultyzmu i oddolnych rozwi\u0105za\u0144 naszej obecnej globalnej sytuacji. Mark opisuje satanistyczn\u0105 agend\u0119 i techniki utrzymywania ludzko\u015bci w zdewoluowanym stanie \u015bwiadomo\u015bci, aby skuteczniej manipulowa\u0107 i kontrolowa\u0107 masy do stanu niewolnictwa, w kt\u00f3rym\" \/>\n\t\t<meta property=\"og:url\" content=\"https:\/\/wia.net.pl\/index.php\/2023\/08\/24\/max-lowen-i-mark-passio-niewolnictwo-umyslowe\/\" \/>\n\t\t<meta property=\"og:image\" content=\"https:\/\/wia.net.pl\/wp-content\/uploads\/2023\/11\/cropped-freedom-i73367.jpg\" \/>\n\t\t<meta property=\"og:image:secure_url\" content=\"https:\/\/wia.net.pl\/wp-content\/uploads\/2023\/11\/cropped-freedom-i73367.jpg\" \/>\n\t\t<meta property=\"article:published_time\" content=\"2023-08-24T18:36:54+00:00\" \/>\n\t\t<meta property=\"article:modified_time\" content=\"2023-09-16T21:38:28+00:00\" \/>\n\t\t<meta name=\"twitter:card\" content=\"summary_large_image\" \/>\n\t\t<meta name=\"twitter:title\" content=\"Max Lowen i Mark Passio \u2013 Niewolnictwo umys\u0142owe - Wolno\u015b\u0107 i Anarchia\" \/>\n\t\t<meta name=\"twitter:description\" content=\"Max przeprowadza wywiad z badaczem, m\u00f3wc\u0105 prawdy i by\u0142ym satanist\u0105 Markiem Passio, kt\u00f3ry dzieli si\u0119 swoj\u0105 ogromn\u0105 wiedz\u0105 na temat ludzkiej \u015bwiadomo\u015bci, kontroli umys\u0142u, okultyzmu i oddolnych rozwi\u0105za\u0144 naszej obecnej globalnej sytuacji. Mark opisuje satanistyczn\u0105 agend\u0119 i techniki utrzymywania ludzko\u015bci w zdewoluowanym stanie \u015bwiadomo\u015bci, aby skuteczniej manipulowa\u0107 i kontrolowa\u0107 masy do stanu niewolnictwa, w kt\u00f3rym\" \/>\n\t\t<meta name=\"twitter:image\" content=\"https:\/\/wia.net.pl\/wp-content\/uploads\/2023\/11\/cropped-freedom-i73367.jpg\" \/>\n\t\t<script type=\"application\/ld+json\" class=\"aioseo-schema\">\n\t\t\t{\"@context\":\"https:\\\/\\\/schema.org\",\"@graph\":[{\"@type\":\"BlogPosting\",\"@id\":\"https:\\\/\\\/wia.net.pl\\\/index.php\\\/2023\\\/08\\\/24\\\/max-lowen-i-mark-passio-niewolnictwo-umyslowe\\\/#blogposting\",\"name\":\"Max Lowen i Mark Passio \\u2013 Niewolnictwo umys\\u0142owe - Wolno\\u015b\\u0107 i Anarchia\",\"headline\":\"Max Lowen i Mark Passio &#8211; Niewolnictwo umys\\u0142owe\",\"author\":{\"@id\":\"https:\\\/\\\/wia.net.pl\\\/index.php\\\/author\\\/talar\\\/#author\"},\"publisher\":{\"@id\":\"https:\\\/\\\/wia.net.pl\\\/#person\"},\"image\":{\"@type\":\"ImageObject\",\"url\":\"https:\\\/\\\/wia.net.pl\\\/wp-content\\\/uploads\\\/2023\\\/08\\\/max-lowen-mark-passio.jpg\",\"width\":1920,\"height\":1080},\"datePublished\":\"2023-08-24T20:36:54+02:00\",\"dateModified\":\"2023-09-16T23:38:28+02:00\",\"inLanguage\":\"pl-PL\",\"commentCount\":5,\"mainEntityOfPage\":{\"@id\":\"https:\\\/\\\/wia.net.pl\\\/index.php\\\/2023\\\/08\\\/24\\\/max-lowen-i-mark-passio-niewolnictwo-umyslowe\\\/#webpage\"},\"isPartOf\":{\"@id\":\"https:\\\/\\\/wia.net.pl\\\/index.php\\\/2023\\\/08\\\/24\\\/max-lowen-i-mark-passio-niewolnictwo-umyslowe\\\/#webpage\"},\"articleSection\":\"Prawo naturalne, Cesarstwo Rzymskie, Historia ziemi, Illuminati, Ko\\u015bci\\u00f3\\u0142 katolicki, Ludzko\\u015b\\u0107, Niewolnictwo, Rz\\u0105d, Satanizm, Tajne stowarzyszenia, Wszech\\u015bwiat\"},{\"@type\":\"BreadcrumbList\",\"@id\":\"https:\\\/\\\/wia.net.pl\\\/index.php\\\/2023\\\/08\\\/24\\\/max-lowen-i-mark-passio-niewolnictwo-umyslowe\\\/#breadcrumblist\",\"itemListElement\":[{\"@type\":\"ListItem\",\"@id\":\"https:\\\/\\\/wia.net.pl#listItem\",\"position\":1,\"name\":\"Home\",\"item\":\"https:\\\/\\\/wia.net.pl\",\"nextItem\":{\"@type\":\"ListItem\",\"@id\":\"https:\\\/\\\/wia.net.pl\\\/index.php\\\/category\\\/prawonaturalne\\\/#listItem\",\"name\":\"Prawo naturalne\"}},{\"@type\":\"ListItem\",\"@id\":\"https:\\\/\\\/wia.net.pl\\\/index.php\\\/category\\\/prawonaturalne\\\/#listItem\",\"position\":2,\"name\":\"Prawo naturalne\",\"item\":\"https:\\\/\\\/wia.net.pl\\\/index.php\\\/category\\\/prawonaturalne\\\/\",\"nextItem\":{\"@type\":\"ListItem\",\"@id\":\"https:\\\/\\\/wia.net.pl\\\/index.php\\\/2023\\\/08\\\/24\\\/max-lowen-i-mark-passio-niewolnictwo-umyslowe\\\/#listItem\",\"name\":\"Max Lowen i Mark Passio &#8211; Niewolnictwo umys\\u0142owe\"},\"previousItem\":{\"@type\":\"ListItem\",\"@id\":\"https:\\\/\\\/wia.net.pl#listItem\",\"name\":\"Home\"}},{\"@type\":\"ListItem\",\"@id\":\"https:\\\/\\\/wia.net.pl\\\/index.php\\\/2023\\\/08\\\/24\\\/max-lowen-i-mark-passio-niewolnictwo-umyslowe\\\/#listItem\",\"position\":3,\"name\":\"Max Lowen i Mark Passio &#8211; Niewolnictwo umys\\u0142owe\",\"previousItem\":{\"@type\":\"ListItem\",\"@id\":\"https:\\\/\\\/wia.net.pl\\\/index.php\\\/category\\\/prawonaturalne\\\/#listItem\",\"name\":\"Prawo naturalne\"}}]},{\"@type\":\"Person\",\"@id\":\"https:\\\/\\\/wia.net.pl\\\/#person\",\"name\":\"Bart\\u0142omiej Talarczyk\",\"image\":{\"@type\":\"ImageObject\",\"@id\":\"https:\\\/\\\/wia.net.pl\\\/index.php\\\/2023\\\/08\\\/24\\\/max-lowen-i-mark-passio-niewolnictwo-umyslowe\\\/#personImage\",\"url\":\"https:\\\/\\\/wia.net.pl\\\/wp-content\\\/uploads\\\/avatar-privacy\\\/cache\\\/user\\\/1\\\/7\\\/176a6b161c58363ff49b5c167264231f519f5c7fa183ca1f61e891769b6b56d5-96.jpg\",\"width\":96,\"height\":96,\"caption\":\"Bart\\u0142omiej Talarczyk\"}},{\"@type\":\"Person\",\"@id\":\"https:\\\/\\\/wia.net.pl\\\/index.php\\\/author\\\/talar\\\/#author\",\"url\":\"https:\\\/\\\/wia.net.pl\\\/index.php\\\/author\\\/talar\\\/\",\"name\":\"Bart\\u0142omiej Talarczyk\",\"image\":{\"@type\":\"ImageObject\",\"@id\":\"https:\\\/\\\/wia.net.pl\\\/index.php\\\/2023\\\/08\\\/24\\\/max-lowen-i-mark-passio-niewolnictwo-umyslowe\\\/#authorImage\",\"url\":\"https:\\\/\\\/wia.net.pl\\\/wp-content\\\/uploads\\\/avatar-privacy\\\/cache\\\/user\\\/1\\\/7\\\/176a6b161c58363ff49b5c167264231f519f5c7fa183ca1f61e891769b6b56d5-96.jpg\",\"width\":96,\"height\":96,\"caption\":\"Bart\\u0142omiej Talarczyk\"}},{\"@type\":\"WebPage\",\"@id\":\"https:\\\/\\\/wia.net.pl\\\/index.php\\\/2023\\\/08\\\/24\\\/max-lowen-i-mark-passio-niewolnictwo-umyslowe\\\/#webpage\",\"url\":\"https:\\\/\\\/wia.net.pl\\\/index.php\\\/2023\\\/08\\\/24\\\/max-lowen-i-mark-passio-niewolnictwo-umyslowe\\\/\",\"name\":\"Max Lowen i Mark Passio \\u2013 Niewolnictwo umys\\u0142owe - Wolno\\u015b\\u0107 i Anarchia\",\"description\":\"Max przeprowadza wywiad z badaczem, m\\u00f3wc\\u0105 prawdy i by\\u0142ym satanist\\u0105 Markiem Passio, kt\\u00f3ry dzieli si\\u0119 swoj\\u0105 ogromn\\u0105 wiedz\\u0105 na temat ludzkiej \\u015bwiadomo\\u015bci, kontroli umys\\u0142u, okultyzmu i oddolnych rozwi\\u0105za\\u0144 naszej obecnej globalnej sytuacji. Mark opisuje satanistyczn\\u0105 agend\\u0119 i techniki utrzymywania ludzko\\u015bci w zdewoluowanym stanie \\u015bwiadomo\\u015bci, aby skuteczniej manipulowa\\u0107 i kontrolowa\\u0107 masy do stanu niewolnictwa, w kt\\u00f3rym\",\"inLanguage\":\"pl-PL\",\"isPartOf\":{\"@id\":\"https:\\\/\\\/wia.net.pl\\\/#website\"},\"breadcrumb\":{\"@id\":\"https:\\\/\\\/wia.net.pl\\\/index.php\\\/2023\\\/08\\\/24\\\/max-lowen-i-mark-passio-niewolnictwo-umyslowe\\\/#breadcrumblist\"},\"author\":{\"@id\":\"https:\\\/\\\/wia.net.pl\\\/index.php\\\/author\\\/talar\\\/#author\"},\"creator\":{\"@id\":\"https:\\\/\\\/wia.net.pl\\\/index.php\\\/author\\\/talar\\\/#author\"},\"image\":{\"@type\":\"ImageObject\",\"url\":\"https:\\\/\\\/wia.net.pl\\\/wp-content\\\/uploads\\\/2023\\\/08\\\/max-lowen-mark-passio.jpg\",\"@id\":\"https:\\\/\\\/wia.net.pl\\\/index.php\\\/2023\\\/08\\\/24\\\/max-lowen-i-mark-passio-niewolnictwo-umyslowe\\\/#mainImage\",\"width\":1920,\"height\":1080},\"primaryImageOfPage\":{\"@id\":\"https:\\\/\\\/wia.net.pl\\\/index.php\\\/2023\\\/08\\\/24\\\/max-lowen-i-mark-passio-niewolnictwo-umyslowe\\\/#mainImage\"},\"datePublished\":\"2023-08-24T20:36:54+02:00\",\"dateModified\":\"2023-09-16T23:38:28+02:00\"},{\"@type\":\"WebSite\",\"@id\":\"https:\\\/\\\/wia.net.pl\\\/#website\",\"url\":\"https:\\\/\\\/wia.net.pl\\\/\",\"name\":\"Wolno\\u015b\\u0107 i Anarchia\",\"description\":\"Ka\\u017cdy wewn\\u0119trznie jest anarchist\\u0105.\",\"inLanguage\":\"pl-PL\",\"publisher\":{\"@id\":\"https:\\\/\\\/wia.net.pl\\\/#person\"}}]}\n\t\t<\/script>\n\t\t<!-- All in One SEO -->\n\n","aioseo_head_json":{"title":"Max Lowen i Mark Passio \u2013 Niewolnictwo umys\u0142owe - Wolno\u015b\u0107 i Anarchia","description":"Max przeprowadza wywiad z badaczem, m\u00f3wc\u0105 prawdy i by\u0142ym satanist\u0105 Markiem Passio, kt\u00f3ry dzieli si\u0119 swoj\u0105 ogromn\u0105 wiedz\u0105 na temat ludzkiej \u015bwiadomo\u015bci, kontroli umys\u0142u, okultyzmu i oddolnych rozwi\u0105za\u0144 naszej obecnej globalnej sytuacji. Mark opisuje satanistyczn\u0105 agend\u0119 i techniki utrzymywania ludzko\u015bci w zdewoluowanym stanie \u015bwiadomo\u015bci, aby skuteczniej manipulowa\u0107 i kontrolowa\u0107 masy do stanu niewolnictwa, w kt\u00f3rym","canonical_url":"https:\/\/wia.net.pl\/index.php\/2023\/08\/24\/max-lowen-i-mark-passio-niewolnictwo-umyslowe\/","robots":"max-image-preview:large","keywords":"","webmasterTools":{"miscellaneous":""},"schema":{"@context":"https:\/\/schema.org","@graph":[{"@type":"BlogPosting","@id":"https:\/\/wia.net.pl\/index.php\/2023\/08\/24\/max-lowen-i-mark-passio-niewolnictwo-umyslowe\/#blogposting","name":"Max Lowen i Mark Passio \u2013 Niewolnictwo umys\u0142owe - Wolno\u015b\u0107 i Anarchia","headline":"Max Lowen i Mark Passio &#8211; Niewolnictwo umys\u0142owe","author":{"@id":"https:\/\/wia.net.pl\/index.php\/author\/talar\/#author"},"publisher":{"@id":"https:\/\/wia.net.pl\/#person"},"image":{"@type":"ImageObject","url":"https:\/\/wia.net.pl\/wp-content\/uploads\/2023\/08\/max-lowen-mark-passio.jpg","width":1920,"height":1080},"datePublished":"2023-08-24T20:36:54+02:00","dateModified":"2023-09-16T23:38:28+02:00","inLanguage":"pl-PL","commentCount":5,"mainEntityOfPage":{"@id":"https:\/\/wia.net.pl\/index.php\/2023\/08\/24\/max-lowen-i-mark-passio-niewolnictwo-umyslowe\/#webpage"},"isPartOf":{"@id":"https:\/\/wia.net.pl\/index.php\/2023\/08\/24\/max-lowen-i-mark-passio-niewolnictwo-umyslowe\/#webpage"},"articleSection":"Prawo naturalne, Cesarstwo Rzymskie, Historia ziemi, Illuminati, Ko\u015bci\u00f3\u0142 katolicki, Ludzko\u015b\u0107, Niewolnictwo, Rz\u0105d, Satanizm, Tajne stowarzyszenia, Wszech\u015bwiat"},{"@type":"BreadcrumbList","@id":"https:\/\/wia.net.pl\/index.php\/2023\/08\/24\/max-lowen-i-mark-passio-niewolnictwo-umyslowe\/#breadcrumblist","itemListElement":[{"@type":"ListItem","@id":"https:\/\/wia.net.pl#listItem","position":1,"name":"Home","item":"https:\/\/wia.net.pl","nextItem":{"@type":"ListItem","@id":"https:\/\/wia.net.pl\/index.php\/category\/prawonaturalne\/#listItem","name":"Prawo naturalne"}},{"@type":"ListItem","@id":"https:\/\/wia.net.pl\/index.php\/category\/prawonaturalne\/#listItem","position":2,"name":"Prawo naturalne","item":"https:\/\/wia.net.pl\/index.php\/category\/prawonaturalne\/","nextItem":{"@type":"ListItem","@id":"https:\/\/wia.net.pl\/index.php\/2023\/08\/24\/max-lowen-i-mark-passio-niewolnictwo-umyslowe\/#listItem","name":"Max Lowen i Mark Passio &#8211; Niewolnictwo umys\u0142owe"},"previousItem":{"@type":"ListItem","@id":"https:\/\/wia.net.pl#listItem","name":"Home"}},{"@type":"ListItem","@id":"https:\/\/wia.net.pl\/index.php\/2023\/08\/24\/max-lowen-i-mark-passio-niewolnictwo-umyslowe\/#listItem","position":3,"name":"Max Lowen i Mark Passio &#8211; Niewolnictwo umys\u0142owe","previousItem":{"@type":"ListItem","@id":"https:\/\/wia.net.pl\/index.php\/category\/prawonaturalne\/#listItem","name":"Prawo naturalne"}}]},{"@type":"Person","@id":"https:\/\/wia.net.pl\/#person","name":"Bart\u0142omiej Talarczyk","image":{"@type":"ImageObject","@id":"https:\/\/wia.net.pl\/index.php\/2023\/08\/24\/max-lowen-i-mark-passio-niewolnictwo-umyslowe\/#personImage","url":"https:\/\/wia.net.pl\/wp-content\/uploads\/avatar-privacy\/cache\/user\/1\/7\/176a6b161c58363ff49b5c167264231f519f5c7fa183ca1f61e891769b6b56d5-96.jpg","width":96,"height":96,"caption":"Bart\u0142omiej Talarczyk"}},{"@type":"Person","@id":"https:\/\/wia.net.pl\/index.php\/author\/talar\/#author","url":"https:\/\/wia.net.pl\/index.php\/author\/talar\/","name":"Bart\u0142omiej Talarczyk","image":{"@type":"ImageObject","@id":"https:\/\/wia.net.pl\/index.php\/2023\/08\/24\/max-lowen-i-mark-passio-niewolnictwo-umyslowe\/#authorImage","url":"https:\/\/wia.net.pl\/wp-content\/uploads\/avatar-privacy\/cache\/user\/1\/7\/176a6b161c58363ff49b5c167264231f519f5c7fa183ca1f61e891769b6b56d5-96.jpg","width":96,"height":96,"caption":"Bart\u0142omiej Talarczyk"}},{"@type":"WebPage","@id":"https:\/\/wia.net.pl\/index.php\/2023\/08\/24\/max-lowen-i-mark-passio-niewolnictwo-umyslowe\/#webpage","url":"https:\/\/wia.net.pl\/index.php\/2023\/08\/24\/max-lowen-i-mark-passio-niewolnictwo-umyslowe\/","name":"Max Lowen i Mark Passio \u2013 Niewolnictwo umys\u0142owe - Wolno\u015b\u0107 i Anarchia","description":"Max przeprowadza wywiad z badaczem, m\u00f3wc\u0105 prawdy i by\u0142ym satanist\u0105 Markiem Passio, kt\u00f3ry dzieli si\u0119 swoj\u0105 ogromn\u0105 wiedz\u0105 na temat ludzkiej \u015bwiadomo\u015bci, kontroli umys\u0142u, okultyzmu i oddolnych rozwi\u0105za\u0144 naszej obecnej globalnej sytuacji. Mark opisuje satanistyczn\u0105 agend\u0119 i techniki utrzymywania ludzko\u015bci w zdewoluowanym stanie \u015bwiadomo\u015bci, aby skuteczniej manipulowa\u0107 i kontrolowa\u0107 masy do stanu niewolnictwa, w kt\u00f3rym","inLanguage":"pl-PL","isPartOf":{"@id":"https:\/\/wia.net.pl\/#website"},"breadcrumb":{"@id":"https:\/\/wia.net.pl\/index.php\/2023\/08\/24\/max-lowen-i-mark-passio-niewolnictwo-umyslowe\/#breadcrumblist"},"author":{"@id":"https:\/\/wia.net.pl\/index.php\/author\/talar\/#author"},"creator":{"@id":"https:\/\/wia.net.pl\/index.php\/author\/talar\/#author"},"image":{"@type":"ImageObject","url":"https:\/\/wia.net.pl\/wp-content\/uploads\/2023\/08\/max-lowen-mark-passio.jpg","@id":"https:\/\/wia.net.pl\/index.php\/2023\/08\/24\/max-lowen-i-mark-passio-niewolnictwo-umyslowe\/#mainImage","width":1920,"height":1080},"primaryImageOfPage":{"@id":"https:\/\/wia.net.pl\/index.php\/2023\/08\/24\/max-lowen-i-mark-passio-niewolnictwo-umyslowe\/#mainImage"},"datePublished":"2023-08-24T20:36:54+02:00","dateModified":"2023-09-16T23:38:28+02:00"},{"@type":"WebSite","@id":"https:\/\/wia.net.pl\/#website","url":"https:\/\/wia.net.pl\/","name":"Wolno\u015b\u0107 i Anarchia","description":"Ka\u017cdy wewn\u0119trznie jest anarchist\u0105.","inLanguage":"pl-PL","publisher":{"@id":"https:\/\/wia.net.pl\/#person"}}]},"og:locale":"pl_PL","og:site_name":"Wolno\u015b\u0107 i Anarchia - Ka\u017cdy wewn\u0119trznie jest anarchist\u0105.","og:type":"article","og:title":"Max Lowen i Mark Passio \u2013 Niewolnictwo umys\u0142owe - Wolno\u015b\u0107 i Anarchia","og:description":"Max przeprowadza wywiad z badaczem, m\u00f3wc\u0105 prawdy i by\u0142ym satanist\u0105 Markiem Passio, kt\u00f3ry dzieli si\u0119 swoj\u0105 ogromn\u0105 wiedz\u0105 na temat ludzkiej \u015bwiadomo\u015bci, kontroli umys\u0142u, okultyzmu i oddolnych rozwi\u0105za\u0144 naszej obecnej globalnej sytuacji. Mark opisuje satanistyczn\u0105 agend\u0119 i techniki utrzymywania ludzko\u015bci w zdewoluowanym stanie \u015bwiadomo\u015bci, aby skuteczniej manipulowa\u0107 i kontrolowa\u0107 masy do stanu niewolnictwa, w kt\u00f3rym","og:url":"https:\/\/wia.net.pl\/index.php\/2023\/08\/24\/max-lowen-i-mark-passio-niewolnictwo-umyslowe\/","og:image":"https:\/\/wia.net.pl\/wp-content\/uploads\/2023\/11\/cropped-freedom-i73367.jpg","og:image:secure_url":"https:\/\/wia.net.pl\/wp-content\/uploads\/2023\/11\/cropped-freedom-i73367.jpg","article:published_time":"2023-08-24T18:36:54+00:00","article:modified_time":"2023-09-16T21:38:28+00:00","twitter:card":"summary_large_image","twitter:title":"Max Lowen i Mark Passio \u2013 Niewolnictwo umys\u0142owe - Wolno\u015b\u0107 i Anarchia","twitter:description":"Max przeprowadza wywiad z badaczem, m\u00f3wc\u0105 prawdy i by\u0142ym satanist\u0105 Markiem Passio, kt\u00f3ry dzieli si\u0119 swoj\u0105 ogromn\u0105 wiedz\u0105 na temat ludzkiej \u015bwiadomo\u015bci, kontroli umys\u0142u, okultyzmu i oddolnych rozwi\u0105za\u0144 naszej obecnej globalnej sytuacji. Mark opisuje satanistyczn\u0105 agend\u0119 i techniki utrzymywania ludzko\u015bci w zdewoluowanym stanie \u015bwiadomo\u015bci, aby skuteczniej manipulowa\u0107 i kontrolowa\u0107 masy do stanu niewolnictwa, w kt\u00f3rym","twitter:image":"https:\/\/wia.net.pl\/wp-content\/uploads\/2023\/11\/cropped-freedom-i73367.jpg"},"aioseo_meta_data":{"post_id":"4196","title":null,"description":null,"keywords":[],"keyphrases":{"focus":{"keyphrase":"","score":0,"analysis":{"keyphraseInTitle":{"score":0,"maxScore":9,"error":1}}},"additional":[]},"primary_term":null,"canonical_url":null,"og_title":null,"og_description":null,"og_object_type":"default","og_image_type":"default","og_image_url":null,"og_image_width":null,"og_image_height":null,"og_image_custom_url":null,"og_image_custom_fields":null,"og_video":"","og_custom_url":null,"og_article_section":null,"og_article_tags":[],"twitter_use_og":false,"twitter_card":"default","twitter_image_type":"default","twitter_image_url":null,"twitter_image_custom_url":null,"twitter_image_custom_fields":null,"twitter_title":null,"twitter_description":null,"schema":{"blockGraphs":[],"customGraphs":[],"default":{"data":{"Article":[],"Course":[],"Dataset":[],"FAQPage":[],"Movie":[],"Person":[],"Product":[],"ProductReview":[],"Car":[],"Recipe":[],"Service":[],"SoftwareApplication":[],"WebPage":[]},"graphName":"BlogPosting","isEnabled":true},"graphs":[]},"schema_type":"default","schema_type_options":null,"pillar_content":false,"robots_default":true,"robots_noindex":false,"robots_noarchive":false,"robots_nosnippet":false,"robots_nofollow":false,"robots_noimageindex":false,"robots_noodp":false,"robots_notranslate":false,"robots_max_snippet":"-1","robots_max_videopreview":"-1","robots_max_imagepreview":"large","priority":null,"frequency":"default","local_seo":null,"breadcrumb_settings":null,"limit_modified_date":false,"ai":null,"created":"2023-08-24 18:36:55","updated":"2025-06-04 09:09:49","seo_analyzer_scan_date":null,"focus_keyword":null,"additional_keywords":null,"truseo_locale":null},"aioseo_breadcrumb":"<div class=\"aioseo-breadcrumbs\"><span class=\"aioseo-breadcrumb\">\n\t\t\t<a href=\"https:\/\/wia.net.pl\" title=\"Home\">Home<\/a>\n\t\t<\/span><span class=\"aioseo-breadcrumb-separator\">&raquo;<\/span><span class=\"aioseo-breadcrumb\">\n\t\t\t<a href=\"https:\/\/wia.net.pl\/index.php\/category\/prawonaturalne\/\" title=\"Prawo naturalne\">Prawo naturalne<\/a>\n\t\t<\/span><span class=\"aioseo-breadcrumb-separator\">&raquo;<\/span><span class=\"aioseo-breadcrumb\">\n\t\t\tMax Lowen i Mark Passio \u2013 Niewolnictwo umys\u0142owe\n\t\t<\/span><\/div>","aioseo_breadcrumb_json":[{"label":"Home","link":"https:\/\/wia.net.pl"},{"label":"Prawo naturalne","link":"https:\/\/wia.net.pl\/index.php\/category\/prawonaturalne\/"},{"label":"Max Lowen i Mark Passio &#8211; Niewolnictwo umys\u0142owe","link":"https:\/\/wia.net.pl\/index.php\/2023\/08\/24\/max-lowen-i-mark-passio-niewolnictwo-umyslowe\/"}],"_links":{"self":[{"href":"https:\/\/wia.net.pl\/index.php\/wp-json\/wp\/v2\/posts\/4196"}],"collection":[{"href":"https:\/\/wia.net.pl\/index.php\/wp-json\/wp\/v2\/posts"}],"about":[{"href":"https:\/\/wia.net.pl\/index.php\/wp-json\/wp\/v2\/types\/post"}],"author":[{"embeddable":true,"href":"https:\/\/wia.net.pl\/index.php\/wp-json\/wp\/v2\/users\/3"}],"replies":[{"embeddable":true,"href":"https:\/\/wia.net.pl\/index.php\/wp-json\/wp\/v2\/comments?post=4196"}],"version-history":[{"count":2,"href":"https:\/\/wia.net.pl\/index.php\/wp-json\/wp\/v2\/posts\/4196\/revisions"}],"predecessor-version":[{"id":4228,"href":"https:\/\/wia.net.pl\/index.php\/wp-json\/wp\/v2\/posts\/4196\/revisions\/4228"}],"wp:featuredmedia":[{"embeddable":true,"href":"https:\/\/wia.net.pl\/index.php\/wp-json\/wp\/v2\/media\/4197"}],"wp:attachment":[{"href":"https:\/\/wia.net.pl\/index.php\/wp-json\/wp\/v2\/media?parent=4196"}],"wp:term":[{"taxonomy":"category","embeddable":true,"href":"https:\/\/wia.net.pl\/index.php\/wp-json\/wp\/v2\/categories?post=4196"},{"taxonomy":"post_tag","embeddable":true,"href":"https:\/\/wia.net.pl\/index.php\/wp-json\/wp\/v2\/tags?post=4196"}],"curies":[{"name":"wp","href":"https:\/\/api.w.org\/{rel}","templated":true}]}}