{"id":4210,"date":"2023-08-26T10:11:35","date_gmt":"2023-08-26T08:11:35","guid":{"rendered":"https:\/\/wia.net.pl\/?p=4210"},"modified":"2023-08-26T10:11:36","modified_gmt":"2023-08-26T08:11:36","slug":"norweg-zatrzymany-w-psychiatryku-za-prawde-na-fb","status":"publish","type":"post","link":"https:\/\/wia.net.pl\/index.php\/2023\/08\/26\/norweg-zatrzymany-w-psychiatryku-za-prawde-na-fb\/","title":{"rendered":"Norweg zatrzymany w psychiatryku za prawd\u0119 na FB"},"content":{"rendered":"\n<p>Norweg zatrzymany na oddziale psychiatrycznym za publikowanie na Facebooku prawdy o spiskach<\/p>\n\n\n\n<p>Autor, \u00a0<a href=\"https:\/\/expose-news.com\/author\/rhoda-wilson\/\">RHODA WILSON<\/a><\/p>\n\n\n\n<p><strong>The Expos\u00e9<\/strong><\/p>\n\n\n\n<figure class=\"wp-block-image size-full is-resized\"><img loading=\"lazy\" decoding=\"async\" src=\"https:\/\/wia.net.pl\/wp-content\/uploads\/2023\/08\/Screen-Shot-2023-07-29-at-2.38.23-PM-678x381.png-1.webp\" alt=\"\" class=\"wp-image-4214\" width=\"833\" height=\"468\" srcset=\"https:\/\/wia.net.pl\/wp-content\/uploads\/2023\/08\/Screen-Shot-2023-07-29-at-2.38.23-PM-678x381.png-1.webp 678w, https:\/\/wia.net.pl\/wp-content\/uploads\/2023\/08\/Screen-Shot-2023-07-29-at-2.38.23-PM-678x381.png-1-300x169.webp 300w, https:\/\/wia.net.pl\/wp-content\/uploads\/2023\/08\/Screen-Shot-2023-07-29-at-2.38.23-PM-678x381.png-1-480x270.webp 480w\" sizes=\"(max-width: 833px) 100vw, 833px\" \/><\/figure>\n\n\n\n<p><strong>Trond Harald H\u00e5land wypowiada\u0142 si\u0119 w mediach spo\u0142eczno\u015bciowych na temat \u015awiatowego Forum Ekonomicznego, zmian klimatycznych i paszport\u00f3w szczepionkowych.<\/strong><\/p>\n\n\n\n<p><strong>Krytycznie odnosi\u0142 si\u0119 r\u00f3wnie\u017c do norweskiego systemu opieki zdrowotnej za to, co wydarzy\u0142o si\u0119 podczas pandemii, a tak\u017ce opublikowa\u0142 liczne posty podkre\u015blaj\u0105ce wysoki wzrost liczby zgon\u00f3w w Norwegii po wprowadzeniu zastrzyk\u00f3w mRNA covida.&nbsp;Jednym z jego dzia\u0142a\u0144 by\u0142o napisanie listu do starszego lekarza w swoim regionie, aby zaprzesta\u0142 szczepie\u0144 dzieci w wieku od 5 do 11 lat na covid.<\/strong><\/p>\n\n\n\n<p><strong>Z powodu jego post\u00f3w na Facebooku anonimowa osoba zg\u0142osi\u0142a H\u00e5landa policji, oskar\u017caj\u0105c go o \u201eniestabilno\u015b\u0107 psychiczn\u0105\u201d.\u00a0Na tej podstawie dw\u00f3ch \u201epracownik\u00f3w s\u0142u\u017cby zdrowia\u201d wraz z dwoma umundurowanymi policjantami podesz\u0142o do jego drzwi, si\u0142\u0105 wywlek\u0142o go z domu i zamkn\u0119\u0142o na oddziale psychiatrycznym.<\/strong><\/p>\n\n\n\n<p>Norweskie niezale\u017cne media&nbsp;<em><a href=\"https:\/\/www.document.no\/2023\/08\/21\/trond-harald-halands-advokat-da-ble-det-veldig-stille-i-kommisjonen\/\">Document<\/a><\/em><a href=\"https:\/\/www.document.no\/2023\/08\/21\/trond-harald-halands-advokat-da-ble-det-veldig-stille-i-kommisjonen\/\">&nbsp;poda\u0142y<\/a>&nbsp;, \u017ce 19 lipca H\u00e5land zosta\u0142 si\u0142\u0105 zabrany z domu i przetrzymywany przez dziewi\u0119\u0107 dni na mocy ustawy o ochronie zdrowia psychicznego.&nbsp;Zosta\u0142 zwolniony, gdy 28 lipca Komisja Kontroli Psychiatrycznej Opieki Zdrowotnej uzna\u0142a, \u017ce \u200b\u200bnie ma podstaw do zastosowania wobec H\u00e5landa \u015brodk\u00f3w przymusu.<em><a href=\"https:\/\/www.document.no\/2023\/08\/21\/trond-harald-halands-advokat-da-ble-det-veldig-stille-i-kommisjonen\/\"><\/a><\/em><a href=\"https:\/\/www.document.no\/2023\/08\/21\/trond-harald-halands-advokat-da-ble-det-veldig-stille-i-kommisjonen\/\"><\/a><\/p>\n\n\n\n<p>Prawnik Barbro Paulsen reprezentuj\u0105cy H\u00e5land powiedzia\u0142, \u017ce je\u015bli kto\u015b nie do\u015bwiadczy\u0142 wcze\u015bniej problem\u00f3w psychicznych, po takim do\u015bwiadczeniu \u0142atwo mog\u0105 je mie\u0107.&nbsp;Jej zdaniem tak dramatyczne wydalenie i zatrzymanie mo\u017ce wywo\u0142a\u0107 szok traumatyczny.<\/p>\n\n\n\n<p>Paulsen mia\u0142 kilka przypadk\u00f3w, w kt\u00f3rych u\u017cycie si\u0142y w psychiatrii odgrywa\u0142o kluczow\u0105 rol\u0119, ale nigdy wcze\u015bniej nie widzia\u0142 tak ostrego przypadku jak&nbsp;przypadek&nbsp;<a>H\u00e5landa .&nbsp;<\/a>Po raz pierwszy wypowiedzi na Facebooku zosta\u0142y u\u017cyte jako pow\u00f3d u\u017cycia takiej si\u0142y.<\/p>\n\n\n\n<p>Kryteria przymusowego przyj\u0119cia na oddzia\u0142 psychiatryczny s\u0105 bardzo rygorystyczne.&nbsp;Paulsen podkre\u015bli\u0142, \u017ce w przypadku H\u00e5landa \u017cadne z kryteri\u00f3w nie zosta\u0142o spe\u0142nione.<\/p>\n\n\n\n<p>Dalsza lektura:&nbsp;<a href=\"https:\/\/steigan.no\/2023\/07\/tvangsinnlagt-pa-grunn-av-facebook-innlegg\/\">Zmuszony z powodu post\u00f3w na Facebooku?&nbsp;<\/a>Steigan, 22 lipca 2023 r<\/p>\n\n\n\n<p>Stronami obecnymi na posiedzeniu Komisji w dniu 28 lipca byli H\u00e5land, Paulsen i g\u0142\u00f3wny lekarz Erzebet Szasz, kt\u00f3ry jest odpowiedzialny za decyzj\u0119 Szpitala Uniwersyteckiego w Stavanger o u\u017cyciu si\u0142y w celu zatrzymania pacjent\u00f3w.&nbsp;Twierdzi\u0142a, \u017ce \u200b\u200bnale\u017cy umie\u015bci\u0107 H\u00e5landa pod opiek\u0105 psychiatryczn\u0105 i stwierdzi\u0142a, \u017ce \u200b\u200bH\u00e5land cierpi na powa\u017cne zaburzenie psychiczne, ale obecnie jest ono pod kontrol\u0105.<\/p>\n\n\n\n<p>Wed\u0142ug w\u0142adz H\u00e5land publikuje&nbsp;<a href=\"https:\/\/www.facebook.com\/people\/Trond-Harald-Haaland\/pfbid029u1LXnTqVtVuLnv7BfaR6os4eEtc6N7LoP9m72E2kpV9jtLp2KFzMJCvzWGLxR57l\/\">na Facebooku \u201eteorie spiskowe\u201d<\/a>&nbsp;.&nbsp;Szasz twierdzi\u0142, \u017ce H\u00e5land komentowa\u0142 te \u201eteorie spiskowe\u201d dopiero wtedy, gdy by\u0142 niezr\u00f3wnowa\u017cony psychicznie.&nbsp;Powiedzia\u0142a Komisji:<\/p>\n\n\n\n<blockquote class=\"wp-block-quote is-layout-flow wp-block-quote-is-layout-flow\">\n<p>Kiedy jest zdrowy i stabilny, nie publikuje post\u00f3w i nie interesuj\u0105 go te tematy [mi\u0119dzy innymi sceptycyzm klimatyczny, sceptycyzm dotycz\u0105cy szczepionek na covid].&nbsp;Bior\u0105c pod uwag\u0119 jego stan zdrowia, nie jest to normalne zachowanie.&nbsp;Nadal jest skryty i podejrzliwy.<a href=\"https:\/\/petersweden.substack.com\/p\/norway-locked-man-in-psychiatric\">Norwegia zamkn\u0119\u0142a m\u0119\u017cczyzn\u0119 na oddziale psychiatrycznym za kwestionowanie zastrzyk\u00f3w mRNA<\/a>&nbsp;, Peter Szwecja, 23 sierpnia 2023 r.<\/p>\n<\/blockquote>\n\n\n\n<p>Peter Sweden zrobi\u0142 kilka zrzut\u00f3w ekranu jako przyk\u0142ad \u201eteorii spiskowych\u201d osoby \u201eniestabilnej psychicznie\u201d.\u00a0Zobacz poni\u017cej:<\/p>\n\n\n\n<figure class=\"wp-block-image\"><img decoding=\"async\" src=\"https:\/\/i0.wp.com\/expose-news.com\/wp-content\/uploads\/2023\/08\/Image25e.jpg?resize=285%2C530&amp;ssl=1\" alt=\"\" class=\"wp-image-288091\"\/><\/figure>\n\n\n\n<figure class=\"wp-block-image\"><img decoding=\"async\" src=\"https:\/\/i0.wp.com\/expose-news.com\/wp-content\/uploads\/2023\/08\/Image25a.jpg?resize=473%2C1024&amp;ssl=1\" alt=\"\" class=\"wp-image-288087\"\/><\/figure>\n\n\n\n<figure class=\"wp-block-image\"><img decoding=\"async\" src=\"https:\/\/i0.wp.com\/expose-news.com\/wp-content\/uploads\/2023\/08\/Image25b.jpg?resize=473%2C1024&amp;ssl=1\" alt=\"\" class=\"wp-image-288088\"\/><\/figure>\n\n\n\n<figure class=\"wp-block-image\"><img decoding=\"async\" src=\"https:\/\/i0.wp.com\/expose-news.com\/wp-content\/uploads\/2023\/08\/Image25c.jpg?resize=473%2C1024&amp;ssl=1\" alt=\"\" class=\"wp-image-288089\"\/><\/figure>\n\n\n\n<figure class=\"wp-block-image\"><img decoding=\"async\" src=\"https:\/\/i0.wp.com\/expose-news.com\/wp-content\/uploads\/2023\/08\/Image25d.jpg?resize=473%2C1024&amp;ssl=1\" alt=\"\" class=\"wp-image-288090\"\/><\/figure>\n\n\n\n<figure class=\"wp-block-image\"><img decoding=\"async\" src=\"https:\/\/i0.wp.com\/expose-news.com\/wp-content\/uploads\/2023\/08\/Image25e.jpg?resize=285%2C530&amp;ssl=1\" alt=\"\" class=\"wp-image-288091\"\/><\/figure>\n\n\n\n<figure class=\"wp-block-image\"><img decoding=\"async\" src=\"https:\/\/i0.wp.com\/expose-news.com\/wp-content\/uploads\/2023\/08\/Image25a.jpg?resize=473%2C1024&amp;ssl=1\" alt=\"\" class=\"wp-image-288087\"\/><\/figure>\n\n\n\n<p>Wydaje si\u0119, \u017ce H\u00e5land ma ca\u0142kowicie zdrowy umys\u0142.&nbsp;By\u0107 mo\u017ce to anonimowy donosiciel, dw\u00f3ch pracownik\u00f3w s\u0142u\u017cby zdrowia, dw\u00f3ch policjant\u00f3w i Erzebet Szasz do\u015bwiadczaj\u0105 zaburze\u0144 psychicznych?<\/p>\n\n\n\n<p><em>Wyr\u00f3\u017cnione zdj\u0119cie: Trond Harald Haaland i jego prawnik Barbro Paulsen.\u00a0\u0179r\u00f3d\u0142o:\u00a0<\/em>Peter Sweden<\/p>\n\n\n\n<figure class=\"wp-block-image\"><img decoding=\"async\" src=\"https:\/\/i0.wp.com\/expose-news.com\/wp-content\/uploads\/2023\/08\/FeatAug25a.png?ssl=1\" alt=\"\"\/><\/figure>\n\n\n\n<p><\/p>\n\n\n\n<p>Link \u017ar\u00f3d\u0142owy <a href=\"https:\/\/expose-news.com\/2023\/08\/25\/norwegian-man-is-detained-in-psychiatric-unit-for-posting\/\">https:\/\/expose-news.com\/2023\/08\/25\/norwegian-man-is-detained-in-psychiatric-unit-for-posting\/<\/a><\/p>\n","protected":false},"excerpt":{"rendered":"<p>Norweg zatrzymany na oddziale psychiatrycznym za publikowanie na Facebooku prawdy o spiskach Autor, \u00a0RHODA WILSON The Expos\u00e9 Trond Harald H\u00e5land wypowiada\u0142 si\u0119 w mediach spo\u0142eczno\u015bciowych na temat \u015awiatowego Forum Ekonomicznego, zmian klimatycznych i paszport\u00f3w szczepionkowych. Krytycznie odnosi\u0142 si\u0119 r\u00f3wnie\u017c do&#8230; <\/p>\n","protected":false},"author":2,"featured_media":4211,"comment_status":"open","ping_status":"open","sticky":false,"template":"","format":"standard","meta":{"_acf_changed":false,"_bbp_topic_count":0,"_bbp_reply_count":0,"_bbp_total_topic_count":0,"_bbp_total_reply_count":0,"_bbp_voice_count":0,"_bbp_anonymous_reply_count":0,"_bbp_topic_count_hidden":0,"_bbp_reply_count_hidden":0,"_bbp_forum_subforum_count":0,"om_disable_all_campaigns":false,"_monsterinsights_skip_tracking":false,"footnotes":""},"categories":[93],"tags":[],"class_list":["post-4210","post","type-post","status-publish","format-standard","has-post-thumbnail","hentry","category-artykuly"],"acf":[],"aioseo_notices":[],"aioseo_head":"\n\t\t<!-- All in One SEO 5.0.1.1 - aioseo.com -->\n\t<meta name=\"description\" content=\"Norweg zatrzymany na oddziale psychiatrycznym za publikowanie na Facebooku prawdy o spiskach Autor, RHODA WILSON The Expos\u00e9 Trond Harald H\u00e5land wypowiada\u0142 si\u0119 w mediach spo\u0142eczno\u015bciowych na temat \u015awiatowego Forum Ekonomicznego, zmian klimatycznych i paszport\u00f3w szczepionkowych. Krytycznie odnosi\u0142 si\u0119 r\u00f3wnie\u017c do norweskiego systemu opieki zdrowotnej za to, co wydarzy\u0142o si\u0119 podczas pandemii, a tak\u017ce opublikowa\u0142 liczne\" \/>\n\t<meta name=\"robots\" content=\"max-image-preview:large\" \/>\n\t<meta name=\"author\" content=\"trinity\"\/>\n\t<link rel=\"canonical\" href=\"https:\/\/wia.net.pl\/index.php\/2023\/08\/26\/norweg-zatrzymany-w-psychiatryku-za-prawde-na-fb\/\" \/>\n\t<meta name=\"generator\" content=\"All in One SEO (AIOSEO) 5.0.1.1\" \/>\n\t\t<meta property=\"og:locale\" content=\"pl_PL\" \/>\n\t\t<meta property=\"og:site_name\" content=\"Wolno\u015b\u0107 i Anarchia - Ka\u017cdy wewn\u0119trznie jest anarchist\u0105.\" \/>\n\t\t<meta property=\"og:type\" content=\"article\" \/>\n\t\t<meta property=\"og:title\" content=\"Norweg zatrzymany w psychiatryku za prawd\u0119 na FB - Wolno\u015b\u0107 i Anarchia\" \/>\n\t\t<meta property=\"og:description\" content=\"Norweg zatrzymany na oddziale psychiatrycznym za publikowanie na Facebooku prawdy o spiskach Autor, RHODA WILSON The Expos\u00e9 Trond Harald H\u00e5land wypowiada\u0142 si\u0119 w mediach spo\u0142eczno\u015bciowych na temat \u015awiatowego Forum Ekonomicznego, zmian klimatycznych i paszport\u00f3w szczepionkowych. Krytycznie odnosi\u0142 si\u0119 r\u00f3wnie\u017c do norweskiego systemu opieki zdrowotnej za to, co wydarzy\u0142o si\u0119 podczas pandemii, a tak\u017ce opublikowa\u0142 liczne\" \/>\n\t\t<meta property=\"og:url\" content=\"https:\/\/wia.net.pl\/index.php\/2023\/08\/26\/norweg-zatrzymany-w-psychiatryku-za-prawde-na-fb\/\" \/>\n\t\t<meta property=\"og:image\" content=\"https:\/\/wia.net.pl\/wp-content\/uploads\/2023\/11\/cropped-freedom-i73367.jpg\" \/>\n\t\t<meta property=\"og:image:secure_url\" content=\"https:\/\/wia.net.pl\/wp-content\/uploads\/2023\/11\/cropped-freedom-i73367.jpg\" \/>\n\t\t<meta property=\"article:published_time\" content=\"2023-08-26T08:11:35+00:00\" \/>\n\t\t<meta property=\"article:modified_time\" content=\"2023-08-26T08:11:36+00:00\" \/>\n\t\t<meta name=\"twitter:card\" content=\"summary_large_image\" \/>\n\t\t<meta name=\"twitter:title\" content=\"Norweg zatrzymany w psychiatryku za prawd\u0119 na FB - Wolno\u015b\u0107 i Anarchia\" \/>\n\t\t<meta name=\"twitter:description\" content=\"Norweg zatrzymany na oddziale psychiatrycznym za publikowanie na Facebooku prawdy o spiskach Autor, RHODA WILSON The Expos\u00e9 Trond Harald H\u00e5land wypowiada\u0142 si\u0119 w mediach spo\u0142eczno\u015bciowych na temat \u015awiatowego Forum Ekonomicznego, zmian klimatycznych i paszport\u00f3w szczepionkowych. Krytycznie odnosi\u0142 si\u0119 r\u00f3wnie\u017c do norweskiego systemu opieki zdrowotnej za to, co wydarzy\u0142o si\u0119 podczas pandemii, a tak\u017ce opublikowa\u0142 liczne\" \/>\n\t\t<meta name=\"twitter:image\" content=\"https:\/\/wia.net.pl\/wp-content\/uploads\/2023\/11\/cropped-freedom-i73367.jpg\" \/>\n\t\t<script type=\"application\/ld+json\" class=\"aioseo-schema\">\n\t\t\t{\"@context\":\"https:\\\/\\\/schema.org\",\"@graph\":[{\"@type\":\"BlogPosting\",\"@id\":\"https:\\\/\\\/wia.net.pl\\\/index.php\\\/2023\\\/08\\\/26\\\/norweg-zatrzymany-w-psychiatryku-za-prawde-na-fb\\\/#blogposting\",\"name\":\"Norweg zatrzymany w psychiatryku za prawd\\u0119 na FB - Wolno\\u015b\\u0107 i Anarchia\",\"headline\":\"Norweg zatrzymany w psychiatryku za prawd\\u0119 na FB\",\"author\":{\"@id\":\"https:\\\/\\\/wia.net.pl\\\/index.php\\\/author\\\/trinity\\\/#author\"},\"publisher\":{\"@id\":\"https:\\\/\\\/wia.net.pl\\\/#person\"},\"image\":{\"@type\":\"ImageObject\",\"url\":\"https:\\\/\\\/wia.net.pl\\\/wp-content\\\/uploads\\\/2023\\\/08\\\/Screen-Shot-2023-07-29-at-2.38.23-PM-678x381.png.webp\",\"width\":678,\"height\":381},\"datePublished\":\"2023-08-26T10:11:35+02:00\",\"dateModified\":\"2023-08-26T10:11:36+02:00\",\"inLanguage\":\"pl-PL\",\"mainEntityOfPage\":{\"@id\":\"https:\\\/\\\/wia.net.pl\\\/index.php\\\/2023\\\/08\\\/26\\\/norweg-zatrzymany-w-psychiatryku-za-prawde-na-fb\\\/#webpage\"},\"isPartOf\":{\"@id\":\"https:\\\/\\\/wia.net.pl\\\/index.php\\\/2023\\\/08\\\/26\\\/norweg-zatrzymany-w-psychiatryku-za-prawde-na-fb\\\/#webpage\"},\"articleSection\":\"Artyku\\u0142y\"},{\"@type\":\"BreadcrumbList\",\"@id\":\"https:\\\/\\\/wia.net.pl\\\/index.php\\\/2023\\\/08\\\/26\\\/norweg-zatrzymany-w-psychiatryku-za-prawde-na-fb\\\/#breadcrumblist\",\"itemListElement\":[{\"@type\":\"ListItem\",\"@id\":\"https:\\\/\\\/wia.net.pl#listItem\",\"position\":1,\"name\":\"Home\",\"item\":\"https:\\\/\\\/wia.net.pl\",\"nextItem\":{\"@type\":\"ListItem\",\"@id\":\"https:\\\/\\\/wia.net.pl\\\/index.php\\\/category\\\/artykuly\\\/#listItem\",\"name\":\"Artyku\\u0142y\"}},{\"@type\":\"ListItem\",\"@id\":\"https:\\\/\\\/wia.net.pl\\\/index.php\\\/category\\\/artykuly\\\/#listItem\",\"position\":2,\"name\":\"Artyku\\u0142y\",\"item\":\"https:\\\/\\\/wia.net.pl\\\/index.php\\\/category\\\/artykuly\\\/\",\"nextItem\":{\"@type\":\"ListItem\",\"@id\":\"https:\\\/\\\/wia.net.pl\\\/index.php\\\/2023\\\/08\\\/26\\\/norweg-zatrzymany-w-psychiatryku-za-prawde-na-fb\\\/#listItem\",\"name\":\"Norweg zatrzymany w psychiatryku za prawd\\u0119 na FB\"},\"previousItem\":{\"@type\":\"ListItem\",\"@id\":\"https:\\\/\\\/wia.net.pl#listItem\",\"name\":\"Home\"}},{\"@type\":\"ListItem\",\"@id\":\"https:\\\/\\\/wia.net.pl\\\/index.php\\\/2023\\\/08\\\/26\\\/norweg-zatrzymany-w-psychiatryku-za-prawde-na-fb\\\/#listItem\",\"position\":3,\"name\":\"Norweg zatrzymany w psychiatryku za prawd\\u0119 na FB\",\"previousItem\":{\"@type\":\"ListItem\",\"@id\":\"https:\\\/\\\/wia.net.pl\\\/index.php\\\/category\\\/artykuly\\\/#listItem\",\"name\":\"Artyku\\u0142y\"}}]},{\"@type\":\"Person\",\"@id\":\"https:\\\/\\\/wia.net.pl\\\/#person\",\"name\":\"Bart\\u0142omiej Talarczyk\",\"image\":{\"@type\":\"ImageObject\",\"@id\":\"https:\\\/\\\/wia.net.pl\\\/index.php\\\/2023\\\/08\\\/26\\\/norweg-zatrzymany-w-psychiatryku-za-prawde-na-fb\\\/#personImage\",\"url\":\"https:\\\/\\\/wia.net.pl\\\/wp-content\\\/uploads\\\/avatar-privacy\\\/cache\\\/user\\\/1\\\/7\\\/176a6b161c58363ff49b5c167264231f519f5c7fa183ca1f61e891769b6b56d5-96.jpg\",\"width\":96,\"height\":96,\"caption\":\"Bart\\u0142omiej Talarczyk\"}},{\"@type\":\"Person\",\"@id\":\"https:\\\/\\\/wia.net.pl\\\/index.php\\\/author\\\/trinity\\\/#author\",\"url\":\"https:\\\/\\\/wia.net.pl\\\/index.php\\\/author\\\/trinity\\\/\",\"name\":\"trinity\",\"image\":{\"@type\":\"ImageObject\",\"@id\":\"https:\\\/\\\/wia.net.pl\\\/index.php\\\/2023\\\/08\\\/26\\\/norweg-zatrzymany-w-psychiatryku-za-prawde-na-fb\\\/#authorImage\",\"url\":\"https:\\\/\\\/wia.net.pl\\\/wp-content\\\/uploads\\\/avatar-privacy\\\/cache\\\/user\\\/5\\\/f\\\/5f6547cf82495eaa10e100a6a45d5dbde2dfdc1be88557de2018fca705bdf6f1-96.jpg\",\"width\":96,\"height\":96,\"caption\":\"trinity\"}},{\"@type\":\"WebPage\",\"@id\":\"https:\\\/\\\/wia.net.pl\\\/index.php\\\/2023\\\/08\\\/26\\\/norweg-zatrzymany-w-psychiatryku-za-prawde-na-fb\\\/#webpage\",\"url\":\"https:\\\/\\\/wia.net.pl\\\/index.php\\\/2023\\\/08\\\/26\\\/norweg-zatrzymany-w-psychiatryku-za-prawde-na-fb\\\/\",\"name\":\"Norweg zatrzymany w psychiatryku za prawd\\u0119 na FB - Wolno\\u015b\\u0107 i Anarchia\",\"description\":\"Norweg zatrzymany na oddziale psychiatrycznym za publikowanie na Facebooku prawdy o spiskach Autor, RHODA WILSON The Expos\\u00e9 Trond Harald H\\u00e5land wypowiada\\u0142 si\\u0119 w mediach spo\\u0142eczno\\u015bciowych na temat \\u015awiatowego Forum Ekonomicznego, zmian klimatycznych i paszport\\u00f3w szczepionkowych. Krytycznie odnosi\\u0142 si\\u0119 r\\u00f3wnie\\u017c do norweskiego systemu opieki zdrowotnej za to, co wydarzy\\u0142o si\\u0119 podczas pandemii, a tak\\u017ce opublikowa\\u0142 liczne\",\"inLanguage\":\"pl-PL\",\"isPartOf\":{\"@id\":\"https:\\\/\\\/wia.net.pl\\\/#website\"},\"breadcrumb\":{\"@id\":\"https:\\\/\\\/wia.net.pl\\\/index.php\\\/2023\\\/08\\\/26\\\/norweg-zatrzymany-w-psychiatryku-za-prawde-na-fb\\\/#breadcrumblist\"},\"author\":{\"@id\":\"https:\\\/\\\/wia.net.pl\\\/index.php\\\/author\\\/trinity\\\/#author\"},\"creator\":{\"@id\":\"https:\\\/\\\/wia.net.pl\\\/index.php\\\/author\\\/trinity\\\/#author\"},\"image\":{\"@type\":\"ImageObject\",\"url\":\"https:\\\/\\\/wia.net.pl\\\/wp-content\\\/uploads\\\/2023\\\/08\\\/Screen-Shot-2023-07-29-at-2.38.23-PM-678x381.png.webp\",\"@id\":\"https:\\\/\\\/wia.net.pl\\\/index.php\\\/2023\\\/08\\\/26\\\/norweg-zatrzymany-w-psychiatryku-za-prawde-na-fb\\\/#mainImage\",\"width\":678,\"height\":381},\"primaryImageOfPage\":{\"@id\":\"https:\\\/\\\/wia.net.pl\\\/index.php\\\/2023\\\/08\\\/26\\\/norweg-zatrzymany-w-psychiatryku-za-prawde-na-fb\\\/#mainImage\"},\"datePublished\":\"2023-08-26T10:11:35+02:00\",\"dateModified\":\"2023-08-26T10:11:36+02:00\"},{\"@type\":\"WebSite\",\"@id\":\"https:\\\/\\\/wia.net.pl\\\/#website\",\"url\":\"https:\\\/\\\/wia.net.pl\\\/\",\"name\":\"Wolno\\u015b\\u0107 i Anarchia\",\"description\":\"Ka\\u017cdy wewn\\u0119trznie jest anarchist\\u0105.\",\"inLanguage\":\"pl-PL\",\"publisher\":{\"@id\":\"https:\\\/\\\/wia.net.pl\\\/#person\"}}]}\n\t\t<\/script>\n\t\t<!-- All in One SEO -->\n\n","aioseo_head_json":{"title":"Norweg zatrzymany w psychiatryku za prawd\u0119 na FB - Wolno\u015b\u0107 i Anarchia","description":"Norweg zatrzymany na oddziale psychiatrycznym za publikowanie na Facebooku prawdy o spiskach Autor, RHODA WILSON The Expos\u00e9 Trond Harald H\u00e5land wypowiada\u0142 si\u0119 w mediach spo\u0142eczno\u015bciowych na temat \u015awiatowego Forum Ekonomicznego, zmian klimatycznych i paszport\u00f3w szczepionkowych. Krytycznie odnosi\u0142 si\u0119 r\u00f3wnie\u017c do norweskiego systemu opieki zdrowotnej za to, co wydarzy\u0142o si\u0119 podczas pandemii, a tak\u017ce opublikowa\u0142 liczne","canonical_url":"https:\/\/wia.net.pl\/index.php\/2023\/08\/26\/norweg-zatrzymany-w-psychiatryku-za-prawde-na-fb\/","robots":"max-image-preview:large","keywords":"","webmasterTools":{"miscellaneous":""},"schema":{"@context":"https:\/\/schema.org","@graph":[{"@type":"BlogPosting","@id":"https:\/\/wia.net.pl\/index.php\/2023\/08\/26\/norweg-zatrzymany-w-psychiatryku-za-prawde-na-fb\/#blogposting","name":"Norweg zatrzymany w psychiatryku za prawd\u0119 na FB - Wolno\u015b\u0107 i Anarchia","headline":"Norweg zatrzymany w psychiatryku za prawd\u0119 na FB","author":{"@id":"https:\/\/wia.net.pl\/index.php\/author\/trinity\/#author"},"publisher":{"@id":"https:\/\/wia.net.pl\/#person"},"image":{"@type":"ImageObject","url":"https:\/\/wia.net.pl\/wp-content\/uploads\/2023\/08\/Screen-Shot-2023-07-29-at-2.38.23-PM-678x381.png.webp","width":678,"height":381},"datePublished":"2023-08-26T10:11:35+02:00","dateModified":"2023-08-26T10:11:36+02:00","inLanguage":"pl-PL","mainEntityOfPage":{"@id":"https:\/\/wia.net.pl\/index.php\/2023\/08\/26\/norweg-zatrzymany-w-psychiatryku-za-prawde-na-fb\/#webpage"},"isPartOf":{"@id":"https:\/\/wia.net.pl\/index.php\/2023\/08\/26\/norweg-zatrzymany-w-psychiatryku-za-prawde-na-fb\/#webpage"},"articleSection":"Artyku\u0142y"},{"@type":"BreadcrumbList","@id":"https:\/\/wia.net.pl\/index.php\/2023\/08\/26\/norweg-zatrzymany-w-psychiatryku-za-prawde-na-fb\/#breadcrumblist","itemListElement":[{"@type":"ListItem","@id":"https:\/\/wia.net.pl#listItem","position":1,"name":"Home","item":"https:\/\/wia.net.pl","nextItem":{"@type":"ListItem","@id":"https:\/\/wia.net.pl\/index.php\/category\/artykuly\/#listItem","name":"Artyku\u0142y"}},{"@type":"ListItem","@id":"https:\/\/wia.net.pl\/index.php\/category\/artykuly\/#listItem","position":2,"name":"Artyku\u0142y","item":"https:\/\/wia.net.pl\/index.php\/category\/artykuly\/","nextItem":{"@type":"ListItem","@id":"https:\/\/wia.net.pl\/index.php\/2023\/08\/26\/norweg-zatrzymany-w-psychiatryku-za-prawde-na-fb\/#listItem","name":"Norweg zatrzymany w psychiatryku za prawd\u0119 na FB"},"previousItem":{"@type":"ListItem","@id":"https:\/\/wia.net.pl#listItem","name":"Home"}},{"@type":"ListItem","@id":"https:\/\/wia.net.pl\/index.php\/2023\/08\/26\/norweg-zatrzymany-w-psychiatryku-za-prawde-na-fb\/#listItem","position":3,"name":"Norweg zatrzymany w psychiatryku za prawd\u0119 na FB","previousItem":{"@type":"ListItem","@id":"https:\/\/wia.net.pl\/index.php\/category\/artykuly\/#listItem","name":"Artyku\u0142y"}}]},{"@type":"Person","@id":"https:\/\/wia.net.pl\/#person","name":"Bart\u0142omiej Talarczyk","image":{"@type":"ImageObject","@id":"https:\/\/wia.net.pl\/index.php\/2023\/08\/26\/norweg-zatrzymany-w-psychiatryku-za-prawde-na-fb\/#personImage","url":"https:\/\/wia.net.pl\/wp-content\/uploads\/avatar-privacy\/cache\/user\/1\/7\/176a6b161c58363ff49b5c167264231f519f5c7fa183ca1f61e891769b6b56d5-96.jpg","width":96,"height":96,"caption":"Bart\u0142omiej Talarczyk"}},{"@type":"Person","@id":"https:\/\/wia.net.pl\/index.php\/author\/trinity\/#author","url":"https:\/\/wia.net.pl\/index.php\/author\/trinity\/","name":"trinity","image":{"@type":"ImageObject","@id":"https:\/\/wia.net.pl\/index.php\/2023\/08\/26\/norweg-zatrzymany-w-psychiatryku-za-prawde-na-fb\/#authorImage","url":"https:\/\/wia.net.pl\/wp-content\/uploads\/avatar-privacy\/cache\/user\/5\/f\/5f6547cf82495eaa10e100a6a45d5dbde2dfdc1be88557de2018fca705bdf6f1-96.jpg","width":96,"height":96,"caption":"trinity"}},{"@type":"WebPage","@id":"https:\/\/wia.net.pl\/index.php\/2023\/08\/26\/norweg-zatrzymany-w-psychiatryku-za-prawde-na-fb\/#webpage","url":"https:\/\/wia.net.pl\/index.php\/2023\/08\/26\/norweg-zatrzymany-w-psychiatryku-za-prawde-na-fb\/","name":"Norweg zatrzymany w psychiatryku za prawd\u0119 na FB - Wolno\u015b\u0107 i Anarchia","description":"Norweg zatrzymany na oddziale psychiatrycznym za publikowanie na Facebooku prawdy o spiskach Autor, RHODA WILSON The Expos\u00e9 Trond Harald H\u00e5land wypowiada\u0142 si\u0119 w mediach spo\u0142eczno\u015bciowych na temat \u015awiatowego Forum Ekonomicznego, zmian klimatycznych i paszport\u00f3w szczepionkowych. Krytycznie odnosi\u0142 si\u0119 r\u00f3wnie\u017c do norweskiego systemu opieki zdrowotnej za to, co wydarzy\u0142o si\u0119 podczas pandemii, a tak\u017ce opublikowa\u0142 liczne","inLanguage":"pl-PL","isPartOf":{"@id":"https:\/\/wia.net.pl\/#website"},"breadcrumb":{"@id":"https:\/\/wia.net.pl\/index.php\/2023\/08\/26\/norweg-zatrzymany-w-psychiatryku-za-prawde-na-fb\/#breadcrumblist"},"author":{"@id":"https:\/\/wia.net.pl\/index.php\/author\/trinity\/#author"},"creator":{"@id":"https:\/\/wia.net.pl\/index.php\/author\/trinity\/#author"},"image":{"@type":"ImageObject","url":"https:\/\/wia.net.pl\/wp-content\/uploads\/2023\/08\/Screen-Shot-2023-07-29-at-2.38.23-PM-678x381.png.webp","@id":"https:\/\/wia.net.pl\/index.php\/2023\/08\/26\/norweg-zatrzymany-w-psychiatryku-za-prawde-na-fb\/#mainImage","width":678,"height":381},"primaryImageOfPage":{"@id":"https:\/\/wia.net.pl\/index.php\/2023\/08\/26\/norweg-zatrzymany-w-psychiatryku-za-prawde-na-fb\/#mainImage"},"datePublished":"2023-08-26T10:11:35+02:00","dateModified":"2023-08-26T10:11:36+02:00"},{"@type":"WebSite","@id":"https:\/\/wia.net.pl\/#website","url":"https:\/\/wia.net.pl\/","name":"Wolno\u015b\u0107 i Anarchia","description":"Ka\u017cdy wewn\u0119trznie jest anarchist\u0105.","inLanguage":"pl-PL","publisher":{"@id":"https:\/\/wia.net.pl\/#person"}}]},"og:locale":"pl_PL","og:site_name":"Wolno\u015b\u0107 i Anarchia - Ka\u017cdy wewn\u0119trznie jest anarchist\u0105.","og:type":"article","og:title":"Norweg zatrzymany w psychiatryku za prawd\u0119 na FB - Wolno\u015b\u0107 i Anarchia","og:description":"Norweg zatrzymany na oddziale psychiatrycznym za publikowanie na Facebooku prawdy o spiskach Autor, RHODA WILSON The Expos\u00e9 Trond Harald H\u00e5land wypowiada\u0142 si\u0119 w mediach spo\u0142eczno\u015bciowych na temat \u015awiatowego Forum Ekonomicznego, zmian klimatycznych i paszport\u00f3w szczepionkowych. Krytycznie odnosi\u0142 si\u0119 r\u00f3wnie\u017c do norweskiego systemu opieki zdrowotnej za to, co wydarzy\u0142o si\u0119 podczas pandemii, a tak\u017ce opublikowa\u0142 liczne","og:url":"https:\/\/wia.net.pl\/index.php\/2023\/08\/26\/norweg-zatrzymany-w-psychiatryku-za-prawde-na-fb\/","og:image":"https:\/\/wia.net.pl\/wp-content\/uploads\/2023\/11\/cropped-freedom-i73367.jpg","og:image:secure_url":"https:\/\/wia.net.pl\/wp-content\/uploads\/2023\/11\/cropped-freedom-i73367.jpg","article:published_time":"2023-08-26T08:11:35+00:00","article:modified_time":"2023-08-26T08:11:36+00:00","twitter:card":"summary_large_image","twitter:title":"Norweg zatrzymany w psychiatryku za prawd\u0119 na FB - Wolno\u015b\u0107 i Anarchia","twitter:description":"Norweg zatrzymany na oddziale psychiatrycznym za publikowanie na Facebooku prawdy o spiskach Autor, RHODA WILSON The Expos\u00e9 Trond Harald H\u00e5land wypowiada\u0142 si\u0119 w mediach spo\u0142eczno\u015bciowych na temat \u015awiatowego Forum Ekonomicznego, zmian klimatycznych i paszport\u00f3w szczepionkowych. Krytycznie odnosi\u0142 si\u0119 r\u00f3wnie\u017c do norweskiego systemu opieki zdrowotnej za to, co wydarzy\u0142o si\u0119 podczas pandemii, a tak\u017ce opublikowa\u0142 liczne","twitter:image":"https:\/\/wia.net.pl\/wp-content\/uploads\/2023\/11\/cropped-freedom-i73367.jpg"},"aioseo_meta_data":{"post_id":"4210","title":null,"description":null,"keywords":[],"keyphrases":{"focus":{"keyphrase":"","score":0,"analysis":{"keyphraseInTitle":{"score":0,"maxScore":9,"error":1}}},"additional":[]},"primary_term":null,"canonical_url":null,"og_title":null,"og_description":null,"og_object_type":"default","og_image_type":"default","og_image_url":null,"og_image_width":null,"og_image_height":null,"og_image_custom_url":null,"og_image_custom_fields":null,"og_video":"","og_custom_url":null,"og_article_section":null,"og_article_tags":[],"twitter_use_og":false,"twitter_card":"default","twitter_image_type":"default","twitter_image_url":null,"twitter_image_custom_url":null,"twitter_image_custom_fields":null,"twitter_title":null,"twitter_description":null,"schema":{"blockGraphs":[],"customGraphs":[],"default":{"data":{"Article":[],"Course":[],"Dataset":[],"FAQPage":[],"Movie":[],"Person":[],"Product":[],"ProductReview":[],"Car":[],"Recipe":[],"Service":[],"SoftwareApplication":[],"WebPage":[]},"graphName":"BlogPosting","isEnabled":true},"graphs":[]},"schema_type":"default","schema_type_options":null,"pillar_content":false,"robots_default":true,"robots_noindex":false,"robots_noarchive":false,"robots_nosnippet":false,"robots_nofollow":false,"robots_noimageindex":false,"robots_noodp":false,"robots_notranslate":false,"robots_max_snippet":"-1","robots_max_videopreview":"-1","robots_max_imagepreview":"large","priority":null,"frequency":"default","local_seo":null,"breadcrumb_settings":null,"limit_modified_date":false,"ai":null,"created":"2023-08-26 07:31:52","updated":"2025-06-04 09:09:49","seo_analyzer_scan_date":null,"focus_keyword":null,"additional_keywords":null,"truseo_locale":null},"aioseo_breadcrumb":"<div class=\"aioseo-breadcrumbs\"><span class=\"aioseo-breadcrumb\">\n\t\t\t<a href=\"https:\/\/wia.net.pl\" title=\"Home\">Home<\/a>\n\t\t<\/span><span class=\"aioseo-breadcrumb-separator\">&raquo;<\/span><span class=\"aioseo-breadcrumb\">\n\t\t\t<a href=\"https:\/\/wia.net.pl\/index.php\/category\/artykuly\/\" title=\"Artyku\u0142y\">Artyku\u0142y<\/a>\n\t\t<\/span><span class=\"aioseo-breadcrumb-separator\">&raquo;<\/span><span class=\"aioseo-breadcrumb\">\n\t\t\tNorweg zatrzymany w psychiatryku za prawd\u0119 na FB\n\t\t<\/span><\/div>","aioseo_breadcrumb_json":[{"label":"Home","link":"https:\/\/wia.net.pl"},{"label":"Artyku\u0142y","link":"https:\/\/wia.net.pl\/index.php\/category\/artykuly\/"},{"label":"Norweg zatrzymany w psychiatryku za prawd\u0119 na FB","link":"https:\/\/wia.net.pl\/index.php\/2023\/08\/26\/norweg-zatrzymany-w-psychiatryku-za-prawde-na-fb\/"}],"_links":{"self":[{"href":"https:\/\/wia.net.pl\/index.php\/wp-json\/wp\/v2\/posts\/4210"}],"collection":[{"href":"https:\/\/wia.net.pl\/index.php\/wp-json\/wp\/v2\/posts"}],"about":[{"href":"https:\/\/wia.net.pl\/index.php\/wp-json\/wp\/v2\/types\/post"}],"author":[{"embeddable":true,"href":"https:\/\/wia.net.pl\/index.php\/wp-json\/wp\/v2\/users\/2"}],"replies":[{"embeddable":true,"href":"https:\/\/wia.net.pl\/index.php\/wp-json\/wp\/v2\/comments?post=4210"}],"version-history":[{"count":3,"href":"https:\/\/wia.net.pl\/index.php\/wp-json\/wp\/v2\/posts\/4210\/revisions"}],"predecessor-version":[{"id":4215,"href":"https:\/\/wia.net.pl\/index.php\/wp-json\/wp\/v2\/posts\/4210\/revisions\/4215"}],"wp:featuredmedia":[{"embeddable":true,"href":"https:\/\/wia.net.pl\/index.php\/wp-json\/wp\/v2\/media\/4211"}],"wp:attachment":[{"href":"https:\/\/wia.net.pl\/index.php\/wp-json\/wp\/v2\/media?parent=4210"}],"wp:term":[{"taxonomy":"category","embeddable":true,"href":"https:\/\/wia.net.pl\/index.php\/wp-json\/wp\/v2\/categories?post=4210"},{"taxonomy":"post_tag","embeddable":true,"href":"https:\/\/wia.net.pl\/index.php\/wp-json\/wp\/v2\/tags?post=4210"}],"curies":[{"name":"wp","href":"https:\/\/api.w.org\/{rel}","templated":true}]}}