{"id":4230,"date":"2023-08-27T13:55:49","date_gmt":"2023-08-27T11:55:49","guid":{"rendered":"https:\/\/wia.net.pl\/?p=4230"},"modified":"2023-08-27T13:55:50","modified_gmt":"2023-08-27T11:55:50","slug":"gdzie-jest-wolowina-syntetyczna-etykieta-mieso","status":"publish","type":"post","link":"https:\/\/wia.net.pl\/index.php\/2023\/08\/27\/gdzie-jest-wolowina-syntetyczna-etykieta-mieso\/","title":{"rendered":"Gdzie jest wo\u0142owina? &#8211;\u00a0Syntetyczna etykieta \u201emi\u0119so\u201d."},"content":{"rendered":"\n<p>Gdzie jest wo\u0142owina?\u00a0Rolnicy zajmuj\u0105 stanowisko w sprawie syntetycznej etykiety \u201emi\u0119so\u201d.<\/p>\n\n\n\n<p>Autor, <a href=\"https:\/\/www.theepochtimes.com\/author\/m-g-lysiak\">Matthew Lysiak<\/a><\/p>\n\n\n\n<figure class=\"wp-block-image size-large\"><img loading=\"lazy\" decoding=\"async\" width=\"1024\" height=\"740\" src=\"https:\/\/wia.net.pl\/wp-content\/uploads\/2023\/08\/lab-grown-cultured-meat-concept-artificial-vitro-cell-culture-meat-production-frozen-packed-raw-meat-made-up-192824810-1024x740.webp\" alt=\"\" class=\"wp-image-4231\" srcset=\"https:\/\/wia.net.pl\/wp-content\/uploads\/2023\/08\/lab-grown-cultured-meat-concept-artificial-vitro-cell-culture-meat-production-frozen-packed-raw-meat-made-up-192824810-1024x740.webp 1024w, https:\/\/wia.net.pl\/wp-content\/uploads\/2023\/08\/lab-grown-cultured-meat-concept-artificial-vitro-cell-culture-meat-production-frozen-packed-raw-meat-made-up-192824810-300x217.webp 300w, https:\/\/wia.net.pl\/wp-content\/uploads\/2023\/08\/lab-grown-cultured-meat-concept-artificial-vitro-cell-culture-meat-production-frozen-packed-raw-meat-made-up-192824810-768x555.webp 768w, https:\/\/wia.net.pl\/wp-content\/uploads\/2023\/08\/lab-grown-cultured-meat-concept-artificial-vitro-cell-culture-meat-production-frozen-packed-raw-meat-made-up-192824810-1536x1111.webp 1536w, https:\/\/wia.net.pl\/wp-content\/uploads\/2023\/08\/lab-grown-cultured-meat-concept-artificial-vitro-cell-culture-meat-production-frozen-packed-raw-meat-made-up-192824810.webp 1600w\" sizes=\"(max-width: 1024px) 100vw, 1024px\" \/><\/figure>\n\n\n\n<p><strong>Ameryka\u0144scy hodowcy byd\u0142a przygotowuj\u0105 si\u0119 do walki o ochron\u0119 definicji s\u0142owa \u201emi\u0119so\u201d przed producentami syntetycznych alternatyw wo\u0142owiny na bazie kom\u00f3rek.<\/strong><\/p>\n\n\n\n<p>\u201e&nbsp;<strong>To czerwona linia<\/strong>&nbsp;.&nbsp;To nie w porz\u0105dku, aby te fabrycznie wytwarzane produkty mog\u0142y by\u0107 wprowadzane na rynek i sprzedawane na plecach hodowc\u00f3w byd\u0142a\u201d \u2013 powiedzia\u0142 dziennikowi \u201eThe Epoch Times\u201d Justin Tupper, prezes Ameryka\u0144skiego Stowarzyszenia Cattlemen&#8217;s Association.<\/p>\n\n\n\n<p>\u201eM\u00f3wimy o produktach pochodz\u0105cych z hodowli kom\u00f3rkowych zawieraj\u0105cych dodatki chemiczne, kt\u00f3re w pewnym sensie mog\u0105 imitowa\u0107 mi\u0119so, ale nie s\u0105 mi\u0119sem i ameryka\u0144ski konsument musi to zrozumie\u0107\u201d \u2013 doda\u0142 Tupper.<\/p>\n\n\n\n<p><strong>Rynek syntetycznego \u201emi\u0119sa\u201d dotar\u0142 ju\u017c do Ameryki.<\/strong><\/p>\n\n\n\n<p>W zesz\u0142ym roku USDA da\u0142a dw\u00f3m producentom zielone \u015bwiat\u0142o na rozpocz\u0119cie produkcji i sprzeda\u017cy laboratoryjnie hodowanych produkt\u00f3w przypominaj\u0105cych kurczaki w Stanach Zjednoczonych.<\/p>\n\n\n\n<p>Chocia\u017c decyzja w sprawie etykietowania produktu nie zosta\u0142a jeszcze og\u0142oszona, przemys\u0142 bydl\u0119cy planuje zachowa\u0107 agresywn\u0105 proaktywno\u015b\u0107 zar\u00f3wno w dyskusjach z USDA, jak i, w razie potrzeby, w post\u0119powaniu s\u0105dowym, po wyci\u0105gni\u0119ciu cennych wniosk\u00f3w od hodowc\u00f3w byd\u0142a mlecznego.<\/p>\n\n\n\n<p>\u201ePrzemys\u0142 mleczny naprawd\u0119 upad\u0142\u201d \u2013 powiedzia\u0142 pan Tupper.&nbsp;\u201eNigdy nie wierzyli, \u017ce ktokolwiek pomy\u015bli, \u017ce mleko migda\u0142owe to prawdziwe mleko, wi\u0119c wtedy to zlekcewa\u017cyli.&nbsp;Obecnie istniej\u0105 setki produkt\u00f3w zawieraj\u0105cych mleko w nazwie, ale niezawieraj\u0105cych mleka w produkcie, co naprawd\u0119 zaszkodzi\u0142o ca\u0142ej bran\u017cy mleczarskiej\u201d.<\/p>\n\n\n\n<p>\u201eTak jak nie mo\u017cna wydoi\u0107 migda\u0142a, tak nie mo\u017cna uzyska\u0107 mi\u0119sa z laboratorium, a jedynie od zwierz\u0119cia, i nie pozwolimy im u\u017cywa\u0107 naszej nazwy do promowania swojego produktu\u201d.<\/p>\n\n\n\n<p><strong>Syntetyczne produkty mi\u0119snopodobne powstaj\u0105 poprzez pobranie kom\u00f3rek pozyskanych od zwierz\u0105t i umieszczenie ich w ciep\u0142ym, sterylnym miejscu<\/strong>&nbsp;, zwykle w metalowej kadzi, gdzie nast\u0119pnie \u0142\u0105czy si\u0119 je z roztworem substancji chemicznych, kt\u00f3re raz dziennie powoduj\u0105 podwojenie kom\u00f3rek.<\/p>\n\n\n\n<p>Popyt na mi\u0119so syntetyczne jest w du\u017cej mierze stymulowany przez podmioty korporacyjne i agencje rz\u0105dowe wsp\u00f3\u0142pracuj\u0105ce z ruchem ekologicznym.<\/p>\n\n\n\n<p>Bill Gates, inwestor w Upside Foods, jednym z dw\u00f3ch producent\u00f3w mi\u0119sa syntetycznego zatwierdzonych przez USDA, uwa\u017ca, \u017ce \u200b\u200bpotrzebne s\u0105 alternatywy dla mi\u0119sa, aby uratowa\u0107 \u015bwiat przed nadchodz\u0105cymi katastrofalnymi zjawiskami klimatycznymi spowodowanymi przez gazy cieplarniane.<\/p>\n\n\n\n<p>W wywiadzie dla Technology Review z 2021 r.&nbsp;<strong>Gates powiedzia\u0142, \u017ce wszystkie zamo\u017cne kraje musz\u0105 przej\u015b\u0107 na diet\u0119, aby ca\u0142kowicie odstawi\u0107 od \u017cywych, oddychaj\u0105cych kr\u00f3w.<\/strong><\/p>\n\n\n\n<p>\u201eWszystkie bogate kraje powinny przej\u015b\u0107 na 100% syntetyczn\u0105 wo\u0142owin\u0119.\u00a0Do r\u00f3\u017cnicy w smaku mo\u017cna si\u0119 przyzwyczai\u0107, a twierdzi si\u0119, \u017ce z biegiem czasu smak b\u0119dzie jeszcze lepszy\u201d \u2013 powiedzia\u0142 Gates ankieterowi.\u00a0\u201eOstatecznie ta ekologiczna premia jest na tyle skromna, \u017ce \u200b\u200bmo\u017cna w pewnym sensie zmieni\u0107 ludzi lub zastosowa\u0107 regulacje, aby ca\u0142kowicie zmieni\u0107 popyt.\u00a0Zatem w przypadku mi\u0119sa z kraj\u00f3w o \u015brednich i wy\u017cszych dochodach naprawd\u0119 uwa\u017cam, \u017ce jest to mo\u017cliwe\u201d.<\/p>\n\n\n\n<p>Przej\u015bcie z mi\u0119sa zwierz\u0119cego na jego laboratoryjny substytut wyeliminowa\u0142oby potrzeb\u0119 hodowli i uboju zwierz\u0105t \u2013 w samych Stanach Zjednoczonych&nbsp;<strong>co roku zabija si\u0119 oko\u0142o 9 miliard\u00f3w kurczak\u00f3w i 32 miliony byd\u0142a.<\/strong><\/p>\n\n\n\n<p>Jednak\u017ce produkcja byd\u0142a mi\u0119snego stanowi jedynie niewielk\u0105 cz\u0119\u015b\u0107 gaz\u00f3w, kt\u00f3re wed\u0142ug wielu ekolog\u00f3w maj\u0105 negatywny wp\u0142yw na planet\u0119.<\/p>\n\n\n\n<p>Wed\u0142ug ameryka\u0144skiej Agencji Ochrony \u015arodowiska, zaledwie 2 procent ca\u0142kowitej emisji gaz\u00f3w cieplarnianych w Stanach Zjednoczonych pochodzi z hodowli byd\u0142a mi\u0119snego, podczas gdy produkcja energii i transport odpowiadaj\u0105 \u0142\u0105cznie za 54 procent emisji.<\/p>\n\n\n\n<h2 class=\"wp-block-heading\">W\u0142oski zakaz<\/h2>\n\n\n\n<p>Ameryka\u0144scy farmerzy nie s\u0105 jedynymi, kt\u00f3rzy podnosz\u0105 alarm.&nbsp;Po tym, jak dwa miliony W\u0142och\u00f3w podpisa\u0142o petycj\u0119 wzywaj\u0105c\u0105 do wprowadzenia zakazu sprzeda\u017cy syntetycznych produkt\u00f3w mi\u0119snych, na pocz\u0105tku tego tygodnia w\u0142oski Senat przyj\u0105\u0142 ustaw\u0119, staj\u0105c si\u0119 pierwszym krajem, kt\u00f3ry zakaza\u0142 produkcji lub sprzeda\u017cy tej \u017cywno\u015bci, podkre\u015blaj\u0105c jako g\u0142\u00f3wny pow\u00f3d problemy zdrowotne.<\/p>\n\n\n\n<p><strong>Ettore Prandini, prezes Coldiretti, najwi\u0119kszego stowarzyszenia reprezentuj\u0105cego w\u0142oskie rolnictwo, zachwala\u0142 g\u0142osowanie jako legislacyjne zwyci\u0119stwo narodu w\u0142oskiego nad w\u0142adz\u0105 korporacji,<\/strong>&nbsp;m\u00f3wi\u0105c mediom, \u017ce \u201eprodukty w laboratorium w procesie zatwierdzania nie s\u0105 uto\u017csamiane z \u017cywno\u015bci\u0105, ale raczej do produkt\u00f3w o charakterze farmaceutycznym.\u201d<\/p>\n\n\n\n<p>W raporcie Organizacji Narod\u00f3w Zjednoczonych z kwietnia 2023 r. na temat bezpiecze\u0144stwa \u201eprodukt\u00f3w spo\u017cywczych na bazie kom\u00f3rek\u201d wymieniono 53 potencjalne zagro\u017cenia dla zdrowia, w tym \u201emo\u017cliwo\u015b\u0107 ekspresji nowych toksyn, toksycznych metabolit\u00f3w lub alergen\u00f3w lub zmian\u0119 ekspresji toksyn, toksycznych metabolit\u00f3w lub alergeny w wyniku niestabilno\u015bci genomu.\u201d<\/p>\n\n\n\n<p>Raport zako\u0144czy\u0142 si\u0119 wezwaniem do przeprowadzenia dodatkowych bada\u0144 i finansowania w celu wyci\u0105gni\u0119cia bardziej ostatecznych wniosk\u00f3w.<\/p>\n\n\n\n<h2 class=\"wp-block-heading\">Potrzebna przejrzysto\u015b\u0107<\/h2>\n\n\n\n<p>Pan Tupper nie wzywa do zakazu \u017cywno\u015bci syntetycznej, a jedynie do przejrzysto\u015bci i wierzy, \u017ce pomimo du\u017cego nacisku na zamienniki mi\u0119sa ze strony lider\u00f3w korporacji i agencji rz\u0105dowych, ameryka\u0144ska krowa pozostanie.<\/p>\n\n\n\n<p>\u201eProsta prawda jest taka, \u017ce \u200b\u200bsmaku prawdziwej wo\u0142owiny nie mo\u017cna odtworzy\u0107, a co wa\u017cniejsze, kiedy ludzie odkryj\u0105 burz\u0119 chemiczn\u0105, kt\u00f3ra faktycznie kryje si\u0119 w tym produkcie, kt\u00f3ry pr\u00f3buj\u0105 udawa\u0107 jako mi\u0119so, konsumenci dojd\u0105 do wniosku, \u017ce wo\u0142owina powinno pochodzi\u0107 od krowy, a nie z laboratorium.\u201d<\/p>\n\n\n\n<p>\u201eMamy nadziej\u0119, \u017ce USDA oznaczy ten produkt jako pochodn\u0105 chemikali\u00f3w na bazie kom\u00f3rkowej\u201d \u2013 doda\u0142 pan Tupper.<\/p>\n\n\n\n<p><em><strong>\u0179r\u00f3d\u0142o:\u00a0<a href=\"https:\/\/www.theepochtimes.com\/us\/wheres-the-beef-ranchers-take-stand-over-synthetic-meat-label-5480215?utm_source=partner&amp;utm_campaign=ZeroHedge&amp;src_src=partner&amp;src_cmp=ZeroHedge\">The Epoch Times<\/a>\u00a0za po\u015brednictwem\u00a0<a href=\"https:\/\/www.zerohedge.com\/technology\/wheres-beef-ranchers-take-stand-over-synthetic-meat-label\">ZeroHedge<\/a><\/strong><\/em><\/p>\n\n\n\n<p>Link \u017ar\u00f3d\u0142owy <a href=\"https:\/\/www.activistpost.com\/2023\/08\/wheres-the-beef-ranchers-take-stand-over-synthetic-meat-label.html\">https:\/\/www.activistpost.com\/2023\/08\/wheres-the-beef-ranchers-take-stand-over-synthetic-meat-label.html<\/a><\/p>\n","protected":false},"excerpt":{"rendered":"<p>Gdzie jest wo\u0142owina?\u00a0Rolnicy zajmuj\u0105 stanowisko w sprawie syntetycznej etykiety \u201emi\u0119so\u201d. Autor, Matthew Lysiak Ameryka\u0144scy hodowcy byd\u0142a przygotowuj\u0105 si\u0119 do walki o ochron\u0119 definicji s\u0142owa \u201emi\u0119so\u201d przed producentami syntetycznych alternatyw wo\u0142owiny na bazie kom\u00f3rek. \u201e&nbsp;To czerwona linia&nbsp;.&nbsp;To nie w porz\u0105dku, aby&#8230; <\/p>\n","protected":false},"author":2,"featured_media":4231,"comment_status":"open","ping_status":"open","sticky":false,"template":"","format":"standard","meta":{"_acf_changed":false,"_bbp_topic_count":0,"_bbp_reply_count":0,"_bbp_total_topic_count":0,"_bbp_total_reply_count":0,"_bbp_voice_count":0,"_bbp_anonymous_reply_count":0,"_bbp_topic_count_hidden":0,"_bbp_reply_count_hidden":0,"_bbp_forum_subforum_count":0,"om_disable_all_campaigns":false,"_monsterinsights_skip_tracking":false,"footnotes":""},"categories":[93],"tags":[],"class_list":["post-4230","post","type-post","status-publish","format-standard","has-post-thumbnail","hentry","category-artykuly"],"acf":[],"aioseo_notices":[],"aioseo_head":"\n\t\t<!-- All in One SEO 5.0.1.1 - aioseo.com -->\n\t<meta name=\"description\" content=\"Gdzie jest wo\u0142owina? Rolnicy zajmuj\u0105 stanowisko w sprawie syntetycznej etykiety \u201emi\u0119so\u201d. Autor, Matthew Lysiak Ameryka\u0144scy hodowcy byd\u0142a przygotowuj\u0105 si\u0119 do walki o ochron\u0119 definicji s\u0142owa \u201emi\u0119so\u201d przed producentami syntetycznych alternatyw wo\u0142owiny na bazie kom\u00f3rek. \u201e To czerwona linia . To nie w porz\u0105dku, aby te fabrycznie wytwarzane produkty mog\u0142y by\u0107 wprowadzane na rynek i sprzedawane na plecach hodowc\u00f3w byd\u0142a\u201d\" \/>\n\t<meta name=\"robots\" content=\"max-image-preview:large\" \/>\n\t<meta name=\"author\" content=\"trinity\"\/>\n\t<link rel=\"canonical\" href=\"https:\/\/wia.net.pl\/index.php\/2023\/08\/27\/gdzie-jest-wolowina-syntetyczna-etykieta-mieso\/\" \/>\n\t<meta name=\"generator\" content=\"All in One SEO (AIOSEO) 5.0.1.1\" \/>\n\t\t<meta property=\"og:locale\" content=\"pl_PL\" \/>\n\t\t<meta property=\"og:site_name\" content=\"Wolno\u015b\u0107 i Anarchia - Ka\u017cdy wewn\u0119trznie jest anarchist\u0105.\" \/>\n\t\t<meta property=\"og:type\" content=\"article\" \/>\n\t\t<meta property=\"og:title\" content=\"Gdzie jest wo\u0142owina? \u2013 Syntetyczna etykieta \u201emi\u0119so\u201d. - Wolno\u015b\u0107 i Anarchia\" \/>\n\t\t<meta property=\"og:description\" content=\"Gdzie jest wo\u0142owina? Rolnicy zajmuj\u0105 stanowisko w sprawie syntetycznej etykiety \u201emi\u0119so\u201d. Autor, Matthew Lysiak Ameryka\u0144scy hodowcy byd\u0142a przygotowuj\u0105 si\u0119 do walki o ochron\u0119 definicji s\u0142owa \u201emi\u0119so\u201d przed producentami syntetycznych alternatyw wo\u0142owiny na bazie kom\u00f3rek. \u201e To czerwona linia . To nie w porz\u0105dku, aby te fabrycznie wytwarzane produkty mog\u0142y by\u0107 wprowadzane na rynek i sprzedawane na plecach hodowc\u00f3w byd\u0142a\u201d\" \/>\n\t\t<meta property=\"og:url\" content=\"https:\/\/wia.net.pl\/index.php\/2023\/08\/27\/gdzie-jest-wolowina-syntetyczna-etykieta-mieso\/\" \/>\n\t\t<meta property=\"og:image\" content=\"https:\/\/wia.net.pl\/wp-content\/uploads\/2023\/11\/cropped-freedom-i73367.jpg\" \/>\n\t\t<meta property=\"og:image:secure_url\" content=\"https:\/\/wia.net.pl\/wp-content\/uploads\/2023\/11\/cropped-freedom-i73367.jpg\" \/>\n\t\t<meta property=\"article:published_time\" content=\"2023-08-27T11:55:49+00:00\" \/>\n\t\t<meta property=\"article:modified_time\" content=\"2023-08-27T11:55:50+00:00\" \/>\n\t\t<meta name=\"twitter:card\" content=\"summary_large_image\" \/>\n\t\t<meta name=\"twitter:title\" content=\"Gdzie jest wo\u0142owina? \u2013 Syntetyczna etykieta \u201emi\u0119so\u201d. - Wolno\u015b\u0107 i Anarchia\" \/>\n\t\t<meta name=\"twitter:description\" content=\"Gdzie jest wo\u0142owina? Rolnicy zajmuj\u0105 stanowisko w sprawie syntetycznej etykiety \u201emi\u0119so\u201d. Autor, Matthew Lysiak Ameryka\u0144scy hodowcy byd\u0142a przygotowuj\u0105 si\u0119 do walki o ochron\u0119 definicji s\u0142owa \u201emi\u0119so\u201d przed producentami syntetycznych alternatyw wo\u0142owiny na bazie kom\u00f3rek. \u201e To czerwona linia . To nie w porz\u0105dku, aby te fabrycznie wytwarzane produkty mog\u0142y by\u0107 wprowadzane na rynek i sprzedawane na plecach hodowc\u00f3w byd\u0142a\u201d\" \/>\n\t\t<meta name=\"twitter:image\" content=\"https:\/\/wia.net.pl\/wp-content\/uploads\/2023\/11\/cropped-freedom-i73367.jpg\" \/>\n\t\t<script type=\"application\/ld+json\" class=\"aioseo-schema\">\n\t\t\t{\"@context\":\"https:\\\/\\\/schema.org\",\"@graph\":[{\"@type\":\"BlogPosting\",\"@id\":\"https:\\\/\\\/wia.net.pl\\\/index.php\\\/2023\\\/08\\\/27\\\/gdzie-jest-wolowina-syntetyczna-etykieta-mieso\\\/#blogposting\",\"name\":\"Gdzie jest wo\\u0142owina? \\u2013 Syntetyczna etykieta \\u201emi\\u0119so\\u201d. - Wolno\\u015b\\u0107 i Anarchia\",\"headline\":\"Gdzie jest wo\\u0142owina? &#8211;\\u00a0Syntetyczna etykieta \\u201emi\\u0119so\\u201d.\",\"author\":{\"@id\":\"https:\\\/\\\/wia.net.pl\\\/index.php\\\/author\\\/trinity\\\/#author\"},\"publisher\":{\"@id\":\"https:\\\/\\\/wia.net.pl\\\/#person\"},\"image\":{\"@type\":\"ImageObject\",\"url\":\"https:\\\/\\\/wia.net.pl\\\/wp-content\\\/uploads\\\/2023\\\/08\\\/lab-grown-cultured-meat-concept-artificial-vitro-cell-culture-meat-production-frozen-packed-raw-meat-made-up-192824810.webp\",\"width\":1600,\"height\":1157},\"datePublished\":\"2023-08-27T13:55:49+02:00\",\"dateModified\":\"2023-08-27T13:55:50+02:00\",\"inLanguage\":\"pl-PL\",\"commentCount\":1,\"mainEntityOfPage\":{\"@id\":\"https:\\\/\\\/wia.net.pl\\\/index.php\\\/2023\\\/08\\\/27\\\/gdzie-jest-wolowina-syntetyczna-etykieta-mieso\\\/#webpage\"},\"isPartOf\":{\"@id\":\"https:\\\/\\\/wia.net.pl\\\/index.php\\\/2023\\\/08\\\/27\\\/gdzie-jest-wolowina-syntetyczna-etykieta-mieso\\\/#webpage\"},\"articleSection\":\"Artyku\\u0142y\"},{\"@type\":\"BreadcrumbList\",\"@id\":\"https:\\\/\\\/wia.net.pl\\\/index.php\\\/2023\\\/08\\\/27\\\/gdzie-jest-wolowina-syntetyczna-etykieta-mieso\\\/#breadcrumblist\",\"itemListElement\":[{\"@type\":\"ListItem\",\"@id\":\"https:\\\/\\\/wia.net.pl#listItem\",\"position\":1,\"name\":\"Home\",\"item\":\"https:\\\/\\\/wia.net.pl\",\"nextItem\":{\"@type\":\"ListItem\",\"@id\":\"https:\\\/\\\/wia.net.pl\\\/index.php\\\/category\\\/artykuly\\\/#listItem\",\"name\":\"Artyku\\u0142y\"}},{\"@type\":\"ListItem\",\"@id\":\"https:\\\/\\\/wia.net.pl\\\/index.php\\\/category\\\/artykuly\\\/#listItem\",\"position\":2,\"name\":\"Artyku\\u0142y\",\"item\":\"https:\\\/\\\/wia.net.pl\\\/index.php\\\/category\\\/artykuly\\\/\",\"nextItem\":{\"@type\":\"ListItem\",\"@id\":\"https:\\\/\\\/wia.net.pl\\\/index.php\\\/2023\\\/08\\\/27\\\/gdzie-jest-wolowina-syntetyczna-etykieta-mieso\\\/#listItem\",\"name\":\"Gdzie jest wo\\u0142owina? &#8211;\\u00a0Syntetyczna etykieta \\u201emi\\u0119so\\u201d.\"},\"previousItem\":{\"@type\":\"ListItem\",\"@id\":\"https:\\\/\\\/wia.net.pl#listItem\",\"name\":\"Home\"}},{\"@type\":\"ListItem\",\"@id\":\"https:\\\/\\\/wia.net.pl\\\/index.php\\\/2023\\\/08\\\/27\\\/gdzie-jest-wolowina-syntetyczna-etykieta-mieso\\\/#listItem\",\"position\":3,\"name\":\"Gdzie jest wo\\u0142owina? &#8211;\\u00a0Syntetyczna etykieta \\u201emi\\u0119so\\u201d.\",\"previousItem\":{\"@type\":\"ListItem\",\"@id\":\"https:\\\/\\\/wia.net.pl\\\/index.php\\\/category\\\/artykuly\\\/#listItem\",\"name\":\"Artyku\\u0142y\"}}]},{\"@type\":\"Person\",\"@id\":\"https:\\\/\\\/wia.net.pl\\\/#person\",\"name\":\"Bart\\u0142omiej Talarczyk\",\"image\":{\"@type\":\"ImageObject\",\"@id\":\"https:\\\/\\\/wia.net.pl\\\/index.php\\\/2023\\\/08\\\/27\\\/gdzie-jest-wolowina-syntetyczna-etykieta-mieso\\\/#personImage\",\"url\":\"https:\\\/\\\/wia.net.pl\\\/wp-content\\\/uploads\\\/avatar-privacy\\\/cache\\\/user\\\/1\\\/7\\\/176a6b161c58363ff49b5c167264231f519f5c7fa183ca1f61e891769b6b56d5-96.jpg\",\"width\":96,\"height\":96,\"caption\":\"Bart\\u0142omiej Talarczyk\"}},{\"@type\":\"Person\",\"@id\":\"https:\\\/\\\/wia.net.pl\\\/index.php\\\/author\\\/trinity\\\/#author\",\"url\":\"https:\\\/\\\/wia.net.pl\\\/index.php\\\/author\\\/trinity\\\/\",\"name\":\"trinity\",\"image\":{\"@type\":\"ImageObject\",\"@id\":\"https:\\\/\\\/wia.net.pl\\\/index.php\\\/2023\\\/08\\\/27\\\/gdzie-jest-wolowina-syntetyczna-etykieta-mieso\\\/#authorImage\",\"url\":\"https:\\\/\\\/wia.net.pl\\\/wp-content\\\/uploads\\\/avatar-privacy\\\/cache\\\/user\\\/5\\\/f\\\/5f6547cf82495eaa10e100a6a45d5dbde2dfdc1be88557de2018fca705bdf6f1-96.jpg\",\"width\":96,\"height\":96,\"caption\":\"trinity\"}},{\"@type\":\"WebPage\",\"@id\":\"https:\\\/\\\/wia.net.pl\\\/index.php\\\/2023\\\/08\\\/27\\\/gdzie-jest-wolowina-syntetyczna-etykieta-mieso\\\/#webpage\",\"url\":\"https:\\\/\\\/wia.net.pl\\\/index.php\\\/2023\\\/08\\\/27\\\/gdzie-jest-wolowina-syntetyczna-etykieta-mieso\\\/\",\"name\":\"Gdzie jest wo\\u0142owina? \\u2013 Syntetyczna etykieta \\u201emi\\u0119so\\u201d. - Wolno\\u015b\\u0107 i Anarchia\",\"description\":\"Gdzie jest wo\\u0142owina? Rolnicy zajmuj\\u0105 stanowisko w sprawie syntetycznej etykiety \\u201emi\\u0119so\\u201d. Autor, Matthew Lysiak Ameryka\\u0144scy hodowcy byd\\u0142a przygotowuj\\u0105 si\\u0119 do walki o ochron\\u0119 definicji s\\u0142owa \\u201emi\\u0119so\\u201d przed producentami syntetycznych alternatyw wo\\u0142owiny na bazie kom\\u00f3rek. \\u201e To czerwona linia . To nie w porz\\u0105dku, aby te fabrycznie wytwarzane produkty mog\\u0142y by\\u0107 wprowadzane na rynek i sprzedawane na plecach hodowc\\u00f3w byd\\u0142a\\u201d\",\"inLanguage\":\"pl-PL\",\"isPartOf\":{\"@id\":\"https:\\\/\\\/wia.net.pl\\\/#website\"},\"breadcrumb\":{\"@id\":\"https:\\\/\\\/wia.net.pl\\\/index.php\\\/2023\\\/08\\\/27\\\/gdzie-jest-wolowina-syntetyczna-etykieta-mieso\\\/#breadcrumblist\"},\"author\":{\"@id\":\"https:\\\/\\\/wia.net.pl\\\/index.php\\\/author\\\/trinity\\\/#author\"},\"creator\":{\"@id\":\"https:\\\/\\\/wia.net.pl\\\/index.php\\\/author\\\/trinity\\\/#author\"},\"image\":{\"@type\":\"ImageObject\",\"url\":\"https:\\\/\\\/wia.net.pl\\\/wp-content\\\/uploads\\\/2023\\\/08\\\/lab-grown-cultured-meat-concept-artificial-vitro-cell-culture-meat-production-frozen-packed-raw-meat-made-up-192824810.webp\",\"@id\":\"https:\\\/\\\/wia.net.pl\\\/index.php\\\/2023\\\/08\\\/27\\\/gdzie-jest-wolowina-syntetyczna-etykieta-mieso\\\/#mainImage\",\"width\":1600,\"height\":1157},\"primaryImageOfPage\":{\"@id\":\"https:\\\/\\\/wia.net.pl\\\/index.php\\\/2023\\\/08\\\/27\\\/gdzie-jest-wolowina-syntetyczna-etykieta-mieso\\\/#mainImage\"},\"datePublished\":\"2023-08-27T13:55:49+02:00\",\"dateModified\":\"2023-08-27T13:55:50+02:00\"},{\"@type\":\"WebSite\",\"@id\":\"https:\\\/\\\/wia.net.pl\\\/#website\",\"url\":\"https:\\\/\\\/wia.net.pl\\\/\",\"name\":\"Wolno\\u015b\\u0107 i Anarchia\",\"description\":\"Ka\\u017cdy wewn\\u0119trznie jest anarchist\\u0105.\",\"inLanguage\":\"pl-PL\",\"publisher\":{\"@id\":\"https:\\\/\\\/wia.net.pl\\\/#person\"}}]}\n\t\t<\/script>\n\t\t<!-- All in One SEO -->\n\n","aioseo_head_json":{"title":"Gdzie jest wo\u0142owina? \u2013 Syntetyczna etykieta \u201emi\u0119so\u201d. - Wolno\u015b\u0107 i Anarchia","description":"Gdzie jest wo\u0142owina? Rolnicy zajmuj\u0105 stanowisko w sprawie syntetycznej etykiety \u201emi\u0119so\u201d. Autor, Matthew Lysiak Ameryka\u0144scy hodowcy byd\u0142a przygotowuj\u0105 si\u0119 do walki o ochron\u0119 definicji s\u0142owa \u201emi\u0119so\u201d przed producentami syntetycznych alternatyw wo\u0142owiny na bazie kom\u00f3rek. \u201e To czerwona linia . To nie w porz\u0105dku, aby te fabrycznie wytwarzane produkty mog\u0142y by\u0107 wprowadzane na rynek i sprzedawane na plecach hodowc\u00f3w byd\u0142a\u201d","canonical_url":"https:\/\/wia.net.pl\/index.php\/2023\/08\/27\/gdzie-jest-wolowina-syntetyczna-etykieta-mieso\/","robots":"max-image-preview:large","keywords":"","webmasterTools":{"miscellaneous":""},"schema":{"@context":"https:\/\/schema.org","@graph":[{"@type":"BlogPosting","@id":"https:\/\/wia.net.pl\/index.php\/2023\/08\/27\/gdzie-jest-wolowina-syntetyczna-etykieta-mieso\/#blogposting","name":"Gdzie jest wo\u0142owina? \u2013 Syntetyczna etykieta \u201emi\u0119so\u201d. - Wolno\u015b\u0107 i Anarchia","headline":"Gdzie jest wo\u0142owina? &#8211;\u00a0Syntetyczna etykieta \u201emi\u0119so\u201d.","author":{"@id":"https:\/\/wia.net.pl\/index.php\/author\/trinity\/#author"},"publisher":{"@id":"https:\/\/wia.net.pl\/#person"},"image":{"@type":"ImageObject","url":"https:\/\/wia.net.pl\/wp-content\/uploads\/2023\/08\/lab-grown-cultured-meat-concept-artificial-vitro-cell-culture-meat-production-frozen-packed-raw-meat-made-up-192824810.webp","width":1600,"height":1157},"datePublished":"2023-08-27T13:55:49+02:00","dateModified":"2023-08-27T13:55:50+02:00","inLanguage":"pl-PL","commentCount":1,"mainEntityOfPage":{"@id":"https:\/\/wia.net.pl\/index.php\/2023\/08\/27\/gdzie-jest-wolowina-syntetyczna-etykieta-mieso\/#webpage"},"isPartOf":{"@id":"https:\/\/wia.net.pl\/index.php\/2023\/08\/27\/gdzie-jest-wolowina-syntetyczna-etykieta-mieso\/#webpage"},"articleSection":"Artyku\u0142y"},{"@type":"BreadcrumbList","@id":"https:\/\/wia.net.pl\/index.php\/2023\/08\/27\/gdzie-jest-wolowina-syntetyczna-etykieta-mieso\/#breadcrumblist","itemListElement":[{"@type":"ListItem","@id":"https:\/\/wia.net.pl#listItem","position":1,"name":"Home","item":"https:\/\/wia.net.pl","nextItem":{"@type":"ListItem","@id":"https:\/\/wia.net.pl\/index.php\/category\/artykuly\/#listItem","name":"Artyku\u0142y"}},{"@type":"ListItem","@id":"https:\/\/wia.net.pl\/index.php\/category\/artykuly\/#listItem","position":2,"name":"Artyku\u0142y","item":"https:\/\/wia.net.pl\/index.php\/category\/artykuly\/","nextItem":{"@type":"ListItem","@id":"https:\/\/wia.net.pl\/index.php\/2023\/08\/27\/gdzie-jest-wolowina-syntetyczna-etykieta-mieso\/#listItem","name":"Gdzie jest wo\u0142owina? &#8211;\u00a0Syntetyczna etykieta \u201emi\u0119so\u201d."},"previousItem":{"@type":"ListItem","@id":"https:\/\/wia.net.pl#listItem","name":"Home"}},{"@type":"ListItem","@id":"https:\/\/wia.net.pl\/index.php\/2023\/08\/27\/gdzie-jest-wolowina-syntetyczna-etykieta-mieso\/#listItem","position":3,"name":"Gdzie jest wo\u0142owina? &#8211;\u00a0Syntetyczna etykieta \u201emi\u0119so\u201d.","previousItem":{"@type":"ListItem","@id":"https:\/\/wia.net.pl\/index.php\/category\/artykuly\/#listItem","name":"Artyku\u0142y"}}]},{"@type":"Person","@id":"https:\/\/wia.net.pl\/#person","name":"Bart\u0142omiej Talarczyk","image":{"@type":"ImageObject","@id":"https:\/\/wia.net.pl\/index.php\/2023\/08\/27\/gdzie-jest-wolowina-syntetyczna-etykieta-mieso\/#personImage","url":"https:\/\/wia.net.pl\/wp-content\/uploads\/avatar-privacy\/cache\/user\/1\/7\/176a6b161c58363ff49b5c167264231f519f5c7fa183ca1f61e891769b6b56d5-96.jpg","width":96,"height":96,"caption":"Bart\u0142omiej Talarczyk"}},{"@type":"Person","@id":"https:\/\/wia.net.pl\/index.php\/author\/trinity\/#author","url":"https:\/\/wia.net.pl\/index.php\/author\/trinity\/","name":"trinity","image":{"@type":"ImageObject","@id":"https:\/\/wia.net.pl\/index.php\/2023\/08\/27\/gdzie-jest-wolowina-syntetyczna-etykieta-mieso\/#authorImage","url":"https:\/\/wia.net.pl\/wp-content\/uploads\/avatar-privacy\/cache\/user\/5\/f\/5f6547cf82495eaa10e100a6a45d5dbde2dfdc1be88557de2018fca705bdf6f1-96.jpg","width":96,"height":96,"caption":"trinity"}},{"@type":"WebPage","@id":"https:\/\/wia.net.pl\/index.php\/2023\/08\/27\/gdzie-jest-wolowina-syntetyczna-etykieta-mieso\/#webpage","url":"https:\/\/wia.net.pl\/index.php\/2023\/08\/27\/gdzie-jest-wolowina-syntetyczna-etykieta-mieso\/","name":"Gdzie jest wo\u0142owina? \u2013 Syntetyczna etykieta \u201emi\u0119so\u201d. - Wolno\u015b\u0107 i Anarchia","description":"Gdzie jest wo\u0142owina? Rolnicy zajmuj\u0105 stanowisko w sprawie syntetycznej etykiety \u201emi\u0119so\u201d. Autor, Matthew Lysiak Ameryka\u0144scy hodowcy byd\u0142a przygotowuj\u0105 si\u0119 do walki o ochron\u0119 definicji s\u0142owa \u201emi\u0119so\u201d przed producentami syntetycznych alternatyw wo\u0142owiny na bazie kom\u00f3rek. \u201e To czerwona linia . To nie w porz\u0105dku, aby te fabrycznie wytwarzane produkty mog\u0142y by\u0107 wprowadzane na rynek i sprzedawane na plecach hodowc\u00f3w byd\u0142a\u201d","inLanguage":"pl-PL","isPartOf":{"@id":"https:\/\/wia.net.pl\/#website"},"breadcrumb":{"@id":"https:\/\/wia.net.pl\/index.php\/2023\/08\/27\/gdzie-jest-wolowina-syntetyczna-etykieta-mieso\/#breadcrumblist"},"author":{"@id":"https:\/\/wia.net.pl\/index.php\/author\/trinity\/#author"},"creator":{"@id":"https:\/\/wia.net.pl\/index.php\/author\/trinity\/#author"},"image":{"@type":"ImageObject","url":"https:\/\/wia.net.pl\/wp-content\/uploads\/2023\/08\/lab-grown-cultured-meat-concept-artificial-vitro-cell-culture-meat-production-frozen-packed-raw-meat-made-up-192824810.webp","@id":"https:\/\/wia.net.pl\/index.php\/2023\/08\/27\/gdzie-jest-wolowina-syntetyczna-etykieta-mieso\/#mainImage","width":1600,"height":1157},"primaryImageOfPage":{"@id":"https:\/\/wia.net.pl\/index.php\/2023\/08\/27\/gdzie-jest-wolowina-syntetyczna-etykieta-mieso\/#mainImage"},"datePublished":"2023-08-27T13:55:49+02:00","dateModified":"2023-08-27T13:55:50+02:00"},{"@type":"WebSite","@id":"https:\/\/wia.net.pl\/#website","url":"https:\/\/wia.net.pl\/","name":"Wolno\u015b\u0107 i Anarchia","description":"Ka\u017cdy wewn\u0119trznie jest anarchist\u0105.","inLanguage":"pl-PL","publisher":{"@id":"https:\/\/wia.net.pl\/#person"}}]},"og:locale":"pl_PL","og:site_name":"Wolno\u015b\u0107 i Anarchia - Ka\u017cdy wewn\u0119trznie jest anarchist\u0105.","og:type":"article","og:title":"Gdzie jest wo\u0142owina? \u2013 Syntetyczna etykieta \u201emi\u0119so\u201d. - Wolno\u015b\u0107 i Anarchia","og:description":"Gdzie jest wo\u0142owina? Rolnicy zajmuj\u0105 stanowisko w sprawie syntetycznej etykiety \u201emi\u0119so\u201d. Autor, Matthew Lysiak Ameryka\u0144scy hodowcy byd\u0142a przygotowuj\u0105 si\u0119 do walki o ochron\u0119 definicji s\u0142owa \u201emi\u0119so\u201d przed producentami syntetycznych alternatyw wo\u0142owiny na bazie kom\u00f3rek. \u201e To czerwona linia . To nie w porz\u0105dku, aby te fabrycznie wytwarzane produkty mog\u0142y by\u0107 wprowadzane na rynek i sprzedawane na plecach hodowc\u00f3w byd\u0142a\u201d","og:url":"https:\/\/wia.net.pl\/index.php\/2023\/08\/27\/gdzie-jest-wolowina-syntetyczna-etykieta-mieso\/","og:image":"https:\/\/wia.net.pl\/wp-content\/uploads\/2023\/11\/cropped-freedom-i73367.jpg","og:image:secure_url":"https:\/\/wia.net.pl\/wp-content\/uploads\/2023\/11\/cropped-freedom-i73367.jpg","article:published_time":"2023-08-27T11:55:49+00:00","article:modified_time":"2023-08-27T11:55:50+00:00","twitter:card":"summary_large_image","twitter:title":"Gdzie jest wo\u0142owina? \u2013 Syntetyczna etykieta \u201emi\u0119so\u201d. - Wolno\u015b\u0107 i Anarchia","twitter:description":"Gdzie jest wo\u0142owina? Rolnicy zajmuj\u0105 stanowisko w sprawie syntetycznej etykiety \u201emi\u0119so\u201d. Autor, Matthew Lysiak Ameryka\u0144scy hodowcy byd\u0142a przygotowuj\u0105 si\u0119 do walki o ochron\u0119 definicji s\u0142owa \u201emi\u0119so\u201d przed producentami syntetycznych alternatyw wo\u0142owiny na bazie kom\u00f3rek. \u201e To czerwona linia . To nie w porz\u0105dku, aby te fabrycznie wytwarzane produkty mog\u0142y by\u0107 wprowadzane na rynek i sprzedawane na plecach hodowc\u00f3w byd\u0142a\u201d","twitter:image":"https:\/\/wia.net.pl\/wp-content\/uploads\/2023\/11\/cropped-freedom-i73367.jpg"},"aioseo_meta_data":{"post_id":"4230","title":null,"description":null,"keywords":[],"keyphrases":{"focus":{"keyphrase":"","score":0,"analysis":{"keyphraseInTitle":{"score":0,"maxScore":9,"error":1}}},"additional":[]},"primary_term":null,"canonical_url":null,"og_title":null,"og_description":null,"og_object_type":"default","og_image_type":"default","og_image_url":null,"og_image_width":null,"og_image_height":null,"og_image_custom_url":null,"og_image_custom_fields":null,"og_video":"","og_custom_url":null,"og_article_section":null,"og_article_tags":[],"twitter_use_og":false,"twitter_card":"default","twitter_image_type":"default","twitter_image_url":null,"twitter_image_custom_url":null,"twitter_image_custom_fields":null,"twitter_title":null,"twitter_description":null,"schema":{"blockGraphs":[],"customGraphs":[],"default":{"data":{"Article":[],"Course":[],"Dataset":[],"FAQPage":[],"Movie":[],"Person":[],"Product":[],"ProductReview":[],"Car":[],"Recipe":[],"Service":[],"SoftwareApplication":[],"WebPage":[]},"graphName":"BlogPosting","isEnabled":true},"graphs":[]},"schema_type":"default","schema_type_options":null,"pillar_content":false,"robots_default":true,"robots_noindex":false,"robots_noarchive":false,"robots_nosnippet":false,"robots_nofollow":false,"robots_noimageindex":false,"robots_noodp":false,"robots_notranslate":false,"robots_max_snippet":"-1","robots_max_videopreview":"-1","robots_max_imagepreview":"large","priority":null,"frequency":"default","local_seo":null,"breadcrumb_settings":null,"limit_modified_date":false,"ai":null,"created":"2023-08-27 11:55:50","updated":"2025-06-04 09:09:49","seo_analyzer_scan_date":null,"focus_keyword":null,"additional_keywords":null,"truseo_locale":null},"aioseo_breadcrumb":"<div class=\"aioseo-breadcrumbs\"><span class=\"aioseo-breadcrumb\">\n\t\t\t<a href=\"https:\/\/wia.net.pl\" title=\"Home\">Home<\/a>\n\t\t<\/span><span class=\"aioseo-breadcrumb-separator\">&raquo;<\/span><span class=\"aioseo-breadcrumb\">\n\t\t\t<a href=\"https:\/\/wia.net.pl\/index.php\/category\/artykuly\/\" title=\"Artyku\u0142y\">Artyku\u0142y<\/a>\n\t\t<\/span><span class=\"aioseo-breadcrumb-separator\">&raquo;<\/span><span class=\"aioseo-breadcrumb\">\n\t\t\tGdzie jest wo\u0142owina? \u2013 Syntetyczna etykieta \u201emi\u0119so\u201d.\n\t\t<\/span><\/div>","aioseo_breadcrumb_json":[{"label":"Home","link":"https:\/\/wia.net.pl"},{"label":"Artyku\u0142y","link":"https:\/\/wia.net.pl\/index.php\/category\/artykuly\/"},{"label":"Gdzie jest wo\u0142owina? &#8211;\u00a0Syntetyczna etykieta \u201emi\u0119so\u201d.","link":"https:\/\/wia.net.pl\/index.php\/2023\/08\/27\/gdzie-jest-wolowina-syntetyczna-etykieta-mieso\/"}],"_links":{"self":[{"href":"https:\/\/wia.net.pl\/index.php\/wp-json\/wp\/v2\/posts\/4230"}],"collection":[{"href":"https:\/\/wia.net.pl\/index.php\/wp-json\/wp\/v2\/posts"}],"about":[{"href":"https:\/\/wia.net.pl\/index.php\/wp-json\/wp\/v2\/types\/post"}],"author":[{"embeddable":true,"href":"https:\/\/wia.net.pl\/index.php\/wp-json\/wp\/v2\/users\/2"}],"replies":[{"embeddable":true,"href":"https:\/\/wia.net.pl\/index.php\/wp-json\/wp\/v2\/comments?post=4230"}],"version-history":[{"count":1,"href":"https:\/\/wia.net.pl\/index.php\/wp-json\/wp\/v2\/posts\/4230\/revisions"}],"predecessor-version":[{"id":4232,"href":"https:\/\/wia.net.pl\/index.php\/wp-json\/wp\/v2\/posts\/4230\/revisions\/4232"}],"wp:featuredmedia":[{"embeddable":true,"href":"https:\/\/wia.net.pl\/index.php\/wp-json\/wp\/v2\/media\/4231"}],"wp:attachment":[{"href":"https:\/\/wia.net.pl\/index.php\/wp-json\/wp\/v2\/media?parent=4230"}],"wp:term":[{"taxonomy":"category","embeddable":true,"href":"https:\/\/wia.net.pl\/index.php\/wp-json\/wp\/v2\/categories?post=4230"},{"taxonomy":"post_tag","embeddable":true,"href":"https:\/\/wia.net.pl\/index.php\/wp-json\/wp\/v2\/tags?post=4230"}],"curies":[{"name":"wp","href":"https:\/\/api.w.org\/{rel}","templated":true}]}}