{"id":4247,"date":"2023-08-28T10:12:06","date_gmt":"2023-08-28T08:12:06","guid":{"rendered":"https:\/\/wia.net.pl\/?p=4247"},"modified":"2023-08-28T10:12:21","modified_gmt":"2023-08-28T08:12:21","slug":"ocaleni-z-pozaru-na-maui-dramatyczne-nagranie-wideo","status":"publish","type":"post","link":"https:\/\/wia.net.pl\/index.php\/2023\/08\/28\/ocaleni-z-pozaru-na-maui-dramatyczne-nagranie-wideo\/","title":{"rendered":"Ocaleni z po\u017caru na Maui &#8211; Dramatyczne nagranie wideo"},"content":{"rendered":"\n<p>Ocaleni z po\u017caru na Maui twierdz\u0105, \u017ce policja uniemo\u017cliwi\u0142a ludziom ucieczk\u0119 \u2013 dramatyczne nagranie wideo<\/p>\n\n\n\n<p>Autor, <strong>Brian Shilhavy<\/strong><br><strong>Health Impact News<\/strong><\/p>\n\n\n\n<figure class=\"wp-block-image size-large\"><img loading=\"lazy\" decoding=\"async\" width=\"1024\" height=\"576\" src=\"https:\/\/wia.net.pl\/wp-content\/uploads\/2023\/08\/Ocaleni-z-pozaru-na-Maui-Dramatyczne-nagranie-wideo-1024x576.jpg\" alt=\"\" class=\"wp-image-4251\" srcset=\"https:\/\/wia.net.pl\/wp-content\/uploads\/2023\/08\/Ocaleni-z-pozaru-na-Maui-Dramatyczne-nagranie-wideo-1024x576.jpg 1024w, https:\/\/wia.net.pl\/wp-content\/uploads\/2023\/08\/Ocaleni-z-pozaru-na-Maui-Dramatyczne-nagranie-wideo-300x169.jpg 300w, https:\/\/wia.net.pl\/wp-content\/uploads\/2023\/08\/Ocaleni-z-pozaru-na-Maui-Dramatyczne-nagranie-wideo-768x432.jpg 768w, https:\/\/wia.net.pl\/wp-content\/uploads\/2023\/08\/Ocaleni-z-pozaru-na-Maui-Dramatyczne-nagranie-wideo-1536x864.jpg 1536w, https:\/\/wia.net.pl\/wp-content\/uploads\/2023\/08\/Ocaleni-z-pozaru-na-Maui-Dramatyczne-nagranie-wideo-480x270.jpg 480w, https:\/\/wia.net.pl\/wp-content\/uploads\/2023\/08\/Ocaleni-z-pozaru-na-Maui-Dramatyczne-nagranie-wideo.jpg 1920w\" sizes=\"(max-width: 1024px) 100vw, 1024px\" \/><\/figure>\n\n\n\n<p>Obecnie dost\u0119pnych jest wiele raport\u00f3w i materia\u0142\u00f3w wideo od os\u00f3b, kt\u00f3re prze\u017cy\u0142y po\u017car na Maui, kt\u00f3ry mia\u0142 miejsce na pocz\u0105tku tego miesi\u0105ca.<\/p>\n\n\n\n<p>Wiele ocala\u0142ych twierdzi, \u017ce policja uniemo\u017cliwi\u0142a ludziom ucieczk\u0119, a niekt\u00f3rzy twierdz\u0105, \u017ce prze\u017cyli tylko dlatego, \u017ce NIE zastosowali si\u0119 do polece\u0144 policji, podczas gdy inni to zrobili i zgin\u0119li.<\/p>\n\n\n\n<p>Nakr\u0119cenie tego filmu by\u0142o dla mnie bardzo emocjonalne.&nbsp;Nie b\u0119d\u0119 komentowa\u0142 tej sytuacji, ale niech film m\u00f3wi sam za siebie.<\/p>\n\n\n\n<p><strong>OSTRZE\u017bENIE: Graficzne obrazy umieraj\u0105cych ludzi i mn\u00f3stwo wulgaryzm\u00f3w.<\/strong><\/p>\n\n\n\n<p>To b\u0119dzie na naszym\u00a0<a href=\"https:\/\/www.bitchute.com\/video\/xxL9tLYk7FDk\/\" target=\"_blank\" rel=\"noreferrer noopener\">kanale Bitchute<\/a>\u00a0i b\u0119dzie tak\u017ce na naszym\u00a0<a href=\"https:\/\/t.me\/healthimpact\" target=\"_blank\" rel=\"noreferrer noopener\">kanale Telegramu<\/a>\u00a0.\u00a0Trwa zaledwie 17 minut.<\/p>\n\n\n<p><iframe loading=\"lazy\" class=\"wp-embedded-content\" sandbox=\"allow-scripts\" security=\"restricted\" title=\"Maui Fire Survivors Claim the Police Prevented People from Escaping - Dramatic Video Footage\" width=\"459\" height=\"344\" src=\"https:\/\/www.bitchute.com\/embed\/xxL9tLYk7FDk\/?feature=oembed#?secret=gbknlb0PvY\" data-secret=\"gbknlb0PvY\" frameborder=\"0\"><\/iframe><\/p>\n\n\n\n<p>Przepraszam, \u017ce by\u0142o kilka sekund czarnego ekranu, kt\u00f3rych nie uchwyci\u0142em w ko\u0144cowej edycji.<\/p>\n\n\n\n<p>Link \u017ar\u00f3d\u0142owy <a href=\"https:\/\/healthimpactnews.com\/2023\/maui-fire-survivors-claim-the-police-prevented-people-from-escaping-dramatic-video-footage\/\">https:\/\/healthimpactnews.com\/2023\/maui-fire-survivors-claim-the-police-prevented-people-from-escaping-dramatic-video-footage\/<\/a><\/p>\n","protected":false},"excerpt":{"rendered":"<p>Ocaleni z po\u017caru na Maui twierdz\u0105, \u017ce policja uniemo\u017cliwi\u0142a ludziom ucieczk\u0119 \u2013 dramatyczne nagranie wideo Autor, Brian ShilhavyHealth Impact News Obecnie dost\u0119pnych jest wiele raport\u00f3w i materia\u0142\u00f3w wideo od os\u00f3b, kt\u00f3re prze\u017cy\u0142y po\u017car na Maui, kt\u00f3ry mia\u0142 miejsce na pocz\u0105tku&#8230; <\/p>\n","protected":false},"author":2,"featured_media":4251,"comment_status":"open","ping_status":"open","sticky":false,"template":"","format":"standard","meta":{"_acf_changed":false,"_bbp_topic_count":0,"_bbp_reply_count":0,"_bbp_total_topic_count":0,"_bbp_total_reply_count":0,"_bbp_voice_count":0,"_bbp_anonymous_reply_count":0,"_bbp_topic_count_hidden":0,"_bbp_reply_count_hidden":0,"_bbp_forum_subforum_count":0,"om_disable_all_campaigns":false,"_monsterinsights_skip_tracking":false,"footnotes":""},"categories":[93],"tags":[],"class_list":["post-4247","post","type-post","status-publish","format-standard","has-post-thumbnail","hentry","category-artykuly"],"acf":[],"aioseo_notices":[],"aioseo_head":"\n\t\t<!-- All in One SEO 5.0.1.1 - aioseo.com -->\n\t<meta name=\"description\" content=\"Ocaleni z po\u017caru na Maui twierdz\u0105, \u017ce policja uniemo\u017cliwi\u0142a ludziom ucieczk\u0119 \u2013 dramatyczne nagranie wideo Autor, Brian ShilhavyHealth Impact News Obecnie dost\u0119pnych jest wiele raport\u00f3w i materia\u0142\u00f3w wideo od os\u00f3b, kt\u00f3re prze\u017cy\u0142y po\u017car na Maui, kt\u00f3ry mia\u0142 miejsce na pocz\u0105tku tego miesi\u0105ca. Wiele ocala\u0142ych twierdzi, \u017ce policja uniemo\u017cliwi\u0142a ludziom ucieczk\u0119, a niekt\u00f3rzy twierdz\u0105, \u017ce prze\u017cyli\" \/>\n\t<meta name=\"robots\" content=\"max-image-preview:large\" \/>\n\t<meta name=\"author\" content=\"trinity\"\/>\n\t<link rel=\"canonical\" href=\"https:\/\/wia.net.pl\/index.php\/2023\/08\/28\/ocaleni-z-pozaru-na-maui-dramatyczne-nagranie-wideo\/\" \/>\n\t<meta name=\"generator\" content=\"All in One SEO (AIOSEO) 5.0.1.1\" \/>\n\t\t<meta property=\"og:locale\" content=\"pl_PL\" \/>\n\t\t<meta property=\"og:site_name\" content=\"Wolno\u015b\u0107 i Anarchia - Ka\u017cdy wewn\u0119trznie jest anarchist\u0105.\" \/>\n\t\t<meta property=\"og:type\" content=\"article\" \/>\n\t\t<meta property=\"og:title\" content=\"Ocaleni z po\u017caru na Maui \u2013 Dramatyczne nagranie wideo - Wolno\u015b\u0107 i Anarchia\" \/>\n\t\t<meta property=\"og:description\" content=\"Ocaleni z po\u017caru na Maui twierdz\u0105, \u017ce policja uniemo\u017cliwi\u0142a ludziom ucieczk\u0119 \u2013 dramatyczne nagranie wideo Autor, Brian ShilhavyHealth Impact News Obecnie dost\u0119pnych jest wiele raport\u00f3w i materia\u0142\u00f3w wideo od os\u00f3b, kt\u00f3re prze\u017cy\u0142y po\u017car na Maui, kt\u00f3ry mia\u0142 miejsce na pocz\u0105tku tego miesi\u0105ca. Wiele ocala\u0142ych twierdzi, \u017ce policja uniemo\u017cliwi\u0142a ludziom ucieczk\u0119, a niekt\u00f3rzy twierdz\u0105, \u017ce prze\u017cyli\" \/>\n\t\t<meta property=\"og:url\" content=\"https:\/\/wia.net.pl\/index.php\/2023\/08\/28\/ocaleni-z-pozaru-na-maui-dramatyczne-nagranie-wideo\/\" \/>\n\t\t<meta property=\"og:image\" content=\"https:\/\/wia.net.pl\/wp-content\/uploads\/2023\/11\/cropped-freedom-i73367.jpg\" \/>\n\t\t<meta property=\"og:image:secure_url\" content=\"https:\/\/wia.net.pl\/wp-content\/uploads\/2023\/11\/cropped-freedom-i73367.jpg\" \/>\n\t\t<meta property=\"article:published_time\" content=\"2023-08-28T08:12:06+00:00\" \/>\n\t\t<meta property=\"article:modified_time\" content=\"2023-08-28T08:12:21+00:00\" \/>\n\t\t<meta name=\"twitter:card\" content=\"summary_large_image\" \/>\n\t\t<meta name=\"twitter:title\" content=\"Ocaleni z po\u017caru na Maui \u2013 Dramatyczne nagranie wideo - Wolno\u015b\u0107 i Anarchia\" \/>\n\t\t<meta name=\"twitter:description\" content=\"Ocaleni z po\u017caru na Maui twierdz\u0105, \u017ce policja uniemo\u017cliwi\u0142a ludziom ucieczk\u0119 \u2013 dramatyczne nagranie wideo Autor, Brian ShilhavyHealth Impact News Obecnie dost\u0119pnych jest wiele raport\u00f3w i materia\u0142\u00f3w wideo od os\u00f3b, kt\u00f3re prze\u017cy\u0142y po\u017car na Maui, kt\u00f3ry mia\u0142 miejsce na pocz\u0105tku tego miesi\u0105ca. Wiele ocala\u0142ych twierdzi, \u017ce policja uniemo\u017cliwi\u0142a ludziom ucieczk\u0119, a niekt\u00f3rzy twierdz\u0105, \u017ce prze\u017cyli\" \/>\n\t\t<meta name=\"twitter:image\" content=\"https:\/\/wia.net.pl\/wp-content\/uploads\/2023\/11\/cropped-freedom-i73367.jpg\" \/>\n\t\t<script type=\"application\/ld+json\" class=\"aioseo-schema\">\n\t\t\t{\"@context\":\"https:\\\/\\\/schema.org\",\"@graph\":[{\"@type\":\"BlogPosting\",\"@id\":\"https:\\\/\\\/wia.net.pl\\\/index.php\\\/2023\\\/08\\\/28\\\/ocaleni-z-pozaru-na-maui-dramatyczne-nagranie-wideo\\\/#blogposting\",\"name\":\"Ocaleni z po\\u017caru na Maui \\u2013 Dramatyczne nagranie wideo - Wolno\\u015b\\u0107 i Anarchia\",\"headline\":\"Ocaleni z po\\u017caru na Maui &#8211; Dramatyczne nagranie wideo\",\"author\":{\"@id\":\"https:\\\/\\\/wia.net.pl\\\/index.php\\\/author\\\/trinity\\\/#author\"},\"publisher\":{\"@id\":\"https:\\\/\\\/wia.net.pl\\\/#person\"},\"image\":{\"@type\":\"ImageObject\",\"url\":\"https:\\\/\\\/wia.net.pl\\\/wp-content\\\/uploads\\\/2023\\\/08\\\/Ocaleni-z-pozaru-na-Maui-Dramatyczne-nagranie-wideo.jpg\",\"width\":1920,\"height\":1080},\"datePublished\":\"2023-08-28T10:12:06+02:00\",\"dateModified\":\"2023-08-28T10:12:21+02:00\",\"inLanguage\":\"pl-PL\",\"mainEntityOfPage\":{\"@id\":\"https:\\\/\\\/wia.net.pl\\\/index.php\\\/2023\\\/08\\\/28\\\/ocaleni-z-pozaru-na-maui-dramatyczne-nagranie-wideo\\\/#webpage\"},\"isPartOf\":{\"@id\":\"https:\\\/\\\/wia.net.pl\\\/index.php\\\/2023\\\/08\\\/28\\\/ocaleni-z-pozaru-na-maui-dramatyczne-nagranie-wideo\\\/#webpage\"},\"articleSection\":\"Artyku\\u0142y\"},{\"@type\":\"BreadcrumbList\",\"@id\":\"https:\\\/\\\/wia.net.pl\\\/index.php\\\/2023\\\/08\\\/28\\\/ocaleni-z-pozaru-na-maui-dramatyczne-nagranie-wideo\\\/#breadcrumblist\",\"itemListElement\":[{\"@type\":\"ListItem\",\"@id\":\"https:\\\/\\\/wia.net.pl#listItem\",\"position\":1,\"name\":\"Home\",\"item\":\"https:\\\/\\\/wia.net.pl\",\"nextItem\":{\"@type\":\"ListItem\",\"@id\":\"https:\\\/\\\/wia.net.pl\\\/index.php\\\/category\\\/artykuly\\\/#listItem\",\"name\":\"Artyku\\u0142y\"}},{\"@type\":\"ListItem\",\"@id\":\"https:\\\/\\\/wia.net.pl\\\/index.php\\\/category\\\/artykuly\\\/#listItem\",\"position\":2,\"name\":\"Artyku\\u0142y\",\"item\":\"https:\\\/\\\/wia.net.pl\\\/index.php\\\/category\\\/artykuly\\\/\",\"nextItem\":{\"@type\":\"ListItem\",\"@id\":\"https:\\\/\\\/wia.net.pl\\\/index.php\\\/2023\\\/08\\\/28\\\/ocaleni-z-pozaru-na-maui-dramatyczne-nagranie-wideo\\\/#listItem\",\"name\":\"Ocaleni z po\\u017caru na Maui &#8211; Dramatyczne nagranie wideo\"},\"previousItem\":{\"@type\":\"ListItem\",\"@id\":\"https:\\\/\\\/wia.net.pl#listItem\",\"name\":\"Home\"}},{\"@type\":\"ListItem\",\"@id\":\"https:\\\/\\\/wia.net.pl\\\/index.php\\\/2023\\\/08\\\/28\\\/ocaleni-z-pozaru-na-maui-dramatyczne-nagranie-wideo\\\/#listItem\",\"position\":3,\"name\":\"Ocaleni z po\\u017caru na Maui &#8211; Dramatyczne nagranie wideo\",\"previousItem\":{\"@type\":\"ListItem\",\"@id\":\"https:\\\/\\\/wia.net.pl\\\/index.php\\\/category\\\/artykuly\\\/#listItem\",\"name\":\"Artyku\\u0142y\"}}]},{\"@type\":\"Person\",\"@id\":\"https:\\\/\\\/wia.net.pl\\\/#person\",\"name\":\"Bart\\u0142omiej Talarczyk\",\"image\":{\"@type\":\"ImageObject\",\"@id\":\"https:\\\/\\\/wia.net.pl\\\/index.php\\\/2023\\\/08\\\/28\\\/ocaleni-z-pozaru-na-maui-dramatyczne-nagranie-wideo\\\/#personImage\",\"url\":\"https:\\\/\\\/wia.net.pl\\\/wp-content\\\/uploads\\\/avatar-privacy\\\/cache\\\/user\\\/1\\\/7\\\/176a6b161c58363ff49b5c167264231f519f5c7fa183ca1f61e891769b6b56d5-96.jpg\",\"width\":96,\"height\":96,\"caption\":\"Bart\\u0142omiej Talarczyk\"}},{\"@type\":\"Person\",\"@id\":\"https:\\\/\\\/wia.net.pl\\\/index.php\\\/author\\\/trinity\\\/#author\",\"url\":\"https:\\\/\\\/wia.net.pl\\\/index.php\\\/author\\\/trinity\\\/\",\"name\":\"trinity\",\"image\":{\"@type\":\"ImageObject\",\"@id\":\"https:\\\/\\\/wia.net.pl\\\/index.php\\\/2023\\\/08\\\/28\\\/ocaleni-z-pozaru-na-maui-dramatyczne-nagranie-wideo\\\/#authorImage\",\"url\":\"https:\\\/\\\/wia.net.pl\\\/wp-content\\\/uploads\\\/avatar-privacy\\\/cache\\\/user\\\/5\\\/f\\\/5f6547cf82495eaa10e100a6a45d5dbde2dfdc1be88557de2018fca705bdf6f1-96.jpg\",\"width\":96,\"height\":96,\"caption\":\"trinity\"}},{\"@type\":\"WebPage\",\"@id\":\"https:\\\/\\\/wia.net.pl\\\/index.php\\\/2023\\\/08\\\/28\\\/ocaleni-z-pozaru-na-maui-dramatyczne-nagranie-wideo\\\/#webpage\",\"url\":\"https:\\\/\\\/wia.net.pl\\\/index.php\\\/2023\\\/08\\\/28\\\/ocaleni-z-pozaru-na-maui-dramatyczne-nagranie-wideo\\\/\",\"name\":\"Ocaleni z po\\u017caru na Maui \\u2013 Dramatyczne nagranie wideo - Wolno\\u015b\\u0107 i Anarchia\",\"description\":\"Ocaleni z po\\u017caru na Maui twierdz\\u0105, \\u017ce policja uniemo\\u017cliwi\\u0142a ludziom ucieczk\\u0119 \\u2013 dramatyczne nagranie wideo Autor, Brian ShilhavyHealth Impact News Obecnie dost\\u0119pnych jest wiele raport\\u00f3w i materia\\u0142\\u00f3w wideo od os\\u00f3b, kt\\u00f3re prze\\u017cy\\u0142y po\\u017car na Maui, kt\\u00f3ry mia\\u0142 miejsce na pocz\\u0105tku tego miesi\\u0105ca. Wiele ocala\\u0142ych twierdzi, \\u017ce policja uniemo\\u017cliwi\\u0142a ludziom ucieczk\\u0119, a niekt\\u00f3rzy twierdz\\u0105, \\u017ce prze\\u017cyli\",\"inLanguage\":\"pl-PL\",\"isPartOf\":{\"@id\":\"https:\\\/\\\/wia.net.pl\\\/#website\"},\"breadcrumb\":{\"@id\":\"https:\\\/\\\/wia.net.pl\\\/index.php\\\/2023\\\/08\\\/28\\\/ocaleni-z-pozaru-na-maui-dramatyczne-nagranie-wideo\\\/#breadcrumblist\"},\"author\":{\"@id\":\"https:\\\/\\\/wia.net.pl\\\/index.php\\\/author\\\/trinity\\\/#author\"},\"creator\":{\"@id\":\"https:\\\/\\\/wia.net.pl\\\/index.php\\\/author\\\/trinity\\\/#author\"},\"image\":{\"@type\":\"ImageObject\",\"url\":\"https:\\\/\\\/wia.net.pl\\\/wp-content\\\/uploads\\\/2023\\\/08\\\/Ocaleni-z-pozaru-na-Maui-Dramatyczne-nagranie-wideo.jpg\",\"@id\":\"https:\\\/\\\/wia.net.pl\\\/index.php\\\/2023\\\/08\\\/28\\\/ocaleni-z-pozaru-na-maui-dramatyczne-nagranie-wideo\\\/#mainImage\",\"width\":1920,\"height\":1080},\"primaryImageOfPage\":{\"@id\":\"https:\\\/\\\/wia.net.pl\\\/index.php\\\/2023\\\/08\\\/28\\\/ocaleni-z-pozaru-na-maui-dramatyczne-nagranie-wideo\\\/#mainImage\"},\"datePublished\":\"2023-08-28T10:12:06+02:00\",\"dateModified\":\"2023-08-28T10:12:21+02:00\"},{\"@type\":\"WebSite\",\"@id\":\"https:\\\/\\\/wia.net.pl\\\/#website\",\"url\":\"https:\\\/\\\/wia.net.pl\\\/\",\"name\":\"Wolno\\u015b\\u0107 i Anarchia\",\"description\":\"Ka\\u017cdy wewn\\u0119trznie jest anarchist\\u0105.\",\"inLanguage\":\"pl-PL\",\"publisher\":{\"@id\":\"https:\\\/\\\/wia.net.pl\\\/#person\"}}]}\n\t\t<\/script>\n\t\t<!-- All in One SEO -->\n\n","aioseo_head_json":{"title":"Ocaleni z po\u017caru na Maui \u2013 Dramatyczne nagranie wideo - Wolno\u015b\u0107 i Anarchia","description":"Ocaleni z po\u017caru na Maui twierdz\u0105, \u017ce policja uniemo\u017cliwi\u0142a ludziom ucieczk\u0119 \u2013 dramatyczne nagranie wideo Autor, Brian ShilhavyHealth Impact News Obecnie dost\u0119pnych jest wiele raport\u00f3w i materia\u0142\u00f3w wideo od os\u00f3b, kt\u00f3re prze\u017cy\u0142y po\u017car na Maui, kt\u00f3ry mia\u0142 miejsce na pocz\u0105tku tego miesi\u0105ca. Wiele ocala\u0142ych twierdzi, \u017ce policja uniemo\u017cliwi\u0142a ludziom ucieczk\u0119, a niekt\u00f3rzy twierdz\u0105, \u017ce prze\u017cyli","canonical_url":"https:\/\/wia.net.pl\/index.php\/2023\/08\/28\/ocaleni-z-pozaru-na-maui-dramatyczne-nagranie-wideo\/","robots":"max-image-preview:large","keywords":"","webmasterTools":{"miscellaneous":""},"schema":{"@context":"https:\/\/schema.org","@graph":[{"@type":"BlogPosting","@id":"https:\/\/wia.net.pl\/index.php\/2023\/08\/28\/ocaleni-z-pozaru-na-maui-dramatyczne-nagranie-wideo\/#blogposting","name":"Ocaleni z po\u017caru na Maui \u2013 Dramatyczne nagranie wideo - Wolno\u015b\u0107 i Anarchia","headline":"Ocaleni z po\u017caru na Maui &#8211; Dramatyczne nagranie wideo","author":{"@id":"https:\/\/wia.net.pl\/index.php\/author\/trinity\/#author"},"publisher":{"@id":"https:\/\/wia.net.pl\/#person"},"image":{"@type":"ImageObject","url":"https:\/\/wia.net.pl\/wp-content\/uploads\/2023\/08\/Ocaleni-z-pozaru-na-Maui-Dramatyczne-nagranie-wideo.jpg","width":1920,"height":1080},"datePublished":"2023-08-28T10:12:06+02:00","dateModified":"2023-08-28T10:12:21+02:00","inLanguage":"pl-PL","mainEntityOfPage":{"@id":"https:\/\/wia.net.pl\/index.php\/2023\/08\/28\/ocaleni-z-pozaru-na-maui-dramatyczne-nagranie-wideo\/#webpage"},"isPartOf":{"@id":"https:\/\/wia.net.pl\/index.php\/2023\/08\/28\/ocaleni-z-pozaru-na-maui-dramatyczne-nagranie-wideo\/#webpage"},"articleSection":"Artyku\u0142y"},{"@type":"BreadcrumbList","@id":"https:\/\/wia.net.pl\/index.php\/2023\/08\/28\/ocaleni-z-pozaru-na-maui-dramatyczne-nagranie-wideo\/#breadcrumblist","itemListElement":[{"@type":"ListItem","@id":"https:\/\/wia.net.pl#listItem","position":1,"name":"Home","item":"https:\/\/wia.net.pl","nextItem":{"@type":"ListItem","@id":"https:\/\/wia.net.pl\/index.php\/category\/artykuly\/#listItem","name":"Artyku\u0142y"}},{"@type":"ListItem","@id":"https:\/\/wia.net.pl\/index.php\/category\/artykuly\/#listItem","position":2,"name":"Artyku\u0142y","item":"https:\/\/wia.net.pl\/index.php\/category\/artykuly\/","nextItem":{"@type":"ListItem","@id":"https:\/\/wia.net.pl\/index.php\/2023\/08\/28\/ocaleni-z-pozaru-na-maui-dramatyczne-nagranie-wideo\/#listItem","name":"Ocaleni z po\u017caru na Maui &#8211; Dramatyczne nagranie wideo"},"previousItem":{"@type":"ListItem","@id":"https:\/\/wia.net.pl#listItem","name":"Home"}},{"@type":"ListItem","@id":"https:\/\/wia.net.pl\/index.php\/2023\/08\/28\/ocaleni-z-pozaru-na-maui-dramatyczne-nagranie-wideo\/#listItem","position":3,"name":"Ocaleni z po\u017caru na Maui &#8211; Dramatyczne nagranie wideo","previousItem":{"@type":"ListItem","@id":"https:\/\/wia.net.pl\/index.php\/category\/artykuly\/#listItem","name":"Artyku\u0142y"}}]},{"@type":"Person","@id":"https:\/\/wia.net.pl\/#person","name":"Bart\u0142omiej Talarczyk","image":{"@type":"ImageObject","@id":"https:\/\/wia.net.pl\/index.php\/2023\/08\/28\/ocaleni-z-pozaru-na-maui-dramatyczne-nagranie-wideo\/#personImage","url":"https:\/\/wia.net.pl\/wp-content\/uploads\/avatar-privacy\/cache\/user\/1\/7\/176a6b161c58363ff49b5c167264231f519f5c7fa183ca1f61e891769b6b56d5-96.jpg","width":96,"height":96,"caption":"Bart\u0142omiej Talarczyk"}},{"@type":"Person","@id":"https:\/\/wia.net.pl\/index.php\/author\/trinity\/#author","url":"https:\/\/wia.net.pl\/index.php\/author\/trinity\/","name":"trinity","image":{"@type":"ImageObject","@id":"https:\/\/wia.net.pl\/index.php\/2023\/08\/28\/ocaleni-z-pozaru-na-maui-dramatyczne-nagranie-wideo\/#authorImage","url":"https:\/\/wia.net.pl\/wp-content\/uploads\/avatar-privacy\/cache\/user\/5\/f\/5f6547cf82495eaa10e100a6a45d5dbde2dfdc1be88557de2018fca705bdf6f1-96.jpg","width":96,"height":96,"caption":"trinity"}},{"@type":"WebPage","@id":"https:\/\/wia.net.pl\/index.php\/2023\/08\/28\/ocaleni-z-pozaru-na-maui-dramatyczne-nagranie-wideo\/#webpage","url":"https:\/\/wia.net.pl\/index.php\/2023\/08\/28\/ocaleni-z-pozaru-na-maui-dramatyczne-nagranie-wideo\/","name":"Ocaleni z po\u017caru na Maui \u2013 Dramatyczne nagranie wideo - Wolno\u015b\u0107 i Anarchia","description":"Ocaleni z po\u017caru na Maui twierdz\u0105, \u017ce policja uniemo\u017cliwi\u0142a ludziom ucieczk\u0119 \u2013 dramatyczne nagranie wideo Autor, Brian ShilhavyHealth Impact News Obecnie dost\u0119pnych jest wiele raport\u00f3w i materia\u0142\u00f3w wideo od os\u00f3b, kt\u00f3re prze\u017cy\u0142y po\u017car na Maui, kt\u00f3ry mia\u0142 miejsce na pocz\u0105tku tego miesi\u0105ca. Wiele ocala\u0142ych twierdzi, \u017ce policja uniemo\u017cliwi\u0142a ludziom ucieczk\u0119, a niekt\u00f3rzy twierdz\u0105, \u017ce prze\u017cyli","inLanguage":"pl-PL","isPartOf":{"@id":"https:\/\/wia.net.pl\/#website"},"breadcrumb":{"@id":"https:\/\/wia.net.pl\/index.php\/2023\/08\/28\/ocaleni-z-pozaru-na-maui-dramatyczne-nagranie-wideo\/#breadcrumblist"},"author":{"@id":"https:\/\/wia.net.pl\/index.php\/author\/trinity\/#author"},"creator":{"@id":"https:\/\/wia.net.pl\/index.php\/author\/trinity\/#author"},"image":{"@type":"ImageObject","url":"https:\/\/wia.net.pl\/wp-content\/uploads\/2023\/08\/Ocaleni-z-pozaru-na-Maui-Dramatyczne-nagranie-wideo.jpg","@id":"https:\/\/wia.net.pl\/index.php\/2023\/08\/28\/ocaleni-z-pozaru-na-maui-dramatyczne-nagranie-wideo\/#mainImage","width":1920,"height":1080},"primaryImageOfPage":{"@id":"https:\/\/wia.net.pl\/index.php\/2023\/08\/28\/ocaleni-z-pozaru-na-maui-dramatyczne-nagranie-wideo\/#mainImage"},"datePublished":"2023-08-28T10:12:06+02:00","dateModified":"2023-08-28T10:12:21+02:00"},{"@type":"WebSite","@id":"https:\/\/wia.net.pl\/#website","url":"https:\/\/wia.net.pl\/","name":"Wolno\u015b\u0107 i Anarchia","description":"Ka\u017cdy wewn\u0119trznie jest anarchist\u0105.","inLanguage":"pl-PL","publisher":{"@id":"https:\/\/wia.net.pl\/#person"}}]},"og:locale":"pl_PL","og:site_name":"Wolno\u015b\u0107 i Anarchia - Ka\u017cdy wewn\u0119trznie jest anarchist\u0105.","og:type":"article","og:title":"Ocaleni z po\u017caru na Maui \u2013 Dramatyczne nagranie wideo - Wolno\u015b\u0107 i Anarchia","og:description":"Ocaleni z po\u017caru na Maui twierdz\u0105, \u017ce policja uniemo\u017cliwi\u0142a ludziom ucieczk\u0119 \u2013 dramatyczne nagranie wideo Autor, Brian ShilhavyHealth Impact News Obecnie dost\u0119pnych jest wiele raport\u00f3w i materia\u0142\u00f3w wideo od os\u00f3b, kt\u00f3re prze\u017cy\u0142y po\u017car na Maui, kt\u00f3ry mia\u0142 miejsce na pocz\u0105tku tego miesi\u0105ca. Wiele ocala\u0142ych twierdzi, \u017ce policja uniemo\u017cliwi\u0142a ludziom ucieczk\u0119, a niekt\u00f3rzy twierdz\u0105, \u017ce prze\u017cyli","og:url":"https:\/\/wia.net.pl\/index.php\/2023\/08\/28\/ocaleni-z-pozaru-na-maui-dramatyczne-nagranie-wideo\/","og:image":"https:\/\/wia.net.pl\/wp-content\/uploads\/2023\/11\/cropped-freedom-i73367.jpg","og:image:secure_url":"https:\/\/wia.net.pl\/wp-content\/uploads\/2023\/11\/cropped-freedom-i73367.jpg","article:published_time":"2023-08-28T08:12:06+00:00","article:modified_time":"2023-08-28T08:12:21+00:00","twitter:card":"summary_large_image","twitter:title":"Ocaleni z po\u017caru na Maui \u2013 Dramatyczne nagranie wideo - Wolno\u015b\u0107 i Anarchia","twitter:description":"Ocaleni z po\u017caru na Maui twierdz\u0105, \u017ce policja uniemo\u017cliwi\u0142a ludziom ucieczk\u0119 \u2013 dramatyczne nagranie wideo Autor, Brian ShilhavyHealth Impact News Obecnie dost\u0119pnych jest wiele raport\u00f3w i materia\u0142\u00f3w wideo od os\u00f3b, kt\u00f3re prze\u017cy\u0142y po\u017car na Maui, kt\u00f3ry mia\u0142 miejsce na pocz\u0105tku tego miesi\u0105ca. Wiele ocala\u0142ych twierdzi, \u017ce policja uniemo\u017cliwi\u0142a ludziom ucieczk\u0119, a niekt\u00f3rzy twierdz\u0105, \u017ce prze\u017cyli","twitter:image":"https:\/\/wia.net.pl\/wp-content\/uploads\/2023\/11\/cropped-freedom-i73367.jpg"},"aioseo_meta_data":{"post_id":"4247","title":null,"description":null,"keywords":[],"keyphrases":{"focus":{"keyphrase":"","score":0,"analysis":{"keyphraseInTitle":{"score":0,"maxScore":9,"error":1}}},"additional":[]},"primary_term":null,"canonical_url":null,"og_title":null,"og_description":null,"og_object_type":"default","og_image_type":"default","og_image_url":null,"og_image_width":null,"og_image_height":null,"og_image_custom_url":null,"og_image_custom_fields":null,"og_video":"","og_custom_url":null,"og_article_section":null,"og_article_tags":[],"twitter_use_og":false,"twitter_card":"default","twitter_image_type":"default","twitter_image_url":null,"twitter_image_custom_url":null,"twitter_image_custom_fields":null,"twitter_title":null,"twitter_description":null,"schema":{"blockGraphs":[],"customGraphs":[],"default":{"data":{"Article":[],"Course":[],"Dataset":[],"FAQPage":[],"Movie":[],"Person":[],"Product":[],"ProductReview":[],"Car":[],"Recipe":[],"Service":[],"SoftwareApplication":[],"WebPage":[]},"graphName":"BlogPosting","isEnabled":true},"graphs":[]},"schema_type":"default","schema_type_options":null,"pillar_content":false,"robots_default":true,"robots_noindex":false,"robots_noarchive":false,"robots_nosnippet":false,"robots_nofollow":false,"robots_noimageindex":false,"robots_noodp":false,"robots_notranslate":false,"robots_max_snippet":"-1","robots_max_videopreview":"-1","robots_max_imagepreview":"large","priority":null,"frequency":"default","local_seo":null,"breadcrumb_settings":null,"limit_modified_date":false,"ai":null,"created":"2023-08-28 08:03:10","updated":"2025-06-04 09:10:38","seo_analyzer_scan_date":null,"focus_keyword":null,"additional_keywords":null,"truseo_locale":null},"aioseo_breadcrumb":"<div class=\"aioseo-breadcrumbs\"><span class=\"aioseo-breadcrumb\">\n\t\t\t<a href=\"https:\/\/wia.net.pl\" title=\"Home\">Home<\/a>\n\t\t<\/span><span class=\"aioseo-breadcrumb-separator\">&raquo;<\/span><span class=\"aioseo-breadcrumb\">\n\t\t\t<a href=\"https:\/\/wia.net.pl\/index.php\/category\/artykuly\/\" title=\"Artyku\u0142y\">Artyku\u0142y<\/a>\n\t\t<\/span><span class=\"aioseo-breadcrumb-separator\">&raquo;<\/span><span class=\"aioseo-breadcrumb\">\n\t\t\tOcaleni z po\u017caru na Maui \u2013 Dramatyczne nagranie wideo\n\t\t<\/span><\/div>","aioseo_breadcrumb_json":[{"label":"Home","link":"https:\/\/wia.net.pl"},{"label":"Artyku\u0142y","link":"https:\/\/wia.net.pl\/index.php\/category\/artykuly\/"},{"label":"Ocaleni z po\u017caru na Maui &#8211; Dramatyczne nagranie wideo","link":"https:\/\/wia.net.pl\/index.php\/2023\/08\/28\/ocaleni-z-pozaru-na-maui-dramatyczne-nagranie-wideo\/"}],"_links":{"self":[{"href":"https:\/\/wia.net.pl\/index.php\/wp-json\/wp\/v2\/posts\/4247"}],"collection":[{"href":"https:\/\/wia.net.pl\/index.php\/wp-json\/wp\/v2\/posts"}],"about":[{"href":"https:\/\/wia.net.pl\/index.php\/wp-json\/wp\/v2\/types\/post"}],"author":[{"embeddable":true,"href":"https:\/\/wia.net.pl\/index.php\/wp-json\/wp\/v2\/users\/2"}],"replies":[{"embeddable":true,"href":"https:\/\/wia.net.pl\/index.php\/wp-json\/wp\/v2\/comments?post=4247"}],"version-history":[{"count":3,"href":"https:\/\/wia.net.pl\/index.php\/wp-json\/wp\/v2\/posts\/4247\/revisions"}],"predecessor-version":[{"id":4252,"href":"https:\/\/wia.net.pl\/index.php\/wp-json\/wp\/v2\/posts\/4247\/revisions\/4252"}],"wp:featuredmedia":[{"embeddable":true,"href":"https:\/\/wia.net.pl\/index.php\/wp-json\/wp\/v2\/media\/4251"}],"wp:attachment":[{"href":"https:\/\/wia.net.pl\/index.php\/wp-json\/wp\/v2\/media?parent=4247"}],"wp:term":[{"taxonomy":"category","embeddable":true,"href":"https:\/\/wia.net.pl\/index.php\/wp-json\/wp\/v2\/categories?post=4247"},{"taxonomy":"post_tag","embeddable":true,"href":"https:\/\/wia.net.pl\/index.php\/wp-json\/wp\/v2\/tags?post=4247"}],"curies":[{"name":"wp","href":"https:\/\/api.w.org\/{rel}","templated":true}]}}