{"id":4253,"date":"2023-08-28T10:38:57","date_gmt":"2023-08-28T08:38:57","guid":{"rendered":"https:\/\/wia.net.pl\/?p=4253"},"modified":"2023-08-28T10:38:57","modified_gmt":"2023-08-28T08:38:57","slug":"kult-maski-powraca-propaganda-pandemii-rozpetana","status":"publish","type":"post","link":"https:\/\/wia.net.pl\/index.php\/2023\/08\/28\/kult-maski-powraca-propaganda-pandemii-rozpetana\/","title":{"rendered":"Kult maski powraca!\u00a0Propaganda pandemii rozp\u0119tana"},"content":{"rendered":"\n<p>Kult maski powraca!\u00a0Propaganda pandemii zosta\u0142a rozp\u0119tana<\/p>\n\n\n\n<h3 class=\"wp-block-heading\">Strze\u017ccie si\u0119 zamaskowanych krzy\u017cowc\u00f3w! Naukowcy pchaj\u0105cy maski s\u0105 albo skorumpowani, niekompetentni, albo chorzy psychicznie<\/h3>\n\n\n\n<p>Autor, <a href=\"https:\/\/www.globalresearch.ca\/author\/william-makis\">dr William Makis<\/a><\/p>\n\n\n\n<p>Badania globalne, 28 sierpnia 2023 r<\/p>\n\n\n\n<p><a href=\"https:\/\/makismd.substack.com\/p\/the-mask-cult-is-back-the-pandemic?utm_source=post-email-title&amp;publication_id=1385328&amp;post_id=136418737&amp;isFreemail=false&amp;utm_medium=email\" target=\"_blank\" rel=\"noreferrer noopener\">COVID Intel,<\/a>\u00a026 sierpnia 2023 r<\/p>\n\n\n\n<figure class=\"wp-block-image size-large\"><img loading=\"lazy\" decoding=\"async\" width=\"1024\" height=\"682\" src=\"https:\/\/wia.net.pl\/wp-content\/uploads\/2023\/08\/hand-disinfection-4954840_1280-1024x682.jpg\" alt=\"\" class=\"wp-image-4254\" srcset=\"https:\/\/wia.net.pl\/wp-content\/uploads\/2023\/08\/hand-disinfection-4954840_1280-1024x682.jpg 1024w, https:\/\/wia.net.pl\/wp-content\/uploads\/2023\/08\/hand-disinfection-4954840_1280-300x200.jpg 300w, https:\/\/wia.net.pl\/wp-content\/uploads\/2023\/08\/hand-disinfection-4954840_1280-768x512.jpg 768w, https:\/\/wia.net.pl\/wp-content\/uploads\/2023\/08\/hand-disinfection-4954840_1280.jpg 1280w\" sizes=\"(max-width: 1024px) 100vw, 1024px\" \/><\/figure>\n\n\n\n<p><em>Big Pharma skompromitowa\u0142a skorumpowanych lekarzy, a lekarze-aktywi\u015bci \u015bwiadcz\u0105cy o cnotach (studenci medycyny i mieszka\u0144cy, kt\u00f3rzy my\u015bl\u0105, \u017ce s\u0105 m\u0105drzejsi ni\u017c w rzeczywisto\u015bci) s\u0105 najgorszymi z najgorszych.<\/em><\/p>\n\n\n<div class=\"wp-block-image\">\n<figure class=\"aligncenter\"><img decoding=\"async\" src=\"https:\/\/substackcdn.com\/image\/fetch\/w_2400,c_limit,f_auto,q_auto:good,fl_progressive:steep\/https%3A%2F%2Fsubstack-post-media.s3.amazonaws.com%2Fpublic%2Fimages%2F0be02ecc-7c8a-40dd-bc0b-e47cb89c4f17_2092x1883.jpeg\" alt=\"\"\/><\/figure><\/div>\n\n\n<p>Niekt\u00f3rzy lekarze to \u201emini-gwiazdy\u201d, kt\u00f3re musz\u0105 karmi\u0107 sw\u00f3j narcyzm i potrzeb\u0119 uwagi.&nbsp;Nie wiesz kim oni s\u0105?&nbsp;C\u00f3\u017c, oni s\u0105 s\u0142awni, a ty nie.<\/p>\n\n\n<div class=\"wp-block-image\">\n<figure class=\"aligncenter\"><img decoding=\"async\" src=\"https:\/\/substackcdn.com\/image\/fetch\/w_2400,c_limit,f_auto,q_auto:good,fl_progressive:steep\/https%3A%2F%2Fsubstack-post-media.s3.amazonaws.com%2Fpublic%2Fimages%2Fb61c7451-4d43-43a5-9238-5381368e13b7_2038x1880.jpeg\" alt=\"\"\/><\/figure><\/div>\n\n\n<p>Niekt\u00f3rzy lekarze s\u0105 \u201eprawdziwie wierz\u0105cymi\u201d.&nbsp;S\u0105 profesjonalistami.&nbsp;S\u0105 bardzo wykszta\u0142ceni.&nbsp;Nie rozumiej\u0105, dlaczego wszyscy si\u0119 z nich \u015bmiej\u0105.&nbsp;Ale oni s\u0105 genialni, a ty nie.&nbsp;I genialni ludzie maskuj\u0105 si\u0119.<\/p>\n\n\n<div class=\"wp-block-image\">\n<figure class=\"aligncenter\"><img decoding=\"async\" src=\"https:\/\/substackcdn.com\/image\/fetch\/w_2400,c_limit,f_auto,q_auto:good,fl_progressive:steep\/https%3A%2F%2Fsubstack-post-media.s3.amazonaws.com%2Fpublic%2Fimages%2Ff8e08a37-ea45-4cad-9b24-a3ddfa4e23e4_2008x1885.jpeg\" alt=\"\"\/><\/figure><\/div>\n\n\n<p>Nie by\u0142aby to lewicowa propaganda sygnalizuj\u0105ca cnoty, gdyby nie pojawi\u0142a si\u0119 jaka\u015b forma zn\u0119cania si\u0119 nad dzie\u0107mi.&nbsp;\u201eWydaje si\u0119, \u017ce jest to zno\u015bne?\u201d&nbsp;\u2013 zastanawia si\u0119 agresywna lewicowa matka.&nbsp;Cnota.&nbsp;Sygnalizacja.<\/p>\n\n\n<div class=\"wp-block-image\">\n<figure class=\"aligncenter\"><img decoding=\"async\" src=\"https:\/\/substackcdn.com\/image\/fetch\/w_2400,c_limit,f_auto,q_auto:good,fl_progressive:steep\/https%3A%2F%2Fsubstack-post-media.s3.amazonaws.com%2Fpublic%2Fimages%2F0caa6218-5d81-48ab-a91c-346f878d2e40_2090x1870.jpeg\" alt=\"\"\/><\/figure><\/div>\n\n\n<p>Niekt\u00f3rzy doprowadzaj\u0105 propagand\u0119 do maksymalnego (i ich zdaniem logicznego) punktu ko\u0144cowego.&nbsp;Oni s\u0105 maksymalnie bezpieczni, a Ty nie.&nbsp;Mierz\u0105 nawet poziom CO2, bo to najwi\u0119ksza trucizna znana ludzko\u015bci.<\/p>\n\n\n<div class=\"wp-block-image\">\n<figure class=\"aligncenter\"><img decoding=\"async\" src=\"https:\/\/substackcdn.com\/image\/fetch\/w_2400,c_limit,f_auto,q_auto:good,fl_progressive:steep\/https%3A%2F%2Fsubstack-post-media.s3.amazonaws.com%2Fpublic%2Fimages%2F5d0c053d-f36b-4511-961d-8bdd774a5573_2113x1874.jpeg\" alt=\"\"\/><\/figure><\/div>\n\n\n<p>Nie jeste\u015b naprawd\u0119 bezpieczny, je\u015bli nie nosisz okular\u00f3w ochronnych!&nbsp;\u201eNo c\u00f3\u017c, nie \u015bmiej si\u0119\u201d \u2013 m\u00f3wi Eryn.&nbsp;Uwierz mi, Eryn, bardzo si\u0119 staram, \u017ceby tego nie robi\u0107.&nbsp;Ale ci\u0105gle s\u0142ysz\u0119 g\u0142os m\u00f3wi\u0105cy: \u201eIdzie zima\u2026\u201d<\/p>\n\n\n<div class=\"wp-block-image\">\n<figure class=\"aligncenter\"><img decoding=\"async\" src=\"https:\/\/substackcdn.com\/image\/fetch\/w_2400,c_limit,f_auto,q_auto:good,fl_progressive:steep\/https%3A%2F%2Fsubstack-post-media.s3.amazonaws.com%2Fpublic%2Fimages%2F34bbfa93-121d-405b-ae93-ee915a79fbb9_2294x1883.jpeg\" alt=\"\"\/><\/figure><\/div>\n\n\n<p>Lepiej za\u0142\u00f3\u017c mask\u0119, je\u015bli samodzielnie wykonujesz jak\u0105kolwiek aktywno\u015b\u0107 fizyczn\u0105, tak\u0105 jak prowadzenie samochodu, piesze w\u0119dr\u00f3wki lub jazda na nartach (zw\u0142aszcza p\u0142ywanie):<\/p>\n\n\n<div class=\"wp-block-image\">\n<figure class=\"aligncenter\"><img decoding=\"async\" src=\"https:\/\/substackcdn.com\/image\/fetch\/w_2400,c_limit,f_auto,q_auto:good,fl_progressive:steep\/https%3A%2F%2Fsubstack-post-media.s3.amazonaws.com%2Fpublic%2Fimages%2F95234bc5-ff99-49ef-a4a8-d04768ad8d3d_2113x1970.jpeg\" alt=\"\"\/><\/figure><\/div>\n\n\n<p>Kiedy jako jedyny w samolocie jeste\u015b zamaskowany, ale nie przejmujesz si\u0119 tym, bo jeste\u015b cnotliwy i ratujesz \u017cycie.&nbsp;Ten z tosterem na twarzy, Markham Hislop, zarabia na \u017cycie, pisz\u0105c o zmianach klimatycznych.&nbsp;Bycie bohaterem ma swoje poziomy.&nbsp;I sp\u00f3jrz, jak idealnie ta maska \u200b\u200bpasuje do tej gigantycznej brody!<\/p>\n\n\n<div class=\"wp-block-image\">\n<figure class=\"aligncenter\"><img decoding=\"async\" src=\"https:\/\/substackcdn.com\/image\/fetch\/w_2400,c_limit,f_auto,q_auto:good,fl_progressive:steep\/https%3A%2F%2Fsubstack-post-media.s3.amazonaws.com%2Fpublic%2Fimages%2Fb855070a-4828-4ccf-b947-319e78f26dd4_2085x3710.jpeg\" alt=\"\"\/><\/figure><\/div>\n\n\n<p>Sygnali\u015bci cnoty, kt\u00f3rzy ratuj\u0105 \u017cycie, to kreatywne osoby, kt\u00f3re upi\u0119kszaj\u0105 swoje maski, a nawet maski oddechowe.&nbsp;To jest surowy talent, tw\u00f3rczy geniusz.&nbsp;Wszystkie nale\u017c\u0105 do muzeum!<\/p>\n\n\n<div class=\"wp-block-image\">\n<figure class=\"aligncenter\"><img decoding=\"async\" src=\"https:\/\/substackcdn.com\/image\/fetch\/w_2400,c_limit,f_auto,q_auto:good,fl_progressive:steep\/https%3A%2F%2Fsubstack-post-media.s3.amazonaws.com%2Fpublic%2Fimages%2F5190e8e0-6149-482c-8271-2845075814a7_2077x1878.jpeg\" alt=\"\"\/><\/figure><\/div>\n\n\n<p>Bycie w masce nie wystarczy, \u017ceby by\u0107 prawdziwym bohaterem, bo prawdziwy bohater PODCZAS MASKOWANIA dokonuje dodatkowych dzia\u0142a\u0144, np. ratowania klimatu czy szerzenia \u201emi\u0142o\u015bci\u201d.<\/p>\n\n\n<div class=\"wp-block-image\">\n<figure class=\"aligncenter\"><img decoding=\"async\" src=\"https:\/\/substackcdn.com\/image\/fetch\/w_2400,c_limit,f_auto,q_auto:good,fl_progressive:steep\/https%3A%2F%2Fsubstack-post-media.s3.amazonaws.com%2Fpublic%2Fimages%2F3a5df2d0-6700-40f3-9200-0c5d323bceed_1885x3735.jpeg\" alt=\"\"\/><\/figure><\/div>\n\n\n<p>Nawet bohaterowie musz\u0105 si\u0119 nawadnia\u0107!&nbsp;Nie ma mowy, \u017ceby wirus przedosta\u0142 si\u0119 przez t\u0119 przyjazn\u0105 dla klimatu plastikow\u0105 s\u0142omk\u0119!<\/p>\n\n\n<div class=\"wp-block-image\">\n<figure class=\"aligncenter\"><img decoding=\"async\" src=\"https:\/\/substackcdn.com\/image\/fetch\/w_2400,c_limit,f_auto,q_auto:good,fl_progressive:steep\/https%3A%2F%2Fsubstack-post-media.s3.amazonaws.com%2Fpublic%2Fimages%2F1febe00f-6a6e-446a-9d76-b572c9380588_1786x1890.jpeg\" alt=\"\"\/><\/figure><\/div>\n\n\n<p>Musisz by\u0107 dobrze zaznajomiony z najnowsz\u0105 propagand\u0105 masek, na szcz\u0119\u015bcie propaganda jest wsz\u0119dzie w \u0142atwych do zrozumienia kresk\u00f3wkach, zgodnie z najnowocze\u015bniejsz\u0105 nauk\u0105.<\/p>\n\n\n\n<p>Na przyk\u0142ad du\u017ce koncerty muzyczne maj\u0105 poziom zagro\u017cenia koronawirusem 9, kt\u00f3ry jest najbardziej \u015bmierciono\u015bnym poziomem.&nbsp;Nikt nigdy nie wr\u00f3ci\u0142 \u017cywy z \u017cadnego z nich.<\/p>\n\n\n<div class=\"wp-block-image\">\n<figure class=\"aligncenter\"><img decoding=\"async\" src=\"https:\/\/substackcdn.com\/image\/fetch\/w_2400,c_limit,f_auto,q_auto:good,fl_progressive:steep\/https%3A%2F%2Fsubstack-post-media.s3.amazonaws.com%2Fpublic%2Fimages%2F8369c025-dca6-49ec-9a67-43136f7ab0e3_1915x3722.jpeg\" alt=\"\"\/><\/figure><\/div>\n\n\n<p>Przyjazne komunikaty skierowane do \u201eodrzucaj\u0105cych mask\u0119\u201d s\u0105 wa\u017cne.&nbsp;Na przyk\u0142ad ta: 2 maski + 6 st\u00f3p od siebie = 0% transmisji wirusa Covid-19, co\u015b, co mo\u017ce zrozumie\u0107 nawet idiota zaprzeczaj\u0105cy maskom.<\/p>\n\n\n<div class=\"wp-block-image\">\n<figure class=\"aligncenter\"><img decoding=\"async\" src=\"https:\/\/substackcdn.com\/image\/fetch\/w_1456,c_limit,f_auto,q_auto:good,fl_progressive:steep\/https%3A%2F%2Fsubstack-post-media.s3.amazonaws.com%2Fpublic%2Fimages%2F67faf3c1-2063-4d98-b7e9-d806ec8f3cf2_1326x3777.jpeg\" alt=\"\"\/><\/figure><\/div>\n\n\n<p>WNIOSEK: Nasi bohaterowie pandemii przesy\u0142aj\u0105 pozdrowienia: poznajecie ich po maskach i przyjaznych u\u015bmiechach, kt\u00f3re nosz\u0105 pod tymi maskami.<\/p>\n\n\n\n<p>B\u0119d\u0105 jedyn\u0105 zamaskowan\u0105 osob\u0105 w samolocie i b\u0119d\u0105 nosi\u0107 maski jad\u0105c samotnie w samochodzie, bo tak robi\u0105 bohaterowie.<\/p>\n\n\n<div class=\"wp-block-image\">\n<figure class=\"aligncenter\"><img decoding=\"async\" src=\"https:\/\/substackcdn.com\/image\/fetch\/w_2400,c_limit,f_auto,q_auto:good,fl_progressive:steep\/https%3A%2F%2Fsubstack-post-media.s3.amazonaws.com%2Fpublic%2Fimages%2F13c8ff4b-6478-4928-9933-659af3b57946_2048x2048.jpeg\" alt=\"\"\/><\/figure><\/div>\n\n\n<h2 class=\"wp-block-heading\">Moje podanie\u2026&nbsp;<\/h2>\n\n\n\n<p>Maski nie dzia\u0142aj\u0105.<\/p>\n\n\n\n<p>*<\/p>\n\n\n\n<p>Uwaga dla czytelnik\u00f3w: kliknij przycisk udost\u0119pniania powy\u017cej.&nbsp;\u015aled\u017a nas na Instagramie i Twitterze oraz subskrybuj nasz kana\u0142 na Telegramie.&nbsp;Zach\u0119camy do ponownego publikowania i szerokiego udost\u0119pniania artyku\u0142\u00f3w Global Research.<\/p>\n\n\n\n<p><em><strong>Dr William Makis<\/strong>&nbsp;jest kanadyjskim lekarzem specjalizuj\u0105cym si\u0119 w radiologii, onkologii i immunologii.&nbsp;Medal Gubernatora Generalnego, stypendysta Uniwersytetu w Toronto.&nbsp;Autor ponad 100 recenzowanych publikacji medycznych.&nbsp;<\/em><\/p>\n\n\n\n<p><em>Wyr\u00f3\u017cniony obraz pochodzi z Pixabay<\/em><\/p>\n\n\n\n<hr class=\"wp-block-separator has-alpha-channel-opacity\"\/>\n\n\n<div class=\"wp-block-image\">\n<figure class=\"alignleft\"><img decoding=\"async\" src=\"https:\/\/www.globalresearch.ca\/wp-content\/uploads\/2022\/08\/WCC-ebook-cover-final-400x528.jpg\" alt=\"\"\/><\/figure><\/div>\n\n\n<h2 class=\"wp-block-heading\"><strong>\u015awiatowy kryzys koronowy, globalny zamach stanu przeciwko ludzko\u015bci<\/strong><\/h2>\n\n\n\n<p><strong>przez Michela Chossudovsky\u2019ego<\/strong><\/p>\n\n\n\n<p>Michel Chossudovsky szczeg\u00f3\u0142owo opisuje, jak ten podst\u0119pny projekt \u201eniszczy \u017cycie ludzi\u201d.&nbsp;Zapewnia wszechstronn\u0105 analiz\u0119 wszystkiego, co musisz wiedzie\u0107 o \u201epandemii\u201d \u2013 od wymiaru medycznego po reperkusje gospodarcze i spo\u0142eczne, podstawy polityczne oraz skutki psychiczne i psychologiczne.<\/p>\n\n\n\n<p><em>\u201eMoim celem jako autora jest informowanie ludzi na ca\u0142ym \u015bwiecie i obalanie oficjalnej narracji, kt\u00f3ra zosta\u0142a wykorzystana jako uzasadnienie destabilizacji tkanki gospodarczej i spo\u0142ecznej ca\u0142ych kraj\u00f3w, a nast\u0119pnie narzucenia \u201e\u015bmiertelnej\u201d \u201eszczepionki\u201d na Covid-19.&nbsp;Kryzys ten dotyka ca\u0142\u0105 ludzko\u015b\u0107: prawie 8 miliard\u00f3w ludzi.&nbsp;Solidaryzujemy si\u0119 z naszymi bli\u017animi i naszymi dzie\u0107mi na ca\u0142ym \u015bwiecie.&nbsp;Prawda jest pot\u0119\u017cnym narz\u0119dziem.\u201d<\/em><\/p>\n\n\n\n<p><strong>ISBN:&nbsp;<\/strong>&nbsp;978-0-9879389-3-0, &nbsp;&nbsp;<strong>Rok:<\/strong>&nbsp;2022, Ebook w formacie PDF, &nbsp;&nbsp;<strong>Strony<\/strong>&nbsp;: 164, 15 rozdzia\u0142\u00f3w<\/p>\n\n\n\n<p><a href=\"https:\/\/www.globalresearch.ca\/interview-dr-william-makis-vaccine-injuries-turbo-cancers-spike-protein-detox\/5829622\">Video: Special Interview with Dr. William Makis, Truth Warrior on Vaccine Injuries. Turbo Cancers and Spike Protein Detox<\/a><\/p>\n\n\n\n<p><a href=\"https:\/\/www.globalresearch.ca\/interview-dr-william-makis-vaccine-injuries-turbo-cancers-spike-protein-detox\/5829622\">Video: Special Interview with Dr. William Makis, Truth Warrior on Vaccine Injuries. Turbo Cancers and Spike Protein Detox<\/a><\/p>\n\n\n\n<p><a href=\"https:\/\/www.globalresearch.ca\/interview-dr-william-makis-vaccine-injuries-turbo-cancers-spike-protein-detox\/5829622\">Video: Special Interview with Dr. William Makis, Truth Warrior on Vaccine Injuries. Turbo Cancers and Spike  rotein Detox<\/a><\/p>\n\n\n\n<p><del><strong>Cena: 11,50 dolar\u00f3w<\/strong><\/del><strong>&nbsp;DARMOWA KOPIA!&nbsp;<\/strong><strong><a href=\"https:\/\/docsend.com\/view\/yvbmfa5hxhgjughq\">Kliknij tutaj (wy\u015blij dokument) i pobierz<\/a>&nbsp;.<\/strong><\/p>\n\n\n\n<p>Zach\u0119camy do wsparcia projektu eBook poprzez przekazanie datku za po\u015brednictwem&nbsp;&nbsp;<strong><a href=\"https:\/\/donorbox.org\/the-worldwide-corona-crisis-global-coup-d-etat-against-humanity\">strony kampanii DonorBox \u201e\u015awiatowy kryzys zwi\u0105zany z koron\u0105\u201d<\/a>&nbsp;firmy Global Research .&nbsp;<\/strong>Oryginalnym \u017ar\u00f3d\u0142em tego artyku\u0142u jest&nbsp;<\/p>\n\n\n\n<p><a href=\"https:\/\/makismd.substack.com\/p\/the-mask-cult-is-back-the-pandemic?utm_source=post-email-title&amp;publication_id=1385328&amp;post_id=136418737&amp;isFreemail=false&amp;utm_medium=email\" target=\"_blank\" rel=\"noreferrer noopener\">firma COVID Intel<\/a>Prawa autorskie \u00a9&nbsp;<\/p>\n\n\n\n<p><a href=\"https:\/\/www.globalresearch.ca\/author\/william-makis\">dr William Makis<\/a>&nbsp;,&nbsp;<\/p>\n\n\n\n<p><a href=\"https:\/\/makismd.substack.com\/p\/the-mask-cult-is-back-the-pandemic?utm_source=post-email-title&amp;publication_id=1385328&amp;post_id=136418737&amp;isFreemail=false&amp;utm_medium=email\" target=\"_blank\" rel=\"noreferrer noopener\">COVID Intel<\/a>\u00a0, 2023<\/p>\n\n\n\n<p>Link \u017ar\u00f3d\u0142owy <a href=\"https:\/\/www.globalresearch.ca\/mask-cult-back-pandemic-propaganda\/5830335\">https:\/\/www.globalresearch.ca\/mask-cult-back-pandemic-propaganda\/5830335<\/a><\/p>\n","protected":false},"excerpt":{"rendered":"<p>Kult maski powraca!\u00a0Propaganda pandemii zosta\u0142a rozp\u0119tana Strze\u017ccie si\u0119 zamaskowanych krzy\u017cowc\u00f3w! Naukowcy pchaj\u0105cy maski s\u0105 albo skorumpowani, niekompetentni, albo chorzy psychicznie Autor, dr William Makis Badania globalne, 28 sierpnia 2023 r COVID Intel,\u00a026 sierpnia 2023 r Big Pharma skompromitowa\u0142a skorumpowanych lekarzy,&#8230; <\/p>\n","protected":false},"author":2,"featured_media":4254,"comment_status":"open","ping_status":"open","sticky":false,"template":"","format":"standard","meta":{"_acf_changed":false,"_bbp_topic_count":0,"_bbp_reply_count":0,"_bbp_total_topic_count":0,"_bbp_total_reply_count":0,"_bbp_voice_count":0,"_bbp_anonymous_reply_count":0,"_bbp_topic_count_hidden":0,"_bbp_reply_count_hidden":0,"_bbp_forum_subforum_count":0,"om_disable_all_campaigns":false,"_monsterinsights_skip_tracking":false,"footnotes":""},"categories":[93],"tags":[],"class_list":["post-4253","post","type-post","status-publish","format-standard","has-post-thumbnail","hentry","category-artykuly"],"acf":[],"aioseo_notices":[],"aioseo_head":"\n\t\t<!-- All in One SEO 5.0.1.1 - aioseo.com -->\n\t<meta name=\"description\" content=\"Kult maski powraca! Propaganda pandemii zosta\u0142a rozp\u0119tana Strze\u017ccie si\u0119 zamaskowanych krzy\u017cowc\u00f3w! Naukowcy pchaj\u0105cy maski s\u0105 albo skorumpowani, niekompetentni, albo chorzy psychicznie Autor, dr William Makis Badania globalne, 28 sierpnia 2023 r COVID Intel, 26 sierpnia 2023 r Big Pharma skompromitowa\u0142a skorumpowanych lekarzy, a lekarze-aktywi\u015bci \u015bwiadcz\u0105cy o cnotach (studenci medycyny i mieszka\u0144cy, kt\u00f3rzy my\u015bl\u0105, \u017ce s\u0105 m\u0105drzejsi ni\u017c\" \/>\n\t<meta name=\"robots\" content=\"max-image-preview:large\" \/>\n\t<meta name=\"author\" content=\"trinity\"\/>\n\t<link rel=\"canonical\" href=\"https:\/\/wia.net.pl\/index.php\/2023\/08\/28\/kult-maski-powraca-propaganda-pandemii-rozpetana\/\" \/>\n\t<meta name=\"generator\" content=\"All in One SEO (AIOSEO) 5.0.1.1\" \/>\n\t\t<meta property=\"og:locale\" content=\"pl_PL\" \/>\n\t\t<meta property=\"og:site_name\" content=\"Wolno\u015b\u0107 i Anarchia - Ka\u017cdy wewn\u0119trznie jest anarchist\u0105.\" \/>\n\t\t<meta property=\"og:type\" content=\"article\" \/>\n\t\t<meta property=\"og:title\" content=\"Kult maski powraca! Propaganda pandemii rozp\u0119tana - Wolno\u015b\u0107 i Anarchia\" \/>\n\t\t<meta property=\"og:description\" content=\"Kult maski powraca! Propaganda pandemii zosta\u0142a rozp\u0119tana Strze\u017ccie si\u0119 zamaskowanych krzy\u017cowc\u00f3w! Naukowcy pchaj\u0105cy maski s\u0105 albo skorumpowani, niekompetentni, albo chorzy psychicznie Autor, dr William Makis Badania globalne, 28 sierpnia 2023 r COVID Intel, 26 sierpnia 2023 r Big Pharma skompromitowa\u0142a skorumpowanych lekarzy, a lekarze-aktywi\u015bci \u015bwiadcz\u0105cy o cnotach (studenci medycyny i mieszka\u0144cy, kt\u00f3rzy my\u015bl\u0105, \u017ce s\u0105 m\u0105drzejsi ni\u017c\" \/>\n\t\t<meta property=\"og:url\" content=\"https:\/\/wia.net.pl\/index.php\/2023\/08\/28\/kult-maski-powraca-propaganda-pandemii-rozpetana\/\" \/>\n\t\t<meta property=\"og:image\" content=\"https:\/\/wia.net.pl\/wp-content\/uploads\/2023\/11\/cropped-freedom-i73367.jpg\" \/>\n\t\t<meta property=\"og:image:secure_url\" content=\"https:\/\/wia.net.pl\/wp-content\/uploads\/2023\/11\/cropped-freedom-i73367.jpg\" \/>\n\t\t<meta property=\"article:published_time\" content=\"2023-08-28T08:38:57+00:00\" \/>\n\t\t<meta property=\"article:modified_time\" content=\"2023-08-28T08:38:57+00:00\" \/>\n\t\t<meta name=\"twitter:card\" content=\"summary_large_image\" \/>\n\t\t<meta name=\"twitter:title\" content=\"Kult maski powraca! Propaganda pandemii rozp\u0119tana - Wolno\u015b\u0107 i Anarchia\" \/>\n\t\t<meta name=\"twitter:description\" content=\"Kult maski powraca! Propaganda pandemii zosta\u0142a rozp\u0119tana Strze\u017ccie si\u0119 zamaskowanych krzy\u017cowc\u00f3w! Naukowcy pchaj\u0105cy maski s\u0105 albo skorumpowani, niekompetentni, albo chorzy psychicznie Autor, dr William Makis Badania globalne, 28 sierpnia 2023 r COVID Intel, 26 sierpnia 2023 r Big Pharma skompromitowa\u0142a skorumpowanych lekarzy, a lekarze-aktywi\u015bci \u015bwiadcz\u0105cy o cnotach (studenci medycyny i mieszka\u0144cy, kt\u00f3rzy my\u015bl\u0105, \u017ce s\u0105 m\u0105drzejsi ni\u017c\" \/>\n\t\t<meta name=\"twitter:image\" content=\"https:\/\/wia.net.pl\/wp-content\/uploads\/2023\/11\/cropped-freedom-i73367.jpg\" \/>\n\t\t<script type=\"application\/ld+json\" class=\"aioseo-schema\">\n\t\t\t{\"@context\":\"https:\\\/\\\/schema.org\",\"@graph\":[{\"@type\":\"BlogPosting\",\"@id\":\"https:\\\/\\\/wia.net.pl\\\/index.php\\\/2023\\\/08\\\/28\\\/kult-maski-powraca-propaganda-pandemii-rozpetana\\\/#blogposting\",\"name\":\"Kult maski powraca! Propaganda pandemii rozp\\u0119tana - Wolno\\u015b\\u0107 i Anarchia\",\"headline\":\"Kult maski powraca!\\u00a0Propaganda pandemii rozp\\u0119tana\",\"author\":{\"@id\":\"https:\\\/\\\/wia.net.pl\\\/index.php\\\/author\\\/trinity\\\/#author\"},\"publisher\":{\"@id\":\"https:\\\/\\\/wia.net.pl\\\/#person\"},\"image\":{\"@type\":\"ImageObject\",\"url\":\"https:\\\/\\\/wia.net.pl\\\/wp-content\\\/uploads\\\/2023\\\/08\\\/hand-disinfection-4954840_1280.jpg\",\"width\":1280,\"height\":853},\"datePublished\":\"2023-08-28T10:38:57+02:00\",\"dateModified\":\"2023-08-28T10:38:57+02:00\",\"inLanguage\":\"pl-PL\",\"mainEntityOfPage\":{\"@id\":\"https:\\\/\\\/wia.net.pl\\\/index.php\\\/2023\\\/08\\\/28\\\/kult-maski-powraca-propaganda-pandemii-rozpetana\\\/#webpage\"},\"isPartOf\":{\"@id\":\"https:\\\/\\\/wia.net.pl\\\/index.php\\\/2023\\\/08\\\/28\\\/kult-maski-powraca-propaganda-pandemii-rozpetana\\\/#webpage\"},\"articleSection\":\"Artyku\\u0142y\"},{\"@type\":\"BreadcrumbList\",\"@id\":\"https:\\\/\\\/wia.net.pl\\\/index.php\\\/2023\\\/08\\\/28\\\/kult-maski-powraca-propaganda-pandemii-rozpetana\\\/#breadcrumblist\",\"itemListElement\":[{\"@type\":\"ListItem\",\"@id\":\"https:\\\/\\\/wia.net.pl#listItem\",\"position\":1,\"name\":\"Home\",\"item\":\"https:\\\/\\\/wia.net.pl\",\"nextItem\":{\"@type\":\"ListItem\",\"@id\":\"https:\\\/\\\/wia.net.pl\\\/index.php\\\/category\\\/artykuly\\\/#listItem\",\"name\":\"Artyku\\u0142y\"}},{\"@type\":\"ListItem\",\"@id\":\"https:\\\/\\\/wia.net.pl\\\/index.php\\\/category\\\/artykuly\\\/#listItem\",\"position\":2,\"name\":\"Artyku\\u0142y\",\"item\":\"https:\\\/\\\/wia.net.pl\\\/index.php\\\/category\\\/artykuly\\\/\",\"nextItem\":{\"@type\":\"ListItem\",\"@id\":\"https:\\\/\\\/wia.net.pl\\\/index.php\\\/2023\\\/08\\\/28\\\/kult-maski-powraca-propaganda-pandemii-rozpetana\\\/#listItem\",\"name\":\"Kult maski powraca!\\u00a0Propaganda pandemii rozp\\u0119tana\"},\"previousItem\":{\"@type\":\"ListItem\",\"@id\":\"https:\\\/\\\/wia.net.pl#listItem\",\"name\":\"Home\"}},{\"@type\":\"ListItem\",\"@id\":\"https:\\\/\\\/wia.net.pl\\\/index.php\\\/2023\\\/08\\\/28\\\/kult-maski-powraca-propaganda-pandemii-rozpetana\\\/#listItem\",\"position\":3,\"name\":\"Kult maski powraca!\\u00a0Propaganda pandemii rozp\\u0119tana\",\"previousItem\":{\"@type\":\"ListItem\",\"@id\":\"https:\\\/\\\/wia.net.pl\\\/index.php\\\/category\\\/artykuly\\\/#listItem\",\"name\":\"Artyku\\u0142y\"}}]},{\"@type\":\"Person\",\"@id\":\"https:\\\/\\\/wia.net.pl\\\/#person\",\"name\":\"Bart\\u0142omiej Talarczyk\",\"image\":{\"@type\":\"ImageObject\",\"@id\":\"https:\\\/\\\/wia.net.pl\\\/index.php\\\/2023\\\/08\\\/28\\\/kult-maski-powraca-propaganda-pandemii-rozpetana\\\/#personImage\",\"url\":\"https:\\\/\\\/wia.net.pl\\\/wp-content\\\/uploads\\\/avatar-privacy\\\/cache\\\/user\\\/1\\\/7\\\/176a6b161c58363ff49b5c167264231f519f5c7fa183ca1f61e891769b6b56d5-96.jpg\",\"width\":96,\"height\":96,\"caption\":\"Bart\\u0142omiej Talarczyk\"}},{\"@type\":\"Person\",\"@id\":\"https:\\\/\\\/wia.net.pl\\\/index.php\\\/author\\\/trinity\\\/#author\",\"url\":\"https:\\\/\\\/wia.net.pl\\\/index.php\\\/author\\\/trinity\\\/\",\"name\":\"trinity\",\"image\":{\"@type\":\"ImageObject\",\"@id\":\"https:\\\/\\\/wia.net.pl\\\/index.php\\\/2023\\\/08\\\/28\\\/kult-maski-powraca-propaganda-pandemii-rozpetana\\\/#authorImage\",\"url\":\"https:\\\/\\\/wia.net.pl\\\/wp-content\\\/uploads\\\/avatar-privacy\\\/cache\\\/user\\\/5\\\/f\\\/5f6547cf82495eaa10e100a6a45d5dbde2dfdc1be88557de2018fca705bdf6f1-96.jpg\",\"width\":96,\"height\":96,\"caption\":\"trinity\"}},{\"@type\":\"WebPage\",\"@id\":\"https:\\\/\\\/wia.net.pl\\\/index.php\\\/2023\\\/08\\\/28\\\/kult-maski-powraca-propaganda-pandemii-rozpetana\\\/#webpage\",\"url\":\"https:\\\/\\\/wia.net.pl\\\/index.php\\\/2023\\\/08\\\/28\\\/kult-maski-powraca-propaganda-pandemii-rozpetana\\\/\",\"name\":\"Kult maski powraca! Propaganda pandemii rozp\\u0119tana - Wolno\\u015b\\u0107 i Anarchia\",\"description\":\"Kult maski powraca! Propaganda pandemii zosta\\u0142a rozp\\u0119tana Strze\\u017ccie si\\u0119 zamaskowanych krzy\\u017cowc\\u00f3w! Naukowcy pchaj\\u0105cy maski s\\u0105 albo skorumpowani, niekompetentni, albo chorzy psychicznie Autor, dr William Makis Badania globalne, 28 sierpnia 2023 r COVID Intel, 26 sierpnia 2023 r Big Pharma skompromitowa\\u0142a skorumpowanych lekarzy, a lekarze-aktywi\\u015bci \\u015bwiadcz\\u0105cy o cnotach (studenci medycyny i mieszka\\u0144cy, kt\\u00f3rzy my\\u015bl\\u0105, \\u017ce s\\u0105 m\\u0105drzejsi ni\\u017c\",\"inLanguage\":\"pl-PL\",\"isPartOf\":{\"@id\":\"https:\\\/\\\/wia.net.pl\\\/#website\"},\"breadcrumb\":{\"@id\":\"https:\\\/\\\/wia.net.pl\\\/index.php\\\/2023\\\/08\\\/28\\\/kult-maski-powraca-propaganda-pandemii-rozpetana\\\/#breadcrumblist\"},\"author\":{\"@id\":\"https:\\\/\\\/wia.net.pl\\\/index.php\\\/author\\\/trinity\\\/#author\"},\"creator\":{\"@id\":\"https:\\\/\\\/wia.net.pl\\\/index.php\\\/author\\\/trinity\\\/#author\"},\"image\":{\"@type\":\"ImageObject\",\"url\":\"https:\\\/\\\/wia.net.pl\\\/wp-content\\\/uploads\\\/2023\\\/08\\\/hand-disinfection-4954840_1280.jpg\",\"@id\":\"https:\\\/\\\/wia.net.pl\\\/index.php\\\/2023\\\/08\\\/28\\\/kult-maski-powraca-propaganda-pandemii-rozpetana\\\/#mainImage\",\"width\":1280,\"height\":853},\"primaryImageOfPage\":{\"@id\":\"https:\\\/\\\/wia.net.pl\\\/index.php\\\/2023\\\/08\\\/28\\\/kult-maski-powraca-propaganda-pandemii-rozpetana\\\/#mainImage\"},\"datePublished\":\"2023-08-28T10:38:57+02:00\",\"dateModified\":\"2023-08-28T10:38:57+02:00\"},{\"@type\":\"WebSite\",\"@id\":\"https:\\\/\\\/wia.net.pl\\\/#website\",\"url\":\"https:\\\/\\\/wia.net.pl\\\/\",\"name\":\"Wolno\\u015b\\u0107 i Anarchia\",\"description\":\"Ka\\u017cdy wewn\\u0119trznie jest anarchist\\u0105.\",\"inLanguage\":\"pl-PL\",\"publisher\":{\"@id\":\"https:\\\/\\\/wia.net.pl\\\/#person\"}}]}\n\t\t<\/script>\n\t\t<!-- All in One SEO -->\n\n","aioseo_head_json":{"title":"Kult maski powraca! Propaganda pandemii rozp\u0119tana - Wolno\u015b\u0107 i Anarchia","description":"Kult maski powraca! Propaganda pandemii zosta\u0142a rozp\u0119tana Strze\u017ccie si\u0119 zamaskowanych krzy\u017cowc\u00f3w! Naukowcy pchaj\u0105cy maski s\u0105 albo skorumpowani, niekompetentni, albo chorzy psychicznie Autor, dr William Makis Badania globalne, 28 sierpnia 2023 r COVID Intel, 26 sierpnia 2023 r Big Pharma skompromitowa\u0142a skorumpowanych lekarzy, a lekarze-aktywi\u015bci \u015bwiadcz\u0105cy o cnotach (studenci medycyny i mieszka\u0144cy, kt\u00f3rzy my\u015bl\u0105, \u017ce s\u0105 m\u0105drzejsi ni\u017c","canonical_url":"https:\/\/wia.net.pl\/index.php\/2023\/08\/28\/kult-maski-powraca-propaganda-pandemii-rozpetana\/","robots":"max-image-preview:large","keywords":"","webmasterTools":{"miscellaneous":""},"schema":{"@context":"https:\/\/schema.org","@graph":[{"@type":"BlogPosting","@id":"https:\/\/wia.net.pl\/index.php\/2023\/08\/28\/kult-maski-powraca-propaganda-pandemii-rozpetana\/#blogposting","name":"Kult maski powraca! Propaganda pandemii rozp\u0119tana - Wolno\u015b\u0107 i Anarchia","headline":"Kult maski powraca!\u00a0Propaganda pandemii rozp\u0119tana","author":{"@id":"https:\/\/wia.net.pl\/index.php\/author\/trinity\/#author"},"publisher":{"@id":"https:\/\/wia.net.pl\/#person"},"image":{"@type":"ImageObject","url":"https:\/\/wia.net.pl\/wp-content\/uploads\/2023\/08\/hand-disinfection-4954840_1280.jpg","width":1280,"height":853},"datePublished":"2023-08-28T10:38:57+02:00","dateModified":"2023-08-28T10:38:57+02:00","inLanguage":"pl-PL","mainEntityOfPage":{"@id":"https:\/\/wia.net.pl\/index.php\/2023\/08\/28\/kult-maski-powraca-propaganda-pandemii-rozpetana\/#webpage"},"isPartOf":{"@id":"https:\/\/wia.net.pl\/index.php\/2023\/08\/28\/kult-maski-powraca-propaganda-pandemii-rozpetana\/#webpage"},"articleSection":"Artyku\u0142y"},{"@type":"BreadcrumbList","@id":"https:\/\/wia.net.pl\/index.php\/2023\/08\/28\/kult-maski-powraca-propaganda-pandemii-rozpetana\/#breadcrumblist","itemListElement":[{"@type":"ListItem","@id":"https:\/\/wia.net.pl#listItem","position":1,"name":"Home","item":"https:\/\/wia.net.pl","nextItem":{"@type":"ListItem","@id":"https:\/\/wia.net.pl\/index.php\/category\/artykuly\/#listItem","name":"Artyku\u0142y"}},{"@type":"ListItem","@id":"https:\/\/wia.net.pl\/index.php\/category\/artykuly\/#listItem","position":2,"name":"Artyku\u0142y","item":"https:\/\/wia.net.pl\/index.php\/category\/artykuly\/","nextItem":{"@type":"ListItem","@id":"https:\/\/wia.net.pl\/index.php\/2023\/08\/28\/kult-maski-powraca-propaganda-pandemii-rozpetana\/#listItem","name":"Kult maski powraca!\u00a0Propaganda pandemii rozp\u0119tana"},"previousItem":{"@type":"ListItem","@id":"https:\/\/wia.net.pl#listItem","name":"Home"}},{"@type":"ListItem","@id":"https:\/\/wia.net.pl\/index.php\/2023\/08\/28\/kult-maski-powraca-propaganda-pandemii-rozpetana\/#listItem","position":3,"name":"Kult maski powraca!\u00a0Propaganda pandemii rozp\u0119tana","previousItem":{"@type":"ListItem","@id":"https:\/\/wia.net.pl\/index.php\/category\/artykuly\/#listItem","name":"Artyku\u0142y"}}]},{"@type":"Person","@id":"https:\/\/wia.net.pl\/#person","name":"Bart\u0142omiej Talarczyk","image":{"@type":"ImageObject","@id":"https:\/\/wia.net.pl\/index.php\/2023\/08\/28\/kult-maski-powraca-propaganda-pandemii-rozpetana\/#personImage","url":"https:\/\/wia.net.pl\/wp-content\/uploads\/avatar-privacy\/cache\/user\/1\/7\/176a6b161c58363ff49b5c167264231f519f5c7fa183ca1f61e891769b6b56d5-96.jpg","width":96,"height":96,"caption":"Bart\u0142omiej Talarczyk"}},{"@type":"Person","@id":"https:\/\/wia.net.pl\/index.php\/author\/trinity\/#author","url":"https:\/\/wia.net.pl\/index.php\/author\/trinity\/","name":"trinity","image":{"@type":"ImageObject","@id":"https:\/\/wia.net.pl\/index.php\/2023\/08\/28\/kult-maski-powraca-propaganda-pandemii-rozpetana\/#authorImage","url":"https:\/\/wia.net.pl\/wp-content\/uploads\/avatar-privacy\/cache\/user\/5\/f\/5f6547cf82495eaa10e100a6a45d5dbde2dfdc1be88557de2018fca705bdf6f1-96.jpg","width":96,"height":96,"caption":"trinity"}},{"@type":"WebPage","@id":"https:\/\/wia.net.pl\/index.php\/2023\/08\/28\/kult-maski-powraca-propaganda-pandemii-rozpetana\/#webpage","url":"https:\/\/wia.net.pl\/index.php\/2023\/08\/28\/kult-maski-powraca-propaganda-pandemii-rozpetana\/","name":"Kult maski powraca! Propaganda pandemii rozp\u0119tana - Wolno\u015b\u0107 i Anarchia","description":"Kult maski powraca! Propaganda pandemii zosta\u0142a rozp\u0119tana Strze\u017ccie si\u0119 zamaskowanych krzy\u017cowc\u00f3w! Naukowcy pchaj\u0105cy maski s\u0105 albo skorumpowani, niekompetentni, albo chorzy psychicznie Autor, dr William Makis Badania globalne, 28 sierpnia 2023 r COVID Intel, 26 sierpnia 2023 r Big Pharma skompromitowa\u0142a skorumpowanych lekarzy, a lekarze-aktywi\u015bci \u015bwiadcz\u0105cy o cnotach (studenci medycyny i mieszka\u0144cy, kt\u00f3rzy my\u015bl\u0105, \u017ce s\u0105 m\u0105drzejsi ni\u017c","inLanguage":"pl-PL","isPartOf":{"@id":"https:\/\/wia.net.pl\/#website"},"breadcrumb":{"@id":"https:\/\/wia.net.pl\/index.php\/2023\/08\/28\/kult-maski-powraca-propaganda-pandemii-rozpetana\/#breadcrumblist"},"author":{"@id":"https:\/\/wia.net.pl\/index.php\/author\/trinity\/#author"},"creator":{"@id":"https:\/\/wia.net.pl\/index.php\/author\/trinity\/#author"},"image":{"@type":"ImageObject","url":"https:\/\/wia.net.pl\/wp-content\/uploads\/2023\/08\/hand-disinfection-4954840_1280.jpg","@id":"https:\/\/wia.net.pl\/index.php\/2023\/08\/28\/kult-maski-powraca-propaganda-pandemii-rozpetana\/#mainImage","width":1280,"height":853},"primaryImageOfPage":{"@id":"https:\/\/wia.net.pl\/index.php\/2023\/08\/28\/kult-maski-powraca-propaganda-pandemii-rozpetana\/#mainImage"},"datePublished":"2023-08-28T10:38:57+02:00","dateModified":"2023-08-28T10:38:57+02:00"},{"@type":"WebSite","@id":"https:\/\/wia.net.pl\/#website","url":"https:\/\/wia.net.pl\/","name":"Wolno\u015b\u0107 i Anarchia","description":"Ka\u017cdy wewn\u0119trznie jest anarchist\u0105.","inLanguage":"pl-PL","publisher":{"@id":"https:\/\/wia.net.pl\/#person"}}]},"og:locale":"pl_PL","og:site_name":"Wolno\u015b\u0107 i Anarchia - Ka\u017cdy wewn\u0119trznie jest anarchist\u0105.","og:type":"article","og:title":"Kult maski powraca! Propaganda pandemii rozp\u0119tana - Wolno\u015b\u0107 i Anarchia","og:description":"Kult maski powraca! Propaganda pandemii zosta\u0142a rozp\u0119tana Strze\u017ccie si\u0119 zamaskowanych krzy\u017cowc\u00f3w! Naukowcy pchaj\u0105cy maski s\u0105 albo skorumpowani, niekompetentni, albo chorzy psychicznie Autor, dr William Makis Badania globalne, 28 sierpnia 2023 r COVID Intel, 26 sierpnia 2023 r Big Pharma skompromitowa\u0142a skorumpowanych lekarzy, a lekarze-aktywi\u015bci \u015bwiadcz\u0105cy o cnotach (studenci medycyny i mieszka\u0144cy, kt\u00f3rzy my\u015bl\u0105, \u017ce s\u0105 m\u0105drzejsi ni\u017c","og:url":"https:\/\/wia.net.pl\/index.php\/2023\/08\/28\/kult-maski-powraca-propaganda-pandemii-rozpetana\/","og:image":"https:\/\/wia.net.pl\/wp-content\/uploads\/2023\/11\/cropped-freedom-i73367.jpg","og:image:secure_url":"https:\/\/wia.net.pl\/wp-content\/uploads\/2023\/11\/cropped-freedom-i73367.jpg","article:published_time":"2023-08-28T08:38:57+00:00","article:modified_time":"2023-08-28T08:38:57+00:00","twitter:card":"summary_large_image","twitter:title":"Kult maski powraca! Propaganda pandemii rozp\u0119tana - Wolno\u015b\u0107 i Anarchia","twitter:description":"Kult maski powraca! Propaganda pandemii zosta\u0142a rozp\u0119tana Strze\u017ccie si\u0119 zamaskowanych krzy\u017cowc\u00f3w! Naukowcy pchaj\u0105cy maski s\u0105 albo skorumpowani, niekompetentni, albo chorzy psychicznie Autor, dr William Makis Badania globalne, 28 sierpnia 2023 r COVID Intel, 26 sierpnia 2023 r Big Pharma skompromitowa\u0142a skorumpowanych lekarzy, a lekarze-aktywi\u015bci \u015bwiadcz\u0105cy o cnotach (studenci medycyny i mieszka\u0144cy, kt\u00f3rzy my\u015bl\u0105, \u017ce s\u0105 m\u0105drzejsi ni\u017c","twitter:image":"https:\/\/wia.net.pl\/wp-content\/uploads\/2023\/11\/cropped-freedom-i73367.jpg"},"aioseo_meta_data":{"post_id":"4253","title":null,"description":null,"keywords":[],"keyphrases":{"focus":{"keyphrase":"","score":0,"analysis":{"keyphraseInTitle":{"score":0,"maxScore":9,"error":1}}},"additional":[]},"primary_term":null,"canonical_url":null,"og_title":null,"og_description":null,"og_object_type":"default","og_image_type":"default","og_image_url":null,"og_image_width":null,"og_image_height":null,"og_image_custom_url":null,"og_image_custom_fields":null,"og_video":"","og_custom_url":null,"og_article_section":null,"og_article_tags":[],"twitter_use_og":false,"twitter_card":"default","twitter_image_type":"default","twitter_image_url":null,"twitter_image_custom_url":null,"twitter_image_custom_fields":null,"twitter_title":null,"twitter_description":null,"schema":{"blockGraphs":[],"customGraphs":[],"default":{"data":{"Article":[],"Course":[],"Dataset":[],"FAQPage":[],"Movie":[],"Person":[],"Product":[],"ProductReview":[],"Car":[],"Recipe":[],"Service":[],"SoftwareApplication":[],"WebPage":[]},"graphName":"BlogPosting","isEnabled":true},"graphs":[]},"schema_type":"default","schema_type_options":null,"pillar_content":false,"robots_default":true,"robots_noindex":false,"robots_noarchive":false,"robots_nosnippet":false,"robots_nofollow":false,"robots_noimageindex":false,"robots_noodp":false,"robots_notranslate":false,"robots_max_snippet":"-1","robots_max_videopreview":"-1","robots_max_imagepreview":"large","priority":null,"frequency":"default","local_seo":null,"breadcrumb_settings":null,"limit_modified_date":false,"ai":null,"created":"2023-08-28 08:38:57","updated":"2025-06-04 09:10:38","seo_analyzer_scan_date":null,"focus_keyword":null,"additional_keywords":null,"truseo_locale":null},"aioseo_breadcrumb":"<div class=\"aioseo-breadcrumbs\"><span class=\"aioseo-breadcrumb\">\n\t\t\t<a href=\"https:\/\/wia.net.pl\" title=\"Home\">Home<\/a>\n\t\t<\/span><span class=\"aioseo-breadcrumb-separator\">&raquo;<\/span><span class=\"aioseo-breadcrumb\">\n\t\t\t<a href=\"https:\/\/wia.net.pl\/index.php\/category\/artykuly\/\" title=\"Artyku\u0142y\">Artyku\u0142y<\/a>\n\t\t<\/span><span class=\"aioseo-breadcrumb-separator\">&raquo;<\/span><span class=\"aioseo-breadcrumb\">\n\t\t\tKult maski powraca! Propaganda pandemii rozp\u0119tana\n\t\t<\/span><\/div>","aioseo_breadcrumb_json":[{"label":"Home","link":"https:\/\/wia.net.pl"},{"label":"Artyku\u0142y","link":"https:\/\/wia.net.pl\/index.php\/category\/artykuly\/"},{"label":"Kult maski powraca!\u00a0Propaganda pandemii rozp\u0119tana","link":"https:\/\/wia.net.pl\/index.php\/2023\/08\/28\/kult-maski-powraca-propaganda-pandemii-rozpetana\/"}],"_links":{"self":[{"href":"https:\/\/wia.net.pl\/index.php\/wp-json\/wp\/v2\/posts\/4253"}],"collection":[{"href":"https:\/\/wia.net.pl\/index.php\/wp-json\/wp\/v2\/posts"}],"about":[{"href":"https:\/\/wia.net.pl\/index.php\/wp-json\/wp\/v2\/types\/post"}],"author":[{"embeddable":true,"href":"https:\/\/wia.net.pl\/index.php\/wp-json\/wp\/v2\/users\/2"}],"replies":[{"embeddable":true,"href":"https:\/\/wia.net.pl\/index.php\/wp-json\/wp\/v2\/comments?post=4253"}],"version-history":[{"count":1,"href":"https:\/\/wia.net.pl\/index.php\/wp-json\/wp\/v2\/posts\/4253\/revisions"}],"predecessor-version":[{"id":4255,"href":"https:\/\/wia.net.pl\/index.php\/wp-json\/wp\/v2\/posts\/4253\/revisions\/4255"}],"wp:featuredmedia":[{"embeddable":true,"href":"https:\/\/wia.net.pl\/index.php\/wp-json\/wp\/v2\/media\/4254"}],"wp:attachment":[{"href":"https:\/\/wia.net.pl\/index.php\/wp-json\/wp\/v2\/media?parent=4253"}],"wp:term":[{"taxonomy":"category","embeddable":true,"href":"https:\/\/wia.net.pl\/index.php\/wp-json\/wp\/v2\/categories?post=4253"},{"taxonomy":"post_tag","embeddable":true,"href":"https:\/\/wia.net.pl\/index.php\/wp-json\/wp\/v2\/tags?post=4253"}],"curies":[{"name":"wp","href":"https:\/\/api.w.org\/{rel}","templated":true}]}}