{"id":4265,"date":"2023-08-29T17:19:34","date_gmt":"2023-08-29T15:19:34","guid":{"rendered":"https:\/\/wia.net.pl\/?p=4265"},"modified":"2023-08-29T17:19:34","modified_gmt":"2023-08-29T15:19:34","slug":"sladem-aryjczykow-krolestwo-mali","status":"publish","type":"post","link":"https:\/\/wia.net.pl\/index.php\/2023\/08\/29\/sladem-aryjczykow-krolestwo-mali\/","title":{"rendered":"\u015aladem Aryjczyk\u00f3w &#8211; kr\u00f3lestwo Mali"},"content":{"rendered":"\n<p>Mansa Musa by\u0142 najs\u0142ynniejszym w\u0142adc\u0105 Imperium Mali, kt\u00f3re w szczytowym okresie swojej pot\u0119gi rozci\u0105ga\u0142o si\u0119 od wybrze\u017ca Atlantyku po centraln\u0105 cz\u0119\u015b\u0107 Sahary. Uwa\u017cany za jednego z najbogatszych ludzi, jacy kiedykolwiek \u017cyli, jaka jest prawdziwa historia jego afryka\u0144skiego kr\u00f3lestwa?<\/p>\n\n\n\n<p>\u0179R\u00d3D\u0141O:<br>Kana\u0142 Atlantean gardens \u2013\u00a0<a href=\"https:\/\/www.youtube.com\/c\/AtlanteangardensOrg\" target=\"_blank\" rel=\"noreferrer noopener\">https:\/\/www.youtube.com\/c\/AtlanteangardensOrg<\/a><br>Kana\u0142 Robert Sepehr \u2013\u00a0<a href=\"https:\/\/www.youtube.com\/user\/818encino\" target=\"_blank\" rel=\"noreferrer noopener\">https:\/\/www.youtube.com\/user\/818encino<\/a><\/p>\n\n\n\n<figure class=\"wp-block-video\"><video controls src=\"https:\/\/wia.net.pl\/wp-content\/uploads\/2023\/08\/Robert-Sepehr-Sladem-aryjczykow-imperium-Mali.mp4\"><\/video><\/figure>\n","protected":false},"excerpt":{"rendered":"<p>Mansa Musa by\u0142 najs\u0142ynniejszym w\u0142adc\u0105 Imperium Mali, kt\u00f3re w szczytowym okresie swojej pot\u0119gi rozci\u0105ga\u0142o si\u0119 od wybrze\u017ca Atlantyku po centraln\u0105 cz\u0119\u015b\u0107 Sahary. Uwa\u017cany za jednego z najbogatszych ludzi, jacy kiedykolwiek \u017cyli, jaka jest prawdziwa historia jego afryka\u0144skiego kr\u00f3lestwa? \u0179R\u00d3D\u0141O:Kana\u0142 Atlantean&#8230; <\/p>\n","protected":false},"author":3,"featured_media":4266,"comment_status":"open","ping_status":"open","sticky":false,"template":"","format":"standard","meta":{"_acf_changed":false,"_bbp_topic_count":0,"_bbp_reply_count":0,"_bbp_total_topic_count":0,"_bbp_total_reply_count":0,"_bbp_voice_count":0,"_bbp_anonymous_reply_count":0,"_bbp_topic_count_hidden":0,"_bbp_reply_count_hidden":0,"_bbp_forum_subforum_count":0,"om_disable_all_campaigns":false,"_monsterinsights_skip_tracking":false,"footnotes":""},"categories":[11],"tags":[68,63,42,71,26,23,32,22,70,62],"class_list":["post-4265","post","type-post","status-publish","format-standard","has-post-thumbnail","hentry","category-antropologia","tag-cesarstwo-rzymskie","tag-historia-ziemi","tag-illuminati","tag-kosciol-katolicki","tag-ludzkosc","tag-niewolnictwo","tag-rzad","tag-satanizm","tag-tajne-stowarzyszenia","tag-wszechswiat"],"acf":[],"aioseo_notices":[],"aioseo_head":"\n\t\t<!-- All in One SEO 5.0.1.1 - aioseo.com -->\n\t<meta name=\"description\" content=\"Mansa Musa by\u0142 najs\u0142ynniejszym w\u0142adc\u0105 Imperium Mali, kt\u00f3re w szczytowym okresie swojej pot\u0119gi rozci\u0105ga\u0142o si\u0119 od wybrze\u017ca Atlantyku po centraln\u0105 cz\u0119\u015b\u0107 Sahary. Uwa\u017cany za jednego z najbogatszych ludzi, jacy kiedykolwiek \u017cyli, jaka jest prawdziwa historia jego afryka\u0144skiego kr\u00f3lestwa? \u0179R\u00d3D\u0141O:Kana\u0142 Atlantean gardens \u2013 https:\/\/www.youtube.com\/c\/AtlanteangardensOrgKana\u0142 Robert Sepehr \u2013 https:\/\/www.youtube.com\/user\/818encino\" \/>\n\t<meta name=\"robots\" content=\"max-image-preview:large\" \/>\n\t<meta name=\"author\" content=\"Bart\u0142omiej Talarczyk\"\/>\n\t<link rel=\"canonical\" href=\"https:\/\/wia.net.pl\/index.php\/2023\/08\/29\/sladem-aryjczykow-krolestwo-mali\/\" \/>\n\t<meta name=\"generator\" content=\"All in One SEO (AIOSEO) 5.0.1.1\" \/>\n\t\t<meta property=\"og:locale\" content=\"pl_PL\" \/>\n\t\t<meta property=\"og:site_name\" content=\"Wolno\u015b\u0107 i Anarchia - Ka\u017cdy wewn\u0119trznie jest anarchist\u0105.\" \/>\n\t\t<meta property=\"og:type\" content=\"article\" \/>\n\t\t<meta property=\"og:title\" content=\"\u015aladem Aryjczyk\u00f3w \u2013 kr\u00f3lestwo Mali - Wolno\u015b\u0107 i Anarchia\" \/>\n\t\t<meta property=\"og:description\" content=\"Mansa Musa by\u0142 najs\u0142ynniejszym w\u0142adc\u0105 Imperium Mali, kt\u00f3re w szczytowym okresie swojej pot\u0119gi rozci\u0105ga\u0142o si\u0119 od wybrze\u017ca Atlantyku po centraln\u0105 cz\u0119\u015b\u0107 Sahary. Uwa\u017cany za jednego z najbogatszych ludzi, jacy kiedykolwiek \u017cyli, jaka jest prawdziwa historia jego afryka\u0144skiego kr\u00f3lestwa? \u0179R\u00d3D\u0141O:Kana\u0142 Atlantean gardens \u2013 https:\/\/www.youtube.com\/c\/AtlanteangardensOrgKana\u0142 Robert Sepehr \u2013 https:\/\/www.youtube.com\/user\/818encino\" \/>\n\t\t<meta property=\"og:url\" content=\"https:\/\/wia.net.pl\/index.php\/2023\/08\/29\/sladem-aryjczykow-krolestwo-mali\/\" \/>\n\t\t<meta property=\"og:image\" content=\"https:\/\/wia.net.pl\/wp-content\/uploads\/2023\/11\/cropped-freedom-i73367.jpg\" \/>\n\t\t<meta property=\"og:image:secure_url\" content=\"https:\/\/wia.net.pl\/wp-content\/uploads\/2023\/11\/cropped-freedom-i73367.jpg\" \/>\n\t\t<meta property=\"article:published_time\" content=\"2023-08-29T15:19:34+00:00\" \/>\n\t\t<meta property=\"article:modified_time\" content=\"2023-08-29T15:19:34+00:00\" \/>\n\t\t<meta name=\"twitter:card\" content=\"summary_large_image\" \/>\n\t\t<meta name=\"twitter:title\" content=\"\u015aladem Aryjczyk\u00f3w \u2013 kr\u00f3lestwo Mali - Wolno\u015b\u0107 i Anarchia\" \/>\n\t\t<meta name=\"twitter:description\" content=\"Mansa Musa by\u0142 najs\u0142ynniejszym w\u0142adc\u0105 Imperium Mali, kt\u00f3re w szczytowym okresie swojej pot\u0119gi rozci\u0105ga\u0142o si\u0119 od wybrze\u017ca Atlantyku po centraln\u0105 cz\u0119\u015b\u0107 Sahary. Uwa\u017cany za jednego z najbogatszych ludzi, jacy kiedykolwiek \u017cyli, jaka jest prawdziwa historia jego afryka\u0144skiego kr\u00f3lestwa? \u0179R\u00d3D\u0141O:Kana\u0142 Atlantean gardens \u2013 https:\/\/www.youtube.com\/c\/AtlanteangardensOrgKana\u0142 Robert Sepehr \u2013 https:\/\/www.youtube.com\/user\/818encino\" \/>\n\t\t<meta name=\"twitter:image\" content=\"https:\/\/wia.net.pl\/wp-content\/uploads\/2023\/11\/cropped-freedom-i73367.jpg\" \/>\n\t\t<script type=\"application\/ld+json\" class=\"aioseo-schema\">\n\t\t\t{\"@context\":\"https:\\\/\\\/schema.org\",\"@graph\":[{\"@type\":\"BlogPosting\",\"@id\":\"https:\\\/\\\/wia.net.pl\\\/index.php\\\/2023\\\/08\\\/29\\\/sladem-aryjczykow-krolestwo-mali\\\/#blogposting\",\"name\":\"\\u015aladem Aryjczyk\\u00f3w \\u2013 kr\\u00f3lestwo Mali - Wolno\\u015b\\u0107 i Anarchia\",\"headline\":\"\\u015aladem Aryjczyk\\u00f3w &#8211; kr\\u00f3lestwo Mali\",\"author\":{\"@id\":\"https:\\\/\\\/wia.net.pl\\\/index.php\\\/author\\\/talar\\\/#author\"},\"publisher\":{\"@id\":\"https:\\\/\\\/wia.net.pl\\\/#person\"},\"image\":{\"@type\":\"ImageObject\",\"url\":\"https:\\\/\\\/wia.net.pl\\\/wp-content\\\/uploads\\\/2023\\\/08\\\/Sladem-Aryjczykow-krolestwo-mali.jpg\",\"width\":1920,\"height\":1080},\"datePublished\":\"2023-08-29T17:19:34+02:00\",\"dateModified\":\"2023-08-29T17:19:34+02:00\",\"inLanguage\":\"pl-PL\",\"mainEntityOfPage\":{\"@id\":\"https:\\\/\\\/wia.net.pl\\\/index.php\\\/2023\\\/08\\\/29\\\/sladem-aryjczykow-krolestwo-mali\\\/#webpage\"},\"isPartOf\":{\"@id\":\"https:\\\/\\\/wia.net.pl\\\/index.php\\\/2023\\\/08\\\/29\\\/sladem-aryjczykow-krolestwo-mali\\\/#webpage\"},\"articleSection\":\"Antropologia, Cesarstwo Rzymskie, Historia ziemi, Illuminati, Ko\\u015bci\\u00f3\\u0142 katolicki, Ludzko\\u015b\\u0107, Niewolnictwo, Rz\\u0105d, Satanizm, Tajne stowarzyszenia, Wszech\\u015bwiat\"},{\"@type\":\"BreadcrumbList\",\"@id\":\"https:\\\/\\\/wia.net.pl\\\/index.php\\\/2023\\\/08\\\/29\\\/sladem-aryjczykow-krolestwo-mali\\\/#breadcrumblist\",\"itemListElement\":[{\"@type\":\"ListItem\",\"@id\":\"https:\\\/\\\/wia.net.pl#listItem\",\"position\":1,\"name\":\"Home\",\"item\":\"https:\\\/\\\/wia.net.pl\",\"nextItem\":{\"@type\":\"ListItem\",\"@id\":\"https:\\\/\\\/wia.net.pl\\\/index.php\\\/category\\\/antropologia\\\/#listItem\",\"name\":\"Antropologia\"}},{\"@type\":\"ListItem\",\"@id\":\"https:\\\/\\\/wia.net.pl\\\/index.php\\\/category\\\/antropologia\\\/#listItem\",\"position\":2,\"name\":\"Antropologia\",\"item\":\"https:\\\/\\\/wia.net.pl\\\/index.php\\\/category\\\/antropologia\\\/\",\"nextItem\":{\"@type\":\"ListItem\",\"@id\":\"https:\\\/\\\/wia.net.pl\\\/index.php\\\/2023\\\/08\\\/29\\\/sladem-aryjczykow-krolestwo-mali\\\/#listItem\",\"name\":\"\\u015aladem Aryjczyk\\u00f3w &#8211; kr\\u00f3lestwo Mali\"},\"previousItem\":{\"@type\":\"ListItem\",\"@id\":\"https:\\\/\\\/wia.net.pl#listItem\",\"name\":\"Home\"}},{\"@type\":\"ListItem\",\"@id\":\"https:\\\/\\\/wia.net.pl\\\/index.php\\\/2023\\\/08\\\/29\\\/sladem-aryjczykow-krolestwo-mali\\\/#listItem\",\"position\":3,\"name\":\"\\u015aladem Aryjczyk\\u00f3w &#8211; kr\\u00f3lestwo Mali\",\"previousItem\":{\"@type\":\"ListItem\",\"@id\":\"https:\\\/\\\/wia.net.pl\\\/index.php\\\/category\\\/antropologia\\\/#listItem\",\"name\":\"Antropologia\"}}]},{\"@type\":\"Person\",\"@id\":\"https:\\\/\\\/wia.net.pl\\\/#person\",\"name\":\"Bart\\u0142omiej Talarczyk\",\"image\":{\"@type\":\"ImageObject\",\"@id\":\"https:\\\/\\\/wia.net.pl\\\/index.php\\\/2023\\\/08\\\/29\\\/sladem-aryjczykow-krolestwo-mali\\\/#personImage\",\"url\":\"https:\\\/\\\/wia.net.pl\\\/wp-content\\\/uploads\\\/avatar-privacy\\\/cache\\\/user\\\/1\\\/7\\\/176a6b161c58363ff49b5c167264231f519f5c7fa183ca1f61e891769b6b56d5-96.jpg\",\"width\":96,\"height\":96,\"caption\":\"Bart\\u0142omiej Talarczyk\"}},{\"@type\":\"Person\",\"@id\":\"https:\\\/\\\/wia.net.pl\\\/index.php\\\/author\\\/talar\\\/#author\",\"url\":\"https:\\\/\\\/wia.net.pl\\\/index.php\\\/author\\\/talar\\\/\",\"name\":\"Bart\\u0142omiej Talarczyk\",\"image\":{\"@type\":\"ImageObject\",\"@id\":\"https:\\\/\\\/wia.net.pl\\\/index.php\\\/2023\\\/08\\\/29\\\/sladem-aryjczykow-krolestwo-mali\\\/#authorImage\",\"url\":\"https:\\\/\\\/wia.net.pl\\\/wp-content\\\/uploads\\\/avatar-privacy\\\/cache\\\/user\\\/1\\\/7\\\/176a6b161c58363ff49b5c167264231f519f5c7fa183ca1f61e891769b6b56d5-96.jpg\",\"width\":96,\"height\":96,\"caption\":\"Bart\\u0142omiej Talarczyk\"}},{\"@type\":\"WebPage\",\"@id\":\"https:\\\/\\\/wia.net.pl\\\/index.php\\\/2023\\\/08\\\/29\\\/sladem-aryjczykow-krolestwo-mali\\\/#webpage\",\"url\":\"https:\\\/\\\/wia.net.pl\\\/index.php\\\/2023\\\/08\\\/29\\\/sladem-aryjczykow-krolestwo-mali\\\/\",\"name\":\"\\u015aladem Aryjczyk\\u00f3w \\u2013 kr\\u00f3lestwo Mali - Wolno\\u015b\\u0107 i Anarchia\",\"description\":\"Mansa Musa by\\u0142 najs\\u0142ynniejszym w\\u0142adc\\u0105 Imperium Mali, kt\\u00f3re w szczytowym okresie swojej pot\\u0119gi rozci\\u0105ga\\u0142o si\\u0119 od wybrze\\u017ca Atlantyku po centraln\\u0105 cz\\u0119\\u015b\\u0107 Sahary. Uwa\\u017cany za jednego z najbogatszych ludzi, jacy kiedykolwiek \\u017cyli, jaka jest prawdziwa historia jego afryka\\u0144skiego kr\\u00f3lestwa? \\u0179R\\u00d3D\\u0141O:Kana\\u0142 Atlantean gardens \\u2013 https:\\\/\\\/www.youtube.com\\\/c\\\/AtlanteangardensOrgKana\\u0142 Robert Sepehr \\u2013 https:\\\/\\\/www.youtube.com\\\/user\\\/818encino\",\"inLanguage\":\"pl-PL\",\"isPartOf\":{\"@id\":\"https:\\\/\\\/wia.net.pl\\\/#website\"},\"breadcrumb\":{\"@id\":\"https:\\\/\\\/wia.net.pl\\\/index.php\\\/2023\\\/08\\\/29\\\/sladem-aryjczykow-krolestwo-mali\\\/#breadcrumblist\"},\"author\":{\"@id\":\"https:\\\/\\\/wia.net.pl\\\/index.php\\\/author\\\/talar\\\/#author\"},\"creator\":{\"@id\":\"https:\\\/\\\/wia.net.pl\\\/index.php\\\/author\\\/talar\\\/#author\"},\"image\":{\"@type\":\"ImageObject\",\"url\":\"https:\\\/\\\/wia.net.pl\\\/wp-content\\\/uploads\\\/2023\\\/08\\\/Sladem-Aryjczykow-krolestwo-mali.jpg\",\"@id\":\"https:\\\/\\\/wia.net.pl\\\/index.php\\\/2023\\\/08\\\/29\\\/sladem-aryjczykow-krolestwo-mali\\\/#mainImage\",\"width\":1920,\"height\":1080},\"primaryImageOfPage\":{\"@id\":\"https:\\\/\\\/wia.net.pl\\\/index.php\\\/2023\\\/08\\\/29\\\/sladem-aryjczykow-krolestwo-mali\\\/#mainImage\"},\"datePublished\":\"2023-08-29T17:19:34+02:00\",\"dateModified\":\"2023-08-29T17:19:34+02:00\"},{\"@type\":\"WebSite\",\"@id\":\"https:\\\/\\\/wia.net.pl\\\/#website\",\"url\":\"https:\\\/\\\/wia.net.pl\\\/\",\"name\":\"Wolno\\u015b\\u0107 i Anarchia\",\"description\":\"Ka\\u017cdy wewn\\u0119trznie jest anarchist\\u0105.\",\"inLanguage\":\"pl-PL\",\"publisher\":{\"@id\":\"https:\\\/\\\/wia.net.pl\\\/#person\"}}]}\n\t\t<\/script>\n\t\t<!-- All in One SEO -->\n\n","aioseo_head_json":{"title":"\u015aladem Aryjczyk\u00f3w \u2013 kr\u00f3lestwo Mali - Wolno\u015b\u0107 i Anarchia","description":"Mansa Musa by\u0142 najs\u0142ynniejszym w\u0142adc\u0105 Imperium Mali, kt\u00f3re w szczytowym okresie swojej pot\u0119gi rozci\u0105ga\u0142o si\u0119 od wybrze\u017ca Atlantyku po centraln\u0105 cz\u0119\u015b\u0107 Sahary. Uwa\u017cany za jednego z najbogatszych ludzi, jacy kiedykolwiek \u017cyli, jaka jest prawdziwa historia jego afryka\u0144skiego kr\u00f3lestwa? \u0179R\u00d3D\u0141O:Kana\u0142 Atlantean gardens \u2013 https:\/\/www.youtube.com\/c\/AtlanteangardensOrgKana\u0142 Robert Sepehr \u2013 https:\/\/www.youtube.com\/user\/818encino","canonical_url":"https:\/\/wia.net.pl\/index.php\/2023\/08\/29\/sladem-aryjczykow-krolestwo-mali\/","robots":"max-image-preview:large","keywords":"","webmasterTools":{"miscellaneous":""},"schema":{"@context":"https:\/\/schema.org","@graph":[{"@type":"BlogPosting","@id":"https:\/\/wia.net.pl\/index.php\/2023\/08\/29\/sladem-aryjczykow-krolestwo-mali\/#blogposting","name":"\u015aladem Aryjczyk\u00f3w \u2013 kr\u00f3lestwo Mali - Wolno\u015b\u0107 i Anarchia","headline":"\u015aladem Aryjczyk\u00f3w &#8211; kr\u00f3lestwo Mali","author":{"@id":"https:\/\/wia.net.pl\/index.php\/author\/talar\/#author"},"publisher":{"@id":"https:\/\/wia.net.pl\/#person"},"image":{"@type":"ImageObject","url":"https:\/\/wia.net.pl\/wp-content\/uploads\/2023\/08\/Sladem-Aryjczykow-krolestwo-mali.jpg","width":1920,"height":1080},"datePublished":"2023-08-29T17:19:34+02:00","dateModified":"2023-08-29T17:19:34+02:00","inLanguage":"pl-PL","mainEntityOfPage":{"@id":"https:\/\/wia.net.pl\/index.php\/2023\/08\/29\/sladem-aryjczykow-krolestwo-mali\/#webpage"},"isPartOf":{"@id":"https:\/\/wia.net.pl\/index.php\/2023\/08\/29\/sladem-aryjczykow-krolestwo-mali\/#webpage"},"articleSection":"Antropologia, Cesarstwo Rzymskie, Historia ziemi, Illuminati, Ko\u015bci\u00f3\u0142 katolicki, Ludzko\u015b\u0107, Niewolnictwo, Rz\u0105d, Satanizm, Tajne stowarzyszenia, Wszech\u015bwiat"},{"@type":"BreadcrumbList","@id":"https:\/\/wia.net.pl\/index.php\/2023\/08\/29\/sladem-aryjczykow-krolestwo-mali\/#breadcrumblist","itemListElement":[{"@type":"ListItem","@id":"https:\/\/wia.net.pl#listItem","position":1,"name":"Home","item":"https:\/\/wia.net.pl","nextItem":{"@type":"ListItem","@id":"https:\/\/wia.net.pl\/index.php\/category\/antropologia\/#listItem","name":"Antropologia"}},{"@type":"ListItem","@id":"https:\/\/wia.net.pl\/index.php\/category\/antropologia\/#listItem","position":2,"name":"Antropologia","item":"https:\/\/wia.net.pl\/index.php\/category\/antropologia\/","nextItem":{"@type":"ListItem","@id":"https:\/\/wia.net.pl\/index.php\/2023\/08\/29\/sladem-aryjczykow-krolestwo-mali\/#listItem","name":"\u015aladem Aryjczyk\u00f3w &#8211; kr\u00f3lestwo Mali"},"previousItem":{"@type":"ListItem","@id":"https:\/\/wia.net.pl#listItem","name":"Home"}},{"@type":"ListItem","@id":"https:\/\/wia.net.pl\/index.php\/2023\/08\/29\/sladem-aryjczykow-krolestwo-mali\/#listItem","position":3,"name":"\u015aladem Aryjczyk\u00f3w &#8211; kr\u00f3lestwo Mali","previousItem":{"@type":"ListItem","@id":"https:\/\/wia.net.pl\/index.php\/category\/antropologia\/#listItem","name":"Antropologia"}}]},{"@type":"Person","@id":"https:\/\/wia.net.pl\/#person","name":"Bart\u0142omiej Talarczyk","image":{"@type":"ImageObject","@id":"https:\/\/wia.net.pl\/index.php\/2023\/08\/29\/sladem-aryjczykow-krolestwo-mali\/#personImage","url":"https:\/\/wia.net.pl\/wp-content\/uploads\/avatar-privacy\/cache\/user\/1\/7\/176a6b161c58363ff49b5c167264231f519f5c7fa183ca1f61e891769b6b56d5-96.jpg","width":96,"height":96,"caption":"Bart\u0142omiej Talarczyk"}},{"@type":"Person","@id":"https:\/\/wia.net.pl\/index.php\/author\/talar\/#author","url":"https:\/\/wia.net.pl\/index.php\/author\/talar\/","name":"Bart\u0142omiej Talarczyk","image":{"@type":"ImageObject","@id":"https:\/\/wia.net.pl\/index.php\/2023\/08\/29\/sladem-aryjczykow-krolestwo-mali\/#authorImage","url":"https:\/\/wia.net.pl\/wp-content\/uploads\/avatar-privacy\/cache\/user\/1\/7\/176a6b161c58363ff49b5c167264231f519f5c7fa183ca1f61e891769b6b56d5-96.jpg","width":96,"height":96,"caption":"Bart\u0142omiej Talarczyk"}},{"@type":"WebPage","@id":"https:\/\/wia.net.pl\/index.php\/2023\/08\/29\/sladem-aryjczykow-krolestwo-mali\/#webpage","url":"https:\/\/wia.net.pl\/index.php\/2023\/08\/29\/sladem-aryjczykow-krolestwo-mali\/","name":"\u015aladem Aryjczyk\u00f3w \u2013 kr\u00f3lestwo Mali - Wolno\u015b\u0107 i Anarchia","description":"Mansa Musa by\u0142 najs\u0142ynniejszym w\u0142adc\u0105 Imperium Mali, kt\u00f3re w szczytowym okresie swojej pot\u0119gi rozci\u0105ga\u0142o si\u0119 od wybrze\u017ca Atlantyku po centraln\u0105 cz\u0119\u015b\u0107 Sahary. Uwa\u017cany za jednego z najbogatszych ludzi, jacy kiedykolwiek \u017cyli, jaka jest prawdziwa historia jego afryka\u0144skiego kr\u00f3lestwa? \u0179R\u00d3D\u0141O:Kana\u0142 Atlantean gardens \u2013 https:\/\/www.youtube.com\/c\/AtlanteangardensOrgKana\u0142 Robert Sepehr \u2013 https:\/\/www.youtube.com\/user\/818encino","inLanguage":"pl-PL","isPartOf":{"@id":"https:\/\/wia.net.pl\/#website"},"breadcrumb":{"@id":"https:\/\/wia.net.pl\/index.php\/2023\/08\/29\/sladem-aryjczykow-krolestwo-mali\/#breadcrumblist"},"author":{"@id":"https:\/\/wia.net.pl\/index.php\/author\/talar\/#author"},"creator":{"@id":"https:\/\/wia.net.pl\/index.php\/author\/talar\/#author"},"image":{"@type":"ImageObject","url":"https:\/\/wia.net.pl\/wp-content\/uploads\/2023\/08\/Sladem-Aryjczykow-krolestwo-mali.jpg","@id":"https:\/\/wia.net.pl\/index.php\/2023\/08\/29\/sladem-aryjczykow-krolestwo-mali\/#mainImage","width":1920,"height":1080},"primaryImageOfPage":{"@id":"https:\/\/wia.net.pl\/index.php\/2023\/08\/29\/sladem-aryjczykow-krolestwo-mali\/#mainImage"},"datePublished":"2023-08-29T17:19:34+02:00","dateModified":"2023-08-29T17:19:34+02:00"},{"@type":"WebSite","@id":"https:\/\/wia.net.pl\/#website","url":"https:\/\/wia.net.pl\/","name":"Wolno\u015b\u0107 i Anarchia","description":"Ka\u017cdy wewn\u0119trznie jest anarchist\u0105.","inLanguage":"pl-PL","publisher":{"@id":"https:\/\/wia.net.pl\/#person"}}]},"og:locale":"pl_PL","og:site_name":"Wolno\u015b\u0107 i Anarchia - Ka\u017cdy wewn\u0119trznie jest anarchist\u0105.","og:type":"article","og:title":"\u015aladem Aryjczyk\u00f3w \u2013 kr\u00f3lestwo Mali - Wolno\u015b\u0107 i Anarchia","og:description":"Mansa Musa by\u0142 najs\u0142ynniejszym w\u0142adc\u0105 Imperium Mali, kt\u00f3re w szczytowym okresie swojej pot\u0119gi rozci\u0105ga\u0142o si\u0119 od wybrze\u017ca Atlantyku po centraln\u0105 cz\u0119\u015b\u0107 Sahary. Uwa\u017cany za jednego z najbogatszych ludzi, jacy kiedykolwiek \u017cyli, jaka jest prawdziwa historia jego afryka\u0144skiego kr\u00f3lestwa? \u0179R\u00d3D\u0141O:Kana\u0142 Atlantean gardens \u2013 https:\/\/www.youtube.com\/c\/AtlanteangardensOrgKana\u0142 Robert Sepehr \u2013 https:\/\/www.youtube.com\/user\/818encino","og:url":"https:\/\/wia.net.pl\/index.php\/2023\/08\/29\/sladem-aryjczykow-krolestwo-mali\/","og:image":"https:\/\/wia.net.pl\/wp-content\/uploads\/2023\/11\/cropped-freedom-i73367.jpg","og:image:secure_url":"https:\/\/wia.net.pl\/wp-content\/uploads\/2023\/11\/cropped-freedom-i73367.jpg","article:published_time":"2023-08-29T15:19:34+00:00","article:modified_time":"2023-08-29T15:19:34+00:00","twitter:card":"summary_large_image","twitter:title":"\u015aladem Aryjczyk\u00f3w \u2013 kr\u00f3lestwo Mali - Wolno\u015b\u0107 i Anarchia","twitter:description":"Mansa Musa by\u0142 najs\u0142ynniejszym w\u0142adc\u0105 Imperium Mali, kt\u00f3re w szczytowym okresie swojej pot\u0119gi rozci\u0105ga\u0142o si\u0119 od wybrze\u017ca Atlantyku po centraln\u0105 cz\u0119\u015b\u0107 Sahary. Uwa\u017cany za jednego z najbogatszych ludzi, jacy kiedykolwiek \u017cyli, jaka jest prawdziwa historia jego afryka\u0144skiego kr\u00f3lestwa? \u0179R\u00d3D\u0141O:Kana\u0142 Atlantean gardens \u2013 https:\/\/www.youtube.com\/c\/AtlanteangardensOrgKana\u0142 Robert Sepehr \u2013 https:\/\/www.youtube.com\/user\/818encino","twitter:image":"https:\/\/wia.net.pl\/wp-content\/uploads\/2023\/11\/cropped-freedom-i73367.jpg"},"aioseo_meta_data":{"post_id":"4265","title":null,"description":null,"keywords":[],"keyphrases":{"focus":{"keyphrase":"","score":0,"analysis":{"keyphraseInTitle":{"score":0,"maxScore":9,"error":1}}},"additional":[]},"primary_term":null,"canonical_url":null,"og_title":null,"og_description":null,"og_object_type":"default","og_image_type":"default","og_image_url":null,"og_image_width":null,"og_image_height":null,"og_image_custom_url":null,"og_image_custom_fields":null,"og_video":"","og_custom_url":null,"og_article_section":null,"og_article_tags":[],"twitter_use_og":false,"twitter_card":"default","twitter_image_type":"default","twitter_image_url":null,"twitter_image_custom_url":null,"twitter_image_custom_fields":null,"twitter_title":null,"twitter_description":null,"schema":{"blockGraphs":[],"customGraphs":[],"default":{"data":{"Article":[],"Course":[],"Dataset":[],"FAQPage":[],"Movie":[],"Person":[],"Product":[],"ProductReview":[],"Car":[],"Recipe":[],"Service":[],"SoftwareApplication":[],"WebPage":[]},"graphName":"BlogPosting","isEnabled":true},"graphs":[]},"schema_type":"default","schema_type_options":null,"pillar_content":false,"robots_default":true,"robots_noindex":false,"robots_noarchive":false,"robots_nosnippet":false,"robots_nofollow":false,"robots_noimageindex":false,"robots_noodp":false,"robots_notranslate":false,"robots_max_snippet":"-1","robots_max_videopreview":"-1","robots_max_imagepreview":"large","priority":null,"frequency":"default","local_seo":null,"breadcrumb_settings":null,"limit_modified_date":false,"ai":null,"created":"2023-08-29 15:19:34","updated":"2025-06-04 09:10:38","seo_analyzer_scan_date":null,"focus_keyword":null,"additional_keywords":null,"truseo_locale":null},"aioseo_breadcrumb":"<div class=\"aioseo-breadcrumbs\"><span class=\"aioseo-breadcrumb\">\n\t\t\t<a href=\"https:\/\/wia.net.pl\" title=\"Home\">Home<\/a>\n\t\t<\/span><span class=\"aioseo-breadcrumb-separator\">&raquo;<\/span><span class=\"aioseo-breadcrumb\">\n\t\t\t<a href=\"https:\/\/wia.net.pl\/index.php\/category\/antropologia\/\" title=\"Antropologia\">Antropologia<\/a>\n\t\t<\/span><span class=\"aioseo-breadcrumb-separator\">&raquo;<\/span><span class=\"aioseo-breadcrumb\">\n\t\t\t\u015aladem Aryjczyk\u00f3w \u2013 kr\u00f3lestwo Mali\n\t\t<\/span><\/div>","aioseo_breadcrumb_json":[{"label":"Home","link":"https:\/\/wia.net.pl"},{"label":"Antropologia","link":"https:\/\/wia.net.pl\/index.php\/category\/antropologia\/"},{"label":"\u015aladem Aryjczyk\u00f3w &#8211; kr\u00f3lestwo Mali","link":"https:\/\/wia.net.pl\/index.php\/2023\/08\/29\/sladem-aryjczykow-krolestwo-mali\/"}],"_links":{"self":[{"href":"https:\/\/wia.net.pl\/index.php\/wp-json\/wp\/v2\/posts\/4265"}],"collection":[{"href":"https:\/\/wia.net.pl\/index.php\/wp-json\/wp\/v2\/posts"}],"about":[{"href":"https:\/\/wia.net.pl\/index.php\/wp-json\/wp\/v2\/types\/post"}],"author":[{"embeddable":true,"href":"https:\/\/wia.net.pl\/index.php\/wp-json\/wp\/v2\/users\/3"}],"replies":[{"embeddable":true,"href":"https:\/\/wia.net.pl\/index.php\/wp-json\/wp\/v2\/comments?post=4265"}],"version-history":[{"count":1,"href":"https:\/\/wia.net.pl\/index.php\/wp-json\/wp\/v2\/posts\/4265\/revisions"}],"predecessor-version":[{"id":4268,"href":"https:\/\/wia.net.pl\/index.php\/wp-json\/wp\/v2\/posts\/4265\/revisions\/4268"}],"wp:featuredmedia":[{"embeddable":true,"href":"https:\/\/wia.net.pl\/index.php\/wp-json\/wp\/v2\/media\/4266"}],"wp:attachment":[{"href":"https:\/\/wia.net.pl\/index.php\/wp-json\/wp\/v2\/media?parent=4265"}],"wp:term":[{"taxonomy":"category","embeddable":true,"href":"https:\/\/wia.net.pl\/index.php\/wp-json\/wp\/v2\/categories?post=4265"},{"taxonomy":"post_tag","embeddable":true,"href":"https:\/\/wia.net.pl\/index.php\/wp-json\/wp\/v2\/tags?post=4265"}],"curies":[{"name":"wp","href":"https:\/\/api.w.org\/{rel}","templated":true}]}}