{"id":4269,"date":"2023-08-29T18:49:47","date_gmt":"2023-08-29T16:49:47","guid":{"rendered":"https:\/\/wia.net.pl\/?p=4269"},"modified":"2023-08-29T18:49:48","modified_gmt":"2023-08-29T16:49:48","slug":"przemoc-tlumu-tplf-wobec-erytrejskich-festiwali","status":"publish","type":"post","link":"https:\/\/wia.net.pl\/index.php\/2023\/08\/29\/przemoc-tlumu-tplf-wobec-erytrejskich-festiwali\/","title":{"rendered":"Przemoc t\u0142umu TPLF wobec erytrejskich festiwali"},"content":{"rendered":"\n<p>Zachodnie media gloryfikuj\u0105 przemoc t\u0142umu TPLF wobec erytrejskich festiwali<\/p>\n\n\n\n<p>Autor, <a href=\"https:\/\/thegrayzone.com\/author\/ann-garrison\/\">ANN GARRISON<\/a><\/p>\n\n\n\n<p>The Grayzone<\/p>\n\n\n\n<figure class=\"wp-block-image size-large\"><img loading=\"lazy\" decoding=\"async\" width=\"1024\" height=\"540\" src=\"https:\/\/wia.net.pl\/wp-content\/uploads\/2023\/08\/Screenshot-2023-08-19-at-2.02.22-AM-1024x540.webp\" alt=\"\" class=\"wp-image-4270\" srcset=\"https:\/\/wia.net.pl\/wp-content\/uploads\/2023\/08\/Screenshot-2023-08-19-at-2.02.22-AM-1024x540.webp 1024w, https:\/\/wia.net.pl\/wp-content\/uploads\/2023\/08\/Screenshot-2023-08-19-at-2.02.22-AM-300x158.webp 300w, https:\/\/wia.net.pl\/wp-content\/uploads\/2023\/08\/Screenshot-2023-08-19-at-2.02.22-AM-768x405.webp 768w, https:\/\/wia.net.pl\/wp-content\/uploads\/2023\/08\/Screenshot-2023-08-19-at-2.02.22-AM-1536x810.webp 1536w, https:\/\/wia.net.pl\/wp-content\/uploads\/2023\/08\/Screenshot-2023-08-19-at-2.02.22-AM.webp 2048w\" sizes=\"(max-width: 1024px) 100vw, 1024px\" \/><\/figure>\n\n\n\n<h3 class=\"wp-block-heading\"><strong>Tego lata brutalny t\u0142um zwi\u0105zany ze wspieranym przez USA Ludowym Frontem Wyzwolenia Tigray zaatakowa\u0142 erytrejskie festiwale w USA i Europie.&nbsp;Zachodnie media przedstawiaj\u0105 obecnie ukierunkowan\u0105 przemoc t\u0142umu jako uzasadniony protest przeciwko rz\u0105dowi Erytrei.<\/strong><\/h3>\n\n\n\n<p>Od 40 lat na ca\u0142ym \u015bwiecie odbywaj\u0105 si\u0119 festiwale erytrejskie, kt\u00f3rych celem jest podtrzymanie wi\u0119zi spo\u0142eczno\u015bci diaspory z ojczyzn\u0105 i mi\u0119dzy sob\u0105.&nbsp;Jednak w tym roku brutalna, dobrze skoordynowana mi\u0119dzynarodowa kampania sabota\u017cu spowodowa\u0142a powa\u017cne obra\u017cenia i zniszczenia mienia w\u015br\u00f3d uczestnik\u00f3w festiwalu.<\/p>\n\n\n\n<p>G\u0142\u00f3wne zachodnie media opisywa\u0142y ataki w stylu pogromu jako \u201estarcia\u201d, \u201ezamieszki\u201d, \u201eb\u00f3jki\u201d i \u201eprzemoc\u201d w spos\u00f3b sugeruj\u0105cy, \u017ce wybuch\u0142y one mi\u0119dzy obiema stronami, maskuj\u0105c rzeczywisto\u015b\u0107 \u2013 \u017ce chuligani zaatakowali pokojowo nastawionych uczestnik\u00f3w festiwalu.&nbsp;Sugerowali tak\u017ce, \u017ce przemoc by\u0142a uzasadniona, poniewa\u017c Erytre\u0105 rz\u0105dzi \u201erepresyjny\u201d rz\u0105d stoj\u0105cy po z\u0142ej stronie nowej zimnej wojny.&nbsp;<\/p>\n\n\n\n<p>W sobot\u0119 5 sierpnia po po\u0142udniu wyszed\u0142em z hotelu Marriott w Seattle\/Tacoma i zobaczy\u0142em w\u00f3z stra\u017cacki, sze\u015bciu gliniarzy, karetk\u0119 pogotowia i radiowozy kr\u0105\u017c\u0105ce wok\u00f3\u0142 hotelu.&nbsp;Jako dziennikarz donosz\u0105cy z Erytrei by\u0142em tam jako go\u015b\u0107 corocznego&nbsp;<a href=\"https:\/\/www.festivaleritrea.org\/\">Erytrejskiego Festiwalu Ameryka\u0144skiego<\/a>&nbsp;.<\/p>\n\n\n\n<p>Przypadkowi \u015bwiadkowie powiedzieli mi, \u017ce chuligani w niebieskich koszulach zaatakowali Amerykan\u00f3w z Erytrei uczestnicz\u0105cych w festiwalu.&nbsp;W karetce znajdowa\u0142y si\u0119 dwie kobiety, kt\u00f3re wkr\u00f3tce mia\u0142y trafi\u0107 do szpitala.&nbsp;Jedna z ofiar by\u0142a w podesz\u0142ym wieku.&nbsp;Pracownik karetki powiedzia\u0142 mi, \u017ce ze wzgl\u0119du na prywatno\u015b\u0107 nie mog\u0119 z nimi porozmawia\u0107.<\/p>\n\n\n\n<p>Jeden ze \u015bwiadk\u00f3w powiedzia\u0142 mi, \u017ce jeden z napastnik\u00f3w kopn\u0105\u0142 ma\u0142e dziecko.<\/p>\n\n\n\n<p>O sz\u00f3stej rano w dniu atak\u00f3w t\u0142um wtargn\u0105\u0142 na teren wystaw festiwalowych na \u015bwie\u017cym powietrzu, aby zburzy\u0107 baldachimy i rozrzuci\u0107 towary, machaj\u0105c ameryka\u0144skimi flagami.<\/p>\n\n\n\n<p>Na terenie wystawy znajdowa\u0142 si\u0119 tak\u017ce plac zabaw z trampolinami i innymi atrakcjami dla ma\u0142ych dzieci ucz\u0119szczaj\u0105cych z rodzicami z Erytrei, Amerykan\u00f3w.&nbsp;<\/p>\n\n\n\n<figure class=\"wp-block-image size-full\"><img loading=\"lazy\" decoding=\"async\" width=\"860\" height=\"766\" src=\"https:\/\/wia.net.pl\/wp-content\/uploads\/2023\/08\/Zrzut-ekranu-2023-08-29-180909.png\" alt=\"\" class=\"wp-image-4271\" srcset=\"https:\/\/wia.net.pl\/wp-content\/uploads\/2023\/08\/Zrzut-ekranu-2023-08-29-180909.png 860w, https:\/\/wia.net.pl\/wp-content\/uploads\/2023\/08\/Zrzut-ekranu-2023-08-29-180909-300x267.png 300w, https:\/\/wia.net.pl\/wp-content\/uploads\/2023\/08\/Zrzut-ekranu-2023-08-29-180909-768x684.png 768w\" sizes=\"(max-width: 860px) 100vw, 860px\" \/><\/figure>\n\n\n\n<p>Rozmawia\u0142em p\u00f3\u017aniej z Yemane Ghdey, mechanikiem samochodowym z Chicago, kt\u00f3ry powiedzia\u0142, \u017ce on i jego przyjaciel Ghebar Gebreyesus, kt\u00f3ry mieszka w Seattle, r\u00f3wnie\u017c zostali zaatakowani.&nbsp;Ghebar zosta\u0142 uderzony w g\u0142ow\u0119 i krwawi\u0142 ze sk\u00f3ry g\u0142owy, kiedy zabrano go do szpitala, gdzie wykonano mu tomografi\u0119 komputerow\u0105 i pozostawiono na obserwacji, podczas gdy Yemane pozosta\u0142 przy nim.&nbsp;Ghebar z\u0142o\u017cy\u0142 skarg\u0119 na policj\u0119 w Tacoma.<\/p>\n\n\n\n<p>Yemane powiedzia\u0142 mi, \u017ce jeden z bandyt\u00f3w kopn\u0105\u0142 go w okolic\u0119 intymn\u0105, ale cofn\u0105\u0142 si\u0119, gdy zagrozi\u0142, \u017ce wyleje mu w twarz gor\u0105c\u0105 kaw\u0119.&nbsp;Powiedzia\u0142, \u017ce zdecydowa\u0142 si\u0119 nie sk\u0142ada\u0107 skargi, poniewa\u017c musia\u0142 wr\u00f3ci\u0107 do Chicago.<\/p>\n\n\n\n<p>Powiedzia\u0142, \u017ce spotkali w szpitalu kobiety, kt\u00f3re zosta\u0142y zaatakowane.<\/p>\n\n\n\n<p>Z\u0142o\u017cy\u0142em wniosek o rejestracj\u0119 publiczn\u0105 dotycz\u0105c\u0105 zar\u00f3wno napa\u015bci, jak i wandalizmu w Departamencie Policji w Tacoma i zosta\u0142em powiadomiony, \u017ce wed\u0142ug stanu na 15 sierpnia toczy\u0142o si\u0119 dochodzenie w sprawie pi\u0119ciu incydent\u00f3w, ale szczeg\u00f3\u0142y nie zosta\u0142y jeszcze upublicznione, poniewa\u017c dochodzenia by\u0142y w toku.&nbsp;<\/p>\n\n\n\n<h3 class=\"wp-block-heading\">Upolitycznienie festiwalu kulturalnego<\/h3>\n\n\n\n<p>Festiwal ten nie by\u0142 wydarzeniem o charakterze zasadniczo politycznym.&nbsp;Uczestnicy festiwalu nie machali gigantycznymi ameryka\u0144skimi flagami we wszystkich kierunkach jak chuligani na zewn\u0105trz, ale recytowali hymny narodowe Erytrei i Ameryki, a w sali festiwalowej wisia\u0142y flagi Erytrei i Ameryki.&nbsp;<\/p>\n\n\n\n<figure class=\"wp-block-image\" id=\"attachment_91928\"><img decoding=\"async\" src=\"https:\/\/i0.wp.com\/thegrayzone.com\/wp-content\/uploads\/2023\/08\/Screenshot-2023-08-19-at-1.56.51-AM.png?resize=1170%2C601&amp;ssl=1\" alt=\"\" class=\"wp-image-91928\"\/><figcaption class=\"wp-element-caption\">Festiwal plenerowy w niedziel\u0119, po ponownym monta\u017cu zadaszenia, Seattle\/Tacoma, 6 sierpnia.<\/figcaption><\/figure>\n\n\n\n<p>Agresywny t\u0142um, kt\u00f3ry nazywa\u0142 si\u0119&nbsp;<a href=\"https:\/\/www.tiktok.com\/discover\/Brigade-N%E2%80%99Hamedu\">Brygad\u0105 N&#8217;Hamedu<\/a>&nbsp;, upiera\u0142 si\u0119, \u017ce Erytrea nie powinna istnie\u0107.&nbsp;Pr\u00f3bowali rozreklamowa\u0107 swoj\u0105 kampani\u0119 w\u015br\u00f3d Amerykan\u00f3w, wykorzystuj\u0105c panuj\u0105c\u0105 antyrosyjsk\u0105 histeri\u0119 i podkre\u015blaj\u0105c stosunki mi\u0119dzy prezydentem Erytrei Isaiasem Afwerkim a prezydentem Rosji W\u0142adimirem Putinem.&nbsp;<\/p>\n\n\n\n<p>Po porannym ataku na przestrze\u0144 festiwalow\u0105 na \u015bwie\u017cym powietrzu chuligani zebrali si\u0119 z jednej strony hotelu, aby macha\u0107 ameryka\u0144skimi flagami i rozdawa\u0107 szale\u0144cz\u0105 literatur\u0119 przedstawiaj\u0105c\u0105 wizerunek Afwerkiego i Putina z napisem \u201eIzajasz jest sojusznikiem Putina\u201d.&nbsp;<\/p>\n\n\n\n<figure class=\"wp-block-image\" id=\"attachment_91930\"><img decoding=\"async\" src=\"https:\/\/i0.wp.com\/thegrayzone.com\/wp-content\/uploads\/2023\/08\/Isais-is-Putin-s-Ally.jpeg?resize=845%2C448&amp;ssl=1\" alt=\"\" class=\"wp-image-91930\"\/><figcaption class=\"wp-element-caption\">\u201e[Prezydent Erytrei] Isaias jest sojusznikiem Putina\u201d widnieje w broszurze rozdawanej przez chuligan\u00f3w podczas wiecu przed centrum kongresowym Greater Tacoma.<\/figcaption><\/figure>\n\n\n\n<figure class=\"wp-block-image\"><img decoding=\"async\" src=\"https:\/\/i0.wp.com\/thegrayzone.com\/wp-content\/uploads\/2023\/08\/Screenshot-2023-08-19-at-2.02.22-AM.png?resize=1170%2C617&amp;ssl=1\" alt=\"\" class=\"wp-image-91931\"\/><\/figure>\n\n\n\n<p><em>T\u0142um Brygady N&#8217;Hamedu z maczugami w Seattle\/Tacoma, 5 sierpnia;&nbsp;zobacz ich pe\u0142ny film&nbsp;<a href=\"https:\/\/www.youtube.com\/watch?v=ygQURJGlBN4\">tutaj<\/a>&nbsp;.<\/em><\/p>\n\n\n\n<p>Wyszed\u0142em porozmawia\u0107 z cz\u0142onkami t\u0142umu.&nbsp;Argumentowali, \u017ce Erytrea stosuje represje i upierali si\u0119, \u017ce widzami festiwalu s\u0105 krajowi terrory\u015bci, kt\u00f3rzy mog\u0105 dopu\u015bci\u0107 si\u0119 masowych strzelanin.&nbsp;Ich broszura zawiera\u0142a wizerunki demonicznych postaci uzbrojonych w bro\u0144, ale na festiwalu nie widzia\u0142em \u017cadnej broni \u2013 z wyj\u0105tkiem tych noszonych przez policj\u0119, z kt\u00f3rych wielu pojawi\u0142o si\u0119 w odpowiedzi na przemoc \u201eprotestuj\u0105cych\u201d.<\/p>\n\n\n\n<p>Stosuj\u0105c klasyczny chwyt propagandowy, odwracaj\u0105cy uwag\u0119 ofiar od sprawc\u00f3w, twierdzili bez dowod\u00f3w, \u017ce osoby, kt\u00f3re w\u0142a\u015bnie zaatakowali, planowa\u0142y zaatakowa\u0107 ich w pierwszej kolejno\u015bci.<\/p>\n\n\n\n<p>Dalsze uleganie antyrosyjskiemu szale\u0144stwu zarzucali \u2013 s\u0142usznie \u2013 \u017ce Erytrea by\u0142a jednym z zaledwie pi\u0119ciu kraj\u00f3w, kt\u00f3re g\u0142osowa\u0142y przeciwko rezolucji Zgromadzenia Og\u00f3lnego ONZ z 2 marca 2022 r. pot\u0119piaj\u0105cej Rosj\u0119 i wzywaj\u0105cej do jej bezwarunkowego wycofania si\u0119 z Ukrainy.&nbsp;<\/p>\n\n\n\n<p>W rzeczywisto\u015bci Erytrea by\u0142a&nbsp;<a href=\"https:\/\/www.brookings.edu\/articles\/figure-of-the-week-african-countries-votes-on-the-un-resolution-condemning-russias-invasion-of-ukraine\/\">jedynym krajem afryka\u0144skim, kt\u00f3ry g\u0142osowa\u0142 przeciwko<\/a>&nbsp;tej rezolucji.&nbsp;Posuni\u0119cie to odzwierciedla\u0142o histori\u0119 kraju jako bastionu niezale\u017cno\u015bci politycznej znajduj\u0105cej si\u0119 pod bezlitosnym naciskiem imperialistycznym.<\/p>\n\n\n<div class=\"wp-block-image\">\n<figure class=\"aligncenter\"><img decoding=\"async\" src=\"https:\/\/i0.wp.com\/thegrayzone.com\/wp-content\/uploads\/2023\/08\/Map-Eritrea-Tigray-Ethiopia.png?resize=880%2C800&amp;ssl=1\" alt=\"\" class=\"wp-image-91932\"\/><\/figure><\/div>\n\n\n<p><em>Tigray to najbardziej na p\u00f3\u0142noc wysuni\u0119ty region Etiopii, granicz\u0105cy z Erytre\u0105.<\/em><\/p>\n\n\n\n<h3 class=\"wp-block-heading\">Wspierana przez USA grupa TPLF stoi na czele przemocy t\u0142umu<\/h3>\n\n\n\n<p>Kim wi\u0119c byli chuligani, kt\u00f3rzy zaatakowali erytrejskie \u015bwi\u0119to?&nbsp;Ch\u0119tnie powiedzieli mi, \u017ce s\u0105 po prostu emigrantami protestuj\u0105cymi przeciwko represjom w Erytrei.&nbsp;Jednak\u017ce by\u0142y one oczywi\u015bcie projektem&nbsp;<a href=\"https:\/\/en.wikipedia.org\/wiki\/Tigray_People%27s_Liberation_Front#:~:text=The%20Tigray%20People's%20Liberation%20Front,former%20ruling%20party%20of%20Ethiopia.\">Frontu Wyzwolenia Ludu Tigray (TPLF)<\/a>&nbsp;.&nbsp;Tigray graniczy z Erytre\u0105, a ludzie po obu stronach granicy m\u00f3wi\u0105 w j\u0119zyku tigrinia.&nbsp;<\/p>\n\n\n\n<p>W chaotycznym, w du\u017cej mierze niesp\u00f3jnym wywiadzie&nbsp;<a href=\"https:\/\/www.youtube.com\/watch?v=pARvl8mDgCA\">jedna z os\u00f3b, kt\u00f3re zaatakowa\u0142y festiwal w Toronto,<\/a>&nbsp;opowiada\u0142a si\u0119 za spraw\u0105 TPLF.&nbsp;Skanowanie stron Twittera cz\u0142onk\u00f3w Brygady N&#8217;Hamedu prowadzi do poparcia TPLF.<\/p>\n\n\n\n<p>Erytrejski ameryka\u0144ski dziennikarz i aktywista&nbsp;<a href=\"https:\/\/twitter.com\/EliasAmare\">Elias Amare<\/a>&nbsp;, gospodarz&nbsp;<a href=\"https:\/\/www.youtube.com\/c\/HornofAfricaTV\">telewizji Horn of Africa<\/a>&nbsp;, powiedzia\u0142: \u201eTe niebieskie koszulki \u201eprotestuj\u0105ce\u201d nie uznaj\u0105 niepodleg\u0142o\u015bci Erytrei i jej uznawanej na arenie mi\u0119dzynarodowej flagi.&nbsp;Zamiast tego opowiadaj\u0105 si\u0119 za irredentystycznym programem \u201eWielkiego Tigraju\u201d secesjonistycznej etnofaszystowskiej TPLF, kt\u00f3ra ro\u015bci sobie prawa do du\u017cych po\u0142aci Erytrei i jej wybrze\u017ca Morza Czerwonego\u201d.<\/p>\n\n\n\n<p>TPLF to partia rz\u0105dz\u0105ca w regionie mniejszo\u015bci etnicznej w Etiopii \u2013 granicz\u0105cym z Erytre\u0105 \u2013 i wieloletni klient USA.&nbsp;Rz\u0105dzili Etiopi\u0105 od 1991 do 2018 roku, w tym czasie zabezpieczyli interesy USA w Rogu Afryki, a Stany Zjednoczone nazwa\u0142y Etiopi\u0119 \u201epa\u0144stwem kotwicowym\u201d.&nbsp;<\/p>\n\n\n\n<p>B\u0119d\u0105c u w\u0142adzy w Etiopii, TPLF nie tylko&nbsp;<a href=\"https:\/\/thegrayzone.com\/2021\/08\/13\/in-somalia-the-us-is-bombing-the-very-terrorists-it-created\/\">najecha\u0142a i zdestabilizowa\u0142a Somali\u0119<\/a>&nbsp;, ale tak\u017ce stoczy\u0142a&nbsp;<a href=\"https:\/\/en.wikipedia.org\/wiki\/Eritrean%E2%80%93Ethiopian_border_conflict\">wojn\u0119 graniczn\u0105 z Erytre\u0105 w latach 1998\u20132000<\/a>&nbsp;, kt\u00f3ra nie zako\u0144czy\u0142a si\u0119 ca\u0142kowicie a\u017c do 2018 r., kiedy do w\u0142adzy doszed\u0142 premier Etiopii Abiy Ahmed, wynegocjowa\u0142 pok\u00f3j i&nbsp;<a href=\"https:\/\/www.nobelprize.org\/prizes\/peace\/2019\/summary\/\">wygra\u0142 Pokojow\u0105 Nagrod\u0119 Nobla<\/a>&nbsp;za to.&nbsp;<\/p>\n\n\n\n<p>Nast\u0119pnie w listopadzie 2020 r. TPLF, przy wsparciu USA, rozpocz\u0119\u0142o wojn\u0119 domow\u0105 w Etiopii i ostrzela\u0142o Erytre\u0119, kt\u00f3ra przyst\u0105pi\u0142a do wojny po stronie Etiopii i walczy\u0142a skutecznie a\u017c do zwyci\u0119stwa koalicji Etiopia\/Erytrea w listopadzie 2022 r. TPLF pozostaje zgorzknia\u0142y oko\u0142o pi\u0119tnastu lat konfliktu z Erytre\u0105 i przegranej wojny domowej na rzecz wojsk etiopskich i erytrejskich.&nbsp;<\/p>\n\n\n\n<p>Wsparcie USA dla swojego klienta trwa do dzi\u015b.&nbsp;TPLF nie by\u0142a w stanie odzyska\u0107 w\u0142adzy w Addis Abebie, ale przetrwa\u0142a jako regionalny rz\u0105d polityczny dzi\u0119ki naciskom USA i MFW.&nbsp;&nbsp;<\/p>\n\n\n\n<h3 class=\"wp-block-heading\">Erytrea, Kuba Afryki<\/h3>\n\n\n\n<p>Erytrea to ma\u0142y kraj licz\u0105cy pi\u0119\u0107 milion\u00f3w mieszka\u0144c\u00f3w, w kt\u00f3rym zamieszkuje mniej ni\u017c po\u0142owa populacji Kuby, ale spotykany z krytyk\u0105 i sankcjami tak samo jak Kuba.&nbsp;USA na\u0142o\u017cy\u0142y swoje najsurowsze sankcje na Erytre\u0119,&nbsp;<a href=\"https:\/\/www.blackagendareport.com\/us-still-imposing-illegal-unilateral-economic-sanctions-eritrea\">wykluczaj\u0105c j\u0105 z systemu SWIFT<\/a>&nbsp;umo\u017cliwiaj\u0105cego natychmiastowe przeprowadzanie transakcji finansowych.&nbsp;W oczach kolektywnego Zachodu istnieje w towarzystwie pa\u0144stw \u201eOsi Z\u0142a\u201d, takich jak Iran, Korea P\u00f3\u0142nocna i Federacja Rosyjska.<\/p>\n\n\n\n<p>Erytrea jest biedna, ale ka\u017cdy ma dost\u0119p do bezp\u0142atnej edukacji i podstawowej opieki zdrowotnej, wszyscy przestrzegaj\u0105 podstawowej diety, nikt nie \u015bpi ani nie \u017cebrze na ulicach.&nbsp;Prawie ca\u0142kowicie wyeliminowano \u015bmiertelno\u015b\u0107 noworodk\u00f3w z powodu \u0142atwo leczonych chor\u00f3b i \u015bmier\u0107 matek podczas porodu.&nbsp;<\/p>\n\n\n\n<p>Co gorsza, z punktu widzenia establishmentu ameryka\u0144skiej polityki zagranicznej, Erytrea jest jednym z zaledwie dw\u00f3ch kraj\u00f3w afryka\u0144skich, kt\u00f3re odmawiaj\u0105 wsp\u00f3\u0142pracy z&nbsp;<a href=\"https:\/\/www.africom.mil\/\">AFRICOM, ameryka\u0144skim dow\u00f3dztwem w Afryce<\/a>&nbsp;, i jest wolne od zachodnich organizacji pozarz\u0105dowych.&nbsp;Uchyli\u0142a si\u0119 tak\u017ce od pu\u0142apek zad\u0142u\u017cenia MFW i Banku \u015awiatowego, kt\u00f3re trzyma\u0142y inne narody afryka\u0144skie w ci\u0105g\u0142ej niewoli.&nbsp;Jej prezes Isaias Afwerki mawia\u0142, \u017ce \u201ePomoc jest jak narkotyk.&nbsp;Pij dalej, a uzale\u017cnisz si\u0119.\u201d&nbsp;&nbsp;<\/p>\n\n\n\n<p>W sierpniu tego roku Afwerki uda\u0142 si\u0119 do Petersburga w Rosji na szczyt Rosja-Afryka.&nbsp;Skrytykowa\u0142 tam d\u0105\u017cenie Stan\u00f3w Zjednoczonych do globalnej hegemonii i przedstawi\u0142 sw\u00f3j pogl\u0105d, \u017ce Stany Zjednoczone by\u0142y w stanie wojny z Rosj\u0105 przez ostatnie 30 lat.<\/p>\n\n\n\n<p>Czy zatem powinno dziwi\u0107, \u017ce zwolennicy i organizacje, kt\u00f3re broni\u0105 praw cz\u0142owieka, zwr\u00f3ci\u0142y bro\u0144 przeciwko Erytrei?&nbsp;Albo \u017ce zachodnia prasa wspiera przemoc na tych festiwalach, sugeruj\u0105c nawet, \u017ce jest ona uzasadniona?<\/p>\n\n\n\n<h3 class=\"wp-block-heading\">Mi\u0119dzynarodowe ataki zorganizowane<\/h3>\n\n\n\n<p>Niezale\u017cnie od tego, ilu napastnik\u00f3w na festiwalu pochodzi\u0142o z Erytrei, a ilu z TPLF, byli oni dobrze zorganizowani na arenie mi\u0119dzynarodowej i mogli pochwali\u0107 si\u0119 oczywistym wsparciem finansowym w zakresie transportu i logistyki.&nbsp;W Europie, Kanadzie i Stanach Zjednoczonych wi\u0119kszo\u015b\u0107 nosi\u0142a jasnoniebieskie t-shirty z zielonymi insygniami, takimi jak flaga Erytrei przed uzyskaniem niepodleg\u0142o\u015bci.&nbsp;Ich broszura w Tacoma podkre\u015bla\u0142a koordynacj\u0119 z&nbsp;<a href=\"http:\/\/linktr.ee\/nehamedu\">drzewem link\u00f3w,<\/a>&nbsp;za pomoc\u0105 kt\u00f3rego mo\u017cna dzwoni\u0107 i wysy\u0142a\u0107 e-maile do burmistrza i dyrektora centrum kongresowego Tacoma z \u017c\u0105daniem odwo\u0142ania wydarzenia.<\/p>\n\n\n\n<p>Zar\u00f3wno w Toronto, jak i Seattle\/Tacoma ci\u0119\u017car\u00f3wki wy\u015bwietlaj\u0105ce ogromne ekrany wideo parkowa\u0142y przed erytrejskimi festiwalami i atakowa\u0142y uczestnik\u00f3w propagand\u0105 TPLF.&nbsp;Takie pojazdy obs\u0142uguj\u0105ce wideo kosztuj\u0105 zazwyczaj 5000 USD dziennie.<\/p>\n\n\n\n<p>Petycje Change.org \u017c\u0105da\u0142y odwo\u0142ania festiwali w Toronto, Seattle\/Tacoma i Edmonton.<\/p>\n\n\n\n<p>Napastnicy sprowadzili przemoc na erytrejskie festiwale na ca\u0142ym Zachodzie w lipcu i sierpniu:<\/p>\n\n\n\n<figure class=\"wp-block-image size-full\"><img loading=\"lazy\" decoding=\"async\" width=\"546\" height=\"787\" src=\"https:\/\/wia.net.pl\/wp-content\/uploads\/2023\/08\/Zrzut-ekranu-2023-08-29-181156.png\" alt=\"\" class=\"wp-image-4272\" srcset=\"https:\/\/wia.net.pl\/wp-content\/uploads\/2023\/08\/Zrzut-ekranu-2023-08-29-181156.png 546w, https:\/\/wia.net.pl\/wp-content\/uploads\/2023\/08\/Zrzut-ekranu-2023-08-29-181156-208x300.png 208w\" sizes=\"(max-width: 546px) 100vw, 546px\" \/><\/figure>\n\n\n\n<p><strong><\/strong><strong>9 lipca&nbsp;<\/strong><strong>w Giessen w Niemczech (84 000 mieszka\u0144c\u00f3w)&nbsp;<\/strong>antyerytrejski&nbsp;t\u0142um pr\u00f3bowa\u0142 wtargn\u0105\u0107 na erytrejski festiwal, rani\u0105c 26 niemieckich funkcjonariuszy policji, kt\u00f3rzy ich powstrzymywali.&nbsp;Wezwano setki funkcjonariuszy, aby zatrzymali ruch i aresztowali 100 os\u00f3b.&nbsp;Policja wyda\u0142a o\u015bwiadczenie, w kt\u00f3rym stwierdzi\u0142a, \u017ce \u200b\u200bnapastnicy rzucali w policj\u0119 butelkami i kamieniami, uszkodzili pojazdy i zerwali ogrodzenie wok\u00f3\u0142 miejsca festiwalu.&nbsp;BBC&nbsp;<a href=\"https:\/\/www.bbc.com\/news\/world-europe-66145900\">poda\u0142o<\/a>&nbsp;, \u017ce rzucali kamieniami tak\u017ce w autobusy wioz\u0105ce uczestnik\u00f3w na festiwal.&nbsp;<strong><\/strong><a href=\"https:\/\/www.bbc.com\/news\/world-europe-66145900\"><\/a><\/p>\n\n\n\n<p><strong>W Londynie&nbsp;<\/strong>w\u0142adze&nbsp;<a href=\"https:\/\/eritreahub.org\/london-lambeth-cancels-eritrean-government-festival-sunday-4-september\">odwo\u0142a\u0142y festiwal erytrejski<\/a>&nbsp;w dzielnicy Lambeth z powodu przemocy w Giessen.<\/p>\n\n\n\n<figure class=\"wp-block-image size-full\"><img loading=\"lazy\" decoding=\"async\" width=\"550\" height=\"662\" src=\"https:\/\/wia.net.pl\/wp-content\/uploads\/2023\/08\/Zrzut-ekranu-2023-08-29-184459.png\" alt=\"\" class=\"wp-image-4273\" srcset=\"https:\/\/wia.net.pl\/wp-content\/uploads\/2023\/08\/Zrzut-ekranu-2023-08-29-184459.png 550w, https:\/\/wia.net.pl\/wp-content\/uploads\/2023\/08\/Zrzut-ekranu-2023-08-29-184459-249x300.png 249w\" sizes=\"(max-width: 550px) 100vw, 550px\" \/><\/figure>\n\n\n\n<p><em>Sztokholm, 3 sierpnia.<\/em><\/p>\n\n\n\n<figure class=\"wp-block-image size-full\"><img loading=\"lazy\" decoding=\"async\" width=\"551\" height=\"798\" src=\"https:\/\/wia.net.pl\/wp-content\/uploads\/2023\/08\/Zrzut-ekranu-2023-08-29-184552.png\" alt=\"\" class=\"wp-image-4274\" srcset=\"https:\/\/wia.net.pl\/wp-content\/uploads\/2023\/08\/Zrzut-ekranu-2023-08-29-184552.png 551w, https:\/\/wia.net.pl\/wp-content\/uploads\/2023\/08\/Zrzut-ekranu-2023-08-29-184552-207x300.png 207w\" sizes=\"(max-width: 551px) 100vw, 551px\" \/><\/figure>\n\n\n\n<p><em>Sztokholm, 3 sierpnia.<\/em><\/p>\n\n\n\n<p><strong>3 sierpnia w Sztokholmie&nbsp;<\/strong>napastnicy faktycznie otrzymali pozwolenie na protest przeciwko festiwalowi&nbsp;<a href=\"https:\/\/www.youtube.com\/watch?v=G1NeBvUFcN0\">,<\/a>&nbsp;ale zosta\u0142o ono cofni\u0119te po tym, jak 1000 z nich&nbsp;<a href=\"https:\/\/www.youtube.com\/watch?v=CoGl-OA-JKE\">wtargn\u0119\u0142o na wydarzenie<\/a>&nbsp;, atakuj\u0105c uczestnik\u00f3w festiwalu kijami, kamieniami i kolcami do namiot\u00f3w, a nawet zapalaj\u0105c baldachimy i pojazdy na ulicach. ogie\u0144.&nbsp;Ponad&nbsp;<a href=\"https:\/\/www.france24.com\/en\/live-news\/20230803-at-least-7-hurt-100-detained-in-clashes-at-eritrean-stockholm-festival\">50 os\u00f3b zosta\u0142o rannych<\/a>&nbsp;, a policja poda\u0142a, \u017ce \u200b\u200bzatrzyma\u0142a oko\u0142o 100. W\u0142adze Sztokholmu og\u0142osi\u0142y p\u00f3\u017aniej, \u017ce wszcz\u0119\u0142y \u015bledztwo w sprawie brutalnych zamieszek, podpale\u0144 i utrudniania pracy policji i s\u0142u\u017cb ratowniczych.<\/p>\n\n\n\n<figure class=\"wp-block-image size-full\"><img loading=\"lazy\" decoding=\"async\" width=\"552\" height=\"537\" src=\"https:\/\/wia.net.pl\/wp-content\/uploads\/2023\/08\/Zrzut-ekranu-2023-08-29-184643.png\" alt=\"\" class=\"wp-image-4275\" srcset=\"https:\/\/wia.net.pl\/wp-content\/uploads\/2023\/08\/Zrzut-ekranu-2023-08-29-184643.png 552w, https:\/\/wia.net.pl\/wp-content\/uploads\/2023\/08\/Zrzut-ekranu-2023-08-29-184643-300x292.png 300w\" sizes=\"(max-width: 552px) 100vw, 552px\" \/><\/figure>\n\n\n\n<figure class=\"wp-block-image size-full\"><img loading=\"lazy\" decoding=\"async\" width=\"553\" height=\"796\" src=\"https:\/\/wia.net.pl\/wp-content\/uploads\/2023\/08\/Zrzut-ekranu-2023-08-29-184757.png\" alt=\"\" class=\"wp-image-4276\" srcset=\"https:\/\/wia.net.pl\/wp-content\/uploads\/2023\/08\/Zrzut-ekranu-2023-08-29-184757.png 553w, https:\/\/wia.net.pl\/wp-content\/uploads\/2023\/08\/Zrzut-ekranu-2023-08-29-184757-208x300.png 208w\" sizes=\"(max-width: 553px) 100vw, 553px\" \/><\/figure>\n\n\n\n<p><strong>5 sierpnia w Toronto\u00a0<\/strong>antyerytrejscy chuligani wtargn\u0119li na festiwal erytrejski, powoduj\u0105c tak wiele przemocy, \u017ce w\u0142adze Toronto cofn\u0119\u0142y w po\u0142owie festiwalu\u00a0<a href=\"https:\/\/www.youtube.com\/watch?v=BlfgQbuaBeU\">pozwolenie na<\/a>\u00a0park , ale program odbywa\u0142 si\u0119 w pomieszczeniach zamkni\u0119tych.\u00a0Dziewi\u0119\u0107 os\u00f3b zosta\u0142o rannych, a jedna zosta\u0142a ugodzona no\u017cem.\u00a0<a href=\"https:\/\/www.youtube.com\/watch?v=n0E6-WP9a0I\">Wed\u0142ug doniesie\u0144 niekt\u00f3rzy uczestnicy festiwalu stawiali op\u00f3r<\/a>\u00a0.\u00a0<\/p>\n\n\n\n<p><strong>W Edmonton przed festiwalem odbywaj\u0105cym si\u0119 19 i 20 sierpnia<\/strong>&nbsp;si\u0142y antyerytrejskie&nbsp;<a href=\"https:\/\/www.change.org\/p\/request-to-stop-the-festival-organized-by-the-eritrean-regime-in-edmonton-alberta-canada?original_footer_petition_id=34150271&amp;algorithm=promoted&amp;source_location=petition_footer&amp;grid_position=11&amp;pt=AVBldGl0aW9uABZONAIAAAAAZNO7s1%2FRU2w1MTVjM2Y3NQ%3D%3D\">prowadzi\u0142y kampani\u0119<\/a>&nbsp;na rzecz cofni\u0119cia pozwolenia, ale tak si\u0119 nie sta\u0142o.<\/p>\n\n\n\n<p>Wszystkie ataki na festiwale by\u0142y atakami na najbardziej podstawowe prawa do wolno\u015bci s\u0142owa i pokojowych zgromadze\u0144 zagwarantowane w konstytucjach ka\u017cdego narodu, w kt\u00f3rym mia\u0142y miejsce.&nbsp;&nbsp;<\/p>\n\n\n\n<p>Ich cel by\u0142 dwojaki.&nbsp;Pierwszym by\u0142o spowodowanie tak wielu problem\u00f3w, \u017ce festiwale zosta\u0142y odwo\u0142ane lub wstrzymane w po\u0142owie, tak jak mia\u0142o to miejsce w Toronto, oraz uniemo\u017cliwienie jakiemukolwiek miastu, hotelowi lub centrum kongresowemu wyra\u017cenia zgody na organizacj\u0119 przysz\u0142orocznych festiwali.&nbsp;<\/p>\n\n\n\n<p>Drugim by\u0142o wywo\u0142anie z\u0142ej prasy dla Erytrei, co wyra\u017anie si\u0119 uda\u0142o.&nbsp;Wi\u0119kszo\u015b\u0107 medi\u00f3w establishmentu przekr\u0119ca\u0142a t\u0119 histori\u0119, obwiniaj\u0105c Erytre\u0119 za przemoc, pi\u0119tnuj\u0105c j\u0105 jako represyjn\u0105 dyktatur\u0119, jakby to \u2013 nawet je\u015bli to prawda \u2013 usprawiedliwia\u0142o przemoc wobec widz\u00f3w festiwali.&nbsp;&nbsp;<\/p>\n\n\n\n<p>W&nbsp;<a href=\"https:\/\/toronto.citynews.ca\/video\/2023\/08\/05\/eritrean-festival-turns-violent\/\">audycji Toronto City News<\/a>&nbsp;pojawi\u0142 si\u0119 materia\u0142 wideo przedstawiaj\u0105cy prezydenta Erytrei Isaiasa Afwerki rozmawiaj\u0105cego z W\u0142adimirem Putinem przy stole konferencyjnym podczas szczytu Rosja-Afryka w Petersburgu.&nbsp;<\/p>\n\n\n\n<p>Associated Press opublikowa\u0142a szeroko publikowany artyku\u0142: \u201e&nbsp;<a href=\"https:\/\/torontosun.com\/news\/world\/eritreas-repressive-government-criticizes-exiles-who-attack-overseas-festivals-as-asylum-scum\">Represyjny rz\u0105d Erytrei krytykuje uchod\u017ac\u00f3w, kt\u00f3rzy atakuj\u0105 zagraniczne festiwale<\/a>&nbsp;, nazywaj\u0105c go \u201eszumowin\u0105 azylow\u0105\u201d, kt\u00f3ry \u201eToronto Sun\u201d zamie\u015bci\u0142 ze zdj\u0119ciem prezydenta Isaiasa \u015bciskaj\u0105cego d\u0142o\u0144 W\u0142adimirowi Putinowi:<\/p>\n\n\n<div class=\"wp-block-image\">\n<figure class=\"aligncenter\"><img decoding=\"async\" src=\"https:\/\/i0.wp.com\/thegrayzone.com\/wp-content\/uploads\/2023\/08\/Toronto-Sun-Eritrea-Festival.png?resize=1170%2C1268&amp;ssl=1\" alt=\"\" class=\"wp-image-91933\"\/><\/figure><\/div>\n\n\n<p>\u201eThe Guardian\u201d przy\u0142\u0105czy\u0142 si\u0119 do szale\u0144stwa obwiniania ofiar w&nbsp;<a href=\"https:\/\/www.theguardian.com\/world\/2023\/aug\/07\/toronto-eritrea-festival-canceled-human-rights-violation-protest-canada\">raporcie z 7 sierpnia, w<\/a>&nbsp;kt\u00f3rym uznano atak t\u0142umu za niezb\u0119dn\u0105 akcj\u0119 protestacyjn\u0105, kt\u00f3ra zwr\u00f3ci\u0142a \u201ebaczn\u0105 uwag\u0119 na \u0142amanie praw cz\u0142owieka\u201d.<\/p>\n\n\n\n<figure class=\"wp-block-image\"><img decoding=\"async\" src=\"https:\/\/i0.wp.com\/thegrayzone.com\/wp-content\/uploads\/2023\/08\/Guardian-Eritrea-Festival-1.png?resize=1170%2C1071&amp;ssl=1\" alt=\"\" class=\"wp-image-91934\"\/><\/figure>\n\n\n\n<p><a href=\"https:\/\/www.theguardian.com\/world\/2023\/aug\/12\/eritrean-diaspora-vow-to-continue-disrupting-festivals-that-promote-dictatorship#:~:text=Eritrean%20diaspora%20vow%20to%20continue%20disrupting%20festivals%20that%20'promote%20dictatorship'\">12 sierpnia<\/a>&nbsp;The&nbsp;Guardian doni\u00f3s\u0142:&nbsp;<\/p>\n\n\n\n<p>To, co ci brutalni \u201eaktywi\u015bci\u201d powiedzieli mediom g\u0142\u00f3wnego nurtu, nie mog\u0142o by\u0107 dalsze od prawdy.&nbsp;<\/p>\n\n\n\n<p>Festiwal w Seattle\/Tacoma zosta\u0142 zorganizowany przez Krajow\u0105 Rad\u0119 Amerykan\u00f3w Erytrei.&nbsp;Chocia\u017c wi\u0119kszo\u015b\u0107 obecnych mog\u0142a wspiera\u0107 rz\u0105d Erytrei, nie by\u0142o to wydarzenie polityczne.&nbsp;Uczestnicy przyszli \u015bpiewa\u0107 i ta\u0144czy\u0107, nawi\u0105zywa\u0107 kontakty, gra\u0107 w pi\u0142k\u0119 no\u017cn\u0105 i koszyk\u00f3wk\u0119 oraz delektowa\u0107 si\u0119 erytrejskim jedzeniem.&nbsp;Odby\u0142y si\u0119 warsztaty i panele dotycz\u0105ce tego, jak przetrwa\u0107 i rozwija\u0107 si\u0119 jako imigrant, a tak\u017ce warsztaty dla Erytrejczyk\u00f3w, kt\u00f3rzy tu studiowali i pracowali, a nast\u0119pnie zdecydowali si\u0119 wr\u00f3ci\u0107 do Erytrei.<\/p>\n\n\n\n<p>Flagi Erytrei i Ameryki po raz kolejny da\u0142y jasno do zrozumienia, \u017ce \u200b\u200bobecni to ci\u0119\u017cko pracuj\u0105cy, przestrzegaj\u0105cy prawa imigranci, doceniaj\u0105cy mo\u017cliwo\u015bci, jakie znale\u017ali w USA.<\/p>\n\n\n\n<p>Erytrejczycy organizuj\u0105 te festiwale od ponad czterdziestu lat i nie dosz\u0142o do \u017cadnych gwa\u0142townych incydent\u00f3w.<\/p>\n\n\n\n<p>W Tacoma zbierano fundusze nie tylko na leczenie raka w Erytrei, ale tak\u017ce na pokrycie koszt\u00f3w prawnych wynikaj\u0105cych z atak\u00f3w oraz dzia\u0142a\u0144 prawnych, kt\u00f3re bez w\u0105tpienia b\u0119d\u0105 wymagane w celu uzyskania pozwole\u0144 na przysz\u0142oroczne festiwale.&nbsp;<\/p>\n\n\n\n<p>Towarzystwo Niemiecko-Erytrejskie (DEG) wyda\u0142o&nbsp;<a href=\"http:\/\/dehai.org\/dehai\/dehai-news\/487185\">komunikat prasowy<\/a>&nbsp;, w kt\u00f3rym zadaje pytanie: \u201eJak to mo\u017cliwe, \u017ce rozp\u0119tany t\u0142um, gotowy posun\u0105\u0107 si\u0119 do skrajno\u015bci, kt\u00f3ry nie ukrywa\u0142 swoich zamiar\u00f3w na platformach medi\u00f3w spo\u0142eczno\u015bciowych, nie zosta\u0142 wcze\u015bniej zatrzymany przez pa\u0144stwo ?\u201d<\/p>\n\n\n\n<p>Odpowied\u017a jest jasna: Erytrea, podobnie jak Kuba, Nikaragua i Wenezuela, opar\u0142a si\u0119 neoliberalnemu modelowi narzuconemu przez Zach\u00f3d i stan\u0119\u0142a po \u201ez\u0142ej\u201d stronie nowej zimnej wojny.<\/p>\n\n\n\n<p>Ann Garrison jest redaktork\u0105 wsp\u00f3\u0142pracuj\u0105c\u0105 z raportem Black Agenda z siedzib\u0105 w rejonie Zatoki San Francisco.\u00a0W 2014 r. otrzyma\u0142a\u00a0<a href=\"http:\/\/www.rifdp-iwndp.org\/letter-from-ann-garrison-on-sharing-the-victoire-prize-with-pere-sampol-i-mas\/\">Nagrod\u0119 Demokracji i Pokoju im. Victoire Ingabire Umuhozy<\/a>\u00a0za promowanie pokoju poprzez reporta\u017ce na temat konflikt\u00f3w w regionie Wielkich Jezior Afryka\u0144skich.\u00a0Mo\u017cna si\u0119 z ni\u0105 skontaktowa\u0107 na Twitterze\u00a0<a href=\"https:\/\/web.archive.org\/web\/20210723162815\/https:\/twitter.com\/AnnGarrison\">@AnnGarrison<\/a>\u00a0i pod adresem ann(at)anngarrison(dot)com.<\/p>\n\n\n\n<p>Przedruk za zgod\u0105 The Grayzone<\/p>\n\n\n\n<p>Link \u017ar\u00f3d\u0142owy <a href=\"https:\/\/thegrayzone.com\/2023\/08\/19\/western-media-tpfl-mob-violence-eritrea\/\">https:\/\/thegrayzone.com\/2023\/08\/19\/western-media-tpfl-mob-violence-eritrea\/<\/a><\/p>\n","protected":false},"excerpt":{"rendered":"<p>Zachodnie media gloryfikuj\u0105 przemoc t\u0142umu TPLF wobec erytrejskich festiwali Autor, ANN GARRISON The Grayzone Tego lata brutalny t\u0142um zwi\u0105zany ze wspieranym przez USA Ludowym Frontem Wyzwolenia Tigray zaatakowa\u0142 erytrejskie festiwale w USA i Europie.&nbsp;Zachodnie media przedstawiaj\u0105 obecnie ukierunkowan\u0105 przemoc t\u0142umu&#8230; <\/p>\n","protected":false},"author":2,"featured_media":4270,"comment_status":"open","ping_status":"open","sticky":false,"template":"","format":"standard","meta":{"_acf_changed":false,"_bbp_topic_count":0,"_bbp_reply_count":0,"_bbp_total_topic_count":0,"_bbp_total_reply_count":0,"_bbp_voice_count":0,"_bbp_anonymous_reply_count":0,"_bbp_topic_count_hidden":0,"_bbp_reply_count_hidden":0,"_bbp_forum_subforum_count":0,"om_disable_all_campaigns":false,"_monsterinsights_skip_tracking":false,"footnotes":""},"categories":[93],"tags":[],"class_list":["post-4269","post","type-post","status-publish","format-standard","has-post-thumbnail","hentry","category-artykuly"],"acf":[],"aioseo_notices":[],"aioseo_head":"\n\t\t<!-- All in One SEO 5.0.1.1 - aioseo.com -->\n\t<meta name=\"description\" content=\"Zachodnie media gloryfikuj\u0105 przemoc t\u0142umu TPLF wobec erytrejskich festiwali Autor, ANN GARRISON The Grayzone Tego lata brutalny t\u0142um zwi\u0105zany ze wspieranym przez USA Ludowym Frontem Wyzwolenia Tigray zaatakowa\u0142 erytrejskie festiwale w USA i Europie. Zachodnie media przedstawiaj\u0105 obecnie ukierunkowan\u0105 przemoc t\u0142umu jako uzasadniony protest przeciwko rz\u0105dowi Erytrei. Od 40 lat na ca\u0142ym \u015bwiecie odbywaj\u0105 si\u0119 festiwale\" \/>\n\t<meta name=\"robots\" content=\"max-image-preview:large\" \/>\n\t<meta name=\"author\" content=\"trinity\"\/>\n\t<link rel=\"canonical\" href=\"https:\/\/wia.net.pl\/index.php\/2023\/08\/29\/przemoc-tlumu-tplf-wobec-erytrejskich-festiwali\/\" \/>\n\t<meta name=\"generator\" content=\"All in One SEO (AIOSEO) 5.0.1.1\" \/>\n\t\t<meta property=\"og:locale\" content=\"pl_PL\" \/>\n\t\t<meta property=\"og:site_name\" content=\"Wolno\u015b\u0107 i Anarchia - Ka\u017cdy wewn\u0119trznie jest anarchist\u0105.\" \/>\n\t\t<meta property=\"og:type\" content=\"article\" \/>\n\t\t<meta property=\"og:title\" content=\"Przemoc t\u0142umu TPLF wobec erytrejskich festiwali - Wolno\u015b\u0107 i Anarchia\" \/>\n\t\t<meta property=\"og:description\" content=\"Zachodnie media gloryfikuj\u0105 przemoc t\u0142umu TPLF wobec erytrejskich festiwali Autor, ANN GARRISON The Grayzone Tego lata brutalny t\u0142um zwi\u0105zany ze wspieranym przez USA Ludowym Frontem Wyzwolenia Tigray zaatakowa\u0142 erytrejskie festiwale w USA i Europie. Zachodnie media przedstawiaj\u0105 obecnie ukierunkowan\u0105 przemoc t\u0142umu jako uzasadniony protest przeciwko rz\u0105dowi Erytrei. Od 40 lat na ca\u0142ym \u015bwiecie odbywaj\u0105 si\u0119 festiwale\" \/>\n\t\t<meta property=\"og:url\" content=\"https:\/\/wia.net.pl\/index.php\/2023\/08\/29\/przemoc-tlumu-tplf-wobec-erytrejskich-festiwali\/\" \/>\n\t\t<meta property=\"og:image\" content=\"https:\/\/wia.net.pl\/wp-content\/uploads\/2023\/11\/cropped-freedom-i73367.jpg\" \/>\n\t\t<meta property=\"og:image:secure_url\" content=\"https:\/\/wia.net.pl\/wp-content\/uploads\/2023\/11\/cropped-freedom-i73367.jpg\" \/>\n\t\t<meta property=\"article:published_time\" content=\"2023-08-29T16:49:47+00:00\" \/>\n\t\t<meta property=\"article:modified_time\" content=\"2023-08-29T16:49:48+00:00\" \/>\n\t\t<meta name=\"twitter:card\" content=\"summary_large_image\" \/>\n\t\t<meta name=\"twitter:title\" content=\"Przemoc t\u0142umu TPLF wobec erytrejskich festiwali - Wolno\u015b\u0107 i Anarchia\" \/>\n\t\t<meta name=\"twitter:description\" content=\"Zachodnie media gloryfikuj\u0105 przemoc t\u0142umu TPLF wobec erytrejskich festiwali Autor, ANN GARRISON The Grayzone Tego lata brutalny t\u0142um zwi\u0105zany ze wspieranym przez USA Ludowym Frontem Wyzwolenia Tigray zaatakowa\u0142 erytrejskie festiwale w USA i Europie. Zachodnie media przedstawiaj\u0105 obecnie ukierunkowan\u0105 przemoc t\u0142umu jako uzasadniony protest przeciwko rz\u0105dowi Erytrei. Od 40 lat na ca\u0142ym \u015bwiecie odbywaj\u0105 si\u0119 festiwale\" \/>\n\t\t<meta name=\"twitter:image\" content=\"https:\/\/wia.net.pl\/wp-content\/uploads\/2023\/11\/cropped-freedom-i73367.jpg\" \/>\n\t\t<script type=\"application\/ld+json\" class=\"aioseo-schema\">\n\t\t\t{\"@context\":\"https:\\\/\\\/schema.org\",\"@graph\":[{\"@type\":\"BlogPosting\",\"@id\":\"https:\\\/\\\/wia.net.pl\\\/index.php\\\/2023\\\/08\\\/29\\\/przemoc-tlumu-tplf-wobec-erytrejskich-festiwali\\\/#blogposting\",\"name\":\"Przemoc t\\u0142umu TPLF wobec erytrejskich festiwali - Wolno\\u015b\\u0107 i Anarchia\",\"headline\":\"Przemoc t\\u0142umu TPLF wobec erytrejskich festiwali\",\"author\":{\"@id\":\"https:\\\/\\\/wia.net.pl\\\/index.php\\\/author\\\/trinity\\\/#author\"},\"publisher\":{\"@id\":\"https:\\\/\\\/wia.net.pl\\\/#person\"},\"image\":{\"@type\":\"ImageObject\",\"url\":\"https:\\\/\\\/wia.net.pl\\\/wp-content\\\/uploads\\\/2023\\\/08\\\/Screenshot-2023-08-19-at-2.02.22-AM.webp\",\"width\":2048,\"height\":1080},\"datePublished\":\"2023-08-29T18:49:47+02:00\",\"dateModified\":\"2023-08-29T18:49:48+02:00\",\"inLanguage\":\"pl-PL\",\"mainEntityOfPage\":{\"@id\":\"https:\\\/\\\/wia.net.pl\\\/index.php\\\/2023\\\/08\\\/29\\\/przemoc-tlumu-tplf-wobec-erytrejskich-festiwali\\\/#webpage\"},\"isPartOf\":{\"@id\":\"https:\\\/\\\/wia.net.pl\\\/index.php\\\/2023\\\/08\\\/29\\\/przemoc-tlumu-tplf-wobec-erytrejskich-festiwali\\\/#webpage\"},\"articleSection\":\"Artyku\\u0142y\"},{\"@type\":\"BreadcrumbList\",\"@id\":\"https:\\\/\\\/wia.net.pl\\\/index.php\\\/2023\\\/08\\\/29\\\/przemoc-tlumu-tplf-wobec-erytrejskich-festiwali\\\/#breadcrumblist\",\"itemListElement\":[{\"@type\":\"ListItem\",\"@id\":\"https:\\\/\\\/wia.net.pl#listItem\",\"position\":1,\"name\":\"Home\",\"item\":\"https:\\\/\\\/wia.net.pl\",\"nextItem\":{\"@type\":\"ListItem\",\"@id\":\"https:\\\/\\\/wia.net.pl\\\/index.php\\\/category\\\/artykuly\\\/#listItem\",\"name\":\"Artyku\\u0142y\"}},{\"@type\":\"ListItem\",\"@id\":\"https:\\\/\\\/wia.net.pl\\\/index.php\\\/category\\\/artykuly\\\/#listItem\",\"position\":2,\"name\":\"Artyku\\u0142y\",\"item\":\"https:\\\/\\\/wia.net.pl\\\/index.php\\\/category\\\/artykuly\\\/\",\"nextItem\":{\"@type\":\"ListItem\",\"@id\":\"https:\\\/\\\/wia.net.pl\\\/index.php\\\/2023\\\/08\\\/29\\\/przemoc-tlumu-tplf-wobec-erytrejskich-festiwali\\\/#listItem\",\"name\":\"Przemoc t\\u0142umu TPLF wobec erytrejskich festiwali\"},\"previousItem\":{\"@type\":\"ListItem\",\"@id\":\"https:\\\/\\\/wia.net.pl#listItem\",\"name\":\"Home\"}},{\"@type\":\"ListItem\",\"@id\":\"https:\\\/\\\/wia.net.pl\\\/index.php\\\/2023\\\/08\\\/29\\\/przemoc-tlumu-tplf-wobec-erytrejskich-festiwali\\\/#listItem\",\"position\":3,\"name\":\"Przemoc t\\u0142umu TPLF wobec erytrejskich festiwali\",\"previousItem\":{\"@type\":\"ListItem\",\"@id\":\"https:\\\/\\\/wia.net.pl\\\/index.php\\\/category\\\/artykuly\\\/#listItem\",\"name\":\"Artyku\\u0142y\"}}]},{\"@type\":\"Person\",\"@id\":\"https:\\\/\\\/wia.net.pl\\\/#person\",\"name\":\"Bart\\u0142omiej Talarczyk\",\"image\":{\"@type\":\"ImageObject\",\"@id\":\"https:\\\/\\\/wia.net.pl\\\/index.php\\\/2023\\\/08\\\/29\\\/przemoc-tlumu-tplf-wobec-erytrejskich-festiwali\\\/#personImage\",\"url\":\"https:\\\/\\\/wia.net.pl\\\/wp-content\\\/uploads\\\/avatar-privacy\\\/cache\\\/user\\\/1\\\/7\\\/176a6b161c58363ff49b5c167264231f519f5c7fa183ca1f61e891769b6b56d5-96.jpg\",\"width\":96,\"height\":96,\"caption\":\"Bart\\u0142omiej Talarczyk\"}},{\"@type\":\"Person\",\"@id\":\"https:\\\/\\\/wia.net.pl\\\/index.php\\\/author\\\/trinity\\\/#author\",\"url\":\"https:\\\/\\\/wia.net.pl\\\/index.php\\\/author\\\/trinity\\\/\",\"name\":\"trinity\",\"image\":{\"@type\":\"ImageObject\",\"@id\":\"https:\\\/\\\/wia.net.pl\\\/index.php\\\/2023\\\/08\\\/29\\\/przemoc-tlumu-tplf-wobec-erytrejskich-festiwali\\\/#authorImage\",\"url\":\"https:\\\/\\\/wia.net.pl\\\/wp-content\\\/uploads\\\/avatar-privacy\\\/cache\\\/user\\\/5\\\/f\\\/5f6547cf82495eaa10e100a6a45d5dbde2dfdc1be88557de2018fca705bdf6f1-96.jpg\",\"width\":96,\"height\":96,\"caption\":\"trinity\"}},{\"@type\":\"WebPage\",\"@id\":\"https:\\\/\\\/wia.net.pl\\\/index.php\\\/2023\\\/08\\\/29\\\/przemoc-tlumu-tplf-wobec-erytrejskich-festiwali\\\/#webpage\",\"url\":\"https:\\\/\\\/wia.net.pl\\\/index.php\\\/2023\\\/08\\\/29\\\/przemoc-tlumu-tplf-wobec-erytrejskich-festiwali\\\/\",\"name\":\"Przemoc t\\u0142umu TPLF wobec erytrejskich festiwali - Wolno\\u015b\\u0107 i Anarchia\",\"description\":\"Zachodnie media gloryfikuj\\u0105 przemoc t\\u0142umu TPLF wobec erytrejskich festiwali Autor, ANN GARRISON The Grayzone Tego lata brutalny t\\u0142um zwi\\u0105zany ze wspieranym przez USA Ludowym Frontem Wyzwolenia Tigray zaatakowa\\u0142 erytrejskie festiwale w USA i Europie. Zachodnie media przedstawiaj\\u0105 obecnie ukierunkowan\\u0105 przemoc t\\u0142umu jako uzasadniony protest przeciwko rz\\u0105dowi Erytrei. Od 40 lat na ca\\u0142ym \\u015bwiecie odbywaj\\u0105 si\\u0119 festiwale\",\"inLanguage\":\"pl-PL\",\"isPartOf\":{\"@id\":\"https:\\\/\\\/wia.net.pl\\\/#website\"},\"breadcrumb\":{\"@id\":\"https:\\\/\\\/wia.net.pl\\\/index.php\\\/2023\\\/08\\\/29\\\/przemoc-tlumu-tplf-wobec-erytrejskich-festiwali\\\/#breadcrumblist\"},\"author\":{\"@id\":\"https:\\\/\\\/wia.net.pl\\\/index.php\\\/author\\\/trinity\\\/#author\"},\"creator\":{\"@id\":\"https:\\\/\\\/wia.net.pl\\\/index.php\\\/author\\\/trinity\\\/#author\"},\"image\":{\"@type\":\"ImageObject\",\"url\":\"https:\\\/\\\/wia.net.pl\\\/wp-content\\\/uploads\\\/2023\\\/08\\\/Screenshot-2023-08-19-at-2.02.22-AM.webp\",\"@id\":\"https:\\\/\\\/wia.net.pl\\\/index.php\\\/2023\\\/08\\\/29\\\/przemoc-tlumu-tplf-wobec-erytrejskich-festiwali\\\/#mainImage\",\"width\":2048,\"height\":1080},\"primaryImageOfPage\":{\"@id\":\"https:\\\/\\\/wia.net.pl\\\/index.php\\\/2023\\\/08\\\/29\\\/przemoc-tlumu-tplf-wobec-erytrejskich-festiwali\\\/#mainImage\"},\"datePublished\":\"2023-08-29T18:49:47+02:00\",\"dateModified\":\"2023-08-29T18:49:48+02:00\"},{\"@type\":\"WebSite\",\"@id\":\"https:\\\/\\\/wia.net.pl\\\/#website\",\"url\":\"https:\\\/\\\/wia.net.pl\\\/\",\"name\":\"Wolno\\u015b\\u0107 i Anarchia\",\"description\":\"Ka\\u017cdy wewn\\u0119trznie jest anarchist\\u0105.\",\"inLanguage\":\"pl-PL\",\"publisher\":{\"@id\":\"https:\\\/\\\/wia.net.pl\\\/#person\"}}]}\n\t\t<\/script>\n\t\t<!-- All in One SEO -->\n\n","aioseo_head_json":{"title":"Przemoc t\u0142umu TPLF wobec erytrejskich festiwali - Wolno\u015b\u0107 i Anarchia","description":"Zachodnie media gloryfikuj\u0105 przemoc t\u0142umu TPLF wobec erytrejskich festiwali Autor, ANN GARRISON The Grayzone Tego lata brutalny t\u0142um zwi\u0105zany ze wspieranym przez USA Ludowym Frontem Wyzwolenia Tigray zaatakowa\u0142 erytrejskie festiwale w USA i Europie. Zachodnie media przedstawiaj\u0105 obecnie ukierunkowan\u0105 przemoc t\u0142umu jako uzasadniony protest przeciwko rz\u0105dowi Erytrei. Od 40 lat na ca\u0142ym \u015bwiecie odbywaj\u0105 si\u0119 festiwale","canonical_url":"https:\/\/wia.net.pl\/index.php\/2023\/08\/29\/przemoc-tlumu-tplf-wobec-erytrejskich-festiwali\/","robots":"max-image-preview:large","keywords":"","webmasterTools":{"miscellaneous":""},"schema":{"@context":"https:\/\/schema.org","@graph":[{"@type":"BlogPosting","@id":"https:\/\/wia.net.pl\/index.php\/2023\/08\/29\/przemoc-tlumu-tplf-wobec-erytrejskich-festiwali\/#blogposting","name":"Przemoc t\u0142umu TPLF wobec erytrejskich festiwali - Wolno\u015b\u0107 i Anarchia","headline":"Przemoc t\u0142umu TPLF wobec erytrejskich festiwali","author":{"@id":"https:\/\/wia.net.pl\/index.php\/author\/trinity\/#author"},"publisher":{"@id":"https:\/\/wia.net.pl\/#person"},"image":{"@type":"ImageObject","url":"https:\/\/wia.net.pl\/wp-content\/uploads\/2023\/08\/Screenshot-2023-08-19-at-2.02.22-AM.webp","width":2048,"height":1080},"datePublished":"2023-08-29T18:49:47+02:00","dateModified":"2023-08-29T18:49:48+02:00","inLanguage":"pl-PL","mainEntityOfPage":{"@id":"https:\/\/wia.net.pl\/index.php\/2023\/08\/29\/przemoc-tlumu-tplf-wobec-erytrejskich-festiwali\/#webpage"},"isPartOf":{"@id":"https:\/\/wia.net.pl\/index.php\/2023\/08\/29\/przemoc-tlumu-tplf-wobec-erytrejskich-festiwali\/#webpage"},"articleSection":"Artyku\u0142y"},{"@type":"BreadcrumbList","@id":"https:\/\/wia.net.pl\/index.php\/2023\/08\/29\/przemoc-tlumu-tplf-wobec-erytrejskich-festiwali\/#breadcrumblist","itemListElement":[{"@type":"ListItem","@id":"https:\/\/wia.net.pl#listItem","position":1,"name":"Home","item":"https:\/\/wia.net.pl","nextItem":{"@type":"ListItem","@id":"https:\/\/wia.net.pl\/index.php\/category\/artykuly\/#listItem","name":"Artyku\u0142y"}},{"@type":"ListItem","@id":"https:\/\/wia.net.pl\/index.php\/category\/artykuly\/#listItem","position":2,"name":"Artyku\u0142y","item":"https:\/\/wia.net.pl\/index.php\/category\/artykuly\/","nextItem":{"@type":"ListItem","@id":"https:\/\/wia.net.pl\/index.php\/2023\/08\/29\/przemoc-tlumu-tplf-wobec-erytrejskich-festiwali\/#listItem","name":"Przemoc t\u0142umu TPLF wobec erytrejskich festiwali"},"previousItem":{"@type":"ListItem","@id":"https:\/\/wia.net.pl#listItem","name":"Home"}},{"@type":"ListItem","@id":"https:\/\/wia.net.pl\/index.php\/2023\/08\/29\/przemoc-tlumu-tplf-wobec-erytrejskich-festiwali\/#listItem","position":3,"name":"Przemoc t\u0142umu TPLF wobec erytrejskich festiwali","previousItem":{"@type":"ListItem","@id":"https:\/\/wia.net.pl\/index.php\/category\/artykuly\/#listItem","name":"Artyku\u0142y"}}]},{"@type":"Person","@id":"https:\/\/wia.net.pl\/#person","name":"Bart\u0142omiej Talarczyk","image":{"@type":"ImageObject","@id":"https:\/\/wia.net.pl\/index.php\/2023\/08\/29\/przemoc-tlumu-tplf-wobec-erytrejskich-festiwali\/#personImage","url":"https:\/\/wia.net.pl\/wp-content\/uploads\/avatar-privacy\/cache\/user\/1\/7\/176a6b161c58363ff49b5c167264231f519f5c7fa183ca1f61e891769b6b56d5-96.jpg","width":96,"height":96,"caption":"Bart\u0142omiej Talarczyk"}},{"@type":"Person","@id":"https:\/\/wia.net.pl\/index.php\/author\/trinity\/#author","url":"https:\/\/wia.net.pl\/index.php\/author\/trinity\/","name":"trinity","image":{"@type":"ImageObject","@id":"https:\/\/wia.net.pl\/index.php\/2023\/08\/29\/przemoc-tlumu-tplf-wobec-erytrejskich-festiwali\/#authorImage","url":"https:\/\/wia.net.pl\/wp-content\/uploads\/avatar-privacy\/cache\/user\/5\/f\/5f6547cf82495eaa10e100a6a45d5dbde2dfdc1be88557de2018fca705bdf6f1-96.jpg","width":96,"height":96,"caption":"trinity"}},{"@type":"WebPage","@id":"https:\/\/wia.net.pl\/index.php\/2023\/08\/29\/przemoc-tlumu-tplf-wobec-erytrejskich-festiwali\/#webpage","url":"https:\/\/wia.net.pl\/index.php\/2023\/08\/29\/przemoc-tlumu-tplf-wobec-erytrejskich-festiwali\/","name":"Przemoc t\u0142umu TPLF wobec erytrejskich festiwali - Wolno\u015b\u0107 i Anarchia","description":"Zachodnie media gloryfikuj\u0105 przemoc t\u0142umu TPLF wobec erytrejskich festiwali Autor, ANN GARRISON The Grayzone Tego lata brutalny t\u0142um zwi\u0105zany ze wspieranym przez USA Ludowym Frontem Wyzwolenia Tigray zaatakowa\u0142 erytrejskie festiwale w USA i Europie. Zachodnie media przedstawiaj\u0105 obecnie ukierunkowan\u0105 przemoc t\u0142umu jako uzasadniony protest przeciwko rz\u0105dowi Erytrei. Od 40 lat na ca\u0142ym \u015bwiecie odbywaj\u0105 si\u0119 festiwale","inLanguage":"pl-PL","isPartOf":{"@id":"https:\/\/wia.net.pl\/#website"},"breadcrumb":{"@id":"https:\/\/wia.net.pl\/index.php\/2023\/08\/29\/przemoc-tlumu-tplf-wobec-erytrejskich-festiwali\/#breadcrumblist"},"author":{"@id":"https:\/\/wia.net.pl\/index.php\/author\/trinity\/#author"},"creator":{"@id":"https:\/\/wia.net.pl\/index.php\/author\/trinity\/#author"},"image":{"@type":"ImageObject","url":"https:\/\/wia.net.pl\/wp-content\/uploads\/2023\/08\/Screenshot-2023-08-19-at-2.02.22-AM.webp","@id":"https:\/\/wia.net.pl\/index.php\/2023\/08\/29\/przemoc-tlumu-tplf-wobec-erytrejskich-festiwali\/#mainImage","width":2048,"height":1080},"primaryImageOfPage":{"@id":"https:\/\/wia.net.pl\/index.php\/2023\/08\/29\/przemoc-tlumu-tplf-wobec-erytrejskich-festiwali\/#mainImage"},"datePublished":"2023-08-29T18:49:47+02:00","dateModified":"2023-08-29T18:49:48+02:00"},{"@type":"WebSite","@id":"https:\/\/wia.net.pl\/#website","url":"https:\/\/wia.net.pl\/","name":"Wolno\u015b\u0107 i Anarchia","description":"Ka\u017cdy wewn\u0119trznie jest anarchist\u0105.","inLanguage":"pl-PL","publisher":{"@id":"https:\/\/wia.net.pl\/#person"}}]},"og:locale":"pl_PL","og:site_name":"Wolno\u015b\u0107 i Anarchia - Ka\u017cdy wewn\u0119trznie jest anarchist\u0105.","og:type":"article","og:title":"Przemoc t\u0142umu TPLF wobec erytrejskich festiwali - Wolno\u015b\u0107 i Anarchia","og:description":"Zachodnie media gloryfikuj\u0105 przemoc t\u0142umu TPLF wobec erytrejskich festiwali Autor, ANN GARRISON The Grayzone Tego lata brutalny t\u0142um zwi\u0105zany ze wspieranym przez USA Ludowym Frontem Wyzwolenia Tigray zaatakowa\u0142 erytrejskie festiwale w USA i Europie. Zachodnie media przedstawiaj\u0105 obecnie ukierunkowan\u0105 przemoc t\u0142umu jako uzasadniony protest przeciwko rz\u0105dowi Erytrei. Od 40 lat na ca\u0142ym \u015bwiecie odbywaj\u0105 si\u0119 festiwale","og:url":"https:\/\/wia.net.pl\/index.php\/2023\/08\/29\/przemoc-tlumu-tplf-wobec-erytrejskich-festiwali\/","og:image":"https:\/\/wia.net.pl\/wp-content\/uploads\/2023\/11\/cropped-freedom-i73367.jpg","og:image:secure_url":"https:\/\/wia.net.pl\/wp-content\/uploads\/2023\/11\/cropped-freedom-i73367.jpg","article:published_time":"2023-08-29T16:49:47+00:00","article:modified_time":"2023-08-29T16:49:48+00:00","twitter:card":"summary_large_image","twitter:title":"Przemoc t\u0142umu TPLF wobec erytrejskich festiwali - Wolno\u015b\u0107 i Anarchia","twitter:description":"Zachodnie media gloryfikuj\u0105 przemoc t\u0142umu TPLF wobec erytrejskich festiwali Autor, ANN GARRISON The Grayzone Tego lata brutalny t\u0142um zwi\u0105zany ze wspieranym przez USA Ludowym Frontem Wyzwolenia Tigray zaatakowa\u0142 erytrejskie festiwale w USA i Europie. Zachodnie media przedstawiaj\u0105 obecnie ukierunkowan\u0105 przemoc t\u0142umu jako uzasadniony protest przeciwko rz\u0105dowi Erytrei. Od 40 lat na ca\u0142ym \u015bwiecie odbywaj\u0105 si\u0119 festiwale","twitter:image":"https:\/\/wia.net.pl\/wp-content\/uploads\/2023\/11\/cropped-freedom-i73367.jpg"},"aioseo_meta_data":{"post_id":"4269","title":null,"description":null,"keywords":[],"keyphrases":{"focus":{"keyphrase":"","score":0,"analysis":{"keyphraseInTitle":{"score":0,"maxScore":9,"error":1}}},"additional":[]},"primary_term":null,"canonical_url":null,"og_title":null,"og_description":null,"og_object_type":"default","og_image_type":"default","og_image_url":null,"og_image_width":null,"og_image_height":null,"og_image_custom_url":null,"og_image_custom_fields":null,"og_video":"","og_custom_url":null,"og_article_section":null,"og_article_tags":[],"twitter_use_og":false,"twitter_card":"default","twitter_image_type":"default","twitter_image_url":null,"twitter_image_custom_url":null,"twitter_image_custom_fields":null,"twitter_title":null,"twitter_description":null,"schema":{"blockGraphs":[],"customGraphs":[],"default":{"data":{"Article":[],"Course":[],"Dataset":[],"FAQPage":[],"Movie":[],"Person":[],"Product":[],"ProductReview":[],"Car":[],"Recipe":[],"Service":[],"SoftwareApplication":[],"WebPage":[]},"graphName":"BlogPosting","isEnabled":true},"graphs":[]},"schema_type":"default","schema_type_options":null,"pillar_content":false,"robots_default":true,"robots_noindex":false,"robots_noarchive":false,"robots_nosnippet":false,"robots_nofollow":false,"robots_noimageindex":false,"robots_noodp":false,"robots_notranslate":false,"robots_max_snippet":"-1","robots_max_videopreview":"-1","robots_max_imagepreview":"large","priority":null,"frequency":"default","local_seo":null,"breadcrumb_settings":null,"limit_modified_date":false,"ai":null,"created":"2023-08-29 16:49:48","updated":"2025-06-04 09:10:38","seo_analyzer_scan_date":null,"focus_keyword":null,"additional_keywords":null,"truseo_locale":null},"aioseo_breadcrumb":"<div class=\"aioseo-breadcrumbs\"><span class=\"aioseo-breadcrumb\">\n\t\t\t<a href=\"https:\/\/wia.net.pl\" title=\"Home\">Home<\/a>\n\t\t<\/span><span class=\"aioseo-breadcrumb-separator\">&raquo;<\/span><span class=\"aioseo-breadcrumb\">\n\t\t\t<a href=\"https:\/\/wia.net.pl\/index.php\/category\/artykuly\/\" title=\"Artyku\u0142y\">Artyku\u0142y<\/a>\n\t\t<\/span><span class=\"aioseo-breadcrumb-separator\">&raquo;<\/span><span class=\"aioseo-breadcrumb\">\n\t\t\tPrzemoc t\u0142umu TPLF wobec erytrejskich festiwali\n\t\t<\/span><\/div>","aioseo_breadcrumb_json":[{"label":"Home","link":"https:\/\/wia.net.pl"},{"label":"Artyku\u0142y","link":"https:\/\/wia.net.pl\/index.php\/category\/artykuly\/"},{"label":"Przemoc t\u0142umu TPLF wobec erytrejskich festiwali","link":"https:\/\/wia.net.pl\/index.php\/2023\/08\/29\/przemoc-tlumu-tplf-wobec-erytrejskich-festiwali\/"}],"_links":{"self":[{"href":"https:\/\/wia.net.pl\/index.php\/wp-json\/wp\/v2\/posts\/4269"}],"collection":[{"href":"https:\/\/wia.net.pl\/index.php\/wp-json\/wp\/v2\/posts"}],"about":[{"href":"https:\/\/wia.net.pl\/index.php\/wp-json\/wp\/v2\/types\/post"}],"author":[{"embeddable":true,"href":"https:\/\/wia.net.pl\/index.php\/wp-json\/wp\/v2\/users\/2"}],"replies":[{"embeddable":true,"href":"https:\/\/wia.net.pl\/index.php\/wp-json\/wp\/v2\/comments?post=4269"}],"version-history":[{"count":1,"href":"https:\/\/wia.net.pl\/index.php\/wp-json\/wp\/v2\/posts\/4269\/revisions"}],"predecessor-version":[{"id":4277,"href":"https:\/\/wia.net.pl\/index.php\/wp-json\/wp\/v2\/posts\/4269\/revisions\/4277"}],"wp:featuredmedia":[{"embeddable":true,"href":"https:\/\/wia.net.pl\/index.php\/wp-json\/wp\/v2\/media\/4270"}],"wp:attachment":[{"href":"https:\/\/wia.net.pl\/index.php\/wp-json\/wp\/v2\/media?parent=4269"}],"wp:term":[{"taxonomy":"category","embeddable":true,"href":"https:\/\/wia.net.pl\/index.php\/wp-json\/wp\/v2\/categories?post=4269"},{"taxonomy":"post_tag","embeddable":true,"href":"https:\/\/wia.net.pl\/index.php\/wp-json\/wp\/v2\/tags?post=4269"}],"curies":[{"name":"wp","href":"https:\/\/api.w.org\/{rel}","templated":true}]}}