{"id":4278,"date":"2023-08-29T18:56:00","date_gmt":"2023-08-29T16:56:00","guid":{"rendered":"https:\/\/wia.net.pl\/?p=4278"},"modified":"2023-08-29T18:56:00","modified_gmt":"2023-08-29T16:56:00","slug":"nowy-wariant-covida-w-sam-raz-na-sezon-wyborczy","status":"publish","type":"post","link":"https:\/\/wia.net.pl\/index.php\/2023\/08\/29\/nowy-wariant-covida-w-sam-raz-na-sezon-wyborczy\/","title":{"rendered":"Nowy \u201ewariant\u201d Covida\u2026 w sam raz na sezon wyborczy!"},"content":{"rendered":"\n<p>Autor:&nbsp;<a href=\"https:\/\/www.lewrockwell.com\/author\/ron-paul\/?ptype=article\">Ron Paul, MD<\/a><\/p>\n\n\n\n<p><a href=\"http:\/\/ronpaulinstitute.org\/\">Instytut Rona Paula<\/a><\/p>\n\n\n\n<p>29 sierpnia 2023 r<\/p>\n\n\n\n<figure class=\"wp-block-image size-full is-resized\"><img loading=\"lazy\" decoding=\"async\" src=\"https:\/\/wia.net.pl\/wp-content\/uploads\/2023\/08\/Ron-Paul-Copy-1.png\" alt=\"\" class=\"wp-image-4279\" width=\"239\" height=\"324\" srcset=\"https:\/\/wia.net.pl\/wp-content\/uploads\/2023\/08\/Ron-Paul-Copy-1.png 224w, https:\/\/wia.net.pl\/wp-content\/uploads\/2023\/08\/Ron-Paul-Copy-1-221x300.png 221w\" sizes=\"(max-width: 239px) 100vw, 239px\" \/><\/figure>\n\n\n\n<p>Zaledwie cztery i p\u00f3\u0142 miesi\u0105ca od og\u0142oszenia przez prezydenta Bidena zako\u0144czenia \u201esytuacji nadzwyczajnej\u201d w mediach pojawia si\u0119 nagle pe\u0142no historii o powrocie Covida.&nbsp;Tym razem wprowadzany jest nowy \u201ewariant\u201d, a media, w zmowie z wielk\u0105 farm\u0105 i kompleksem strachu i przemys\u0142u, rozpowszechniaj\u0105 historie o powrocie wymuszonego maskowania.<\/p>\n\n\n\n<p>Ponadto \u201enieszczepionym\u201d ponownie nale\u017cy odmawia\u0107 podstawowych praw cz\u0142owieka w imi\u0119 walki z wirusem, przed kt\u00f3rym szczepionka w oczywisty spos\u00f3b nie chroni.<\/p>\n\n\n\n<p>Kr\u00f3tko m\u00f3wi\u0105c, desperacko pr\u00f3buj\u0105 o\u017cywi\u0107 tyrani\u0119, szale\u0144stwo i ca\u0142kowit\u0105 irracjonalno\u015b\u0107 dwuletniego strachu przed Covidem.&nbsp;I udaj\u0105, \u017ce nikt z nas nie pami\u0119ta, jak zniszczyli spo\u0142ecze\u0144stwo swoimi blokadami, nakazami maseczek i nakazami szczepionek.&nbsp;Maj\u0105 nadziej\u0119, \u017ce nikt z nas nie b\u0119dzie pami\u0119ta\u0142 samob\u00f3jstw, utraty pracy, rozbitych ma\u0142\u017ce\u0144stw, wzrostu alkoholizmu i narkomanii i ca\u0142ej reszty tego, co towarzyszy\u0142o \u015bwiatowemu eksperymentowi z globaln\u0105 izolacj\u0105.<\/p>\n\n\n\n<p>Nawet sam Fauci powraca \u2013 jak \u0107ma przyci\u0105gana przez \u015bwiat\u0142o reklamy.&nbsp;Pomimo wszystkich dowod\u00f3w naukowych na to, \u017ce blokady by\u0142y katastrof\u0105 i wyrz\u0105dzi\u0142y znacznie wi\u0119cej szkody ni\u017c po\u017cytku, Fauci powr\u00f3ci\u0142 ze swoj\u0105 charakterystyczn\u0105 arogancj\u0105 i stwierdzi\u0142, \u017ce by\u0142o to s\u0142uszne i je\u015bli zajdzie taka potrzeba, nale\u017cy je powt\u00f3rzy\u0107 zmusi\u0107 ludzi do przyj\u0119cia szczepionki.&nbsp;Szczepionka, kt\u00f3ra nie dzia\u0142a.<\/p>\n\n\n\n<p>Nie pozwol\u0105 nam nawet wspomnie\u0107 o gwa\u0142townym wzro\u015bcie og\u00f3lnej \u015bmiertelno\u015bci ani o milionach os\u00f3b, kt\u00f3re mog\u0142y odnie\u015b\u0107 obra\u017cenia po szczepionce za pierwszym razem.&nbsp;Chc\u0105, \u017ceby\u015bmy my\u015bleli, \u017ce 20-letni \u015bwiatowej klasy sportowcy zawsze niespodziewanie umierali na atak serca.&nbsp;To wszystko jest normalne!&nbsp;Nie kwestionuj tego!&nbsp;Co ty, jaki\u015b zwolennik teorii spiskowych?&nbsp;Czy jeste\u015b zaprzeczeniem nauki?<\/p>\n\n\n\n<p>Tak, poszukajcie odnowienia tych wszystkich starych pustych frazes\u00f3w u\u017cywanych do atakowania tych z nas, kt\u00f3rzy widz\u0105 na w\u0142asne oczy i s\u0142ysz\u0105 na w\u0142asne uszy.&nbsp;Ich has\u0142a maj\u0105 na celu uciszenie wszelkiej debaty.&nbsp;Ci sami \u201eeksperci\u201d, jak Fauci, kt\u00f3rzy twierdzili, \u017ce \u201eja jestem nauk\u0105\u201d, powracaj\u0105 i bezwstydnie \u017c\u0105daj\u0105, aby ponownie nas uciszy\u0107.<\/p>\n\n\n<div class=\"wp-block-image\">\n<figure class=\"alignleft\"><img decoding=\"async\" src=\"https:\/\/lrc-cdn.s3.amazonaws.com\/assets\/2023\/08\/Ron-Paul-Copy-1-221x300.png\" alt=\"\" class=\"wp-image-869136\"\/><\/figure><\/div>\n\n\n<p>Najwa\u017cniejsze pytanie brzmi\u2026 dlaczego?&nbsp;Dlaczego to robi\u0105 i jak my\u015bl\u0105, \u017ce uda im si\u0119 to zrobi\u0107 po raz drugi?&nbsp;Jednym z powod\u00f3w, dla kt\u00f3rych wierz\u0105, \u017ce ujdzie im to na sucho, jest fakt, \u017ce nikt nigdy nie zosta\u0142 ukarany za to, co zrobi\u0142 za pierwszym razem.&nbsp;Rz\u0105d federalny zadba\u0142 o to, aby firmy farmaceutyczne nie ponosi\u0142y odpowiedzialno\u015bci za szkody spowodowane szczepionkami.<\/p>\n\n\n\n<p>Osoby publiczne, kt\u00f3re otwarcie sta\u0142y si\u0119 potworami, \u017c\u0105daj\u0105c wyp\u0119dzenia niezaszczepionych ze spo\u0142ecze\u0144stwa, a mo\u017ce nawet z powierzchni ziemi, nie zosta\u0142y zawstydzone ani odrzucone.&nbsp;Politycy, kt\u00f3rzy okazali si\u0119 tch\u00f3rzostwem i jeszcze gorszymi rzeczami, nie zostali usuni\u0119ci ze stanowiska z powodu swojej zdrady.<\/p>\n\n\n\n<p>Dlaczego wracaj\u0105 po kolejn\u0105 rund\u0119 tyranii Covida?&nbsp;Strach jest broni\u0105 pozwalaj\u0105c\u0105 przej\u0105\u0107 kontrol\u0119.&nbsp;Ostatnim razem wywo\u0142ali strach przed radykaln\u0105 zmian\u0105 sposobu g\u0142osowania Ameryki.&nbsp;Nagle do wszystkich wys\u0142ano karty do g\u0142osowania.&nbsp;Jak dok\u0142adnie je sprawdzano?&nbsp;Nikt nie wiedzia\u0142 i nikt nie odwa\u017cy\u0142 si\u0119 zapyta\u0107.&nbsp;Osobom, kt\u00f3re pyta\u0142y o wybory, grozi teraz kara wi\u0119zienia.<\/p>\n\n\n\n<p>Chc\u0105, \u017ceby\u015bmy si\u0119 zamkn\u0119li, kiedy oni to zrobi\u0105 jeszcze raz.\u00a0Czy bedziemy?<\/p>\n\n\n\n<p>Doktor Ron Paul jest by\u0142ym cz\u0142onkiem Kongresu i wybitnym doradc\u0105 Instytutu Misesa.<\/p>\n\n\n\n<p>Prawa autorskie \u00a9 2023 by RonPaul Institute.\u00a0Pozwolenie na przedruk w ca\u0142o\u015bci lub w cz\u0119\u015bci jest ch\u0119tnie udzielane pod warunkiem podania pe\u0142nego \u017ar\u00f3d\u0142a informacji i aktywnego \u0142\u0105cza.<\/p>\n\n\n\n<p>Link \u017ar\u00f3d\u0142owy <a href=\"https:\/\/www.lewrockwell.com\/2023\/08\/ron-paul\/a-new-covid-variantjust-in-time-for-election-season\/\">https:\/\/www.lewrockwell.com\/2023\/08\/ron-paul\/a-new-covid-variantjust-in-time-for-election-season\/<\/a><\/p>\n","protected":false},"excerpt":{"rendered":"<p>Autor:&nbsp;Ron Paul, MD Instytut Rona Paula 29 sierpnia 2023 r Zaledwie cztery i p\u00f3\u0142 miesi\u0105ca od og\u0142oszenia przez prezydenta Bidena zako\u0144czenia \u201esytuacji nadzwyczajnej\u201d w mediach pojawia si\u0119 nagle pe\u0142no historii o powrocie Covida.&nbsp;Tym razem wprowadzany jest nowy \u201ewariant\u201d, a media,&#8230; <\/p>\n","protected":false},"author":2,"featured_media":4279,"comment_status":"open","ping_status":"open","sticky":false,"template":"","format":"standard","meta":{"_acf_changed":false,"_bbp_topic_count":0,"_bbp_reply_count":0,"_bbp_total_topic_count":0,"_bbp_total_reply_count":0,"_bbp_voice_count":0,"_bbp_anonymous_reply_count":0,"_bbp_topic_count_hidden":0,"_bbp_reply_count_hidden":0,"_bbp_forum_subforum_count":0,"om_disable_all_campaigns":false,"_monsterinsights_skip_tracking":false,"footnotes":""},"categories":[93],"tags":[],"class_list":["post-4278","post","type-post","status-publish","format-standard","has-post-thumbnail","hentry","category-artykuly"],"acf":[],"aioseo_notices":[],"aioseo_head":"\n\t\t<!-- All in One SEO 5.0.1.1 - aioseo.com -->\n\t<meta name=\"description\" content=\"Autor: Ron Paul, MD Instytut Rona Paula 29 sierpnia 2023 r Zaledwie cztery i p\u00f3\u0142 miesi\u0105ca od og\u0142oszenia przez prezydenta Bidena zako\u0144czenia \u201esytuacji nadzwyczajnej\u201d w mediach pojawia si\u0119 nagle pe\u0142no historii o powrocie Covida. Tym razem wprowadzany jest nowy \u201ewariant\u201d, a media, w zmowie z wielk\u0105 farm\u0105 i kompleksem strachu i przemys\u0142u, rozpowszechniaj\u0105 historie o powrocie wymuszonego\" \/>\n\t<meta name=\"robots\" content=\"max-image-preview:large\" \/>\n\t<meta name=\"author\" content=\"trinity\"\/>\n\t<link rel=\"canonical\" href=\"https:\/\/wia.net.pl\/index.php\/2023\/08\/29\/nowy-wariant-covida-w-sam-raz-na-sezon-wyborczy\/\" \/>\n\t<meta name=\"generator\" content=\"All in One SEO (AIOSEO) 5.0.1.1\" \/>\n\t\t<meta property=\"og:locale\" content=\"pl_PL\" \/>\n\t\t<meta property=\"og:site_name\" content=\"Wolno\u015b\u0107 i Anarchia - Ka\u017cdy wewn\u0119trznie jest anarchist\u0105.\" \/>\n\t\t<meta property=\"og:type\" content=\"article\" \/>\n\t\t<meta property=\"og:title\" content=\"Nowy \u201ewariant\u201d Covida\u2026 w sam raz na sezon wyborczy! - Wolno\u015b\u0107 i Anarchia\" \/>\n\t\t<meta property=\"og:description\" content=\"Autor: Ron Paul, MD Instytut Rona Paula 29 sierpnia 2023 r Zaledwie cztery i p\u00f3\u0142 miesi\u0105ca od og\u0142oszenia przez prezydenta Bidena zako\u0144czenia \u201esytuacji nadzwyczajnej\u201d w mediach pojawia si\u0119 nagle pe\u0142no historii o powrocie Covida. Tym razem wprowadzany jest nowy \u201ewariant\u201d, a media, w zmowie z wielk\u0105 farm\u0105 i kompleksem strachu i przemys\u0142u, rozpowszechniaj\u0105 historie o powrocie wymuszonego\" \/>\n\t\t<meta property=\"og:url\" content=\"https:\/\/wia.net.pl\/index.php\/2023\/08\/29\/nowy-wariant-covida-w-sam-raz-na-sezon-wyborczy\/\" \/>\n\t\t<meta property=\"og:image\" content=\"https:\/\/wia.net.pl\/wp-content\/uploads\/2023\/11\/cropped-freedom-i73367.jpg\" \/>\n\t\t<meta property=\"og:image:secure_url\" content=\"https:\/\/wia.net.pl\/wp-content\/uploads\/2023\/11\/cropped-freedom-i73367.jpg\" \/>\n\t\t<meta property=\"article:published_time\" content=\"2023-08-29T16:56:00+00:00\" \/>\n\t\t<meta property=\"article:modified_time\" content=\"2023-08-29T16:56:00+00:00\" \/>\n\t\t<meta name=\"twitter:card\" content=\"summary_large_image\" \/>\n\t\t<meta name=\"twitter:title\" content=\"Nowy \u201ewariant\u201d Covida\u2026 w sam raz na sezon wyborczy! - Wolno\u015b\u0107 i Anarchia\" \/>\n\t\t<meta name=\"twitter:description\" content=\"Autor: Ron Paul, MD Instytut Rona Paula 29 sierpnia 2023 r Zaledwie cztery i p\u00f3\u0142 miesi\u0105ca od og\u0142oszenia przez prezydenta Bidena zako\u0144czenia \u201esytuacji nadzwyczajnej\u201d w mediach pojawia si\u0119 nagle pe\u0142no historii o powrocie Covida. Tym razem wprowadzany jest nowy \u201ewariant\u201d, a media, w zmowie z wielk\u0105 farm\u0105 i kompleksem strachu i przemys\u0142u, rozpowszechniaj\u0105 historie o powrocie wymuszonego\" \/>\n\t\t<meta name=\"twitter:image\" content=\"https:\/\/wia.net.pl\/wp-content\/uploads\/2023\/11\/cropped-freedom-i73367.jpg\" \/>\n\t\t<script type=\"application\/ld+json\" class=\"aioseo-schema\">\n\t\t\t{\"@context\":\"https:\\\/\\\/schema.org\",\"@graph\":[{\"@type\":\"BlogPosting\",\"@id\":\"https:\\\/\\\/wia.net.pl\\\/index.php\\\/2023\\\/08\\\/29\\\/nowy-wariant-covida-w-sam-raz-na-sezon-wyborczy\\\/#blogposting\",\"name\":\"Nowy \\u201ewariant\\u201d Covida\\u2026 w sam raz na sezon wyborczy! - Wolno\\u015b\\u0107 i Anarchia\",\"headline\":\"Nowy \\u201ewariant\\u201d Covida\\u2026 w sam raz na sezon wyborczy!\",\"author\":{\"@id\":\"https:\\\/\\\/wia.net.pl\\\/index.php\\\/author\\\/trinity\\\/#author\"},\"publisher\":{\"@id\":\"https:\\\/\\\/wia.net.pl\\\/#person\"},\"image\":{\"@type\":\"ImageObject\",\"url\":\"https:\\\/\\\/wia.net.pl\\\/wp-content\\\/uploads\\\/2023\\\/08\\\/Ron-Paul-Copy-1.png\",\"width\":224,\"height\":304},\"datePublished\":\"2023-08-29T18:56:00+02:00\",\"dateModified\":\"2023-08-29T18:56:00+02:00\",\"inLanguage\":\"pl-PL\",\"mainEntityOfPage\":{\"@id\":\"https:\\\/\\\/wia.net.pl\\\/index.php\\\/2023\\\/08\\\/29\\\/nowy-wariant-covida-w-sam-raz-na-sezon-wyborczy\\\/#webpage\"},\"isPartOf\":{\"@id\":\"https:\\\/\\\/wia.net.pl\\\/index.php\\\/2023\\\/08\\\/29\\\/nowy-wariant-covida-w-sam-raz-na-sezon-wyborczy\\\/#webpage\"},\"articleSection\":\"Artyku\\u0142y\"},{\"@type\":\"BreadcrumbList\",\"@id\":\"https:\\\/\\\/wia.net.pl\\\/index.php\\\/2023\\\/08\\\/29\\\/nowy-wariant-covida-w-sam-raz-na-sezon-wyborczy\\\/#breadcrumblist\",\"itemListElement\":[{\"@type\":\"ListItem\",\"@id\":\"https:\\\/\\\/wia.net.pl#listItem\",\"position\":1,\"name\":\"Home\",\"item\":\"https:\\\/\\\/wia.net.pl\",\"nextItem\":{\"@type\":\"ListItem\",\"@id\":\"https:\\\/\\\/wia.net.pl\\\/index.php\\\/category\\\/artykuly\\\/#listItem\",\"name\":\"Artyku\\u0142y\"}},{\"@type\":\"ListItem\",\"@id\":\"https:\\\/\\\/wia.net.pl\\\/index.php\\\/category\\\/artykuly\\\/#listItem\",\"position\":2,\"name\":\"Artyku\\u0142y\",\"item\":\"https:\\\/\\\/wia.net.pl\\\/index.php\\\/category\\\/artykuly\\\/\",\"nextItem\":{\"@type\":\"ListItem\",\"@id\":\"https:\\\/\\\/wia.net.pl\\\/index.php\\\/2023\\\/08\\\/29\\\/nowy-wariant-covida-w-sam-raz-na-sezon-wyborczy\\\/#listItem\",\"name\":\"Nowy \\u201ewariant\\u201d Covida\\u2026 w sam raz na sezon wyborczy!\"},\"previousItem\":{\"@type\":\"ListItem\",\"@id\":\"https:\\\/\\\/wia.net.pl#listItem\",\"name\":\"Home\"}},{\"@type\":\"ListItem\",\"@id\":\"https:\\\/\\\/wia.net.pl\\\/index.php\\\/2023\\\/08\\\/29\\\/nowy-wariant-covida-w-sam-raz-na-sezon-wyborczy\\\/#listItem\",\"position\":3,\"name\":\"Nowy \\u201ewariant\\u201d Covida\\u2026 w sam raz na sezon wyborczy!\",\"previousItem\":{\"@type\":\"ListItem\",\"@id\":\"https:\\\/\\\/wia.net.pl\\\/index.php\\\/category\\\/artykuly\\\/#listItem\",\"name\":\"Artyku\\u0142y\"}}]},{\"@type\":\"Person\",\"@id\":\"https:\\\/\\\/wia.net.pl\\\/#person\",\"name\":\"Bart\\u0142omiej Talarczyk\",\"image\":{\"@type\":\"ImageObject\",\"@id\":\"https:\\\/\\\/wia.net.pl\\\/index.php\\\/2023\\\/08\\\/29\\\/nowy-wariant-covida-w-sam-raz-na-sezon-wyborczy\\\/#personImage\",\"url\":\"https:\\\/\\\/wia.net.pl\\\/wp-content\\\/uploads\\\/avatar-privacy\\\/cache\\\/user\\\/1\\\/7\\\/176a6b161c58363ff49b5c167264231f519f5c7fa183ca1f61e891769b6b56d5-96.jpg\",\"width\":96,\"height\":96,\"caption\":\"Bart\\u0142omiej Talarczyk\"}},{\"@type\":\"Person\",\"@id\":\"https:\\\/\\\/wia.net.pl\\\/index.php\\\/author\\\/trinity\\\/#author\",\"url\":\"https:\\\/\\\/wia.net.pl\\\/index.php\\\/author\\\/trinity\\\/\",\"name\":\"trinity\",\"image\":{\"@type\":\"ImageObject\",\"@id\":\"https:\\\/\\\/wia.net.pl\\\/index.php\\\/2023\\\/08\\\/29\\\/nowy-wariant-covida-w-sam-raz-na-sezon-wyborczy\\\/#authorImage\",\"url\":\"https:\\\/\\\/wia.net.pl\\\/wp-content\\\/uploads\\\/avatar-privacy\\\/cache\\\/user\\\/5\\\/f\\\/5f6547cf82495eaa10e100a6a45d5dbde2dfdc1be88557de2018fca705bdf6f1-96.jpg\",\"width\":96,\"height\":96,\"caption\":\"trinity\"}},{\"@type\":\"WebPage\",\"@id\":\"https:\\\/\\\/wia.net.pl\\\/index.php\\\/2023\\\/08\\\/29\\\/nowy-wariant-covida-w-sam-raz-na-sezon-wyborczy\\\/#webpage\",\"url\":\"https:\\\/\\\/wia.net.pl\\\/index.php\\\/2023\\\/08\\\/29\\\/nowy-wariant-covida-w-sam-raz-na-sezon-wyborczy\\\/\",\"name\":\"Nowy \\u201ewariant\\u201d Covida\\u2026 w sam raz na sezon wyborczy! - Wolno\\u015b\\u0107 i Anarchia\",\"description\":\"Autor: Ron Paul, MD Instytut Rona Paula 29 sierpnia 2023 r Zaledwie cztery i p\\u00f3\\u0142 miesi\\u0105ca od og\\u0142oszenia przez prezydenta Bidena zako\\u0144czenia \\u201esytuacji nadzwyczajnej\\u201d w mediach pojawia si\\u0119 nagle pe\\u0142no historii o powrocie Covida. Tym razem wprowadzany jest nowy \\u201ewariant\\u201d, a media, w zmowie z wielk\\u0105 farm\\u0105 i kompleksem strachu i przemys\\u0142u, rozpowszechniaj\\u0105 historie o powrocie wymuszonego\",\"inLanguage\":\"pl-PL\",\"isPartOf\":{\"@id\":\"https:\\\/\\\/wia.net.pl\\\/#website\"},\"breadcrumb\":{\"@id\":\"https:\\\/\\\/wia.net.pl\\\/index.php\\\/2023\\\/08\\\/29\\\/nowy-wariant-covida-w-sam-raz-na-sezon-wyborczy\\\/#breadcrumblist\"},\"author\":{\"@id\":\"https:\\\/\\\/wia.net.pl\\\/index.php\\\/author\\\/trinity\\\/#author\"},\"creator\":{\"@id\":\"https:\\\/\\\/wia.net.pl\\\/index.php\\\/author\\\/trinity\\\/#author\"},\"image\":{\"@type\":\"ImageObject\",\"url\":\"https:\\\/\\\/wia.net.pl\\\/wp-content\\\/uploads\\\/2023\\\/08\\\/Ron-Paul-Copy-1.png\",\"@id\":\"https:\\\/\\\/wia.net.pl\\\/index.php\\\/2023\\\/08\\\/29\\\/nowy-wariant-covida-w-sam-raz-na-sezon-wyborczy\\\/#mainImage\",\"width\":224,\"height\":304},\"primaryImageOfPage\":{\"@id\":\"https:\\\/\\\/wia.net.pl\\\/index.php\\\/2023\\\/08\\\/29\\\/nowy-wariant-covida-w-sam-raz-na-sezon-wyborczy\\\/#mainImage\"},\"datePublished\":\"2023-08-29T18:56:00+02:00\",\"dateModified\":\"2023-08-29T18:56:00+02:00\"},{\"@type\":\"WebSite\",\"@id\":\"https:\\\/\\\/wia.net.pl\\\/#website\",\"url\":\"https:\\\/\\\/wia.net.pl\\\/\",\"name\":\"Wolno\\u015b\\u0107 i Anarchia\",\"description\":\"Ka\\u017cdy wewn\\u0119trznie jest anarchist\\u0105.\",\"inLanguage\":\"pl-PL\",\"publisher\":{\"@id\":\"https:\\\/\\\/wia.net.pl\\\/#person\"}}]}\n\t\t<\/script>\n\t\t<!-- All in One SEO -->\n\n","aioseo_head_json":{"title":"Nowy \u201ewariant\u201d Covida\u2026 w sam raz na sezon wyborczy! - Wolno\u015b\u0107 i Anarchia","description":"Autor: Ron Paul, MD Instytut Rona Paula 29 sierpnia 2023 r Zaledwie cztery i p\u00f3\u0142 miesi\u0105ca od og\u0142oszenia przez prezydenta Bidena zako\u0144czenia \u201esytuacji nadzwyczajnej\u201d w mediach pojawia si\u0119 nagle pe\u0142no historii o powrocie Covida. Tym razem wprowadzany jest nowy \u201ewariant\u201d, a media, w zmowie z wielk\u0105 farm\u0105 i kompleksem strachu i przemys\u0142u, rozpowszechniaj\u0105 historie o powrocie wymuszonego","canonical_url":"https:\/\/wia.net.pl\/index.php\/2023\/08\/29\/nowy-wariant-covida-w-sam-raz-na-sezon-wyborczy\/","robots":"max-image-preview:large","keywords":"","webmasterTools":{"miscellaneous":""},"schema":{"@context":"https:\/\/schema.org","@graph":[{"@type":"BlogPosting","@id":"https:\/\/wia.net.pl\/index.php\/2023\/08\/29\/nowy-wariant-covida-w-sam-raz-na-sezon-wyborczy\/#blogposting","name":"Nowy \u201ewariant\u201d Covida\u2026 w sam raz na sezon wyborczy! - Wolno\u015b\u0107 i Anarchia","headline":"Nowy \u201ewariant\u201d Covida\u2026 w sam raz na sezon wyborczy!","author":{"@id":"https:\/\/wia.net.pl\/index.php\/author\/trinity\/#author"},"publisher":{"@id":"https:\/\/wia.net.pl\/#person"},"image":{"@type":"ImageObject","url":"https:\/\/wia.net.pl\/wp-content\/uploads\/2023\/08\/Ron-Paul-Copy-1.png","width":224,"height":304},"datePublished":"2023-08-29T18:56:00+02:00","dateModified":"2023-08-29T18:56:00+02:00","inLanguage":"pl-PL","mainEntityOfPage":{"@id":"https:\/\/wia.net.pl\/index.php\/2023\/08\/29\/nowy-wariant-covida-w-sam-raz-na-sezon-wyborczy\/#webpage"},"isPartOf":{"@id":"https:\/\/wia.net.pl\/index.php\/2023\/08\/29\/nowy-wariant-covida-w-sam-raz-na-sezon-wyborczy\/#webpage"},"articleSection":"Artyku\u0142y"},{"@type":"BreadcrumbList","@id":"https:\/\/wia.net.pl\/index.php\/2023\/08\/29\/nowy-wariant-covida-w-sam-raz-na-sezon-wyborczy\/#breadcrumblist","itemListElement":[{"@type":"ListItem","@id":"https:\/\/wia.net.pl#listItem","position":1,"name":"Home","item":"https:\/\/wia.net.pl","nextItem":{"@type":"ListItem","@id":"https:\/\/wia.net.pl\/index.php\/category\/artykuly\/#listItem","name":"Artyku\u0142y"}},{"@type":"ListItem","@id":"https:\/\/wia.net.pl\/index.php\/category\/artykuly\/#listItem","position":2,"name":"Artyku\u0142y","item":"https:\/\/wia.net.pl\/index.php\/category\/artykuly\/","nextItem":{"@type":"ListItem","@id":"https:\/\/wia.net.pl\/index.php\/2023\/08\/29\/nowy-wariant-covida-w-sam-raz-na-sezon-wyborczy\/#listItem","name":"Nowy \u201ewariant\u201d Covida\u2026 w sam raz na sezon wyborczy!"},"previousItem":{"@type":"ListItem","@id":"https:\/\/wia.net.pl#listItem","name":"Home"}},{"@type":"ListItem","@id":"https:\/\/wia.net.pl\/index.php\/2023\/08\/29\/nowy-wariant-covida-w-sam-raz-na-sezon-wyborczy\/#listItem","position":3,"name":"Nowy \u201ewariant\u201d Covida\u2026 w sam raz na sezon wyborczy!","previousItem":{"@type":"ListItem","@id":"https:\/\/wia.net.pl\/index.php\/category\/artykuly\/#listItem","name":"Artyku\u0142y"}}]},{"@type":"Person","@id":"https:\/\/wia.net.pl\/#person","name":"Bart\u0142omiej Talarczyk","image":{"@type":"ImageObject","@id":"https:\/\/wia.net.pl\/index.php\/2023\/08\/29\/nowy-wariant-covida-w-sam-raz-na-sezon-wyborczy\/#personImage","url":"https:\/\/wia.net.pl\/wp-content\/uploads\/avatar-privacy\/cache\/user\/1\/7\/176a6b161c58363ff49b5c167264231f519f5c7fa183ca1f61e891769b6b56d5-96.jpg","width":96,"height":96,"caption":"Bart\u0142omiej Talarczyk"}},{"@type":"Person","@id":"https:\/\/wia.net.pl\/index.php\/author\/trinity\/#author","url":"https:\/\/wia.net.pl\/index.php\/author\/trinity\/","name":"trinity","image":{"@type":"ImageObject","@id":"https:\/\/wia.net.pl\/index.php\/2023\/08\/29\/nowy-wariant-covida-w-sam-raz-na-sezon-wyborczy\/#authorImage","url":"https:\/\/wia.net.pl\/wp-content\/uploads\/avatar-privacy\/cache\/user\/5\/f\/5f6547cf82495eaa10e100a6a45d5dbde2dfdc1be88557de2018fca705bdf6f1-96.jpg","width":96,"height":96,"caption":"trinity"}},{"@type":"WebPage","@id":"https:\/\/wia.net.pl\/index.php\/2023\/08\/29\/nowy-wariant-covida-w-sam-raz-na-sezon-wyborczy\/#webpage","url":"https:\/\/wia.net.pl\/index.php\/2023\/08\/29\/nowy-wariant-covida-w-sam-raz-na-sezon-wyborczy\/","name":"Nowy \u201ewariant\u201d Covida\u2026 w sam raz na sezon wyborczy! - Wolno\u015b\u0107 i Anarchia","description":"Autor: Ron Paul, MD Instytut Rona Paula 29 sierpnia 2023 r Zaledwie cztery i p\u00f3\u0142 miesi\u0105ca od og\u0142oszenia przez prezydenta Bidena zako\u0144czenia \u201esytuacji nadzwyczajnej\u201d w mediach pojawia si\u0119 nagle pe\u0142no historii o powrocie Covida. Tym razem wprowadzany jest nowy \u201ewariant\u201d, a media, w zmowie z wielk\u0105 farm\u0105 i kompleksem strachu i przemys\u0142u, rozpowszechniaj\u0105 historie o powrocie wymuszonego","inLanguage":"pl-PL","isPartOf":{"@id":"https:\/\/wia.net.pl\/#website"},"breadcrumb":{"@id":"https:\/\/wia.net.pl\/index.php\/2023\/08\/29\/nowy-wariant-covida-w-sam-raz-na-sezon-wyborczy\/#breadcrumblist"},"author":{"@id":"https:\/\/wia.net.pl\/index.php\/author\/trinity\/#author"},"creator":{"@id":"https:\/\/wia.net.pl\/index.php\/author\/trinity\/#author"},"image":{"@type":"ImageObject","url":"https:\/\/wia.net.pl\/wp-content\/uploads\/2023\/08\/Ron-Paul-Copy-1.png","@id":"https:\/\/wia.net.pl\/index.php\/2023\/08\/29\/nowy-wariant-covida-w-sam-raz-na-sezon-wyborczy\/#mainImage","width":224,"height":304},"primaryImageOfPage":{"@id":"https:\/\/wia.net.pl\/index.php\/2023\/08\/29\/nowy-wariant-covida-w-sam-raz-na-sezon-wyborczy\/#mainImage"},"datePublished":"2023-08-29T18:56:00+02:00","dateModified":"2023-08-29T18:56:00+02:00"},{"@type":"WebSite","@id":"https:\/\/wia.net.pl\/#website","url":"https:\/\/wia.net.pl\/","name":"Wolno\u015b\u0107 i Anarchia","description":"Ka\u017cdy wewn\u0119trznie jest anarchist\u0105.","inLanguage":"pl-PL","publisher":{"@id":"https:\/\/wia.net.pl\/#person"}}]},"og:locale":"pl_PL","og:site_name":"Wolno\u015b\u0107 i Anarchia - Ka\u017cdy wewn\u0119trznie jest anarchist\u0105.","og:type":"article","og:title":"Nowy \u201ewariant\u201d Covida\u2026 w sam raz na sezon wyborczy! - Wolno\u015b\u0107 i Anarchia","og:description":"Autor: Ron Paul, MD Instytut Rona Paula 29 sierpnia 2023 r Zaledwie cztery i p\u00f3\u0142 miesi\u0105ca od og\u0142oszenia przez prezydenta Bidena zako\u0144czenia \u201esytuacji nadzwyczajnej\u201d w mediach pojawia si\u0119 nagle pe\u0142no historii o powrocie Covida. Tym razem wprowadzany jest nowy \u201ewariant\u201d, a media, w zmowie z wielk\u0105 farm\u0105 i kompleksem strachu i przemys\u0142u, rozpowszechniaj\u0105 historie o powrocie wymuszonego","og:url":"https:\/\/wia.net.pl\/index.php\/2023\/08\/29\/nowy-wariant-covida-w-sam-raz-na-sezon-wyborczy\/","og:image":"https:\/\/wia.net.pl\/wp-content\/uploads\/2023\/11\/cropped-freedom-i73367.jpg","og:image:secure_url":"https:\/\/wia.net.pl\/wp-content\/uploads\/2023\/11\/cropped-freedom-i73367.jpg","article:published_time":"2023-08-29T16:56:00+00:00","article:modified_time":"2023-08-29T16:56:00+00:00","twitter:card":"summary_large_image","twitter:title":"Nowy \u201ewariant\u201d Covida\u2026 w sam raz na sezon wyborczy! - Wolno\u015b\u0107 i Anarchia","twitter:description":"Autor: Ron Paul, MD Instytut Rona Paula 29 sierpnia 2023 r Zaledwie cztery i p\u00f3\u0142 miesi\u0105ca od og\u0142oszenia przez prezydenta Bidena zako\u0144czenia \u201esytuacji nadzwyczajnej\u201d w mediach pojawia si\u0119 nagle pe\u0142no historii o powrocie Covida. Tym razem wprowadzany jest nowy \u201ewariant\u201d, a media, w zmowie z wielk\u0105 farm\u0105 i kompleksem strachu i przemys\u0142u, rozpowszechniaj\u0105 historie o powrocie wymuszonego","twitter:image":"https:\/\/wia.net.pl\/wp-content\/uploads\/2023\/11\/cropped-freedom-i73367.jpg"},"aioseo_meta_data":{"post_id":"4278","title":null,"description":null,"keywords":[],"keyphrases":{"focus":{"keyphrase":"","score":0,"analysis":{"keyphraseInTitle":{"score":0,"maxScore":9,"error":1}}},"additional":[]},"primary_term":null,"canonical_url":null,"og_title":null,"og_description":null,"og_object_type":"default","og_image_type":"default","og_image_url":null,"og_image_width":null,"og_image_height":null,"og_image_custom_url":null,"og_image_custom_fields":null,"og_video":"","og_custom_url":null,"og_article_section":null,"og_article_tags":[],"twitter_use_og":false,"twitter_card":"default","twitter_image_type":"default","twitter_image_url":null,"twitter_image_custom_url":null,"twitter_image_custom_fields":null,"twitter_title":null,"twitter_description":null,"schema":{"blockGraphs":[],"customGraphs":[],"default":{"data":{"Article":[],"Course":[],"Dataset":[],"FAQPage":[],"Movie":[],"Person":[],"Product":[],"ProductReview":[],"Car":[],"Recipe":[],"Service":[],"SoftwareApplication":[],"WebPage":[]},"graphName":"BlogPosting","isEnabled":true},"graphs":[]},"schema_type":"default","schema_type_options":null,"pillar_content":false,"robots_default":true,"robots_noindex":false,"robots_noarchive":false,"robots_nosnippet":false,"robots_nofollow":false,"robots_noimageindex":false,"robots_noodp":false,"robots_notranslate":false,"robots_max_snippet":"-1","robots_max_videopreview":"-1","robots_max_imagepreview":"large","priority":null,"frequency":"default","local_seo":null,"breadcrumb_settings":null,"limit_modified_date":false,"ai":null,"created":"2023-08-29 16:56:00","updated":"2025-06-04 09:11:20","seo_analyzer_scan_date":null,"focus_keyword":null,"additional_keywords":null,"truseo_locale":null},"aioseo_breadcrumb":"<div class=\"aioseo-breadcrumbs\"><span class=\"aioseo-breadcrumb\">\n\t\t\t<a href=\"https:\/\/wia.net.pl\" title=\"Home\">Home<\/a>\n\t\t<\/span><span class=\"aioseo-breadcrumb-separator\">&raquo;<\/span><span class=\"aioseo-breadcrumb\">\n\t\t\t<a href=\"https:\/\/wia.net.pl\/index.php\/category\/artykuly\/\" title=\"Artyku\u0142y\">Artyku\u0142y<\/a>\n\t\t<\/span><span class=\"aioseo-breadcrumb-separator\">&raquo;<\/span><span class=\"aioseo-breadcrumb\">\n\t\t\tNowy \u201ewariant\u201d Covida\u2026 w sam raz na sezon wyborczy!\n\t\t<\/span><\/div>","aioseo_breadcrumb_json":[{"label":"Home","link":"https:\/\/wia.net.pl"},{"label":"Artyku\u0142y","link":"https:\/\/wia.net.pl\/index.php\/category\/artykuly\/"},{"label":"Nowy \u201ewariant\u201d Covida\u2026 w sam raz na sezon wyborczy!","link":"https:\/\/wia.net.pl\/index.php\/2023\/08\/29\/nowy-wariant-covida-w-sam-raz-na-sezon-wyborczy\/"}],"_links":{"self":[{"href":"https:\/\/wia.net.pl\/index.php\/wp-json\/wp\/v2\/posts\/4278"}],"collection":[{"href":"https:\/\/wia.net.pl\/index.php\/wp-json\/wp\/v2\/posts"}],"about":[{"href":"https:\/\/wia.net.pl\/index.php\/wp-json\/wp\/v2\/types\/post"}],"author":[{"embeddable":true,"href":"https:\/\/wia.net.pl\/index.php\/wp-json\/wp\/v2\/users\/2"}],"replies":[{"embeddable":true,"href":"https:\/\/wia.net.pl\/index.php\/wp-json\/wp\/v2\/comments?post=4278"}],"version-history":[{"count":1,"href":"https:\/\/wia.net.pl\/index.php\/wp-json\/wp\/v2\/posts\/4278\/revisions"}],"predecessor-version":[{"id":4280,"href":"https:\/\/wia.net.pl\/index.php\/wp-json\/wp\/v2\/posts\/4278\/revisions\/4280"}],"wp:featuredmedia":[{"embeddable":true,"href":"https:\/\/wia.net.pl\/index.php\/wp-json\/wp\/v2\/media\/4279"}],"wp:attachment":[{"href":"https:\/\/wia.net.pl\/index.php\/wp-json\/wp\/v2\/media?parent=4278"}],"wp:term":[{"taxonomy":"category","embeddable":true,"href":"https:\/\/wia.net.pl\/index.php\/wp-json\/wp\/v2\/categories?post=4278"},{"taxonomy":"post_tag","embeddable":true,"href":"https:\/\/wia.net.pl\/index.php\/wp-json\/wp\/v2\/tags?post=4278"}],"curies":[{"name":"wp","href":"https:\/\/api.w.org\/{rel}","templated":true}]}}