{"id":4303,"date":"2023-08-30T15:05:10","date_gmt":"2023-08-30T13:05:10","guid":{"rendered":"https:\/\/wia.net.pl\/?p=4303"},"modified":"2023-08-30T15:05:10","modified_gmt":"2023-08-30T13:05:10","slug":"w-2047-traktat-antarktyczny-stanie-sie-modyfikowalny","status":"publish","type":"post","link":"https:\/\/wia.net.pl\/index.php\/2023\/08\/30\/w-2047-traktat-antarktyczny-stanie-sie-modyfikowalny\/","title":{"rendered":"W 2047 Traktat Antarktyczny stanie si\u0119 modyfikowalny"},"content":{"rendered":"\n<p><strong>W 2047 Traktat Antarktyczny stanie si\u0119 modyfikowalny, a los kontynentu mo\u017ce wisie\u0107 na w\u0142osku<\/strong><\/p>\n\n\n\n<p>The Conversation<\/p>\n\n\n\n<p>Academic rigour, journalistic flair<\/p>\n\n\n\n<p>Opublikowano: 12 lipca 2018<\/p>\n\n\n\n<figure class=\"wp-block-image size-full is-resized\"><img loading=\"lazy\" decoding=\"async\" src=\"https:\/\/wia.net.pl\/wp-content\/uploads\/2023\/08\/Treaty-flags_master_52-flags_May15-652x552-1.jpg\" alt=\"\" class=\"wp-image-4304\" width=\"839\" height=\"710\" srcset=\"https:\/\/wia.net.pl\/wp-content\/uploads\/2023\/08\/Treaty-flags_master_52-flags_May15-652x552-1.jpg 652w, https:\/\/wia.net.pl\/wp-content\/uploads\/2023\/08\/Treaty-flags_master_52-flags_May15-652x552-1-300x254.jpg 300w\" sizes=\"(max-width: 839px) 100vw, 839px\" \/><\/figure>\n\n\n\n<p>Za trzy dekady kilka kluczowych element\u00f3w Uk\u0142adu Antarktycznego stanie si\u0119 przedmiotem ewentualnej odnowienia, pogr\u0105\u017caj\u0105c przysz\u0142o\u015b\u0107 kontynentu w niepewno\u015bci.<\/p>\n\n\n\n<p>Przez sze\u015b\u0107 dekad traktat by\u0142 kamieniem w\u0119gielnym zarz\u0105dzania naszym najbardziej wysuni\u0119tym na po\u0142udnie, najsurowszym i najbardziej dziewiczym kontynentem.&nbsp;Wspiera badania naukowe, promuje wsp\u00f3\u0142prac\u0119 mi\u0119dzynarodow\u0105, zapewnia niemilitaryzacj\u0119, zawiesza roszczenia terytorialne i wzmacnia ochron\u0119 \u015brodowiska.&nbsp;Jej stra\u017cnikami s\u0105 Strony Konsultacyjne Uk\u0142adu Antarktycznego (ATCP), w\u015br\u00f3d kt\u00f3rych najwa\u017cniejsze s\u0105 Stany Zjednoczone, Wielka Brytania, Australia, Nowa Zelandia, Rosja, Norwegia, Niemcy, Chile i Argentyna.<\/p>\n\n\n\n<p>W terenie nowa generacja robot\u00f3w i dron\u00f3w zagl\u0105da pod p\u00f3\u0142ki lodowe, badaj\u0105c g\u0142\u0119biny ocean\u00f3w i monitoruj\u0105c lodowce, rozpoczynaj\u0105c er\u0119 \u201einteligentnej Antarktyki\u201d.&nbsp;Pokrywy lodowe nie rozkwitaj\u0105 \u2013 od 1992 r. kontynent Antarktyczny straci\u0142&nbsp;<a href=\"https:\/\/theconversation.com\/antarctica-has-lost-nearly-3-trillion-tonnes-of-ice-since-1992-98259\">trzy biliony ton tego materia\u0142u<\/a>&nbsp;\u2013 ale badania naukowe kwitn\u0105.<\/p>\n\n\n\n<p>Dla wielu badaczy polarnych jest to pow\u00f3d do optymizmu \u2013 ale na arenie politycznej horyzont si\u0119 ciemnieje.&nbsp;W obecnej formie Traktat Antarktyczny stanowi zabezpieczenie nauki o Antarktydzie: mi\u0119dzynarodowy bastion chroni\u0105cy przed ingerencj\u0105 handlow\u0105 lub polityczn\u0105.&nbsp;Jednak w miar\u0119 up\u0142ywu lat traktat \u2013 i towarzysz\u0105ca mu wsp\u00f3\u0142praca \u2013 mo\u017ce zacz\u0105\u0107 si\u0119 po cichu \u0142ama\u0107, a nawet ca\u0142kowicie rozpa\u015b\u0107.<\/p>\n\n\n\n<h5 class=\"wp-block-heading\">Europejczycy, otrzymujcie nasz cotygodniowy biuletyn z analizami przeprowadzonymi przez europejskich uczonych<\/h5>\n\n\n\n<p>Otrzymuj nasz newsletter<\/p>\n\n\n\n<h2 class=\"wp-block-heading\">Bogactwo pod lodem<\/h2>\n\n\n\n<p>W 1998 r., siedem lat po pierwszym podpisaniu traktatu, wszed\u0142 w \u017cycie Protok\u00f3\u0142 o ochronie \u015brodowiska.&nbsp;Jego celem by\u0142o \u201e&nbsp;<a href=\"https:\/\/www.ats.aq\/documents\/recatt\/Att006_e.pdf\">wzmocnienie ochrony \u015brodowiska Antarktyki oraz zale\u017cnych i powi\u0105zanych ekosystem\u00f3w<\/a>&nbsp;\u201d \u2013 szlachetne, cho\u0107 s\u0142abo okre\u015blone zobowi\u0105zanie, kt\u00f3re okaza\u0142o si\u0119 trudne do dotrzymania.&nbsp;Jednak ukryty w\u015br\u00f3d akronim\u00f3w i terminologii technicznej artyku\u0142 si\u00f3dmy Protoko\u0142u sk\u0142ada\u0142 si\u0119 z jednego wa\u017cnego zdania, kt\u00f3re \u0142atwo przeoczy\u0107 nieostro\u017cny czytelnik: \u201ezakazuje si\u0119 wszelkiej dzia\u0142alno\u015bci zwi\u0105zanej z zasobami mineralnymi, innej ni\u017c badania naukowe\u201d.&nbsp;Prosto i do rzeczy.&nbsp;Zasoby naturalne Antarktydy,&nbsp;<a href=\"https:\/\/pubs.usgs.gov\/circ\/1974\/0705\/report.pdf\">jakiekolwiek by nie by\u0142y<\/a>&nbsp;, maj\u0105 pozosta\u0107 nieskazitelne i nietkni\u0119te.&nbsp;Przynajmniej na razie.<\/p>\n\n\n\n<figure class=\"wp-block-image\"><img decoding=\"async\" src=\"https:\/\/images.theconversation.com\/files\/224480\/original\/file-20180622-26576-b7285c.jpg?ixlib=rb-1.1.0&amp;q=45&amp;auto=format&amp;w=754&amp;fit=clip\" alt=\"\"\/><figcaption class=\"wp-element-caption\">Bazy badawcze takie jak ta s\u0105 najbli\u017cej osadnictwa na Antarktydzie.&nbsp;<a href=\"https:\/\/www.shutterstock.com\/image-photo\/brown-station-argentine-antarctic-base-scientific-1079293658?src=fAiKvhQGfejFAfctsv517g-1-28\">Sutterstock<\/a><\/figcaption><\/figure>\n\n\n\n<p><a href=\"https:\/\/www.ats.aq\/documents\/recatt\/Att006_e.pdf\">Artyku\u0142 25<\/a>&nbsp;zawiera zastrze\u017cenie: \u201eJe\u017celi po up\u0142ywie 50 lat\u201d brzmi on: \u201ekt\u00f3ra ze Stron Konsultacyjnych Uk\u0142adu w sprawie Antarktyki tego za\u017c\u0105da, konferencja zostanie zwo\u0142ana tak szybko, jak to b\u0119dzie mo\u017cliwe, w celu przegl\u0105du stosowania niniejszego Protoko\u0142u\u201d.&nbsp;Innymi s\u0142owy, za 30 lat, w 2048 r., kraje ATCP mog\u0105 odrzuci\u0107 regulacje przeciwg\u00f3rnicze i rozpocz\u0105\u0107 pozbawianie Antarktydy jej zasob\u00f3w mineralnych, kieruj\u0105c kontynent w kierunku radykalnie innej przysz\u0142o\u015bci.<\/p>\n\n\n\n<p>Wielu uwa\u017ca to za niepo\u017c\u0105dane, niewykonalne i nie do pomy\u015blenia, ale d\u0142ugoletni obserwatorzy wiedz\u0105, \u017ce niezbadane wody polityki polarnej potrafi\u0105 nieustannie zaskakiwa\u0107.<\/p>\n\n\n\n<h2 class=\"wp-block-heading\">Zmieniaj\u0105cy si\u0119 klimat<\/h2>\n\n\n\n<p>W rzeczywisto\u015bci \u201enie do pomy\u015blenia\u201d zosta\u0142o ju\u017c pomy\u015blane i w po\u0142owie zrealizowane.&nbsp;W latach 80. ATCP opracowa\u0142y mi\u0119dzynarodowe ramy g\u00f3rnicze zwane Konwencj\u0105 w sprawie regulacji dzia\u0142alno\u015bci zwi\u0105zanej z zasobami Antarktyki, kt\u00f3re mia\u0142y na celu uregulowanie wszelkich mo\u017cliwych przysz\u0142ych wydobycia zasob\u00f3w.&nbsp;Ustanowi\u0142a prawa w\u0142asno\u015bci i nada\u0142a specjalne przywileje siedmiu pretendentom \u2013 w tym Wielkiej Brytanii.&nbsp;Ramy te nie funkcjonowa\u0142yby dzisiaj \u2013 Chiny i Indie z pewno\u015bci\u0105 wymaga\u0142yby daleko id\u0105cych rewizji \u2013 ale w latach 80. XX w. konwencja zosta\u0142a od\u0142o\u017cona na p\u00f3\u0142k\u0119 dopiero wtedy, gdy Francja i Australia zacz\u0119\u0142y broni\u0107 obecnych protoko\u0142\u00f3w.<\/p>\n\n\n\n<p>Rzeczywi\u015bcie, wiele pa\u0144stw mo\u017ce mie\u0107 obecnie problemy z traktatem.&nbsp;Du\u017ca cz\u0119\u015b\u0107 zasad zarz\u0105dzania ustanowionych w Traktacie Antarktycznym nadal pochodzi z czas\u00f3w jego pierwszych negocjacji&nbsp;<a href=\"https:\/\/www.ats.aq\/e\/ats.htm\">pod koniec lat pi\u0119\u0107dziesi\u0105tych XX wieku<\/a>&nbsp;, w zupe\u0142nie innym klimacie politycznym, technologicznym, prawnym i \u015brodowiskowym.&nbsp;Uczestniczy\u0142o w nim tylko 12 pa\u0144stw i zosta\u0142o zawarte na d\u0142ugo przed tym, zanim Chiny sta\u0142y si\u0119 supermocarstwem polarnym.&nbsp;Pokrywy lodowe Antarktydy uznano za stabilne, a to, co si\u0119 pod nimi kry\u0142o, nadal owia\u0142o wiele tajemnic.&nbsp;Turystyki by\u0142o niewiele lub nie by\u0142o jej wcale \u2013 obecnie jest to najwi\u0119ksza bran\u017ca dzia\u0142aj\u0105ca na Antarktydzie.<\/p>\n\n\n\n<figure class=\"wp-block-image\"><img decoding=\"async\" src=\"https:\/\/images.theconversation.com\/files\/224481\/original\/file-20180622-26576-i4qfk2.jpg?ixlib=rb-1.1.0&amp;q=45&amp;auto=format&amp;w=754&amp;fit=clip\" alt=\"\"\/><figcaption class=\"wp-element-caption\">Pierwszy Traktat Antarktyczny obejmowa\u0142 12 kraj\u00f3w i wszed\u0142 w \u017cycie w 1961&nbsp;<a href=\"https:\/\/www.shutterstock.com\/image-photo\/usa-circa-1971-stamp-printed-united-133558022?src=qUrU0uQK2RGpDaLQ40F1tg-1-17\">roku<\/a><\/figcaption><\/figure>\n\n\n\n<p>Przejd\u017amy szybko do roku 2048: Antarktyda topnieje, w lodzie znajduj\u0105 si\u0119 tworzywa sztuczne, a kontynent zamieszkuj\u0105 obce gatunki (w tym jeszcze wi\u0119cej ludzi).&nbsp;Rutynowo wykorzystywane s\u0105 drony i inne zautomatyzowane pojazdy, a lato polarne jest niezwykle aktywne, a tysi\u0105ce turyst\u00f3w nawiedzaj\u0105 ka\u017cd\u0105 koloni\u0119 pingwin\u00f3w.&nbsp;Na Oceanie Po\u0142udniowym kwitnie rybo\u0142\u00f3wstwo komercyjne, a na P\u00f3\u0142wyspie Antarktycznym i okolicznych wyspach powstaj\u0105 sta\u0142e osady.&nbsp;Zyski dost\u0119pne ze zbior\u00f3w biologicznych sprawi\u0142y, \u017ce ekstremalne warunki \u017cycia na Antarktydzie sta\u0142y si\u0119 rzeczywisto\u015bci\u0105.<\/p>\n\n\n\n<p>W rzeczywisto\u015bci g\u0142\u00f3wni operatorzy polarni, tacy jak Chiny i USA, w dalszym ci\u0105gu popieraj\u0105 zakaz wydobycia tylko dlatego, \u017ce ich potrzeby energetyczne mog\u0105 zosta\u0107 zaspokojone gdzie indziej.&nbsp;Obecnie ACTP skupiaj\u0105 si\u0119 na ulepszaniu technologii zimnej pogody i zdobywaniu zaufania do warunk\u00f3w panuj\u0105cych na Antarktydzie, ale by\u0107 mo\u017ce nie minie du\u017co czasu, zanim zyskaj\u0105 mo\u017cliwo\u015bci i motywacj\u0119 do dalszych dzia\u0142a\u0144.&nbsp;Chiny ju\u017c wykorzystuj\u0105 pojazdy podwodne do&nbsp;<a href=\"https:\/\/www.popsci.com\/finding-qianlong-iii-chinas-new-underwater-drones\">poszukiwania hydrat\u00f3w gaz\u00f3w i konkrecji metali<\/a>&nbsp;na Morzu Po\u0142udniowochi\u0144skim.&nbsp;Z\u0142owieszczo wydaje si\u0119, \u017ce w nadchodz\u0105cych dziesi\u0119cioleciach podwodne g\u00f3rnictwo i g\u0142\u0119binowe poszukiwanie energii b\u0119d\u0105 bran\u017cami rozwijaj\u0105cymi si\u0119.<\/p>\n\n\n\n<h2 class=\"wp-block-heading\">Konkurencja na kontynencie<\/h2>\n\n\n\n<p>Co zatem mo\u017ce si\u0119 zmieni\u0107 od chwili obecnej do roku 2048?&nbsp;Prawdopodobnie niewiele: ATCP mog\u0105 zdecydowa\u0107 o utrzymaniu protoko\u0142u i dalszym zakazie wydobycia.&nbsp;Albo nie.<\/p>\n\n\n\n<p>Niedawne og\u0142oszenie&nbsp;<a href=\"https:\/\/news.nationalgeographic.com\/2016\/10\/ross-sea-marine-protected-area-antarctica\/\">morskiego obszaru chronionego na Morzu Rossa<\/a>&nbsp;by\u0142o dobrym znakiem dla ekolog\u00f3w, wymaga\u0142o jednak wielu trudnych negocjacji.&nbsp;Ta \u201eog\u00f3lna strefa ochronna\u201d ca\u0142kowicie zabrania po\u0142ow\u00f3w i \u0142\u0105czy si\u0119 z istniej\u0105c\u0105 \u201especjaln\u0105 stref\u0105 badawcz\u0105\u201d, kt\u00f3ra pozwala na ograniczone po\u0142owy antara i kryla.&nbsp;Zostan\u0105 one poddane przegl\u0105dowi w latach 2047 i 2052, nadaj\u0105c kolejny wymiar temu, co mo\u017ce sta\u0107 si\u0119 okresem niezr\u00f3wnanych zmian w zarz\u0105dzaniu polarnymi.<\/p>\n\n\n\n<figure class=\"wp-block-image\"><img decoding=\"async\" src=\"https:\/\/images.theconversation.com\/files\/224526\/original\/file-20180623-26579-1wprkzy.jpg?ixlib=rb-1.1.0&amp;q=45&amp;auto=format&amp;w=754&amp;fit=clip\" alt=\"\"\/><figcaption class=\"wp-element-caption\">Obecni w\u0142adcy Antarktyki.&nbsp;<a href=\"https:\/\/www.shutterstock.com\/image-photo\/two-penguins-dreaming-sitting-on-rock-87420404?src=yhRfS8Jn-jox2B8WN-2Org-2-62\">Shutterstock<\/a><\/figcaption><\/figure>\n\n\n\n<p>Je\u015bli ATCP zdecyduj\u0105 si\u0119 zakwestionowa\u0107 postanowienia Protoko\u0142u, wkr\u00f3tce mo\u017ce rozpocz\u0105\u0107 si\u0119 automatyczne wydobycie.&nbsp;Zwolennicy mog\u0105 argumentowa\u0107, \u017ce \u015brodowisko Antarktyki w dalszym ci\u0105gu ulega degradacji w spos\u00f3b, kt\u00f3rego \u017cadne regionalne kierownictwo nie jest w stanie powstrzyma\u0107.&nbsp;Mog\u0105 te\u017c wysun\u0105\u0107 pogl\u0105d, \u017ce zapotrzebowanie na nowe \u017ar\u00f3d\u0142a bia\u0142ka przewa\u017ca nad \u201erestrykcyjnymi\u201d \u015brodkami ochronnymi.&nbsp;Tak czy inaczej, \u201eszczeg\u00f3lne\u201d cechy Antarktydy mog\u0105 w przysz\u0142o\u015bci nie mie\u0107 takiego samego ci\u0119\u017caru emocjonalnego.<\/p>\n\n\n\n<p>Po roku 2048 Antarktyda mog\u0142aby zosta\u0107 podzielona pomi\u0119dzy narody, jak ka\u017cda inna masa l\u0105dowa i otaczaj\u0105cy j\u0105 ocean, i powoli pozbawiona swoich zasob\u00f3w.&nbsp;Ci, kt\u00f3rym zale\u017cy na przysz\u0142o\u015bci Antarktydy, musz\u0105 uwa\u017cnie obserwowa\u0107 kontynent i otaczaj\u0105ce go morza, w przeciwnym razie ryzykuj\u0105 utrat\u0119 ich na rzecz dron\u00f3w, \u0107wicze\u0144 i zdesperowanych polityk\u00f3w.<\/p>\n\n\n\n<ul class=\"wp-block-list\">\n<li><a href=\"https:\/\/theconversation.com\/topics\/climate-change-27\">Zmiana klimatu<\/a><\/li>\n\n\n\n<li><a href=\"https:\/\/theconversation.com\/topics\/conservation-72\">Ochrona<\/a><\/li>\n\n\n\n<li><a href=\"https:\/\/theconversation.com\/topics\/international-politics-77\">Polityka mi\u0119dzynarodowa<\/a><\/li>\n\n\n\n<li><a href=\"https:\/\/theconversation.com\/topics\/international-law-772\">Prawo mi\u0119dzynarodowe<\/a><\/li>\n\n\n\n<li><a href=\"https:\/\/theconversation.com\/topics\/antarctica-1189\">Antarktyda<\/a><\/li>\n\n\n\n<li><a href=\"https:\/\/theconversation.com\/topics\/polar-ice-16494\">L\u00f3d polarny<\/a><\/li>\n\n\n\n<li><a href=\"https:\/\/theconversation.com\/topics\/antarctic-treaty-29083\">Traktat Antarktyczny<\/a><\/li>\n<\/ul>\n\n\n\n<h6 class=\"wp-block-heading\">Mamy nowy cotygodniowy biuletyn dla Europejczyk\u00f3w<\/h6>\n\n\n\n<p>Pomaga g\u0142\u0119biej zag\u0142\u0119bi\u0107 si\u0119 w kluczowe kwestie polityczne, a tak\u017ce wprowadza w r\u00f3\u017cnorodno\u015b\u0107 bada\u0144 wychodz\u0105cych z kontynentu. Tu nie chodzi o naj\u015bwie\u017csze informacje. Nie chodzi o bezpodstawne opinie. Biuletyn \u201eEuropa\u201d to oparta na dowodach wiedza europejskich uczonych, prezentowana przeze mnie we Francji i dw\u00f3ch moich koleg\u00f3w z Hiszpanii i Wielkiej Brytanii.<\/p>\n\n\n\n<p>Otrzymuj nasz newsletter<\/p>\n\n\n\n<h6 class=\"wp-block-heading\">Natalia Sauer<\/h6>\n\n\n\n<p>Kierownik dzia\u0142u angloj\u0119zycznego, wydanie francuskie<\/p>\n\n\n\n<p>Link \u017ar\u00f3d\u0142owy <a href=\"https:\/\/theconversation.com\/in-30-years-the-antarctic-treaty-becomes-modifiable-and-the-fate-of-a-continent-could-hang-in-the-balance-98654\">https:\/\/theconversation.com\/in-30-years-the-antarctic-treaty-becomes-modifiable-and-the-fate-of-a-continent-could-hang-in-the-balance-98654<\/a><\/p>\n","protected":false},"excerpt":{"rendered":"<p>W 2047 Traktat Antarktyczny stanie si\u0119 modyfikowalny, a los kontynentu mo\u017ce wisie\u0107 na w\u0142osku The Conversation Academic rigour, journalistic flair Opublikowano: 12 lipca 2018 Za trzy dekady kilka kluczowych element\u00f3w Uk\u0142adu Antarktycznego stanie si\u0119 przedmiotem ewentualnej odnowienia, pogr\u0105\u017caj\u0105c przysz\u0142o\u015b\u0107 kontynentu&#8230; <\/p>\n","protected":false},"author":2,"featured_media":4304,"comment_status":"open","ping_status":"open","sticky":false,"template":"","format":"standard","meta":{"_acf_changed":false,"_bbp_topic_count":0,"_bbp_reply_count":0,"_bbp_total_topic_count":0,"_bbp_total_reply_count":0,"_bbp_voice_count":0,"_bbp_anonymous_reply_count":0,"_bbp_topic_count_hidden":0,"_bbp_reply_count_hidden":0,"_bbp_forum_subforum_count":0,"om_disable_all_campaigns":false,"_monsterinsights_skip_tracking":false,"footnotes":""},"categories":[93],"tags":[],"class_list":["post-4303","post","type-post","status-publish","format-standard","has-post-thumbnail","hentry","category-artykuly"],"acf":[],"aioseo_notices":[],"aioseo_head":"\n\t\t<!-- All in One SEO 5.0.1.1 - aioseo.com -->\n\t<meta name=\"description\" content=\"W 2047 Traktat Antarktyczny stanie si\u0119 modyfikowalny, a los kontynentu mo\u017ce wisie\u0107 na w\u0142osku The Conversation Academic rigour, journalistic flair Opublikowano: 12 lipca 2018 Za trzy dekady kilka kluczowych element\u00f3w Uk\u0142adu Antarktycznego stanie si\u0119 przedmiotem ewentualnej odnowienia, pogr\u0105\u017caj\u0105c przysz\u0142o\u015b\u0107 kontynentu w niepewno\u015bci. Przez sze\u015b\u0107 dekad traktat by\u0142 kamieniem w\u0119gielnym zarz\u0105dzania naszym najbardziej wysuni\u0119tym na po\u0142udnie,\" \/>\n\t<meta name=\"robots\" content=\"max-image-preview:large\" \/>\n\t<meta name=\"author\" content=\"trinity\"\/>\n\t<link rel=\"canonical\" href=\"https:\/\/wia.net.pl\/index.php\/2023\/08\/30\/w-2047-traktat-antarktyczny-stanie-sie-modyfikowalny\/\" \/>\n\t<meta name=\"generator\" content=\"All in One SEO (AIOSEO) 5.0.1.1\" \/>\n\t\t<meta property=\"og:locale\" content=\"pl_PL\" \/>\n\t\t<meta property=\"og:site_name\" content=\"Wolno\u015b\u0107 i Anarchia - Ka\u017cdy wewn\u0119trznie jest anarchist\u0105.\" \/>\n\t\t<meta property=\"og:type\" content=\"article\" \/>\n\t\t<meta property=\"og:title\" content=\"W 2047 Traktat Antarktyczny stanie si\u0119 modyfikowalny - Wolno\u015b\u0107 i Anarchia\" \/>\n\t\t<meta property=\"og:description\" content=\"W 2047 Traktat Antarktyczny stanie si\u0119 modyfikowalny, a los kontynentu mo\u017ce wisie\u0107 na w\u0142osku The Conversation Academic rigour, journalistic flair Opublikowano: 12 lipca 2018 Za trzy dekady kilka kluczowych element\u00f3w Uk\u0142adu Antarktycznego stanie si\u0119 przedmiotem ewentualnej odnowienia, pogr\u0105\u017caj\u0105c przysz\u0142o\u015b\u0107 kontynentu w niepewno\u015bci. Przez sze\u015b\u0107 dekad traktat by\u0142 kamieniem w\u0119gielnym zarz\u0105dzania naszym najbardziej wysuni\u0119tym na po\u0142udnie,\" \/>\n\t\t<meta property=\"og:url\" content=\"https:\/\/wia.net.pl\/index.php\/2023\/08\/30\/w-2047-traktat-antarktyczny-stanie-sie-modyfikowalny\/\" \/>\n\t\t<meta property=\"og:image\" content=\"https:\/\/wia.net.pl\/wp-content\/uploads\/2023\/11\/cropped-freedom-i73367.jpg\" \/>\n\t\t<meta property=\"og:image:secure_url\" content=\"https:\/\/wia.net.pl\/wp-content\/uploads\/2023\/11\/cropped-freedom-i73367.jpg\" \/>\n\t\t<meta property=\"article:published_time\" content=\"2023-08-30T13:05:10+00:00\" \/>\n\t\t<meta property=\"article:modified_time\" content=\"2023-08-30T13:05:10+00:00\" \/>\n\t\t<meta name=\"twitter:card\" content=\"summary_large_image\" \/>\n\t\t<meta name=\"twitter:title\" content=\"W 2047 Traktat Antarktyczny stanie si\u0119 modyfikowalny - Wolno\u015b\u0107 i Anarchia\" \/>\n\t\t<meta name=\"twitter:description\" content=\"W 2047 Traktat Antarktyczny stanie si\u0119 modyfikowalny, a los kontynentu mo\u017ce wisie\u0107 na w\u0142osku The Conversation Academic rigour, journalistic flair Opublikowano: 12 lipca 2018 Za trzy dekady kilka kluczowych element\u00f3w Uk\u0142adu Antarktycznego stanie si\u0119 przedmiotem ewentualnej odnowienia, pogr\u0105\u017caj\u0105c przysz\u0142o\u015b\u0107 kontynentu w niepewno\u015bci. Przez sze\u015b\u0107 dekad traktat by\u0142 kamieniem w\u0119gielnym zarz\u0105dzania naszym najbardziej wysuni\u0119tym na po\u0142udnie,\" \/>\n\t\t<meta name=\"twitter:image\" content=\"https:\/\/wia.net.pl\/wp-content\/uploads\/2023\/11\/cropped-freedom-i73367.jpg\" \/>\n\t\t<script type=\"application\/ld+json\" class=\"aioseo-schema\">\n\t\t\t{\"@context\":\"https:\\\/\\\/schema.org\",\"@graph\":[{\"@type\":\"BlogPosting\",\"@id\":\"https:\\\/\\\/wia.net.pl\\\/index.php\\\/2023\\\/08\\\/30\\\/w-2047-traktat-antarktyczny-stanie-sie-modyfikowalny\\\/#blogposting\",\"name\":\"W 2047 Traktat Antarktyczny stanie si\\u0119 modyfikowalny - Wolno\\u015b\\u0107 i Anarchia\",\"headline\":\"W 2047 Traktat Antarktyczny stanie si\\u0119 modyfikowalny\",\"author\":{\"@id\":\"https:\\\/\\\/wia.net.pl\\\/index.php\\\/author\\\/trinity\\\/#author\"},\"publisher\":{\"@id\":\"https:\\\/\\\/wia.net.pl\\\/#person\"},\"image\":{\"@type\":\"ImageObject\",\"url\":\"https:\\\/\\\/wia.net.pl\\\/wp-content\\\/uploads\\\/2023\\\/08\\\/Treaty-flags_master_52-flags_May15-652x552-1.jpg\",\"width\":652,\"height\":552},\"datePublished\":\"2023-08-30T15:05:10+02:00\",\"dateModified\":\"2023-08-30T15:05:10+02:00\",\"inLanguage\":\"pl-PL\",\"mainEntityOfPage\":{\"@id\":\"https:\\\/\\\/wia.net.pl\\\/index.php\\\/2023\\\/08\\\/30\\\/w-2047-traktat-antarktyczny-stanie-sie-modyfikowalny\\\/#webpage\"},\"isPartOf\":{\"@id\":\"https:\\\/\\\/wia.net.pl\\\/index.php\\\/2023\\\/08\\\/30\\\/w-2047-traktat-antarktyczny-stanie-sie-modyfikowalny\\\/#webpage\"},\"articleSection\":\"Artyku\\u0142y\"},{\"@type\":\"BreadcrumbList\",\"@id\":\"https:\\\/\\\/wia.net.pl\\\/index.php\\\/2023\\\/08\\\/30\\\/w-2047-traktat-antarktyczny-stanie-sie-modyfikowalny\\\/#breadcrumblist\",\"itemListElement\":[{\"@type\":\"ListItem\",\"@id\":\"https:\\\/\\\/wia.net.pl#listItem\",\"position\":1,\"name\":\"Home\",\"item\":\"https:\\\/\\\/wia.net.pl\",\"nextItem\":{\"@type\":\"ListItem\",\"@id\":\"https:\\\/\\\/wia.net.pl\\\/index.php\\\/category\\\/artykuly\\\/#listItem\",\"name\":\"Artyku\\u0142y\"}},{\"@type\":\"ListItem\",\"@id\":\"https:\\\/\\\/wia.net.pl\\\/index.php\\\/category\\\/artykuly\\\/#listItem\",\"position\":2,\"name\":\"Artyku\\u0142y\",\"item\":\"https:\\\/\\\/wia.net.pl\\\/index.php\\\/category\\\/artykuly\\\/\",\"nextItem\":{\"@type\":\"ListItem\",\"@id\":\"https:\\\/\\\/wia.net.pl\\\/index.php\\\/2023\\\/08\\\/30\\\/w-2047-traktat-antarktyczny-stanie-sie-modyfikowalny\\\/#listItem\",\"name\":\"W 2047 Traktat Antarktyczny stanie si\\u0119 modyfikowalny\"},\"previousItem\":{\"@type\":\"ListItem\",\"@id\":\"https:\\\/\\\/wia.net.pl#listItem\",\"name\":\"Home\"}},{\"@type\":\"ListItem\",\"@id\":\"https:\\\/\\\/wia.net.pl\\\/index.php\\\/2023\\\/08\\\/30\\\/w-2047-traktat-antarktyczny-stanie-sie-modyfikowalny\\\/#listItem\",\"position\":3,\"name\":\"W 2047 Traktat Antarktyczny stanie si\\u0119 modyfikowalny\",\"previousItem\":{\"@type\":\"ListItem\",\"@id\":\"https:\\\/\\\/wia.net.pl\\\/index.php\\\/category\\\/artykuly\\\/#listItem\",\"name\":\"Artyku\\u0142y\"}}]},{\"@type\":\"Person\",\"@id\":\"https:\\\/\\\/wia.net.pl\\\/#person\",\"name\":\"Bart\\u0142omiej Talarczyk\",\"image\":{\"@type\":\"ImageObject\",\"@id\":\"https:\\\/\\\/wia.net.pl\\\/index.php\\\/2023\\\/08\\\/30\\\/w-2047-traktat-antarktyczny-stanie-sie-modyfikowalny\\\/#personImage\",\"url\":\"https:\\\/\\\/wia.net.pl\\\/wp-content\\\/uploads\\\/avatar-privacy\\\/cache\\\/user\\\/1\\\/7\\\/176a6b161c58363ff49b5c167264231f519f5c7fa183ca1f61e891769b6b56d5-96.jpg\",\"width\":96,\"height\":96,\"caption\":\"Bart\\u0142omiej Talarczyk\"}},{\"@type\":\"Person\",\"@id\":\"https:\\\/\\\/wia.net.pl\\\/index.php\\\/author\\\/trinity\\\/#author\",\"url\":\"https:\\\/\\\/wia.net.pl\\\/index.php\\\/author\\\/trinity\\\/\",\"name\":\"trinity\",\"image\":{\"@type\":\"ImageObject\",\"@id\":\"https:\\\/\\\/wia.net.pl\\\/index.php\\\/2023\\\/08\\\/30\\\/w-2047-traktat-antarktyczny-stanie-sie-modyfikowalny\\\/#authorImage\",\"url\":\"https:\\\/\\\/wia.net.pl\\\/wp-content\\\/uploads\\\/avatar-privacy\\\/cache\\\/user\\\/5\\\/f\\\/5f6547cf82495eaa10e100a6a45d5dbde2dfdc1be88557de2018fca705bdf6f1-96.jpg\",\"width\":96,\"height\":96,\"caption\":\"trinity\"}},{\"@type\":\"WebPage\",\"@id\":\"https:\\\/\\\/wia.net.pl\\\/index.php\\\/2023\\\/08\\\/30\\\/w-2047-traktat-antarktyczny-stanie-sie-modyfikowalny\\\/#webpage\",\"url\":\"https:\\\/\\\/wia.net.pl\\\/index.php\\\/2023\\\/08\\\/30\\\/w-2047-traktat-antarktyczny-stanie-sie-modyfikowalny\\\/\",\"name\":\"W 2047 Traktat Antarktyczny stanie si\\u0119 modyfikowalny - Wolno\\u015b\\u0107 i Anarchia\",\"description\":\"W 2047 Traktat Antarktyczny stanie si\\u0119 modyfikowalny, a los kontynentu mo\\u017ce wisie\\u0107 na w\\u0142osku The Conversation Academic rigour, journalistic flair Opublikowano: 12 lipca 2018 Za trzy dekady kilka kluczowych element\\u00f3w Uk\\u0142adu Antarktycznego stanie si\\u0119 przedmiotem ewentualnej odnowienia, pogr\\u0105\\u017caj\\u0105c przysz\\u0142o\\u015b\\u0107 kontynentu w niepewno\\u015bci. Przez sze\\u015b\\u0107 dekad traktat by\\u0142 kamieniem w\\u0119gielnym zarz\\u0105dzania naszym najbardziej wysuni\\u0119tym na po\\u0142udnie,\",\"inLanguage\":\"pl-PL\",\"isPartOf\":{\"@id\":\"https:\\\/\\\/wia.net.pl\\\/#website\"},\"breadcrumb\":{\"@id\":\"https:\\\/\\\/wia.net.pl\\\/index.php\\\/2023\\\/08\\\/30\\\/w-2047-traktat-antarktyczny-stanie-sie-modyfikowalny\\\/#breadcrumblist\"},\"author\":{\"@id\":\"https:\\\/\\\/wia.net.pl\\\/index.php\\\/author\\\/trinity\\\/#author\"},\"creator\":{\"@id\":\"https:\\\/\\\/wia.net.pl\\\/index.php\\\/author\\\/trinity\\\/#author\"},\"image\":{\"@type\":\"ImageObject\",\"url\":\"https:\\\/\\\/wia.net.pl\\\/wp-content\\\/uploads\\\/2023\\\/08\\\/Treaty-flags_master_52-flags_May15-652x552-1.jpg\",\"@id\":\"https:\\\/\\\/wia.net.pl\\\/index.php\\\/2023\\\/08\\\/30\\\/w-2047-traktat-antarktyczny-stanie-sie-modyfikowalny\\\/#mainImage\",\"width\":652,\"height\":552},\"primaryImageOfPage\":{\"@id\":\"https:\\\/\\\/wia.net.pl\\\/index.php\\\/2023\\\/08\\\/30\\\/w-2047-traktat-antarktyczny-stanie-sie-modyfikowalny\\\/#mainImage\"},\"datePublished\":\"2023-08-30T15:05:10+02:00\",\"dateModified\":\"2023-08-30T15:05:10+02:00\"},{\"@type\":\"WebSite\",\"@id\":\"https:\\\/\\\/wia.net.pl\\\/#website\",\"url\":\"https:\\\/\\\/wia.net.pl\\\/\",\"name\":\"Wolno\\u015b\\u0107 i Anarchia\",\"description\":\"Ka\\u017cdy wewn\\u0119trznie jest anarchist\\u0105.\",\"inLanguage\":\"pl-PL\",\"publisher\":{\"@id\":\"https:\\\/\\\/wia.net.pl\\\/#person\"}}]}\n\t\t<\/script>\n\t\t<!-- All in One SEO -->\n\n","aioseo_head_json":{"title":"W 2047 Traktat Antarktyczny stanie si\u0119 modyfikowalny - Wolno\u015b\u0107 i Anarchia","description":"W 2047 Traktat Antarktyczny stanie si\u0119 modyfikowalny, a los kontynentu mo\u017ce wisie\u0107 na w\u0142osku The Conversation Academic rigour, journalistic flair Opublikowano: 12 lipca 2018 Za trzy dekady kilka kluczowych element\u00f3w Uk\u0142adu Antarktycznego stanie si\u0119 przedmiotem ewentualnej odnowienia, pogr\u0105\u017caj\u0105c przysz\u0142o\u015b\u0107 kontynentu w niepewno\u015bci. Przez sze\u015b\u0107 dekad traktat by\u0142 kamieniem w\u0119gielnym zarz\u0105dzania naszym najbardziej wysuni\u0119tym na po\u0142udnie,","canonical_url":"https:\/\/wia.net.pl\/index.php\/2023\/08\/30\/w-2047-traktat-antarktyczny-stanie-sie-modyfikowalny\/","robots":"max-image-preview:large","keywords":"","webmasterTools":{"miscellaneous":""},"schema":{"@context":"https:\/\/schema.org","@graph":[{"@type":"BlogPosting","@id":"https:\/\/wia.net.pl\/index.php\/2023\/08\/30\/w-2047-traktat-antarktyczny-stanie-sie-modyfikowalny\/#blogposting","name":"W 2047 Traktat Antarktyczny stanie si\u0119 modyfikowalny - Wolno\u015b\u0107 i Anarchia","headline":"W 2047 Traktat Antarktyczny stanie si\u0119 modyfikowalny","author":{"@id":"https:\/\/wia.net.pl\/index.php\/author\/trinity\/#author"},"publisher":{"@id":"https:\/\/wia.net.pl\/#person"},"image":{"@type":"ImageObject","url":"https:\/\/wia.net.pl\/wp-content\/uploads\/2023\/08\/Treaty-flags_master_52-flags_May15-652x552-1.jpg","width":652,"height":552},"datePublished":"2023-08-30T15:05:10+02:00","dateModified":"2023-08-30T15:05:10+02:00","inLanguage":"pl-PL","mainEntityOfPage":{"@id":"https:\/\/wia.net.pl\/index.php\/2023\/08\/30\/w-2047-traktat-antarktyczny-stanie-sie-modyfikowalny\/#webpage"},"isPartOf":{"@id":"https:\/\/wia.net.pl\/index.php\/2023\/08\/30\/w-2047-traktat-antarktyczny-stanie-sie-modyfikowalny\/#webpage"},"articleSection":"Artyku\u0142y"},{"@type":"BreadcrumbList","@id":"https:\/\/wia.net.pl\/index.php\/2023\/08\/30\/w-2047-traktat-antarktyczny-stanie-sie-modyfikowalny\/#breadcrumblist","itemListElement":[{"@type":"ListItem","@id":"https:\/\/wia.net.pl#listItem","position":1,"name":"Home","item":"https:\/\/wia.net.pl","nextItem":{"@type":"ListItem","@id":"https:\/\/wia.net.pl\/index.php\/category\/artykuly\/#listItem","name":"Artyku\u0142y"}},{"@type":"ListItem","@id":"https:\/\/wia.net.pl\/index.php\/category\/artykuly\/#listItem","position":2,"name":"Artyku\u0142y","item":"https:\/\/wia.net.pl\/index.php\/category\/artykuly\/","nextItem":{"@type":"ListItem","@id":"https:\/\/wia.net.pl\/index.php\/2023\/08\/30\/w-2047-traktat-antarktyczny-stanie-sie-modyfikowalny\/#listItem","name":"W 2047 Traktat Antarktyczny stanie si\u0119 modyfikowalny"},"previousItem":{"@type":"ListItem","@id":"https:\/\/wia.net.pl#listItem","name":"Home"}},{"@type":"ListItem","@id":"https:\/\/wia.net.pl\/index.php\/2023\/08\/30\/w-2047-traktat-antarktyczny-stanie-sie-modyfikowalny\/#listItem","position":3,"name":"W 2047 Traktat Antarktyczny stanie si\u0119 modyfikowalny","previousItem":{"@type":"ListItem","@id":"https:\/\/wia.net.pl\/index.php\/category\/artykuly\/#listItem","name":"Artyku\u0142y"}}]},{"@type":"Person","@id":"https:\/\/wia.net.pl\/#person","name":"Bart\u0142omiej Talarczyk","image":{"@type":"ImageObject","@id":"https:\/\/wia.net.pl\/index.php\/2023\/08\/30\/w-2047-traktat-antarktyczny-stanie-sie-modyfikowalny\/#personImage","url":"https:\/\/wia.net.pl\/wp-content\/uploads\/avatar-privacy\/cache\/user\/1\/7\/176a6b161c58363ff49b5c167264231f519f5c7fa183ca1f61e891769b6b56d5-96.jpg","width":96,"height":96,"caption":"Bart\u0142omiej Talarczyk"}},{"@type":"Person","@id":"https:\/\/wia.net.pl\/index.php\/author\/trinity\/#author","url":"https:\/\/wia.net.pl\/index.php\/author\/trinity\/","name":"trinity","image":{"@type":"ImageObject","@id":"https:\/\/wia.net.pl\/index.php\/2023\/08\/30\/w-2047-traktat-antarktyczny-stanie-sie-modyfikowalny\/#authorImage","url":"https:\/\/wia.net.pl\/wp-content\/uploads\/avatar-privacy\/cache\/user\/5\/f\/5f6547cf82495eaa10e100a6a45d5dbde2dfdc1be88557de2018fca705bdf6f1-96.jpg","width":96,"height":96,"caption":"trinity"}},{"@type":"WebPage","@id":"https:\/\/wia.net.pl\/index.php\/2023\/08\/30\/w-2047-traktat-antarktyczny-stanie-sie-modyfikowalny\/#webpage","url":"https:\/\/wia.net.pl\/index.php\/2023\/08\/30\/w-2047-traktat-antarktyczny-stanie-sie-modyfikowalny\/","name":"W 2047 Traktat Antarktyczny stanie si\u0119 modyfikowalny - Wolno\u015b\u0107 i Anarchia","description":"W 2047 Traktat Antarktyczny stanie si\u0119 modyfikowalny, a los kontynentu mo\u017ce wisie\u0107 na w\u0142osku The Conversation Academic rigour, journalistic flair Opublikowano: 12 lipca 2018 Za trzy dekady kilka kluczowych element\u00f3w Uk\u0142adu Antarktycznego stanie si\u0119 przedmiotem ewentualnej odnowienia, pogr\u0105\u017caj\u0105c przysz\u0142o\u015b\u0107 kontynentu w niepewno\u015bci. Przez sze\u015b\u0107 dekad traktat by\u0142 kamieniem w\u0119gielnym zarz\u0105dzania naszym najbardziej wysuni\u0119tym na po\u0142udnie,","inLanguage":"pl-PL","isPartOf":{"@id":"https:\/\/wia.net.pl\/#website"},"breadcrumb":{"@id":"https:\/\/wia.net.pl\/index.php\/2023\/08\/30\/w-2047-traktat-antarktyczny-stanie-sie-modyfikowalny\/#breadcrumblist"},"author":{"@id":"https:\/\/wia.net.pl\/index.php\/author\/trinity\/#author"},"creator":{"@id":"https:\/\/wia.net.pl\/index.php\/author\/trinity\/#author"},"image":{"@type":"ImageObject","url":"https:\/\/wia.net.pl\/wp-content\/uploads\/2023\/08\/Treaty-flags_master_52-flags_May15-652x552-1.jpg","@id":"https:\/\/wia.net.pl\/index.php\/2023\/08\/30\/w-2047-traktat-antarktyczny-stanie-sie-modyfikowalny\/#mainImage","width":652,"height":552},"primaryImageOfPage":{"@id":"https:\/\/wia.net.pl\/index.php\/2023\/08\/30\/w-2047-traktat-antarktyczny-stanie-sie-modyfikowalny\/#mainImage"},"datePublished":"2023-08-30T15:05:10+02:00","dateModified":"2023-08-30T15:05:10+02:00"},{"@type":"WebSite","@id":"https:\/\/wia.net.pl\/#website","url":"https:\/\/wia.net.pl\/","name":"Wolno\u015b\u0107 i Anarchia","description":"Ka\u017cdy wewn\u0119trznie jest anarchist\u0105.","inLanguage":"pl-PL","publisher":{"@id":"https:\/\/wia.net.pl\/#person"}}]},"og:locale":"pl_PL","og:site_name":"Wolno\u015b\u0107 i Anarchia - Ka\u017cdy wewn\u0119trznie jest anarchist\u0105.","og:type":"article","og:title":"W 2047 Traktat Antarktyczny stanie si\u0119 modyfikowalny - Wolno\u015b\u0107 i Anarchia","og:description":"W 2047 Traktat Antarktyczny stanie si\u0119 modyfikowalny, a los kontynentu mo\u017ce wisie\u0107 na w\u0142osku The Conversation Academic rigour, journalistic flair Opublikowano: 12 lipca 2018 Za trzy dekady kilka kluczowych element\u00f3w Uk\u0142adu Antarktycznego stanie si\u0119 przedmiotem ewentualnej odnowienia, pogr\u0105\u017caj\u0105c przysz\u0142o\u015b\u0107 kontynentu w niepewno\u015bci. Przez sze\u015b\u0107 dekad traktat by\u0142 kamieniem w\u0119gielnym zarz\u0105dzania naszym najbardziej wysuni\u0119tym na po\u0142udnie,","og:url":"https:\/\/wia.net.pl\/index.php\/2023\/08\/30\/w-2047-traktat-antarktyczny-stanie-sie-modyfikowalny\/","og:image":"https:\/\/wia.net.pl\/wp-content\/uploads\/2023\/11\/cropped-freedom-i73367.jpg","og:image:secure_url":"https:\/\/wia.net.pl\/wp-content\/uploads\/2023\/11\/cropped-freedom-i73367.jpg","article:published_time":"2023-08-30T13:05:10+00:00","article:modified_time":"2023-08-30T13:05:10+00:00","twitter:card":"summary_large_image","twitter:title":"W 2047 Traktat Antarktyczny stanie si\u0119 modyfikowalny - Wolno\u015b\u0107 i Anarchia","twitter:description":"W 2047 Traktat Antarktyczny stanie si\u0119 modyfikowalny, a los kontynentu mo\u017ce wisie\u0107 na w\u0142osku The Conversation Academic rigour, journalistic flair Opublikowano: 12 lipca 2018 Za trzy dekady kilka kluczowych element\u00f3w Uk\u0142adu Antarktycznego stanie si\u0119 przedmiotem ewentualnej odnowienia, pogr\u0105\u017caj\u0105c przysz\u0142o\u015b\u0107 kontynentu w niepewno\u015bci. Przez sze\u015b\u0107 dekad traktat by\u0142 kamieniem w\u0119gielnym zarz\u0105dzania naszym najbardziej wysuni\u0119tym na po\u0142udnie,","twitter:image":"https:\/\/wia.net.pl\/wp-content\/uploads\/2023\/11\/cropped-freedom-i73367.jpg"},"aioseo_meta_data":{"post_id":"4303","title":null,"description":null,"keywords":[],"keyphrases":{"focus":{"keyphrase":"","score":0,"analysis":{"keyphraseInTitle":{"score":0,"maxScore":9,"error":1}}},"additional":[]},"primary_term":null,"canonical_url":null,"og_title":null,"og_description":null,"og_object_type":"default","og_image_type":"default","og_image_url":null,"og_image_width":null,"og_image_height":null,"og_image_custom_url":null,"og_image_custom_fields":null,"og_video":"","og_custom_url":null,"og_article_section":null,"og_article_tags":[],"twitter_use_og":false,"twitter_card":"default","twitter_image_type":"default","twitter_image_url":null,"twitter_image_custom_url":null,"twitter_image_custom_fields":null,"twitter_title":null,"twitter_description":null,"schema":{"blockGraphs":[],"customGraphs":[],"default":{"data":{"Article":[],"Course":[],"Dataset":[],"FAQPage":[],"Movie":[],"Person":[],"Product":[],"ProductReview":[],"Car":[],"Recipe":[],"Service":[],"SoftwareApplication":[],"WebPage":[]},"graphName":"BlogPosting","isEnabled":true},"graphs":[]},"schema_type":"default","schema_type_options":null,"pillar_content":false,"robots_default":true,"robots_noindex":false,"robots_noarchive":false,"robots_nosnippet":false,"robots_nofollow":false,"robots_noimageindex":false,"robots_noodp":false,"robots_notranslate":false,"robots_max_snippet":"-1","robots_max_videopreview":"-1","robots_max_imagepreview":"large","priority":null,"frequency":"default","local_seo":null,"breadcrumb_settings":null,"limit_modified_date":false,"ai":null,"created":"2023-08-30 13:05:11","updated":"2025-06-04 09:11:20","seo_analyzer_scan_date":null,"focus_keyword":null,"additional_keywords":null,"truseo_locale":null},"aioseo_breadcrumb":"<div class=\"aioseo-breadcrumbs\"><span class=\"aioseo-breadcrumb\">\n\t\t\t<a href=\"https:\/\/wia.net.pl\" title=\"Home\">Home<\/a>\n\t\t<\/span><span class=\"aioseo-breadcrumb-separator\">&raquo;<\/span><span class=\"aioseo-breadcrumb\">\n\t\t\t<a href=\"https:\/\/wia.net.pl\/index.php\/category\/artykuly\/\" title=\"Artyku\u0142y\">Artyku\u0142y<\/a>\n\t\t<\/span><span class=\"aioseo-breadcrumb-separator\">&raquo;<\/span><span class=\"aioseo-breadcrumb\">\n\t\t\tW 2047 Traktat Antarktyczny stanie si\u0119 modyfikowalny\n\t\t<\/span><\/div>","aioseo_breadcrumb_json":[{"label":"Home","link":"https:\/\/wia.net.pl"},{"label":"Artyku\u0142y","link":"https:\/\/wia.net.pl\/index.php\/category\/artykuly\/"},{"label":"W 2047 Traktat Antarktyczny stanie si\u0119 modyfikowalny","link":"https:\/\/wia.net.pl\/index.php\/2023\/08\/30\/w-2047-traktat-antarktyczny-stanie-sie-modyfikowalny\/"}],"_links":{"self":[{"href":"https:\/\/wia.net.pl\/index.php\/wp-json\/wp\/v2\/posts\/4303"}],"collection":[{"href":"https:\/\/wia.net.pl\/index.php\/wp-json\/wp\/v2\/posts"}],"about":[{"href":"https:\/\/wia.net.pl\/index.php\/wp-json\/wp\/v2\/types\/post"}],"author":[{"embeddable":true,"href":"https:\/\/wia.net.pl\/index.php\/wp-json\/wp\/v2\/users\/2"}],"replies":[{"embeddable":true,"href":"https:\/\/wia.net.pl\/index.php\/wp-json\/wp\/v2\/comments?post=4303"}],"version-history":[{"count":1,"href":"https:\/\/wia.net.pl\/index.php\/wp-json\/wp\/v2\/posts\/4303\/revisions"}],"predecessor-version":[{"id":4305,"href":"https:\/\/wia.net.pl\/index.php\/wp-json\/wp\/v2\/posts\/4303\/revisions\/4305"}],"wp:featuredmedia":[{"embeddable":true,"href":"https:\/\/wia.net.pl\/index.php\/wp-json\/wp\/v2\/media\/4304"}],"wp:attachment":[{"href":"https:\/\/wia.net.pl\/index.php\/wp-json\/wp\/v2\/media?parent=4303"}],"wp:term":[{"taxonomy":"category","embeddable":true,"href":"https:\/\/wia.net.pl\/index.php\/wp-json\/wp\/v2\/categories?post=4303"},{"taxonomy":"post_tag","embeddable":true,"href":"https:\/\/wia.net.pl\/index.php\/wp-json\/wp\/v2\/tags?post=4303"}],"curies":[{"name":"wp","href":"https:\/\/api.w.org\/{rel}","templated":true}]}}