{"id":4349,"date":"2023-09-04T09:34:35","date_gmt":"2023-09-04T07:34:35","guid":{"rendered":"https:\/\/wia.net.pl\/?p=4349"},"modified":"2023-09-04T09:34:35","modified_gmt":"2023-09-04T07:34:35","slug":"czlowiek-obamy-w-afryce-w-areszcie-domowym-po-powszechnym-zamachu-stanu-wstrzasajacym-gabonem","status":"publish","type":"post","link":"https:\/\/wia.net.pl\/index.php\/2023\/09\/04\/czlowiek-obamy-w-afryce-w-areszcie-domowym-po-powszechnym-zamachu-stanu-wstrzasajacym-gabonem\/","title":{"rendered":"\u201eCz\u0142owiek Obamy w Afryce\u201d w areszcie domowym po powszechnym zamachu stanu wstrz\u0105saj\u0105cym Gabonem"},"content":{"rendered":"\n<p>\u201eCz\u0142owiek Obamy w Afryce\u201d w areszcie domowym po powszechnym zamachu stanu wstrz\u0105saj\u0105cym Gabonem<\/p>\n\n\n\n<p>Autor, <a href=\"https:\/\/thegrayzone.com\/author\/max-blumenthal\/\">MAKS BLUMENTHAL<\/a><\/p>\n\n\n\n<p>The Grayzone<\/p>\n\n\n\n<figure class=\"wp-block-image size-full\"><img loading=\"lazy\" decoding=\"async\" width=\"768\" height=\"512\" src=\"https:\/\/wia.net.pl\/wp-content\/uploads\/2023\/09\/Ali_Bongo_Ondimba_with_Obamas_2014.webp\" alt=\"\" class=\"wp-image-4350\" srcset=\"https:\/\/wia.net.pl\/wp-content\/uploads\/2023\/09\/Ali_Bongo_Ondimba_with_Obamas_2014.webp 768w, https:\/\/wia.net.pl\/wp-content\/uploads\/2023\/09\/Ali_Bongo_Ondimba_with_Obamas_2014-300x200.webp 300w\" sizes=\"(max-width: 768px) 100vw, 768px\" \/><\/figure>\n\n\n\n<p>Prezydent Barack Obama i pierwsza dama Michelle Obama z Alim Bongo Ondimb\u0105, prezydentem Gabonu w Blue Room podczas kolacji na szczycie przyw\u00f3dc\u00f3w USA-Afryka w Bia\u0142ym Domu, 5 sierpnia 2014 r.<\/p>\n\n\n\n<h3 class=\"wp-block-heading\">Przed usuni\u0119ciem w wyniku wojskowego zamachu stanu beznadziejnie skorumpowany prezydent Gabonu Ali Bongo by\u0142 zabiegany przez Obam\u0119 i witany z Waszyngtonu do Davos.\u00a0Bez niego wojna USA z Libi\u0105, kt\u00f3ra zdestabilizowa\u0142a region, mog\u0142a nie zako\u0144czy\u0107 si\u0119 sukcesem.<\/h3>\n\n\n\n<p>Kiedy 30 sierpnia junta wojskowa aresztowa\u0142a prezydenta Alego Bongo Ondimb\u0119, Gabon sta\u0142 si\u0119 dziewi\u0105tym krajem afryka\u0144skim, kt\u00f3ry obali\u0142 sw\u00f3j rz\u0105d w drodze wojskowego zamachu stanu.&nbsp;Podobnie jak wcze\u015bniej obywatele Nigru, Burkina Faso i Mali, t\u0142umy Gabo\u0144czyk\u00f3w wysz\u0142y na ulice, aby \u015bwi\u0119towa\u0107 usuni\u0119cie wspieranego przez Zach\u00f3d przyw\u00f3dcy, kt\u00f3rego rodzina afiszowa\u0142a si\u0119 wystawnym stylem \u017cycia, podczas gdy ponad jedna trzecia populacji kraju cierpia\u0142a w n\u0119dzy.<\/p>\n\n\n\n<p><a href=\"https:\/\/www.pbs.org\/newshour\/show\/gabons-military-ousts-president-in-latest-coup-in-africa\">\u201eNieodpowiedzialne i nieprzewidywalne zarz\u0105dzanie doprowadzi\u0142o do sta\u0142ego pogarszania si\u0119 sp\u00f3jno\u015bci spo\u0142ecznej, gro\u017c\u0105c wprowadzeniem w kraj chaosu\u201d \u2013 o\u015bwiadczy\u0142<\/a>\u00a0po przej\u0119ciu w\u0142adzy\u00a0przyw\u00f3dca junty Gabonu, p\u0142k Ulrich Manfoumbi.<\/p>\n\n\n\n<p>Aresztowanie prezydenta Bongo spotka\u0142o si\u0119 z oburzonym&nbsp;<a href=\"https:\/\/thehill.com\/policy\/international\/4180591-us-deeply-concerned-about-evolving-events-in-gabon\/#:~:text=%E2%80%9CThe%20United%20States%20is%20deeply,Matthew%20Miller%20said%20Wednesday%20night.\">pot\u0119pieniem<\/a>&nbsp;ze strony Waszyngtonu i Pary\u017ca, co pomog\u0142o mu w grabie\u017cy ogromnego bogactwa naftowego swojego kraju.&nbsp;Jego obalenie stanowi\u0142o szczeg\u00f3lnie ostr\u0105 nagan\u0119 wobec by\u0142ego prezydenta Baracka Obamy, kt\u00f3ry wychowa\u0142 gabo\u0144skiego autokrat\u0119 na jednego ze swoich najbli\u017cszych sojusznik\u00f3w na kontynencie i zwr\u00f3ci\u0142 si\u0119 do niego o wsparcie dyplomatyczne, gdy prowadzi\u0142 wojn\u0119 z Libi\u0105, kt\u00f3ra wywo\u0142a\u0142a terror i niestabilno\u015b\u0107 w ca\u0142ym regionie .<\/p>\n\n\n\n<p>Wi\u0119\u017a mi\u0119dzy Obam\u0105 i Bongo by\u0142a tak bliska, \u017ce \u200b\u200bpolityka zagraniczna nazwa\u0142a gabo\u0144skiego przyw\u00f3dc\u0119&nbsp;<a href=\"https:\/\/foreignpolicy.com\/2016\/04\/05\/meet-ali-bongo-ondimba-obamas-man-in-africa\/\">\u201ecz\u0142owiekiem Obamy w Afryce\u201d.<\/a><\/p>\n\n\n\n<p>Z pomoc\u0105 Obamy Bongo pr\u00f3bowa\u0142 ukszta\u0142towa\u0107 si\u0119 na reformistycznego modernizatora.&nbsp;Wielokrotnie podr\u00f3\u017cowa\u0142 do Davos w Szwajcarii, aby wzi\u0105\u0107 udzia\u0142 w \u015awiatowym Forum Ekonomicznym, gdzie zosta\u0142 mianowany \u201ewsp\u00f3\u0142autorem Agendy\u201d.&nbsp;<a href=\"https:\/\/www.weforum.org\/agenda\/2016\/01\/africa-s-role-in-the-fourth-industrial-revolution\/\">Zobowi\u0105za\u0142 si\u0119<\/a>&nbsp;tam&nbsp;do przyspieszenia czwartej rewolucji przemys\u0142owej w Afryce poprzez wdro\u017cenie lukratywnych system\u00f3w identyfikacji cyfrowej i p\u0142atno\u015bci w\u015br\u00f3d g\u0142\u0119boko zubo\u017ca\u0142ej ludno\u015bci swojego kraju.<\/p>\n\n\n\n<p>W biografii Bongo na stronie internetowej WEF wymieniono go jako \u201erzecznika Afryki ds. r\u00f3\u017cnorodno\u015bci biologicznej\u201d i \u201ekompozytora utwor\u00f3w muzycznych\u201d, kt\u00f3rego zainteresowania obejmuj\u0105 \u201ehistori\u0119, pi\u0142k\u0119 no\u017cn\u0105, muzyk\u0119 klasyczn\u0105, jazz i bossa nov\u0119\u201d.&nbsp;Samozwa\u0144czemu cz\u0142owiekowi renesansu uda\u0142o si\u0119 dogada\u0107 z Obam\u0105,&nbsp;<a href=\"https:\/\/youtu.be\/-qwgI62M6bc?si=FZKVXoZinPk3sShF\">kibitz<\/a>&nbsp;z Klausem Schwabem i docisn\u0105\u0107 cia\u0142o do Billa Gatesa.&nbsp;Jednak w domu znalaz\u0142 niewielu przyjaci\u00f3\u0142 w\u015br\u00f3d walcz\u0105cych mas Gabonu.<\/p>\n\n\n\n<figure class=\"wp-block-image\" id=\"attachment_92222\"><img decoding=\"async\" src=\"https:\/\/i0.wp.com\/thegrayzone.com\/wp-content\/uploads\/2023\/08\/25073384_1744637922504777_7491829022224358706_o.jpg?resize=1024%2C725&amp;ssl=1\" alt=\"\" class=\"wp-image-92222\"\/><figcaption class=\"wp-element-caption\">Prezydent Gabonu Bongo i Bill Gates, 2016<\/figcaption><\/figure>\n\n\n\n<h3 class=\"wp-block-heading\">\u201eObywatel \u015bwiata\u201d spotyka sw\u00f3j los w domu<\/h3>\n\n\n\n<p>Ali Bongo doszed\u0142 do w\u0142adzy jako syn zmar\u0142ego gabo\u0144skiego autokraty Omara Bongo Odinmby, kt\u00f3ry rz\u0105dzi\u0142 krajem od 1967 r. do swojej \u015bmierci.&nbsp;W 2004 roku, rok po&nbsp;<a href=\"https:\/\/georgewbush-whitehouse.archives.gov\/news\/releases\/2004\/05\/images\/20040526-2_gabonp40982-6a-515h.html\">om\u00f3wieniu<\/a>&nbsp;ze zha\u0144bionym republika\u0144skim lobbyst\u0105 Jackiem Abramoffem umowy o praniu wizerunku o warto\u015bci 9 milion\u00f3w dolar\u00f3w, Bongo zapewni\u0142 spotkanie&nbsp;<a href=\"https:\/\/georgewbush-whitehouse.archives.gov\/news\/releases\/2004\/05\/images\/20040526-2_gabonp40982-6a-515h.html\">z<\/a>&nbsp;prezydentem Georgem W. Bushem.&nbsp;Kiedy zmar\u0142 pi\u0119\u0107 lat p\u00f3\u017aniej, pozostawi\u0142 po sobie pa\u0142ac prezydencki warty 500 milion\u00f3w dolar\u00f3w, kilkana\u015bcie luksusowych dom\u00f3w od Pary\u017ca po Beverly Hills i kraj opanowany przez nier\u00f3wno\u015bci.<\/p>\n\n\n\n<p>Po&nbsp;<a href=\"https:\/\/www.youtube.com\/watch?v=IMaIeyQn2TI\">kr\u00f3tkim okresie pracy<\/a>&nbsp;jako artysta disco Bongo studiowa\u0142 na francuskiej Sorbonie i przygotowywa\u0142 si\u0119 do przewodzenia swojemu narodowi.&nbsp;Kiedy w 2009 roku zosta\u0142 prezydentem, zacz\u0105\u0142 tam, gdzie sko\u0144czy\u0142 jego ojciec, pl\u0105druj\u0105c fundusze publiczne na samolot&nbsp;<a href=\"https:\/\/www.ch-aviation.com\/portal\/news\/36803-paris-court-orders-seized-gabonese-presidential-b777-be-released\">Boeing 777<\/a>&nbsp;i flot\u0119 luksusowych samochod\u00f3w, podpisuj\u0105c jednocze\u015bnie pot\u0119\u017cne kontrakty z&nbsp;<a href=\"https:\/\/www.odwyerpr.com\/story\/public\/7625\/2016-09-27\/gabon-gets-ogilvy-media-counsel.html\">mi\u0119dzynarodowymi firmami PR<\/a>&nbsp;.&nbsp;<a href=\"https:\/\/nypost.com\/2022\/07\/24\/daughter-of-the-late-president-of-gabon-stole-millions-from-dads-estate\/\">Z pozwu<\/a>&nbsp;wynika, \u017ce \u200b\u200bsiostra Bongo, Pascaline, wyda\u0142a ponad 50 milion\u00f3w dolar\u00f3w na wakacje odrzutowcem i drogie domy, podczas&nbsp;gdy jej rodzina kultywowa\u0142a wp\u0142ywy w Pary\u017cu,&nbsp;<a href=\"https:\/\/www.aljazeera.com\/news\/2010\/12\/29\/gabon-siphoned-funds-to-france\/\">wyprowadzaj\u0105c fundusze<\/a>&nbsp;skradzione z Banku Pa\u0144stw Afryki \u015arodkowej do kasy kampanii by\u0142ych francuskich prezydent\u00f3w Nicolasa Sarkozy\u2019ego i Jacques\u2019a Chiraca.<\/p>\n\n\n\n<figure class=\"wp-block-image\" id=\"attachment_92224\"><img decoding=\"async\" src=\"https:\/\/i0.wp.com\/thegrayzone.com\/wp-content\/uploads\/2023\/08\/F42qsdDWsAAF5Q2.jpg?resize=450%2C630&amp;ssl=1\" alt=\"\" class=\"wp-image-92224\"\/><figcaption class=\"wp-element-caption\">Ali Bongo w 1977 roku, wykonuj\u0105c sw\u00f3j album disco-funk, A Brand New Man<\/figcaption><\/figure>\n\n\n\n<p>Jednak nic w d\u0142ugiej i dobrze udokumentowanej historii korupcji rodziny Bongo nie wydawa\u0142o si\u0119 niepokoi\u0107 prezydenta Baracka Obam\u0119, gdy rozpocz\u0105\u0142 on operacj\u0119 zmiany re\u017cimu w Libii, ironicznie uzasadnion\u0105 jako \u0107wiczenie \u201epromocji demokracji\u201d.&nbsp;Z pomoc\u0105 Waszyngtonu Gabon zosta\u0142 przekszta\u0142cony w Rad\u0119 Bezpiecze\u0144stwa ONZ, gdzie w lutym 2011 r. pe\u0142ni\u0142 rol\u0119 piecz\u0105tki dla ameryka\u0144skich rezolucji \u017c\u0105daj\u0105cych sankcji i wprowadzenia strefy zakazu lot\u00f3w wobec Libii.<\/p>\n\n\n\n<p>Duch wsp\u00f3\u0142pracy Bongo zaowocowa\u0142&nbsp;cztery miesi\u0105ce p\u00f3\u017aniej&nbsp;<a href=\"https:\/\/abcnews.go.com\/Blotter\/obama-invites-ali-bongo-white-house\/story?id=13791159\">wizyt\u0105 u Obamy w Waszyngtonie.&nbsp;<\/a>Tam, przebywaj\u0105c w osobistej rezydencji prezydenta, jako pierwszy afryka\u0144ski przyw\u00f3dca wezwa\u0142 Kaddafiego do oddania w\u0142adzy.<\/p>\n\n\n\n<p>\u201eMog\u0105 zadzwoni\u0107 do dowolnego afryka\u0144skiego przyw\u00f3dcy, kt\u00f3ry ma prywatne numery telefon\u00f3w kom\u00f3rkowych\u201d \u2013 zauwa\u017cy\u0142 \u00f3wczesny ambasador USA w Gabonie Eric Benjaminson w \u201eForeign Policy\u201d, odnosz\u0105c si\u0119 do personelu Bongo.&nbsp;\u201eZnali Kaddafiego i bardzo dobrze znali jego szefa sztabu, a my pr\u00f3bowali\u015bmy przepracowa\u0107 Gabo\u0144czyk\u00f3w, aby zmusi\u0107 Kaddafiego do ust\u0105pienia bez dzia\u0142a\u0144 zbrojnych\u201d.<\/p>\n\n\n\n<p>Benjaminson doda\u0142: \u201eObama go w pewnym sensie lubi\u0142\u201d.<\/p>\n\n\n\n<p>Wojna pod przewodnictwem Stan\u00f3w Zjednoczonych w sprawie zmiany re\u017cimu w Libii szybko przekszta\u0142ci\u0142a wcze\u015bniej stabilny, zamo\u017cny nar\u00f3d w despotyczne piek\u0142o rz\u0105dzone przez wata\u017ck\u00f3w powi\u0105zanych z Al-Kaid\u0105 i ISIS.&nbsp;Maj\u0105c praktycznie&nbsp;<a href=\"https:\/\/world.time.com\/2013\/01\/14\/war-in-mali-france-can-bomb-militants-but-not-arms-routes\/\">nieograniczony dost\u0119p<\/a>&nbsp;do by\u0142ych sk\u0142ad\u00f3w broni libijskiej armii, gangi d\u017cihadyst\u00f3w zacz\u0119\u0142y szale\u0107 w ca\u0142ym regionie Sahelu.&nbsp;<a href=\"https:\/\/www.france24.com\/en\/20130121-qatar-mali-france-ansar-dine-mnla-al-qaeda-sunni-islam-doha\">Tajna pomoc dla ich ataku nap\u0142yn\u0119\u0142a z Kataru<\/a>&nbsp;, monarchii Zatoki Perskiej, kt\u00f3ra wsp\u00f3\u0142pracowa\u0142a z Francj\u0105 i Stanami Zjednoczonymi w celu usuni\u0119cia Kaddafiego, umo\u017cliwiaj\u0105c koalicji d\u017cihadyst\u00f3w ustanowienie de facto kalifatu w p\u00f3\u0142nocno-wschodnim Mali w 2012 roku.<\/p>\n\n\n\n<p>\u201ePrzemoc, kt\u00f3ra n\u0119ka niegdy\u015b stabilne Mali od ko\u0144ca 2011 roku, nie powinna by\u0107 zaskoczeniem dla zachodnich rz\u0105d\u00f3w, poniewa\u017c stanowi bezpo\u015bredni\u0105 funkcj\u0119 libijskiej interwencji NATO\u201d \u2013 zauwa\u017cy\u0142a Rada ds. Stosunk\u00f3w&nbsp;<a href=\"https:\/\/www.cfr.org\/blog\/collateral-damage-how-libyan-weapons-fueled-malis-violence\">Zagranicznych<\/a>&nbsp;.<\/p>\n\n\n\n<p>Pomimo rosn\u0105cej obecno\u015bci wojskowej Francji i Stan\u00f3w Zjednoczonych \u2013 a mo\u017ce z jej powodu \u2013 w 2014 r. w ca\u0142ym regionie nasili\u0142y si\u0119 ataki d\u017cihadyst\u00f3w. W sierpniu tego samego roku Obama nagrodzi\u0142 Bongo zaproszeniem do udzia\u0142u w jego szczycie przyw\u00f3dc\u00f3w USA-Afryka w&nbsp;<a href=\"https:\/\/obamawhitehouse.archives.gov\/us-africa-leaders-summit\">Waszyngtonie<\/a>&nbsp;.&nbsp;Podczas uroczystej kolacji zorganizowanej na szczycie Obama podkre\u015bli\u0142 kluczow\u0105 rol\u0119 Bongo w jego strategii dla Afryki, siedz\u0105c obok niego, gdy raczy\u0142 ich legenda popu Lionel Richie.<\/p>\n\n\n\n<figure class=\"wp-block-image\" id=\"attachment_92219\"><img decoding=\"async\" src=\"https:\/\/i0.wp.com\/thegrayzone.com\/wp-content\/uploads\/2023\/08\/p080514ps-1298_0.jpg?resize=654%2C436&amp;ssl=1\" alt=\"\" class=\"wp-image-92219\"\/><figcaption class=\"wp-element-caption\">Obamowie i prezydent Gabonu Bongo s\u0142uchaj\u0105 wyst\u0119pu Lionela Richiego podczas kolacji na szczycie przyw\u00f3dc\u00f3w USA-Afryka na po\u0142udniowym trawniku Bia\u0142ego Domu, 5 sierpnia 2014 r.<\/figcaption><\/figure>\n\n\n\n<p>Zaledwie miesi\u0105c po wygraniu reelekcji w w\u0105tpliwym g\u0142osowaniu w 2016 r. Bongo zosta\u0142 wezwany z powrotem do Stan\u00f3w Zjednoczonych, tym razem przez notorycznie&nbsp;<a href=\"https:\/\/thegrayzone.com\/2019\/10\/13\/dcs-atlantic-council-raked-in-funding-from-hunter-bidens-corruption-stained-employer-while-courting-his-vp-father\/\">podejrzan\u0105, sponsorowan\u0105 przez NATO Rad\u0119 Atlantyck\u0105,<\/a>&nbsp;aby otrzyma\u0107&nbsp;<a href=\"https:\/\/www.atlanticcouncil.org\/news\/press-releases\/gabonese-president-ali-bongo-ondimba-cancels-trip-to-united-states\/\">\u201eGlobal Citizen Award\u201d<\/a>&nbsp;na gali czarnego krawata zorganizowanej przez zesp\u00f3\u0142 doradc\u00f3w w Nowy Jork.&nbsp;Poniewa\u017c jednak w kraju nadal&nbsp;<a href=\"https:\/\/www.reuters.com\/article\/uk-gabon-election-bongo\/disputed-gabon-poll-may-harm-global-citizen-bongo-idUKKCN11X1OR\">pojawia\u0142y si\u0119 pytania<\/a>&nbsp;dotycz\u0105ce sfa\u0142szowania wybor\u00f3w w Gabonie, w tym 95% g\u0142os\u00f3w na jego korzy\u015b\u0107 przy niemal 100% frekwencji w jednym obszarze, by\u0142 zmuszony odwo\u0142a\u0107 podr\u00f3\u017c.<\/p>\n\n\n\n<p>\u201eRada Atlantycka szanuje decyzj\u0119 prezydenta Gabonu Bongo o rezygnacji z otrzymania w tym roku nagrody Global Citizen Award ze wzgl\u0119du na nadrz\u0119dne priorytety, jakie ma on w swoim kraju\u201d \u2013 og\u0142osi\u0142 zesp\u00f3\u0142 doradc\u00f3w w absurdalnie opuszczonym o\u015bwiadczeniu opublikowanym na swojej stronie&nbsp;<a href=\"https:\/\/www.atlanticcouncil.org\/news\/press-releases\/gabonese-president-ali-bongo-ondimba-cancels-trip-to-united-states\/\">internetowej<\/a>&nbsp;.<\/p>\n\n\n\n<p>W mi\u0119dzyczasie w stolicy Mali, Bamako, grupa obywateli nazywaj\u0105cych siebie \u201ePatriotami Mali\u201d zacz\u0119\u0142a&nbsp;<a href=\"https:\/\/www.crisisgroup.org\/africa\/sahel\/mali\/b185-mali-eviter-le-piege-de-lisolement\">zbiera\u0107 miliony podpis\u00f3w<\/a>&nbsp;, \u017c\u0105daj\u0105c usuni\u0119cia ca\u0142ego francuskiego personelu dyplomatycznego i wojskowego z ich kraju.&nbsp;Wezwali wojska rosyjskie do zast\u0105pienia Francuz\u00f3w, wzywaj\u0105c je do wyp\u0119dzenia islamistycznych bandyt\u00f3w, kt\u00f3rzy n\u0119kali ich spo\u0142ecze\u0144stwo od czasu wojny pod wodz\u0105 Obamy z Libi\u0105.<\/p>\n\n\n\n<p>Kipi\u0105cy gniew przeci\u0119tnych Malijczyk\u00f3w zapocz\u0105tkowa\u0142&nbsp;<a href=\"https:\/\/globeecho.com\/news\/africa\/in-mali-a-demonstration-in-favor-of-the-military-brings-together-thousands-of-people\/\">powszechny wojskowy zamach stanu<\/a>&nbsp;w 2021 r. i przygotowa\u0142 grunt pod kolejny w s\u0105siedniej Burkina Faso w roku nast\u0119pnym, gdzie obywatele \u015bwi\u0119towali&nbsp;<a href=\"https:\/\/thegrayzone.com\/2022\/11\/08\/burkina-fasos-coup\/\">junt\u0119<\/a>&nbsp;z w\u0142asnor\u0119cznie zrobionymi rosyjskimi flagami w d\u0142oniach.<\/p>\n\n\n\n<p>Kiedy 30 sierpnia pucze ogarn\u0119\u0142y rz\u0105d Gabonu, ko\u0144cz\u0105c panowanie jednego z ulubionych kleptokrat\u00f3w Waszyngtonu, Bongo nagra\u0142 wiadomo\u015b\u0107&nbsp;<a href=\"https:\/\/www.reuters.com\/world\/africa\/gabons-detained-president-bongo-appeals-foreign-allies-help-2023-08-30\/\">wideo<\/a>&nbsp;z nieznanego miejsca, w kt\u00f3rej desperacko apelowa\u0142 do \u201ewszystkich przyjaci\u00f3\u0142, kt\u00f3rych mamy na ca\u0142ym \u015bwiecie, aby kazali im ha\u0142asowa\u0107. \u201d<\/p>\n\n\n\n<p>Jednak do tego momentu nie by\u0142o jasne, czy Obama s\u0142ucha i czy mo\u017ce wiele zrobi\u0107, aby ratowa\u0107 swojego \u201ecz\u0142owieka w Afryce\u201d.<\/p>\n\n\n\n<p><a href=\"https:\/\/thegrayzone.com\/author\/max-blumenthal\/\">MAKS BLUMENTHAL<\/a>, REDAKTOR NACZELNY<\/p>\n\n\n\n<p>Redaktor naczelny The Grayzone, Max Blumenthal, jest wielokrotnie nagradzanym dziennikarzem i autorem kilku ksi\u0105\u017cek, w tym bestseller\u00f3w\u00a0<a href=\"https:\/\/www.amazon.com\/Republican-Gomorrah-Inside-Movement-Shattered\/dp\/1568584172\">Republika\u0144ska Gomora<\/a>\u00a0,\u00a0\u00a0<a href=\"https:\/\/www.amazon.com\/Goliath-Life-Loathing-Greater-Israel\/dp\/1568586345\">Goliat<\/a>\u00a0,\u00a0<a href=\"https:\/\/www.amazon.com\/51-Day-War-Ruin-Resistance\/dp\/156858511X\">Wojna pi\u0119\u0107dziesi\u0119ciojednodniowa<\/a>\u00a0i\u00a0<a href=\"https:\/\/www.versobooks.com\/books\/2868-the-management-of-savagery\">Zarz\u0105dzanie dziko\u015bci\u0105<\/a>\u00a0.\u00a0Jest autorem artyku\u0142\u00f3w drukowanych do szeregu publikacji, wielu reporta\u017cy wideo i kilku film\u00f3w dokumentalnych, w tym\u00a0\u00a0<a href=\"https:\/\/killinggaza.com\/\">Killing Gaza<\/a>\u00a0.\u00a0Blumenthal za\u0142o\u017cy\u0142 The Grayzone w 2015 roku, aby rzuci\u0107 dziennikarskie \u015bwiat\u0142o na stan nieustannej wojny w Ameryce i jej niebezpieczne konsekwencje w kraju.<\/p>\n\n\n\n<p>Przedruk za zgod\u0105 The Grayzone<\/p>\n\n\n\n<p>Link \u017ar\u00f3d\u0142owy <a href=\"https:\/\/thegrayzone.com\/2023\/08\/31\/obamas-africa-arrest-coup-gabon\/\">https:\/\/thegrayzone.com\/2023\/08\/31\/obamas-africa-arrest-coup-gabon\/<\/a><\/p>\n","protected":false},"excerpt":{"rendered":"<p>\u201eCz\u0142owiek Obamy w Afryce\u201d w areszcie domowym po powszechnym zamachu stanu wstrz\u0105saj\u0105cym Gabonem Autor, MAKS BLUMENTHAL The Grayzone Prezydent Barack Obama i pierwsza dama Michelle Obama z Alim Bongo Ondimb\u0105, prezydentem Gabonu w Blue Room podczas kolacji na szczycie przyw\u00f3dc\u00f3w&#8230; <\/p>\n","protected":false},"author":2,"featured_media":4350,"comment_status":"open","ping_status":"open","sticky":false,"template":"","format":"standard","meta":{"_acf_changed":false,"_bbp_topic_count":0,"_bbp_reply_count":0,"_bbp_total_topic_count":0,"_bbp_total_reply_count":0,"_bbp_voice_count":0,"_bbp_anonymous_reply_count":0,"_bbp_topic_count_hidden":0,"_bbp_reply_count_hidden":0,"_bbp_forum_subforum_count":0,"om_disable_all_campaigns":false,"_monsterinsights_skip_tracking":false,"footnotes":""},"categories":[93],"tags":[],"class_list":["post-4349","post","type-post","status-publish","format-standard","has-post-thumbnail","hentry","category-artykuly"],"acf":[],"aioseo_notices":[],"aioseo_head":"\n\t\t<!-- All in One SEO 5.0.1.1 - aioseo.com -->\n\t<meta name=\"description\" content=\"\u201eCz\u0142owiek Obamy w Afryce\u201d w areszcie domowym po powszechnym zamachu stanu wstrz\u0105saj\u0105cym Gabonem Autor, MAKS BLUMENTHAL The Grayzone Prezydent Barack Obama i pierwsza dama Michelle Obama z Alim Bongo Ondimb\u0105, prezydentem Gabonu w Blue Room podczas kolacji na szczycie przyw\u00f3dc\u00f3w USA-Afryka w Bia\u0142ym Domu, 5 sierpnia 2014 r. Przed usuni\u0119ciem w wyniku wojskowego zamachu stanu\" \/>\n\t<meta name=\"robots\" content=\"max-image-preview:large\" \/>\n\t<meta name=\"author\" content=\"trinity\"\/>\n\t<link rel=\"canonical\" href=\"https:\/\/wia.net.pl\/index.php\/2023\/09\/04\/czlowiek-obamy-w-afryce-w-areszcie-domowym-po-powszechnym-zamachu-stanu-wstrzasajacym-gabonem\/\" \/>\n\t<meta name=\"generator\" content=\"All in One SEO (AIOSEO) 5.0.1.1\" \/>\n\t\t<meta property=\"og:locale\" content=\"pl_PL\" \/>\n\t\t<meta property=\"og:site_name\" content=\"Wolno\u015b\u0107 i Anarchia - Ka\u017cdy wewn\u0119trznie jest anarchist\u0105.\" \/>\n\t\t<meta property=\"og:type\" content=\"article\" \/>\n\t\t<meta property=\"og:title\" content=\"\u201eCz\u0142owiek Obamy w Afryce\u201d w areszcie domowym po powszechnym zamachu stanu wstrz\u0105saj\u0105cym Gabonem - Wolno\u015b\u0107 i Anarchia\" \/>\n\t\t<meta property=\"og:description\" content=\"\u201eCz\u0142owiek Obamy w Afryce\u201d w areszcie domowym po powszechnym zamachu stanu wstrz\u0105saj\u0105cym Gabonem Autor, MAKS BLUMENTHAL The Grayzone Prezydent Barack Obama i pierwsza dama Michelle Obama z Alim Bongo Ondimb\u0105, prezydentem Gabonu w Blue Room podczas kolacji na szczycie przyw\u00f3dc\u00f3w USA-Afryka w Bia\u0142ym Domu, 5 sierpnia 2014 r. Przed usuni\u0119ciem w wyniku wojskowego zamachu stanu\" \/>\n\t\t<meta property=\"og:url\" content=\"https:\/\/wia.net.pl\/index.php\/2023\/09\/04\/czlowiek-obamy-w-afryce-w-areszcie-domowym-po-powszechnym-zamachu-stanu-wstrzasajacym-gabonem\/\" \/>\n\t\t<meta property=\"og:image\" content=\"https:\/\/wia.net.pl\/wp-content\/uploads\/2023\/11\/cropped-freedom-i73367.jpg\" \/>\n\t\t<meta property=\"og:image:secure_url\" content=\"https:\/\/wia.net.pl\/wp-content\/uploads\/2023\/11\/cropped-freedom-i73367.jpg\" \/>\n\t\t<meta property=\"article:published_time\" content=\"2023-09-04T07:34:35+00:00\" \/>\n\t\t<meta property=\"article:modified_time\" content=\"2023-09-04T07:34:35+00:00\" \/>\n\t\t<meta name=\"twitter:card\" content=\"summary_large_image\" \/>\n\t\t<meta name=\"twitter:title\" content=\"\u201eCz\u0142owiek Obamy w Afryce\u201d w areszcie domowym po powszechnym zamachu stanu wstrz\u0105saj\u0105cym Gabonem - Wolno\u015b\u0107 i Anarchia\" \/>\n\t\t<meta name=\"twitter:description\" content=\"\u201eCz\u0142owiek Obamy w Afryce\u201d w areszcie domowym po powszechnym zamachu stanu wstrz\u0105saj\u0105cym Gabonem Autor, MAKS BLUMENTHAL The Grayzone Prezydent Barack Obama i pierwsza dama Michelle Obama z Alim Bongo Ondimb\u0105, prezydentem Gabonu w Blue Room podczas kolacji na szczycie przyw\u00f3dc\u00f3w USA-Afryka w Bia\u0142ym Domu, 5 sierpnia 2014 r. Przed usuni\u0119ciem w wyniku wojskowego zamachu stanu\" \/>\n\t\t<meta name=\"twitter:image\" content=\"https:\/\/wia.net.pl\/wp-content\/uploads\/2023\/11\/cropped-freedom-i73367.jpg\" \/>\n\t\t<script type=\"application\/ld+json\" class=\"aioseo-schema\">\n\t\t\t{\"@context\":\"https:\\\/\\\/schema.org\",\"@graph\":[{\"@type\":\"BlogPosting\",\"@id\":\"https:\\\/\\\/wia.net.pl\\\/index.php\\\/2023\\\/09\\\/04\\\/czlowiek-obamy-w-afryce-w-areszcie-domowym-po-powszechnym-zamachu-stanu-wstrzasajacym-gabonem\\\/#blogposting\",\"name\":\"\\u201eCz\\u0142owiek Obamy w Afryce\\u201d w areszcie domowym po powszechnym zamachu stanu wstrz\\u0105saj\\u0105cym Gabonem - Wolno\\u015b\\u0107 i Anarchia\",\"headline\":\"\\u201eCz\\u0142owiek Obamy w Afryce\\u201d w areszcie domowym po powszechnym zamachu stanu wstrz\\u0105saj\\u0105cym Gabonem\",\"author\":{\"@id\":\"https:\\\/\\\/wia.net.pl\\\/index.php\\\/author\\\/trinity\\\/#author\"},\"publisher\":{\"@id\":\"https:\\\/\\\/wia.net.pl\\\/#person\"},\"image\":{\"@type\":\"ImageObject\",\"url\":\"https:\\\/\\\/wia.net.pl\\\/wp-content\\\/uploads\\\/2023\\\/09\\\/Ali_Bongo_Ondimba_with_Obamas_2014.webp\",\"width\":768,\"height\":512},\"datePublished\":\"2023-09-04T09:34:35+02:00\",\"dateModified\":\"2023-09-04T09:34:35+02:00\",\"inLanguage\":\"pl-PL\",\"mainEntityOfPage\":{\"@id\":\"https:\\\/\\\/wia.net.pl\\\/index.php\\\/2023\\\/09\\\/04\\\/czlowiek-obamy-w-afryce-w-areszcie-domowym-po-powszechnym-zamachu-stanu-wstrzasajacym-gabonem\\\/#webpage\"},\"isPartOf\":{\"@id\":\"https:\\\/\\\/wia.net.pl\\\/index.php\\\/2023\\\/09\\\/04\\\/czlowiek-obamy-w-afryce-w-areszcie-domowym-po-powszechnym-zamachu-stanu-wstrzasajacym-gabonem\\\/#webpage\"},\"articleSection\":\"Artyku\\u0142y\"},{\"@type\":\"BreadcrumbList\",\"@id\":\"https:\\\/\\\/wia.net.pl\\\/index.php\\\/2023\\\/09\\\/04\\\/czlowiek-obamy-w-afryce-w-areszcie-domowym-po-powszechnym-zamachu-stanu-wstrzasajacym-gabonem\\\/#breadcrumblist\",\"itemListElement\":[{\"@type\":\"ListItem\",\"@id\":\"https:\\\/\\\/wia.net.pl#listItem\",\"position\":1,\"name\":\"Home\",\"item\":\"https:\\\/\\\/wia.net.pl\",\"nextItem\":{\"@type\":\"ListItem\",\"@id\":\"https:\\\/\\\/wia.net.pl\\\/index.php\\\/category\\\/artykuly\\\/#listItem\",\"name\":\"Artyku\\u0142y\"}},{\"@type\":\"ListItem\",\"@id\":\"https:\\\/\\\/wia.net.pl\\\/index.php\\\/category\\\/artykuly\\\/#listItem\",\"position\":2,\"name\":\"Artyku\\u0142y\",\"item\":\"https:\\\/\\\/wia.net.pl\\\/index.php\\\/category\\\/artykuly\\\/\",\"nextItem\":{\"@type\":\"ListItem\",\"@id\":\"https:\\\/\\\/wia.net.pl\\\/index.php\\\/2023\\\/09\\\/04\\\/czlowiek-obamy-w-afryce-w-areszcie-domowym-po-powszechnym-zamachu-stanu-wstrzasajacym-gabonem\\\/#listItem\",\"name\":\"\\u201eCz\\u0142owiek Obamy w Afryce\\u201d w areszcie domowym po powszechnym zamachu stanu wstrz\\u0105saj\\u0105cym Gabonem\"},\"previousItem\":{\"@type\":\"ListItem\",\"@id\":\"https:\\\/\\\/wia.net.pl#listItem\",\"name\":\"Home\"}},{\"@type\":\"ListItem\",\"@id\":\"https:\\\/\\\/wia.net.pl\\\/index.php\\\/2023\\\/09\\\/04\\\/czlowiek-obamy-w-afryce-w-areszcie-domowym-po-powszechnym-zamachu-stanu-wstrzasajacym-gabonem\\\/#listItem\",\"position\":3,\"name\":\"\\u201eCz\\u0142owiek Obamy w Afryce\\u201d w areszcie domowym po powszechnym zamachu stanu wstrz\\u0105saj\\u0105cym Gabonem\",\"previousItem\":{\"@type\":\"ListItem\",\"@id\":\"https:\\\/\\\/wia.net.pl\\\/index.php\\\/category\\\/artykuly\\\/#listItem\",\"name\":\"Artyku\\u0142y\"}}]},{\"@type\":\"Person\",\"@id\":\"https:\\\/\\\/wia.net.pl\\\/#person\",\"name\":\"Bart\\u0142omiej Talarczyk\",\"image\":{\"@type\":\"ImageObject\",\"@id\":\"https:\\\/\\\/wia.net.pl\\\/index.php\\\/2023\\\/09\\\/04\\\/czlowiek-obamy-w-afryce-w-areszcie-domowym-po-powszechnym-zamachu-stanu-wstrzasajacym-gabonem\\\/#personImage\",\"url\":\"https:\\\/\\\/wia.net.pl\\\/wp-content\\\/uploads\\\/avatar-privacy\\\/cache\\\/user\\\/1\\\/7\\\/176a6b161c58363ff49b5c167264231f519f5c7fa183ca1f61e891769b6b56d5-96.jpg\",\"width\":96,\"height\":96,\"caption\":\"Bart\\u0142omiej Talarczyk\"}},{\"@type\":\"Person\",\"@id\":\"https:\\\/\\\/wia.net.pl\\\/index.php\\\/author\\\/trinity\\\/#author\",\"url\":\"https:\\\/\\\/wia.net.pl\\\/index.php\\\/author\\\/trinity\\\/\",\"name\":\"trinity\",\"image\":{\"@type\":\"ImageObject\",\"@id\":\"https:\\\/\\\/wia.net.pl\\\/index.php\\\/2023\\\/09\\\/04\\\/czlowiek-obamy-w-afryce-w-areszcie-domowym-po-powszechnym-zamachu-stanu-wstrzasajacym-gabonem\\\/#authorImage\",\"url\":\"https:\\\/\\\/wia.net.pl\\\/wp-content\\\/uploads\\\/avatar-privacy\\\/cache\\\/user\\\/5\\\/f\\\/5f6547cf82495eaa10e100a6a45d5dbde2dfdc1be88557de2018fca705bdf6f1-96.jpg\",\"width\":96,\"height\":96,\"caption\":\"trinity\"}},{\"@type\":\"WebPage\",\"@id\":\"https:\\\/\\\/wia.net.pl\\\/index.php\\\/2023\\\/09\\\/04\\\/czlowiek-obamy-w-afryce-w-areszcie-domowym-po-powszechnym-zamachu-stanu-wstrzasajacym-gabonem\\\/#webpage\",\"url\":\"https:\\\/\\\/wia.net.pl\\\/index.php\\\/2023\\\/09\\\/04\\\/czlowiek-obamy-w-afryce-w-areszcie-domowym-po-powszechnym-zamachu-stanu-wstrzasajacym-gabonem\\\/\",\"name\":\"\\u201eCz\\u0142owiek Obamy w Afryce\\u201d w areszcie domowym po powszechnym zamachu stanu wstrz\\u0105saj\\u0105cym Gabonem - Wolno\\u015b\\u0107 i Anarchia\",\"description\":\"\\u201eCz\\u0142owiek Obamy w Afryce\\u201d w areszcie domowym po powszechnym zamachu stanu wstrz\\u0105saj\\u0105cym Gabonem Autor, MAKS BLUMENTHAL The Grayzone Prezydent Barack Obama i pierwsza dama Michelle Obama z Alim Bongo Ondimb\\u0105, prezydentem Gabonu w Blue Room podczas kolacji na szczycie przyw\\u00f3dc\\u00f3w USA-Afryka w Bia\\u0142ym Domu, 5 sierpnia 2014 r. Przed usuni\\u0119ciem w wyniku wojskowego zamachu stanu\",\"inLanguage\":\"pl-PL\",\"isPartOf\":{\"@id\":\"https:\\\/\\\/wia.net.pl\\\/#website\"},\"breadcrumb\":{\"@id\":\"https:\\\/\\\/wia.net.pl\\\/index.php\\\/2023\\\/09\\\/04\\\/czlowiek-obamy-w-afryce-w-areszcie-domowym-po-powszechnym-zamachu-stanu-wstrzasajacym-gabonem\\\/#breadcrumblist\"},\"author\":{\"@id\":\"https:\\\/\\\/wia.net.pl\\\/index.php\\\/author\\\/trinity\\\/#author\"},\"creator\":{\"@id\":\"https:\\\/\\\/wia.net.pl\\\/index.php\\\/author\\\/trinity\\\/#author\"},\"image\":{\"@type\":\"ImageObject\",\"url\":\"https:\\\/\\\/wia.net.pl\\\/wp-content\\\/uploads\\\/2023\\\/09\\\/Ali_Bongo_Ondimba_with_Obamas_2014.webp\",\"@id\":\"https:\\\/\\\/wia.net.pl\\\/index.php\\\/2023\\\/09\\\/04\\\/czlowiek-obamy-w-afryce-w-areszcie-domowym-po-powszechnym-zamachu-stanu-wstrzasajacym-gabonem\\\/#mainImage\",\"width\":768,\"height\":512},\"primaryImageOfPage\":{\"@id\":\"https:\\\/\\\/wia.net.pl\\\/index.php\\\/2023\\\/09\\\/04\\\/czlowiek-obamy-w-afryce-w-areszcie-domowym-po-powszechnym-zamachu-stanu-wstrzasajacym-gabonem\\\/#mainImage\"},\"datePublished\":\"2023-09-04T09:34:35+02:00\",\"dateModified\":\"2023-09-04T09:34:35+02:00\"},{\"@type\":\"WebSite\",\"@id\":\"https:\\\/\\\/wia.net.pl\\\/#website\",\"url\":\"https:\\\/\\\/wia.net.pl\\\/\",\"name\":\"Wolno\\u015b\\u0107 i Anarchia\",\"description\":\"Ka\\u017cdy wewn\\u0119trznie jest anarchist\\u0105.\",\"inLanguage\":\"pl-PL\",\"publisher\":{\"@id\":\"https:\\\/\\\/wia.net.pl\\\/#person\"}}]}\n\t\t<\/script>\n\t\t<!-- All in One SEO -->\n\n","aioseo_head_json":{"title":"\u201eCz\u0142owiek Obamy w Afryce\u201d w areszcie domowym po powszechnym zamachu stanu wstrz\u0105saj\u0105cym Gabonem - Wolno\u015b\u0107 i Anarchia","description":"\u201eCz\u0142owiek Obamy w Afryce\u201d w areszcie domowym po powszechnym zamachu stanu wstrz\u0105saj\u0105cym Gabonem Autor, MAKS BLUMENTHAL The Grayzone Prezydent Barack Obama i pierwsza dama Michelle Obama z Alim Bongo Ondimb\u0105, prezydentem Gabonu w Blue Room podczas kolacji na szczycie przyw\u00f3dc\u00f3w USA-Afryka w Bia\u0142ym Domu, 5 sierpnia 2014 r. Przed usuni\u0119ciem w wyniku wojskowego zamachu stanu","canonical_url":"https:\/\/wia.net.pl\/index.php\/2023\/09\/04\/czlowiek-obamy-w-afryce-w-areszcie-domowym-po-powszechnym-zamachu-stanu-wstrzasajacym-gabonem\/","robots":"max-image-preview:large","keywords":"","webmasterTools":{"miscellaneous":""},"schema":{"@context":"https:\/\/schema.org","@graph":[{"@type":"BlogPosting","@id":"https:\/\/wia.net.pl\/index.php\/2023\/09\/04\/czlowiek-obamy-w-afryce-w-areszcie-domowym-po-powszechnym-zamachu-stanu-wstrzasajacym-gabonem\/#blogposting","name":"\u201eCz\u0142owiek Obamy w Afryce\u201d w areszcie domowym po powszechnym zamachu stanu wstrz\u0105saj\u0105cym Gabonem - Wolno\u015b\u0107 i Anarchia","headline":"\u201eCz\u0142owiek Obamy w Afryce\u201d w areszcie domowym po powszechnym zamachu stanu wstrz\u0105saj\u0105cym Gabonem","author":{"@id":"https:\/\/wia.net.pl\/index.php\/author\/trinity\/#author"},"publisher":{"@id":"https:\/\/wia.net.pl\/#person"},"image":{"@type":"ImageObject","url":"https:\/\/wia.net.pl\/wp-content\/uploads\/2023\/09\/Ali_Bongo_Ondimba_with_Obamas_2014.webp","width":768,"height":512},"datePublished":"2023-09-04T09:34:35+02:00","dateModified":"2023-09-04T09:34:35+02:00","inLanguage":"pl-PL","mainEntityOfPage":{"@id":"https:\/\/wia.net.pl\/index.php\/2023\/09\/04\/czlowiek-obamy-w-afryce-w-areszcie-domowym-po-powszechnym-zamachu-stanu-wstrzasajacym-gabonem\/#webpage"},"isPartOf":{"@id":"https:\/\/wia.net.pl\/index.php\/2023\/09\/04\/czlowiek-obamy-w-afryce-w-areszcie-domowym-po-powszechnym-zamachu-stanu-wstrzasajacym-gabonem\/#webpage"},"articleSection":"Artyku\u0142y"},{"@type":"BreadcrumbList","@id":"https:\/\/wia.net.pl\/index.php\/2023\/09\/04\/czlowiek-obamy-w-afryce-w-areszcie-domowym-po-powszechnym-zamachu-stanu-wstrzasajacym-gabonem\/#breadcrumblist","itemListElement":[{"@type":"ListItem","@id":"https:\/\/wia.net.pl#listItem","position":1,"name":"Home","item":"https:\/\/wia.net.pl","nextItem":{"@type":"ListItem","@id":"https:\/\/wia.net.pl\/index.php\/category\/artykuly\/#listItem","name":"Artyku\u0142y"}},{"@type":"ListItem","@id":"https:\/\/wia.net.pl\/index.php\/category\/artykuly\/#listItem","position":2,"name":"Artyku\u0142y","item":"https:\/\/wia.net.pl\/index.php\/category\/artykuly\/","nextItem":{"@type":"ListItem","@id":"https:\/\/wia.net.pl\/index.php\/2023\/09\/04\/czlowiek-obamy-w-afryce-w-areszcie-domowym-po-powszechnym-zamachu-stanu-wstrzasajacym-gabonem\/#listItem","name":"\u201eCz\u0142owiek Obamy w Afryce\u201d w areszcie domowym po powszechnym zamachu stanu wstrz\u0105saj\u0105cym Gabonem"},"previousItem":{"@type":"ListItem","@id":"https:\/\/wia.net.pl#listItem","name":"Home"}},{"@type":"ListItem","@id":"https:\/\/wia.net.pl\/index.php\/2023\/09\/04\/czlowiek-obamy-w-afryce-w-areszcie-domowym-po-powszechnym-zamachu-stanu-wstrzasajacym-gabonem\/#listItem","position":3,"name":"\u201eCz\u0142owiek Obamy w Afryce\u201d w areszcie domowym po powszechnym zamachu stanu wstrz\u0105saj\u0105cym Gabonem","previousItem":{"@type":"ListItem","@id":"https:\/\/wia.net.pl\/index.php\/category\/artykuly\/#listItem","name":"Artyku\u0142y"}}]},{"@type":"Person","@id":"https:\/\/wia.net.pl\/#person","name":"Bart\u0142omiej Talarczyk","image":{"@type":"ImageObject","@id":"https:\/\/wia.net.pl\/index.php\/2023\/09\/04\/czlowiek-obamy-w-afryce-w-areszcie-domowym-po-powszechnym-zamachu-stanu-wstrzasajacym-gabonem\/#personImage","url":"https:\/\/wia.net.pl\/wp-content\/uploads\/avatar-privacy\/cache\/user\/1\/7\/176a6b161c58363ff49b5c167264231f519f5c7fa183ca1f61e891769b6b56d5-96.jpg","width":96,"height":96,"caption":"Bart\u0142omiej Talarczyk"}},{"@type":"Person","@id":"https:\/\/wia.net.pl\/index.php\/author\/trinity\/#author","url":"https:\/\/wia.net.pl\/index.php\/author\/trinity\/","name":"trinity","image":{"@type":"ImageObject","@id":"https:\/\/wia.net.pl\/index.php\/2023\/09\/04\/czlowiek-obamy-w-afryce-w-areszcie-domowym-po-powszechnym-zamachu-stanu-wstrzasajacym-gabonem\/#authorImage","url":"https:\/\/wia.net.pl\/wp-content\/uploads\/avatar-privacy\/cache\/user\/5\/f\/5f6547cf82495eaa10e100a6a45d5dbde2dfdc1be88557de2018fca705bdf6f1-96.jpg","width":96,"height":96,"caption":"trinity"}},{"@type":"WebPage","@id":"https:\/\/wia.net.pl\/index.php\/2023\/09\/04\/czlowiek-obamy-w-afryce-w-areszcie-domowym-po-powszechnym-zamachu-stanu-wstrzasajacym-gabonem\/#webpage","url":"https:\/\/wia.net.pl\/index.php\/2023\/09\/04\/czlowiek-obamy-w-afryce-w-areszcie-domowym-po-powszechnym-zamachu-stanu-wstrzasajacym-gabonem\/","name":"\u201eCz\u0142owiek Obamy w Afryce\u201d w areszcie domowym po powszechnym zamachu stanu wstrz\u0105saj\u0105cym Gabonem - Wolno\u015b\u0107 i Anarchia","description":"\u201eCz\u0142owiek Obamy w Afryce\u201d w areszcie domowym po powszechnym zamachu stanu wstrz\u0105saj\u0105cym Gabonem Autor, MAKS BLUMENTHAL The Grayzone Prezydent Barack Obama i pierwsza dama Michelle Obama z Alim Bongo Ondimb\u0105, prezydentem Gabonu w Blue Room podczas kolacji na szczycie przyw\u00f3dc\u00f3w USA-Afryka w Bia\u0142ym Domu, 5 sierpnia 2014 r. Przed usuni\u0119ciem w wyniku wojskowego zamachu stanu","inLanguage":"pl-PL","isPartOf":{"@id":"https:\/\/wia.net.pl\/#website"},"breadcrumb":{"@id":"https:\/\/wia.net.pl\/index.php\/2023\/09\/04\/czlowiek-obamy-w-afryce-w-areszcie-domowym-po-powszechnym-zamachu-stanu-wstrzasajacym-gabonem\/#breadcrumblist"},"author":{"@id":"https:\/\/wia.net.pl\/index.php\/author\/trinity\/#author"},"creator":{"@id":"https:\/\/wia.net.pl\/index.php\/author\/trinity\/#author"},"image":{"@type":"ImageObject","url":"https:\/\/wia.net.pl\/wp-content\/uploads\/2023\/09\/Ali_Bongo_Ondimba_with_Obamas_2014.webp","@id":"https:\/\/wia.net.pl\/index.php\/2023\/09\/04\/czlowiek-obamy-w-afryce-w-areszcie-domowym-po-powszechnym-zamachu-stanu-wstrzasajacym-gabonem\/#mainImage","width":768,"height":512},"primaryImageOfPage":{"@id":"https:\/\/wia.net.pl\/index.php\/2023\/09\/04\/czlowiek-obamy-w-afryce-w-areszcie-domowym-po-powszechnym-zamachu-stanu-wstrzasajacym-gabonem\/#mainImage"},"datePublished":"2023-09-04T09:34:35+02:00","dateModified":"2023-09-04T09:34:35+02:00"},{"@type":"WebSite","@id":"https:\/\/wia.net.pl\/#website","url":"https:\/\/wia.net.pl\/","name":"Wolno\u015b\u0107 i Anarchia","description":"Ka\u017cdy wewn\u0119trznie jest anarchist\u0105.","inLanguage":"pl-PL","publisher":{"@id":"https:\/\/wia.net.pl\/#person"}}]},"og:locale":"pl_PL","og:site_name":"Wolno\u015b\u0107 i Anarchia - Ka\u017cdy wewn\u0119trznie jest anarchist\u0105.","og:type":"article","og:title":"\u201eCz\u0142owiek Obamy w Afryce\u201d w areszcie domowym po powszechnym zamachu stanu wstrz\u0105saj\u0105cym Gabonem - Wolno\u015b\u0107 i Anarchia","og:description":"\u201eCz\u0142owiek Obamy w Afryce\u201d w areszcie domowym po powszechnym zamachu stanu wstrz\u0105saj\u0105cym Gabonem Autor, MAKS BLUMENTHAL The Grayzone Prezydent Barack Obama i pierwsza dama Michelle Obama z Alim Bongo Ondimb\u0105, prezydentem Gabonu w Blue Room podczas kolacji na szczycie przyw\u00f3dc\u00f3w USA-Afryka w Bia\u0142ym Domu, 5 sierpnia 2014 r. Przed usuni\u0119ciem w wyniku wojskowego zamachu stanu","og:url":"https:\/\/wia.net.pl\/index.php\/2023\/09\/04\/czlowiek-obamy-w-afryce-w-areszcie-domowym-po-powszechnym-zamachu-stanu-wstrzasajacym-gabonem\/","og:image":"https:\/\/wia.net.pl\/wp-content\/uploads\/2023\/11\/cropped-freedom-i73367.jpg","og:image:secure_url":"https:\/\/wia.net.pl\/wp-content\/uploads\/2023\/11\/cropped-freedom-i73367.jpg","article:published_time":"2023-09-04T07:34:35+00:00","article:modified_time":"2023-09-04T07:34:35+00:00","twitter:card":"summary_large_image","twitter:title":"\u201eCz\u0142owiek Obamy w Afryce\u201d w areszcie domowym po powszechnym zamachu stanu wstrz\u0105saj\u0105cym Gabonem - Wolno\u015b\u0107 i Anarchia","twitter:description":"\u201eCz\u0142owiek Obamy w Afryce\u201d w areszcie domowym po powszechnym zamachu stanu wstrz\u0105saj\u0105cym Gabonem Autor, MAKS BLUMENTHAL The Grayzone Prezydent Barack Obama i pierwsza dama Michelle Obama z Alim Bongo Ondimb\u0105, prezydentem Gabonu w Blue Room podczas kolacji na szczycie przyw\u00f3dc\u00f3w USA-Afryka w Bia\u0142ym Domu, 5 sierpnia 2014 r. Przed usuni\u0119ciem w wyniku wojskowego zamachu stanu","twitter:image":"https:\/\/wia.net.pl\/wp-content\/uploads\/2023\/11\/cropped-freedom-i73367.jpg"},"aioseo_meta_data":{"post_id":"4349","title":null,"description":null,"keywords":[],"keyphrases":{"focus":{"keyphrase":"","score":0,"analysis":{"keyphraseInTitle":{"score":0,"maxScore":9,"error":1}}},"additional":[]},"primary_term":null,"canonical_url":null,"og_title":null,"og_description":null,"og_object_type":"default","og_image_type":"default","og_image_url":null,"og_image_width":null,"og_image_height":null,"og_image_custom_url":null,"og_image_custom_fields":null,"og_video":"","og_custom_url":null,"og_article_section":null,"og_article_tags":[],"twitter_use_og":false,"twitter_card":"default","twitter_image_type":"default","twitter_image_url":null,"twitter_image_custom_url":null,"twitter_image_custom_fields":null,"twitter_title":null,"twitter_description":null,"schema":{"blockGraphs":[],"customGraphs":[],"default":{"data":{"Article":[],"Course":[],"Dataset":[],"FAQPage":[],"Movie":[],"Person":[],"Product":[],"ProductReview":[],"Car":[],"Recipe":[],"Service":[],"SoftwareApplication":[],"WebPage":[]},"graphName":"BlogPosting","isEnabled":true},"graphs":[]},"schema_type":"default","schema_type_options":null,"pillar_content":false,"robots_default":true,"robots_noindex":false,"robots_noarchive":false,"robots_nosnippet":false,"robots_nofollow":false,"robots_noimageindex":false,"robots_noodp":false,"robots_notranslate":false,"robots_max_snippet":"-1","robots_max_videopreview":"-1","robots_max_imagepreview":"large","priority":null,"frequency":"default","local_seo":null,"breadcrumb_settings":null,"limit_modified_date":false,"ai":null,"created":"2023-09-04 07:34:35","updated":"2025-06-04 09:13:27","seo_analyzer_scan_date":null,"focus_keyword":null,"additional_keywords":null,"truseo_locale":null},"aioseo_breadcrumb":"<div class=\"aioseo-breadcrumbs\"><span class=\"aioseo-breadcrumb\">\n\t\t\t<a href=\"https:\/\/wia.net.pl\" title=\"Home\">Home<\/a>\n\t\t<\/span><span class=\"aioseo-breadcrumb-separator\">&raquo;<\/span><span class=\"aioseo-breadcrumb\">\n\t\t\t<a href=\"https:\/\/wia.net.pl\/index.php\/category\/artykuly\/\" title=\"Artyku\u0142y\">Artyku\u0142y<\/a>\n\t\t<\/span><span class=\"aioseo-breadcrumb-separator\">&raquo;<\/span><span class=\"aioseo-breadcrumb\">\n\t\t\t\u201eCz\u0142owiek Obamy w Afryce\u201d w areszcie domowym po powszechnym zamachu stanu wstrz\u0105saj\u0105cym Gabonem\n\t\t<\/span><\/div>","aioseo_breadcrumb_json":[{"label":"Home","link":"https:\/\/wia.net.pl"},{"label":"Artyku\u0142y","link":"https:\/\/wia.net.pl\/index.php\/category\/artykuly\/"},{"label":"\u201eCz\u0142owiek Obamy w Afryce\u201d w areszcie domowym po powszechnym zamachu stanu wstrz\u0105saj\u0105cym Gabonem","link":"https:\/\/wia.net.pl\/index.php\/2023\/09\/04\/czlowiek-obamy-w-afryce-w-areszcie-domowym-po-powszechnym-zamachu-stanu-wstrzasajacym-gabonem\/"}],"_links":{"self":[{"href":"https:\/\/wia.net.pl\/index.php\/wp-json\/wp\/v2\/posts\/4349"}],"collection":[{"href":"https:\/\/wia.net.pl\/index.php\/wp-json\/wp\/v2\/posts"}],"about":[{"href":"https:\/\/wia.net.pl\/index.php\/wp-json\/wp\/v2\/types\/post"}],"author":[{"embeddable":true,"href":"https:\/\/wia.net.pl\/index.php\/wp-json\/wp\/v2\/users\/2"}],"replies":[{"embeddable":true,"href":"https:\/\/wia.net.pl\/index.php\/wp-json\/wp\/v2\/comments?post=4349"}],"version-history":[{"count":1,"href":"https:\/\/wia.net.pl\/index.php\/wp-json\/wp\/v2\/posts\/4349\/revisions"}],"predecessor-version":[{"id":4351,"href":"https:\/\/wia.net.pl\/index.php\/wp-json\/wp\/v2\/posts\/4349\/revisions\/4351"}],"wp:featuredmedia":[{"embeddable":true,"href":"https:\/\/wia.net.pl\/index.php\/wp-json\/wp\/v2\/media\/4350"}],"wp:attachment":[{"href":"https:\/\/wia.net.pl\/index.php\/wp-json\/wp\/v2\/media?parent=4349"}],"wp:term":[{"taxonomy":"category","embeddable":true,"href":"https:\/\/wia.net.pl\/index.php\/wp-json\/wp\/v2\/categories?post=4349"},{"taxonomy":"post_tag","embeddable":true,"href":"https:\/\/wia.net.pl\/index.php\/wp-json\/wp\/v2\/tags?post=4349"}],"curies":[{"name":"wp","href":"https:\/\/api.w.org\/{rel}","templated":true}]}}