{"id":436,"date":"2023-05-31T14:19:36","date_gmt":"2023-05-31T12:19:36","guid":{"rendered":"https:\/\/wia.net.pl\/?p=436"},"modified":"2025-04-21T22:27:55","modified_gmt":"2025-04-21T20:27:55","slug":"kraterowa-ziemia-odcinek-1","status":"publish","type":"post","link":"https:\/\/wia.net.pl\/index.php\/2023\/05\/31\/kraterowa-ziemia-odcinek-1\/","title":{"rendered":"Kraterowa Ziemia &#8211; Odcinek 1"},"content":{"rendered":"\n<p>Kraterowa Ziemia &#8211; Odcinek 1<\/p>\n\n\n\n<p>\u0179r\u00f3d\u0142o: https:\/\/www.youtube.com\/@godgevlamste<\/p>\n\n\n<p><iframe id=\"odysee-iframe\" style=\"width:100%; aspect-ratio:16 \/ 9;\" src=\"https:\/\/odysee.com\/%24\/embed\/%40wolnoscanarchia%3Ad%2FKraterowa-Ziemia---Godgevlamste---Odcinek-1%3A6?r=KqtnN3u2RSe5GxY7Tos527f1XGfjXD4u\" allowfullscreen><\/iframe><\/p>\n<div class=\"remoji_bar\"><div class=\"remoji_add_container\" data-remoji-id=\"436\" data-remoji-type=\"post\"><div class=\"remoji_add_icon\"><\/div><\/div><div class=\"remoji_error_bar\" data-remoji-id=\"436\" data-remoji-type=\"post\" style=\"display: none;\">Error happened.<\/div><\/div>","protected":false},"excerpt":{"rendered":"<p>Kraterowa Ziemia &#8211; Odcinek 1 \u0179r\u00f3d\u0142o: https:\/\/www.youtube.com\/@godgevlamste Error happened.<\/p>\n","protected":false},"author":3,"featured_media":452,"comment_status":"open","ping_status":"open","sticky":false,"template":"","format":"standard","meta":{"_acf_changed":false,"_bbp_topic_count":0,"_bbp_reply_count":0,"_bbp_total_topic_count":0,"_bbp_total_reply_count":0,"_bbp_voice_count":0,"_bbp_anonymous_reply_count":0,"_bbp_topic_count_hidden":0,"_bbp_reply_count_hidden":0,"_bbp_forum_subforum_count":0,"om_disable_all_campaigns":false,"_monsterinsights_skip_tracking":false,"_monsterinsights_sitenote_active":false,"_monsterinsights_sitenote_note":"","_monsterinsights_sitenote_category":0,"footnotes":""},"categories":[12],"tags":[60,52,39,54,50,63,64,56,26,41,59,58,65,40,51,32,55,53,66,62],"class_list":["post-436","post","type-post","status-publish","format-standard","has-post-thumbnail","hentry","category-kraterowaziemia","tag-aliens","tag-eric-dubay","tag-flat-earth","tag-flatearthdave","tag-heliocentryzm","tag-historia-ziemi","tag-kosmos","tag-ksiezyc","tag-ludzkosc","tag-nasa","tag-nwo","tag-obcy","tag-planety","tag-plaska-ziemia","tag-ricardo-dias","tag-rzad","tag-slonce","tag-terry-r-eicher","tag-uklad-sloneczny","tag-wszechswiat"],"acf":[],"aioseo_notices":[],"_links":{"self":[{"href":"https:\/\/wia.net.pl\/index.php\/wp-json\/wp\/v2\/posts\/436"}],"collection":[{"href":"https:\/\/wia.net.pl\/index.php\/wp-json\/wp\/v2\/posts"}],"about":[{"href":"https:\/\/wia.net.pl\/index.php\/wp-json\/wp\/v2\/types\/post"}],"author":[{"embeddable":true,"href":"https:\/\/wia.net.pl\/index.php\/wp-json\/wp\/v2\/users\/3"}],"replies":[{"embeddable":true,"href":"https:\/\/wia.net.pl\/index.php\/wp-json\/wp\/v2\/comments?post=436"}],"version-history":[{"count":2,"href":"https:\/\/wia.net.pl\/index.php\/wp-json\/wp\/v2\/posts\/436\/revisions"}],"predecessor-version":[{"id":9759,"href":"https:\/\/wia.net.pl\/index.php\/wp-json\/wp\/v2\/posts\/436\/revisions\/9759"}],"wp:featuredmedia":[{"embeddable":true,"href":"https:\/\/wia.net.pl\/index.php\/wp-json\/wp\/v2\/media\/452"}],"wp:attachment":[{"href":"https:\/\/wia.net.pl\/index.php\/wp-json\/wp\/v2\/media?parent=436"}],"wp:term":[{"taxonomy":"category","embeddable":true,"href":"https:\/\/wia.net.pl\/index.php\/wp-json\/wp\/v2\/categories?post=436"},{"taxonomy":"post_tag","embeddable":true,"href":"https:\/\/wia.net.pl\/index.php\/wp-json\/wp\/v2\/tags?post=436"}],"curies":[{"name":"wp","href":"https:\/\/api.w.org\/{rel}","templated":true}]}}