{"id":4410,"date":"2023-09-07T16:51:44","date_gmt":"2023-09-07T14:51:44","guid":{"rendered":"https:\/\/wia.net.pl\/?p=4410"},"modified":"2023-09-07T16:51:45","modified_gmt":"2023-09-07T14:51:45","slug":"ukraina-majdan-14-swiadkowie-o-sprawcach-masakry","status":"publish","type":"post","link":"https:\/\/wia.net.pl\/index.php\/2023\/09\/07\/ukraina-majdan-14-swiadkowie-o-sprawcach-masakry\/","title":{"rendered":"Ukraina &#8211; Majdan &#8217;14 &#8211; \u015bwiadkowie o sprawcach masakry"},"content":{"rendered":"\n<p>\u015awiadkowie twierdz\u0105, \u017ce \u201enajwi\u0119kszy dostawca broni\u201d na Ukrainie zaaran\u017cowa\u0142 masakr\u0119 na Majdanie w 2014 roku<\/p>\n\n\n\n<p>Autor, <a href=\"https:\/\/thegrayzone.com\/author\/kit-klarenberg\/\">KIT KLARENBERG<\/a><\/p>\n\n\n\n<p>The Grayzone<\/p>\n\n\n\n<figure class=\"wp-block-image size-large\"><img loading=\"lazy\" decoding=\"async\" width=\"1024\" height=\"576\" src=\"https:\/\/wia.net.pl\/wp-content\/uploads\/2023\/09\/majdan-1024x576.jpg\" alt=\"\" class=\"wp-image-4411\" srcset=\"https:\/\/wia.net.pl\/wp-content\/uploads\/2023\/09\/majdan-1024x576.jpg 1024w, https:\/\/wia.net.pl\/wp-content\/uploads\/2023\/09\/majdan-300x169.jpg 300w, https:\/\/wia.net.pl\/wp-content\/uploads\/2023\/09\/majdan-768x432.jpg 768w, https:\/\/wia.net.pl\/wp-content\/uploads\/2023\/09\/majdan-1536x864.jpg 1536w, https:\/\/wia.net.pl\/wp-content\/uploads\/2023\/09\/majdan-480x270.jpg 480w, https:\/\/wia.net.pl\/wp-content\/uploads\/2023\/09\/majdan.jpg 1920w\" sizes=\"(max-width: 1024px) 100vw, 1024px\" \/><\/figure>\n\n\n\n<h3 class=\"wp-block-heading\"><strong>Pot\u0119piony przez Ze\u0142enskiego jako \u201eprzest\u0119pca\u201d, handlarz broni\u0105 Serhij Paszynsy sta\u0142 si\u0119 g\u0142\u00f3wnym prywatnym dostawc\u0105 broni na Ukrain\u0119.&nbsp;Zeznania naocznych \u015bwiadk\u00f3w wskazuj\u0105 Paszynskiego jako architekta krwawej operacji pod fa\u0142szyw\u0105 flag\u0105, kt\u00f3ra w 2014 r. doprowadzi\u0142a do zamachu stanu na Majdanie i pogr\u0105\u017cy\u0142a kraj w wojnie domowej.<\/strong><\/h3>\n\n\n\n<p>Na wiele lat przed wysuni\u0119ciem si\u0119 na czo\u0142owego prywatnego handlarza broni\u0105 w Kijowie by\u0142y legislator Serhij Paszynski odegra\u0142 kluczow\u0105 rol\u0119 we wspieranym przez USA zamachu stanu w 2014 r., kt\u00f3ry obali\u0142 demokratycznie wybranego prezydenta Ukrainy i przygotowa\u0142 grunt pod wyniszczaj\u0105c\u0105 wojn\u0119 domow\u0105.&nbsp;Chocia\u017c notorycznie skorumpowany by\u0142y ukrai\u0144ski parlamentarzysta zosta\u0142 pot\u0119piony przez prezydenta Wo\u0142odymyra Ze\u0142enskiego jako \u201eprzest\u0119pca\u201d jeszcze w 2019 r., w obszernym&nbsp;<a href=\"https:\/\/www.nytimes.com\/2023\/08\/12\/world\/europe\/ukraine-arms-dealer-serhiy-pashinsky.html\">expos\u00e9<\/a>&nbsp;opublikowanym przez \u201eNew York Times\u201d zidentyfikowano Paszynskiego jako \u201enajwi\u0119kszego prywatnego dostawc\u0119 broni dla ukrai\u0144skiego rz\u0105du\u201d.&nbsp;<\/p>\n\n\n\n<p>By\u0107 mo\u017ce by\u0142o przewidywalne, \u017ce w raporcie nie ma wzmianki o dowodach wskazuj\u0105cych na zwi\u0105zek Paszynskiego z masakr\u0105 70 antyrz\u0105dowych demonstrant\u00f3w na kijowskim Majdanie w 2014 r., incydentem, kt\u00f3ry si\u0142y prozachodnie wykorzysta\u0142y do \u200b\u200bprzeprowadzenia zamachu stanu przeciwko \u00f3wczesnemu prezydentowi Wiktorowi Janukowyczowi.<\/p>\n\n\n\n<p>W raporcie z 12 sierpnia na temat nowej strategii Ukrainy w zakresie pozyskiwania broni \u201eNew York Times\u201d&nbsp;stwierdzi\u0142, \u017ce \u201ez desperacji\u201d Kij\u00f3w nie mia\u0142 innego wyj\u015bcia, jak tylko przyj\u0105\u0107 coraz bardziej amoraln\u0105 taktyk\u0119.&nbsp;Twierdz\u0105, \u017ce ta zmiana spowodowa\u0142a wyk\u0142adniczy wzrost cen \u015bmierciono\u015bnego importu \u201ei dodatkowy poziom generowania zysk\u00f3w\u201d na korzy\u015b\u0107 pozbawionych skrupu\u0142\u00f3w spekulant\u00f3w, takich jak Paszynski.&nbsp;<\/p>\n\n\n\n<p>Wed\u0142ug \u201eLos Angeles Times\u201d strategia jest prosta: Paszynsy \u201ekupuje i sprzedaje granaty, pociski artyleryjskie i rakiety za po\u015brednictwem transeuropejskiej sieci po\u015brednik\u00f3w\u201d, nast\u0119pnie \u201esprzedaje je, potem kupuje ponownie i sprzedaje jeszcze raz\u201d:<\/p>\n\n\n\n<p>\u201eZ ka\u017cd\u0105 transakcj\u0105 ceny rosn\u0105 \u2013 podobnie jak zyski wsp\u00f3\u0142pracownik\u00f3w pana Paszynskiego \u2013 a\u017c do momentu, gdy ostateczny nabywca, ukrai\u0144ska armia, zap\u0142aci najwi\u0119cej\u201d \u2013 wyja\u015bni\u0142 \u201eLos Angeles Times\u201d, dodaj\u0105c, \u017ce chocia\u017c korzystanie z wielu broker\u00f3w mo\u017ce by\u0107 z technicznego punktu widzenia legalne, \u201ejest to sprawdzony spos\u00f3b na zawy\u017canie zysk\u00f3w.\u201d<\/p>\n\n\n\n<p>Poniewa\u017c pozornie niesko\u0144czona poda\u017c got\u00f3wki od zachodnich podatnik\u00f3w stanowi bonanz\u0119 dla producent\u00f3w broni, takich jak Raytheon i Northrop Grumman, przynosi podobne korzy\u015bci spekulantom wojennym, takim jak Paszynski.&nbsp;Jego firma, Ukrai\u0144ska Armored Technology, \u201eodnotowa\u0142a najlepszy rok w swojej historii, ze sprzeda\u017c\u0105 og\u00f3\u0142em przekraczaj\u0105c\u0105 350 milion\u00f3w dolar\u00f3w\u201d, co stanowi ogromny wzrost o 12 500% w por\u00f3wnaniu z 2,8 miliona dolar\u00f3w sprzeda\u017cy rok przed wojn\u0105.<\/p>\n\n\n\n<p>Paszynski nie jest jedynym oszustem, kt\u00f3ry czerpie korzy\u015bci z wyeliminowania \u015brodk\u00f3w antykorupcyjnych na Ukrainie w czasie wojny.&nbsp;Z dochodzenia przeprowadzonego przez Times wynika, \u017ce \u200b\u200bkilku dostawc\u00f3w umieszczonych wcze\u015bniej na oficjalnej czarnej li\u015bcie po tym, jak \u201eoszukali wojsko\u201d, mo\u017ce teraz ponownie swobodnie sprzedawa\u0107.&nbsp;Plac\u00f3wka zbagatelizowa\u0142a to, uznaj\u0105c to za niefortunne, ale ostatecznie konieczne rozwi\u0105zanie.<\/p>\n\n\n\n<p>\u201eW imi\u0119 wys\u0142ania broni na lini\u0119 frontu przyw\u00f3dcy wskrzesili postacie z burzliwej przesz\u0142o\u015bci Ukrainy i cofn\u0119li, przynajmniej tymczasowo, lata polityki antykorupcyjnej [sic!]\u201d \u2013 stwierdzi\u0142 \u201eLos Angeles Times\u201d, opisuj\u0105c \u201eponowne pojawienie si\u0119 takich postaci jak Paszynski\u201d jako \u201ejedny z powod\u00f3w, dla kt\u00f3rych rz\u0105dy ameryka\u0144ski i brytyjski kupuj\u0105 amunicj\u0119 dla Ukrainy, zamiast po prostu przekazywa\u0107 pieni\u0105dze\u201d:<\/p>\n\n\n\n<p>\u201eUrz\u0119dnicy europejscy i ameryka\u0144scy niech\u0119tnie rozmawiaj\u0105 o panu Paszy\u0144skim, z obawy, \u017ce wp\u0142yn\u0105 na rosyjsk\u0105 narracj\u0119, \u017ce rz\u0105d Ukrainy jest beznadziejnie skorumpowany i nale\u017cy go wymieni\u0107\u201d.<\/p>\n\n\n\n<p>Jednak nawet pozornie krytyczny raport Timesa pomija kluczowy aspekt niesmacznej biografii Paszy\u0144skiego.&nbsp;W relacjach wyra\u017anie brakowa\u0142o jakichkolwiek wyja\u015bnie\u0144 na temat jego roli w przeprowadzeniu nies\u0142awnej masakry dzia\u0142aczy antyrz\u0105dowych i funkcjonariuszy policji na kijowskim Majdanie pod koniec lutego 2014 r.<\/p>\n\n\n\n<p>Decyduj\u0105cy moment w zorganizowanym przez USA obaleniu wybranego rz\u0105du Ukrainy, \u015bmier\u0107 70 os\u00f3b z r\u0105k tajemniczych snajper\u00f3w, wywo\u0142a\u0142a lawin\u0119 mi\u0119dzynarodowego oburzenia, kt\u00f3re bezpo\u015brednio doprowadzi\u0142o do obalenia prezydenta Wiktora Janukowycza.&nbsp;Do dzi\u015b te zab\u00f3jstwa&nbsp;<a href=\"https:\/\/www.hrw.org\/news\/2014\/04\/03\/dispatches-where-truth-behind-ukraines-maidan-sniper-attacks\">pozostaj\u0105 oficjalnie nierozwi\u0105zane<\/a>&nbsp;.<\/p>\n\n\n\n<p>Jednak\u017ce z zezna\u0144 z pierwszej r\u0119ki os\u00f3b, kt\u00f3re twierdzi\u0142y, \u017ce pomog\u0142y w przeprowadzeniu ataku pod fa\u0142szyw\u0105 flag\u0105, wynika, \u017ce \u200b\u200bnajbardziej p\u0142odny handlarz broni\u0105 w Kijowie by\u0142 \u015bci\u015ble zaanga\u017cowany w t\u0119 makabryczn\u0105 spraw\u0119.<\/p>\n\n\n\n<h3 class=\"wp-block-heading\">Organizator masakry na Majdanie \u201enie bierze je\u0144c\u00f3w\u201d<\/h3>\n\n\n\n<p><a href=\"https:\/\/newcoldwar.org\/bombshell-revelations-italian-television-documentary-sniper-shootings-maidan-square-february-20-2014-staged-provoke-coup-detat\/\">W listopadzie 2017 r<\/a>&nbsp;. w\u0142oski kana\u0142 telewizyjny Matrix opublikowa\u0142 relacje naocznych \u015bwiadk\u00f3w trzech Gruzin\u00f3w, kt\u00f3rzy twierdz\u0105, \u017ce Mamuka Mamulashvili otrzyma\u0142 rozkaz zabicia protestuj\u0105cych.&nbsp;Mamulashvili, \u00f3wczesny najwy\u017cszy rang\u0105 doradca wojskowy prezydenta Gruzji Michaela Saakaszwilego, za\u0142o\u017cy\u0142 p\u00f3\u017aniej nies\u0142awn\u0105 brygad\u0119 najemnik\u00f3w znan\u0105 jako Legion Gruzi\u0144ski, kt\u00f3rej bojownicy zostali powszechnie pot\u0119pieni po opublikowaniu makabrycznego filmu, na kt\u00f3rym rado\u015bnie dokonuj\u0105 egzekucji na nieuzbrojonych i zwi\u0105zanych rosyjskich \u017co\u0142nierzach w kwietniu 2022&nbsp;<a href=\"https:\/\/t.me\/voenacher\/14106\">roku<\/a>&nbsp;.<\/p>\n\n\n\n<p>Dokument&nbsp;\u201eUkraina: Ukryta prawda\u201d zawiera wywiady w\u0142oskiego dziennikarza z trzema gruzi\u0144skimi bojownikami wys\u0142anymi rzekomo w celu zorganizowania zamachu stanu&nbsp;<a href=\"https:\/\/www.youtube.com\/watch?v=pMUcrtBGX5w\">.&nbsp;<\/a>Wszyscy opisywali Paszynskiego jako kluczowego organizatora i wykonawc\u0119 masakry na Majdanie, zarzucaj\u0105c nawet, \u017ce skorumpowani handlarze broni\u0105 dostarczali bro\u0144 i wybierali okre\u015blone cele.&nbsp;W filmie znalaz\u0142o si\u0119 tak\u017ce nagranie, na kt\u00f3rym osobi\u015bcie ewakuuje strzelca z placu, po tym jak zosta\u0142 on z\u0142apany przez protestuj\u0105cych z karabinem i lunet\u0105 i otoczony.<\/p>\n\n\n\n<p>Jeden z gruzi\u0144skich bojownik\u00f3w wspomina, jak on i jego dwaj wsp\u00f3\u0142pracownicy przybyli do Kijowa w styczniu, \u201eaby zorganizowa\u0107 prowokacje, aby nak\u0142oni\u0107 policj\u0119 do oskar\u017cenia t\u0142umu\u201d.&nbsp;Przez prawie miesi\u0105c jednak \u201ebroni nie by\u0142o zbyt wiele\u201d i \u201emaksymalnie u\u017cywano [koktajli] Mo\u0142otowa, tarcz i kij\u00f3w\u201d.<\/p>\n\n\n\n<p>Zmieni\u0142o si\u0119 to \u2013 jak twierdz\u0105 \u2013 w po\u0142owie lutego, kiedy Mamualashvili osobi\u015bcie odwiedzi\u0142 ich wraz z ameryka\u0144skim \u017co\u0142nierzem Brianem Christopherem Boyengerem, by\u0142ym oficerem i snajperem 101. Dywizji Powietrznodesantowej, kt\u00f3ry osobi\u015bcie wyda\u0142 im rozkazy, kt\u00f3re \u201emusieli wykona\u0107\u201d.<\/p>\n\n\n\n<figure class=\"wp-block-image\" id=\"attachment_92349\"><img decoding=\"async\" src=\"https:\/\/i0.wp.com\/thegrayzone.com\/wp-content\/uploads\/2023\/09\/Screenshot-2023-09-05-at-4.48.55-PM.png?resize=1170%2C659&amp;ssl=1\" alt=\"\" class=\"wp-image-92349\"\/><figcaption class=\"wp-element-caption\">Dokument w\u0142oskiego kana\u0142u Matrix zawiera zeznania naocznych \u015bwiadk\u00f3w wskazuj\u0105cych, \u017ce ameryka\u0144ski instruktor wojskowy by\u0142 zaanga\u017cowany w masakr\u0119 na Majdanie na Ukrainie w 2014 roku.<\/figcaption><\/figure>\n\n\n\n<p>Nast\u0119pnie Paszynki osobi\u015bcie przeni\u00f3s\u0142 ich wraz z karabinami snajperskimi i amunicj\u0105 do budynk\u00f3w z widokiem na Majdan \u2013 twierdzili.&nbsp;W tym momencie Mamualashvili podobno upiera\u0142 si\u0119, \u017ce \u201emusimy zacz\u0105\u0107 strzela\u0107 tak bardzo, aby zasia\u0107 chaos\u201d.<\/p>\n\n\n\n<p>I tak oto gruzi\u0144scy bojownicy \u201ezacz\u0119li strzela\u0107 po dwa lub trzy strza\u0142y na raz\u201d do t\u0142umu poni\u017cej, otrzymuj\u0105c rozkaz \u201estrzelania do Berkuta, policji i demonstrant\u00f3w bez wzgl\u0119du na wszystko\u201d.&nbsp;Po zako\u0144czeniu mord\u00f3w Boyenger przeni\u00f3s\u0142 si\u0119 na front Donbasu,&nbsp;<a href=\"https:\/\/www.facebook.com\/euromaidanpress.en\/posts\/american-ex-paratrooper-joins-georgian-legion-fighting-in-ukraine-an-american-fo\/488348958015578\/\">aby walczy\u0107<\/a>&nbsp;w szeregach Legionu Gruzi\u0144skiego, kt\u00f3rym do dzi\u015b dowodzi Mamulashvili.<\/p>\n\n\n\n<p>W mi\u0119dzyczasie ukrai\u0144ski dziennikarz Wo\u0142odymyr Bojko, kt\u00f3ry po Majdanie sta\u0142 na czele rady obywatelskiej Prokuratury Generalnej Ukrainy,&nbsp;<a href=\"https:\/\/naspravdi.today\/uk\/2020\/01\/04\/yak-horbatiuk-pleminnyka-na-robotu-v-dbr-vlashtovuvav\/\">zarzuci\u0142<\/a>&nbsp;, \u017ce Paszynski, chc\u0105c zaciemni\u0107 swoj\u0105 rol\u0119, osobi\u015bcie wybiera\u0142 osoby prowadz\u0105ce oficjalne \u015bledztwo w sprawie masakry, a przekupi\u0142 nawet prokuratora, kt\u00f3ry nim kierowa\u0142.<\/p>\n\n\n\n<p>Pomimo tych szokuj\u0105cych twierdze\u0144 udzia\u0142 Paszynskiego w masakrze na Majdanie nigdy nie zosta\u0142 oficjalnie zbadany, nie m\u00f3wi\u0105c ju\u017c o ukaraniu, a jego najnowsze do\u015bwiadczenia z ukrai\u0144skim wymiarem sprawiedliwo\u015bci sugeruj\u0105, \u017ce jest ma\u0142o prawdopodobne, aby by\u0142 on szczeg\u00f3\u0142owo analizowany przez urz\u0119dnik\u00f3w w Kijowie.&nbsp;B\u0119d\u0105c cz\u0142onkiem Rady Najwy\u017cszej Ukrainy, zosta\u0142 aresztowany za postrzelenie i zranienie pieszego w sporze drogowym, ale ostatecznie zosta\u0142 uniewinniony w 2021 r.&nbsp;<\/p>\n\n\n\n<p>Kiedy izraelscy dziennikarze\u00a0<a href=\"https:\/\/www.youtube.com\/watch?v=C-7xjDxFSQc&amp;t=1786s\">rozmawiali z Paszynskim<\/a>\u00a0w sprawie jego roli w masakrze na Majdanie, handlarz broni\u0105 ostrzeg\u0142, \u017ce zostan\u0105 wytropieni w swoim rodzinnym kraju, gdzie jego wsp\u00f3\u0142pracownicy \u201erozerw\u0105 ich na strz\u0119py\u201d.\u00a0Mo\u017cna im wybaczy\u0107, \u017ce wierzyli, \u017ce nie by\u0142a to czcza gro\u017aba;\u00a0istnieje niepokoj\u0105ca tendencja, \u017ce \u200b\u200bkrytycy Paszinkiego ko\u0144cz\u0105\u00a0<a href=\"https:\/\/www.pravda.com.ua\/rus\/news\/2017\/12\/2\/7164093\/\">brutalnie bici<\/a>\u00a0lub\u00a0<a href=\"https:\/\/ukranews.com\/news\/644939-ilya-obihod-borovshijsya-s-pashinskim-na-vyborah-zastrelen-smi\">zastrzeleni<\/a>\u00a0na ulicy.<\/p>\n\n\n\n<p>Kit Klarenberg jest dziennikarzem \u015bledczym badaj\u0105cym rol\u0119 s\u0142u\u017cb wywiadowczych w kszta\u0142towaniu polityki i postrzegania.<\/p>\n\n\n\n<p>Przedruk za zgod\u0105 The Grayzone<\/p>\n\n\n\n<p>Link \u017ar\u00f3d\u0142owy <a href=\"https:\/\/thegrayzone.com\/2023\/09\/06\/ukraines-arms-supplier-maidan-massacre\/\">https:\/\/thegrayzone.com\/2023\/09\/06\/ukraines-arms-supplier-maidan-massacre\/<\/a><\/p>\n","protected":false},"excerpt":{"rendered":"<p>\u015awiadkowie twierdz\u0105, \u017ce \u201enajwi\u0119kszy dostawca broni\u201d na Ukrainie zaaran\u017cowa\u0142 masakr\u0119 na Majdanie w 2014 roku Autor, KIT KLARENBERG The Grayzone Pot\u0119piony przez Ze\u0142enskiego jako \u201eprzest\u0119pca\u201d, handlarz broni\u0105 Serhij Paszynsy sta\u0142 si\u0119 g\u0142\u00f3wnym prywatnym dostawc\u0105 broni na Ukrain\u0119.&nbsp;Zeznania naocznych \u015bwiadk\u00f3w wskazuj\u0105&#8230; <\/p>\n","protected":false},"author":2,"featured_media":4411,"comment_status":"open","ping_status":"open","sticky":false,"template":"","format":"standard","meta":{"_acf_changed":false,"_bbp_topic_count":0,"_bbp_reply_count":0,"_bbp_total_topic_count":0,"_bbp_total_reply_count":0,"_bbp_voice_count":0,"_bbp_anonymous_reply_count":0,"_bbp_topic_count_hidden":0,"_bbp_reply_count_hidden":0,"_bbp_forum_subforum_count":0,"om_disable_all_campaigns":false,"_monsterinsights_skip_tracking":false,"footnotes":""},"categories":[93],"tags":[],"class_list":["post-4410","post","type-post","status-publish","format-standard","has-post-thumbnail","hentry","category-artykuly"],"acf":[],"aioseo_notices":[],"aioseo_head":"\n\t\t<!-- All in One SEO 5.0.1.1 - aioseo.com -->\n\t<meta name=\"description\" content=\"\u015awiadkowie twierdz\u0105, \u017ce \u201enajwi\u0119kszy dostawca broni\u201d na Ukrainie zaaran\u017cowa\u0142 masakr\u0119 na Majdanie w 2014 roku Autor, KIT KLARENBERG The Grayzone Pot\u0119piony przez Ze\u0142enskiego jako \u201eprzest\u0119pca\u201d, handlarz broni\u0105 Serhij Paszynsy sta\u0142 si\u0119 g\u0142\u00f3wnym prywatnym dostawc\u0105 broni na Ukrain\u0119. Zeznania naocznych \u015bwiadk\u00f3w wskazuj\u0105 Paszynskiego jako architekta krwawej operacji pod fa\u0142szyw\u0105 flag\u0105, kt\u00f3ra w 2014 r. doprowadzi\u0142a do zamachu\" \/>\n\t<meta name=\"robots\" content=\"max-image-preview:large\" \/>\n\t<meta name=\"author\" content=\"trinity\"\/>\n\t<link rel=\"canonical\" href=\"https:\/\/wia.net.pl\/index.php\/2023\/09\/07\/ukraina-majdan-14-swiadkowie-o-sprawcach-masakry\/\" \/>\n\t<meta name=\"generator\" content=\"All in One SEO (AIOSEO) 5.0.1.1\" \/>\n\t\t<meta property=\"og:locale\" content=\"pl_PL\" \/>\n\t\t<meta property=\"og:site_name\" content=\"Wolno\u015b\u0107 i Anarchia - Ka\u017cdy wewn\u0119trznie jest anarchist\u0105.\" \/>\n\t\t<meta property=\"og:type\" content=\"article\" \/>\n\t\t<meta property=\"og:title\" content=\"Ukraina \u2013 Majdan \u201914 \u2013 \u015bwiadkowie o sprawcach masakry - Wolno\u015b\u0107 i Anarchia\" \/>\n\t\t<meta property=\"og:description\" content=\"\u015awiadkowie twierdz\u0105, \u017ce \u201enajwi\u0119kszy dostawca broni\u201d na Ukrainie zaaran\u017cowa\u0142 masakr\u0119 na Majdanie w 2014 roku Autor, KIT KLARENBERG The Grayzone Pot\u0119piony przez Ze\u0142enskiego jako \u201eprzest\u0119pca\u201d, handlarz broni\u0105 Serhij Paszynsy sta\u0142 si\u0119 g\u0142\u00f3wnym prywatnym dostawc\u0105 broni na Ukrain\u0119. Zeznania naocznych \u015bwiadk\u00f3w wskazuj\u0105 Paszynskiego jako architekta krwawej operacji pod fa\u0142szyw\u0105 flag\u0105, kt\u00f3ra w 2014 r. doprowadzi\u0142a do zamachu\" \/>\n\t\t<meta property=\"og:url\" content=\"https:\/\/wia.net.pl\/index.php\/2023\/09\/07\/ukraina-majdan-14-swiadkowie-o-sprawcach-masakry\/\" \/>\n\t\t<meta property=\"og:image\" content=\"https:\/\/wia.net.pl\/wp-content\/uploads\/2023\/11\/cropped-freedom-i73367.jpg\" \/>\n\t\t<meta property=\"og:image:secure_url\" content=\"https:\/\/wia.net.pl\/wp-content\/uploads\/2023\/11\/cropped-freedom-i73367.jpg\" \/>\n\t\t<meta property=\"article:published_time\" content=\"2023-09-07T14:51:44+00:00\" \/>\n\t\t<meta property=\"article:modified_time\" content=\"2023-09-07T14:51:45+00:00\" \/>\n\t\t<meta name=\"twitter:card\" content=\"summary_large_image\" \/>\n\t\t<meta name=\"twitter:title\" content=\"Ukraina \u2013 Majdan \u201914 \u2013 \u015bwiadkowie o sprawcach masakry - Wolno\u015b\u0107 i Anarchia\" \/>\n\t\t<meta name=\"twitter:description\" content=\"\u015awiadkowie twierdz\u0105, \u017ce \u201enajwi\u0119kszy dostawca broni\u201d na Ukrainie zaaran\u017cowa\u0142 masakr\u0119 na Majdanie w 2014 roku Autor, KIT KLARENBERG The Grayzone Pot\u0119piony przez Ze\u0142enskiego jako \u201eprzest\u0119pca\u201d, handlarz broni\u0105 Serhij Paszynsy sta\u0142 si\u0119 g\u0142\u00f3wnym prywatnym dostawc\u0105 broni na Ukrain\u0119. Zeznania naocznych \u015bwiadk\u00f3w wskazuj\u0105 Paszynskiego jako architekta krwawej operacji pod fa\u0142szyw\u0105 flag\u0105, kt\u00f3ra w 2014 r. doprowadzi\u0142a do zamachu\" \/>\n\t\t<meta name=\"twitter:image\" content=\"https:\/\/wia.net.pl\/wp-content\/uploads\/2023\/11\/cropped-freedom-i73367.jpg\" \/>\n\t\t<script type=\"application\/ld+json\" class=\"aioseo-schema\">\n\t\t\t{\"@context\":\"https:\\\/\\\/schema.org\",\"@graph\":[{\"@type\":\"BlogPosting\",\"@id\":\"https:\\\/\\\/wia.net.pl\\\/index.php\\\/2023\\\/09\\\/07\\\/ukraina-majdan-14-swiadkowie-o-sprawcach-masakry\\\/#blogposting\",\"name\":\"Ukraina \\u2013 Majdan \\u201914 \\u2013 \\u015bwiadkowie o sprawcach masakry - Wolno\\u015b\\u0107 i Anarchia\",\"headline\":\"Ukraina &#8211; Majdan &#8217;14 &#8211; \\u015bwiadkowie o sprawcach masakry\",\"author\":{\"@id\":\"https:\\\/\\\/wia.net.pl\\\/index.php\\\/author\\\/trinity\\\/#author\"},\"publisher\":{\"@id\":\"https:\\\/\\\/wia.net.pl\\\/#person\"},\"image\":{\"@type\":\"ImageObject\",\"url\":\"https:\\\/\\\/wia.net.pl\\\/wp-content\\\/uploads\\\/2023\\\/09\\\/majdan.jpg\",\"width\":1920,\"height\":1080},\"datePublished\":\"2023-09-07T16:51:44+02:00\",\"dateModified\":\"2023-09-07T16:51:45+02:00\",\"inLanguage\":\"pl-PL\",\"mainEntityOfPage\":{\"@id\":\"https:\\\/\\\/wia.net.pl\\\/index.php\\\/2023\\\/09\\\/07\\\/ukraina-majdan-14-swiadkowie-o-sprawcach-masakry\\\/#webpage\"},\"isPartOf\":{\"@id\":\"https:\\\/\\\/wia.net.pl\\\/index.php\\\/2023\\\/09\\\/07\\\/ukraina-majdan-14-swiadkowie-o-sprawcach-masakry\\\/#webpage\"},\"articleSection\":\"Artyku\\u0142y\"},{\"@type\":\"BreadcrumbList\",\"@id\":\"https:\\\/\\\/wia.net.pl\\\/index.php\\\/2023\\\/09\\\/07\\\/ukraina-majdan-14-swiadkowie-o-sprawcach-masakry\\\/#breadcrumblist\",\"itemListElement\":[{\"@type\":\"ListItem\",\"@id\":\"https:\\\/\\\/wia.net.pl#listItem\",\"position\":1,\"name\":\"Home\",\"item\":\"https:\\\/\\\/wia.net.pl\",\"nextItem\":{\"@type\":\"ListItem\",\"@id\":\"https:\\\/\\\/wia.net.pl\\\/index.php\\\/category\\\/artykuly\\\/#listItem\",\"name\":\"Artyku\\u0142y\"}},{\"@type\":\"ListItem\",\"@id\":\"https:\\\/\\\/wia.net.pl\\\/index.php\\\/category\\\/artykuly\\\/#listItem\",\"position\":2,\"name\":\"Artyku\\u0142y\",\"item\":\"https:\\\/\\\/wia.net.pl\\\/index.php\\\/category\\\/artykuly\\\/\",\"nextItem\":{\"@type\":\"ListItem\",\"@id\":\"https:\\\/\\\/wia.net.pl\\\/index.php\\\/2023\\\/09\\\/07\\\/ukraina-majdan-14-swiadkowie-o-sprawcach-masakry\\\/#listItem\",\"name\":\"Ukraina &#8211; Majdan &#8217;14 &#8211; \\u015bwiadkowie o sprawcach masakry\"},\"previousItem\":{\"@type\":\"ListItem\",\"@id\":\"https:\\\/\\\/wia.net.pl#listItem\",\"name\":\"Home\"}},{\"@type\":\"ListItem\",\"@id\":\"https:\\\/\\\/wia.net.pl\\\/index.php\\\/2023\\\/09\\\/07\\\/ukraina-majdan-14-swiadkowie-o-sprawcach-masakry\\\/#listItem\",\"position\":3,\"name\":\"Ukraina &#8211; Majdan &#8217;14 &#8211; \\u015bwiadkowie o sprawcach masakry\",\"previousItem\":{\"@type\":\"ListItem\",\"@id\":\"https:\\\/\\\/wia.net.pl\\\/index.php\\\/category\\\/artykuly\\\/#listItem\",\"name\":\"Artyku\\u0142y\"}}]},{\"@type\":\"Person\",\"@id\":\"https:\\\/\\\/wia.net.pl\\\/#person\",\"name\":\"Bart\\u0142omiej Talarczyk\",\"image\":{\"@type\":\"ImageObject\",\"@id\":\"https:\\\/\\\/wia.net.pl\\\/index.php\\\/2023\\\/09\\\/07\\\/ukraina-majdan-14-swiadkowie-o-sprawcach-masakry\\\/#personImage\",\"url\":\"https:\\\/\\\/wia.net.pl\\\/wp-content\\\/uploads\\\/avatar-privacy\\\/cache\\\/user\\\/1\\\/7\\\/176a6b161c58363ff49b5c167264231f519f5c7fa183ca1f61e891769b6b56d5-96.jpg\",\"width\":96,\"height\":96,\"caption\":\"Bart\\u0142omiej Talarczyk\"}},{\"@type\":\"Person\",\"@id\":\"https:\\\/\\\/wia.net.pl\\\/index.php\\\/author\\\/trinity\\\/#author\",\"url\":\"https:\\\/\\\/wia.net.pl\\\/index.php\\\/author\\\/trinity\\\/\",\"name\":\"trinity\",\"image\":{\"@type\":\"ImageObject\",\"@id\":\"https:\\\/\\\/wia.net.pl\\\/index.php\\\/2023\\\/09\\\/07\\\/ukraina-majdan-14-swiadkowie-o-sprawcach-masakry\\\/#authorImage\",\"url\":\"https:\\\/\\\/wia.net.pl\\\/wp-content\\\/uploads\\\/avatar-privacy\\\/cache\\\/user\\\/5\\\/f\\\/5f6547cf82495eaa10e100a6a45d5dbde2dfdc1be88557de2018fca705bdf6f1-96.jpg\",\"width\":96,\"height\":96,\"caption\":\"trinity\"}},{\"@type\":\"WebPage\",\"@id\":\"https:\\\/\\\/wia.net.pl\\\/index.php\\\/2023\\\/09\\\/07\\\/ukraina-majdan-14-swiadkowie-o-sprawcach-masakry\\\/#webpage\",\"url\":\"https:\\\/\\\/wia.net.pl\\\/index.php\\\/2023\\\/09\\\/07\\\/ukraina-majdan-14-swiadkowie-o-sprawcach-masakry\\\/\",\"name\":\"Ukraina \\u2013 Majdan \\u201914 \\u2013 \\u015bwiadkowie o sprawcach masakry - Wolno\\u015b\\u0107 i Anarchia\",\"description\":\"\\u015awiadkowie twierdz\\u0105, \\u017ce \\u201enajwi\\u0119kszy dostawca broni\\u201d na Ukrainie zaaran\\u017cowa\\u0142 masakr\\u0119 na Majdanie w 2014 roku Autor, KIT KLARENBERG The Grayzone Pot\\u0119piony przez Ze\\u0142enskiego jako \\u201eprzest\\u0119pca\\u201d, handlarz broni\\u0105 Serhij Paszynsy sta\\u0142 si\\u0119 g\\u0142\\u00f3wnym prywatnym dostawc\\u0105 broni na Ukrain\\u0119. Zeznania naocznych \\u015bwiadk\\u00f3w wskazuj\\u0105 Paszynskiego jako architekta krwawej operacji pod fa\\u0142szyw\\u0105 flag\\u0105, kt\\u00f3ra w 2014 r. doprowadzi\\u0142a do zamachu\",\"inLanguage\":\"pl-PL\",\"isPartOf\":{\"@id\":\"https:\\\/\\\/wia.net.pl\\\/#website\"},\"breadcrumb\":{\"@id\":\"https:\\\/\\\/wia.net.pl\\\/index.php\\\/2023\\\/09\\\/07\\\/ukraina-majdan-14-swiadkowie-o-sprawcach-masakry\\\/#breadcrumblist\"},\"author\":{\"@id\":\"https:\\\/\\\/wia.net.pl\\\/index.php\\\/author\\\/trinity\\\/#author\"},\"creator\":{\"@id\":\"https:\\\/\\\/wia.net.pl\\\/index.php\\\/author\\\/trinity\\\/#author\"},\"image\":{\"@type\":\"ImageObject\",\"url\":\"https:\\\/\\\/wia.net.pl\\\/wp-content\\\/uploads\\\/2023\\\/09\\\/majdan.jpg\",\"@id\":\"https:\\\/\\\/wia.net.pl\\\/index.php\\\/2023\\\/09\\\/07\\\/ukraina-majdan-14-swiadkowie-o-sprawcach-masakry\\\/#mainImage\",\"width\":1920,\"height\":1080},\"primaryImageOfPage\":{\"@id\":\"https:\\\/\\\/wia.net.pl\\\/index.php\\\/2023\\\/09\\\/07\\\/ukraina-majdan-14-swiadkowie-o-sprawcach-masakry\\\/#mainImage\"},\"datePublished\":\"2023-09-07T16:51:44+02:00\",\"dateModified\":\"2023-09-07T16:51:45+02:00\"},{\"@type\":\"WebSite\",\"@id\":\"https:\\\/\\\/wia.net.pl\\\/#website\",\"url\":\"https:\\\/\\\/wia.net.pl\\\/\",\"name\":\"Wolno\\u015b\\u0107 i Anarchia\",\"description\":\"Ka\\u017cdy wewn\\u0119trznie jest anarchist\\u0105.\",\"inLanguage\":\"pl-PL\",\"publisher\":{\"@id\":\"https:\\\/\\\/wia.net.pl\\\/#person\"}}]}\n\t\t<\/script>\n\t\t<!-- All in One SEO -->\n\n","aioseo_head_json":{"title":"Ukraina \u2013 Majdan \u201914 \u2013 \u015bwiadkowie o sprawcach masakry - Wolno\u015b\u0107 i Anarchia","description":"\u015awiadkowie twierdz\u0105, \u017ce \u201enajwi\u0119kszy dostawca broni\u201d na Ukrainie zaaran\u017cowa\u0142 masakr\u0119 na Majdanie w 2014 roku Autor, KIT KLARENBERG The Grayzone Pot\u0119piony przez Ze\u0142enskiego jako \u201eprzest\u0119pca\u201d, handlarz broni\u0105 Serhij Paszynsy sta\u0142 si\u0119 g\u0142\u00f3wnym prywatnym dostawc\u0105 broni na Ukrain\u0119. Zeznania naocznych \u015bwiadk\u00f3w wskazuj\u0105 Paszynskiego jako architekta krwawej operacji pod fa\u0142szyw\u0105 flag\u0105, kt\u00f3ra w 2014 r. doprowadzi\u0142a do zamachu","canonical_url":"https:\/\/wia.net.pl\/index.php\/2023\/09\/07\/ukraina-majdan-14-swiadkowie-o-sprawcach-masakry\/","robots":"max-image-preview:large","keywords":"","webmasterTools":{"miscellaneous":""},"schema":{"@context":"https:\/\/schema.org","@graph":[{"@type":"BlogPosting","@id":"https:\/\/wia.net.pl\/index.php\/2023\/09\/07\/ukraina-majdan-14-swiadkowie-o-sprawcach-masakry\/#blogposting","name":"Ukraina \u2013 Majdan \u201914 \u2013 \u015bwiadkowie o sprawcach masakry - Wolno\u015b\u0107 i Anarchia","headline":"Ukraina &#8211; Majdan &#8217;14 &#8211; \u015bwiadkowie o sprawcach masakry","author":{"@id":"https:\/\/wia.net.pl\/index.php\/author\/trinity\/#author"},"publisher":{"@id":"https:\/\/wia.net.pl\/#person"},"image":{"@type":"ImageObject","url":"https:\/\/wia.net.pl\/wp-content\/uploads\/2023\/09\/majdan.jpg","width":1920,"height":1080},"datePublished":"2023-09-07T16:51:44+02:00","dateModified":"2023-09-07T16:51:45+02:00","inLanguage":"pl-PL","mainEntityOfPage":{"@id":"https:\/\/wia.net.pl\/index.php\/2023\/09\/07\/ukraina-majdan-14-swiadkowie-o-sprawcach-masakry\/#webpage"},"isPartOf":{"@id":"https:\/\/wia.net.pl\/index.php\/2023\/09\/07\/ukraina-majdan-14-swiadkowie-o-sprawcach-masakry\/#webpage"},"articleSection":"Artyku\u0142y"},{"@type":"BreadcrumbList","@id":"https:\/\/wia.net.pl\/index.php\/2023\/09\/07\/ukraina-majdan-14-swiadkowie-o-sprawcach-masakry\/#breadcrumblist","itemListElement":[{"@type":"ListItem","@id":"https:\/\/wia.net.pl#listItem","position":1,"name":"Home","item":"https:\/\/wia.net.pl","nextItem":{"@type":"ListItem","@id":"https:\/\/wia.net.pl\/index.php\/category\/artykuly\/#listItem","name":"Artyku\u0142y"}},{"@type":"ListItem","@id":"https:\/\/wia.net.pl\/index.php\/category\/artykuly\/#listItem","position":2,"name":"Artyku\u0142y","item":"https:\/\/wia.net.pl\/index.php\/category\/artykuly\/","nextItem":{"@type":"ListItem","@id":"https:\/\/wia.net.pl\/index.php\/2023\/09\/07\/ukraina-majdan-14-swiadkowie-o-sprawcach-masakry\/#listItem","name":"Ukraina &#8211; Majdan &#8217;14 &#8211; \u015bwiadkowie o sprawcach masakry"},"previousItem":{"@type":"ListItem","@id":"https:\/\/wia.net.pl#listItem","name":"Home"}},{"@type":"ListItem","@id":"https:\/\/wia.net.pl\/index.php\/2023\/09\/07\/ukraina-majdan-14-swiadkowie-o-sprawcach-masakry\/#listItem","position":3,"name":"Ukraina &#8211; Majdan &#8217;14 &#8211; \u015bwiadkowie o sprawcach masakry","previousItem":{"@type":"ListItem","@id":"https:\/\/wia.net.pl\/index.php\/category\/artykuly\/#listItem","name":"Artyku\u0142y"}}]},{"@type":"Person","@id":"https:\/\/wia.net.pl\/#person","name":"Bart\u0142omiej Talarczyk","image":{"@type":"ImageObject","@id":"https:\/\/wia.net.pl\/index.php\/2023\/09\/07\/ukraina-majdan-14-swiadkowie-o-sprawcach-masakry\/#personImage","url":"https:\/\/wia.net.pl\/wp-content\/uploads\/avatar-privacy\/cache\/user\/1\/7\/176a6b161c58363ff49b5c167264231f519f5c7fa183ca1f61e891769b6b56d5-96.jpg","width":96,"height":96,"caption":"Bart\u0142omiej Talarczyk"}},{"@type":"Person","@id":"https:\/\/wia.net.pl\/index.php\/author\/trinity\/#author","url":"https:\/\/wia.net.pl\/index.php\/author\/trinity\/","name":"trinity","image":{"@type":"ImageObject","@id":"https:\/\/wia.net.pl\/index.php\/2023\/09\/07\/ukraina-majdan-14-swiadkowie-o-sprawcach-masakry\/#authorImage","url":"https:\/\/wia.net.pl\/wp-content\/uploads\/avatar-privacy\/cache\/user\/5\/f\/5f6547cf82495eaa10e100a6a45d5dbde2dfdc1be88557de2018fca705bdf6f1-96.jpg","width":96,"height":96,"caption":"trinity"}},{"@type":"WebPage","@id":"https:\/\/wia.net.pl\/index.php\/2023\/09\/07\/ukraina-majdan-14-swiadkowie-o-sprawcach-masakry\/#webpage","url":"https:\/\/wia.net.pl\/index.php\/2023\/09\/07\/ukraina-majdan-14-swiadkowie-o-sprawcach-masakry\/","name":"Ukraina \u2013 Majdan \u201914 \u2013 \u015bwiadkowie o sprawcach masakry - Wolno\u015b\u0107 i Anarchia","description":"\u015awiadkowie twierdz\u0105, \u017ce \u201enajwi\u0119kszy dostawca broni\u201d na Ukrainie zaaran\u017cowa\u0142 masakr\u0119 na Majdanie w 2014 roku Autor, KIT KLARENBERG The Grayzone Pot\u0119piony przez Ze\u0142enskiego jako \u201eprzest\u0119pca\u201d, handlarz broni\u0105 Serhij Paszynsy sta\u0142 si\u0119 g\u0142\u00f3wnym prywatnym dostawc\u0105 broni na Ukrain\u0119. Zeznania naocznych \u015bwiadk\u00f3w wskazuj\u0105 Paszynskiego jako architekta krwawej operacji pod fa\u0142szyw\u0105 flag\u0105, kt\u00f3ra w 2014 r. doprowadzi\u0142a do zamachu","inLanguage":"pl-PL","isPartOf":{"@id":"https:\/\/wia.net.pl\/#website"},"breadcrumb":{"@id":"https:\/\/wia.net.pl\/index.php\/2023\/09\/07\/ukraina-majdan-14-swiadkowie-o-sprawcach-masakry\/#breadcrumblist"},"author":{"@id":"https:\/\/wia.net.pl\/index.php\/author\/trinity\/#author"},"creator":{"@id":"https:\/\/wia.net.pl\/index.php\/author\/trinity\/#author"},"image":{"@type":"ImageObject","url":"https:\/\/wia.net.pl\/wp-content\/uploads\/2023\/09\/majdan.jpg","@id":"https:\/\/wia.net.pl\/index.php\/2023\/09\/07\/ukraina-majdan-14-swiadkowie-o-sprawcach-masakry\/#mainImage","width":1920,"height":1080},"primaryImageOfPage":{"@id":"https:\/\/wia.net.pl\/index.php\/2023\/09\/07\/ukraina-majdan-14-swiadkowie-o-sprawcach-masakry\/#mainImage"},"datePublished":"2023-09-07T16:51:44+02:00","dateModified":"2023-09-07T16:51:45+02:00"},{"@type":"WebSite","@id":"https:\/\/wia.net.pl\/#website","url":"https:\/\/wia.net.pl\/","name":"Wolno\u015b\u0107 i Anarchia","description":"Ka\u017cdy wewn\u0119trznie jest anarchist\u0105.","inLanguage":"pl-PL","publisher":{"@id":"https:\/\/wia.net.pl\/#person"}}]},"og:locale":"pl_PL","og:site_name":"Wolno\u015b\u0107 i Anarchia - Ka\u017cdy wewn\u0119trznie jest anarchist\u0105.","og:type":"article","og:title":"Ukraina \u2013 Majdan \u201914 \u2013 \u015bwiadkowie o sprawcach masakry - Wolno\u015b\u0107 i Anarchia","og:description":"\u015awiadkowie twierdz\u0105, \u017ce \u201enajwi\u0119kszy dostawca broni\u201d na Ukrainie zaaran\u017cowa\u0142 masakr\u0119 na Majdanie w 2014 roku Autor, KIT KLARENBERG The Grayzone Pot\u0119piony przez Ze\u0142enskiego jako \u201eprzest\u0119pca\u201d, handlarz broni\u0105 Serhij Paszynsy sta\u0142 si\u0119 g\u0142\u00f3wnym prywatnym dostawc\u0105 broni na Ukrain\u0119. Zeznania naocznych \u015bwiadk\u00f3w wskazuj\u0105 Paszynskiego jako architekta krwawej operacji pod fa\u0142szyw\u0105 flag\u0105, kt\u00f3ra w 2014 r. doprowadzi\u0142a do zamachu","og:url":"https:\/\/wia.net.pl\/index.php\/2023\/09\/07\/ukraina-majdan-14-swiadkowie-o-sprawcach-masakry\/","og:image":"https:\/\/wia.net.pl\/wp-content\/uploads\/2023\/11\/cropped-freedom-i73367.jpg","og:image:secure_url":"https:\/\/wia.net.pl\/wp-content\/uploads\/2023\/11\/cropped-freedom-i73367.jpg","article:published_time":"2023-09-07T14:51:44+00:00","article:modified_time":"2023-09-07T14:51:45+00:00","twitter:card":"summary_large_image","twitter:title":"Ukraina \u2013 Majdan \u201914 \u2013 \u015bwiadkowie o sprawcach masakry - Wolno\u015b\u0107 i Anarchia","twitter:description":"\u015awiadkowie twierdz\u0105, \u017ce \u201enajwi\u0119kszy dostawca broni\u201d na Ukrainie zaaran\u017cowa\u0142 masakr\u0119 na Majdanie w 2014 roku Autor, KIT KLARENBERG The Grayzone Pot\u0119piony przez Ze\u0142enskiego jako \u201eprzest\u0119pca\u201d, handlarz broni\u0105 Serhij Paszynsy sta\u0142 si\u0119 g\u0142\u00f3wnym prywatnym dostawc\u0105 broni na Ukrain\u0119. Zeznania naocznych \u015bwiadk\u00f3w wskazuj\u0105 Paszynskiego jako architekta krwawej operacji pod fa\u0142szyw\u0105 flag\u0105, kt\u00f3ra w 2014 r. doprowadzi\u0142a do zamachu","twitter:image":"https:\/\/wia.net.pl\/wp-content\/uploads\/2023\/11\/cropped-freedom-i73367.jpg"},"aioseo_meta_data":{"post_id":"4410","title":null,"description":null,"keywords":[],"keyphrases":{"focus":{"keyphrase":"","score":0,"analysis":{"keyphraseInTitle":{"score":0,"maxScore":9,"error":1}}},"additional":[]},"primary_term":null,"canonical_url":null,"og_title":null,"og_description":null,"og_object_type":"default","og_image_type":"default","og_image_url":null,"og_image_width":null,"og_image_height":null,"og_image_custom_url":null,"og_image_custom_fields":null,"og_video":"","og_custom_url":null,"og_article_section":null,"og_article_tags":[],"twitter_use_og":false,"twitter_card":"default","twitter_image_type":"default","twitter_image_url":null,"twitter_image_custom_url":null,"twitter_image_custom_fields":null,"twitter_title":null,"twitter_description":null,"schema":{"blockGraphs":[],"customGraphs":[],"default":{"data":{"Article":[],"Course":[],"Dataset":[],"FAQPage":[],"Movie":[],"Person":[],"Product":[],"ProductReview":[],"Car":[],"Recipe":[],"Service":[],"SoftwareApplication":[],"WebPage":[]},"graphName":"BlogPosting","isEnabled":true},"graphs":[]},"schema_type":"default","schema_type_options":null,"pillar_content":false,"robots_default":true,"robots_noindex":false,"robots_noarchive":false,"robots_nosnippet":false,"robots_nofollow":false,"robots_noimageindex":false,"robots_noodp":false,"robots_notranslate":false,"robots_max_snippet":"-1","robots_max_videopreview":"-1","robots_max_imagepreview":"large","priority":null,"frequency":"default","local_seo":null,"breadcrumb_settings":null,"limit_modified_date":false,"ai":null,"created":"2023-09-07 14:51:45","updated":"2025-06-04 09:15:44","seo_analyzer_scan_date":null,"focus_keyword":null,"additional_keywords":null,"truseo_locale":null},"aioseo_breadcrumb":"<div class=\"aioseo-breadcrumbs\"><span class=\"aioseo-breadcrumb\">\n\t\t\t<a href=\"https:\/\/wia.net.pl\" title=\"Home\">Home<\/a>\n\t\t<\/span><span class=\"aioseo-breadcrumb-separator\">&raquo;<\/span><span class=\"aioseo-breadcrumb\">\n\t\t\t<a href=\"https:\/\/wia.net.pl\/index.php\/category\/artykuly\/\" title=\"Artyku\u0142y\">Artyku\u0142y<\/a>\n\t\t<\/span><span class=\"aioseo-breadcrumb-separator\">&raquo;<\/span><span class=\"aioseo-breadcrumb\">\n\t\t\tUkraina \u2013 Majdan \u201914 \u2013 \u015bwiadkowie o sprawcach masakry\n\t\t<\/span><\/div>","aioseo_breadcrumb_json":[{"label":"Home","link":"https:\/\/wia.net.pl"},{"label":"Artyku\u0142y","link":"https:\/\/wia.net.pl\/index.php\/category\/artykuly\/"},{"label":"Ukraina &#8211; Majdan &#8217;14 &#8211; \u015bwiadkowie o sprawcach masakry","link":"https:\/\/wia.net.pl\/index.php\/2023\/09\/07\/ukraina-majdan-14-swiadkowie-o-sprawcach-masakry\/"}],"_links":{"self":[{"href":"https:\/\/wia.net.pl\/index.php\/wp-json\/wp\/v2\/posts\/4410"}],"collection":[{"href":"https:\/\/wia.net.pl\/index.php\/wp-json\/wp\/v2\/posts"}],"about":[{"href":"https:\/\/wia.net.pl\/index.php\/wp-json\/wp\/v2\/types\/post"}],"author":[{"embeddable":true,"href":"https:\/\/wia.net.pl\/index.php\/wp-json\/wp\/v2\/users\/2"}],"replies":[{"embeddable":true,"href":"https:\/\/wia.net.pl\/index.php\/wp-json\/wp\/v2\/comments?post=4410"}],"version-history":[{"count":1,"href":"https:\/\/wia.net.pl\/index.php\/wp-json\/wp\/v2\/posts\/4410\/revisions"}],"predecessor-version":[{"id":4412,"href":"https:\/\/wia.net.pl\/index.php\/wp-json\/wp\/v2\/posts\/4410\/revisions\/4412"}],"wp:featuredmedia":[{"embeddable":true,"href":"https:\/\/wia.net.pl\/index.php\/wp-json\/wp\/v2\/media\/4411"}],"wp:attachment":[{"href":"https:\/\/wia.net.pl\/index.php\/wp-json\/wp\/v2\/media?parent=4410"}],"wp:term":[{"taxonomy":"category","embeddable":true,"href":"https:\/\/wia.net.pl\/index.php\/wp-json\/wp\/v2\/categories?post=4410"},{"taxonomy":"post_tag","embeddable":true,"href":"https:\/\/wia.net.pl\/index.php\/wp-json\/wp\/v2\/tags?post=4410"}],"curies":[{"name":"wp","href":"https:\/\/api.w.org\/{rel}","templated":true}]}}