{"id":4445,"date":"2023-09-10T00:18:13","date_gmt":"2023-09-09T22:18:13","guid":{"rendered":"https:\/\/wia.net.pl\/?p=4445"},"modified":"2023-09-10T00:18:14","modified_gmt":"2023-09-09T22:18:14","slug":"korespondentka-bbc-zajmujaca-sie-dezinformacja-przylapana-na-rozpowszechnianiu-dezinformacji-na-temat-wlasnej-biografii","status":"publish","type":"post","link":"https:\/\/wia.net.pl\/index.php\/2023\/09\/10\/korespondentka-bbc-zajmujaca-sie-dezinformacja-przylapana-na-rozpowszechnianiu-dezinformacji-na-temat-wlasnej-biografii\/","title":{"rendered":"Korespondentka BBC zajmuj\u0105ca si\u0119 dezinformacj\u0105 przy\u0142apana na rozpowszechnianiu dezinformacji na temat w\u0142asnej biografii"},"content":{"rendered":"\n<p><strong>Korespondentka BBC zajmuj\u0105ca si\u0119 dezinformacj\u0105 przy\u0142apana na rozpowszechnianiu dezinformacji na temat w\u0142asnej biografii<\/strong><\/p>\n\n\n\n<p>Autor, <a href=\"https:\/\/thegrayzone.com\/author\/kit-klarenberg\/\">KIT KLARENBERG<\/a><\/p>\n\n\n\n<p>The Grayzone<\/p>\n\n\n\n<p><\/p>\n\n\n\n<h3 class=\"wp-block-heading\"><strong>Marianna Spring z BBC specjalizuje si\u0119 w pi\u0119tnowaniu przeci\u0119tnych obywateli jako zwolennik\u00f3w teorii spiskowych i potencjalnych terroryst\u00f3w w celu kwestionowania oficjalnych twierdze\u0144.&nbsp;Kiedy przy\u0142apano j\u0105 na k\u0142amstwie na temat swojej kariery zawodowej, aby zaspokoi\u0107 swoje ambicje, m\u00f3wi, \u017ce my\u015bla\u0142a, \u017ce \u200b\u200bjej oszustwo \u201enie b\u0119dzie wielkim problemem\u201d.<\/strong><\/h3>\n\n\n\n<p>6 wrze\u015bnia dziennik \u201eThe New European\u201d&nbsp;<a href=\"https:\/\/www.theneweuropean.co.uk\/how-the-bbcs-disinformation-correspondent-lied-on-her-cv\/\">poinformowa\u0142, \u017ce<\/a>&nbsp;\u201especjalistyczna korespondentka BBC ds. dezinformacji\u201d, Marianna Spring, sk\u0142ama\u0142a w swoim \u017cyciorysie, nieudan\u0105 pr\u00f3b\u0105 zgarni\u0119cia pracy w Coda Story w 2018 roku.<\/p>\n\n\n\n<p>Udaj\u0105c niezale\u017cny punkt sprzeda\u017cy, Coda Story jest&nbsp;<a href=\"https:\/\/thegrayzone.com\/2020\/08\/18\/us-government-funded-coda-story\/\">finansowana przez National Endowment for Democracy<\/a>&nbsp;, organ rz\u0105du USA zajmuj\u0105cy si\u0119 zmian\u0105 re\u017cimu, a tak\u017ce Uni\u0119 Europejsk\u0105.<\/p>\n\n\n\n<p>Spring z\u0142o\u017cy\u0142a podanie do redaktor naczelnej Coda Story, Natalii Antelavy, zawieraj\u0105ce \u017cyciorys, w kt\u00f3rym twierdzi\u0142a, \u017ce \u200b\u200bwsp\u00f3\u0142pracowa\u0142a z korespondentk\u0105 BBC Sarah Rainsford nad reporta\u017cem brytyjskiego nadawcy pa\u0144stwowego z tegorocznych mistrzostw \u015bwiata w Rosji.<\/p>\n\n\n\n<p>Wpis brzmia\u0142:&nbsp;\u201eCzerwiec 2018 r.: Doniesienia w wiadomo\u015bciach mi\u0119dzynarodowych podczas mistrzostw \u015bwiata, w szczeg\u00f3lno\u015bci dotycz\u0105ce postrzegania Rosji, wraz z korespondentk\u0105 BBC Sarah Rainsford\u201d.<\/p>\n\n\n\n<p>Twierdzenie to by\u0142o podr\u0119cznikow\u0105 definicj\u0105 \u201edezinformacji\u201d.&nbsp;Prawd\u0119 m\u00f3wi\u0105c, Spring spotka\u0142a Rainsforda w kilku sytuacjach towarzyskich i nigdy razem nie pracowali.&nbsp;Antelava z \u0142atwo\u015bci\u0105 przekona\u0142a si\u0119, \u017ce Spring k\u0142amie i upomnia\u0142a j\u0105 za zmy\u015blenie.&nbsp;Przysz\u0142a aparatczyczka BBC odpowiedzia\u0142a pokornymi przeprosinami, wyra\u017caj\u0105c skruch\u0119 za \u201estrasznie b\u0142\u0119dn\u0105 ocen\u0119\u201d, cho\u0107 w pewnym stopniu zdumiewaj\u0105co nadal udawa\u0142a, \u017ce \u200b\u200bjest \u201egenialn\u0105 reporterk\u0105\u201d:<\/p>\n\n\n\n<p>\u201eWpada\u0142em na Sar\u0119 tylko wtedy, gdy by\u0142a w pracy i rozmawia\u0142em z ni\u0105 w r\u00f3\u017cnych momentach, ale nic wi\u0119cej.&nbsp;Wszystko inne w moim CV jest ca\u0142kowit\u0105 prawd\u0105.&nbsp;Nie ma \u017cadnego usprawiedliwienia i jeszcze raz bardzo przepraszam.&nbsp;Jedynym wyt\u0142umaczeniem jest moja desperacja, by zg\u0142osi\u0107 si\u0119 do Moskwy i my\u015blenie, \u017ce to nie b\u0119dzie wielka sprawa, co by\u0142o z mojej strony ca\u0142kowicie naiwne i g\u0142upie.&nbsp;Jeszcze raz bardzo przepraszam za t\u0119 okropn\u0105 b\u0142\u0119dn\u0105 ocen\u0119 z mojej strony\u201d.<\/p>\n\n\n\n<p>Antelava nie zareagowa\u0142a dobrze, ca\u0142kowicie odrzucaj\u0105c wniosek Springa i zauwa\u017caj\u0105c: \u201em\u00f3wienie mi, \u017ce jeste\u015b genialnym reporterem, kt\u00f3ry wykazuje si\u0119 uczciwo\u015bci\u0105 i uczciwo\u015bci\u0105, podczas gdy dos\u0142ownie pokaza\u0142e\u015b, \u017ce jest odwrotnie, to okropny pomys\u0142\u201d.<\/p>\n\n\n\n<p>Wytwarzanie wiosny mog\u0142o r\u00f3wnie\u017c by\u0107 nielegalne.&nbsp;W Wielkiej Brytanii, kraju jej urodzenia, k\u0142amstwo w CV stanowi powa\u017cne przest\u0119pstwo na mocy ustawy o&nbsp;<a href=\"https:\/\/www.jobseeker.com\/en\/cv\/articles\/lying-cv\">oszustwach z 2006 roku<\/a>&nbsp;.&nbsp;Je\u017celi w celu zdobycia zatrudnienia osoba wyolbrzymia swoje kwalifikacje, grozi jej wysoka grzywna, a nawet kara wi\u0119zienia do 10 lat.&nbsp;<\/p>\n\n\n\n<p>Nie jest jasne, dlaczego publiczne ujawnienie oszustwa Springa zaj\u0119\u0142o tak du\u017co czasu.\u00a0Przez lata, odk\u0105d pr\u00f3bowa\u0142a oszuka\u0107 swoj\u0105 drog\u0119 do b\u0142yskotliwej pracy reporterskiej, jej kariera nabra\u0142a b\u0142yskawicznego tempa, umieszczaj\u0105c j\u0105 w centrum uwagi brytyjskich medi\u00f3w g\u0142\u00f3wnego nurtu.<\/p>\n\n\n\n<figure class=\"wp-block-image size-full\"><img loading=\"lazy\" decoding=\"async\" width=\"457\" height=\"867\" src=\"https:\/\/wia.net.pl\/wp-content\/uploads\/2023\/09\/Zrzut-ekranu-2023-09-10-001658.png\" alt=\"\" class=\"wp-image-4446\" srcset=\"https:\/\/wia.net.pl\/wp-content\/uploads\/2023\/09\/Zrzut-ekranu-2023-09-10-001658.png 457w, https:\/\/wia.net.pl\/wp-content\/uploads\/2023\/09\/Zrzut-ekranu-2023-09-10-001658-158x300.png 158w\" sizes=\"(max-width: 457px) 100vw, 457px\" \/><\/figure>\n\n\n\n<p>Nied\u0142ugo po sfa\u0142szowaniu CV&nbsp;<a href=\"https:\/\/www.linkedin.com\/in\/marianna-spring-279439b6\/details\/experience\/\">Spring do\u0142\u0105czy\u0142a do<\/a>&nbsp;op\u00f3\u017anionego programu politycznego BBC Newsnight, a nast\u0119pnie w marcu 2020 r. awansowa\u0142a na \u201especjalistycznego korespondenta ds. dezinformacji\u201d. Przypadkowo rz\u0105d brytyjski w\u0142a\u015bnie uchwali\u0142 ustaw\u0119 o koronawirusie, nak\u0142adaj\u0105c\u0105 na ludno\u015b\u0107 kraju izolacj\u0119 i psychologiczne t\u0142uczenie go w celu dostosowania si\u0119 do ogranicze\u0144 zwi\u0105zanych z pandemi\u0105.<\/p>\n\n\n\n<p>Jak&nbsp;<a href=\"https:\/\/thegrayzone.com\/2023\/06\/01\/bbc-specialist-disinformation\/\">udokumentowa\u0142<\/a>&nbsp;The Grayzone, Spring sta\u0142 na czele agresywnych wysi\u0142k\u00f3w maj\u0105cych na celu wrobienie krytyk\u00f3w blokad, ogranicze\u0144 zwi\u0105zanych z pandemi\u0105, nakaz\u00f3w masek i szczepionek oraz paszport\u00f3w szczepionek jako ogromnej, faszystowskiej, potencjalnie brutalnej pi\u0105tej kolumny atakuj\u0105cej zar\u00f3wno przestrze\u0144 internetow\u0105, jak i offline \u2013 i kt\u00f3ry zas\u0142u\u017cy\u0142 na zmia\u017cd\u017cenie represyjn\u0105 reakcj\u0105 pa\u0144stwa.&nbsp;Cz\u0119sto powo\u0142ywa\u0142a si\u0119 na Instytut Dialogu Strategicznego, finansowan\u0105 przez pa\u0144stwo NATO operacj\u0119 wojny informacyjnej, aby utwierdzi\u0107 swoje w\u0105tpliwe doniesienia.&nbsp;<\/p>\n\n\n\n<p>Powi\u0105zania Spring z konstelacj\u0105 wspieranych przez pa\u0144stwo oddzia\u0142\u00f3w propagandowych umie\u015bci\u0142y j\u0105 na li\u015bcie zaproszonych na tajny szczyt&nbsp;<a href=\"https:\/\/thegrayzone.com\/2022\/06\/07\/paul-masons-covert-intelligence-grayzone\/\">w maju 2022 r.<\/a>&nbsp;, kt\u00f3rego celem by\u0142o zniszczenie Grayzone.&nbsp;Wsp\u00f3\u0142pracownik&nbsp;wywiadu finansowany przez Ministerstwo Spraw Zagranicznych, Amil Khan, zaproponowa\u0142 jej zaproszenie na spotkanie.<\/p>\n\n\n\n<p><\/p>\n\n\n\n<p>Ujawnienia dotycz\u0105ce Spring pojawiaj\u0105 si\u0119 zaledwie kilka dni po tym, jak&nbsp;<a href=\"https:\/\/www.theguardian.com\/society\/2023\/sep\/04\/bbc-marianna-spring-violent-rhetoric-conspiracyland\">The Guardian<\/a>&nbsp;opublikowa\u0142 przychylny profil Spring i jej krucjatowej pracy \u201ewalcz\u0105cej z szale\u0144cami, ekstremistami \u2013 i Elonem Muskiem\u201d, jednocze\u015bnie prowadz\u0105c kampani\u0119 na rzecz uczciwo\u015bci i uczciwo\u015bci w sieciach spo\u0142eczno\u015bciowych i mediach alternatywnych&nbsp;.&nbsp;Cho\u0107 w wi\u0119kszo\u015bci by\u0142a to ob\u0142udna hagiografia, zako\u0144czy\u0142a si\u0119 zaskakuj\u0105co krytyczn\u0105 nut\u0105, zadaj\u0105c tematowi pytanie, dlaczego skupi\u0142a si\u0119 wy\u0142\u0105cznie na rzekomej \u201edezinformacji\u201d rozpowszechnianej przez obywateli i niezale\u017cnych dziennikarzy, a nie rz\u0105dy lub pot\u0119\u017cne organizacje.<\/p>\n\n\n\n<p>To zapytanie sprawi\u0142o, \u017ce Spring podobno straci\u0142a cierpliwo\u015b\u0107 w typowo brytyjski spos\u00f3b.&nbsp;Upomina\u0142a swojego rozm\u00f3wc\u0119:<\/p>\n\n\n\n<p>\u201eCi\u0105gle s\u0142ysz\u0119: \u00abMarianna, dlaczego nie zweryfikowa\u0142a\u015b tego w BBC?\u00bb.&nbsp;Ka\u017cda rzecz.&nbsp;To tak, jakbym sta\u0142a si\u0119 osob\u0105 narzekaj\u0105c\u0105.&nbsp;My\u015bl\u0119, \u017ce my\u015bl\u0105, \u017ce jestem Superwoman.&nbsp;Nie mog\u0119 zrobi\u0107 wszystkiego.&nbsp;Wszyscy musimy my\u015ble\u0107 o tym, jak dzia\u0142aj\u0105 ekosystemy \u2013 ja mam do czynienia z ekstremalnymi rzeczami\u201d.<\/p>\n\n\n\n<p>To z pewno\u015bci\u0105 prawda, \u017ce \u200b\u200bWiosna \u201enie mo\u017ce zrobi\u0107 wszystkiego\u201d.\u00a0Ubiegaj\u0105c si\u0119 o prac\u0119, nie potrafi\u0142a nawet powiedzie\u0107 prawdy o w\u0142asnej historii.\u00a0Zamiast tego Spring mog\u0142a pope\u0142ni\u0107 przest\u0119pstwo, k\u0142ami\u0105c w swoim CV w ramach, trzeba przyzna\u0107, \u201edesperackiej\u201d pr\u00f3by wspi\u0119cia si\u0119 po drabinie medialnej sponsorowanej przez pa\u0144stwo NATO.\u00a0<\/p>\n\n\n\n<p>Kit Klarenberg jest dziennikarzem \u015bledczym badaj\u0105cym rol\u0119 s\u0142u\u017cb wywiadowczych w kszta\u0142towaniu polityki i postrzegania.<\/p>\n\n\n\n<p>Przedruk za zgod\u0105 The Grayzone<\/p>\n\n\n\n<p>\u0179r\u00f3d\u0142o <a href=\"https:\/\/thegrayzone.com\/2023\/09\/09\/bbc-disinformation-disinfo-bio\/\">https:\/\/thegrayzone.com\/2023\/09\/09\/bbc-disinformation-disinfo-bio\/<\/a><\/p>\n","protected":false},"excerpt":{"rendered":"<p>Korespondentka BBC zajmuj\u0105ca si\u0119 dezinformacj\u0105 przy\u0142apana na rozpowszechnianiu dezinformacji na temat w\u0142asnej biografii Autor, KIT KLARENBERG The Grayzone Marianna Spring z BBC specjalizuje si\u0119 w pi\u0119tnowaniu przeci\u0119tnych obywateli jako zwolennik\u00f3w teorii spiskowych i potencjalnych terroryst\u00f3w w celu kwestionowania oficjalnych twierdze\u0144.&nbsp;Kiedy&#8230; <\/p>\n","protected":false},"author":2,"featured_media":4447,"comment_status":"open","ping_status":"open","sticky":false,"template":"","format":"standard","meta":{"_acf_changed":false,"_bbp_topic_count":0,"_bbp_reply_count":0,"_bbp_total_topic_count":0,"_bbp_total_reply_count":0,"_bbp_voice_count":0,"_bbp_anonymous_reply_count":0,"_bbp_topic_count_hidden":0,"_bbp_reply_count_hidden":0,"_bbp_forum_subforum_count":0,"om_disable_all_campaigns":false,"_monsterinsights_skip_tracking":false,"footnotes":""},"categories":[93],"tags":[],"class_list":["post-4445","post","type-post","status-publish","format-standard","has-post-thumbnail","hentry","category-artykuly"],"acf":[],"aioseo_notices":[],"aioseo_head":"\n\t\t<!-- All in One SEO 5.0.1.1 - aioseo.com -->\n\t<meta name=\"description\" content=\"Korespondentka BBC zajmuj\u0105ca si\u0119 dezinformacj\u0105 przy\u0142apana na rozpowszechnianiu dezinformacji na temat w\u0142asnej biografii Autor, KIT KLARENBERG The Grayzone Marianna Spring z BBC specjalizuje si\u0119 w pi\u0119tnowaniu przeci\u0119tnych obywateli jako zwolennik\u00f3w teorii spiskowych i potencjalnych terroryst\u00f3w w celu kwestionowania oficjalnych twierdze\u0144. Kiedy przy\u0142apano j\u0105 na k\u0142amstwie na temat swojej kariery zawodowej, aby zaspokoi\u0107 swoje ambicje, m\u00f3wi, \u017ce\" \/>\n\t<meta name=\"robots\" content=\"max-image-preview:large\" \/>\n\t<meta name=\"author\" content=\"trinity\"\/>\n\t<link rel=\"canonical\" href=\"https:\/\/wia.net.pl\/index.php\/2023\/09\/10\/korespondentka-bbc-zajmujaca-sie-dezinformacja-przylapana-na-rozpowszechnianiu-dezinformacji-na-temat-wlasnej-biografii\/\" \/>\n\t<meta name=\"generator\" content=\"All in One SEO (AIOSEO) 5.0.1.1\" \/>\n\t\t<meta property=\"og:locale\" content=\"pl_PL\" \/>\n\t\t<meta property=\"og:site_name\" content=\"Wolno\u015b\u0107 i Anarchia - Ka\u017cdy wewn\u0119trznie jest anarchist\u0105.\" \/>\n\t\t<meta property=\"og:type\" content=\"article\" \/>\n\t\t<meta property=\"og:title\" content=\"Korespondentka BBC zajmuj\u0105ca si\u0119 dezinformacj\u0105 przy\u0142apana na rozpowszechnianiu dezinformacji na temat w\u0142asnej biografii - Wolno\u015b\u0107 i Anarchia\" \/>\n\t\t<meta property=\"og:description\" content=\"Korespondentka BBC zajmuj\u0105ca si\u0119 dezinformacj\u0105 przy\u0142apana na rozpowszechnianiu dezinformacji na temat w\u0142asnej biografii Autor, KIT KLARENBERG The Grayzone Marianna Spring z BBC specjalizuje si\u0119 w pi\u0119tnowaniu przeci\u0119tnych obywateli jako zwolennik\u00f3w teorii spiskowych i potencjalnych terroryst\u00f3w w celu kwestionowania oficjalnych twierdze\u0144. Kiedy przy\u0142apano j\u0105 na k\u0142amstwie na temat swojej kariery zawodowej, aby zaspokoi\u0107 swoje ambicje, m\u00f3wi, \u017ce\" \/>\n\t\t<meta property=\"og:url\" content=\"https:\/\/wia.net.pl\/index.php\/2023\/09\/10\/korespondentka-bbc-zajmujaca-sie-dezinformacja-przylapana-na-rozpowszechnianiu-dezinformacji-na-temat-wlasnej-biografii\/\" \/>\n\t\t<meta property=\"og:image\" content=\"https:\/\/wia.net.pl\/wp-content\/uploads\/2023\/11\/cropped-freedom-i73367.jpg\" \/>\n\t\t<meta property=\"og:image:secure_url\" content=\"https:\/\/wia.net.pl\/wp-content\/uploads\/2023\/11\/cropped-freedom-i73367.jpg\" \/>\n\t\t<meta property=\"article:published_time\" content=\"2023-09-09T22:18:13+00:00\" \/>\n\t\t<meta property=\"article:modified_time\" content=\"2023-09-09T22:18:14+00:00\" \/>\n\t\t<meta name=\"twitter:card\" content=\"summary_large_image\" \/>\n\t\t<meta name=\"twitter:title\" content=\"Korespondentka BBC zajmuj\u0105ca si\u0119 dezinformacj\u0105 przy\u0142apana na rozpowszechnianiu dezinformacji na temat w\u0142asnej biografii - Wolno\u015b\u0107 i Anarchia\" \/>\n\t\t<meta name=\"twitter:description\" content=\"Korespondentka BBC zajmuj\u0105ca si\u0119 dezinformacj\u0105 przy\u0142apana na rozpowszechnianiu dezinformacji na temat w\u0142asnej biografii Autor, KIT KLARENBERG The Grayzone Marianna Spring z BBC specjalizuje si\u0119 w pi\u0119tnowaniu przeci\u0119tnych obywateli jako zwolennik\u00f3w teorii spiskowych i potencjalnych terroryst\u00f3w w celu kwestionowania oficjalnych twierdze\u0144. Kiedy przy\u0142apano j\u0105 na k\u0142amstwie na temat swojej kariery zawodowej, aby zaspokoi\u0107 swoje ambicje, m\u00f3wi, \u017ce\" \/>\n\t\t<meta name=\"twitter:image\" content=\"https:\/\/wia.net.pl\/wp-content\/uploads\/2023\/11\/cropped-freedom-i73367.jpg\" \/>\n\t\t<script type=\"application\/ld+json\" class=\"aioseo-schema\">\n\t\t\t{\"@context\":\"https:\\\/\\\/schema.org\",\"@graph\":[{\"@type\":\"BlogPosting\",\"@id\":\"https:\\\/\\\/wia.net.pl\\\/index.php\\\/2023\\\/09\\\/10\\\/korespondentka-bbc-zajmujaca-sie-dezinformacja-przylapana-na-rozpowszechnianiu-dezinformacji-na-temat-wlasnej-biografii\\\/#blogposting\",\"name\":\"Korespondentka BBC zajmuj\\u0105ca si\\u0119 dezinformacj\\u0105 przy\\u0142apana na rozpowszechnianiu dezinformacji na temat w\\u0142asnej biografii - Wolno\\u015b\\u0107 i Anarchia\",\"headline\":\"Korespondentka BBC zajmuj\\u0105ca si\\u0119 dezinformacj\\u0105 przy\\u0142apana na rozpowszechnianiu dezinformacji na temat w\\u0142asnej biografii\",\"author\":{\"@id\":\"https:\\\/\\\/wia.net.pl\\\/index.php\\\/author\\\/trinity\\\/#author\"},\"publisher\":{\"@id\":\"https:\\\/\\\/wia.net.pl\\\/#person\"},\"image\":{\"@type\":\"ImageObject\",\"url\":\"https:\\\/\\\/wia.net.pl\\\/wp-content\\\/uploads\\\/2023\\\/09\\\/Screen-Shot-2023-06-01-at-3.24.29-PM.webp\",\"width\":768,\"height\":495},\"datePublished\":\"2023-09-10T00:18:13+02:00\",\"dateModified\":\"2023-09-10T00:18:14+02:00\",\"inLanguage\":\"pl-PL\",\"mainEntityOfPage\":{\"@id\":\"https:\\\/\\\/wia.net.pl\\\/index.php\\\/2023\\\/09\\\/10\\\/korespondentka-bbc-zajmujaca-sie-dezinformacja-przylapana-na-rozpowszechnianiu-dezinformacji-na-temat-wlasnej-biografii\\\/#webpage\"},\"isPartOf\":{\"@id\":\"https:\\\/\\\/wia.net.pl\\\/index.php\\\/2023\\\/09\\\/10\\\/korespondentka-bbc-zajmujaca-sie-dezinformacja-przylapana-na-rozpowszechnianiu-dezinformacji-na-temat-wlasnej-biografii\\\/#webpage\"},\"articleSection\":\"Artyku\\u0142y\"},{\"@type\":\"BreadcrumbList\",\"@id\":\"https:\\\/\\\/wia.net.pl\\\/index.php\\\/2023\\\/09\\\/10\\\/korespondentka-bbc-zajmujaca-sie-dezinformacja-przylapana-na-rozpowszechnianiu-dezinformacji-na-temat-wlasnej-biografii\\\/#breadcrumblist\",\"itemListElement\":[{\"@type\":\"ListItem\",\"@id\":\"https:\\\/\\\/wia.net.pl#listItem\",\"position\":1,\"name\":\"Home\",\"item\":\"https:\\\/\\\/wia.net.pl\",\"nextItem\":{\"@type\":\"ListItem\",\"@id\":\"https:\\\/\\\/wia.net.pl\\\/index.php\\\/category\\\/artykuly\\\/#listItem\",\"name\":\"Artyku\\u0142y\"}},{\"@type\":\"ListItem\",\"@id\":\"https:\\\/\\\/wia.net.pl\\\/index.php\\\/category\\\/artykuly\\\/#listItem\",\"position\":2,\"name\":\"Artyku\\u0142y\",\"item\":\"https:\\\/\\\/wia.net.pl\\\/index.php\\\/category\\\/artykuly\\\/\",\"nextItem\":{\"@type\":\"ListItem\",\"@id\":\"https:\\\/\\\/wia.net.pl\\\/index.php\\\/2023\\\/09\\\/10\\\/korespondentka-bbc-zajmujaca-sie-dezinformacja-przylapana-na-rozpowszechnianiu-dezinformacji-na-temat-wlasnej-biografii\\\/#listItem\",\"name\":\"Korespondentka BBC zajmuj\\u0105ca si\\u0119 dezinformacj\\u0105 przy\\u0142apana na rozpowszechnianiu dezinformacji na temat w\\u0142asnej biografii\"},\"previousItem\":{\"@type\":\"ListItem\",\"@id\":\"https:\\\/\\\/wia.net.pl#listItem\",\"name\":\"Home\"}},{\"@type\":\"ListItem\",\"@id\":\"https:\\\/\\\/wia.net.pl\\\/index.php\\\/2023\\\/09\\\/10\\\/korespondentka-bbc-zajmujaca-sie-dezinformacja-przylapana-na-rozpowszechnianiu-dezinformacji-na-temat-wlasnej-biografii\\\/#listItem\",\"position\":3,\"name\":\"Korespondentka BBC zajmuj\\u0105ca si\\u0119 dezinformacj\\u0105 przy\\u0142apana na rozpowszechnianiu dezinformacji na temat w\\u0142asnej biografii\",\"previousItem\":{\"@type\":\"ListItem\",\"@id\":\"https:\\\/\\\/wia.net.pl\\\/index.php\\\/category\\\/artykuly\\\/#listItem\",\"name\":\"Artyku\\u0142y\"}}]},{\"@type\":\"Person\",\"@id\":\"https:\\\/\\\/wia.net.pl\\\/#person\",\"name\":\"Bart\\u0142omiej Talarczyk\",\"image\":{\"@type\":\"ImageObject\",\"@id\":\"https:\\\/\\\/wia.net.pl\\\/index.php\\\/2023\\\/09\\\/10\\\/korespondentka-bbc-zajmujaca-sie-dezinformacja-przylapana-na-rozpowszechnianiu-dezinformacji-na-temat-wlasnej-biografii\\\/#personImage\",\"url\":\"https:\\\/\\\/wia.net.pl\\\/wp-content\\\/uploads\\\/avatar-privacy\\\/cache\\\/user\\\/1\\\/7\\\/176a6b161c58363ff49b5c167264231f519f5c7fa183ca1f61e891769b6b56d5-96.jpg\",\"width\":96,\"height\":96,\"caption\":\"Bart\\u0142omiej Talarczyk\"}},{\"@type\":\"Person\",\"@id\":\"https:\\\/\\\/wia.net.pl\\\/index.php\\\/author\\\/trinity\\\/#author\",\"url\":\"https:\\\/\\\/wia.net.pl\\\/index.php\\\/author\\\/trinity\\\/\",\"name\":\"trinity\",\"image\":{\"@type\":\"ImageObject\",\"@id\":\"https:\\\/\\\/wia.net.pl\\\/index.php\\\/2023\\\/09\\\/10\\\/korespondentka-bbc-zajmujaca-sie-dezinformacja-przylapana-na-rozpowszechnianiu-dezinformacji-na-temat-wlasnej-biografii\\\/#authorImage\",\"url\":\"https:\\\/\\\/wia.net.pl\\\/wp-content\\\/uploads\\\/avatar-privacy\\\/cache\\\/user\\\/5\\\/f\\\/5f6547cf82495eaa10e100a6a45d5dbde2dfdc1be88557de2018fca705bdf6f1-96.jpg\",\"width\":96,\"height\":96,\"caption\":\"trinity\"}},{\"@type\":\"WebPage\",\"@id\":\"https:\\\/\\\/wia.net.pl\\\/index.php\\\/2023\\\/09\\\/10\\\/korespondentka-bbc-zajmujaca-sie-dezinformacja-przylapana-na-rozpowszechnianiu-dezinformacji-na-temat-wlasnej-biografii\\\/#webpage\",\"url\":\"https:\\\/\\\/wia.net.pl\\\/index.php\\\/2023\\\/09\\\/10\\\/korespondentka-bbc-zajmujaca-sie-dezinformacja-przylapana-na-rozpowszechnianiu-dezinformacji-na-temat-wlasnej-biografii\\\/\",\"name\":\"Korespondentka BBC zajmuj\\u0105ca si\\u0119 dezinformacj\\u0105 przy\\u0142apana na rozpowszechnianiu dezinformacji na temat w\\u0142asnej biografii - Wolno\\u015b\\u0107 i Anarchia\",\"description\":\"Korespondentka BBC zajmuj\\u0105ca si\\u0119 dezinformacj\\u0105 przy\\u0142apana na rozpowszechnianiu dezinformacji na temat w\\u0142asnej biografii Autor, KIT KLARENBERG The Grayzone Marianna Spring z BBC specjalizuje si\\u0119 w pi\\u0119tnowaniu przeci\\u0119tnych obywateli jako zwolennik\\u00f3w teorii spiskowych i potencjalnych terroryst\\u00f3w w celu kwestionowania oficjalnych twierdze\\u0144. Kiedy przy\\u0142apano j\\u0105 na k\\u0142amstwie na temat swojej kariery zawodowej, aby zaspokoi\\u0107 swoje ambicje, m\\u00f3wi, \\u017ce\",\"inLanguage\":\"pl-PL\",\"isPartOf\":{\"@id\":\"https:\\\/\\\/wia.net.pl\\\/#website\"},\"breadcrumb\":{\"@id\":\"https:\\\/\\\/wia.net.pl\\\/index.php\\\/2023\\\/09\\\/10\\\/korespondentka-bbc-zajmujaca-sie-dezinformacja-przylapana-na-rozpowszechnianiu-dezinformacji-na-temat-wlasnej-biografii\\\/#breadcrumblist\"},\"author\":{\"@id\":\"https:\\\/\\\/wia.net.pl\\\/index.php\\\/author\\\/trinity\\\/#author\"},\"creator\":{\"@id\":\"https:\\\/\\\/wia.net.pl\\\/index.php\\\/author\\\/trinity\\\/#author\"},\"image\":{\"@type\":\"ImageObject\",\"url\":\"https:\\\/\\\/wia.net.pl\\\/wp-content\\\/uploads\\\/2023\\\/09\\\/Screen-Shot-2023-06-01-at-3.24.29-PM.webp\",\"@id\":\"https:\\\/\\\/wia.net.pl\\\/index.php\\\/2023\\\/09\\\/10\\\/korespondentka-bbc-zajmujaca-sie-dezinformacja-przylapana-na-rozpowszechnianiu-dezinformacji-na-temat-wlasnej-biografii\\\/#mainImage\",\"width\":768,\"height\":495},\"primaryImageOfPage\":{\"@id\":\"https:\\\/\\\/wia.net.pl\\\/index.php\\\/2023\\\/09\\\/10\\\/korespondentka-bbc-zajmujaca-sie-dezinformacja-przylapana-na-rozpowszechnianiu-dezinformacji-na-temat-wlasnej-biografii\\\/#mainImage\"},\"datePublished\":\"2023-09-10T00:18:13+02:00\",\"dateModified\":\"2023-09-10T00:18:14+02:00\"},{\"@type\":\"WebSite\",\"@id\":\"https:\\\/\\\/wia.net.pl\\\/#website\",\"url\":\"https:\\\/\\\/wia.net.pl\\\/\",\"name\":\"Wolno\\u015b\\u0107 i Anarchia\",\"description\":\"Ka\\u017cdy wewn\\u0119trznie jest anarchist\\u0105.\",\"inLanguage\":\"pl-PL\",\"publisher\":{\"@id\":\"https:\\\/\\\/wia.net.pl\\\/#person\"}}]}\n\t\t<\/script>\n\t\t<!-- All in One SEO -->\n\n","aioseo_head_json":{"title":"Korespondentka BBC zajmuj\u0105ca si\u0119 dezinformacj\u0105 przy\u0142apana na rozpowszechnianiu dezinformacji na temat w\u0142asnej biografii - Wolno\u015b\u0107 i Anarchia","description":"Korespondentka BBC zajmuj\u0105ca si\u0119 dezinformacj\u0105 przy\u0142apana na rozpowszechnianiu dezinformacji na temat w\u0142asnej biografii Autor, KIT KLARENBERG The Grayzone Marianna Spring z BBC specjalizuje si\u0119 w pi\u0119tnowaniu przeci\u0119tnych obywateli jako zwolennik\u00f3w teorii spiskowych i potencjalnych terroryst\u00f3w w celu kwestionowania oficjalnych twierdze\u0144. Kiedy przy\u0142apano j\u0105 na k\u0142amstwie na temat swojej kariery zawodowej, aby zaspokoi\u0107 swoje ambicje, m\u00f3wi, \u017ce","canonical_url":"https:\/\/wia.net.pl\/index.php\/2023\/09\/10\/korespondentka-bbc-zajmujaca-sie-dezinformacja-przylapana-na-rozpowszechnianiu-dezinformacji-na-temat-wlasnej-biografii\/","robots":"max-image-preview:large","keywords":"","webmasterTools":{"miscellaneous":""},"schema":{"@context":"https:\/\/schema.org","@graph":[{"@type":"BlogPosting","@id":"https:\/\/wia.net.pl\/index.php\/2023\/09\/10\/korespondentka-bbc-zajmujaca-sie-dezinformacja-przylapana-na-rozpowszechnianiu-dezinformacji-na-temat-wlasnej-biografii\/#blogposting","name":"Korespondentka BBC zajmuj\u0105ca si\u0119 dezinformacj\u0105 przy\u0142apana na rozpowszechnianiu dezinformacji na temat w\u0142asnej biografii - Wolno\u015b\u0107 i Anarchia","headline":"Korespondentka BBC zajmuj\u0105ca si\u0119 dezinformacj\u0105 przy\u0142apana na rozpowszechnianiu dezinformacji na temat w\u0142asnej biografii","author":{"@id":"https:\/\/wia.net.pl\/index.php\/author\/trinity\/#author"},"publisher":{"@id":"https:\/\/wia.net.pl\/#person"},"image":{"@type":"ImageObject","url":"https:\/\/wia.net.pl\/wp-content\/uploads\/2023\/09\/Screen-Shot-2023-06-01-at-3.24.29-PM.webp","width":768,"height":495},"datePublished":"2023-09-10T00:18:13+02:00","dateModified":"2023-09-10T00:18:14+02:00","inLanguage":"pl-PL","mainEntityOfPage":{"@id":"https:\/\/wia.net.pl\/index.php\/2023\/09\/10\/korespondentka-bbc-zajmujaca-sie-dezinformacja-przylapana-na-rozpowszechnianiu-dezinformacji-na-temat-wlasnej-biografii\/#webpage"},"isPartOf":{"@id":"https:\/\/wia.net.pl\/index.php\/2023\/09\/10\/korespondentka-bbc-zajmujaca-sie-dezinformacja-przylapana-na-rozpowszechnianiu-dezinformacji-na-temat-wlasnej-biografii\/#webpage"},"articleSection":"Artyku\u0142y"},{"@type":"BreadcrumbList","@id":"https:\/\/wia.net.pl\/index.php\/2023\/09\/10\/korespondentka-bbc-zajmujaca-sie-dezinformacja-przylapana-na-rozpowszechnianiu-dezinformacji-na-temat-wlasnej-biografii\/#breadcrumblist","itemListElement":[{"@type":"ListItem","@id":"https:\/\/wia.net.pl#listItem","position":1,"name":"Home","item":"https:\/\/wia.net.pl","nextItem":{"@type":"ListItem","@id":"https:\/\/wia.net.pl\/index.php\/category\/artykuly\/#listItem","name":"Artyku\u0142y"}},{"@type":"ListItem","@id":"https:\/\/wia.net.pl\/index.php\/category\/artykuly\/#listItem","position":2,"name":"Artyku\u0142y","item":"https:\/\/wia.net.pl\/index.php\/category\/artykuly\/","nextItem":{"@type":"ListItem","@id":"https:\/\/wia.net.pl\/index.php\/2023\/09\/10\/korespondentka-bbc-zajmujaca-sie-dezinformacja-przylapana-na-rozpowszechnianiu-dezinformacji-na-temat-wlasnej-biografii\/#listItem","name":"Korespondentka BBC zajmuj\u0105ca si\u0119 dezinformacj\u0105 przy\u0142apana na rozpowszechnianiu dezinformacji na temat w\u0142asnej biografii"},"previousItem":{"@type":"ListItem","@id":"https:\/\/wia.net.pl#listItem","name":"Home"}},{"@type":"ListItem","@id":"https:\/\/wia.net.pl\/index.php\/2023\/09\/10\/korespondentka-bbc-zajmujaca-sie-dezinformacja-przylapana-na-rozpowszechnianiu-dezinformacji-na-temat-wlasnej-biografii\/#listItem","position":3,"name":"Korespondentka BBC zajmuj\u0105ca si\u0119 dezinformacj\u0105 przy\u0142apana na rozpowszechnianiu dezinformacji na temat w\u0142asnej biografii","previousItem":{"@type":"ListItem","@id":"https:\/\/wia.net.pl\/index.php\/category\/artykuly\/#listItem","name":"Artyku\u0142y"}}]},{"@type":"Person","@id":"https:\/\/wia.net.pl\/#person","name":"Bart\u0142omiej Talarczyk","image":{"@type":"ImageObject","@id":"https:\/\/wia.net.pl\/index.php\/2023\/09\/10\/korespondentka-bbc-zajmujaca-sie-dezinformacja-przylapana-na-rozpowszechnianiu-dezinformacji-na-temat-wlasnej-biografii\/#personImage","url":"https:\/\/wia.net.pl\/wp-content\/uploads\/avatar-privacy\/cache\/user\/1\/7\/176a6b161c58363ff49b5c167264231f519f5c7fa183ca1f61e891769b6b56d5-96.jpg","width":96,"height":96,"caption":"Bart\u0142omiej Talarczyk"}},{"@type":"Person","@id":"https:\/\/wia.net.pl\/index.php\/author\/trinity\/#author","url":"https:\/\/wia.net.pl\/index.php\/author\/trinity\/","name":"trinity","image":{"@type":"ImageObject","@id":"https:\/\/wia.net.pl\/index.php\/2023\/09\/10\/korespondentka-bbc-zajmujaca-sie-dezinformacja-przylapana-na-rozpowszechnianiu-dezinformacji-na-temat-wlasnej-biografii\/#authorImage","url":"https:\/\/wia.net.pl\/wp-content\/uploads\/avatar-privacy\/cache\/user\/5\/f\/5f6547cf82495eaa10e100a6a45d5dbde2dfdc1be88557de2018fca705bdf6f1-96.jpg","width":96,"height":96,"caption":"trinity"}},{"@type":"WebPage","@id":"https:\/\/wia.net.pl\/index.php\/2023\/09\/10\/korespondentka-bbc-zajmujaca-sie-dezinformacja-przylapana-na-rozpowszechnianiu-dezinformacji-na-temat-wlasnej-biografii\/#webpage","url":"https:\/\/wia.net.pl\/index.php\/2023\/09\/10\/korespondentka-bbc-zajmujaca-sie-dezinformacja-przylapana-na-rozpowszechnianiu-dezinformacji-na-temat-wlasnej-biografii\/","name":"Korespondentka BBC zajmuj\u0105ca si\u0119 dezinformacj\u0105 przy\u0142apana na rozpowszechnianiu dezinformacji na temat w\u0142asnej biografii - Wolno\u015b\u0107 i Anarchia","description":"Korespondentka BBC zajmuj\u0105ca si\u0119 dezinformacj\u0105 przy\u0142apana na rozpowszechnianiu dezinformacji na temat w\u0142asnej biografii Autor, KIT KLARENBERG The Grayzone Marianna Spring z BBC specjalizuje si\u0119 w pi\u0119tnowaniu przeci\u0119tnych obywateli jako zwolennik\u00f3w teorii spiskowych i potencjalnych terroryst\u00f3w w celu kwestionowania oficjalnych twierdze\u0144. Kiedy przy\u0142apano j\u0105 na k\u0142amstwie na temat swojej kariery zawodowej, aby zaspokoi\u0107 swoje ambicje, m\u00f3wi, \u017ce","inLanguage":"pl-PL","isPartOf":{"@id":"https:\/\/wia.net.pl\/#website"},"breadcrumb":{"@id":"https:\/\/wia.net.pl\/index.php\/2023\/09\/10\/korespondentka-bbc-zajmujaca-sie-dezinformacja-przylapana-na-rozpowszechnianiu-dezinformacji-na-temat-wlasnej-biografii\/#breadcrumblist"},"author":{"@id":"https:\/\/wia.net.pl\/index.php\/author\/trinity\/#author"},"creator":{"@id":"https:\/\/wia.net.pl\/index.php\/author\/trinity\/#author"},"image":{"@type":"ImageObject","url":"https:\/\/wia.net.pl\/wp-content\/uploads\/2023\/09\/Screen-Shot-2023-06-01-at-3.24.29-PM.webp","@id":"https:\/\/wia.net.pl\/index.php\/2023\/09\/10\/korespondentka-bbc-zajmujaca-sie-dezinformacja-przylapana-na-rozpowszechnianiu-dezinformacji-na-temat-wlasnej-biografii\/#mainImage","width":768,"height":495},"primaryImageOfPage":{"@id":"https:\/\/wia.net.pl\/index.php\/2023\/09\/10\/korespondentka-bbc-zajmujaca-sie-dezinformacja-przylapana-na-rozpowszechnianiu-dezinformacji-na-temat-wlasnej-biografii\/#mainImage"},"datePublished":"2023-09-10T00:18:13+02:00","dateModified":"2023-09-10T00:18:14+02:00"},{"@type":"WebSite","@id":"https:\/\/wia.net.pl\/#website","url":"https:\/\/wia.net.pl\/","name":"Wolno\u015b\u0107 i Anarchia","description":"Ka\u017cdy wewn\u0119trznie jest anarchist\u0105.","inLanguage":"pl-PL","publisher":{"@id":"https:\/\/wia.net.pl\/#person"}}]},"og:locale":"pl_PL","og:site_name":"Wolno\u015b\u0107 i Anarchia - Ka\u017cdy wewn\u0119trznie jest anarchist\u0105.","og:type":"article","og:title":"Korespondentka BBC zajmuj\u0105ca si\u0119 dezinformacj\u0105 przy\u0142apana na rozpowszechnianiu dezinformacji na temat w\u0142asnej biografii - Wolno\u015b\u0107 i Anarchia","og:description":"Korespondentka BBC zajmuj\u0105ca si\u0119 dezinformacj\u0105 przy\u0142apana na rozpowszechnianiu dezinformacji na temat w\u0142asnej biografii Autor, KIT KLARENBERG The Grayzone Marianna Spring z BBC specjalizuje si\u0119 w pi\u0119tnowaniu przeci\u0119tnych obywateli jako zwolennik\u00f3w teorii spiskowych i potencjalnych terroryst\u00f3w w celu kwestionowania oficjalnych twierdze\u0144. Kiedy przy\u0142apano j\u0105 na k\u0142amstwie na temat swojej kariery zawodowej, aby zaspokoi\u0107 swoje ambicje, m\u00f3wi, \u017ce","og:url":"https:\/\/wia.net.pl\/index.php\/2023\/09\/10\/korespondentka-bbc-zajmujaca-sie-dezinformacja-przylapana-na-rozpowszechnianiu-dezinformacji-na-temat-wlasnej-biografii\/","og:image":"https:\/\/wia.net.pl\/wp-content\/uploads\/2023\/11\/cropped-freedom-i73367.jpg","og:image:secure_url":"https:\/\/wia.net.pl\/wp-content\/uploads\/2023\/11\/cropped-freedom-i73367.jpg","article:published_time":"2023-09-09T22:18:13+00:00","article:modified_time":"2023-09-09T22:18:14+00:00","twitter:card":"summary_large_image","twitter:title":"Korespondentka BBC zajmuj\u0105ca si\u0119 dezinformacj\u0105 przy\u0142apana na rozpowszechnianiu dezinformacji na temat w\u0142asnej biografii - Wolno\u015b\u0107 i Anarchia","twitter:description":"Korespondentka BBC zajmuj\u0105ca si\u0119 dezinformacj\u0105 przy\u0142apana na rozpowszechnianiu dezinformacji na temat w\u0142asnej biografii Autor, KIT KLARENBERG The Grayzone Marianna Spring z BBC specjalizuje si\u0119 w pi\u0119tnowaniu przeci\u0119tnych obywateli jako zwolennik\u00f3w teorii spiskowych i potencjalnych terroryst\u00f3w w celu kwestionowania oficjalnych twierdze\u0144. Kiedy przy\u0142apano j\u0105 na k\u0142amstwie na temat swojej kariery zawodowej, aby zaspokoi\u0107 swoje ambicje, m\u00f3wi, \u017ce","twitter:image":"https:\/\/wia.net.pl\/wp-content\/uploads\/2023\/11\/cropped-freedom-i73367.jpg"},"aioseo_meta_data":{"post_id":"4445","title":null,"description":null,"keywords":[],"keyphrases":{"focus":{"keyphrase":"","score":0,"analysis":{"keyphraseInTitle":{"score":0,"maxScore":9,"error":1}}},"additional":[]},"primary_term":null,"canonical_url":null,"og_title":null,"og_description":null,"og_object_type":"default","og_image_type":"default","og_image_url":null,"og_image_width":null,"og_image_height":null,"og_image_custom_url":null,"og_image_custom_fields":null,"og_video":"","og_custom_url":null,"og_article_section":null,"og_article_tags":[],"twitter_use_og":false,"twitter_card":"default","twitter_image_type":"default","twitter_image_url":null,"twitter_image_custom_url":null,"twitter_image_custom_fields":null,"twitter_title":null,"twitter_description":null,"schema":{"blockGraphs":[],"customGraphs":[],"default":{"data":{"Article":[],"Course":[],"Dataset":[],"FAQPage":[],"Movie":[],"Person":[],"Product":[],"ProductReview":[],"Car":[],"Recipe":[],"Service":[],"SoftwareApplication":[],"WebPage":[]},"graphName":"BlogPosting","isEnabled":true},"graphs":[]},"schema_type":"default","schema_type_options":null,"pillar_content":false,"robots_default":true,"robots_noindex":false,"robots_noarchive":false,"robots_nosnippet":false,"robots_nofollow":false,"robots_noimageindex":false,"robots_noodp":false,"robots_notranslate":false,"robots_max_snippet":"-1","robots_max_videopreview":"-1","robots_max_imagepreview":"large","priority":null,"frequency":"default","local_seo":null,"breadcrumb_settings":null,"limit_modified_date":false,"ai":null,"created":"2023-09-09 22:18:14","updated":"2025-06-04 09:16:34","seo_analyzer_scan_date":null,"focus_keyword":null,"additional_keywords":null,"truseo_locale":null},"aioseo_breadcrumb":"<div class=\"aioseo-breadcrumbs\"><span class=\"aioseo-breadcrumb\">\n\t\t\t<a href=\"https:\/\/wia.net.pl\" title=\"Home\">Home<\/a>\n\t\t<\/span><span class=\"aioseo-breadcrumb-separator\">&raquo;<\/span><span class=\"aioseo-breadcrumb\">\n\t\t\t<a href=\"https:\/\/wia.net.pl\/index.php\/category\/artykuly\/\" title=\"Artyku\u0142y\">Artyku\u0142y<\/a>\n\t\t<\/span><span class=\"aioseo-breadcrumb-separator\">&raquo;<\/span><span class=\"aioseo-breadcrumb\">\n\t\t\tKorespondentka BBC zajmuj\u0105ca si\u0119 dezinformacj\u0105 przy\u0142apana na rozpowszechnianiu dezinformacji na temat w\u0142asnej biografii\n\t\t<\/span><\/div>","aioseo_breadcrumb_json":[{"label":"Home","link":"https:\/\/wia.net.pl"},{"label":"Artyku\u0142y","link":"https:\/\/wia.net.pl\/index.php\/category\/artykuly\/"},{"label":"Korespondentka BBC zajmuj\u0105ca si\u0119 dezinformacj\u0105 przy\u0142apana na rozpowszechnianiu dezinformacji na temat w\u0142asnej biografii","link":"https:\/\/wia.net.pl\/index.php\/2023\/09\/10\/korespondentka-bbc-zajmujaca-sie-dezinformacja-przylapana-na-rozpowszechnianiu-dezinformacji-na-temat-wlasnej-biografii\/"}],"_links":{"self":[{"href":"https:\/\/wia.net.pl\/index.php\/wp-json\/wp\/v2\/posts\/4445"}],"collection":[{"href":"https:\/\/wia.net.pl\/index.php\/wp-json\/wp\/v2\/posts"}],"about":[{"href":"https:\/\/wia.net.pl\/index.php\/wp-json\/wp\/v2\/types\/post"}],"author":[{"embeddable":true,"href":"https:\/\/wia.net.pl\/index.php\/wp-json\/wp\/v2\/users\/2"}],"replies":[{"embeddable":true,"href":"https:\/\/wia.net.pl\/index.php\/wp-json\/wp\/v2\/comments?post=4445"}],"version-history":[{"count":1,"href":"https:\/\/wia.net.pl\/index.php\/wp-json\/wp\/v2\/posts\/4445\/revisions"}],"predecessor-version":[{"id":4448,"href":"https:\/\/wia.net.pl\/index.php\/wp-json\/wp\/v2\/posts\/4445\/revisions\/4448"}],"wp:featuredmedia":[{"embeddable":true,"href":"https:\/\/wia.net.pl\/index.php\/wp-json\/wp\/v2\/media\/4447"}],"wp:attachment":[{"href":"https:\/\/wia.net.pl\/index.php\/wp-json\/wp\/v2\/media?parent=4445"}],"wp:term":[{"taxonomy":"category","embeddable":true,"href":"https:\/\/wia.net.pl\/index.php\/wp-json\/wp\/v2\/categories?post=4445"},{"taxonomy":"post_tag","embeddable":true,"href":"https:\/\/wia.net.pl\/index.php\/wp-json\/wp\/v2\/tags?post=4445"}],"curies":[{"name":"wp","href":"https:\/\/api.w.org\/{rel}","templated":true}]}}