{"id":4454,"date":"2023-09-10T01:11:49","date_gmt":"2023-09-09T23:11:49","guid":{"rendered":"https:\/\/wia.net.pl\/?p=4454"},"modified":"2023-09-10T01:16:34","modified_gmt":"2023-09-09T23:16:34","slug":"ksiaze-andrzej-rzekomo-porywa-dwojke-ukrainskich-dzieci","status":"publish","type":"post","link":"https:\/\/wia.net.pl\/index.php\/2023\/09\/10\/ksiaze-andrzej-rzekomo-porywa-dwojke-ukrainskich-dzieci\/","title":{"rendered":"Ksi\u0105\u017c\u0119 Andrzej rzekomo porywa dw\u00f3jk\u0119 ukrai\u0144skich dzieci?"},"content":{"rendered":"\n<p><a href=\"https:\/\/leozagami.com\/2023\/09\/07\/top-secret-prince-andrew-allegedly-kidnaps-two-ukrainian-children-but-the-truth-can-only-be-revealed-in-2065\/\">\u015aCI\u015aLE TAJNE: Ksi\u0105\u017c\u0119 Andrzej rzekomo porywa dw\u00f3jk\u0119 ukrai\u0144skich dzieci, ale prawda wyjdzie na jaw dopiero w 2065 roku!<\/a><\/p>\n\n\n\n<figure class=\"wp-block-embed is-type-video is-provider-youtube wp-block-embed-youtube wp-embed-aspect-4-3 wp-has-aspect-ratio\"><div class=\"wp-block-embed__wrapper\">\n<iframe loading=\"lazy\" title=\"Witness - shocking details about Prince Andrew&#039;s Ukraine visit\" width=\"858\" height=\"644\" src=\"https:\/\/www.youtube.com\/embed\/1-nU-7vZmVA?start=4&#038;feature=oembed\" frameborder=\"0\" allow=\"accelerometer; autoplay; clipboard-write; encrypted-media; gyroscope; picture-in-picture; web-share\" allowfullscreen><\/iframe>\n<\/div><\/figure>\n\n\n\n<figure class=\"wp-block-image size-large\"><img loading=\"lazy\" decoding=\"async\" width=\"1024\" height=\"630\" src=\"https:\/\/wia.net.pl\/wp-content\/uploads\/2023\/09\/spy-camera-1702973_1280-1024x630.jpg\" alt=\"\" class=\"wp-image-4456\" srcset=\"https:\/\/wia.net.pl\/wp-content\/uploads\/2023\/09\/spy-camera-1702973_1280-1024x630.jpg 1024w, https:\/\/wia.net.pl\/wp-content\/uploads\/2023\/09\/spy-camera-1702973_1280-300x185.jpg 300w, https:\/\/wia.net.pl\/wp-content\/uploads\/2023\/09\/spy-camera-1702973_1280-768x473.jpg 768w, https:\/\/wia.net.pl\/wp-content\/uploads\/2023\/09\/spy-camera-1702973_1280.jpg 1280w\" sizes=\"(max-width: 1024px) 100vw, 1024px\" \/><\/figure>\n\n\n\n<p>Artyku\u0142&nbsp;<em>autorstwa Leo Zagamiego<\/em><\/p>\n\n\n\n<p>Znany kr\u00f3lewski historyk&nbsp;&nbsp;<strong>Andrew Lownie<\/strong>&nbsp;&nbsp;zdenerwowa\u0142 w tym tygodniu wi\u0119kszo\u015b\u0107 Brytyjczyk\u00f3w, ujawniaj\u0105c, \u017ce wszystkie oficjalne dokumenty dotycz\u0105ce ksi\u0119cia Andrzeja b\u0119d\u0105 utrzymywane w \u015bcis\u0142ej tajemnicy do 2065 roku.&nbsp;<a href=\"applewebdata:\/\/D3E429E5-9FB7-4F2D-8A3B-583DF4D35F4A#_ftn1\"><sup>[1]<\/sup><\/a>&nbsp;&nbsp;Brat kr\u00f3la Karola III jest oskar\u017cony o rzekome porwanie i napa\u015b\u0107 na tle seksualnym dwojga ukrai\u0144skich dzieci podczas wizyta w ekskluzywnym klubie nocnym w Kijowie podczas oficjalnej wizyty pa\u0144stwowej u Wo\u0142odymyra Ze\u0142enskiego 4 czerwca 2023 r., kt\u00f3rej przewodniczy James Cleverly, pe\u0142ni\u0105cy od 2022 r. funkcj\u0119 brytyjskiego ministra spraw zagranicznych. Wed\u0142ug danych, samolot ministra wyl\u0105dowa\u0142 na lotnisku w Polsce niedaleko granic\u0119 ukrai\u0144sk\u0105.&nbsp;Nast\u0119pnego dnia Cleverly spotka\u0142 si\u0119 z Prezydentem Ukrainy Wo\u0142odymyrem Ze\u0142enskim.<\/p>\n\n\n\n<figure class=\"wp-block-image\"><img decoding=\"async\" src=\"http:\/\/leozagami.com\/wp-content\/uploads\/2023\/09\/b74685eac68ee949ad8933af36c6476b.webp\" alt=\"\" class=\"wp-image-9339\"\/><figcaption class=\"wp-element-caption\">James Cleverly mianowany Sekretarzem Stanu do Spraw Zagranicznych, Wsp\u00f3lnoty Narod\u00f3w i Rozwoju 6 wrze\u015bnia 2022 r<\/figcaption><\/figure>\n\n\n\n<p>Tych niesamowitych rewelacji dokona\u0142 niedawno wiarygodny naoczny \u015bwiadek James Obasa, administrator, kt\u00f3ry nadzorowa\u0142 catering dla go\u015bci VIP w Centrum Kongresowo-Wystawienniczym Parkovy, klubie VIP w centrum Kijowa.&nbsp;W wywiadzie wideo udzielonym przez Obas\u0119 28 sierpnia 2023 r. portalowi&nbsp;&nbsp;<em>News Ghana<\/em>&nbsp;, odebranemu p\u00f3\u017aniej przez dziennikark\u0119&nbsp;&nbsp;<a href=\"https:\/\/medium.com\/@deborahlarmstrong?source=post_page-----5e636399e0e0--------------------------------\">Deborah L. Armstrong<\/a>&nbsp;, kt\u00f3ra opublikowa\u0142a go 6 dni temu na ameryka\u0144skiej platformie wydawniczej&nbsp;&nbsp;<em>Medium:&nbsp;<\/em>Obasa twierdzi, \u017ce po tym, jak ksi\u0105\u017c\u0119 Yorku odebra\u0142 dw\u00f3jk\u0119 dzieci z klubu, gdzie by\u0142y molestowane, widziano go \u201e6 czerwca w Kijowie wsiadaj\u0105cego do helikoptera z dw\u00f3jk\u0105 ukrai\u0144skich dzieci\u201d.&nbsp;Wed\u0142ug Obasy, obywatela Nigerii, dw\u00f3jka dzieci, kt\u00f3re przyprowadzi\u0142 do niego kto\u015b ubrany w mundur, by\u0142a \u201eprzera\u017cona i p\u0142aka\u0142a\u201d.<\/p>\n\n\n\n<figure class=\"wp-block-embed is-type-rich is-provider-obsluga-osadzania wp-block-embed-obsluga-osadzania\"><div class=\"wp-block-embed__wrapper\">\nhttps:\/\/youtube.com\/watch?v=1-nU-7vZmVA%3Ffeature%3Doembed\n<\/div><\/figure>\n\n\n\n<p>James Obasa&nbsp; w swoich zeznaniach&nbsp;<a href=\"https:\/\/medium.com\/@deborahlarmstrong\/witness-prince-andrew-kidnapped-ukrainian-children-5e636399e0e0\" target=\"_blank\" rel=\"noreferrer noopener\">twierdzi\u0142&nbsp;<\/a>&nbsp;, \u017ce ksi\u0105\u017c\u0119 Andrzej by\u0142 cz\u0119\u015bci\u0105 brytyjskiej delegacji, kt\u00f3ra odwiedzi\u0142a Kij\u00f3w na pocz\u0105tku czerwca bez oficjalnej roli.&nbsp;Warto wspomnie\u0107, \u017ce zmar\u0142a kr\u00f3lowa El\u017cbieta II pozbawi\u0142a ksi\u0119cia Andrzeja funkcji publicznych po haniebnym skandalu z Jeffreyem Epsteinem, ameryka\u0144skim przest\u0119pc\u0105 seksualnym i finansist\u0105, ale to go nie powstrzyma\u0142o.&nbsp;Jak ujawniam w mojej najnowszej ksi\u0105\u017cce&nbsp;&nbsp;<em>\u201eWyznania iluminat\u00f3w\u201d, tom 9: Siedem krok\u00f3w do tajemnic nowego zaburzenia \u015bwiata, od transhumanizmu i nie\u015bmiertelno\u015bci do gnostycznego Jezusa, UFO i czar\u00f3w owad\u00f3w,&nbsp;<\/em>Kontrola MI6 i angielskiej masonerii Mi\u0119dzynarodowy Zakon \u015awi\u0119tego Stanis\u0142awa, mi\u0119dzynarodowy zakon braterski powsta\u0142y w 2004 roku po schizmie w polskim Ordo Sancti Stanislai, kontroluj\u0105cym ukrai\u0144skie si\u0142y zbrojne, co \u015bwiadczy o u\u017cywaniu jego krzy\u017ca w herbie.&nbsp;<\/p>\n\n\n\n<p>Obywatel Nigerii wspomnia\u0142 tak\u017ce, \u017ce on i ksi\u0105\u017c\u0119 Andrzej spotkali si\u0119 twarz\u0105 w twarz \u201ew Centrum Kongresowo-Wystawienniczym Parkovy\u201d.&nbsp;Obasa twierdzi r\u00f3wnie\u017c, \u017ce przed wizyt\u0105 powiedziano mu, \u017ce do klubu przyjedzie bardzo wa\u017cny go\u015b\u0107 VIP i by\u0142 \u201ebardzo zszokowany\u201d, widz\u0105c ksi\u0119cia Anglii Andrzeja.&nbsp;Dodaje te\u017c w wywiadzie: \u201eMy\u015bla\u0142em, \u017ce kr\u00f3lewskie przyj\u0119cie si\u0119 sko\u0144czy\u0142o, ale w tej chwili do pokoju wszed\u0142 facet w mundurze z dw\u00f3jk\u0105 ma\u0142ych dzieci;&nbsp;ch\u0142opiec i dziewczynka w wieku od 10 do 12 lat\u201d.<\/p>\n\n\n\n<p>G\u0142\u0119boko zszokowany m\u0119\u017cczyzna, jak wida\u0107 w wywiadzie wideo, twierdzi, \u017ce przyni\u00f3s\u0142 im przek\u0105ski i ciasta po tym, jak brytyjski ksi\u0105\u017c\u0119 poprosi\u0142 go, aby wr\u00f3ci\u0142, i zobaczy\u0142 dzieci p\u00f3\u0142nagie i p\u0142acz\u0105ce, podczas gdy ksi\u0105\u017c\u0119 Andrzej pr\u00f3bowa\u0142 je uspokoi\u0107 przed \u201e Dotyka\u0142 ich w nieodpowiednich miejscach.\u201d&nbsp;\u201ePo kilku godzinach dzieci zachowywa\u0142y si\u0119 dziwnie, jakby za\u017cy\u0142y \u200b\u200bnarkotyki\u201d \u2013 Obasa kontynuowa\u0142 swoje zarzuty.&nbsp;Potem wesz\u0142o dw\u00f3ch facet\u00f3w. Jeden z nich skin\u0105\u0142 g\u0142ow\u0105 ksi\u0119ciu i razem wyszli.&nbsp;Druga rozmawia\u0142a przez chwil\u0119 z dzie\u0107mi po ukrai\u0144sku, po czym poprosi\u0142a Obas\u0119, \u017ceby je ubra\u0142.&nbsp;\u201eW\u0142a\u015bciwie nie rozumia\u0142em, co powiedzia\u0142, ale s\u0142ysza\u0142em tylko \u201eDisneyland\u201d i \u201ePary\u017c\u201d.&nbsp;Wi\u0119c prawdopodobnie pyta\u0142 ich, czy chcieliby tam pojecha\u0107 czy co\u015b, ale nie jestem w stanie tego stwierdzi\u0107.<\/p>\n\n\n\n<p>Ostatecznie James Obasa twierdzi, \u017ce widzia\u0142 ksi\u0119cia Andrzeja odlatuj\u0105cego helikopterem wraz z dwoma pasa\u017cerami i dw\u00f3jk\u0105 ukrai\u0144skich dzieci.&nbsp;Wed\u0142ug&nbsp;&nbsp;<a rel=\"noreferrer noopener\" href=\"https:\/\/newsghana.com.gh\/prince-andrew-allegedly-ambushed-two-children-whilst-in-ukraine\/\" target=\"_blank\">doniesie\u0144<\/a>&nbsp;Ghana News delegacja Wielkiej Brytanii opu\u015bci\u0142a Ukrain\u0119 6 czerwca, a samolot Dassault 900LX faktycznie polecia\u0142 na lotnisko Pary\u017c-Orly.&nbsp;By\u0107 mo\u017ce to wyja\u015bnia, co Obasa s\u0142ysza\u0142 o \u201eDisneylandzie\u201d i \u201ePary\u017cu\u201d.<\/p>\n\n\n\n<figure class=\"wp-block-image\"><img decoding=\"async\" src=\"http:\/\/leozagami.com\/wp-content\/uploads\/2023\/09\/1nQEf3xMk4c-J6fwzV0qAcg.webp\" alt=\"\" class=\"wp-image-9338\"\/><\/figure>\n\n\n\n<p>Niestety, nikt nie doni\u00f3s\u0142 o tej wa\u017cnej historii w mediach g\u0142\u00f3wnego nurtu, a prawdopodobnie nawet nie wspomni\u0105 o obecno\u015bci Andrzeja, gdy\u017c prawda o tej podr\u00f3\u017cy pozostanie tajemnic\u0105 a\u017c do 2065 roku. Po tym strasznym wydarzeniu Obasa rzuci\u0142 prac\u0119 i wr\u00f3ci\u0142 do Afryki w szoku, boj\u0105c si\u0119 o swoje \u017cycie.<\/p>\n\n\n\n<p>Je\u015bli chcesz dowiedzie\u0107 si\u0119 wi\u0119cej o tajnych stowarzyszeniach, kt\u00f3re wywo\u0142a\u0142y t\u0119 niegodziw\u0105 wojn\u0119 i k\u0142amstwach obecnego ukrai\u0144skiego przyw\u00f3dztwa, kup tom 9 moich&nbsp;&nbsp;<em>Wyzna\u0144<\/em>&nbsp;i pami\u0119taj, \u017ce najlepszym przyjacielem kr\u00f3la Karola III by\u0142 Sir Jimmy Savile, jeden z najwi\u0119kszych pedofil\u00f3w w historia ludzko\u015bci.<\/p>\n\n\n\n<p><a href=\"applewebdata:\/\/D3E429E5-9FB7-4F2D-8A3B-583DF4D35F4A#_ftnref1\"><sup>[1]<\/sup><\/a>&nbsp;&nbsp;https:\/\/www.dailystar.co.uk\/news\/latest-news\/brits-fume-over-decision-seal-30857821<\/p>\n\n\n\n<p>UWAGA Najwa\u017cniejsza ksi\u0105\u017cka Leo Zagamiego jest ju\u017c dost\u0119pna!&nbsp;<em><strong>Wyznania iluminat\u00f3w, tom 9: Siedem krok\u00f3w do tajemnic chaosu Nowego \u015awiata, od transhumanizmu i nie\u015bmiertelno\u015bci do gnostyckiego Jezusa, UFO i czar\u00f3w owad\u00f3w<\/strong><\/em>.<\/p>\n\n\n\n<p>Przedruk za zgod\u0105 autora, Leo Zagami<\/p>\n\n\n\n<p>\u0179r\u00f3d\u0142o <a href=\"https:\/\/leozagami.com\/\">https:\/\/leozagami.com\/<\/a><\/p>\n","protected":false},"excerpt":{"rendered":"<p>\u015aCI\u015aLE TAJNE: Ksi\u0105\u017c\u0119 Andrzej rzekomo porywa dw\u00f3jk\u0119 ukrai\u0144skich dzieci, ale prawda wyjdzie na jaw dopiero w 2065 roku! Artyku\u0142&nbsp;autorstwa Leo Zagamiego Znany kr\u00f3lewski historyk&nbsp;&nbsp;Andrew Lownie&nbsp;&nbsp;zdenerwowa\u0142 w tym tygodniu wi\u0119kszo\u015b\u0107 Brytyjczyk\u00f3w, ujawniaj\u0105c, \u017ce wszystkie oficjalne dokumenty dotycz\u0105ce ksi\u0119cia Andrzeja b\u0119d\u0105 utrzymywane&#8230; <\/p>\n","protected":false},"author":2,"featured_media":4456,"comment_status":"open","ping_status":"open","sticky":false,"template":"","format":"standard","meta":{"_acf_changed":false,"_bbp_topic_count":0,"_bbp_reply_count":0,"_bbp_total_topic_count":0,"_bbp_total_reply_count":0,"_bbp_voice_count":0,"_bbp_anonymous_reply_count":0,"_bbp_topic_count_hidden":0,"_bbp_reply_count_hidden":0,"_bbp_forum_subforum_count":0,"om_disable_all_campaigns":false,"_monsterinsights_skip_tracking":false,"footnotes":""},"categories":[93],"tags":[],"class_list":["post-4454","post","type-post","status-publish","format-standard","has-post-thumbnail","hentry","category-artykuly"],"acf":[],"aioseo_notices":[],"aioseo_head":"\n\t\t<!-- All in One SEO 5.0.1.1 - aioseo.com -->\n\t<meta name=\"description\" content=\"\u015aCI\u015aLE TAJNE: Ksi\u0105\u017c\u0119 Andrzej rzekomo porywa dw\u00f3jk\u0119 ukrai\u0144skich dzieci, ale prawda wyjdzie na jaw dopiero w 2065 roku! Artyku\u0142 autorstwa Leo Zagamiego Znany kr\u00f3lewski historyk Andrew Lownie zdenerwowa\u0142 w tym tygodniu wi\u0119kszo\u015b\u0107 Brytyjczyk\u00f3w, ujawniaj\u0105c, \u017ce wszystkie oficjalne dokumenty dotycz\u0105ce ksi\u0119cia Andrzeja b\u0119d\u0105 utrzymywane w \u015bcis\u0142ej tajemnicy do 2065 roku. [1] Brat kr\u00f3la Karola III jest oskar\u017cony o rzekome porwanie i\" \/>\n\t<meta name=\"robots\" content=\"max-image-preview:large\" \/>\n\t<meta name=\"author\" content=\"trinity\"\/>\n\t<link rel=\"canonical\" href=\"https:\/\/wia.net.pl\/index.php\/2023\/09\/10\/ksiaze-andrzej-rzekomo-porywa-dwojke-ukrainskich-dzieci\/\" \/>\n\t<meta name=\"generator\" content=\"All in One SEO (AIOSEO) 5.0.1.1\" \/>\n\t\t<meta property=\"og:locale\" content=\"pl_PL\" \/>\n\t\t<meta property=\"og:site_name\" content=\"Wolno\u015b\u0107 i Anarchia - Ka\u017cdy wewn\u0119trznie jest anarchist\u0105.\" \/>\n\t\t<meta property=\"og:type\" content=\"article\" \/>\n\t\t<meta property=\"og:title\" content=\"Ksi\u0105\u017c\u0119 Andrzej rzekomo porywa dw\u00f3jk\u0119 ukrai\u0144skich dzieci? - Wolno\u015b\u0107 i Anarchia\" \/>\n\t\t<meta property=\"og:description\" content=\"\u015aCI\u015aLE TAJNE: Ksi\u0105\u017c\u0119 Andrzej rzekomo porywa dw\u00f3jk\u0119 ukrai\u0144skich dzieci, ale prawda wyjdzie na jaw dopiero w 2065 roku! Artyku\u0142 autorstwa Leo Zagamiego Znany kr\u00f3lewski historyk Andrew Lownie zdenerwowa\u0142 w tym tygodniu wi\u0119kszo\u015b\u0107 Brytyjczyk\u00f3w, ujawniaj\u0105c, \u017ce wszystkie oficjalne dokumenty dotycz\u0105ce ksi\u0119cia Andrzeja b\u0119d\u0105 utrzymywane w \u015bcis\u0142ej tajemnicy do 2065 roku. [1] Brat kr\u00f3la Karola III jest oskar\u017cony o rzekome porwanie i\" \/>\n\t\t<meta property=\"og:url\" content=\"https:\/\/wia.net.pl\/index.php\/2023\/09\/10\/ksiaze-andrzej-rzekomo-porywa-dwojke-ukrainskich-dzieci\/\" \/>\n\t\t<meta property=\"og:image\" content=\"https:\/\/wia.net.pl\/wp-content\/uploads\/2023\/11\/cropped-freedom-i73367.jpg\" \/>\n\t\t<meta property=\"og:image:secure_url\" content=\"https:\/\/wia.net.pl\/wp-content\/uploads\/2023\/11\/cropped-freedom-i73367.jpg\" \/>\n\t\t<meta property=\"article:published_time\" content=\"2023-09-09T23:11:49+00:00\" \/>\n\t\t<meta property=\"article:modified_time\" content=\"2023-09-09T23:16:34+00:00\" \/>\n\t\t<meta name=\"twitter:card\" content=\"summary_large_image\" \/>\n\t\t<meta name=\"twitter:title\" content=\"Ksi\u0105\u017c\u0119 Andrzej rzekomo porywa dw\u00f3jk\u0119 ukrai\u0144skich dzieci? - Wolno\u015b\u0107 i Anarchia\" \/>\n\t\t<meta name=\"twitter:description\" content=\"\u015aCI\u015aLE TAJNE: Ksi\u0105\u017c\u0119 Andrzej rzekomo porywa dw\u00f3jk\u0119 ukrai\u0144skich dzieci, ale prawda wyjdzie na jaw dopiero w 2065 roku! Artyku\u0142 autorstwa Leo Zagamiego Znany kr\u00f3lewski historyk Andrew Lownie zdenerwowa\u0142 w tym tygodniu wi\u0119kszo\u015b\u0107 Brytyjczyk\u00f3w, ujawniaj\u0105c, \u017ce wszystkie oficjalne dokumenty dotycz\u0105ce ksi\u0119cia Andrzeja b\u0119d\u0105 utrzymywane w \u015bcis\u0142ej tajemnicy do 2065 roku. [1] Brat kr\u00f3la Karola III jest oskar\u017cony o rzekome porwanie i\" \/>\n\t\t<meta name=\"twitter:image\" content=\"https:\/\/wia.net.pl\/wp-content\/uploads\/2023\/11\/cropped-freedom-i73367.jpg\" \/>\n\t\t<script type=\"application\/ld+json\" class=\"aioseo-schema\">\n\t\t\t{\"@context\":\"https:\\\/\\\/schema.org\",\"@graph\":[{\"@type\":\"BlogPosting\",\"@id\":\"https:\\\/\\\/wia.net.pl\\\/index.php\\\/2023\\\/09\\\/10\\\/ksiaze-andrzej-rzekomo-porywa-dwojke-ukrainskich-dzieci\\\/#blogposting\",\"name\":\"Ksi\\u0105\\u017c\\u0119 Andrzej rzekomo porywa dw\\u00f3jk\\u0119 ukrai\\u0144skich dzieci? - Wolno\\u015b\\u0107 i Anarchia\",\"headline\":\"Ksi\\u0105\\u017c\\u0119 Andrzej rzekomo porywa dw\\u00f3jk\\u0119 ukrai\\u0144skich dzieci?\",\"author\":{\"@id\":\"https:\\\/\\\/wia.net.pl\\\/index.php\\\/author\\\/trinity\\\/#author\"},\"publisher\":{\"@id\":\"https:\\\/\\\/wia.net.pl\\\/#person\"},\"image\":{\"@type\":\"ImageObject\",\"url\":\"https:\\\/\\\/wia.net.pl\\\/wp-content\\\/uploads\\\/2023\\\/09\\\/spy-camera-1702973_1280.jpg\",\"width\":1280,\"height\":788},\"datePublished\":\"2023-09-10T01:11:49+02:00\",\"dateModified\":\"2023-09-10T01:16:34+02:00\",\"inLanguage\":\"pl-PL\",\"mainEntityOfPage\":{\"@id\":\"https:\\\/\\\/wia.net.pl\\\/index.php\\\/2023\\\/09\\\/10\\\/ksiaze-andrzej-rzekomo-porywa-dwojke-ukrainskich-dzieci\\\/#webpage\"},\"isPartOf\":{\"@id\":\"https:\\\/\\\/wia.net.pl\\\/index.php\\\/2023\\\/09\\\/10\\\/ksiaze-andrzej-rzekomo-porywa-dwojke-ukrainskich-dzieci\\\/#webpage\"},\"articleSection\":\"Artyku\\u0142y\"},{\"@type\":\"BreadcrumbList\",\"@id\":\"https:\\\/\\\/wia.net.pl\\\/index.php\\\/2023\\\/09\\\/10\\\/ksiaze-andrzej-rzekomo-porywa-dwojke-ukrainskich-dzieci\\\/#breadcrumblist\",\"itemListElement\":[{\"@type\":\"ListItem\",\"@id\":\"https:\\\/\\\/wia.net.pl#listItem\",\"position\":1,\"name\":\"Home\",\"item\":\"https:\\\/\\\/wia.net.pl\",\"nextItem\":{\"@type\":\"ListItem\",\"@id\":\"https:\\\/\\\/wia.net.pl\\\/index.php\\\/category\\\/artykuly\\\/#listItem\",\"name\":\"Artyku\\u0142y\"}},{\"@type\":\"ListItem\",\"@id\":\"https:\\\/\\\/wia.net.pl\\\/index.php\\\/category\\\/artykuly\\\/#listItem\",\"position\":2,\"name\":\"Artyku\\u0142y\",\"item\":\"https:\\\/\\\/wia.net.pl\\\/index.php\\\/category\\\/artykuly\\\/\",\"nextItem\":{\"@type\":\"ListItem\",\"@id\":\"https:\\\/\\\/wia.net.pl\\\/index.php\\\/2023\\\/09\\\/10\\\/ksiaze-andrzej-rzekomo-porywa-dwojke-ukrainskich-dzieci\\\/#listItem\",\"name\":\"Ksi\\u0105\\u017c\\u0119 Andrzej rzekomo porywa dw\\u00f3jk\\u0119 ukrai\\u0144skich dzieci?\"},\"previousItem\":{\"@type\":\"ListItem\",\"@id\":\"https:\\\/\\\/wia.net.pl#listItem\",\"name\":\"Home\"}},{\"@type\":\"ListItem\",\"@id\":\"https:\\\/\\\/wia.net.pl\\\/index.php\\\/2023\\\/09\\\/10\\\/ksiaze-andrzej-rzekomo-porywa-dwojke-ukrainskich-dzieci\\\/#listItem\",\"position\":3,\"name\":\"Ksi\\u0105\\u017c\\u0119 Andrzej rzekomo porywa dw\\u00f3jk\\u0119 ukrai\\u0144skich dzieci?\",\"previousItem\":{\"@type\":\"ListItem\",\"@id\":\"https:\\\/\\\/wia.net.pl\\\/index.php\\\/category\\\/artykuly\\\/#listItem\",\"name\":\"Artyku\\u0142y\"}}]},{\"@type\":\"Person\",\"@id\":\"https:\\\/\\\/wia.net.pl\\\/#person\",\"name\":\"Bart\\u0142omiej Talarczyk\",\"image\":{\"@type\":\"ImageObject\",\"@id\":\"https:\\\/\\\/wia.net.pl\\\/index.php\\\/2023\\\/09\\\/10\\\/ksiaze-andrzej-rzekomo-porywa-dwojke-ukrainskich-dzieci\\\/#personImage\",\"url\":\"https:\\\/\\\/wia.net.pl\\\/wp-content\\\/uploads\\\/avatar-privacy\\\/cache\\\/user\\\/1\\\/7\\\/176a6b161c58363ff49b5c167264231f519f5c7fa183ca1f61e891769b6b56d5-96.jpg\",\"width\":96,\"height\":96,\"caption\":\"Bart\\u0142omiej Talarczyk\"}},{\"@type\":\"Person\",\"@id\":\"https:\\\/\\\/wia.net.pl\\\/index.php\\\/author\\\/trinity\\\/#author\",\"url\":\"https:\\\/\\\/wia.net.pl\\\/index.php\\\/author\\\/trinity\\\/\",\"name\":\"trinity\",\"image\":{\"@type\":\"ImageObject\",\"@id\":\"https:\\\/\\\/wia.net.pl\\\/index.php\\\/2023\\\/09\\\/10\\\/ksiaze-andrzej-rzekomo-porywa-dwojke-ukrainskich-dzieci\\\/#authorImage\",\"url\":\"https:\\\/\\\/wia.net.pl\\\/wp-content\\\/uploads\\\/avatar-privacy\\\/cache\\\/user\\\/5\\\/f\\\/5f6547cf82495eaa10e100a6a45d5dbde2dfdc1be88557de2018fca705bdf6f1-96.jpg\",\"width\":96,\"height\":96,\"caption\":\"trinity\"}},{\"@type\":\"WebPage\",\"@id\":\"https:\\\/\\\/wia.net.pl\\\/index.php\\\/2023\\\/09\\\/10\\\/ksiaze-andrzej-rzekomo-porywa-dwojke-ukrainskich-dzieci\\\/#webpage\",\"url\":\"https:\\\/\\\/wia.net.pl\\\/index.php\\\/2023\\\/09\\\/10\\\/ksiaze-andrzej-rzekomo-porywa-dwojke-ukrainskich-dzieci\\\/\",\"name\":\"Ksi\\u0105\\u017c\\u0119 Andrzej rzekomo porywa dw\\u00f3jk\\u0119 ukrai\\u0144skich dzieci? - Wolno\\u015b\\u0107 i Anarchia\",\"description\":\"\\u015aCI\\u015aLE TAJNE: Ksi\\u0105\\u017c\\u0119 Andrzej rzekomo porywa dw\\u00f3jk\\u0119 ukrai\\u0144skich dzieci, ale prawda wyjdzie na jaw dopiero w 2065 roku! Artyku\\u0142 autorstwa Leo Zagamiego Znany kr\\u00f3lewski historyk Andrew Lownie zdenerwowa\\u0142 w tym tygodniu wi\\u0119kszo\\u015b\\u0107 Brytyjczyk\\u00f3w, ujawniaj\\u0105c, \\u017ce wszystkie oficjalne dokumenty dotycz\\u0105ce ksi\\u0119cia Andrzeja b\\u0119d\\u0105 utrzymywane w \\u015bcis\\u0142ej tajemnicy do 2065 roku. [1] Brat kr\\u00f3la Karola III jest oskar\\u017cony o rzekome porwanie i\",\"inLanguage\":\"pl-PL\",\"isPartOf\":{\"@id\":\"https:\\\/\\\/wia.net.pl\\\/#website\"},\"breadcrumb\":{\"@id\":\"https:\\\/\\\/wia.net.pl\\\/index.php\\\/2023\\\/09\\\/10\\\/ksiaze-andrzej-rzekomo-porywa-dwojke-ukrainskich-dzieci\\\/#breadcrumblist\"},\"author\":{\"@id\":\"https:\\\/\\\/wia.net.pl\\\/index.php\\\/author\\\/trinity\\\/#author\"},\"creator\":{\"@id\":\"https:\\\/\\\/wia.net.pl\\\/index.php\\\/author\\\/trinity\\\/#author\"},\"image\":{\"@type\":\"ImageObject\",\"url\":\"https:\\\/\\\/wia.net.pl\\\/wp-content\\\/uploads\\\/2023\\\/09\\\/spy-camera-1702973_1280.jpg\",\"@id\":\"https:\\\/\\\/wia.net.pl\\\/index.php\\\/2023\\\/09\\\/10\\\/ksiaze-andrzej-rzekomo-porywa-dwojke-ukrainskich-dzieci\\\/#mainImage\",\"width\":1280,\"height\":788},\"primaryImageOfPage\":{\"@id\":\"https:\\\/\\\/wia.net.pl\\\/index.php\\\/2023\\\/09\\\/10\\\/ksiaze-andrzej-rzekomo-porywa-dwojke-ukrainskich-dzieci\\\/#mainImage\"},\"datePublished\":\"2023-09-10T01:11:49+02:00\",\"dateModified\":\"2023-09-10T01:16:34+02:00\"},{\"@type\":\"WebSite\",\"@id\":\"https:\\\/\\\/wia.net.pl\\\/#website\",\"url\":\"https:\\\/\\\/wia.net.pl\\\/\",\"name\":\"Wolno\\u015b\\u0107 i Anarchia\",\"description\":\"Ka\\u017cdy wewn\\u0119trznie jest anarchist\\u0105.\",\"inLanguage\":\"pl-PL\",\"publisher\":{\"@id\":\"https:\\\/\\\/wia.net.pl\\\/#person\"}}]}\n\t\t<\/script>\n\t\t<!-- All in One SEO -->\n\n","aioseo_head_json":{"title":"Ksi\u0105\u017c\u0119 Andrzej rzekomo porywa dw\u00f3jk\u0119 ukrai\u0144skich dzieci? - Wolno\u015b\u0107 i Anarchia","description":"\u015aCI\u015aLE TAJNE: Ksi\u0105\u017c\u0119 Andrzej rzekomo porywa dw\u00f3jk\u0119 ukrai\u0144skich dzieci, ale prawda wyjdzie na jaw dopiero w 2065 roku! Artyku\u0142 autorstwa Leo Zagamiego Znany kr\u00f3lewski historyk Andrew Lownie zdenerwowa\u0142 w tym tygodniu wi\u0119kszo\u015b\u0107 Brytyjczyk\u00f3w, ujawniaj\u0105c, \u017ce wszystkie oficjalne dokumenty dotycz\u0105ce ksi\u0119cia Andrzeja b\u0119d\u0105 utrzymywane w \u015bcis\u0142ej tajemnicy do 2065 roku. [1] Brat kr\u00f3la Karola III jest oskar\u017cony o rzekome porwanie i","canonical_url":"https:\/\/wia.net.pl\/index.php\/2023\/09\/10\/ksiaze-andrzej-rzekomo-porywa-dwojke-ukrainskich-dzieci\/","robots":"max-image-preview:large","keywords":"","webmasterTools":{"miscellaneous":""},"schema":{"@context":"https:\/\/schema.org","@graph":[{"@type":"BlogPosting","@id":"https:\/\/wia.net.pl\/index.php\/2023\/09\/10\/ksiaze-andrzej-rzekomo-porywa-dwojke-ukrainskich-dzieci\/#blogposting","name":"Ksi\u0105\u017c\u0119 Andrzej rzekomo porywa dw\u00f3jk\u0119 ukrai\u0144skich dzieci? - Wolno\u015b\u0107 i Anarchia","headline":"Ksi\u0105\u017c\u0119 Andrzej rzekomo porywa dw\u00f3jk\u0119 ukrai\u0144skich dzieci?","author":{"@id":"https:\/\/wia.net.pl\/index.php\/author\/trinity\/#author"},"publisher":{"@id":"https:\/\/wia.net.pl\/#person"},"image":{"@type":"ImageObject","url":"https:\/\/wia.net.pl\/wp-content\/uploads\/2023\/09\/spy-camera-1702973_1280.jpg","width":1280,"height":788},"datePublished":"2023-09-10T01:11:49+02:00","dateModified":"2023-09-10T01:16:34+02:00","inLanguage":"pl-PL","mainEntityOfPage":{"@id":"https:\/\/wia.net.pl\/index.php\/2023\/09\/10\/ksiaze-andrzej-rzekomo-porywa-dwojke-ukrainskich-dzieci\/#webpage"},"isPartOf":{"@id":"https:\/\/wia.net.pl\/index.php\/2023\/09\/10\/ksiaze-andrzej-rzekomo-porywa-dwojke-ukrainskich-dzieci\/#webpage"},"articleSection":"Artyku\u0142y"},{"@type":"BreadcrumbList","@id":"https:\/\/wia.net.pl\/index.php\/2023\/09\/10\/ksiaze-andrzej-rzekomo-porywa-dwojke-ukrainskich-dzieci\/#breadcrumblist","itemListElement":[{"@type":"ListItem","@id":"https:\/\/wia.net.pl#listItem","position":1,"name":"Home","item":"https:\/\/wia.net.pl","nextItem":{"@type":"ListItem","@id":"https:\/\/wia.net.pl\/index.php\/category\/artykuly\/#listItem","name":"Artyku\u0142y"}},{"@type":"ListItem","@id":"https:\/\/wia.net.pl\/index.php\/category\/artykuly\/#listItem","position":2,"name":"Artyku\u0142y","item":"https:\/\/wia.net.pl\/index.php\/category\/artykuly\/","nextItem":{"@type":"ListItem","@id":"https:\/\/wia.net.pl\/index.php\/2023\/09\/10\/ksiaze-andrzej-rzekomo-porywa-dwojke-ukrainskich-dzieci\/#listItem","name":"Ksi\u0105\u017c\u0119 Andrzej rzekomo porywa dw\u00f3jk\u0119 ukrai\u0144skich dzieci?"},"previousItem":{"@type":"ListItem","@id":"https:\/\/wia.net.pl#listItem","name":"Home"}},{"@type":"ListItem","@id":"https:\/\/wia.net.pl\/index.php\/2023\/09\/10\/ksiaze-andrzej-rzekomo-porywa-dwojke-ukrainskich-dzieci\/#listItem","position":3,"name":"Ksi\u0105\u017c\u0119 Andrzej rzekomo porywa dw\u00f3jk\u0119 ukrai\u0144skich dzieci?","previousItem":{"@type":"ListItem","@id":"https:\/\/wia.net.pl\/index.php\/category\/artykuly\/#listItem","name":"Artyku\u0142y"}}]},{"@type":"Person","@id":"https:\/\/wia.net.pl\/#person","name":"Bart\u0142omiej Talarczyk","image":{"@type":"ImageObject","@id":"https:\/\/wia.net.pl\/index.php\/2023\/09\/10\/ksiaze-andrzej-rzekomo-porywa-dwojke-ukrainskich-dzieci\/#personImage","url":"https:\/\/wia.net.pl\/wp-content\/uploads\/avatar-privacy\/cache\/user\/1\/7\/176a6b161c58363ff49b5c167264231f519f5c7fa183ca1f61e891769b6b56d5-96.jpg","width":96,"height":96,"caption":"Bart\u0142omiej Talarczyk"}},{"@type":"Person","@id":"https:\/\/wia.net.pl\/index.php\/author\/trinity\/#author","url":"https:\/\/wia.net.pl\/index.php\/author\/trinity\/","name":"trinity","image":{"@type":"ImageObject","@id":"https:\/\/wia.net.pl\/index.php\/2023\/09\/10\/ksiaze-andrzej-rzekomo-porywa-dwojke-ukrainskich-dzieci\/#authorImage","url":"https:\/\/wia.net.pl\/wp-content\/uploads\/avatar-privacy\/cache\/user\/5\/f\/5f6547cf82495eaa10e100a6a45d5dbde2dfdc1be88557de2018fca705bdf6f1-96.jpg","width":96,"height":96,"caption":"trinity"}},{"@type":"WebPage","@id":"https:\/\/wia.net.pl\/index.php\/2023\/09\/10\/ksiaze-andrzej-rzekomo-porywa-dwojke-ukrainskich-dzieci\/#webpage","url":"https:\/\/wia.net.pl\/index.php\/2023\/09\/10\/ksiaze-andrzej-rzekomo-porywa-dwojke-ukrainskich-dzieci\/","name":"Ksi\u0105\u017c\u0119 Andrzej rzekomo porywa dw\u00f3jk\u0119 ukrai\u0144skich dzieci? - Wolno\u015b\u0107 i Anarchia","description":"\u015aCI\u015aLE TAJNE: Ksi\u0105\u017c\u0119 Andrzej rzekomo porywa dw\u00f3jk\u0119 ukrai\u0144skich dzieci, ale prawda wyjdzie na jaw dopiero w 2065 roku! Artyku\u0142 autorstwa Leo Zagamiego Znany kr\u00f3lewski historyk Andrew Lownie zdenerwowa\u0142 w tym tygodniu wi\u0119kszo\u015b\u0107 Brytyjczyk\u00f3w, ujawniaj\u0105c, \u017ce wszystkie oficjalne dokumenty dotycz\u0105ce ksi\u0119cia Andrzeja b\u0119d\u0105 utrzymywane w \u015bcis\u0142ej tajemnicy do 2065 roku. [1] Brat kr\u00f3la Karola III jest oskar\u017cony o rzekome porwanie i","inLanguage":"pl-PL","isPartOf":{"@id":"https:\/\/wia.net.pl\/#website"},"breadcrumb":{"@id":"https:\/\/wia.net.pl\/index.php\/2023\/09\/10\/ksiaze-andrzej-rzekomo-porywa-dwojke-ukrainskich-dzieci\/#breadcrumblist"},"author":{"@id":"https:\/\/wia.net.pl\/index.php\/author\/trinity\/#author"},"creator":{"@id":"https:\/\/wia.net.pl\/index.php\/author\/trinity\/#author"},"image":{"@type":"ImageObject","url":"https:\/\/wia.net.pl\/wp-content\/uploads\/2023\/09\/spy-camera-1702973_1280.jpg","@id":"https:\/\/wia.net.pl\/index.php\/2023\/09\/10\/ksiaze-andrzej-rzekomo-porywa-dwojke-ukrainskich-dzieci\/#mainImage","width":1280,"height":788},"primaryImageOfPage":{"@id":"https:\/\/wia.net.pl\/index.php\/2023\/09\/10\/ksiaze-andrzej-rzekomo-porywa-dwojke-ukrainskich-dzieci\/#mainImage"},"datePublished":"2023-09-10T01:11:49+02:00","dateModified":"2023-09-10T01:16:34+02:00"},{"@type":"WebSite","@id":"https:\/\/wia.net.pl\/#website","url":"https:\/\/wia.net.pl\/","name":"Wolno\u015b\u0107 i Anarchia","description":"Ka\u017cdy wewn\u0119trznie jest anarchist\u0105.","inLanguage":"pl-PL","publisher":{"@id":"https:\/\/wia.net.pl\/#person"}}]},"og:locale":"pl_PL","og:site_name":"Wolno\u015b\u0107 i Anarchia - Ka\u017cdy wewn\u0119trznie jest anarchist\u0105.","og:type":"article","og:title":"Ksi\u0105\u017c\u0119 Andrzej rzekomo porywa dw\u00f3jk\u0119 ukrai\u0144skich dzieci? - Wolno\u015b\u0107 i Anarchia","og:description":"\u015aCI\u015aLE TAJNE: Ksi\u0105\u017c\u0119 Andrzej rzekomo porywa dw\u00f3jk\u0119 ukrai\u0144skich dzieci, ale prawda wyjdzie na jaw dopiero w 2065 roku! Artyku\u0142 autorstwa Leo Zagamiego Znany kr\u00f3lewski historyk Andrew Lownie zdenerwowa\u0142 w tym tygodniu wi\u0119kszo\u015b\u0107 Brytyjczyk\u00f3w, ujawniaj\u0105c, \u017ce wszystkie oficjalne dokumenty dotycz\u0105ce ksi\u0119cia Andrzeja b\u0119d\u0105 utrzymywane w \u015bcis\u0142ej tajemnicy do 2065 roku. [1] Brat kr\u00f3la Karola III jest oskar\u017cony o rzekome porwanie i","og:url":"https:\/\/wia.net.pl\/index.php\/2023\/09\/10\/ksiaze-andrzej-rzekomo-porywa-dwojke-ukrainskich-dzieci\/","og:image":"https:\/\/wia.net.pl\/wp-content\/uploads\/2023\/11\/cropped-freedom-i73367.jpg","og:image:secure_url":"https:\/\/wia.net.pl\/wp-content\/uploads\/2023\/11\/cropped-freedom-i73367.jpg","article:published_time":"2023-09-09T23:11:49+00:00","article:modified_time":"2023-09-09T23:16:34+00:00","twitter:card":"summary_large_image","twitter:title":"Ksi\u0105\u017c\u0119 Andrzej rzekomo porywa dw\u00f3jk\u0119 ukrai\u0144skich dzieci? - Wolno\u015b\u0107 i Anarchia","twitter:description":"\u015aCI\u015aLE TAJNE: Ksi\u0105\u017c\u0119 Andrzej rzekomo porywa dw\u00f3jk\u0119 ukrai\u0144skich dzieci, ale prawda wyjdzie na jaw dopiero w 2065 roku! Artyku\u0142 autorstwa Leo Zagamiego Znany kr\u00f3lewski historyk Andrew Lownie zdenerwowa\u0142 w tym tygodniu wi\u0119kszo\u015b\u0107 Brytyjczyk\u00f3w, ujawniaj\u0105c, \u017ce wszystkie oficjalne dokumenty dotycz\u0105ce ksi\u0119cia Andrzeja b\u0119d\u0105 utrzymywane w \u015bcis\u0142ej tajemnicy do 2065 roku. [1] Brat kr\u00f3la Karola III jest oskar\u017cony o rzekome porwanie i","twitter:image":"https:\/\/wia.net.pl\/wp-content\/uploads\/2023\/11\/cropped-freedom-i73367.jpg"},"aioseo_meta_data":{"post_id":"4454","title":null,"description":null,"keywords":[],"keyphrases":{"focus":{"keyphrase":"","score":0,"analysis":{"keyphraseInTitle":{"score":0,"maxScore":9,"error":1}}},"additional":[]},"primary_term":null,"canonical_url":null,"og_title":null,"og_description":null,"og_object_type":"default","og_image_type":"default","og_image_url":null,"og_image_width":null,"og_image_height":null,"og_image_custom_url":null,"og_image_custom_fields":null,"og_video":"","og_custom_url":null,"og_article_section":null,"og_article_tags":[],"twitter_use_og":false,"twitter_card":"default","twitter_image_type":"default","twitter_image_url":null,"twitter_image_custom_url":null,"twitter_image_custom_fields":null,"twitter_title":null,"twitter_description":null,"schema":{"blockGraphs":[],"customGraphs":[],"default":{"data":{"Article":[],"Course":[],"Dataset":[],"FAQPage":[],"Movie":[],"Person":[],"Product":[],"ProductReview":[],"Car":[],"Recipe":[],"Service":[],"SoftwareApplication":[],"WebPage":[]},"graphName":"BlogPosting","isEnabled":true},"graphs":[]},"schema_type":"default","schema_type_options":null,"pillar_content":false,"robots_default":true,"robots_noindex":false,"robots_noarchive":false,"robots_nosnippet":false,"robots_nofollow":false,"robots_noimageindex":false,"robots_noodp":false,"robots_notranslate":false,"robots_max_snippet":"-1","robots_max_videopreview":"-1","robots_max_imagepreview":"large","priority":null,"frequency":"default","local_seo":null,"breadcrumb_settings":null,"limit_modified_date":false,"ai":null,"created":"2023-09-09 23:11:49","updated":"2025-06-04 09:16:34","seo_analyzer_scan_date":null,"focus_keyword":null,"additional_keywords":null,"truseo_locale":null},"aioseo_breadcrumb":"<div class=\"aioseo-breadcrumbs\"><span class=\"aioseo-breadcrumb\">\n\t\t\t<a href=\"https:\/\/wia.net.pl\" title=\"Home\">Home<\/a>\n\t\t<\/span><span class=\"aioseo-breadcrumb-separator\">&raquo;<\/span><span class=\"aioseo-breadcrumb\">\n\t\t\t<a href=\"https:\/\/wia.net.pl\/index.php\/category\/artykuly\/\" title=\"Artyku\u0142y\">Artyku\u0142y<\/a>\n\t\t<\/span><span class=\"aioseo-breadcrumb-separator\">&raquo;<\/span><span class=\"aioseo-breadcrumb\">\n\t\t\tKsi\u0105\u017c\u0119 Andrzej rzekomo porywa dw\u00f3jk\u0119 ukrai\u0144skich dzieci?\n\t\t<\/span><\/div>","aioseo_breadcrumb_json":[{"label":"Home","link":"https:\/\/wia.net.pl"},{"label":"Artyku\u0142y","link":"https:\/\/wia.net.pl\/index.php\/category\/artykuly\/"},{"label":"Ksi\u0105\u017c\u0119 Andrzej rzekomo porywa dw\u00f3jk\u0119 ukrai\u0144skich dzieci?","link":"https:\/\/wia.net.pl\/index.php\/2023\/09\/10\/ksiaze-andrzej-rzekomo-porywa-dwojke-ukrainskich-dzieci\/"}],"_links":{"self":[{"href":"https:\/\/wia.net.pl\/index.php\/wp-json\/wp\/v2\/posts\/4454"}],"collection":[{"href":"https:\/\/wia.net.pl\/index.php\/wp-json\/wp\/v2\/posts"}],"about":[{"href":"https:\/\/wia.net.pl\/index.php\/wp-json\/wp\/v2\/types\/post"}],"author":[{"embeddable":true,"href":"https:\/\/wia.net.pl\/index.php\/wp-json\/wp\/v2\/users\/2"}],"replies":[{"embeddable":true,"href":"https:\/\/wia.net.pl\/index.php\/wp-json\/wp\/v2\/comments?post=4454"}],"version-history":[{"count":2,"href":"https:\/\/wia.net.pl\/index.php\/wp-json\/wp\/v2\/posts\/4454\/revisions"}],"predecessor-version":[{"id":4459,"href":"https:\/\/wia.net.pl\/index.php\/wp-json\/wp\/v2\/posts\/4454\/revisions\/4459"}],"wp:featuredmedia":[{"embeddable":true,"href":"https:\/\/wia.net.pl\/index.php\/wp-json\/wp\/v2\/media\/4456"}],"wp:attachment":[{"href":"https:\/\/wia.net.pl\/index.php\/wp-json\/wp\/v2\/media?parent=4454"}],"wp:term":[{"taxonomy":"category","embeddable":true,"href":"https:\/\/wia.net.pl\/index.php\/wp-json\/wp\/v2\/categories?post=4454"},{"taxonomy":"post_tag","embeddable":true,"href":"https:\/\/wia.net.pl\/index.php\/wp-json\/wp\/v2\/tags?post=4454"}],"curies":[{"name":"wp","href":"https:\/\/api.w.org\/{rel}","templated":true}]}}