{"id":4460,"date":"2023-09-10T01:33:13","date_gmt":"2023-09-09T23:33:13","guid":{"rendered":"https:\/\/wia.net.pl\/?p=4460"},"modified":"2023-09-10T01:33:14","modified_gmt":"2023-09-09T23:33:14","slug":"wojny-powoduja-szkody-klimatyczne","status":"publish","type":"post","link":"https:\/\/wia.net.pl\/index.php\/2023\/09\/10\/wojny-powoduja-szkody-klimatyczne\/","title":{"rendered":"WOJNY powoduj\u0105 szkody klimatyczne"},"content":{"rendered":"\n<p><a href=\"https:\/\/helenaglass.net\/2023\/09\/04\/wars-cause-climate-change-and-carbon-emissions\/\">WOJNY powoduj\u0105 szkody klimatyczne \u2013 Ukraina chce odszkodowania<\/a><\/p>\n\n\n\n<figure class=\"wp-block-image size-large\"><img loading=\"lazy\" decoding=\"async\" width=\"1024\" height=\"724\" src=\"https:\/\/wia.net.pl\/wp-content\/uploads\/2023\/09\/war-952967_1280-1024x724.jpg\" alt=\"\" class=\"wp-image-4462\" srcset=\"https:\/\/wia.net.pl\/wp-content\/uploads\/2023\/09\/war-952967_1280-1024x724.jpg 1024w, https:\/\/wia.net.pl\/wp-content\/uploads\/2023\/09\/war-952967_1280-300x212.jpg 300w, https:\/\/wia.net.pl\/wp-content\/uploads\/2023\/09\/war-952967_1280-768x543.jpg 768w, https:\/\/wia.net.pl\/wp-content\/uploads\/2023\/09\/war-952967_1280.jpg 1280w\" sizes=\"(max-width: 1024px) 100vw, 1024px\" \/><\/figure>\n\n\n\n<p><strong>Bardzo erudycyjne \u201ePolitico\u201d nagle zaniepokoi\u0142o si\u0119 \u201eskutkami klimatycznymi\u201d wojny na Ukrainie.&nbsp;Kto lepiej okre\u015bli wielko\u015b\u0107 emisji gaz\u00f3w cieplarnianych podczas wojny ni\u017c Lennard de Klerk, dyplomowany in\u017cynier elektryk prowadz\u0105cy ekolodge na W\u0119grzech.&nbsp;Nie martw si\u0119, twierdzi, \u017ce jego najwa\u017cniejsze umiej\u0119tno\u015bci obejmuj\u0105: wojskowe zmiany klimatyczne \u2022 \u015alad w\u0119glowy \u2022 Gaz cieplarniany \u2022 Technologie niskoemisyjne \u2022 Budownictwo ekologiczne.&nbsp;\u017badna z tych najwa\u017cniejszych umiej\u0119tno\u015bci nie jest programem dyplomowym.&nbsp;Carowie klimatyczni zazwyczaj studiuj\u0105 biologi\u0119, chemi\u0119, statystyk\u0119 i ekonomi\u0119 \u015brodowiska.&nbsp;&nbsp;<\/strong><\/p>\n\n\n\n<p><strong>Nie Lennarda.<\/strong><\/p>\n\n\n\n<p>Jak oblicza si\u0119 emisj\u0119 dwutlenku w\u0119gla?&nbsp;\u201eKraje zg\u0142aszaj\u0105 swoje emisje stosuj\u0105c podej\u015bcie oddolne, w ramach kt\u00f3rego emisje krajowe szacuje si\u0119 poprzez po\u0142\u0105czenie danych na temat rodzaj\u00f3w dzia\u0142alno\u015bci z emisjami zwykle wytwarzanymi w wyniku tej dzia\u0142alno\u015bci\u201d.&nbsp;\u201eGrupa zadaniowa\u201d Mi\u0119dzynarodowego Panelu ds. Zmian Klimatu (IPPC) opracowa\u0142a \u201ewytyczne dotycz\u0105ce dzia\u0142a\u0144 pomiarowych\u201d.&nbsp;Ich pierwszy raport zosta\u0142 opracowany w 2006 r., poprawiony w 2014 r. i ponownie poprawiony w 2019 r.<\/p>\n\n\n\n<p>W raporcie prezentacyjnym IPCC przedstawiaj\u0105 ekspertom wytyczne dotycz\u0105ce raportowania, w kt\u00f3rych m\u00f3wi\u0105 im, jak przeliterowa\u0107 zwi\u0105zki chemiczne, jak skraca\u0107 jednostki i jak skraca\u0107 wsp\u00f3\u0142czynnik do pot\u0119gi.&nbsp;Nie s\u0105dz\u0119, \u017ce rozmawiaj\u0105 z \u201enaukowcami\u201d.&nbsp;Cztery kategorie obejmuj\u0105: 1. Energi\u0119, 2. Procesy przemys\u0142owe, 3. Rolnictwo, le\u015bnictwo i inne u\u017cytkowanie grunt\u00f3w oraz 4. Odpady.<\/p>\n\n\n\n<p>To, co nie nale\u017cy do \u017cadnej kategorii, to wojna i \u0107wiczenia wojenne.&nbsp;Ponadto nie uwzgl\u0119dnia si\u0119 erupcji wulkan\u00f3w, sprz\u0119tu gospodarstwa domowego, pierdni\u0119\u0107 kr\u00f3w ani rasy.&nbsp;\u015arodkiem do pomiaru jest niewielka pr\u00f3bka gleby i opracowany przez ekspert\u00f3w zestaw wcze\u015bniej ustalonych pomiar\u00f3w emisji.&nbsp;Na dodatek dodaj\u0105 mas\u0119 kremowych szacunk\u00f3w i szczypt\u0119 go\u015bci, aby obliczenia ekspert\u00f3w brzmia\u0142y wiarygodnie!&nbsp;VOILA!<\/p>\n\n\n\n<p>Oczywi\u015bcie wszelkie statystyki pomiarowe sprzed 2006 roku s\u0105 ca\u0142kowicie sfabrykowane, poniewa\u017c metodologia nie zosta\u0142a jeszcze opracowana.&nbsp;Zatem dane por\u00f3wnawcze musia\u0142yby zacz\u0105\u0107 si\u0119 od roku 2006, a nie roku 1850, kiedy po raz pierwszy zmierzono temperatur\u0119: cz\u0142owiek wchodzi\u0142 na statek i podnosi\u0142 w oceanie termostat na bazie rt\u0119ci lub alkoholu.&nbsp;Odczytuj\u0105c temperatur\u0119, zapisywa\u0142 j\u0105 na kartce papieru.&nbsp;I to jest nasz dow\u00f3d historyczny.<\/p>\n\n\n\n<p>Przegl\u0105daj\u0105c list\u0119 autor\u00f3w raportu eksperckiego IPCC z 2019 r., kilku z nich nie dzia\u0142a\u0142o od lat, a niekt\u00f3rzy nawet od 8 lat.&nbsp;Wybieraj\u0105c inne losowe nazwisko, znalaz\u0142em Williama Irvinga z EPA.&nbsp;Podaj\u0105c si\u0119 za specjalist\u0119 ds. ochrony \u015brodowiska, jego studia magisterskie na Uniwersytecie Columbia w 1996 r. widniej\u0105 na li\u015bcie \u201ePolityki \u015brodowiskowej\u201d.&nbsp;Tylko Columbia zacz\u0119\u0142a oferowa\u0107 takie zaj\u0119cia dopiero w 2002 roku.<\/p>\n\n\n\n<p>Pomimo wszystkich tych niesp\u00f3jno\u015bci&nbsp;<em>eksperci<\/em>&nbsp;ustalili, \u017ce od 1970 r. w USA ocieplenie nast\u0105pi\u0142o o 2,6 cala.<\/p>\n\n\n\n<p>W marcu 2023 r. zast\u0119pca sekretarza armii ameryka\u0144skiej ds. wsparcia powiedzia\u0142, \u017ce oddzia\u0142 us\u0142ug post\u0119puje naprz\u00f3d w realizacji plan\u00f3w nabycia&nbsp;&nbsp;<a href=\"https:\/\/breakingdefense.com\/2023\/02\/army-greenlights-electric-light-reconnaissance-vehicle-prototype-buy-in-2024\/\">prototyp\u00f3w elektrycznych lekkich pojazd\u00f3w rozpoznawczych<\/a>&nbsp;&nbsp;w ramach wysi\u0142k\u00f3w na rzecz przyj\u0119cia pojazd\u00f3w elektrycznych.&nbsp;Flota pojazd\u00f3w, kt\u00f3rych produkcja ma wej\u015b\u0107 do produkcji w 2025 r. i zosta\u0107 dostarczona w 2027 r., b\u0119dzie stanowi\u0107 oko\u0142o 10\u201320% wszystkich pojazd\u00f3w, a pozosta\u0142\u0105 cz\u0119\u015b\u0107 b\u0119d\u0105 stanowi\u0107 pojazdy z silnikiem Diesla.&nbsp;Wraz z flot\u0105 b\u0119dzie podr\u00f3\u017cowa\u0107 elektryczna mobilna mikrosie\u0107.&nbsp;Ta sie\u0107 pojazdowa mo\u017ce generowa\u0107 do 100 wat\u00f3w na pojazd, mimo \u017ce wi\u0119kszo\u015b\u0107 ma\u0142ych samochod\u00f3w elektrycznych wymaga od 250 do 400 wat\u00f3w.<\/p>\n\n\n\n<p>Armia jest jednak zdecydowana, \u017ce \u200b\u200bta transformacja jest trwa\u0142a i b\u0119dzie mia\u0142a ogromny wp\u0142yw na klimat do 2035 lub 2050 r. \u2013 w zale\u017cno\u015bci od tego, kt\u00f3re szacunki pasuj\u0105 do schematu.<\/p>\n\n\n\n<p><strong>Clean Technica<\/strong>&nbsp;wsp\u00f3\u0142pracuje z Wojskiem.&nbsp;Ich strona internetowa twierdzi, \u017ce ich tre\u015bci s\u0142u\u017c\u0105&nbsp;<em>\u201ecelom rozrywkowym\u201d<\/em>&nbsp;.&nbsp;CO?<\/p>\n\n\n\n<p>Ekolodge Lennarda na W\u0119grzech emituje 1744 kilogramy dwutlenku w\u0119gla rocznie w 59-letnim mie\u015bcie. Politico wyja\u015bnia to na podstawie swojej wiedzy specjalistycznej.&nbsp;Pracuj\u0105c z koleg\u0105 w Kijowie, szacuj\u0105 liczb\u0119 i rodzaj pocisk\u00f3w, czo\u0142g\u00f3w, samolot\u00f3w itp., kt\u00f3re danego dnia znajduj\u0105 si\u0119 w Kijowie.&nbsp;Z ich raportu przekazanego ONZ wynika, \u017ce \u200b\u200bwojna na Ukrainie powoduje emisj\u0119 120 milion\u00f3w ton dwutlenku w\u0119gla rocznie.&nbsp;W raporcie uwzgl\u0119dniono eksplozj\u0119 ruroci\u0105gu Nord Stream przez wojsko Wielkiej Brytanii i USA.&nbsp;Jest pe\u0142en za\u0142o\u017ce\u0144 i pustych danych.<\/p>\n\n\n\n<p>Celem raportu jest poci\u0105gni\u0119cie Rosji do globalnej odpowiedzialno\u015bci za zmiany klimatyczne.&nbsp;Za inicjatyw\u0105 poci\u0105gni\u0119cia Rosji do odpowiedzialno\u015bci stali zar\u00f3wno Ze\u0142enski, jak i ekspertka Greta Thunberg.&nbsp;Cel?&nbsp;Podnie\u015b\u0107 pieni\u0119\u017cne odszkodowania wojenne.&nbsp;Takie \u015brodki wymaga\u0142yby postawienia przed Mi\u0119dzynarodowym Trybuna\u0142em zarzut\u00f3w za z\u0142amanie przez Rosj\u0119 prawa, zgodnie z kt\u00f3rym MTK stwierdza, \u017ce&nbsp;<em>\u200b\u200b\u201eka\u017cde pa\u0144stwo ma obowi\u0105zek zapobiega\u0107 znacz\u0105cym transgranicznym szkodom dla \u015brodowiska\u201d.<\/em><\/p>\n\n\n\n<p>W tym odwr\u00f3ceniu uwagi s\u0105 dwa ra\u017c\u0105ce b\u0142\u0119dy: 1) to Ukraina z\u0142ama\u0142a prawo, odmawiaj\u0105c przestrzegania Porozumienia Mi\u0144skiego z 2014 r. 2) Puszka Pandory otwiera\u0142aby roszczenia przeciwko armii ameryka\u0144skiej przy ka\u017cdym napadzie na Bliski Wsch\u00f3d i Afryk\u0119.<\/p>\n\n\n\n<p><strong>Jedn\u0105 rzecz\u0105 jest to, \u017ce niekt\u00f3re globalne si\u0142y zbrojne nie przejmuj\u0105 si\u0119 tym, poniewa\u017c wojna to biznes.\u00a0A biznes to pieni\u0105dz, \u0142\u0105cznie ze wszystkimi \u0107wiczeniami wojennymi, kt\u00f3re rozrzedzaj\u0105 zapasy i wymagaj\u0105 wi\u0119kszych wydatk\u00f3w.\u00a0Mimo to ONZ rozwa\u017ca propozycj\u0119 zezwolenia na kontynuacj\u0119 tej sytuacji.<\/strong><\/p>\n\n\n\n<p>Przedruk za zgod\u0105Zrodlo autora, Helena, The Nationalist Voice<\/p>\n\n\n\n<p>\u0179r\u00f3d\u0142o <a href=\"https:\/\/helenaglass.net\/\">https:\/\/helenaglass.net\/<\/a><\/p>\n","protected":false},"excerpt":{"rendered":"<p>WOJNY powoduj\u0105 szkody klimatyczne \u2013 Ukraina chce odszkodowania Bardzo erudycyjne \u201ePolitico\u201d nagle zaniepokoi\u0142o si\u0119 \u201eskutkami klimatycznymi\u201d wojny na Ukrainie.&nbsp;Kto lepiej okre\u015bli wielko\u015b\u0107 emisji gaz\u00f3w cieplarnianych podczas wojny ni\u017c Lennard de Klerk, dyplomowany in\u017cynier elektryk prowadz\u0105cy ekolodge na W\u0119grzech.&nbsp;Nie martw si\u0119,&#8230; <\/p>\n","protected":false},"author":2,"featured_media":4462,"comment_status":"open","ping_status":"open","sticky":false,"template":"","format":"standard","meta":{"_acf_changed":false,"_bbp_topic_count":0,"_bbp_reply_count":0,"_bbp_total_topic_count":0,"_bbp_total_reply_count":0,"_bbp_voice_count":0,"_bbp_anonymous_reply_count":0,"_bbp_topic_count_hidden":0,"_bbp_reply_count_hidden":0,"_bbp_forum_subforum_count":0,"om_disable_all_campaigns":false,"_monsterinsights_skip_tracking":false,"footnotes":""},"categories":[93],"tags":[],"class_list":["post-4460","post","type-post","status-publish","format-standard","has-post-thumbnail","hentry","category-artykuly"],"acf":[],"aioseo_notices":[],"aioseo_head":"\n\t\t<!-- All in One SEO 5.0.1.1 - aioseo.com -->\n\t<meta name=\"description\" content=\"WOJNY powoduj\u0105 szkody klimatyczne \u2013 Ukraina chce odszkodowania Bardzo erudycyjne \u201ePolitico\u201d nagle zaniepokoi\u0142o si\u0119 \u201eskutkami klimatycznymi\u201d wojny na Ukrainie. Kto lepiej okre\u015bli wielko\u015b\u0107 emisji gaz\u00f3w cieplarnianych podczas wojny ni\u017c Lennard de Klerk, dyplomowany in\u017cynier elektryk prowadz\u0105cy ekolodge na W\u0119grzech. Nie martw si\u0119, twierdzi, \u017ce jego najwa\u017cniejsze umiej\u0119tno\u015bci obejmuj\u0105: wojskowe zmiany klimatyczne \u2022 \u015alad w\u0119glowy \u2022 Gaz cieplarniany\" \/>\n\t<meta name=\"robots\" content=\"max-image-preview:large\" \/>\n\t<meta name=\"author\" content=\"trinity\"\/>\n\t<link rel=\"canonical\" href=\"https:\/\/wia.net.pl\/index.php\/2023\/09\/10\/wojny-powoduja-szkody-klimatyczne\/\" \/>\n\t<meta name=\"generator\" content=\"All in One SEO (AIOSEO) 5.0.1.1\" \/>\n\t\t<meta property=\"og:locale\" content=\"pl_PL\" \/>\n\t\t<meta property=\"og:site_name\" content=\"Wolno\u015b\u0107 i Anarchia - Ka\u017cdy wewn\u0119trznie jest anarchist\u0105.\" \/>\n\t\t<meta property=\"og:type\" content=\"article\" \/>\n\t\t<meta property=\"og:title\" content=\"WOJNY powoduj\u0105 szkody klimatyczne - Wolno\u015b\u0107 i Anarchia\" \/>\n\t\t<meta property=\"og:description\" content=\"WOJNY powoduj\u0105 szkody klimatyczne \u2013 Ukraina chce odszkodowania Bardzo erudycyjne \u201ePolitico\u201d nagle zaniepokoi\u0142o si\u0119 \u201eskutkami klimatycznymi\u201d wojny na Ukrainie. Kto lepiej okre\u015bli wielko\u015b\u0107 emisji gaz\u00f3w cieplarnianych podczas wojny ni\u017c Lennard de Klerk, dyplomowany in\u017cynier elektryk prowadz\u0105cy ekolodge na W\u0119grzech. Nie martw si\u0119, twierdzi, \u017ce jego najwa\u017cniejsze umiej\u0119tno\u015bci obejmuj\u0105: wojskowe zmiany klimatyczne \u2022 \u015alad w\u0119glowy \u2022 Gaz cieplarniany\" \/>\n\t\t<meta property=\"og:url\" content=\"https:\/\/wia.net.pl\/index.php\/2023\/09\/10\/wojny-powoduja-szkody-klimatyczne\/\" \/>\n\t\t<meta property=\"og:image\" content=\"https:\/\/wia.net.pl\/wp-content\/uploads\/2023\/11\/cropped-freedom-i73367.jpg\" \/>\n\t\t<meta property=\"og:image:secure_url\" content=\"https:\/\/wia.net.pl\/wp-content\/uploads\/2023\/11\/cropped-freedom-i73367.jpg\" \/>\n\t\t<meta property=\"article:published_time\" content=\"2023-09-09T23:33:13+00:00\" \/>\n\t\t<meta property=\"article:modified_time\" content=\"2023-09-09T23:33:14+00:00\" \/>\n\t\t<meta name=\"twitter:card\" content=\"summary_large_image\" \/>\n\t\t<meta name=\"twitter:title\" content=\"WOJNY powoduj\u0105 szkody klimatyczne - Wolno\u015b\u0107 i Anarchia\" \/>\n\t\t<meta name=\"twitter:description\" content=\"WOJNY powoduj\u0105 szkody klimatyczne \u2013 Ukraina chce odszkodowania Bardzo erudycyjne \u201ePolitico\u201d nagle zaniepokoi\u0142o si\u0119 \u201eskutkami klimatycznymi\u201d wojny na Ukrainie. Kto lepiej okre\u015bli wielko\u015b\u0107 emisji gaz\u00f3w cieplarnianych podczas wojny ni\u017c Lennard de Klerk, dyplomowany in\u017cynier elektryk prowadz\u0105cy ekolodge na W\u0119grzech. Nie martw si\u0119, twierdzi, \u017ce jego najwa\u017cniejsze umiej\u0119tno\u015bci obejmuj\u0105: wojskowe zmiany klimatyczne \u2022 \u015alad w\u0119glowy \u2022 Gaz cieplarniany\" \/>\n\t\t<meta name=\"twitter:image\" content=\"https:\/\/wia.net.pl\/wp-content\/uploads\/2023\/11\/cropped-freedom-i73367.jpg\" \/>\n\t\t<script type=\"application\/ld+json\" class=\"aioseo-schema\">\n\t\t\t{\"@context\":\"https:\\\/\\\/schema.org\",\"@graph\":[{\"@type\":\"BlogPosting\",\"@id\":\"https:\\\/\\\/wia.net.pl\\\/index.php\\\/2023\\\/09\\\/10\\\/wojny-powoduja-szkody-klimatyczne\\\/#blogposting\",\"name\":\"WOJNY powoduj\\u0105 szkody klimatyczne - Wolno\\u015b\\u0107 i Anarchia\",\"headline\":\"WOJNY powoduj\\u0105 szkody klimatyczne\",\"author\":{\"@id\":\"https:\\\/\\\/wia.net.pl\\\/index.php\\\/author\\\/trinity\\\/#author\"},\"publisher\":{\"@id\":\"https:\\\/\\\/wia.net.pl\\\/#person\"},\"image\":{\"@type\":\"ImageObject\",\"url\":\"https:\\\/\\\/wia.net.pl\\\/wp-content\\\/uploads\\\/2023\\\/09\\\/war-952967_1280.jpg\",\"width\":1280,\"height\":905},\"datePublished\":\"2023-09-10T01:33:13+02:00\",\"dateModified\":\"2023-09-10T01:33:14+02:00\",\"inLanguage\":\"pl-PL\",\"mainEntityOfPage\":{\"@id\":\"https:\\\/\\\/wia.net.pl\\\/index.php\\\/2023\\\/09\\\/10\\\/wojny-powoduja-szkody-klimatyczne\\\/#webpage\"},\"isPartOf\":{\"@id\":\"https:\\\/\\\/wia.net.pl\\\/index.php\\\/2023\\\/09\\\/10\\\/wojny-powoduja-szkody-klimatyczne\\\/#webpage\"},\"articleSection\":\"Artyku\\u0142y\"},{\"@type\":\"BreadcrumbList\",\"@id\":\"https:\\\/\\\/wia.net.pl\\\/index.php\\\/2023\\\/09\\\/10\\\/wojny-powoduja-szkody-klimatyczne\\\/#breadcrumblist\",\"itemListElement\":[{\"@type\":\"ListItem\",\"@id\":\"https:\\\/\\\/wia.net.pl#listItem\",\"position\":1,\"name\":\"Home\",\"item\":\"https:\\\/\\\/wia.net.pl\",\"nextItem\":{\"@type\":\"ListItem\",\"@id\":\"https:\\\/\\\/wia.net.pl\\\/index.php\\\/category\\\/artykuly\\\/#listItem\",\"name\":\"Artyku\\u0142y\"}},{\"@type\":\"ListItem\",\"@id\":\"https:\\\/\\\/wia.net.pl\\\/index.php\\\/category\\\/artykuly\\\/#listItem\",\"position\":2,\"name\":\"Artyku\\u0142y\",\"item\":\"https:\\\/\\\/wia.net.pl\\\/index.php\\\/category\\\/artykuly\\\/\",\"nextItem\":{\"@type\":\"ListItem\",\"@id\":\"https:\\\/\\\/wia.net.pl\\\/index.php\\\/2023\\\/09\\\/10\\\/wojny-powoduja-szkody-klimatyczne\\\/#listItem\",\"name\":\"WOJNY powoduj\\u0105 szkody klimatyczne\"},\"previousItem\":{\"@type\":\"ListItem\",\"@id\":\"https:\\\/\\\/wia.net.pl#listItem\",\"name\":\"Home\"}},{\"@type\":\"ListItem\",\"@id\":\"https:\\\/\\\/wia.net.pl\\\/index.php\\\/2023\\\/09\\\/10\\\/wojny-powoduja-szkody-klimatyczne\\\/#listItem\",\"position\":3,\"name\":\"WOJNY powoduj\\u0105 szkody klimatyczne\",\"previousItem\":{\"@type\":\"ListItem\",\"@id\":\"https:\\\/\\\/wia.net.pl\\\/index.php\\\/category\\\/artykuly\\\/#listItem\",\"name\":\"Artyku\\u0142y\"}}]},{\"@type\":\"Person\",\"@id\":\"https:\\\/\\\/wia.net.pl\\\/#person\",\"name\":\"Bart\\u0142omiej Talarczyk\",\"image\":{\"@type\":\"ImageObject\",\"@id\":\"https:\\\/\\\/wia.net.pl\\\/index.php\\\/2023\\\/09\\\/10\\\/wojny-powoduja-szkody-klimatyczne\\\/#personImage\",\"url\":\"https:\\\/\\\/wia.net.pl\\\/wp-content\\\/uploads\\\/avatar-privacy\\\/cache\\\/user\\\/1\\\/7\\\/176a6b161c58363ff49b5c167264231f519f5c7fa183ca1f61e891769b6b56d5-96.jpg\",\"width\":96,\"height\":96,\"caption\":\"Bart\\u0142omiej Talarczyk\"}},{\"@type\":\"Person\",\"@id\":\"https:\\\/\\\/wia.net.pl\\\/index.php\\\/author\\\/trinity\\\/#author\",\"url\":\"https:\\\/\\\/wia.net.pl\\\/index.php\\\/author\\\/trinity\\\/\",\"name\":\"trinity\",\"image\":{\"@type\":\"ImageObject\",\"@id\":\"https:\\\/\\\/wia.net.pl\\\/index.php\\\/2023\\\/09\\\/10\\\/wojny-powoduja-szkody-klimatyczne\\\/#authorImage\",\"url\":\"https:\\\/\\\/wia.net.pl\\\/wp-content\\\/uploads\\\/avatar-privacy\\\/cache\\\/user\\\/5\\\/f\\\/5f6547cf82495eaa10e100a6a45d5dbde2dfdc1be88557de2018fca705bdf6f1-96.jpg\",\"width\":96,\"height\":96,\"caption\":\"trinity\"}},{\"@type\":\"WebPage\",\"@id\":\"https:\\\/\\\/wia.net.pl\\\/index.php\\\/2023\\\/09\\\/10\\\/wojny-powoduja-szkody-klimatyczne\\\/#webpage\",\"url\":\"https:\\\/\\\/wia.net.pl\\\/index.php\\\/2023\\\/09\\\/10\\\/wojny-powoduja-szkody-klimatyczne\\\/\",\"name\":\"WOJNY powoduj\\u0105 szkody klimatyczne - Wolno\\u015b\\u0107 i Anarchia\",\"description\":\"WOJNY powoduj\\u0105 szkody klimatyczne \\u2013 Ukraina chce odszkodowania Bardzo erudycyjne \\u201ePolitico\\u201d nagle zaniepokoi\\u0142o si\\u0119 \\u201eskutkami klimatycznymi\\u201d wojny na Ukrainie. Kto lepiej okre\\u015bli wielko\\u015b\\u0107 emisji gaz\\u00f3w cieplarnianych podczas wojny ni\\u017c Lennard de Klerk, dyplomowany in\\u017cynier elektryk prowadz\\u0105cy ekolodge na W\\u0119grzech. Nie martw si\\u0119, twierdzi, \\u017ce jego najwa\\u017cniejsze umiej\\u0119tno\\u015bci obejmuj\\u0105: wojskowe zmiany klimatyczne \\u2022 \\u015alad w\\u0119glowy \\u2022 Gaz cieplarniany\",\"inLanguage\":\"pl-PL\",\"isPartOf\":{\"@id\":\"https:\\\/\\\/wia.net.pl\\\/#website\"},\"breadcrumb\":{\"@id\":\"https:\\\/\\\/wia.net.pl\\\/index.php\\\/2023\\\/09\\\/10\\\/wojny-powoduja-szkody-klimatyczne\\\/#breadcrumblist\"},\"author\":{\"@id\":\"https:\\\/\\\/wia.net.pl\\\/index.php\\\/author\\\/trinity\\\/#author\"},\"creator\":{\"@id\":\"https:\\\/\\\/wia.net.pl\\\/index.php\\\/author\\\/trinity\\\/#author\"},\"image\":{\"@type\":\"ImageObject\",\"url\":\"https:\\\/\\\/wia.net.pl\\\/wp-content\\\/uploads\\\/2023\\\/09\\\/war-952967_1280.jpg\",\"@id\":\"https:\\\/\\\/wia.net.pl\\\/index.php\\\/2023\\\/09\\\/10\\\/wojny-powoduja-szkody-klimatyczne\\\/#mainImage\",\"width\":1280,\"height\":905},\"primaryImageOfPage\":{\"@id\":\"https:\\\/\\\/wia.net.pl\\\/index.php\\\/2023\\\/09\\\/10\\\/wojny-powoduja-szkody-klimatyczne\\\/#mainImage\"},\"datePublished\":\"2023-09-10T01:33:13+02:00\",\"dateModified\":\"2023-09-10T01:33:14+02:00\"},{\"@type\":\"WebSite\",\"@id\":\"https:\\\/\\\/wia.net.pl\\\/#website\",\"url\":\"https:\\\/\\\/wia.net.pl\\\/\",\"name\":\"Wolno\\u015b\\u0107 i Anarchia\",\"description\":\"Ka\\u017cdy wewn\\u0119trznie jest anarchist\\u0105.\",\"inLanguage\":\"pl-PL\",\"publisher\":{\"@id\":\"https:\\\/\\\/wia.net.pl\\\/#person\"}}]}\n\t\t<\/script>\n\t\t<!-- All in One SEO -->\n\n","aioseo_head_json":{"title":"WOJNY powoduj\u0105 szkody klimatyczne - Wolno\u015b\u0107 i Anarchia","description":"WOJNY powoduj\u0105 szkody klimatyczne \u2013 Ukraina chce odszkodowania Bardzo erudycyjne \u201ePolitico\u201d nagle zaniepokoi\u0142o si\u0119 \u201eskutkami klimatycznymi\u201d wojny na Ukrainie. Kto lepiej okre\u015bli wielko\u015b\u0107 emisji gaz\u00f3w cieplarnianych podczas wojny ni\u017c Lennard de Klerk, dyplomowany in\u017cynier elektryk prowadz\u0105cy ekolodge na W\u0119grzech. Nie martw si\u0119, twierdzi, \u017ce jego najwa\u017cniejsze umiej\u0119tno\u015bci obejmuj\u0105: wojskowe zmiany klimatyczne \u2022 \u015alad w\u0119glowy \u2022 Gaz cieplarniany","canonical_url":"https:\/\/wia.net.pl\/index.php\/2023\/09\/10\/wojny-powoduja-szkody-klimatyczne\/","robots":"max-image-preview:large","keywords":"","webmasterTools":{"miscellaneous":""},"schema":{"@context":"https:\/\/schema.org","@graph":[{"@type":"BlogPosting","@id":"https:\/\/wia.net.pl\/index.php\/2023\/09\/10\/wojny-powoduja-szkody-klimatyczne\/#blogposting","name":"WOJNY powoduj\u0105 szkody klimatyczne - Wolno\u015b\u0107 i Anarchia","headline":"WOJNY powoduj\u0105 szkody klimatyczne","author":{"@id":"https:\/\/wia.net.pl\/index.php\/author\/trinity\/#author"},"publisher":{"@id":"https:\/\/wia.net.pl\/#person"},"image":{"@type":"ImageObject","url":"https:\/\/wia.net.pl\/wp-content\/uploads\/2023\/09\/war-952967_1280.jpg","width":1280,"height":905},"datePublished":"2023-09-10T01:33:13+02:00","dateModified":"2023-09-10T01:33:14+02:00","inLanguage":"pl-PL","mainEntityOfPage":{"@id":"https:\/\/wia.net.pl\/index.php\/2023\/09\/10\/wojny-powoduja-szkody-klimatyczne\/#webpage"},"isPartOf":{"@id":"https:\/\/wia.net.pl\/index.php\/2023\/09\/10\/wojny-powoduja-szkody-klimatyczne\/#webpage"},"articleSection":"Artyku\u0142y"},{"@type":"BreadcrumbList","@id":"https:\/\/wia.net.pl\/index.php\/2023\/09\/10\/wojny-powoduja-szkody-klimatyczne\/#breadcrumblist","itemListElement":[{"@type":"ListItem","@id":"https:\/\/wia.net.pl#listItem","position":1,"name":"Home","item":"https:\/\/wia.net.pl","nextItem":{"@type":"ListItem","@id":"https:\/\/wia.net.pl\/index.php\/category\/artykuly\/#listItem","name":"Artyku\u0142y"}},{"@type":"ListItem","@id":"https:\/\/wia.net.pl\/index.php\/category\/artykuly\/#listItem","position":2,"name":"Artyku\u0142y","item":"https:\/\/wia.net.pl\/index.php\/category\/artykuly\/","nextItem":{"@type":"ListItem","@id":"https:\/\/wia.net.pl\/index.php\/2023\/09\/10\/wojny-powoduja-szkody-klimatyczne\/#listItem","name":"WOJNY powoduj\u0105 szkody klimatyczne"},"previousItem":{"@type":"ListItem","@id":"https:\/\/wia.net.pl#listItem","name":"Home"}},{"@type":"ListItem","@id":"https:\/\/wia.net.pl\/index.php\/2023\/09\/10\/wojny-powoduja-szkody-klimatyczne\/#listItem","position":3,"name":"WOJNY powoduj\u0105 szkody klimatyczne","previousItem":{"@type":"ListItem","@id":"https:\/\/wia.net.pl\/index.php\/category\/artykuly\/#listItem","name":"Artyku\u0142y"}}]},{"@type":"Person","@id":"https:\/\/wia.net.pl\/#person","name":"Bart\u0142omiej Talarczyk","image":{"@type":"ImageObject","@id":"https:\/\/wia.net.pl\/index.php\/2023\/09\/10\/wojny-powoduja-szkody-klimatyczne\/#personImage","url":"https:\/\/wia.net.pl\/wp-content\/uploads\/avatar-privacy\/cache\/user\/1\/7\/176a6b161c58363ff49b5c167264231f519f5c7fa183ca1f61e891769b6b56d5-96.jpg","width":96,"height":96,"caption":"Bart\u0142omiej Talarczyk"}},{"@type":"Person","@id":"https:\/\/wia.net.pl\/index.php\/author\/trinity\/#author","url":"https:\/\/wia.net.pl\/index.php\/author\/trinity\/","name":"trinity","image":{"@type":"ImageObject","@id":"https:\/\/wia.net.pl\/index.php\/2023\/09\/10\/wojny-powoduja-szkody-klimatyczne\/#authorImage","url":"https:\/\/wia.net.pl\/wp-content\/uploads\/avatar-privacy\/cache\/user\/5\/f\/5f6547cf82495eaa10e100a6a45d5dbde2dfdc1be88557de2018fca705bdf6f1-96.jpg","width":96,"height":96,"caption":"trinity"}},{"@type":"WebPage","@id":"https:\/\/wia.net.pl\/index.php\/2023\/09\/10\/wojny-powoduja-szkody-klimatyczne\/#webpage","url":"https:\/\/wia.net.pl\/index.php\/2023\/09\/10\/wojny-powoduja-szkody-klimatyczne\/","name":"WOJNY powoduj\u0105 szkody klimatyczne - Wolno\u015b\u0107 i Anarchia","description":"WOJNY powoduj\u0105 szkody klimatyczne \u2013 Ukraina chce odszkodowania Bardzo erudycyjne \u201ePolitico\u201d nagle zaniepokoi\u0142o si\u0119 \u201eskutkami klimatycznymi\u201d wojny na Ukrainie. Kto lepiej okre\u015bli wielko\u015b\u0107 emisji gaz\u00f3w cieplarnianych podczas wojny ni\u017c Lennard de Klerk, dyplomowany in\u017cynier elektryk prowadz\u0105cy ekolodge na W\u0119grzech. Nie martw si\u0119, twierdzi, \u017ce jego najwa\u017cniejsze umiej\u0119tno\u015bci obejmuj\u0105: wojskowe zmiany klimatyczne \u2022 \u015alad w\u0119glowy \u2022 Gaz cieplarniany","inLanguage":"pl-PL","isPartOf":{"@id":"https:\/\/wia.net.pl\/#website"},"breadcrumb":{"@id":"https:\/\/wia.net.pl\/index.php\/2023\/09\/10\/wojny-powoduja-szkody-klimatyczne\/#breadcrumblist"},"author":{"@id":"https:\/\/wia.net.pl\/index.php\/author\/trinity\/#author"},"creator":{"@id":"https:\/\/wia.net.pl\/index.php\/author\/trinity\/#author"},"image":{"@type":"ImageObject","url":"https:\/\/wia.net.pl\/wp-content\/uploads\/2023\/09\/war-952967_1280.jpg","@id":"https:\/\/wia.net.pl\/index.php\/2023\/09\/10\/wojny-powoduja-szkody-klimatyczne\/#mainImage","width":1280,"height":905},"primaryImageOfPage":{"@id":"https:\/\/wia.net.pl\/index.php\/2023\/09\/10\/wojny-powoduja-szkody-klimatyczne\/#mainImage"},"datePublished":"2023-09-10T01:33:13+02:00","dateModified":"2023-09-10T01:33:14+02:00"},{"@type":"WebSite","@id":"https:\/\/wia.net.pl\/#website","url":"https:\/\/wia.net.pl\/","name":"Wolno\u015b\u0107 i Anarchia","description":"Ka\u017cdy wewn\u0119trznie jest anarchist\u0105.","inLanguage":"pl-PL","publisher":{"@id":"https:\/\/wia.net.pl\/#person"}}]},"og:locale":"pl_PL","og:site_name":"Wolno\u015b\u0107 i Anarchia - Ka\u017cdy wewn\u0119trznie jest anarchist\u0105.","og:type":"article","og:title":"WOJNY powoduj\u0105 szkody klimatyczne - Wolno\u015b\u0107 i Anarchia","og:description":"WOJNY powoduj\u0105 szkody klimatyczne \u2013 Ukraina chce odszkodowania Bardzo erudycyjne \u201ePolitico\u201d nagle zaniepokoi\u0142o si\u0119 \u201eskutkami klimatycznymi\u201d wojny na Ukrainie. Kto lepiej okre\u015bli wielko\u015b\u0107 emisji gaz\u00f3w cieplarnianych podczas wojny ni\u017c Lennard de Klerk, dyplomowany in\u017cynier elektryk prowadz\u0105cy ekolodge na W\u0119grzech. Nie martw si\u0119, twierdzi, \u017ce jego najwa\u017cniejsze umiej\u0119tno\u015bci obejmuj\u0105: wojskowe zmiany klimatyczne \u2022 \u015alad w\u0119glowy \u2022 Gaz cieplarniany","og:url":"https:\/\/wia.net.pl\/index.php\/2023\/09\/10\/wojny-powoduja-szkody-klimatyczne\/","og:image":"https:\/\/wia.net.pl\/wp-content\/uploads\/2023\/11\/cropped-freedom-i73367.jpg","og:image:secure_url":"https:\/\/wia.net.pl\/wp-content\/uploads\/2023\/11\/cropped-freedom-i73367.jpg","article:published_time":"2023-09-09T23:33:13+00:00","article:modified_time":"2023-09-09T23:33:14+00:00","twitter:card":"summary_large_image","twitter:title":"WOJNY powoduj\u0105 szkody klimatyczne - Wolno\u015b\u0107 i Anarchia","twitter:description":"WOJNY powoduj\u0105 szkody klimatyczne \u2013 Ukraina chce odszkodowania Bardzo erudycyjne \u201ePolitico\u201d nagle zaniepokoi\u0142o si\u0119 \u201eskutkami klimatycznymi\u201d wojny na Ukrainie. Kto lepiej okre\u015bli wielko\u015b\u0107 emisji gaz\u00f3w cieplarnianych podczas wojny ni\u017c Lennard de Klerk, dyplomowany in\u017cynier elektryk prowadz\u0105cy ekolodge na W\u0119grzech. Nie martw si\u0119, twierdzi, \u017ce jego najwa\u017cniejsze umiej\u0119tno\u015bci obejmuj\u0105: wojskowe zmiany klimatyczne \u2022 \u015alad w\u0119glowy \u2022 Gaz cieplarniany","twitter:image":"https:\/\/wia.net.pl\/wp-content\/uploads\/2023\/11\/cropped-freedom-i73367.jpg"},"aioseo_meta_data":{"post_id":"4460","title":null,"description":null,"keywords":[],"keyphrases":{"focus":{"keyphrase":"","score":0,"analysis":{"keyphraseInTitle":{"score":0,"maxScore":9,"error":1}}},"additional":[]},"primary_term":null,"canonical_url":null,"og_title":null,"og_description":null,"og_object_type":"default","og_image_type":"default","og_image_url":null,"og_image_width":null,"og_image_height":null,"og_image_custom_url":null,"og_image_custom_fields":null,"og_video":"","og_custom_url":null,"og_article_section":null,"og_article_tags":[],"twitter_use_og":false,"twitter_card":"default","twitter_image_type":"default","twitter_image_url":null,"twitter_image_custom_url":null,"twitter_image_custom_fields":null,"twitter_title":null,"twitter_description":null,"schema":{"blockGraphs":[],"customGraphs":[],"default":{"data":{"Article":[],"Course":[],"Dataset":[],"FAQPage":[],"Movie":[],"Person":[],"Product":[],"ProductReview":[],"Car":[],"Recipe":[],"Service":[],"SoftwareApplication":[],"WebPage":[]},"graphName":"BlogPosting","isEnabled":true},"graphs":[]},"schema_type":"default","schema_type_options":null,"pillar_content":false,"robots_default":true,"robots_noindex":false,"robots_noarchive":false,"robots_nosnippet":false,"robots_nofollow":false,"robots_noimageindex":false,"robots_noodp":false,"robots_notranslate":false,"robots_max_snippet":"-1","robots_max_videopreview":"-1","robots_max_imagepreview":"large","priority":null,"frequency":"default","local_seo":null,"breadcrumb_settings":null,"limit_modified_date":false,"ai":null,"created":"2023-09-09 23:33:14","updated":"2025-06-04 09:16:34","seo_analyzer_scan_date":null,"focus_keyword":null,"additional_keywords":null,"truseo_locale":null},"aioseo_breadcrumb":"<div class=\"aioseo-breadcrumbs\"><span class=\"aioseo-breadcrumb\">\n\t\t\t<a href=\"https:\/\/wia.net.pl\" title=\"Home\">Home<\/a>\n\t\t<\/span><span class=\"aioseo-breadcrumb-separator\">&raquo;<\/span><span class=\"aioseo-breadcrumb\">\n\t\t\t<a href=\"https:\/\/wia.net.pl\/index.php\/category\/artykuly\/\" title=\"Artyku\u0142y\">Artyku\u0142y<\/a>\n\t\t<\/span><span class=\"aioseo-breadcrumb-separator\">&raquo;<\/span><span class=\"aioseo-breadcrumb\">\n\t\t\tWOJNY powoduj\u0105 szkody klimatyczne\n\t\t<\/span><\/div>","aioseo_breadcrumb_json":[{"label":"Home","link":"https:\/\/wia.net.pl"},{"label":"Artyku\u0142y","link":"https:\/\/wia.net.pl\/index.php\/category\/artykuly\/"},{"label":"WOJNY powoduj\u0105 szkody klimatyczne","link":"https:\/\/wia.net.pl\/index.php\/2023\/09\/10\/wojny-powoduja-szkody-klimatyczne\/"}],"_links":{"self":[{"href":"https:\/\/wia.net.pl\/index.php\/wp-json\/wp\/v2\/posts\/4460"}],"collection":[{"href":"https:\/\/wia.net.pl\/index.php\/wp-json\/wp\/v2\/posts"}],"about":[{"href":"https:\/\/wia.net.pl\/index.php\/wp-json\/wp\/v2\/types\/post"}],"author":[{"embeddable":true,"href":"https:\/\/wia.net.pl\/index.php\/wp-json\/wp\/v2\/users\/2"}],"replies":[{"embeddable":true,"href":"https:\/\/wia.net.pl\/index.php\/wp-json\/wp\/v2\/comments?post=4460"}],"version-history":[{"count":1,"href":"https:\/\/wia.net.pl\/index.php\/wp-json\/wp\/v2\/posts\/4460\/revisions"}],"predecessor-version":[{"id":4463,"href":"https:\/\/wia.net.pl\/index.php\/wp-json\/wp\/v2\/posts\/4460\/revisions\/4463"}],"wp:featuredmedia":[{"embeddable":true,"href":"https:\/\/wia.net.pl\/index.php\/wp-json\/wp\/v2\/media\/4462"}],"wp:attachment":[{"href":"https:\/\/wia.net.pl\/index.php\/wp-json\/wp\/v2\/media?parent=4460"}],"wp:term":[{"taxonomy":"category","embeddable":true,"href":"https:\/\/wia.net.pl\/index.php\/wp-json\/wp\/v2\/categories?post=4460"},{"taxonomy":"post_tag","embeddable":true,"href":"https:\/\/wia.net.pl\/index.php\/wp-json\/wp\/v2\/tags?post=4460"}],"curies":[{"name":"wp","href":"https:\/\/api.w.org\/{rel}","templated":true}]}}