{"id":4498,"date":"2023-09-12T21:54:37","date_gmt":"2023-09-12T19:54:37","guid":{"rendered":"https:\/\/wia.net.pl\/?p=4498"},"modified":"2023-09-12T21:54:38","modified_gmt":"2023-09-12T19:54:38","slug":"geotermia-zamiast-zatlaczania-co2-pod-ziemie-inz-teresa-adamska","status":"publish","type":"post","link":"https:\/\/wia.net.pl\/index.php\/2023\/09\/12\/geotermia-zamiast-zatlaczania-co2-pod-ziemie-inz-teresa-adamska\/","title":{"rendered":"GEOTERMIA ZAMIAST ZAT\u0141ACZANIA CO2 POD ZIEMI\u0118 &#8211; IN\u017b. TERESA ADAMSKA"},"content":{"rendered":"\n<figure class=\"wp-block-embed is-type-video is-provider-youtube wp-block-embed-youtube wp-embed-aspect-16-9 wp-has-aspect-ratio\"><div class=\"wp-block-embed__wrapper\">\n<iframe loading=\"lazy\" title=\"GEOTERMIA ZAMIAST ZAT\u0141ACZANIA CO2 POD ZIEMI\u0118 - IN\u017b. TERESA ADAMSKA\" width=\"858\" height=\"483\" src=\"https:\/\/www.youtube.com\/embed\/jEfGPbmEwpw?feature=oembed\" frameborder=\"0\" allow=\"accelerometer; autoplay; clipboard-write; encrypted-media; gyroscope; picture-in-picture; web-share\" allowfullscreen><\/iframe>\n<\/div><\/figure>\n\n\n\n<p>Prezydent podpisa\u0142 haniebn\u0105 ustaw\u0119 o zmianach w prawie geologicznym i g\u00f3rniczym. Mamy par\u0119 tygodni na zablokowanie jej namawiaj\u0105c senator\u00f3w do skierowania jej do Trybuna\u0142u Konstytucyjnego. R\u00f3wnolegle samorz\u0105dy mog\u0105 zabezpiecza\u0107 swoich mieszka\u0144c\u00f3w podejmuj\u0105c w trybie pilnym uchwa\u0142y o wykorzystaniu geotermii na ich terenie, co wyklucza zat\u0142aczanie tam CO2 pod ziemi\u0119. Czasu niewiele, bo tylko do momentu wej\u015bcia w \u017cycie ustawy. W materiale in\u017c. Teresa Adamska wyja\u015bnia, jak to skutecznie przeprowadzi\u0107. KONTAKT DO IN\u017b. TERESY ADAMSKIEJ: teresa.adamska55@gmail.com LINKI DO FILMU NA RUMBLE I ODYSEE: <a href=\"https:\/\/www.youtube.com\/redirect?event=video_description&amp;redir_token=QUFFLUhqa28zSkdCUDhzQXBLMjdDT1lfTEtOTUtkRXktZ3xBQ3Jtc0ttY0t1eTNwRzhud2t1M3RzRnFHUmlwblR6dTY4cmNha0U4cXo4TWJfTGVqR05xV3NhbjJ3dUNCMTdBNVJPU1FkaEZ6ekRzT0wtNlFwWjZlbV9Menl2N3dHRUNCZzRFUnlBTFlfV1g1WDRfZU9GR2lmVQ&amp;q=https%3A%2F%2Frumble.com%2Fv3h1i6s-geotermia-zamiast-zataczania-co2-pod-ziemi.html&amp;v=jEfGPbmEwpw\" target=\"_blank\" rel=\"noreferrer noopener\">https:\/\/rumble.com\/v3h1i6s-geotermia-&#8230;<\/a><a href=\"https:\/\/www.youtube.com\/redirect?event=video_description&amp;redir_token=QUFFLUhqbUdLcFRxUGtZejhBd2ZGbEY5SlFsWlJGZURGQXxBQ3Jtc0ttT1lKSUM5R1Z5SFVBNmFaS2lmMVhxMlhxZ3NHNG1QSVkzQ1NoSHg1MmJfYlE2N1RwX0pkaThwbzF4QTJwdDlWYmRoQlVmcmNRVmpwZTU4WG4wajFzbGtPbEY3aWZ0TmlEaUJLT1k3NHotY3pSWEdhaw&amp;q=https%3A%2F%2Fodysee.com%2F%40EwaPawela%3A5%2FGEOTERMIA-ZAMIAST-ZAT%25C5%2581ACZANIA-CO2-POD-ZIEMI%25C4%2598---IN%25C5%25BB.-TERESA-ADAMSKA%3A6&amp;v=jEfGPbmEwpw\" target=\"_blank\" rel=\"noreferrer noopener\">https:\/\/odysee.com\/@EwaPawela:5\/GEOTE&#8230;<\/a> LINKI DO MATERIA\u0141U: <a href=\"https:\/\/www.youtube.com\/watch?v=y531wFI7KQ8&amp;t=0s\">\u00a0\u00a0\u00a0\u2022\u00a0Podziemne\u00a0krematoria\u00a0w\u00a0Polsce.\u00a0Powsze&#8230;\u00a0\u00a0<\/a><a href=\"https:\/\/www.youtube.com\/watch?v=hV_hrkMJAe8&amp;t=40s\">\u00a0\u00a0\u00a0\u2022\u00a0Polska\u00a0bez\u00a0podatk\u00f3w.\u00a0Arabia\u00a0Saudyjska&#8230;\u00a0\u00a0<\/a><a href=\"https:\/\/www.youtube.com\/watch?v=43NqKLO8nkI&amp;t=756s\">\u00a0\u00a0\u00a0\u2022\u00a014.\u00a0PILNE!\u00a0LARUM\u00a0GRAJ\u0104!|Monika\u00a0Cichoc&#8230;\u00a0\u00a0<\/a><a href=\"https:\/\/www.youtube.com\/watch?v=VKkYDBN92No&amp;t=2s\">\u00a0\u00a0\u00a0\u2022\u00a0LIVE\u00a0|\u00a0LARUM\u00a0GRAJ\u0104!\u00a0CZ.IV\u00a0|\u00a0Monika\u00a0Ci&#8230;\u00a0\u00a0<\/a><a href=\"https:\/\/www.youtube.com\/redirect?event=video_description&amp;redir_token=QUFFLUhqbmFvcXVwdjg5QUJQaDJzdE0weC1JWER1RnM2UXxBQ3Jtc0traDJ1bHo4NGhtSXlEOVZCZERudjI4bDhaNW9Yb1l6VDJoelUwWWl4LW0xMFZpeGZLQTNpTmN5Tjh1a1pwSGJ4VkF6ZUlwc0hyV28tbjFPNHdGcTJBVjVvb0dmcTN6bVRjZmozT3pQSThkRUJfMXB3UQ&amp;q=https%3A%2F%2Fpl1.tv%2Ftitle%2Fto-jest-ostatni-rozbior-polski-jezeli-ta-ustawa-zostanie-przeglosowana-polacy-beda-wywlaszczeni-bez-odszkodowania%2F&amp;v=jEfGPbmEwpw\" target=\"_blank\" rel=\"noreferrer noopener\">https:\/\/pl1.tv\/title\/to-jest-ostatni-&#8230;<\/a><\/p>\n\n\n\n<p>Za zgod\u0105 Ewy Paweli<\/p>\n\n\n\n<p>Kontrola umys\u0142u &#8211; Ewa Pawela<\/p>\n\n\n\n<p>\u0179r\u00f3d\u0142o <a href=\"https:\/\/www.youtube.com\/watch?v=jEfGPbmEwpw\">https:\/\/www.youtube.com\/watch?v=jEfGPbmEwpw<\/a><\/p>\n","protected":false},"excerpt":{"rendered":"<p>Prezydent podpisa\u0142 haniebn\u0105 ustaw\u0119 o zmianach w prawie geologicznym i g\u00f3rniczym. Mamy par\u0119 tygodni na zablokowanie jej namawiaj\u0105c senator\u00f3w do skierowania jej do Trybuna\u0142u Konstytucyjnego. R\u00f3wnolegle samorz\u0105dy mog\u0105 zabezpiecza\u0107 swoich mieszka\u0144c\u00f3w podejmuj\u0105c w trybie pilnym uchwa\u0142y o wykorzystaniu geotermii na&#8230; <\/p>\n","protected":false},"author":2,"featured_media":4500,"comment_status":"open","ping_status":"open","sticky":false,"template":"","format":"standard","meta":{"_acf_changed":false,"_bbp_topic_count":0,"_bbp_reply_count":0,"_bbp_total_topic_count":0,"_bbp_total_reply_count":0,"_bbp_voice_count":0,"_bbp_anonymous_reply_count":0,"_bbp_topic_count_hidden":0,"_bbp_reply_count_hidden":0,"_bbp_forum_subforum_count":0,"om_disable_all_campaigns":false,"_monsterinsights_skip_tracking":false,"footnotes":""},"categories":[15],"tags":[],"class_list":["post-4498","post","type-post","status-publish","format-standard","has-post-thumbnail","hentry","category-wiadomoscizkraju"],"acf":[],"aioseo_notices":[],"aioseo_head":"\n\t\t<!-- All in One SEO 5.0.1.1 - aioseo.com -->\n\t<meta name=\"description\" content=\"Prezydent podpisa\u0142 haniebn\u0105 ustaw\u0119 o zmianach w prawie geologicznym i g\u00f3rniczym. Mamy par\u0119 tygodni na zablokowanie jej namawiaj\u0105c senator\u00f3w do skierowania jej do Trybuna\u0142u Konstytucyjnego. R\u00f3wnolegle samorz\u0105dy mog\u0105 zabezpiecza\u0107 swoich mieszka\u0144c\u00f3w podejmuj\u0105c w trybie pilnym uchwa\u0142y o wykorzystaniu geotermii na ich terenie, co wyklucza zat\u0142aczanie tam CO2 pod ziemi\u0119. Czasu niewiele, bo tylko do momentu\" \/>\n\t<meta name=\"robots\" content=\"max-image-preview:large\" \/>\n\t<meta name=\"author\" content=\"trinity\"\/>\n\t<link rel=\"canonical\" href=\"https:\/\/wia.net.pl\/index.php\/2023\/09\/12\/geotermia-zamiast-zatlaczania-co2-pod-ziemie-inz-teresa-adamska\/\" \/>\n\t<meta name=\"generator\" content=\"All in One SEO (AIOSEO) 5.0.1.1\" \/>\n\t\t<meta property=\"og:locale\" content=\"pl_PL\" \/>\n\t\t<meta property=\"og:site_name\" content=\"Wolno\u015b\u0107 i Anarchia - Ka\u017cdy wewn\u0119trznie jest anarchist\u0105.\" \/>\n\t\t<meta property=\"og:type\" content=\"article\" \/>\n\t\t<meta property=\"og:title\" content=\"GEOTERMIA ZAMIAST ZAT\u0141ACZANIA CO2 POD ZIEMI\u0118 \u2013 IN\u017b. TERESA ADAMSKA - Wolno\u015b\u0107 i Anarchia\" \/>\n\t\t<meta property=\"og:description\" content=\"Prezydent podpisa\u0142 haniebn\u0105 ustaw\u0119 o zmianach w prawie geologicznym i g\u00f3rniczym. Mamy par\u0119 tygodni na zablokowanie jej namawiaj\u0105c senator\u00f3w do skierowania jej do Trybuna\u0142u Konstytucyjnego. R\u00f3wnolegle samorz\u0105dy mog\u0105 zabezpiecza\u0107 swoich mieszka\u0144c\u00f3w podejmuj\u0105c w trybie pilnym uchwa\u0142y o wykorzystaniu geotermii na ich terenie, co wyklucza zat\u0142aczanie tam CO2 pod ziemi\u0119. Czasu niewiele, bo tylko do momentu\" \/>\n\t\t<meta property=\"og:url\" content=\"https:\/\/wia.net.pl\/index.php\/2023\/09\/12\/geotermia-zamiast-zatlaczania-co2-pod-ziemie-inz-teresa-adamska\/\" \/>\n\t\t<meta property=\"og:image\" content=\"https:\/\/wia.net.pl\/wp-content\/uploads\/2023\/11\/cropped-freedom-i73367.jpg\" \/>\n\t\t<meta property=\"og:image:secure_url\" content=\"https:\/\/wia.net.pl\/wp-content\/uploads\/2023\/11\/cropped-freedom-i73367.jpg\" \/>\n\t\t<meta property=\"article:published_time\" content=\"2023-09-12T19:54:37+00:00\" \/>\n\t\t<meta property=\"article:modified_time\" content=\"2023-09-12T19:54:38+00:00\" \/>\n\t\t<meta name=\"twitter:card\" content=\"summary_large_image\" \/>\n\t\t<meta name=\"twitter:title\" content=\"GEOTERMIA ZAMIAST ZAT\u0141ACZANIA CO2 POD ZIEMI\u0118 \u2013 IN\u017b. TERESA ADAMSKA - Wolno\u015b\u0107 i Anarchia\" \/>\n\t\t<meta name=\"twitter:description\" content=\"Prezydent podpisa\u0142 haniebn\u0105 ustaw\u0119 o zmianach w prawie geologicznym i g\u00f3rniczym. Mamy par\u0119 tygodni na zablokowanie jej namawiaj\u0105c senator\u00f3w do skierowania jej do Trybuna\u0142u Konstytucyjnego. R\u00f3wnolegle samorz\u0105dy mog\u0105 zabezpiecza\u0107 swoich mieszka\u0144c\u00f3w podejmuj\u0105c w trybie pilnym uchwa\u0142y o wykorzystaniu geotermii na ich terenie, co wyklucza zat\u0142aczanie tam CO2 pod ziemi\u0119. Czasu niewiele, bo tylko do momentu\" \/>\n\t\t<meta name=\"twitter:image\" content=\"https:\/\/wia.net.pl\/wp-content\/uploads\/2023\/11\/cropped-freedom-i73367.jpg\" \/>\n\t\t<script type=\"application\/ld+json\" class=\"aioseo-schema\">\n\t\t\t{\"@context\":\"https:\\\/\\\/schema.org\",\"@graph\":[{\"@type\":\"BlogPosting\",\"@id\":\"https:\\\/\\\/wia.net.pl\\\/index.php\\\/2023\\\/09\\\/12\\\/geotermia-zamiast-zatlaczania-co2-pod-ziemie-inz-teresa-adamska\\\/#blogposting\",\"name\":\"GEOTERMIA ZAMIAST ZAT\\u0141ACZANIA CO2 POD ZIEMI\\u0118 \\u2013 IN\\u017b. TERESA ADAMSKA - Wolno\\u015b\\u0107 i Anarchia\",\"headline\":\"GEOTERMIA ZAMIAST ZAT\\u0141ACZANIA CO2 POD ZIEMI\\u0118 &#8211; IN\\u017b. TERESA ADAMSKA\",\"author\":{\"@id\":\"https:\\\/\\\/wia.net.pl\\\/index.php\\\/author\\\/trinity\\\/#author\"},\"publisher\":{\"@id\":\"https:\\\/\\\/wia.net.pl\\\/#person\"},\"image\":{\"@type\":\"ImageObject\",\"url\":\"https:\\\/\\\/wia.net.pl\\\/wp-content\\\/uploads\\\/2023\\\/09\\\/co22.jpg\",\"width\":1920,\"height\":1080},\"datePublished\":\"2023-09-12T21:54:37+02:00\",\"dateModified\":\"2023-09-12T21:54:38+02:00\",\"inLanguage\":\"pl-PL\",\"commentCount\":1,\"mainEntityOfPage\":{\"@id\":\"https:\\\/\\\/wia.net.pl\\\/index.php\\\/2023\\\/09\\\/12\\\/geotermia-zamiast-zatlaczania-co2-pod-ziemie-inz-teresa-adamska\\\/#webpage\"},\"isPartOf\":{\"@id\":\"https:\\\/\\\/wia.net.pl\\\/index.php\\\/2023\\\/09\\\/12\\\/geotermia-zamiast-zatlaczania-co2-pod-ziemie-inz-teresa-adamska\\\/#webpage\"},\"articleSection\":\"Wiadomo\\u015bci z kraju\"},{\"@type\":\"BreadcrumbList\",\"@id\":\"https:\\\/\\\/wia.net.pl\\\/index.php\\\/2023\\\/09\\\/12\\\/geotermia-zamiast-zatlaczania-co2-pod-ziemie-inz-teresa-adamska\\\/#breadcrumblist\",\"itemListElement\":[{\"@type\":\"ListItem\",\"@id\":\"https:\\\/\\\/wia.net.pl#listItem\",\"position\":1,\"name\":\"Home\",\"item\":\"https:\\\/\\\/wia.net.pl\",\"nextItem\":{\"@type\":\"ListItem\",\"@id\":\"https:\\\/\\\/wia.net.pl\\\/index.php\\\/category\\\/wiadomoscizkraju\\\/#listItem\",\"name\":\"Wiadomo\\u015bci z kraju\"}},{\"@type\":\"ListItem\",\"@id\":\"https:\\\/\\\/wia.net.pl\\\/index.php\\\/category\\\/wiadomoscizkraju\\\/#listItem\",\"position\":2,\"name\":\"Wiadomo\\u015bci z kraju\",\"item\":\"https:\\\/\\\/wia.net.pl\\\/index.php\\\/category\\\/wiadomoscizkraju\\\/\",\"nextItem\":{\"@type\":\"ListItem\",\"@id\":\"https:\\\/\\\/wia.net.pl\\\/index.php\\\/2023\\\/09\\\/12\\\/geotermia-zamiast-zatlaczania-co2-pod-ziemie-inz-teresa-adamska\\\/#listItem\",\"name\":\"GEOTERMIA ZAMIAST ZAT\\u0141ACZANIA CO2 POD ZIEMI\\u0118 &#8211; IN\\u017b. TERESA ADAMSKA\"},\"previousItem\":{\"@type\":\"ListItem\",\"@id\":\"https:\\\/\\\/wia.net.pl#listItem\",\"name\":\"Home\"}},{\"@type\":\"ListItem\",\"@id\":\"https:\\\/\\\/wia.net.pl\\\/index.php\\\/2023\\\/09\\\/12\\\/geotermia-zamiast-zatlaczania-co2-pod-ziemie-inz-teresa-adamska\\\/#listItem\",\"position\":3,\"name\":\"GEOTERMIA ZAMIAST ZAT\\u0141ACZANIA CO2 POD ZIEMI\\u0118 &#8211; IN\\u017b. TERESA ADAMSKA\",\"previousItem\":{\"@type\":\"ListItem\",\"@id\":\"https:\\\/\\\/wia.net.pl\\\/index.php\\\/category\\\/wiadomoscizkraju\\\/#listItem\",\"name\":\"Wiadomo\\u015bci z kraju\"}}]},{\"@type\":\"Person\",\"@id\":\"https:\\\/\\\/wia.net.pl\\\/#person\",\"name\":\"Bart\\u0142omiej Talarczyk\",\"image\":{\"@type\":\"ImageObject\",\"@id\":\"https:\\\/\\\/wia.net.pl\\\/index.php\\\/2023\\\/09\\\/12\\\/geotermia-zamiast-zatlaczania-co2-pod-ziemie-inz-teresa-adamska\\\/#personImage\",\"url\":\"https:\\\/\\\/wia.net.pl\\\/wp-content\\\/uploads\\\/avatar-privacy\\\/cache\\\/user\\\/1\\\/7\\\/176a6b161c58363ff49b5c167264231f519f5c7fa183ca1f61e891769b6b56d5-96.jpg\",\"width\":96,\"height\":96,\"caption\":\"Bart\\u0142omiej Talarczyk\"}},{\"@type\":\"Person\",\"@id\":\"https:\\\/\\\/wia.net.pl\\\/index.php\\\/author\\\/trinity\\\/#author\",\"url\":\"https:\\\/\\\/wia.net.pl\\\/index.php\\\/author\\\/trinity\\\/\",\"name\":\"trinity\",\"image\":{\"@type\":\"ImageObject\",\"@id\":\"https:\\\/\\\/wia.net.pl\\\/index.php\\\/2023\\\/09\\\/12\\\/geotermia-zamiast-zatlaczania-co2-pod-ziemie-inz-teresa-adamska\\\/#authorImage\",\"url\":\"https:\\\/\\\/wia.net.pl\\\/wp-content\\\/uploads\\\/avatar-privacy\\\/cache\\\/user\\\/5\\\/f\\\/5f6547cf82495eaa10e100a6a45d5dbde2dfdc1be88557de2018fca705bdf6f1-96.jpg\",\"width\":96,\"height\":96,\"caption\":\"trinity\"}},{\"@type\":\"WebPage\",\"@id\":\"https:\\\/\\\/wia.net.pl\\\/index.php\\\/2023\\\/09\\\/12\\\/geotermia-zamiast-zatlaczania-co2-pod-ziemie-inz-teresa-adamska\\\/#webpage\",\"url\":\"https:\\\/\\\/wia.net.pl\\\/index.php\\\/2023\\\/09\\\/12\\\/geotermia-zamiast-zatlaczania-co2-pod-ziemie-inz-teresa-adamska\\\/\",\"name\":\"GEOTERMIA ZAMIAST ZAT\\u0141ACZANIA CO2 POD ZIEMI\\u0118 \\u2013 IN\\u017b. TERESA ADAMSKA - Wolno\\u015b\\u0107 i Anarchia\",\"description\":\"Prezydent podpisa\\u0142 haniebn\\u0105 ustaw\\u0119 o zmianach w prawie geologicznym i g\\u00f3rniczym. Mamy par\\u0119 tygodni na zablokowanie jej namawiaj\\u0105c senator\\u00f3w do skierowania jej do Trybuna\\u0142u Konstytucyjnego. R\\u00f3wnolegle samorz\\u0105dy mog\\u0105 zabezpiecza\\u0107 swoich mieszka\\u0144c\\u00f3w podejmuj\\u0105c w trybie pilnym uchwa\\u0142y o wykorzystaniu geotermii na ich terenie, co wyklucza zat\\u0142aczanie tam CO2 pod ziemi\\u0119. Czasu niewiele, bo tylko do momentu\",\"inLanguage\":\"pl-PL\",\"isPartOf\":{\"@id\":\"https:\\\/\\\/wia.net.pl\\\/#website\"},\"breadcrumb\":{\"@id\":\"https:\\\/\\\/wia.net.pl\\\/index.php\\\/2023\\\/09\\\/12\\\/geotermia-zamiast-zatlaczania-co2-pod-ziemie-inz-teresa-adamska\\\/#breadcrumblist\"},\"author\":{\"@id\":\"https:\\\/\\\/wia.net.pl\\\/index.php\\\/author\\\/trinity\\\/#author\"},\"creator\":{\"@id\":\"https:\\\/\\\/wia.net.pl\\\/index.php\\\/author\\\/trinity\\\/#author\"},\"image\":{\"@type\":\"ImageObject\",\"url\":\"https:\\\/\\\/wia.net.pl\\\/wp-content\\\/uploads\\\/2023\\\/09\\\/co22.jpg\",\"@id\":\"https:\\\/\\\/wia.net.pl\\\/index.php\\\/2023\\\/09\\\/12\\\/geotermia-zamiast-zatlaczania-co2-pod-ziemie-inz-teresa-adamska\\\/#mainImage\",\"width\":1920,\"height\":1080},\"primaryImageOfPage\":{\"@id\":\"https:\\\/\\\/wia.net.pl\\\/index.php\\\/2023\\\/09\\\/12\\\/geotermia-zamiast-zatlaczania-co2-pod-ziemie-inz-teresa-adamska\\\/#mainImage\"},\"datePublished\":\"2023-09-12T21:54:37+02:00\",\"dateModified\":\"2023-09-12T21:54:38+02:00\"},{\"@type\":\"WebSite\",\"@id\":\"https:\\\/\\\/wia.net.pl\\\/#website\",\"url\":\"https:\\\/\\\/wia.net.pl\\\/\",\"name\":\"Wolno\\u015b\\u0107 i Anarchia\",\"description\":\"Ka\\u017cdy wewn\\u0119trznie jest anarchist\\u0105.\",\"inLanguage\":\"pl-PL\",\"publisher\":{\"@id\":\"https:\\\/\\\/wia.net.pl\\\/#person\"}}]}\n\t\t<\/script>\n\t\t<!-- All in One SEO -->\n\n","aioseo_head_json":{"title":"GEOTERMIA ZAMIAST ZAT\u0141ACZANIA CO2 POD ZIEMI\u0118 \u2013 IN\u017b. TERESA ADAMSKA - Wolno\u015b\u0107 i Anarchia","description":"Prezydent podpisa\u0142 haniebn\u0105 ustaw\u0119 o zmianach w prawie geologicznym i g\u00f3rniczym. Mamy par\u0119 tygodni na zablokowanie jej namawiaj\u0105c senator\u00f3w do skierowania jej do Trybuna\u0142u Konstytucyjnego. R\u00f3wnolegle samorz\u0105dy mog\u0105 zabezpiecza\u0107 swoich mieszka\u0144c\u00f3w podejmuj\u0105c w trybie pilnym uchwa\u0142y o wykorzystaniu geotermii na ich terenie, co wyklucza zat\u0142aczanie tam CO2 pod ziemi\u0119. Czasu niewiele, bo tylko do momentu","canonical_url":"https:\/\/wia.net.pl\/index.php\/2023\/09\/12\/geotermia-zamiast-zatlaczania-co2-pod-ziemie-inz-teresa-adamska\/","robots":"max-image-preview:large","keywords":"","webmasterTools":{"miscellaneous":""},"schema":{"@context":"https:\/\/schema.org","@graph":[{"@type":"BlogPosting","@id":"https:\/\/wia.net.pl\/index.php\/2023\/09\/12\/geotermia-zamiast-zatlaczania-co2-pod-ziemie-inz-teresa-adamska\/#blogposting","name":"GEOTERMIA ZAMIAST ZAT\u0141ACZANIA CO2 POD ZIEMI\u0118 \u2013 IN\u017b. TERESA ADAMSKA - Wolno\u015b\u0107 i Anarchia","headline":"GEOTERMIA ZAMIAST ZAT\u0141ACZANIA CO2 POD ZIEMI\u0118 &#8211; IN\u017b. TERESA ADAMSKA","author":{"@id":"https:\/\/wia.net.pl\/index.php\/author\/trinity\/#author"},"publisher":{"@id":"https:\/\/wia.net.pl\/#person"},"image":{"@type":"ImageObject","url":"https:\/\/wia.net.pl\/wp-content\/uploads\/2023\/09\/co22.jpg","width":1920,"height":1080},"datePublished":"2023-09-12T21:54:37+02:00","dateModified":"2023-09-12T21:54:38+02:00","inLanguage":"pl-PL","commentCount":1,"mainEntityOfPage":{"@id":"https:\/\/wia.net.pl\/index.php\/2023\/09\/12\/geotermia-zamiast-zatlaczania-co2-pod-ziemie-inz-teresa-adamska\/#webpage"},"isPartOf":{"@id":"https:\/\/wia.net.pl\/index.php\/2023\/09\/12\/geotermia-zamiast-zatlaczania-co2-pod-ziemie-inz-teresa-adamska\/#webpage"},"articleSection":"Wiadomo\u015bci z kraju"},{"@type":"BreadcrumbList","@id":"https:\/\/wia.net.pl\/index.php\/2023\/09\/12\/geotermia-zamiast-zatlaczania-co2-pod-ziemie-inz-teresa-adamska\/#breadcrumblist","itemListElement":[{"@type":"ListItem","@id":"https:\/\/wia.net.pl#listItem","position":1,"name":"Home","item":"https:\/\/wia.net.pl","nextItem":{"@type":"ListItem","@id":"https:\/\/wia.net.pl\/index.php\/category\/wiadomoscizkraju\/#listItem","name":"Wiadomo\u015bci z kraju"}},{"@type":"ListItem","@id":"https:\/\/wia.net.pl\/index.php\/category\/wiadomoscizkraju\/#listItem","position":2,"name":"Wiadomo\u015bci z kraju","item":"https:\/\/wia.net.pl\/index.php\/category\/wiadomoscizkraju\/","nextItem":{"@type":"ListItem","@id":"https:\/\/wia.net.pl\/index.php\/2023\/09\/12\/geotermia-zamiast-zatlaczania-co2-pod-ziemie-inz-teresa-adamska\/#listItem","name":"GEOTERMIA ZAMIAST ZAT\u0141ACZANIA CO2 POD ZIEMI\u0118 &#8211; IN\u017b. TERESA ADAMSKA"},"previousItem":{"@type":"ListItem","@id":"https:\/\/wia.net.pl#listItem","name":"Home"}},{"@type":"ListItem","@id":"https:\/\/wia.net.pl\/index.php\/2023\/09\/12\/geotermia-zamiast-zatlaczania-co2-pod-ziemie-inz-teresa-adamska\/#listItem","position":3,"name":"GEOTERMIA ZAMIAST ZAT\u0141ACZANIA CO2 POD ZIEMI\u0118 &#8211; IN\u017b. TERESA ADAMSKA","previousItem":{"@type":"ListItem","@id":"https:\/\/wia.net.pl\/index.php\/category\/wiadomoscizkraju\/#listItem","name":"Wiadomo\u015bci z kraju"}}]},{"@type":"Person","@id":"https:\/\/wia.net.pl\/#person","name":"Bart\u0142omiej Talarczyk","image":{"@type":"ImageObject","@id":"https:\/\/wia.net.pl\/index.php\/2023\/09\/12\/geotermia-zamiast-zatlaczania-co2-pod-ziemie-inz-teresa-adamska\/#personImage","url":"https:\/\/wia.net.pl\/wp-content\/uploads\/avatar-privacy\/cache\/user\/1\/7\/176a6b161c58363ff49b5c167264231f519f5c7fa183ca1f61e891769b6b56d5-96.jpg","width":96,"height":96,"caption":"Bart\u0142omiej Talarczyk"}},{"@type":"Person","@id":"https:\/\/wia.net.pl\/index.php\/author\/trinity\/#author","url":"https:\/\/wia.net.pl\/index.php\/author\/trinity\/","name":"trinity","image":{"@type":"ImageObject","@id":"https:\/\/wia.net.pl\/index.php\/2023\/09\/12\/geotermia-zamiast-zatlaczania-co2-pod-ziemie-inz-teresa-adamska\/#authorImage","url":"https:\/\/wia.net.pl\/wp-content\/uploads\/avatar-privacy\/cache\/user\/5\/f\/5f6547cf82495eaa10e100a6a45d5dbde2dfdc1be88557de2018fca705bdf6f1-96.jpg","width":96,"height":96,"caption":"trinity"}},{"@type":"WebPage","@id":"https:\/\/wia.net.pl\/index.php\/2023\/09\/12\/geotermia-zamiast-zatlaczania-co2-pod-ziemie-inz-teresa-adamska\/#webpage","url":"https:\/\/wia.net.pl\/index.php\/2023\/09\/12\/geotermia-zamiast-zatlaczania-co2-pod-ziemie-inz-teresa-adamska\/","name":"GEOTERMIA ZAMIAST ZAT\u0141ACZANIA CO2 POD ZIEMI\u0118 \u2013 IN\u017b. TERESA ADAMSKA - Wolno\u015b\u0107 i Anarchia","description":"Prezydent podpisa\u0142 haniebn\u0105 ustaw\u0119 o zmianach w prawie geologicznym i g\u00f3rniczym. Mamy par\u0119 tygodni na zablokowanie jej namawiaj\u0105c senator\u00f3w do skierowania jej do Trybuna\u0142u Konstytucyjnego. R\u00f3wnolegle samorz\u0105dy mog\u0105 zabezpiecza\u0107 swoich mieszka\u0144c\u00f3w podejmuj\u0105c w trybie pilnym uchwa\u0142y o wykorzystaniu geotermii na ich terenie, co wyklucza zat\u0142aczanie tam CO2 pod ziemi\u0119. Czasu niewiele, bo tylko do momentu","inLanguage":"pl-PL","isPartOf":{"@id":"https:\/\/wia.net.pl\/#website"},"breadcrumb":{"@id":"https:\/\/wia.net.pl\/index.php\/2023\/09\/12\/geotermia-zamiast-zatlaczania-co2-pod-ziemie-inz-teresa-adamska\/#breadcrumblist"},"author":{"@id":"https:\/\/wia.net.pl\/index.php\/author\/trinity\/#author"},"creator":{"@id":"https:\/\/wia.net.pl\/index.php\/author\/trinity\/#author"},"image":{"@type":"ImageObject","url":"https:\/\/wia.net.pl\/wp-content\/uploads\/2023\/09\/co22.jpg","@id":"https:\/\/wia.net.pl\/index.php\/2023\/09\/12\/geotermia-zamiast-zatlaczania-co2-pod-ziemie-inz-teresa-adamska\/#mainImage","width":1920,"height":1080},"primaryImageOfPage":{"@id":"https:\/\/wia.net.pl\/index.php\/2023\/09\/12\/geotermia-zamiast-zatlaczania-co2-pod-ziemie-inz-teresa-adamska\/#mainImage"},"datePublished":"2023-09-12T21:54:37+02:00","dateModified":"2023-09-12T21:54:38+02:00"},{"@type":"WebSite","@id":"https:\/\/wia.net.pl\/#website","url":"https:\/\/wia.net.pl\/","name":"Wolno\u015b\u0107 i Anarchia","description":"Ka\u017cdy wewn\u0119trznie jest anarchist\u0105.","inLanguage":"pl-PL","publisher":{"@id":"https:\/\/wia.net.pl\/#person"}}]},"og:locale":"pl_PL","og:site_name":"Wolno\u015b\u0107 i Anarchia - Ka\u017cdy wewn\u0119trznie jest anarchist\u0105.","og:type":"article","og:title":"GEOTERMIA ZAMIAST ZAT\u0141ACZANIA CO2 POD ZIEMI\u0118 \u2013 IN\u017b. TERESA ADAMSKA - Wolno\u015b\u0107 i Anarchia","og:description":"Prezydent podpisa\u0142 haniebn\u0105 ustaw\u0119 o zmianach w prawie geologicznym i g\u00f3rniczym. Mamy par\u0119 tygodni na zablokowanie jej namawiaj\u0105c senator\u00f3w do skierowania jej do Trybuna\u0142u Konstytucyjnego. R\u00f3wnolegle samorz\u0105dy mog\u0105 zabezpiecza\u0107 swoich mieszka\u0144c\u00f3w podejmuj\u0105c w trybie pilnym uchwa\u0142y o wykorzystaniu geotermii na ich terenie, co wyklucza zat\u0142aczanie tam CO2 pod ziemi\u0119. Czasu niewiele, bo tylko do momentu","og:url":"https:\/\/wia.net.pl\/index.php\/2023\/09\/12\/geotermia-zamiast-zatlaczania-co2-pod-ziemie-inz-teresa-adamska\/","og:image":"https:\/\/wia.net.pl\/wp-content\/uploads\/2023\/11\/cropped-freedom-i73367.jpg","og:image:secure_url":"https:\/\/wia.net.pl\/wp-content\/uploads\/2023\/11\/cropped-freedom-i73367.jpg","article:published_time":"2023-09-12T19:54:37+00:00","article:modified_time":"2023-09-12T19:54:38+00:00","twitter:card":"summary_large_image","twitter:title":"GEOTERMIA ZAMIAST ZAT\u0141ACZANIA CO2 POD ZIEMI\u0118 \u2013 IN\u017b. TERESA ADAMSKA - Wolno\u015b\u0107 i Anarchia","twitter:description":"Prezydent podpisa\u0142 haniebn\u0105 ustaw\u0119 o zmianach w prawie geologicznym i g\u00f3rniczym. Mamy par\u0119 tygodni na zablokowanie jej namawiaj\u0105c senator\u00f3w do skierowania jej do Trybuna\u0142u Konstytucyjnego. R\u00f3wnolegle samorz\u0105dy mog\u0105 zabezpiecza\u0107 swoich mieszka\u0144c\u00f3w podejmuj\u0105c w trybie pilnym uchwa\u0142y o wykorzystaniu geotermii na ich terenie, co wyklucza zat\u0142aczanie tam CO2 pod ziemi\u0119. Czasu niewiele, bo tylko do momentu","twitter:image":"https:\/\/wia.net.pl\/wp-content\/uploads\/2023\/11\/cropped-freedom-i73367.jpg"},"aioseo_meta_data":{"post_id":"4498","title":null,"description":null,"keywords":[],"keyphrases":{"focus":{"keyphrase":"","score":0,"analysis":{"keyphraseInTitle":{"score":0,"maxScore":9,"error":1}}},"additional":[]},"primary_term":null,"canonical_url":null,"og_title":null,"og_description":null,"og_object_type":"default","og_image_type":"default","og_image_url":null,"og_image_width":null,"og_image_height":null,"og_image_custom_url":null,"og_image_custom_fields":null,"og_video":"","og_custom_url":null,"og_article_section":null,"og_article_tags":[],"twitter_use_og":false,"twitter_card":"default","twitter_image_type":"default","twitter_image_url":null,"twitter_image_custom_url":null,"twitter_image_custom_fields":null,"twitter_title":null,"twitter_description":null,"schema":{"blockGraphs":[],"customGraphs":[],"default":{"data":{"Article":[],"Course":[],"Dataset":[],"FAQPage":[],"Movie":[],"Person":[],"Product":[],"ProductReview":[],"Car":[],"Recipe":[],"Service":[],"SoftwareApplication":[],"WebPage":[]},"graphName":"BlogPosting","isEnabled":true},"graphs":[]},"schema_type":"default","schema_type_options":null,"pillar_content":false,"robots_default":true,"robots_noindex":false,"robots_noarchive":false,"robots_nosnippet":false,"robots_nofollow":false,"robots_noimageindex":false,"robots_noodp":false,"robots_notranslate":false,"robots_max_snippet":"-1","robots_max_videopreview":"-1","robots_max_imagepreview":"large","priority":null,"frequency":"default","local_seo":null,"breadcrumb_settings":null,"limit_modified_date":false,"ai":null,"created":"2023-09-12 19:45:23","updated":"2025-06-04 09:17:48","seo_analyzer_scan_date":null,"focus_keyword":null,"additional_keywords":null,"truseo_locale":null},"aioseo_breadcrumb":"<div class=\"aioseo-breadcrumbs\"><span class=\"aioseo-breadcrumb\">\n\t\t\t<a href=\"https:\/\/wia.net.pl\" title=\"Home\">Home<\/a>\n\t\t<\/span><span class=\"aioseo-breadcrumb-separator\">&raquo;<\/span><span class=\"aioseo-breadcrumb\">\n\t\t\t<a href=\"https:\/\/wia.net.pl\/index.php\/category\/wiadomoscizkraju\/\" title=\"Wiadomo\u015bci z kraju\">Wiadomo\u015bci z kraju<\/a>\n\t\t<\/span><span class=\"aioseo-breadcrumb-separator\">&raquo;<\/span><span class=\"aioseo-breadcrumb\">\n\t\t\tGEOTERMIA ZAMIAST ZAT\u0141ACZANIA CO2 POD ZIEMI\u0118 \u2013 IN\u017b. TERESA ADAMSKA\n\t\t<\/span><\/div>","aioseo_breadcrumb_json":[{"label":"Home","link":"https:\/\/wia.net.pl"},{"label":"Wiadomo\u015bci z kraju","link":"https:\/\/wia.net.pl\/index.php\/category\/wiadomoscizkraju\/"},{"label":"GEOTERMIA ZAMIAST ZAT\u0141ACZANIA CO2 POD ZIEMI\u0118 &#8211; IN\u017b. TERESA ADAMSKA","link":"https:\/\/wia.net.pl\/index.php\/2023\/09\/12\/geotermia-zamiast-zatlaczania-co2-pod-ziemie-inz-teresa-adamska\/"}],"_links":{"self":[{"href":"https:\/\/wia.net.pl\/index.php\/wp-json\/wp\/v2\/posts\/4498"}],"collection":[{"href":"https:\/\/wia.net.pl\/index.php\/wp-json\/wp\/v2\/posts"}],"about":[{"href":"https:\/\/wia.net.pl\/index.php\/wp-json\/wp\/v2\/types\/post"}],"author":[{"embeddable":true,"href":"https:\/\/wia.net.pl\/index.php\/wp-json\/wp\/v2\/users\/2"}],"replies":[{"embeddable":true,"href":"https:\/\/wia.net.pl\/index.php\/wp-json\/wp\/v2\/comments?post=4498"}],"version-history":[{"count":1,"href":"https:\/\/wia.net.pl\/index.php\/wp-json\/wp\/v2\/posts\/4498\/revisions"}],"predecessor-version":[{"id":4499,"href":"https:\/\/wia.net.pl\/index.php\/wp-json\/wp\/v2\/posts\/4498\/revisions\/4499"}],"wp:featuredmedia":[{"embeddable":true,"href":"https:\/\/wia.net.pl\/index.php\/wp-json\/wp\/v2\/media\/4500"}],"wp:attachment":[{"href":"https:\/\/wia.net.pl\/index.php\/wp-json\/wp\/v2\/media?parent=4498"}],"wp:term":[{"taxonomy":"category","embeddable":true,"href":"https:\/\/wia.net.pl\/index.php\/wp-json\/wp\/v2\/categories?post=4498"},{"taxonomy":"post_tag","embeddable":true,"href":"https:\/\/wia.net.pl\/index.php\/wp-json\/wp\/v2\/tags?post=4498"}],"curies":[{"name":"wp","href":"https:\/\/api.w.org\/{rel}","templated":true}]}}