{"id":4501,"date":"2023-09-12T23:50:58","date_gmt":"2023-09-12T21:50:58","guid":{"rendered":"https:\/\/wia.net.pl\/?p=4501"},"modified":"2023-09-12T23:54:36","modified_gmt":"2023-09-12T21:54:36","slug":"ograniczenia-zabudowy-dzialek-koniec-prac-sejmu","status":"publish","type":"post","link":"https:\/\/wia.net.pl\/index.php\/2023\/09\/12\/ograniczenia-zabudowy-dzialek-koniec-prac-sejmu\/","title":{"rendered":"Ograniczenia zabudowy dzia\u0142ek &#8211; koniec prac sejmu"},"content":{"rendered":"\n<p>Sejm zako\u0144czy\u0142 prace nad przepisami geologicznymi ograniczaj\u0105cymi zabudow\u0119 dzia\u0142ek<\/p>\n\n\n\n<p>Autor, Renata Krupa-D\u0105browska<\/p>\n\n\n\n<p>Prawo.pl<\/p>\n\n\n\n<p>Data dodania: 17.08.2023<\/p>\n\n\n\n<p><\/p>\n\n\n\n<figure class=\"wp-block-image size-full is-resized\"><img loading=\"lazy\" decoding=\"async\" src=\"https:\/\/wia.net.pl\/wp-content\/uploads\/2023\/09\/kopalnia-00006-thinkstockphotosnICD62SaolTLo7bXW5mZ.jpg.webp\" alt=\"\" class=\"wp-image-4503\" width=\"839\" height=\"542\" srcset=\"https:\/\/wia.net.pl\/wp-content\/uploads\/2023\/09\/kopalnia-00006-thinkstockphotosnICD62SaolTLo7bXW5mZ.jpg.webp 480w, https:\/\/wia.net.pl\/wp-content\/uploads\/2023\/09\/kopalnia-00006-thinkstockphotosnICD62SaolTLo7bXW5mZ.jpg-300x194.webp 300w\" sizes=\"(max-width: 839px) 100vw, 839px\" \/><\/figure>\n\n\n\n<p>Pos\u0142owie odrzucili weto senackie do nowelizacji prawa geologicznego i g\u00f3rniczego. Nowe przepisy nie podobaj\u0105 si\u0119 m.in. ekologom i gminom g\u00f3rniczym. Ich zdaniem pozwalaj\u0105 one arbitralnie decydowa\u0107 ministrowi klimatu i \u015brodowiska, kt\u00f3re z\u0142o\u017ca w Polsce zostan\u0105 uznane za strategiczne i gdzie w zwi\u0105zku z tym wprowadzi\u0107 np. zakaz zabudowy. Ograniczaj\u0105 r\u00f3wnie\u017c rol\u0119 samorz\u0105d\u00f3w.<\/p>\n\n\n\n<p>Sejm odrzuci\u0142&nbsp; weto Senatu do nowelizacji prawa geologicznego i g\u00f3rniczego. Oznacza to, \u017ce kontrowersyjne przepisy trafi\u0105 teraz na biurko prezydenta i to on zdecyduje o ich losie.&nbsp;&nbsp;Przeciwko tym zmianom protestuj\u0105 gminy g\u00f3rnicze i ekolodzy.&nbsp;<\/p>\n\n\n\n<p>Nowe zasady dla z\u0142\u00f3\u017c&nbsp;strategicznych<br>Nowelizacja zak\u0142ada wprowadzenie definicji \u201ez\u0142o\u017ca strategicznego\u201d, kt\u00f3re ze wzgl\u0119du na swoje znaczenie dla gospodarki lub bezpiecze\u0144stwa kraju&nbsp;podlega\u0107 b\u0119dzie szczeg\u00f3lnej ochronie prawnej. Zdaniem rz\u0105du, pozwoli to unikn\u0105\u0107 w\u0105tpliwo\u015bci interpretacyjnych oraz usankcjonuje szczeg\u00f3lne miejsce, jakie zajm\u0105 z\u0142o\u017ca strategiczne w hierarchii krajowych z\u0142\u00f3\u017c kopalin. Ponadto&nbsp;uregulowany zostanie proces uznawania z\u0142o\u017ca za strategiczne. Jego uznanie b\u0119dzie si\u0119 odbywa\u0107 na podstawie decyzji ministra klimatu i&nbsp;\u015brodowiska. Minister b\u0119dzie jednocze\u015bnie prowadzi\u0142 w Biuletynie Informacji Publicznej wykaz z\u0142\u00f3\u017c strategicznych.<\/p>\n\n\n\n<p>Czytaj te\u017c: Zasady podzia\u0142u z\u0142\u00f3\u017c oraz rodzaje w\u0142asno\u015bci g\u00f3rniczej &gt;&gt;<\/p>\n\n\n\n<p>Nowe przepisy wprowadzaj\u0105 instrumenty maj\u0105ce zapewni\u0107 wi\u0119ksz\u0105 skuteczno\u015b\u0107, je\u015bli chodzi o ujawnianie z\u0142\u00f3\u017c kopalin w dokumentach planistycznych. Nowe przepisy wprowadzaj\u0105 r\u00f3wnie\u017c&nbsp;&nbsp;instrumenty zwi\u0105zane&nbsp;z&nbsp;realizacj\u0105 transformacji energetyczno-klimatycznej. Dopuszczone b\u0119dzie&nbsp;prowadzenie dzia\u0142alno\u015bci polegaj\u0105cej na podziemnym sk\u0142adowaniu dwutlenku w\u0119gla (CCS), w szerszym ni\u017c obecnie zakresie. Dostosowane zostan\u0105 dotychczasowe przepisy dotycz\u0105ce podziemnego, bezzbiornikowego magazynowania substancji, do magazynowania wodoru.<\/p>\n\n\n\n<p>USTAWA z dnia 9 czerwca 2011 r. Prawo geologiczne i g\u00f3rnicze &gt;<\/p>\n\n\n\n<p>Rz\u0105d, kt\u00f3ry przygotowa\u0142 projekt, chce te\u017c&nbsp;umo\u017cliwi\u0107&nbsp;rekonstruowanie zlikwidowanych otwor\u00f3w wiertniczych, wykonanych w przesz\u0142o\u015bci w celu poszukiwania, rozpoznawania lub wydobywania kopalin, w celu wykorzystania ciep\u0142a Ziemi. Porz\u0105dkuje i liberalizuje te\u017c&nbsp; przepisy dotycz\u0105ce koncesjonowania dzia\u0142alno\u015bci, je\u015bli chodzi o poszukiwanie i rozpoznawanie z\u0142\u00f3\u017c niekt\u00f3rych kopalin. Dotyczy to m.in. w\u0119glowodor\u00f3w oraz podziemnego, bezzbiornikowego magazynowania substancji i podziemnego sk\u0142adowania odpad\u00f3w.<\/p>\n\n\n\n<p>Czytaj te\u017c: Miejscowy plan zagospodarowania przestrzennego na terenach g\u00f3rniczych &gt;&gt;<\/p>\n\n\n\n<p>Zmiany uderz\u0105 w gminy i w\u0142a\u015bcicieli nieruchomo\u015bci<br>Organizacje spo\u0142eczne i samorz\u0105dy ostrzega\u0142y&nbsp;przed przyj\u0119ciem rz\u0105dowego projektu. Przepisy te pozwol\u0105 bowiem ministrowi klimatu i \u015brodowiska arbitralnie decydowa\u0107 o tym&nbsp;kt\u00f3re z\u0142o\u017ca w Polsce zostan\u0105 uznane za strategiczne i gdzie w zwi\u0105zku z tym wprowadzi\u0107 np. zakaz zabudowy.&nbsp;<\/p>\n\n\n\n<p>Zgodnie z nowel\u0105 gminy b\u0119d\u0105 zobowi\u0105zane do uwzgl\u0119dnienia decyzji ministra w dokumentach planistycznych bez mo\u017cliwo\u015bci odwo\u0142ania si\u0119 od niej do niezawis\u0142ego s\u0105du.&nbsp; A w\u0142a\u015bciciele nieruchomo\u015bci po\u0142o\u017conych na terenie z\u0142\u00f3\u017c strategicznych nie b\u0119d\u0105 mieli prawa do \u017cadnego odszkodowania za spadek warto\u015bci dzia\u0142ki czy&nbsp;ograniczenie prawa do korzystania&nbsp;z niej.<\/p>\n\n\n\n<p>Fundacja Frank Bold ostrzega, \u017ce od takiej decyzji nie jest przewidziana droga odwo\u0142awcza. A&nbsp;przes\u0142anki uznania z\u0142o\u017ca za strategiczne&nbsp;ustalono w spos\u00f3b tak og\u00f3lny, \u017ce nietrudno sobie wyobrazi\u0107, jak mapa kraju zape\u0142nia si\u0119 terenami, na kt\u00f3rych niemo\u017cliwe oka\u017ce si\u0119 cho\u0107by zbudowanie domu jednorodzinnego na w\u0142asnej dzia\u0142ce czy nowej drogi gminnej. I to przy braku faktycznych plan\u00f3w wydobycia w tym miejscu.<\/p>\n\n\n\n<p>Czytaj te\u017c: Zakres w\u0142adzy dyskrecjonalnej i wsp\u00f3\u0142dzia\u0142ania organ\u00f3w samorz\u0105du terytorialnego przy udzielaniu koncesji geologicznych i g\u00f3rniczych &gt;&gt;<\/p>\n\n\n\n<p>Natomiast zarz\u0105d Stowarzyszenia Gmin G\u00f3rniczych w Polsce obawia si\u0119, \u017ce nowe rozwi\u0105zania&nbsp;ograniczaj\u0105 w znacznym stopniu (je\u015bli nie ca\u0142kowicie) rol\u0119 w\u0142adz samorz\u0105dowych oraz lokalnych spo\u0142eczno\u015bci, znacz\u0105co bowiem ingeruj\u0105&nbsp;we w\u0142adztwo planistyczne gmin (na obszarze wyst\u0119powania z\u0142\u00f3\u017c kopalin). Zdaniem zarz\u0105du stowarzyszenia&nbsp;wyeliminowuj\u0105 one proces konsultacji spo\u0142ecznych, bezprecedensowo ograniczaj\u0105 prawo w\u0142asno\u015bci, co w konsekwencji obni\u017cy warto\u015b\u0107 nieruchomo\u015bci w zwi\u0105zku z zakazem zabudowy. Wed\u0142ug samorz\u0105dowc\u00f3w&nbsp;proponowane zmiany jedynie wzmocni\u0105&nbsp;uprawnienia decyzyjne&nbsp;centralnej administracji oraz nadadz\u0105 nowe&nbsp;kompetencje&nbsp;G\u0142\u00f3wnemu Geologowi Kraju.<\/p>\n\n\n\n<p>Autor:<br>Renata Krupa-D\u0105browska<\/p>\n\n\n\n<p><strong>Czytaj wi\u0119cej na Prawo.pl:<\/strong><br><a href=\"https:\/\/www.prawo.pl\/biznes\/kontrowersyjne-zmiany-w-prawie-geologicznym-ograniczajace-zabudowe,521008.html\">https:\/\/www.prawo.pl\/biznes\/kontrowersyjne-zmiany-w-prawie-geologicznym-ograniczajace-zabudowe,521008.html<\/a><\/p>\n\n\n\n<p><br><\/p>\n","protected":false},"excerpt":{"rendered":"<p>Sejm zako\u0144czy\u0142 prace nad przepisami geologicznymi ograniczaj\u0105cymi zabudow\u0119 dzia\u0142ek Autor, Renata Krupa-D\u0105browska Prawo.pl Data dodania: 17.08.2023 Pos\u0142owie odrzucili weto senackie do nowelizacji prawa geologicznego i g\u00f3rniczego. Nowe przepisy nie podobaj\u0105 si\u0119 m.in. ekologom i gminom g\u00f3rniczym. Ich zdaniem pozwalaj\u0105 one&#8230; <\/p>\n","protected":false},"author":2,"featured_media":4508,"comment_status":"open","ping_status":"open","sticky":false,"template":"","format":"standard","meta":{"_acf_changed":false,"_bbp_topic_count":0,"_bbp_reply_count":0,"_bbp_total_topic_count":0,"_bbp_total_reply_count":0,"_bbp_voice_count":0,"_bbp_anonymous_reply_count":0,"_bbp_topic_count_hidden":0,"_bbp_reply_count_hidden":0,"_bbp_forum_subforum_count":0,"om_disable_all_campaigns":false,"_monsterinsights_skip_tracking":false,"footnotes":""},"categories":[93],"tags":[],"class_list":["post-4501","post","type-post","status-publish","format-standard","has-post-thumbnail","hentry","category-artykuly"],"acf":[],"aioseo_notices":[],"aioseo_head":"\n\t\t<!-- All in One SEO 5.0.1.1 - aioseo.com -->\n\t<meta name=\"description\" content=\"Sejm zako\u0144czy\u0142 prace nad przepisami geologicznymi ograniczaj\u0105cymi zabudow\u0119 dzia\u0142ek Autor, Renata Krupa-D\u0105browska Prawo.pl Data dodania: 17.08.2023 Pos\u0142owie odrzucili weto senackie do nowelizacji prawa geologicznego i g\u00f3rniczego. Nowe przepisy nie podobaj\u0105 si\u0119 m.in. ekologom i gminom g\u00f3rniczym. Ich zdaniem pozwalaj\u0105 one arbitralnie decydowa\u0107 ministrowi klimatu i \u015brodowiska, kt\u00f3re z\u0142o\u017ca w Polsce zostan\u0105 uznane za strategiczne i\" \/>\n\t<meta name=\"robots\" content=\"max-image-preview:large\" \/>\n\t<meta name=\"author\" content=\"trinity\"\/>\n\t<link rel=\"canonical\" href=\"https:\/\/wia.net.pl\/index.php\/2023\/09\/12\/ograniczenia-zabudowy-dzialek-koniec-prac-sejmu\/\" \/>\n\t<meta name=\"generator\" content=\"All in One SEO (AIOSEO) 5.0.1.1\" \/>\n\t\t<meta property=\"og:locale\" content=\"pl_PL\" \/>\n\t\t<meta property=\"og:site_name\" content=\"Wolno\u015b\u0107 i Anarchia - Ka\u017cdy wewn\u0119trznie jest anarchist\u0105.\" \/>\n\t\t<meta property=\"og:type\" content=\"article\" \/>\n\t\t<meta property=\"og:title\" content=\"Ograniczenia zabudowy dzia\u0142ek \u2013 koniec prac sejmu - Wolno\u015b\u0107 i Anarchia\" \/>\n\t\t<meta property=\"og:description\" content=\"Sejm zako\u0144czy\u0142 prace nad przepisami geologicznymi ograniczaj\u0105cymi zabudow\u0119 dzia\u0142ek Autor, Renata Krupa-D\u0105browska Prawo.pl Data dodania: 17.08.2023 Pos\u0142owie odrzucili weto senackie do nowelizacji prawa geologicznego i g\u00f3rniczego. Nowe przepisy nie podobaj\u0105 si\u0119 m.in. ekologom i gminom g\u00f3rniczym. Ich zdaniem pozwalaj\u0105 one arbitralnie decydowa\u0107 ministrowi klimatu i \u015brodowiska, kt\u00f3re z\u0142o\u017ca w Polsce zostan\u0105 uznane za strategiczne i\" \/>\n\t\t<meta property=\"og:url\" content=\"https:\/\/wia.net.pl\/index.php\/2023\/09\/12\/ograniczenia-zabudowy-dzialek-koniec-prac-sejmu\/\" \/>\n\t\t<meta property=\"og:image\" content=\"https:\/\/wia.net.pl\/wp-content\/uploads\/2023\/11\/cropped-freedom-i73367.jpg\" \/>\n\t\t<meta property=\"og:image:secure_url\" content=\"https:\/\/wia.net.pl\/wp-content\/uploads\/2023\/11\/cropped-freedom-i73367.jpg\" \/>\n\t\t<meta property=\"article:published_time\" content=\"2023-09-12T21:50:58+00:00\" \/>\n\t\t<meta property=\"article:modified_time\" content=\"2023-09-12T21:54:36+00:00\" \/>\n\t\t<meta name=\"twitter:card\" content=\"summary_large_image\" \/>\n\t\t<meta name=\"twitter:title\" content=\"Ograniczenia zabudowy dzia\u0142ek \u2013 koniec prac sejmu - Wolno\u015b\u0107 i Anarchia\" \/>\n\t\t<meta name=\"twitter:description\" content=\"Sejm zako\u0144czy\u0142 prace nad przepisami geologicznymi ograniczaj\u0105cymi zabudow\u0119 dzia\u0142ek Autor, Renata Krupa-D\u0105browska Prawo.pl Data dodania: 17.08.2023 Pos\u0142owie odrzucili weto senackie do nowelizacji prawa geologicznego i g\u00f3rniczego. Nowe przepisy nie podobaj\u0105 si\u0119 m.in. ekologom i gminom g\u00f3rniczym. Ich zdaniem pozwalaj\u0105 one arbitralnie decydowa\u0107 ministrowi klimatu i \u015brodowiska, kt\u00f3re z\u0142o\u017ca w Polsce zostan\u0105 uznane za strategiczne i\" \/>\n\t\t<meta name=\"twitter:image\" content=\"https:\/\/wia.net.pl\/wp-content\/uploads\/2023\/11\/cropped-freedom-i73367.jpg\" \/>\n\t\t<script type=\"application\/ld+json\" class=\"aioseo-schema\">\n\t\t\t{\"@context\":\"https:\\\/\\\/schema.org\",\"@graph\":[{\"@type\":\"BlogPosting\",\"@id\":\"https:\\\/\\\/wia.net.pl\\\/index.php\\\/2023\\\/09\\\/12\\\/ograniczenia-zabudowy-dzialek-koniec-prac-sejmu\\\/#blogposting\",\"name\":\"Ograniczenia zabudowy dzia\\u0142ek \\u2013 koniec prac sejmu - Wolno\\u015b\\u0107 i Anarchia\",\"headline\":\"Ograniczenia zabudowy dzia\\u0142ek &#8211; koniec prac sejmu\",\"author\":{\"@id\":\"https:\\\/\\\/wia.net.pl\\\/index.php\\\/author\\\/trinity\\\/#author\"},\"publisher\":{\"@id\":\"https:\\\/\\\/wia.net.pl\\\/#person\"},\"image\":{\"@type\":\"ImageObject\",\"url\":\"https:\\\/\\\/wia.net.pl\\\/wp-content\\\/uploads\\\/2023\\\/09\\\/geo.jpg\",\"width\":1920,\"height\":1080},\"datePublished\":\"2023-09-12T23:50:58+02:00\",\"dateModified\":\"2023-09-12T23:54:36+02:00\",\"inLanguage\":\"pl-PL\",\"mainEntityOfPage\":{\"@id\":\"https:\\\/\\\/wia.net.pl\\\/index.php\\\/2023\\\/09\\\/12\\\/ograniczenia-zabudowy-dzialek-koniec-prac-sejmu\\\/#webpage\"},\"isPartOf\":{\"@id\":\"https:\\\/\\\/wia.net.pl\\\/index.php\\\/2023\\\/09\\\/12\\\/ograniczenia-zabudowy-dzialek-koniec-prac-sejmu\\\/#webpage\"},\"articleSection\":\"Artyku\\u0142y\"},{\"@type\":\"BreadcrumbList\",\"@id\":\"https:\\\/\\\/wia.net.pl\\\/index.php\\\/2023\\\/09\\\/12\\\/ograniczenia-zabudowy-dzialek-koniec-prac-sejmu\\\/#breadcrumblist\",\"itemListElement\":[{\"@type\":\"ListItem\",\"@id\":\"https:\\\/\\\/wia.net.pl#listItem\",\"position\":1,\"name\":\"Home\",\"item\":\"https:\\\/\\\/wia.net.pl\",\"nextItem\":{\"@type\":\"ListItem\",\"@id\":\"https:\\\/\\\/wia.net.pl\\\/index.php\\\/category\\\/artykuly\\\/#listItem\",\"name\":\"Artyku\\u0142y\"}},{\"@type\":\"ListItem\",\"@id\":\"https:\\\/\\\/wia.net.pl\\\/index.php\\\/category\\\/artykuly\\\/#listItem\",\"position\":2,\"name\":\"Artyku\\u0142y\",\"item\":\"https:\\\/\\\/wia.net.pl\\\/index.php\\\/category\\\/artykuly\\\/\",\"nextItem\":{\"@type\":\"ListItem\",\"@id\":\"https:\\\/\\\/wia.net.pl\\\/index.php\\\/2023\\\/09\\\/12\\\/ograniczenia-zabudowy-dzialek-koniec-prac-sejmu\\\/#listItem\",\"name\":\"Ograniczenia zabudowy dzia\\u0142ek &#8211; koniec prac sejmu\"},\"previousItem\":{\"@type\":\"ListItem\",\"@id\":\"https:\\\/\\\/wia.net.pl#listItem\",\"name\":\"Home\"}},{\"@type\":\"ListItem\",\"@id\":\"https:\\\/\\\/wia.net.pl\\\/index.php\\\/2023\\\/09\\\/12\\\/ograniczenia-zabudowy-dzialek-koniec-prac-sejmu\\\/#listItem\",\"position\":3,\"name\":\"Ograniczenia zabudowy dzia\\u0142ek &#8211; koniec prac sejmu\",\"previousItem\":{\"@type\":\"ListItem\",\"@id\":\"https:\\\/\\\/wia.net.pl\\\/index.php\\\/category\\\/artykuly\\\/#listItem\",\"name\":\"Artyku\\u0142y\"}}]},{\"@type\":\"Person\",\"@id\":\"https:\\\/\\\/wia.net.pl\\\/#person\",\"name\":\"Bart\\u0142omiej Talarczyk\",\"image\":{\"@type\":\"ImageObject\",\"@id\":\"https:\\\/\\\/wia.net.pl\\\/index.php\\\/2023\\\/09\\\/12\\\/ograniczenia-zabudowy-dzialek-koniec-prac-sejmu\\\/#personImage\",\"url\":\"https:\\\/\\\/wia.net.pl\\\/wp-content\\\/uploads\\\/avatar-privacy\\\/cache\\\/user\\\/1\\\/7\\\/176a6b161c58363ff49b5c167264231f519f5c7fa183ca1f61e891769b6b56d5-96.jpg\",\"width\":96,\"height\":96,\"caption\":\"Bart\\u0142omiej Talarczyk\"}},{\"@type\":\"Person\",\"@id\":\"https:\\\/\\\/wia.net.pl\\\/index.php\\\/author\\\/trinity\\\/#author\",\"url\":\"https:\\\/\\\/wia.net.pl\\\/index.php\\\/author\\\/trinity\\\/\",\"name\":\"trinity\",\"image\":{\"@type\":\"ImageObject\",\"@id\":\"https:\\\/\\\/wia.net.pl\\\/index.php\\\/2023\\\/09\\\/12\\\/ograniczenia-zabudowy-dzialek-koniec-prac-sejmu\\\/#authorImage\",\"url\":\"https:\\\/\\\/wia.net.pl\\\/wp-content\\\/uploads\\\/avatar-privacy\\\/cache\\\/user\\\/5\\\/f\\\/5f6547cf82495eaa10e100a6a45d5dbde2dfdc1be88557de2018fca705bdf6f1-96.jpg\",\"width\":96,\"height\":96,\"caption\":\"trinity\"}},{\"@type\":\"WebPage\",\"@id\":\"https:\\\/\\\/wia.net.pl\\\/index.php\\\/2023\\\/09\\\/12\\\/ograniczenia-zabudowy-dzialek-koniec-prac-sejmu\\\/#webpage\",\"url\":\"https:\\\/\\\/wia.net.pl\\\/index.php\\\/2023\\\/09\\\/12\\\/ograniczenia-zabudowy-dzialek-koniec-prac-sejmu\\\/\",\"name\":\"Ograniczenia zabudowy dzia\\u0142ek \\u2013 koniec prac sejmu - Wolno\\u015b\\u0107 i Anarchia\",\"description\":\"Sejm zako\\u0144czy\\u0142 prace nad przepisami geologicznymi ograniczaj\\u0105cymi zabudow\\u0119 dzia\\u0142ek Autor, Renata Krupa-D\\u0105browska Prawo.pl Data dodania: 17.08.2023 Pos\\u0142owie odrzucili weto senackie do nowelizacji prawa geologicznego i g\\u00f3rniczego. Nowe przepisy nie podobaj\\u0105 si\\u0119 m.in. ekologom i gminom g\\u00f3rniczym. Ich zdaniem pozwalaj\\u0105 one arbitralnie decydowa\\u0107 ministrowi klimatu i \\u015brodowiska, kt\\u00f3re z\\u0142o\\u017ca w Polsce zostan\\u0105 uznane za strategiczne i\",\"inLanguage\":\"pl-PL\",\"isPartOf\":{\"@id\":\"https:\\\/\\\/wia.net.pl\\\/#website\"},\"breadcrumb\":{\"@id\":\"https:\\\/\\\/wia.net.pl\\\/index.php\\\/2023\\\/09\\\/12\\\/ograniczenia-zabudowy-dzialek-koniec-prac-sejmu\\\/#breadcrumblist\"},\"author\":{\"@id\":\"https:\\\/\\\/wia.net.pl\\\/index.php\\\/author\\\/trinity\\\/#author\"},\"creator\":{\"@id\":\"https:\\\/\\\/wia.net.pl\\\/index.php\\\/author\\\/trinity\\\/#author\"},\"image\":{\"@type\":\"ImageObject\",\"url\":\"https:\\\/\\\/wia.net.pl\\\/wp-content\\\/uploads\\\/2023\\\/09\\\/geo.jpg\",\"@id\":\"https:\\\/\\\/wia.net.pl\\\/index.php\\\/2023\\\/09\\\/12\\\/ograniczenia-zabudowy-dzialek-koniec-prac-sejmu\\\/#mainImage\",\"width\":1920,\"height\":1080},\"primaryImageOfPage\":{\"@id\":\"https:\\\/\\\/wia.net.pl\\\/index.php\\\/2023\\\/09\\\/12\\\/ograniczenia-zabudowy-dzialek-koniec-prac-sejmu\\\/#mainImage\"},\"datePublished\":\"2023-09-12T23:50:58+02:00\",\"dateModified\":\"2023-09-12T23:54:36+02:00\"},{\"@type\":\"WebSite\",\"@id\":\"https:\\\/\\\/wia.net.pl\\\/#website\",\"url\":\"https:\\\/\\\/wia.net.pl\\\/\",\"name\":\"Wolno\\u015b\\u0107 i Anarchia\",\"description\":\"Ka\\u017cdy wewn\\u0119trznie jest anarchist\\u0105.\",\"inLanguage\":\"pl-PL\",\"publisher\":{\"@id\":\"https:\\\/\\\/wia.net.pl\\\/#person\"}}]}\n\t\t<\/script>\n\t\t<!-- All in One SEO -->\n\n","aioseo_head_json":{"title":"Ograniczenia zabudowy dzia\u0142ek \u2013 koniec prac sejmu - Wolno\u015b\u0107 i Anarchia","description":"Sejm zako\u0144czy\u0142 prace nad przepisami geologicznymi ograniczaj\u0105cymi zabudow\u0119 dzia\u0142ek Autor, Renata Krupa-D\u0105browska Prawo.pl Data dodania: 17.08.2023 Pos\u0142owie odrzucili weto senackie do nowelizacji prawa geologicznego i g\u00f3rniczego. Nowe przepisy nie podobaj\u0105 si\u0119 m.in. ekologom i gminom g\u00f3rniczym. Ich zdaniem pozwalaj\u0105 one arbitralnie decydowa\u0107 ministrowi klimatu i \u015brodowiska, kt\u00f3re z\u0142o\u017ca w Polsce zostan\u0105 uznane za strategiczne i","canonical_url":"https:\/\/wia.net.pl\/index.php\/2023\/09\/12\/ograniczenia-zabudowy-dzialek-koniec-prac-sejmu\/","robots":"max-image-preview:large","keywords":"","webmasterTools":{"miscellaneous":""},"schema":{"@context":"https:\/\/schema.org","@graph":[{"@type":"BlogPosting","@id":"https:\/\/wia.net.pl\/index.php\/2023\/09\/12\/ograniczenia-zabudowy-dzialek-koniec-prac-sejmu\/#blogposting","name":"Ograniczenia zabudowy dzia\u0142ek \u2013 koniec prac sejmu - Wolno\u015b\u0107 i Anarchia","headline":"Ograniczenia zabudowy dzia\u0142ek &#8211; koniec prac sejmu","author":{"@id":"https:\/\/wia.net.pl\/index.php\/author\/trinity\/#author"},"publisher":{"@id":"https:\/\/wia.net.pl\/#person"},"image":{"@type":"ImageObject","url":"https:\/\/wia.net.pl\/wp-content\/uploads\/2023\/09\/geo.jpg","width":1920,"height":1080},"datePublished":"2023-09-12T23:50:58+02:00","dateModified":"2023-09-12T23:54:36+02:00","inLanguage":"pl-PL","mainEntityOfPage":{"@id":"https:\/\/wia.net.pl\/index.php\/2023\/09\/12\/ograniczenia-zabudowy-dzialek-koniec-prac-sejmu\/#webpage"},"isPartOf":{"@id":"https:\/\/wia.net.pl\/index.php\/2023\/09\/12\/ograniczenia-zabudowy-dzialek-koniec-prac-sejmu\/#webpage"},"articleSection":"Artyku\u0142y"},{"@type":"BreadcrumbList","@id":"https:\/\/wia.net.pl\/index.php\/2023\/09\/12\/ograniczenia-zabudowy-dzialek-koniec-prac-sejmu\/#breadcrumblist","itemListElement":[{"@type":"ListItem","@id":"https:\/\/wia.net.pl#listItem","position":1,"name":"Home","item":"https:\/\/wia.net.pl","nextItem":{"@type":"ListItem","@id":"https:\/\/wia.net.pl\/index.php\/category\/artykuly\/#listItem","name":"Artyku\u0142y"}},{"@type":"ListItem","@id":"https:\/\/wia.net.pl\/index.php\/category\/artykuly\/#listItem","position":2,"name":"Artyku\u0142y","item":"https:\/\/wia.net.pl\/index.php\/category\/artykuly\/","nextItem":{"@type":"ListItem","@id":"https:\/\/wia.net.pl\/index.php\/2023\/09\/12\/ograniczenia-zabudowy-dzialek-koniec-prac-sejmu\/#listItem","name":"Ograniczenia zabudowy dzia\u0142ek &#8211; koniec prac sejmu"},"previousItem":{"@type":"ListItem","@id":"https:\/\/wia.net.pl#listItem","name":"Home"}},{"@type":"ListItem","@id":"https:\/\/wia.net.pl\/index.php\/2023\/09\/12\/ograniczenia-zabudowy-dzialek-koniec-prac-sejmu\/#listItem","position":3,"name":"Ograniczenia zabudowy dzia\u0142ek &#8211; koniec prac sejmu","previousItem":{"@type":"ListItem","@id":"https:\/\/wia.net.pl\/index.php\/category\/artykuly\/#listItem","name":"Artyku\u0142y"}}]},{"@type":"Person","@id":"https:\/\/wia.net.pl\/#person","name":"Bart\u0142omiej Talarczyk","image":{"@type":"ImageObject","@id":"https:\/\/wia.net.pl\/index.php\/2023\/09\/12\/ograniczenia-zabudowy-dzialek-koniec-prac-sejmu\/#personImage","url":"https:\/\/wia.net.pl\/wp-content\/uploads\/avatar-privacy\/cache\/user\/1\/7\/176a6b161c58363ff49b5c167264231f519f5c7fa183ca1f61e891769b6b56d5-96.jpg","width":96,"height":96,"caption":"Bart\u0142omiej Talarczyk"}},{"@type":"Person","@id":"https:\/\/wia.net.pl\/index.php\/author\/trinity\/#author","url":"https:\/\/wia.net.pl\/index.php\/author\/trinity\/","name":"trinity","image":{"@type":"ImageObject","@id":"https:\/\/wia.net.pl\/index.php\/2023\/09\/12\/ograniczenia-zabudowy-dzialek-koniec-prac-sejmu\/#authorImage","url":"https:\/\/wia.net.pl\/wp-content\/uploads\/avatar-privacy\/cache\/user\/5\/f\/5f6547cf82495eaa10e100a6a45d5dbde2dfdc1be88557de2018fca705bdf6f1-96.jpg","width":96,"height":96,"caption":"trinity"}},{"@type":"WebPage","@id":"https:\/\/wia.net.pl\/index.php\/2023\/09\/12\/ograniczenia-zabudowy-dzialek-koniec-prac-sejmu\/#webpage","url":"https:\/\/wia.net.pl\/index.php\/2023\/09\/12\/ograniczenia-zabudowy-dzialek-koniec-prac-sejmu\/","name":"Ograniczenia zabudowy dzia\u0142ek \u2013 koniec prac sejmu - Wolno\u015b\u0107 i Anarchia","description":"Sejm zako\u0144czy\u0142 prace nad przepisami geologicznymi ograniczaj\u0105cymi zabudow\u0119 dzia\u0142ek Autor, Renata Krupa-D\u0105browska Prawo.pl Data dodania: 17.08.2023 Pos\u0142owie odrzucili weto senackie do nowelizacji prawa geologicznego i g\u00f3rniczego. Nowe przepisy nie podobaj\u0105 si\u0119 m.in. ekologom i gminom g\u00f3rniczym. Ich zdaniem pozwalaj\u0105 one arbitralnie decydowa\u0107 ministrowi klimatu i \u015brodowiska, kt\u00f3re z\u0142o\u017ca w Polsce zostan\u0105 uznane za strategiczne i","inLanguage":"pl-PL","isPartOf":{"@id":"https:\/\/wia.net.pl\/#website"},"breadcrumb":{"@id":"https:\/\/wia.net.pl\/index.php\/2023\/09\/12\/ograniczenia-zabudowy-dzialek-koniec-prac-sejmu\/#breadcrumblist"},"author":{"@id":"https:\/\/wia.net.pl\/index.php\/author\/trinity\/#author"},"creator":{"@id":"https:\/\/wia.net.pl\/index.php\/author\/trinity\/#author"},"image":{"@type":"ImageObject","url":"https:\/\/wia.net.pl\/wp-content\/uploads\/2023\/09\/geo.jpg","@id":"https:\/\/wia.net.pl\/index.php\/2023\/09\/12\/ograniczenia-zabudowy-dzialek-koniec-prac-sejmu\/#mainImage","width":1920,"height":1080},"primaryImageOfPage":{"@id":"https:\/\/wia.net.pl\/index.php\/2023\/09\/12\/ograniczenia-zabudowy-dzialek-koniec-prac-sejmu\/#mainImage"},"datePublished":"2023-09-12T23:50:58+02:00","dateModified":"2023-09-12T23:54:36+02:00"},{"@type":"WebSite","@id":"https:\/\/wia.net.pl\/#website","url":"https:\/\/wia.net.pl\/","name":"Wolno\u015b\u0107 i Anarchia","description":"Ka\u017cdy wewn\u0119trznie jest anarchist\u0105.","inLanguage":"pl-PL","publisher":{"@id":"https:\/\/wia.net.pl\/#person"}}]},"og:locale":"pl_PL","og:site_name":"Wolno\u015b\u0107 i Anarchia - Ka\u017cdy wewn\u0119trznie jest anarchist\u0105.","og:type":"article","og:title":"Ograniczenia zabudowy dzia\u0142ek \u2013 koniec prac sejmu - Wolno\u015b\u0107 i Anarchia","og:description":"Sejm zako\u0144czy\u0142 prace nad przepisami geologicznymi ograniczaj\u0105cymi zabudow\u0119 dzia\u0142ek Autor, Renata Krupa-D\u0105browska Prawo.pl Data dodania: 17.08.2023 Pos\u0142owie odrzucili weto senackie do nowelizacji prawa geologicznego i g\u00f3rniczego. Nowe przepisy nie podobaj\u0105 si\u0119 m.in. ekologom i gminom g\u00f3rniczym. Ich zdaniem pozwalaj\u0105 one arbitralnie decydowa\u0107 ministrowi klimatu i \u015brodowiska, kt\u00f3re z\u0142o\u017ca w Polsce zostan\u0105 uznane za strategiczne i","og:url":"https:\/\/wia.net.pl\/index.php\/2023\/09\/12\/ograniczenia-zabudowy-dzialek-koniec-prac-sejmu\/","og:image":"https:\/\/wia.net.pl\/wp-content\/uploads\/2023\/11\/cropped-freedom-i73367.jpg","og:image:secure_url":"https:\/\/wia.net.pl\/wp-content\/uploads\/2023\/11\/cropped-freedom-i73367.jpg","article:published_time":"2023-09-12T21:50:58+00:00","article:modified_time":"2023-09-12T21:54:36+00:00","twitter:card":"summary_large_image","twitter:title":"Ograniczenia zabudowy dzia\u0142ek \u2013 koniec prac sejmu - Wolno\u015b\u0107 i Anarchia","twitter:description":"Sejm zako\u0144czy\u0142 prace nad przepisami geologicznymi ograniczaj\u0105cymi zabudow\u0119 dzia\u0142ek Autor, Renata Krupa-D\u0105browska Prawo.pl Data dodania: 17.08.2023 Pos\u0142owie odrzucili weto senackie do nowelizacji prawa geologicznego i g\u00f3rniczego. Nowe przepisy nie podobaj\u0105 si\u0119 m.in. ekologom i gminom g\u00f3rniczym. Ich zdaniem pozwalaj\u0105 one arbitralnie decydowa\u0107 ministrowi klimatu i \u015brodowiska, kt\u00f3re z\u0142o\u017ca w Polsce zostan\u0105 uznane za strategiczne i","twitter:image":"https:\/\/wia.net.pl\/wp-content\/uploads\/2023\/11\/cropped-freedom-i73367.jpg"},"aioseo_meta_data":{"post_id":"4501","title":null,"description":null,"keywords":[],"keyphrases":{"focus":{"keyphrase":"","score":0,"analysis":{"keyphraseInTitle":{"score":0,"maxScore":9,"error":1}}},"additional":[]},"primary_term":null,"canonical_url":null,"og_title":null,"og_description":null,"og_object_type":"default","og_image_type":"default","og_image_url":null,"og_image_width":null,"og_image_height":null,"og_image_custom_url":null,"og_image_custom_fields":null,"og_video":"","og_custom_url":null,"og_article_section":null,"og_article_tags":[],"twitter_use_og":false,"twitter_card":"default","twitter_image_type":"default","twitter_image_url":null,"twitter_image_custom_url":null,"twitter_image_custom_fields":null,"twitter_title":null,"twitter_description":null,"schema":{"blockGraphs":[],"customGraphs":[],"default":{"data":{"Article":[],"Course":[],"Dataset":[],"FAQPage":[],"Movie":[],"Person":[],"Product":[],"ProductReview":[],"Car":[],"Recipe":[],"Service":[],"SoftwareApplication":[],"WebPage":[]},"graphName":"BlogPosting","isEnabled":true},"graphs":[]},"schema_type":"default","schema_type_options":null,"pillar_content":false,"robots_default":true,"robots_noindex":false,"robots_noarchive":false,"robots_nosnippet":false,"robots_nofollow":false,"robots_noimageindex":false,"robots_noodp":false,"robots_notranslate":false,"robots_max_snippet":"-1","robots_max_videopreview":"-1","robots_max_imagepreview":"large","priority":null,"frequency":"default","local_seo":null,"breadcrumb_settings":null,"limit_modified_date":false,"ai":null,"created":"2023-09-12 21:50:58","updated":"2025-06-04 09:17:48","seo_analyzer_scan_date":null,"focus_keyword":null,"additional_keywords":null,"truseo_locale":null},"aioseo_breadcrumb":"<div class=\"aioseo-breadcrumbs\"><span class=\"aioseo-breadcrumb\">\n\t\t\t<a href=\"https:\/\/wia.net.pl\" title=\"Home\">Home<\/a>\n\t\t<\/span><span class=\"aioseo-breadcrumb-separator\">&raquo;<\/span><span class=\"aioseo-breadcrumb\">\n\t\t\t<a href=\"https:\/\/wia.net.pl\/index.php\/category\/artykuly\/\" title=\"Artyku\u0142y\">Artyku\u0142y<\/a>\n\t\t<\/span><span class=\"aioseo-breadcrumb-separator\">&raquo;<\/span><span class=\"aioseo-breadcrumb\">\n\t\t\tOgraniczenia zabudowy dzia\u0142ek \u2013 koniec prac sejmu\n\t\t<\/span><\/div>","aioseo_breadcrumb_json":[{"label":"Home","link":"https:\/\/wia.net.pl"},{"label":"Artyku\u0142y","link":"https:\/\/wia.net.pl\/index.php\/category\/artykuly\/"},{"label":"Ograniczenia zabudowy dzia\u0142ek &#8211; koniec prac sejmu","link":"https:\/\/wia.net.pl\/index.php\/2023\/09\/12\/ograniczenia-zabudowy-dzialek-koniec-prac-sejmu\/"}],"_links":{"self":[{"href":"https:\/\/wia.net.pl\/index.php\/wp-json\/wp\/v2\/posts\/4501"}],"collection":[{"href":"https:\/\/wia.net.pl\/index.php\/wp-json\/wp\/v2\/posts"}],"about":[{"href":"https:\/\/wia.net.pl\/index.php\/wp-json\/wp\/v2\/types\/post"}],"author":[{"embeddable":true,"href":"https:\/\/wia.net.pl\/index.php\/wp-json\/wp\/v2\/users\/2"}],"replies":[{"embeddable":true,"href":"https:\/\/wia.net.pl\/index.php\/wp-json\/wp\/v2\/comments?post=4501"}],"version-history":[{"count":2,"href":"https:\/\/wia.net.pl\/index.php\/wp-json\/wp\/v2\/posts\/4501\/revisions"}],"predecessor-version":[{"id":4509,"href":"https:\/\/wia.net.pl\/index.php\/wp-json\/wp\/v2\/posts\/4501\/revisions\/4509"}],"wp:featuredmedia":[{"embeddable":true,"href":"https:\/\/wia.net.pl\/index.php\/wp-json\/wp\/v2\/media\/4508"}],"wp:attachment":[{"href":"https:\/\/wia.net.pl\/index.php\/wp-json\/wp\/v2\/media?parent=4501"}],"wp:term":[{"taxonomy":"category","embeddable":true,"href":"https:\/\/wia.net.pl\/index.php\/wp-json\/wp\/v2\/categories?post=4501"},{"taxonomy":"post_tag","embeddable":true,"href":"https:\/\/wia.net.pl\/index.php\/wp-json\/wp\/v2\/tags?post=4501"}],"curies":[{"name":"wp","href":"https:\/\/api.w.org\/{rel}","templated":true}]}}