{"id":4510,"date":"2023-09-13T00:07:10","date_gmt":"2023-09-12T22:07:10","guid":{"rendered":"https:\/\/wia.net.pl\/?p=4510"},"modified":"2023-09-13T00:07:10","modified_gmt":"2023-09-12T22:07:10","slug":"najglebszy-odwiert-geotermalny-powstaje-w-polsce","status":"publish","type":"post","link":"https:\/\/wia.net.pl\/index.php\/2023\/09\/13\/najglebszy-odwiert-geotermalny-powstaje-w-polsce\/","title":{"rendered":"Najg\u0142\u0119bszy odwiert geotermalny powstaje w Polsce.\u00a0"},"content":{"rendered":"\n<p>Najg\u0142\u0119bszy taki odwiert powstaje w Polsce. Rusza kolejny etap wierce\u0144<\/p>\n\n\n\n<p><a href=\"https:\/\/businessinsider.com.pl\/\">BUSINESS INSIDER<\/a><\/p>\n\n\n\n<p>21 lipca 2023<\/p>\n\n\n\n<figure class=\"wp-block-image size-large\"><img loading=\"lazy\" decoding=\"async\" width=\"1024\" height=\"683\" src=\"https:\/\/wia.net.pl\/wp-content\/uploads\/2023\/09\/QUJDREVGfjQrJiR2eTxzIWh-cCw_ZX13P2ZoZ3l2Y2V6PGJqMC49MDghIip4ICMgOiUlNXg3PXorNDtqIHZ-MSM3Iik3Pn4wJyY3IXkjYmBzcWIhMGpmNil2f3EycWN4K3BhfXt3ZjR8dTB9M3VoY35mLw-1024x683.webp\" alt=\"\" class=\"wp-image-4511\" srcset=\"https:\/\/wia.net.pl\/wp-content\/uploads\/2023\/09\/QUJDREVGfjQrJiR2eTxzIWh-cCw_ZX13P2ZoZ3l2Y2V6PGJqMC49MDghIip4ICMgOiUlNXg3PXorNDtqIHZ-MSM3Iik3Pn4wJyY3IXkjYmBzcWIhMGpmNil2f3EycWN4K3BhfXt3ZjR8dTB9M3VoY35mLw-1024x683.webp 1024w, https:\/\/wia.net.pl\/wp-content\/uploads\/2023\/09\/QUJDREVGfjQrJiR2eTxzIWh-cCw_ZX13P2ZoZ3l2Y2V6PGJqMC49MDghIip4ICMgOiUlNXg3PXorNDtqIHZ-MSM3Iik3Pn4wJyY3IXkjYmBzcWIhMGpmNil2f3EycWN4K3BhfXt3ZjR8dTB9M3VoY35mLw-300x200.webp 300w, https:\/\/wia.net.pl\/wp-content\/uploads\/2023\/09\/QUJDREVGfjQrJiR2eTxzIWh-cCw_ZX13P2ZoZ3l2Y2V6PGJqMC49MDghIip4ICMgOiUlNXg3PXorNDtqIHZ-MSM3Iik3Pn4wJyY3IXkjYmBzcWIhMGpmNil2f3EycWN4K3BhfXt3ZjR8dTB9M3VoY35mLw-768x512.webp 768w, https:\/\/wia.net.pl\/wp-content\/uploads\/2023\/09\/QUJDREVGfjQrJiR2eTxzIWh-cCw_ZX13P2ZoZ3l2Y2V6PGJqMC49MDghIip4ICMgOiUlNXg3PXorNDtqIHZ-MSM3Iik3Pn4wJyY3IXkjYmBzcWIhMGpmNil2f3EycWN4K3BhfXt3ZjR8dTB9M3VoY35mLw.webp 1200w\" sizes=\"(max-width: 1024px) 100vw, 1024px\" \/><\/figure>\n\n\n\n<p>Wie\u017ca wiertnicza w Szaflarach. Odwiert ma si\u0119ga\u0107 na g\u0142\u0119boko\u015b\u0107 7 km (East News, Pawel Murzyn)<\/p>\n\n\n\n<p>Najg\u0142\u0119bszy odwiert geotermalny na \u015bwiecie powstaje w Polsce. W podhala\u0144skich Szaflarach rusza kolejny etap wierce\u0144 \u2014 ekipy dotar\u0142y ju\u017c na g\u0142\u0119boko\u015b\u0107 2,5 km. Docelowo maj\u0105 osi\u0105gn\u0105\u0107 poziom 7 km pod powierzchni\u0105 ziemi.<\/p>\n\n\n\n<p>Wiercenie siedmiokilometrowego odwiertu geotermalnego w Szaflarach zosta\u0142o rozpocz\u0119te w kwietniu tego roku. Prace maj\u0105 potrwa\u0107 do po\u0142owy 2024 r. Na dnie odwiertu spodziewane jest&nbsp;<strong>\u017ar\u00f3d\u0142o geotermalne o temperaturze nawet powy\u017cej 150 st. C.&nbsp;<\/strong>Gor\u0105ca woda ma by\u0107 wykorzystywana g\u0142\u00f3wnie do ogrzewania budynk\u00f3w w gminie Szaflary i Nowym Targu. Brana jest te\u017c pod uwag\u0119 produkcja pr\u0105du<\/p>\n\n\n\n<p>\u2014 Obecnie s\u0105 prowadzone prace przygotowawcze do zapuszczenia kolejnej sekcji rur o mniejszej \u015brednicy, 13 i 3\/8 cala \u2014 relacjonowa\u0142 dla PAP dr Piotr D\u0142ugosz, sprawuj\u0105cy nadz\u00f3r i doz\u00f3r geologiczny nad odwiertem. Doda\u0142, \u017ce to wa\u017cny etap, bo&nbsp;<strong>na tych rurach b\u0119dzie oparta ca\u0142a konstrukcja pozosta\u0142ej cz\u0119\u015bci odwiertu.&nbsp;<\/strong>Poinformowa\u0142, \u017ce pierwszy etap, ju\u017c zacementowany, ma \u015brednic\u0119 18 i 5\/8 cala.<\/p>\n\n\n\n<h2 class=\"wp-block-heading\">Dalsze prace<\/h2>\n\n\n\n<p>\u2014 Wszystko przebiega\u0142o zgodnie z planem, jednak im g\u0142\u0119biej, tym zadanie b\u0119dzie bardziej skomplikowane. Przed nami jest przewiercenie g\u0142\u00f3wnego zbiornika w\u00f3d termalnych, czyli utworu triasu \u015brodkowego i dolnego.&nbsp;<a href=\"https:\/\/businessinsider.com.pl\/wiadomosci\/najglebszy-odwiert-swiata-juz-widac-efekty-prac\/zhqf5re\">Dzi\u0119ki temu b\u0119dziemy wiedzieli, jakie s\u0105 zasoby wody na tej g\u0142\u0119boko\u015bci \u2014<\/a>&nbsp;wyja\u015bni\u0142 dr D\u0142ugosz. Kolejnym etapem jest zapuszczenie rur do tego poziomu i ich zacementowanie.<\/p>\n\n\n\n<p>Na obecnym etapie ekipy maj\u0105 do przewiercenia oko\u0142o 800 m.\u00a0<strong>Do tej pory post\u0119py wiercenia w warstwie fliszu osi\u0105ga\u0142y od 100 m do 10 m dziennie<\/strong>. W warstwie triasu \u015brodkowego spodziewane s\u0105 utwory w\u0119glanowe \u2014 dolomity i wapienie, wi\u0119c post\u0119p prac mo\u017ce by\u0107 szybszy.<\/p>\n\n\n\n<p>\u2014 P\u00f3\u017aniej rozpoczniemy kolejny etap, czyli sprawdzimy dolny zbiornik, kt\u00f3ry by\u0142 widoczny podczas bada\u0144 sejsmicznych na g\u0142\u0119boko\u015bci oko\u0142o 4,5 tys. m \u2014 relacjonowa\u0142 D\u0142ugosz. Zwr\u00f3ci\u0142 uwag\u0119, \u017ce g\u0142\u0119boko\u015bci te nie s\u0105 jeszcze zbadane pod wzgl\u0119dem w\u00f3d geotermalnych.<\/p>\n\n\n\n<h2 class=\"wp-block-heading\">Chc\u0105 zej\u015b\u0107 na 7 km<\/h2>\n\n\n\n<p>Wszystkie \u017ar\u00f3d\u0142a termalne, na kt\u00f3re natrafi\u0105 ekipy, b\u0119d\u0105 badane pod wzgl\u0119dem temperatury i obj\u0119to\u015bci. Po wykonaniu ca\u0142ego odwiertu, w oparciu o przeprowadzone badania, zostanie podj\u0119ta decyzja, z kt\u00f3rej g\u0142\u0119boko\u015bci wody geotermalne b\u0119d\u0105 eksploatowane. Najlepsze parametry spodziewane s\u0105 na dnie odwiertu, czyli na g\u0142\u0119boko\u015bci 7 km.<\/p>\n\n\n\n<p>Ca\u0142kowity koszt inwestycji w\u00a0<a href=\"https:\/\/businessinsider.com.pl\/szaflary\">Szaflarach\u00a0<\/a>to 132 mln z\u0142. Prace w ca\u0142o\u015bci finansuje Narodowy Fundusz Ochrony \u015arodowiska i Gospodarki Wodnej.<\/p>\n\n\n\n<p>\u0179r\u00f3d\u0142o <a href=\"https:\/\/businessinsider.com.pl\/wiadomosci\/geotermia-w-polsce-schodzi-coraz-glebiej-kolejny-etap-wiercen\/tg5074j\">https:\/\/businessinsider.com.pl\/wiadomosci\/geotermia-w-polsce-schodzi-coraz-glebiej-kolejny-etap-wiercen\/tg5074j<\/a><\/p>\n","protected":false},"excerpt":{"rendered":"<p>Najg\u0142\u0119bszy taki odwiert powstaje w Polsce. Rusza kolejny etap wierce\u0144 BUSINESS INSIDER 21 lipca 2023 Wie\u017ca wiertnicza w Szaflarach. Odwiert ma si\u0119ga\u0107 na g\u0142\u0119boko\u015b\u0107 7 km (East News, Pawel Murzyn) Najg\u0142\u0119bszy odwiert geotermalny na \u015bwiecie powstaje w Polsce. W podhala\u0144skich&#8230; <\/p>\n","protected":false},"author":2,"featured_media":4511,"comment_status":"open","ping_status":"open","sticky":false,"template":"","format":"standard","meta":{"_acf_changed":false,"_bbp_topic_count":0,"_bbp_reply_count":0,"_bbp_total_topic_count":0,"_bbp_total_reply_count":0,"_bbp_voice_count":0,"_bbp_anonymous_reply_count":0,"_bbp_topic_count_hidden":0,"_bbp_reply_count_hidden":0,"_bbp_forum_subforum_count":0,"om_disable_all_campaigns":false,"_monsterinsights_skip_tracking":false,"footnotes":""},"categories":[93],"tags":[],"class_list":["post-4510","post","type-post","status-publish","format-standard","has-post-thumbnail","hentry","category-artykuly"],"acf":[],"aioseo_notices":[],"aioseo_head":"\n\t\t<!-- All in One SEO 5.0.1.1 - aioseo.com -->\n\t<meta name=\"description\" content=\"Najg\u0142\u0119bszy taki odwiert powstaje w Polsce. Rusza kolejny etap wierce\u0144 BUSINESS INSIDER 21 lipca 2023 Wie\u017ca wiertnicza w Szaflarach. Odwiert ma si\u0119ga\u0107 na g\u0142\u0119boko\u015b\u0107 7 km (East News, Pawel Murzyn) Najg\u0142\u0119bszy odwiert geotermalny na \u015bwiecie powstaje w Polsce. W podhala\u0144skich Szaflarach rusza kolejny etap wierce\u0144 \u2014 ekipy dotar\u0142y ju\u017c na g\u0142\u0119boko\u015b\u0107 2,5 km. Docelowo maj\u0105\" \/>\n\t<meta name=\"robots\" content=\"max-image-preview:large\" \/>\n\t<meta name=\"author\" content=\"trinity\"\/>\n\t<link rel=\"canonical\" href=\"https:\/\/wia.net.pl\/index.php\/2023\/09\/13\/najglebszy-odwiert-geotermalny-powstaje-w-polsce\/\" \/>\n\t<meta name=\"generator\" content=\"All in One SEO (AIOSEO) 5.0.1.1\" \/>\n\t\t<meta property=\"og:locale\" content=\"pl_PL\" \/>\n\t\t<meta property=\"og:site_name\" content=\"Wolno\u015b\u0107 i Anarchia - Ka\u017cdy wewn\u0119trznie jest anarchist\u0105.\" \/>\n\t\t<meta property=\"og:type\" content=\"article\" \/>\n\t\t<meta property=\"og:title\" content=\"Najg\u0142\u0119bszy odwiert geotermalny powstaje w Polsce. - Wolno\u015b\u0107 i Anarchia\" \/>\n\t\t<meta property=\"og:description\" content=\"Najg\u0142\u0119bszy taki odwiert powstaje w Polsce. Rusza kolejny etap wierce\u0144 BUSINESS INSIDER 21 lipca 2023 Wie\u017ca wiertnicza w Szaflarach. Odwiert ma si\u0119ga\u0107 na g\u0142\u0119boko\u015b\u0107 7 km (East News, Pawel Murzyn) Najg\u0142\u0119bszy odwiert geotermalny na \u015bwiecie powstaje w Polsce. W podhala\u0144skich Szaflarach rusza kolejny etap wierce\u0144 \u2014 ekipy dotar\u0142y ju\u017c na g\u0142\u0119boko\u015b\u0107 2,5 km. Docelowo maj\u0105\" \/>\n\t\t<meta property=\"og:url\" content=\"https:\/\/wia.net.pl\/index.php\/2023\/09\/13\/najglebszy-odwiert-geotermalny-powstaje-w-polsce\/\" \/>\n\t\t<meta property=\"og:image\" content=\"https:\/\/wia.net.pl\/wp-content\/uploads\/2023\/11\/cropped-freedom-i73367.jpg\" \/>\n\t\t<meta property=\"og:image:secure_url\" content=\"https:\/\/wia.net.pl\/wp-content\/uploads\/2023\/11\/cropped-freedom-i73367.jpg\" \/>\n\t\t<meta property=\"article:published_time\" content=\"2023-09-12T22:07:10+00:00\" \/>\n\t\t<meta property=\"article:modified_time\" content=\"2023-09-12T22:07:10+00:00\" \/>\n\t\t<meta name=\"twitter:card\" content=\"summary_large_image\" \/>\n\t\t<meta name=\"twitter:title\" content=\"Najg\u0142\u0119bszy odwiert geotermalny powstaje w Polsce. - Wolno\u015b\u0107 i Anarchia\" \/>\n\t\t<meta name=\"twitter:description\" content=\"Najg\u0142\u0119bszy taki odwiert powstaje w Polsce. Rusza kolejny etap wierce\u0144 BUSINESS INSIDER 21 lipca 2023 Wie\u017ca wiertnicza w Szaflarach. Odwiert ma si\u0119ga\u0107 na g\u0142\u0119boko\u015b\u0107 7 km (East News, Pawel Murzyn) Najg\u0142\u0119bszy odwiert geotermalny na \u015bwiecie powstaje w Polsce. W podhala\u0144skich Szaflarach rusza kolejny etap wierce\u0144 \u2014 ekipy dotar\u0142y ju\u017c na g\u0142\u0119boko\u015b\u0107 2,5 km. Docelowo maj\u0105\" \/>\n\t\t<meta name=\"twitter:image\" content=\"https:\/\/wia.net.pl\/wp-content\/uploads\/2023\/11\/cropped-freedom-i73367.jpg\" \/>\n\t\t<script type=\"application\/ld+json\" class=\"aioseo-schema\">\n\t\t\t{\"@context\":\"https:\\\/\\\/schema.org\",\"@graph\":[{\"@type\":\"BlogPosting\",\"@id\":\"https:\\\/\\\/wia.net.pl\\\/index.php\\\/2023\\\/09\\\/13\\\/najglebszy-odwiert-geotermalny-powstaje-w-polsce\\\/#blogposting\",\"name\":\"Najg\\u0142\\u0119bszy odwiert geotermalny powstaje w Polsce. - Wolno\\u015b\\u0107 i Anarchia\",\"headline\":\"Najg\\u0142\\u0119bszy odwiert geotermalny powstaje w Polsce.\\u00a0\",\"author\":{\"@id\":\"https:\\\/\\\/wia.net.pl\\\/index.php\\\/author\\\/trinity\\\/#author\"},\"publisher\":{\"@id\":\"https:\\\/\\\/wia.net.pl\\\/#person\"},\"image\":{\"@type\":\"ImageObject\",\"url\":\"https:\\\/\\\/wia.net.pl\\\/wp-content\\\/uploads\\\/2023\\\/09\\\/QUJDREVGfjQrJiR2eTxzIWh-cCw_ZX13P2ZoZ3l2Y2V6PGJqMC49MDghIip4ICMgOiUlNXg3PXorNDtqIHZ-MSM3Iik3Pn4wJyY3IXkjYmBzcWIhMGpmNil2f3EycWN4K3BhfXt3ZjR8dTB9M3VoY35mLw.webp\",\"width\":1200,\"height\":800},\"datePublished\":\"2023-09-13T00:07:10+02:00\",\"dateModified\":\"2023-09-13T00:07:10+02:00\",\"inLanguage\":\"pl-PL\",\"commentCount\":1,\"mainEntityOfPage\":{\"@id\":\"https:\\\/\\\/wia.net.pl\\\/index.php\\\/2023\\\/09\\\/13\\\/najglebszy-odwiert-geotermalny-powstaje-w-polsce\\\/#webpage\"},\"isPartOf\":{\"@id\":\"https:\\\/\\\/wia.net.pl\\\/index.php\\\/2023\\\/09\\\/13\\\/najglebszy-odwiert-geotermalny-powstaje-w-polsce\\\/#webpage\"},\"articleSection\":\"Artyku\\u0142y\"},{\"@type\":\"BreadcrumbList\",\"@id\":\"https:\\\/\\\/wia.net.pl\\\/index.php\\\/2023\\\/09\\\/13\\\/najglebszy-odwiert-geotermalny-powstaje-w-polsce\\\/#breadcrumblist\",\"itemListElement\":[{\"@type\":\"ListItem\",\"@id\":\"https:\\\/\\\/wia.net.pl#listItem\",\"position\":1,\"name\":\"Home\",\"item\":\"https:\\\/\\\/wia.net.pl\",\"nextItem\":{\"@type\":\"ListItem\",\"@id\":\"https:\\\/\\\/wia.net.pl\\\/index.php\\\/category\\\/artykuly\\\/#listItem\",\"name\":\"Artyku\\u0142y\"}},{\"@type\":\"ListItem\",\"@id\":\"https:\\\/\\\/wia.net.pl\\\/index.php\\\/category\\\/artykuly\\\/#listItem\",\"position\":2,\"name\":\"Artyku\\u0142y\",\"item\":\"https:\\\/\\\/wia.net.pl\\\/index.php\\\/category\\\/artykuly\\\/\",\"nextItem\":{\"@type\":\"ListItem\",\"@id\":\"https:\\\/\\\/wia.net.pl\\\/index.php\\\/2023\\\/09\\\/13\\\/najglebszy-odwiert-geotermalny-powstaje-w-polsce\\\/#listItem\",\"name\":\"Najg\\u0142\\u0119bszy odwiert geotermalny powstaje w Polsce.\\u00a0\"},\"previousItem\":{\"@type\":\"ListItem\",\"@id\":\"https:\\\/\\\/wia.net.pl#listItem\",\"name\":\"Home\"}},{\"@type\":\"ListItem\",\"@id\":\"https:\\\/\\\/wia.net.pl\\\/index.php\\\/2023\\\/09\\\/13\\\/najglebszy-odwiert-geotermalny-powstaje-w-polsce\\\/#listItem\",\"position\":3,\"name\":\"Najg\\u0142\\u0119bszy odwiert geotermalny powstaje w Polsce.\\u00a0\",\"previousItem\":{\"@type\":\"ListItem\",\"@id\":\"https:\\\/\\\/wia.net.pl\\\/index.php\\\/category\\\/artykuly\\\/#listItem\",\"name\":\"Artyku\\u0142y\"}}]},{\"@type\":\"Person\",\"@id\":\"https:\\\/\\\/wia.net.pl\\\/#person\",\"name\":\"Bart\\u0142omiej Talarczyk\",\"image\":{\"@type\":\"ImageObject\",\"@id\":\"https:\\\/\\\/wia.net.pl\\\/index.php\\\/2023\\\/09\\\/13\\\/najglebszy-odwiert-geotermalny-powstaje-w-polsce\\\/#personImage\",\"url\":\"https:\\\/\\\/wia.net.pl\\\/wp-content\\\/uploads\\\/avatar-privacy\\\/cache\\\/user\\\/1\\\/7\\\/176a6b161c58363ff49b5c167264231f519f5c7fa183ca1f61e891769b6b56d5-96.jpg\",\"width\":96,\"height\":96,\"caption\":\"Bart\\u0142omiej Talarczyk\"}},{\"@type\":\"Person\",\"@id\":\"https:\\\/\\\/wia.net.pl\\\/index.php\\\/author\\\/trinity\\\/#author\",\"url\":\"https:\\\/\\\/wia.net.pl\\\/index.php\\\/author\\\/trinity\\\/\",\"name\":\"trinity\",\"image\":{\"@type\":\"ImageObject\",\"@id\":\"https:\\\/\\\/wia.net.pl\\\/index.php\\\/2023\\\/09\\\/13\\\/najglebszy-odwiert-geotermalny-powstaje-w-polsce\\\/#authorImage\",\"url\":\"https:\\\/\\\/wia.net.pl\\\/wp-content\\\/uploads\\\/avatar-privacy\\\/cache\\\/user\\\/5\\\/f\\\/5f6547cf82495eaa10e100a6a45d5dbde2dfdc1be88557de2018fca705bdf6f1-96.jpg\",\"width\":96,\"height\":96,\"caption\":\"trinity\"}},{\"@type\":\"WebPage\",\"@id\":\"https:\\\/\\\/wia.net.pl\\\/index.php\\\/2023\\\/09\\\/13\\\/najglebszy-odwiert-geotermalny-powstaje-w-polsce\\\/#webpage\",\"url\":\"https:\\\/\\\/wia.net.pl\\\/index.php\\\/2023\\\/09\\\/13\\\/najglebszy-odwiert-geotermalny-powstaje-w-polsce\\\/\",\"name\":\"Najg\\u0142\\u0119bszy odwiert geotermalny powstaje w Polsce. - Wolno\\u015b\\u0107 i Anarchia\",\"description\":\"Najg\\u0142\\u0119bszy taki odwiert powstaje w Polsce. Rusza kolejny etap wierce\\u0144 BUSINESS INSIDER 21 lipca 2023 Wie\\u017ca wiertnicza w Szaflarach. Odwiert ma si\\u0119ga\\u0107 na g\\u0142\\u0119boko\\u015b\\u0107 7 km (East News, Pawel Murzyn) Najg\\u0142\\u0119bszy odwiert geotermalny na \\u015bwiecie powstaje w Polsce. W podhala\\u0144skich Szaflarach rusza kolejny etap wierce\\u0144 \\u2014 ekipy dotar\\u0142y ju\\u017c na g\\u0142\\u0119boko\\u015b\\u0107 2,5 km. Docelowo maj\\u0105\",\"inLanguage\":\"pl-PL\",\"isPartOf\":{\"@id\":\"https:\\\/\\\/wia.net.pl\\\/#website\"},\"breadcrumb\":{\"@id\":\"https:\\\/\\\/wia.net.pl\\\/index.php\\\/2023\\\/09\\\/13\\\/najglebszy-odwiert-geotermalny-powstaje-w-polsce\\\/#breadcrumblist\"},\"author\":{\"@id\":\"https:\\\/\\\/wia.net.pl\\\/index.php\\\/author\\\/trinity\\\/#author\"},\"creator\":{\"@id\":\"https:\\\/\\\/wia.net.pl\\\/index.php\\\/author\\\/trinity\\\/#author\"},\"image\":{\"@type\":\"ImageObject\",\"url\":\"https:\\\/\\\/wia.net.pl\\\/wp-content\\\/uploads\\\/2023\\\/09\\\/QUJDREVGfjQrJiR2eTxzIWh-cCw_ZX13P2ZoZ3l2Y2V6PGJqMC49MDghIip4ICMgOiUlNXg3PXorNDtqIHZ-MSM3Iik3Pn4wJyY3IXkjYmBzcWIhMGpmNil2f3EycWN4K3BhfXt3ZjR8dTB9M3VoY35mLw.webp\",\"@id\":\"https:\\\/\\\/wia.net.pl\\\/index.php\\\/2023\\\/09\\\/13\\\/najglebszy-odwiert-geotermalny-powstaje-w-polsce\\\/#mainImage\",\"width\":1200,\"height\":800},\"primaryImageOfPage\":{\"@id\":\"https:\\\/\\\/wia.net.pl\\\/index.php\\\/2023\\\/09\\\/13\\\/najglebszy-odwiert-geotermalny-powstaje-w-polsce\\\/#mainImage\"},\"datePublished\":\"2023-09-13T00:07:10+02:00\",\"dateModified\":\"2023-09-13T00:07:10+02:00\"},{\"@type\":\"WebSite\",\"@id\":\"https:\\\/\\\/wia.net.pl\\\/#website\",\"url\":\"https:\\\/\\\/wia.net.pl\\\/\",\"name\":\"Wolno\\u015b\\u0107 i Anarchia\",\"description\":\"Ka\\u017cdy wewn\\u0119trznie jest anarchist\\u0105.\",\"inLanguage\":\"pl-PL\",\"publisher\":{\"@id\":\"https:\\\/\\\/wia.net.pl\\\/#person\"}}]}\n\t\t<\/script>\n\t\t<!-- All in One SEO -->\n\n","aioseo_head_json":{"title":"Najg\u0142\u0119bszy odwiert geotermalny powstaje w Polsce. - Wolno\u015b\u0107 i Anarchia","description":"Najg\u0142\u0119bszy taki odwiert powstaje w Polsce. Rusza kolejny etap wierce\u0144 BUSINESS INSIDER 21 lipca 2023 Wie\u017ca wiertnicza w Szaflarach. Odwiert ma si\u0119ga\u0107 na g\u0142\u0119boko\u015b\u0107 7 km (East News, Pawel Murzyn) Najg\u0142\u0119bszy odwiert geotermalny na \u015bwiecie powstaje w Polsce. W podhala\u0144skich Szaflarach rusza kolejny etap wierce\u0144 \u2014 ekipy dotar\u0142y ju\u017c na g\u0142\u0119boko\u015b\u0107 2,5 km. Docelowo maj\u0105","canonical_url":"https:\/\/wia.net.pl\/index.php\/2023\/09\/13\/najglebszy-odwiert-geotermalny-powstaje-w-polsce\/","robots":"max-image-preview:large","keywords":"","webmasterTools":{"miscellaneous":""},"schema":{"@context":"https:\/\/schema.org","@graph":[{"@type":"BlogPosting","@id":"https:\/\/wia.net.pl\/index.php\/2023\/09\/13\/najglebszy-odwiert-geotermalny-powstaje-w-polsce\/#blogposting","name":"Najg\u0142\u0119bszy odwiert geotermalny powstaje w Polsce. - Wolno\u015b\u0107 i Anarchia","headline":"Najg\u0142\u0119bszy odwiert geotermalny powstaje w Polsce.\u00a0","author":{"@id":"https:\/\/wia.net.pl\/index.php\/author\/trinity\/#author"},"publisher":{"@id":"https:\/\/wia.net.pl\/#person"},"image":{"@type":"ImageObject","url":"https:\/\/wia.net.pl\/wp-content\/uploads\/2023\/09\/QUJDREVGfjQrJiR2eTxzIWh-cCw_ZX13P2ZoZ3l2Y2V6PGJqMC49MDghIip4ICMgOiUlNXg3PXorNDtqIHZ-MSM3Iik3Pn4wJyY3IXkjYmBzcWIhMGpmNil2f3EycWN4K3BhfXt3ZjR8dTB9M3VoY35mLw.webp","width":1200,"height":800},"datePublished":"2023-09-13T00:07:10+02:00","dateModified":"2023-09-13T00:07:10+02:00","inLanguage":"pl-PL","commentCount":1,"mainEntityOfPage":{"@id":"https:\/\/wia.net.pl\/index.php\/2023\/09\/13\/najglebszy-odwiert-geotermalny-powstaje-w-polsce\/#webpage"},"isPartOf":{"@id":"https:\/\/wia.net.pl\/index.php\/2023\/09\/13\/najglebszy-odwiert-geotermalny-powstaje-w-polsce\/#webpage"},"articleSection":"Artyku\u0142y"},{"@type":"BreadcrumbList","@id":"https:\/\/wia.net.pl\/index.php\/2023\/09\/13\/najglebszy-odwiert-geotermalny-powstaje-w-polsce\/#breadcrumblist","itemListElement":[{"@type":"ListItem","@id":"https:\/\/wia.net.pl#listItem","position":1,"name":"Home","item":"https:\/\/wia.net.pl","nextItem":{"@type":"ListItem","@id":"https:\/\/wia.net.pl\/index.php\/category\/artykuly\/#listItem","name":"Artyku\u0142y"}},{"@type":"ListItem","@id":"https:\/\/wia.net.pl\/index.php\/category\/artykuly\/#listItem","position":2,"name":"Artyku\u0142y","item":"https:\/\/wia.net.pl\/index.php\/category\/artykuly\/","nextItem":{"@type":"ListItem","@id":"https:\/\/wia.net.pl\/index.php\/2023\/09\/13\/najglebszy-odwiert-geotermalny-powstaje-w-polsce\/#listItem","name":"Najg\u0142\u0119bszy odwiert geotermalny powstaje w Polsce.\u00a0"},"previousItem":{"@type":"ListItem","@id":"https:\/\/wia.net.pl#listItem","name":"Home"}},{"@type":"ListItem","@id":"https:\/\/wia.net.pl\/index.php\/2023\/09\/13\/najglebszy-odwiert-geotermalny-powstaje-w-polsce\/#listItem","position":3,"name":"Najg\u0142\u0119bszy odwiert geotermalny powstaje w Polsce.\u00a0","previousItem":{"@type":"ListItem","@id":"https:\/\/wia.net.pl\/index.php\/category\/artykuly\/#listItem","name":"Artyku\u0142y"}}]},{"@type":"Person","@id":"https:\/\/wia.net.pl\/#person","name":"Bart\u0142omiej Talarczyk","image":{"@type":"ImageObject","@id":"https:\/\/wia.net.pl\/index.php\/2023\/09\/13\/najglebszy-odwiert-geotermalny-powstaje-w-polsce\/#personImage","url":"https:\/\/wia.net.pl\/wp-content\/uploads\/avatar-privacy\/cache\/user\/1\/7\/176a6b161c58363ff49b5c167264231f519f5c7fa183ca1f61e891769b6b56d5-96.jpg","width":96,"height":96,"caption":"Bart\u0142omiej Talarczyk"}},{"@type":"Person","@id":"https:\/\/wia.net.pl\/index.php\/author\/trinity\/#author","url":"https:\/\/wia.net.pl\/index.php\/author\/trinity\/","name":"trinity","image":{"@type":"ImageObject","@id":"https:\/\/wia.net.pl\/index.php\/2023\/09\/13\/najglebszy-odwiert-geotermalny-powstaje-w-polsce\/#authorImage","url":"https:\/\/wia.net.pl\/wp-content\/uploads\/avatar-privacy\/cache\/user\/5\/f\/5f6547cf82495eaa10e100a6a45d5dbde2dfdc1be88557de2018fca705bdf6f1-96.jpg","width":96,"height":96,"caption":"trinity"}},{"@type":"WebPage","@id":"https:\/\/wia.net.pl\/index.php\/2023\/09\/13\/najglebszy-odwiert-geotermalny-powstaje-w-polsce\/#webpage","url":"https:\/\/wia.net.pl\/index.php\/2023\/09\/13\/najglebszy-odwiert-geotermalny-powstaje-w-polsce\/","name":"Najg\u0142\u0119bszy odwiert geotermalny powstaje w Polsce. - Wolno\u015b\u0107 i Anarchia","description":"Najg\u0142\u0119bszy taki odwiert powstaje w Polsce. Rusza kolejny etap wierce\u0144 BUSINESS INSIDER 21 lipca 2023 Wie\u017ca wiertnicza w Szaflarach. Odwiert ma si\u0119ga\u0107 na g\u0142\u0119boko\u015b\u0107 7 km (East News, Pawel Murzyn) Najg\u0142\u0119bszy odwiert geotermalny na \u015bwiecie powstaje w Polsce. W podhala\u0144skich Szaflarach rusza kolejny etap wierce\u0144 \u2014 ekipy dotar\u0142y ju\u017c na g\u0142\u0119boko\u015b\u0107 2,5 km. Docelowo maj\u0105","inLanguage":"pl-PL","isPartOf":{"@id":"https:\/\/wia.net.pl\/#website"},"breadcrumb":{"@id":"https:\/\/wia.net.pl\/index.php\/2023\/09\/13\/najglebszy-odwiert-geotermalny-powstaje-w-polsce\/#breadcrumblist"},"author":{"@id":"https:\/\/wia.net.pl\/index.php\/author\/trinity\/#author"},"creator":{"@id":"https:\/\/wia.net.pl\/index.php\/author\/trinity\/#author"},"image":{"@type":"ImageObject","url":"https:\/\/wia.net.pl\/wp-content\/uploads\/2023\/09\/QUJDREVGfjQrJiR2eTxzIWh-cCw_ZX13P2ZoZ3l2Y2V6PGJqMC49MDghIip4ICMgOiUlNXg3PXorNDtqIHZ-MSM3Iik3Pn4wJyY3IXkjYmBzcWIhMGpmNil2f3EycWN4K3BhfXt3ZjR8dTB9M3VoY35mLw.webp","@id":"https:\/\/wia.net.pl\/index.php\/2023\/09\/13\/najglebszy-odwiert-geotermalny-powstaje-w-polsce\/#mainImage","width":1200,"height":800},"primaryImageOfPage":{"@id":"https:\/\/wia.net.pl\/index.php\/2023\/09\/13\/najglebszy-odwiert-geotermalny-powstaje-w-polsce\/#mainImage"},"datePublished":"2023-09-13T00:07:10+02:00","dateModified":"2023-09-13T00:07:10+02:00"},{"@type":"WebSite","@id":"https:\/\/wia.net.pl\/#website","url":"https:\/\/wia.net.pl\/","name":"Wolno\u015b\u0107 i Anarchia","description":"Ka\u017cdy wewn\u0119trznie jest anarchist\u0105.","inLanguage":"pl-PL","publisher":{"@id":"https:\/\/wia.net.pl\/#person"}}]},"og:locale":"pl_PL","og:site_name":"Wolno\u015b\u0107 i Anarchia - Ka\u017cdy wewn\u0119trznie jest anarchist\u0105.","og:type":"article","og:title":"Najg\u0142\u0119bszy odwiert geotermalny powstaje w Polsce. - Wolno\u015b\u0107 i Anarchia","og:description":"Najg\u0142\u0119bszy taki odwiert powstaje w Polsce. Rusza kolejny etap wierce\u0144 BUSINESS INSIDER 21 lipca 2023 Wie\u017ca wiertnicza w Szaflarach. Odwiert ma si\u0119ga\u0107 na g\u0142\u0119boko\u015b\u0107 7 km (East News, Pawel Murzyn) Najg\u0142\u0119bszy odwiert geotermalny na \u015bwiecie powstaje w Polsce. W podhala\u0144skich Szaflarach rusza kolejny etap wierce\u0144 \u2014 ekipy dotar\u0142y ju\u017c na g\u0142\u0119boko\u015b\u0107 2,5 km. Docelowo maj\u0105","og:url":"https:\/\/wia.net.pl\/index.php\/2023\/09\/13\/najglebszy-odwiert-geotermalny-powstaje-w-polsce\/","og:image":"https:\/\/wia.net.pl\/wp-content\/uploads\/2023\/11\/cropped-freedom-i73367.jpg","og:image:secure_url":"https:\/\/wia.net.pl\/wp-content\/uploads\/2023\/11\/cropped-freedom-i73367.jpg","article:published_time":"2023-09-12T22:07:10+00:00","article:modified_time":"2023-09-12T22:07:10+00:00","twitter:card":"summary_large_image","twitter:title":"Najg\u0142\u0119bszy odwiert geotermalny powstaje w Polsce. - Wolno\u015b\u0107 i Anarchia","twitter:description":"Najg\u0142\u0119bszy taki odwiert powstaje w Polsce. Rusza kolejny etap wierce\u0144 BUSINESS INSIDER 21 lipca 2023 Wie\u017ca wiertnicza w Szaflarach. Odwiert ma si\u0119ga\u0107 na g\u0142\u0119boko\u015b\u0107 7 km (East News, Pawel Murzyn) Najg\u0142\u0119bszy odwiert geotermalny na \u015bwiecie powstaje w Polsce. W podhala\u0144skich Szaflarach rusza kolejny etap wierce\u0144 \u2014 ekipy dotar\u0142y ju\u017c na g\u0142\u0119boko\u015b\u0107 2,5 km. Docelowo maj\u0105","twitter:image":"https:\/\/wia.net.pl\/wp-content\/uploads\/2023\/11\/cropped-freedom-i73367.jpg"},"aioseo_meta_data":{"post_id":"4510","title":null,"description":null,"keywords":[],"keyphrases":{"focus":{"keyphrase":"","score":0,"analysis":{"keyphraseInTitle":{"score":0,"maxScore":9,"error":1}}},"additional":[]},"primary_term":null,"canonical_url":null,"og_title":null,"og_description":null,"og_object_type":"default","og_image_type":"default","og_image_url":null,"og_image_width":null,"og_image_height":null,"og_image_custom_url":null,"og_image_custom_fields":null,"og_video":"","og_custom_url":null,"og_article_section":null,"og_article_tags":[],"twitter_use_og":false,"twitter_card":"default","twitter_image_type":"default","twitter_image_url":null,"twitter_image_custom_url":null,"twitter_image_custom_fields":null,"twitter_title":null,"twitter_description":null,"schema":{"blockGraphs":[],"customGraphs":[],"default":{"data":{"Article":[],"Course":[],"Dataset":[],"FAQPage":[],"Movie":[],"Person":[],"Product":[],"ProductReview":[],"Car":[],"Recipe":[],"Service":[],"SoftwareApplication":[],"WebPage":[]},"graphName":"BlogPosting","isEnabled":true},"graphs":[]},"schema_type":"default","schema_type_options":null,"pillar_content":false,"robots_default":true,"robots_noindex":false,"robots_noarchive":false,"robots_nosnippet":false,"robots_nofollow":false,"robots_noimageindex":false,"robots_noodp":false,"robots_notranslate":false,"robots_max_snippet":"-1","robots_max_videopreview":"-1","robots_max_imagepreview":"large","priority":null,"frequency":"default","local_seo":null,"breadcrumb_settings":null,"limit_modified_date":false,"ai":null,"created":"2023-09-12 22:07:10","updated":"2025-06-04 09:19:12","seo_analyzer_scan_date":null,"focus_keyword":null,"additional_keywords":null,"truseo_locale":null},"aioseo_breadcrumb":"<div class=\"aioseo-breadcrumbs\"><span class=\"aioseo-breadcrumb\">\n\t\t\t<a href=\"https:\/\/wia.net.pl\" title=\"Home\">Home<\/a>\n\t\t<\/span><span class=\"aioseo-breadcrumb-separator\">&raquo;<\/span><span class=\"aioseo-breadcrumb\">\n\t\t\t<a href=\"https:\/\/wia.net.pl\/index.php\/category\/artykuly\/\" title=\"Artyku\u0142y\">Artyku\u0142y<\/a>\n\t\t<\/span><span class=\"aioseo-breadcrumb-separator\">&raquo;<\/span><span class=\"aioseo-breadcrumb\">\n\t\t\tNajg\u0142\u0119bszy odwiert geotermalny powstaje w Polsce. \n\t\t<\/span><\/div>","aioseo_breadcrumb_json":[{"label":"Home","link":"https:\/\/wia.net.pl"},{"label":"Artyku\u0142y","link":"https:\/\/wia.net.pl\/index.php\/category\/artykuly\/"},{"label":"Najg\u0142\u0119bszy odwiert geotermalny powstaje w Polsce.\u00a0","link":"https:\/\/wia.net.pl\/index.php\/2023\/09\/13\/najglebszy-odwiert-geotermalny-powstaje-w-polsce\/"}],"_links":{"self":[{"href":"https:\/\/wia.net.pl\/index.php\/wp-json\/wp\/v2\/posts\/4510"}],"collection":[{"href":"https:\/\/wia.net.pl\/index.php\/wp-json\/wp\/v2\/posts"}],"about":[{"href":"https:\/\/wia.net.pl\/index.php\/wp-json\/wp\/v2\/types\/post"}],"author":[{"embeddable":true,"href":"https:\/\/wia.net.pl\/index.php\/wp-json\/wp\/v2\/users\/2"}],"replies":[{"embeddable":true,"href":"https:\/\/wia.net.pl\/index.php\/wp-json\/wp\/v2\/comments?post=4510"}],"version-history":[{"count":1,"href":"https:\/\/wia.net.pl\/index.php\/wp-json\/wp\/v2\/posts\/4510\/revisions"}],"predecessor-version":[{"id":4512,"href":"https:\/\/wia.net.pl\/index.php\/wp-json\/wp\/v2\/posts\/4510\/revisions\/4512"}],"wp:featuredmedia":[{"embeddable":true,"href":"https:\/\/wia.net.pl\/index.php\/wp-json\/wp\/v2\/media\/4511"}],"wp:attachment":[{"href":"https:\/\/wia.net.pl\/index.php\/wp-json\/wp\/v2\/media?parent=4510"}],"wp:term":[{"taxonomy":"category","embeddable":true,"href":"https:\/\/wia.net.pl\/index.php\/wp-json\/wp\/v2\/categories?post=4510"},{"taxonomy":"post_tag","embeddable":true,"href":"https:\/\/wia.net.pl\/index.php\/wp-json\/wp\/v2\/tags?post=4510"}],"curies":[{"name":"wp","href":"https:\/\/api.w.org\/{rel}","templated":true}]}}