{"id":4541,"date":"2023-09-14T08:46:34","date_gmt":"2023-09-14T06:46:34","guid":{"rendered":"https:\/\/wia.net.pl\/?p=4541"},"modified":"2023-09-14T08:46:34","modified_gmt":"2023-09-14T06:46:34","slug":"elon-musk-i-prawdziwa-historia-adl","status":"publish","type":"post","link":"https:\/\/wia.net.pl\/index.php\/2023\/09\/14\/elon-musk-i-prawdziwa-historia-adl\/","title":{"rendered":"Elon Musk i prawdziwa historia ADL"},"content":{"rendered":"\n<p><em>Wywiad Mike&#8217;a Whitneya z Ronem Unzem<\/em><\/p>\n\n\n\n<p>Autor, <a href=\"https:\/\/www.unz.com\/author\/ron-unz\/\">RON UNZ<\/a>\u00a0I\u00a0<a href=\"https:\/\/www.unz.com\/author\/mike-whitney\/\">MIKE WHITNEY<\/a><\/p>\n\n\n\n<figure class=\"wp-block-image size-full is-resized\"><img loading=\"lazy\" decoding=\"async\" src=\"https:\/\/wia.net.pl\/wp-content\/uploads\/2023\/09\/shutterstock_2357773969-600x338-1.jpg\" alt=\"\" class=\"wp-image-4542\" width=\"839\" height=\"473\" srcset=\"https:\/\/wia.net.pl\/wp-content\/uploads\/2023\/09\/shutterstock_2357773969-600x338-1.jpg 600w, https:\/\/wia.net.pl\/wp-content\/uploads\/2023\/09\/shutterstock_2357773969-600x338-1-300x169.jpg 300w, https:\/\/wia.net.pl\/wp-content\/uploads\/2023\/09\/shutterstock_2357773969-600x338-1-480x270.jpg 480w\" sizes=\"(max-width: 839px) 100vw, 839px\" \/><\/figure>\n\n\n\n<figure class=\"wp-block-audio\"><audio controls src=\"https:\/\/wia.net.pl\/wp-content\/uploads\/2023\/09\/Unz-MuskADLMikeWhitney.mp3\"><\/audio><\/figure>\n\n\n\n<p><strong>Elon Musk kontroluje jeden z najpot\u0119\u017cniejszych megafon\u00f3w medialnych na \u015bwiecie.\u00a0Gdyby tak zdecydowa\u0142, m\u00f3g\u0142by z \u0142atwo\u015bci\u0105 zapewni\u0107, \u017ce dziesi\u0105tki milion\u00f3w Amerykan\u00f3w poznaj\u0105 prawdziwe pochodzenie i histori\u0119 ADL, organizacji, kt\u00f3ra dzi\u015b kontroluje wi\u0119kszo\u015b\u0107 tego, co nasi obywatele mog\u0105 czyta\u0107 i ogl\u0105da\u0107.\u00a0Tak \u015bmia\u0142y posuni\u0119cie mo\u017ce ca\u0142kowicie z\u0142ama\u0107 w\u0142adz\u0119, jak\u0105 ADL ma nad nim i reszt\u0105 naszego spo\u0142ecze\u0144stwa\u201d<\/strong>\u00a0\u2013 Ron Unz, redaktor\u00a0<em>\u201eThe Unz Review\u201d<\/em><\/p>\n\n\n\n<h2 class=\"wp-block-heading\"><a href=\"https:\/\/www.unz.com\/runz\/elon-musk-and-the-true-history-of-the-adl\/#question-1-the-nature-of-the-adl\">Pytanie 1: Charakter ADL<\/a><\/h2>\n\n\n\n<figure class=\"wp-block-image\"><a href=\"https:\/\/www.unz.com\/ebook\/the-adl-in-american-society-ebook\/\"><img decoding=\"async\" src=\"https:\/\/www.unz.com\/wp-content\/uploads\/2021\/04\/ADL_AmericanSociety-Cover-200x300.jpg\" alt=\"Format EPuba\"\/><\/a><\/figure>\n\n\n\n<p><a href=\"https:\/\/www.unz.com\/CONTENTS\/EBOOK\/ADL_AmericanSociety.epub\">Format EPuba<\/a><\/p>\n\n\n\n<p id=\"p_1_2\"><a href=\"https:\/\/www.unz.com\/wp-content\/uploads\/2023\/09\/Ron_Unz_Elon_Musk_and_the_True_History_of_the_ADL.pdf\"><\/a><em>Porozmawiajmy o ADL.&nbsp;Niekt\u00f3rzy z Twoich czytelnik\u00f3w mog\u0105 nie wiedzie\u0107, \u017ce obszernie pisa\u0142e\u015b na temat ADL i \u017ce Twoja analiza sk\u0142oni\u0142a Paula Craiga Robertsa do nazwania Ci\u0119&nbsp;<a href=\"https:\/\/www.paulcraigroberts.org\/2018\/09\/30\/ron-unz-for-president\/\">\u201enajodwa\u017cniejszym cz\u0142owiekiem, jakiego znam\u201d.&nbsp;<\/a>My\u015bl\u0119, \u017ce Roberts mia\u0142 na my\u015bli twoj\u0105 porywaj\u0105c\u0105 relacj\u0119 z 2018 roku dotycz\u0105c\u0105 mrocznej historii ADL, a tak\u017ce jej kontrowersyjnych dzia\u0142a\u0144 i metod.&nbsp;Oto&nbsp;<a href=\"https:\/\/www.unz.com\/runz\/american-pravda-the-adl-in-american-society\/#the-adl-censors-the-internet-and-hides-its-sordid-past\">kr\u00f3tki fragment<\/a>&nbsp;artyku\u0142u, kt\u00f3ry napisa\u0142e\u015b w 2018 roku, kt\u00f3ry pomaga zilustrowa\u0107, o czym m\u00f3wi\u0119:<\/em><\/p>\n\n\n\n<blockquote class=\"wp-block-quote is-layout-flow wp-block-quote-is-layout-flow\">\n<p id=\"p_1_3\">W styczniu 1993 r. Departament Policji San Francisco poinformowa\u0142, \u017ce na podstawie informacji dostarczonych przez FBI przeprowadzi\u0142 niedawno nalot na siedzib\u0119 ADL w P\u00f3\u0142nocnej Kalifornii.&nbsp;<strong>SFPD odkry\u0142a, \u017ce \u200b\u200borganizacja przechowywa\u0142a&nbsp;<a href=\"https:\/\/www.counterpunch.org\/2013\/06\/12\/adl-spies\/\">akta wywiadowcze dotycz\u0105ce ponad 600 organizacji obywatelskich i 10 000 os\u00f3b<\/a><\/strong>&nbsp;, w wi\u0119kszo\u015bci o orientacji liberalnej, przy czym&nbsp;<strong>inspektor SFPD oszacowa\u0142, \u017ce 75% materia\u0142\u00f3w uzyskano nielegalnie, w wi\u0119kszo\u015bci w drodze tajnych p\u0142atno\u015bci na rzecz funkcjonariusze policji.&nbsp;To by\u0142 zaledwie wierzcho\u0142ek g\u00f3ry lodowej, co wyra\u017anie oznacza\u0142o najwi\u0119ksz\u0105 krajow\u0105 operacj\u0119 szpiegowsk\u0105 przeprowadzon\u0105 przez jak\u0105kolwiek prywatn\u0105 organizacj\u0119 w historii Ameryki<\/strong>i wed\u0142ug niekt\u00f3rych \u017ar\u00f3de\u0142 agenci ADL w ca\u0142ym kraju zaatakowali ponad 1000 organizacji politycznych, religijnych, zwi\u0105zkowych i praw obywatelskich, przy czym nowojorska siedziba ADL prowadzi\u0142a aktywne akta dotycz\u0105ce ponad miliona Amerykan\u00f3w\u201d.<\/p>\n<\/blockquote>\n\n\n\n<p id=\"p_1_4\"><em>To szokuj\u0105ca informacja, o kt\u00f3rej by\u0107 mo\u017ce wie tylko garstka Amerykan\u00f3w.&nbsp;<\/em><em>Niedawna sprzeczka z Elonem Muskiem umie\u015bci\u0142a metody ADL pod lup\u0105, a zw\u0142aszcza jej rzekom\u0105 rol\u0119 w cenzurze ludzi w Internecie.&nbsp;Zatem moje pytanie do Was jest nast\u0119puj\u0105ce:&nbsp;<strong>Co to jest ADL?&nbsp;<\/strong>Czy jest to naprawd\u0119 organizacja praw obywatelskich, kt\u00f3ra \u201ezwalcza ekstremizm i antysemityzm\u201d, czy mo\u017ce jest to co\u015b zupe\u0142nie innego?<\/em><\/p>\n\n\n\n<p id=\"p_1_5\"><strong>Ron Unz<\/strong>&nbsp;\u2014 Za\u0142o\u017cona w 1913 r. ADL \u2014 Liga Przeciwko Znies\u0142awieniu B&#8217;nai B&#8217;rith \u2014 jest bardzo pot\u0119\u017cn\u0105 \u017cydowsk\u0105 organizacj\u0105 aktywistyczn\u0105, kt\u00f3ra ma wielki wp\u0142yw na media i inne wa\u017cne elementy ameryka\u0144skiego spo\u0142ecze\u0144stwa i dlatego budzi powszechny strach w elitarnych kr\u0119gach.&nbsp;Jak&nbsp;<a href=\"https:\/\/www.unz.com\/runz\/american-pravda-the-adl-in-american-society\/\">wyja\u015bni\u0142em<\/a>&nbsp;w moim artykule z 2018 roku:<\/p>\n\n\n\n<blockquote class=\"wp-block-quote is-layout-flow wp-block-quote-is-layout-flow\">\n<p id=\"p_1_6\">W naszych czasach nowo\u017cytnych z pewno\u015bci\u0105 jest niewiele organizacji, kt\u00f3re tak przera\u017caj\u0105 pot\u0119\u017cnych Amerykan\u00f3w jak Liga Przeciwko Znies\u0142awieniu (ADL) B&#8217;nai B&#8217;rith, centralny organ zorganizowanej spo\u0142eczno\u015bci \u017cydowskiej.<\/p>\n\n\n\n<p id=\"p_1_7\">Mel Gibson przez d\u0142ugi czas by\u0142 jedn\u0105 z najpopularniejszych gwiazd Hollywood, a jego film \u201e&nbsp;<em>Pasja\u201d z<\/em>&nbsp;2004 roku sta\u0142 si\u0119 jednym z najbardziej dochodowych w historii \u015bwiata, jednak ADL i jej sojusznicy zniszczyli jego karier\u0119 i ostatecznie przekaza\u0142&nbsp;<a href=\"https:\/\/deadline.com\/2014\/03\/mel-gibson-career-hollywood-deserves-chance-697084\/\">miliony dolar\u00f3w na rzecz \u017byd\u00f3w grup spo\u0142ecznych<\/a>&nbsp;w desperackiej nadziei na odzyskanie cz\u0119\u015bci swojej pozycji publicznej.&nbsp;Kiedy ADL skrytykowa\u0142a rysunek, kt\u00f3ry pojawi\u0142 si\u0119 w jednej z jego gazet, tytan medi\u00f3w Rupert Murdoch osobi\u015bcie przeprosi\u0142&nbsp;<a href=\"https:\/\/www.adl.org\/news\/press-releases\/adl-welcomes-murdoch-apology-for-outrageous-anti-semitic-cartoon-in-the-sunday\">t\u0119<\/a>&nbsp;organizacj\u0119, a redaktorzy&nbsp;<em>The Economist&nbsp;<\/em><a href=\"https:\/\/forward.com\/news\/breaking-news\/191283\/the-economist-pulls-anti-semitic-cartoon-on-barack\/\">szybko wycofali<\/a>&nbsp;inny rysunek, gdy znalaz\u0142 si\u0119 on pod ostrza\u0142em ADL.&nbsp;Miliarder Tom Perkins, s\u0142ynny inwestor venture capital z Doliny Krzemowej, zosta\u0142 zmuszony do&nbsp;<a href=\"https:\/\/www.politico.com\/story\/2014\/01\/tom-perkins-letter-to-the-editor-kristallnacht-102713\">szczerych przeprosin<\/a>po tym, jak spotka\u0142 si\u0119 z krytyk\u0105 ADL za dob\u00f3r s\u0142\u00f3w w kolumnie&nbsp;<em>Wall Street Journal<\/em>&nbsp;.&nbsp;Wszyscy oni byli dumnymi, wp\u0142ywowymi osobami i musieli by\u0107 g\u0142\u0119boko ura\u017ceni, \u017ce zostali zmuszeni do szukania tak nikczemnego publicznego przebaczenia, a mimo to to zrobili.&nbsp;Ca\u0142kowita lista suplikant\u00f3w ADL na przestrzeni lat jest bardzo d\u0142uga.<\/p>\n<\/blockquote>\n\n\n\n<p id=\"p_1_8\">Ze wzgl\u0119du na jej wp\u0142yw medialny, relacje ADL prawie zawsze by\u0142y niezwykle przychylne, przedstawiaj\u0105c j\u0105 jako jednego z czo\u0142owych ameryka\u0144skich stra\u017cnik\u00f3w przeciwko niebezpiecznemu ekstremizmowi, zw\u0142aszcza antysemityzmowi i rasizmowi.&nbsp;<strong>Bior\u0105c pod uwag\u0119 ten mocny, pozytywny wizerunek, ADL z powodzeniem zyska\u0142a rol\u0119 stra\u017cnika tre\u015bci w niekt\u00f3rych z najwi\u0119kszych ameryka\u0144skich firm internetowych, pomagaj\u0105c okre\u015bli\u0107, co mo\u017cna, a czego nie mo\u017cna powiedzie\u0107 na tak wa\u017cnych platformach, jak Facebook, Youtube i Twitter.&nbsp;<\/strong>Rzeczywi\u015bcie, kilka lat temu dziennik&nbsp;<em>San Jose Mercury News z Doliny Krzemowej&nbsp;<\/em><a href=\"https:\/\/www.mercurynews.com\/2018\/09\/27\/fighting-hate-on-facebook-twitter-youtube-brittan-heller\/\">przedstawi\u0142 sylwetk\u0119 dyrektora ADL<\/a>&nbsp;, kt\u00f3ry by\u0142 odpowiedzialny za zwalczanie \u201emowy nienawi\u015bci\u201d w zdominowanym przez Amerykan\u00f3w globalnym Internecie.<\/p>\n\n\n\n<p id=\"p_1_9\">Tymczasem ten sam wp\u0142yw medi\u00f3w sprawi\u0142, \u017ce tylko nieliczne osoby dowiedzia\u0142y si\u0119 o d\u0142ugiej historii nielegalnego szpiegowania przez t\u0119 organizacj\u0119 ogromnej liczby Amerykan\u00f3w, w tym tak znacz\u0105cych osobisto\u015bci, jak Martin Luther King.&nbsp;Jr.&nbsp;<a href=\"https:\/\/www.unz.com\/runz\/american-pravda-the-adl-in-american-society\/#the-adl-censors-the-internet-and-hides-its-sordid-past\">Om\u00f3wi\u0142em<\/a>&nbsp;to w moim artykule z 2018 roku:<\/p>\n\n\n\n<blockquote class=\"wp-block-quote is-layout-flow wp-block-quote-is-layout-flow\">\n<p id=\"p_1_10\">Wyb\u00f3r&nbsp;<strong>ADL na g\u0142\u00f3wnego ideologicznego nadzorc\u0119 ameryka\u0144skiego Internetu<\/strong>&nbsp;mo\u017ce wydawa\u0107 si\u0119 naturalny i odpowiedni dla Amerykan\u00f3w pozbawionych wiedzy politycznej, a kategoria ta niestety obejmuje dyrektor\u00f3w technologicznych kieruj\u0105cych zaanga\u017cowanymi firmami.&nbsp;Odzwierciedla to jednak niezwyk\u0142e tch\u00f3rzostwo i nieuczciwo\u015b\u0107 ameryka\u0144skich medi\u00f3w, z kt\u00f3rych wszystkie te osoby czerpi\u0105 swoj\u0105 wiedz\u0119 o naszym \u015bwiecie.&nbsp;Prawdziwa najnowsza historia ADL jest w rzeczywisto\u015bci brudn\u0105 i godn\u0105 pogardy opowie\u015bci\u0105.<\/p>\n\n\n\n<p id=\"p_1_11\">W styczniu 1993 r. Departament Policji San Francisco poinformowa\u0142, \u017ce na podstawie informacji dostarczonych przez FBI przeprowadzi\u0142 niedawno nalot na siedzib\u0119 ADL w P\u00f3\u0142nocnej Kalifornii.&nbsp;SFPD odkry\u0142a, \u017ce \u200b\u200borganizacja ta przechowywa\u0142a&nbsp;<a href=\"https:\/\/www.counterpunch.org\/2013\/06\/12\/adl-spies\/\">akta wywiadowcze dotycz\u0105ce ponad 600 organizacji obywatelskich i 10 000 os\u00f3b<\/a>, w przewa\u017caj\u0105cej mierze o orientacji liberalnej, przy czym inspektor SFPD oszacowa\u0142, \u017ce 75% materia\u0142\u00f3w uzyskano nielegalnie, w wi\u0119kszo\u015bci w drodze tajnych p\u0142atno\u015bci na rzecz funkcjonariuszy policji.&nbsp;To by\u0142 zaledwie wierzcho\u0142ek g\u00f3ry lodowej, co wyra\u017anie oznacza\u0142o najwi\u0119ksz\u0105 krajow\u0105 operacj\u0119 szpiegowsk\u0105 przeprowadzon\u0105 przez jak\u0105kolwiek prywatn\u0105 organizacj\u0119 w historii Ameryki i wed\u0142ug niekt\u00f3rych \u017ar\u00f3de\u0142 agenci ADL w ca\u0142ym kraju obrali za cel ponad 1000 os\u00f3b zajmuj\u0105cych si\u0119 prawami politycznymi, religijnymi, pracowniczymi i obywatelskimi organizacje, przy czym nowojorska siedziba ADL prowadzi aktywne dossier dotycz\u0105ce ponad miliona Amerykan\u00f3w.<\/p>\n\n\n\n<p id=\"p_1_12\">Nied\u0142ugo potem urz\u0119dnik ACLU, kt\u00f3ry wcze\u015bniej zajmowa\u0142 wysokie stanowisko w ADL, ujawni\u0142 w wywiadzie, \u017ce jego organizacja by\u0142a faktycznym \u017ar\u00f3d\u0142em wysoce kontrowersyjnego inwigilacji Martina Luthera Kinga Jr. w latach 60. XX w., kt\u00f3r\u0105 nast\u0119pnie zapewni\u0142a. dyrektorowi FBI J. Edgarowi Hooverowi.&nbsp;Przez wiele lat&nbsp;<strong>nag\u0142\u00f3wki og\u00f3lnokrajowych medi\u00f3w pot\u0119pia\u0142y Hoovera za wykorzystywanie przez niego ta\u015bm i innych tajnych informacji na temat dzia\u0142alno\u015bci Kinga, ale kiedy lokalna gazeta z San Francisco ujawni\u0142a, \u017ce \u200b\u200bw rzeczywisto\u015bci \u017ar\u00f3d\u0142em wszystkich tych obrzydliwych materia\u0142\u00f3w by\u0142a operacja szpiegowska ADL, to szokuj\u0105ce odkrycie zosta\u0142o ca\u0142kowicie zignorowane w mediach og\u00f3lnokrajowych<\/strong>&nbsp;i&nbsp;<a href=\"https:\/\/larouchepub.com\/eiw\/public\/1996\/eirv23n18-19960426\/eirv23n18-19960426_032-adl_caught_in_spy_scandal_of_the.pdf\">zg\u0142oszone jedynie przez marginalne organizacje<\/a>&nbsp;, tak \u017ce dzi\u015b prawie \u017caden Amerykanin nie jest tego \u015bwiadomy.<\/p>\n\n\n\n<p id=\"p_1_13\">Nie znam \u017cadnej innej prywatnej organizacji w historii Ameryki, kt\u00f3ra by\u0142aby zaanga\u017cowana cho\u0107by w cz\u0105stk\u0119 takiej nielegalnej dzia\u0142alno\u015bci szpiegowskiej w kraju, kt\u00f3ra, jak si\u0119 wydaje, by\u0142a skierowana przeciwko prawie wszystkim grupom i prominentnym osobisto\u015bciom \u2013 lewicy, prawicy i centrum \u2013 podejrzanym o niewystarczaj\u0105ce zgodne z interesami \u017byd\u00f3w i Izraela.&nbsp;<strong>Niekt\u00f3re nielegalne materia\u0142y znalezione w posiadaniu ADL wzbudzi\u0142y nawet mroczne podejrzenia, \u017ce \u200b\u200bodegra\u0142y one rol\u0119 w krajowych atakach terrorystycznych i zab\u00f3jstwach politycznych skierowanych przeciwko zagranicznym przyw\u00f3dcom.&nbsp;<\/strong>Nie jestem ekspertem w dziedzinie prawa, ale bior\u0105c pod uwag\u0119 masow\u0105 skal\u0119 nielegalnej dzia\u0142alno\u015bci ADL, zastanawiam si\u0119, czy mo\u017cna by\u0142o przedstawi\u0107 przekonuj\u0105cy pow\u00f3d, aby postawi\u0107 ca\u0142\u0105 organizacj\u0119 na podstawie statutu RICO i skaza\u0107 wszystkich jej przyw\u00f3dc\u00f3w na d\u0142ugie kary wi\u0119zienia.<\/p>\n\n\n\n<p id=\"p_1_14\">Zamiast tego&nbsp;<a href=\"https:\/\/www.counterpunch.org\/2002\/02\/25\/the-adl-spying-case-is-over-but-the-struggle-continues\/\">wynikaj\u0105ce z tego zarzuty rz\u0105dowe zosta\u0142y szybko uregulowane<\/a>&nbsp;jedynie banaln\u0105 grzywn\u0105 i prawnym uderzeniem w nadgarstek, co demonstruje niemal ca\u0142kowit\u0105 bezkarno\u015b\u0107, jak\u0105 zapewnia masowa \u017cydowska w\u0142adza polityczna we wsp\u00f3\u0142czesnym spo\u0142ecze\u0144stwie ameryka\u0144skim.<\/p>\n\n\n\n<p id=\"p_1_15\">W rezultacie&nbsp;<strong>wydaje si\u0119, \u017ce ADL od dawna dzia\u0142a\u0142a jako sprywatyzowana wersja tajnej policji politycznej naszego kraju, monitoruj\u0105ca i egzekwuj\u0105ca swoje ideologiczne doktryny w imieniu grup \u017cydowskich, podobnie jak Stasi robi\u0142a to dla komunistycznych w\u0142adc\u00f3w Niemiec Wschodnich.&nbsp;<\/strong>Bior\u0105c pod uwag\u0119 tak d\u0142ug\u0105 histori\u0119 dzia\u0142alno\u015bci przest\u0119pczej, zezwolenie ADL na rozszerzenie nadzoru na nasze najwi\u0119ksze platformy medi\u00f3w spo\u0142eczno\u015bciowych jest r\u00f3wnoznaczne z wyznaczeniem mafii do nadzorowania FBI i NSA lub zrobieniem bardzo du\u017cego kroku w kierunku wdro\u017cenia \u201eMinisterstwa Prawdy\u201d George&#8217;a Orwella w imieniu interes\u00f3w \u017cydowskich.<\/p>\n\n\n\n<p id=\"p_1_16\">W&nbsp;<a href=\"https:\/\/www.scribd.com\/document\/358457219\/America-s-Decline-The-Education-Of-A-Conservative-by-Revilo-P-Oliver-pdf\">swoich wspomnieniach z 1981 roku<\/a>&nbsp;skrajnie prawicowy badacz filologii klasycznej Revilo P.&nbsp;<strong>Oliver scharakteryzowa\u0142 ADL jako \u201epot\u0119\u017cn\u0105 organizacj\u0119 \u017cydowskich kowboj\u00f3w, kt\u00f3rzy je\u017cd\u017c\u0105 stadem na swoim ameryka\u0144skim bydle\u201d<\/strong>&nbsp;i wydaje mi si\u0119, \u017ce jest to do\u015b\u0107 trafny opis.<\/p>\n<\/blockquote>\n\n\n\n<h2 class=\"wp-block-heading\"><a href=\"https:\/\/www.unz.com\/runz\/elon-musk-and-the-true-history-of-the-adl\/#question-2-the-origins-of-the-adl\">Pytanie 2: Pocz\u0105tki ADL<\/a><\/h2>\n\n\n\n<p id=\"p_1_18\"><em>Czy m\u00f3g\u0142by\u015b nam przedstawi\u0107 miniaturowy szkic pocz\u0105tk\u00f3w ADL, aby czytelnicy mieli bardziej \u015bwiadomy pogl\u0105d na histori\u0119 organizacji?<\/em><\/p>\n\n\n\n<p id=\"p_1_19\"><strong>Ron Unz \u2014<\/strong>&nbsp;Na pocz\u0105tku tego roku zar\u00f3wno \u201e&nbsp;<a href=\"https:\/\/www.nytimes.com\/2023\/03\/16\/theater\/parade-review-leo-frank.html\"><em>New York Times\u201d<\/em><\/a>&nbsp;, jak i \u201e&nbsp;<a href=\"https:\/\/www.wsj.com\/articles\/parade-review-a-broadway-musical-of-american-bigotry-fbfa32a6\"><em>Wall Street Journal\u201d<\/em><\/a>&nbsp;po\u015bwi\u0119ci\u0142y sporo miejsca na relacj\u0119 z \u201eParady\u201d, wznowienia broadwayowskiego musicalu z 1998 r. opowiadaj\u0105cego o zab\u00f3jstwie Leo Franka, \u017cydowskiego kierownika fabryki w Atlancie w 1915 r. Georgia, prawdopodobnie najs\u0142ynniejszy lincz w historii Ameryki.<\/p>\n\n\n\n<p id=\"p_1_20\"><strong>Frank zosta\u0142 uznany za winnego i skazany na \u015bmier\u0107 za gwa\u0142t i morderstwo zatrudnionej przez niego m\u0142odej dziewczyny, a w celu ratowania jego \u017cycia utworzono ADL.&nbsp;<\/strong>Po niepowodzeniu licznych odwo\u0142a\u0144 gubernator stanu ostatecznie z\u0142agodzi\u0142 wyrok Franka, a grupa oburzonych obywateli odpowiedzia\u0142a powieszeniem Franka.&nbsp;Incydent ten zosta\u0142 przedstawiony zar\u00f3wno w muzyce, jak i w mediach w ostatnich dziesi\u0119cioleciach, jako szczeg\u00f3lnie przera\u017caj\u0105cy przyk\u0142ad ameryka\u0144skiego antysemityzmu.<\/p>\n\n\n\n<p id=\"p_1_21\">Wed\u0142ug tej niemal uniwersalnej narracji medialnej, pomimo tej pocz\u0105tkowej pora\u017cki, ADL przez nast\u0119pne sto lat przewodzi\u0142a walce zar\u00f3wno z antysemityzmem, jak i rasizmem.&nbsp;Jednak\u017ce&nbsp;<strong>prawdziwe fakty w sprawie Leo Franka bardzo r\u00f3\u017cni\u0142y si\u0119 od tego, co zosta\u0142o przedstawione, a zrozumienie prawdziwej historii zapewnia wa\u017cny wgl\u0105d w rzeczywist\u0105 natur\u0119 ADL i jej dzia\u0142alno\u015b\u0107.&nbsp;<\/strong>Co wi\u0119cej, d\u0142ugie sukcesy ADL w ukrywaniu tych fakt\u00f3w pokazuj\u0105 w\u0142adz\u0119, jak\u0105 organizacja sprawuje nad mediami i spo\u0142eczno\u015bci\u0105 akademick\u0105.&nbsp;ADL jest nierozerwalnie zwi\u0105zana ze spraw\u0105 Leo Franka, kt\u00f3ra zainspirowa\u0142a jej powstanie i na pocz\u0105tku tego roku wyja\u015bnia\u0142em&nbsp;<a href=\"https:\/\/www.unz.com\/runz\/american-pravda-the-leo-frank-case-and-the-origins-of-the-adl\/\">te<\/a>&nbsp;okoliczno\u015bci.<\/p>\n\n\n\n<blockquote class=\"wp-block-quote is-layout-flow wp-block-quote-is-layout-flow\">\n<p id=\"p_1_22\">Zasadniczy zarys wydarze\u0144 nie budzi w\u0105tpliwo\u015bci.&nbsp;W 1913 roku w Gruzji ostatni raz widziano \u017cyw\u0105 13-letni\u0105 pracownic\u0119 firmy produkuj\u0105cej o\u0142\u00f3wki, Mary Phagan, kt\u00f3ra w sobotni poranek odwiedza\u0142a biuro dyrektora fabryki Leo Franka, aby odebra\u0107 cotygodniow\u0105 wyp\u0142at\u0119, podczas gdy jej zgwa\u0142cone i zamordowane cia\u0142o znaleziono w piwnicy wcze\u015bnie rano nast\u0119pnego ranka i Frank ostatecznie aresztowany za przest\u0119pstwo.&nbsp;Jako zamo\u017cny m\u0142ody prezydent oddzia\u0142u B&#8217;nai B&#8217;rith w Atlancie Frank by\u0142 jednym z najwybitniejszych \u017byd\u00f3w na Po\u0142udniu i przeznaczono ogromne \u015brodki na jego obron\u0119 prawn\u0105, ale po najd\u0142u\u017cszym i najdro\u017cszym procesie w historii pa\u0144stwa, szybko zosta\u0142 uznany za winnego i skazany na \u015bmier\u0107.<\/p>\n\n\n\n<p id=\"p_1_23\">Fakty w sprawie przeciwko Frankowi ostatecznie przekszta\u0142ci\u0142y si\u0119 w niezwyk\u0142\u0105 pl\u0105tanin\u0119 z\u0142o\u017conych i cz\u0119sto sprzecznych dowod\u00f3w oraz zezna\u0144 naocznych \u015bwiadk\u00f3w, przy czym zeznania pod przysi\u0119g\u0105 by\u0142y regularnie wycofywane, a nast\u0119pnie wycofywane.&nbsp;Jednak kluczow\u0105 kwesti\u0105, kt\u00f3r\u0105 autorzy NOI podkre\u015blaj\u0105 w celu prawid\u0142owego rozszyfrowania tej zagmatwanej sytuacji, jest ogromna skala \u015brodk\u00f3w finansowych udost\u0119pnionych w imieniu Franka zar\u00f3wno przed procesem, jak i po nim, przy czym praktycznie wszystkie fundusze pochodzi\u0142y ze \u017ar\u00f3de\u0142 \u017cydowskich.&nbsp;Przeliczenie walut nie jest dok\u0142adne, ale w por\u00f3wnaniu z \u00f3wczesnymi dochodami ameryka\u0144skiej rodziny&nbsp;<strong>ca\u0142kowite wydatki zwolennik\u00f3w Franka mog\u0142y si\u0119ga\u0107 a\u017c 25 milion\u00f3w dolar\u00f3w wed\u0142ug dzisiejszych dolar\u00f3w, prawdopodobnie wi\u0119cej ni\u017c jakakolwiek inna obrona w sprawie zab\u00f3jstwa w historii Ameryki<\/strong>przed czy po, i niemal niewyobra\u017caln\u0105 sum\u0119 dla zubo\u017ca\u0142ego G\u0142\u0119bokiego Po\u0142udnia tego okresu.&nbsp;Wiele lat p\u00f3\u017aniej&nbsp;<strong>czo\u0142owy darczy\u0144ca przyzna\u0142 prywatnie, \u017ce wi\u0119kszo\u015b\u0107 tych pieni\u0119dzy wydano na krzywoprzysi\u0119stwo i podobne fa\u0142szerstwa<\/strong>&nbsp;, co jest \u0142atwo widoczne dla ka\u017cdego, kto dok\u0142adnie przestudiuje t\u0119 spraw\u0119.&nbsp;Kiedy we\u017amiemy pod uwag\u0119 ogromny ocean profrankowskiego finansowania i brudne \u015brodki, do jakich cz\u0119sto je wykorzystywano, szczeg\u00f3\u0142y sprawy staj\u0105 si\u0119 znacznie mniej tajemnicze.&nbsp;Istnieje g\u00f3ra ewidentnie sfabrykowanych dowod\u00f3w i fa\u0142szywych zezna\u0144 na korzy\u015b\u0107 Franka, a po drugiej stronie nie wida\u0107 niczego podobnego.<\/p>\n\n\n\n<p id=\"p_1_24\">Policja pocz\u0105tkowo podejrzewa\u0142a czarnego str\u00f3\u017ca nocnego, kt\u00f3ry znalaz\u0142 cia\u0142o dziewczyny, wi\u0119c szybko zosta\u0142 on aresztowany i surowo przes\u0142uchany.&nbsp;Nied\u0142ugo potem w jego domu znaleziono zakrwawion\u0105 koszul\u0119, a Frank z\u0142o\u017cy\u0142 kilka zezna\u0144, kt\u00f3re wskazywa\u0142y na zwi\u0105zek jego pracownika z przest\u0119pstwem.&nbsp;W pewnym momencie temu czarnemu podejrzanemu mog\u0142o grozi\u0107 dora\u017ane zlinczowanie przez t\u0142um, co doprowadzi\u0142oby do zamkni\u0119cia sprawy.&nbsp;Jednak trzyma\u0142 si\u0119 swojej opowie\u015bci o niewinno\u015bci z niezwyk\u0142ym spokojem, co stanowi ostry kontrast z niezwykle nerwowym i podejrzliwym zachowaniem Franka, a policja wkr\u00f3tce skupi\u0142a si\u0119 na tym drugim, co doprowadzi\u0142o do jego aresztowania.&nbsp;Wszyscy badacze uznaj\u0105 obecnie, \u017ce nocny str\u00f3\u017c by\u0142 ca\u0142kowicie niewinny, a dowody przeciwko niemu zosta\u0142y postawione.<\/p>\n\n\n\n<p id=\"p_1_25\">Sprawa przeciwko Frankowi stale narasta\u0142a.&nbsp;By\u0142 ostatnim znanym m\u0119\u017cczyzn\u0105, kt\u00f3ry widzia\u0142 m\u0142od\u0105 ofiar\u0119 i wielokrotnie zmienia\u0142 wa\u017cne aspekty swojej historii.&nbsp;Wiele by\u0142ych pracownic zg\u0142osi\u0142o jego d\u0142ug\u0105 histori\u0119 agresywnych zachowa\u0144 seksualnych wobec nich, zw\u0142aszcza wobec samej zamordowanej dziewczyny.&nbsp;W chwili morderstwa Frank twierdzi\u0142, \u017ce pracowa\u0142 sam w swoim biurze, ale \u015bwiadek, kt\u00f3ry tam poszed\u0142, zezna\u0142, \u017ce nigdzie go nie znaleziono.&nbsp;Ogromna ilo\u015b\u0107 poszlak dotyczy\u0142a Franka.<\/p>\n\n\n\n<p id=\"p_1_26\"><strong>Wkr\u00f3tce s\u0142uga rodziny Frank\u00f3w z\u0142o\u017cy\u0142 pod przysi\u0119g\u0105 zeznania, \u017ce \u200b\u200bFrank przyzna\u0142 si\u0119 do morderstwa nast\u0119pnego ranka po zab\u00f3jstwie<\/strong>&nbsp;, a twierdzenie to wydawa\u0142o si\u0119 potwierdza\u0107 dziwna odmowa tej ostatniej odwiedzania m\u0119\u017ca przebywaj\u0105cego w wi\u0119zieniu przez pierwsze dwa tygodnie po zab\u00f3jstwie. dniu jego aresztowania.<\/p>\n\n\n\n<p id=\"p_1_27\">Hojnie finansowani partyzanci Franka zatrudnili dwie oddzielne firmy sk\u0142adaj\u0105ce si\u0119 z do\u015bwiadczonych prywatnych detektyw\u00f3w, a agenci obu ostatecznie doszli do niech\u0119tnego wniosku, \u017ce Frank jest winny postawionych mu zarzut\u00f3w.<\/p>\n\n\n\n<p id=\"p_1_28\">W miar\u0119 post\u0119p\u00f3w \u015bledztwa nast\u0105pi\u0142 powa\u017cny prze\u0142om, gdy niejaki Jim Conley, czarny wo\u017any Franka, zg\u0142osi\u0142 si\u0119 i przyzna\u0142, \u017ce by\u0142 wsp\u00f3lnikiem Franka w ukrywaniu przest\u0119pstwa.&nbsp;Na rozprawie zezna\u0142, \u017ce Frank regularnie anga\u017cowa\u0142 go jako obserwatora podczas licznych kontakt\u00f3w seksualnych z pracownicami, a&nbsp;<strong>po zamordowaniu Phagana Frank zaoferowa\u0142 mu ogromn\u0105 sum\u0119 pieni\u0119dzy za pomoc w wyniesieniu i ukryciu cia\u0142a w piwnicy, tak aby \u017ce zbrodni\u0119 mo\u017cna przypisa\u0107 komu\u015b innemu.<\/strong>Jednak gdy p\u0119tla prawna zacisn\u0119\u0142a si\u0119 wok\u00f3\u0142 Franka, Conley zacz\u0105\u0142 si\u0119 obawia\u0107, \u017ce mo\u017ce zosta\u0107 nowym koz\u0142em ofiarnym, wi\u0119c zwr\u00f3ci\u0142 si\u0119 do w\u0142adz, aby ratowa\u0107 w\u0142asn\u0105 szyj\u0119.&nbsp;Pomimo pot\u0119piaj\u0105cych oskar\u017ce\u0144 Conleya Frank wielokrotnie odmawia\u0142 konfrontacji z nim w obecno\u015bci policji, co by\u0142o powszechnie postrzegane jako kolejny dow\u00f3d winy Franka.<\/p>\n\n\n\n<p id=\"p_1_29\">Do czasu samego procesu wszystkie strony by\u0142y zgodne co do tego, \u017ce morderc\u0105 by\u0142 albo Frank, bogaty \u017cydowski biznesmen, albo Conley, na wp\u00f3\u0142 niepi\u015bmienny czarny wo\u017any z wykszta\u0142ceniem pierwszej klasy i d\u0142ug\u0105 histori\u0105 publicznego pija\u0144stwa i drobnych przest\u0119pstw.&nbsp;Prawnicy Franka w pe\u0142ni wykorzystali to por\u00f3wnanie, podkre\u015blaj\u0105c \u017cydowskie pochodzenie Franka jako dow\u00f3d jego niewinno\u015bci i oddaj\u0105c si\u0119 najbardziej prymitywnej rasistowskiej obeldze pod adresem jego czarnego oskar\u017cyciela, kt\u00f3ry ich zdaniem by\u0142 oczywi\u015bcie prawdziwym gwa\u0142cicielem i morderc\u0105 ze wzgl\u0119du na jego zwierz\u0119c\u0105 natur\u0119.<\/p>\n\n\n\n<p id=\"p_1_30\">Ci prawnicy byli najlepszymi, jakich mo\u017cna by\u0142o kupi\u0107 za pieni\u0105dze, a g\u0142\u00f3wny obro\u0144ca by\u0142 znany jako jeden z najlepiej wykwalifikowanych przes\u0142uchuj\u0105cych na sali s\u0105dowej na Po\u0142udniu.&nbsp;Ale chocia\u017c podda\u0142 Conleya wyczerpuj\u0105cym szesnastu godzinom intensywnych przes\u0142ucha\u0144 w ci\u0105gu trzech dni, ten ostatni nigdy nie zachwia\u0142 si\u0119 co do g\u0142\u00f3wnych szczeg\u00f3\u0142\u00f3w swojej niezwykle barwnej historii, kt\u00f3ra zrobi\u0142a ogromne wra\u017cenie na lokalnych mediach i \u0142awie przysi\u0119g\u0142ych.&nbsp;Tymczasem Frank odm\u00f3wi\u0142 zaj\u0119cia stanowiska na w\u0142asnym procesie, unikaj\u0105c w ten spos\u00f3b publicznego przes\u0142uchania w sprawie jego cz\u0119sto zmieniaj\u0105cej si\u0119 relacji.<\/p>\n\n\n\n<p id=\"p_1_31\">Przy ciele Phagana odkryto dwie notatki napisane prymitywnym czarnym angielskim i wszyscy wkr\u00f3tce zgodzili si\u0119, \u017ce napisa\u0142 je morderca w nadziei, \u017ce zmyli podejrzenia.&nbsp;Zosta\u0142y wi\u0119c napisane albo przez p\u00f3\u0142-pi\u015bmiennego czarnego cz\u0142owieka, takiego jak Conley, albo przez wykszta\u0142conego bia\u0142ego, pr\u00f3buj\u0105cego na\u015bladowa\u0107 ten styl, i moim zdaniem pisownia i dob\u00f3r s\u0142\u00f3w silnie sugeruj\u0105 to drugie, tym samym implikuj\u0105c Franka.<\/p>\n\n\n\n<p id=\"p_1_32\">Patrz\u0105c szerzej, teoria legionu po\u015bmiertnych zwolennik\u00f3w Franka wydaje si\u0119 przeczy\u0107 racjonalno\u015bci.&nbsp;Ci dziennikarze i uczeni jednomy\u015blnie twierdz\u0105, \u017ce Conley, p\u00f3\u0142pi\u015bmienny czarny s\u0142u\u017c\u0105cy, brutalnie zgwa\u0142ci\u0142 i zamordowa\u0142 m\u0142od\u0105 bia\u0142\u0105 dziewczyn\u0119, a w\u0142adze prawne wkr\u00f3tce dowiedzia\u0142y si\u0119 o tym fakcie, ale spiskowa\u0142y, by go uwolni\u0107, wspieraj\u0105c z\u0142o\u017cony i ryzykowny plan zamiast tego wrobi\u0107 niewinnego bia\u0142ego biznesmena.&nbsp;Czy naprawd\u0119 mo\u017cemy wierzy\u0107, \u017ce funkcjonariusze policji i prokuratorzy miasta na Starym Po\u0142udniu z\u0142amaliby swoj\u0105 przysi\u0119g\u0119, aby \u015bwiadomie chroni\u0107 czarnego gwa\u0142ciciela i zab\u00f3jc\u0119 przed kar\u0105 prawn\u0105 i w ten spos\u00f3b wypu\u015bci\u0107 go na ulice miasta?&nbsp;prawdopodobnie po to, by \u017cerowa\u0107 na przysz\u0142ych m\u0142odych bia\u0142ych dziewczynach?&nbsp;Ta nieprawdopodobna rekonstrukcja jest szczeg\u00f3lnie dziwna, poniewa\u017c prawie wszyscy jej zwolennicy na przestrzeni dziesi\u0119cioleci byli najzagorzalszymi \u017cydowskimi libera\u0142ami, kt\u00f3rzy bez ko\u0144ca pot\u0119piali przera\u017caj\u0105cy rasizm w\u0142adz Po\u0142udnia tamtej epoki, ale potem z niewyja\u015bnionych powod\u00f3w zdecydowali si\u0119 zrobi\u0107 w tym przypadku specjalny wyj\u0105tek szczeg\u00f3lny przypadek.<\/p>\n\n\n\n<p id=\"p_1_33\">Pod wieloma wzgl\u0119dami wa\u017cniejsza cz\u0119\u015b\u0107 sprawy Franka rozpocz\u0119\u0142a si\u0119 po jego skazaniu i wyroku \u015bmierci, kiedy&nbsp;<strong>wielu najbogatszych i najbardziej wp\u0142ywowych przyw\u00f3dc\u00f3w \u017cydowskich w Ameryce zacz\u0119\u0142o si\u0119 mobilizowa\u0107, aby uratowa\u0107 go przed kata.&nbsp;Wkr\u00f3tce ustanowili ADL jako nowe narz\u0119dzie do tego celu i uda\u0142o im si\u0119 uczyni\u0107 spraw\u0119 morderstwa Franka jedn\u0105 z najs\u0142ynniejszych w dotychczasowej historii Ameryki.<\/strong><\/p>\n\n\n\n<p id=\"p_1_34\">Chocia\u017c jego rola by\u0142a w\u00f3wczas w du\u017cej mierze ukrywana, najwa\u017cniejszym nowym sponsorem, kt\u00f3rego przyci\u0105gn\u0105\u0142 Frank, by\u0142 Albert Lasker z Chicago, niekwestionowany monarcha ameryka\u0144skiej reklamy konsumenckiej, kt\u00f3ra stanowi\u0142a krew wszystkich naszych g\u0142\u00f3wnych gazet i magazyn\u00f3w.&nbsp;Ostatecznie nie tylko zapewni\u0142 lwi\u0105 cz\u0119\u015b\u0107 \u015brodk\u00f3w na obron\u0119 Franka, ale skupi\u0142 swoj\u0105 energi\u0119 na kszta\u0142towaniu relacji medialnych na temat tej sprawy.&nbsp;Bior\u0105c pod uwag\u0119 jego dominuj\u0105cy wp\u0142yw biznesowy w tym sektorze, nie powinni\u015bmy by\u0107 zaskoczeni, \u017ce wkr\u00f3tce w ca\u0142ym kraju zacz\u0119\u0142a pojawia\u0107 si\u0119 ogromna fala nieustannej propagandy profrankowskiej, zar\u00f3wno w publikacjach lokalnych, jak i og\u00f3lnokrajowych, docieraj\u0105c do wi\u0119kszo\u015bci najpopularniejszych i najbardziej cenionych ameryka\u0144skich medi\u00f3w. , z ledwie jednym s\u0142owem wypowiedzianym po drugiej stronie historii.<\/p>\n\n\n\n<p id=\"p_1_35\">Lasker zwerbowa\u0142 tak\u017ce inne wp\u0142ywowe osobisto\u015bci \u017cydowskie do sprawy Franka, w tym w\u0142a\u015bciciela&nbsp;<em>New York Timesa<\/em>&nbsp;Adolpha Ochsa, przewodnicz\u0105cego&nbsp;<em>Ameryka\u0144skiego Komitetu \u017bydowskiego<\/em>&nbsp;Louisa Marshalla i czo\u0142owego finansisty z Wall Street Jacoba Schiffa.&nbsp;W szczeg\u00f3lno\u015bci \u201eThe&nbsp;<em>Times\u201d<\/em>&nbsp;zacz\u0105\u0142 po\u015bwi\u0119ca\u0107 ogromne zainteresowanie tej wcze\u015bniej ma\u0142o znanej sprawie morderstwa w Gruzji, a wiele artyku\u0142\u00f3w zosta\u0142o szeroko opublikowanych w innych miejscach.&nbsp;Autorzy NOI podkre\u015blaj\u0105 t\u0119 niezwyk\u0142\u0105 uwag\u0119 medi\u00f3w og\u00f3lnokrajowych: \u201eCzarny wo\u017any, kt\u00f3rego zeznania sta\u0142y si\u0119 centralnym punktem skazania Leo Franka, sta\u0142 si\u0119 najcz\u0119\u015bciej cytowan\u0105 czarnosk\u00f3r\u0105 osob\u0105 w dotychczasowej historii Ameryki.&nbsp;Wi\u0119cej jego s\u0142\u00f3w ukaza\u0142o si\u0119 drukiem w&nbsp;<em>New York Times<\/em>&nbsp;ni\u017c WEB Du Bois, Marcus Garvey i Booker T. Washington\u2026<em>\u0142\u0105czny.&nbsp;<\/em>\u201d<\/p>\n\n\n\n<p id=\"p_1_36\">Sto lat temu, podobnie jak dzisiaj, nasze media tworz\u0105 nasz\u0105 rzeczywisto\u015b\u0107, a gdy niewinno\u015b\u0107 Franka zosta\u0142a og\u0142oszona w ca\u0142ym kraju niemal jednomy\u015blnie, wkr\u00f3tce przekonano d\u0142ug\u0105 list\u0119 prominentnych osobisto\u015bci publicznych, aby za\u017c\u0105da\u0142y nowego procesu dla skazanego mordercy, w tym Thomasa Edisona , Henry\u2019ego Forda i Jane Addams.<\/p>\n\n\n\n<p id=\"p_1_37\">Jak na ironi\u0119, sam Lasker zaanga\u017cowa\u0142 si\u0119 w t\u0119 krucjat\u0119, mimo \u017ce najwyra\u017aniej mia\u0142 bardzo mieszane uczucia co do cz\u0142owieka, kt\u00f3rego sprawy broni\u0142.&nbsp;<strong>Z jego p\u00f3\u017aniejszej biografii wynika, \u017ce \u200b\u200bju\u017c po pierwszym osobistym spotkaniu z Frankiem uzna\u0142 go za \u201ezbocze\u0144ca\u201d i \u201eobrzydliwego\u201d osobnika do tego stopnia, \u017ce \u200b\u200bmia\u0142 nawet nadziej\u0119, \u017ce gdy uda mu si\u0119 uwolni\u0107 Franka, ten szybko zginie w jakim\u015b wypadek.<\/strong>Co wi\u0119cej, w swojej prywatnej korespondencji swobodnie przyzna\u0142, \u017ce du\u017ca cz\u0119\u015b\u0107 ogromnych funduszy, kt\u00f3re zapewnia\u0142 on i wielu innych zamo\u017cnych \u017byd\u00f3w z ca\u0142ego kraju, zosta\u0142a wydana na fa\u0142szywe zeznania, a istniej\u0105 r\u00f3wnie\u017c mocne przes\u0142anki wskazuj\u0105ce, \u017ce rozwa\u017ca\u0142 przekupywanie r\u00f3\u017cnych s\u0119dzi\u00f3w.&nbsp;Bior\u0105c pod uwag\u0119 te fakty, inni g\u0142\u00f3wni zwolennicy Laskera i Franka byli wyra\u017anie winni powa\u017cnych przest\u0119pstw i mogli otrzyma\u0107 d\u0142ugie kary wi\u0119zienia za swoje nielegalne post\u0119powanie.<\/p>\n\n\n\n<p id=\"p_1_38\">Poniewa\u017c&nbsp;<em>\u201eNew York Times\u201d<\/em>&nbsp;i pozosta\u0142e liberalne media z p\u00f3\u0142nocy tak obszernie omawia\u0142y t\u0119 spraw\u0119, obro\u0144cy Franka byli zmuszeni porzuci\u0107 pod\u017cegaj\u0105c\u0105 do rasizmu retoryk\u0119 skierowan\u0105 do jego czarnego oskar\u017cyciela, kt\u00f3ra wcze\u015bniej by\u0142a centralnym elementem ich strategii procesowej.&nbsp;Zamiast tego&nbsp;<strong>zacz\u0119li wymy\u015bla\u0107 opowie\u015b\u0107 o szerz\u0105cym si\u0119 lokalnym antysemityzmie, wcze\u015bniej niezauwa\u017conym przez wszystkich obserwator\u00f3w, i przyj\u0119li j\u0105 jako g\u0142\u00f3wn\u0105 podstaw\u0119 odwo\u0142ania od wyroku.<\/strong><\/p>\n\n\n\n<p id=\"p_1_39\">Bezzasadne metody prawne stosowane przez zwolennik\u00f3w Franka ilustruje jeden przyk\u0142ad.&nbsp;Prawo Gruzji zwykle wymaga\u0142o obecno\u015bci oskar\u017conego w s\u0105dzie w celu wys\u0142uchania odczytania wyroku, ale bior\u0105c pod uwag\u0119 powszechne emocje w sprawie, s\u0119dzia zasugerowa\u0142 odst\u0105pienie od tego przepisu, a prokuratura wyrazi\u0142a zgod\u0119 tylko wtedy, gdy obro\u0144cy obiecali nie u\u017cywa\u0107 t\u0119 drobn\u0105 nieprawid\u0142owo\u015b\u0107 jako podstaw\u0119 do odwo\u0142ania.&nbsp;Jednak po skazaniu Franka prezydent AJC Marshall i inni jego zwolennicy zorganizowali wiele bezskutecznych apelacji stanowych i federalnych dotycz\u0105cych w\u0142a\u015bnie tego drobnego szczeg\u00f3\u0142u technicznego, zatrudniaj\u0105c jedynie innych prawnik\u00f3w do sk\u0142adania wniosk\u00f3w.<\/p>\n\n\n\n<p id=\"p_1_40\">Przez prawie dwa lata niemal nieograniczone fundusze zgromadzone przez zwolennik\u00f3w Franka pokrywa\u0142y koszty trzynastu odr\u0119bnych apelacji na szczeblu stanowym i federalnym, w tym do S\u0105du Najwy\u017cszego Stan\u00f3w Zjednoczonych, podczas gdy media krajowe by\u0142y wykorzystywane do ci\u0105g\u0142ego i najsurowszego oczerniania gruzi\u0144skiego wymiaru sprawiedliwo\u015bci mo\u017cliwe terminy.&nbsp;Oczywi\u015bcie szybko wywo\u0142a\u0142o to lokaln\u0105 reakcj\u0119 i w tym okresie&nbsp;<strong>oburzeni Gruzini zacz\u0119li pot\u0119pia\u0107 bogatych \u017byd\u00f3w, kt\u00f3rzy wydali tak ogromne sumy, aby obali\u0107 lokalny system s\u0105downictwa karnego.<\/strong><\/p>\n\n\n\n<p id=\"p_1_41\">Jednym z nielicznych dziennikarzy, kt\u00f3rzy chcieli sprzeciwi\u0107 si\u0119 stanowisku Franka, by\u0142 wydawca z Gruzji Tom Watson, populistyczny pod\u017cegacz, i w artykule wst\u0119pnym rozs\u0105dnie o\u015bwiadczy\u0142: \u201eNie mo\u017cemy mie\u0107\u2026 jednego prawa dla \u017byda, a drugiego dla Goja\u201d, nad czym p\u00f3\u017aniej ubolewa\u0142 \u017ce \u201eTo niedobry stan rzeczy, gdy za granic\u0105 rozchodzi si\u0119 pogl\u0105d, \u017ce prawo jest zbyt s\u0142abe, aby ukara\u0107 cz\u0142owieka, kt\u00f3ry ma mn\u00f3stwo pieni\u0119dzy\u201d.&nbsp;By\u0142y gubernator Gruzji z oburzeniem zapyta\u0142: \u201eCzy mamy rozumie\u0107, \u017ce ka\u017cdy, z wyj\u0105tkiem \u017byda, mo\u017ce zosta\u0107 ukarany za przest\u0119pstwo\u201d.&nbsp;Jasne fakty wskazuj\u0105, \u017ce w sprawie Franka faktycznie dosz\u0142o do ogromnej pomy\u0142ki s\u0105dowej, ale praktycznie ca\u0142o\u015b\u0107 wypad\u0142a na korzy\u015b\u0107 Franka.<\/p>\n\n\n\n<p id=\"p_1_42\">Wszystkie apelacje zosta\u0142y ostatecznie odrzucone i w ko\u0144cu zbli\u017ca\u0142a si\u0119 data egzekucji Franka za zgwa\u0142cenie i morderstwo m\u0142odej dziewczyny.&nbsp;Jednak na kilka dni przed planowanym opuszczeniem urz\u0119du ust\u0119puj\u0105cy gubernator Gruzji z\u0142agodzi\u0142 wyrok Franka, wywo\u0142uj\u0105c ogromn\u0105 burz\u0119 protest\u00f3w spo\u0142ecznych, zw\u0142aszcza \u017ce by\u0142 on partnerem biznesowym g\u0142\u00f3wnego obro\u0144cy Franka, co stanowi oczywisty konflikt interes\u00f3w.&nbsp;Bior\u0105c pod uwag\u0119 ogromne fundusze, kt\u00f3re narodowi zwolennicy Franka przeznaczyli na jego rzecz, oraz powszechne w przesz\u0142o\u015bci przyznania si\u0119 do przekupstwa w tej sprawie, istniej\u0105 oczywi\u015bcie ciemne podejrzenia co do przyczyn tak niezwykle niepopularnej decyzji, kt\u00f3ra wkr\u00f3tce zmusi\u0142a by\u0142ego gubernatora do wygnania z Stan.&nbsp;<strong>Kilka tygodni p\u00f3\u017aniej grupa obywateli Gruzji wtargn\u0119\u0142a na farm\u0119 wi\u0119zienn\u0105 Franka, porywaj\u0105c go i wieszaj\u0105c, a Frank sta\u0142 si\u0119 pierwszym i jedynym \u017bydem zlinczowanym w historii Ameryki.<\/strong><\/p>\n\n\n\n<p id=\"p_1_43\">Naturalnie zab\u00f3jstwo Franka zosta\u0142o ostro pot\u0119pione w mediach og\u00f3lnokrajowych, kt\u00f3re od dawna promowa\u0142y jego spraw\u0119.&nbsp;Ale nawet w tych kr\u0119gach mog\u0142a istnie\u0107 znacz\u0105ca r\u00f3\u017cnica mi\u0119dzy nastrojami publicznymi i prywatnymi.&nbsp;\u017badna gazeta w kraju nie broni\u0142a tak stanowczo niewinno\u015bci Franka jak \u201e&nbsp;<em>New York Times\u201d<\/em>&nbsp;Adolpha Ochsa.&nbsp;Jednak wed\u0142ug osobistego pami\u0119tnika jednego z redaktor\u00f3w \u201eLos&nbsp;<em>Angeles Times<\/em>&nbsp;\u201d Ochs prywatnie gardzi\u0142 Frankiem, a by\u0107 mo\u017ce nawet z ulg\u0105 wita\u0142 jego lincz.&nbsp;Bogaci zwolennicy Franka nigdy nie podj\u0119li \u017cadnego wysi\u0142ku, aby postawi\u0107 przed s\u0105dem kt\u00f3r\u0105kolwiek ze stron linczuj\u0105cych.<\/p>\n<\/blockquote>\n\n\n\n<p><\/p>\n\n\n\n<h2 class=\"wp-block-heading\"><a href=\"https:\/\/www.unz.com\/runz\/elon-musk-and-the-true-history-of-the-adl\/#question-3-the-implications-of-the-leo-frank-case\">Pytanie 3: Implikacje sprawy Leo Franka<\/a><\/h2>\n\n\n\n<p id=\"p_1_47\"><em>Jakie jest prawdziwe znaczenie sprawy Leo Franka, kt\u00f3ra doprowadzi\u0142a do powstania ADL?<\/em><\/p>\n\n\n\n<p id=\"p_1_48\"><strong>Ron Unz:<\/strong>&nbsp;Kiedy odkryjemy prawdziw\u0105 histori\u0119 sprawy Leo Franka i pocz\u0105tk\u00f3w ADL, my\u015bl\u0119, \u017ce szersze implikacje b\u0119d\u0105 g\u0142\u0119bokie.<\/p>\n\n\n\n<p id=\"p_1_49\">Przez ponad sto lat&nbsp;<strong>ADL z powodzeniem przedstawia\u0142a si\u0119 jako organizacja antyrasistowska, kt\u00f3rej celem jest ochrona praw wszystkich Amerykan\u00f3w, w tym ameryka\u0144skich Czarnych, ale prawda jest dok\u0142adnie odwrotna.&nbsp;<\/strong>A kiedy uznamy, \u017ce ADL uda\u0142o si\u0119 ukry\u0107 t\u0119 rzeczywisto\u015b\u0107 przez ponad cztery pokolenia, lepiej zrozumiemy rodzaj kontroli, jak\u0105 ta organizacja od dawna sprawuje zar\u00f3wno nad mediami, jak i spo\u0142eczno\u015bci\u0105 akademick\u0105.<\/p>\n\n\n\n<p id=\"p_1_50\">Widziana we w\u0142a\u015bciwym \u015bwietle sprawa Leo Franka stanowi\u0142a kamie\u0144 milowy w historii stosunk\u00f3w czarno-bia\u0142ych w Ameryce, ale znaczenie to celowo ukrywano.&nbsp;<a href=\"https:\/\/www.unz.com\/runz\/american-pravda-the-adl-in-american-society\/#the-historical-significance-of-the-frank-case\">O<\/a>&nbsp;wadze sprawy pisa\u0142em w 2018 roku&nbsp;:<\/p>\n\n\n\n<blockquote class=\"wp-block-quote is-layout-flow wp-block-quote-is-layout-flow\">\n<p id=\"p_1_51\">Autorzy NOI po\u015bwi\u0119caj\u0105 prawie ca\u0142\u0105 swoj\u0105 obszern\u0105 ksi\u0105\u017ck\u0119 dok\u0142adnej analizie sprawy Franka przedstawionej w odpowiednio beznami\u0119tnej formie, ale czasami pojawia si\u0119 u nich poczucie uzasadnionego oburzenia.&nbsp;W latach poprzedzaj\u0105cych zab\u00f3jstwo Franka wiele tysi\u0119cy czarnych m\u0119\u017cczyzn na ca\u0142ym Po\u0142udniu zosta\u0142o zlinczowanych, cz\u0119sto w oparciu o w\u0105t\u0142y w\u0105tek podejrze\u0144, a kilka z tych incydent\u00f3w zosta\u0142o opisanych w wi\u0119cej ni\u017c kilku zdaniach w lokalnej gazecie, a du\u017ca liczba bia\u0142ych r\u00f3wnie\u017c zgin\u0119\u0142o w podobnych okoliczno\u015bciach.&nbsp;W mi\u0119dzyczasie Frank skorzysta\u0142 z najd\u0142u\u017cszego procesu we wsp\u00f3\u0142czesnej historii Po\u0142udnia, przy wsparciu najlepszych prawnik\u00f3w procesowych, jakich mo\u017cna by\u0142o kupi\u0107 za pieni\u0105dze, i na podstawie przyt\u0142aczaj\u0105cych dowod\u00f3w zosta\u0142 skazany na \u015bmier\u0107 za zgwa\u0142cenie i morderstwo m\u0142odej dziewczyny.&nbsp;Ale kiedy wyrok prawny Franka zosta\u0142 wydany w drodze pozas\u0105dowej,<strong>\u017bydowskie pieni\u0105dze i \u017cydowskie media uczyni\u0142y go \u017cydowskim m\u0119czennikiem, kt\u00f3ry w ten spos\u00f3b skutecznie uzurpowa\u0142 sobie pozycj\u0119 ofiary ogromnej liczby niewinnych Czarnych, kt\u00f3rzy zostali zabici zar\u00f3wno przed nim, jak i po nim, a \u017cadnego z nich nigdy nie uznano nawet za jednostki.<\/strong><\/p>\n\n\n\n<p id=\"p_1_52\">Jak skutecznie wykaza\u0142 prof. Shahak, tradycyjny judaizm talmudyczny uwa\u017ca\u0142 wszystkich nie-\u017byd\u00f3w za podludzi, kt\u00f3rych \u017cycie nie mia\u0142o \u017cadnej warto\u015bci.&nbsp;Bior\u0105c pod uwag\u0119, \u017ce zwolennicy Franka byli wyznawcami judaizmu reformowanego, wydaje si\u0119 ma\u0142o prawdopodobne, aby akceptowali t\u0119 doktryn\u0119 lub w og\u00f3le byli \u015bwiadomi jej istnienia.&nbsp;Jednak tradycje religijne trwaj\u0105ce od tysi\u0105ca lat mo\u017cna \u0142atwo osadzi\u0107 w kulturze, a takie nierozpoznane sentymenty kulturowe mog\u0142y z \u0142atwo\u015bci\u0105 ukszta\u0142towa\u0107 ich reakcj\u0119 na k\u0142opoty prawne Franka.<\/p>\n<\/blockquote>\n\n\n\n<blockquote class=\"wp-block-quote is-layout-flow wp-block-quote-is-layout-flow\">\n<p id=\"p_1_53\">We wst\u0119pie autorzy NOI zwracaj\u0105 uwag\u0119 na fascynuj\u0105cy fakt, \u017ce szersze znaczenie historyczne sprawy Franka w ameryka\u0144skiej historii rasowej zosta\u0142o ca\u0142kowicie utracone.&nbsp;Przed tym procesem bezprecedensowe by\u0142o, aby s\u0105dy Po\u0142udnia zezwala\u0142y czarnym na zeznania przeciwko bia\u0142emu m\u0119\u017cczy\u017anie, nie m\u00f3wi\u0105c ju\u017c o bogatym m\u0119\u017cczy\u017anie s\u0105dzonym pod powa\u017cnymi zarzutami;&nbsp;ale przera\u017caj\u0105cy charakter zbrodni i rola Conleya jako jedynego \u015bwiadka wymaga\u0142y zerwania z t\u0105 wieloletni\u0105 tradycj\u0105.&nbsp;Zatem autorzy nie bez powodu argumentowali, \u017ce&nbsp;<strong>sprawa Franka mog\u0142a by\u0107 r\u00f3wnie wa\u017cna dla historii post\u0119pu Czarnych w Ameryce, jak takie prze\u0142omowe wyroki prawne, jak&nbsp;<em>Plessy przeciwko Ferguson<\/em>&nbsp;czy&nbsp;<em>Brown przeciwko Zarz\u0105dowi<\/em>&nbsp;.<\/strong>&nbsp;Poniewa\u017c jednak prawie ca\u0142a narracja historyczna zosta\u0142a stworzona przez zagorza\u0142ych zwolennik\u00f3w \u017byd\u00f3w, fakty te zosta\u0142y ca\u0142kowicie przes\u0142oni\u0119te, a spraw\u0119 celowo przedstawiano fa\u0142szywie jako przyk\u0142ad prze\u015bladowa\u0144 antysemickich i publicznego morderstwa.<\/p>\n\n\n\n<p id=\"p_1_54\">Podsumujmy to, co wydaje si\u0119 by\u0107 solidnie ugruntowan\u0105 faktyczn\u0105 histori\u0105 sprawy Franka, zupe\u0142nie odmienn\u0105 od tradycyjnej narracji.&nbsp;<strong>Nie ma najmniejszego dowodu na to, \u017ce \u017cydowskie pochodzenie Franka mia\u0142o wp\u0142yw na jego aresztowanie i skazanie, ani na wydany na niego wyrok \u015bmierci.<\/strong>Sprawa ustanowi\u0142a niezwyk\u0142y precedens w historii sal s\u0105dowych na Po\u0142udniu, a zeznania czarnego m\u0119\u017cczyzny odegra\u0142y kluczow\u0105 rol\u0119 w skazaniu bia\u0142ego m\u0119\u017cczyzny.&nbsp;Od najwcze\u015bniejszych etap\u00f3w \u015bledztwa w sprawie morderstwa Frank i jego sojusznicy nieustannie pr\u00f3bowali wci\u0105gn\u0105\u0107 w zwi\u0105zek szeregu r\u00f3\u017cnych niewinnych czarnych, podaj\u0105c fa\u0142szywe dowody i u\u017cywaj\u0105c \u0142ap\u00f3wek w celu wymuszenia krzywoprzysi\u0119skich zezna\u0144, podczas gdy wyj\u0105tkowo ostra retoryka rasistowska, kt\u00f3r\u0105 Frank i jego prawnicy kierowali wobec tych czarnych, przypuszczalnie mia\u0142o na celu sprowokowanie ich publicznego linczu.&nbsp;Jednak pomimo tych wszystkich pr\u00f3b si\u0142 Franka, aby zagra\u0107 na os\u0142awionych uczuciach rasowych bia\u0142ych Po\u0142udniowc\u00f3w tamtej epoki, ten ostatni przejrza\u0142 te plany i Frank zosta\u0142 skazany na powieszenie za zgwa\u0142cenie i morderstwo tej m\u0142odej dziewczyny.<\/p>\n\n\n\n<p id=\"p_1_55\">Za\u0142\u00f3\u017cmy teraz, \u017ce wszystkie fakty w tej s\u0142ynnej sprawie pozosta\u0142y dok\u0142adnie niezmienione, z wyj\u0105tkiem tego, \u017ce Frank by\u0142 bia\u0142ym Gojem.&nbsp;Z pewno\u015bci\u0105 proces zosta\u0142by uznany za jeden z najwi\u0119kszych rasowych punkt\u00f3w zwrotnych w historii Ameryki, by\u0107 mo\u017ce nawet przy\u0107mi\u0142 spraw\u0119&nbsp;<em>Brown przeciwko Radzie<\/em>ze wzgl\u0119du na skal\u0119 powszechnych nastroj\u00f3w i zaj\u0119\u0142aby centralne miejsce we wszystkich naszych wsp\u00f3\u0142czesnych podr\u0119cznikach.&nbsp;Tymczasem Frank, jego prawnicy i jego finansowi poplecznicy zostaliby prawdopodobnie uznani za jednych z najgorszych rasistowskich z\u0142oczy\u0144c\u00f3w w ca\u0142ej historii Ameryki za ich wielokrotne pr\u00f3by wzniecania linczu r\u00f3\u017cnych niewinnych czarnych, aby bogaty bia\u0142y gwa\u0142ciciel i morderca m\u00f3g\u0142 wyj\u015b\u0107 na wolno\u015b\u0107 .&nbsp;Poniewa\u017c jednak Frank by\u0142 raczej \u017bydem ni\u017c chrze\u015bcijaninem, ta niezwyk\u0142a historia zosta\u0142a ca\u0142kowicie odwr\u00f3cona na ponad sto lat przez nasze zdominowane przez \u017byd\u00f3w media i historiografi\u0119.<\/p>\n\n\n\n<p id=\"p_1_56\">Oto wa\u017cne konsekwencje, jakie p\u0142yn\u0105 z kontroli narracji i przep\u0142ywu informacji, kt\u00f3ra pozwala na przekszta\u0142cenie morderc\u00f3w w m\u0119czennik\u00f3w, a z\u0142oczy\u0144c\u00f3w w bohater\u00f3w.&nbsp;<strong>ADL zosta\u0142a za\u0142o\u017cona nieco ponad sto lat temu, a jej g\u0142\u00f3wnym celem by\u0142o zapobieganie poci\u0105ganiu \u017cydowskiego gwa\u0142ciciela i zab\u00f3jcy do odpowiedzialno\u015bci prawnej za swoje zbrodnie, a na przestrzeni dziesi\u0119cioleci ostatecznie przekszta\u0142ci\u0142a si\u0119 w tajn\u0105 policj\u0119 polityczn\u0105, niezbyt r\u00f3\u017cni\u0105c\u0105 si\u0119 od powszechnie pogardzanej Wschodnioniemiecka Stasi<\/strong>&nbsp;, ale jej g\u0142\u00f3wnym celem wydaje si\u0119 by\u0107 utrzymanie przewa\u017caj\u0105cej kontroli \u017cydowskiej w spo\u0142ecze\u0144stwie, kt\u00f3re jest w 98% nie\u017cydowskie.<\/p>\n\n\n\n<p id=\"p_1_57\">Powinni\u015bmy zada\u0107 sobie pytanie, czy w\u0142a\u015bciwe jest przyznanie ogromnego wp\u0142ywu organizacji o takim pochodzeniu i tak niedawnej historii na dystrybucj\u0119 informacji w naszym Internecie.<\/p>\n<\/blockquote>\n\n\n\n<h2 class=\"wp-block-heading\"><a href=\"https:\/\/www.unz.com\/runz\/elon-musk-and-the-true-history-of-the-adl\/#question-4-the-influence-of-the-adl\">Pytanie 4: Wp\u0142yw ADL<\/a><\/h2>\n\n\n\n<p id=\"p_1_60\"><em><\/em>Oto kr\u00f3tki cytat z jednego z Pa\u0144skich artyku\u0142\u00f3w, w kt\u00f3rym kwestionuje si\u0119, czy ADL ma moraln\u0105 pozycj\u0119, aby dzia\u0142a\u0107 jako de facto&nbsp;<em>internetowa&nbsp;<\/em><em>\u201epolicja my\u015bli\u201d:<\/em><\/p>\n\n\n\n<blockquote class=\"wp-block-quote is-layout-flow wp-block-quote-is-layout-flow\">\n<p id=\"p_1_61\">W rezultacie wydaje si\u0119, \u017ce ADL od dawna dzia\u0142a\u0142a jako sprywatyzowana wersja tajnej policji politycznej naszego kraju, monitoruj\u0105ca i egzekwuj\u0105ca swoje ideologiczne doktryny w imieniu grup \u017cydowskich, podobnie jak Stasi robi\u0142a to dla komunistycznych w\u0142adc\u00f3w Niemiec Wschodnich.&nbsp;Bior\u0105c pod uwag\u0119 tak d\u0142ug\u0105 histori\u0119 dzia\u0142alno\u015bci przest\u0119pczej,&nbsp;<strong>zezwolenie ADL na rozszerzenie nadzoru na nasze najwi\u0119ksze platformy medi\u00f3w spo\u0142eczno\u015bciowych jest r\u00f3wnoznaczne z wyznaczeniem mafii do nadzorowania FBI i NSA lub zrobieniem bardzo du\u017cego kroku w kierunku wdro\u017cenia \u201eMinisterstwa Prawdy\u201d George&#8217;a Orwella w imieniu interes\u00f3w \u017cydowskich.<\/strong><\/p>\n<\/blockquote>\n\n\n\n<p id=\"p_1_62\"><em>To najbardziej zjadliwy akt oskar\u017cenia pod adresem ADL, jaki kiedykolwiek czyta\u0142em.&nbsp;Je\u015bli masz racj\u0119, to musimy za\u0142o\u017cy\u0107, \u017ce \u201ewalka z ekstremizmem i nienawi\u015bci\u0105\u201d to jedynie listek figowy ukrywaj\u0105cy prawdziwy cel organizacji, kt\u00f3rym jest cenzurowanie ka\u017cdego, kto ma pogl\u0105dy odmienne od pogl\u0105d\u00f3w ADL.&nbsp;Czy tak to widzisz?&nbsp;Czy prawdziwym celem ADL jest uciszenie ka\u017cdego, z kim si\u0119 nie zgadza?<\/em><\/p>\n\n\n\n<p id=\"p_1_63\"><strong>Ron Unz<\/strong>&nbsp;: Tak,&nbsp;<strong>ADL utrzyma\u0142a swoj\u0105 w\u0142adz\u0119 dzi\u0119ki niezwykle skutecznej blokadzie cenzury, kt\u00f3r\u0105 utrzymuje w stosunku do wszelkich sprzecznych informacji.<\/strong><\/p>\n\n\n\n<p id=\"p_1_64\">Kiedy zacz\u0105\u0142em bada\u0107 pochodzenie ADL i sprawy Leo Franka, odkry\u0142em, \u017ce jedyna relacja kwestionuj\u0105ca ugruntowan\u0105 narracj\u0119 g\u0142\u00f3wnego nurtu pochodzi\u0142a z zupe\u0142nie nieoczekiwanego \u017ar\u00f3d\u0142a.&nbsp;Jak&nbsp;<a href=\"https:\/\/www.unz.com\/runz\/american-pravda-the-adl-in-american-society\/#the-leo-frank-case-and-the-creation-of-the-adl\">wyja\u015bni\u0142em<\/a>&nbsp;pod koniec 2018 r.:<\/p>\n\n\n\n<blockquote class=\"wp-block-quote is-layout-flow wp-block-quote-is-layout-flow\">\n<p id=\"p_1_65\">Wydawcy g\u0142\u00f3wnego nurtu cz\u0119sto odrzucaj\u0105 ksi\u0105\u017cki, kt\u00f3re s\u0105 zbyt ostro sprzeczne z panuj\u0105cymi dogmatami, a sprzeda\u017c takich dzie\u0142 raczej nie uzasadnia szeroko zakrojonych bada\u0144 niezb\u0119dnych do stworzenia r\u0119kopisu.&nbsp;Co wi\u0119cej, zar\u00f3wno autorzy, jak i wydawcy mog\u0105 spotka\u0107 si\u0119 z powszechnym oczernianiem ze strony wrogich medi\u00f3w za zajmowanie takich stanowisk.&nbsp;Z tych powod\u00f3w osoby publikuj\u0105ce takie kontrowersyjne materia\u0142y cz\u0119sto b\u0119d\u0105 dzia\u0142a\u0107 z g\u0142\u0119bokich pobudek ideologicznych, a nie jedynie w poszukiwaniu awansu zawodowego lub korzy\u015bci finansowych.&nbsp;Przyk\u0142adowo,&nbsp;<strong>trzeba by\u0142o gorliwego trockistowskiego lewicowca, takiego jak Lenni Brenner, aby stawi\u0107 czo\u0142a ryzyku brutalnych atak\u00f3w i zainwestowa\u0107 czas i wysi\u0142ek, aby stworzy\u0107 swoje niezwyk\u0142e studium na temat kluczowego&nbsp;<a href=\"https:\/\/www.amazon.com\/Zionism-Dictators-Lenni-Brenner-2014-03-01\/dp\/B017PNYG8G\/\">partnerstwa nazistowsko-syjonistycznego w latach trzydziestych XX wieku<\/a>&nbsp;.<\/strong>&nbsp;I z podobnych powod\u00f3w nie powinni\u015bmy by\u0107 ca\u0142kowicie zaskoczeni, \u017ce wiod\u0105ca ksi\u0105\u017cka argumentuj\u0105ca za win\u0119 Leo Franka ukaza\u0142a si\u0119 jako tom w serii po\u015bwi\u0119conej zgubnym aspektom historycznych relacji mi\u0119dzy \u017bydami a Czarnymi, opracowanej przez Nation of Islam (NOI) Louisa Farrakhana, ani \u017ce w tek\u015bcie nie by\u0142o zidentyfikowanego autora.<\/p>\n\n\n\n<figure class=\"wp-block-image\"><a href=\"https:\/\/noirg.org\/store\/#!\/The-Secret-Relationship-Between-Blacks-and-Jews-Vol-3-The-Leo-Frank-Case-BRAND-NEW-Physical-Book\/p\/486223167\/category\"><img decoding=\"async\" src=\"https:\/\/images-na.ssl-images-amazon.com\/images\/I\/41S%2BMtqOKvL.jpg\" alt=\"\"\/><\/a><\/figure>\n\n\n\n<p id=\"p_1_66\">Anonimowe prace publikowane przez mocno zdemonizowane ruchy religijno-polityczne w naturalny spos\u00f3b budz\u0105 znaczn\u0105 ostro\u017cno\u015b\u0107, ale kiedy zacz\u0105\u0142em czyta\u0107 500 stron Sprawy&nbsp;<a href=\"https:\/\/www.amazon.com\/dp\/0963687786\/\"><em>Leo Franka: Lynching of a Guilty Man<\/em><\/a>Jako\u015b\u0107 analizy historycznej zrobi\u0142a na mnie ogromne wra\u017cenie.&nbsp;My\u015bl\u0119, \u017ce bardzo rzadko spotyka\u0142em si\u0119 z monografi\u0105 badawcz\u0105 dotycz\u0105c\u0105 kontrowersyjnego wydarzenia historycznego, kt\u00f3ra dostarcza\u0142a tak ogromnego bogactwa starannie uargumentowanych analiz popartych tak licznymi dowodami.&nbsp;Wydawa\u0142o si\u0119, \u017ce autorzy wykazali si\u0119 ca\u0142kowit\u0105 znajomo\u015bci\u0105 najwa\u017cniejszej literatury wt\u00f3rnej ostatnich stu lat, czerpi\u0105c w du\u017cym stopniu z r\u00f3\u017cnych \u017ar\u00f3de\u0142 pierwotnych, w tym akt s\u0105dowych, korespondencji osobistej i publikacji wsp\u00f3\u0142czesnych, przy czym przewa\u017caj\u0105ca wi\u0119kszo\u015b\u0107 z 1200 przypis\u00f3w odnosi\u0142a si\u0119 do gazet i gazet. artyku\u0142y z gazet z tamtego okresu.&nbsp;<strong>Argumenty, kt\u00f3re przedstawili w sprawie winy Franka, wydawa\u0142y si\u0119 absolutnie przyt\u0142aczaj\u0105ce.<\/strong><\/p>\n<\/blockquote>\n\n\n\n<p id=\"p_1_67\">Wa\u017cny tekst historyczny, kt\u00f3ry zrobi\u0142 na mnie takie wra\u017cenie, zosta\u0142 opublikowany kilka lat wcze\u015bniej i po\u015bwi\u0119cono mu stosunkowo niewiele uwagi.&nbsp;Jednak m\u00f3j artyku\u0142 podkre\u015blaj\u0105cy jego znaczenie szybko wzbudzi\u0142 du\u017ce zainteresowanie czytelnik\u00f3w i czytelnik\u00f3w, co&nbsp;mog\u0142o sk\u0142oni\u0107 ADL do zakazania go w Amazonie, jak p\u00f3\u017aniej&nbsp;<a href=\"https:\/\/www.unz.com\/runz\/american-pravda-amazon-book-censorship\/\">wyja\u015bni\u0142em :<\/a><\/p>\n\n\n\n<blockquote class=\"wp-block-quote is-layout-flow wp-block-quote-is-layout-flow\">\n<p id=\"p_1_68\">Jednak dla mnie najbardziej niezwyk\u0142ym odkryciem ADL by\u0142a ksi\u0105\u017cka, kt\u00f3r\u0105 kupi\u0142em w zesz\u0142ym roku na Amazonie, a kt\u00f3rej sprzeda\u017c Amazon obecnie zakaza\u0142a.&nbsp;Wydaje si\u0119, \u017ce sama historia powstania ADL sprzed stu lat, cz\u0119sto wspominana w moich podr\u0119cznikach do historii i kt\u00f3rej nigdy wcze\u015bniej nie kwestionowa\u0142em, w rzeczywisto\u015bci stanowi\u0142a absolutne odwr\u00f3cenie rzeczywisto\u015bci historycznej.<\/p>\n<\/blockquote>\n\n\n\n<blockquote class=\"wp-block-quote is-layout-flow wp-block-quote-is-layout-flow\">\n<p id=\"p_1_69\">Przed powstaniem Internetu i rozpocz\u0119ciem sprzeda\u017cy ksi\u0105\u017cek przez Amazon ta fascynuj\u0105ca historia pozostawa\u0142a mi zupe\u0142nie nieznana.&nbsp;Bior\u0105c pod uwag\u0119 jej wp\u0142ywow\u0105 rol\u0119 polityczn\u0105 w naszym spo\u0142ecze\u0144stwie, ADL z pewno\u015bci\u0105 by\u0142aby zaniepokojona, gdyby sta\u0142o si\u0119 powszechnie wiadome, \u017ce organizacja zosta\u0142a za\u0142o\u017cona z g\u0142\u00f3wn\u0105 misj\u0105 polegaj\u0105c\u0105 na zapewnieniu, \u017ce \u017caden bogaty i wp\u0142ywowy \u017byd nigdy nie poni\u00f3s\u0142 kary za zgwa\u0142cenie i morderstwo m\u0142odej chrze\u015bcija\u0144skiej dziewczynki ani za pr\u00f3b\u0119 zorganizowania linczu niewinnych czarnych m\u0119\u017cczyzn w celu ukrycia w\u0142asnej winy.<\/p>\n\n\n\n<p id=\"p_1_70\">Kiedy w pa\u017adzierniku opublikowa\u0142em sw\u00f3j oryginalny artyku\u0142, w naturalny spos\u00f3b zach\u0119ca\u0142em czytelnik\u00f3w, aby zam\u00f3wili t\u0119 niezwyk\u0142\u0105 ksi\u0105\u017ck\u0119 i sami podj\u0119li decyzj\u0119.&nbsp;<strong>Jednak Amazon zdecydowa\u0142 si\u0119 teraz zakaza\u0107 wydawania ksi\u0105\u017cki zawieraj\u0105cej wybitne osi\u0105gni\u0119cia w dziedzinie wiedzy historycznej o Czarnych w szczytowym momencie Miesi\u0105ca Historii Czarnych, co by\u0142o krokiem podj\u0119tym zaledwie kilka dni po tym, jak prezydent ADL z\u0142o\u017cy\u0142 coroczny&nbsp;<a href=\"https:\/\/www.adl.org\/blog\/black-history-month-is-more-than-just-about-history\">entuzjastyczny<\/a>&nbsp;ho\u0142d temu narodowemu \u015bwi\u0119tu czarnej dumy.&nbsp;<\/strong>Zainteresowani mog\u0105 jeszcze przeczyta\u0107 moj\u0105 obszern\u0105 analiz\u0119 tej ksi\u0105\u017cki i wa\u017cnego wydarzenia historycznego, kt\u00f3re opisuje.<\/p>\n<\/blockquote>\n\n\n\n<ul class=\"wp-block-list\">\n<li><a href=\"https:\/\/www.unz.com\/runz\/american-pravda-amazon-book-censorship\/\">American Pravda: Cenzura ksi\u0105\u017cek Amazona<\/a><br><em>zakazuje czarnej historiografii podczas miesi\u0105ca czarnej historii<\/em><br>Ron Unz \u2022&nbsp;<em><strong>The Unz Review<\/strong><\/em>&nbsp;\u2022 11 marca 2019 r. \u2022 7600 s\u0142\u00f3w<\/li>\n<\/ul>\n\n\n\n<p id=\"p_1_71\">ADL zwykle przeprowadza zaciek\u0142e publiczne ataki na wszelkie osoby lub publikacje, kt\u00f3re podwa\u017caj\u0105 jej autorytet.&nbsp;Je\u015bli jednak taka taktyka zastraszania zawiedzie, ADL najwyra\u017aniej powr\u00f3ci do strategii awaryjnej polegaj\u0105cej na \u201ezaciemnieniu\u201d i cenzurze, staraj\u0105c si\u0119 ca\u0142kowicie zminimalizowa\u0107 widoczno\u015b\u0107 i zasi\u0119g swoich antagonist\u00f3w, na przyk\u0142ad poprzez zakaz ich ksi\u0105\u017cek przez Amazon.<\/p>\n\n\n\n<p id=\"p_1_72\"><strong>W moim przypadku, po niepowodzeniu pocz\u0105tkowych atak\u00f3w, wydaje si\u0119, \u017ce organizacja zakaza\u0142a jakichkolwiek wzmianek o naszej stronie internetowej lub moich pismach we wszystkich publikacjach znajduj\u0105cych si\u0119 pod jej silnym wp\u0142ywem.&nbsp;Ostatecznie zar\u00f3wno Facebook, jak i Google, dwaj czo\u0142owi stra\u017cnicy globalnego Internetu, zbanowali lub obni\u017cyli ranking wszystkich naszych stron, co bardzo utrudni\u0142o ludziom odkrycie naszej witryny.&nbsp;<\/strong>Opisa\u0142em bardzo dziwaczne aspekty tego zaciemnienia medi\u00f3w, kt\u00f3re nazywam&nbsp;<a href=\"https:\/\/www.unz.com\/runz\/ideological-purges-and-the-lord-voldemort-effect\/#stephen-miller-and-the-lord-voldemort-effect\">\u201eefektem Lorda Voldemorta\u201d.<\/a><\/p>\n\n\n\n<blockquote class=\"wp-block-quote is-layout-flow wp-block-quote-is-layout-flow\">\n<p id=\"p_1_73\">Hipotez\u0119 t\u0119 silnie potwierdzi\u0142o drugie wydarzenie, kt\u00f3re mia\u0142o miejsce p\u00f3\u017aniej w tym samym miesi\u0105cu.&nbsp;Wcze\u015bniej opublikowali\u015bmy artyku\u0142 prof. Erica Rasmusen z Uniwersytetu Indiana, a w porannym&nbsp;<em>Timesie<\/em>&nbsp;przeczyta\u0142em , \u017ce&nbsp;<a href=\"https:\/\/www.nytimes.com\/2019\/11\/22\/us\/indiana-university-eric-rasmusen.html\">nagle wda\u0142 si\u0119 on w powa\u017cn\u0105 internetow\u0105 kontrowersj\u0119<\/a>&nbsp;, a ch\u00f3r w\u015bciek\u0142ych krytyk\u00f3w domaga\u0142 si\u0119 jego usuni\u0119cia.&nbsp;Z artyku\u0142u wynika, \u017ce \u200b\u200bw jednym ze swoich tweet\u00f3w najwyra\u017aniej promowa\u0142 \u201epod\u0142e i g\u0142upie\u201d pogl\u0105dy jakiej\u015b antyfeministycznej strony internetowej, co zwr\u00f3ci\u0142o uwag\u0119 rozw\u015bcieczonej aktywistki.&nbsp;Powsta\u0142\u0105 w ten spos\u00f3b burz\u0119 pot\u0119pie\u0144 na Twitterze wy\u015bwietlono 2,5 miliona razy, wywo\u0142uj\u0105c powa\u017cne kontrowersje akademickie w mediach og\u00f3lnokrajowych.<\/p>\n\n\n\n<p id=\"p_1_74\">Ciekawi mnie, co si\u0119 sta\u0142o, skontaktowa\u0142em si\u0119 z Rasmusenem, aby zapyta\u0107, czy nie zechcia\u0142by przes\u0142a\u0107 artyku\u0142u na temat kontrowersji,&nbsp;<a href=\"https:\/\/www.unz.com\/article\/fire-professor-eric-rasmusen-or-fire-provost-lauren-robel-instead\/\">co zrobi\u0142<\/a>&nbsp;.&nbsp;Jednak ku mojemu ca\u0142kowitemu zdumieniu odkry\u0142em, \u017ce strona internetowa, o kt\u00f3rej mowa, w rzeczywisto\u015bci nale\u017ca\u0142a do nas, czego nigdy bym nie podejrzewa\u0142 na podstawie niezwykle niejasnej i pokr\u0119tnej dyskusji przedstawionej w gazecie.&nbsp;Najwyra\u017aniej staromodne postanowienia \u201eKto-co-gdzie\u201d w podr\u0119czniku w stylu&nbsp;<em>\u201eTimesa\u201d<\/em>&nbsp;zosta\u0142y po cichu zmienione, aby zabrania\u0107 podawania jakichkolwiek wskaz\u00f3wek na temat naszego istnienia, nawet gdy znajdowali\u015bmy si\u0119 w absolutnym centrum jednego z tysi\u0105ca s\u0142\u00f3w news\u00f3w.<\/p>\n<\/blockquote>\n\n\n\n<p><\/p>\n\n\n\n<h2 class=\"wp-block-heading\"><a href=\"https:\/\/www.unz.com\/runz\/elon-musk-and-the-true-history-of-the-adl\/#question-5-how-to-cope-with-the-adl\">Pytanie 5: Jak sobie radzi\u0107 z ADL?<\/a><\/h2>\n\n\n\n<p id=\"p_1_77\"><em>Jakie sugestie da\u0142by\u015b Elonowi Muskowi w zakresie radzenia sobie z ADL w jego obecnej konfrontacji?<\/em><\/p>\n\n\n\n<p id=\"p_1_78\"><strong>Ron Unz<\/strong>&nbsp;: My\u015bl\u0119, \u017ce&nbsp;<strong>si\u0142a ADL bierze si\u0119 z wp\u0142ywu, jaki wywiera na media i inne w\u0105skie gard\u0142a informacyjne naszego spo\u0142ecze\u0144stwa.<\/strong><\/p>\n\n\n\n<p id=\"p_1_79\"><strong>Jednak wp\u0142yw ten prawie w ca\u0142o\u015bci opiera si\u0119 na przekonuj\u0105cym zestawie k\u0142amstw dotycz\u0105cych pochodzenia ADL i jej dzia\u0142alno\u015bci na przestrzeni dziesi\u0119cioleci od jej za\u0142o\u017cenia.&nbsp;<\/strong>Za\u0142\u00f3\u017cmy, \u017ce tak jak powiedzia\u0142em<\/p>\n\n\n\n<blockquote class=\"wp-block-quote is-layout-flow wp-block-quote-is-layout-flow\">\n<p id=\"p_1_80\">sta\u0142o si\u0119 powszechnie wiadome, \u017ce g\u0142\u00f3wn\u0105 misj\u0105 za\u0142o\u017cenia tej organizacji by\u0142o zapewnienie, aby \u017caden bogaty i wp\u0142ywowy \u017byd nigdy nie poni\u00f3s\u0142 kary za zgwa\u0142cenie i morderstwo m\u0142odej chrze\u015bcijanki ani za pr\u00f3b\u0119 zorganizowania linczu niewinnych czarnych m\u0119\u017cczyzn w celu ukrycia jego w\u0142asn\u0105 win\u0119.<\/p>\n<\/blockquote>\n\n\n\n<p id=\"p_1_81\">Albo gdyby opinia publiczna to odkry\u0142a<\/p>\n\n\n\n<blockquote class=\"wp-block-quote is-layout-flow wp-block-quote-is-layout-flow\">\n<p id=\"p_1_82\">urz\u0119dnik ACLU, kt\u00f3ry wcze\u015bniej zajmowa\u0142 wysokie stanowisko w ADL, ujawni\u0142 w wywiadzie, \u017ce jego organizacja by\u0142a faktycznym \u017ar\u00f3d\u0142em wysoce kontrowersyjnego inwigilacji Martina Luthera Kinga Jr. z lat 60. XX wieku, kt\u00f3r\u0105 nast\u0119pnie przekaza\u0142a dyrektorowi FBI J. Edgara Hoovera.<\/p>\n<\/blockquote>\n\n\n\n<p id=\"p_1_83\"><strong>My\u015bl\u0119, \u017ce w tych okoliczno\u015bciach znaczna cz\u0119\u015b\u0107 w\u0142adzy i wp\u0142yw\u00f3w ADL szybko wyparowa\u0142aby pod silnym \u015bwiat\u0142em s\u0142onecznym takiej publicznej kontroli.<\/strong><\/p>\n\n\n\n<p id=\"p_1_84\">By\u0107 mo\u017ce sama organizacja mo\u017ce cierpie\u0107 z powodu powa\u017cnego stresu wewn\u0119trznego.&nbsp;W\u0105tpi\u0119, czy wi\u0119cej ni\u017c niewielki od\u0142amek ameryka\u0144skiego spo\u0142ecze\u0144stwa jest \u015bwiadomy prawdziwej historii ADL, ale dok\u0142adnie taki sam stan ignorancji mo\u017ce istnie\u0107 r\u00f3wnie\u017c w\u015br\u00f3d pracownik\u00f3w, aktywist\u00f3w i darczy\u0144c\u00f3w ADL.&nbsp;Prawie wszystkie z tych os\u00f3b prawdopodobnie czerpi\u0105 swoj\u0105 wiedz\u0119 na temat historii i dzia\u0142alno\u015bci w\u0142asnej organizacji z tych samych stronniczych publikacji medialnych i oczyszczonych relacji, co opinia publiczna.&nbsp;Nawet zdecydowana wi\u0119kszo\u015b\u0107 przyw\u00f3dc\u00f3w ADL mo\u017ce by\u0107 ca\u0142kowicie zszokowana faktami, kt\u00f3re przedstawi\u0142em w tym wywiadzie i mog\u0105 zacz\u0105\u0107 obawia\u0107 si\u0119 konsekwencji, je\u015bli te informacje stan\u0105 si\u0119 publicznie znane.&nbsp;Niekt\u00f3rzy z nich mogliby rozwa\u017cy\u0107 rezygnacj\u0119 z takich obaw.<\/p>\n\n\n\n<p id=\"p_1_85\">Po tym, jak ADL opublikowa\u0142a swoj\u0105&nbsp;<a href=\"https:\/\/www.adl.org\/blog\/california-entrepreneur-ron-unz-launches-a-series-of-rhetorical-attacks-on-jews\">raczej mleczn\u0105 krytyk\u0119<\/a>&nbsp;moich dzia\u0142a\u0144, sporz\u0105dzon\u0105 przez anonimowego pracownika, odpowiedzia\u0142em,&nbsp;<a href=\"https:\/\/www.unz.com\/runz\/american-pravda-the-adl-in-american-society\/\">publikuj\u0105c obszern\u0105 histori\u0119 ich w\u0142asnej organizacji<\/a>&nbsp;.&nbsp;W rezultacie natychmiast porzucili bitw\u0119 i unikn\u0119li dalszego starcia.<\/p>\n\n\n\n<p id=\"p_1_86\">W przeciwie\u0144stwie do mnie i mojej publikacji&nbsp;<strong>Elon Musk kontroluje jeden z najpot\u0119\u017cniejszych megafon\u00f3w medialnych na \u015bwiecie.&nbsp;Gdyby tak zdecydowa\u0142, m\u00f3g\u0142by z \u0142atwo\u015bci\u0105 zapewni\u0107, \u017ce dziesi\u0105tki milion\u00f3w Amerykan\u00f3w poznaj\u0105 prawdziwe pochodzenie i histori\u0119 ADL, organizacji, kt\u00f3ra dzi\u015b kontroluje wi\u0119kszo\u015b\u0107 tego, co nasi obywatele mog\u0105 czyta\u0107 i ogl\u0105da\u0107.<\/strong><\/p>\n\n\n\n<p id=\"p_1_87\"><strong>Tak \u015bmia\u0142y posuni\u0119cie mo\u017ce ca\u0142kowicie z\u0142ama\u0107 w\u0142adz\u0119, jak\u0105 ADL posiada nad nim i reszt\u0105 naszego spo\u0142ecze\u0144stwa.<\/strong><\/p>\n\n\n\n<p id=\"p_1_90\"><strong>Powi\u0105zane lektury:<\/strong><\/p>\n\n\n\n<ul class=\"wp-block-list\">\n<li><a href=\"https:\/\/www.unz.com\/runz\/american-pravda-the-adl-in-american-society\/\">American Pravda: ADL w spo\u0142ecze\u0144stwie ameryka\u0144skim<\/a><\/li>\n\n\n\n<li><a href=\"https:\/\/www.unz.com\/runz\/american-pravda-the-leo-frank-case-and-the-origins-of-the-adl\/\">American Pravda: sprawa Leo Franka i pocz\u0105tki ADL<\/a><\/li>\n\n\n\n<li><a href=\"https:\/\/www.unz.com\/runz\/american-pravda-amazon-book-censorship\/\">American Pravda: cenzura ksi\u0105\u017cek Amazona<\/a><\/li>\n\n\n\n<li><a href=\"https:\/\/www.unz.com\/runz\/american-pravda-anti-semitism-a-century-ago\/\">Ameryka\u0144ska Prawda: Natura antysemityzmu<\/a><\/li>\n\n\n\n<li><a href=\"https:\/\/www.unz.com\/runz\/ideological-purges-and-the-lord-voldemort-effect\/\">Czystki ideologiczne i efekt Lorda Voldemorta<\/a><\/li>\n\n\n\n<li><a href=\"https:\/\/www.unz.com\/runz\/elon-musk-kanye-west-and-much-riskier-targets\/\">Ameryka\u0144ska Prawda: Elon Musk, Kanye West i znacznie bardziej ryzykowne cele<\/a><\/li>\n<\/ul>\n\n\n\n<p>\u0179r\u00f3d\u0142o <a href=\"https:\/\/www.unz.com\/runz\/elon-musk-and-the-true-history-of-the-adl\/\">https:\/\/www.unz.com\/runz\/elon-musk-and-the-true-history-of-the-adl\/<\/a><\/p>\n","protected":false},"excerpt":{"rendered":"<p>Wywiad Mike&#8217;a Whitneya z Ronem Unzem Autor, RON UNZ\u00a0I\u00a0MIKE WHITNEY Elon Musk kontroluje jeden z najpot\u0119\u017cniejszych megafon\u00f3w medialnych na \u015bwiecie.\u00a0Gdyby tak zdecydowa\u0142, m\u00f3g\u0142by z \u0142atwo\u015bci\u0105 zapewni\u0107, \u017ce dziesi\u0105tki milion\u00f3w Amerykan\u00f3w poznaj\u0105 prawdziwe pochodzenie i histori\u0119 ADL, organizacji, kt\u00f3ra dzi\u015b kontroluje&#8230; <\/p>\n","protected":false},"author":2,"featured_media":4544,"comment_status":"open","ping_status":"open","sticky":false,"template":"","format":"standard","meta":{"_acf_changed":false,"_bbp_topic_count":0,"_bbp_reply_count":0,"_bbp_total_topic_count":0,"_bbp_total_reply_count":0,"_bbp_voice_count":0,"_bbp_anonymous_reply_count":0,"_bbp_topic_count_hidden":0,"_bbp_reply_count_hidden":0,"_bbp_forum_subforum_count":0,"om_disable_all_campaigns":false,"_monsterinsights_skip_tracking":false,"footnotes":""},"categories":[93],"tags":[],"class_list":["post-4541","post","type-post","status-publish","format-standard","has-post-thumbnail","hentry","category-artykuly"],"acf":[],"aioseo_notices":[],"aioseo_head":"\n\t\t<!-- All in One SEO 5.0.1.1 - aioseo.com -->\n\t<meta name=\"description\" content=\"Wywiad Mike&#039;a Whitneya z Ronem Unzem Autor, RON UNZ I MIKE WHITNEY Elon Musk kontroluje jeden z najpot\u0119\u017cniejszych megafon\u00f3w medialnych na \u015bwiecie. Gdyby tak zdecydowa\u0142, m\u00f3g\u0142by z \u0142atwo\u015bci\u0105 zapewni\u0107, \u017ce dziesi\u0105tki milion\u00f3w Amerykan\u00f3w poznaj\u0105 prawdziwe pochodzenie i histori\u0119 ADL, organizacji, kt\u00f3ra dzi\u015b kontroluje wi\u0119kszo\u015b\u0107 tego, co nasi obywatele mog\u0105 czyta\u0107 i ogl\u0105da\u0107. Tak \u015bmia\u0142y posuni\u0119cie mo\u017ce ca\u0142kowicie z\u0142ama\u0107 w\u0142adz\u0119,\" \/>\n\t<meta name=\"robots\" content=\"max-image-preview:large\" \/>\n\t<meta name=\"author\" content=\"trinity\"\/>\n\t<link rel=\"canonical\" href=\"https:\/\/wia.net.pl\/index.php\/2023\/09\/14\/elon-musk-i-prawdziwa-historia-adl\/\" \/>\n\t<meta name=\"generator\" content=\"All in One SEO (AIOSEO) 5.0.1.1\" \/>\n\t\t<meta property=\"og:locale\" content=\"pl_PL\" \/>\n\t\t<meta property=\"og:site_name\" content=\"Wolno\u015b\u0107 i Anarchia - Ka\u017cdy wewn\u0119trznie jest anarchist\u0105.\" \/>\n\t\t<meta property=\"og:type\" content=\"article\" \/>\n\t\t<meta property=\"og:title\" content=\"Elon Musk i prawdziwa historia ADL - Wolno\u015b\u0107 i Anarchia\" \/>\n\t\t<meta property=\"og:description\" content=\"Wywiad Mike&#039;a Whitneya z Ronem Unzem Autor, RON UNZ I MIKE WHITNEY Elon Musk kontroluje jeden z najpot\u0119\u017cniejszych megafon\u00f3w medialnych na \u015bwiecie. Gdyby tak zdecydowa\u0142, m\u00f3g\u0142by z \u0142atwo\u015bci\u0105 zapewni\u0107, \u017ce dziesi\u0105tki milion\u00f3w Amerykan\u00f3w poznaj\u0105 prawdziwe pochodzenie i histori\u0119 ADL, organizacji, kt\u00f3ra dzi\u015b kontroluje wi\u0119kszo\u015b\u0107 tego, co nasi obywatele mog\u0105 czyta\u0107 i ogl\u0105da\u0107. Tak \u015bmia\u0142y posuni\u0119cie mo\u017ce ca\u0142kowicie z\u0142ama\u0107 w\u0142adz\u0119,\" \/>\n\t\t<meta property=\"og:url\" content=\"https:\/\/wia.net.pl\/index.php\/2023\/09\/14\/elon-musk-i-prawdziwa-historia-adl\/\" \/>\n\t\t<meta property=\"og:image\" content=\"https:\/\/wia.net.pl\/wp-content\/uploads\/2023\/11\/cropped-freedom-i73367.jpg\" \/>\n\t\t<meta property=\"og:image:secure_url\" content=\"https:\/\/wia.net.pl\/wp-content\/uploads\/2023\/11\/cropped-freedom-i73367.jpg\" \/>\n\t\t<meta property=\"article:published_time\" content=\"2023-09-14T06:46:34+00:00\" \/>\n\t\t<meta property=\"article:modified_time\" content=\"2023-09-14T06:46:34+00:00\" \/>\n\t\t<meta name=\"twitter:card\" content=\"summary_large_image\" \/>\n\t\t<meta name=\"twitter:title\" content=\"Elon Musk i prawdziwa historia ADL - Wolno\u015b\u0107 i Anarchia\" \/>\n\t\t<meta name=\"twitter:description\" content=\"Wywiad Mike&#039;a Whitneya z Ronem Unzem Autor, RON UNZ I MIKE WHITNEY Elon Musk kontroluje jeden z najpot\u0119\u017cniejszych megafon\u00f3w medialnych na \u015bwiecie. Gdyby tak zdecydowa\u0142, m\u00f3g\u0142by z \u0142atwo\u015bci\u0105 zapewni\u0107, \u017ce dziesi\u0105tki milion\u00f3w Amerykan\u00f3w poznaj\u0105 prawdziwe pochodzenie i histori\u0119 ADL, organizacji, kt\u00f3ra dzi\u015b kontroluje wi\u0119kszo\u015b\u0107 tego, co nasi obywatele mog\u0105 czyta\u0107 i ogl\u0105da\u0107. Tak \u015bmia\u0142y posuni\u0119cie mo\u017ce ca\u0142kowicie z\u0142ama\u0107 w\u0142adz\u0119,\" \/>\n\t\t<meta name=\"twitter:image\" content=\"https:\/\/wia.net.pl\/wp-content\/uploads\/2023\/11\/cropped-freedom-i73367.jpg\" \/>\n\t\t<script type=\"application\/ld+json\" class=\"aioseo-schema\">\n\t\t\t{\"@context\":\"https:\\\/\\\/schema.org\",\"@graph\":[{\"@type\":\"BlogPosting\",\"@id\":\"https:\\\/\\\/wia.net.pl\\\/index.php\\\/2023\\\/09\\\/14\\\/elon-musk-i-prawdziwa-historia-adl\\\/#blogposting\",\"name\":\"Elon Musk i prawdziwa historia ADL - Wolno\\u015b\\u0107 i Anarchia\",\"headline\":\"Elon Musk i prawdziwa historia ADL\",\"author\":{\"@id\":\"https:\\\/\\\/wia.net.pl\\\/index.php\\\/author\\\/trinity\\\/#author\"},\"publisher\":{\"@id\":\"https:\\\/\\\/wia.net.pl\\\/#person\"},\"image\":{\"@type\":\"ImageObject\",\"url\":\"https:\\\/\\\/wia.net.pl\\\/wp-content\\\/uploads\\\/2023\\\/09\\\/Foto-con-Foto-2-1.png\",\"width\":1920,\"height\":1080},\"datePublished\":\"2023-09-14T08:46:34+02:00\",\"dateModified\":\"2023-09-14T08:46:34+02:00\",\"inLanguage\":\"pl-PL\",\"mainEntityOfPage\":{\"@id\":\"https:\\\/\\\/wia.net.pl\\\/index.php\\\/2023\\\/09\\\/14\\\/elon-musk-i-prawdziwa-historia-adl\\\/#webpage\"},\"isPartOf\":{\"@id\":\"https:\\\/\\\/wia.net.pl\\\/index.php\\\/2023\\\/09\\\/14\\\/elon-musk-i-prawdziwa-historia-adl\\\/#webpage\"},\"articleSection\":\"Artyku\\u0142y\"},{\"@type\":\"BreadcrumbList\",\"@id\":\"https:\\\/\\\/wia.net.pl\\\/index.php\\\/2023\\\/09\\\/14\\\/elon-musk-i-prawdziwa-historia-adl\\\/#breadcrumblist\",\"itemListElement\":[{\"@type\":\"ListItem\",\"@id\":\"https:\\\/\\\/wia.net.pl#listItem\",\"position\":1,\"name\":\"Home\",\"item\":\"https:\\\/\\\/wia.net.pl\",\"nextItem\":{\"@type\":\"ListItem\",\"@id\":\"https:\\\/\\\/wia.net.pl\\\/index.php\\\/category\\\/artykuly\\\/#listItem\",\"name\":\"Artyku\\u0142y\"}},{\"@type\":\"ListItem\",\"@id\":\"https:\\\/\\\/wia.net.pl\\\/index.php\\\/category\\\/artykuly\\\/#listItem\",\"position\":2,\"name\":\"Artyku\\u0142y\",\"item\":\"https:\\\/\\\/wia.net.pl\\\/index.php\\\/category\\\/artykuly\\\/\",\"nextItem\":{\"@type\":\"ListItem\",\"@id\":\"https:\\\/\\\/wia.net.pl\\\/index.php\\\/2023\\\/09\\\/14\\\/elon-musk-i-prawdziwa-historia-adl\\\/#listItem\",\"name\":\"Elon Musk i prawdziwa historia ADL\"},\"previousItem\":{\"@type\":\"ListItem\",\"@id\":\"https:\\\/\\\/wia.net.pl#listItem\",\"name\":\"Home\"}},{\"@type\":\"ListItem\",\"@id\":\"https:\\\/\\\/wia.net.pl\\\/index.php\\\/2023\\\/09\\\/14\\\/elon-musk-i-prawdziwa-historia-adl\\\/#listItem\",\"position\":3,\"name\":\"Elon Musk i prawdziwa historia ADL\",\"previousItem\":{\"@type\":\"ListItem\",\"@id\":\"https:\\\/\\\/wia.net.pl\\\/index.php\\\/category\\\/artykuly\\\/#listItem\",\"name\":\"Artyku\\u0142y\"}}]},{\"@type\":\"Person\",\"@id\":\"https:\\\/\\\/wia.net.pl\\\/#person\",\"name\":\"Bart\\u0142omiej Talarczyk\",\"image\":{\"@type\":\"ImageObject\",\"@id\":\"https:\\\/\\\/wia.net.pl\\\/index.php\\\/2023\\\/09\\\/14\\\/elon-musk-i-prawdziwa-historia-adl\\\/#personImage\",\"url\":\"https:\\\/\\\/wia.net.pl\\\/wp-content\\\/uploads\\\/avatar-privacy\\\/cache\\\/user\\\/1\\\/7\\\/176a6b161c58363ff49b5c167264231f519f5c7fa183ca1f61e891769b6b56d5-96.jpg\",\"width\":96,\"height\":96,\"caption\":\"Bart\\u0142omiej Talarczyk\"}},{\"@type\":\"Person\",\"@id\":\"https:\\\/\\\/wia.net.pl\\\/index.php\\\/author\\\/trinity\\\/#author\",\"url\":\"https:\\\/\\\/wia.net.pl\\\/index.php\\\/author\\\/trinity\\\/\",\"name\":\"trinity\",\"image\":{\"@type\":\"ImageObject\",\"@id\":\"https:\\\/\\\/wia.net.pl\\\/index.php\\\/2023\\\/09\\\/14\\\/elon-musk-i-prawdziwa-historia-adl\\\/#authorImage\",\"url\":\"https:\\\/\\\/wia.net.pl\\\/wp-content\\\/uploads\\\/avatar-privacy\\\/cache\\\/user\\\/5\\\/f\\\/5f6547cf82495eaa10e100a6a45d5dbde2dfdc1be88557de2018fca705bdf6f1-96.jpg\",\"width\":96,\"height\":96,\"caption\":\"trinity\"}},{\"@type\":\"WebPage\",\"@id\":\"https:\\\/\\\/wia.net.pl\\\/index.php\\\/2023\\\/09\\\/14\\\/elon-musk-i-prawdziwa-historia-adl\\\/#webpage\",\"url\":\"https:\\\/\\\/wia.net.pl\\\/index.php\\\/2023\\\/09\\\/14\\\/elon-musk-i-prawdziwa-historia-adl\\\/\",\"name\":\"Elon Musk i prawdziwa historia ADL - Wolno\\u015b\\u0107 i Anarchia\",\"description\":\"Wywiad Mike'a Whitneya z Ronem Unzem Autor, RON UNZ I MIKE WHITNEY Elon Musk kontroluje jeden z najpot\\u0119\\u017cniejszych megafon\\u00f3w medialnych na \\u015bwiecie. Gdyby tak zdecydowa\\u0142, m\\u00f3g\\u0142by z \\u0142atwo\\u015bci\\u0105 zapewni\\u0107, \\u017ce dziesi\\u0105tki milion\\u00f3w Amerykan\\u00f3w poznaj\\u0105 prawdziwe pochodzenie i histori\\u0119 ADL, organizacji, kt\\u00f3ra dzi\\u015b kontroluje wi\\u0119kszo\\u015b\\u0107 tego, co nasi obywatele mog\\u0105 czyta\\u0107 i ogl\\u0105da\\u0107. Tak \\u015bmia\\u0142y posuni\\u0119cie mo\\u017ce ca\\u0142kowicie z\\u0142ama\\u0107 w\\u0142adz\\u0119,\",\"inLanguage\":\"pl-PL\",\"isPartOf\":{\"@id\":\"https:\\\/\\\/wia.net.pl\\\/#website\"},\"breadcrumb\":{\"@id\":\"https:\\\/\\\/wia.net.pl\\\/index.php\\\/2023\\\/09\\\/14\\\/elon-musk-i-prawdziwa-historia-adl\\\/#breadcrumblist\"},\"author\":{\"@id\":\"https:\\\/\\\/wia.net.pl\\\/index.php\\\/author\\\/trinity\\\/#author\"},\"creator\":{\"@id\":\"https:\\\/\\\/wia.net.pl\\\/index.php\\\/author\\\/trinity\\\/#author\"},\"image\":{\"@type\":\"ImageObject\",\"url\":\"https:\\\/\\\/wia.net.pl\\\/wp-content\\\/uploads\\\/2023\\\/09\\\/Foto-con-Foto-2-1.png\",\"@id\":\"https:\\\/\\\/wia.net.pl\\\/index.php\\\/2023\\\/09\\\/14\\\/elon-musk-i-prawdziwa-historia-adl\\\/#mainImage\",\"width\":1920,\"height\":1080},\"primaryImageOfPage\":{\"@id\":\"https:\\\/\\\/wia.net.pl\\\/index.php\\\/2023\\\/09\\\/14\\\/elon-musk-i-prawdziwa-historia-adl\\\/#mainImage\"},\"datePublished\":\"2023-09-14T08:46:34+02:00\",\"dateModified\":\"2023-09-14T08:46:34+02:00\"},{\"@type\":\"WebSite\",\"@id\":\"https:\\\/\\\/wia.net.pl\\\/#website\",\"url\":\"https:\\\/\\\/wia.net.pl\\\/\",\"name\":\"Wolno\\u015b\\u0107 i Anarchia\",\"description\":\"Ka\\u017cdy wewn\\u0119trznie jest anarchist\\u0105.\",\"inLanguage\":\"pl-PL\",\"publisher\":{\"@id\":\"https:\\\/\\\/wia.net.pl\\\/#person\"}}]}\n\t\t<\/script>\n\t\t<!-- All in One SEO -->\n\n","aioseo_head_json":{"title":"Elon Musk i prawdziwa historia ADL - Wolno\u015b\u0107 i Anarchia","description":"Wywiad Mike'a Whitneya z Ronem Unzem Autor, RON UNZ I MIKE WHITNEY Elon Musk kontroluje jeden z najpot\u0119\u017cniejszych megafon\u00f3w medialnych na \u015bwiecie. Gdyby tak zdecydowa\u0142, m\u00f3g\u0142by z \u0142atwo\u015bci\u0105 zapewni\u0107, \u017ce dziesi\u0105tki milion\u00f3w Amerykan\u00f3w poznaj\u0105 prawdziwe pochodzenie i histori\u0119 ADL, organizacji, kt\u00f3ra dzi\u015b kontroluje wi\u0119kszo\u015b\u0107 tego, co nasi obywatele mog\u0105 czyta\u0107 i ogl\u0105da\u0107. Tak \u015bmia\u0142y posuni\u0119cie mo\u017ce ca\u0142kowicie z\u0142ama\u0107 w\u0142adz\u0119,","canonical_url":"https:\/\/wia.net.pl\/index.php\/2023\/09\/14\/elon-musk-i-prawdziwa-historia-adl\/","robots":"max-image-preview:large","keywords":"","webmasterTools":{"miscellaneous":""},"schema":{"@context":"https:\/\/schema.org","@graph":[{"@type":"BlogPosting","@id":"https:\/\/wia.net.pl\/index.php\/2023\/09\/14\/elon-musk-i-prawdziwa-historia-adl\/#blogposting","name":"Elon Musk i prawdziwa historia ADL - Wolno\u015b\u0107 i Anarchia","headline":"Elon Musk i prawdziwa historia ADL","author":{"@id":"https:\/\/wia.net.pl\/index.php\/author\/trinity\/#author"},"publisher":{"@id":"https:\/\/wia.net.pl\/#person"},"image":{"@type":"ImageObject","url":"https:\/\/wia.net.pl\/wp-content\/uploads\/2023\/09\/Foto-con-Foto-2-1.png","width":1920,"height":1080},"datePublished":"2023-09-14T08:46:34+02:00","dateModified":"2023-09-14T08:46:34+02:00","inLanguage":"pl-PL","mainEntityOfPage":{"@id":"https:\/\/wia.net.pl\/index.php\/2023\/09\/14\/elon-musk-i-prawdziwa-historia-adl\/#webpage"},"isPartOf":{"@id":"https:\/\/wia.net.pl\/index.php\/2023\/09\/14\/elon-musk-i-prawdziwa-historia-adl\/#webpage"},"articleSection":"Artyku\u0142y"},{"@type":"BreadcrumbList","@id":"https:\/\/wia.net.pl\/index.php\/2023\/09\/14\/elon-musk-i-prawdziwa-historia-adl\/#breadcrumblist","itemListElement":[{"@type":"ListItem","@id":"https:\/\/wia.net.pl#listItem","position":1,"name":"Home","item":"https:\/\/wia.net.pl","nextItem":{"@type":"ListItem","@id":"https:\/\/wia.net.pl\/index.php\/category\/artykuly\/#listItem","name":"Artyku\u0142y"}},{"@type":"ListItem","@id":"https:\/\/wia.net.pl\/index.php\/category\/artykuly\/#listItem","position":2,"name":"Artyku\u0142y","item":"https:\/\/wia.net.pl\/index.php\/category\/artykuly\/","nextItem":{"@type":"ListItem","@id":"https:\/\/wia.net.pl\/index.php\/2023\/09\/14\/elon-musk-i-prawdziwa-historia-adl\/#listItem","name":"Elon Musk i prawdziwa historia ADL"},"previousItem":{"@type":"ListItem","@id":"https:\/\/wia.net.pl#listItem","name":"Home"}},{"@type":"ListItem","@id":"https:\/\/wia.net.pl\/index.php\/2023\/09\/14\/elon-musk-i-prawdziwa-historia-adl\/#listItem","position":3,"name":"Elon Musk i prawdziwa historia ADL","previousItem":{"@type":"ListItem","@id":"https:\/\/wia.net.pl\/index.php\/category\/artykuly\/#listItem","name":"Artyku\u0142y"}}]},{"@type":"Person","@id":"https:\/\/wia.net.pl\/#person","name":"Bart\u0142omiej Talarczyk","image":{"@type":"ImageObject","@id":"https:\/\/wia.net.pl\/index.php\/2023\/09\/14\/elon-musk-i-prawdziwa-historia-adl\/#personImage","url":"https:\/\/wia.net.pl\/wp-content\/uploads\/avatar-privacy\/cache\/user\/1\/7\/176a6b161c58363ff49b5c167264231f519f5c7fa183ca1f61e891769b6b56d5-96.jpg","width":96,"height":96,"caption":"Bart\u0142omiej Talarczyk"}},{"@type":"Person","@id":"https:\/\/wia.net.pl\/index.php\/author\/trinity\/#author","url":"https:\/\/wia.net.pl\/index.php\/author\/trinity\/","name":"trinity","image":{"@type":"ImageObject","@id":"https:\/\/wia.net.pl\/index.php\/2023\/09\/14\/elon-musk-i-prawdziwa-historia-adl\/#authorImage","url":"https:\/\/wia.net.pl\/wp-content\/uploads\/avatar-privacy\/cache\/user\/5\/f\/5f6547cf82495eaa10e100a6a45d5dbde2dfdc1be88557de2018fca705bdf6f1-96.jpg","width":96,"height":96,"caption":"trinity"}},{"@type":"WebPage","@id":"https:\/\/wia.net.pl\/index.php\/2023\/09\/14\/elon-musk-i-prawdziwa-historia-adl\/#webpage","url":"https:\/\/wia.net.pl\/index.php\/2023\/09\/14\/elon-musk-i-prawdziwa-historia-adl\/","name":"Elon Musk i prawdziwa historia ADL - Wolno\u015b\u0107 i Anarchia","description":"Wywiad Mike'a Whitneya z Ronem Unzem Autor, RON UNZ I MIKE WHITNEY Elon Musk kontroluje jeden z najpot\u0119\u017cniejszych megafon\u00f3w medialnych na \u015bwiecie. Gdyby tak zdecydowa\u0142, m\u00f3g\u0142by z \u0142atwo\u015bci\u0105 zapewni\u0107, \u017ce dziesi\u0105tki milion\u00f3w Amerykan\u00f3w poznaj\u0105 prawdziwe pochodzenie i histori\u0119 ADL, organizacji, kt\u00f3ra dzi\u015b kontroluje wi\u0119kszo\u015b\u0107 tego, co nasi obywatele mog\u0105 czyta\u0107 i ogl\u0105da\u0107. Tak \u015bmia\u0142y posuni\u0119cie mo\u017ce ca\u0142kowicie z\u0142ama\u0107 w\u0142adz\u0119,","inLanguage":"pl-PL","isPartOf":{"@id":"https:\/\/wia.net.pl\/#website"},"breadcrumb":{"@id":"https:\/\/wia.net.pl\/index.php\/2023\/09\/14\/elon-musk-i-prawdziwa-historia-adl\/#breadcrumblist"},"author":{"@id":"https:\/\/wia.net.pl\/index.php\/author\/trinity\/#author"},"creator":{"@id":"https:\/\/wia.net.pl\/index.php\/author\/trinity\/#author"},"image":{"@type":"ImageObject","url":"https:\/\/wia.net.pl\/wp-content\/uploads\/2023\/09\/Foto-con-Foto-2-1.png","@id":"https:\/\/wia.net.pl\/index.php\/2023\/09\/14\/elon-musk-i-prawdziwa-historia-adl\/#mainImage","width":1920,"height":1080},"primaryImageOfPage":{"@id":"https:\/\/wia.net.pl\/index.php\/2023\/09\/14\/elon-musk-i-prawdziwa-historia-adl\/#mainImage"},"datePublished":"2023-09-14T08:46:34+02:00","dateModified":"2023-09-14T08:46:34+02:00"},{"@type":"WebSite","@id":"https:\/\/wia.net.pl\/#website","url":"https:\/\/wia.net.pl\/","name":"Wolno\u015b\u0107 i Anarchia","description":"Ka\u017cdy wewn\u0119trznie jest anarchist\u0105.","inLanguage":"pl-PL","publisher":{"@id":"https:\/\/wia.net.pl\/#person"}}]},"og:locale":"pl_PL","og:site_name":"Wolno\u015b\u0107 i Anarchia - Ka\u017cdy wewn\u0119trznie jest anarchist\u0105.","og:type":"article","og:title":"Elon Musk i prawdziwa historia ADL - Wolno\u015b\u0107 i Anarchia","og:description":"Wywiad Mike'a Whitneya z Ronem Unzem Autor, RON UNZ I MIKE WHITNEY Elon Musk kontroluje jeden z najpot\u0119\u017cniejszych megafon\u00f3w medialnych na \u015bwiecie. Gdyby tak zdecydowa\u0142, m\u00f3g\u0142by z \u0142atwo\u015bci\u0105 zapewni\u0107, \u017ce dziesi\u0105tki milion\u00f3w Amerykan\u00f3w poznaj\u0105 prawdziwe pochodzenie i histori\u0119 ADL, organizacji, kt\u00f3ra dzi\u015b kontroluje wi\u0119kszo\u015b\u0107 tego, co nasi obywatele mog\u0105 czyta\u0107 i ogl\u0105da\u0107. Tak \u015bmia\u0142y posuni\u0119cie mo\u017ce ca\u0142kowicie z\u0142ama\u0107 w\u0142adz\u0119,","og:url":"https:\/\/wia.net.pl\/index.php\/2023\/09\/14\/elon-musk-i-prawdziwa-historia-adl\/","og:image":"https:\/\/wia.net.pl\/wp-content\/uploads\/2023\/11\/cropped-freedom-i73367.jpg","og:image:secure_url":"https:\/\/wia.net.pl\/wp-content\/uploads\/2023\/11\/cropped-freedom-i73367.jpg","article:published_time":"2023-09-14T06:46:34+00:00","article:modified_time":"2023-09-14T06:46:34+00:00","twitter:card":"summary_large_image","twitter:title":"Elon Musk i prawdziwa historia ADL - Wolno\u015b\u0107 i Anarchia","twitter:description":"Wywiad Mike'a Whitneya z Ronem Unzem Autor, RON UNZ I MIKE WHITNEY Elon Musk kontroluje jeden z najpot\u0119\u017cniejszych megafon\u00f3w medialnych na \u015bwiecie. Gdyby tak zdecydowa\u0142, m\u00f3g\u0142by z \u0142atwo\u015bci\u0105 zapewni\u0107, \u017ce dziesi\u0105tki milion\u00f3w Amerykan\u00f3w poznaj\u0105 prawdziwe pochodzenie i histori\u0119 ADL, organizacji, kt\u00f3ra dzi\u015b kontroluje wi\u0119kszo\u015b\u0107 tego, co nasi obywatele mog\u0105 czyta\u0107 i ogl\u0105da\u0107. Tak \u015bmia\u0142y posuni\u0119cie mo\u017ce ca\u0142kowicie z\u0142ama\u0107 w\u0142adz\u0119,","twitter:image":"https:\/\/wia.net.pl\/wp-content\/uploads\/2023\/11\/cropped-freedom-i73367.jpg"},"aioseo_meta_data":{"post_id":"4541","title":null,"description":null,"keywords":[],"keyphrases":{"focus":{"keyphrase":"","score":0,"analysis":{"keyphraseInTitle":{"score":0,"maxScore":9,"error":1}}},"additional":[]},"primary_term":null,"canonical_url":null,"og_title":null,"og_description":null,"og_object_type":"default","og_image_type":"default","og_image_url":null,"og_image_width":null,"og_image_height":null,"og_image_custom_url":null,"og_image_custom_fields":null,"og_video":"","og_custom_url":null,"og_article_section":null,"og_article_tags":[],"twitter_use_og":false,"twitter_card":"default","twitter_image_type":"default","twitter_image_url":null,"twitter_image_custom_url":null,"twitter_image_custom_fields":null,"twitter_title":null,"twitter_description":null,"schema":{"blockGraphs":[],"customGraphs":[],"default":{"data":{"Article":[],"Course":[],"Dataset":[],"FAQPage":[],"Movie":[],"Person":[],"Product":[],"ProductReview":[],"Car":[],"Recipe":[],"Service":[],"SoftwareApplication":[],"WebPage":[]},"graphName":"BlogPosting","isEnabled":true},"graphs":[]},"schema_type":"default","schema_type_options":null,"pillar_content":false,"robots_default":true,"robots_noindex":false,"robots_noarchive":false,"robots_nosnippet":false,"robots_nofollow":false,"robots_noimageindex":false,"robots_noodp":false,"robots_notranslate":false,"robots_max_snippet":"-1","robots_max_videopreview":"-1","robots_max_imagepreview":"large","priority":null,"frequency":"default","local_seo":null,"breadcrumb_settings":null,"limit_modified_date":false,"ai":null,"created":"2023-09-14 06:46:34","updated":"2025-06-04 09:19:12","seo_analyzer_scan_date":null,"focus_keyword":null,"additional_keywords":null,"truseo_locale":null},"aioseo_breadcrumb":"<div class=\"aioseo-breadcrumbs\"><span class=\"aioseo-breadcrumb\">\n\t\t\t<a href=\"https:\/\/wia.net.pl\" title=\"Home\">Home<\/a>\n\t\t<\/span><span class=\"aioseo-breadcrumb-separator\">&raquo;<\/span><span class=\"aioseo-breadcrumb\">\n\t\t\t<a href=\"https:\/\/wia.net.pl\/index.php\/category\/artykuly\/\" title=\"Artyku\u0142y\">Artyku\u0142y<\/a>\n\t\t<\/span><span class=\"aioseo-breadcrumb-separator\">&raquo;<\/span><span class=\"aioseo-breadcrumb\">\n\t\t\tElon Musk i prawdziwa historia ADL\n\t\t<\/span><\/div>","aioseo_breadcrumb_json":[{"label":"Home","link":"https:\/\/wia.net.pl"},{"label":"Artyku\u0142y","link":"https:\/\/wia.net.pl\/index.php\/category\/artykuly\/"},{"label":"Elon Musk i prawdziwa historia ADL","link":"https:\/\/wia.net.pl\/index.php\/2023\/09\/14\/elon-musk-i-prawdziwa-historia-adl\/"}],"_links":{"self":[{"href":"https:\/\/wia.net.pl\/index.php\/wp-json\/wp\/v2\/posts\/4541"}],"collection":[{"href":"https:\/\/wia.net.pl\/index.php\/wp-json\/wp\/v2\/posts"}],"about":[{"href":"https:\/\/wia.net.pl\/index.php\/wp-json\/wp\/v2\/types\/post"}],"author":[{"embeddable":true,"href":"https:\/\/wia.net.pl\/index.php\/wp-json\/wp\/v2\/users\/2"}],"replies":[{"embeddable":true,"href":"https:\/\/wia.net.pl\/index.php\/wp-json\/wp\/v2\/comments?post=4541"}],"version-history":[{"count":1,"href":"https:\/\/wia.net.pl\/index.php\/wp-json\/wp\/v2\/posts\/4541\/revisions"}],"predecessor-version":[{"id":4545,"href":"https:\/\/wia.net.pl\/index.php\/wp-json\/wp\/v2\/posts\/4541\/revisions\/4545"}],"wp:featuredmedia":[{"embeddable":true,"href":"https:\/\/wia.net.pl\/index.php\/wp-json\/wp\/v2\/media\/4544"}],"wp:attachment":[{"href":"https:\/\/wia.net.pl\/index.php\/wp-json\/wp\/v2\/media?parent=4541"}],"wp:term":[{"taxonomy":"category","embeddable":true,"href":"https:\/\/wia.net.pl\/index.php\/wp-json\/wp\/v2\/categories?post=4541"},{"taxonomy":"post_tag","embeddable":true,"href":"https:\/\/wia.net.pl\/index.php\/wp-json\/wp\/v2\/tags?post=4541"}],"curies":[{"name":"wp","href":"https:\/\/api.w.org\/{rel}","templated":true}]}}