{"id":4569,"date":"2023-09-16T14:04:13","date_gmt":"2023-09-16T12:04:13","guid":{"rendered":"https:\/\/wia.net.pl\/?p=4569"},"modified":"2023-09-16T14:04:13","modified_gmt":"2023-09-16T12:04:13","slug":"wojskowy-kompleks-przemyslowy-rozwiklany-i-odsloniety","status":"publish","type":"post","link":"https:\/\/wia.net.pl\/index.php\/2023\/09\/16\/wojskowy-kompleks-przemyslowy-rozwiklany-i-odsloniety\/","title":{"rendered":"Wojskowy kompleks przemys\u0142owy rozwik\u0142any i ods\u0142oni\u0119ty"},"content":{"rendered":"\n<p>Helena Glass<\/p>\n\n\n\n<p><a href=\"https:\/\/helenaglass.net\/\">Helena-The Nationalist Voice<\/a><\/p>\n\n\n\n<p>16 wrze\u015bnia 2023 r<\/p>\n\n\n\n<figure class=\"wp-block-image size-large\"><img loading=\"lazy\" decoding=\"async\" width=\"1024\" height=\"614\" src=\"https:\/\/wia.net.pl\/wp-content\/uploads\/2023\/09\/960776-ipl-new-teams-1024x614.jpg\" alt=\"\" class=\"wp-image-4570\" srcset=\"https:\/\/wia.net.pl\/wp-content\/uploads\/2023\/09\/960776-ipl-new-teams-1024x614.jpg 1024w, https:\/\/wia.net.pl\/wp-content\/uploads\/2023\/09\/960776-ipl-new-teams-300x180.jpg 300w, https:\/\/wia.net.pl\/wp-content\/uploads\/2023\/09\/960776-ipl-new-teams-768x461.jpg 768w, https:\/\/wia.net.pl\/wp-content\/uploads\/2023\/09\/960776-ipl-new-teams.jpg 1280w\" sizes=\"(max-width: 1024px) 100vw, 1024px\" \/><\/figure>\n\n\n\n<p><strong>CVC Capital Partners to luksemburska firma doradcza w zakresie inwestycji private equity, posiadaj\u0105ca aktywa o warto\u015bci ponad 155 miliard\u00f3w dolar\u00f3w.&nbsp;CVC powsta\u0142o w 1990 roku jako sp\u00f3\u0142ka wydzielona z Citicorp i jest uwa\u017cana za najwi\u0119ksz\u0105 firm\u0119 private equity w Europie.&nbsp;W 2019 roku CVC Capital kupi\u0142o wi\u0119kszo\u015bciowy pakiet udzia\u0142\u00f3w w Teneo.&nbsp;Teneo to \u201eglobalna firma doradcza\u201d silnie powi\u0105zana z rodzin\u0105 Clinton\u00f3w.&nbsp;Tony Blair i Bill Clinton byli cz\u0142onkami rady doradczej Teneo.&nbsp;Huma Abedin by\u0142a p\u0142atn\u0105 konsultantk\u0105 w firmie Teneo podczas swojej kadencji jako asystentka Hillary Clinton, gdy by\u0142a sekretarzem stanu.&nbsp;Inni doradcy to Paul Ryan, George Mitchell i Chris Dodd.<\/strong><\/p>\n\n\n\n<p>Chris Dodd zosta\u0142 nast\u0119pnie prezesem stowarzyszenia&nbsp;&nbsp;<em><strong>Motion Picture Association<\/strong>&nbsp;<\/em>&nbsp;\u2013 stowarzyszenia 501\u00a9(3), kt\u00f3re okre\u015bla tre\u015b\u0107 dla wszystkich g\u0142\u00f3wnych medi\u00f3w, w tym Disney, Universal, Sony, Paramount, Warner Bros i Netflix.&nbsp;Wszyscy byli prezydenci wywodzili si\u0119 z stanowisk w rz\u0105dzie USA<\/p>\n\n\n\n<p>W 2022 roku Teneo naby\u0142 wi\u0119kszo\u015bciowy pakiet udzia\u0142\u00f3w w Westexec.&nbsp;Firma Westexec zosta\u0142a za\u0142o\u017cona przez Anthony&#8217;ego Blinkena i Michele Flournoy w 2017 roku. Na li\u015bcie 40 doradc\u00f3w znajduj\u0105 si\u0119: BY\u0141Y, doradcy ds. bezpiecze\u0144stwa narodowego, urz\u0119dnicy USA \u2013 ONZ, ambasadorowie USA, dyrektorzy CIA, jednostki specjalne, dyrektorzy Rezerwy Federalnej, NASA, Departament Obrony, mn\u00f3stwo genera\u0142\u00f3w ze wszystkich rodzaj\u00f3w wojsk itp., wszyscy s\u0142u\u017cyli w administracji Obamy.<\/p>\n\n\n\n<p><strong>Teneo jest Partnerem \u015awiatowego Forum Ekonomicznego.<\/strong><\/p>\n\n\n\n<p>Ci doradcy Westexec prowadz\u0105 wojny i obsadzaj\u0105 biura prezydenckie, aby wspiera\u0142y ich wojny.&nbsp;Pisz\u0105 g\u0142\u00f3wne scenariusze medialne, kt\u00f3re s\u0105 codziennie rozpowszechniane, i pisz\u0105 teleprompty Bidena.&nbsp;Bior\u0105c pod uwag\u0119, \u017ce stanowiska kierownicze w rz\u0105dzie Bidena s\u0105 zasadniczo s\u0142abe i nieskuteczne, wybrano je prawdopodobnie ze wzgl\u0119du na ich plastyczno\u015b\u0107 i podstawow\u0105 bezu\u017cyteczno\u015b\u0107, aby wp\u0142yn\u0105\u0107 na doradc\u00f3w Westexec.<\/p>\n\n\n\n<p>Do klient\u00f3w Westexec zaliczaj\u0105 si\u0119 Boeing i McKinsey &amp; Co. Przed przyj\u0119ciem do \u201eCabal Club\u201d nale\u017cy najpierw przej\u015b\u0107 przez intensywn\u0105 przebudow\u0119 w McKinsey.&nbsp;Po zako\u0144czeniu przemian osoba ta zostanie \u201ewybrana\u201d na urz\u0105d lub powo\u0142ana na stanowisko w rz\u0105dzie.&nbsp;Cz\u0119sto oferty ksi\u0105\u017ckowe s\u0105 katalizatorem prania pieni\u0119dzy i pomagaj\u0105 zapewni\u0107 lojalno\u015b\u0107 klient\u00f3w.<\/p>\n\n\n\n<p><strong>McKinsey &amp; Co jest partnerem \u015awiatowego Forum Ekonomicznego.<\/strong><\/p>\n\n\n\n<p>Jacob Hornberger, za\u0142o\u017cyciel i prezes Fundacji&nbsp;&nbsp;<strong>Przysz\u0142o\u015b\u0107 Wolno\u015bci<\/strong>&nbsp;, zwi\u0119\u017ale analizuje, w jaki spos\u00f3b Stany Zjednoczone stwarzaj\u0105 warunki do wzniecania wojen.&nbsp;W szczeg\u00f3lno\u015bci podkre\u015bla, \u017ce \u200b\u200bsowiecka inwazja na Afganistan by\u0142a prowokacj\u0105 wyprzedzaj\u0105c\u0105.&nbsp;&nbsp;<em>&nbsp;Gor\u0105co polecam ich stron\u0119 internetow\u0105!&nbsp;<\/em>&nbsp;&nbsp;Inni analitycy przedstawili, \u017ce t\u0119 sam\u0105 taktyk\u0119 zastosowa\u0142 Rockefeller, aby sprowokowa\u0107 Japoni\u0119 do pierwszego uderzenia na USA podczas II wojny \u015bwiatowej.<\/p>\n\n\n\n<p>Ka\u017cda kolejna wojna wykorzystywa\u0142a ten model strachu wobec obywateli USA jako usprawiedliwienie morderstwa i ostatecznej zmiany re\u017cimu.&nbsp;Przemys\u0142 filmowy zosta\u0142 dokooptowany przez tych samych doradc\u00f3w z Departamentu Obrony, CIA i NSC do tworzenia szpul fa\u0142szerstw.&nbsp;Zwi\u0119kszyli swoje wysi\u0142ki, pr\u00f3buj\u0105c zmieni\u0107 re\u017cim w Syrii: Assad jest z\u0142y \u2013 dzieci wci\u0105\u017c na nowo s\u0105 martwe \u2013 Assad uwalnia toksyny \u2013 Wszystko po to, aby usprawiedliwi\u0107 ca\u0142kowite zniszczenie Syrii przy wsparciu ameryka\u0144skich podatnik\u00f3w.<\/p>\n\n\n\n<p>Posiadaj\u0105ca biura na ca\u0142ym \u015bwiecie i ponad 25 strategicznie zlokalizowanych sp\u00f3\u0142ek zale\u017cnych, sp\u00f3\u0142ka CVC Capital zosta\u0142a za\u0142o\u017cona przez Michaela Smitha, Rolly&#8217;ego van Rapparda oraz Steve&#8217;a Koltesa i Donalda MacKenziego.<\/p>\n\n\n\n<p><strong>CVC Capital jest Partnerem \u015awiatowego Forum Ekonomicznego.<\/strong><\/p>\n\n\n\n<p>Michele Flournoy s\u0142u\u017cy\u0142a pod rz\u0105dami Billa Clintona i Baracka Obamy w Departamencie Obrony.&nbsp;Jej ojciec, George Flournoy, by\u0142 autorem zdj\u0119\u0107 dla Paramount.&nbsp;Podobnie jak Ash Carter, Flournoy by\u0142 jastrz\u0119bim zwolennikiem \u201euderze\u0144 wyprzedzaj\u0105cych\u201d przeciwko postrzeganym wrogom, w tym Iranowi i Korei P\u00f3\u0142nocnej.&nbsp;W 2007 roku za\u0142o\u017cy\u0142a tak\u017ce&nbsp;&nbsp;<em><strong>Centrum Nowego Ameryka\u0144skiego Bezpiecze\u0144stwa (CNAS).<\/strong><\/em><\/p>\n\n\n\n<p>Zapowiadane jako militarne, finansowanie CNAS pochodzi mi\u0119dzy innymi od Northrup Grumman, Lockheed, Chevron, Raytheon (30 wykonawc\u00f3w w dziedzinie obronno\u015bci), Zjednoczonych Emirat\u00f3w Arabskich, BofA, Google, Microsoft i The Open Society Foundation.&nbsp;W\u015br\u00f3d prelegent\u00f3w znale\u017ali si\u0119 Hillary Clinton i genera\u0142 Petraeus.&nbsp;Ich fundatorzy zazwyczaj oferuj\u0105 podw\u00f3jn\u0105 rol\u0119 doradc\u00f3w promuj\u0105cych&nbsp;&nbsp;<em>interwencjonizm wojskowy.<\/em><\/p>\n\n\n\n<p><em>Z informacji podmiot\u00f3w stowarzyszonych z organizacjami pozarz\u0105dowymi mo\u017cemy wyci\u0105gn\u0105\u0107 wniosek, \u017ce organizacja pozarz\u0105dowa oznacza interesariuszy rz\u0105dowych.<\/em><\/p>\n\n\n\n<p>Oznacza to, \u017ce zmiana w\u0142adzy ju\u017c nast\u0105pi\u0142a.&nbsp;Oznacza to, \u017ce gdy odsuniemy czerwon\u0105 kurtyn\u0119 OZ, b\u0119d\u0105 oni zmuszeni wyj\u015b\u0107 z cienia.&nbsp;Oznacza to, \u017ce ca\u0142a administracja Bidena to mistyfikacja.&nbsp;A wszystkie 15 gabinet\u00f3w nadzorowanych przez prezydenta USA to fronty administrowane przez niekompetentne, skorumpowane marionetki.&nbsp;Oznacza to, \u017ce ka\u017cda z tych organizacji pozarz\u0105dowych jest cz\u0142onkiem\/partnerem \u015awiatowego Forum Ekonomicznego, a wszystkie wojny zosta\u0142y poprzedzone stworzeniem przez Zach\u00f3d pod\u017ceganego chaosu w celu wsparcia Wojskowego Kompleksu Przemys\u0142owego.<\/p>\n\n\n\n<p>Rosja by\u0142a wy\u015bmiewana, aby przyst\u0105pi\u0107 do wojny z Ukrain\u0105.&nbsp;Gospodarka Chin zosta\u0142a zniszczona przez grupy zadaniowe organizacji pozarz\u0105dowych, aby sparali\u017cowa\u0107 j\u0105 jako konkurenta.&nbsp;A Stanami Zjednoczonymi rz\u0105dz\u0105 wystraszone jastrz\u0119bie wojenne, chc\u0105ce zarobi\u0107 jak najwi\u0119cej pieni\u0119dzy, zanim Agenda 2030 przejmie ka\u017cd\u0105 \u015bwiatow\u0105 gospodark\u0119 pod kuratel\u0105\/totalitarnymi rz\u0105dami Interesariuszy.<\/p>\n\n\n\n<p><strong>Z WYJ\u0104TKIEM.&nbsp;&nbsp;&nbsp;<\/strong><em>Nie s\u0105 przygotowani na ods\u0142oni\u0119cie, zanim nie zako\u0144czy si\u0119 ich pr\u00f3\u017cnia mocy.&nbsp;Ta przewaga wynika\u0142a z tego, \u017ce nie trzymali si\u0119 za\u0142o\u017ce\u0144 Sztuki Wojny \u2013 nigdy nie lekcewa\u017c swojego wroga:<\/em><\/p>\n\n\n\n<p><em>\u201eWygra ten, kto wie, kiedy walczy\u0107, a kiedy nie.&nbsp;Wygra ten, kto wie, jak poradzi\u0107 sobie zar\u00f3wno z si\u0142ami wy\u017cszymi, jak i ni\u017cszymi.&nbsp;Zwyci\u0119\u017cy ten, kt\u00f3rego armi\u0119 o\u017cywia ten sam duch we wszystkich jej szeregach.&nbsp;Zwyci\u0119\u017cy ten, kto przygotowany, czeka, by pokona\u0107 wroga nieprzygotowany.&nbsp;Wygra ten, kto ma potencja\u0142 militarny i nie ingeruje w niego suweren\u201d.<\/em><\/p>\n\n\n\n<p>Trzeba to wykorzysta\u0107 na nasz\u0105 korzy\u015b\u0107.<\/p>\n\n\n\n<p><em>Przedrukowano za zgod\u0105\u00a0<a href=\"https:\/\/helenaglass.net\/\">Helena-The Nationalist Voice<\/a>\u00a0.<\/em><\/p>\n\n\n\n<p>Prawa autorskie \u00a9\u00a0<a href=\"https:\/\/helenaglass.net\/\">Helena-The Nationalist Voice<\/a><\/p>\n\n\n\n<p>\u0179r\u00f3d\u0142o <a href=\"https:\/\/www.lewrockwell.com\/2023\/09\/no_author\/military-industrial-complex-unraveled-exposed\/\">https:\/\/www.lewrockwell.com\/2023\/09\/no_author\/military-industrial-complex-unraveled-exposed\/<\/a><\/p>\n","protected":false},"excerpt":{"rendered":"<p>Helena Glass Helena-The Nationalist Voice 16 wrze\u015bnia 2023 r CVC Capital Partners to luksemburska firma doradcza w zakresie inwestycji private equity, posiadaj\u0105ca aktywa o warto\u015bci ponad 155 miliard\u00f3w dolar\u00f3w.&nbsp;CVC powsta\u0142o w 1990 roku jako sp\u00f3\u0142ka wydzielona z Citicorp i jest&#8230; <\/p>\n","protected":false},"author":2,"featured_media":4570,"comment_status":"open","ping_status":"open","sticky":false,"template":"","format":"standard","meta":{"_acf_changed":false,"_bbp_topic_count":0,"_bbp_reply_count":0,"_bbp_total_topic_count":0,"_bbp_total_reply_count":0,"_bbp_voice_count":0,"_bbp_anonymous_reply_count":0,"_bbp_topic_count_hidden":0,"_bbp_reply_count_hidden":0,"_bbp_forum_subforum_count":0,"om_disable_all_campaigns":false,"_monsterinsights_skip_tracking":false,"footnotes":""},"categories":[93],"tags":[],"class_list":["post-4569","post","type-post","status-publish","format-standard","has-post-thumbnail","hentry","category-artykuly"],"acf":[],"aioseo_notices":[],"aioseo_head":"\n\t\t<!-- All in One SEO 5.0.1.1 - aioseo.com -->\n\t<meta name=\"description\" content=\"Helena Glass Helena-The Nationalist Voice 16 wrze\u015bnia 2023 r CVC Capital Partners to luksemburska firma doradcza w zakresie inwestycji private equity, posiadaj\u0105ca aktywa o warto\u015bci ponad 155 miliard\u00f3w dolar\u00f3w. CVC powsta\u0142o w 1990 roku jako sp\u00f3\u0142ka wydzielona z Citicorp i jest uwa\u017cana za najwi\u0119ksz\u0105 firm\u0119 private equity w Europie. W 2019 roku CVC Capital kupi\u0142o wi\u0119kszo\u015bciowy pakiet\" \/>\n\t<meta name=\"robots\" content=\"max-image-preview:large\" \/>\n\t<meta name=\"author\" content=\"trinity\"\/>\n\t<link rel=\"canonical\" href=\"https:\/\/wia.net.pl\/index.php\/2023\/09\/16\/wojskowy-kompleks-przemyslowy-rozwiklany-i-odsloniety\/\" \/>\n\t<meta name=\"generator\" content=\"All in One SEO (AIOSEO) 5.0.1.1\" \/>\n\t\t<meta property=\"og:locale\" content=\"pl_PL\" \/>\n\t\t<meta property=\"og:site_name\" content=\"Wolno\u015b\u0107 i Anarchia - Ka\u017cdy wewn\u0119trznie jest anarchist\u0105.\" \/>\n\t\t<meta property=\"og:type\" content=\"article\" \/>\n\t\t<meta property=\"og:title\" content=\"Wojskowy kompleks przemys\u0142owy rozwik\u0142any i ods\u0142oni\u0119ty - Wolno\u015b\u0107 i Anarchia\" \/>\n\t\t<meta property=\"og:description\" content=\"Helena Glass Helena-The Nationalist Voice 16 wrze\u015bnia 2023 r CVC Capital Partners to luksemburska firma doradcza w zakresie inwestycji private equity, posiadaj\u0105ca aktywa o warto\u015bci ponad 155 miliard\u00f3w dolar\u00f3w. CVC powsta\u0142o w 1990 roku jako sp\u00f3\u0142ka wydzielona z Citicorp i jest uwa\u017cana za najwi\u0119ksz\u0105 firm\u0119 private equity w Europie. W 2019 roku CVC Capital kupi\u0142o wi\u0119kszo\u015bciowy pakiet\" \/>\n\t\t<meta property=\"og:url\" content=\"https:\/\/wia.net.pl\/index.php\/2023\/09\/16\/wojskowy-kompleks-przemyslowy-rozwiklany-i-odsloniety\/\" \/>\n\t\t<meta property=\"og:image\" content=\"https:\/\/wia.net.pl\/wp-content\/uploads\/2023\/11\/cropped-freedom-i73367.jpg\" \/>\n\t\t<meta property=\"og:image:secure_url\" content=\"https:\/\/wia.net.pl\/wp-content\/uploads\/2023\/11\/cropped-freedom-i73367.jpg\" \/>\n\t\t<meta property=\"article:published_time\" content=\"2023-09-16T12:04:13+00:00\" \/>\n\t\t<meta property=\"article:modified_time\" content=\"2023-09-16T12:04:13+00:00\" \/>\n\t\t<meta name=\"twitter:card\" content=\"summary_large_image\" \/>\n\t\t<meta name=\"twitter:title\" content=\"Wojskowy kompleks przemys\u0142owy rozwik\u0142any i ods\u0142oni\u0119ty - Wolno\u015b\u0107 i Anarchia\" \/>\n\t\t<meta name=\"twitter:description\" content=\"Helena Glass Helena-The Nationalist Voice 16 wrze\u015bnia 2023 r CVC Capital Partners to luksemburska firma doradcza w zakresie inwestycji private equity, posiadaj\u0105ca aktywa o warto\u015bci ponad 155 miliard\u00f3w dolar\u00f3w. CVC powsta\u0142o w 1990 roku jako sp\u00f3\u0142ka wydzielona z Citicorp i jest uwa\u017cana za najwi\u0119ksz\u0105 firm\u0119 private equity w Europie. W 2019 roku CVC Capital kupi\u0142o wi\u0119kszo\u015bciowy pakiet\" \/>\n\t\t<meta name=\"twitter:image\" content=\"https:\/\/wia.net.pl\/wp-content\/uploads\/2023\/11\/cropped-freedom-i73367.jpg\" \/>\n\t\t<script type=\"application\/ld+json\" class=\"aioseo-schema\">\n\t\t\t{\"@context\":\"https:\\\/\\\/schema.org\",\"@graph\":[{\"@type\":\"BlogPosting\",\"@id\":\"https:\\\/\\\/wia.net.pl\\\/index.php\\\/2023\\\/09\\\/16\\\/wojskowy-kompleks-przemyslowy-rozwiklany-i-odsloniety\\\/#blogposting\",\"name\":\"Wojskowy kompleks przemys\\u0142owy rozwik\\u0142any i ods\\u0142oni\\u0119ty - Wolno\\u015b\\u0107 i Anarchia\",\"headline\":\"Wojskowy kompleks przemys\\u0142owy rozwik\\u0142any i ods\\u0142oni\\u0119ty\",\"author\":{\"@id\":\"https:\\\/\\\/wia.net.pl\\\/index.php\\\/author\\\/trinity\\\/#author\"},\"publisher\":{\"@id\":\"https:\\\/\\\/wia.net.pl\\\/#person\"},\"image\":{\"@type\":\"ImageObject\",\"url\":\"https:\\\/\\\/wia.net.pl\\\/wp-content\\\/uploads\\\/2023\\\/09\\\/960776-ipl-new-teams.jpg\",\"width\":1280,\"height\":768},\"datePublished\":\"2023-09-16T14:04:13+02:00\",\"dateModified\":\"2023-09-16T14:04:13+02:00\",\"inLanguage\":\"pl-PL\",\"mainEntityOfPage\":{\"@id\":\"https:\\\/\\\/wia.net.pl\\\/index.php\\\/2023\\\/09\\\/16\\\/wojskowy-kompleks-przemyslowy-rozwiklany-i-odsloniety\\\/#webpage\"},\"isPartOf\":{\"@id\":\"https:\\\/\\\/wia.net.pl\\\/index.php\\\/2023\\\/09\\\/16\\\/wojskowy-kompleks-przemyslowy-rozwiklany-i-odsloniety\\\/#webpage\"},\"articleSection\":\"Artyku\\u0142y\"},{\"@type\":\"BreadcrumbList\",\"@id\":\"https:\\\/\\\/wia.net.pl\\\/index.php\\\/2023\\\/09\\\/16\\\/wojskowy-kompleks-przemyslowy-rozwiklany-i-odsloniety\\\/#breadcrumblist\",\"itemListElement\":[{\"@type\":\"ListItem\",\"@id\":\"https:\\\/\\\/wia.net.pl#listItem\",\"position\":1,\"name\":\"Home\",\"item\":\"https:\\\/\\\/wia.net.pl\",\"nextItem\":{\"@type\":\"ListItem\",\"@id\":\"https:\\\/\\\/wia.net.pl\\\/index.php\\\/category\\\/artykuly\\\/#listItem\",\"name\":\"Artyku\\u0142y\"}},{\"@type\":\"ListItem\",\"@id\":\"https:\\\/\\\/wia.net.pl\\\/index.php\\\/category\\\/artykuly\\\/#listItem\",\"position\":2,\"name\":\"Artyku\\u0142y\",\"item\":\"https:\\\/\\\/wia.net.pl\\\/index.php\\\/category\\\/artykuly\\\/\",\"nextItem\":{\"@type\":\"ListItem\",\"@id\":\"https:\\\/\\\/wia.net.pl\\\/index.php\\\/2023\\\/09\\\/16\\\/wojskowy-kompleks-przemyslowy-rozwiklany-i-odsloniety\\\/#listItem\",\"name\":\"Wojskowy kompleks przemys\\u0142owy rozwik\\u0142any i ods\\u0142oni\\u0119ty\"},\"previousItem\":{\"@type\":\"ListItem\",\"@id\":\"https:\\\/\\\/wia.net.pl#listItem\",\"name\":\"Home\"}},{\"@type\":\"ListItem\",\"@id\":\"https:\\\/\\\/wia.net.pl\\\/index.php\\\/2023\\\/09\\\/16\\\/wojskowy-kompleks-przemyslowy-rozwiklany-i-odsloniety\\\/#listItem\",\"position\":3,\"name\":\"Wojskowy kompleks przemys\\u0142owy rozwik\\u0142any i ods\\u0142oni\\u0119ty\",\"previousItem\":{\"@type\":\"ListItem\",\"@id\":\"https:\\\/\\\/wia.net.pl\\\/index.php\\\/category\\\/artykuly\\\/#listItem\",\"name\":\"Artyku\\u0142y\"}}]},{\"@type\":\"Person\",\"@id\":\"https:\\\/\\\/wia.net.pl\\\/#person\",\"name\":\"Bart\\u0142omiej Talarczyk\",\"image\":{\"@type\":\"ImageObject\",\"@id\":\"https:\\\/\\\/wia.net.pl\\\/index.php\\\/2023\\\/09\\\/16\\\/wojskowy-kompleks-przemyslowy-rozwiklany-i-odsloniety\\\/#personImage\",\"url\":\"https:\\\/\\\/wia.net.pl\\\/wp-content\\\/uploads\\\/avatar-privacy\\\/cache\\\/user\\\/1\\\/7\\\/176a6b161c58363ff49b5c167264231f519f5c7fa183ca1f61e891769b6b56d5-96.jpg\",\"width\":96,\"height\":96,\"caption\":\"Bart\\u0142omiej Talarczyk\"}},{\"@type\":\"Person\",\"@id\":\"https:\\\/\\\/wia.net.pl\\\/index.php\\\/author\\\/trinity\\\/#author\",\"url\":\"https:\\\/\\\/wia.net.pl\\\/index.php\\\/author\\\/trinity\\\/\",\"name\":\"trinity\",\"image\":{\"@type\":\"ImageObject\",\"@id\":\"https:\\\/\\\/wia.net.pl\\\/index.php\\\/2023\\\/09\\\/16\\\/wojskowy-kompleks-przemyslowy-rozwiklany-i-odsloniety\\\/#authorImage\",\"url\":\"https:\\\/\\\/wia.net.pl\\\/wp-content\\\/uploads\\\/avatar-privacy\\\/cache\\\/user\\\/5\\\/f\\\/5f6547cf82495eaa10e100a6a45d5dbde2dfdc1be88557de2018fca705bdf6f1-96.jpg\",\"width\":96,\"height\":96,\"caption\":\"trinity\"}},{\"@type\":\"WebPage\",\"@id\":\"https:\\\/\\\/wia.net.pl\\\/index.php\\\/2023\\\/09\\\/16\\\/wojskowy-kompleks-przemyslowy-rozwiklany-i-odsloniety\\\/#webpage\",\"url\":\"https:\\\/\\\/wia.net.pl\\\/index.php\\\/2023\\\/09\\\/16\\\/wojskowy-kompleks-przemyslowy-rozwiklany-i-odsloniety\\\/\",\"name\":\"Wojskowy kompleks przemys\\u0142owy rozwik\\u0142any i ods\\u0142oni\\u0119ty - Wolno\\u015b\\u0107 i Anarchia\",\"description\":\"Helena Glass Helena-The Nationalist Voice 16 wrze\\u015bnia 2023 r CVC Capital Partners to luksemburska firma doradcza w zakresie inwestycji private equity, posiadaj\\u0105ca aktywa o warto\\u015bci ponad 155 miliard\\u00f3w dolar\\u00f3w. CVC powsta\\u0142o w 1990 roku jako sp\\u00f3\\u0142ka wydzielona z Citicorp i jest uwa\\u017cana za najwi\\u0119ksz\\u0105 firm\\u0119 private equity w Europie. W 2019 roku CVC Capital kupi\\u0142o wi\\u0119kszo\\u015bciowy pakiet\",\"inLanguage\":\"pl-PL\",\"isPartOf\":{\"@id\":\"https:\\\/\\\/wia.net.pl\\\/#website\"},\"breadcrumb\":{\"@id\":\"https:\\\/\\\/wia.net.pl\\\/index.php\\\/2023\\\/09\\\/16\\\/wojskowy-kompleks-przemyslowy-rozwiklany-i-odsloniety\\\/#breadcrumblist\"},\"author\":{\"@id\":\"https:\\\/\\\/wia.net.pl\\\/index.php\\\/author\\\/trinity\\\/#author\"},\"creator\":{\"@id\":\"https:\\\/\\\/wia.net.pl\\\/index.php\\\/author\\\/trinity\\\/#author\"},\"image\":{\"@type\":\"ImageObject\",\"url\":\"https:\\\/\\\/wia.net.pl\\\/wp-content\\\/uploads\\\/2023\\\/09\\\/960776-ipl-new-teams.jpg\",\"@id\":\"https:\\\/\\\/wia.net.pl\\\/index.php\\\/2023\\\/09\\\/16\\\/wojskowy-kompleks-przemyslowy-rozwiklany-i-odsloniety\\\/#mainImage\",\"width\":1280,\"height\":768},\"primaryImageOfPage\":{\"@id\":\"https:\\\/\\\/wia.net.pl\\\/index.php\\\/2023\\\/09\\\/16\\\/wojskowy-kompleks-przemyslowy-rozwiklany-i-odsloniety\\\/#mainImage\"},\"datePublished\":\"2023-09-16T14:04:13+02:00\",\"dateModified\":\"2023-09-16T14:04:13+02:00\"},{\"@type\":\"WebSite\",\"@id\":\"https:\\\/\\\/wia.net.pl\\\/#website\",\"url\":\"https:\\\/\\\/wia.net.pl\\\/\",\"name\":\"Wolno\\u015b\\u0107 i Anarchia\",\"description\":\"Ka\\u017cdy wewn\\u0119trznie jest anarchist\\u0105.\",\"inLanguage\":\"pl-PL\",\"publisher\":{\"@id\":\"https:\\\/\\\/wia.net.pl\\\/#person\"}}]}\n\t\t<\/script>\n\t\t<!-- All in One SEO -->\n\n","aioseo_head_json":{"title":"Wojskowy kompleks przemys\u0142owy rozwik\u0142any i ods\u0142oni\u0119ty - Wolno\u015b\u0107 i Anarchia","description":"Helena Glass Helena-The Nationalist Voice 16 wrze\u015bnia 2023 r CVC Capital Partners to luksemburska firma doradcza w zakresie inwestycji private equity, posiadaj\u0105ca aktywa o warto\u015bci ponad 155 miliard\u00f3w dolar\u00f3w. CVC powsta\u0142o w 1990 roku jako sp\u00f3\u0142ka wydzielona z Citicorp i jest uwa\u017cana za najwi\u0119ksz\u0105 firm\u0119 private equity w Europie. W 2019 roku CVC Capital kupi\u0142o wi\u0119kszo\u015bciowy pakiet","canonical_url":"https:\/\/wia.net.pl\/index.php\/2023\/09\/16\/wojskowy-kompleks-przemyslowy-rozwiklany-i-odsloniety\/","robots":"max-image-preview:large","keywords":"","webmasterTools":{"miscellaneous":""},"schema":{"@context":"https:\/\/schema.org","@graph":[{"@type":"BlogPosting","@id":"https:\/\/wia.net.pl\/index.php\/2023\/09\/16\/wojskowy-kompleks-przemyslowy-rozwiklany-i-odsloniety\/#blogposting","name":"Wojskowy kompleks przemys\u0142owy rozwik\u0142any i ods\u0142oni\u0119ty - Wolno\u015b\u0107 i Anarchia","headline":"Wojskowy kompleks przemys\u0142owy rozwik\u0142any i ods\u0142oni\u0119ty","author":{"@id":"https:\/\/wia.net.pl\/index.php\/author\/trinity\/#author"},"publisher":{"@id":"https:\/\/wia.net.pl\/#person"},"image":{"@type":"ImageObject","url":"https:\/\/wia.net.pl\/wp-content\/uploads\/2023\/09\/960776-ipl-new-teams.jpg","width":1280,"height":768},"datePublished":"2023-09-16T14:04:13+02:00","dateModified":"2023-09-16T14:04:13+02:00","inLanguage":"pl-PL","mainEntityOfPage":{"@id":"https:\/\/wia.net.pl\/index.php\/2023\/09\/16\/wojskowy-kompleks-przemyslowy-rozwiklany-i-odsloniety\/#webpage"},"isPartOf":{"@id":"https:\/\/wia.net.pl\/index.php\/2023\/09\/16\/wojskowy-kompleks-przemyslowy-rozwiklany-i-odsloniety\/#webpage"},"articleSection":"Artyku\u0142y"},{"@type":"BreadcrumbList","@id":"https:\/\/wia.net.pl\/index.php\/2023\/09\/16\/wojskowy-kompleks-przemyslowy-rozwiklany-i-odsloniety\/#breadcrumblist","itemListElement":[{"@type":"ListItem","@id":"https:\/\/wia.net.pl#listItem","position":1,"name":"Home","item":"https:\/\/wia.net.pl","nextItem":{"@type":"ListItem","@id":"https:\/\/wia.net.pl\/index.php\/category\/artykuly\/#listItem","name":"Artyku\u0142y"}},{"@type":"ListItem","@id":"https:\/\/wia.net.pl\/index.php\/category\/artykuly\/#listItem","position":2,"name":"Artyku\u0142y","item":"https:\/\/wia.net.pl\/index.php\/category\/artykuly\/","nextItem":{"@type":"ListItem","@id":"https:\/\/wia.net.pl\/index.php\/2023\/09\/16\/wojskowy-kompleks-przemyslowy-rozwiklany-i-odsloniety\/#listItem","name":"Wojskowy kompleks przemys\u0142owy rozwik\u0142any i ods\u0142oni\u0119ty"},"previousItem":{"@type":"ListItem","@id":"https:\/\/wia.net.pl#listItem","name":"Home"}},{"@type":"ListItem","@id":"https:\/\/wia.net.pl\/index.php\/2023\/09\/16\/wojskowy-kompleks-przemyslowy-rozwiklany-i-odsloniety\/#listItem","position":3,"name":"Wojskowy kompleks przemys\u0142owy rozwik\u0142any i ods\u0142oni\u0119ty","previousItem":{"@type":"ListItem","@id":"https:\/\/wia.net.pl\/index.php\/category\/artykuly\/#listItem","name":"Artyku\u0142y"}}]},{"@type":"Person","@id":"https:\/\/wia.net.pl\/#person","name":"Bart\u0142omiej Talarczyk","image":{"@type":"ImageObject","@id":"https:\/\/wia.net.pl\/index.php\/2023\/09\/16\/wojskowy-kompleks-przemyslowy-rozwiklany-i-odsloniety\/#personImage","url":"https:\/\/wia.net.pl\/wp-content\/uploads\/avatar-privacy\/cache\/user\/1\/7\/176a6b161c58363ff49b5c167264231f519f5c7fa183ca1f61e891769b6b56d5-96.jpg","width":96,"height":96,"caption":"Bart\u0142omiej Talarczyk"}},{"@type":"Person","@id":"https:\/\/wia.net.pl\/index.php\/author\/trinity\/#author","url":"https:\/\/wia.net.pl\/index.php\/author\/trinity\/","name":"trinity","image":{"@type":"ImageObject","@id":"https:\/\/wia.net.pl\/index.php\/2023\/09\/16\/wojskowy-kompleks-przemyslowy-rozwiklany-i-odsloniety\/#authorImage","url":"https:\/\/wia.net.pl\/wp-content\/uploads\/avatar-privacy\/cache\/user\/5\/f\/5f6547cf82495eaa10e100a6a45d5dbde2dfdc1be88557de2018fca705bdf6f1-96.jpg","width":96,"height":96,"caption":"trinity"}},{"@type":"WebPage","@id":"https:\/\/wia.net.pl\/index.php\/2023\/09\/16\/wojskowy-kompleks-przemyslowy-rozwiklany-i-odsloniety\/#webpage","url":"https:\/\/wia.net.pl\/index.php\/2023\/09\/16\/wojskowy-kompleks-przemyslowy-rozwiklany-i-odsloniety\/","name":"Wojskowy kompleks przemys\u0142owy rozwik\u0142any i ods\u0142oni\u0119ty - Wolno\u015b\u0107 i Anarchia","description":"Helena Glass Helena-The Nationalist Voice 16 wrze\u015bnia 2023 r CVC Capital Partners to luksemburska firma doradcza w zakresie inwestycji private equity, posiadaj\u0105ca aktywa o warto\u015bci ponad 155 miliard\u00f3w dolar\u00f3w. CVC powsta\u0142o w 1990 roku jako sp\u00f3\u0142ka wydzielona z Citicorp i jest uwa\u017cana za najwi\u0119ksz\u0105 firm\u0119 private equity w Europie. W 2019 roku CVC Capital kupi\u0142o wi\u0119kszo\u015bciowy pakiet","inLanguage":"pl-PL","isPartOf":{"@id":"https:\/\/wia.net.pl\/#website"},"breadcrumb":{"@id":"https:\/\/wia.net.pl\/index.php\/2023\/09\/16\/wojskowy-kompleks-przemyslowy-rozwiklany-i-odsloniety\/#breadcrumblist"},"author":{"@id":"https:\/\/wia.net.pl\/index.php\/author\/trinity\/#author"},"creator":{"@id":"https:\/\/wia.net.pl\/index.php\/author\/trinity\/#author"},"image":{"@type":"ImageObject","url":"https:\/\/wia.net.pl\/wp-content\/uploads\/2023\/09\/960776-ipl-new-teams.jpg","@id":"https:\/\/wia.net.pl\/index.php\/2023\/09\/16\/wojskowy-kompleks-przemyslowy-rozwiklany-i-odsloniety\/#mainImage","width":1280,"height":768},"primaryImageOfPage":{"@id":"https:\/\/wia.net.pl\/index.php\/2023\/09\/16\/wojskowy-kompleks-przemyslowy-rozwiklany-i-odsloniety\/#mainImage"},"datePublished":"2023-09-16T14:04:13+02:00","dateModified":"2023-09-16T14:04:13+02:00"},{"@type":"WebSite","@id":"https:\/\/wia.net.pl\/#website","url":"https:\/\/wia.net.pl\/","name":"Wolno\u015b\u0107 i Anarchia","description":"Ka\u017cdy wewn\u0119trznie jest anarchist\u0105.","inLanguage":"pl-PL","publisher":{"@id":"https:\/\/wia.net.pl\/#person"}}]},"og:locale":"pl_PL","og:site_name":"Wolno\u015b\u0107 i Anarchia - Ka\u017cdy wewn\u0119trznie jest anarchist\u0105.","og:type":"article","og:title":"Wojskowy kompleks przemys\u0142owy rozwik\u0142any i ods\u0142oni\u0119ty - Wolno\u015b\u0107 i Anarchia","og:description":"Helena Glass Helena-The Nationalist Voice 16 wrze\u015bnia 2023 r CVC Capital Partners to luksemburska firma doradcza w zakresie inwestycji private equity, posiadaj\u0105ca aktywa o warto\u015bci ponad 155 miliard\u00f3w dolar\u00f3w. CVC powsta\u0142o w 1990 roku jako sp\u00f3\u0142ka wydzielona z Citicorp i jest uwa\u017cana za najwi\u0119ksz\u0105 firm\u0119 private equity w Europie. W 2019 roku CVC Capital kupi\u0142o wi\u0119kszo\u015bciowy pakiet","og:url":"https:\/\/wia.net.pl\/index.php\/2023\/09\/16\/wojskowy-kompleks-przemyslowy-rozwiklany-i-odsloniety\/","og:image":"https:\/\/wia.net.pl\/wp-content\/uploads\/2023\/11\/cropped-freedom-i73367.jpg","og:image:secure_url":"https:\/\/wia.net.pl\/wp-content\/uploads\/2023\/11\/cropped-freedom-i73367.jpg","article:published_time":"2023-09-16T12:04:13+00:00","article:modified_time":"2023-09-16T12:04:13+00:00","twitter:card":"summary_large_image","twitter:title":"Wojskowy kompleks przemys\u0142owy rozwik\u0142any i ods\u0142oni\u0119ty - Wolno\u015b\u0107 i Anarchia","twitter:description":"Helena Glass Helena-The Nationalist Voice 16 wrze\u015bnia 2023 r CVC Capital Partners to luksemburska firma doradcza w zakresie inwestycji private equity, posiadaj\u0105ca aktywa o warto\u015bci ponad 155 miliard\u00f3w dolar\u00f3w. CVC powsta\u0142o w 1990 roku jako sp\u00f3\u0142ka wydzielona z Citicorp i jest uwa\u017cana za najwi\u0119ksz\u0105 firm\u0119 private equity w Europie. W 2019 roku CVC Capital kupi\u0142o wi\u0119kszo\u015bciowy pakiet","twitter:image":"https:\/\/wia.net.pl\/wp-content\/uploads\/2023\/11\/cropped-freedom-i73367.jpg"},"aioseo_meta_data":{"post_id":"4569","title":null,"description":null,"keywords":[],"keyphrases":{"focus":{"keyphrase":"","score":0,"analysis":{"keyphraseInTitle":{"score":0,"maxScore":9,"error":1}}},"additional":[]},"primary_term":null,"canonical_url":null,"og_title":null,"og_description":null,"og_object_type":"default","og_image_type":"default","og_image_url":null,"og_image_width":null,"og_image_height":null,"og_image_custom_url":null,"og_image_custom_fields":null,"og_video":"","og_custom_url":null,"og_article_section":null,"og_article_tags":[],"twitter_use_og":false,"twitter_card":"default","twitter_image_type":"default","twitter_image_url":null,"twitter_image_custom_url":null,"twitter_image_custom_fields":null,"twitter_title":null,"twitter_description":null,"schema":{"blockGraphs":[],"customGraphs":[],"default":{"data":{"Article":[],"Course":[],"Dataset":[],"FAQPage":[],"Movie":[],"Person":[],"Product":[],"ProductReview":[],"Car":[],"Recipe":[],"Service":[],"SoftwareApplication":[],"WebPage":[]},"graphName":"BlogPosting","isEnabled":true},"graphs":[]},"schema_type":"default","schema_type_options":null,"pillar_content":false,"robots_default":true,"robots_noindex":false,"robots_noarchive":false,"robots_nosnippet":false,"robots_nofollow":false,"robots_noimageindex":false,"robots_noodp":false,"robots_notranslate":false,"robots_max_snippet":"-1","robots_max_videopreview":"-1","robots_max_imagepreview":"large","priority":null,"frequency":"default","local_seo":null,"breadcrumb_settings":null,"limit_modified_date":false,"ai":null,"created":"2023-09-16 12:04:13","updated":"2025-06-04 09:19:44","seo_analyzer_scan_date":null,"focus_keyword":null,"additional_keywords":null,"truseo_locale":null},"aioseo_breadcrumb":"<div class=\"aioseo-breadcrumbs\"><span class=\"aioseo-breadcrumb\">\n\t\t\t<a href=\"https:\/\/wia.net.pl\" title=\"Home\">Home<\/a>\n\t\t<\/span><span class=\"aioseo-breadcrumb-separator\">&raquo;<\/span><span class=\"aioseo-breadcrumb\">\n\t\t\t<a href=\"https:\/\/wia.net.pl\/index.php\/category\/artykuly\/\" title=\"Artyku\u0142y\">Artyku\u0142y<\/a>\n\t\t<\/span><span class=\"aioseo-breadcrumb-separator\">&raquo;<\/span><span class=\"aioseo-breadcrumb\">\n\t\t\tWojskowy kompleks przemys\u0142owy rozwik\u0142any i ods\u0142oni\u0119ty\n\t\t<\/span><\/div>","aioseo_breadcrumb_json":[{"label":"Home","link":"https:\/\/wia.net.pl"},{"label":"Artyku\u0142y","link":"https:\/\/wia.net.pl\/index.php\/category\/artykuly\/"},{"label":"Wojskowy kompleks przemys\u0142owy rozwik\u0142any i ods\u0142oni\u0119ty","link":"https:\/\/wia.net.pl\/index.php\/2023\/09\/16\/wojskowy-kompleks-przemyslowy-rozwiklany-i-odsloniety\/"}],"_links":{"self":[{"href":"https:\/\/wia.net.pl\/index.php\/wp-json\/wp\/v2\/posts\/4569"}],"collection":[{"href":"https:\/\/wia.net.pl\/index.php\/wp-json\/wp\/v2\/posts"}],"about":[{"href":"https:\/\/wia.net.pl\/index.php\/wp-json\/wp\/v2\/types\/post"}],"author":[{"embeddable":true,"href":"https:\/\/wia.net.pl\/index.php\/wp-json\/wp\/v2\/users\/2"}],"replies":[{"embeddable":true,"href":"https:\/\/wia.net.pl\/index.php\/wp-json\/wp\/v2\/comments?post=4569"}],"version-history":[{"count":1,"href":"https:\/\/wia.net.pl\/index.php\/wp-json\/wp\/v2\/posts\/4569\/revisions"}],"predecessor-version":[{"id":4571,"href":"https:\/\/wia.net.pl\/index.php\/wp-json\/wp\/v2\/posts\/4569\/revisions\/4571"}],"wp:featuredmedia":[{"embeddable":true,"href":"https:\/\/wia.net.pl\/index.php\/wp-json\/wp\/v2\/media\/4570"}],"wp:attachment":[{"href":"https:\/\/wia.net.pl\/index.php\/wp-json\/wp\/v2\/media?parent=4569"}],"wp:term":[{"taxonomy":"category","embeddable":true,"href":"https:\/\/wia.net.pl\/index.php\/wp-json\/wp\/v2\/categories?post=4569"},{"taxonomy":"post_tag","embeddable":true,"href":"https:\/\/wia.net.pl\/index.php\/wp-json\/wp\/v2\/tags?post=4569"}],"curies":[{"name":"wp","href":"https:\/\/api.w.org\/{rel}","templated":true}]}}