{"id":4597,"date":"2023-09-19T14:30:01","date_gmt":"2023-09-19T12:30:01","guid":{"rendered":"https:\/\/wia.net.pl\/?p=4597"},"modified":"2023-09-19T14:30:01","modified_gmt":"2023-09-19T12:30:01","slug":"arcybiskup-w-ornacie-zdradzajacym-agende-illuminatow","status":"publish","type":"post","link":"https:\/\/wia.net.pl\/index.php\/2023\/09\/19\/arcybiskup-w-ornacie-zdradzajacym-agende-illuminatow\/","title":{"rendered":"Arcybiskup w ornacie zdradzaj\u0105cym agend\u0119 Illuminat\u00f3w"},"content":{"rendered":"\n<p><a href=\"https:\/\/leozagami.com\/2023\/09\/17\/catholic-archbishop-wears-an-illuminati-preferred-leopard-print-chasuble-preparing-us-for-the-african-invasion\/\">Katolicki arcybiskup nosi preferowany przez iluminat\u00f3w ornat w panterk\u0119, przygotowuj\u0105c nas na afryka\u0144sk\u0105 inwazj\u0119<\/a><\/p>\n\n\n\n<figure class=\"wp-block-image size-full is-resized\"><img loading=\"lazy\" decoding=\"async\" src=\"https:\/\/wia.net.pl\/wp-content\/uploads\/2023\/09\/378709336_1274604843422360_8548472537100091728_n.jpg\" alt=\"\" class=\"wp-image-4601\" width=\"837\" height=\"1115\" srcset=\"https:\/\/wia.net.pl\/wp-content\/uploads\/2023\/09\/378709336_1274604843422360_8548472537100091728_n.jpg 720w, https:\/\/wia.net.pl\/wp-content\/uploads\/2023\/09\/378709336_1274604843422360_8548472537100091728_n-225x300.jpg 225w\" sizes=\"(max-width: 837px) 100vw, 837px\" \/><\/figure>\n\n\n\n<p><em>Artyku\u0142 autorstwa Leo Zagamiego<\/em><\/p>\n\n\n\n<p>W staro\u017cytnym Egipcie sk\u00f3ra lamparta zawsze mia\u0142a du\u017ce znaczenie jako symbol bosko\u015bci i autorytetu w staro\u017cytnych szko\u0142ach tajemnych Iluminat\u00f3w.&nbsp;Z tego powodu sk\u00f3ra lamparta zosta\u0142a przyj\u0119ta przez ich kap\u0142a\u0144stwo jako symbol duchowo\u015bci staro\u017cytnego Egiptu, poniewa\u017c w ich oczach lampart reprezentowa\u0142 bosko\u015b\u0107 i w\u0142adz\u0119 dzi\u0119ki inteligencji lamparta oraz panowaniu nad ziemi\u0105, wod\u0105 i drzewami, co sprawia\u0142o, \u017ce lampart, najwspanialszy drapie\u017cnik.<\/p>\n\n\n\n<p>&nbsp;&nbsp;&nbsp;&nbsp;&nbsp;&nbsp;\u015awi\u0119ty status sk\u00f3ry lamparta zosta\u0142 p\u00f3\u017aniej przej\u0119ty przez wsp\u00f3\u0142czesn\u0105 szko\u0142\u0119 misteryjn\u0105 Hermetycznego&nbsp;&nbsp;<strong>Zakonu&nbsp;<\/strong>&nbsp;<strong>Z\u0142otego Brzasku,<\/strong>&nbsp;&nbsp;co wyra\u017anie wida\u0107 na zdj\u0119ciach zar\u00f3wno jednego z jego za\u0142o\u017cycieli,&nbsp;&nbsp;<strong>Samuela Liddella MacGregora Mathersa (1854-1918),&nbsp;<\/strong>&nbsp;jak i jeden z jego najbardziej kontrowersyjnych cz\u0142onk\u00f3w,&nbsp;<strong>&nbsp;Aleister Crowley (1875-1947).&nbsp;<\/strong>&nbsp;Jednak poza granicami staro\u017cytnego Egiptu znalaz\u0142 swoje miejsce tak\u017ce w tradycjach duchowych r\u00f3\u017cnych spo\u0142eczno\u015bci afryka\u0144skich, takich jak Joruba, Zulu, Buganda i wielu innych.<\/p>\n\n\n\n<figure class=\"wp-block-image\"><img decoding=\"async\" src=\"http:\/\/leozagami.com\/wp-content\/uploads\/2023\/09\/94edcd5a70a2aeb1a52fb639a4fd99b6.jpg\" alt=\"\" class=\"wp-image-9362\"\/><figcaption class=\"wp-element-caption\">Samuela Liddella MacGregora Mathersa<\/figcaption><\/figure>\n\n\n\n<figure class=\"wp-block-image\"><img decoding=\"async\" src=\"http:\/\/leozagami.com\/wp-content\/uploads\/2023\/09\/Samuel10.jpg\" alt=\"\" class=\"wp-image-9363\"\/><figcaption class=\"wp-element-caption\"><em>Aleistera Crowleya<\/em><\/figcaption><\/figure>\n\n\n\n<p>&nbsp;&nbsp;&nbsp;&nbsp;&nbsp;&nbsp;\u015awi\u0119ty status sk\u00f3ry lamparta jako symbolu duchowo\u015bci staro\u017cytnego Egiptu zosta\u0142 przyj\u0119ty w ca\u0142ej Afryce przedkolonialnej w\u015br\u00f3d kr\u00f3l\u00f3w takich spo\u0142eczno\u015bci, ale nigdy nie wyobra\u017cali\u015bmy sobie, \u017ce Ko\u015bci\u00f3\u0142 katolicki i jeden z jego najbardziej wp\u0142ywowych arcybiskup\u00f3w, Nicola Girasoli (ur. 1957&nbsp;&nbsp;<strong>)<\/strong>&nbsp;, kt\u00f3rego kiedy\u015b wymieniono jako potencjalnego kandydata na stanowisko zast\u0119pcy do spraw og\u00f3lnych w Sekretariacie Stanu, poniewa\u017c uwa\u017cano go za \u201ebardzo bliskiego papie\u017cowi Franciszkowi i zgodnego z kardyna\u0142em Pietro Parolinem\u201d, sekretarzem stanu, kt\u00f3ry by\u0142 mianowany w zesz\u0142ym roku przez papie\u017ca Franciszka nuncjusza apostolskiego na S\u0142owacji, odprawi Msz\u0119 \u015bw. na \u015bwie\u017cym powietrzu w po\u0142udniowych W\u0142oszech w Apulii, ubrany w \u201eOrnat\u201d w panterk\u0119, jak niekt\u00f3rzy tradycjonali\u015bci zdefiniowali krytycznie w cz\u0119\u015bciowym zdaniu \u0142aci\u0144skim,&nbsp;<strong>\u201eNowy horror Misae\u201d.&nbsp;<\/strong><a href=\"applewebdata:\/\/569FB929-54D8-42BF-B1CE-B914A08D528A#_ftn1\"><sup>[1]<\/sup><\/a>&nbsp;&nbsp;&nbsp;Nawiasem m\u00f3wi\u0105c, ornat to wierzchnia szata bez r\u0119kaw\u00f3w noszona przez katolickiego lub wysokiego anglika\u0144skiego ksi\u0119dza podczas odprawiania Mszy \u015bw., zazwyczaj bogato zdobiona, ale z pewno\u015bci\u0105 nigdy nie wykonana ze sk\u00f3ry lamparta.&nbsp;<\/p>\n\n\n\n<figure class=\"wp-block-image\"><img decoding=\"async\" src=\"http:\/\/leozagami.com\/wp-content\/uploads\/2023\/09\/375199285_898085865162490_8388326869782335770_n.jpg\" alt=\"\" class=\"wp-image-9366\"\/><figcaption class=\"wp-element-caption\">Arcybiskup Nicola Girasoli<\/figcaption><\/figure>\n\n\n\n<p>&nbsp;&nbsp;&nbsp;&nbsp;W tym kontek\u015bcie wielu katolik\u00f3w uczestniczy we Mszy \u015bw., nie rozumiej\u0105c znaczenia ubioru ksi\u0119dza.&nbsp;Cho\u0107 mo\u017ce si\u0119 to wydawa\u0107 drobnym szczeg\u00f3\u0142em, warto zrozumie\u0107, dlaczego ksi\u0105dz ubiera si\u0119 tak, jak podczas Mszy \u015bw., aby zyska\u0107 wi\u0119kszy wgl\u0105d i uznanie dla liturgii, ale tak\u017ce zrozumie\u0107 herezje, kt\u00f3rymi \u017cyje dzisiejszy Ko\u015bci\u00f3\u0142 papie\u017ca Franciszka. naciska na nas.&nbsp;Szaty liturgiczne wywodz\u0105 si\u0119 ze \u015bwieckiego stroju grecko-rzymskiego i nie s\u0105 tradycj\u0105 afryka\u0144sk\u0105 ani egipsk\u0105.&nbsp;Z biegiem czasu szaty liturgiczne zacz\u0119\u0142y odr\u00f3\u017cnia\u0107 si\u0119 od odzie\u017cy \u015bwieckiej i zachowa\u0142y swoje wa\u017cne cele symboliczne i teologiczne.&nbsp;\u015aw. Hieronim zapewnia\u0142: \u201eReligia Boska inaczej ubiera si\u0119 w s\u0142u\u017cbie spraw \u015bwi\u0119tych, a inny w codziennym \u017cyciu i stosunkach\u201d.&nbsp;<a href=\"applewebdata:\/\/569FB929-54D8-42BF-B1CE-B914A08D528A#_ftn2\"><sup>[2]<\/sup><\/a><\/p>\n\n\n\n<figure class=\"wp-block-image\"><img decoding=\"async\" src=\"http:\/\/leozagami.com\/wp-content\/uploads\/2023\/09\/General-Diagram-of-all-vestments-listed-below-except-for-the-dalmatic.webp\" alt=\"\" class=\"wp-image-9365\"\/><figcaption class=\"wp-element-caption\">Og\u00f3lny schemat wszystkich szat duchownych katolickich z wyj\u0105tkiem dalmatyki<\/figcaption><\/figure>\n\n\n\n<p>&nbsp;&nbsp;&nbsp;&nbsp;&nbsp;&nbsp;W\u0142oskie media i jedna z ich g\u0142\u00f3wnych gazet,&nbsp;&nbsp;<em>Il Messaggero<\/em>&nbsp;, natychmiast pospieszy\u0142y z pomoc\u0105 Watykanowi w unikni\u0119ciu kolejnego skandalu, po prostu przypisuj\u0105c to najnowszemu \u201etrendowi\u201d w \u201emodzie letniej\u201d.&nbsp;<a href=\"applewebdata:\/\/569FB929-54D8-42BF-B1CE-B914A08D528A#_ftn3\"><sup>[3]<\/sup><\/a><\/p>\n\n\n\n<p>&nbsp;&nbsp;&nbsp;<em>Z pewno\u015bci\u0105 na schemacie najdziwniejszej szaty liturgicznej naszych czas\u00f3w znajduje si\u0119 szata arcybiskupa Nicoli Girasoli, kt\u00f3ry odprawi\u0142 msz\u0119, popisuj\u0105c si\u0119 swoim ornatem w panterk\u0119, doskonale wpisuj\u0105cym si\u0119 w obecn\u0105 letni\u0105 mod\u0119.&nbsp;<\/em><a href=\"applewebdata:\/\/569FB929-54D8-42BF-B1CE-B914A08D528A#_ftn4\"><sup>[4]<\/sup><\/a><em><\/em><\/p>\n\n\n\n<p>&nbsp;&nbsp;&nbsp;&nbsp;&nbsp;&nbsp;Dodaj\u0105c, \u017ce by\u0142 to pozytywny \u201eznak czas\u00f3w dla bardziej lu\u017anego podej\u015bcia Ko\u015bcio\u0142a\u201d oraz:<\/p>\n\n\n\n<p>&nbsp;&nbsp;&nbsp;<em>Pra\u0142at zapewne nie przypuszcza\u0142, \u017ce zdj\u0119cia zamieszczone na portalu prowadzonym przez parafian jego diecezji obiegn\u0105 ca\u0142y \u015bwiat, wywo\u0142uj\u0105c przeciwne reakcje.&nbsp;S\u0105 w\u015br\u00f3d wiernych tacy, kt\u00f3rzy s\u0105 zgorszeni, poniewa\u017c nie widzieli jeszcze biskupa, kt\u00f3ry odwa\u017cy\u0142by si\u0119 na tak wiele.&nbsp;Ale s\u0105 te\u017c tacy, kt\u00f3rzy przyj\u0119li t\u0119 wiadomo\u015b\u0107 z u\u015bmiechem, interpretuj\u0105c j\u0105 jako kolejny znak otwartego i pob\u0142a\u017cliwego Ko\u015bcio\u0142a, kt\u00f3ry&nbsp;&nbsp;<\/em><em>w duchu obecnego pontyfikatu nie zwraca uwagi na \u015bwieckie formalizmy, a bardziej na relacje z lud\u017ami.&nbsp;<\/em><a href=\"applewebdata:\/\/569FB929-54D8-42BF-B1CE-B914A08D528A#_ftn5\"><sup>[5]<\/sup><\/a><em><\/em><\/p>\n\n\n\n<p>&nbsp;&nbsp;&nbsp;&nbsp;&nbsp;&nbsp;&nbsp;Jednak przyj\u0119cie sk\u00f3ry lamparta przez wybitne postacie iluminat\u00f3w, takie jak Aleister Crowley, a tak\u017ce afryka\u0144skie systemy wierze\u0144 obejmuj\u0105ce afryka\u0144skie Vodun, powinno nas niepokoi\u0107 najnowszym trendem katolickim zapocz\u0105tkowanym przez arcybiskupa Nicol\u0119 Girasoli, jako zagro\u017cenie Inwazja afryka\u0144ska staje si\u0119 coraz bardziej widoczna we W\u0142oszech po tym, jak w zesz\u0142ym tygodniu przyby\u0142o 7000 os\u00f3b w nieco ponad 24 godziny.<\/p>\n\n\n\n<figure class=\"wp-block-embed is-type-rich is-provider-obsluga-osadzania wp-block-embed-obsluga-osadzania\"><div class=\"wp-block-embed__wrapper\">\nhttps:\/\/youtube.com\/watch?v=4x0joCxdqQ4%3Ffeature%3Doembed\n<\/div><\/figure>\n\n\n\n<p>&nbsp;&nbsp;&nbsp;&nbsp;&nbsp;&nbsp;U\u017cycie sk\u00f3ry lamparta mo\u017cna r\u00f3wnie\u017c zauwa\u017cy\u0107 podczas legendarnej \u201eimprezy przekl\u0119tej\u201d czarnej magii maj\u0105cej na celu zabicie Adolfa Hitlera w lasach Maryland w 1941 r. [6], o kt\u00f3rej m\u00f3wi\u0142em w najnowszym odcinku&nbsp;<a href=\"applewebdata:\/\/569FB929-54D8-42BF-B1CE-B914A08D528A#_ftn6\"><sup>mojego<\/sup><\/a>&nbsp;&nbsp;&nbsp;Exploring&nbsp;&nbsp;<em>the Illuminati Occult Part 33: Occult Wars<\/em><\/p>\n\n\n\n<figure class=\"wp-block-embed is-type-rich is-provider-obsluga-osadzania wp-block-embed-obsluga-osadzania\"><div class=\"wp-block-embed__wrapper\">\nhttps:\/\/youtube.com\/watch?v=WufzFEICxt0%3Ffeature%3Doembed\n<\/div><\/figure>\n\n\n\n<figure class=\"wp-block-image\"><img decoding=\"async\" src=\"http:\/\/leozagami.com\/wp-content\/uploads\/2023\/09\/A-Hitler-hex-party-1941..jpg\" alt=\"\" class=\"wp-image-9367\"\/><\/figure>\n\n\n\n<p>&nbsp;W mojej najnowszej ksi\u0105\u017cce&nbsp;&nbsp;<em>Confessions of an Illuminati Tom 9: Seven Steps to The Secrets of the New World Disorder from Transhumanism and Immortality to Gnostic Jesus, UFOs, and Insect Witchcraft&nbsp;<\/em>&nbsp;wyja\u015bniam, w jaki spos\u00f3b Watykan aktywnie uczestniczy w obecnym kryzysie i jak z ka\u017cdym dniem coraz bardziej otwarcie m\u00f3wi\u0105 o swojej szata\u0144skiej naturze.&nbsp;Je\u015bli chcesz dowiedzie\u0107 si\u0119 wi\u0119cej o obecnym kryzysie migracyjnym, planie Kalergi i bezpo\u015brednim zaanga\u017cowaniu jezuit\u00f3w, przeczytaj&nbsp;&nbsp;<em>Papie\u017c Franciszek: Ostatni papie\u017c?&nbsp;Pieni\u0105dze, masoni i okultyzm w upadku Ko\u015bcio\u0142a katolickiego,&nbsp;<\/em>&nbsp;bo to, co zrobi\u0142 arcybiskup Nicola Girasoli w Ruvo di Puglia na po\u0142udniu W\u0142och, to dopiero pocz\u0105tek obecnej transformacji Europy w&nbsp;&nbsp;<strong>Eurafryk\u0119<\/strong>&nbsp;z Watykanem gotowym przyj\u0105\u0107 \u015bwi\u0119ty status sk\u00f3ry lamparta, aby poprowadzi\u0107 nar\u00f3d afryka\u0144ski w ich \u201epacyficznej\u201d inwazji.&nbsp;Nast\u0119pn\u0105 rzecz\u0105, kt\u00f3r\u0105 zobaczymy z Watykanu, b\u0119dzie afryka\u0144ski czarny papie\u017c ubrany w panterk\u0119.<\/p>\n\n\n\n<p>&nbsp;&nbsp;&nbsp;&nbsp;&nbsp;&nbsp;W dziesi\u0119cioleciach poprzedzaj\u0105cych II wojn\u0119 \u015bwiatow\u0105 niemieccy zwolennicy integracji europejskiej iluminat\u00f3w opowiadali si\u0119 za po\u0142\u0105czeniem ze swoimi afryka\u0144skimi koloniami jako pierwszym krokiem w kierunku Europy federalnej.&nbsp;W latach dwudziestych XX wieku mason i iluminaci Richard von Coudenhove-Kalergi za\u0142o\u017cyli pierwszy ruch ludowy na rzecz zjednoczonej Europy.&nbsp;Jego Unia Paneuropejska postrzega\u0142a sojusz eurafryka\u0144ski jako wa\u017cn\u0105 baz\u0119 dla zdolno\u015bci Europy do konkurowania z Amerykami i Azj\u0105.&nbsp;Teraz, gdy w gr\u0119 wchodz\u0105 Rosja i Chiny, b\u0119dzie to niemo\u017cliwe, ale UE w dalszym ci\u0105gu b\u0119dzie cierpie\u0107 z powodu nies\u0142awnych skutk\u00f3w Planu Kalergi, czyli spisku maj\u0105cego na celu zmieszanie bia\u0142ych Europejczyk\u00f3w z innymi rasami poprzez imigracj\u0119.&nbsp;\u201eEtnoob\u00f3jstwo narod\u00f3w Europy\u201d poprzez \u201ezach\u0119canie do masowej imigracji os\u00f3b nieb\u0119d\u0105cych bia\u0142ymi\u201d wed\u0142ug pomys\u0142u Kalergi dopiero si\u0119 rozpocz\u0119\u0142o,&nbsp;&nbsp;<\/p>\n\n\n\n<figure class=\"wp-block-image size-full\"><img loading=\"lazy\" decoding=\"async\" width=\"465\" height=\"692\" src=\"https:\/\/wia.net.pl\/wp-content\/uploads\/2023\/09\/leo.png\" alt=\"\" class=\"wp-image-4600\" srcset=\"https:\/\/wia.net.pl\/wp-content\/uploads\/2023\/09\/leo.png 465w, https:\/\/wia.net.pl\/wp-content\/uploads\/2023\/09\/leo-202x300.png 202w\" sizes=\"(max-width: 465px) 100vw, 465px\" \/><\/figure>\n\n\n\n<p>&nbsp;&nbsp;&nbsp;&nbsp;&nbsp;&nbsp;&nbsp;Ale niestety nie chc\u0105 zmienia\u0107 tylko tego kraju, ale ca\u0142ego \u015bwiata zachodniego.&nbsp;Zatem si\u0119gnij po tom 9 moich&nbsp;&nbsp;<em>Wyzna\u0144<\/em>&nbsp;&nbsp;, aby przygotowa\u0107 si\u0119 na to, co nadejdzie dalej.<\/p>\n\n\n\n<hr class=\"wp-block-separator has-alpha-channel-opacity\"\/>\n\n\n\n<p><a href=\"applewebdata:\/\/569FB929-54D8-42BF-B1CE-B914A08D528A#_ftnref1\"><sup>[1]<\/sup><\/a>&nbsp;&nbsp;&nbsp;&nbsp;<a href=\"https:\/\/blog.messainlatino.it\/2023\/09\/novus-horror-missae-ruvo-di-puglia-il.html\">&nbsp;https:\/\/blog.messainlatino.it\/2023\/09\/novus-horror-missae-ruvo-di-puglia-il.html<\/a><\/p>\n\n\n\n<p><a href=\"applewebdata:\/\/569FB929-54D8-42BF-B1CE-B914A08D528A#_ftnref2\"><sup>[2]<\/sup><\/a>&nbsp;<a href=\"https:\/\/bctorch.com\/2020\/05\/13\/a-closer-look-at-mass-vestments\/\">&nbsp;https:\/\/bctorch.com\/2020\/05\/13\/a-closer-look-at-mass-vestments\/<\/a><\/p>\n\n\n\n<p><a href=\"applewebdata:\/\/569FB929-54D8-42BF-B1CE-B914A08D528A#_ftnref3\"><sup>[3]<\/sup><\/a>&nbsp;&nbsp;&nbsp;&nbsp;&nbsp;&nbsp;<a href=\"https:\/\/www.ilmessaggero.it\/vaticano\/animali_paramento_liturgico_prete_vescovo_messa_puglia_papa_francesco_vaticano-7633915.html\">&nbsp;https:\/\/www.ilmessaggero.it\/vaticano\/animali_paramento_liturgico_prete_vescovo_messa_puglia_papa_francesco_vaticano-7633915.html<\/a><\/p>\n\n\n\n<p><a href=\"applewebdata:\/\/569FB929-54D8-42BF-B1CE-B914A08D528A#_ftnref4\"><sup>[4]<\/sup><\/a>&nbsp;&nbsp;&nbsp;&nbsp;&nbsp;&nbsp;<em>&nbsp;Tam\u017ce<\/em>&nbsp;.<\/p>\n\n\n\n<p><a href=\"applewebdata:\/\/569FB929-54D8-42BF-B1CE-B914A08D528A#_ftnref5\"><sup>[5]<\/sup><\/a>&nbsp;&nbsp;&nbsp;&nbsp;&nbsp;&nbsp;<em>&nbsp;Tam\u017ce<\/em>&nbsp;.<\/p>\n\n\n\n<p><a href=\"applewebdata:\/\/569FB929-54D8-42BF-B1CE-B914A08D528A#_ftnref6\"><sup>[6]<\/sup><\/a>&nbsp;&nbsp;&nbsp;&nbsp;&nbsp;&nbsp;<a href=\"https:\/\/dangerousminds.net\/comments\/the_black_magic_hexing_party_to_kill_adolf_hitler\">&nbsp;https:\/\/dangerousminds.net\/comments\/the_black_magic_hexing_party_to_kill_adolf_hitler<\/a><\/p>\n\n\n\n<p>UWAGA Najwa\u017cniejsza ksi\u0105\u017cka Leo Zagamiego jest ju\u017c dost\u0119pna!\u00a0<em><strong>Wyznania iluminat\u00f3w, tom 9: Siedem krok\u00f3w do tajemnic chaosu Nowego \u015awiata, od transhumanizmu i nie\u015bmiertelno\u015bci do gnostyckiego Jezusa, UFO i czar\u00f3w owad\u00f3w<\/strong><\/em><\/p>\n\n\n\n<p>\u0179r\u00f3d\u0142o <a href=\"https:\/\/leozagami.com\/\">https:\/\/leozagami.com\/<\/a><\/p>\n","protected":false},"excerpt":{"rendered":"<p>Katolicki arcybiskup nosi preferowany przez iluminat\u00f3w ornat w panterk\u0119, przygotowuj\u0105c nas na afryka\u0144sk\u0105 inwazj\u0119 Artyku\u0142 autorstwa Leo Zagamiego W staro\u017cytnym Egipcie sk\u00f3ra lamparta zawsze mia\u0142a du\u017ce znaczenie jako symbol bosko\u015bci i autorytetu w staro\u017cytnych szko\u0142ach tajemnych Iluminat\u00f3w.&nbsp;Z tego powodu sk\u00f3ra&#8230; <\/p>\n","protected":false},"author":2,"featured_media":4602,"comment_status":"open","ping_status":"open","sticky":false,"template":"","format":"standard","meta":{"_acf_changed":false,"_bbp_topic_count":0,"_bbp_reply_count":0,"_bbp_total_topic_count":0,"_bbp_total_reply_count":0,"_bbp_voice_count":0,"_bbp_anonymous_reply_count":0,"_bbp_topic_count_hidden":0,"_bbp_reply_count_hidden":0,"_bbp_forum_subforum_count":0,"om_disable_all_campaigns":false,"_monsterinsights_skip_tracking":false,"footnotes":""},"categories":[93],"tags":[],"class_list":["post-4597","post","type-post","status-publish","format-standard","has-post-thumbnail","hentry","category-artykuly"],"acf":[],"aioseo_notices":[],"aioseo_head":"\n\t\t<!-- All in One SEO 5.0.1.1 - aioseo.com -->\n\t<meta name=\"description\" content=\"Katolicki arcybiskup nosi preferowany przez iluminat\u00f3w ornat w panterk\u0119, przygotowuj\u0105c nas na afryka\u0144sk\u0105 inwazj\u0119 Artyku\u0142 autorstwa Leo Zagamiego W staro\u017cytnym Egipcie sk\u00f3ra lamparta zawsze mia\u0142a du\u017ce znaczenie jako symbol bosko\u015bci i autorytetu w staro\u017cytnych szko\u0142ach tajemnych Iluminat\u00f3w. Z tego powodu sk\u00f3ra lamparta zosta\u0142a przyj\u0119ta przez ich kap\u0142a\u0144stwo jako symbol duchowo\u015bci staro\u017cytnego Egiptu, poniewa\u017c w ich oczach\" \/>\n\t<meta name=\"robots\" content=\"max-image-preview:large\" \/>\n\t<meta name=\"author\" content=\"trinity\"\/>\n\t<link rel=\"canonical\" href=\"https:\/\/wia.net.pl\/index.php\/2023\/09\/19\/arcybiskup-w-ornacie-zdradzajacym-agende-illuminatow\/\" \/>\n\t<meta name=\"generator\" content=\"All in One SEO (AIOSEO) 5.0.1.1\" \/>\n\t\t<meta property=\"og:locale\" content=\"pl_PL\" \/>\n\t\t<meta property=\"og:site_name\" content=\"Wolno\u015b\u0107 i Anarchia - Ka\u017cdy wewn\u0119trznie jest anarchist\u0105.\" \/>\n\t\t<meta property=\"og:type\" content=\"article\" \/>\n\t\t<meta property=\"og:title\" content=\"Arcybiskup w ornacie zdradzaj\u0105cym agend\u0119 Illuminat\u00f3w - Wolno\u015b\u0107 i Anarchia\" \/>\n\t\t<meta property=\"og:description\" content=\"Katolicki arcybiskup nosi preferowany przez iluminat\u00f3w ornat w panterk\u0119, przygotowuj\u0105c nas na afryka\u0144sk\u0105 inwazj\u0119 Artyku\u0142 autorstwa Leo Zagamiego W staro\u017cytnym Egipcie sk\u00f3ra lamparta zawsze mia\u0142a du\u017ce znaczenie jako symbol bosko\u015bci i autorytetu w staro\u017cytnych szko\u0142ach tajemnych Iluminat\u00f3w. Z tego powodu sk\u00f3ra lamparta zosta\u0142a przyj\u0119ta przez ich kap\u0142a\u0144stwo jako symbol duchowo\u015bci staro\u017cytnego Egiptu, poniewa\u017c w ich oczach\" \/>\n\t\t<meta property=\"og:url\" content=\"https:\/\/wia.net.pl\/index.php\/2023\/09\/19\/arcybiskup-w-ornacie-zdradzajacym-agende-illuminatow\/\" \/>\n\t\t<meta property=\"og:image\" content=\"https:\/\/wia.net.pl\/wp-content\/uploads\/2023\/11\/cropped-freedom-i73367.jpg\" \/>\n\t\t<meta property=\"og:image:secure_url\" content=\"https:\/\/wia.net.pl\/wp-content\/uploads\/2023\/11\/cropped-freedom-i73367.jpg\" \/>\n\t\t<meta property=\"article:published_time\" content=\"2023-09-19T12:30:01+00:00\" \/>\n\t\t<meta property=\"article:modified_time\" content=\"2023-09-19T12:30:01+00:00\" \/>\n\t\t<meta name=\"twitter:card\" content=\"summary_large_image\" \/>\n\t\t<meta name=\"twitter:title\" content=\"Arcybiskup w ornacie zdradzaj\u0105cym agend\u0119 Illuminat\u00f3w - Wolno\u015b\u0107 i Anarchia\" \/>\n\t\t<meta name=\"twitter:description\" content=\"Katolicki arcybiskup nosi preferowany przez iluminat\u00f3w ornat w panterk\u0119, przygotowuj\u0105c nas na afryka\u0144sk\u0105 inwazj\u0119 Artyku\u0142 autorstwa Leo Zagamiego W staro\u017cytnym Egipcie sk\u00f3ra lamparta zawsze mia\u0142a du\u017ce znaczenie jako symbol bosko\u015bci i autorytetu w staro\u017cytnych szko\u0142ach tajemnych Iluminat\u00f3w. Z tego powodu sk\u00f3ra lamparta zosta\u0142a przyj\u0119ta przez ich kap\u0142a\u0144stwo jako symbol duchowo\u015bci staro\u017cytnego Egiptu, poniewa\u017c w ich oczach\" \/>\n\t\t<meta name=\"twitter:image\" content=\"https:\/\/wia.net.pl\/wp-content\/uploads\/2023\/11\/cropped-freedom-i73367.jpg\" \/>\n\t\t<script type=\"application\/ld+json\" class=\"aioseo-schema\">\n\t\t\t{\"@context\":\"https:\\\/\\\/schema.org\",\"@graph\":[{\"@type\":\"BlogPosting\",\"@id\":\"https:\\\/\\\/wia.net.pl\\\/index.php\\\/2023\\\/09\\\/19\\\/arcybiskup-w-ornacie-zdradzajacym-agende-illuminatow\\\/#blogposting\",\"name\":\"Arcybiskup w ornacie zdradzaj\\u0105cym agend\\u0119 Illuminat\\u00f3w - Wolno\\u015b\\u0107 i Anarchia\",\"headline\":\"Arcybiskup w ornacie zdradzaj\\u0105cym agend\\u0119 Illuminat\\u00f3w\",\"author\":{\"@id\":\"https:\\\/\\\/wia.net.pl\\\/index.php\\\/author\\\/trinity\\\/#author\"},\"publisher\":{\"@id\":\"https:\\\/\\\/wia.net.pl\\\/#person\"},\"image\":{\"@type\":\"ImageObject\",\"url\":\"https:\\\/\\\/wia.net.pl\\\/wp-content\\\/uploads\\\/2023\\\/09\\\/Eye-of-providence-painting-HD-wallpaper-Wallpaper-Flare.jpg\",\"width\":2560,\"height\":1575,\"caption\":\"Eye-of-providence-painting-HD-wallpaper-Wallpaper-Flare.jpg\"},\"datePublished\":\"2023-09-19T14:30:01+02:00\",\"dateModified\":\"2023-09-19T14:30:01+02:00\",\"inLanguage\":\"pl-PL\",\"mainEntityOfPage\":{\"@id\":\"https:\\\/\\\/wia.net.pl\\\/index.php\\\/2023\\\/09\\\/19\\\/arcybiskup-w-ornacie-zdradzajacym-agende-illuminatow\\\/#webpage\"},\"isPartOf\":{\"@id\":\"https:\\\/\\\/wia.net.pl\\\/index.php\\\/2023\\\/09\\\/19\\\/arcybiskup-w-ornacie-zdradzajacym-agende-illuminatow\\\/#webpage\"},\"articleSection\":\"Artyku\\u0142y\"},{\"@type\":\"BreadcrumbList\",\"@id\":\"https:\\\/\\\/wia.net.pl\\\/index.php\\\/2023\\\/09\\\/19\\\/arcybiskup-w-ornacie-zdradzajacym-agende-illuminatow\\\/#breadcrumblist\",\"itemListElement\":[{\"@type\":\"ListItem\",\"@id\":\"https:\\\/\\\/wia.net.pl#listItem\",\"position\":1,\"name\":\"Home\",\"item\":\"https:\\\/\\\/wia.net.pl\",\"nextItem\":{\"@type\":\"ListItem\",\"@id\":\"https:\\\/\\\/wia.net.pl\\\/index.php\\\/category\\\/artykuly\\\/#listItem\",\"name\":\"Artyku\\u0142y\"}},{\"@type\":\"ListItem\",\"@id\":\"https:\\\/\\\/wia.net.pl\\\/index.php\\\/category\\\/artykuly\\\/#listItem\",\"position\":2,\"name\":\"Artyku\\u0142y\",\"item\":\"https:\\\/\\\/wia.net.pl\\\/index.php\\\/category\\\/artykuly\\\/\",\"nextItem\":{\"@type\":\"ListItem\",\"@id\":\"https:\\\/\\\/wia.net.pl\\\/index.php\\\/2023\\\/09\\\/19\\\/arcybiskup-w-ornacie-zdradzajacym-agende-illuminatow\\\/#listItem\",\"name\":\"Arcybiskup w ornacie zdradzaj\\u0105cym agend\\u0119 Illuminat\\u00f3w\"},\"previousItem\":{\"@type\":\"ListItem\",\"@id\":\"https:\\\/\\\/wia.net.pl#listItem\",\"name\":\"Home\"}},{\"@type\":\"ListItem\",\"@id\":\"https:\\\/\\\/wia.net.pl\\\/index.php\\\/2023\\\/09\\\/19\\\/arcybiskup-w-ornacie-zdradzajacym-agende-illuminatow\\\/#listItem\",\"position\":3,\"name\":\"Arcybiskup w ornacie zdradzaj\\u0105cym agend\\u0119 Illuminat\\u00f3w\",\"previousItem\":{\"@type\":\"ListItem\",\"@id\":\"https:\\\/\\\/wia.net.pl\\\/index.php\\\/category\\\/artykuly\\\/#listItem\",\"name\":\"Artyku\\u0142y\"}}]},{\"@type\":\"Person\",\"@id\":\"https:\\\/\\\/wia.net.pl\\\/#person\",\"name\":\"Bart\\u0142omiej Talarczyk\",\"image\":{\"@type\":\"ImageObject\",\"@id\":\"https:\\\/\\\/wia.net.pl\\\/index.php\\\/2023\\\/09\\\/19\\\/arcybiskup-w-ornacie-zdradzajacym-agende-illuminatow\\\/#personImage\",\"url\":\"https:\\\/\\\/wia.net.pl\\\/wp-content\\\/uploads\\\/avatar-privacy\\\/cache\\\/user\\\/1\\\/7\\\/176a6b161c58363ff49b5c167264231f519f5c7fa183ca1f61e891769b6b56d5-96.jpg\",\"width\":96,\"height\":96,\"caption\":\"Bart\\u0142omiej Talarczyk\"}},{\"@type\":\"Person\",\"@id\":\"https:\\\/\\\/wia.net.pl\\\/index.php\\\/author\\\/trinity\\\/#author\",\"url\":\"https:\\\/\\\/wia.net.pl\\\/index.php\\\/author\\\/trinity\\\/\",\"name\":\"trinity\",\"image\":{\"@type\":\"ImageObject\",\"@id\":\"https:\\\/\\\/wia.net.pl\\\/index.php\\\/2023\\\/09\\\/19\\\/arcybiskup-w-ornacie-zdradzajacym-agende-illuminatow\\\/#authorImage\",\"url\":\"https:\\\/\\\/wia.net.pl\\\/wp-content\\\/uploads\\\/avatar-privacy\\\/cache\\\/user\\\/5\\\/f\\\/5f6547cf82495eaa10e100a6a45d5dbde2dfdc1be88557de2018fca705bdf6f1-96.jpg\",\"width\":96,\"height\":96,\"caption\":\"trinity\"}},{\"@type\":\"WebPage\",\"@id\":\"https:\\\/\\\/wia.net.pl\\\/index.php\\\/2023\\\/09\\\/19\\\/arcybiskup-w-ornacie-zdradzajacym-agende-illuminatow\\\/#webpage\",\"url\":\"https:\\\/\\\/wia.net.pl\\\/index.php\\\/2023\\\/09\\\/19\\\/arcybiskup-w-ornacie-zdradzajacym-agende-illuminatow\\\/\",\"name\":\"Arcybiskup w ornacie zdradzaj\\u0105cym agend\\u0119 Illuminat\\u00f3w - Wolno\\u015b\\u0107 i Anarchia\",\"description\":\"Katolicki arcybiskup nosi preferowany przez iluminat\\u00f3w ornat w panterk\\u0119, przygotowuj\\u0105c nas na afryka\\u0144sk\\u0105 inwazj\\u0119 Artyku\\u0142 autorstwa Leo Zagamiego W staro\\u017cytnym Egipcie sk\\u00f3ra lamparta zawsze mia\\u0142a du\\u017ce znaczenie jako symbol bosko\\u015bci i autorytetu w staro\\u017cytnych szko\\u0142ach tajemnych Iluminat\\u00f3w. Z tego powodu sk\\u00f3ra lamparta zosta\\u0142a przyj\\u0119ta przez ich kap\\u0142a\\u0144stwo jako symbol duchowo\\u015bci staro\\u017cytnego Egiptu, poniewa\\u017c w ich oczach\",\"inLanguage\":\"pl-PL\",\"isPartOf\":{\"@id\":\"https:\\\/\\\/wia.net.pl\\\/#website\"},\"breadcrumb\":{\"@id\":\"https:\\\/\\\/wia.net.pl\\\/index.php\\\/2023\\\/09\\\/19\\\/arcybiskup-w-ornacie-zdradzajacym-agende-illuminatow\\\/#breadcrumblist\"},\"author\":{\"@id\":\"https:\\\/\\\/wia.net.pl\\\/index.php\\\/author\\\/trinity\\\/#author\"},\"creator\":{\"@id\":\"https:\\\/\\\/wia.net.pl\\\/index.php\\\/author\\\/trinity\\\/#author\"},\"image\":{\"@type\":\"ImageObject\",\"url\":\"https:\\\/\\\/wia.net.pl\\\/wp-content\\\/uploads\\\/2023\\\/09\\\/Eye-of-providence-painting-HD-wallpaper-Wallpaper-Flare.jpg\",\"@id\":\"https:\\\/\\\/wia.net.pl\\\/index.php\\\/2023\\\/09\\\/19\\\/arcybiskup-w-ornacie-zdradzajacym-agende-illuminatow\\\/#mainImage\",\"width\":2560,\"height\":1575,\"caption\":\"Eye-of-providence-painting-HD-wallpaper-Wallpaper-Flare.jpg\"},\"primaryImageOfPage\":{\"@id\":\"https:\\\/\\\/wia.net.pl\\\/index.php\\\/2023\\\/09\\\/19\\\/arcybiskup-w-ornacie-zdradzajacym-agende-illuminatow\\\/#mainImage\"},\"datePublished\":\"2023-09-19T14:30:01+02:00\",\"dateModified\":\"2023-09-19T14:30:01+02:00\"},{\"@type\":\"WebSite\",\"@id\":\"https:\\\/\\\/wia.net.pl\\\/#website\",\"url\":\"https:\\\/\\\/wia.net.pl\\\/\",\"name\":\"Wolno\\u015b\\u0107 i Anarchia\",\"description\":\"Ka\\u017cdy wewn\\u0119trznie jest anarchist\\u0105.\",\"inLanguage\":\"pl-PL\",\"publisher\":{\"@id\":\"https:\\\/\\\/wia.net.pl\\\/#person\"}}]}\n\t\t<\/script>\n\t\t<!-- All in One SEO -->\n\n","aioseo_head_json":{"title":"Arcybiskup w ornacie zdradzaj\u0105cym agend\u0119 Illuminat\u00f3w - Wolno\u015b\u0107 i Anarchia","description":"Katolicki arcybiskup nosi preferowany przez iluminat\u00f3w ornat w panterk\u0119, przygotowuj\u0105c nas na afryka\u0144sk\u0105 inwazj\u0119 Artyku\u0142 autorstwa Leo Zagamiego W staro\u017cytnym Egipcie sk\u00f3ra lamparta zawsze mia\u0142a du\u017ce znaczenie jako symbol bosko\u015bci i autorytetu w staro\u017cytnych szko\u0142ach tajemnych Iluminat\u00f3w. Z tego powodu sk\u00f3ra lamparta zosta\u0142a przyj\u0119ta przez ich kap\u0142a\u0144stwo jako symbol duchowo\u015bci staro\u017cytnego Egiptu, poniewa\u017c w ich oczach","canonical_url":"https:\/\/wia.net.pl\/index.php\/2023\/09\/19\/arcybiskup-w-ornacie-zdradzajacym-agende-illuminatow\/","robots":"max-image-preview:large","keywords":"","webmasterTools":{"miscellaneous":""},"schema":{"@context":"https:\/\/schema.org","@graph":[{"@type":"BlogPosting","@id":"https:\/\/wia.net.pl\/index.php\/2023\/09\/19\/arcybiskup-w-ornacie-zdradzajacym-agende-illuminatow\/#blogposting","name":"Arcybiskup w ornacie zdradzaj\u0105cym agend\u0119 Illuminat\u00f3w - Wolno\u015b\u0107 i Anarchia","headline":"Arcybiskup w ornacie zdradzaj\u0105cym agend\u0119 Illuminat\u00f3w","author":{"@id":"https:\/\/wia.net.pl\/index.php\/author\/trinity\/#author"},"publisher":{"@id":"https:\/\/wia.net.pl\/#person"},"image":{"@type":"ImageObject","url":"https:\/\/wia.net.pl\/wp-content\/uploads\/2023\/09\/Eye-of-providence-painting-HD-wallpaper-Wallpaper-Flare.jpg","width":2560,"height":1575,"caption":"Eye-of-providence-painting-HD-wallpaper-Wallpaper-Flare.jpg"},"datePublished":"2023-09-19T14:30:01+02:00","dateModified":"2023-09-19T14:30:01+02:00","inLanguage":"pl-PL","mainEntityOfPage":{"@id":"https:\/\/wia.net.pl\/index.php\/2023\/09\/19\/arcybiskup-w-ornacie-zdradzajacym-agende-illuminatow\/#webpage"},"isPartOf":{"@id":"https:\/\/wia.net.pl\/index.php\/2023\/09\/19\/arcybiskup-w-ornacie-zdradzajacym-agende-illuminatow\/#webpage"},"articleSection":"Artyku\u0142y"},{"@type":"BreadcrumbList","@id":"https:\/\/wia.net.pl\/index.php\/2023\/09\/19\/arcybiskup-w-ornacie-zdradzajacym-agende-illuminatow\/#breadcrumblist","itemListElement":[{"@type":"ListItem","@id":"https:\/\/wia.net.pl#listItem","position":1,"name":"Home","item":"https:\/\/wia.net.pl","nextItem":{"@type":"ListItem","@id":"https:\/\/wia.net.pl\/index.php\/category\/artykuly\/#listItem","name":"Artyku\u0142y"}},{"@type":"ListItem","@id":"https:\/\/wia.net.pl\/index.php\/category\/artykuly\/#listItem","position":2,"name":"Artyku\u0142y","item":"https:\/\/wia.net.pl\/index.php\/category\/artykuly\/","nextItem":{"@type":"ListItem","@id":"https:\/\/wia.net.pl\/index.php\/2023\/09\/19\/arcybiskup-w-ornacie-zdradzajacym-agende-illuminatow\/#listItem","name":"Arcybiskup w ornacie zdradzaj\u0105cym agend\u0119 Illuminat\u00f3w"},"previousItem":{"@type":"ListItem","@id":"https:\/\/wia.net.pl#listItem","name":"Home"}},{"@type":"ListItem","@id":"https:\/\/wia.net.pl\/index.php\/2023\/09\/19\/arcybiskup-w-ornacie-zdradzajacym-agende-illuminatow\/#listItem","position":3,"name":"Arcybiskup w ornacie zdradzaj\u0105cym agend\u0119 Illuminat\u00f3w","previousItem":{"@type":"ListItem","@id":"https:\/\/wia.net.pl\/index.php\/category\/artykuly\/#listItem","name":"Artyku\u0142y"}}]},{"@type":"Person","@id":"https:\/\/wia.net.pl\/#person","name":"Bart\u0142omiej Talarczyk","image":{"@type":"ImageObject","@id":"https:\/\/wia.net.pl\/index.php\/2023\/09\/19\/arcybiskup-w-ornacie-zdradzajacym-agende-illuminatow\/#personImage","url":"https:\/\/wia.net.pl\/wp-content\/uploads\/avatar-privacy\/cache\/user\/1\/7\/176a6b161c58363ff49b5c167264231f519f5c7fa183ca1f61e891769b6b56d5-96.jpg","width":96,"height":96,"caption":"Bart\u0142omiej Talarczyk"}},{"@type":"Person","@id":"https:\/\/wia.net.pl\/index.php\/author\/trinity\/#author","url":"https:\/\/wia.net.pl\/index.php\/author\/trinity\/","name":"trinity","image":{"@type":"ImageObject","@id":"https:\/\/wia.net.pl\/index.php\/2023\/09\/19\/arcybiskup-w-ornacie-zdradzajacym-agende-illuminatow\/#authorImage","url":"https:\/\/wia.net.pl\/wp-content\/uploads\/avatar-privacy\/cache\/user\/5\/f\/5f6547cf82495eaa10e100a6a45d5dbde2dfdc1be88557de2018fca705bdf6f1-96.jpg","width":96,"height":96,"caption":"trinity"}},{"@type":"WebPage","@id":"https:\/\/wia.net.pl\/index.php\/2023\/09\/19\/arcybiskup-w-ornacie-zdradzajacym-agende-illuminatow\/#webpage","url":"https:\/\/wia.net.pl\/index.php\/2023\/09\/19\/arcybiskup-w-ornacie-zdradzajacym-agende-illuminatow\/","name":"Arcybiskup w ornacie zdradzaj\u0105cym agend\u0119 Illuminat\u00f3w - Wolno\u015b\u0107 i Anarchia","description":"Katolicki arcybiskup nosi preferowany przez iluminat\u00f3w ornat w panterk\u0119, przygotowuj\u0105c nas na afryka\u0144sk\u0105 inwazj\u0119 Artyku\u0142 autorstwa Leo Zagamiego W staro\u017cytnym Egipcie sk\u00f3ra lamparta zawsze mia\u0142a du\u017ce znaczenie jako symbol bosko\u015bci i autorytetu w staro\u017cytnych szko\u0142ach tajemnych Iluminat\u00f3w. Z tego powodu sk\u00f3ra lamparta zosta\u0142a przyj\u0119ta przez ich kap\u0142a\u0144stwo jako symbol duchowo\u015bci staro\u017cytnego Egiptu, poniewa\u017c w ich oczach","inLanguage":"pl-PL","isPartOf":{"@id":"https:\/\/wia.net.pl\/#website"},"breadcrumb":{"@id":"https:\/\/wia.net.pl\/index.php\/2023\/09\/19\/arcybiskup-w-ornacie-zdradzajacym-agende-illuminatow\/#breadcrumblist"},"author":{"@id":"https:\/\/wia.net.pl\/index.php\/author\/trinity\/#author"},"creator":{"@id":"https:\/\/wia.net.pl\/index.php\/author\/trinity\/#author"},"image":{"@type":"ImageObject","url":"https:\/\/wia.net.pl\/wp-content\/uploads\/2023\/09\/Eye-of-providence-painting-HD-wallpaper-Wallpaper-Flare.jpg","@id":"https:\/\/wia.net.pl\/index.php\/2023\/09\/19\/arcybiskup-w-ornacie-zdradzajacym-agende-illuminatow\/#mainImage","width":2560,"height":1575,"caption":"Eye-of-providence-painting-HD-wallpaper-Wallpaper-Flare.jpg"},"primaryImageOfPage":{"@id":"https:\/\/wia.net.pl\/index.php\/2023\/09\/19\/arcybiskup-w-ornacie-zdradzajacym-agende-illuminatow\/#mainImage"},"datePublished":"2023-09-19T14:30:01+02:00","dateModified":"2023-09-19T14:30:01+02:00"},{"@type":"WebSite","@id":"https:\/\/wia.net.pl\/#website","url":"https:\/\/wia.net.pl\/","name":"Wolno\u015b\u0107 i Anarchia","description":"Ka\u017cdy wewn\u0119trznie jest anarchist\u0105.","inLanguage":"pl-PL","publisher":{"@id":"https:\/\/wia.net.pl\/#person"}}]},"og:locale":"pl_PL","og:site_name":"Wolno\u015b\u0107 i Anarchia - Ka\u017cdy wewn\u0119trznie jest anarchist\u0105.","og:type":"article","og:title":"Arcybiskup w ornacie zdradzaj\u0105cym agend\u0119 Illuminat\u00f3w - Wolno\u015b\u0107 i Anarchia","og:description":"Katolicki arcybiskup nosi preferowany przez iluminat\u00f3w ornat w panterk\u0119, przygotowuj\u0105c nas na afryka\u0144sk\u0105 inwazj\u0119 Artyku\u0142 autorstwa Leo Zagamiego W staro\u017cytnym Egipcie sk\u00f3ra lamparta zawsze mia\u0142a du\u017ce znaczenie jako symbol bosko\u015bci i autorytetu w staro\u017cytnych szko\u0142ach tajemnych Iluminat\u00f3w. Z tego powodu sk\u00f3ra lamparta zosta\u0142a przyj\u0119ta przez ich kap\u0142a\u0144stwo jako symbol duchowo\u015bci staro\u017cytnego Egiptu, poniewa\u017c w ich oczach","og:url":"https:\/\/wia.net.pl\/index.php\/2023\/09\/19\/arcybiskup-w-ornacie-zdradzajacym-agende-illuminatow\/","og:image":"https:\/\/wia.net.pl\/wp-content\/uploads\/2023\/11\/cropped-freedom-i73367.jpg","og:image:secure_url":"https:\/\/wia.net.pl\/wp-content\/uploads\/2023\/11\/cropped-freedom-i73367.jpg","article:published_time":"2023-09-19T12:30:01+00:00","article:modified_time":"2023-09-19T12:30:01+00:00","twitter:card":"summary_large_image","twitter:title":"Arcybiskup w ornacie zdradzaj\u0105cym agend\u0119 Illuminat\u00f3w - Wolno\u015b\u0107 i Anarchia","twitter:description":"Katolicki arcybiskup nosi preferowany przez iluminat\u00f3w ornat w panterk\u0119, przygotowuj\u0105c nas na afryka\u0144sk\u0105 inwazj\u0119 Artyku\u0142 autorstwa Leo Zagamiego W staro\u017cytnym Egipcie sk\u00f3ra lamparta zawsze mia\u0142a du\u017ce znaczenie jako symbol bosko\u015bci i autorytetu w staro\u017cytnych szko\u0142ach tajemnych Iluminat\u00f3w. Z tego powodu sk\u00f3ra lamparta zosta\u0142a przyj\u0119ta przez ich kap\u0142a\u0144stwo jako symbol duchowo\u015bci staro\u017cytnego Egiptu, poniewa\u017c w ich oczach","twitter:image":"https:\/\/wia.net.pl\/wp-content\/uploads\/2023\/11\/cropped-freedom-i73367.jpg"},"aioseo_meta_data":{"post_id":"4597","title":null,"description":null,"keywords":null,"keyphrases":null,"primary_term":null,"canonical_url":null,"og_title":null,"og_description":null,"og_object_type":"default","og_image_type":"default","og_image_url":null,"og_image_width":null,"og_image_height":null,"og_image_custom_url":null,"og_image_custom_fields":null,"og_video":null,"og_custom_url":null,"og_article_section":null,"og_article_tags":null,"twitter_use_og":false,"twitter_card":"default","twitter_image_type":"default","twitter_image_url":null,"twitter_image_custom_url":null,"twitter_image_custom_fields":null,"twitter_title":null,"twitter_description":null,"schema":{"blockGraphs":[],"customGraphs":[],"default":{"data":{"Article":[],"Course":[],"Dataset":[],"FAQPage":[],"Movie":[],"Person":[],"Product":[],"ProductReview":[],"Car":[],"Recipe":[],"Service":[],"SoftwareApplication":[],"WebPage":[]},"graphName":"","isEnabled":true},"graphs":[]},"schema_type":"default","schema_type_options":null,"pillar_content":false,"robots_default":true,"robots_noindex":false,"robots_noarchive":false,"robots_nosnippet":false,"robots_nofollow":false,"robots_noimageindex":false,"robots_noodp":false,"robots_notranslate":false,"robots_max_snippet":null,"robots_max_videopreview":null,"robots_max_imagepreview":"large","priority":null,"frequency":null,"local_seo":null,"breadcrumb_settings":null,"limit_modified_date":false,"ai":null,"created":"2023-09-19 12:41:27","updated":"2025-06-04 09:20:21","seo_analyzer_scan_date":null,"focus_keyword":null,"additional_keywords":null,"truseo_locale":null},"aioseo_breadcrumb":"<div class=\"aioseo-breadcrumbs\"><span class=\"aioseo-breadcrumb\">\n\t\t\t<a href=\"https:\/\/wia.net.pl\" title=\"Home\">Home<\/a>\n\t\t<\/span><span class=\"aioseo-breadcrumb-separator\">&raquo;<\/span><span class=\"aioseo-breadcrumb\">\n\t\t\t<a href=\"https:\/\/wia.net.pl\/index.php\/category\/artykuly\/\" title=\"Artyku\u0142y\">Artyku\u0142y<\/a>\n\t\t<\/span><span class=\"aioseo-breadcrumb-separator\">&raquo;<\/span><span class=\"aioseo-breadcrumb\">\n\t\t\tArcybiskup w ornacie zdradzaj\u0105cym agend\u0119 Illuminat\u00f3w\n\t\t<\/span><\/div>","aioseo_breadcrumb_json":[{"label":"Home","link":"https:\/\/wia.net.pl"},{"label":"Artyku\u0142y","link":"https:\/\/wia.net.pl\/index.php\/category\/artykuly\/"},{"label":"Arcybiskup w ornacie zdradzaj\u0105cym agend\u0119 Illuminat\u00f3w","link":"https:\/\/wia.net.pl\/index.php\/2023\/09\/19\/arcybiskup-w-ornacie-zdradzajacym-agende-illuminatow\/"}],"_links":{"self":[{"href":"https:\/\/wia.net.pl\/index.php\/wp-json\/wp\/v2\/posts\/4597"}],"collection":[{"href":"https:\/\/wia.net.pl\/index.php\/wp-json\/wp\/v2\/posts"}],"about":[{"href":"https:\/\/wia.net.pl\/index.php\/wp-json\/wp\/v2\/types\/post"}],"author":[{"embeddable":true,"href":"https:\/\/wia.net.pl\/index.php\/wp-json\/wp\/v2\/users\/2"}],"replies":[{"embeddable":true,"href":"https:\/\/wia.net.pl\/index.php\/wp-json\/wp\/v2\/comments?post=4597"}],"version-history":[{"count":1,"href":"https:\/\/wia.net.pl\/index.php\/wp-json\/wp\/v2\/posts\/4597\/revisions"}],"predecessor-version":[{"id":4603,"href":"https:\/\/wia.net.pl\/index.php\/wp-json\/wp\/v2\/posts\/4597\/revisions\/4603"}],"wp:featuredmedia":[{"embeddable":true,"href":"https:\/\/wia.net.pl\/index.php\/wp-json\/wp\/v2\/media\/4602"}],"wp:attachment":[{"href":"https:\/\/wia.net.pl\/index.php\/wp-json\/wp\/v2\/media?parent=4597"}],"wp:term":[{"taxonomy":"category","embeddable":true,"href":"https:\/\/wia.net.pl\/index.php\/wp-json\/wp\/v2\/categories?post=4597"},{"taxonomy":"post_tag","embeddable":true,"href":"https:\/\/wia.net.pl\/index.php\/wp-json\/wp\/v2\/tags?post=4597"}],"curies":[{"name":"wp","href":"https:\/\/api.w.org\/{rel}","templated":true}]}}