{"id":4604,"date":"2023-09-19T14:43:29","date_gmt":"2023-09-19T12:43:29","guid":{"rendered":"https:\/\/wia.net.pl\/?p=4604"},"modified":"2023-09-19T14:43:29","modified_gmt":"2023-09-19T12:43:29","slug":"ukrainska-rzeczywistosc-wojenna-poboru-i-smierci","status":"publish","type":"post","link":"https:\/\/wia.net.pl\/index.php\/2023\/09\/19\/ukrainska-rzeczywistosc-wojenna-poboru-i-smierci\/","title":{"rendered":"Ukrai\u0144ska rzeczywisto\u015b\u0107 wojenna poboru i \u015bmierci"},"content":{"rendered":"\n<p>Autor, Helena Glass<br><a href=\"https:\/\/helenaglass.net\/\">Helena-The Nationalist Voice<\/a><\/p>\n\n\n\n<figure class=\"wp-block-image size-full is-resized\"><img loading=\"lazy\" decoding=\"async\" src=\"https:\/\/wia.net.pl\/wp-content\/uploads\/2023\/09\/3481dae4c59751141932e93849662796-photo-series-overlays.jpg\" alt=\"\" class=\"wp-image-4606\" width=\"840\" height=\"1020\" srcset=\"https:\/\/wia.net.pl\/wp-content\/uploads\/2023\/09\/3481dae4c59751141932e93849662796-photo-series-overlays.jpg 736w, https:\/\/wia.net.pl\/wp-content\/uploads\/2023\/09\/3481dae4c59751141932e93849662796-photo-series-overlays-247x300.jpg 247w\" sizes=\"(max-width: 840px) 100vw, 840px\" \/><\/figure>\n\n\n\n<p>Jeste\u015b w sz\u00f3stym miesi\u0105cu ci\u0105\u017cy.&nbsp;Kij\u00f3w wyposa\u017ca ci\u0119 w wy\u015bcie\u0142any vst, kt\u00f3ry \u201echroni ci\u0119, gdy zostaniesz ostrzelany\u201d.&nbsp;Zelenskky wymaga, aby\u015bcie zamodelowali t\u0119 innowacj\u0119 jako swego rodzaju chwyt PR dla medi\u00f3w, aby pozosta\u0142e tysi\u0105ce kobiet w ci\u0105\u017cy wzywanych do samob\u00f3jczych bitew w Kijowie na \u015bmier\u0107\u2026 by\u0142y chronione przez troch\u0119 bawe\u0142ny.&nbsp;Wiesz, \u017ce to k\u0142amstwo.&nbsp;Wiesz, \u017ce ty i twoje dziecko umrzecie.&nbsp;Ale musicie tam sta\u0107 ze stoickim spokojem, podczas gdy wasz \u201eprezydent\u201d Ze\u0142enski tak rozka\u017ce.<\/p>\n\n\n\n<p><em>Ale b\u00f3l na twojej twarzy jest widoczny.&nbsp;Po\u015bwi\u0119cenie nie tylko ciebie, ale tak\u017ce twojego \u0142ona i twojego dziecka.<\/em><\/p>\n\n\n\n<p>Masz siedemdziesi\u0105t lat, podkr\u0105\u017cone oczy, problemy ze s\u0142uchem i kolana ci\u0119 bol\u0105 \u2013 ale Ze\u0142enski wzywa ci\u0119 do walki.&nbsp;Wr\u0119cza ci bro\u0144, gar\u015b\u0107 amunicji i ubiera ci\u0119 w kamufla\u017c.&nbsp;Mo\u017ce uda ci si\u0119 zdoby\u0107 tygodniowy trening.&nbsp;Mo\u017ce nie.<\/p>\n\n\n\n<p><em>Twoja siwa twarz opowiada histori\u0119 \u2013 wiesz, \u017ce umrzesz.&nbsp;Wi\u0119c modlisz si\u0119 cicho.&nbsp;Maj\u0105c nadziej\u0119 ponad wszelk\u0105 nadziej\u0119, \u017ce cud zatrzyma szale\u0144stwo.<\/em><\/p>\n\n\n\n<p>Najemnicy nawet nie patrz\u0105 im w oczy.&nbsp;Emocje s\u0105 jak \u015bmier\u0107.&nbsp;Stare zostan\u0105 po\u015bwi\u0119cone w pierwszej kolejno\u015bci.&nbsp;Ale kobieta w ci\u0105\u017cy mo\u017ce by\u0107 ci\u0119\u017carem.&nbsp;Aby obcy wojownicy wiedzieli, \u017ce ona tak\u017ce \u2013 stanie si\u0119 barankiem ofiarnym.&nbsp;Jedyne, o co mog\u0105 prosi\u0107, to aby ta \u015bmier\u0107 by\u0142a szybka i aby B\u00f3g w jaki\u015b spos\u00f3b im przebaczy\u0142 pomimo lub z powodu \u2013 okoliczno\u015bci.<\/p>\n\n\n\n<p>Wielu najemnik\u00f3w zgin\u0119\u0142o, a obiecane nagrody nigdy nie zosta\u0142y wyp\u0142acone kobietom i dzieciom, kt\u00f3re zostawili w domu.&nbsp;I narasta z\u0142o\u015b\u0107.&nbsp;W\u015bciek\u0142o\u015b\u0107.&nbsp;Ok\u0142amywano ich. Wierzyli w iluzj\u0119.&nbsp;A teraz ten z dziesi\u0119ciu, kt\u00f3ry prze\u017cyje, wie, \u017ce musi wr\u00f3ci\u0107 do domu, do tego, co wa\u017cne.&nbsp;Bez wynagrodzenia, kt\u00f3re dawa\u0142o im cel.<\/p>\n\n\n\n<p><em>Wojna pod wojn\u0105.&nbsp;Ranny.&nbsp;Ci, kt\u00f3rzy stracili ko\u0144czyny.&nbsp;Ci, kt\u00f3rzy nie mog\u0105 sprawi\u0107, \u017ce obrazy stan\u0105 si\u0119 bia\u0142e.<\/em><\/p>\n\n\n\n<p>Jednak jakim\u015b cudem po\u015br\u00f3d bomb, wojen i strajk\u00f3w Ze\u0142enski mo\u017ce bez przeszk\u00f3d przedosta\u0107 si\u0119 do swojej willi we W\u0142oszech, swojego domu w Pary\u017cu i swojego mieszkania w Londynie.&nbsp;Leci prywatnymi odrzutowcami do Nowego Jorku, do Arabii Saudyjskiej, do Afryki, gro\u017c\u0105c konsekwencjami, je\u015bli nie dostanie wi\u0119cej pieni\u0119dzy \u2013 bo PIENI\u0104DZE oznaczaj\u0105, \u017ce mo\u017ce kupi\u0107 kolejn\u0105 will\u0119 nad jeziorem Cuomo.&nbsp;Gdzie jego \u017cona i dzieci b\u0119d\u0105 bezpieczne.<\/p>\n\n\n\n<p>Dzi\u015b Ze\u0142enski grozi UE.&nbsp;Nale\u017cy zezwoli\u0107 na \u201etransporty zbo\u017ca\u201d.&nbsp;Dlaczego?&nbsp;UE nie potrzebuje ukrai\u0144skiego zbo\u017ca \u2013 do 15 wrze\u015bnia&nbsp;<sup>zakazano<\/sup>&nbsp;jego transportu do Polski i na W\u0119gry.&nbsp;Bo przecie\u017c nie przewozi zbo\u017ca i kukurydzy \u2013 przewozi skradzione dzieci, skradzione kobiety i narkotyki.&nbsp;Wszystkie dostarczaj\u0105 ponad 45% PKB Ukrainy.&nbsp;Podobnie jak kategoria \u201eInne\u201d w sprawozdaniu finansowym organizacji pozarz\u0105dowej.<\/p>\n\n\n\n<p>Nagle \u017cyczenia Ze\u0142enskiego sta\u0142y si\u0119 \u017c\u0105daniami.&nbsp;Ursula von der Leyen k\u0142ania si\u0119 i drapie Ze\u0142enskiego, boga z\u0142a.&nbsp;M\u00f3wi UE, co zrobi\u0105 \u2013 ile mu dadz\u0105 i kiedy.&nbsp;NAATO o\u015bwiadczy\u0142o, \u017ce wojna na Ukrainie zamieni si\u0119 w wojn\u0119 wieczn\u0105, tak\u0105 jak wojna w Afganistanie, wysysaj\u0105ca z gospodarek ka\u017cdy grosz.&nbsp;3,5 miliona \u017co\u0142nierzy jest w gotowo\u015bci za po\u015brednictwem NATO.&nbsp;Najwi\u0119kszym \u017ar\u00f3d\u0142em by\u0142oby to, \u017ce Stany Zjednoczone przekroczy\u0142y 1,3 miliona, czyli 1\/3 ca\u0142ej brygady NATO.&nbsp;Turcja jest druga z 461 000, pozosta\u0142e 13 kraj\u00f3w NATO z oddzia\u0142ami stanowi r\u00f3\u017cnic\u0119.&nbsp;To, czy s\u0105 gotowi do walki, jest niezidentyfikowanym zapytaniem.&nbsp;To, czy Turcja b\u0119dzie walczy\u0107 z Rosj\u0105 \u2013 jest wysoce nieprawdopodobne.<\/p>\n\n\n\n<p>Jednak\u017ce og\u0142oszenie NATO mia\u0142o po prostu wywo\u0142a\u0107 strach.&nbsp;Uzyskanie wsparcia The People w kt\u00f3rymkolwiek z tych kraj\u00f3w jest w\u0105tpliwe, bior\u0105c pod uwag\u0119 stopie\u0144, w jakim media spo\u0142eczno\u015bciowe odgrywaj\u0105 rol\u0119 w sercach i umys\u0142ach.&nbsp;W najlepszym przypadku Wojskowy Kompleks Przemys\u0142owy musia\u0142by stworzy\u0107 \u201eg\u0142\u0119bok\u0105 fa\u0142szywk\u0119\u201d, co\u015b, co zjednoczy\u0142oby Nar\u00f3d \u2013 jak Bli\u017aniacze Wie\u017ce.<\/p>\n\n\n\n<p>Bli\u017aniacze Wie\u017ce, kt\u00f3re mogli fa\u0142szywie ustali\u0107 za pomoc\u0105 aparatu inteligencji skorumpowanej CIA.&nbsp;Wykorzystanie AI wideo i audio w Photoshopie jako uzasadnienie.&nbsp;Co\u015b o wiele bardziej fascynuj\u0105cego ni\u017c przereklamowane zielone ekrany z Syrii.<\/p>\n\n\n\n<p><strong>Hipokryzja jest powszechna.:<\/strong><\/p>\n\n\n\n<ul class=\"wp-block-list\">\n<li>Niemcy pozywaj\u0105 prawicowego polityka AfD, Bjorna Hocke, do s\u0105du za u\u017cycie nazistowskiego sformu\u0142owania dwa lata temu.&nbsp;Has\u0142o brzmia\u0142o:&nbsp;&nbsp;<em>\u201eWszystko dla Niemiec\u201d<\/em>&nbsp;.&nbsp;Za powiedzenie tego Hocke sp\u0119dzi czas w wi\u0119zieniu i zostanie ukarany wysok\u0105 grzywn\u0105.&nbsp;Jednak te same Niemcy wysy\u0142aj\u0105 pieni\u0105dze i bro\u0144 ukrai\u0144skiemu nazistowskiemu batalionowi Azow.<\/li>\n\n\n\n<li>Armia ameryka\u0144ska z\u0142agodzi\u0142a wymagania dotycz\u0105ce masy i przenikliwo\u015bci strategicznej swoich \u017co\u0142nierzy, a mimo to wygina bezw\u0142adn\u0105 pi\u0119\u015b\u0107 wobec Moskwy.<\/li>\n\n\n\n<li>Armia brytyjska twierdzi, \u017ce jest najwa\u017cniejsz\u0105 czynn\u0105 si\u0142\u0105 w Europie, licz\u0105c\u0105 77 000 \u201eaktywnego personelu\u201d, w tym sekretarzy, kierowc\u00f3w, ksi\u0119gowych i pracownik\u00f3w biurowych.&nbsp;Na pocz\u0105tku wojny Ukraina twierdzi\u0142a, \u017ce \u200b\u200bma 700 000 czynnego personelu, czyli 10 razy wi\u0119cej ni\u017c Wielka Brytania.&nbsp;Bud\u017cet wyni\u00f3s\u0142 30,5 miliarda dolar\u00f3w od Ukrainy i 145 miliard\u00f3w dolar\u00f3w od pa\u0144stw NATO.<\/li>\n<\/ul>\n\n\n\n<p>W 2014 roku armia Ukrainy przedstawia\u0142a si\u0119 znacz\u0105co inaczej: 159 000 \u017co\u0142nierzy, z czego 466 zosta\u0142o rozmieszczonych.&nbsp;Bud\u017cet 1 miliarda dolar\u00f3w.&nbsp;Cieszyli si\u0119 minimalnym udzia\u0142em w natowskim programie wojskowym&nbsp;&nbsp;<em><strong>\u201ePartnerstwo dla pokoju\u201d.&nbsp;&nbsp;<\/strong><\/em>&nbsp;Utworzony w 1993 r.&nbsp;&nbsp;<em>program<\/em>&nbsp;&nbsp;nawo\u0142ywa\u0142 do neutralno\u015bci militarnej.&nbsp;<strong>Rzeczywisto\u015b\u0107:&nbsp;&nbsp;<em>Program<\/em><\/strong><em>&nbsp;jest bezpo\u015brednio odpowiedzialny za ka\u017cdy najazd, ka\u017cd\u0105 wojn\u0119 na Bliskim Wschodzie, w Afryce, Ameryce Po\u0142udniowej, Ameryce \u0141aci\u0144skiej, a teraz w Rosji.&nbsp;&nbsp;<\/em><\/p>\n\n\n\n<p><strong>Ka\u017cdy z tych pod\u017ceganych \u201eprogram\u00f3w\u201d spowodowa\u0142 \u015bmier\u0107 wielu milion\u00f3w ludzi, zniszczenie kraj\u00f3w, g\u0142\u00f3d, bied\u0119 i okaleczenie wielu kolejnych milion\u00f3w.&nbsp;Rhino, Tom Cotton, teraz g\u0142o\u015bno domaga si\u0119 globalnego ludob\u00f3jstwa i wzywa do wi\u0119kszej wojny!<\/strong><\/p>\n\n\n\n<p><em>Przedrukowano za zgod\u0105\u00a0<a href=\"https:\/\/helenaglass.net\/\">Helena-The Nationalist Voice<\/a>\u00a0.<\/em><\/p>\n\n\n\n<p>Prawa autorskie \u00a9 Helena Glass<\/p>\n\n\n\n<p>\u0179r\u00f3d\u0142o <em><a href=\"https:\/\/helenaglass.net\/\">Helena-The Nationalist Voice<\/a>\u00a0<\/em><\/p>\n","protected":false},"excerpt":{"rendered":"<p>Autor, Helena GlassHelena-The Nationalist Voice Jeste\u015b w sz\u00f3stym miesi\u0105cu ci\u0105\u017cy.&nbsp;Kij\u00f3w wyposa\u017ca ci\u0119 w wy\u015bcie\u0142any vst, kt\u00f3ry \u201echroni ci\u0119, gdy zostaniesz ostrzelany\u201d.&nbsp;Zelenskky wymaga, aby\u015bcie zamodelowali t\u0119 innowacj\u0119 jako swego rodzaju chwyt PR dla medi\u00f3w, aby pozosta\u0142e tysi\u0105ce kobiet w ci\u0105\u017cy wzywanych&#8230; <\/p>\n","protected":false},"author":2,"featured_media":4606,"comment_status":"open","ping_status":"open","sticky":false,"template":"","format":"standard","meta":{"_acf_changed":false,"_bbp_topic_count":0,"_bbp_reply_count":0,"_bbp_total_topic_count":0,"_bbp_total_reply_count":0,"_bbp_voice_count":0,"_bbp_anonymous_reply_count":0,"_bbp_topic_count_hidden":0,"_bbp_reply_count_hidden":0,"_bbp_forum_subforum_count":0,"om_disable_all_campaigns":false,"_monsterinsights_skip_tracking":false,"footnotes":""},"categories":[93],"tags":[],"class_list":["post-4604","post","type-post","status-publish","format-standard","has-post-thumbnail","hentry","category-artykuly"],"acf":[],"aioseo_notices":[],"aioseo_head":"\n\t\t<!-- All in One SEO 5.0.1.1 - aioseo.com -->\n\t<meta name=\"description\" content=\"Autor, Helena GlassHelena-The Nationalist Voice Jeste\u015b w sz\u00f3stym miesi\u0105cu ci\u0105\u017cy. Kij\u00f3w wyposa\u017ca ci\u0119 w wy\u015bcie\u0142any vst, kt\u00f3ry \u201echroni ci\u0119, gdy zostaniesz ostrzelany\u201d. Zelenskky wymaga, aby\u015bcie zamodelowali t\u0119 innowacj\u0119 jako swego rodzaju chwyt PR dla medi\u00f3w, aby pozosta\u0142e tysi\u0105ce kobiet w ci\u0105\u017cy wzywanych do samob\u00f3jczych bitew w Kijowie na \u015bmier\u0107\u2026 by\u0142y chronione przez troch\u0119 bawe\u0142ny. Wiesz, \u017ce to k\u0142amstwo. Wiesz,\" \/>\n\t<meta name=\"robots\" content=\"max-image-preview:large\" \/>\n\t<meta name=\"author\" content=\"trinity\"\/>\n\t<link rel=\"canonical\" href=\"https:\/\/wia.net.pl\/index.php\/2023\/09\/19\/ukrainska-rzeczywistosc-wojenna-poboru-i-smierci\/\" \/>\n\t<meta name=\"generator\" content=\"All in One SEO (AIOSEO) 5.0.1.1\" \/>\n\t\t<meta property=\"og:locale\" content=\"pl_PL\" \/>\n\t\t<meta property=\"og:site_name\" content=\"Wolno\u015b\u0107 i Anarchia - Ka\u017cdy wewn\u0119trznie jest anarchist\u0105.\" \/>\n\t\t<meta property=\"og:type\" content=\"article\" \/>\n\t\t<meta property=\"og:title\" content=\"Ukrai\u0144ska rzeczywisto\u015b\u0107 wojenna poboru i \u015bmierci - Wolno\u015b\u0107 i Anarchia\" \/>\n\t\t<meta property=\"og:description\" content=\"Autor, Helena GlassHelena-The Nationalist Voice Jeste\u015b w sz\u00f3stym miesi\u0105cu ci\u0105\u017cy. Kij\u00f3w wyposa\u017ca ci\u0119 w wy\u015bcie\u0142any vst, kt\u00f3ry \u201echroni ci\u0119, gdy zostaniesz ostrzelany\u201d. Zelenskky wymaga, aby\u015bcie zamodelowali t\u0119 innowacj\u0119 jako swego rodzaju chwyt PR dla medi\u00f3w, aby pozosta\u0142e tysi\u0105ce kobiet w ci\u0105\u017cy wzywanych do samob\u00f3jczych bitew w Kijowie na \u015bmier\u0107\u2026 by\u0142y chronione przez troch\u0119 bawe\u0142ny. Wiesz, \u017ce to k\u0142amstwo. Wiesz,\" \/>\n\t\t<meta property=\"og:url\" content=\"https:\/\/wia.net.pl\/index.php\/2023\/09\/19\/ukrainska-rzeczywistosc-wojenna-poboru-i-smierci\/\" \/>\n\t\t<meta property=\"og:image\" content=\"https:\/\/wia.net.pl\/wp-content\/uploads\/2023\/11\/cropped-freedom-i73367.jpg\" \/>\n\t\t<meta property=\"og:image:secure_url\" content=\"https:\/\/wia.net.pl\/wp-content\/uploads\/2023\/11\/cropped-freedom-i73367.jpg\" \/>\n\t\t<meta property=\"article:published_time\" content=\"2023-09-19T12:43:29+00:00\" \/>\n\t\t<meta property=\"article:modified_time\" content=\"2023-09-19T12:43:29+00:00\" \/>\n\t\t<meta name=\"twitter:card\" content=\"summary_large_image\" \/>\n\t\t<meta name=\"twitter:title\" content=\"Ukrai\u0144ska rzeczywisto\u015b\u0107 wojenna poboru i \u015bmierci - Wolno\u015b\u0107 i Anarchia\" \/>\n\t\t<meta name=\"twitter:description\" content=\"Autor, Helena GlassHelena-The Nationalist Voice Jeste\u015b w sz\u00f3stym miesi\u0105cu ci\u0105\u017cy. Kij\u00f3w wyposa\u017ca ci\u0119 w wy\u015bcie\u0142any vst, kt\u00f3ry \u201echroni ci\u0119, gdy zostaniesz ostrzelany\u201d. Zelenskky wymaga, aby\u015bcie zamodelowali t\u0119 innowacj\u0119 jako swego rodzaju chwyt PR dla medi\u00f3w, aby pozosta\u0142e tysi\u0105ce kobiet w ci\u0105\u017cy wzywanych do samob\u00f3jczych bitew w Kijowie na \u015bmier\u0107\u2026 by\u0142y chronione przez troch\u0119 bawe\u0142ny. Wiesz, \u017ce to k\u0142amstwo. Wiesz,\" \/>\n\t\t<meta name=\"twitter:image\" content=\"https:\/\/wia.net.pl\/wp-content\/uploads\/2023\/11\/cropped-freedom-i73367.jpg\" \/>\n\t\t<script type=\"application\/ld+json\" class=\"aioseo-schema\">\n\t\t\t{\"@context\":\"https:\\\/\\\/schema.org\",\"@graph\":[{\"@type\":\"BlogPosting\",\"@id\":\"https:\\\/\\\/wia.net.pl\\\/index.php\\\/2023\\\/09\\\/19\\\/ukrainska-rzeczywistosc-wojenna-poboru-i-smierci\\\/#blogposting\",\"name\":\"Ukrai\\u0144ska rzeczywisto\\u015b\\u0107 wojenna poboru i \\u015bmierci - Wolno\\u015b\\u0107 i Anarchia\",\"headline\":\"Ukrai\\u0144ska rzeczywisto\\u015b\\u0107 wojenna poboru i \\u015bmierci\",\"author\":{\"@id\":\"https:\\\/\\\/wia.net.pl\\\/index.php\\\/author\\\/trinity\\\/#author\"},\"publisher\":{\"@id\":\"https:\\\/\\\/wia.net.pl\\\/#person\"},\"image\":{\"@type\":\"ImageObject\",\"url\":\"https:\\\/\\\/wia.net.pl\\\/wp-content\\\/uploads\\\/2023\\\/09\\\/3481dae4c59751141932e93849662796-photo-series-overlays.jpg\",\"width\":736,\"height\":894},\"datePublished\":\"2023-09-19T14:43:29+02:00\",\"dateModified\":\"2023-09-19T14:43:29+02:00\",\"inLanguage\":\"pl-PL\",\"mainEntityOfPage\":{\"@id\":\"https:\\\/\\\/wia.net.pl\\\/index.php\\\/2023\\\/09\\\/19\\\/ukrainska-rzeczywistosc-wojenna-poboru-i-smierci\\\/#webpage\"},\"isPartOf\":{\"@id\":\"https:\\\/\\\/wia.net.pl\\\/index.php\\\/2023\\\/09\\\/19\\\/ukrainska-rzeczywistosc-wojenna-poboru-i-smierci\\\/#webpage\"},\"articleSection\":\"Artyku\\u0142y\"},{\"@type\":\"BreadcrumbList\",\"@id\":\"https:\\\/\\\/wia.net.pl\\\/index.php\\\/2023\\\/09\\\/19\\\/ukrainska-rzeczywistosc-wojenna-poboru-i-smierci\\\/#breadcrumblist\",\"itemListElement\":[{\"@type\":\"ListItem\",\"@id\":\"https:\\\/\\\/wia.net.pl#listItem\",\"position\":1,\"name\":\"Home\",\"item\":\"https:\\\/\\\/wia.net.pl\",\"nextItem\":{\"@type\":\"ListItem\",\"@id\":\"https:\\\/\\\/wia.net.pl\\\/index.php\\\/category\\\/artykuly\\\/#listItem\",\"name\":\"Artyku\\u0142y\"}},{\"@type\":\"ListItem\",\"@id\":\"https:\\\/\\\/wia.net.pl\\\/index.php\\\/category\\\/artykuly\\\/#listItem\",\"position\":2,\"name\":\"Artyku\\u0142y\",\"item\":\"https:\\\/\\\/wia.net.pl\\\/index.php\\\/category\\\/artykuly\\\/\",\"nextItem\":{\"@type\":\"ListItem\",\"@id\":\"https:\\\/\\\/wia.net.pl\\\/index.php\\\/2023\\\/09\\\/19\\\/ukrainska-rzeczywistosc-wojenna-poboru-i-smierci\\\/#listItem\",\"name\":\"Ukrai\\u0144ska rzeczywisto\\u015b\\u0107 wojenna poboru i \\u015bmierci\"},\"previousItem\":{\"@type\":\"ListItem\",\"@id\":\"https:\\\/\\\/wia.net.pl#listItem\",\"name\":\"Home\"}},{\"@type\":\"ListItem\",\"@id\":\"https:\\\/\\\/wia.net.pl\\\/index.php\\\/2023\\\/09\\\/19\\\/ukrainska-rzeczywistosc-wojenna-poboru-i-smierci\\\/#listItem\",\"position\":3,\"name\":\"Ukrai\\u0144ska rzeczywisto\\u015b\\u0107 wojenna poboru i \\u015bmierci\",\"previousItem\":{\"@type\":\"ListItem\",\"@id\":\"https:\\\/\\\/wia.net.pl\\\/index.php\\\/category\\\/artykuly\\\/#listItem\",\"name\":\"Artyku\\u0142y\"}}]},{\"@type\":\"Person\",\"@id\":\"https:\\\/\\\/wia.net.pl\\\/#person\",\"name\":\"Bart\\u0142omiej Talarczyk\",\"image\":{\"@type\":\"ImageObject\",\"@id\":\"https:\\\/\\\/wia.net.pl\\\/index.php\\\/2023\\\/09\\\/19\\\/ukrainska-rzeczywistosc-wojenna-poboru-i-smierci\\\/#personImage\",\"url\":\"https:\\\/\\\/wia.net.pl\\\/wp-content\\\/uploads\\\/avatar-privacy\\\/cache\\\/user\\\/1\\\/7\\\/176a6b161c58363ff49b5c167264231f519f5c7fa183ca1f61e891769b6b56d5-96.jpg\",\"width\":96,\"height\":96,\"caption\":\"Bart\\u0142omiej Talarczyk\"}},{\"@type\":\"Person\",\"@id\":\"https:\\\/\\\/wia.net.pl\\\/index.php\\\/author\\\/trinity\\\/#author\",\"url\":\"https:\\\/\\\/wia.net.pl\\\/index.php\\\/author\\\/trinity\\\/\",\"name\":\"trinity\",\"image\":{\"@type\":\"ImageObject\",\"@id\":\"https:\\\/\\\/wia.net.pl\\\/index.php\\\/2023\\\/09\\\/19\\\/ukrainska-rzeczywistosc-wojenna-poboru-i-smierci\\\/#authorImage\",\"url\":\"https:\\\/\\\/wia.net.pl\\\/wp-content\\\/uploads\\\/avatar-privacy\\\/cache\\\/user\\\/5\\\/f\\\/5f6547cf82495eaa10e100a6a45d5dbde2dfdc1be88557de2018fca705bdf6f1-96.jpg\",\"width\":96,\"height\":96,\"caption\":\"trinity\"}},{\"@type\":\"WebPage\",\"@id\":\"https:\\\/\\\/wia.net.pl\\\/index.php\\\/2023\\\/09\\\/19\\\/ukrainska-rzeczywistosc-wojenna-poboru-i-smierci\\\/#webpage\",\"url\":\"https:\\\/\\\/wia.net.pl\\\/index.php\\\/2023\\\/09\\\/19\\\/ukrainska-rzeczywistosc-wojenna-poboru-i-smierci\\\/\",\"name\":\"Ukrai\\u0144ska rzeczywisto\\u015b\\u0107 wojenna poboru i \\u015bmierci - Wolno\\u015b\\u0107 i Anarchia\",\"description\":\"Autor, Helena GlassHelena-The Nationalist Voice Jeste\\u015b w sz\\u00f3stym miesi\\u0105cu ci\\u0105\\u017cy. Kij\\u00f3w wyposa\\u017ca ci\\u0119 w wy\\u015bcie\\u0142any vst, kt\\u00f3ry \\u201echroni ci\\u0119, gdy zostaniesz ostrzelany\\u201d. Zelenskky wymaga, aby\\u015bcie zamodelowali t\\u0119 innowacj\\u0119 jako swego rodzaju chwyt PR dla medi\\u00f3w, aby pozosta\\u0142e tysi\\u0105ce kobiet w ci\\u0105\\u017cy wzywanych do samob\\u00f3jczych bitew w Kijowie na \\u015bmier\\u0107\\u2026 by\\u0142y chronione przez troch\\u0119 bawe\\u0142ny. Wiesz, \\u017ce to k\\u0142amstwo. Wiesz,\",\"inLanguage\":\"pl-PL\",\"isPartOf\":{\"@id\":\"https:\\\/\\\/wia.net.pl\\\/#website\"},\"breadcrumb\":{\"@id\":\"https:\\\/\\\/wia.net.pl\\\/index.php\\\/2023\\\/09\\\/19\\\/ukrainska-rzeczywistosc-wojenna-poboru-i-smierci\\\/#breadcrumblist\"},\"author\":{\"@id\":\"https:\\\/\\\/wia.net.pl\\\/index.php\\\/author\\\/trinity\\\/#author\"},\"creator\":{\"@id\":\"https:\\\/\\\/wia.net.pl\\\/index.php\\\/author\\\/trinity\\\/#author\"},\"image\":{\"@type\":\"ImageObject\",\"url\":\"https:\\\/\\\/wia.net.pl\\\/wp-content\\\/uploads\\\/2023\\\/09\\\/3481dae4c59751141932e93849662796-photo-series-overlays.jpg\",\"@id\":\"https:\\\/\\\/wia.net.pl\\\/index.php\\\/2023\\\/09\\\/19\\\/ukrainska-rzeczywistosc-wojenna-poboru-i-smierci\\\/#mainImage\",\"width\":736,\"height\":894},\"primaryImageOfPage\":{\"@id\":\"https:\\\/\\\/wia.net.pl\\\/index.php\\\/2023\\\/09\\\/19\\\/ukrainska-rzeczywistosc-wojenna-poboru-i-smierci\\\/#mainImage\"},\"datePublished\":\"2023-09-19T14:43:29+02:00\",\"dateModified\":\"2023-09-19T14:43:29+02:00\"},{\"@type\":\"WebSite\",\"@id\":\"https:\\\/\\\/wia.net.pl\\\/#website\",\"url\":\"https:\\\/\\\/wia.net.pl\\\/\",\"name\":\"Wolno\\u015b\\u0107 i Anarchia\",\"description\":\"Ka\\u017cdy wewn\\u0119trznie jest anarchist\\u0105.\",\"inLanguage\":\"pl-PL\",\"publisher\":{\"@id\":\"https:\\\/\\\/wia.net.pl\\\/#person\"}}]}\n\t\t<\/script>\n\t\t<!-- All in One SEO -->\n\n","aioseo_head_json":{"title":"Ukrai\u0144ska rzeczywisto\u015b\u0107 wojenna poboru i \u015bmierci - Wolno\u015b\u0107 i Anarchia","description":"Autor, Helena GlassHelena-The Nationalist Voice Jeste\u015b w sz\u00f3stym miesi\u0105cu ci\u0105\u017cy. Kij\u00f3w wyposa\u017ca ci\u0119 w wy\u015bcie\u0142any vst, kt\u00f3ry \u201echroni ci\u0119, gdy zostaniesz ostrzelany\u201d. Zelenskky wymaga, aby\u015bcie zamodelowali t\u0119 innowacj\u0119 jako swego rodzaju chwyt PR dla medi\u00f3w, aby pozosta\u0142e tysi\u0105ce kobiet w ci\u0105\u017cy wzywanych do samob\u00f3jczych bitew w Kijowie na \u015bmier\u0107\u2026 by\u0142y chronione przez troch\u0119 bawe\u0142ny. Wiesz, \u017ce to k\u0142amstwo. Wiesz,","canonical_url":"https:\/\/wia.net.pl\/index.php\/2023\/09\/19\/ukrainska-rzeczywistosc-wojenna-poboru-i-smierci\/","robots":"max-image-preview:large","keywords":"","webmasterTools":{"miscellaneous":""},"schema":{"@context":"https:\/\/schema.org","@graph":[{"@type":"BlogPosting","@id":"https:\/\/wia.net.pl\/index.php\/2023\/09\/19\/ukrainska-rzeczywistosc-wojenna-poboru-i-smierci\/#blogposting","name":"Ukrai\u0144ska rzeczywisto\u015b\u0107 wojenna poboru i \u015bmierci - Wolno\u015b\u0107 i Anarchia","headline":"Ukrai\u0144ska rzeczywisto\u015b\u0107 wojenna poboru i \u015bmierci","author":{"@id":"https:\/\/wia.net.pl\/index.php\/author\/trinity\/#author"},"publisher":{"@id":"https:\/\/wia.net.pl\/#person"},"image":{"@type":"ImageObject","url":"https:\/\/wia.net.pl\/wp-content\/uploads\/2023\/09\/3481dae4c59751141932e93849662796-photo-series-overlays.jpg","width":736,"height":894},"datePublished":"2023-09-19T14:43:29+02:00","dateModified":"2023-09-19T14:43:29+02:00","inLanguage":"pl-PL","mainEntityOfPage":{"@id":"https:\/\/wia.net.pl\/index.php\/2023\/09\/19\/ukrainska-rzeczywistosc-wojenna-poboru-i-smierci\/#webpage"},"isPartOf":{"@id":"https:\/\/wia.net.pl\/index.php\/2023\/09\/19\/ukrainska-rzeczywistosc-wojenna-poboru-i-smierci\/#webpage"},"articleSection":"Artyku\u0142y"},{"@type":"BreadcrumbList","@id":"https:\/\/wia.net.pl\/index.php\/2023\/09\/19\/ukrainska-rzeczywistosc-wojenna-poboru-i-smierci\/#breadcrumblist","itemListElement":[{"@type":"ListItem","@id":"https:\/\/wia.net.pl#listItem","position":1,"name":"Home","item":"https:\/\/wia.net.pl","nextItem":{"@type":"ListItem","@id":"https:\/\/wia.net.pl\/index.php\/category\/artykuly\/#listItem","name":"Artyku\u0142y"}},{"@type":"ListItem","@id":"https:\/\/wia.net.pl\/index.php\/category\/artykuly\/#listItem","position":2,"name":"Artyku\u0142y","item":"https:\/\/wia.net.pl\/index.php\/category\/artykuly\/","nextItem":{"@type":"ListItem","@id":"https:\/\/wia.net.pl\/index.php\/2023\/09\/19\/ukrainska-rzeczywistosc-wojenna-poboru-i-smierci\/#listItem","name":"Ukrai\u0144ska rzeczywisto\u015b\u0107 wojenna poboru i \u015bmierci"},"previousItem":{"@type":"ListItem","@id":"https:\/\/wia.net.pl#listItem","name":"Home"}},{"@type":"ListItem","@id":"https:\/\/wia.net.pl\/index.php\/2023\/09\/19\/ukrainska-rzeczywistosc-wojenna-poboru-i-smierci\/#listItem","position":3,"name":"Ukrai\u0144ska rzeczywisto\u015b\u0107 wojenna poboru i \u015bmierci","previousItem":{"@type":"ListItem","@id":"https:\/\/wia.net.pl\/index.php\/category\/artykuly\/#listItem","name":"Artyku\u0142y"}}]},{"@type":"Person","@id":"https:\/\/wia.net.pl\/#person","name":"Bart\u0142omiej Talarczyk","image":{"@type":"ImageObject","@id":"https:\/\/wia.net.pl\/index.php\/2023\/09\/19\/ukrainska-rzeczywistosc-wojenna-poboru-i-smierci\/#personImage","url":"https:\/\/wia.net.pl\/wp-content\/uploads\/avatar-privacy\/cache\/user\/1\/7\/176a6b161c58363ff49b5c167264231f519f5c7fa183ca1f61e891769b6b56d5-96.jpg","width":96,"height":96,"caption":"Bart\u0142omiej Talarczyk"}},{"@type":"Person","@id":"https:\/\/wia.net.pl\/index.php\/author\/trinity\/#author","url":"https:\/\/wia.net.pl\/index.php\/author\/trinity\/","name":"trinity","image":{"@type":"ImageObject","@id":"https:\/\/wia.net.pl\/index.php\/2023\/09\/19\/ukrainska-rzeczywistosc-wojenna-poboru-i-smierci\/#authorImage","url":"https:\/\/wia.net.pl\/wp-content\/uploads\/avatar-privacy\/cache\/user\/5\/f\/5f6547cf82495eaa10e100a6a45d5dbde2dfdc1be88557de2018fca705bdf6f1-96.jpg","width":96,"height":96,"caption":"trinity"}},{"@type":"WebPage","@id":"https:\/\/wia.net.pl\/index.php\/2023\/09\/19\/ukrainska-rzeczywistosc-wojenna-poboru-i-smierci\/#webpage","url":"https:\/\/wia.net.pl\/index.php\/2023\/09\/19\/ukrainska-rzeczywistosc-wojenna-poboru-i-smierci\/","name":"Ukrai\u0144ska rzeczywisto\u015b\u0107 wojenna poboru i \u015bmierci - Wolno\u015b\u0107 i Anarchia","description":"Autor, Helena GlassHelena-The Nationalist Voice Jeste\u015b w sz\u00f3stym miesi\u0105cu ci\u0105\u017cy. Kij\u00f3w wyposa\u017ca ci\u0119 w wy\u015bcie\u0142any vst, kt\u00f3ry \u201echroni ci\u0119, gdy zostaniesz ostrzelany\u201d. Zelenskky wymaga, aby\u015bcie zamodelowali t\u0119 innowacj\u0119 jako swego rodzaju chwyt PR dla medi\u00f3w, aby pozosta\u0142e tysi\u0105ce kobiet w ci\u0105\u017cy wzywanych do samob\u00f3jczych bitew w Kijowie na \u015bmier\u0107\u2026 by\u0142y chronione przez troch\u0119 bawe\u0142ny. Wiesz, \u017ce to k\u0142amstwo. Wiesz,","inLanguage":"pl-PL","isPartOf":{"@id":"https:\/\/wia.net.pl\/#website"},"breadcrumb":{"@id":"https:\/\/wia.net.pl\/index.php\/2023\/09\/19\/ukrainska-rzeczywistosc-wojenna-poboru-i-smierci\/#breadcrumblist"},"author":{"@id":"https:\/\/wia.net.pl\/index.php\/author\/trinity\/#author"},"creator":{"@id":"https:\/\/wia.net.pl\/index.php\/author\/trinity\/#author"},"image":{"@type":"ImageObject","url":"https:\/\/wia.net.pl\/wp-content\/uploads\/2023\/09\/3481dae4c59751141932e93849662796-photo-series-overlays.jpg","@id":"https:\/\/wia.net.pl\/index.php\/2023\/09\/19\/ukrainska-rzeczywistosc-wojenna-poboru-i-smierci\/#mainImage","width":736,"height":894},"primaryImageOfPage":{"@id":"https:\/\/wia.net.pl\/index.php\/2023\/09\/19\/ukrainska-rzeczywistosc-wojenna-poboru-i-smierci\/#mainImage"},"datePublished":"2023-09-19T14:43:29+02:00","dateModified":"2023-09-19T14:43:29+02:00"},{"@type":"WebSite","@id":"https:\/\/wia.net.pl\/#website","url":"https:\/\/wia.net.pl\/","name":"Wolno\u015b\u0107 i Anarchia","description":"Ka\u017cdy wewn\u0119trznie jest anarchist\u0105.","inLanguage":"pl-PL","publisher":{"@id":"https:\/\/wia.net.pl\/#person"}}]},"og:locale":"pl_PL","og:site_name":"Wolno\u015b\u0107 i Anarchia - Ka\u017cdy wewn\u0119trznie jest anarchist\u0105.","og:type":"article","og:title":"Ukrai\u0144ska rzeczywisto\u015b\u0107 wojenna poboru i \u015bmierci - Wolno\u015b\u0107 i Anarchia","og:description":"Autor, Helena GlassHelena-The Nationalist Voice Jeste\u015b w sz\u00f3stym miesi\u0105cu ci\u0105\u017cy. Kij\u00f3w wyposa\u017ca ci\u0119 w wy\u015bcie\u0142any vst, kt\u00f3ry \u201echroni ci\u0119, gdy zostaniesz ostrzelany\u201d. Zelenskky wymaga, aby\u015bcie zamodelowali t\u0119 innowacj\u0119 jako swego rodzaju chwyt PR dla medi\u00f3w, aby pozosta\u0142e tysi\u0105ce kobiet w ci\u0105\u017cy wzywanych do samob\u00f3jczych bitew w Kijowie na \u015bmier\u0107\u2026 by\u0142y chronione przez troch\u0119 bawe\u0142ny. Wiesz, \u017ce to k\u0142amstwo. Wiesz,","og:url":"https:\/\/wia.net.pl\/index.php\/2023\/09\/19\/ukrainska-rzeczywistosc-wojenna-poboru-i-smierci\/","og:image":"https:\/\/wia.net.pl\/wp-content\/uploads\/2023\/11\/cropped-freedom-i73367.jpg","og:image:secure_url":"https:\/\/wia.net.pl\/wp-content\/uploads\/2023\/11\/cropped-freedom-i73367.jpg","article:published_time":"2023-09-19T12:43:29+00:00","article:modified_time":"2023-09-19T12:43:29+00:00","twitter:card":"summary_large_image","twitter:title":"Ukrai\u0144ska rzeczywisto\u015b\u0107 wojenna poboru i \u015bmierci - Wolno\u015b\u0107 i Anarchia","twitter:description":"Autor, Helena GlassHelena-The Nationalist Voice Jeste\u015b w sz\u00f3stym miesi\u0105cu ci\u0105\u017cy. Kij\u00f3w wyposa\u017ca ci\u0119 w wy\u015bcie\u0142any vst, kt\u00f3ry \u201echroni ci\u0119, gdy zostaniesz ostrzelany\u201d. Zelenskky wymaga, aby\u015bcie zamodelowali t\u0119 innowacj\u0119 jako swego rodzaju chwyt PR dla medi\u00f3w, aby pozosta\u0142e tysi\u0105ce kobiet w ci\u0105\u017cy wzywanych do samob\u00f3jczych bitew w Kijowie na \u015bmier\u0107\u2026 by\u0142y chronione przez troch\u0119 bawe\u0142ny. Wiesz, \u017ce to k\u0142amstwo. Wiesz,","twitter:image":"https:\/\/wia.net.pl\/wp-content\/uploads\/2023\/11\/cropped-freedom-i73367.jpg"},"aioseo_meta_data":{"post_id":"4604","title":null,"description":null,"keywords":[],"keyphrases":{"focus":{"keyphrase":"","score":0,"analysis":{"keyphraseInTitle":{"score":0,"maxScore":9,"error":1}}},"additional":[]},"primary_term":null,"canonical_url":null,"og_title":null,"og_description":null,"og_object_type":"default","og_image_type":"default","og_image_url":null,"og_image_width":null,"og_image_height":null,"og_image_custom_url":null,"og_image_custom_fields":null,"og_video":"","og_custom_url":null,"og_article_section":null,"og_article_tags":[],"twitter_use_og":false,"twitter_card":"default","twitter_image_type":"default","twitter_image_url":null,"twitter_image_custom_url":null,"twitter_image_custom_fields":null,"twitter_title":null,"twitter_description":null,"schema":{"blockGraphs":[],"customGraphs":[],"default":{"data":{"Article":[],"Course":[],"Dataset":[],"FAQPage":[],"Movie":[],"Person":[],"Product":[],"ProductReview":[],"Car":[],"Recipe":[],"Service":[],"SoftwareApplication":[],"WebPage":[]},"graphName":"BlogPosting","isEnabled":true},"graphs":[]},"schema_type":"default","schema_type_options":null,"pillar_content":false,"robots_default":true,"robots_noindex":false,"robots_noarchive":false,"robots_nosnippet":false,"robots_nofollow":false,"robots_noimageindex":false,"robots_noodp":false,"robots_notranslate":false,"robots_max_snippet":"-1","robots_max_videopreview":"-1","robots_max_imagepreview":"large","priority":null,"frequency":"default","local_seo":null,"breadcrumb_settings":null,"limit_modified_date":false,"ai":null,"created":"2023-09-19 12:43:29","updated":"2025-06-04 09:20:21","seo_analyzer_scan_date":null,"focus_keyword":null,"additional_keywords":null,"truseo_locale":null},"aioseo_breadcrumb":"<div class=\"aioseo-breadcrumbs\"><span class=\"aioseo-breadcrumb\">\n\t\t\t<a href=\"https:\/\/wia.net.pl\" title=\"Home\">Home<\/a>\n\t\t<\/span><span class=\"aioseo-breadcrumb-separator\">&raquo;<\/span><span class=\"aioseo-breadcrumb\">\n\t\t\t<a href=\"https:\/\/wia.net.pl\/index.php\/category\/artykuly\/\" title=\"Artyku\u0142y\">Artyku\u0142y<\/a>\n\t\t<\/span><span class=\"aioseo-breadcrumb-separator\">&raquo;<\/span><span class=\"aioseo-breadcrumb\">\n\t\t\tUkrai\u0144ska rzeczywisto\u015b\u0107 wojenna poboru i \u015bmierci\n\t\t<\/span><\/div>","aioseo_breadcrumb_json":[{"label":"Home","link":"https:\/\/wia.net.pl"},{"label":"Artyku\u0142y","link":"https:\/\/wia.net.pl\/index.php\/category\/artykuly\/"},{"label":"Ukrai\u0144ska rzeczywisto\u015b\u0107 wojenna poboru i \u015bmierci","link":"https:\/\/wia.net.pl\/index.php\/2023\/09\/19\/ukrainska-rzeczywistosc-wojenna-poboru-i-smierci\/"}],"_links":{"self":[{"href":"https:\/\/wia.net.pl\/index.php\/wp-json\/wp\/v2\/posts\/4604"}],"collection":[{"href":"https:\/\/wia.net.pl\/index.php\/wp-json\/wp\/v2\/posts"}],"about":[{"href":"https:\/\/wia.net.pl\/index.php\/wp-json\/wp\/v2\/types\/post"}],"author":[{"embeddable":true,"href":"https:\/\/wia.net.pl\/index.php\/wp-json\/wp\/v2\/users\/2"}],"replies":[{"embeddable":true,"href":"https:\/\/wia.net.pl\/index.php\/wp-json\/wp\/v2\/comments?post=4604"}],"version-history":[{"count":1,"href":"https:\/\/wia.net.pl\/index.php\/wp-json\/wp\/v2\/posts\/4604\/revisions"}],"predecessor-version":[{"id":4607,"href":"https:\/\/wia.net.pl\/index.php\/wp-json\/wp\/v2\/posts\/4604\/revisions\/4607"}],"wp:featuredmedia":[{"embeddable":true,"href":"https:\/\/wia.net.pl\/index.php\/wp-json\/wp\/v2\/media\/4606"}],"wp:attachment":[{"href":"https:\/\/wia.net.pl\/index.php\/wp-json\/wp\/v2\/media?parent=4604"}],"wp:term":[{"taxonomy":"category","embeddable":true,"href":"https:\/\/wia.net.pl\/index.php\/wp-json\/wp\/v2\/categories?post=4604"},{"taxonomy":"post_tag","embeddable":true,"href":"https:\/\/wia.net.pl\/index.php\/wp-json\/wp\/v2\/tags?post=4604"}],"curies":[{"name":"wp","href":"https:\/\/api.w.org\/{rel}","templated":true}]}}