{"id":469,"date":"2023-05-31T14:42:59","date_gmt":"2023-05-31T12:42:59","guid":{"rendered":"https:\/\/wia.net.pl\/?p=469"},"modified":"2025-04-21T23:37:58","modified_gmt":"2025-04-21T21:37:58","slug":"kraterowa-ziemia-odcinek-3","status":"publish","type":"post","link":"https:\/\/wia.net.pl\/index.php\/2023\/05\/31\/kraterowa-ziemia-odcinek-3\/","title":{"rendered":"Kraterowa Ziemia &#8211; Odcinek 3"},"content":{"rendered":"\n<p>Kraterowa Ziemia &#8211; Odcinek 3<\/p>\n\n\n\n<p>\u0179r\u00f3d\u0142o: https:\/\/www.youtube.com\/@godgevlamste<\/p>\n\n\n<p><iframe id=\"odysee-iframe\" style=\"width:100%; aspect-ratio:16 \/ 9;\" src=\"https:\/\/odysee.com\/%24\/embed\/%40wolnoscanarchia%3Ad%2FKraterowa-Ziemia---Godgevlamste---Odcinek-3%3A4?r=KqtnN3u2RSe5GxY7Tos527f1XGfjXD4u\" allowfullscreen><\/iframe><\/p>\n<div class=\"remoji_bar\"><div class=\"remoji_add_container\" data-remoji-id=\"469\" data-remoji-type=\"post\"><div class=\"remoji_add_icon\"><\/div><\/div><div class=\"remoji_error_bar\" data-remoji-id=\"469\" data-remoji-type=\"post\" style=\"display: none;\">Error happened.<\/div><\/div>","protected":false},"excerpt":{"rendered":"<p>Kraterowa Ziemia &#8211; Odcinek 3 \u0179r\u00f3d\u0142o: https:\/\/www.youtube.com\/@godgevlamste Error happened.<\/p>\n","protected":false},"author":3,"featured_media":473,"comment_status":"open","ping_status":"open","sticky":false,"template":"","format":"standard","meta":{"_acf_changed":false,"_bbp_topic_count":0,"_bbp_reply_count":0,"_bbp_total_topic_count":0,"_bbp_total_reply_count":0,"_bbp_voice_count":0,"_bbp_anonymous_reply_count":0,"_bbp_topic_count_hidden":0,"_bbp_reply_count_hidden":0,"_bbp_forum_subforum_count":0,"om_disable_all_campaigns":false,"_monsterinsights_skip_tracking":false,"_monsterinsights_sitenote_active":false,"_monsterinsights_sitenote_note":"","_monsterinsights_sitenote_category":0,"footnotes":""},"categories":[12],"tags":[60,52,39,54,38,63,56,41,58,65,40,51,55,53,66],"class_list":["post-469","post","type-post","status-publish","format-standard","has-post-thumbnail","hentry","category-kraterowaziemia","tag-aliens","tag-eric-dubay","tag-flat-earth","tag-flatearthdave","tag-godgevlamste","tag-historia-ziemi","tag-ksiezyc","tag-nasa","tag-obcy","tag-planety","tag-plaska-ziemia","tag-ricardo-dias","tag-slonce","tag-terry-r-eicher","tag-uklad-sloneczny"],"acf":[],"aioseo_notices":[],"_links":{"self":[{"href":"https:\/\/wia.net.pl\/index.php\/wp-json\/wp\/v2\/posts\/469"}],"collection":[{"href":"https:\/\/wia.net.pl\/index.php\/wp-json\/wp\/v2\/posts"}],"about":[{"href":"https:\/\/wia.net.pl\/index.php\/wp-json\/wp\/v2\/types\/post"}],"author":[{"embeddable":true,"href":"https:\/\/wia.net.pl\/index.php\/wp-json\/wp\/v2\/users\/3"}],"replies":[{"embeddable":true,"href":"https:\/\/wia.net.pl\/index.php\/wp-json\/wp\/v2\/comments?post=469"}],"version-history":[{"count":2,"href":"https:\/\/wia.net.pl\/index.php\/wp-json\/wp\/v2\/posts\/469\/revisions"}],"predecessor-version":[{"id":9761,"href":"https:\/\/wia.net.pl\/index.php\/wp-json\/wp\/v2\/posts\/469\/revisions\/9761"}],"wp:featuredmedia":[{"embeddable":true,"href":"https:\/\/wia.net.pl\/index.php\/wp-json\/wp\/v2\/media\/473"}],"wp:attachment":[{"href":"https:\/\/wia.net.pl\/index.php\/wp-json\/wp\/v2\/media?parent=469"}],"wp:term":[{"taxonomy":"category","embeddable":true,"href":"https:\/\/wia.net.pl\/index.php\/wp-json\/wp\/v2\/categories?post=469"},{"taxonomy":"post_tag","embeddable":true,"href":"https:\/\/wia.net.pl\/index.php\/wp-json\/wp\/v2\/tags?post=469"}],"curies":[{"name":"wp","href":"https:\/\/api.w.org\/{rel}","templated":true}]}}