{"id":4692,"date":"2023-09-21T15:05:03","date_gmt":"2023-09-21T13:05:03","guid":{"rendered":"https:\/\/wia.net.pl\/?p=4692"},"modified":"2023-09-21T15:05:03","modified_gmt":"2023-09-21T13:05:03","slug":"onz-i-prawo-normalizujace-seks-z-nieletnimi-raport","status":"publish","type":"post","link":"https:\/\/wia.net.pl\/index.php\/2023\/09\/21\/onz-i-prawo-normalizujace-seks-z-nieletnimi-raport\/","title":{"rendered":"ONZ i prawo normalizuj\u0105ce seks z nieletnimi &#8211; Raport"},"content":{"rendered":"\n<p>Nowe, wspierane przez ONZ zalecenia prawne normalizuj\u0105 seks z nieletnimi \u2013 twierdz\u0105 oburzeni krytycy<\/p>\n\n\n\n<p>\u201eDzieci mog\u0105 wyrazi\u0107 zgod\u0119 na seks z doros\u0142ymi.\u00a0Taki by\u0142 plan od pocz\u0105tku\u201d \u2013 oskar\u017ca influencerka medi\u00f3w spo\u0142eczno\u015bciowych<\/p>\n\n\n\n<p>Autor:\u00a0<a href=\"https:\/\/www.foxnews.com\/person\/b\/kerry-j-byrne\">Kerry J. Byrne\u00a0<\/a><\/p>\n\n\n\n<p>Opublikowany\u00a017 kwietnia 2023 r<\/p>\n\n\n\n<figure class=\"wp-block-image size-large\"><img loading=\"lazy\" decoding=\"async\" width=\"1024\" height=\"576\" src=\"https:\/\/wia.net.pl\/wp-content\/uploads\/2023\/09\/onz-1024x576.jpg\" alt=\"\" class=\"wp-image-4695\" srcset=\"https:\/\/wia.net.pl\/wp-content\/uploads\/2023\/09\/onz-1024x576.jpg 1024w, https:\/\/wia.net.pl\/wp-content\/uploads\/2023\/09\/onz-300x169.jpg 300w, https:\/\/wia.net.pl\/wp-content\/uploads\/2023\/09\/onz-768x432.jpg 768w, https:\/\/wia.net.pl\/wp-content\/uploads\/2023\/09\/onz-1536x864.jpg 1536w, https:\/\/wia.net.pl\/wp-content\/uploads\/2023\/09\/onz-480x270.jpg 480w, https:\/\/wia.net.pl\/wp-content\/uploads\/2023\/09\/onz.jpg 1920w\" sizes=\"(max-width: 1024px) 100vw, 1024px\" \/><\/figure>\n\n\n\n<p><a href=\"http:\/\/video.foxnews.com\/v\/6319328567112\">Wideo<\/a><\/p>\n\n\n\n<h4 class=\"wp-block-heading\"><a href=\"https:\/\/www.foxnews.com\/video\/6319328567112\">Nie chc\u0119, \u017ceby jakikolwiek pedofil by\u0142 traktowany w specjalny spos\u00f3b: Stefani Lord<\/a><\/h4>\n\n\n\n<p>Reprezentantka Nowego Meksyku Stefani Lord omawia w programie \u201eTucker Carlson Tonight\u201d legislatorzy Nowego Meksyku proponuj\u0105 ustaw\u0119 zezwalaj\u0105c\u0105 na chemiczn\u0105 kastracj\u0119 przest\u0119pc\u00f3w seksualnych w celu uzyskania zwolnienia warunkowego.<\/p>\n\n\n\n<p>Szokuj\u0105cy raport wydany przez mi\u0119dzynarodowych ekspert\u00f3w prawnych przy wsparciu&nbsp;<a href=\"https:\/\/www.foxnews.com\/category\/world\/united-nations\" target=\"_blank\" rel=\"noreferrer noopener\">Organizacji Narod\u00f3w Zjednoczonych<\/a>&nbsp;wydaje si\u0119 otwiera\u0107 furtk\u0119 dla normalizacji seksu z nieletnimi.&nbsp;<\/p>\n\n\n\n<p><a href=\"https:\/\/www.foxnews.com\/category\/politics\/judiciary\/international-law\" target=\"_blank\" rel=\"noreferrer noopener\">\u201eZachowania seksualne z udzia\u0142em os\u00f3b poni\u017cej wymaganego w danym kraju minimalnego wieku przyzwolenia na seks mog\u0105 w rzeczywisto\u015bci nast\u0105pi\u0107 za obop\u00f3ln\u0105 zgod\u0105, je\u015bli nie zgodnie z prawem\u201d \u2013 napisa\u0142a w marcu Mi\u0119dzynarodowa Komisja Prawnik\u00f3w z<\/a>&nbsp;siedzib\u0105 w Genewie&nbsp;&nbsp;przy wsparciu UNAIDS i Biura Narod\u00f3w Zjednoczonych Wysoki Komisarz Praw Cz\u0142owieka.<\/p>\n\n\n\n<p>Raport nosi tytu\u0142 \u201eZasady z 8 marca dotycz\u0105ce podej\u015bcia opartego na prawach cz\u0142owieka do prawa karnego zakazuj\u0105cego zachowa\u0144 zwi\u0105zanych z seksem, reprodukcj\u0105, u\u017cywaniem narkotyk\u00f3w, HIV, bezdomno\u015bci\u0105 i ub\u00f3stwem\u201d.<\/p>\n\n\n\n<p><a href=\"https:\/\/www.foxnews.com\/media\/washington-bill-allow-medical-transgender-interventions-minors-without-parental-consent\" target=\"_blank\" rel=\"noreferrer noopener\"><strong>Ustawa waszyngto\u0144ska zezwalaj\u0105ca na interwencje medyczne os\u00f3b transp\u0142ciowych wobec nieletnich bez zgody rodzic\u00f3w<\/strong><\/a><\/p>\n\n\n\n<p>Jest on publikowany centralnie na stronie internetowej grupy.<\/p>\n\n\n\n<p>Nie wzywa aktywnie do dekryminalizacji seksu mi\u0119dzy doros\u0142ymi i nieletnimi.&nbsp;Stwierdza jednak&nbsp;<a href=\"https:\/\/www.foxnews.com\/category\/health\/healthy-living\/childrens-health\" target=\"_blank\" rel=\"noreferrer noopener\">, \u017ce dzieci<\/a>&nbsp;maj\u0105 zar\u00f3wno zdolno\u015b\u0107, jak i prawo do podejmowania decyzji seksualnych.<\/p>\n\n\n\n<figure class=\"wp-block-image\"><img decoding=\"async\" src=\"https:\/\/a57.foxnews.com\/static.foxnews.com\/foxnews.com\/content\/uploads\/2023\/04\/1200\/675\/GettyImages-1163276504.jpg?ve=1&amp;tl=1\" alt=\"Edwina Camerona\"\/><\/figure>\n\n\n\n<p>S\u0119dzia Trybuna\u0142u Konstytucyjnego Edwin Cameron podczas ceremonii po\u017cegnania, 20 sierpnia 2019 r. w Johannesburgu w Republice Po\u0142udniowej Afryki.&nbsp;Cameron napisa\u0142 przedmow\u0119 do nowego zestawu mi\u0119dzynarodowych zalece\u0144 prawnych, opublikowanego 8 marca 2023 r., kt\u00f3re, jego zdaniem, b\u0119d\u0105 chroni\u0107 osoby, kt\u00f3rych praktyki seksualne s\u0105 \u201euto\u017csamiane z post\u0119powaniem nieakceptowanym lub napi\u0119tnowanym\u201d.&nbsp;(Alon Skuy\/Sowetan\/Gallo Images za po\u015brednictwem Getty Images)<\/p>\n\n\n\n<p>\u201eWed\u0142ug Organizacji Narod\u00f3w Zjednoczonych dzieci mog\u0105 wyrazi\u0107 zgod\u0119 na seks z doros\u0142ymi. Taki by\u0142 od pocz\u0105tku plan\u201d \u2013 napisa\u0142 w weekend na Twitterze wp\u0142ywowy media spo\u0142eczno\u015bciowe Ian Miles Cheong, skierowany do swoich 538 000 obserwuj\u0105cych.<\/p>\n\n\n\n<p>W raporcie nie podano sugerowanego wieku przyzwolenia seksualnego.&nbsp;<\/p>\n\n\n\n<p>Komisja opublikowa\u0142a&nbsp;go 8 marca w uznaniu&nbsp;<a href=\"https:\/\/www.foxnews.com\/lifestyle\/international-womens-day-facts\" target=\"_blank\" rel=\"noreferrer noopener\">Mi\u0119dzynarodowego Dnia Kobiet w Internecie, sugeruj\u0105c, \u017ce istnieje zwi\u0105zek mi\u0119dzy prawami kobiet a wiekiem przyzwolenia.<\/a><\/p>\n\n\n\n<p><a href=\"https:\/\/www.foxnews.com\/lifestyle\/dad-asks-reddit-should-let-teen-daughter-meet-boy-instagram-person\" target=\"_blank\" rel=\"noreferrer noopener\"><strong>TATA PYTA REDDITA, CZY POWINIEN POZWOL\u0106 SWOJEJ NASTOLETNIEJ C\u00d3RCE OSOBI\u015aCIE SPOTKA\u0106 SI\u0118 Z CH\u0141OPCEM Z INSTAGRAMU&nbsp;<\/strong><\/a><\/p>\n\n\n\n<p>Nie do pomy\u015blenia zalecenia mi\u0119dzynarodowej kliki \u015bwiatowych elitarnych umys\u0142\u00f3w prawniczych wydaj\u0105 si\u0119 sugerowa\u0107, \u017ce pedofili\u0119 mo\u017cna znormalizowa\u0107.&nbsp;<\/p>\n\n\n\n<p>Wywo\u0142a\u0142o to ostr\u0105 reakcj\u0119 w mediach spo\u0142eczno\u015bciowych na ca\u0142ym \u015bwiecie.<\/p>\n\n\n\n<figure class=\"wp-block-image size-full\"><img loading=\"lazy\" decoding=\"async\" width=\"686\" height=\"798\" src=\"https:\/\/wia.net.pl\/wp-content\/uploads\/2023\/09\/Zrzut-ekranu-2023-09-21-144652.png\" alt=\"\" class=\"wp-image-4693\" srcset=\"https:\/\/wia.net.pl\/wp-content\/uploads\/2023\/09\/Zrzut-ekranu-2023-09-21-144652.png 686w, https:\/\/wia.net.pl\/wp-content\/uploads\/2023\/09\/Zrzut-ekranu-2023-09-21-144652-258x300.png 258w\" sizes=\"(max-width: 686px) 100vw, 686px\" \/><\/figure>\n\n\n\n<p>\u201eONZ jest pe\u0142na pedofil\u00f3w!!!!\u201d\u00a0<a href=\"https:\/\/www.foxnews.com\/category\/sports\/nhl\" target=\"_blank\" rel=\"noreferrer noopener\">by\u0142a gwiazda NHL<\/a>\u00a0i kanadyjski z\u0142oty medalista olimpijski Theo Fleury \u2013 krzykn\u0105\u0142 na Twitterze.<\/p>\n\n\n\n<p><\/p>\n\n\n\n<blockquote class=\"wp-block-quote is-layout-flow wp-block-quote-is-layout-flow\">\n<p>\u201eZachowania seksualne z udzia\u0142em os\u00f3b poni\u017cej minimalnego wieku wymaganego w danym kraju, przyzwolenia na seks, mog\u0105 w rzeczywisto\u015bci nast\u0105pi\u0107 za obop\u00f3ln\u0105 zgod\u0105, je\u015bli nie jest to zgodne z prawem\u201d.&nbsp;\u2014 Mi\u0119dzynarodowa Komisja Prawnik\u00f3w<\/p>\n<\/blockquote>\n\n\n\n<p>\u201eTen okropny raport ONZ\u2026 ma na celu dekryminalizacj\u0119 seksu \u2013 nawet mi\u0119dzy dzie\u0107mi i nieletnimi. Z\u0142o\u201d \u2013 napisa\u0142a na Twitterze dzia\u0142aczka na rzecz praw kobiet Michelle Uriarau z\u00a0<a href=\"https:\/\/www.foxnews.com\/category\/world\/world-regions\/australia\" target=\"_blank\" rel=\"noreferrer noopener\">Melbourne w Australii.<\/a>\u00a0<\/p>\n\n\n\n<figure class=\"wp-block-image size-full\"><img loading=\"lazy\" decoding=\"async\" width=\"687\" height=\"868\" src=\"https:\/\/wia.net.pl\/wp-content\/uploads\/2023\/09\/Zrzut-ekranu-2023-09-21-145635.png\" alt=\"\" class=\"wp-image-4694\" srcset=\"https:\/\/wia.net.pl\/wp-content\/uploads\/2023\/09\/Zrzut-ekranu-2023-09-21-145635.png 687w, https:\/\/wia.net.pl\/wp-content\/uploads\/2023\/09\/Zrzut-ekranu-2023-09-21-145635-237x300.png 237w\" sizes=\"(max-width: 687px) 100vw, 687px\" \/><\/figure>\n\n\n\n<p><\/p>\n\n\n\n<p>Zauwa\u017ca, \u017ce \u200b\u200bpublikacja z okazji Mi\u0119dzynarodowego Dnia Kobiet odnios\u0142a sukces \u201eo\u015bwiecaj\u0105c kobiety na ca\u0142ym \u015bwiecie\u201d.<\/p>\n\n\n\n<p>Mi\u0119dzynarodowa Komisja Prawnik\u00f3w doda\u0142a w swoim raporcie: \u201eW tym kontek\u015bcie egzekwowanie prawa karnego powinno odzwierciedla\u0107 prawa i zdolno\u015b\u0107 os\u00f3b poni\u017cej 18 roku \u017cycia do podejmowania decyzji dotycz\u0105cych anga\u017cowania si\u0119 w zachowania seksualne za obop\u00f3ln\u0105 zgod\u0105 oraz ich prawo do bycia wys\u0142uchanym w sprawach dotycz\u0105ce ich.\u201d<\/p>\n\n\n\n<p><a href=\"https:\/\/www.foxnews.com\/world\/teachers-union-urges-schools-promote-drag-queen-story-hours-help-further-inclusive-atmosphere\" target=\"_blank\" rel=\"noreferrer noopener\"><strong>ZWI\u0104ZEK NAUCZYCIELI WZYWA SZKO\u0141Y DO PROMOWANIA DRAG QUEEN STORY HOURS W CELU DALSZEJ \u201eW\u0141\u0104CZAJ\u0104CEJ ATMOSFERY\u201d<\/strong><\/a><\/p>\n\n\n\n<p>Stwierdzono dalej: \u201eZgodnie z ich zmieniaj\u0105cymi si\u0119 mo\u017cliwo\u015bciami i post\u0119puj\u0105c\u0105 autonomi\u0105 osoby poni\u017cej 18 roku \u017cycia powinny uczestniczy\u0107 w decyzjach ich dotycz\u0105cych, z nale\u017cytym uwzgl\u0119dnieniem ich wieku, dojrza\u0142o\u015bci i najlepszego interesu, a tak\u017ce ze szczeg\u00f3lnym uwzgl\u0119dnieniem gwarancji niedyskryminacji\u201d.&nbsp;<\/p>\n\n\n\n<blockquote class=\"wp-block-quote is-layout-flow wp-block-quote-is-layout-flow\">\n<p>\u201eOsoby poni\u017cej 18 roku \u017cycia powinny uczestniczy\u0107 w podejmowaniu decyzji, kt\u00f3re ich dotycz\u0105, z nale\u017cytym uwzgl\u0119dnieniem ich wieku, dojrza\u0142o\u015bci i najlepiej poj\u0119tego interesu\u201d.&nbsp;\u2014 Mi\u0119dzynarodowa Komisja Prawnik\u00f3w<\/p>\n<\/blockquote>\n\n\n\n<p>Szokuj\u0105ce zalecenia mi\u0119dzynarodowych elit prawniczych podkre\u015blaj\u0105 szereg wa\u017cnych ostatnich wydarze\u0144 w Stanach Zjednoczonych i na ca\u0142ym \u015bwiecie, kt\u00f3re potoczy\u0142y si\u0119 z osza\u0142amiaj\u0105c\u0105 szybko\u015bci\u0105.&nbsp;<\/p>\n\n\n\n<p>Ka\u017cde osi\u0105gni\u0119cie sugeruje, \u017ce ludzie sprawuj\u0105cy w\u0142adz\u0119 pracowali nad prze\u0142amaniem tradycyjnych granic prawnych, struktur spo\u0142ecznych i niegdy\u015b powszechnych tabu w celu seksualizacji dzieci.<\/p>\n\n\n\n<p>W\u015br\u00f3d nich: niepokoj\u0105ca sprawa Jeffreya Epsteina, skazanego za kierowanie mi\u0119dzynarodow\u0105 siatk\u0105 zajmuj\u0105c\u0105 si\u0119 prostytucj\u0105, kt\u00f3ra podobno dostarcza\u0142a nieletnie dziewcz\u0119ta graczom o \u015bwiatowej wp\u0142ywie.<\/p>\n\n\n\n<figure class=\"wp-block-image\"><img decoding=\"async\" src=\"https:\/\/a57.foxnews.com\/static.foxnews.com\/foxnews.com\/content\/uploads\/2022\/02\/1200\/675\/epstein.jpg?ve=1&amp;tl=1\" alt=\"Jeffreya Epsteina\"\/><\/figure>\n\n\n\n<p>Jeffrey Epstein (1953\u20132019) staje przed s\u0105dem w West Palm Beach na Florydzie, 30 lipca 2008 r. Epstein zosta\u0142 skazany za prowadzenie telefonu zajmuj\u0105cego si\u0119 prostytucj\u0105 dzieci\u0119c\u0105, rzekomo obs\u0142uguj\u0105cego znane osobisto\u015bci z ca\u0142ego \u015bwiata.&nbsp;(Uma Sanghvi\/Palm Beach Post za po\u015brednictwem AP, plik)<\/p>\n\n\n\n<p>Nast\u0119puje tak\u017ce nag\u0142y, dramatyczny wzrost liczby os\u00f3b transp\u0142ciowych i normalizacja kultury transp\u0142ciowej, nap\u0119dzana kultur\u0105 popularn\u0105 i edukacj\u0105 publiczn\u0105, co przeczy wszelkim znanym precedensom historycznym.&nbsp;<\/p>\n\n\n\n<p>Ponadto nauczyciele w wielu przypadkach bezczelnie stwierdzaj\u0105, \u017ce\u00a0<a href=\"https:\/\/www.foxnews.com\/category\/lifestyle\/parenting\" target=\"_blank\" rel=\"noreferrer noopener\">rodzice maj\u0105<\/a>\u00a0ograniczone prawa do swoich dzieci, podczas gdy ich klasy staj\u0105 si\u0119 coraz bardziej zseksualizowane.\u00a0<\/p>\n\n\n\n<p>\u201eDzi\u0119ki wieloletniej pracy prawniczej i jako dumny homoseksualista doskonale wiem, w jaki spos\u00f3b prawo karne sygnalizuje, kt\u00f3re grupy nale\u017cy chroni\u0107, a kt\u00f3re nale\u017cy pot\u0119pi\u0107 i ostracyzm\u201d \u2013 napisa\u0142 emerytowany s\u0119dzia Edwin Cameron z Trybuna\u0142u Konstytucyjnego Republiki Po\u0142udniowej Afryki we wst\u0119pie raportu.&nbsp;<\/p>\n\n\n\n<p>\u201eW ten spos\u00f3b prawo karne pe\u0142ni funkcj\u0119 ekspresyjn\u0105 \u2013 i ma dramatyczne konsekwencje dla \u017cycia ludzi. Czasami poci\u0105ga za sob\u0105 ostry dyskryminuj\u0105cy wp\u0142yw na grupy uto\u017csamiane z nieakceptowanym lub napi\u0119tnowanym post\u0119powaniem\u201d.<\/p>\n\n\n\n<p>Fox News Digital poprosi\u0142a Mi\u0119dzynarodow\u0105 Komisj\u0119 Prawnik\u00f3w, UNAIDS i Biuro Wysokiego Komisarza Narod\u00f3w Zjednoczonych ds. Praw Cz\u0142owieka o komentarz.<\/p>\n\n\n\n<p>Jak twierdzi grupa, raport \u201eopracowano w ci\u0105gu pi\u0119cioletniego procesu konsultacyjnego po wst\u0119pnym spotkaniu ekspert\u00f3w z prawnikami zwo\u0142anym w 2018 r. przez MTS \u2013 wsp\u00f3lnie ze Wsp\u00f3lnym Programem ONZ ds. HIV\/AIDS (UNAIDS) i Biurem ds. Wysoki Komisarz ds. Praw Cz\u0142owieka (OHCHR) \u2014 w celu om\u00f3wienia roli prawnik\u00f3w w zajmowaniu si\u0119 szkodliwym wp\u0142ywem niekt\u00f3rych przepis\u00f3w karnych na prawa cz\u0142owieka.\u201d<\/p>\n\n\n\n<p>M\u00f3wi tak\u017ce: \u201eW procesie opracowywania\u2026&nbsp;uczestniczyli eksperci w dziedzinie prawa, pracownicy naukowi, prawnicy, obro\u0144cy praw cz\u0142owieka i r\u00f3\u017cne organizacje spo\u0142ecze\u0144stwa obywatelskiego dzia\u0142aj\u0105ce w oparciu o r\u00f3\u017cne tradycje prawne\u201d.<\/p>\n\n\n\n<p>Kerry J. Byrne jest reporterk\u0105 lifestylow\u0105 pracuj\u0105c\u0105 w Fox News Digital.<\/p>\n\n\n\n<p>\u0179r\u00f3d\u0142o <a href=\"https:\/\/www.foxnews.com\/lifestyle\/un-backed-legal-recommendations-normalize-sex-minors-critics-say\">https:\/\/www.foxnews.com\/lifestyle\/un-backed-legal-recommendations-normalize-sex-minors-critics-say<\/a><\/p>\n\n\n\n<p>\u0179r\u00f3d\u0142o <a href=\"https:\/\/detektywprawdy.pl\/2023\/04\/20\/onz-legalizuje-pedofilie-nowe-zalecenia-prawne-normalizuja-seks-z-nieletnimi\/\">https:\/\/detektywprawdy.pl\/2023\/04\/20\/onz-legalizuje-pedofilie-nowe-zalecenia-prawne-normalizuja-seks-z-nieletnimi\/<\/a><\/p>\n\n\n\n<p>\u0179r\u00f3d\u0142o <a href=\"https:\/\/kurier-pol-au.net\/2023\/04\/19\/nowe-zalecenia-prawne-wspierane-przez-onz-normalizuja-seks-z-nieletnimi\/\">https:\/\/kurier-pol-au.net\/2023\/04\/19\/nowe-zalecenia-prawne-wspierane-przez-onz-normalizuja-seks-z-nieletnimi\/<\/a><\/p>\n","protected":false},"excerpt":{"rendered":"<p>Nowe, wspierane przez ONZ zalecenia prawne normalizuj\u0105 seks z nieletnimi \u2013 twierdz\u0105 oburzeni krytycy \u201eDzieci mog\u0105 wyrazi\u0107 zgod\u0119 na seks z doros\u0142ymi.\u00a0Taki by\u0142 plan od pocz\u0105tku\u201d \u2013 oskar\u017ca influencerka medi\u00f3w spo\u0142eczno\u015bciowych Autor:\u00a0Kerry J. Byrne\u00a0 Opublikowany\u00a017 kwietnia 2023 r Wideo Nie&#8230; <\/p>\n","protected":false},"author":2,"featured_media":4695,"comment_status":"open","ping_status":"open","sticky":false,"template":"","format":"standard","meta":{"_acf_changed":false,"_bbp_topic_count":0,"_bbp_reply_count":0,"_bbp_total_topic_count":0,"_bbp_total_reply_count":0,"_bbp_voice_count":0,"_bbp_anonymous_reply_count":0,"_bbp_topic_count_hidden":0,"_bbp_reply_count_hidden":0,"_bbp_forum_subforum_count":0,"om_disable_all_campaigns":false,"_monsterinsights_skip_tracking":false,"footnotes":""},"categories":[93],"tags":[],"class_list":["post-4692","post","type-post","status-publish","format-standard","has-post-thumbnail","hentry","category-artykuly"],"acf":[],"aioseo_notices":[],"aioseo_head":"\n\t\t<!-- All in One SEO 5.0.1.1 - aioseo.com -->\n\t<meta name=\"description\" content=\"Nowe, wspierane przez ONZ zalecenia prawne normalizuj\u0105 seks z nieletnimi \u2013 twierdz\u0105 oburzeni krytycy \u201eDzieci mog\u0105 wyrazi\u0107 zgod\u0119 na seks z doros\u0142ymi. Taki by\u0142 plan od pocz\u0105tku\u201d \u2013 oskar\u017ca influencerka medi\u00f3w spo\u0142eczno\u015bciowych Autor: Kerry J. Byrne Opublikowany 17 kwietnia 2023 r Wideo Nie chc\u0119, \u017ceby jakikolwiek pedofil by\u0142 traktowany w specjalny spos\u00f3b: Stefani Lord Reprezentantka Nowego Meksyku Stefani\" \/>\n\t<meta name=\"robots\" content=\"max-image-preview:large\" \/>\n\t<meta name=\"author\" content=\"trinity\"\/>\n\t<link rel=\"canonical\" href=\"https:\/\/wia.net.pl\/index.php\/2023\/09\/21\/onz-i-prawo-normalizujace-seks-z-nieletnimi-raport\/\" \/>\n\t<meta name=\"generator\" content=\"All in One SEO (AIOSEO) 5.0.1.1\" \/>\n\t\t<meta property=\"og:locale\" content=\"pl_PL\" \/>\n\t\t<meta property=\"og:site_name\" content=\"Wolno\u015b\u0107 i Anarchia - Ka\u017cdy wewn\u0119trznie jest anarchist\u0105.\" \/>\n\t\t<meta property=\"og:type\" content=\"article\" \/>\n\t\t<meta property=\"og:title\" content=\"ONZ i prawo normalizuj\u0105ce seks z nieletnimi \u2013 Raport - Wolno\u015b\u0107 i Anarchia\" \/>\n\t\t<meta property=\"og:description\" content=\"Nowe, wspierane przez ONZ zalecenia prawne normalizuj\u0105 seks z nieletnimi \u2013 twierdz\u0105 oburzeni krytycy \u201eDzieci mog\u0105 wyrazi\u0107 zgod\u0119 na seks z doros\u0142ymi. Taki by\u0142 plan od pocz\u0105tku\u201d \u2013 oskar\u017ca influencerka medi\u00f3w spo\u0142eczno\u015bciowych Autor: Kerry J. Byrne Opublikowany 17 kwietnia 2023 r Wideo Nie chc\u0119, \u017ceby jakikolwiek pedofil by\u0142 traktowany w specjalny spos\u00f3b: Stefani Lord Reprezentantka Nowego Meksyku Stefani\" \/>\n\t\t<meta property=\"og:url\" content=\"https:\/\/wia.net.pl\/index.php\/2023\/09\/21\/onz-i-prawo-normalizujace-seks-z-nieletnimi-raport\/\" \/>\n\t\t<meta property=\"og:image\" content=\"https:\/\/wia.net.pl\/wp-content\/uploads\/2023\/11\/cropped-freedom-i73367.jpg\" \/>\n\t\t<meta property=\"og:image:secure_url\" content=\"https:\/\/wia.net.pl\/wp-content\/uploads\/2023\/11\/cropped-freedom-i73367.jpg\" \/>\n\t\t<meta property=\"article:published_time\" content=\"2023-09-21T13:05:03+00:00\" \/>\n\t\t<meta property=\"article:modified_time\" content=\"2023-09-21T13:05:03+00:00\" \/>\n\t\t<meta name=\"twitter:card\" content=\"summary_large_image\" \/>\n\t\t<meta name=\"twitter:title\" content=\"ONZ i prawo normalizuj\u0105ce seks z nieletnimi \u2013 Raport - Wolno\u015b\u0107 i Anarchia\" \/>\n\t\t<meta name=\"twitter:description\" content=\"Nowe, wspierane przez ONZ zalecenia prawne normalizuj\u0105 seks z nieletnimi \u2013 twierdz\u0105 oburzeni krytycy \u201eDzieci mog\u0105 wyrazi\u0107 zgod\u0119 na seks z doros\u0142ymi. Taki by\u0142 plan od pocz\u0105tku\u201d \u2013 oskar\u017ca influencerka medi\u00f3w spo\u0142eczno\u015bciowych Autor: Kerry J. Byrne Opublikowany 17 kwietnia 2023 r Wideo Nie chc\u0119, \u017ceby jakikolwiek pedofil by\u0142 traktowany w specjalny spos\u00f3b: Stefani Lord Reprezentantka Nowego Meksyku Stefani\" \/>\n\t\t<meta name=\"twitter:image\" content=\"https:\/\/wia.net.pl\/wp-content\/uploads\/2023\/11\/cropped-freedom-i73367.jpg\" \/>\n\t\t<script type=\"application\/ld+json\" class=\"aioseo-schema\">\n\t\t\t{\"@context\":\"https:\\\/\\\/schema.org\",\"@graph\":[{\"@type\":\"BlogPosting\",\"@id\":\"https:\\\/\\\/wia.net.pl\\\/index.php\\\/2023\\\/09\\\/21\\\/onz-i-prawo-normalizujace-seks-z-nieletnimi-raport\\\/#blogposting\",\"name\":\"ONZ i prawo normalizuj\\u0105ce seks z nieletnimi \\u2013 Raport - Wolno\\u015b\\u0107 i Anarchia\",\"headline\":\"ONZ i prawo normalizuj\\u0105ce seks z nieletnimi &#8211; Raport\",\"author\":{\"@id\":\"https:\\\/\\\/wia.net.pl\\\/index.php\\\/author\\\/trinity\\\/#author\"},\"publisher\":{\"@id\":\"https:\\\/\\\/wia.net.pl\\\/#person\"},\"image\":{\"@type\":\"ImageObject\",\"url\":\"https:\\\/\\\/wia.net.pl\\\/wp-content\\\/uploads\\\/2023\\\/09\\\/onz.jpg\",\"width\":1920,\"height\":1080},\"datePublished\":\"2023-09-21T15:05:03+02:00\",\"dateModified\":\"2023-09-21T15:05:03+02:00\",\"inLanguage\":\"pl-PL\",\"mainEntityOfPage\":{\"@id\":\"https:\\\/\\\/wia.net.pl\\\/index.php\\\/2023\\\/09\\\/21\\\/onz-i-prawo-normalizujace-seks-z-nieletnimi-raport\\\/#webpage\"},\"isPartOf\":{\"@id\":\"https:\\\/\\\/wia.net.pl\\\/index.php\\\/2023\\\/09\\\/21\\\/onz-i-prawo-normalizujace-seks-z-nieletnimi-raport\\\/#webpage\"},\"articleSection\":\"Artyku\\u0142y\"},{\"@type\":\"BreadcrumbList\",\"@id\":\"https:\\\/\\\/wia.net.pl\\\/index.php\\\/2023\\\/09\\\/21\\\/onz-i-prawo-normalizujace-seks-z-nieletnimi-raport\\\/#breadcrumblist\",\"itemListElement\":[{\"@type\":\"ListItem\",\"@id\":\"https:\\\/\\\/wia.net.pl#listItem\",\"position\":1,\"name\":\"Home\",\"item\":\"https:\\\/\\\/wia.net.pl\",\"nextItem\":{\"@type\":\"ListItem\",\"@id\":\"https:\\\/\\\/wia.net.pl\\\/index.php\\\/category\\\/artykuly\\\/#listItem\",\"name\":\"Artyku\\u0142y\"}},{\"@type\":\"ListItem\",\"@id\":\"https:\\\/\\\/wia.net.pl\\\/index.php\\\/category\\\/artykuly\\\/#listItem\",\"position\":2,\"name\":\"Artyku\\u0142y\",\"item\":\"https:\\\/\\\/wia.net.pl\\\/index.php\\\/category\\\/artykuly\\\/\",\"nextItem\":{\"@type\":\"ListItem\",\"@id\":\"https:\\\/\\\/wia.net.pl\\\/index.php\\\/2023\\\/09\\\/21\\\/onz-i-prawo-normalizujace-seks-z-nieletnimi-raport\\\/#listItem\",\"name\":\"ONZ i prawo normalizuj\\u0105ce seks z nieletnimi &#8211; Raport\"},\"previousItem\":{\"@type\":\"ListItem\",\"@id\":\"https:\\\/\\\/wia.net.pl#listItem\",\"name\":\"Home\"}},{\"@type\":\"ListItem\",\"@id\":\"https:\\\/\\\/wia.net.pl\\\/index.php\\\/2023\\\/09\\\/21\\\/onz-i-prawo-normalizujace-seks-z-nieletnimi-raport\\\/#listItem\",\"position\":3,\"name\":\"ONZ i prawo normalizuj\\u0105ce seks z nieletnimi &#8211; Raport\",\"previousItem\":{\"@type\":\"ListItem\",\"@id\":\"https:\\\/\\\/wia.net.pl\\\/index.php\\\/category\\\/artykuly\\\/#listItem\",\"name\":\"Artyku\\u0142y\"}}]},{\"@type\":\"Person\",\"@id\":\"https:\\\/\\\/wia.net.pl\\\/#person\",\"name\":\"Bart\\u0142omiej Talarczyk\",\"image\":{\"@type\":\"ImageObject\",\"@id\":\"https:\\\/\\\/wia.net.pl\\\/index.php\\\/2023\\\/09\\\/21\\\/onz-i-prawo-normalizujace-seks-z-nieletnimi-raport\\\/#personImage\",\"url\":\"https:\\\/\\\/wia.net.pl\\\/wp-content\\\/uploads\\\/avatar-privacy\\\/cache\\\/user\\\/1\\\/7\\\/176a6b161c58363ff49b5c167264231f519f5c7fa183ca1f61e891769b6b56d5-96.jpg\",\"width\":96,\"height\":96,\"caption\":\"Bart\\u0142omiej Talarczyk\"}},{\"@type\":\"Person\",\"@id\":\"https:\\\/\\\/wia.net.pl\\\/index.php\\\/author\\\/trinity\\\/#author\",\"url\":\"https:\\\/\\\/wia.net.pl\\\/index.php\\\/author\\\/trinity\\\/\",\"name\":\"trinity\",\"image\":{\"@type\":\"ImageObject\",\"@id\":\"https:\\\/\\\/wia.net.pl\\\/index.php\\\/2023\\\/09\\\/21\\\/onz-i-prawo-normalizujace-seks-z-nieletnimi-raport\\\/#authorImage\",\"url\":\"https:\\\/\\\/wia.net.pl\\\/wp-content\\\/uploads\\\/avatar-privacy\\\/cache\\\/user\\\/5\\\/f\\\/5f6547cf82495eaa10e100a6a45d5dbde2dfdc1be88557de2018fca705bdf6f1-96.jpg\",\"width\":96,\"height\":96,\"caption\":\"trinity\"}},{\"@type\":\"WebPage\",\"@id\":\"https:\\\/\\\/wia.net.pl\\\/index.php\\\/2023\\\/09\\\/21\\\/onz-i-prawo-normalizujace-seks-z-nieletnimi-raport\\\/#webpage\",\"url\":\"https:\\\/\\\/wia.net.pl\\\/index.php\\\/2023\\\/09\\\/21\\\/onz-i-prawo-normalizujace-seks-z-nieletnimi-raport\\\/\",\"name\":\"ONZ i prawo normalizuj\\u0105ce seks z nieletnimi \\u2013 Raport - Wolno\\u015b\\u0107 i Anarchia\",\"description\":\"Nowe, wspierane przez ONZ zalecenia prawne normalizuj\\u0105 seks z nieletnimi \\u2013 twierdz\\u0105 oburzeni krytycy \\u201eDzieci mog\\u0105 wyrazi\\u0107 zgod\\u0119 na seks z doros\\u0142ymi. Taki by\\u0142 plan od pocz\\u0105tku\\u201d \\u2013 oskar\\u017ca influencerka medi\\u00f3w spo\\u0142eczno\\u015bciowych Autor: Kerry J. Byrne Opublikowany 17 kwietnia 2023 r Wideo Nie chc\\u0119, \\u017ceby jakikolwiek pedofil by\\u0142 traktowany w specjalny spos\\u00f3b: Stefani Lord Reprezentantka Nowego Meksyku Stefani\",\"inLanguage\":\"pl-PL\",\"isPartOf\":{\"@id\":\"https:\\\/\\\/wia.net.pl\\\/#website\"},\"breadcrumb\":{\"@id\":\"https:\\\/\\\/wia.net.pl\\\/index.php\\\/2023\\\/09\\\/21\\\/onz-i-prawo-normalizujace-seks-z-nieletnimi-raport\\\/#breadcrumblist\"},\"author\":{\"@id\":\"https:\\\/\\\/wia.net.pl\\\/index.php\\\/author\\\/trinity\\\/#author\"},\"creator\":{\"@id\":\"https:\\\/\\\/wia.net.pl\\\/index.php\\\/author\\\/trinity\\\/#author\"},\"image\":{\"@type\":\"ImageObject\",\"url\":\"https:\\\/\\\/wia.net.pl\\\/wp-content\\\/uploads\\\/2023\\\/09\\\/onz.jpg\",\"@id\":\"https:\\\/\\\/wia.net.pl\\\/index.php\\\/2023\\\/09\\\/21\\\/onz-i-prawo-normalizujace-seks-z-nieletnimi-raport\\\/#mainImage\",\"width\":1920,\"height\":1080},\"primaryImageOfPage\":{\"@id\":\"https:\\\/\\\/wia.net.pl\\\/index.php\\\/2023\\\/09\\\/21\\\/onz-i-prawo-normalizujace-seks-z-nieletnimi-raport\\\/#mainImage\"},\"datePublished\":\"2023-09-21T15:05:03+02:00\",\"dateModified\":\"2023-09-21T15:05:03+02:00\"},{\"@type\":\"WebSite\",\"@id\":\"https:\\\/\\\/wia.net.pl\\\/#website\",\"url\":\"https:\\\/\\\/wia.net.pl\\\/\",\"name\":\"Wolno\\u015b\\u0107 i Anarchia\",\"description\":\"Ka\\u017cdy wewn\\u0119trznie jest anarchist\\u0105.\",\"inLanguage\":\"pl-PL\",\"publisher\":{\"@id\":\"https:\\\/\\\/wia.net.pl\\\/#person\"}}]}\n\t\t<\/script>\n\t\t<!-- All in One SEO -->\n\n","aioseo_head_json":{"title":"ONZ i prawo normalizuj\u0105ce seks z nieletnimi \u2013 Raport - Wolno\u015b\u0107 i Anarchia","description":"Nowe, wspierane przez ONZ zalecenia prawne normalizuj\u0105 seks z nieletnimi \u2013 twierdz\u0105 oburzeni krytycy \u201eDzieci mog\u0105 wyrazi\u0107 zgod\u0119 na seks z doros\u0142ymi. Taki by\u0142 plan od pocz\u0105tku\u201d \u2013 oskar\u017ca influencerka medi\u00f3w spo\u0142eczno\u015bciowych Autor: Kerry J. Byrne Opublikowany 17 kwietnia 2023 r Wideo Nie chc\u0119, \u017ceby jakikolwiek pedofil by\u0142 traktowany w specjalny spos\u00f3b: Stefani Lord Reprezentantka Nowego Meksyku Stefani","canonical_url":"https:\/\/wia.net.pl\/index.php\/2023\/09\/21\/onz-i-prawo-normalizujace-seks-z-nieletnimi-raport\/","robots":"max-image-preview:large","keywords":"","webmasterTools":{"miscellaneous":""},"schema":{"@context":"https:\/\/schema.org","@graph":[{"@type":"BlogPosting","@id":"https:\/\/wia.net.pl\/index.php\/2023\/09\/21\/onz-i-prawo-normalizujace-seks-z-nieletnimi-raport\/#blogposting","name":"ONZ i prawo normalizuj\u0105ce seks z nieletnimi \u2013 Raport - Wolno\u015b\u0107 i Anarchia","headline":"ONZ i prawo normalizuj\u0105ce seks z nieletnimi &#8211; Raport","author":{"@id":"https:\/\/wia.net.pl\/index.php\/author\/trinity\/#author"},"publisher":{"@id":"https:\/\/wia.net.pl\/#person"},"image":{"@type":"ImageObject","url":"https:\/\/wia.net.pl\/wp-content\/uploads\/2023\/09\/onz.jpg","width":1920,"height":1080},"datePublished":"2023-09-21T15:05:03+02:00","dateModified":"2023-09-21T15:05:03+02:00","inLanguage":"pl-PL","mainEntityOfPage":{"@id":"https:\/\/wia.net.pl\/index.php\/2023\/09\/21\/onz-i-prawo-normalizujace-seks-z-nieletnimi-raport\/#webpage"},"isPartOf":{"@id":"https:\/\/wia.net.pl\/index.php\/2023\/09\/21\/onz-i-prawo-normalizujace-seks-z-nieletnimi-raport\/#webpage"},"articleSection":"Artyku\u0142y"},{"@type":"BreadcrumbList","@id":"https:\/\/wia.net.pl\/index.php\/2023\/09\/21\/onz-i-prawo-normalizujace-seks-z-nieletnimi-raport\/#breadcrumblist","itemListElement":[{"@type":"ListItem","@id":"https:\/\/wia.net.pl#listItem","position":1,"name":"Home","item":"https:\/\/wia.net.pl","nextItem":{"@type":"ListItem","@id":"https:\/\/wia.net.pl\/index.php\/category\/artykuly\/#listItem","name":"Artyku\u0142y"}},{"@type":"ListItem","@id":"https:\/\/wia.net.pl\/index.php\/category\/artykuly\/#listItem","position":2,"name":"Artyku\u0142y","item":"https:\/\/wia.net.pl\/index.php\/category\/artykuly\/","nextItem":{"@type":"ListItem","@id":"https:\/\/wia.net.pl\/index.php\/2023\/09\/21\/onz-i-prawo-normalizujace-seks-z-nieletnimi-raport\/#listItem","name":"ONZ i prawo normalizuj\u0105ce seks z nieletnimi &#8211; Raport"},"previousItem":{"@type":"ListItem","@id":"https:\/\/wia.net.pl#listItem","name":"Home"}},{"@type":"ListItem","@id":"https:\/\/wia.net.pl\/index.php\/2023\/09\/21\/onz-i-prawo-normalizujace-seks-z-nieletnimi-raport\/#listItem","position":3,"name":"ONZ i prawo normalizuj\u0105ce seks z nieletnimi &#8211; Raport","previousItem":{"@type":"ListItem","@id":"https:\/\/wia.net.pl\/index.php\/category\/artykuly\/#listItem","name":"Artyku\u0142y"}}]},{"@type":"Person","@id":"https:\/\/wia.net.pl\/#person","name":"Bart\u0142omiej Talarczyk","image":{"@type":"ImageObject","@id":"https:\/\/wia.net.pl\/index.php\/2023\/09\/21\/onz-i-prawo-normalizujace-seks-z-nieletnimi-raport\/#personImage","url":"https:\/\/wia.net.pl\/wp-content\/uploads\/avatar-privacy\/cache\/user\/1\/7\/176a6b161c58363ff49b5c167264231f519f5c7fa183ca1f61e891769b6b56d5-96.jpg","width":96,"height":96,"caption":"Bart\u0142omiej Talarczyk"}},{"@type":"Person","@id":"https:\/\/wia.net.pl\/index.php\/author\/trinity\/#author","url":"https:\/\/wia.net.pl\/index.php\/author\/trinity\/","name":"trinity","image":{"@type":"ImageObject","@id":"https:\/\/wia.net.pl\/index.php\/2023\/09\/21\/onz-i-prawo-normalizujace-seks-z-nieletnimi-raport\/#authorImage","url":"https:\/\/wia.net.pl\/wp-content\/uploads\/avatar-privacy\/cache\/user\/5\/f\/5f6547cf82495eaa10e100a6a45d5dbde2dfdc1be88557de2018fca705bdf6f1-96.jpg","width":96,"height":96,"caption":"trinity"}},{"@type":"WebPage","@id":"https:\/\/wia.net.pl\/index.php\/2023\/09\/21\/onz-i-prawo-normalizujace-seks-z-nieletnimi-raport\/#webpage","url":"https:\/\/wia.net.pl\/index.php\/2023\/09\/21\/onz-i-prawo-normalizujace-seks-z-nieletnimi-raport\/","name":"ONZ i prawo normalizuj\u0105ce seks z nieletnimi \u2013 Raport - Wolno\u015b\u0107 i Anarchia","description":"Nowe, wspierane przez ONZ zalecenia prawne normalizuj\u0105 seks z nieletnimi \u2013 twierdz\u0105 oburzeni krytycy \u201eDzieci mog\u0105 wyrazi\u0107 zgod\u0119 na seks z doros\u0142ymi. Taki by\u0142 plan od pocz\u0105tku\u201d \u2013 oskar\u017ca influencerka medi\u00f3w spo\u0142eczno\u015bciowych Autor: Kerry J. Byrne Opublikowany 17 kwietnia 2023 r Wideo Nie chc\u0119, \u017ceby jakikolwiek pedofil by\u0142 traktowany w specjalny spos\u00f3b: Stefani Lord Reprezentantka Nowego Meksyku Stefani","inLanguage":"pl-PL","isPartOf":{"@id":"https:\/\/wia.net.pl\/#website"},"breadcrumb":{"@id":"https:\/\/wia.net.pl\/index.php\/2023\/09\/21\/onz-i-prawo-normalizujace-seks-z-nieletnimi-raport\/#breadcrumblist"},"author":{"@id":"https:\/\/wia.net.pl\/index.php\/author\/trinity\/#author"},"creator":{"@id":"https:\/\/wia.net.pl\/index.php\/author\/trinity\/#author"},"image":{"@type":"ImageObject","url":"https:\/\/wia.net.pl\/wp-content\/uploads\/2023\/09\/onz.jpg","@id":"https:\/\/wia.net.pl\/index.php\/2023\/09\/21\/onz-i-prawo-normalizujace-seks-z-nieletnimi-raport\/#mainImage","width":1920,"height":1080},"primaryImageOfPage":{"@id":"https:\/\/wia.net.pl\/index.php\/2023\/09\/21\/onz-i-prawo-normalizujace-seks-z-nieletnimi-raport\/#mainImage"},"datePublished":"2023-09-21T15:05:03+02:00","dateModified":"2023-09-21T15:05:03+02:00"},{"@type":"WebSite","@id":"https:\/\/wia.net.pl\/#website","url":"https:\/\/wia.net.pl\/","name":"Wolno\u015b\u0107 i Anarchia","description":"Ka\u017cdy wewn\u0119trznie jest anarchist\u0105.","inLanguage":"pl-PL","publisher":{"@id":"https:\/\/wia.net.pl\/#person"}}]},"og:locale":"pl_PL","og:site_name":"Wolno\u015b\u0107 i Anarchia - Ka\u017cdy wewn\u0119trznie jest anarchist\u0105.","og:type":"article","og:title":"ONZ i prawo normalizuj\u0105ce seks z nieletnimi \u2013 Raport - Wolno\u015b\u0107 i Anarchia","og:description":"Nowe, wspierane przez ONZ zalecenia prawne normalizuj\u0105 seks z nieletnimi \u2013 twierdz\u0105 oburzeni krytycy \u201eDzieci mog\u0105 wyrazi\u0107 zgod\u0119 na seks z doros\u0142ymi. Taki by\u0142 plan od pocz\u0105tku\u201d \u2013 oskar\u017ca influencerka medi\u00f3w spo\u0142eczno\u015bciowych Autor: Kerry J. Byrne Opublikowany 17 kwietnia 2023 r Wideo Nie chc\u0119, \u017ceby jakikolwiek pedofil by\u0142 traktowany w specjalny spos\u00f3b: Stefani Lord Reprezentantka Nowego Meksyku Stefani","og:url":"https:\/\/wia.net.pl\/index.php\/2023\/09\/21\/onz-i-prawo-normalizujace-seks-z-nieletnimi-raport\/","og:image":"https:\/\/wia.net.pl\/wp-content\/uploads\/2023\/11\/cropped-freedom-i73367.jpg","og:image:secure_url":"https:\/\/wia.net.pl\/wp-content\/uploads\/2023\/11\/cropped-freedom-i73367.jpg","article:published_time":"2023-09-21T13:05:03+00:00","article:modified_time":"2023-09-21T13:05:03+00:00","twitter:card":"summary_large_image","twitter:title":"ONZ i prawo normalizuj\u0105ce seks z nieletnimi \u2013 Raport - Wolno\u015b\u0107 i Anarchia","twitter:description":"Nowe, wspierane przez ONZ zalecenia prawne normalizuj\u0105 seks z nieletnimi \u2013 twierdz\u0105 oburzeni krytycy \u201eDzieci mog\u0105 wyrazi\u0107 zgod\u0119 na seks z doros\u0142ymi. Taki by\u0142 plan od pocz\u0105tku\u201d \u2013 oskar\u017ca influencerka medi\u00f3w spo\u0142eczno\u015bciowych Autor: Kerry J. Byrne Opublikowany 17 kwietnia 2023 r Wideo Nie chc\u0119, \u017ceby jakikolwiek pedofil by\u0142 traktowany w specjalny spos\u00f3b: Stefani Lord Reprezentantka Nowego Meksyku Stefani","twitter:image":"https:\/\/wia.net.pl\/wp-content\/uploads\/2023\/11\/cropped-freedom-i73367.jpg"},"aioseo_meta_data":{"post_id":"4692","title":null,"description":null,"keywords":[],"keyphrases":{"focus":{"keyphrase":"","score":0,"analysis":{"keyphraseInTitle":{"score":0,"maxScore":9,"error":1}}},"additional":[]},"primary_term":null,"canonical_url":null,"og_title":null,"og_description":null,"og_object_type":"default","og_image_type":"default","og_image_url":null,"og_image_width":null,"og_image_height":null,"og_image_custom_url":null,"og_image_custom_fields":null,"og_video":"","og_custom_url":null,"og_article_section":null,"og_article_tags":[],"twitter_use_og":false,"twitter_card":"default","twitter_image_type":"default","twitter_image_url":null,"twitter_image_custom_url":null,"twitter_image_custom_fields":null,"twitter_title":null,"twitter_description":null,"schema":{"blockGraphs":[],"customGraphs":[],"default":{"data":{"Article":[],"Course":[],"Dataset":[],"FAQPage":[],"Movie":[],"Person":[],"Product":[],"ProductReview":[],"Car":[],"Recipe":[],"Service":[],"SoftwareApplication":[],"WebPage":[]},"graphName":"BlogPosting","isEnabled":true},"graphs":[]},"schema_type":"default","schema_type_options":null,"pillar_content":false,"robots_default":true,"robots_noindex":false,"robots_noarchive":false,"robots_nosnippet":false,"robots_nofollow":false,"robots_noimageindex":false,"robots_noodp":false,"robots_notranslate":false,"robots_max_snippet":"-1","robots_max_videopreview":"-1","robots_max_imagepreview":"large","priority":null,"frequency":"default","local_seo":null,"breadcrumb_settings":null,"limit_modified_date":false,"ai":null,"created":"2023-09-21 13:05:03","updated":"2025-06-04 09:21:28","seo_analyzer_scan_date":null,"focus_keyword":null,"additional_keywords":null,"truseo_locale":null},"aioseo_breadcrumb":"<div class=\"aioseo-breadcrumbs\"><span class=\"aioseo-breadcrumb\">\n\t\t\t<a href=\"https:\/\/wia.net.pl\" title=\"Home\">Home<\/a>\n\t\t<\/span><span class=\"aioseo-breadcrumb-separator\">&raquo;<\/span><span class=\"aioseo-breadcrumb\">\n\t\t\t<a href=\"https:\/\/wia.net.pl\/index.php\/category\/artykuly\/\" title=\"Artyku\u0142y\">Artyku\u0142y<\/a>\n\t\t<\/span><span class=\"aioseo-breadcrumb-separator\">&raquo;<\/span><span class=\"aioseo-breadcrumb\">\n\t\t\tONZ i prawo normalizuj\u0105ce seks z nieletnimi \u2013 Raport\n\t\t<\/span><\/div>","aioseo_breadcrumb_json":[{"label":"Home","link":"https:\/\/wia.net.pl"},{"label":"Artyku\u0142y","link":"https:\/\/wia.net.pl\/index.php\/category\/artykuly\/"},{"label":"ONZ i prawo normalizuj\u0105ce seks z nieletnimi &#8211; Raport","link":"https:\/\/wia.net.pl\/index.php\/2023\/09\/21\/onz-i-prawo-normalizujace-seks-z-nieletnimi-raport\/"}],"_links":{"self":[{"href":"https:\/\/wia.net.pl\/index.php\/wp-json\/wp\/v2\/posts\/4692"}],"collection":[{"href":"https:\/\/wia.net.pl\/index.php\/wp-json\/wp\/v2\/posts"}],"about":[{"href":"https:\/\/wia.net.pl\/index.php\/wp-json\/wp\/v2\/types\/post"}],"author":[{"embeddable":true,"href":"https:\/\/wia.net.pl\/index.php\/wp-json\/wp\/v2\/users\/2"}],"replies":[{"embeddable":true,"href":"https:\/\/wia.net.pl\/index.php\/wp-json\/wp\/v2\/comments?post=4692"}],"version-history":[{"count":1,"href":"https:\/\/wia.net.pl\/index.php\/wp-json\/wp\/v2\/posts\/4692\/revisions"}],"predecessor-version":[{"id":4696,"href":"https:\/\/wia.net.pl\/index.php\/wp-json\/wp\/v2\/posts\/4692\/revisions\/4696"}],"wp:featuredmedia":[{"embeddable":true,"href":"https:\/\/wia.net.pl\/index.php\/wp-json\/wp\/v2\/media\/4695"}],"wp:attachment":[{"href":"https:\/\/wia.net.pl\/index.php\/wp-json\/wp\/v2\/media?parent=4692"}],"wp:term":[{"taxonomy":"category","embeddable":true,"href":"https:\/\/wia.net.pl\/index.php\/wp-json\/wp\/v2\/categories?post=4692"},{"taxonomy":"post_tag","embeddable":true,"href":"https:\/\/wia.net.pl\/index.php\/wp-json\/wp\/v2\/tags?post=4692"}],"curies":[{"name":"wp","href":"https:\/\/api.w.org\/{rel}","templated":true}]}}