{"id":4743,"date":"2023-09-22T11:22:20","date_gmt":"2023-09-22T09:22:20","guid":{"rendered":"https:\/\/wia.net.pl\/?p=4743"},"modified":"2023-09-22T11:22:20","modified_gmt":"2023-09-22T09:22:20","slug":"onz-pandemia-i-cyfrowy-gulag","status":"publish","type":"post","link":"https:\/\/wia.net.pl\/index.php\/2023\/09\/22\/onz-pandemia-i-cyfrowy-gulag\/","title":{"rendered":"ONZ &#8211; pandemia i cyfrowy gu\u0142ag"},"content":{"rendered":"\n<p>Przewodnicz\u0105cy Zgromadzenia Og\u00f3lnego ONZ zatwierdza deklaracj\u0119 dotycz\u0105c\u0105 pandemii \u2013 eksperci ds. prywatno\u015bci ostrzegaj\u0105 przed \u201ecyfrowym gu\u0142agiem\u201d<\/p>\n\n\n\n<p>Autor.\u00a0<a href=\"https:\/\/www.globalresearch.ca\/author\/michael-nevradakis\">Michael Nevradakis<\/a><\/p>\n\n\n\n<p>Global Research, September 21, 2023<\/p>\n\n\n\n<p><a href=\"https:\/\/childrenshealthdefense.org\/defender\/united-nations-approves-pandemic-declaration\/?utm_source=luminate&amp;utm_medium=email&amp;utm_campaign=defender&amp;utm_id=20230920\" target=\"_blank\" rel=\"noreferrer noopener\">Children&#8217;s Health Defense<\/a>\u00a020 wrze\u015bnia 2023<\/p>\n\n\n\n<figure class=\"wp-block-image size-large\"><img loading=\"lazy\" decoding=\"async\" width=\"1024\" height=\"512\" src=\"https:\/\/wia.net.pl\/wp-content\/uploads\/2023\/09\/186057-1024x512.jpg\" alt=\"\" class=\"wp-image-4744\" srcset=\"https:\/\/wia.net.pl\/wp-content\/uploads\/2023\/09\/186057-1024x512.jpg 1024w, https:\/\/wia.net.pl\/wp-content\/uploads\/2023\/09\/186057-300x150.jpg 300w, https:\/\/wia.net.pl\/wp-content\/uploads\/2023\/09\/186057-768x384.jpg 768w, https:\/\/wia.net.pl\/wp-content\/uploads\/2023\/09\/186057.jpg 1400w\" sizes=\"(max-width: 1024px) 100vw, 1024px\" \/><\/figure>\n\n\n\n<p><em>Przewodnicz\u0105cy Zgromadzenia Og\u00f3lnego Organizacji Narod\u00f3w Zjednoczonych (ONZ) (ONZ)&nbsp;<a href=\"https:\/\/healthpolicy-watch.news\/world-leaders-agree-to-historic-but-non-binding-declaration-on-pandemic-preparedness-and-response\/\">zatwierdzi\u0142<\/a>&nbsp;dzi\u015b niewi\u0105\u017c\u0105c\u0105&nbsp;<a href=\"https:\/\/www.un.org\/pga\/77\/wp-content\/uploads\/sites\/105\/2023\/09\/PPPR-Final-Text.pdf\">deklaracj\u0119 ONZ<\/a>&nbsp;w sprawie&nbsp;<a href=\"https:\/\/www.who.int\/news-room\/events\/detail\/2023\/09\/20\/default-calendar\/un-general-assembly-high-level-meetings-on-health-2023\">zapobiegania, gotowo\u015bci i reagowania na pandemi\u0119<\/a>&nbsp;(PPPR) bez pe\u0142nego g\u0142osowania Zgromadzenia i pomimo sprzeciwu 11 kraj\u00f3w.<\/em><\/p>\n\n\n\n<p>Krytycy nazwali deklaracj\u0119, kt\u00f3ra ma&nbsp;<strong>na celu utworzenie globalnego autorytetu ds. pandemii, maj\u0105cego w\u0142adz\u0119 egzekwowania blokad, powszechnych szczepie\u0144 i cenzury \u201edezinformacji\u201d, \u201ehipokryzji\u201d i \u201eniezr\u00f3wnowa\u017cenia\u201d.<\/strong><\/p>\n\n\n\n<p>Zatwierdzenie nast\u0105pi\u0142o w ramach&nbsp;<a href=\"https:\/\/www.who.int\/news-room\/events\/detail\/2023\/09\/20\/default-calendar\/un-general-assembly-high-level-meetings-on-health-2023\">spotkania wysokiego szczebla w sprawie PPPR<\/a>&nbsp;.&nbsp;Ale co ta deklaracja oznacza w praktyce?<\/p>\n\n\n\n<p>Dla zwolennik\u00f3w deklaracja jest kluczowym krokiem w kierunku globalnej koordynacji w zakresie zapobiegania pandemii i zdrowia publicznego.<\/p>\n\n\n\n<p><a href=\"https:\/\/www.who.int\/news-room\/events\/detail\/2023\/09\/20\/default-calendar\/un-general-assembly-high-level-meetings-on-health-2023\">Wed\u0142ug \u015awiatowej Organizacji Zdrowia<\/a>&nbsp;(WHO) \u201estanowi to szans\u0119 [\u2026] na zapobieganie pandemiom i ich konsekwencjom oraz przygotowanie si\u0119 na nie, stosuj\u0105c podej\u015bcie anga\u017cuj\u0105ce wszystkie sektory rz\u0105dowe\u201d.<\/p>\n\n\n\n<p><a href=\"https:\/\/www.who.int\/news\/item\/12-09-2023-WHO-urges-focus-on-health-goals-at-UN-General-Assembly\">WHO stwierdzi\u0142a r\u00f3wnie\u017c, \u017ce<\/a>&nbsp;PPPR ma na celu \u201ewykorzystanie wniosk\u00f3w wyci\u0105gni\u0119tych z pandemii&nbsp;<a href=\"https:\/\/childrenshealthdefense.org\/defender_category\/covid\/\">Covid-19<\/a>&nbsp;\u201d i \u201epowstaje w obliczu licznych kryzys\u00f3w humanitarnych i zwi\u0105zanych z klimatem, kt\u00f3re zagra\u017caj\u0105 \u017cyciu i \u017ar\u00f3d\u0142om utrzymania na ca\u0142ym \u015bwiecie\u201d.<\/p>\n\n\n\n<p>W o\u015bwiadczeniu&nbsp;<strong>dyrektor generalny WHO Tedros Adhanom Ghebreyesus<\/strong>&nbsp;powiedzia\u0142: \u201eJe\u015bli COVID-19 nie nauczy\u0142 nas niczego wi\u0119cej, to tego, \u017ce gdy zagro\u017cone jest zdrowie, zagro\u017cone jest wszystko\u201d.&nbsp;Powi\u0105za\u0142 PPPR z&nbsp;<a href=\"https:\/\/sdgs.un.org\/goals\">celami zr\u00f3wnowa\u017conego rozwoju<\/a>&nbsp;ONZ , m\u00f3wi\u0105c, \u017ce \u015bwiatowi przyw\u00f3dcy powinni \u201epokaza\u0107, \u017ce wyci\u0105gn\u0119li bolesne lekcje z pandemii\u201d.<\/p>\n\n\n\n<p><a href=\"https:\/\/www.law.georgetown.edu\/faculty\/lawrence-o-gostin\/\">Adwokat Lawrence Gostin,<\/a>&nbsp;szef Centrum Wsp\u00f3\u0142pracy WHO na Uniwersytecie Georgetown \u2013 kluczowa posta\u0107 \u201e&nbsp;<a href=\"https:\/\/healthpolicy-watch.news\/who-pandemic-treaty-the-good-the-bad-the-ugly-an-interview-with-larry-gostin\/\">odgrywaj\u0105ca kluczow\u0105 zakulisow\u0105 rol\u0119 w negocjacjach<\/a>&nbsp;\u201d w sprawie proponowanego \u201e&nbsp;<a href=\"https:\/\/apps.who.int\/gb\/inb\/pdf_files\/inb5\/A_INB5_6-en.pdf\">traktatu pandemicznego<\/a>&nbsp;\u201d i&nbsp;<a href=\"https:\/\/apps.who.int\/gb\/wgihr\/pdf_files\/wgihr2\/A_WGIHR2_6-en.pdf\">poprawek<\/a>&nbsp;do&nbsp;<a href=\"https:\/\/www.who.int\/publications-detail-redirect\/9789241580496\">Mi\u0119dzynarodowych przepis\u00f3w zdrowotnych (2005)<\/a>&nbsp;(IHR) \u2013 powiedzia\u0142 spotkanie na wysokim szczeblu \u201ejest nasz\u0105 najwi\u0119ksz\u0105 szans\u0105 na uzyskanie wsparcia i g\u0142\u0119bokiego zaanga\u017cowania g\u0142\u00f3w pa\u0144stw i rz\u0105d\u00f3w\u201d.<\/p>\n\n\n\n<h2 class=\"wp-block-heading\"><strong>\u201eBezprecedensowe\u201d porozumienie odbywa si\u0119 kosztem suwerenno\u015bci narodowej<\/strong><\/h2>\n\n\n\n<p>Inni eksperci byli innego zdania.&nbsp;Autor i tw\u00f3rca podcast\u00f3w Frank Gaffney, za\u0142o\u017cyciel i prezes Centrum&nbsp;<a href=\"https:\/\/centerforsecuritypolicy.org\/\">Polityki Bezpiecze\u0144stwa<\/a>&nbsp;, powiedzia\u0142&nbsp;<a href=\"https:\/\/childrenshealthdefense.org\/defender\/\">The Defender<\/a>&nbsp;, \u017ce \u201ebardzo niepokoj\u0105ce\u201d jest to, \u017ce ONZ i WHO \u201eb\u0119d\u0105 w dalszym ci\u0105gu zach\u0119ca\u0107, je\u015bli nie faktycznie autoryzowa\u0107, taki rodzaj sta\u0142ego potencja\u0142u lub w\u0142adzy z ich strony zasadniczo dyktowa\u0107, co stanowi sytuacj\u0119 nadzwyczajn\u0105\u201d.<\/p>\n\n\n\n<p>\u201eNie da si\u0119 pomin\u0105\u0107 faktu, \u017ce odb\u0119dzie si\u0119 to kosztem suwerenno\u015bci r\u00f3\u017cnych narod\u00f3w, kt\u00f3rym p\u00f3\u017aniej powiedz\u0105, \u017ce maj\u0105 sytuacj\u0119 nadzwyczajn\u0105 i powiedz\u0105, co maj\u0105 z ni\u0105 zrobi\u0107\u201d \u2013 doda\u0142.&nbsp;\u201eTo bezprecedensowe\u201d.<\/p>\n\n\n\n<p>Gostin powiedzia\u0142, \u017ce \u201enegocjatorzy nie wiedz\u0105, jak zr\u00f3wnowa\u017cy\u0107 odpowiedzialno\u015b\u0107 i suwerenno\u015b\u0107 podczas wdra\u017cania instrument\u00f3w takich jak PPPR, IHR czy \u201etraktat pandemiczny\u201d.<\/p>\n\n\n\n<p>Pisz\u0105c dla&nbsp;<a href=\"https:\/\/brownstone.org\/articles\/the-uns-new-political-declaration-on-pandemics\/\">Brownstone Institute<\/a>&nbsp;,&nbsp;<a href=\"https:\/\/brownstone.org\/author\/david-bell\/\">dr David Bell<\/a>&nbsp;, lekarz zdrowia publicznego, konsultant biotechnologiczny i by\u0142y dyrektor Global Health Technologies w Intellectual Ventures Global Good Fund, powiedzia\u0142, \u017ce \u201eg\u0142\u00f3wnym celem\u201d PPPR \u201ejest wsparcie\u201d \u201etraktatu o pandemii\u201d \u201d oraz poprawki do IHR b\u0119d\u0105ce obecnie przedmiotem negocjacji przez pa\u0144stwa cz\u0142onkowskie WHO.<\/p>\n\n\n\n<p>Bell powiedzia\u0142, \u017ce obowi\u0105zuje \u201eprocedura milczenia\u201d, \u201eco oznacza, \u017ce \u200b\u200bpa\u0144stwa, kt\u00f3re nie odpowiedz\u0105, zostan\u0105 uznane za zwolennik\u00f3w tekstu\u201d.&nbsp;Stwierdzi\u0142, \u017ce tekst jest \u201ewyra\u017anie sprzeczny, czasami b\u0142\u0119dny i cz\u0119sto zupe\u0142nie pozbawiony znaczenia\u201d i ma na celu centralizacj\u0119 w\u0142adzy WHO.<\/p>\n\n\n\n<p>Bell powiedzia\u0142 The Defender: \u201eDeklaracja nie zosta\u0142a napisana z powa\u017cnymi intencjami, ale w istocie jest pust\u0105 retoryk\u0105 promuj\u0105c\u0105 ci\u0105g\u0142\u0105 centralizacj\u0119 kontroli, do kt\u00f3rej otwarcie d\u0105\u017c\u0105 ONZ i WHO, kosztem demokracji, praw cz\u0142owieka i r\u00f3wno\u015bci\u201d.<\/p>\n\n\n\n<p><a href=\"https:\/\/law.illinois.edu\/faculty-research\/faculty-profiles\/francis-boyle\/\">Francis Boyle, JD, Ph.D.&nbsp;<\/a>, ekspert w dziedzinie broni biologicznej i profesor prawa mi\u0119dzynarodowego na Uniwersytecie Illinois, kt\u00f3ry przygotowa\u0142 projekt&nbsp;<a href=\"https:\/\/www.congress.gov\/bill\/101st-congress\/senate-bill\/993\">ustawy o przeciwdzia\u0142aniu terroryzmowi w zakresie broni biologicznej z 1989 r<\/a>&nbsp;., zgodzi\u0142 si\u0119 z tym.&nbsp;\u201eTe same osoby, kt\u00f3re przygotowa\u0142y projekt traktatu pandemicznego i poprawek do IHR, przygotowa\u0142y dokument PPPR\u201d \u2013 Bell powiedzia\u0142 The Defender.<\/p>\n\n\n\n<p>\u201eTo prasa pe\u0142nos\u0105dowa, domagaj\u0105ca si\u0119, aby ca\u0142a Organizacja Narod\u00f3w Zjednoczonych, jej wyspecjalizowane agencje i organizacje stowarzyszone popar\u0142y i wspiera\u0142y proponowane przez WHO globalistyczne, totalitarne, medyczne i naukowe pa\u0144stwo policyjne\u201d \u2013 powiedzia\u0142.<\/p>\n\n\n\n<p>Dzisiejsze&nbsp;<a href=\"https:\/\/www.un.org\/pga\/78\/2023\/09\/08\/letter-from-the-pga-pandemic-prevention-preparedness-and-response-programme-and-speakers\/\">spotkanie na wysokim szczeblu<\/a>&nbsp;obejmowa\u0142o zaplanowane przem\u00f3wienia 158 przedstawicieli krajowych, w tym prezydent\u00f3w i premier\u00f3w 34 kraj\u00f3w oraz reprezentuj\u0105cego USA Sekretarza Stanu Anthony&#8217;ego Blinkena.<\/p>\n\n\n\n<p>W\u015br\u00f3d panelist\u00f3w znale\u017ali si\u0119 niemiecki Minister Zdrowia&nbsp;<a href=\"https:\/\/childrenshealthdefense.org\/defender\/karl-lauterbach-germany-covid-vaccine-injuries\/\">dr Karl Lauterbach<\/a>&nbsp;oraz przedstawiciele&nbsp;<a href=\"https:\/\/childrenshealthdefense.org\/defender\/twitter-files-big-pharma-covid\/\">Organizacji Innowacji Biotechnologicznych<\/a>&nbsp;.<\/p>\n\n\n\n<h2 class=\"wp-block-heading\"><strong>Co Deklaracja oznacza dla Ciebie?<\/strong><\/h2>\n\n\n\n<p>Ostateczny tekst&nbsp;<a href=\"https:\/\/www.un.org\/pga\/77\/wp-content\/uploads\/sites\/105\/2023\/09\/PPPR-Final-Text.pdf\">deklaracji politycznej PPPR<\/a>&nbsp;z 1 wrze\u015bnia zawiera stwierdzenia i propozycje dotycz\u0105ce szeregu kwestii, od szczepie\u0144 po tzw. \u201edezinformacj\u0119\u201d.<\/p>\n\n\n<div class=\"wp-block-image\">\n<figure class=\"aligncenter\"><a href=\"https:\/\/www.globalresearch.ca\/un-president-approves-pandemic-declaration-privacy-experts-warn-digital-gulag\/5833360\/screen-shot-2023-09-21-at-11-18-29-pm\"><img decoding=\"async\" src=\"https:\/\/www.globalresearch.ca\/wp-content\/uploads\/2023\/09\/Screen-Shot-2023-09-21-at-11.18.29-PM.png\" alt=\"\" class=\"wp-image-5833368\"\/><\/a><\/figure><\/div>\n\n\n<p><a href=\"https:\/\/www.globalresearch.ca\/pandemic-treaty-will-usher-unelected-one-world-government\/5811301\">Traktat dotycz\u0105cy pandemii zapocz\u0105tkuje niewybrany jeden rz\u0105d \u015bwiatowy<\/a><\/p>\n\n\n\n<p><a href=\"https:\/\/www.un.org\/pga\/77\/wp-content\/uploads\/sites\/105\/2023\/09\/PPPR-Final-Text.pdf\">Zrzut ekranu deklaracji politycznej PPPR ONZ<\/a><\/p>\n\n\n\n<p>Zgodnie z deklaracj\u0105 \u201epandemie wymagaj\u0105 terminowego, pilnego i trwa\u0142ego przyw\u00f3dztwa, globalnej solidarno\u015bci, zwi\u0119kszonej wsp\u00f3\u0142pracy mi\u0119dzynarodowej i wielostronnego zaanga\u017cowania\u2026 w celu wdro\u017cenia sp\u00f3jnych i solidnych dzia\u0142a\u0144 na szczeblu krajowym, regionalnym i globalnym, nap\u0119dzanych przez nauk\u0119\u2026 w celu wzmocnienia zapobiegania pandemii, gotowo\u015bci i reagowania .\u201d<\/p>\n\n\n\n<p>Stwierdzaj\u0105c, \u017ce \u201ezdrowie jest warunkiem wst\u0119pnym dla wszystkich\u201d i wska\u017anikiem \u201ezr\u00f3wnowa\u017conego rozwoju\u201d, deklaracja wzywa do:<\/p>\n\n\n\n<ul class=\"wp-block-list\">\n<li><strong>Powszechne szczepienia:<\/strong>&nbsp;Deklaracja wyra\u017ca \u201eg\u0142\u0119bokie zaniepokojenie\u201d&nbsp;<a href=\"https:\/\/childrenshealthdefense.org\/defender\/chelsea-clinton-gates-foundation-who-global-vaccine-initiative\/\">spadkiem wska\u017anik\u00f3w szczepie\u0144 na \u015bwiecie<\/a>&nbsp;i zawiera zobowi\u0105zanie do wspierania \u201ebada\u0144 i rozwoju szczepionek i lek\u00f3w, a tak\u017ce \u015brodk\u00f3w zapobiegawczych i leczenia chor\u00f3b zaka\u017anych i niezaka\u017anych\u201d.<\/li>\n<\/ul>\n\n\n\n<p>\u201eRutynowe szczepienia to jedna z najskuteczniejszych i najbardziej op\u0142acalnych interwencji w zakresie zdrowia publicznego, charakteryzuj\u0105ca si\u0119 najwi\u0119kszym zasi\u0119giem i udowodnionymi skutkami zdrowotnymi\u201d \u2013 stwierdza deklaracja, podkre\u015blaj\u0105c jednocze\u015bnie \u201ewa\u017cn\u0105 rol\u0119, jak\u0105 odgrywa sektor prywatny w badaniach i rozwoju innowacyjnych lek\u00f3w\u201d. w tym szczepionki.<\/p>\n\n\n\n<p>Wzywa do poprawy \u201erutynowych szczepie\u0144 i mo\u017cliwo\u015bci dzia\u0142a\u0144 informacyjnych, w tym poprzez dostarczanie opartych na dowodach informacji na temat promowania zaufania, absorpcji i popytu\u201d oraz \u201ezwi\u0119kszania zasi\u0119gu szczepionek, aby zapobiega\u0107 epidemiom oraz rozprzestrzenianiu si\u0119 i ponownemu pojawianiu si\u0119 chor\u00f3b zaka\u017anych.\u201d<\/p>\n\n\n\n<ul class=\"wp-block-list\">\n<li><strong>Sprawia, \u017ce \u200b\u200b\u201etymczasowe\u201d uprawnienia zwi\u0105zane z COVID-19 s\u0105 trwa\u0142e:<\/strong>&nbsp;w deklaracji wyra\u017cono \u201ezaniepokojenie ci\u0105g\u0142ym pojawianiem si\u0119 i ponownym pojawianiem si\u0119 chor\u00f3b sk\u0142onnych do epidemii\u201d, stwierdzaj\u0105c \u201epotrzeb\u0119\u2026 wykorzystania wniosk\u00f3w i najlepszych praktyk zdobytych podczas pandemii COVID-19 \u201d, w tym \u201eprzekszta\u0142cenie, w stosownych przypadkach, tymczasowo zwi\u0119kszonych zdolno\u015bci\u201d rozwini\u0119tych podczas pandemii \u201ew trwa\u0142e zdolno\u015bci w spos\u00f3b zr\u00f3wnowa\u017cony\u201d.<\/li>\n\n\n\n<li><strong>wzywa do wzmo\u017cenia nadzoru i cyfrowych dokument\u00f3w zdrowotnych, takich jak paszporty szczepionek:<\/strong>&nbsp;w deklaracji \u201euznaje si\u0119\u2026 potencja\u0142&nbsp;<a href=\"https:\/\/childrenshealthdefense.org\/defender\/who-global-digital-health-certificate\/\">cyfrowych technologii zdrowotnych<\/a>&nbsp;\u201d w zakresie \u201ewdra\u017cania i wspierania \u015brodk\u00f3w zdrowotnych oraz wzmacniania krajowych wysi\u0142k\u00f3w w zakresie reagowania\u201d na pandemie i sytuacje nadzwyczajne dla zdrowia.<\/li>\n<\/ul>\n\n\n\n<p>Technologie cyfrowe, takie jak&nbsp;<a href=\"https:\/\/childrenshealthdefense.org\/defender\/us-developing-vaccine-passport-system\/\">paszporty szczepionkowe,<\/a>&nbsp;stanowi\u0105 kluczowy element nienegocjowanych poprawek do IHR.&nbsp;W deklaracji z kolei stwierdzono tak\u017ce potrzeb\u0119 \u201esystem\u00f3w wczesnego ostrzegania\u201d i \u201ezintegrowanego podej\u015bcia \u201e&nbsp;<a href=\"https:\/\/childrenshealthdefense.org\/defender\/one-health-initiative-world-health-organization\/\">Jedno zdrowie<\/a>&nbsp;\u201d\u201d, aby \u201enajwcze\u015bniej i najbardziej adekwatnie reagowa\u0107\u201d na pandemie i sytuacje kryzysowe dotycz\u0105ce zdrowia.<\/p>\n\n\n\n<ul class=\"wp-block-list\">\n<li><strong>Potencjalna cenzura medi\u00f3w spo\u0142eczno\u015bciowych: w deklaracji wyra\u017cono \u201eobawy, \u017ce&nbsp;<\/strong><a href=\"https:\/\/childrenshealthdefense.org\/defender\/who-behaviors-surveillance-social-media\/\">dezinformacja<\/a>&nbsp;i dezinformacja na temat zdrowia&nbsp;negatywnie wp\u0142ywaj\u0105 na us\u0142ugi rutynowych szczepie\u0144 na ca\u0142ym \u015bwiecie\u201d.<\/li>\n<\/ul>\n\n\n\n<p>W zwi\u0105zku z tym w deklaracji wzywa si\u0119 do podj\u0119cia \u201e\u015brodk\u00f3w maj\u0105cych na celu przeciwdzia\u0142anie negatywnym skutkom dezinformacji, dezinformacji, mowy nienawi\u015bci i stygmatyzacji na temat zdrowia, szczeg\u00f3lnie na platformach medi\u00f3w spo\u0142eczno\u015bciowych\u2026 w tym przeciwdzia\u0142anie uchylaniu si\u0119 od szczepie\u0144\u2026 oraz zwi\u0119kszanie zaufania do system\u00f3w i organ\u00f3w zdrowia publicznego. \u201d<\/p>\n\n\n\n<ul class=\"wp-block-list\">\n<li><strong>wzywa do sfinalizowania \u201etraktatu o pandemii\u201d i poprawek do IHR:<\/strong>&nbsp;deklaracja \u201ezach\u0119ca\u201d do zako\u0144czenia negocjacji w sprawie poprawek do IHR i \u201etraktatu o pandemii\u201d, sugeruj\u0105c, \u017ce zapewni to \u201ezr\u00f3wnowa\u017cone, niedrogie, sprawiedliwe, godziwe, skuteczne, skuteczny i terminowy dost\u0119p do medycznych \u015brodk\u00f3w zapobiegawczych\u201d, w tym szczepionek.<\/li>\n\n\n\n<li><strong>Zap\u0142acicie za to:<\/strong>&nbsp;Deklaracja \u201eZ zadowoleniem przyjmujemy uruchomienie Funduszu&nbsp;<a href=\"https:\/\/childrenshealthdefense.org\/defender\/covid-nw-biden-asks-millions-pandemic-preparedness-global-health-security\/\">Pandemicznego<\/a>&nbsp;\u201d maj\u0105cego na celu \u201efinansowanie kluczowych inwestycji\u201d na rzecz gotowo\u015bci i reagowania na pandemi\u0119, kosztem 30 miliard\u00f3w dolar\u00f3w rocznie.&nbsp;Cena ta uwzgl\u0119dnia \u201eszacunkow\u0105 luk\u0119 w wysoko\u015bci 10 miliard\u00f3w dolar\u00f3w w nowym zewn\u0119trznym finansowaniu rocznie poza obecnymi oficjalnymi poziomami pomocy rozwojowej\u201d, czyli&nbsp;<a href=\"https:\/\/childrenshealthdefense.org\/defender\/world-health-organization-disease-x-emergencies\/\">sk\u0142adki p\u0142acone przez pa\u0144stwa cz\u0142onkowskie WHO<\/a>&nbsp;.<\/li>\n<\/ul>\n\n\n\n<p>Wed\u0142ug Bella \u201eWHO odnotowa\u0142a w 2019 r., \u017ce pandemie s\u0105 rzadkie i nieistotne pod wzgl\u0119dem og\u00f3lnej \u015bmiertelno\u015bci w ci\u0105gu ostatniego stulecia\u201d, ale \u201eWHO i ca\u0142y system ONZ uwa\u017caj\u0105 obecnie pandemie za egzystencjalne i bezpo\u015brednie zagro\u017cenie\u201d.<\/p>\n\n\n\n<p>Powiedzia\u0142, \u017ce to wa\u017cne, poniewa\u017c \u201eprosz\u0105 o znacznie wi\u0119cej pieni\u0119dzy, ni\u017c wydano na jakikolwiek inny mi\u0119dzynarodowy program w dziedzinie zdrowia\u201d, co \u201eniekt\u00f3rym ludziom zapewni wielkie bogactwo\u201d i wielkie uprawnienia dla rz\u0105d\u00f3w, kt\u00f3re mo\u017cna wykorzysta\u0107 do \u201eprzywr\u00f3cenia w\u0142a\u015bnie reakcje, kt\u00f3re w\u0142a\u015bnie spowodowa\u0142y najwi\u0119kszy wzrost biedy i chor\u00f3b w ci\u0105gu naszego \u017cycia\u201d.<\/p>\n\n\n\n<p>\u201eLogicznie rzecz bior\u0105c, pandemie b\u0119d\u0105 cz\u0119stsze tylko wtedy, gdy kto\u015b b\u0119dzie mia\u0142 zamiar je wywo\u0142a\u0107 (wi\u0119c powinni\u015bmy si\u0119 zastanawia\u0107, co si\u0119 dzieje)\u201d \u2013 napisa\u0142 Bell.<\/p>\n\n\n\n<p>Bell stwierdzi\u0142a, \u017ce \u200b\u200bchocia\u017c deklaracja stanowi puste s\u0142owa na temat takich kwestii, jak prawa kobiet i edukacja, jest sprzeczna sama w sobie, wspieraj\u0105c ograniczenia w stylu pandemii Covid-19, w tym \u201ezamykanie szk\u00f3\u0142 i nieproporcjonalne wyrzucanie kobiet z pracy i pogr\u0105\u017canie w ub\u00f3stwie\u201d.<\/p>\n\n\n\n<p>Niezale\u017cny dziennikarz&nbsp;<a href=\"https:\/\/jamesroguski.substack.com\/\">James Roguski<\/a>&nbsp;powiedzia\u0142 The Defender: \u201eOgromne szkody wyrz\u0105dzone przez zatwierdzone leki i zastrzyki sprawiaj\u0105, \u017ce hipokryzja\u201d wezwa\u0144 zawartych w deklaracji do \u201ewi\u0119kszego dost\u0119pu\u201d do szczepionek jest \u201eabsolutnie zdumiewaj\u0105ca\u201d.<\/p>\n\n\n\n<p>\u201eGdyby WHO w dalszym ci\u0105gu zale\u017ca\u0142o na poprawie og\u00f3lnego stanu zdrowia, oczywi\u015bcie nie by\u0142aby w to zaanga\u017cowana, poniewa\u017c jest to sprzeczne z dobr\u0105 polityk\u0105 zdrowia publicznego\u201d \u2013 stwierdzi\u0142 Bell.<\/p>\n\n\n\n<p>Gostin stwierdzi\u0142, \u017ce dezinformacja \u201estanowi powa\u017cne zagro\u017cenie dla zdrowia, szczeg\u00f3lnie w przypadku dystrybucji szczepionek\u201d, doda\u0142: \u201eZr\u00f3wnowa\u017cenie wolno\u015bci s\u0142owa ze zwalczaniem dezinformacji stanowi wyzwanie\u201d oraz \u017ce \u201eWHO mo\u017ce prowadzi\u0107 partnerstwa mi\u0119dzy ekspertami naukowymi a rozpowszechniaj\u0105cymi informacje, aby zapewni\u0107, \u017ce wiarygodne informacje dotr\u0105 do spo\u0142ecze\u0144stwa. \u201d<\/p>\n\n\n\n<p>Bell jednak nie zgodzi\u0142 si\u0119 z tym pogl\u0105dem, pisz\u0105c: \u201eWHO niedawno&nbsp;<a href=\"https:\/\/twitter.com\/WHO\/status\/1602991915808456705?ref_src=twsrc%5Etfw\">publicznie scharakteryzowa\u0142a<\/a>&nbsp;osoby omawiaj\u0105ce niekorzystne skutki szczepionek na Covid-19 i kwestionuj\u0105ce polityk\u0119 WHO jako \u201eskrajnie prawicowe\u201d, \u201eantynaukowych agresor\u00f3w\u201d i \u201ezab\u00f3jcz\u0105 si\u0142\u0119\u201d. \u201d dodaj\u0105c, \u017ce \u201eTo jest nie do pomy\u015blenia.&nbsp;To oczernianie i mowa nienawi\u015bci s\u0105 wykorzystywane przez re\u017cimy faszystowskie\u201d.<\/p>\n\n\n\n<p>Jednak dla Gostina deklaracja PPPR to za ma\u0142o.&nbsp;\u201eTo ca\u0142kowicie niewystarczaj\u0105ce, je\u015bli chodzi o konkretne dzia\u0142ania, takie jak zobowi\u0105zania dotycz\u0105ce finansowania system\u00f3w opieki zdrowotnej\u201d \u2013 stwierdzi\u0142, dodaj\u0105c: \u201eWsp\u00f3\u0142praca mi\u0119dzy ONZ a WHO by\u0142a zbyt s\u0142aba\u201d.<\/p>\n\n\n\n<h2 class=\"wp-block-heading\"><strong>11 kraj\u00f3w sprzeciwi\u0142o si\u0119 deklaracji<\/strong><\/h2>\n\n\n\n<p>Konsensus w sprawie PPPR nie jest powszechny.&nbsp;W&nbsp;<a href=\"https:\/\/www.nationalreview.com\/wp-content\/uploads\/2023\/09\/UN-sanctions-letter.pdf\">li\u015bcie z 17 wrze\u015bnia do Dennisa Francisa<\/a>&nbsp;, przewodnicz\u0105cego Zgromadzenia Og\u00f3lnego ONZ, podpisanym wsp\u00f3lnie przez przedstawicieli 11 kraj\u00f3w, wyra\u017cono \u201euzasadnione obawy\u201d, \u017ce \u201edu\u017ca liczba kraj\u00f3w rozwijaj\u0105cych si\u0119 zosta\u0142a zignorowana\u201d.<\/p>\n\n\n\n<p>Te 11 kraj\u00f3w to Bia\u0142oru\u015b, Boliwia, Kuba, Korea\u0144ska Republika Ludowo-Demokratyczna, Erytrea, Islamska Republika Iranu, Nikaragua, Federacja Rosyjska, Syryjska Republika Arabska, Wenezuela i Zimbabwe.<\/p>\n\n\n\n<p>Ich list z\u0142ama\u0142 \u201e&nbsp;<a href=\"https:\/\/jamesroguski.substack.com\/p\/broken-silence\">procedur\u0119 milczenia<\/a>&nbsp;\u201d, stwierdzaj\u0105c: \u201eNasze delegacje s\u0105 przekonane, \u017ce w ten spos\u00f3b nie mo\u017cna prowadzi\u0107 wielostronnych i mi\u0119dzyrz\u0105dowych negocjacji w kwestiach o wielkim znaczeniu dla spo\u0142eczno\u015bci mi\u0119dzynarodowej, zw\u0142aszcza dla kraj\u00f3w rozwijaj\u0105cych si\u0119\u201d.<\/p>\n\n\n\n<p>Doda\u0142, \u017ce \u201enie osi\u0105gni\u0119to konsensusu w sprawie \u017cadnego z tych proces\u00f3w\u201d.&nbsp;Pismo nie zawiera jednak konkretnych zastrze\u017ce\u0144 do tre\u015bci deklaracji PPPR.<\/p>\n\n\n\n<p>Zdaniem Boyle\u2019a sprzeciwy 11 narod\u00f3w powinny \u201ezapobiega\u0107 przyj\u0119ciu tej deklaracji w drodze konsensusu i tym samym staniu si\u0119 prawdopodobnie cz\u0119\u015bci\u0105 mi\u0119dzynarodowego prawa zwyczajowego, co jest zamierzeniem tw\u00f3rc\u00f3w tej deklaracji\u201d.<\/p>\n\n\n\n<p>\u201eNie mogli przej\u015b\u0107 przez Zgromadzenie Og\u00f3lne ONZ jako uchwa\u0142\u0119 konsensusow\u0105 ze wzgl\u0119du na 11 sprzeciwiaj\u0105cych si\u0119 pa\u0144stw\u201d \u2013 powiedzia\u0142 Boyle.&nbsp;\u201ePr\u00f3buj\u0105 to przekr\u0119ci\u0107 i fa\u0142szywie przedstawi\u0107\u201d \u2013 powiedzia\u0142, prosz\u0105c o zatwierdzenie deklaracji przez przewodnicz\u0105cego Zgromadzenia Og\u00f3lnego ONZ, a nie Zgromadzenia Og\u00f3lnego ONZ.<\/p>\n\n\n\n<h2 class=\"wp-block-heading\"><strong>Organizacja wspierana przez Gatesa nalega\u0142a na Deklaracj\u0119 PPPR<\/strong><\/h2>\n\n\n\n<p>Opr\u00f3cz przedstawicieli krajowych&nbsp;w dzisiejszym spotkaniu uczestniczy\u0142y tak\u017ce organizacje takie jak Gavi i Vaccine Alliance \u2013 uznane&nbsp;<a href=\"https:\/\/apps.who.int\/gb\/inb\/pdf_files\/inb2\/A_INB2_4-en.pdf\">przez WHO za stron\u0119 zainteresowan\u0105 i \u201eobserwatora\u201d .<\/a><\/p>\n\n\n\n<p><a href=\"https:\/\/www.gavi.org\/our-alliance\/about\">Gavi<\/a>&nbsp;g\u0142osi misj\u0119 \u201e&nbsp;<a href=\"https:\/\/childrenshealthdefense.org\/defender\/rockefeller-foundation-reset-the-table-covid-food-shortage-crisis\/\">ratowania \u017cycia i ochrony zdrowia ludzi<\/a>&nbsp;\u201d i stwierdza, \u017ce \u200b\u200b\u201epomaga zaszczepi\u0107 prawie po\u0142ow\u0119 dzieci na \u015bwiecie przeciwko \u015bmiertelnym i wyniszczaj\u0105cym chorobom zaka\u017anym\u201d.<\/p>\n\n\n\n<p>Fundacja Billa i Melindy Gates\u00f3w jest&nbsp;<a href=\"https:\/\/childrenshealthdefense.org\/defender\/digital-surveillance-motive-behind-vaccinate-kids\/\">partnerem Gavi<\/a>&nbsp;i ma&nbsp;<a href=\"https:\/\/www.gavi.org\/our-alliance\/governance\/gavi-board\">sta\u0142e miejsce w jej zarz\u0105dzie<\/a>&nbsp;\u2013 podobnie jak WHO, UNICEF i&nbsp;<a href=\"https:\/\/childrenshealthdefense.org\/defender\/who-global-pandemic-treaty-world-bank-vaccine-passports\/\">Bank \u015awiatowy<\/a>&nbsp;.<\/p>\n\n\n\n<p><a href=\"https:\/\/www.gavi.org\/vaccineswork\/gavi-unga-78-ambition-action\">Gavi okre\u015bli\u0142<\/a>&nbsp;tegoroczne Zgromadzenie Og\u00f3lne ONZ jako \u201eotrze\u017awiaj\u0105cy kamie\u0144 milowy\u201d na drodze do osi\u0105gni\u0119cia docelowego terminu osi\u0105gni\u0119cia cel\u00f3w zr\u00f3wnowa\u017conego rozwoju na rok 2030 i stwierdzi\u0142, \u017ce spotkanie na wysokim szczeblu stanowi \u201ejednorazow\u0105 i historyczn\u0105 okazj\u0119 dla przyw\u00f3dc\u00f3w do przyj\u0119cia porozumienia ca\u0142ego rz\u0105du , obejmuj\u0105ce ca\u0142e spo\u0142ecze\u0144stwo, globalne podej\u015bcie do przeciwdzia\u0142ania zagro\u017ceniom zwi\u0105zanym z pandemi\u0105\u201d.<\/p>\n\n\n\n<p>\u201eWyci\u0105gaj\u0105c wnioski z ostrej fazy pandemii, nadchodzi moment na ukszta\u0142towanie bardziej responsywnego i odpornego systemu\u201d \u2013 powiedzia\u0142 Gavi, dodaj\u0105c, \u017ce \u201ekonieczne s\u0105 pilne dzia\u0142ania, aby osi\u0105gn\u0105\u0107 cele SDG3 [zdrowie i dobre samopoczucie] oraz osi\u0105gn\u0105\u0107 wszystkim dzieciom szczepionki ratuj\u0105ce \u017cycie\u201d.<\/p>\n\n\n\n<p>Gavi r\u00f3wnie\u017c wyznaczy\u0142 sobie rol\u0119 w tym procesie, stwierdzaj\u0105c: \u201eAgencje wyspecjalizowane, takie jak Gavi, powinny r\u00f3wnie\u017c odgrywa\u0107 znacz\u0105c\u0105 rol\u0119, opieraj\u0105c si\u0119 na wiedzy technicznej i wnioskach wyci\u0105gni\u0119tych z reakcji na pandemi\u0119 Covid-19, aby osi\u0105gn\u0105\u0107 r\u00f3wno\u015b\u0107 w zdrowiu\u201d.<\/p>\n\n\n\n<p>Bell powiedzia\u0142, \u017ce Gavi jest przyk\u0142adem organizacji, na kt\u00f3r\u0105 katastrofa Covid-19 nie mia\u0142a \u201enegatywnego wp\u0142ywu\u201d.&nbsp;\u201e&nbsp;<a href=\"https:\/\/open.who.int\/2022-23\/contributors\/contributor\">Osoby i korporacje<\/a>&nbsp;, kt\u00f3re sponsoruj\u0105 wi\u0119kszo\u015b\u0107 dzia\u0142a\u0144 WHO w zakresie ratownictwa zdrowotnego oraz jej siostrzanych organizacji, takich jak&nbsp;<a href=\"https:\/\/cepi.net\/news_cepi\/preparing-for-the-next-disease-x\/\">CEPI<\/a>&nbsp;,&nbsp;<a href=\"https:\/\/www.gavi.org\/\">Gavi<\/a>&nbsp;i&nbsp;<a href=\"https:\/\/unitaid.org\/\">Unitaid<\/a>&nbsp;, bardzo dobrze poradzi\u0142y sobie z polityk\u0105, za kt\u00f3r\u0105 tak gor\u0105co opowiada\u0142y si\u0119\u201d \u2013 napisa\u0142.<\/p>\n\n\n\n<h2 class=\"wp-block-heading\"><strong>PPPR przewiduje \u201ecyfrowy gu\u0142ag\u201d negocjowany w \u201etajemnicy\u201d<\/strong><\/h2>\n\n\n\n<p>Gaffney, kt\u00f3ry prowadzi&nbsp;<a href=\"https:\/\/stopvaxpassports.org\/webinar-soft-coup-hard-tyranny-spawning-global-governance-on-september-20\/\">dzi\u015b seminarium internetowe<\/a>&nbsp;na temat propozycji rozszerzenia paszport\u00f3w szczepionek i przyznania WHO wi\u0119kszej w\u0142adzy, powiedzia\u0142, \u017ce PPPR stanowi cz\u0119\u015b\u0107 szerszego przej\u0119cia w\u0142adzy przez WHO i ONZ, w tym propozycji, kt\u00f3re maj\u0105 zosta\u0107 om\u00f3wione&nbsp;<a href=\"https:\/\/www.un.org\/en\/common-agenda\/summit-of-the-future\">na forum ONZ we wrze\u015bniu 2024 r<\/a>&nbsp;., przyznanie&nbsp;<a href=\"https:\/\/www.un.org\/sites\/un2.un.org\/files\/our-common-agenda-policy-brief-emergency-platform-en.pdf\">Sekretarzowi Generalnemu ONZ nieokre\u015blonych uprawnie\u0144 w sytuacjach nadzwyczajnych<\/a>&nbsp;.<\/p>\n\n\n\n<p>\u201eZar\u00f3wno ONZ, jak i WHO postrzegaj\u0105 tego rodzaju cyfrowy gu\u0142ag jako mechanizm stanowi\u0105cy podstaw\u0119 sprawowania tego rodzaju w\u0142adzy, a w szczeg\u00f3lno\u015bci zdolno\u015b\u0107 tych podmiot\u00f3w do dyktowania, co nale\u017cy zrobi\u0107 w odpowiedzi na jak\u0105kolwiek ich decyzj\u0119 dotycz\u0105c\u0105 kryzysu, kryzysu zdrowotnego lub w przeciwnym razie\u201d \u2013 powiedzia\u0142 Gaffney.&nbsp;\u201eTo jest dla mnie bardzo niepokoj\u0105ce\u201d.<\/p>\n\n\n\n<p><a href=\"http:\/\/www.michelkazatchkine.com\/\">Dr Michel Kazatchkine<\/a>&nbsp;, francuski lekarz i dyplomata oraz cz\u0142onek zespo\u0142u, kt\u00f3ry sporz\u0105dzi\u0142 deklaracj\u0119 PPPR, powiedzia\u0142, \u017ce deklaracja i propozycja przyznania Sekretarzowi Generalnemu ONZ nadzwyczajnych uprawnie\u0144&nbsp;<a href=\"https:\/\/genevahealthfiles.substack.com\/p\/the-remaking-of-who-finances-who\">s\u0105 ze sob\u0105 powi\u0105zane<\/a>&nbsp;.<\/p>\n\n\n\n<p><a href=\"https:\/\/childrenshealthdefense.org\/defender\/who-united-nations-pandemic-vote-power-grab-cola\/\">Wed\u0142ug Roguski<\/a>&nbsp;deklaracja PPPR jest jednym z \u201eczterech utwor\u00f3w, na kt\u00f3re warto ju\u017c teraz zwr\u00f3ci\u0107 uwag\u0119\u201d \u2013 obok&nbsp;<a href=\"https:\/\/apps.who.int\/gb\/ebwha\/pdf_files\/WHA75\/A75_R12-en.pdf\">przyj\u0119tych w maju 2022 r. poprawek do IHR<\/a>&nbsp;, kt\u00f3re jego zdaniem \u201enale\u017cy odrzuci\u0107 do ko\u0144ca listopada\u201d, nowe poprawki do IHR i \u201etraktat pandemiczny\u201d (formalnie nazwany Konwencj\u0105 Ramow\u0105 WHO CA+).<\/p>\n\n\n\n<p><a href=\"https:\/\/childrenshealthdefense.org\/defender\/who-global-digital-health-certificate\/\">Roguski powiedzia\u0142 The Defender<\/a>&nbsp;, \u017ce docelowa data przyj\u0119cia poprawek do IHR i \u201etraktatu o pandemii\u201d na maj 2024 r. na \u015awiatowym Zgromadzeniu Zdrowia WHO jest zagro\u017cona ze wzgl\u0119du na sprzeciwiaj\u0105ce si\u0119 narody \u2013 pogl\u0105d podziela Gostin, kt\u00f3ry stwierdzi\u0142, \u017ce ostateczny termin na maj 2024 r. to \u201e popychaj\u0105c go\u201d, ale zauwa\u017caj\u0105c, \u017ce \u201epow\u00f3d pr\u0119dko\u015bci jest przekonuj\u0105cy\u201d.<\/p>\n\n\n\n<p>Roguski powiedzia\u0142, \u017ce negocjacje w sprawie PPPR by\u0142y prowadzone w \u201etajemnicy\u201d i zauwa\u017cy\u0142, \u017ce deklaracja PPPR \u201emilczy\u201d w odniesieniu do wysi\u0142k\u00f3w na rzecz opracowania&nbsp;<a href=\"https:\/\/childrenshealthdefense.org\/defender\/who-global-digital-health-certificate\/\">Globalnej Sieci Cyfrowej Certyfikacji Zdrowia<\/a>&nbsp;\u2013 kt\u00f3ra ustanowi\u0142aby globalne ramy dla \u201epaszport\u00f3w szczepionkowych\u201d i innych rodzaj\u00f3w \u015bwiadectw zdrowia, kt\u00f3re maj\u0105 by\u0107 wydawane wdro\u017cony.<\/p>\n\n\n\n<p>Roguski powiedzia\u0142, \u017ce zamiast wzywa\u0107 do zako\u0144czenia&nbsp;<a href=\"https:\/\/childrenshealthdefense.org\/defender\/cdc-robert-redfield-covid-origins\/\">bada\u0144 nad zyskiem funkcji<\/a>&nbsp;, PPPR wspiera finansowanie wysi\u0142k\u00f3w WHO \u201ena rzecz wdro\u017cenia&nbsp;<a href=\"https:\/\/www.insideeulifesciences.com\/2023\/07\/12\/pathogen-access-and-benefit-sharing-p-abs-under-the-draft-who-pandemic-treaty-why-many-vaccine-therapeutic-and-diagnostic-companies-will-be-in-scope\/\">systemu dost\u0119pu do patogen\u00f3w i podzia\u0142u korzy\u015bci<\/a>&nbsp;\u201d.&nbsp;Powiedzia\u0142, \u017ce \u201ez za\u0142o\u017cenia zwi\u0119ksza to ryzyko rozprzestrzeniania si\u0119 \u015bmierciono\u015bnych patogen\u00f3w\u201d.<\/p>\n\n\n\n<p>Zgodnie z deklaracj\u0105 PPPR w 2026 r. w Nowym Jorku odb\u0119dzie si\u0119 spotkanie wysokiego szczebla po\u015bwi\u0119cone przegl\u0105dowi post\u0119p\u00f3w we wdra\u017caniu PPPR. Inne spotkania wysokiego szczebla dotycz\u0105ce zdrowia w ramach Zgromadzenia Og\u00f3lnego ONZ w tym tygodniu skupiaj\u0105 si\u0119 na powszechnym ubezpieczeniu&nbsp;<a href=\"https:\/\/www.who.int\/activities\/preparing-for-the-un-high-level-meeting-2023-and-achieving-health-for-all\">zdrowotnym<\/a>&nbsp;i&nbsp;<a href=\"https:\/\/www.who.int\/activities\/preparing-for-the-un-high-level-meeting-on-the-fight-against-tuberculosis--2023\">gru\u017alicy<\/a>&nbsp;.<\/p>\n\n\n\n<p>*<\/p>\n\n\n\n<p>Uwaga dla czytelnik\u00f3w: kliknij przycisk udost\u0119pniania powy\u017cej.&nbsp;\u015aled\u017a nas na Instagramie i Twitterze oraz subskrybuj nasz kana\u0142 na Telegramie.&nbsp;Zach\u0119camy do ponownego publikowania i szerokiego udost\u0119pniania artyku\u0142\u00f3w Global Research.<\/p>\n\n\n\n<p><em><strong>Doktor Michael Nevradakis&nbsp;<\/strong>mieszka w Atenach w Grecji i jest starszym reporterem The Defender i cz\u0119\u015bci\u0105 rotacji gospodarzy programu \u201eGood Morning CHD\u201d w CHD.TV.<\/em><\/p>\n\n\n\n<p><em>Wyr\u00f3\u017cniony obraz pochodzi z CHD<\/em>Oryginalnym \u017ar\u00f3d\u0142em tego artyku\u0142u jest&nbsp;<\/p>\n\n\n\n<p><a href=\"https:\/\/childrenshealthdefense.org\/defender\/united-nations-approves-pandemic-declaration\/?utm_source=luminate&amp;utm_medium=email&amp;utm_campaign=defender&amp;utm_id=20230920\" target=\"_blank\" rel=\"noreferrer noopener\">Children&#8217;s Health Defense<\/a><\/p>\n\n\n\n<p>\u0179r\u00f3d\u0142o <a href=\"https:\/\/www.globalresearch.ca\/un-president-approves-pandemic-declaration-privacy-experts-warn-digital-gulag\/5833360\">https:\/\/www.globalresearch.ca\/un-president-approves-pandemic-declaration-privacy-experts-warn-digital-gulag\/5833360<\/a><\/p>\n","protected":false},"excerpt":{"rendered":"<p>Przewodnicz\u0105cy Zgromadzenia Og\u00f3lnego ONZ zatwierdza deklaracj\u0119 dotycz\u0105c\u0105 pandemii \u2013 eksperci ds. prywatno\u015bci ostrzegaj\u0105 przed \u201ecyfrowym gu\u0142agiem\u201d Autor.\u00a0Michael Nevradakis Global Research, September 21, 2023 Children&#8217;s Health Defense\u00a020 wrze\u015bnia 2023 Przewodnicz\u0105cy Zgromadzenia Og\u00f3lnego Organizacji Narod\u00f3w Zjednoczonych (ONZ) (ONZ)&nbsp;zatwierdzi\u0142&nbsp;dzi\u015b niewi\u0105\u017c\u0105c\u0105&nbsp;deklaracj\u0119 ONZ&nbsp;w sprawie&nbsp;zapobiegania, gotowo\u015bci&#8230; <\/p>\n","protected":false},"author":2,"featured_media":4744,"comment_status":"open","ping_status":"open","sticky":false,"template":"","format":"standard","meta":{"_acf_changed":false,"_bbp_topic_count":0,"_bbp_reply_count":0,"_bbp_total_topic_count":0,"_bbp_total_reply_count":0,"_bbp_voice_count":0,"_bbp_anonymous_reply_count":0,"_bbp_topic_count_hidden":0,"_bbp_reply_count_hidden":0,"_bbp_forum_subforum_count":0,"om_disable_all_campaigns":false,"_monsterinsights_skip_tracking":false,"footnotes":""},"categories":[93],"tags":[],"class_list":["post-4743","post","type-post","status-publish","format-standard","has-post-thumbnail","hentry","category-artykuly"],"acf":[],"aioseo_notices":[],"aioseo_head":"\n\t\t<!-- All in One SEO 5.0.1.1 - aioseo.com -->\n\t<meta name=\"description\" content=\"Przewodnicz\u0105cy Zgromadzenia Og\u00f3lnego ONZ zatwierdza deklaracj\u0119 dotycz\u0105c\u0105 pandemii \u2013 eksperci ds. prywatno\u015bci ostrzegaj\u0105 przed \u201ecyfrowym gu\u0142agiem\u201d Autor. Michael Nevradakis Global Research, September 21, 2023 Children&#039;s Health Defense 20 wrze\u015bnia 2023 Przewodnicz\u0105cy Zgromadzenia Og\u00f3lnego Organizacji Narod\u00f3w Zjednoczonych (ONZ) (ONZ) zatwierdzi\u0142 dzi\u015b niewi\u0105\u017c\u0105c\u0105 deklaracj\u0119 ONZ w sprawie zapobiegania, gotowo\u015bci i reagowania na pandemi\u0119 (PPPR) bez pe\u0142nego g\u0142osowania Zgromadzenia i pomimo sprzeciwu 11 kraj\u00f3w. Krytycy nazwali\" \/>\n\t<meta name=\"robots\" content=\"max-image-preview:large\" \/>\n\t<meta name=\"author\" content=\"trinity\"\/>\n\t<link rel=\"canonical\" href=\"https:\/\/wia.net.pl\/index.php\/2023\/09\/22\/onz-pandemia-i-cyfrowy-gulag\/\" \/>\n\t<meta name=\"generator\" content=\"All in One SEO (AIOSEO) 5.0.1.1\" \/>\n\t\t<meta property=\"og:locale\" content=\"pl_PL\" \/>\n\t\t<meta property=\"og:site_name\" content=\"Wolno\u015b\u0107 i Anarchia - Ka\u017cdy wewn\u0119trznie jest anarchist\u0105.\" \/>\n\t\t<meta property=\"og:type\" content=\"article\" \/>\n\t\t<meta property=\"og:title\" content=\"ONZ \u2013 pandemia i cyfrowy gu\u0142ag - Wolno\u015b\u0107 i Anarchia\" \/>\n\t\t<meta property=\"og:description\" content=\"Przewodnicz\u0105cy Zgromadzenia Og\u00f3lnego ONZ zatwierdza deklaracj\u0119 dotycz\u0105c\u0105 pandemii \u2013 eksperci ds. prywatno\u015bci ostrzegaj\u0105 przed \u201ecyfrowym gu\u0142agiem\u201d Autor. Michael Nevradakis Global Research, September 21, 2023 Children&#039;s Health Defense 20 wrze\u015bnia 2023 Przewodnicz\u0105cy Zgromadzenia Og\u00f3lnego Organizacji Narod\u00f3w Zjednoczonych (ONZ) (ONZ) zatwierdzi\u0142 dzi\u015b niewi\u0105\u017c\u0105c\u0105 deklaracj\u0119 ONZ w sprawie zapobiegania, gotowo\u015bci i reagowania na pandemi\u0119 (PPPR) bez pe\u0142nego g\u0142osowania Zgromadzenia i pomimo sprzeciwu 11 kraj\u00f3w. Krytycy nazwali\" \/>\n\t\t<meta property=\"og:url\" content=\"https:\/\/wia.net.pl\/index.php\/2023\/09\/22\/onz-pandemia-i-cyfrowy-gulag\/\" \/>\n\t\t<meta property=\"og:image\" content=\"https:\/\/wia.net.pl\/wp-content\/uploads\/2023\/11\/cropped-freedom-i73367.jpg\" \/>\n\t\t<meta property=\"og:image:secure_url\" content=\"https:\/\/wia.net.pl\/wp-content\/uploads\/2023\/11\/cropped-freedom-i73367.jpg\" \/>\n\t\t<meta property=\"article:published_time\" content=\"2023-09-22T09:22:20+00:00\" \/>\n\t\t<meta property=\"article:modified_time\" content=\"2023-09-22T09:22:20+00:00\" \/>\n\t\t<meta name=\"twitter:card\" content=\"summary_large_image\" \/>\n\t\t<meta name=\"twitter:title\" content=\"ONZ \u2013 pandemia i cyfrowy gu\u0142ag - Wolno\u015b\u0107 i Anarchia\" \/>\n\t\t<meta name=\"twitter:description\" content=\"Przewodnicz\u0105cy Zgromadzenia Og\u00f3lnego ONZ zatwierdza deklaracj\u0119 dotycz\u0105c\u0105 pandemii \u2013 eksperci ds. prywatno\u015bci ostrzegaj\u0105 przed \u201ecyfrowym gu\u0142agiem\u201d Autor. Michael Nevradakis Global Research, September 21, 2023 Children&#039;s Health Defense 20 wrze\u015bnia 2023 Przewodnicz\u0105cy Zgromadzenia Og\u00f3lnego Organizacji Narod\u00f3w Zjednoczonych (ONZ) (ONZ) zatwierdzi\u0142 dzi\u015b niewi\u0105\u017c\u0105c\u0105 deklaracj\u0119 ONZ w sprawie zapobiegania, gotowo\u015bci i reagowania na pandemi\u0119 (PPPR) bez pe\u0142nego g\u0142osowania Zgromadzenia i pomimo sprzeciwu 11 kraj\u00f3w. Krytycy nazwali\" \/>\n\t\t<meta name=\"twitter:image\" content=\"https:\/\/wia.net.pl\/wp-content\/uploads\/2023\/11\/cropped-freedom-i73367.jpg\" \/>\n\t\t<script type=\"application\/ld+json\" class=\"aioseo-schema\">\n\t\t\t{\"@context\":\"https:\\\/\\\/schema.org\",\"@graph\":[{\"@type\":\"BlogPosting\",\"@id\":\"https:\\\/\\\/wia.net.pl\\\/index.php\\\/2023\\\/09\\\/22\\\/onz-pandemia-i-cyfrowy-gulag\\\/#blogposting\",\"name\":\"ONZ \\u2013 pandemia i cyfrowy gu\\u0142ag - Wolno\\u015b\\u0107 i Anarchia\",\"headline\":\"ONZ &#8211; pandemia i cyfrowy gu\\u0142ag\",\"author\":{\"@id\":\"https:\\\/\\\/wia.net.pl\\\/index.php\\\/author\\\/trinity\\\/#author\"},\"publisher\":{\"@id\":\"https:\\\/\\\/wia.net.pl\\\/#person\"},\"image\":{\"@type\":\"ImageObject\",\"url\":\"https:\\\/\\\/wia.net.pl\\\/wp-content\\\/uploads\\\/2023\\\/09\\\/186057.jpg\",\"width\":1400,\"height\":700},\"datePublished\":\"2023-09-22T11:22:20+02:00\",\"dateModified\":\"2023-09-22T11:22:20+02:00\",\"inLanguage\":\"pl-PL\",\"mainEntityOfPage\":{\"@id\":\"https:\\\/\\\/wia.net.pl\\\/index.php\\\/2023\\\/09\\\/22\\\/onz-pandemia-i-cyfrowy-gulag\\\/#webpage\"},\"isPartOf\":{\"@id\":\"https:\\\/\\\/wia.net.pl\\\/index.php\\\/2023\\\/09\\\/22\\\/onz-pandemia-i-cyfrowy-gulag\\\/#webpage\"},\"articleSection\":\"Artyku\\u0142y\"},{\"@type\":\"BreadcrumbList\",\"@id\":\"https:\\\/\\\/wia.net.pl\\\/index.php\\\/2023\\\/09\\\/22\\\/onz-pandemia-i-cyfrowy-gulag\\\/#breadcrumblist\",\"itemListElement\":[{\"@type\":\"ListItem\",\"@id\":\"https:\\\/\\\/wia.net.pl#listItem\",\"position\":1,\"name\":\"Home\",\"item\":\"https:\\\/\\\/wia.net.pl\",\"nextItem\":{\"@type\":\"ListItem\",\"@id\":\"https:\\\/\\\/wia.net.pl\\\/index.php\\\/category\\\/artykuly\\\/#listItem\",\"name\":\"Artyku\\u0142y\"}},{\"@type\":\"ListItem\",\"@id\":\"https:\\\/\\\/wia.net.pl\\\/index.php\\\/category\\\/artykuly\\\/#listItem\",\"position\":2,\"name\":\"Artyku\\u0142y\",\"item\":\"https:\\\/\\\/wia.net.pl\\\/index.php\\\/category\\\/artykuly\\\/\",\"nextItem\":{\"@type\":\"ListItem\",\"@id\":\"https:\\\/\\\/wia.net.pl\\\/index.php\\\/2023\\\/09\\\/22\\\/onz-pandemia-i-cyfrowy-gulag\\\/#listItem\",\"name\":\"ONZ &#8211; pandemia i cyfrowy gu\\u0142ag\"},\"previousItem\":{\"@type\":\"ListItem\",\"@id\":\"https:\\\/\\\/wia.net.pl#listItem\",\"name\":\"Home\"}},{\"@type\":\"ListItem\",\"@id\":\"https:\\\/\\\/wia.net.pl\\\/index.php\\\/2023\\\/09\\\/22\\\/onz-pandemia-i-cyfrowy-gulag\\\/#listItem\",\"position\":3,\"name\":\"ONZ &#8211; pandemia i cyfrowy gu\\u0142ag\",\"previousItem\":{\"@type\":\"ListItem\",\"@id\":\"https:\\\/\\\/wia.net.pl\\\/index.php\\\/category\\\/artykuly\\\/#listItem\",\"name\":\"Artyku\\u0142y\"}}]},{\"@type\":\"Person\",\"@id\":\"https:\\\/\\\/wia.net.pl\\\/#person\",\"name\":\"Bart\\u0142omiej Talarczyk\",\"image\":{\"@type\":\"ImageObject\",\"@id\":\"https:\\\/\\\/wia.net.pl\\\/index.php\\\/2023\\\/09\\\/22\\\/onz-pandemia-i-cyfrowy-gulag\\\/#personImage\",\"url\":\"https:\\\/\\\/wia.net.pl\\\/wp-content\\\/uploads\\\/avatar-privacy\\\/cache\\\/user\\\/1\\\/7\\\/176a6b161c58363ff49b5c167264231f519f5c7fa183ca1f61e891769b6b56d5-96.jpg\",\"width\":96,\"height\":96,\"caption\":\"Bart\\u0142omiej Talarczyk\"}},{\"@type\":\"Person\",\"@id\":\"https:\\\/\\\/wia.net.pl\\\/index.php\\\/author\\\/trinity\\\/#author\",\"url\":\"https:\\\/\\\/wia.net.pl\\\/index.php\\\/author\\\/trinity\\\/\",\"name\":\"trinity\",\"image\":{\"@type\":\"ImageObject\",\"@id\":\"https:\\\/\\\/wia.net.pl\\\/index.php\\\/2023\\\/09\\\/22\\\/onz-pandemia-i-cyfrowy-gulag\\\/#authorImage\",\"url\":\"https:\\\/\\\/wia.net.pl\\\/wp-content\\\/uploads\\\/avatar-privacy\\\/cache\\\/user\\\/5\\\/f\\\/5f6547cf82495eaa10e100a6a45d5dbde2dfdc1be88557de2018fca705bdf6f1-96.jpg\",\"width\":96,\"height\":96,\"caption\":\"trinity\"}},{\"@type\":\"WebPage\",\"@id\":\"https:\\\/\\\/wia.net.pl\\\/index.php\\\/2023\\\/09\\\/22\\\/onz-pandemia-i-cyfrowy-gulag\\\/#webpage\",\"url\":\"https:\\\/\\\/wia.net.pl\\\/index.php\\\/2023\\\/09\\\/22\\\/onz-pandemia-i-cyfrowy-gulag\\\/\",\"name\":\"ONZ \\u2013 pandemia i cyfrowy gu\\u0142ag - Wolno\\u015b\\u0107 i Anarchia\",\"description\":\"Przewodnicz\\u0105cy Zgromadzenia Og\\u00f3lnego ONZ zatwierdza deklaracj\\u0119 dotycz\\u0105c\\u0105 pandemii \\u2013 eksperci ds. prywatno\\u015bci ostrzegaj\\u0105 przed \\u201ecyfrowym gu\\u0142agiem\\u201d Autor. Michael Nevradakis Global Research, September 21, 2023 Children's Health Defense 20 wrze\\u015bnia 2023 Przewodnicz\\u0105cy Zgromadzenia Og\\u00f3lnego Organizacji Narod\\u00f3w Zjednoczonych (ONZ) (ONZ) zatwierdzi\\u0142 dzi\\u015b niewi\\u0105\\u017c\\u0105c\\u0105 deklaracj\\u0119 ONZ w sprawie zapobiegania, gotowo\\u015bci i reagowania na pandemi\\u0119 (PPPR) bez pe\\u0142nego g\\u0142osowania Zgromadzenia i pomimo sprzeciwu 11 kraj\\u00f3w. Krytycy nazwali\",\"inLanguage\":\"pl-PL\",\"isPartOf\":{\"@id\":\"https:\\\/\\\/wia.net.pl\\\/#website\"},\"breadcrumb\":{\"@id\":\"https:\\\/\\\/wia.net.pl\\\/index.php\\\/2023\\\/09\\\/22\\\/onz-pandemia-i-cyfrowy-gulag\\\/#breadcrumblist\"},\"author\":{\"@id\":\"https:\\\/\\\/wia.net.pl\\\/index.php\\\/author\\\/trinity\\\/#author\"},\"creator\":{\"@id\":\"https:\\\/\\\/wia.net.pl\\\/index.php\\\/author\\\/trinity\\\/#author\"},\"image\":{\"@type\":\"ImageObject\",\"url\":\"https:\\\/\\\/wia.net.pl\\\/wp-content\\\/uploads\\\/2023\\\/09\\\/186057.jpg\",\"@id\":\"https:\\\/\\\/wia.net.pl\\\/index.php\\\/2023\\\/09\\\/22\\\/onz-pandemia-i-cyfrowy-gulag\\\/#mainImage\",\"width\":1400,\"height\":700},\"primaryImageOfPage\":{\"@id\":\"https:\\\/\\\/wia.net.pl\\\/index.php\\\/2023\\\/09\\\/22\\\/onz-pandemia-i-cyfrowy-gulag\\\/#mainImage\"},\"datePublished\":\"2023-09-22T11:22:20+02:00\",\"dateModified\":\"2023-09-22T11:22:20+02:00\"},{\"@type\":\"WebSite\",\"@id\":\"https:\\\/\\\/wia.net.pl\\\/#website\",\"url\":\"https:\\\/\\\/wia.net.pl\\\/\",\"name\":\"Wolno\\u015b\\u0107 i Anarchia\",\"description\":\"Ka\\u017cdy wewn\\u0119trznie jest anarchist\\u0105.\",\"inLanguage\":\"pl-PL\",\"publisher\":{\"@id\":\"https:\\\/\\\/wia.net.pl\\\/#person\"}}]}\n\t\t<\/script>\n\t\t<!-- All in One SEO -->\n\n","aioseo_head_json":{"title":"ONZ \u2013 pandemia i cyfrowy gu\u0142ag - Wolno\u015b\u0107 i Anarchia","description":"Przewodnicz\u0105cy Zgromadzenia Og\u00f3lnego ONZ zatwierdza deklaracj\u0119 dotycz\u0105c\u0105 pandemii \u2013 eksperci ds. prywatno\u015bci ostrzegaj\u0105 przed \u201ecyfrowym gu\u0142agiem\u201d Autor. Michael Nevradakis Global Research, September 21, 2023 Children's Health Defense 20 wrze\u015bnia 2023 Przewodnicz\u0105cy Zgromadzenia Og\u00f3lnego Organizacji Narod\u00f3w Zjednoczonych (ONZ) (ONZ) zatwierdzi\u0142 dzi\u015b niewi\u0105\u017c\u0105c\u0105 deklaracj\u0119 ONZ w sprawie zapobiegania, gotowo\u015bci i reagowania na pandemi\u0119 (PPPR) bez pe\u0142nego g\u0142osowania Zgromadzenia i pomimo sprzeciwu 11 kraj\u00f3w. Krytycy nazwali","canonical_url":"https:\/\/wia.net.pl\/index.php\/2023\/09\/22\/onz-pandemia-i-cyfrowy-gulag\/","robots":"max-image-preview:large","keywords":"","webmasterTools":{"miscellaneous":""},"schema":{"@context":"https:\/\/schema.org","@graph":[{"@type":"BlogPosting","@id":"https:\/\/wia.net.pl\/index.php\/2023\/09\/22\/onz-pandemia-i-cyfrowy-gulag\/#blogposting","name":"ONZ \u2013 pandemia i cyfrowy gu\u0142ag - Wolno\u015b\u0107 i Anarchia","headline":"ONZ &#8211; pandemia i cyfrowy gu\u0142ag","author":{"@id":"https:\/\/wia.net.pl\/index.php\/author\/trinity\/#author"},"publisher":{"@id":"https:\/\/wia.net.pl\/#person"},"image":{"@type":"ImageObject","url":"https:\/\/wia.net.pl\/wp-content\/uploads\/2023\/09\/186057.jpg","width":1400,"height":700},"datePublished":"2023-09-22T11:22:20+02:00","dateModified":"2023-09-22T11:22:20+02:00","inLanguage":"pl-PL","mainEntityOfPage":{"@id":"https:\/\/wia.net.pl\/index.php\/2023\/09\/22\/onz-pandemia-i-cyfrowy-gulag\/#webpage"},"isPartOf":{"@id":"https:\/\/wia.net.pl\/index.php\/2023\/09\/22\/onz-pandemia-i-cyfrowy-gulag\/#webpage"},"articleSection":"Artyku\u0142y"},{"@type":"BreadcrumbList","@id":"https:\/\/wia.net.pl\/index.php\/2023\/09\/22\/onz-pandemia-i-cyfrowy-gulag\/#breadcrumblist","itemListElement":[{"@type":"ListItem","@id":"https:\/\/wia.net.pl#listItem","position":1,"name":"Home","item":"https:\/\/wia.net.pl","nextItem":{"@type":"ListItem","@id":"https:\/\/wia.net.pl\/index.php\/category\/artykuly\/#listItem","name":"Artyku\u0142y"}},{"@type":"ListItem","@id":"https:\/\/wia.net.pl\/index.php\/category\/artykuly\/#listItem","position":2,"name":"Artyku\u0142y","item":"https:\/\/wia.net.pl\/index.php\/category\/artykuly\/","nextItem":{"@type":"ListItem","@id":"https:\/\/wia.net.pl\/index.php\/2023\/09\/22\/onz-pandemia-i-cyfrowy-gulag\/#listItem","name":"ONZ &#8211; pandemia i cyfrowy gu\u0142ag"},"previousItem":{"@type":"ListItem","@id":"https:\/\/wia.net.pl#listItem","name":"Home"}},{"@type":"ListItem","@id":"https:\/\/wia.net.pl\/index.php\/2023\/09\/22\/onz-pandemia-i-cyfrowy-gulag\/#listItem","position":3,"name":"ONZ &#8211; pandemia i cyfrowy gu\u0142ag","previousItem":{"@type":"ListItem","@id":"https:\/\/wia.net.pl\/index.php\/category\/artykuly\/#listItem","name":"Artyku\u0142y"}}]},{"@type":"Person","@id":"https:\/\/wia.net.pl\/#person","name":"Bart\u0142omiej Talarczyk","image":{"@type":"ImageObject","@id":"https:\/\/wia.net.pl\/index.php\/2023\/09\/22\/onz-pandemia-i-cyfrowy-gulag\/#personImage","url":"https:\/\/wia.net.pl\/wp-content\/uploads\/avatar-privacy\/cache\/user\/1\/7\/176a6b161c58363ff49b5c167264231f519f5c7fa183ca1f61e891769b6b56d5-96.jpg","width":96,"height":96,"caption":"Bart\u0142omiej Talarczyk"}},{"@type":"Person","@id":"https:\/\/wia.net.pl\/index.php\/author\/trinity\/#author","url":"https:\/\/wia.net.pl\/index.php\/author\/trinity\/","name":"trinity","image":{"@type":"ImageObject","@id":"https:\/\/wia.net.pl\/index.php\/2023\/09\/22\/onz-pandemia-i-cyfrowy-gulag\/#authorImage","url":"https:\/\/wia.net.pl\/wp-content\/uploads\/avatar-privacy\/cache\/user\/5\/f\/5f6547cf82495eaa10e100a6a45d5dbde2dfdc1be88557de2018fca705bdf6f1-96.jpg","width":96,"height":96,"caption":"trinity"}},{"@type":"WebPage","@id":"https:\/\/wia.net.pl\/index.php\/2023\/09\/22\/onz-pandemia-i-cyfrowy-gulag\/#webpage","url":"https:\/\/wia.net.pl\/index.php\/2023\/09\/22\/onz-pandemia-i-cyfrowy-gulag\/","name":"ONZ \u2013 pandemia i cyfrowy gu\u0142ag - Wolno\u015b\u0107 i Anarchia","description":"Przewodnicz\u0105cy Zgromadzenia Og\u00f3lnego ONZ zatwierdza deklaracj\u0119 dotycz\u0105c\u0105 pandemii \u2013 eksperci ds. prywatno\u015bci ostrzegaj\u0105 przed \u201ecyfrowym gu\u0142agiem\u201d Autor. Michael Nevradakis Global Research, September 21, 2023 Children's Health Defense 20 wrze\u015bnia 2023 Przewodnicz\u0105cy Zgromadzenia Og\u00f3lnego Organizacji Narod\u00f3w Zjednoczonych (ONZ) (ONZ) zatwierdzi\u0142 dzi\u015b niewi\u0105\u017c\u0105c\u0105 deklaracj\u0119 ONZ w sprawie zapobiegania, gotowo\u015bci i reagowania na pandemi\u0119 (PPPR) bez pe\u0142nego g\u0142osowania Zgromadzenia i pomimo sprzeciwu 11 kraj\u00f3w. Krytycy nazwali","inLanguage":"pl-PL","isPartOf":{"@id":"https:\/\/wia.net.pl\/#website"},"breadcrumb":{"@id":"https:\/\/wia.net.pl\/index.php\/2023\/09\/22\/onz-pandemia-i-cyfrowy-gulag\/#breadcrumblist"},"author":{"@id":"https:\/\/wia.net.pl\/index.php\/author\/trinity\/#author"},"creator":{"@id":"https:\/\/wia.net.pl\/index.php\/author\/trinity\/#author"},"image":{"@type":"ImageObject","url":"https:\/\/wia.net.pl\/wp-content\/uploads\/2023\/09\/186057.jpg","@id":"https:\/\/wia.net.pl\/index.php\/2023\/09\/22\/onz-pandemia-i-cyfrowy-gulag\/#mainImage","width":1400,"height":700},"primaryImageOfPage":{"@id":"https:\/\/wia.net.pl\/index.php\/2023\/09\/22\/onz-pandemia-i-cyfrowy-gulag\/#mainImage"},"datePublished":"2023-09-22T11:22:20+02:00","dateModified":"2023-09-22T11:22:20+02:00"},{"@type":"WebSite","@id":"https:\/\/wia.net.pl\/#website","url":"https:\/\/wia.net.pl\/","name":"Wolno\u015b\u0107 i Anarchia","description":"Ka\u017cdy wewn\u0119trznie jest anarchist\u0105.","inLanguage":"pl-PL","publisher":{"@id":"https:\/\/wia.net.pl\/#person"}}]},"og:locale":"pl_PL","og:site_name":"Wolno\u015b\u0107 i Anarchia - Ka\u017cdy wewn\u0119trznie jest anarchist\u0105.","og:type":"article","og:title":"ONZ \u2013 pandemia i cyfrowy gu\u0142ag - Wolno\u015b\u0107 i Anarchia","og:description":"Przewodnicz\u0105cy Zgromadzenia Og\u00f3lnego ONZ zatwierdza deklaracj\u0119 dotycz\u0105c\u0105 pandemii \u2013 eksperci ds. prywatno\u015bci ostrzegaj\u0105 przed \u201ecyfrowym gu\u0142agiem\u201d Autor. Michael Nevradakis Global Research, September 21, 2023 Children's Health Defense 20 wrze\u015bnia 2023 Przewodnicz\u0105cy Zgromadzenia Og\u00f3lnego Organizacji Narod\u00f3w Zjednoczonych (ONZ) (ONZ) zatwierdzi\u0142 dzi\u015b niewi\u0105\u017c\u0105c\u0105 deklaracj\u0119 ONZ w sprawie zapobiegania, gotowo\u015bci i reagowania na pandemi\u0119 (PPPR) bez pe\u0142nego g\u0142osowania Zgromadzenia i pomimo sprzeciwu 11 kraj\u00f3w. Krytycy nazwali","og:url":"https:\/\/wia.net.pl\/index.php\/2023\/09\/22\/onz-pandemia-i-cyfrowy-gulag\/","og:image":"https:\/\/wia.net.pl\/wp-content\/uploads\/2023\/11\/cropped-freedom-i73367.jpg","og:image:secure_url":"https:\/\/wia.net.pl\/wp-content\/uploads\/2023\/11\/cropped-freedom-i73367.jpg","article:published_time":"2023-09-22T09:22:20+00:00","article:modified_time":"2023-09-22T09:22:20+00:00","twitter:card":"summary_large_image","twitter:title":"ONZ \u2013 pandemia i cyfrowy gu\u0142ag - Wolno\u015b\u0107 i Anarchia","twitter:description":"Przewodnicz\u0105cy Zgromadzenia Og\u00f3lnego ONZ zatwierdza deklaracj\u0119 dotycz\u0105c\u0105 pandemii \u2013 eksperci ds. prywatno\u015bci ostrzegaj\u0105 przed \u201ecyfrowym gu\u0142agiem\u201d Autor. Michael Nevradakis Global Research, September 21, 2023 Children's Health Defense 20 wrze\u015bnia 2023 Przewodnicz\u0105cy Zgromadzenia Og\u00f3lnego Organizacji Narod\u00f3w Zjednoczonych (ONZ) (ONZ) zatwierdzi\u0142 dzi\u015b niewi\u0105\u017c\u0105c\u0105 deklaracj\u0119 ONZ w sprawie zapobiegania, gotowo\u015bci i reagowania na pandemi\u0119 (PPPR) bez pe\u0142nego g\u0142osowania Zgromadzenia i pomimo sprzeciwu 11 kraj\u00f3w. Krytycy nazwali","twitter:image":"https:\/\/wia.net.pl\/wp-content\/uploads\/2023\/11\/cropped-freedom-i73367.jpg"},"aioseo_meta_data":{"post_id":"4743","title":null,"description":null,"keywords":[],"keyphrases":{"focus":{"keyphrase":"","score":0,"analysis":{"keyphraseInTitle":{"score":0,"maxScore":9,"error":1}}},"additional":[]},"primary_term":null,"canonical_url":null,"og_title":null,"og_description":null,"og_object_type":"default","og_image_type":"default","og_image_url":null,"og_image_width":null,"og_image_height":null,"og_image_custom_url":null,"og_image_custom_fields":null,"og_video":"","og_custom_url":null,"og_article_section":null,"og_article_tags":[],"twitter_use_og":false,"twitter_card":"default","twitter_image_type":"default","twitter_image_url":null,"twitter_image_custom_url":null,"twitter_image_custom_fields":null,"twitter_title":null,"twitter_description":null,"schema":{"blockGraphs":[],"customGraphs":[],"default":{"data":{"Article":[],"Course":[],"Dataset":[],"FAQPage":[],"Movie":[],"Person":[],"Product":[],"ProductReview":[],"Car":[],"Recipe":[],"Service":[],"SoftwareApplication":[],"WebPage":[]},"graphName":"BlogPosting","isEnabled":true},"graphs":[]},"schema_type":"default","schema_type_options":null,"pillar_content":false,"robots_default":true,"robots_noindex":false,"robots_noarchive":false,"robots_nosnippet":false,"robots_nofollow":false,"robots_noimageindex":false,"robots_noodp":false,"robots_notranslate":false,"robots_max_snippet":"-1","robots_max_videopreview":"-1","robots_max_imagepreview":"large","priority":null,"frequency":"default","local_seo":null,"breadcrumb_settings":null,"limit_modified_date":false,"ai":null,"created":"2023-09-22 09:22:21","updated":"2025-06-04 09:21:28","seo_analyzer_scan_date":null,"focus_keyword":null,"additional_keywords":null,"truseo_locale":null},"aioseo_breadcrumb":"<div class=\"aioseo-breadcrumbs\"><span class=\"aioseo-breadcrumb\">\n\t\t\t<a href=\"https:\/\/wia.net.pl\" title=\"Home\">Home<\/a>\n\t\t<\/span><span class=\"aioseo-breadcrumb-separator\">&raquo;<\/span><span class=\"aioseo-breadcrumb\">\n\t\t\t<a href=\"https:\/\/wia.net.pl\/index.php\/category\/artykuly\/\" title=\"Artyku\u0142y\">Artyku\u0142y<\/a>\n\t\t<\/span><span class=\"aioseo-breadcrumb-separator\">&raquo;<\/span><span class=\"aioseo-breadcrumb\">\n\t\t\tONZ \u2013 pandemia i cyfrowy gu\u0142ag\n\t\t<\/span><\/div>","aioseo_breadcrumb_json":[{"label":"Home","link":"https:\/\/wia.net.pl"},{"label":"Artyku\u0142y","link":"https:\/\/wia.net.pl\/index.php\/category\/artykuly\/"},{"label":"ONZ &#8211; pandemia i cyfrowy gu\u0142ag","link":"https:\/\/wia.net.pl\/index.php\/2023\/09\/22\/onz-pandemia-i-cyfrowy-gulag\/"}],"_links":{"self":[{"href":"https:\/\/wia.net.pl\/index.php\/wp-json\/wp\/v2\/posts\/4743"}],"collection":[{"href":"https:\/\/wia.net.pl\/index.php\/wp-json\/wp\/v2\/posts"}],"about":[{"href":"https:\/\/wia.net.pl\/index.php\/wp-json\/wp\/v2\/types\/post"}],"author":[{"embeddable":true,"href":"https:\/\/wia.net.pl\/index.php\/wp-json\/wp\/v2\/users\/2"}],"replies":[{"embeddable":true,"href":"https:\/\/wia.net.pl\/index.php\/wp-json\/wp\/v2\/comments?post=4743"}],"version-history":[{"count":1,"href":"https:\/\/wia.net.pl\/index.php\/wp-json\/wp\/v2\/posts\/4743\/revisions"}],"predecessor-version":[{"id":4745,"href":"https:\/\/wia.net.pl\/index.php\/wp-json\/wp\/v2\/posts\/4743\/revisions\/4745"}],"wp:featuredmedia":[{"embeddable":true,"href":"https:\/\/wia.net.pl\/index.php\/wp-json\/wp\/v2\/media\/4744"}],"wp:attachment":[{"href":"https:\/\/wia.net.pl\/index.php\/wp-json\/wp\/v2\/media?parent=4743"}],"wp:term":[{"taxonomy":"category","embeddable":true,"href":"https:\/\/wia.net.pl\/index.php\/wp-json\/wp\/v2\/categories?post=4743"},{"taxonomy":"post_tag","embeddable":true,"href":"https:\/\/wia.net.pl\/index.php\/wp-json\/wp\/v2\/tags?post=4743"}],"curies":[{"name":"wp","href":"https:\/\/api.w.org\/{rel}","templated":true}]}}