{"id":4801,"date":"2023-09-28T11:05:25","date_gmt":"2023-09-28T09:05:25","guid":{"rendered":"https:\/\/wia.net.pl\/?p=4801"},"modified":"2023-09-28T11:05:26","modified_gmt":"2023-09-28T09:05:26","slug":"uhonorowanie-przez-kanade-nazistowskiego-weterana","status":"publish","type":"post","link":"https:\/\/wia.net.pl\/index.php\/2023\/09\/28\/uhonorowanie-przez-kanade-nazistowskiego-weterana\/","title":{"rendered":"Uhonorowanie przez Kanad\u0119 nazistowskiego weterana"},"content":{"rendered":"\n<p>Uhonorowanie przez Kanad\u0119 nazistowskiego weterana obna\u017ca d\u0142ugoletni\u0105 polityk\u0119 Ottawy wobec Ukrainy<\/p>\n\n\n\n<p>Autor, <a href=\"https:\/\/thegrayzone.com\/author\/max-blumenthal\/\">MAKS BLUMENTHAL<\/a><\/p>\n\n\n\n<p>The Grayzone<\/p>\n\n\n\n<figure class=\"wp-block-image size-full is-resized\"><img loading=\"lazy\" decoding=\"async\" src=\"https:\/\/wia.net.pl\/wp-content\/uploads\/2023\/09\/MAX-IMAGE-SEPT-26.webp\" alt=\"\" class=\"wp-image-4803\" style=\"width:841px;height:473px\" width=\"841\" height=\"473\" srcset=\"https:\/\/wia.net.pl\/wp-content\/uploads\/2023\/09\/MAX-IMAGE-SEPT-26.webp 768w, https:\/\/wia.net.pl\/wp-content\/uploads\/2023\/09\/MAX-IMAGE-SEPT-26-300x169.webp 300w, https:\/\/wia.net.pl\/wp-content\/uploads\/2023\/09\/MAX-IMAGE-SEPT-26-480x270.webp 480w\" sizes=\"(max-width: 841px) 100vw, 841px\" \/><\/figure>\n\n\n\n<h3 class=\"wp-block-heading\">\u015awi\u0119tuj\u0105c uhonorowanie ochotnika Waffen-SS jako \u201ebohatera\u201d, Kanadyjska Partia Liberalna podkre\u015bli\u0142a d\u0142ugoletni\u0105 polityk\u0119, w ramach kt\u00f3rej Ottawa szkoli\u0142a faszystowskich bojownik\u00f3w na Ukrainie, witaj\u0105c jednocze\u015bnie tysi\u0105ce powojennych nazistowskich weteran\u00f3w SS.<\/h3>\n\n\n\n<h3 class=\"wp-block-heading\">Druga pod wzgl\u0119dem wp\u0142yw\u00f3w urz\u0119dniczka Kanady, Chrystia Freeland, jest wnuczk\u0105 jednego z czo\u0142owych ukrai\u0144skich propagandyst\u00f3w nazistowskich Niemiec.<\/h3>\n\n\n\n<p>Wiosn\u0105 1943 roku Jaros\u0142aw Hunka by\u0142 \u017co\u0142nierzem o \u015bwie\u017cej twarzy w 14. Dywizji Grenadier\u00f3w Waffen-SS Galicia, kiedy do jego dywizji z\u0142o\u017cy\u0142 wizyt\u0119&nbsp;<a href=\"https:\/\/www.reddit.com\/r\/HistoryPorn\/comments\/eta2po\/reichsfuhrer_heinrich_himmler_visiting_ukrainian\/\">architekt<\/a>&nbsp;ludob\u00f3jczej polityki nazistowskich Niemiec, Heinrich Himmler.&nbsp;Himmler, kt\u00f3ry przewodniczy\u0142 formowaniu batalionu, by\u0142 wyra\u017anie dumny z Ukrai\u0144c\u00f3w, kt\u00f3rzy zg\u0142osili si\u0119 na ochotnika do wspierania wysi\u0142k\u00f3w III Rzeszy.<\/p>\n\n\n\n<p>80 lat p\u00f3\u017aniej marsza\u0142ek kanadyjskiego parlamentu Anthony Rota r\u00f3wnie\u017c promienia\u0142 dum\u0105, gdy zaprosi\u0142 Hunk\u0119 na przyj\u0119cie wydane na cze\u015b\u0107 Wo\u0142odymyra Ze\u0142enskiego, podczas kt\u00f3rego ukrai\u0144ski prezydent lobbowa\u0142 za wi\u0119ksz\u0105 ilo\u015bci\u0105 broni i pomoc\u0105 finansow\u0105 dla wojny swojego kraju z Rosj\u0105.<\/p>\n\n\n\n<p>\u201eMamy dzi\u015b w izbie ukrai\u0144skiego weterana wojennego z drugiej wojny \u015bwiatowej, kt\u00f3ry walczy\u0142 o niepodleg\u0142o\u015b\u0107 Ukrainy przeciwko Rosjanom i nadal wspiera \u017co\u0142nierzy, nawet w wieku 98 lat\u201d \u2013 o\u015bwiadczy\u0142 Rota podczas wydarzenia parlamentarnego 22 wrze\u015bnia w Ottawie.<\/p>\n\n\n\n<p>\u201eNazywa si\u0119 Yaroslav Hunka, ale z dum\u0105 mog\u0119 powiedzie\u0107, \u017ce pochodzi z North Bay i z mojej miejscowo\u015bci Nipissing-Timiskaming.&nbsp;To ukrai\u0144ski bohater, kanadyjski bohater i dzi\u0119kujemy mu za ca\u0142\u0105 jego s\u0142u\u017cb\u0119\u201d \u2013 kontynuowa\u0142a Rota.<\/p>\n\n\n\n<p>W\u015br\u00f3d t\u0142umu rozleg\u0142y si\u0119 burze oklask\u00f3w, gdy premier Justin Trudeau, Ze\u0142enski, wicepremier Chrystia Freeland, szef sztabu obrony Kanady gen. Wayne Eyre i przyw\u00f3dcy wszystkich kanadyjskich partii wstali ze swoich miejsc, aby oklaskiwa\u0107 s\u0142u\u017cb\u0119 Hunki w czasie wojny.<\/p>\n\n\n\n<figure class=\"wp-block-embed is-type-rich is-provider-twitter wp-block-embed-twitter\"><div class=\"wp-block-embed__wrapper\">\n<blockquote class=\"twitter-tweet\" data-width=\"550\" data-dnt=\"true\"><p lang=\"en\" dir=\"ltr\">Canada\u2019s parliament gives a standing ovation to a 98-year-old Ukrainian Nazi collaborator likely to keep a music box at home stuffed with grainy black and white execution photos <br><br>If John Demjanjuk had lived a little longer he too could have been a hero  <a href=\"https:\/\/t.co\/WXYBYCwuXr\">https:\/\/t.co\/WXYBYCwuXr<\/a><\/p>&mdash; Max Blumenthal (@MaxBlumenthal) <a href=\"https:\/\/twitter.com\/MaxBlumenthal\/status\/1705704273147740430?ref_src=twsrc%5Etfw\">September 23, 2023<\/a><\/blockquote><script async src=\"https:\/\/platform.twitter.com\/widgets.js\" charset=\"utf-8\"><\/script>\n<\/div><\/figure>\n\n\n\n<p>Od czasu ujawnienia kartoteki Hunki jako nazistowskiego kolaboranta \u2013 co powinno by\u0107 oczywiste od razu po tym, jak marsza\u0142ek go og\u0142osi\u0142 \u2013 przyw\u00f3dcy kanadyjscy (z chlubnym wyj\u0105tkiem Eyre) po\u015bpieszyli z powierzchownymi, oszcz\u0119dzaj\u0105cymi twarz przeprosinami, w miar\u0119 jak mia\u017cd\u017c\u0105ce pot\u0119pienia nap\u0142ywa\u0142y ze strony Kanadyjskie organizacje \u017cydowskie.<\/p>\n\n\n\n<p>Incydent sta\u0142 si\u0119 obecnie powa\u017cnym og\u00f3lnokrajowym skandalem i zaj\u0105\u0142 miejsce na ok\u0142adkach kanadyjskich gazet, takich jak Toronto Sun, w kt\u00f3rym za\u017cartowano:&nbsp;<a href=\"https:\/\/twitter.com\/joe_warmington\/status\/1706113700002685391\">\u201eCzy to nazi\u015bci nadchodz\u0105\u201d.&nbsp;<\/a>Tymczasem Minister Edukacji Polski og\u0142osi\u0142&nbsp;<a href=\"https:\/\/notesfrompoland.com\/2023\/09\/26\/poland-may-seek-extradition-of-ukrainian-nazi-ww2-veteran-hunka-from-canada\/\">plany<\/a>&nbsp;starania si\u0119 o ekstradycj\u0119 Hunki.<\/p>\n\n\n\n<p>Partia Liberalna pr\u00f3bowa\u0142a bagatelizowa\u0107 t\u0119 spraw\u0119, uznaj\u0105c j\u0105 za przypadkow\u0105 pomy\u0142k\u0119, a jedna z parlamentarzyst\u00f3w z Partii Liberalnej&nbsp;<a href=\"https:\/\/twitter.com\/karinagould\/status\/1706058804570268125\">nalega\u0142a<\/a>&nbsp;, aby jej koledzy \u201eunikali upolityczniania tego incydentu\u201d.&nbsp;Melanie Joly, minister spraw zagranicznych Kanady, wymusi\u0142a na&nbsp;<a href=\"https:\/\/twitter.com\/I_Katchanovski\/status\/1706713066979676282\">Rotie<\/a>&nbsp;rezygnacj\u0119, chc\u0105c zrobi\u0107 z marsza\u0142ka koz\u0142a ofiarnego za zbiorowe dzia\u0142ania swojej partii.<\/p>\n\n\n\n<p>Tymczasem Trudeau wskaza\u0142 na \u201eg\u0142\u0119boko zawstydzaj\u0105ce\u201d wydarzenie jako pow\u00f3d, aby \u201eprzeciwstawi\u0107 si\u0119 rosyjskiej propagandzie\u201d, jak gdyby Kreml w jaki\u015b spos\u00f3b przemyci\u0142 do parlamentu nieletniego nazistowskiego wsp\u00f3\u0142pracownika, a nast\u0119pnie zahipnotyzowa\u0142 premiera i jego koleg\u00f3w w stylu kandydata mand\u017curskiego , aby uczci\u0107 go jako bohatera.<\/p>\n\n\n\n<figure class=\"wp-block-embed is-type-rich is-provider-twitter wp-block-embed-twitter\"><div class=\"wp-block-embed__wrapper\">\n<blockquote class=\"twitter-tweet\" data-width=\"550\" data-dnt=\"true\"><p lang=\"en\" dir=\"ltr\">NEW &#8211; Justin Trudeau blames Russian propaganda for Canadian Parliament honoring a Nazi.<br><br>&quot;Obviously, it&#39;s extremely upsetting that this happened&#8230; this is something that is deeply embarrassing to the Parliament of Canada&#8230;<br><br>It&#39;s going to be really important that all of us push\u2026 <a href=\"https:\/\/t.co\/Zvk5ytkxmC\">pic.twitter.com\/Zvk5ytkxmC<\/a><\/p>&mdash; KanekoaTheGreat (@KanekoaTheGreat) <a href=\"https:\/\/twitter.com\/KanekoaTheGreat\/status\/1706391596869226981?ref_src=twsrc%5Etfw\">September 25, 2023<\/a><\/blockquote><script async src=\"https:\/\/platform.twitter.com\/widgets.js\" charset=\"utf-8\"><\/script>\n<\/div><\/figure>\n\n\n\n<p>Oczywi\u015bcie, ten incydent nie by\u0142 gaf\u0105.&nbsp;Zanim rz\u0105d Kanady i dostojnicy wojskowi uczcili Hunk\u0119 w parlamencie, zapewnili wsparcie dyplomatyczne faszystowskim chuliganom walcz\u0105cym o zainstalowanie nacjonalistycznego rz\u0105du w Kijowie i nadzorowali szkolenie wsp\u00f3\u0142czesnych ukrai\u0144skich formacji wojskowych otwarcie zaanga\u017cowanych w wspieranie ideologii nazistowskiej.<\/p>\n\n\n\n<p>Obchody upami\u0119tniaj\u0105ce Hunk\u0119 w Ottawie ods\u0142oni\u0142y tak\u017ce przykrywk\u0119 polityki kraju po drugiej wojnie \u015bwiatowej, polegaj\u0105cej na naturalizowaniu znanych ukrai\u0144skich kolaborant\u00f3w nazistowskich i wykorzystywaniu ich jako krajowych antykomunistycznych oddzia\u0142\u00f3w szturmowych.&nbsp;Powojenna fala imigracyjna obejmowa\u0142a dziadka wicepremier Chrystii Freeland, kt\u00f3ra dzia\u0142a\u0142a jako jeden z czo\u0142owych ukrai\u0144skich propagandyst\u00f3w Hitlera w okupowanej przez nazist\u00f3w Polsce.<\/p>\n\n\n\n<p>Chocia\u017c kanadyjska oficjalna w\u0142adza stara\u0142a si\u0119 st\u0142umi\u0107 t\u0119 okropn\u0105 histori\u0119, powr\u00f3ci\u0142a ona w dramatyczny spos\u00f3b poprzez pojawienie si\u0119 Hunki w parlamencie i niepokoj\u0105c\u0105 zawarto\u015b\u0107 jego internetowych pami\u0119tnik\u00f3w.<\/p>\n\n\n\n<figure class=\"wp-block-image\" id=\"attachment_92832\"><img decoding=\"async\" src=\"https:\/\/i0.wp.com\/thegrayzone.com\/wp-content\/uploads\/2023\/09\/hunka.png?resize=437%2C459&amp;ssl=1\" alt=\"\" class=\"wp-image-92832\"\/><figcaption class=\"wp-element-caption\">Jaros\u0142aw Hunka, prz\u00f3d i \u015brodek, jako cz\u0142onek dywizji Waffen-SS Galicia<\/figcaption><\/figure>\n\n\n\n<h3 class=\"wp-block-heading\">\u201eZ rado\u015bci\u0105 powitali\u015bmy \u017co\u0142nierzy niemieckich\u201d<\/h3>\n\n\n\n<p>W&nbsp;<a href=\"https:\/\/komb-a-ingwar.blogspot.com\/2011\/03\/blog-post_21.html?m=0\">marcowym wydaniu dziennika Stowarzyszenia By\u0142ych Kombatant\u00f3w Ukrai\u0144skich w USA z marca 2011 r.<\/a>&nbsp;znajduje si\u0119 niepokoj\u0105cy wpis, kt\u00f3ry do niedawna pozostawa\u0142 niezauwa\u017cony.<\/p>\n\n\n\n<p>Dziennik, kt\u00f3rego autorem jest Jaros\u0142aw Hunka, zawiera\u0142 dumne refleksje na temat wolontariatu w 14. Dywizji Grenadier\u00f3w Waffen-SS Galicia.&nbsp;Hunka opisa\u0142 nazistowskiego Wehrmachtu jako \u201emistycznych niemieckich rycerzy\u201d, kiedy po raz pierwszy przybyli do jego rodzinnego miasta Bere\u017cany, a s\u0142u\u017cb\u0119 w Waffen-SS wspomina\u0142 jako najszcz\u0119\u015bliwszy okres w swoim \u017cyciu.<\/p>\n\n\n\n<p>\u201eW mojej sz\u00f3stej klasie \u2013 pisa\u0142 \u2013 na czterdziestu uczni\u00f3w by\u0142o sze\u015bciu Ukrai\u0144c\u00f3w, dw\u00f3ch Polak\u00f3w, a reszta to \u017cydowskie dzieci uchod\u017ac\u00f3w z Polski.&nbsp;Zastanawiali\u015bmy si\u0119, dlaczego uciekali przed tak cywilizowanym narodem zachodnim, jak Niemcy\u201d.<\/p>\n\n\n\n<p>\u017bydowska&nbsp;<a href=\"https:\/\/www.jewishvirtuallibrary.org\/berezhany\">Biblioteka Wirtualna szczeg\u00f3\u0142owo opisuje<\/a>&nbsp;eksterminacj\u0119 ludno\u015bci \u017cydowskiej w Bere\u017canach przez \u201ecywilizowanych\u201d Niemc\u00f3w: \u201eW 1941 r., pod koniec okupacji sowieckiej, w Bere\u017canach mieszka\u0142o 12 000 \u017byd\u00f3w, w wi\u0119kszo\u015bci uciekinier\u00f3w uciekaj\u0105cych przed okropno\u015bciami nazistowskiej machiny wojennej w Europa.&nbsp;Podczas&nbsp;&nbsp;Holokaustu&nbsp;, 1 pa\u017adziernika 1941 r., w pobliskich kamienio\u0142omach Niemcy rozstrzelali 500\u2013700 \u017byd\u00f3w.&nbsp;18 grudnia&nbsp;&nbsp;rozstrzelano w lesie kolejnych 1200 os\u00f3b, uznanych przez&nbsp;<em>Judenrat za biednych.&nbsp;<\/em>W&nbsp;&nbsp;Jom Kippur 1942 (21 wrze\u015bnia) do&nbsp;Be\u0142\u017cca&nbsp;&nbsp;deportowano 1000\u20131500 os\u00f3b,&nbsp;&nbsp;&nbsp;a setki zamordowano na ulicach i w domach.&nbsp;Na Chanuk\u0119 (4\u20135 grudnia) wys\u0142ano do Be\u0142\u017cca kolejne setki, a 12 czerwca 1943 r. ostatnich 1700 \u017byd\u00f3w&nbsp;Getto&nbsp;i ob\u00f3z pracy zosta\u0142y zlikwidowane, a jedynie nielicznym uda\u0142o si\u0119 uciec.&nbsp;Wojn\u0119 prze\u017cy\u0142o niespe\u0142na 100 \u017byd\u00f3w z Bere\u017cany.\u201d<\/p>\n\n\n\n<p>Kiedy si\u0142y radzieckie przej\u0119\u0142y kontrol\u0119 nad Bere\u017canami, Hunk powiedzia\u0142, \u017ce on i jego s\u0105siedzi nie mog\u0105 si\u0119 doczeka\u0107 przybycia nazistowskich Niemiec.&nbsp;&nbsp;\u201eKa\u017cdego dnia \u2013 wspomina\u0142 \u2013 \u201eniecierpliwie spogl\u0105dali\u015bmy w stron\u0119 Pomoryan (Lwowa) z nadziej\u0105, \u017ce zaraz pojawi\u0105 si\u0119&nbsp;ci mistyczni niemieccy rycerze, kt\u00f3rzy daj\u0105 kule znienawidzonym Lachom\u201d&nbsp;<em>.&nbsp;<\/em>(&nbsp;<em>Lach<\/em>&nbsp;to obra\u017aliwe ukrai\u0144skie okre\u015blenie Polak\u00f3w).<\/p>\n\n\n\n<p>W lipcu 1941 r., kiedy hitlerowska armia niemiecka wkroczy\u0142a do Bere\u017can, Hunk odetchn\u0105\u0142 z ulg\u0105.&nbsp;\u201eZ rado\u015bci\u0105 powitali\u015bmy \u017co\u0142nierzy niemieckich\u201d \u2013 napisa\u0142.&nbsp;\u201eLudzie poczuli odwil\u017c, wiedz\u0105c, \u017ce nie b\u0119dzie ju\u017c tego strasznego pukania do drzwi w \u015brodku nocy i przynajmniej b\u0119dzie mo\u017cna teraz spa\u0107 spokojnie\u201d.<\/p>\n\n\n\n<p>Dwa lata p\u00f3\u017aniej Hunka do\u0142\u0105czy\u0142 do I Dywizji galicyjskiej 14. Brygady Grenadier\u00f3w SS \u2013 jednostki utworzonej pod osobistym rozkazem Heinricha Himmlera.&nbsp;Kiedy Himmler przeprowadza\u0142 inspekcj\u0119 ukrai\u0144skich ochotnik\u00f3w w maju 1943 r. (poni\u017cej), towarzyszy\u0142 mu Otto Von Wachter,&nbsp;<a href=\"https:\/\/collections.ushmm.org\/search\/catalog\/irn1002627\">mianowany przez nazist\u00f3w gubernator Galicji<\/a>&nbsp;, kt\u00f3ry utworzy\u0142 \u017cydowskie getto w Krakowie.<\/p>\n\n\n\n<figure class=\"wp-block-image\"><img decoding=\"async\" src=\"https:\/\/i0.wp.com\/thegrayzone.com\/wp-content\/uploads\/2023\/09\/Himmler-Ukraine.jpg?resize=1088%2C784&amp;ssl=1\" alt=\"\" class=\"wp-image-92840\"\/><\/figure>\n\n\n\n<p>\u201eWasza ojczyzna sta\u0142a si\u0119 o wiele pi\u0119kniejsza, odk\u0105d stracili\u015bcie \u2013 musz\u0119 powiedzie\u0107, \u017ce z naszej inicjatywy \u2013 tych mieszka\u0144c\u00f3w, kt\u00f3rzy tak cz\u0119sto stanowili plam\u0119 na dobrym imieniu Galicji, a mianowicie \u017byd\u00f3w\u2026\u201d Himmler mia\u0142 podobno powiedzie\u0107 \u017co\u0142nierzom&nbsp;<a href=\"https:\/\/books.google.com\/books\/about\/Poland_s_Holocaust.html?id=hC0-dk7vpM8C\">ukrai\u0144skim<\/a>&nbsp;.&nbsp;\u201eWiem, \u017ce gdybym kaza\u0142 ci zlikwidowa\u0107 Polak\u00f3w\u2026 da\u0142bym ci pozwolenie na zrobienie tego, na co i tak masz ochot\u0119\u201d.<\/p>\n\n\n\n<h3 class=\"wp-block-heading\">\u201eElitarni oprawcy i mordercy Hitlera otrzymali rozkazy RCMP\u201d<\/h3>\n\n\n\n<p>Po wojnie kanadyjski rz\u0105d liberalny sklasyfikowa\u0142 tysi\u0105ce \u017cydowskich uchod\u017ac\u00f3w jako&nbsp;<a href=\"https:\/\/montrealgazette.com\/news\/quebec\/from-refugees-to-enemy-aliens-the-little-known-saga-of-jewish-internees-in-canada\">\u201ewrogich kosmit\u00f3w\u201d<\/a>&nbsp;i przetrzymywa\u0142 ich wraz z by\u0142ymi nazistami w sieci oboz\u00f3w dla internowanych otoczonych drutem kolczastym, w obawie, \u017ce zaka\u017c\u0105 oni sw\u00f3j nowy kraj komunizmem.&nbsp;W tym samym czasie Ottawa umo\u017cliwi\u0142a tysi\u0105com ukrai\u0144skich weteran\u00f3w armii hitlerowskiej szybk\u0105 \u015bcie\u017ck\u0119 do uzyskania obywatelstwa.<\/p>\n\n\n\n<p>W ukrai\u0144sko-kanadyjskim biuletynie&nbsp;<a href=\"https:\/\/twitter.com\/ABCommunist\/status\/1706090476246577189\/photo\/1\">z 1 kwietnia 1948 roku ubolewano<\/a>&nbsp;, \u017ce \u201eniekt\u00f3rzy [nowi obywatele] to zdeklarowani nazi\u015bci, kt\u00f3rzy s\u0142u\u017cyli w niemieckiej armii i policji.&nbsp;Donoszono, \u017ce osoby wytatuowane z przera\u017caj\u0105cym SS, elitarnymi oprawcami i mordercami Hitlera, by\u0142y przekazywane na rozkaz RCMP i po odrzuceniu ich przez agencje kontrolne w Europie.<\/p>\n\n\n\n<p>Dziennik opisa\u0142 niezreformowanych nazist\u00f3w jako antykomunistyczne oddzia\u0142y szturmowe, kt\u00f3rych \u201e\u201aprzyw\u00f3dcy ideologiczni\u2019 s\u0105 ju\u017c zaj\u0119ci wzniecaniem III wojny \u015bwiatowej i propagowaniem nowego \u015bwiatowego holokaustu, w kt\u00f3rym Kanada zginie\u201d.<\/p>\n\n\n\n<p>W 1997 r. kanadyjski oddzia\u0142 Centrum Szymona Wiesenthala&nbsp;<a href=\"https:\/\/jweekly.com\/1997\/02\/07\/canada-admits-letting-in-2-000-ukrainian-ss-troopers\/\">oskar\u017cy\u0142 rz\u0105d kanadyjski<\/a>&nbsp;o przyj\u0119cie ponad 2000 weteran\u00f3w 14. Ochotniczej Dywizji Grenadier\u00f3w Waffen-SS.<\/p>\n\n\n\n<p>W tym samym roku 60 Minutes wyda\u0142o specjalny film&nbsp;<a href=\"https:\/\/www.youtube.com\/watch?v=tZr0cKoNWxE\">\u201eMroczny sekret Kanady\u201d,<\/a>&nbsp;w kt\u00f3rym ujawniono, \u017ce po wojnie oko\u0142o 1000 nazistowskich weteran\u00f3w SS z kraj\u00f3w ba\u0142tyckich otrzyma\u0142o od Kanady obywatelstwo.&nbsp;Irving Abella, kanadyjski historyk, powiedzia\u0142 60 Minutes, \u017ce naj\u0142atwiejszym sposobem przedostania si\u0119 do kraju \u201eby\u0142o pokazanie tatua\u017cu SS.&nbsp;To dowodzi\u0142o, \u017ce by\u0142 Pan antykomunist\u0105\u201d.<\/p>\n\n\n\n<p>Abella zarzuci\u0142a tak\u017ce, \u017ce premier Pierre Trudeau (ojciec Justina) wyja\u015bni\u0142 mu, \u017ce jego rz\u0105d milczy na temat nazistowskich imigrant\u00f3w, \u201eponiewa\u017c obawiali si\u0119 zaostrzenia stosunk\u00f3w mi\u0119dzy \u017bydami a spo\u0142eczno\u015bciami etnicznymi Europy Wschodniej\u201d.<\/p>\n\n\n\n<p>Jaros\u0142aw Hunka nale\u017ca\u0142 do powojennej fali ukrai\u0144skich weteran\u00f3w nazistowskich powitanych przez Kanad\u0119.&nbsp;Wed\u0142ug&nbsp;<a href=\"http:\/\/berezhanymrada.gov.ua\/index.php\/nashe-misto\/pochesni-hromadiany-m-berezhany\">strony internetowej urz\u0119du miasta Bere\u017cany<\/a>&nbsp;przyby\u0142 do Ontario w 1954 roku i szybko \u201ezosta\u0142 cz\u0142onkiem bractwa \u017co\u0142nierzy 1. Dywizji UNA, stowarzyszonego ze \u015awiatowym Kongresem Wolnych Ukrai\u0144c\u00f3w\u201d.<\/p>\n\n\n\n<p>W\u015br\u00f3d nowego pokolenia ukrai\u0144skich Kanadyjczyk\u00f3w znalaz\u0142 si\u0119 tak\u017ce Michael Chomiak, dziadek drugiej pod wzgl\u0119dem wp\u0142ywowo\u015bci kanadyjskiej urz\u0119dnika, Chrystii Freeland.&nbsp;Przez ca\u0142\u0105 swoj\u0105 karier\u0119 dziennikarki i kanadyjskiej dyplomaty Freeland rozwija\u0142a dziedzictwo antyrosyjskiej agitacji swojego dziadka, jednocze\u015bnie wielokrotnie&nbsp;<a href=\"https:\/\/twitter.com\/MaxBlumenthal\/status\/1498889118624985088\">wychwalaj\u0105c nazistowskich kolaborant\u00f3w z czas\u00f3w wojny<\/a>&nbsp;podczas wydarze\u0144 publicznych.<\/p>\n\n\n\n<figure class=\"wp-block-image\" id=\"attachment_92825\"><img decoding=\"async\" src=\"https:\/\/i0.wp.com\/thegrayzone.com\/wp-content\/uploads\/2023\/09\/Screenshot-2023-09-26-at-4.46.16-PM.png?resize=906%2C1090&amp;ssl=1\" alt=\"\" class=\"wp-image-92825\"\/><figcaption class=\"wp-element-caption\">Podczas wiecu w dniu 2 marca 2020 r. wicepremier Kanady Chrystia Freeland z dum\u0105 pokaza\u0142a sztandar Ukrai\u0144skiej Organizacji Partyzanckiej, kt\u00f3ra walczy\u0142a u boku nazistowskich Niemiec podczas II wojny \u015bwiatowej.<\/figcaption><\/figure>\n\n\n\n<h3 class=\"wp-block-heading\">Kanada wita czo\u0142owych ukrai\u0144skich propagandyst\u00f3w Hitlera<\/h3>\n\n\n\n<p>Przez ca\u0142\u0105 nazistowsk\u0105 niemieck\u0105 okupacj\u0119 Polski ukrai\u0144ski dziennikarz Micha\u0142 Chomiak by\u0142 jednym z czo\u0142owych propagandzist\u00f3w Hitlera.&nbsp;Mieszkaj\u0105cy w Krakowie Chomiak by\u0142 redaktorem antysemickiej publikacji pod tytu\u0142em Krakivs&#8217;ki visti (Wiadomo\u015bci Krakowskie), kt\u00f3ra wiwatowa\u0142a nazistowskiej inwazji na Zwi\u0105zek Radziecki \u2013 \u201eArmia niemiecka przynosi nam nasz\u0105 umi\u0142owan\u0105 wolno\u015b\u0107\u201d \u2013 g\u0142osi\u0142a gazeta w 1941 r. \u2013 i gloryfikowa\u0142a Hitlera podczas gromadzenia ukrai\u0144skiego wsparcia dla ochotnik\u00f3w Waffen-SS Galicia.<\/p>\n\n\n\n<p>Chomiak wi\u0119ksz\u0105 cz\u0119\u015b\u0107 wojny sp\u0119dzi\u0142 w dw\u00f3ch przestronnych krakowskich mieszkaniach, kt\u00f3re hitlerowcy odebrali ich \u017cydowskim w\u0142a\u015bcicielom.&nbsp;Napisa\u0142&nbsp;<a href=\"https:\/\/coat.ncf.ca\/research\/Chomiak-Freeland\/C-F_8.htm\">,<\/a>&nbsp;\u017ce przeni\u00f3s\u0142 liczne meble nale\u017c\u0105ce do niejakiego \u201eDr.&nbsp;Finkelsteina\u201d do innego, poddanego jego kontroli mieszkania, poddanego aryzacji.<\/p>\n\n\n\n<figure class=\"wp-block-image\" id=\"attachment_92785\"><img decoding=\"async\" src=\"https:\/\/i0.wp.com\/thegrayzone.com\/wp-content\/uploads\/2023\/09\/chomiak.jpeg?resize=1128%2C846&amp;ssl=1\" alt=\"\" class=\"wp-image-92785\"\/><figcaption class=\"wp-element-caption\">Michael Chomiak na przyj\u0119ciu z Emilem Gassnerem, szefem nazistowskich medi\u00f3w okupowanej Polski<\/figcaption><\/figure>\n\n\n\n<p>W Kanadzie Chomiak bra\u0142 udzia\u0142 w Ukrai\u0144sko-Kanadyjskim Komitecie (UCC), kt\u00f3ry inkubowa\u0142 zagorza\u0142e nastroje nacjonalistyczne w\u015br\u00f3d cz\u0142onk\u00f3w diaspory, jednocze\u015bnie lobbuj\u0105c w Ottawie na rzecz twardej polityki antyradzieckiej.&nbsp;Na swojej stronie internetowej&nbsp;<a href=\"https:\/\/www.ucc.ca\/about-ucc\/our-history\/\">UCC przechwala\u0142o si\u0119<\/a>&nbsp;otrzymaniem bezpo\u015bredniej pomocy rz\u0105du kanadyjskiego podczas drugiej wojny \u015bwiatowej: \u201eOstateczny i ostateczny impuls do [utworzenia UCC] wyszed\u0142 od Kanadyjskich Narodowych S\u0142u\u017cb Wojennych, kt\u00f3re obawia\u0142y si\u0119, \u017ce m\u0142odzi Ukrai\u0144cy zaci\u0105gn\u0105 si\u0119 do s\u0142u\u017cby wojskowej\u201d.<\/p>\n\n\n\n<p>Szefem Chomiaka w Krakowie by\u0142 pierwszy prezes UCC Wo\u0142odymyr Kubijowycz.&nbsp;Bra\u0142 tak\u017ce udzia\u0142 w utworzeniu 14. Dywizji Grenadier\u00f3w Waffen-SS Galicia,&nbsp;<a href=\"https:\/\/morningstaronline.co.uk\/a-f49a-the-little-known-history-of-the-galizia-division\">og\u0142aszaj\u0105c<\/a>&nbsp;w momencie jej powstania: \u201eTen historyczny dzie\u0144 sta\u0142 si\u0119 mo\u017cliwy dzi\u0119ki warunkom, kt\u00f3re stworzy\u0142y Ukrai\u0144com Galicji godn\u0105 okazj\u0119 do walki zbrojnej w rami\u0119 w rami\u0119 z bohaterskimi \u017co\u0142nierzami niemieckimi i Waffen-SS przeciwko bolszewizmowi, waszemu i naszemu \u015bmiertelnemu wrogowi\u201d.<\/p>\n\n\n\n<h3 class=\"wp-block-heading\">Freeland rozwija karier\u0119 medialn\u0105 jako tajny agent zmiany re\u017cimu na Ukrainie z czas\u00f3w sowieckich<\/h3>\n\n\n\n<p>Po jego \u015bmierci w 1984 r. w jego \u015blady posz\u0142a wnuczka Chomiaka, Chrystia Freeland, jako reporterka r\u00f3\u017cnych ukrai\u0144skich publikacji nacjonalistycznych.&nbsp;By\u0142a jednym z pierwszych wsp\u00f3\u0142autor\u00f3w Encyklopedii Ukrainy Kubijovycha, kt\u00f3ra&nbsp;<a href=\"https:\/\/www.encyclopediaofukraine.com\/display.asp?linkpath=pages%5CB%5CA%5CBanderaStepan.htm\">wybieli\u0142a<\/a>&nbsp;histori\u0119 nazistowskich kolaborant\u00f3w, takich jak Stepan Bandera, nazywaj\u0105c go \u201erewolucjonist\u0105\u201d.&nbsp;Nast\u0119pnie obj\u0119\u0142a stanowisko personelu w ukrai\u0144skiej wiadomo\u015bci z siedzib\u0105 w Edmonton, gdzie jej dziadek by\u0142 redaktorem.<\/p>\n\n\n\n<p>Wydanie \u201eUkrai\u0144skich Wiadomo\u015bci\u201d z 1988 r. (poni\u017cej) zawiera\u0142o artyku\u0142, kt\u00f3rego wsp\u00f3\u0142autorem jest Freeland, a nast\u0119pnie reklam\u0119 ksi\u0105\u017cki zatytu\u0142owanej&nbsp;<a href=\"https:\/\/collections.ushmm.org\/search\/catalog\/bib5318\">\u201eWalka o wolno\u015b\u0107\u201d<\/a>&nbsp;, w kt\u00f3rej gloryfikowano ukrai\u0144sk\u0105 galicyjsk\u0105 dywizj\u0119 Waffen-SS.<\/p>\n\n\n\n<figure class=\"wp-block-image\" id=\"attachment_92791\"><img decoding=\"async\" src=\"https:\/\/i0.wp.com\/thegrayzone.com\/wp-content\/uploads\/2023\/09\/Collage-Maker-25-Sep-2023-01-03-PM-3298.jpg?resize=1170%2C1170&amp;ssl=1\" alt=\"\" class=\"wp-image-92791\"\/><figcaption class=\"wp-element-caption\">Podczas pobytu Freeland na wymianie studenckiej we Lwowie na Ukrainie po\u0142o\u017cy\u0142a podwaliny pod sw\u00f3j b\u0142yskawiczny sukces dziennikarski.&nbsp;B\u0119d\u0105c za przykrywk\u0105, jako student literatury rosyjskiej na Uniwersytecie Harvarda, Freeland wsp\u00f3\u0142pracowa\u0142 z lokalnymi dzia\u0142aczami na rzecz zmiany re\u017cimu, przekazuj\u0105c antyradzieckie narracje wa\u017cnym osobisto\u015bciom mi\u0119dzynarodowych medi\u00f3w.<\/figcaption><\/figure>\n\n\n\n<p>\u201eNiezliczone \u00abtendencyjne\u00bb doniesienia prasowe na temat \u017cycia w Zwi\u0105zku Radzieckim, zw\u0142aszcza tych, kt\u00f3rzy nie byli obywatelami Rosji, odcisn\u0119\u0142y jej odciski palc\u00f3w, gdy pani Freeland zacz\u0119\u0142a zdobywa\u0107 s\u0142aw\u0119 w kr\u0119gach dziennikarskich, maj\u0105c na uwadze przysz\u0142e perspektywy zawodowe\u201d \u2013&nbsp;<a href=\"https:\/\/www.theglobeandmail.com\/world\/article-kgb-archives-show-how-chrystia-freeland-drew-the-ire-and-respect-of\/\">Jak podaje<\/a>&nbsp;Canadian Broadcasting Corporation (CBC)&nbsp;.<\/p>\n\n\n\n<p>Powo\u0142uj\u0105c si\u0119 na akta KGB, CBC opisa\u0142o Freelanda jako de facto agenta wywiadu: \u201eStudentka powoduj\u0105ca tyle b\u00f3lu g\u0142owy wyra\u017anie nienawidzi\u0142a Zwi\u0105zku Radzieckiego, ale zna\u0142a jego prawa od podszewki \u2013 i wiedzia\u0142a, jak wykorzysta\u0107 je na swoj\u0105 korzy\u015b\u0107.&nbsp;Umiej\u0119tnie ukrywa\u0142a swoje dzia\u0142ania, unika\u0142a inwigilacji (i dzieli\u0142a si\u0119 t\u0105 wiedz\u0105 ze swoimi ukrai\u0144skimi kontaktami) i umiej\u0119tnie handlowa\u0142a \u201edezinformacj\u0105\u201d.<\/p>\n\n\n\n<p>W 1989 r. radzieccy agenci bezpiecze\u0144stwa cofn\u0119li wiz\u0119 Freeland, kiedy przy\u0142apali j\u0105 na przemycaniu do kraju \u201eprawdziwego poradnika, jak przeprowadzi\u0107 wybory\u201d dla ukrai\u0144skich kandydat\u00f3w nacjonalistycznych.<\/p>\n\n\n\n<p>Szybko wr\u00f3ci\u0142a do dziennikarstwa, wyst\u0119puj\u0105c w poradzieckiej Moskwie dla \u201eFinancial Times\u201d i \u201eEconomist\u201d, a ostatecznie awansuj\u0105c na globalnego redaktora naczelnego Reuters \u2013 brytyjskiego giganta medialnego, kt\u00f3ry dzi\u015b pe\u0142ni funkcj\u0119 odci\u0119cia dla brytyjskich operacji wywiadowczych&nbsp;<a href=\"https:\/\/thegrayzone.com\/2021\/02\/20\/reuters-bbc-uk-foreign-office-russian-media\/\">.<\/a>&nbsp;przeciwko Rosji.<\/p>\n\n\n\n<h3 class=\"wp-block-heading\">Kanada szkoli, chroni nazist\u00f3w na Ukrainie po Majdanie<\/h3>\n\n\n\n<p>Kiedy w 2013 r. Freeland uzyska\u0142a mandat pos\u0142anki z ramienia Partii Liberalnej do kanadyjskiego parlamentu, stworzy\u0142a swoj\u0105 najpot\u0119\u017cniejsz\u0105 w dotychczasowej historii platform\u0119 agituj\u0105c\u0105 na rzecz zmiany re\u017cimu w Rosji.&nbsp;Wykorzystuj\u0105c swoje dziennikarskie koneksje, publikowa\u0142a artyku\u0142y w czo\u0142owych gazetach, takich jak&nbsp;<a href=\"https:\/\/www.nytimes.com\/2014\/03\/09\/opinion\/sunday\/how-russia-has-already-lost-the-war.html?_r=0\">New York Times,<\/a>&nbsp;wzywaj\u0105c do bojowego wsparcia zachodnich stolic dla tak zwanej \u201erewolucji godno\u015bci\u201d na Ukrainie, kt\u00f3ra doprowadzi\u0142a do brutalnego usuni\u0119cia demokratycznie wybranego prezydenta i zast\u0105pienia go przez nacjonalistyczny, pronatowski rz\u0105d w 2014 r.<\/p>\n\n\n\n<p>W trakcie pr\u00f3by zamachu stanu grupa neonazistowskich bandyt\u00f3w nale\u017c\u0105cych do organizacji C14 zaj\u0119\u0142a rad\u0119 miejsk\u0105 Kijowa i&nbsp;<a href=\"https:\/\/www.bbc.com\/news\/world-europe-26468720\">zdewastowa\u0142a budynek<\/a>&nbsp;, na kt\u00f3rym widnia\u0142y insygnia ukrai\u0144skiego nacjonalizmu i symbole bia\u0142ej supremacji, w tym flaga Konfederacji.&nbsp;Kiedy 18 lutego 2014 r. policja przegoni\u0142a faszystowskich chuligan\u00f3w,&nbsp;<a href=\"https:\/\/rabble.ca\/politics\/world-politics\/canadas-interference-in-ukrainian-democracy\/\">schronili si\u0119<\/a>&nbsp;oni w ambasadzie Kanady za wyra\u017an\u0105 zgod\u0105 administracji konserwatywnej w Ottawie.&nbsp;\u201eKanada sympatyzowa\u0142a w\u00f3wczas z protestuj\u0105cymi bardziej ni\u017c [ukrai\u0144ski] rz\u0105d\u201d \u2013&nbsp;<a href=\"https:\/\/www.cbc.ca\/news\/politics\/canadian-embassy-used-as-safe-haven-during-ukraine-uprising-investigation-finds-1.3148719\">przypomnia\u0142<\/a>&nbsp;&nbsp;Canadian Broadcasting Corporation urz\u0119dnik ukrai\u0144skiego ministerstwa spraw wewn\u0119trznych.<\/p>\n\n\n\n<figure class=\"wp-block-image\" id=\"attachment_92827\"><img decoding=\"async\" src=\"https:\/\/i0.wp.com\/thegrayzone.com\/wp-content\/uploads\/2023\/09\/kievs-city-hall.png?resize=631%2C351&amp;ssl=1\" alt=\"\" class=\"wp-image-92827\"\/><figcaption class=\"wp-element-caption\">Ministerstwo Spraw Zagranicznych Kanady udzieli\u0142o schronienia neonazistom (powy\u017cej), kt\u00f3rzy w 2014 roku okupowali i zdewastowali ratusz w Kijowie.<\/figcaption><\/figure>\n\n\n\n<p>Oficjalne wsparcie Kanady dla neonazistowskich bojownik\u00f3w na Ukrainie wzros\u0142o po wyborze Justina Trudeau z Partii Liberalnej w 2015 roku.&nbsp;W listopadzie 2017 r. kanadyjskie wojsko i Departament Obrony USA wys\u0142a\u0142y kilku oficer\u00f3w do Kijowa na&nbsp;<a href=\"https:\/\/web.archive.org\/web\/20180120142332\/http:\/\/azov.press\/ukr\/do-polku-azov-zavitala-bagatonacional-na-inspekciyna-grupa?utm_content=buffer38c25&amp;utm_medium=social&amp;utm_source=twitter.com&amp;utm_campaign=buffer\">mi\u0119dzynarodowe szkolenie<\/a>&nbsp;z ukrai\u0144skim batalionem Azow.&nbsp;(Azow usun\u0105\u0142 zapis sesji ze swojej strony internetowej).<\/p>\n\n\n\n<p>Azow by\u0142 w\u00f3wczas kontrolowany przez&nbsp;<a href=\"https:\/\/thegrayzone.com\/2023\/08\/16\/zelensky-ukraines-notorious-neo-nazi\/\">Adrija Biletskiego<\/a>&nbsp;, samozwa\u0144czego \u201eBia\u0142ego Przyw\u00f3dc\u0119\u201d, kt\u00f3ry o\u015bwiadczy\u0142: \u201ehistoryczn\u0105 misj\u0105 naszego narodu w tym krytycznym momencie jest poprowadzenie Bia\u0142ych Ras \u015bwiata w ostatecznej krucjacie o ich przetrwanie\u2026 krucjat\u0119 przeciwko Untermenschen dowodzonemu przez Semit\u00f3w\u201d.<\/p>\n\n\n\n<figure class=\"wp-block-image size-full\"><img loading=\"lazy\" decoding=\"async\" width=\"467\" height=\"540\" src=\"https:\/\/wia.net.pl\/wp-content\/uploads\/2023\/09\/Zrzut-ekranu-2023-09-28-105838.png\" alt=\"\" class=\"wp-image-4804\" srcset=\"https:\/\/wia.net.pl\/wp-content\/uploads\/2023\/09\/Zrzut-ekranu-2023-09-28-105838.png 467w, https:\/\/wia.net.pl\/wp-content\/uploads\/2023\/09\/Zrzut-ekranu-2023-09-28-105838-259x300.png 259w\" sizes=\"(max-width: 467px) 100vw, 467px\" \/><\/figure>\n\n\n\n<h3 class=\"wp-block-heading\">Kiedy na \u015bwiat\u0142o dzienne wychodzi historia rodziny nazist\u00f3w, Freeland ok\u0142amuje opini\u0119 publiczn\u0105<\/h3>\n\n\n\n<p>Po powrocie do Kanady w mediach po raz pierwszy pojawi\u0142a si\u0119 niepokoj\u0105ca historia rodziny Freeland\u00f3w.&nbsp;Kilka tygodni po mianowaniu jej w styczniu 2017 r. ministrem spraw zagranicznych \u2013 stanowisko to, jak mo\u017cna si\u0119 by\u0142o spodziewa\u0107, wykorzysta\u0107 do wywo\u0142ania sankcji na Rosj\u0119 i dostaw broni na Ukrain\u0119 \u2013 rola jej dziadka jako nazistowskiego propagandysty w okupowanej Polsce sta\u0142a si\u0119 przedmiotem szeregu alternatywnych raport\u00f3w naciska\u0107.<\/p>\n\n\n\n<p>Rz\u0105d Trudeau odpowiedzia\u0142 na merytoryczne doniesienia, oskar\u017caj\u0105c Rosj\u0119 o prowadzenie kampanii cyberwojny.&nbsp;\u201eBez w\u0105tpienia sytuacja wymaga zachowania czujno\u015bci.&nbsp;I dlatego premier mi\u0119dzy innymi zach\u0119ca\u0142 do ca\u0142kowitego ponownego zbadania naszych system\u00f3w bezpiecze\u0144stwa cybernetycznego\u201d \u2013&nbsp;<a href=\"https:\/\/web.archive.org\/web\/20230402003658\/https:\/\/www.theglobeandmail.com\/news\/politics\/freeland-warns-canadians-to-beware-of-russian-disinformation\/article34227707\/\">oznajmi\u0142<\/a>&nbsp;minister bezpiecze\u0144stwa publicznego Ralph Goodale .<\/p>\n\n\n\n<p>Jednak niewiele, je\u015bli w og\u00f3le, plac\u00f3wek odpowiedzialnych za odkrywanie historii Chomiaka mia\u0142o jakiekolwiek powi\u0105zania z rz\u0105dem Rosji.&nbsp;Jedn\u0105 z pierwszych, kt\u00f3ra ujawni\u0142a jego kolaboracj\u0119, by\u0142o&nbsp;<a href=\"https:\/\/consortiumnews.com\/2017\/02\/27\/a-nazi-skeleton-in-the-family-closet\/\">Consortium News<\/a>&nbsp;, niezale\u017cna organizacja medialna z siedzib\u0105 w USA.<\/p>\n\n\n\n<p>Ze swojej strony Freeland wys\u0142a\u0142a rzecznika, aby ok\u0142ama\u0142 opini\u0119 publiczn\u0105,&nbsp;<a href=\"https:\/\/web.archive.org\/web\/20230402003658\/https:\/\/www.theglobeandmail.com\/news\/politics\/freeland-warns-canadians-to-beware-of-russian-disinformation\/article34227707\/\">kategorycznie zaprzeczaj\u0105c,<\/a>&nbsp;jakoby \u201edziadek ministra by\u0142 nazistowskim kolaborantem\u201d.<\/p>\n\n\n\n<p>Kiedy kanadyjskie media zacytowa\u0142y zarzuty kilku rosyjskich dyplomat\u00f3w, Freeland natychmiast&nbsp;<a href=\"https:\/\/www.thestar.com\/opinion\/star-columnists\/why-did-canada-expel-four-russian-diplomats-because-they-told-the-truth\/article_97f4c8a8-46f6-5066-9409-461a2c089d9d.html\">nakaza\u0142 ich deportacj\u0119<\/a>&nbsp;, oskar\u017caj\u0105c ich o wykorzystywanie statusu dyplomatycznego \u201ew celu ingerencji w nasz\u0105 demokracj\u0119\u201d.<\/p>\n\n\n\n<p>Jednak do tego czasu jej rodzinne sekrety spad\u0142y ze strychu na strony g\u0142\u00f3wnych kanadyjskich medi\u00f3w.&nbsp;7 marca 2017 r. dziennik&nbsp;<a href=\"https:\/\/web.archive.org\/web\/20230117135823\/https:\/\/www.theglobeandmail.com\/news\/politics\/freeland-knew-her-grandfather-was-editor-of-nazi-newspaper\/article34236881\/\">\u201eGlobe and Mail\u201d<\/a>&nbsp;doni\u00f3s\u0142 o artykule z 1996 r. w Journal of Ukraine Studies potwierdzaj\u0105cym, \u017ce dziadek Freelanda rzeczywi\u015bcie by\u0142 nazistowskim propagandyst\u0105 i \u017ce jego pisma przyczyni\u0142y si\u0119 do podsycenia ludob\u00f3jstwa \u017byd\u00f3w.&nbsp;Autorem artyku\u0142u jest wujek Freelanda, John-Paul Himka, kt\u00f3ry we wst\u0119pie podzi\u0119kowa\u0142 swojej siostrzenicy za pomoc w \u201eproblemach i wyja\u015bnieniach\u201d.<\/p>\n\n\n\n<p><a href=\"https:\/\/web.archive.org\/web\/20230117135823\/https:\/\/www.theglobeandmail.com\/news\/politics\/freeland-knew-her-grandfather-was-editor-of-nazi-newspaper\/article34236881\/\">\u201eFreeland wiedzia\u0142a od ponad dwudziestu lat, \u017ce jej dziadek, Ukrainiec ze strony matki, by\u0142 redaktorem naczelnym nazistowskiej gazety w okupowanej Polsce, kt\u00f3ra oczernia\u0142a \u017byd\u00f3w podczas drugiej wojny \u015bwiatowej\u201d \u2013 odnotowano w<\/a>&nbsp;\u201eGlobe and Mail\u201d&nbsp;.<\/p>\n\n\n\n<p>Po tym, jak we wrze\u015bniu tego roku kamera przy\u0142apa\u0142a j\u0105 na tym, jak z niepohamowan\u0105 gorliwo\u015bci\u0105 klaska\u0142a wraz z setkami r\u00f3wie\u015bnik\u00f3w na cze\u015b\u0107 ukrai\u0144skiego weterana szwadron\u00f3w \u015bmierci SS Hitlera, Freeland po raz kolejny powo\u0142a\u0142a si\u0119 na jej w\u0142adz\u0119, aby wymaza\u0107 incydent z rejestru.<\/p>\n\n\n\n<figure class=\"wp-block-embed is-type-rich is-provider-twitter wp-block-embed-twitter\"><div class=\"wp-block-embed__wrapper\">\n<blockquote class=\"twitter-tweet\" data-width=\"550\" data-dnt=\"true\"><p lang=\"en\" dir=\"ltr\">LPC House Leader Karina Gould sought unanimous consent to strike Anthony Rota&#39;s comments about Yaroslav Hunka from the record and the CPC denied it<br><br>CPC MP Marty Morantz says \u201cdeleting the words from Hansard would only have one purpose, to try and forget what happened&quot; <a href=\"https:\/\/twitter.com\/hashtag\/cdnpoli?src=hash&amp;ref_src=twsrc%5Etfw\">#cdnpoli<\/a> <a href=\"https:\/\/t.co\/S78DkwyPra\">pic.twitter.com\/S78DkwyPra<\/a><\/p>&mdash; Mackenzie Gray (@Gray_Mackenzie) <a href=\"https:\/\/twitter.com\/Gray_Mackenzie\/status\/1706392207337591118?ref_src=twsrc%5Etfw\">September 25, 2023<\/a><\/blockquote><script async src=\"https:\/\/platform.twitter.com\/widgets.js\" charset=\"utf-8\"><\/script>\n<\/div><\/figure>\n\n\n\n<p>Trzy dni po tej \u017cenuj\u0105cej scenie Freeland wr\u00f3ci\u0142 na sal\u0119 parlamentu, kiwaj\u0105c g\u0142ow\u0105 z aprobat\u0105, gdy przyw\u00f3dczyni Izby Liberalnej Karina Gould&nbsp;<a href=\"https:\/\/nationalpost.com\/news\/liberals-stopped-from-erasing-recognition-of-nazi-veteran\">przedstawi\u0142a<\/a>&nbsp;uchwa\u0142\u0119 o wykre\u015bleniu \u201ez za\u0142\u0105cznika debat w Izbie Gmin\u201d oraz z \u201eka\u017cdego nagrania multimedialnego Izby\u201d uznanie z\u0142o\u017cone przez marsza\u0142ka Antoniego Rot\u0119 z Jaros\u0142awa Hunki.<\/p>\n\n\n\n<p>Dzi\u0119ki dziesi\u0119cioleciom oficjalnie wspieranej edukacji o Holokau\u015bcie mantra nakazuj\u0105ca obywatelom \u201enigdy nie zapomnie\u0107\u201d sta\u0142a si\u0119 przewodnim \u015bwiat\u0142em liberalnej demokracji.\u00a0Jednak w dzisiejszej Ottawie ten prosty poradnik moralny jest obecnie traktowany jako zagro\u017cenie, kt\u00f3re grozi zachwianiem karier i podwa\u017ceniem wysi\u0142ku wojennego na Ukrainie.<\/p>\n\n\n\n<figure class=\"wp-block-image size-full\"><img loading=\"lazy\" decoding=\"async\" width=\"625\" height=\"313\" src=\"https:\/\/wia.net.pl\/wp-content\/uploads\/2023\/09\/Zrzut-ekranu-2023-09-28-110039.png\" alt=\"\" class=\"wp-image-4805\" srcset=\"https:\/\/wia.net.pl\/wp-content\/uploads\/2023\/09\/Zrzut-ekranu-2023-09-28-110039.png 625w, https:\/\/wia.net.pl\/wp-content\/uploads\/2023\/09\/Zrzut-ekranu-2023-09-28-110039-300x150.png 300w\" sizes=\"(max-width: 625px) 100vw, 625px\" \/><\/figure>\n\n\n\n<p>Przedruk za zgod\u0105 The Grayzone.<\/p>\n\n\n\n<p>\u0179r\u00f3d\u0142o <a href=\"https:\/\/thegrayzone.com\/2023\/09\/26\/canadas-ukrainian-nazi-ottawas-policy\/\">https:\/\/thegrayzone.com\/2023\/09\/26\/canadas-ukrainian-nazi-ottawas-policy\/<\/a><\/p>\n","protected":false},"excerpt":{"rendered":"<p>Uhonorowanie przez Kanad\u0119 nazistowskiego weterana obna\u017ca d\u0142ugoletni\u0105 polityk\u0119 Ottawy wobec Ukrainy Autor, MAKS BLUMENTHAL The Grayzone \u015awi\u0119tuj\u0105c uhonorowanie ochotnika Waffen-SS jako \u201ebohatera\u201d, Kanadyjska Partia Liberalna podkre\u015bli\u0142a d\u0142ugoletni\u0105 polityk\u0119, w ramach kt\u00f3rej Ottawa szkoli\u0142a faszystowskich bojownik\u00f3w na Ukrainie, witaj\u0105c jednocze\u015bnie tysi\u0105ce&#8230; <\/p>\n","protected":false},"author":2,"featured_media":4806,"comment_status":"open","ping_status":"open","sticky":false,"template":"","format":"standard","meta":{"_acf_changed":false,"_bbp_topic_count":0,"_bbp_reply_count":0,"_bbp_total_topic_count":0,"_bbp_total_reply_count":0,"_bbp_voice_count":0,"_bbp_anonymous_reply_count":0,"_bbp_topic_count_hidden":0,"_bbp_reply_count_hidden":0,"_bbp_forum_subforum_count":0,"om_disable_all_campaigns":false,"_monsterinsights_skip_tracking":false,"footnotes":""},"categories":[93],"tags":[],"class_list":["post-4801","post","type-post","status-publish","format-standard","has-post-thumbnail","hentry","category-artykuly"],"acf":[],"aioseo_notices":[],"aioseo_head":"\n\t\t<!-- All in One SEO 5.0.1.1 - aioseo.com -->\n\t<meta name=\"description\" content=\"Uhonorowanie przez Kanad\u0119 nazistowskiego weterana obna\u017ca d\u0142ugoletni\u0105 polityk\u0119 Ottawy wobec Ukrainy Autor, MAKS BLUMENTHAL The Grayzone \u015awi\u0119tuj\u0105c uhonorowanie ochotnika Waffen-SS jako \u201ebohatera\u201d, Kanadyjska Partia Liberalna podkre\u015bli\u0142a d\u0142ugoletni\u0105 polityk\u0119, w ramach kt\u00f3rej Ottawa szkoli\u0142a faszystowskich bojownik\u00f3w na Ukrainie, witaj\u0105c jednocze\u015bnie tysi\u0105ce powojennych nazistowskich weteran\u00f3w SS. Druga pod wzgl\u0119dem wp\u0142yw\u00f3w urz\u0119dniczka Kanady, Chrystia Freeland, jest wnuczk\u0105 jednego\" \/>\n\t<meta name=\"robots\" content=\"max-image-preview:large\" \/>\n\t<meta name=\"author\" content=\"trinity\"\/>\n\t<link rel=\"canonical\" href=\"https:\/\/wia.net.pl\/index.php\/2023\/09\/28\/uhonorowanie-przez-kanade-nazistowskiego-weterana\/\" \/>\n\t<meta name=\"generator\" content=\"All in One SEO (AIOSEO) 5.0.1.1\" \/>\n\t\t<meta property=\"og:locale\" content=\"pl_PL\" \/>\n\t\t<meta property=\"og:site_name\" content=\"Wolno\u015b\u0107 i Anarchia - Ka\u017cdy wewn\u0119trznie jest anarchist\u0105.\" \/>\n\t\t<meta property=\"og:type\" content=\"article\" \/>\n\t\t<meta property=\"og:title\" content=\"Uhonorowanie przez Kanad\u0119 nazistowskiego weterana - Wolno\u015b\u0107 i Anarchia\" \/>\n\t\t<meta property=\"og:description\" content=\"Uhonorowanie przez Kanad\u0119 nazistowskiego weterana obna\u017ca d\u0142ugoletni\u0105 polityk\u0119 Ottawy wobec Ukrainy Autor, MAKS BLUMENTHAL The Grayzone \u015awi\u0119tuj\u0105c uhonorowanie ochotnika Waffen-SS jako \u201ebohatera\u201d, Kanadyjska Partia Liberalna podkre\u015bli\u0142a d\u0142ugoletni\u0105 polityk\u0119, w ramach kt\u00f3rej Ottawa szkoli\u0142a faszystowskich bojownik\u00f3w na Ukrainie, witaj\u0105c jednocze\u015bnie tysi\u0105ce powojennych nazistowskich weteran\u00f3w SS. Druga pod wzgl\u0119dem wp\u0142yw\u00f3w urz\u0119dniczka Kanady, Chrystia Freeland, jest wnuczk\u0105 jednego\" \/>\n\t\t<meta property=\"og:url\" content=\"https:\/\/wia.net.pl\/index.php\/2023\/09\/28\/uhonorowanie-przez-kanade-nazistowskiego-weterana\/\" \/>\n\t\t<meta property=\"og:image\" content=\"https:\/\/wia.net.pl\/wp-content\/uploads\/2023\/11\/cropped-freedom-i73367.jpg\" \/>\n\t\t<meta property=\"og:image:secure_url\" content=\"https:\/\/wia.net.pl\/wp-content\/uploads\/2023\/11\/cropped-freedom-i73367.jpg\" \/>\n\t\t<meta property=\"article:published_time\" content=\"2023-09-28T09:05:25+00:00\" \/>\n\t\t<meta property=\"article:modified_time\" content=\"2023-09-28T09:05:26+00:00\" \/>\n\t\t<meta name=\"twitter:card\" content=\"summary_large_image\" \/>\n\t\t<meta name=\"twitter:title\" content=\"Uhonorowanie przez Kanad\u0119 nazistowskiego weterana - Wolno\u015b\u0107 i Anarchia\" \/>\n\t\t<meta name=\"twitter:description\" content=\"Uhonorowanie przez Kanad\u0119 nazistowskiego weterana obna\u017ca d\u0142ugoletni\u0105 polityk\u0119 Ottawy wobec Ukrainy Autor, MAKS BLUMENTHAL The Grayzone \u015awi\u0119tuj\u0105c uhonorowanie ochotnika Waffen-SS jako \u201ebohatera\u201d, Kanadyjska Partia Liberalna podkre\u015bli\u0142a d\u0142ugoletni\u0105 polityk\u0119, w ramach kt\u00f3rej Ottawa szkoli\u0142a faszystowskich bojownik\u00f3w na Ukrainie, witaj\u0105c jednocze\u015bnie tysi\u0105ce powojennych nazistowskich weteran\u00f3w SS. Druga pod wzgl\u0119dem wp\u0142yw\u00f3w urz\u0119dniczka Kanady, Chrystia Freeland, jest wnuczk\u0105 jednego\" \/>\n\t\t<meta name=\"twitter:image\" content=\"https:\/\/wia.net.pl\/wp-content\/uploads\/2023\/11\/cropped-freedom-i73367.jpg\" \/>\n\t\t<script type=\"application\/ld+json\" class=\"aioseo-schema\">\n\t\t\t{\"@context\":\"https:\\\/\\\/schema.org\",\"@graph\":[{\"@type\":\"BlogPosting\",\"@id\":\"https:\\\/\\\/wia.net.pl\\\/index.php\\\/2023\\\/09\\\/28\\\/uhonorowanie-przez-kanade-nazistowskiego-weterana\\\/#blogposting\",\"name\":\"Uhonorowanie przez Kanad\\u0119 nazistowskiego weterana - Wolno\\u015b\\u0107 i Anarchia\",\"headline\":\"Uhonorowanie przez Kanad\\u0119 nazistowskiego weterana\",\"author\":{\"@id\":\"https:\\\/\\\/wia.net.pl\\\/index.php\\\/author\\\/trinity\\\/#author\"},\"publisher\":{\"@id\":\"https:\\\/\\\/wia.net.pl\\\/#person\"},\"image\":{\"@type\":\"ImageObject\",\"url\":\"https:\\\/\\\/wia.net.pl\\\/wp-content\\\/uploads\\\/2023\\\/09\\\/canada-2704154_1280.jpg\",\"width\":1280,\"height\":852},\"datePublished\":\"2023-09-28T11:05:25+02:00\",\"dateModified\":\"2023-09-28T11:05:26+02:00\",\"inLanguage\":\"pl-PL\",\"commentCount\":1,\"mainEntityOfPage\":{\"@id\":\"https:\\\/\\\/wia.net.pl\\\/index.php\\\/2023\\\/09\\\/28\\\/uhonorowanie-przez-kanade-nazistowskiego-weterana\\\/#webpage\"},\"isPartOf\":{\"@id\":\"https:\\\/\\\/wia.net.pl\\\/index.php\\\/2023\\\/09\\\/28\\\/uhonorowanie-przez-kanade-nazistowskiego-weterana\\\/#webpage\"},\"articleSection\":\"Artyku\\u0142y\"},{\"@type\":\"BreadcrumbList\",\"@id\":\"https:\\\/\\\/wia.net.pl\\\/index.php\\\/2023\\\/09\\\/28\\\/uhonorowanie-przez-kanade-nazistowskiego-weterana\\\/#breadcrumblist\",\"itemListElement\":[{\"@type\":\"ListItem\",\"@id\":\"https:\\\/\\\/wia.net.pl#listItem\",\"position\":1,\"name\":\"Home\",\"item\":\"https:\\\/\\\/wia.net.pl\",\"nextItem\":{\"@type\":\"ListItem\",\"@id\":\"https:\\\/\\\/wia.net.pl\\\/index.php\\\/category\\\/artykuly\\\/#listItem\",\"name\":\"Artyku\\u0142y\"}},{\"@type\":\"ListItem\",\"@id\":\"https:\\\/\\\/wia.net.pl\\\/index.php\\\/category\\\/artykuly\\\/#listItem\",\"position\":2,\"name\":\"Artyku\\u0142y\",\"item\":\"https:\\\/\\\/wia.net.pl\\\/index.php\\\/category\\\/artykuly\\\/\",\"nextItem\":{\"@type\":\"ListItem\",\"@id\":\"https:\\\/\\\/wia.net.pl\\\/index.php\\\/2023\\\/09\\\/28\\\/uhonorowanie-przez-kanade-nazistowskiego-weterana\\\/#listItem\",\"name\":\"Uhonorowanie przez Kanad\\u0119 nazistowskiego weterana\"},\"previousItem\":{\"@type\":\"ListItem\",\"@id\":\"https:\\\/\\\/wia.net.pl#listItem\",\"name\":\"Home\"}},{\"@type\":\"ListItem\",\"@id\":\"https:\\\/\\\/wia.net.pl\\\/index.php\\\/2023\\\/09\\\/28\\\/uhonorowanie-przez-kanade-nazistowskiego-weterana\\\/#listItem\",\"position\":3,\"name\":\"Uhonorowanie przez Kanad\\u0119 nazistowskiego weterana\",\"previousItem\":{\"@type\":\"ListItem\",\"@id\":\"https:\\\/\\\/wia.net.pl\\\/index.php\\\/category\\\/artykuly\\\/#listItem\",\"name\":\"Artyku\\u0142y\"}}]},{\"@type\":\"Person\",\"@id\":\"https:\\\/\\\/wia.net.pl\\\/#person\",\"name\":\"Bart\\u0142omiej Talarczyk\",\"image\":{\"@type\":\"ImageObject\",\"@id\":\"https:\\\/\\\/wia.net.pl\\\/index.php\\\/2023\\\/09\\\/28\\\/uhonorowanie-przez-kanade-nazistowskiego-weterana\\\/#personImage\",\"url\":\"https:\\\/\\\/wia.net.pl\\\/wp-content\\\/uploads\\\/avatar-privacy\\\/cache\\\/user\\\/1\\\/7\\\/176a6b161c58363ff49b5c167264231f519f5c7fa183ca1f61e891769b6b56d5-96.jpg\",\"width\":96,\"height\":96,\"caption\":\"Bart\\u0142omiej Talarczyk\"}},{\"@type\":\"Person\",\"@id\":\"https:\\\/\\\/wia.net.pl\\\/index.php\\\/author\\\/trinity\\\/#author\",\"url\":\"https:\\\/\\\/wia.net.pl\\\/index.php\\\/author\\\/trinity\\\/\",\"name\":\"trinity\",\"image\":{\"@type\":\"ImageObject\",\"@id\":\"https:\\\/\\\/wia.net.pl\\\/index.php\\\/2023\\\/09\\\/28\\\/uhonorowanie-przez-kanade-nazistowskiego-weterana\\\/#authorImage\",\"url\":\"https:\\\/\\\/wia.net.pl\\\/wp-content\\\/uploads\\\/avatar-privacy\\\/cache\\\/user\\\/5\\\/f\\\/5f6547cf82495eaa10e100a6a45d5dbde2dfdc1be88557de2018fca705bdf6f1-96.jpg\",\"width\":96,\"height\":96,\"caption\":\"trinity\"}},{\"@type\":\"WebPage\",\"@id\":\"https:\\\/\\\/wia.net.pl\\\/index.php\\\/2023\\\/09\\\/28\\\/uhonorowanie-przez-kanade-nazistowskiego-weterana\\\/#webpage\",\"url\":\"https:\\\/\\\/wia.net.pl\\\/index.php\\\/2023\\\/09\\\/28\\\/uhonorowanie-przez-kanade-nazistowskiego-weterana\\\/\",\"name\":\"Uhonorowanie przez Kanad\\u0119 nazistowskiego weterana - Wolno\\u015b\\u0107 i Anarchia\",\"description\":\"Uhonorowanie przez Kanad\\u0119 nazistowskiego weterana obna\\u017ca d\\u0142ugoletni\\u0105 polityk\\u0119 Ottawy wobec Ukrainy Autor, MAKS BLUMENTHAL The Grayzone \\u015awi\\u0119tuj\\u0105c uhonorowanie ochotnika Waffen-SS jako \\u201ebohatera\\u201d, Kanadyjska Partia Liberalna podkre\\u015bli\\u0142a d\\u0142ugoletni\\u0105 polityk\\u0119, w ramach kt\\u00f3rej Ottawa szkoli\\u0142a faszystowskich bojownik\\u00f3w na Ukrainie, witaj\\u0105c jednocze\\u015bnie tysi\\u0105ce powojennych nazistowskich weteran\\u00f3w SS. Druga pod wzgl\\u0119dem wp\\u0142yw\\u00f3w urz\\u0119dniczka Kanady, Chrystia Freeland, jest wnuczk\\u0105 jednego\",\"inLanguage\":\"pl-PL\",\"isPartOf\":{\"@id\":\"https:\\\/\\\/wia.net.pl\\\/#website\"},\"breadcrumb\":{\"@id\":\"https:\\\/\\\/wia.net.pl\\\/index.php\\\/2023\\\/09\\\/28\\\/uhonorowanie-przez-kanade-nazistowskiego-weterana\\\/#breadcrumblist\"},\"author\":{\"@id\":\"https:\\\/\\\/wia.net.pl\\\/index.php\\\/author\\\/trinity\\\/#author\"},\"creator\":{\"@id\":\"https:\\\/\\\/wia.net.pl\\\/index.php\\\/author\\\/trinity\\\/#author\"},\"image\":{\"@type\":\"ImageObject\",\"url\":\"https:\\\/\\\/wia.net.pl\\\/wp-content\\\/uploads\\\/2023\\\/09\\\/canada-2704154_1280.jpg\",\"@id\":\"https:\\\/\\\/wia.net.pl\\\/index.php\\\/2023\\\/09\\\/28\\\/uhonorowanie-przez-kanade-nazistowskiego-weterana\\\/#mainImage\",\"width\":1280,\"height\":852},\"primaryImageOfPage\":{\"@id\":\"https:\\\/\\\/wia.net.pl\\\/index.php\\\/2023\\\/09\\\/28\\\/uhonorowanie-przez-kanade-nazistowskiego-weterana\\\/#mainImage\"},\"datePublished\":\"2023-09-28T11:05:25+02:00\",\"dateModified\":\"2023-09-28T11:05:26+02:00\"},{\"@type\":\"WebSite\",\"@id\":\"https:\\\/\\\/wia.net.pl\\\/#website\",\"url\":\"https:\\\/\\\/wia.net.pl\\\/\",\"name\":\"Wolno\\u015b\\u0107 i Anarchia\",\"description\":\"Ka\\u017cdy wewn\\u0119trznie jest anarchist\\u0105.\",\"inLanguage\":\"pl-PL\",\"publisher\":{\"@id\":\"https:\\\/\\\/wia.net.pl\\\/#person\"}}]}\n\t\t<\/script>\n\t\t<!-- All in One SEO -->\n\n","aioseo_head_json":{"title":"Uhonorowanie przez Kanad\u0119 nazistowskiego weterana - Wolno\u015b\u0107 i Anarchia","description":"Uhonorowanie przez Kanad\u0119 nazistowskiego weterana obna\u017ca d\u0142ugoletni\u0105 polityk\u0119 Ottawy wobec Ukrainy Autor, MAKS BLUMENTHAL The Grayzone \u015awi\u0119tuj\u0105c uhonorowanie ochotnika Waffen-SS jako \u201ebohatera\u201d, Kanadyjska Partia Liberalna podkre\u015bli\u0142a d\u0142ugoletni\u0105 polityk\u0119, w ramach kt\u00f3rej Ottawa szkoli\u0142a faszystowskich bojownik\u00f3w na Ukrainie, witaj\u0105c jednocze\u015bnie tysi\u0105ce powojennych nazistowskich weteran\u00f3w SS. Druga pod wzgl\u0119dem wp\u0142yw\u00f3w urz\u0119dniczka Kanady, Chrystia Freeland, jest wnuczk\u0105 jednego","canonical_url":"https:\/\/wia.net.pl\/index.php\/2023\/09\/28\/uhonorowanie-przez-kanade-nazistowskiego-weterana\/","robots":"max-image-preview:large","keywords":"","webmasterTools":{"miscellaneous":""},"schema":{"@context":"https:\/\/schema.org","@graph":[{"@type":"BlogPosting","@id":"https:\/\/wia.net.pl\/index.php\/2023\/09\/28\/uhonorowanie-przez-kanade-nazistowskiego-weterana\/#blogposting","name":"Uhonorowanie przez Kanad\u0119 nazistowskiego weterana - Wolno\u015b\u0107 i Anarchia","headline":"Uhonorowanie przez Kanad\u0119 nazistowskiego weterana","author":{"@id":"https:\/\/wia.net.pl\/index.php\/author\/trinity\/#author"},"publisher":{"@id":"https:\/\/wia.net.pl\/#person"},"image":{"@type":"ImageObject","url":"https:\/\/wia.net.pl\/wp-content\/uploads\/2023\/09\/canada-2704154_1280.jpg","width":1280,"height":852},"datePublished":"2023-09-28T11:05:25+02:00","dateModified":"2023-09-28T11:05:26+02:00","inLanguage":"pl-PL","commentCount":1,"mainEntityOfPage":{"@id":"https:\/\/wia.net.pl\/index.php\/2023\/09\/28\/uhonorowanie-przez-kanade-nazistowskiego-weterana\/#webpage"},"isPartOf":{"@id":"https:\/\/wia.net.pl\/index.php\/2023\/09\/28\/uhonorowanie-przez-kanade-nazistowskiego-weterana\/#webpage"},"articleSection":"Artyku\u0142y"},{"@type":"BreadcrumbList","@id":"https:\/\/wia.net.pl\/index.php\/2023\/09\/28\/uhonorowanie-przez-kanade-nazistowskiego-weterana\/#breadcrumblist","itemListElement":[{"@type":"ListItem","@id":"https:\/\/wia.net.pl#listItem","position":1,"name":"Home","item":"https:\/\/wia.net.pl","nextItem":{"@type":"ListItem","@id":"https:\/\/wia.net.pl\/index.php\/category\/artykuly\/#listItem","name":"Artyku\u0142y"}},{"@type":"ListItem","@id":"https:\/\/wia.net.pl\/index.php\/category\/artykuly\/#listItem","position":2,"name":"Artyku\u0142y","item":"https:\/\/wia.net.pl\/index.php\/category\/artykuly\/","nextItem":{"@type":"ListItem","@id":"https:\/\/wia.net.pl\/index.php\/2023\/09\/28\/uhonorowanie-przez-kanade-nazistowskiego-weterana\/#listItem","name":"Uhonorowanie przez Kanad\u0119 nazistowskiego weterana"},"previousItem":{"@type":"ListItem","@id":"https:\/\/wia.net.pl#listItem","name":"Home"}},{"@type":"ListItem","@id":"https:\/\/wia.net.pl\/index.php\/2023\/09\/28\/uhonorowanie-przez-kanade-nazistowskiego-weterana\/#listItem","position":3,"name":"Uhonorowanie przez Kanad\u0119 nazistowskiego weterana","previousItem":{"@type":"ListItem","@id":"https:\/\/wia.net.pl\/index.php\/category\/artykuly\/#listItem","name":"Artyku\u0142y"}}]},{"@type":"Person","@id":"https:\/\/wia.net.pl\/#person","name":"Bart\u0142omiej Talarczyk","image":{"@type":"ImageObject","@id":"https:\/\/wia.net.pl\/index.php\/2023\/09\/28\/uhonorowanie-przez-kanade-nazistowskiego-weterana\/#personImage","url":"https:\/\/wia.net.pl\/wp-content\/uploads\/avatar-privacy\/cache\/user\/1\/7\/176a6b161c58363ff49b5c167264231f519f5c7fa183ca1f61e891769b6b56d5-96.jpg","width":96,"height":96,"caption":"Bart\u0142omiej Talarczyk"}},{"@type":"Person","@id":"https:\/\/wia.net.pl\/index.php\/author\/trinity\/#author","url":"https:\/\/wia.net.pl\/index.php\/author\/trinity\/","name":"trinity","image":{"@type":"ImageObject","@id":"https:\/\/wia.net.pl\/index.php\/2023\/09\/28\/uhonorowanie-przez-kanade-nazistowskiego-weterana\/#authorImage","url":"https:\/\/wia.net.pl\/wp-content\/uploads\/avatar-privacy\/cache\/user\/5\/f\/5f6547cf82495eaa10e100a6a45d5dbde2dfdc1be88557de2018fca705bdf6f1-96.jpg","width":96,"height":96,"caption":"trinity"}},{"@type":"WebPage","@id":"https:\/\/wia.net.pl\/index.php\/2023\/09\/28\/uhonorowanie-przez-kanade-nazistowskiego-weterana\/#webpage","url":"https:\/\/wia.net.pl\/index.php\/2023\/09\/28\/uhonorowanie-przez-kanade-nazistowskiego-weterana\/","name":"Uhonorowanie przez Kanad\u0119 nazistowskiego weterana - Wolno\u015b\u0107 i Anarchia","description":"Uhonorowanie przez Kanad\u0119 nazistowskiego weterana obna\u017ca d\u0142ugoletni\u0105 polityk\u0119 Ottawy wobec Ukrainy Autor, MAKS BLUMENTHAL The Grayzone \u015awi\u0119tuj\u0105c uhonorowanie ochotnika Waffen-SS jako \u201ebohatera\u201d, Kanadyjska Partia Liberalna podkre\u015bli\u0142a d\u0142ugoletni\u0105 polityk\u0119, w ramach kt\u00f3rej Ottawa szkoli\u0142a faszystowskich bojownik\u00f3w na Ukrainie, witaj\u0105c jednocze\u015bnie tysi\u0105ce powojennych nazistowskich weteran\u00f3w SS. Druga pod wzgl\u0119dem wp\u0142yw\u00f3w urz\u0119dniczka Kanady, Chrystia Freeland, jest wnuczk\u0105 jednego","inLanguage":"pl-PL","isPartOf":{"@id":"https:\/\/wia.net.pl\/#website"},"breadcrumb":{"@id":"https:\/\/wia.net.pl\/index.php\/2023\/09\/28\/uhonorowanie-przez-kanade-nazistowskiego-weterana\/#breadcrumblist"},"author":{"@id":"https:\/\/wia.net.pl\/index.php\/author\/trinity\/#author"},"creator":{"@id":"https:\/\/wia.net.pl\/index.php\/author\/trinity\/#author"},"image":{"@type":"ImageObject","url":"https:\/\/wia.net.pl\/wp-content\/uploads\/2023\/09\/canada-2704154_1280.jpg","@id":"https:\/\/wia.net.pl\/index.php\/2023\/09\/28\/uhonorowanie-przez-kanade-nazistowskiego-weterana\/#mainImage","width":1280,"height":852},"primaryImageOfPage":{"@id":"https:\/\/wia.net.pl\/index.php\/2023\/09\/28\/uhonorowanie-przez-kanade-nazistowskiego-weterana\/#mainImage"},"datePublished":"2023-09-28T11:05:25+02:00","dateModified":"2023-09-28T11:05:26+02:00"},{"@type":"WebSite","@id":"https:\/\/wia.net.pl\/#website","url":"https:\/\/wia.net.pl\/","name":"Wolno\u015b\u0107 i Anarchia","description":"Ka\u017cdy wewn\u0119trznie jest anarchist\u0105.","inLanguage":"pl-PL","publisher":{"@id":"https:\/\/wia.net.pl\/#person"}}]},"og:locale":"pl_PL","og:site_name":"Wolno\u015b\u0107 i Anarchia - Ka\u017cdy wewn\u0119trznie jest anarchist\u0105.","og:type":"article","og:title":"Uhonorowanie przez Kanad\u0119 nazistowskiego weterana - Wolno\u015b\u0107 i Anarchia","og:description":"Uhonorowanie przez Kanad\u0119 nazistowskiego weterana obna\u017ca d\u0142ugoletni\u0105 polityk\u0119 Ottawy wobec Ukrainy Autor, MAKS BLUMENTHAL The Grayzone \u015awi\u0119tuj\u0105c uhonorowanie ochotnika Waffen-SS jako \u201ebohatera\u201d, Kanadyjska Partia Liberalna podkre\u015bli\u0142a d\u0142ugoletni\u0105 polityk\u0119, w ramach kt\u00f3rej Ottawa szkoli\u0142a faszystowskich bojownik\u00f3w na Ukrainie, witaj\u0105c jednocze\u015bnie tysi\u0105ce powojennych nazistowskich weteran\u00f3w SS. Druga pod wzgl\u0119dem wp\u0142yw\u00f3w urz\u0119dniczka Kanady, Chrystia Freeland, jest wnuczk\u0105 jednego","og:url":"https:\/\/wia.net.pl\/index.php\/2023\/09\/28\/uhonorowanie-przez-kanade-nazistowskiego-weterana\/","og:image":"https:\/\/wia.net.pl\/wp-content\/uploads\/2023\/11\/cropped-freedom-i73367.jpg","og:image:secure_url":"https:\/\/wia.net.pl\/wp-content\/uploads\/2023\/11\/cropped-freedom-i73367.jpg","article:published_time":"2023-09-28T09:05:25+00:00","article:modified_time":"2023-09-28T09:05:26+00:00","twitter:card":"summary_large_image","twitter:title":"Uhonorowanie przez Kanad\u0119 nazistowskiego weterana - Wolno\u015b\u0107 i Anarchia","twitter:description":"Uhonorowanie przez Kanad\u0119 nazistowskiego weterana obna\u017ca d\u0142ugoletni\u0105 polityk\u0119 Ottawy wobec Ukrainy Autor, MAKS BLUMENTHAL The Grayzone \u015awi\u0119tuj\u0105c uhonorowanie ochotnika Waffen-SS jako \u201ebohatera\u201d, Kanadyjska Partia Liberalna podkre\u015bli\u0142a d\u0142ugoletni\u0105 polityk\u0119, w ramach kt\u00f3rej Ottawa szkoli\u0142a faszystowskich bojownik\u00f3w na Ukrainie, witaj\u0105c jednocze\u015bnie tysi\u0105ce powojennych nazistowskich weteran\u00f3w SS. Druga pod wzgl\u0119dem wp\u0142yw\u00f3w urz\u0119dniczka Kanady, Chrystia Freeland, jest wnuczk\u0105 jednego","twitter:image":"https:\/\/wia.net.pl\/wp-content\/uploads\/2023\/11\/cropped-freedom-i73367.jpg"},"aioseo_meta_data":{"post_id":"4801","title":null,"description":null,"keywords":[],"keyphrases":{"focus":{"keyphrase":"","score":0,"analysis":{"keyphraseInTitle":{"score":0,"maxScore":9,"error":1}}},"additional":[]},"primary_term":null,"canonical_url":null,"og_title":null,"og_description":null,"og_object_type":"default","og_image_type":"default","og_image_url":null,"og_image_width":null,"og_image_height":null,"og_image_custom_url":null,"og_image_custom_fields":null,"og_video":"","og_custom_url":null,"og_article_section":null,"og_article_tags":[],"twitter_use_og":false,"twitter_card":"default","twitter_image_type":"default","twitter_image_url":null,"twitter_image_custom_url":null,"twitter_image_custom_fields":null,"twitter_title":null,"twitter_description":null,"schema":{"blockGraphs":[],"customGraphs":[],"default":{"data":{"Article":[],"Course":[],"Dataset":[],"FAQPage":[],"Movie":[],"Person":[],"Product":[],"ProductReview":[],"Car":[],"Recipe":[],"Service":[],"SoftwareApplication":[],"WebPage":[]},"graphName":"BlogPosting","isEnabled":true},"graphs":[]},"schema_type":"default","schema_type_options":null,"pillar_content":false,"robots_default":true,"robots_noindex":false,"robots_noarchive":false,"robots_nosnippet":false,"robots_nofollow":false,"robots_noimageindex":false,"robots_noodp":false,"robots_notranslate":false,"robots_max_snippet":"-1","robots_max_videopreview":"-1","robots_max_imagepreview":"large","priority":null,"frequency":"default","local_seo":null,"breadcrumb_settings":null,"limit_modified_date":false,"ai":null,"created":"2023-09-28 09:05:26","updated":"2025-06-04 09:22:56","seo_analyzer_scan_date":null,"focus_keyword":null,"additional_keywords":null,"truseo_locale":null},"aioseo_breadcrumb":"<div class=\"aioseo-breadcrumbs\"><span class=\"aioseo-breadcrumb\">\n\t\t\t<a href=\"https:\/\/wia.net.pl\" title=\"Home\">Home<\/a>\n\t\t<\/span><span class=\"aioseo-breadcrumb-separator\">&raquo;<\/span><span class=\"aioseo-breadcrumb\">\n\t\t\t<a href=\"https:\/\/wia.net.pl\/index.php\/category\/artykuly\/\" title=\"Artyku\u0142y\">Artyku\u0142y<\/a>\n\t\t<\/span><span class=\"aioseo-breadcrumb-separator\">&raquo;<\/span><span class=\"aioseo-breadcrumb\">\n\t\t\tUhonorowanie przez Kanad\u0119 nazistowskiego weterana\n\t\t<\/span><\/div>","aioseo_breadcrumb_json":[{"label":"Home","link":"https:\/\/wia.net.pl"},{"label":"Artyku\u0142y","link":"https:\/\/wia.net.pl\/index.php\/category\/artykuly\/"},{"label":"Uhonorowanie przez Kanad\u0119 nazistowskiego weterana","link":"https:\/\/wia.net.pl\/index.php\/2023\/09\/28\/uhonorowanie-przez-kanade-nazistowskiego-weterana\/"}],"_links":{"self":[{"href":"https:\/\/wia.net.pl\/index.php\/wp-json\/wp\/v2\/posts\/4801"}],"collection":[{"href":"https:\/\/wia.net.pl\/index.php\/wp-json\/wp\/v2\/posts"}],"about":[{"href":"https:\/\/wia.net.pl\/index.php\/wp-json\/wp\/v2\/types\/post"}],"author":[{"embeddable":true,"href":"https:\/\/wia.net.pl\/index.php\/wp-json\/wp\/v2\/users\/2"}],"replies":[{"embeddable":true,"href":"https:\/\/wia.net.pl\/index.php\/wp-json\/wp\/v2\/comments?post=4801"}],"version-history":[{"count":1,"href":"https:\/\/wia.net.pl\/index.php\/wp-json\/wp\/v2\/posts\/4801\/revisions"}],"predecessor-version":[{"id":4807,"href":"https:\/\/wia.net.pl\/index.php\/wp-json\/wp\/v2\/posts\/4801\/revisions\/4807"}],"wp:featuredmedia":[{"embeddable":true,"href":"https:\/\/wia.net.pl\/index.php\/wp-json\/wp\/v2\/media\/4806"}],"wp:attachment":[{"href":"https:\/\/wia.net.pl\/index.php\/wp-json\/wp\/v2\/media?parent=4801"}],"wp:term":[{"taxonomy":"category","embeddable":true,"href":"https:\/\/wia.net.pl\/index.php\/wp-json\/wp\/v2\/categories?post=4801"},{"taxonomy":"post_tag","embeddable":true,"href":"https:\/\/wia.net.pl\/index.php\/wp-json\/wp\/v2\/tags?post=4801"}],"curies":[{"name":"wp","href":"https:\/\/api.w.org\/{rel}","templated":true}]}}